{"id":16659,"date":"2024-11-20T13:41:13","date_gmt":"2024-11-20T10:41:13","guid":{"rendered":"https:\/\/denizcankizil.tr\/uncategorized-tr\/alkuden-is-birligi-protokolu\/"},"modified":"2024-11-20T13:41:13","modified_gmt":"2024-11-20T10:41:13","slug":"alkuden-is-birligi-protokolu","status":"publish","type":"post","link":"http:\/\/denizcankizil.tr\/uk\/haberler\/antalya\/alkuden-is-birligi-protokolu\/","title":{"rendered":"ALK\u00dc&#8217;den i\u015f birli\u011fi protokol\u00fc"},"content":{"rendered":"<p>Alanya Alaaddin Keykubat \u00dcniversitesi (ALK\u00dc), \u00f6\u011frencilerinin alanlar\u0131nda daha iyi \u00f6\u011frenim alabilmesi ve gelece\u011fe kendilerini daha iyi haz\u0131rlamalar\u0131 i\u00e7in bir\u00e7ok \u00fcniversite ile i\u015f birlikleri yapmaya devam ediyor. Bu \u00e7er\u00f6evede Kuzey Makedonya&#8217;da bulunan Uluslararas\u0131 Balkan \u00dcniversitesini (IBU) ziyaret eden ALK\u00dc Rekt\u00f6r\u00fc Prof. Dr. Kenan Ahmet T\u00fcrkdo\u011fan, IBU Rekt\u00f6r\u00fc Prof. Dr. L\u00fcfti Sunar ile iki \u00fcniversitenin i\u015f birlikleri yapmas\u0131 i\u00e7in ger\u00e7ekle\u015ftirilen ziyaret sonras\u0131 protokol imzalad\u0131.<br \/>\nALK\u00dc Rekt\u00f6r\u00fc Prof. Dr. Kenan Ahmet T\u00fcrkdo\u011fan, \u00fcniversitenin ikili i\u015f birliklerini g\u00fc\u00e7lendirmek ve IBU&#8217;nun Gastronomi ve Mutfak Sanatlar\u0131 ile Turizm \u0130\u015fletmecili\u011fi b\u00f6l\u00fcmlerinin kurulmas\u0131na destek vermek amac\u0131yla IBU Rekt\u00f6r\u00fc Prof. Dr. L\u00fctfi Sunar ile detayl\u0131 g\u00f6r\u00fc\u015fmeler yapt\u0131. Gastronomi ve Mutfak Sanatlar\u0131 ile Turizm \u0130\u015fletmecili\u011fi b\u00f6l\u00fcmlerinin i\u015fleyi\u015fine ve mezunlar\u0131n\u0131n istihdam\u0131na y\u00f6nelik bilgi payla\u015f\u0131m\u0131n yap\u0131ld\u0131\u011f\u0131 bu g\u00f6r\u00fc\u015fmede Rekt\u00f6r T\u00fcrkdo\u011fan ile Rekt\u00f6r Sunar&#8217;\u0131n imzalar\u0131yla her iki \u00fcniversiteyi temsilen ikili mutabakat zapt\u0131 imzaland\u0131. \u0130mzalanan mutabakat metni kapsam\u0131nda her iki \u00fcniversite \u00f6\u011frencileri ve akademisyenleri i\u00e7in de\u011fi\u015fim programlar\u0131n\u0131n uygulanmas\u0131 ile ortak bilimsel proje ve ara\u015ft\u0131rma projelerinin y\u00fcr\u00fct\u00fclmesine y\u00f6nelik i\u015f birli\u011fi karar\u0131 al\u0131nd\u0131. Ziyarette iki \u00fcniversitenin rekt\u00f6r\u00fc ba\u015fkanl\u0131\u011f\u0131ndaki heyetler Balkan Di\u015f Klini\u011fi ve Balkan Laboratuvarlar\u0131 tesislerini ziyaret etti.<\/p>\n<p>&#8220;\u0130\u015f birliklerimiz devam edecek&#8221;<br \/>\nALK\u00dc Rekt\u00f6r\u00fc Prof. Dr. Kenan Ahmet T\u00fcrkdo\u011fan, \u00fcniversite olarak yurt i\u00e7i ve yurt d\u0131\u015f\u0131nda bir\u00e7ok kurum ve \u00fcniversitelerle i\u015f birlikleri yapmaya devam edeceklerini belirtti. Uluslararas\u0131 Balkan \u00dcniversitesi ile gelece\u011fe y\u00f6nelik yap\u0131lacak i\u015f birlikleri i\u00e7in \u015fimdiden heyecanl\u0131 olduklar\u0131n\u0131 s\u00f6yleyen Rekt\u00f6r T\u00fcrkdo\u011fan, \u201c\u00d6\u011frencilerimizin her alanda daha iyi \u00f6\u011frenim g\u00f6rmesi ve \u00f6\u011frendiklerini uygulayabilmesi i\u00e7in yeni projeler yapmaya ve ba\u015far\u0131lara imza atmaya devam ediyoruz. Uluslararas\u0131 IBU ile gelecekte yap\u0131lacak i\u015f birlikleri i\u00e7in Rekt\u00f6r\u00fcm\u00fcz Say\u0131n Prof. Dr. L\u00fctfi Sunar&#8217;la birlikte mutabakat zapt\u0131 imzalad\u0131k. Rekt\u00f6r\u00fcm\u00fcz Say\u0131n Prof. Dr. L\u00fctfi Sunar&#8217;a ve IB\u00dc ailesine samimiyetleri ve g\u00fcler y\u00fczl\u00fc misafirperverlikleri i\u00e7in y\u00fcrekten te\u015fekk\u00fcr ederim. ALK\u00dc d\u00fcnyan\u0131n bir\u00e7ok \u00fclkesindeki \u00fcniversitelerle g\u00fc\u00e7lerini birle\u015ftirerek \u00f6\u011frencilere en iyi gelece\u011fi sunmaya devam edecek.\u201d dedi. IBU Rekt\u00f6r\u00fc Prof. Dr. L\u00fctfi Sunar ise protokol\u00fcn iki kurum i\u00e7in hay\u0131rl\u0131 olmas\u0131n\u0131 diledi. Rekt\u00f6r T\u00fcrkdo\u011fan daha sonra \u00dcsk\u00fcp Vakf\u0131 Uluslararas\u0131 Balkan \u00dcniversitesi giri\u015fimi olarak kurulan InnoX Teknoloji ve \u0130novasyon Merkezi&#8217;ni gezerek M\u00fcd\u00fcr Abil Baush&#8217;a te\u015fekk\u00fcr etti. Rekt\u00f6r T\u00fcrkdo\u011fan, \u00dcsk\u00fcp&#8217;e giden herkesin InnoX Teknoloji ve \u0130novasyon Merkezi&#8217;ni gezmesini \u00f6nerdi.<br \/>\nRekt\u00f6r T\u00fcrkdo\u011fan&#8217;a ziyaret kapsam\u0131nda Dr. \u00d6\u011fr. \u00dcyesi Sel\u00e7uk Eren \u00c7anak\u00e7\u0131, Do\u00e7. Dr. Salih Tellio\u011flu ve Do\u00e7. Dr. O\u011fuz Nebio\u011flu e\u015flik etti. Toplant\u0131da Rekt\u00f6r Prof. Dr. Sunar&#8217;a; Rekt\u00f6r Yard\u0131mc\u0131s\u0131 Yrd. Do\u00e7. Dr. Seyhan Murtezan \u0130brahimi, Genel Sekreter Metin Celil, Be\u015fer\u00ee ve Sosyal Bilimler Fak\u00fcltesi Dekan\u0131 Do\u00e7. Dr. Liza Alili Sulejmani, Sanat ve Tasar\u0131m Fak\u00fcltesi Dekan\u0131 Prof. Dr. Aleksandra Ristevska ve IBU Ya\u015fam Boyu \u00d6\u011frenme Merkezi Koordinat\u00f6r\u00fc Dr. \u00d6\u011fr. \u00dcyesi Ahmet L\u00f6k\u00e7e e\u015flik etti.<\/p>\n<p>Kaynak: www.kanalv.com.tr Haber Sitesinden Al\u0131nm\u0131\u015ft\u0131r.<\/p>","protected":false},"excerpt":{"rendered":"<p>Alanya Alaaddin Keykubat \u00dcniversitesi (ALK\u00dc), \u00f6\u011frencilerinin alanlar\u0131nda daha iyi \u00f6\u011frenim alabilmesi ve gelece\u011fe kendilerini daha iyi haz\u0131rlamalar\u0131 i\u00e7in bir\u00e7ok \u00fcniversite ile i\u015f birlikleri yapmaya devam ediyor. Bu \u00e7er\u00f6evede Kuzey Makedonya&#8217;da bulunan Uluslararas\u0131 Balkan \u00dcniversitesini (IBU) ziyaret eden ALK\u00dc Rekt\u00f6r\u00fc Prof. Dr. Kenan Ahmet T\u00fcrkdo\u011fan, IBU Rekt\u00f6r\u00fc Prof. Dr. L\u00fcfti Sunar ile iki \u00fcniversitenin i\u015f birlikleri yapmas\u0131 i\u00e7in ger\u00e7ekle\u015ftirilen ziyaret sonras\u0131 protokol imzalad\u0131. ALK\u00dc Rekt\u00f6r\u00fc Prof. Dr. Kenan Ahmet T\u00fcrkdo\u011fan, \u00fcniversitenin ikili i\u015f birliklerini g\u00fc\u00e7lendirmek ve IBU&#8217;nun Gastronomi ve Mutfak Sanatlar\u0131 ile Turizm \u0130\u015fletmecili\u011fi b\u00f6l\u00fcmlerinin kurulmas\u0131na destek vermek amac\u0131yla IBU Rekt\u00f6r\u00fc Prof. Dr. L\u00fctfi Sunar ile detayl\u0131 g\u00f6r\u00fc\u015fmeler yapt\u0131. Gastronomi ve Mutfak Sanatlar\u0131 ile Turizm \u0130\u015fletmecili\u011fi b\u00f6l\u00fcmlerinin i\u015fleyi\u015fine ve mezunlar\u0131n\u0131n istihdam\u0131na y\u00f6nelik bilgi payla\u015f\u0131m\u0131n yap\u0131ld\u0131\u011f\u0131 bu g\u00f6r\u00fc\u015fmede Rekt\u00f6r T\u00fcrkdo\u011fan ile Rekt\u00f6r Sunar&#8217;\u0131n imzalar\u0131yla her iki \u00fcniversiteyi temsilen ikili mutabakat zapt\u0131 imzaland\u0131. \u0130mzalanan mutabakat metni kapsam\u0131nda her iki \u00fcniversite \u00f6\u011frencileri ve akademisyenleri i\u00e7in de\u011fi\u015fim programlar\u0131n\u0131n uygulanmas\u0131 ile ortak bilimsel proje ve ara\u015ft\u0131rma projelerinin y\u00fcr\u00fct\u00fclmesine y\u00f6nelik i\u015f birli\u011fi karar\u0131 al\u0131nd\u0131. Ziyarette iki \u00fcniversitenin rekt\u00f6r\u00fc ba\u015fkanl\u0131\u011f\u0131ndaki heyetler Balkan Di\u015f Klini\u011fi ve Balkan Laboratuvarlar\u0131 tesislerini ziyaret etti. &#8220;\u0130\u015f birliklerimiz devam edecek&#8221; ALK\u00dc Rekt\u00f6r\u00fc Prof. Dr. Kenan Ahmet T\u00fcrkdo\u011fan, \u00fcniversite olarak yurt i\u00e7i ve yurt d\u0131\u015f\u0131nda bir\u00e7ok kurum ve \u00fcniversitelerle i\u015f birlikleri yapmaya devam edeceklerini belirtti. &hellip;<\/p>","protected":false},"author":0,"featured_media":16660,"comment_status":"open","ping_status":"open","sticky":false,"template":"","format":"standard","meta":{"_acf_changed":false,"footnotes":""},"categories":[26,535],"tags":[],"class_list":["post-16659","post","type-post","status-publish","format-standard","has-post-thumbnail","hentry","category-antalya","category-uncategorized-tr"],"acf":[],"yoast_head":"<!-- This site is optimized with the Yoast SEO Premium plugin v26.6 (Yoast SEO v27.1.1) - https:\/\/yoast.com\/product\/yoast-seo-premium-wordpress\/ -->\n<title>ALK\u00dc&#039;den i\u015f birli\u011fi protokol\u00fc - Av. Deniz Can K\u0131z\u0131l<\/title>\n<meta name=\"robots\" content=\"index, follow, max-snippet:-1, max-image-preview:large, max-video-preview:-1\" \/>\n<link rel=\"canonical\" href=\"http:\/\/denizcankizil.tr\/uk\/haberler\/antalya\/alkuden-is-birligi-protokolu\/\" \/>\n<meta property=\"og:locale\" content=\"uk_UA\" \/>\n<meta property=\"og:type\" content=\"article\" \/>\n<meta property=\"og:title\" content=\"ALK\u00dc&#039;den i\u015f birli\u011fi protokol\u00fc\" \/>\n<meta property=\"og:description\" content=\"Alanya Alaaddin Keykubat \u00dcniversitesi (ALK\u00dc), \u00f6\u011frencilerinin alanlar\u0131nda daha iyi \u00f6\u011frenim alabilmesi ve gelece\u011fe kendilerini daha iyi haz\u0131rlamalar\u0131 i\u00e7in bir\u00e7ok \u00fcniversite ile i\u015f birlikleri yapmaya devam ediyor. Bu \u00e7er\u00f6evede Kuzey Makedonya&#8217;da bulunan Uluslararas\u0131 Balkan \u00dcniversitesini (IBU) ziyaret eden ALK\u00dc Rekt\u00f6r\u00fc Prof. Dr. Kenan Ahmet T\u00fcrkdo\u011fan, IBU Rekt\u00f6r\u00fc Prof. Dr. L\u00fcfti Sunar ile iki \u00fcniversitenin i\u015f birlikleri yapmas\u0131 i\u00e7in ger\u00e7ekle\u015ftirilen ziyaret sonras\u0131 protokol imzalad\u0131. ALK\u00dc Rekt\u00f6r\u00fc Prof. Dr. Kenan Ahmet T\u00fcrkdo\u011fan, \u00fcniversitenin ikili i\u015f birliklerini g\u00fc\u00e7lendirmek ve IBU&#8217;nun Gastronomi ve Mutfak Sanatlar\u0131 ile Turizm \u0130\u015fletmecili\u011fi b\u00f6l\u00fcmlerinin kurulmas\u0131na destek vermek amac\u0131yla IBU Rekt\u00f6r\u00fc Prof. Dr. L\u00fctfi Sunar ile detayl\u0131 g\u00f6r\u00fc\u015fmeler yapt\u0131. Gastronomi ve Mutfak Sanatlar\u0131 ile Turizm \u0130\u015fletmecili\u011fi b\u00f6l\u00fcmlerinin i\u015fleyi\u015fine ve mezunlar\u0131n\u0131n istihdam\u0131na y\u00f6nelik bilgi payla\u015f\u0131m\u0131n yap\u0131ld\u0131\u011f\u0131 bu g\u00f6r\u00fc\u015fmede Rekt\u00f6r T\u00fcrkdo\u011fan ile Rekt\u00f6r Sunar&#8217;\u0131n imzalar\u0131yla her iki \u00fcniversiteyi temsilen ikili mutabakat zapt\u0131 imzaland\u0131. \u0130mzalanan mutabakat metni kapsam\u0131nda her iki \u00fcniversite \u00f6\u011frencileri ve akademisyenleri i\u00e7in de\u011fi\u015fim programlar\u0131n\u0131n uygulanmas\u0131 ile ortak bilimsel proje ve ara\u015ft\u0131rma projelerinin y\u00fcr\u00fct\u00fclmesine y\u00f6nelik i\u015f birli\u011fi karar\u0131 al\u0131nd\u0131. Ziyarette iki \u00fcniversitenin rekt\u00f6r\u00fc ba\u015fkanl\u0131\u011f\u0131ndaki heyetler Balkan Di\u015f Klini\u011fi ve Balkan Laboratuvarlar\u0131 tesislerini ziyaret etti. &#8220;\u0130\u015f birliklerimiz devam edecek&#8221; ALK\u00dc Rekt\u00f6r\u00fc Prof. Dr. Kenan Ahmet T\u00fcrkdo\u011fan, \u00fcniversite olarak yurt i\u00e7i ve yurt d\u0131\u015f\u0131nda bir\u00e7ok kurum ve \u00fcniversitelerle i\u015f birlikleri yapmaya devam edeceklerini belirtti. &hellip;\" \/>\n<meta property=\"og:url\" content=\"http:\/\/denizcankizil.tr\/uk\/haberler\/antalya\/alkuden-is-birligi-protokolu\/\" \/>\n<meta property=\"og:site_name\" content=\"Av. Deniz Can K\u0131z\u0131l\" \/>\n<meta property=\"article:published_time\" content=\"2024-11-20T10:41:13+00:00\" \/>\n<meta property=\"og:image\" content=\"http:\/\/denizcankizil.tr\/wp-content\/uploads\/2024\/11\/3177-01-bKtGrZ.jpeg\" \/>\n\t<meta property=\"og:image:width\" content=\"1280\" \/>\n\t<meta property=\"og:image:height\" content=\"720\" \/>\n\t<meta property=\"og:image:type\" content=\"image\/jpeg\" \/>\n<meta name=\"twitter:card\" content=\"summary_large_image\" \/>\n<meta name=\"twitter:label1\" content=\"\u041f\u0440\u0438\u0431\u043b. \u0447\u0430\u0441 \u0447\u0438\u0442\u0430\u043d\u043d\u044f\" \/>\n\t<meta name=\"twitter:data1\" content=\"3 \u0445\u0432\u0438\u043b\u0438\u043d\u0438\" \/>\n<script type=\"application\/ld+json\" class=\"yoast-schema-graph\">{\"@context\":\"https:\/\/schema.org\",\"@graph\":[{\"@type\":\"Article\",\"@id\":\"http:\/\/denizcankizil.tr\/uk\/haberler\/antalya\/alkuden-is-birligi-protokolu\/#article\",\"isPartOf\":{\"@id\":\"http:\/\/denizcankizil.tr\/uk\/haberler\/antalya\/alkuden-is-birligi-protokolu\/\"},\"author\":{\"name\":\"\",\"@id\":\"\"},\"headline\":\"ALK\u00dc&#8217;den i\u015f birli\u011fi protokol\u00fc\",\"datePublished\":\"2024-11-20T10:41:13+00:00\",\"mainEntityOfPage\":{\"@id\":\"http:\/\/denizcankizil.tr\/uk\/haberler\/antalya\/alkuden-is-birligi-protokolu\/\"},\"wordCount\":585,\"commentCount\":0,\"publisher\":{\"@id\":\"https:\/\/denizcankizil.tr\/de\/#organization\"},\"image\":{\"@id\":\"http:\/\/denizcankizil.tr\/uk\/haberler\/antalya\/alkuden-is-birligi-protokolu\/#primaryimage\"},\"thumbnailUrl\":\"http:\/\/denizcankizil.tr\/wp-content\/uploads\/2024\/11\/3177-01-bKtGrZ.jpeg\",\"articleSection\":[\"Antalya\",\"Uncategorized\"],\"inLanguage\":\"uk\",\"potentialAction\":[{\"@type\":\"CommentAction\",\"name\":\"Comment\",\"target\":[\"http:\/\/denizcankizil.tr\/uk\/haberler\/antalya\/alkuden-is-birligi-protokolu\/#respond\"]}]},{\"@type\":\"WebPage\",\"@id\":\"http:\/\/denizcankizil.tr\/uk\/haberler\/antalya\/alkuden-is-birligi-protokolu\/\",\"url\":\"http:\/\/denizcankizil.tr\/uk\/haberler\/antalya\/alkuden-is-birligi-protokolu\/\",\"name\":\"ALK\u00dc'den i\u015f birli\u011fi protokol\u00fc - Av. Deniz Can K\u0131z\u0131l\",\"isPartOf\":{\"@id\":\"https:\/\/denizcankizil.tr\/de\/#website\"},\"primaryImageOfPage\":{\"@id\":\"http:\/\/denizcankizil.tr\/uk\/haberler\/antalya\/alkuden-is-birligi-protokolu\/#primaryimage\"},\"image\":{\"@id\":\"http:\/\/denizcankizil.tr\/uk\/haberler\/antalya\/alkuden-is-birligi-protokolu\/#primaryimage\"},\"thumbnailUrl\":\"http:\/\/denizcankizil.tr\/wp-content\/uploads\/2024\/11\/3177-01-bKtGrZ.jpeg\",\"datePublished\":\"2024-11-20T10:41:13+00:00\",\"breadcrumb\":{\"@id\":\"http:\/\/denizcankizil.tr\/uk\/haberler\/antalya\/alkuden-is-birligi-protokolu\/#breadcrumb\"},\"inLanguage\":\"uk\",\"potentialAction\":[{\"@type\":\"ReadAction\",\"target\":[\"http:\/\/denizcankizil.tr\/uk\/haberler\/antalya\/alkuden-is-birligi-protokolu\/\"]}]},{\"@type\":\"ImageObject\",\"inLanguage\":\"uk\",\"@id\":\"http:\/\/denizcankizil.tr\/uk\/haberler\/antalya\/alkuden-is-birligi-protokolu\/#primaryimage\",\"url\":\"http:\/\/denizcankizil.tr\/wp-content\/uploads\/2024\/11\/3177-01-bKtGrZ.jpeg\",\"contentUrl\":\"http:\/\/denizcankizil.tr\/wp-content\/uploads\/2024\/11\/3177-01-bKtGrZ.jpeg\",\"width\":1280,\"height\":720},{\"@type\":\"BreadcrumbList\",\"@id\":\"http:\/\/denizcankizil.tr\/uk\/haberler\/antalya\/alkuden-is-birligi-protokolu\/#breadcrumb\",\"itemListElement\":[{\"@type\":\"ListItem\",\"position\":1,\"name\":\"Home\",\"item\":\"https:\/\/denizcankizil.tr\/de\/\"},{\"@type\":\"ListItem\",\"position\":2,\"name\":\"ALK\u00dc&#8217;den i\u015f birli\u011fi protokol\u00fc\"}]},{\"@type\":\"WebSite\",\"@id\":\"https:\/\/denizcankizil.tr\/de\/#website\",\"url\":\"https:\/\/denizcankizil.tr\/de\/\",\"name\":\"Av. Deniz Can K\u0131z\u0131l\",\"description\":\"Avukat Deniz Can K\u0131z\u0131l Antalya Barosu\",\"publisher\":{\"@id\":\"https:\/\/denizcankizil.tr\/de\/#organization\"},\"potentialAction\":[{\"@type\":\"SearchAction\",\"target\":{\"@type\":\"EntryPoint\",\"urlTemplate\":\"https:\/\/denizcankizil.tr\/de\/?s={search_term_string}\"},\"query-input\":{\"@type\":\"PropertyValueSpecification\",\"valueRequired\":true,\"valueName\":\"search_term_string\"}}],\"inLanguage\":\"uk\"},{\"@type\":\"Organization\",\"@id\":\"https:\/\/denizcankizil.tr\/de\/#organization\",\"name\":\"Av. Deniz Can K\u0131z\u0131l\",\"url\":\"https:\/\/denizcankizil.tr\/de\/\",\"logo\":{\"@type\":\"ImageObject\",\"inLanguage\":\"uk\",\"@id\":\"https:\/\/denizcankizil.tr\/de\/#\/schema\/logo\/image\/\",\"url\":\"http:\/\/denizcankizil.tr\/wp-content\/uploads\/2024\/10\/siyah-logo-svg.svg\",\"contentUrl\":\"http:\/\/denizcankizil.tr\/wp-content\/uploads\/2024\/10\/siyah-logo-svg.svg\",\"width\":1080,\"height\":1080,\"caption\":\"Av. Deniz Can K\u0131z\u0131l\"},\"image\":{\"@id\":\"https:\/\/denizcankizil.tr\/de\/#\/schema\/logo\/image\/\"}}]}<\/script>\n<!-- \/ Yoast SEO Premium plugin. -->","yoast_head_json":{"title":"ALK\u00dc'den i\u015f birli\u011fi protokol\u00fc - Av. Deniz Can K\u0131z\u0131l","robots":{"index":"index","follow":"follow","max-snippet":"max-snippet:-1","max-image-preview":"max-image-preview:large","max-video-preview":"max-video-preview:-1"},"canonical":"http:\/\/denizcankizil.tr\/uk\/haberler\/antalya\/alkuden-is-birligi-protokolu\/","og_locale":"uk_UA","og_type":"article","og_title":"ALK\u00dc'den i\u015f birli\u011fi protokol\u00fc","og_description":"Alanya Alaaddin Keykubat \u00dcniversitesi (ALK\u00dc), \u00f6\u011frencilerinin alanlar\u0131nda daha iyi \u00f6\u011frenim alabilmesi ve gelece\u011fe kendilerini daha iyi haz\u0131rlamalar\u0131 i\u00e7in bir\u00e7ok \u00fcniversite ile i\u015f birlikleri yapmaya devam ediyor. Bu \u00e7er\u00f6evede Kuzey Makedonya&#8217;da bulunan Uluslararas\u0131 Balkan \u00dcniversitesini (IBU) ziyaret eden ALK\u00dc Rekt\u00f6r\u00fc Prof. Dr. Kenan Ahmet T\u00fcrkdo\u011fan, IBU Rekt\u00f6r\u00fc Prof. Dr. L\u00fcfti Sunar ile iki \u00fcniversitenin i\u015f birlikleri yapmas\u0131 i\u00e7in ger\u00e7ekle\u015ftirilen ziyaret sonras\u0131 protokol imzalad\u0131. ALK\u00dc Rekt\u00f6r\u00fc Prof. Dr. Kenan Ahmet T\u00fcrkdo\u011fan, \u00fcniversitenin ikili i\u015f birliklerini g\u00fc\u00e7lendirmek ve IBU&#8217;nun Gastronomi ve Mutfak Sanatlar\u0131 ile Turizm \u0130\u015fletmecili\u011fi b\u00f6l\u00fcmlerinin kurulmas\u0131na destek vermek amac\u0131yla IBU Rekt\u00f6r\u00fc Prof. Dr. L\u00fctfi Sunar ile detayl\u0131 g\u00f6r\u00fc\u015fmeler yapt\u0131. Gastronomi ve Mutfak Sanatlar\u0131 ile Turizm \u0130\u015fletmecili\u011fi b\u00f6l\u00fcmlerinin i\u015fleyi\u015fine ve mezunlar\u0131n\u0131n istihdam\u0131na y\u00f6nelik bilgi payla\u015f\u0131m\u0131n yap\u0131ld\u0131\u011f\u0131 bu g\u00f6r\u00fc\u015fmede Rekt\u00f6r T\u00fcrkdo\u011fan ile Rekt\u00f6r Sunar&#8217;\u0131n imzalar\u0131yla her iki \u00fcniversiteyi temsilen ikili mutabakat zapt\u0131 imzaland\u0131. \u0130mzalanan mutabakat metni kapsam\u0131nda her iki \u00fcniversite \u00f6\u011frencileri ve akademisyenleri i\u00e7in de\u011fi\u015fim programlar\u0131n\u0131n uygulanmas\u0131 ile ortak bilimsel proje ve ara\u015ft\u0131rma projelerinin y\u00fcr\u00fct\u00fclmesine y\u00f6nelik i\u015f birli\u011fi karar\u0131 al\u0131nd\u0131. Ziyarette iki \u00fcniversitenin rekt\u00f6r\u00fc ba\u015fkanl\u0131\u011f\u0131ndaki heyetler Balkan Di\u015f Klini\u011fi ve Balkan Laboratuvarlar\u0131 tesislerini ziyaret etti. &#8220;\u0130\u015f birliklerimiz devam edecek&#8221; ALK\u00dc Rekt\u00f6r\u00fc Prof. Dr. Kenan Ahmet T\u00fcrkdo\u011fan, \u00fcniversite olarak yurt i\u00e7i ve yurt d\u0131\u015f\u0131nda bir\u00e7ok kurum ve \u00fcniversitelerle i\u015f birlikleri yapmaya devam edeceklerini belirtti. &hellip;","og_url":"http:\/\/denizcankizil.tr\/uk\/haberler\/antalya\/alkuden-is-birligi-protokolu\/","og_site_name":"Av. Deniz Can K\u0131z\u0131l","article_published_time":"2024-11-20T10:41:13+00:00","og_image":[{"width":1280,"height":720,"url":"http:\/\/denizcankizil.tr\/wp-content\/uploads\/2024\/11\/3177-01-bKtGrZ.jpeg","type":"image\/jpeg"}],"twitter_card":"summary_large_image","twitter_misc":{"\u041f\u0440\u0438\u0431\u043b. \u0447\u0430\u0441 \u0447\u0438\u0442\u0430\u043d\u043d\u044f":"3 \u0445\u0432\u0438\u043b\u0438\u043d\u0438"},"schema":{"@context":"https:\/\/schema.org","@graph":[{"@type":"Article","@id":"http:\/\/denizcankizil.tr\/uk\/haberler\/antalya\/alkuden-is-birligi-protokolu\/#article","isPartOf":{"@id":"http:\/\/denizcankizil.tr\/uk\/haberler\/antalya\/alkuden-is-birligi-protokolu\/"},"author":{"name":"","@id":""},"headline":"ALK\u00dc&#8217;den i\u015f birli\u011fi protokol\u00fc","datePublished":"2024-11-20T10:41:13+00:00","mainEntityOfPage":{"@id":"http:\/\/denizcankizil.tr\/uk\/haberler\/antalya\/alkuden-is-birligi-protokolu\/"},"wordCount":585,"commentCount":0,"publisher":{"@id":"https:\/\/denizcankizil.tr\/de\/#organization"},"image":{"@id":"http:\/\/denizcankizil.tr\/uk\/haberler\/antalya\/alkuden-is-birligi-protokolu\/#primaryimage"},"thumbnailUrl":"http:\/\/denizcankizil.tr\/wp-content\/uploads\/2024\/11\/3177-01-bKtGrZ.jpeg","articleSection":["Antalya","Uncategorized"],"inLanguage":"uk","potentialAction":[{"@type":"CommentAction","name":"Comment","target":["http:\/\/denizcankizil.tr\/uk\/haberler\/antalya\/alkuden-is-birligi-protokolu\/#respond"]}]},{"@type":"WebPage","@id":"http:\/\/denizcankizil.tr\/uk\/haberler\/antalya\/alkuden-is-birligi-protokolu\/","url":"http:\/\/denizcankizil.tr\/uk\/haberler\/antalya\/alkuden-is-birligi-protokolu\/","name":"ALK\u00dc'den i\u015f birli\u011fi protokol\u00fc - Av. Deniz Can K\u0131z\u0131l","isPartOf":{"@id":"https:\/\/denizcankizil.tr\/de\/#website"},"primaryImageOfPage":{"@id":"http:\/\/denizcankizil.tr\/uk\/haberler\/antalya\/alkuden-is-birligi-protokolu\/#primaryimage"},"image":{"@id":"http:\/\/denizcankizil.tr\/uk\/haberler\/antalya\/alkuden-is-birligi-protokolu\/#primaryimage"},"thumbnailUrl":"http:\/\/denizcankizil.tr\/wp-content\/uploads\/2024\/11\/3177-01-bKtGrZ.jpeg","datePublished":"2024-11-20T10:41:13+00:00","breadcrumb":{"@id":"http:\/\/denizcankizil.tr\/uk\/haberler\/antalya\/alkuden-is-birligi-protokolu\/#breadcrumb"},"inLanguage":"uk","potentialAction":[{"@type":"ReadAction","target":["http:\/\/denizcankizil.tr\/uk\/haberler\/antalya\/alkuden-is-birligi-protokolu\/"]}]},{"@type":"ImageObject","inLanguage":"uk","@id":"http:\/\/denizcankizil.tr\/uk\/haberler\/antalya\/alkuden-is-birligi-protokolu\/#primaryimage","url":"http:\/\/denizcankizil.tr\/wp-content\/uploads\/2024\/11\/3177-01-bKtGrZ.jpeg","contentUrl":"http:\/\/denizcankizil.tr\/wp-content\/uploads\/2024\/11\/3177-01-bKtGrZ.jpeg","width":1280,"height":720},{"@type":"BreadcrumbList","@id":"http:\/\/denizcankizil.tr\/uk\/haberler\/antalya\/alkuden-is-birligi-protokolu\/#breadcrumb","itemListElement":[{"@type":"ListItem","position":1,"name":"Home","item":"https:\/\/denizcankizil.tr\/de\/"},{"@type":"ListItem","position":2,"name":"ALK\u00dc&#8217;den i\u015f birli\u011fi protokol\u00fc"}]},{"@type":"WebSite","@id":"https:\/\/denizcankizil.tr\/de\/#website","url":"https:\/\/denizcankizil.tr\/de\/","name":"Av. Deniz Can K\u0131z\u0131l","description":"Avukat Deniz Can K\u0131z\u0131l Antalya Barosu","publisher":{"@id":"https:\/\/denizcankizil.tr\/de\/#organization"},"potentialAction":[{"@type":"SearchAction","target":{"@type":"EntryPoint","urlTemplate":"https:\/\/denizcankizil.tr\/de\/?s={search_term_string}"},"query-input":{"@type":"PropertyValueSpecification","valueRequired":true,"valueName":"search_term_string"}}],"inLanguage":"uk"},{"@type":"Organization","@id":"https:\/\/denizcankizil.tr\/de\/#organization","name":"Av. Deniz Can K\u0131z\u0131l","url":"https:\/\/denizcankizil.tr\/de\/","logo":{"@type":"ImageObject","inLanguage":"uk","@id":"https:\/\/denizcankizil.tr\/de\/#\/schema\/logo\/image\/","url":"http:\/\/denizcankizil.tr\/wp-content\/uploads\/2024\/10\/siyah-logo-svg.svg","contentUrl":"http:\/\/denizcankizil.tr\/wp-content\/uploads\/2024\/10\/siyah-logo-svg.svg","width":1080,"height":1080,"caption":"Av. Deniz Can K\u0131z\u0131l"},"image":{"@id":"https:\/\/denizcankizil.tr\/de\/#\/schema\/logo\/image\/"}}]}},"_links":{"self":[{"href":"http:\/\/denizcankizil.tr\/uk\/wp-json\/wp\/v2\/posts\/16659","targetHints":{"allow":["GET"]}}],"collection":[{"href":"http:\/\/denizcankizil.tr\/uk\/wp-json\/wp\/v2\/posts"}],"about":[{"href":"http:\/\/denizcankizil.tr\/uk\/wp-json\/wp\/v2\/types\/post"}],"replies":[{"embeddable":true,"href":"http:\/\/denizcankizil.tr\/uk\/wp-json\/wp\/v2\/comments?post=16659"}],"version-history":[{"count":0,"href":"http:\/\/denizcankizil.tr\/uk\/wp-json\/wp\/v2\/posts\/16659\/revisions"}],"wp:featuredmedia":[{"embeddable":true,"href":"http:\/\/denizcankizil.tr\/uk\/wp-json\/wp\/v2\/media\/16660"}],"wp:attachment":[{"href":"http:\/\/denizcankizil.tr\/uk\/wp-json\/wp\/v2\/media?parent=16659"}],"wp:term":[{"taxonomy":"category","embeddable":true,"href":"http:\/\/denizcankizil.tr\/uk\/wp-json\/wp\/v2\/categories?post=16659"},{"taxonomy":"post_tag","embeddable":true,"href":"http:\/\/denizcankizil.tr\/uk\/wp-json\/wp\/v2\/tags?post=16659"}],"curies":[{"name":"wp","href":"https:\/\/api.w.org\/{rel}","templated":true}]}}