{"id":16547,"date":"2024-11-19T15:41:44","date_gmt":"2024-11-19T12:41:44","guid":{"rendered":"https:\/\/denizcankizil.tr\/uncategorized-tr\/kepezde-personele-afet-egitimi\/"},"modified":"2024-11-19T15:41:44","modified_gmt":"2024-11-19T12:41:44","slug":"kepezde-personele-afet-egitimi","status":"publish","type":"post","link":"http:\/\/denizcankizil.tr\/uk\/haberler\/antalya\/kepezde-personele-afet-egitimi\/","title":{"rendered":"Kepez&#8217;de personele afet e\u011fitimi"},"content":{"rendered":"<p>Kepez Belediyesi Afet \u0130\u015fleri M\u00fcd\u00fcrl\u00fc\u011f\u00fc ve B\u00fcy\u00fck\u015fehir Belediyesi Afet \u0130\u015fleri Daire Ba\u015fkanl\u0131\u011f\u0131 i\u015fbirli\u011fiyle \u2018Afet Fark\u0131ndal\u0131k ve Afetler ile Ya\u015fam\u2019 i\u00e7erikli sunum ger\u00e7ekle\u015ftirildi. Kepez Belediyesi meclis salonunda d\u00fczenlenen afet fark\u0131ndal\u0131k program\u0131na, belediye personeli b\u00fcy\u00fck ilgi g\u00f6sterdi. Sunumda afetlerin, fiziksel, ekonomik ve sosyal kay\u0131plar do\u011furan, hayat ak\u0131\u015f\u0131n\u0131 durduran ve kesintiye u\u011fratan, do\u011fa, teknoloji ve insan kaynakl\u0131 olaylar oldu\u011fu belirtildi. Afetlerin etkilerinin ve zararlar\u0131n\u0131n azalt\u0131lmas\u0131nda toplumlar\u0131n bilgili ve e\u011fitimli olmalar\u0131n\u0131n \u00e7ok \u00f6nemli bir yer tuttu\u011funa de\u011finildi. Bireylerin afet tehlike ve risklerine kar\u015f\u0131 haz\u0131rl\u0131kl\u0131 olma ve riskleri azaltmak i\u00e7in at\u0131lacak en temel ad\u0131m\u0131n afet fark\u0131ndal\u0131\u011f\u0131 oldu\u011fu aktar\u0131ld\u0131. Programda; afet \u00f6ncesi, s\u0131ras\u0131 ve sonras\u0131 yap\u0131lmas\u0131 gerekenler, do\u011fru davran\u0131\u015f \u015fekilleri, \u00fclkemizde ve ilimizde ya\u015fanabilecek do\u011fal afetler (deprem, sel, heyelan ve yang\u0131n), afette alt\u0131n saatler olarak adland\u0131r\u0131lan ilk 72 saatin \u00f6nemi, deprem sonras\u0131 ilk 6 saatte yap\u0131lacaklar, afet \u00e7antas\u0131, birey olarak g\u00f6rev ve sorumluluklar ba\u015fl\u0131kl\u0131 konular ele al\u0131nd\u0131.<\/p>\n<p>Kaynak: www.kanalv.com.tr Haber Sitesinden Al\u0131nm\u0131\u015ft\u0131r.<\/p>","protected":false},"excerpt":{"rendered":"<p>Kepez Belediyesi Afet \u0130\u015fleri M\u00fcd\u00fcrl\u00fc\u011f\u00fc ve B\u00fcy\u00fck\u015fehir Belediyesi Afet \u0130\u015fleri Daire Ba\u015fkanl\u0131\u011f\u0131 i\u015fbirli\u011fiyle \u2018Afet Fark\u0131ndal\u0131k ve Afetler ile Ya\u015fam\u2019 i\u00e7erikli sunum ger\u00e7ekle\u015ftirildi. Kepez Belediyesi meclis salonunda d\u00fczenlenen afet fark\u0131ndal\u0131k program\u0131na, belediye personeli b\u00fcy\u00fck ilgi g\u00f6sterdi. Sunumda afetlerin, fiziksel, ekonomik ve sosyal kay\u0131plar do\u011furan, hayat ak\u0131\u015f\u0131n\u0131 durduran ve kesintiye u\u011fratan, do\u011fa, teknoloji ve insan kaynakl\u0131 olaylar oldu\u011fu belirtildi. Afetlerin etkilerinin ve zararlar\u0131n\u0131n azalt\u0131lmas\u0131nda toplumlar\u0131n bilgili ve e\u011fitimli olmalar\u0131n\u0131n \u00e7ok \u00f6nemli bir yer tuttu\u011funa de\u011finildi. Bireylerin afet tehlike ve risklerine kar\u015f\u0131 haz\u0131rl\u0131kl\u0131 olma ve riskleri azaltmak i\u00e7in at\u0131lacak en temel ad\u0131m\u0131n afet fark\u0131ndal\u0131\u011f\u0131 oldu\u011fu aktar\u0131ld\u0131. Programda; afet \u00f6ncesi, s\u0131ras\u0131 ve sonras\u0131 yap\u0131lmas\u0131 gerekenler, do\u011fru davran\u0131\u015f \u015fekilleri, \u00fclkemizde ve ilimizde ya\u015fanabilecek do\u011fal afetler (deprem, sel, heyelan ve yang\u0131n), afette alt\u0131n saatler olarak adland\u0131r\u0131lan ilk 72 saatin \u00f6nemi, deprem sonras\u0131 ilk 6 saatte yap\u0131lacaklar, afet \u00e7antas\u0131, birey olarak g\u00f6rev ve sorumluluklar ba\u015fl\u0131kl\u0131 konular ele al\u0131nd\u0131. Kaynak: www.kanalv.com.tr Haber Sitesinden Al\u0131nm\u0131\u015ft\u0131r.<\/p>","protected":false},"author":0,"featured_media":16548,"comment_status":"open","ping_status":"open","sticky":false,"template":"","format":"standard","meta":{"_acf_changed":false,"footnotes":""},"categories":[26,535],"tags":[],"class_list":["post-16547","post","type-post","status-publish","format-standard","has-post-thumbnail","hentry","category-antalya","category-uncategorized-tr"],"acf":[],"yoast_head":"<!-- This site is optimized with the Yoast SEO Premium plugin v26.6 (Yoast SEO v27.1.1) - https:\/\/yoast.com\/product\/yoast-seo-premium-wordpress\/ -->\n<title>Kepez&#039;de personele afet e\u011fitimi - Av. Deniz Can K\u0131z\u0131l<\/title>\n<meta name=\"robots\" content=\"index, follow, max-snippet:-1, max-image-preview:large, max-video-preview:-1\" \/>\n<link rel=\"canonical\" href=\"http:\/\/denizcankizil.tr\/uk\/haberler\/antalya\/kepezde-personele-afet-egitimi\/\" \/>\n<meta property=\"og:locale\" content=\"uk_UA\" \/>\n<meta property=\"og:type\" content=\"article\" \/>\n<meta property=\"og:title\" content=\"Kepez&#039;de personele afet e\u011fitimi\" \/>\n<meta property=\"og:description\" content=\"Kepez Belediyesi Afet \u0130\u015fleri M\u00fcd\u00fcrl\u00fc\u011f\u00fc ve B\u00fcy\u00fck\u015fehir Belediyesi Afet \u0130\u015fleri Daire Ba\u015fkanl\u0131\u011f\u0131 i\u015fbirli\u011fiyle \u2018Afet Fark\u0131ndal\u0131k ve Afetler ile Ya\u015fam\u2019 i\u00e7erikli sunum ger\u00e7ekle\u015ftirildi. Kepez Belediyesi meclis salonunda d\u00fczenlenen afet fark\u0131ndal\u0131k program\u0131na, belediye personeli b\u00fcy\u00fck ilgi g\u00f6sterdi. Sunumda afetlerin, fiziksel, ekonomik ve sosyal kay\u0131plar do\u011furan, hayat ak\u0131\u015f\u0131n\u0131 durduran ve kesintiye u\u011fratan, do\u011fa, teknoloji ve insan kaynakl\u0131 olaylar oldu\u011fu belirtildi. Afetlerin etkilerinin ve zararlar\u0131n\u0131n azalt\u0131lmas\u0131nda toplumlar\u0131n bilgili ve e\u011fitimli olmalar\u0131n\u0131n \u00e7ok \u00f6nemli bir yer tuttu\u011funa de\u011finildi. Bireylerin afet tehlike ve risklerine kar\u015f\u0131 haz\u0131rl\u0131kl\u0131 olma ve riskleri azaltmak i\u00e7in at\u0131lacak en temel ad\u0131m\u0131n afet fark\u0131ndal\u0131\u011f\u0131 oldu\u011fu aktar\u0131ld\u0131. Programda; afet \u00f6ncesi, s\u0131ras\u0131 ve sonras\u0131 yap\u0131lmas\u0131 gerekenler, do\u011fru davran\u0131\u015f \u015fekilleri, \u00fclkemizde ve ilimizde ya\u015fanabilecek do\u011fal afetler (deprem, sel, heyelan ve yang\u0131n), afette alt\u0131n saatler olarak adland\u0131r\u0131lan ilk 72 saatin \u00f6nemi, deprem sonras\u0131 ilk 6 saatte yap\u0131lacaklar, afet \u00e7antas\u0131, birey olarak g\u00f6rev ve sorumluluklar ba\u015fl\u0131kl\u0131 konular ele al\u0131nd\u0131. Kaynak: www.kanalv.com.tr Haber Sitesinden Al\u0131nm\u0131\u015ft\u0131r.\" \/>\n<meta property=\"og:url\" content=\"http:\/\/denizcankizil.tr\/uk\/haberler\/antalya\/kepezde-personele-afet-egitimi\/\" \/>\n<meta property=\"og:site_name\" content=\"Av. Deniz Can K\u0131z\u0131l\" \/>\n<meta property=\"article:published_time\" content=\"2024-11-19T12:41:44+00:00\" \/>\n<meta property=\"og:image\" content=\"http:\/\/denizcankizil.tr\/wp-content\/uploads\/2024\/11\/3159-01-wOUOX7.jpeg\" \/>\n\t<meta property=\"og:image:width\" content=\"1280\" \/>\n\t<meta property=\"og:image:height\" content=\"720\" \/>\n\t<meta property=\"og:image:type\" content=\"image\/jpeg\" \/>\n<meta name=\"twitter:card\" content=\"summary_large_image\" \/>\n<meta name=\"twitter:label1\" content=\"\u041f\u0440\u0438\u0431\u043b. \u0447\u0430\u0441 \u0447\u0438\u0442\u0430\u043d\u043d\u044f\" \/>\n\t<meta name=\"twitter:data1\" content=\"1 \u0445\u0432\u0438\u043b\u0438\u043d\u0430\" \/>\n<script type=\"application\/ld+json\" class=\"yoast-schema-graph\">{\"@context\":\"https:\/\/schema.org\",\"@graph\":[{\"@type\":\"Article\",\"@id\":\"http:\/\/denizcankizil.tr\/uk\/haberler\/antalya\/kepezde-personele-afet-egitimi\/#article\",\"isPartOf\":{\"@id\":\"http:\/\/denizcankizil.tr\/uk\/haberler\/antalya\/kepezde-personele-afet-egitimi\/\"},\"author\":{\"name\":\"\",\"@id\":\"\"},\"headline\":\"Kepez&#8217;de personele afet e\u011fitimi\",\"datePublished\":\"2024-11-19T12:41:44+00:00\",\"mainEntityOfPage\":{\"@id\":\"http:\/\/denizcankizil.tr\/uk\/haberler\/antalya\/kepezde-personele-afet-egitimi\/\"},\"wordCount\":216,\"commentCount\":0,\"publisher\":{\"@id\":\"https:\/\/denizcankizil.tr\/#organization\"},\"image\":{\"@id\":\"http:\/\/denizcankizil.tr\/uk\/haberler\/antalya\/kepezde-personele-afet-egitimi\/#primaryimage\"},\"thumbnailUrl\":\"http:\/\/denizcankizil.tr\/wp-content\/uploads\/2024\/11\/3159-01-wOUOX7.jpeg\",\"articleSection\":[\"Antalya\",\"Uncategorized\"],\"inLanguage\":\"uk\",\"potentialAction\":[{\"@type\":\"CommentAction\",\"name\":\"Comment\",\"target\":[\"http:\/\/denizcankizil.tr\/uk\/haberler\/antalya\/kepezde-personele-afet-egitimi\/#respond\"]}]},{\"@type\":\"WebPage\",\"@id\":\"http:\/\/denizcankizil.tr\/uk\/haberler\/antalya\/kepezde-personele-afet-egitimi\/\",\"url\":\"http:\/\/denizcankizil.tr\/uk\/haberler\/antalya\/kepezde-personele-afet-egitimi\/\",\"name\":\"Kepez'de personele afet e\u011fitimi - Av. Deniz Can K\u0131z\u0131l\",\"isPartOf\":{\"@id\":\"https:\/\/denizcankizil.tr\/#website\"},\"primaryImageOfPage\":{\"@id\":\"http:\/\/denizcankizil.tr\/uk\/haberler\/antalya\/kepezde-personele-afet-egitimi\/#primaryimage\"},\"image\":{\"@id\":\"http:\/\/denizcankizil.tr\/uk\/haberler\/antalya\/kepezde-personele-afet-egitimi\/#primaryimage\"},\"thumbnailUrl\":\"http:\/\/denizcankizil.tr\/wp-content\/uploads\/2024\/11\/3159-01-wOUOX7.jpeg\",\"datePublished\":\"2024-11-19T12:41:44+00:00\",\"breadcrumb\":{\"@id\":\"http:\/\/denizcankizil.tr\/uk\/haberler\/antalya\/kepezde-personele-afet-egitimi\/#breadcrumb\"},\"inLanguage\":\"uk\",\"potentialAction\":[{\"@type\":\"ReadAction\",\"target\":[\"http:\/\/denizcankizil.tr\/uk\/haberler\/antalya\/kepezde-personele-afet-egitimi\/\"]}]},{\"@type\":\"ImageObject\",\"inLanguage\":\"uk\",\"@id\":\"http:\/\/denizcankizil.tr\/uk\/haberler\/antalya\/kepezde-personele-afet-egitimi\/#primaryimage\",\"url\":\"http:\/\/denizcankizil.tr\/wp-content\/uploads\/2024\/11\/3159-01-wOUOX7.jpeg\",\"contentUrl\":\"http:\/\/denizcankizil.tr\/wp-content\/uploads\/2024\/11\/3159-01-wOUOX7.jpeg\",\"width\":1280,\"height\":720},{\"@type\":\"BreadcrumbList\",\"@id\":\"http:\/\/denizcankizil.tr\/uk\/haberler\/antalya\/kepezde-personele-afet-egitimi\/#breadcrumb\",\"itemListElement\":[{\"@type\":\"ListItem\",\"position\":1,\"name\":\"Home\",\"item\":\"https:\/\/denizcankizil.tr\/uk\/\"},{\"@type\":\"ListItem\",\"position\":2,\"name\":\"Kepez&#8217;de personele afet e\u011fitimi\"}]},{\"@type\":\"WebSite\",\"@id\":\"https:\/\/denizcankizil.tr\/#website\",\"url\":\"https:\/\/denizcankizil.tr\/\",\"name\":\"Av. Deniz Can K\u0131z\u0131l\",\"description\":\"Avukat Deniz Can K\u0131z\u0131l Antalya Barosu\",\"publisher\":{\"@id\":\"https:\/\/denizcankizil.tr\/#organization\"},\"potentialAction\":[{\"@type\":\"SearchAction\",\"target\":{\"@type\":\"EntryPoint\",\"urlTemplate\":\"https:\/\/denizcankizil.tr\/?s={search_term_string}\"},\"query-input\":{\"@type\":\"PropertyValueSpecification\",\"valueRequired\":true,\"valueName\":\"search_term_string\"}}],\"inLanguage\":\"uk\"},{\"@type\":\"Organization\",\"@id\":\"https:\/\/denizcankizil.tr\/#organization\",\"name\":\"Av. Deniz Can K\u0131z\u0131l\",\"url\":\"https:\/\/denizcankizil.tr\/\",\"logo\":{\"@type\":\"ImageObject\",\"inLanguage\":\"uk\",\"@id\":\"https:\/\/denizcankizil.tr\/#\/schema\/logo\/image\/\",\"url\":\"http:\/\/denizcankizil.tr\/wp-content\/uploads\/2024\/10\/siyah-logo-svg.svg\",\"contentUrl\":\"http:\/\/denizcankizil.tr\/wp-content\/uploads\/2024\/10\/siyah-logo-svg.svg\",\"width\":1080,\"height\":1080,\"caption\":\"Av. Deniz Can K\u0131z\u0131l\"},\"image\":{\"@id\":\"https:\/\/denizcankizil.tr\/#\/schema\/logo\/image\/\"}}]}<\/script>\n<!-- \/ Yoast SEO Premium plugin. -->","yoast_head_json":{"title":"Kepez'de personele afet e\u011fitimi - Av. Deniz Can K\u0131z\u0131l","robots":{"index":"index","follow":"follow","max-snippet":"max-snippet:-1","max-image-preview":"max-image-preview:large","max-video-preview":"max-video-preview:-1"},"canonical":"http:\/\/denizcankizil.tr\/uk\/haberler\/antalya\/kepezde-personele-afet-egitimi\/","og_locale":"uk_UA","og_type":"article","og_title":"Kepez'de personele afet e\u011fitimi","og_description":"Kepez Belediyesi Afet \u0130\u015fleri M\u00fcd\u00fcrl\u00fc\u011f\u00fc ve B\u00fcy\u00fck\u015fehir Belediyesi Afet \u0130\u015fleri Daire Ba\u015fkanl\u0131\u011f\u0131 i\u015fbirli\u011fiyle \u2018Afet Fark\u0131ndal\u0131k ve Afetler ile Ya\u015fam\u2019 i\u00e7erikli sunum ger\u00e7ekle\u015ftirildi. Kepez Belediyesi meclis salonunda d\u00fczenlenen afet fark\u0131ndal\u0131k program\u0131na, belediye personeli b\u00fcy\u00fck ilgi g\u00f6sterdi. Sunumda afetlerin, fiziksel, ekonomik ve sosyal kay\u0131plar do\u011furan, hayat ak\u0131\u015f\u0131n\u0131 durduran ve kesintiye u\u011fratan, do\u011fa, teknoloji ve insan kaynakl\u0131 olaylar oldu\u011fu belirtildi. Afetlerin etkilerinin ve zararlar\u0131n\u0131n azalt\u0131lmas\u0131nda toplumlar\u0131n bilgili ve e\u011fitimli olmalar\u0131n\u0131n \u00e7ok \u00f6nemli bir yer tuttu\u011funa de\u011finildi. Bireylerin afet tehlike ve risklerine kar\u015f\u0131 haz\u0131rl\u0131kl\u0131 olma ve riskleri azaltmak i\u00e7in at\u0131lacak en temel ad\u0131m\u0131n afet fark\u0131ndal\u0131\u011f\u0131 oldu\u011fu aktar\u0131ld\u0131. Programda; afet \u00f6ncesi, s\u0131ras\u0131 ve sonras\u0131 yap\u0131lmas\u0131 gerekenler, do\u011fru davran\u0131\u015f \u015fekilleri, \u00fclkemizde ve ilimizde ya\u015fanabilecek do\u011fal afetler (deprem, sel, heyelan ve yang\u0131n), afette alt\u0131n saatler olarak adland\u0131r\u0131lan ilk 72 saatin \u00f6nemi, deprem sonras\u0131 ilk 6 saatte yap\u0131lacaklar, afet \u00e7antas\u0131, birey olarak g\u00f6rev ve sorumluluklar ba\u015fl\u0131kl\u0131 konular ele al\u0131nd\u0131. Kaynak: www.kanalv.com.tr Haber Sitesinden Al\u0131nm\u0131\u015ft\u0131r.","og_url":"http:\/\/denizcankizil.tr\/uk\/haberler\/antalya\/kepezde-personele-afet-egitimi\/","og_site_name":"Av. Deniz Can K\u0131z\u0131l","article_published_time":"2024-11-19T12:41:44+00:00","og_image":[{"width":1280,"height":720,"url":"http:\/\/denizcankizil.tr\/wp-content\/uploads\/2024\/11\/3159-01-wOUOX7.jpeg","type":"image\/jpeg"}],"twitter_card":"summary_large_image","twitter_misc":{"\u041f\u0440\u0438\u0431\u043b. \u0447\u0430\u0441 \u0447\u0438\u0442\u0430\u043d\u043d\u044f":"1 \u0445\u0432\u0438\u043b\u0438\u043d\u0430"},"schema":{"@context":"https:\/\/schema.org","@graph":[{"@type":"Article","@id":"http:\/\/denizcankizil.tr\/uk\/haberler\/antalya\/kepezde-personele-afet-egitimi\/#article","isPartOf":{"@id":"http:\/\/denizcankizil.tr\/uk\/haberler\/antalya\/kepezde-personele-afet-egitimi\/"},"author":{"name":"","@id":""},"headline":"Kepez&#8217;de personele afet e\u011fitimi","datePublished":"2024-11-19T12:41:44+00:00","mainEntityOfPage":{"@id":"http:\/\/denizcankizil.tr\/uk\/haberler\/antalya\/kepezde-personele-afet-egitimi\/"},"wordCount":216,"commentCount":0,"publisher":{"@id":"https:\/\/denizcankizil.tr\/#organization"},"image":{"@id":"http:\/\/denizcankizil.tr\/uk\/haberler\/antalya\/kepezde-personele-afet-egitimi\/#primaryimage"},"thumbnailUrl":"http:\/\/denizcankizil.tr\/wp-content\/uploads\/2024\/11\/3159-01-wOUOX7.jpeg","articleSection":["Antalya","Uncategorized"],"inLanguage":"uk","potentialAction":[{"@type":"CommentAction","name":"Comment","target":["http:\/\/denizcankizil.tr\/uk\/haberler\/antalya\/kepezde-personele-afet-egitimi\/#respond"]}]},{"@type":"WebPage","@id":"http:\/\/denizcankizil.tr\/uk\/haberler\/antalya\/kepezde-personele-afet-egitimi\/","url":"http:\/\/denizcankizil.tr\/uk\/haberler\/antalya\/kepezde-personele-afet-egitimi\/","name":"Kepez'de personele afet e\u011fitimi - Av. Deniz Can K\u0131z\u0131l","isPartOf":{"@id":"https:\/\/denizcankizil.tr\/#website"},"primaryImageOfPage":{"@id":"http:\/\/denizcankizil.tr\/uk\/haberler\/antalya\/kepezde-personele-afet-egitimi\/#primaryimage"},"image":{"@id":"http:\/\/denizcankizil.tr\/uk\/haberler\/antalya\/kepezde-personele-afet-egitimi\/#primaryimage"},"thumbnailUrl":"http:\/\/denizcankizil.tr\/wp-content\/uploads\/2024\/11\/3159-01-wOUOX7.jpeg","datePublished":"2024-11-19T12:41:44+00:00","breadcrumb":{"@id":"http:\/\/denizcankizil.tr\/uk\/haberler\/antalya\/kepezde-personele-afet-egitimi\/#breadcrumb"},"inLanguage":"uk","potentialAction":[{"@type":"ReadAction","target":["http:\/\/denizcankizil.tr\/uk\/haberler\/antalya\/kepezde-personele-afet-egitimi\/"]}]},{"@type":"ImageObject","inLanguage":"uk","@id":"http:\/\/denizcankizil.tr\/uk\/haberler\/antalya\/kepezde-personele-afet-egitimi\/#primaryimage","url":"http:\/\/denizcankizil.tr\/wp-content\/uploads\/2024\/11\/3159-01-wOUOX7.jpeg","contentUrl":"http:\/\/denizcankizil.tr\/wp-content\/uploads\/2024\/11\/3159-01-wOUOX7.jpeg","width":1280,"height":720},{"@type":"BreadcrumbList","@id":"http:\/\/denizcankizil.tr\/uk\/haberler\/antalya\/kepezde-personele-afet-egitimi\/#breadcrumb","itemListElement":[{"@type":"ListItem","position":1,"name":"Home","item":"https:\/\/denizcankizil.tr\/uk\/"},{"@type":"ListItem","position":2,"name":"Kepez&#8217;de personele afet e\u011fitimi"}]},{"@type":"WebSite","@id":"https:\/\/denizcankizil.tr\/#website","url":"https:\/\/denizcankizil.tr\/","name":"Av. Deniz Can K\u0131z\u0131l","description":"Avukat Deniz Can K\u0131z\u0131l Antalya Barosu","publisher":{"@id":"https:\/\/denizcankizil.tr\/#organization"},"potentialAction":[{"@type":"SearchAction","target":{"@type":"EntryPoint","urlTemplate":"https:\/\/denizcankizil.tr\/?s={search_term_string}"},"query-input":{"@type":"PropertyValueSpecification","valueRequired":true,"valueName":"search_term_string"}}],"inLanguage":"uk"},{"@type":"Organization","@id":"https:\/\/denizcankizil.tr\/#organization","name":"Av. Deniz Can K\u0131z\u0131l","url":"https:\/\/denizcankizil.tr\/","logo":{"@type":"ImageObject","inLanguage":"uk","@id":"https:\/\/denizcankizil.tr\/#\/schema\/logo\/image\/","url":"http:\/\/denizcankizil.tr\/wp-content\/uploads\/2024\/10\/siyah-logo-svg.svg","contentUrl":"http:\/\/denizcankizil.tr\/wp-content\/uploads\/2024\/10\/siyah-logo-svg.svg","width":1080,"height":1080,"caption":"Av. Deniz Can K\u0131z\u0131l"},"image":{"@id":"https:\/\/denizcankizil.tr\/#\/schema\/logo\/image\/"}}]}},"_links":{"self":[{"href":"http:\/\/denizcankizil.tr\/uk\/wp-json\/wp\/v2\/posts\/16547","targetHints":{"allow":["GET"]}}],"collection":[{"href":"http:\/\/denizcankizil.tr\/uk\/wp-json\/wp\/v2\/posts"}],"about":[{"href":"http:\/\/denizcankizil.tr\/uk\/wp-json\/wp\/v2\/types\/post"}],"replies":[{"embeddable":true,"href":"http:\/\/denizcankizil.tr\/uk\/wp-json\/wp\/v2\/comments?post=16547"}],"version-history":[{"count":0,"href":"http:\/\/denizcankizil.tr\/uk\/wp-json\/wp\/v2\/posts\/16547\/revisions"}],"wp:featuredmedia":[{"embeddable":true,"href":"http:\/\/denizcankizil.tr\/uk\/wp-json\/wp\/v2\/media\/16548"}],"wp:attachment":[{"href":"http:\/\/denizcankizil.tr\/uk\/wp-json\/wp\/v2\/media?parent=16547"}],"wp:term":[{"taxonomy":"category","embeddable":true,"href":"http:\/\/denizcankizil.tr\/uk\/wp-json\/wp\/v2\/categories?post=16547"},{"taxonomy":"post_tag","embeddable":true,"href":"http:\/\/denizcankizil.tr\/uk\/wp-json\/wp\/v2\/tags?post=16547"}],"curies":[{"name":"wp","href":"https:\/\/api.w.org\/{rel}","templated":true}]}}