{"id":16165,"date":"2024-11-16T17:41:52","date_gmt":"2024-11-16T14:41:52","guid":{"rendered":"https:\/\/denizcankizil.tr\/uncategorized-tr\/uci-nirvana-gran-fondo-world-series-antalya-yarin-yapilacak\/"},"modified":"2024-11-16T17:41:52","modified_gmt":"2024-11-16T14:41:52","slug":"uci-nirvana-gran-fondo-world-series-antalya-yarin-yapilacak","status":"publish","type":"post","link":"http:\/\/denizcankizil.tr\/uk\/haberler\/antalya\/uci-nirvana-gran-fondo-world-series-antalya-yarin-yapilacak\/","title":{"rendered":"UCI Nirvana Gran Fondo World Series Antalya yar\u0131n yap\u0131lacak"},"content":{"rendered":"<p>UCI Nirvana Gran Fondo World Series Antalya, 98 km&#8217;lik uzun parkur, 66 km&#8217;lik k\u0131sa parkuruyla nefes kesen m\u00fccadelelere sahne olacak. Ayr\u0131ca 66 km\u2019lik k\u0131sa parkura paracycling sporcular da kat\u0131lacak. Bisiklet d\u00fcnyas\u0131n\u0131n en prestijli Gran Fondo yar\u0131\u015flar\u0131 aras\u0131nda yer alan UCI Nirvana Gran Fondo World Series Antalya, bu y\u0131l 4. kez d\u00fczenlenecek.<br \/>\nUCI Gran Fondo D\u00fcnya \u015eampiyonas\u0131\u2019na kat\u0131labilmek i\u00e7in zorunlu \u00f6n etaplardan biri olan ve bu \u00f6zelli\u011fiyle di\u011fer Gran Fondo yar\u0131\u015flar\u0131ndan ayr\u0131lan yar\u0131\u015fta, yerli ve yabanc\u0131 y\u00fczlerce amat\u00f6r bisiklet kullan\u0131c\u0131s\u0131 Antalya\u2019da a\u011f\u0131rlan\u0131yor. Amat\u00f6r bisiklet\u00e7ilerin UCI standartlar\u0131nda yar\u0131\u015fmas\u0131n\u0131 sa\u011flayan organizasyon; 98 km uzun parkur, 66 km AG Tohum k\u0131sa parkur yar\u0131n saat 10.00\u2019da start alacak.<br \/>\nUzun parkurda kendi ya\u015f kategorilerinde y\u00fczde 25\u2019lik dilime girenler D\u00fcnya \u015eampiyonas\u0131\u2019na kat\u0131lma hakk\u0131 kazanacak. 50 ya\u015f \u00fczeri kad\u0131n ve 60 ya\u015f \u00fczeri erkeklerde k\u0131sa parkur yar\u0131\u015flar\u0131nda y\u00fczde 25 dilimine giren sporcular, 2025 y\u0131l\u0131nda Avustralya\u2019da d\u00fczenlenecek UCI Gran Fondo D\u00fcnya \u015eampiyonas\u0131\u2019na kat\u0131lma hakk\u0131 kazanacak.<br \/>\n\u00d6te yandan bisiklet dostu otelleri, bisiklet organizasyonlar\u0131, bisiklet topluluklar\u0131 ve bisiklet yollar\u0131 ile bir bisiklet \u015fehri olan Antalya, UCI Gran Fondo D\u00fcnya \u015eampiyonas\u0131\u2019na 2029 y\u0131l\u0131nda ev sahipli\u011fi yapmak i\u00e7in haz\u0131rlan\u0131yor.<\/p>\n<p>Kaynak: www.kanalv.com.tr Haber Sitesinden Al\u0131nm\u0131\u015ft\u0131r.<\/p>","protected":false},"excerpt":{"rendered":"<p>UCI Nirvana Gran Fondo World Series Antalya, 98 km&#8217;lik uzun parkur, 66 km&#8217;lik k\u0131sa parkuruyla nefes kesen m\u00fccadelelere sahne olacak. Ayr\u0131ca 66 km\u2019lik k\u0131sa parkura paracycling sporcular da kat\u0131lacak. Bisiklet d\u00fcnyas\u0131n\u0131n en prestijli Gran Fondo yar\u0131\u015flar\u0131 aras\u0131nda yer alan UCI Nirvana Gran Fondo World Series Antalya, bu y\u0131l 4. kez d\u00fczenlenecek. UCI Gran Fondo D\u00fcnya \u015eampiyonas\u0131\u2019na kat\u0131labilmek i\u00e7in zorunlu \u00f6n etaplardan biri olan ve bu \u00f6zelli\u011fiyle di\u011fer Gran Fondo yar\u0131\u015flar\u0131ndan ayr\u0131lan yar\u0131\u015fta, yerli ve yabanc\u0131 y\u00fczlerce amat\u00f6r bisiklet kullan\u0131c\u0131s\u0131 Antalya\u2019da a\u011f\u0131rlan\u0131yor. Amat\u00f6r bisiklet\u00e7ilerin UCI standartlar\u0131nda yar\u0131\u015fmas\u0131n\u0131 sa\u011flayan organizasyon; 98 km uzun parkur, 66 km AG Tohum k\u0131sa parkur yar\u0131n saat 10.00\u2019da start alacak. Uzun parkurda kendi ya\u015f kategorilerinde y\u00fczde 25\u2019lik dilime girenler D\u00fcnya \u015eampiyonas\u0131\u2019na kat\u0131lma hakk\u0131 kazanacak. 50 ya\u015f \u00fczeri kad\u0131n ve 60 ya\u015f \u00fczeri erkeklerde k\u0131sa parkur yar\u0131\u015flar\u0131nda y\u00fczde 25 dilimine giren sporcular, 2025 y\u0131l\u0131nda Avustralya\u2019da d\u00fczenlenecek UCI Gran Fondo D\u00fcnya \u015eampiyonas\u0131\u2019na kat\u0131lma hakk\u0131 kazanacak. \u00d6te yandan bisiklet dostu otelleri, bisiklet organizasyonlar\u0131, bisiklet topluluklar\u0131 ve bisiklet yollar\u0131 ile bir bisiklet \u015fehri olan Antalya, UCI Gran Fondo D\u00fcnya \u015eampiyonas\u0131\u2019na 2029 y\u0131l\u0131nda ev sahipli\u011fi yapmak i\u00e7in haz\u0131rlan\u0131yor. Kaynak: www.kanalv.com.tr Haber Sitesinden Al\u0131nm\u0131\u015ft\u0131r.<\/p>","protected":false},"author":0,"featured_media":16166,"comment_status":"open","ping_status":"open","sticky":false,"template":"","format":"standard","meta":{"_acf_changed":false,"footnotes":""},"categories":[26,535],"tags":[],"class_list":["post-16165","post","type-post","status-publish","format-standard","has-post-thumbnail","hentry","category-antalya","category-uncategorized-tr"],"acf":[],"yoast_head":"<!-- This site is optimized with the Yoast SEO Premium plugin v26.6 (Yoast SEO v27.1.1) - https:\/\/yoast.com\/product\/yoast-seo-premium-wordpress\/ -->\n<title>UCI Nirvana Gran Fondo World Series Antalya yar\u0131n yap\u0131lacak - Av. Deniz Can K\u0131z\u0131l<\/title>\n<meta name=\"robots\" content=\"index, follow, max-snippet:-1, max-image-preview:large, max-video-preview:-1\" \/>\n<link rel=\"canonical\" href=\"https:\/\/denizcankizil.tr\/uk\/haberler\/antalya\/uci-nirvana-gran-fondo-world-series-antalya-yarin-yapilacak\/\" \/>\n<meta property=\"og:locale\" content=\"uk_UA\" \/>\n<meta property=\"og:type\" content=\"article\" \/>\n<meta property=\"og:title\" content=\"UCI Nirvana Gran Fondo World Series Antalya yar\u0131n yap\u0131lacak\" \/>\n<meta property=\"og:description\" content=\"UCI Nirvana Gran Fondo World Series Antalya, 98 km&#8217;lik uzun parkur, 66 km&#8217;lik k\u0131sa parkuruyla nefes kesen m\u00fccadelelere sahne olacak. Ayr\u0131ca 66 km\u2019lik k\u0131sa parkura paracycling sporcular da kat\u0131lacak. Bisiklet d\u00fcnyas\u0131n\u0131n en prestijli Gran Fondo yar\u0131\u015flar\u0131 aras\u0131nda yer alan UCI Nirvana Gran Fondo World Series Antalya, bu y\u0131l 4. kez d\u00fczenlenecek. UCI Gran Fondo D\u00fcnya \u015eampiyonas\u0131\u2019na kat\u0131labilmek i\u00e7in zorunlu \u00f6n etaplardan biri olan ve bu \u00f6zelli\u011fiyle di\u011fer Gran Fondo yar\u0131\u015flar\u0131ndan ayr\u0131lan yar\u0131\u015fta, yerli ve yabanc\u0131 y\u00fczlerce amat\u00f6r bisiklet kullan\u0131c\u0131s\u0131 Antalya\u2019da a\u011f\u0131rlan\u0131yor. Amat\u00f6r bisiklet\u00e7ilerin UCI standartlar\u0131nda yar\u0131\u015fmas\u0131n\u0131 sa\u011flayan organizasyon; 98 km uzun parkur, 66 km AG Tohum k\u0131sa parkur yar\u0131n saat 10.00\u2019da start alacak. Uzun parkurda kendi ya\u015f kategorilerinde y\u00fczde 25\u2019lik dilime girenler D\u00fcnya \u015eampiyonas\u0131\u2019na kat\u0131lma hakk\u0131 kazanacak. 50 ya\u015f \u00fczeri kad\u0131n ve 60 ya\u015f \u00fczeri erkeklerde k\u0131sa parkur yar\u0131\u015flar\u0131nda y\u00fczde 25 dilimine giren sporcular, 2025 y\u0131l\u0131nda Avustralya\u2019da d\u00fczenlenecek UCI Gran Fondo D\u00fcnya \u015eampiyonas\u0131\u2019na kat\u0131lma hakk\u0131 kazanacak. \u00d6te yandan bisiklet dostu otelleri, bisiklet organizasyonlar\u0131, bisiklet topluluklar\u0131 ve bisiklet yollar\u0131 ile bir bisiklet \u015fehri olan Antalya, UCI Gran Fondo D\u00fcnya \u015eampiyonas\u0131\u2019na 2029 y\u0131l\u0131nda ev sahipli\u011fi yapmak i\u00e7in haz\u0131rlan\u0131yor. Kaynak: www.kanalv.com.tr Haber Sitesinden Al\u0131nm\u0131\u015ft\u0131r.\" \/>\n<meta property=\"og:url\" content=\"https:\/\/denizcankizil.tr\/uk\/haberler\/antalya\/uci-nirvana-gran-fondo-world-series-antalya-yarin-yapilacak\/\" \/>\n<meta property=\"og:site_name\" content=\"Av. Deniz Can K\u0131z\u0131l\" \/>\n<meta property=\"article:published_time\" content=\"2024-11-16T14:41:52+00:00\" \/>\n<meta property=\"og:image\" content=\"https:\/\/denizcankizil.tr\/wp-content\/uploads\/2024\/11\/3119-01-jCjcS6.jpeg\" \/>\n\t<meta property=\"og:image:width\" content=\"1280\" \/>\n\t<meta property=\"og:image:height\" content=\"720\" \/>\n\t<meta property=\"og:image:type\" content=\"image\/jpeg\" \/>\n<meta name=\"twitter:card\" content=\"summary_large_image\" \/>\n<meta name=\"twitter:label1\" content=\"\u041f\u0440\u0438\u0431\u043b. \u0447\u0430\u0441 \u0447\u0438\u0442\u0430\u043d\u043d\u044f\" \/>\n\t<meta name=\"twitter:data1\" content=\"1 \u0445\u0432\u0438\u043b\u0438\u043d\u0430\" \/>\n<script type=\"application\/ld+json\" class=\"yoast-schema-graph\">{\"@context\":\"https:\/\/schema.org\",\"@graph\":[{\"@type\":\"Article\",\"@id\":\"https:\/\/denizcankizil.tr\/ru\/haberler\/antalya\/uci-nirvana-gran-fondo-world-series-antalya-yarin-yapilacak\/#article\",\"isPartOf\":{\"@id\":\"https:\/\/denizcankizil.tr\/ru\/haberler\/antalya\/uci-nirvana-gran-fondo-world-series-antalya-yarin-yapilacak\/\"},\"author\":{\"name\":\"\",\"@id\":\"\"},\"headline\":\"UCI Nirvana Gran Fondo World Series Antalya yar\u0131n yap\u0131lacak\",\"datePublished\":\"2024-11-16T14:41:52+00:00\",\"mainEntityOfPage\":{\"@id\":\"https:\/\/denizcankizil.tr\/ru\/haberler\/antalya\/uci-nirvana-gran-fondo-world-series-antalya-yarin-yapilacak\/\"},\"wordCount\":251,\"commentCount\":0,\"publisher\":{\"@id\":\"https:\/\/denizcankizil.tr\/de\/#organization\"},\"image\":{\"@id\":\"https:\/\/denizcankizil.tr\/ru\/haberler\/antalya\/uci-nirvana-gran-fondo-world-series-antalya-yarin-yapilacak\/#primaryimage\"},\"thumbnailUrl\":\"http:\/\/denizcankizil.tr\/wp-content\/uploads\/2024\/11\/3119-01-jCjcS6.jpeg\",\"articleSection\":[\"Antalya\",\"Uncategorized\"],\"inLanguage\":\"uk\",\"potentialAction\":[{\"@type\":\"CommentAction\",\"name\":\"Comment\",\"target\":[\"https:\/\/denizcankizil.tr\/ru\/haberler\/antalya\/uci-nirvana-gran-fondo-world-series-antalya-yarin-yapilacak\/#respond\"]}]},{\"@type\":\"WebPage\",\"@id\":\"https:\/\/denizcankizil.tr\/ru\/haberler\/antalya\/uci-nirvana-gran-fondo-world-series-antalya-yarin-yapilacak\/\",\"url\":\"https:\/\/denizcankizil.tr\/ru\/haberler\/antalya\/uci-nirvana-gran-fondo-world-series-antalya-yarin-yapilacak\/\",\"name\":\"UCI Nirvana Gran Fondo World Series Antalya yar\u0131n yap\u0131lacak - Av. Deniz Can K\u0131z\u0131l\",\"isPartOf\":{\"@id\":\"https:\/\/denizcankizil.tr\/de\/#website\"},\"primaryImageOfPage\":{\"@id\":\"https:\/\/denizcankizil.tr\/ru\/haberler\/antalya\/uci-nirvana-gran-fondo-world-series-antalya-yarin-yapilacak\/#primaryimage\"},\"image\":{\"@id\":\"https:\/\/denizcankizil.tr\/ru\/haberler\/antalya\/uci-nirvana-gran-fondo-world-series-antalya-yarin-yapilacak\/#primaryimage\"},\"thumbnailUrl\":\"http:\/\/denizcankizil.tr\/wp-content\/uploads\/2024\/11\/3119-01-jCjcS6.jpeg\",\"datePublished\":\"2024-11-16T14:41:52+00:00\",\"breadcrumb\":{\"@id\":\"https:\/\/denizcankizil.tr\/ru\/haberler\/antalya\/uci-nirvana-gran-fondo-world-series-antalya-yarin-yapilacak\/#breadcrumb\"},\"inLanguage\":\"uk\",\"potentialAction\":[{\"@type\":\"ReadAction\",\"target\":[\"https:\/\/denizcankizil.tr\/ru\/haberler\/antalya\/uci-nirvana-gran-fondo-world-series-antalya-yarin-yapilacak\/\"]}]},{\"@type\":\"ImageObject\",\"inLanguage\":\"uk\",\"@id\":\"https:\/\/denizcankizil.tr\/ru\/haberler\/antalya\/uci-nirvana-gran-fondo-world-series-antalya-yarin-yapilacak\/#primaryimage\",\"url\":\"http:\/\/denizcankizil.tr\/wp-content\/uploads\/2024\/11\/3119-01-jCjcS6.jpeg\",\"contentUrl\":\"http:\/\/denizcankizil.tr\/wp-content\/uploads\/2024\/11\/3119-01-jCjcS6.jpeg\",\"width\":1280,\"height\":720},{\"@type\":\"BreadcrumbList\",\"@id\":\"https:\/\/denizcankizil.tr\/ru\/haberler\/antalya\/uci-nirvana-gran-fondo-world-series-antalya-yarin-yapilacak\/#breadcrumb\",\"itemListElement\":[{\"@type\":\"ListItem\",\"position\":1,\"name\":\"Home\",\"item\":\"https:\/\/denizcankizil.tr\/de\/\"},{\"@type\":\"ListItem\",\"position\":2,\"name\":\"UCI Nirvana Gran Fondo World Series Antalya yar\u0131n yap\u0131lacak\"}]},{\"@type\":\"WebSite\",\"@id\":\"https:\/\/denizcankizil.tr\/de\/#website\",\"url\":\"https:\/\/denizcankizil.tr\/de\/\",\"name\":\"Av. Deniz Can K\u0131z\u0131l\",\"description\":\"Avukat Deniz Can K\u0131z\u0131l Antalya Barosu\",\"publisher\":{\"@id\":\"https:\/\/denizcankizil.tr\/de\/#organization\"},\"potentialAction\":[{\"@type\":\"SearchAction\",\"target\":{\"@type\":\"EntryPoint\",\"urlTemplate\":\"https:\/\/denizcankizil.tr\/de\/?s={search_term_string}\"},\"query-input\":{\"@type\":\"PropertyValueSpecification\",\"valueRequired\":true,\"valueName\":\"search_term_string\"}}],\"inLanguage\":\"uk\"},{\"@type\":\"Organization\",\"@id\":\"https:\/\/denizcankizil.tr\/de\/#organization\",\"name\":\"Av. Deniz Can K\u0131z\u0131l\",\"url\":\"https:\/\/denizcankizil.tr\/de\/\",\"logo\":{\"@type\":\"ImageObject\",\"inLanguage\":\"uk\",\"@id\":\"https:\/\/denizcankizil.tr\/de\/#\/schema\/logo\/image\/\",\"url\":\"http:\/\/denizcankizil.tr\/wp-content\/uploads\/2024\/10\/siyah-logo-svg.svg\",\"contentUrl\":\"http:\/\/denizcankizil.tr\/wp-content\/uploads\/2024\/10\/siyah-logo-svg.svg\",\"width\":1080,\"height\":1080,\"caption\":\"Av. Deniz Can K\u0131z\u0131l\"},\"image\":{\"@id\":\"https:\/\/denizcankizil.tr\/de\/#\/schema\/logo\/image\/\"}}]}<\/script>\n<!-- \/ Yoast SEO Premium plugin. -->","yoast_head_json":{"title":"UCI Nirvana Gran Fondo World Series Antalya yar\u0131n yap\u0131lacak - Av. Deniz Can K\u0131z\u0131l","robots":{"index":"index","follow":"follow","max-snippet":"max-snippet:-1","max-image-preview":"max-image-preview:large","max-video-preview":"max-video-preview:-1"},"canonical":"https:\/\/denizcankizil.tr\/uk\/haberler\/antalya\/uci-nirvana-gran-fondo-world-series-antalya-yarin-yapilacak\/","og_locale":"uk_UA","og_type":"article","og_title":"UCI Nirvana Gran Fondo World Series Antalya yar\u0131n yap\u0131lacak","og_description":"UCI Nirvana Gran Fondo World Series Antalya, 98 km&#8217;lik uzun parkur, 66 km&#8217;lik k\u0131sa parkuruyla nefes kesen m\u00fccadelelere sahne olacak. Ayr\u0131ca 66 km\u2019lik k\u0131sa parkura paracycling sporcular da kat\u0131lacak. Bisiklet d\u00fcnyas\u0131n\u0131n en prestijli Gran Fondo yar\u0131\u015flar\u0131 aras\u0131nda yer alan UCI Nirvana Gran Fondo World Series Antalya, bu y\u0131l 4. kez d\u00fczenlenecek. UCI Gran Fondo D\u00fcnya \u015eampiyonas\u0131\u2019na kat\u0131labilmek i\u00e7in zorunlu \u00f6n etaplardan biri olan ve bu \u00f6zelli\u011fiyle di\u011fer Gran Fondo yar\u0131\u015flar\u0131ndan ayr\u0131lan yar\u0131\u015fta, yerli ve yabanc\u0131 y\u00fczlerce amat\u00f6r bisiklet kullan\u0131c\u0131s\u0131 Antalya\u2019da a\u011f\u0131rlan\u0131yor. Amat\u00f6r bisiklet\u00e7ilerin UCI standartlar\u0131nda yar\u0131\u015fmas\u0131n\u0131 sa\u011flayan organizasyon; 98 km uzun parkur, 66 km AG Tohum k\u0131sa parkur yar\u0131n saat 10.00\u2019da start alacak. Uzun parkurda kendi ya\u015f kategorilerinde y\u00fczde 25\u2019lik dilime girenler D\u00fcnya \u015eampiyonas\u0131\u2019na kat\u0131lma hakk\u0131 kazanacak. 50 ya\u015f \u00fczeri kad\u0131n ve 60 ya\u015f \u00fczeri erkeklerde k\u0131sa parkur yar\u0131\u015flar\u0131nda y\u00fczde 25 dilimine giren sporcular, 2025 y\u0131l\u0131nda Avustralya\u2019da d\u00fczenlenecek UCI Gran Fondo D\u00fcnya \u015eampiyonas\u0131\u2019na kat\u0131lma hakk\u0131 kazanacak. \u00d6te yandan bisiklet dostu otelleri, bisiklet organizasyonlar\u0131, bisiklet topluluklar\u0131 ve bisiklet yollar\u0131 ile bir bisiklet \u015fehri olan Antalya, UCI Gran Fondo D\u00fcnya \u015eampiyonas\u0131\u2019na 2029 y\u0131l\u0131nda ev sahipli\u011fi yapmak i\u00e7in haz\u0131rlan\u0131yor. Kaynak: www.kanalv.com.tr Haber Sitesinden Al\u0131nm\u0131\u015ft\u0131r.","og_url":"https:\/\/denizcankizil.tr\/uk\/haberler\/antalya\/uci-nirvana-gran-fondo-world-series-antalya-yarin-yapilacak\/","og_site_name":"Av. Deniz Can K\u0131z\u0131l","article_published_time":"2024-11-16T14:41:52+00:00","og_image":[{"width":1280,"height":720,"url":"https:\/\/denizcankizil.tr\/wp-content\/uploads\/2024\/11\/3119-01-jCjcS6.jpeg","type":"image\/jpeg"}],"twitter_card":"summary_large_image","twitter_misc":{"\u041f\u0440\u0438\u0431\u043b. \u0447\u0430\u0441 \u0447\u0438\u0442\u0430\u043d\u043d\u044f":"1 \u0445\u0432\u0438\u043b\u0438\u043d\u0430"},"schema":{"@context":"https:\/\/schema.org","@graph":[{"@type":"Article","@id":"https:\/\/denizcankizil.tr\/ru\/haberler\/antalya\/uci-nirvana-gran-fondo-world-series-antalya-yarin-yapilacak\/#article","isPartOf":{"@id":"https:\/\/denizcankizil.tr\/ru\/haberler\/antalya\/uci-nirvana-gran-fondo-world-series-antalya-yarin-yapilacak\/"},"author":{"name":"","@id":""},"headline":"UCI Nirvana Gran Fondo World Series Antalya yar\u0131n yap\u0131lacak","datePublished":"2024-11-16T14:41:52+00:00","mainEntityOfPage":{"@id":"https:\/\/denizcankizil.tr\/ru\/haberler\/antalya\/uci-nirvana-gran-fondo-world-series-antalya-yarin-yapilacak\/"},"wordCount":251,"commentCount":0,"publisher":{"@id":"https:\/\/denizcankizil.tr\/de\/#organization"},"image":{"@id":"https:\/\/denizcankizil.tr\/ru\/haberler\/antalya\/uci-nirvana-gran-fondo-world-series-antalya-yarin-yapilacak\/#primaryimage"},"thumbnailUrl":"http:\/\/denizcankizil.tr\/wp-content\/uploads\/2024\/11\/3119-01-jCjcS6.jpeg","articleSection":["Antalya","Uncategorized"],"inLanguage":"uk","potentialAction":[{"@type":"CommentAction","name":"Comment","target":["https:\/\/denizcankizil.tr\/ru\/haberler\/antalya\/uci-nirvana-gran-fondo-world-series-antalya-yarin-yapilacak\/#respond"]}]},{"@type":"WebPage","@id":"https:\/\/denizcankizil.tr\/ru\/haberler\/antalya\/uci-nirvana-gran-fondo-world-series-antalya-yarin-yapilacak\/","url":"https:\/\/denizcankizil.tr\/ru\/haberler\/antalya\/uci-nirvana-gran-fondo-world-series-antalya-yarin-yapilacak\/","name":"UCI Nirvana Gran Fondo World Series Antalya yar\u0131n yap\u0131lacak - Av. Deniz Can K\u0131z\u0131l","isPartOf":{"@id":"https:\/\/denizcankizil.tr\/de\/#website"},"primaryImageOfPage":{"@id":"https:\/\/denizcankizil.tr\/ru\/haberler\/antalya\/uci-nirvana-gran-fondo-world-series-antalya-yarin-yapilacak\/#primaryimage"},"image":{"@id":"https:\/\/denizcankizil.tr\/ru\/haberler\/antalya\/uci-nirvana-gran-fondo-world-series-antalya-yarin-yapilacak\/#primaryimage"},"thumbnailUrl":"http:\/\/denizcankizil.tr\/wp-content\/uploads\/2024\/11\/3119-01-jCjcS6.jpeg","datePublished":"2024-11-16T14:41:52+00:00","breadcrumb":{"@id":"https:\/\/denizcankizil.tr\/ru\/haberler\/antalya\/uci-nirvana-gran-fondo-world-series-antalya-yarin-yapilacak\/#breadcrumb"},"inLanguage":"uk","potentialAction":[{"@type":"ReadAction","target":["https:\/\/denizcankizil.tr\/ru\/haberler\/antalya\/uci-nirvana-gran-fondo-world-series-antalya-yarin-yapilacak\/"]}]},{"@type":"ImageObject","inLanguage":"uk","@id":"https:\/\/denizcankizil.tr\/ru\/haberler\/antalya\/uci-nirvana-gran-fondo-world-series-antalya-yarin-yapilacak\/#primaryimage","url":"http:\/\/denizcankizil.tr\/wp-content\/uploads\/2024\/11\/3119-01-jCjcS6.jpeg","contentUrl":"http:\/\/denizcankizil.tr\/wp-content\/uploads\/2024\/11\/3119-01-jCjcS6.jpeg","width":1280,"height":720},{"@type":"BreadcrumbList","@id":"https:\/\/denizcankizil.tr\/ru\/haberler\/antalya\/uci-nirvana-gran-fondo-world-series-antalya-yarin-yapilacak\/#breadcrumb","itemListElement":[{"@type":"ListItem","position":1,"name":"Home","item":"https:\/\/denizcankizil.tr\/de\/"},{"@type":"ListItem","position":2,"name":"UCI Nirvana Gran Fondo World Series Antalya yar\u0131n yap\u0131lacak"}]},{"@type":"WebSite","@id":"https:\/\/denizcankizil.tr\/de\/#website","url":"https:\/\/denizcankizil.tr\/de\/","name":"Av. Deniz Can K\u0131z\u0131l","description":"Avukat Deniz Can K\u0131z\u0131l Antalya Barosu","publisher":{"@id":"https:\/\/denizcankizil.tr\/de\/#organization"},"potentialAction":[{"@type":"SearchAction","target":{"@type":"EntryPoint","urlTemplate":"https:\/\/denizcankizil.tr\/de\/?s={search_term_string}"},"query-input":{"@type":"PropertyValueSpecification","valueRequired":true,"valueName":"search_term_string"}}],"inLanguage":"uk"},{"@type":"Organization","@id":"https:\/\/denizcankizil.tr\/de\/#organization","name":"Av. Deniz Can K\u0131z\u0131l","url":"https:\/\/denizcankizil.tr\/de\/","logo":{"@type":"ImageObject","inLanguage":"uk","@id":"https:\/\/denizcankizil.tr\/de\/#\/schema\/logo\/image\/","url":"http:\/\/denizcankizil.tr\/wp-content\/uploads\/2024\/10\/siyah-logo-svg.svg","contentUrl":"http:\/\/denizcankizil.tr\/wp-content\/uploads\/2024\/10\/siyah-logo-svg.svg","width":1080,"height":1080,"caption":"Av. Deniz Can K\u0131z\u0131l"},"image":{"@id":"https:\/\/denizcankizil.tr\/de\/#\/schema\/logo\/image\/"}}]}},"_links":{"self":[{"href":"http:\/\/denizcankizil.tr\/uk\/wp-json\/wp\/v2\/posts\/16165","targetHints":{"allow":["GET"]}}],"collection":[{"href":"http:\/\/denizcankizil.tr\/uk\/wp-json\/wp\/v2\/posts"}],"about":[{"href":"http:\/\/denizcankizil.tr\/uk\/wp-json\/wp\/v2\/types\/post"}],"replies":[{"embeddable":true,"href":"http:\/\/denizcankizil.tr\/uk\/wp-json\/wp\/v2\/comments?post=16165"}],"version-history":[{"count":0,"href":"http:\/\/denizcankizil.tr\/uk\/wp-json\/wp\/v2\/posts\/16165\/revisions"}],"wp:featuredmedia":[{"embeddable":true,"href":"http:\/\/denizcankizil.tr\/uk\/wp-json\/wp\/v2\/media\/16166"}],"wp:attachment":[{"href":"http:\/\/denizcankizil.tr\/uk\/wp-json\/wp\/v2\/media?parent=16165"}],"wp:term":[{"taxonomy":"category","embeddable":true,"href":"http:\/\/denizcankizil.tr\/uk\/wp-json\/wp\/v2\/categories?post=16165"},{"taxonomy":"post_tag","embeddable":true,"href":"http:\/\/denizcankizil.tr\/uk\/wp-json\/wp\/v2\/tags?post=16165"}],"curies":[{"name":"wp","href":"https:\/\/api.w.org\/{rel}","templated":true}]}}