{"id":16027,"date":"2024-11-15T14:56:20","date_gmt":"2024-11-15T11:56:20","guid":{"rendered":"https:\/\/denizcankizil.tr\/uncategorized-tr\/tekerrur-ve-kosullu-saliverilme-suresine-etkisi\/"},"modified":"2024-11-15T14:56:20","modified_gmt":"2024-11-15T11:56:20","slug":"tekerrur-ve-kosullu-saliverilme-suresine-etkisi","status":"publish","type":"post","link":"http:\/\/denizcankizil.tr\/uk\/koseyazilari\/degerlendirme\/tekerrur-ve-kosullu-saliverilme-suresine-etkisi\/","title":{"rendered":"Tekerr\u00fcr ve Ko\u015fullu Sal\u0131verilme S\u00fcresine Etkisi"},"content":{"rendered":"<p> <strong>Tekerr\u00fcr \u2064ve \u200cKo\u015fullu Sal\u0131verilme S\u00fcresine Etkisi: Bir De\u011ferlendirme<\/strong><\/p>\n<p>Ceza hukuku, bireylerin\u2063 toplumsal d\u00fczen i\u00e7indeki \u2064davran\u0131\u015flar\u0131n\u0131 d\u00fczenleyen ve ihlallerine kar\u015f\u0131 yapt\u0131r\u0131mlar \u00f6ng\u00f6ren bir \u200dsistemdir. \u2062Bu ba\u011flamda, su\u00e7 \u200bi\u015fleyen\u2063 bireylerin yeniden su\u00e7 i\u015fleme olas\u0131l\u0131klar\u0131,\u2064 ceza \u200cinfaz sisteminin \u00f6nemli bir \u2064par\u00e7as\u0131n\u0131 olu\u015fturmaktad\u0131r.\u200d Tekerr\u00fcr, bir \u200bki\u015finin daha\u2063 \u00f6nce i\u015fledi\u011fi su\u00e7lardan dolay\u0131\u200c tekrar\u2064 ceza almas\u0131 durumunu \u200difade \u2064ederken, ko\u015fullu \u200csal\u0131verilme ise \u200cmahkumlar\u0131n belirli\u200c \u015fartlar alt\u0131nda ceza infazlar\u0131n\u0131n tamamlanmadan \u2064serbest \u2064b\u0131rak\u0131lmalar\u0131n\u0131 sa\u011flayan\u2063 bir\u2062 mekanizmad\u0131r. \u200cBu \u200dmakalede, tekerr\u00fcr kavram\u0131n\u0131n \u2062<a href=\"https:\/\/denizcankizil.tr\/uk\/hukukihaber\/aymnin-2023-148-esas-2024-70-karar-sayili-karari\/\" title=\"AYM&#039;nin 2023\/148 esas - 2024\/70 karar say\u0131l\u0131 karar\u0131\">ko\u015fullu sal\u0131verilme<\/a>\u200c s\u00fcresi \u00fczerindeki \u2062etkileri\u200b detayl\u0131 bir \u015fekilde incelenecek; T\u00fcrk Ceza Kanunu ve \u2062ilgili mevzuatlar\u2063 \u00e7er\u00e7evesinde, tekerr\u00fcr\u00fcn ceza infaz\u0131 s\u00fcrecine yans\u0131malar\u0131 \u2064ele al\u0131nacakt\u0131r. Ayr\u0131ca, Yarg\u0131tay i\u00e7tihatlar\u0131 \u0131\u015f\u0131\u011f\u0131nda, tekerr\u00fcr\u2064 durumlar\u0131n\u0131n ko\u015fullu sal\u0131verilme s\u00fcreleri \u00fczerindeki etkileri de\u011ferlendirilecek\u200b ve bu konudaki\u2063 hukuki belirsizlikler tart\u0131\u015f\u0131lacakt\u0131r. Bu\u200c \u00e7al\u0131\u015fma, \u200dceza adalet sisteminin i\u015fleyi\u015fine dair \u00f6nemli\u200b bir katk\u0131 sa\u011flamay\u0131 ama\u00e7lamaktad\u0131r.<br \/><img decoding=\"async\" class=\"kimage_class lazyload\" data-src=\"https:\/\/denizcankizil.tr\/wp-content\/uploads\/2024\/10\/4376-antalyada-tuketici-hukuku-avukatlarinin-sorumluluklari.jpg\" alt=\"Tekerr\u00fcr Kavram\u0131n\u0131n Hukuki Tan\u0131m\u0131 ve \u00d6nemi\" src=\"data:image\/svg+xml;base64,PHN2ZyB3aWR0aD0iMSIgaGVpZ2h0PSIxIiB4bWxucz0iaHR0cDovL3d3dy53My5vcmcvMjAwMC9zdmciPjwvc3ZnPg==\"><\/p>\n<h2 id=\"tekerrur-kavraminin-hukuki-tanimi-ve-onemi\">Tekerr\u00fcr\u2064 Kavram\u0131n\u0131n Hukuki Tan\u0131m\u0131 ve \u00d6nemi<\/h2>\n<p><strong>Tekerr\u00fcr kavram\u0131<\/strong>, \u2062ceza hukukunda bir ki\u015finin\u200d daha\u2063 \u00f6nce \u200ci\u015fledi\u011fi su\u00e7lardan dolay\u0131 tekrar su\u00e7 i\u015flemesi durumunu\u2064 ifade eder. Bu\u2062 durum, su\u00e7un niteli\u011fine ve ki\u015finin ge\u00e7mi\u015fteki ceza \u200bdurumuna ba\u011fl\u0131\u2062 olarak,\u2062 ceza infaz\u0131nda \u00f6nemli\u2064 de\u011fi\u015fikliklere yol a\u00e7abilir. Tekerr\u00fcr,\u200d yaln\u0131zca \u200bceza miktar\u0131n\u0131 art\u0131rmakla kalmaz, ayn\u0131 \u2062zamanda ko\u015fullu sal\u0131verilme s\u00fcrelerini de\u200b etkileyerek, mahkumun cezaevinden ne zaman \u00e7\u0131kabilece\u011fi\u2064 \u00fczerinde belirleyici\u2062 bir\u200c rol oynar.<\/p>\n<p>Tekerr\u00fcr\u00fcn hukuki tan\u0131m\u0131, T\u00fcrk\u200c Ceza Kanunu&#8217;nda a\u00e7\u0131k\u00e7a belirtilmi\u015ftir. \u200cBu tan\u0131ma g\u00f6re, bir ki\u015finin \u2062daha \u00f6nceki\u200b su\u00e7lar\u0131 nedeniyle tekrar su\u00e7 i\u015flemesi,\u200d ceza infaz\u0131nda a\u011f\u0131rla\u015ft\u0131r\u0131c\u0131\u200c bir \u2064unsur\u200b olarak de\u011ferlendirilir. Bu \u2064ba\u011flamda, <strong>tekerr\u00fcr\u00fcn \u00f6nemi<\/strong> \u015fu \u015fekillerde \u00f6zetlenebilir:<\/p>\n<ul>\n<li><strong>Ceza \u200bArt\u0131\u015f\u0131:<\/strong> Tekerr\u00fcr durumunda, mahkeme taraf\u0131ndan verilen\u200d ceza,\u200d ilk su\u00e7tan \u2062daha fazla\u200b olabilir.<\/li>\n<li><strong>Ko\u015fullu Sal\u0131verilme \u200dS\u00fcresi:<\/strong> Tekerr\u00fcr, ko\u015fullu \u200csal\u0131verilme s\u00fcresinin uzamas\u0131na neden \u200dolabilir, bu da mahkumun\u2064 cezaevinde\u200d daha uzun s\u00fcre kalmas\u0131na yol a\u00e7ar.<\/li>\n<li><strong>Toplum G\u00fcvenli\u011fi:<\/strong> Tekerr\u00fcr, toplumun g\u00fcvenli\u011fini sa\u011flamak\u2063 amac\u0131yla, su\u00e7lular\u0131n tekrar su\u00e7 i\u015flemelerini \u00f6nlemek i\u00e7in \u200cbir ara\u00e7 olarak kullan\u0131l\u0131r.<\/li>\n<\/ul>\n<p>Sonu\u00e7 olarak, tekerr\u00fcr kavram\u0131, ceza\u200b hukukunda \u00f6nemli bir yere sahiptir ve\u200c ko\u015fullu sal\u0131verilme s\u00fcreleri \u00fczerinde do\u011frudan etkili olmaktad\u0131r. Bu nedenle,\u2064 su\u00e7\u2063 i\u015fleyen bireylerin \u200dge\u00e7mi\u015fteki ceza \u2062durumlar\u0131, \u2062gelecekteki ceza infaz s\u00fcre\u00e7lerini \u200bbelirlemede\u2063 kritik \u2063bir rol \u200coynamaktad\u0131r.<\/p>\n<p><img decoding=\"async\" class=\"kimage_class lazyload\" data-src=\"https:\/\/denizcankizil.tr\/wp-content\/uploads\/2024\/10\/4382-antalyada-ticaret-hukuku-avukatlarinin-yetki-alanlari.jpg\" alt=\"Ko\u015fullu Sal\u0131verilme S\u00fcrecinin Temel \u0130lkeleri\" src=\"data:image\/svg+xml;base64,PHN2ZyB3aWR0aD0iMSIgaGVpZ2h0PSIxIiB4bWxucz0iaHR0cDovL3d3dy53My5vcmcvMjAwMC9zdmciPjwvc3ZnPg==\"><\/p>\n<h2 id=\"kosullu-saliverilme-surecinin-temel-ilkeleri\">Ko\u015fullu \u200bSal\u0131verilme\u200c S\u00fcrecinin Temel \u0130lkeleri<\/h2>\n<p>Ko\u015fullu sal\u0131verilme\u200c s\u00fcreci, \u200cceza infaz sisteminin \u00f6nemli bir \u200cpar\u00e7as\u0131n\u0131 \u200bolu\u015fturmaktad\u0131r. Bu s\u00fcre\u00e7, mahkumlar\u0131n belirli \u200d\u015fartlar alt\u0131nda \u2063ceza infazlar\u0131n\u0131n \u200btamamlanmadan \u2063sal\u0131verilmesine olanak tan\u0131r. Ancak, bu s\u00fcre\u00e7te dikkate al\u0131nmas\u0131 gereken baz\u0131 temel ilkeler bulunmaktad\u0131r:<\/p>\n<ul>\n<li><strong>\u015eartlar\u0131n Belirlenmesi:<\/strong> Ko\u015fullu sal\u0131verilme, mahkumun \u200bdavran\u0131\u015flar\u0131\u200d ve \u2062rehabilitasyon s\u00fcreci g\u00f6z \u00f6n\u00fcnde\u2064 bulundurularak\u200d belirli \u015fartlara ba\u011flan\u0131r.<\/li>\n<li><strong>Tekerr\u00fcr Durumu:<\/strong> \u2064Tekerr\u00fcr,\u2063 daha \u00f6nce i\u015flenmi\u015f bir su\u00e7\u2062 nedeniyle \u2064mahkumiyetin tekrar\u200d edilmesi durumunu\u2062 ifade eder.\u2062 Tekerr\u00fcr, ko\u015fullu sal\u0131verilme \u200bs\u00fcrecini\u2063 olumsuz etkileyebilir.<\/li>\n<li><strong>Denetim \u200bS\u00fcreci:<\/strong> Ko\u015fullu sal\u0131verilme sonras\u0131, mahkumun belirli bir \u2063s\u00fcre boyunca\u200b denetim alt\u0131nda \u2063tutulmas\u0131 \u2063gerekmektedir. Bu denetim, mahkumun topluma yeniden\u200b entegrasyonunu destekler.<\/li>\n<li><strong>\u0130hlal Durumlar\u0131:<\/strong> Ko\u015fullu sal\u0131verilme \u200c\u015fartlar\u0131n\u0131n ihlali, mahkumun tekrar\u200b cezaevine d\u00f6nmesine yol a\u00e7abilir.\u2062 Bu nedenle, mahkumlar\u0131n bu\u200c \u015fartlara \u200duymas\u0131 b\u00fcy\u00fck \u00f6nem \u2064ta\u015f\u0131r.<\/li>\n<\/ul>\n<p>Sonu\u00e7 olarak, ko\u015fullu sal\u0131verilme s\u00fcreci, \u200bmahkumlar\u0131n topluma\u2062 kazand\u0131r\u0131lmas\u0131\u2064 a\u00e7\u0131s\u0131ndan kritik \u200bbir rol oynamaktad\u0131r. \u2063Ancak,\u2064 tekerr\u00fcr durumu \u200cve di\u011fer ihlaller, bu\u200d s\u00fcrecin etkinli\u011fini\u200c azaltabilir. Bu \u200bnedenle,\u200c ko\u015fullu sal\u0131verilme \u015fartlar\u0131n\u0131n dikkatlice belirlenmesi ve uygulanmas\u0131 gerekmektedir.<\/p>\n<p><img decoding=\"async\" class=\"kimage_class lazyload\" data-src=\"https:\/\/denizcankizil.tr\/wp-content\/uploads\/2024\/10\/IIKHg-253D.jpg\" alt=\"Tekerr\u00fcr\u00fcn \u2062Ko\u015fullu Sal\u0131verilme S\u00fcresine \u200cEtkileri\" src=\"data:image\/svg+xml;base64,PHN2ZyB3aWR0aD0iMSIgaGVpZ2h0PSIxIiB4bWxucz0iaHR0cDovL3d3dy53My5vcmcvMjAwMC9zdmciPjwvc3ZnPg==\"><\/p>\n<h2 id=\"tekerrurun-kosullu-saliverilme-suresine-etkileri\">Tekerr\u00fcr\u00fcn Ko\u015fullu\u200d Sal\u0131verilme S\u00fcresine Etkileri<\/h2>\n<p>Tekerr\u00fcr, ceza hukukunda\u200b bir su\u00e7un birden fazla kez \u2062i\u015flenmesi durumunu ifade eder. Bu durum,\u2063 ko\u015fullu sal\u0131verilme s\u00fcresinin \u2063belirlenmesinde \u00f6nemli bir etkiye sahiptir. Tekerr\u00fcr, \u2064mahkeme\u200b taraf\u0131ndan\u200c verilen \u2063cezan\u0131n s\u00fcresini \u200dve ko\u015fullu sal\u0131verilme \u015fartlar\u0131n\u0131 \u2064do\u011frudan etkileyebilir. \u00d6zellikle,\u2063 tekerr\u00fcr halinde, mahkeme, san\u0131\u011f\u0131n ceza \u200binfaz\u0131 \u2063s\u00fcresini art\u0131rma yetkisine\u200b sahiptir.<\/p>\n<p>Ko\u015fullu sal\u0131verilme, mahkumun belirli\u2064 \u015fartlar alt\u0131nda cezas\u0131n\u0131n infaz\u0131n\u0131n tamamlanmadan \u00f6nce serbest b\u0131rak\u0131lmas\u0131 anlam\u0131na gelir. Ancak, tekerr\u00fcr durumunda, bu s\u00fcre\u00e7 \u200bdaha karma\u015f\u0131k hale\u2063 gelir. A\u015fa\u011f\u0131daki unsurlar, \u200dtekerr\u00fcr\u00fcn ko\u015fullu\u2062 sal\u0131verilme s\u00fcresine\u200b olan etkilerini belirlemektedir:<\/p>\n<ul>\n<li><strong>Cezan\u0131n S\u00fcresi:<\/strong> Tekerr\u00fcr, cezan\u0131n s\u00fcresini art\u0131rabilir, bu \u200dda ko\u015fullu sal\u0131verilme tarihini geciktirir.<\/li>\n<li><strong>Su\u00e7un Niteli\u011fi:<\/strong> \u2062\u0130\u015flenen\u200b su\u00e7un \u200bciddiyeti, \u200cko\u015fullu sal\u0131verilme\u2062 karar\u0131nda dikkate\u2063 al\u0131n\u0131r.<\/li>\n<li><strong>San\u0131\u011f\u0131n Davran\u0131\u015flar\u0131:<\/strong> \u2064Ceza infaz\u0131 s\u00fcresince san\u0131\u011f\u0131n\u2063 tutumu, ko\u015fullu sal\u0131verilme \u2062karar\u0131n\u0131\u2063 etkileyebilir.<\/li>\n<\/ul>\n<p>Sonu\u00e7 olarak, tekerr\u00fcr, ko\u015fullu\u2062 sal\u0131verilme s\u00fcresinin belirlenmesinde \u00f6nemli\u2064 bir fakt\u00f6rd\u00fcr. Ceza \u200bhukukunda\u2062 bu \u2064durumun dikkate\u2063 al\u0131nmas\u0131, adaletin sa\u011flanmas\u0131 a\u00e7\u0131s\u0131ndan kritik bir \u00f6neme \u2064sahiptir. Mahkemeler, her bir vakay\u0131 kendi\u200d i\u00e7inde\u200c de\u011ferlendirerek, san\u0131\u011f\u0131n yeniden \u200dsu\u00e7 i\u015fleme olas\u0131l\u0131\u011f\u0131n\u0131 g\u00f6z \u00f6n\u00fcnde bulundurarak karar vermektedir.<\/p>\n<p><img decoding=\"async\" class=\"kimage_class lazyload\" data-src=\"https:\/\/denizcankizil.tr\/wp-content\/uploads\/2024\/10\/1LHFk-253D.jpg\" alt=\"Yarg\u0131tay\u2064 \u0130\u00e7tihatlar\u0131nda Tekerr\u00fcr\u200b ve Ko\u015fullu Sal\u0131verilme\" src=\"data:image\/svg+xml;base64,PHN2ZyB3aWR0aD0iMSIgaGVpZ2h0PSIxIiB4bWxucz0iaHR0cDovL3d3dy53My5vcmcvMjAwMC9zdmciPjwvc3ZnPg==\"><\/p>\n<h2 id=\"yargitay-ictihatlarinda-tekerrur-ve-kosullu-saliverilme\">Yarg\u0131tay \u0130\u00e7tihatlar\u0131nda Tekerr\u00fcr ve Ko\u015fullu Sal\u0131verilme<\/h2>\n<p>Yarg\u0131tay i\u00e7tihatlar\u0131, tekerr\u00fcr ve ko\u015fullu sal\u0131verilme\u2063 konular\u0131nda \u00f6nemli bir \u2063rehberlik\u200b sunmaktad\u0131r. Tekerr\u00fcr,\u200c bir su\u00e7un birden fazla kez i\u015flenmesi\u2063 durumunu ifade ederken, ko\u015fullu sal\u0131verilme \u2063ise mahkumun belirli \u015fartlar\u2063 alt\u0131nda cezas\u0131n\u0131n infaz\u0131n\u0131n tamamlanmadan serbest \u2064b\u0131rak\u0131lmas\u0131 anlam\u0131na gelir. Bu iki kavram aras\u0131ndaki ili\u015fki, \u2062ceza hukukunda\u200b \u00f6nemli \u200dbir yer tutmaktad\u0131r.<\/p>\n<p>Yarg\u0131tay, tekerr\u00fcr durumunda\u200b ko\u015fullu \u2063sal\u0131verilme \u200cs\u00fcresinin nas\u0131l etkilenece\u011fine dair\u200b \u00e7e\u015fitli i\u00e7tihatlar geli\u015ftirmi\u015ftir. Bu\u200b ba\u011flamda, a\u015fa\u011f\u0131daki hususlar dikkate\u2062 al\u0131nmal\u0131d\u0131r:<\/p>\n<ul>\n<li><strong>Tekerr\u00fcr\u00fcn Niteli\u011fi:<\/strong> \u2062Tekerr\u00fcr\u00fcn \u2062hangi su\u00e7lar \u200c\u00fczerinden ger\u00e7ekle\u015fti\u011fi, ko\u015fullu sal\u0131verilme s\u00fcresini etkileyen \u2062\u00f6nemli bir fakt\u00f6rd\u00fcr.<\/li>\n<li><strong>Cezan\u0131n S\u00fcresi:<\/strong> Mahkumun \u200bald\u0131\u011f\u0131 <a href=\"https:\/\/denizcankizil.tr\/uk\/koseyazilari\/degerlendirme\/turk-ceza-kanununa-gore-sucta-tekerrur-ve-ozel-tehlikeli-suclular\/\" title=\"\u0417\u0433\u0456\u0434\u043d\u043e \u0437 \u041a\u0440\u0438\u043c\u0456\u043d\u0430\u043b\u044c\u043d\u0438\u043c \u043a\u043e\u0434\u0435\u043a\u0441\u043e\u043c \u0422\u0443\u0440\u0435\u0447\u0447\u0438\u043d\u0438; \u041f\u043e\u0432\u0442\u043e\u0440\u044e\u0432\u0430\u043d\u0456 \u0437\u043b\u043e\u0447\u0438\u043d\u0443 \u0442\u0430 \u043e\u0441\u043e\u0431\u043b\u0438\u0432\u043e \u043d\u0435\u0431\u0435\u0437\u043f\u0435\u0447\u043d\u0456 \u0437\u043b\u043e\u0447\u0438\u043d\u0446\u0456\">cezan\u0131n s\u00fcresi<\/a>,\u200b ko\u015fullu sal\u0131verilme tarihini belirlemede \u200ckritik bir rol \u2063oynamaktad\u0131r.<\/li>\n<li><strong>\u0130yi Hal Durumu:<\/strong> Mahkumun \u2062ceza infaz\u0131 s\u00fcresince g\u00f6sterdi\u011fi iyi\u2064 hal, ko\u015fullu sal\u0131verilme \u200ds\u00fcresinin\u200d k\u0131salmas\u0131na katk\u0131 sa\u011flayabilir.<\/li>\n<\/ul>\n<p>Sonu\u00e7 olarak, Yarg\u0131tay i\u00e7tihatlar\u0131, tekerr\u00fcr ve ko\u015fullu \u2062sal\u0131verilme aras\u0131ndaki\u200d ili\u015fkiyi net \u200cbir \u015fekilde ortaya koymakta \u200cve\u200c uygulay\u0131c\u0131lara yol \u200dg\u00f6stermektedir. Bu\u200b ba\u011flamda, her bir\u2063 olay\u0131n \u200ckendi \u200b\u00f6zel \u200cko\u015fullar\u0131 dikkate al\u0131narak\u200d de\u011ferlendirilmesi gerekti\u011fi\u2063 unutulmamal\u0131d\u0131r.<\/p>\n<p><img decoding=\"async\" class=\"kimage_class lazyload\" data-src=\"https:\/\/denizcankizil.tr\/wp-content\/uploads\/2024\/10\/bJieI-253D.jpg\" alt=\"Uygulamada Tekerr\u00fcr ve Ko\u015fullu \u2064Sal\u0131verilme \u0130li\u015fkisi\" src=\"data:image\/svg+xml;base64,PHN2ZyB3aWR0aD0iMSIgaGVpZ2h0PSIxIiB4bWxucz0iaHR0cDovL3d3dy53My5vcmcvMjAwMC9zdmciPjwvc3ZnPg==\"><\/p>\n<h2 id=\"uygulamada-tekerrur-ve-kosullu-saliverilme-iliskisi\">Uygulamada Tekerr\u00fcr ve Ko\u015fullu\u2062 Sal\u0131verilme \u0130li\u015fkisi<\/h2>\n<p>Ceza hukukunda, tekerr\u00fcr ve ko\u015fullu sal\u0131verilme \u2064kavramlar\u0131, su\u00e7 \u200di\u015fleyen bireylerin ceza infaz s\u00fcre\u00e7lerinde \u00f6nemli\u2063 bir\u2063 rol oynamaktad\u0131r. Tekerr\u00fcr, daha \u00f6nce i\u015flenmi\u015f bir su\u00e7 \u2062nedeniyle ceza alm\u0131\u015f bir ki\u015finin, ayn\u0131 veya benzer bir\u200d su\u00e7u \u200btekrar i\u015flemesi durumunu ifade eder. Bu durum, ceza infaz\u0131nda belirli sonu\u00e7lar \u200cdo\u011furmakta ve ko\u015fullu\u200b sal\u0131verilme \u200ds\u00fcrelerini etkilemektedir.<\/p>\n<p>Ko\u015fullu sal\u0131verilme,\u200d mahkumun\u2063 cezas\u0131n\u0131n\u200d belirli bir k\u0131sm\u0131n\u0131 \u2064infaz ettikten sonra, belirli \u015fartlar \u2062alt\u0131nda serbest b\u0131rak\u0131lmas\u0131n\u0131 sa\u011flayan\u200c bir mekanizmad\u0131r. Tekerr\u00fcr durumunda, ko\u015fullu \u2062sal\u0131verilme s\u00fcresi, mahkumun daha \u00f6nceki su\u00e7lar\u0131 ve\u200b ceza \u2062ge\u00e7mi\u015fi \u200cg\u00f6z \u00f6n\u00fcnde bulundurularak \u200bbelirlenir. \u200cBu ba\u011flamda, <strong>\u015fu \u2063hususlar<\/strong> dikkate\u200b al\u0131nmal\u0131d\u0131r:<\/p>\n<ul>\n<li><strong>\u00d6nceki Su\u00e7lar\u0131n Niteli\u011fi:<\/strong> Tekerr\u00fcr durumunda, mahkumun daha \u00f6nceki \u200bsu\u00e7lar\u0131n\u0131n\u200d cinsine g\u00f6re \u200cko\u015fullu sal\u0131verilme s\u00fcresi uzat\u0131labilir.<\/li>\n<li><strong>Ceza\u200b S\u00fcresinin Uzunlu\u011fu:<\/strong> Tekerr\u00fcr\u2064 nedeniyle verilen ceza, \u200dko\u015fullu sal\u0131verilme tarihini\u200d etkileyen \u00f6nemli bir fakt\u00f6rd\u00fcr.<\/li>\n<li><strong>Mahkumun Davran\u0131\u015flar\u0131:<\/strong> Ceza infaz\u0131\u200c s\u00fcresince mahkumun tutumu ve \u200crehabilitasyon s\u00fcreci, ko\u015fullu sal\u0131verilme \u2062karar\u0131nda belirleyici\u200c olabilir.<\/li>\n<\/ul>\n<p>Sonu\u00e7 \u200dolarak, tekerr\u00fcr ve ko\u015fullu sal\u0131verilme aras\u0131ndaki ili\u015fki, \u2064ceza hukukunun uygulama\u200d alan\u0131nda \u00f6nemli bir yere sahiptir. Bu\u200c kavramlar\u0131n\u200b do\u011fru\u2063 bir \u015fekilde \u200dde\u011ferlendirilmesi, adaletin sa\u011flanmas\u0131 ve mahkumlar\u0131n topluma kazand\u0131r\u0131lmas\u0131 a\u00e7\u0131s\u0131ndan b\u00fcy\u00fck \u2063\u00f6nem \u2063ta\u015f\u0131maktad\u0131r.<\/p>\n<p><img decoding=\"async\" class=\"kimage_class lazyload\" data-src=\"https:\/\/denizcankizil.tr\/wp-content\/uploads\/2024\/10\/t-bild.jpg\" alt=\"Sonu\u00e7 ve De\u011ferlendirme:\u2063 Tekerr\u00fcr\u00fcn Ceza \u2064Hukukundaki Yeri\" src=\"data:image\/svg+xml;base64,PHN2ZyB3aWR0aD0iMSIgaGVpZ2h0PSIxIiB4bWxucz0iaHR0cDovL3d3dy53My5vcmcvMjAwMC9zdmciPjwvc3ZnPg==\"><\/p>\n<h2 id=\"sonuc-ve-degerlendirme-tekerrurun-ceza-hukukundaki-yeri\">Sonu\u00e7 ve De\u011ferlendirme: Tekerr\u00fcr\u00fcn\u200b Ceza \u2063Hukukundaki \u2063Yeri<\/h2>\n<p>Ceza hukukunda tekerr\u00fcr, su\u00e7 i\u015fleyen bireylerin ge\u00e7mi\u015fteki \u200beylemlerinin,\u200b gelecekteki\u200d ceza \u2062uygulamalar\u0131\u200b \u00fczerindeki etkisini belirleyen \u00f6nemli bir\u2063 unsurdur. Tekerr\u00fcr, ayn\u0131 su\u00e7un birden fazla kez i\u015flenmesi durumunda,\u2062 cezan\u0131n art\u0131r\u0131lmas\u0131na\u200c veya uygulanan\u2063 yapt\u0131r\u0131mlar\u0131n daha a\u011f\u0131r hale gelmesine\u2063 yol a\u00e7maktad\u0131r. Bu durum, su\u00e7un \u200bciddiyetine ve\u2062 bireyin su\u00e7a kar\u015f\u0131 tutumuna \u200bdair \u00f6nemli\u2063 ipu\u00e7lar\u0131 sunar.<\/p>\n<p>Tekerr\u00fcr\u00fcn ceza hukukundaki \u2064yeri, \u00f6zellikle ko\u015fullu \u200bsal\u0131verilme s\u00fcreleri \u00fczerinde belirleyici \u200bbir etkiye sahiptir.\u2062 Tekerr\u00fcr durumunda, mahkemeler, su\u00e7lunun yeniden \u200csu\u00e7 i\u015fleme olas\u0131l\u0131\u011f\u0131n\u0131 de\u011ferlendirerek, ko\u015fullu sal\u0131verilme s\u00fcrelerini uzatabilir. Bu ba\u011flamda, tekerr\u00fcr, ceza infaz sisteminin i\u015fleyi\u015finde \u200c\u00f6nemli bir \u2062rol oynamaktad\u0131r. A\u015fa\u011f\u0131daki noktalar,\u200c tekerr\u00fcr\u00fcn\u2063 ko\u015fullu sal\u0131verilme \u200d\u00fczerindeki etkilerini \u00f6zetlemektedir:<\/p>\n<ul>\n<li><strong>Su\u00e7un Tekrar\u0131:<\/strong> \u2062 Tekerr\u00fcr, bireyin\u2062 su\u00e7\u2064 i\u015fleme e\u011filimini\u2064 g\u00f6sterir ve bu\u2062 durum,\u2063 ceza infaz\u0131 s\u00fcrecinde \u200bdikkate\u2063 al\u0131n\u0131r.<\/li>\n<li><strong>Ko\u015fullu Sal\u0131verilme S\u00fcresi:<\/strong> \u2062 Tekerr\u00fcr, ko\u015fullu\u2064 sal\u0131verilme s\u00fcresinin uzamas\u0131na neden \u2064olabilir, \u200bbu da\u2064 bireyin\u2063 topluma yeniden kazand\u0131r\u0131lmas\u0131n\u0131\u200b zorla\u015ft\u0131r\u0131r.<\/li>\n<li><strong>Toplum\u2063 G\u00fcvenli\u011fi:<\/strong> \u2062Tekerr\u00fcr, toplumun g\u00fcvenli\u011fini tehdit eden \u200bbir\u200c fakt\u00f6r olarak \u2063de\u011ferlendirilir ve\u200d bu \u200cnedenle ceza uygulamalar\u0131nda \u200d\u00f6ncelikli bir konu \u2063haline gelir.<\/li>\n<\/ul>\n<p>Sonu\u00e7 olarak, \u2062tekerr\u00fcr, ceza hukukunda \u200b\u00f6nemli bir kavram olup,\u2062 bireylerin ceza infaz s\u00fcre\u00e7lerinde \u2064dikkate al\u0131nmas\u0131 gereken bir unsurdur. Bu durum, hem bireylerin \u2062rehabilitasyonu hem \u2064de\u2062 toplumun g\u00fcvenli\u011fi a\u00e7\u0131s\u0131ndan kritik\u2064 bir \u00f6neme sahiptir. Tekerr\u00fcr\u00fcn etkileri,\u2062 ceza hukukunun i\u015fleyi\u015finde \u200cve uygulamalar\u0131nda belirleyici bir\u2062 rol oynamaktad\u0131r.<\/p>\n<p>Sonu\u00e7 olarak, tekerr\u00fcr ve ko\u015fullu sal\u0131verilme \u200bs\u00fcresi, ceza hukuku a\u00e7\u0131s\u0131ndan\u200d \u00f6nemli \u2063bir yere sahiptir. \u2064Tekerr\u00fcr,\u2062 su\u00e7 i\u015fleyen bireylerin \u200bge\u00e7mi\u015fteki\u200b davran\u0131\u015flar\u0131n\u0131n, gelecekteki ceza\u200b infaz s\u00fcre\u00e7lerine olan etkisini belirlerken, ko\u015fullu sal\u0131verilme\u2062 s\u00fcresi \u2062ise \u2063mahkumlar\u0131n \u200btopluma yeniden kazand\u0131r\u0131lmas\u0131nda kritik bir rol oynamaktad\u0131r.\u200b Bu\u200d ba\u011flamda,\u2062 tekerr\u00fcr\u00fcn varl\u0131\u011f\u0131, ko\u015fullu sal\u0131verilme s\u00fcresinin \u200buzamas\u0131na veya k\u0131salmas\u0131na \u2062do\u011frudan etki edebilir. Ceza adalet sisteminin\u2062 etkinli\u011fi, bu \u200cunsurlar\u0131n do\u011fru\u200c bir \u015fekilde \u2064de\u011ferlendirilmesine ba\u011fl\u0131d\u0131r. Gelecekte yap\u0131lacak\u2063 ara\u015ft\u0131rmalar, tekerr\u00fcr ve\u2062 ko\u015fullu sal\u0131verilme\u2062 aras\u0131ndaki\u2064 ili\u015fkiyi\u2063 daha derinlemesine \u2063inceleyerek, \u200bceza\u200c infaz sisteminin\u200c iyile\u015ftirilmesine katk\u0131\u200c sa\u011flayabilir.\u2063 Bu \u2062nedenle, <a href=\"https:\/\/denizcankizil.tr\/uk\/koseyazilari\/degerlendirme\/basit-yargilama-usulu-yeni-duzenlemelerin-etkileri\/\" title=\"Basit Yarg\u0131lama Usul\u00fc: Yeni D\u00fczenlemelerin Etkileri\">hukuk\u00e7ular\u0131n ve uygulay\u0131c\u0131lar\u0131n<\/a>, bu konudaki geli\u015fmeleri takip etmeleri ve mevcut mevzuat\u0131n gerekliliklerini \u2062g\u00f6z\u2063 \u00f6n\u00fcnde bulundurarak hareket etmeleri b\u00fcy\u00fck \u00f6nem ta\u015f\u0131maktad\u0131r. <\/p>","protected":false},"excerpt":{"rendered":"<p>Tekerr\u00fcr, ceza hukukunda ayn\u0131 su\u00e7un birden fazla i\u015flenmesi durumunu ifade ederken, ko\u015fullu sal\u0131verilme s\u00fcresi \u00fczerinde \u00f6nemli bir etkiye sahiptir. Tekerr\u00fcr, mahkemece belirlenen ceza s\u00fcresini art\u0131rarak, mahkumun erken sal\u0131verilme imkan\u0131n\u0131 k\u0131s\u0131tlayabilir.<\/p>","protected":false},"author":4,"featured_media":16028,"comment_status":"open","ping_status":"open","sticky":false,"template":"","format":"standard","meta":{"_acf_changed":false,"footnotes":""},"categories":[22],"tags":[],"class_list":["post-16027","post","type-post","status-publish","format-standard","has-post-thumbnail","hentry","category-degerlendirme"],"acf":[],"yoast_head":"<!-- This site is optimized with the Yoast SEO Premium plugin v26.6 (Yoast SEO v27.1.1) - https:\/\/yoast.com\/product\/yoast-seo-premium-wordpress\/ -->\n<title>Tekerr\u00fcr ve Ko\u015fullu Sal\u0131verilme S\u00fcresine Etkisi - Av. Deniz Can K\u0131z\u0131l<\/title>\n<meta name=\"robots\" content=\"index, follow, max-snippet:-1, max-image-preview:large, max-video-preview:-1\" \/>\n<link rel=\"canonical\" href=\"https:\/\/denizcankizil.tr\/uk\/koseyazilari\/degerlendirme\/tekerrur-ve-kosullu-saliverilme-suresine-etkisi\/\" \/>\n<meta property=\"og:locale\" content=\"uk_UA\" \/>\n<meta property=\"og:type\" content=\"article\" \/>\n<meta property=\"og:title\" content=\"Tekerr\u00fcr ve Ko\u015fullu Sal\u0131verilme S\u00fcresine Etkisi\" \/>\n<meta property=\"og:description\" content=\"Tekerr\u00fcr, ceza hukukunda ayn\u0131 su\u00e7un birden fazla i\u015flenmesi durumunu ifade ederken, ko\u015fullu sal\u0131verilme s\u00fcresi \u00fczerinde \u00f6nemli bir etkiye sahiptir. Tekerr\u00fcr, mahkemece belirlenen ceza s\u00fcresini art\u0131rarak, mahkumun erken sal\u0131verilme imkan\u0131n\u0131 k\u0131s\u0131tlayabilir.\" \/>\n<meta property=\"og:url\" content=\"https:\/\/denizcankizil.tr\/uk\/koseyazilari\/degerlendirme\/tekerrur-ve-kosullu-saliverilme-suresine-etkisi\/\" \/>\n<meta property=\"og:site_name\" content=\"Av. Deniz Can K\u0131z\u0131l\" \/>\n<meta property=\"article:published_time\" content=\"2024-11-15T11:56:20+00:00\" \/>\n<meta property=\"og:image\" content=\"https:\/\/denizcankizil.tr\/wp-content\/uploads\/2024\/11\/16027-tekerrur-ve-kosullu-saliverilme-suresine-etkisi.jpg\" \/>\n\t<meta property=\"og:image:width\" content=\"782\" \/>\n\t<meta property=\"og:image:height\" content=\"504\" \/>\n\t<meta property=\"og:image:type\" content=\"image\/jpeg\" \/>\n<meta name=\"author\" content=\"Av. Deniz Can K\u0131z\u0131l\" \/>\n<meta name=\"twitter:card\" content=\"summary_large_image\" \/>\n<meta name=\"twitter:label1\" content=\"\u041d\u0430\u043f\u0438\u0441\u0430\u043d\u043e\" \/>\n\t<meta name=\"twitter:data1\" content=\"Av. Deniz Can K\u0131z\u0131l\" \/>\n\t<meta name=\"twitter:label2\" content=\"\u041f\u0440\u0438\u0431\u043b. \u0447\u0430\u0441 \u0447\u0438\u0442\u0430\u043d\u043d\u044f\" \/>\n\t<meta name=\"twitter:data2\" content=\"9 \u0445\u0432\u0438\u043b\u0438\u043d\" \/>\n<script type=\"application\/ld+json\" class=\"yoast-schema-graph\">{\"@context\":\"https:\/\/schema.org\",\"@graph\":[{\"@type\":\"Article\",\"@id\":\"https:\/\/denizcankizil.tr\/ru\/koseyazilari\/degerlendirme\/tekerrur-ve-kosullu-saliverilme-suresine-etkisi\/#article\",\"isPartOf\":{\"@id\":\"https:\/\/denizcankizil.tr\/ru\/koseyazilari\/degerlendirme\/tekerrur-ve-kosullu-saliverilme-suresine-etkisi\/\"},\"author\":{\"name\":\"Av. Deniz Can K\u0131z\u0131l\",\"@id\":\"https:\/\/denizcankizil.tr\/de\/#\/schema\/person\/5dc1b22991bd7ac833867c10afc9b0ff\"},\"headline\":\"Tekerr\u00fcr ve Ko\u015fullu Sal\u0131verilme S\u00fcresine Etkisi\",\"datePublished\":\"2024-11-15T11:56:20+00:00\",\"mainEntityOfPage\":{\"@id\":\"https:\/\/denizcankizil.tr\/ru\/koseyazilari\/degerlendirme\/tekerrur-ve-kosullu-saliverilme-suresine-etkisi\/\"},\"wordCount\":1890,\"commentCount\":0,\"publisher\":{\"@id\":\"https:\/\/denizcankizil.tr\/de\/#organization\"},\"image\":{\"@id\":\"https:\/\/denizcankizil.tr\/ru\/koseyazilari\/degerlendirme\/tekerrur-ve-kosullu-saliverilme-suresine-etkisi\/#primaryimage\"},\"thumbnailUrl\":\"http:\/\/denizcankizil.tr\/wp-content\/uploads\/2024\/11\/16027-tekerrur-ve-kosullu-saliverilme-suresine-etkisi.jpg\",\"articleSection\":[\"De\u011ferlendirme\"],\"inLanguage\":\"uk\",\"potentialAction\":[{\"@type\":\"CommentAction\",\"name\":\"Comment\",\"target\":[\"https:\/\/denizcankizil.tr\/ru\/koseyazilari\/degerlendirme\/tekerrur-ve-kosullu-saliverilme-suresine-etkisi\/#respond\"]}]},{\"@type\":\"WebPage\",\"@id\":\"https:\/\/denizcankizil.tr\/ru\/koseyazilari\/degerlendirme\/tekerrur-ve-kosullu-saliverilme-suresine-etkisi\/\",\"url\":\"https:\/\/denizcankizil.tr\/ru\/koseyazilari\/degerlendirme\/tekerrur-ve-kosullu-saliverilme-suresine-etkisi\/\",\"name\":\"Tekerr\u00fcr ve Ko\u015fullu Sal\u0131verilme S\u00fcresine Etkisi - Av. Deniz Can K\u0131z\u0131l\",\"isPartOf\":{\"@id\":\"https:\/\/denizcankizil.tr\/de\/#website\"},\"primaryImageOfPage\":{\"@id\":\"https:\/\/denizcankizil.tr\/ru\/koseyazilari\/degerlendirme\/tekerrur-ve-kosullu-saliverilme-suresine-etkisi\/#primaryimage\"},\"image\":{\"@id\":\"https:\/\/denizcankizil.tr\/ru\/koseyazilari\/degerlendirme\/tekerrur-ve-kosullu-saliverilme-suresine-etkisi\/#primaryimage\"},\"thumbnailUrl\":\"http:\/\/denizcankizil.tr\/wp-content\/uploads\/2024\/11\/16027-tekerrur-ve-kosullu-saliverilme-suresine-etkisi.jpg\",\"datePublished\":\"2024-11-15T11:56:20+00:00\",\"breadcrumb\":{\"@id\":\"https:\/\/denizcankizil.tr\/ru\/koseyazilari\/degerlendirme\/tekerrur-ve-kosullu-saliverilme-suresine-etkisi\/#breadcrumb\"},\"inLanguage\":\"uk\",\"potentialAction\":[{\"@type\":\"ReadAction\",\"target\":[\"https:\/\/denizcankizil.tr\/ru\/koseyazilari\/degerlendirme\/tekerrur-ve-kosullu-saliverilme-suresine-etkisi\/\"]}]},{\"@type\":\"ImageObject\",\"inLanguage\":\"uk\",\"@id\":\"https:\/\/denizcankizil.tr\/ru\/koseyazilari\/degerlendirme\/tekerrur-ve-kosullu-saliverilme-suresine-etkisi\/#primaryimage\",\"url\":\"http:\/\/denizcankizil.tr\/wp-content\/uploads\/2024\/11\/16027-tekerrur-ve-kosullu-saliverilme-suresine-etkisi.jpg\",\"contentUrl\":\"http:\/\/denizcankizil.tr\/wp-content\/uploads\/2024\/11\/16027-tekerrur-ve-kosullu-saliverilme-suresine-etkisi.jpg\",\"width\":782,\"height\":504,\"caption\":\"Tekerr\u00fcr ve Ko\u015fullu Sal\u0131verilme S\u00fcresine Etkisi\"},{\"@type\":\"BreadcrumbList\",\"@id\":\"https:\/\/denizcankizil.tr\/ru\/koseyazilari\/degerlendirme\/tekerrur-ve-kosullu-saliverilme-suresine-etkisi\/#breadcrumb\",\"itemListElement\":[{\"@type\":\"ListItem\",\"position\":1,\"name\":\"Home\",\"item\":\"https:\/\/denizcankizil.tr\/de\/\"},{\"@type\":\"ListItem\",\"position\":2,\"name\":\"Tekerr\u00fcr ve Ko\u015fullu Sal\u0131verilme S\u00fcresine Etkisi\"}]},{\"@type\":\"WebSite\",\"@id\":\"https:\/\/denizcankizil.tr\/de\/#website\",\"url\":\"https:\/\/denizcankizil.tr\/de\/\",\"name\":\"Av. Deniz Can K\u0131z\u0131l\",\"description\":\"Avukat Deniz Can K\u0131z\u0131l Antalya Barosu\",\"publisher\":{\"@id\":\"https:\/\/denizcankizil.tr\/de\/#organization\"},\"potentialAction\":[{\"@type\":\"SearchAction\",\"target\":{\"@type\":\"EntryPoint\",\"urlTemplate\":\"https:\/\/denizcankizil.tr\/de\/?s={search_term_string}\"},\"query-input\":{\"@type\":\"PropertyValueSpecification\",\"valueRequired\":true,\"valueName\":\"search_term_string\"}}],\"inLanguage\":\"uk\"},{\"@type\":\"Organization\",\"@id\":\"https:\/\/denizcankizil.tr\/de\/#organization\",\"name\":\"Av. Deniz Can K\u0131z\u0131l\",\"url\":\"https:\/\/denizcankizil.tr\/de\/\",\"logo\":{\"@type\":\"ImageObject\",\"inLanguage\":\"uk\",\"@id\":\"https:\/\/denizcankizil.tr\/de\/#\/schema\/logo\/image\/\",\"url\":\"http:\/\/denizcankizil.tr\/wp-content\/uploads\/2024\/10\/siyah-logo-svg.svg\",\"contentUrl\":\"http:\/\/denizcankizil.tr\/wp-content\/uploads\/2024\/10\/siyah-logo-svg.svg\",\"width\":1080,\"height\":1080,\"caption\":\"Av. Deniz Can K\u0131z\u0131l\"},\"image\":{\"@id\":\"https:\/\/denizcankizil.tr\/de\/#\/schema\/logo\/image\/\"}},{\"@type\":\"Person\",\"@id\":\"https:\/\/denizcankizil.tr\/de\/#\/schema\/person\/5dc1b22991bd7ac833867c10afc9b0ff\",\"name\":\"Av. Deniz Can K\u0131z\u0131l\",\"image\":{\"@type\":\"ImageObject\",\"inLanguage\":\"uk\",\"@id\":\"https:\/\/denizcankizil.tr\/de\/#\/schema\/person\/image\/\",\"url\":\"https:\/\/secure.gravatar.com\/avatar\/a0b128fb9855c79efc976d5640eedb31dc35ec297594d6016d2cf7c60e975bb6?s=96&d=mm&r=g\",\"contentUrl\":\"https:\/\/secure.gravatar.com\/avatar\/a0b128fb9855c79efc976d5640eedb31dc35ec297594d6016d2cf7c60e975bb6?s=96&d=mm&r=g\",\"caption\":\"Av. Deniz Can K\u0131z\u0131l\"},\"sameAs\":[\"http:\/\/www.denizcankizil.tr\"],\"url\":\"http:\/\/denizcankizil.tr\/uk\/author\/denizcankizil\/\"}]}<\/script>\n<!-- \/ Yoast SEO Premium plugin. -->","yoast_head_json":{"title":"Tekerr\u00fcr ve Ko\u015fullu Sal\u0131verilme S\u00fcresine Etkisi - Av. Deniz Can K\u0131z\u0131l","robots":{"index":"index","follow":"follow","max-snippet":"max-snippet:-1","max-image-preview":"max-image-preview:large","max-video-preview":"max-video-preview:-1"},"canonical":"https:\/\/denizcankizil.tr\/uk\/koseyazilari\/degerlendirme\/tekerrur-ve-kosullu-saliverilme-suresine-etkisi\/","og_locale":"uk_UA","og_type":"article","og_title":"Tekerr\u00fcr ve Ko\u015fullu Sal\u0131verilme S\u00fcresine Etkisi","og_description":"Tekerr\u00fcr, ceza hukukunda ayn\u0131 su\u00e7un birden fazla i\u015flenmesi durumunu ifade ederken, ko\u015fullu sal\u0131verilme s\u00fcresi \u00fczerinde \u00f6nemli bir etkiye sahiptir. Tekerr\u00fcr, mahkemece belirlenen ceza s\u00fcresini art\u0131rarak, mahkumun erken sal\u0131verilme imkan\u0131n\u0131 k\u0131s\u0131tlayabilir.","og_url":"https:\/\/denizcankizil.tr\/uk\/koseyazilari\/degerlendirme\/tekerrur-ve-kosullu-saliverilme-suresine-etkisi\/","og_site_name":"Av. Deniz Can K\u0131z\u0131l","article_published_time":"2024-11-15T11:56:20+00:00","og_image":[{"width":782,"height":504,"url":"https:\/\/denizcankizil.tr\/wp-content\/uploads\/2024\/11\/16027-tekerrur-ve-kosullu-saliverilme-suresine-etkisi.jpg","type":"image\/jpeg"}],"author":"Av. Deniz Can K\u0131z\u0131l","twitter_card":"summary_large_image","twitter_misc":{"\u041d\u0430\u043f\u0438\u0441\u0430\u043d\u043e":"Av. Deniz Can K\u0131z\u0131l","\u041f\u0440\u0438\u0431\u043b. \u0447\u0430\u0441 \u0447\u0438\u0442\u0430\u043d\u043d\u044f":"9 \u0445\u0432\u0438\u043b\u0438\u043d"},"schema":{"@context":"https:\/\/schema.org","@graph":[{"@type":"Article","@id":"https:\/\/denizcankizil.tr\/ru\/koseyazilari\/degerlendirme\/tekerrur-ve-kosullu-saliverilme-suresine-etkisi\/#article","isPartOf":{"@id":"https:\/\/denizcankizil.tr\/ru\/koseyazilari\/degerlendirme\/tekerrur-ve-kosullu-saliverilme-suresine-etkisi\/"},"author":{"name":"Av. Deniz Can K\u0131z\u0131l","@id":"https:\/\/denizcankizil.tr\/de\/#\/schema\/person\/5dc1b22991bd7ac833867c10afc9b0ff"},"headline":"Tekerr\u00fcr ve Ko\u015fullu Sal\u0131verilme S\u00fcresine Etkisi","datePublished":"2024-11-15T11:56:20+00:00","mainEntityOfPage":{"@id":"https:\/\/denizcankizil.tr\/ru\/koseyazilari\/degerlendirme\/tekerrur-ve-kosullu-saliverilme-suresine-etkisi\/"},"wordCount":1890,"commentCount":0,"publisher":{"@id":"https:\/\/denizcankizil.tr\/de\/#organization"},"image":{"@id":"https:\/\/denizcankizil.tr\/ru\/koseyazilari\/degerlendirme\/tekerrur-ve-kosullu-saliverilme-suresine-etkisi\/#primaryimage"},"thumbnailUrl":"http:\/\/denizcankizil.tr\/wp-content\/uploads\/2024\/11\/16027-tekerrur-ve-kosullu-saliverilme-suresine-etkisi.jpg","articleSection":["De\u011ferlendirme"],"inLanguage":"uk","potentialAction":[{"@type":"CommentAction","name":"Comment","target":["https:\/\/denizcankizil.tr\/ru\/koseyazilari\/degerlendirme\/tekerrur-ve-kosullu-saliverilme-suresine-etkisi\/#respond"]}]},{"@type":"WebPage","@id":"https:\/\/denizcankizil.tr\/ru\/koseyazilari\/degerlendirme\/tekerrur-ve-kosullu-saliverilme-suresine-etkisi\/","url":"https:\/\/denizcankizil.tr\/ru\/koseyazilari\/degerlendirme\/tekerrur-ve-kosullu-saliverilme-suresine-etkisi\/","name":"Tekerr\u00fcr ve Ko\u015fullu Sal\u0131verilme S\u00fcresine Etkisi - Av. Deniz Can K\u0131z\u0131l","isPartOf":{"@id":"https:\/\/denizcankizil.tr\/de\/#website"},"primaryImageOfPage":{"@id":"https:\/\/denizcankizil.tr\/ru\/koseyazilari\/degerlendirme\/tekerrur-ve-kosullu-saliverilme-suresine-etkisi\/#primaryimage"},"image":{"@id":"https:\/\/denizcankizil.tr\/ru\/koseyazilari\/degerlendirme\/tekerrur-ve-kosullu-saliverilme-suresine-etkisi\/#primaryimage"},"thumbnailUrl":"http:\/\/denizcankizil.tr\/wp-content\/uploads\/2024\/11\/16027-tekerrur-ve-kosullu-saliverilme-suresine-etkisi.jpg","datePublished":"2024-11-15T11:56:20+00:00","breadcrumb":{"@id":"https:\/\/denizcankizil.tr\/ru\/koseyazilari\/degerlendirme\/tekerrur-ve-kosullu-saliverilme-suresine-etkisi\/#breadcrumb"},"inLanguage":"uk","potentialAction":[{"@type":"ReadAction","target":["https:\/\/denizcankizil.tr\/ru\/koseyazilari\/degerlendirme\/tekerrur-ve-kosullu-saliverilme-suresine-etkisi\/"]}]},{"@type":"ImageObject","inLanguage":"uk","@id":"https:\/\/denizcankizil.tr\/ru\/koseyazilari\/degerlendirme\/tekerrur-ve-kosullu-saliverilme-suresine-etkisi\/#primaryimage","url":"http:\/\/denizcankizil.tr\/wp-content\/uploads\/2024\/11\/16027-tekerrur-ve-kosullu-saliverilme-suresine-etkisi.jpg","contentUrl":"http:\/\/denizcankizil.tr\/wp-content\/uploads\/2024\/11\/16027-tekerrur-ve-kosullu-saliverilme-suresine-etkisi.jpg","width":782,"height":504,"caption":"Tekerr\u00fcr ve Ko\u015fullu Sal\u0131verilme S\u00fcresine Etkisi"},{"@type":"BreadcrumbList","@id":"https:\/\/denizcankizil.tr\/ru\/koseyazilari\/degerlendirme\/tekerrur-ve-kosullu-saliverilme-suresine-etkisi\/#breadcrumb","itemListElement":[{"@type":"ListItem","position":1,"name":"Home","item":"https:\/\/denizcankizil.tr\/de\/"},{"@type":"ListItem","position":2,"name":"Tekerr\u00fcr ve Ko\u015fullu Sal\u0131verilme S\u00fcresine Etkisi"}]},{"@type":"WebSite","@id":"https:\/\/denizcankizil.tr\/de\/#website","url":"https:\/\/denizcankizil.tr\/de\/","name":"Av. Deniz Can K\u0131z\u0131l","description":"Avukat Deniz Can K\u0131z\u0131l Antalya Barosu","publisher":{"@id":"https:\/\/denizcankizil.tr\/de\/#organization"},"potentialAction":[{"@type":"SearchAction","target":{"@type":"EntryPoint","urlTemplate":"https:\/\/denizcankizil.tr\/de\/?s={search_term_string}"},"query-input":{"@type":"PropertyValueSpecification","valueRequired":true,"valueName":"search_term_string"}}],"inLanguage":"uk"},{"@type":"Organization","@id":"https:\/\/denizcankizil.tr\/de\/#organization","name":"Av. Deniz Can K\u0131z\u0131l","url":"https:\/\/denizcankizil.tr\/de\/","logo":{"@type":"ImageObject","inLanguage":"uk","@id":"https:\/\/denizcankizil.tr\/de\/#\/schema\/logo\/image\/","url":"http:\/\/denizcankizil.tr\/wp-content\/uploads\/2024\/10\/siyah-logo-svg.svg","contentUrl":"http:\/\/denizcankizil.tr\/wp-content\/uploads\/2024\/10\/siyah-logo-svg.svg","width":1080,"height":1080,"caption":"Av. Deniz Can K\u0131z\u0131l"},"image":{"@id":"https:\/\/denizcankizil.tr\/de\/#\/schema\/logo\/image\/"}},{"@type":"Person","@id":"https:\/\/denizcankizil.tr\/de\/#\/schema\/person\/5dc1b22991bd7ac833867c10afc9b0ff","name":"Av. Deniz Can K\u0131z\u0131l","image":{"@type":"ImageObject","inLanguage":"uk","@id":"https:\/\/denizcankizil.tr\/de\/#\/schema\/person\/image\/","url":"https:\/\/secure.gravatar.com\/avatar\/a0b128fb9855c79efc976d5640eedb31dc35ec297594d6016d2cf7c60e975bb6?s=96&d=mm&r=g","contentUrl":"https:\/\/secure.gravatar.com\/avatar\/a0b128fb9855c79efc976d5640eedb31dc35ec297594d6016d2cf7c60e975bb6?s=96&d=mm&r=g","caption":"Av. Deniz Can K\u0131z\u0131l"},"sameAs":["http:\/\/www.denizcankizil.tr"],"url":"http:\/\/denizcankizil.tr\/uk\/author\/denizcankizil\/"}]}},"_links":{"self":[{"href":"http:\/\/denizcankizil.tr\/uk\/wp-json\/wp\/v2\/posts\/16027","targetHints":{"allow":["GET"]}}],"collection":[{"href":"http:\/\/denizcankizil.tr\/uk\/wp-json\/wp\/v2\/posts"}],"about":[{"href":"http:\/\/denizcankizil.tr\/uk\/wp-json\/wp\/v2\/types\/post"}],"author":[{"embeddable":true,"href":"http:\/\/denizcankizil.tr\/uk\/wp-json\/wp\/v2\/users\/4"}],"replies":[{"embeddable":true,"href":"http:\/\/denizcankizil.tr\/uk\/wp-json\/wp\/v2\/comments?post=16027"}],"version-history":[{"count":0,"href":"http:\/\/denizcankizil.tr\/uk\/wp-json\/wp\/v2\/posts\/16027\/revisions"}],"wp:featuredmedia":[{"embeddable":true,"href":"http:\/\/denizcankizil.tr\/uk\/wp-json\/wp\/v2\/media\/16028"}],"wp:attachment":[{"href":"http:\/\/denizcankizil.tr\/uk\/wp-json\/wp\/v2\/media?parent=16027"}],"wp:term":[{"taxonomy":"category","embeddable":true,"href":"http:\/\/denizcankizil.tr\/uk\/wp-json\/wp\/v2\/categories?post=16027"},{"taxonomy":"post_tag","embeddable":true,"href":"http:\/\/denizcankizil.tr\/uk\/wp-json\/wp\/v2\/tags?post=16027"}],"curies":[{"name":"wp","href":"https:\/\/api.w.org\/{rel}","templated":true}]}}