{"id":15834,"date":"2024-11-14T10:41:56","date_gmt":"2024-11-14T07:41:56","guid":{"rendered":"https:\/\/denizcankizil.tr\/uncategorized-tr\/antalya-adliyesinde-ev-sahibi-kiraci-karsi-karsiya-dosya-sayisi-her-gecen-gun-daha-da-artiyor\/"},"modified":"2024-11-14T10:41:56","modified_gmt":"2024-11-14T07:41:56","slug":"antalya-adliyesinde-ev-sahibi-kiraci-karsi-karsiya-dosya-sayisi-her-gecen-gun-daha-da-artiyor","status":"publish","type":"post","link":"http:\/\/denizcankizil.tr\/uk\/haberler\/gundem\/antalya-adliyesinde-ev-sahibi-kiraci-karsi-karsiya-dosya-sayisi-her-gecen-gun-daha-da-artiyor\/","title":{"rendered":"Antalya Adliyesi\u2019nde ev sahibi-kirac\u0131 kar\u015f\u0131 kar\u015f\u0131ya! Dosya say\u0131s\u0131 her ge\u00e7en g\u00fcn daha da art\u0131yor!"},"content":{"rendered":"<p>Ya\u015fam ko\u015fullar\u0131n\u0131n giderek a\u011f\u0131rla\u015ft\u0131\u011f\u0131 Antalya\u2019da kirac\u0131 ev sahibi aras\u0131nda ya\u015fanan sorunlar adliyede son buluyor. Antalya Adliyesinde kirac\u0131-ev sahibi aras\u0131nda ya\u015fanan uyu\u015fmazl\u0131k nedeniyle \u00e7ok say\u0131da davan\u0131n a\u00e7\u0131ld\u0131\u011f\u0131 kaydedildi. Antalyal\u0131lar, artan kira fiyatlar\u0131 kar\u015f\u0131s\u0131nda bunalan isyan ediyor. Merkez il\u00e7elerde kira fiyatlar\u0131n\u0131n 10 bin liradan ba\u015flad\u0131\u011f\u0131 Antalya\u2019da ise fiyatlar\u0131n 100 bin liraya kadar y\u00fckseliyor.<\/p>\n<p>15 B\u0130N TL\u2019N\u0130N ALTINDA K\u0130RALIK KONUT YOK!<\/p>\n<p>Antalya\u2019dan ta\u015f\u0131nan yabanc\u0131lard\u0131n bo\u015faltt\u0131\u011f\u0131 evlerde ise kira fiyatlar\u0131 artmaya devam ediyor. Son aylarda \u00fclkelerine d\u00f6nen yabanc\u0131lardan bo\u015falan evlerin \u00f6nemli b\u00f6l\u00fcm\u00fc bo\u015f duruyor. Daire sahipleri y\u00fcksek kira taleplerinden geri ad\u0131m atmazken, resmi kira fiyat art\u0131\u015f\u0131na ise uyulmuyor. Kira kontratlar\u0131nda ge\u00e7erli zam oran\u0131na uymak istemeyen \u00e7ok say\u0131da ev sahibi, solu\u011fu tahliye davas\u0131 a\u00e7mak i\u00e7in Adliyede al\u0131yor. Di\u011fer yandan yasal haklar\u0131n\u0131 korumak isteyen kirac\u0131lar ise uyu\u015fmazl\u0131k ya\u015fad\u0131\u011f\u0131 ev sahipleri hakk\u0131nda kar\u015f\u0131l\u0131kl\u0131 dava a\u00e7\u0131yor.\u00a0<\/p>\n<p>K\u0130RA ARTI\u015eINI BE\u011eENM\u0130YORSAN EVDEN \u00c7IK!<\/p>\n<p>Yabanc\u0131 n\u00fcfusun giderek azald\u0131\u011f\u0131 Antalya\u2019da kira fiyatlar\u0131 d\u00fc\u015fm\u00fcyor. Muratpa\u015fa il\u00e7esinde 15 bin liran\u0131n alt\u0131nda kiral\u0131k ev bulabilmek olduk\u00e7a zorla\u015ft\u0131. Di\u011fer yandan Konyaalt\u0131 il\u00e7esinde ise kira bedelleri 15 bin liradan ba\u015flayarak 100 bin liraya kadar y\u00fckselebiliyor. Emlak sitelerinde yer alan kiral\u0131k dairelerin fiyatlar\u0131 olduk\u00e7a y\u00fcksek. Yabanc\u0131 n\u00fcfusun azalmaya ba\u015flad\u0131\u011f\u0131 Antalya\u2019da kira bedellerinin d\u00fc\u015fmemesi kar\u015f\u0131s\u0131nda vatanda\u015flar ise tepki g\u00f6steriyor. \u00c7ok say\u0131da konut sahibi kira art\u0131\u015f\u0131n\u0131 be\u011fenmeyen kirac\u0131lar ise daval\u0131k oluyor.\u00a0<\/p>\n<p>\u00c7OK SAYIDA UYU\u015eMAZLIK DAVA KONUSU<\/p>\n<p>Y\u00fcksek kira fiyatlar\u0131n\u0131n yan\u0131 s\u0131ra son zamanlarda ev sahiplerinin istekleri kirac\u0131lar\u0131 ma\u011fdur ediyor. Ev sahiplerinin isteklerinin yan\u0131 s\u0131ra y\u00fcksek kiralar vatanda\u015flar\u0131n ev bulamamas\u0131na neden oluyor. \u00a0Artan kira fiyatlar\u0131n\u0131n pahal\u0131l\u0131\u011f\u0131, vatanda\u015f\u0131 zor durumda b\u0131rak\u0131yor. Kira art\u0131\u015f\u0131ndan dolay\u0131 kirac\u0131 ile konut sahibi aras\u0131nda ya\u015fanan \u00e7ok say\u0131da uyu\u015fmazl\u0131k dava konusu oluyor.\u00a0<\/p>\n<p>\u00a0<\/p>\n<p>\u200bAntalya Adliyesi\u2019nde ev sahibi ile kirac\u0131 uyu\u015fmazl\u0131klar\u0131ndan kaynakl\u0131 dosya say\u0131s\u0131 her ge\u00e7en g\u00fcn daha da art\u0131yor. Yerle\u015fik yabanc\u0131 n\u00fcfus say\u0131s\u0131n\u0131n azalmas\u0131na ra\u011fmen konut sat\u0131\u015f\u0131 ve kira \u00fccretlerinde d\u00fc\u015f\u00fc\u015f hen\u00fcz ya\u015fanmad\u0131.\u00a0<\/p>\n<p>\u200bHaberin Al\u0131nt\u0131land\u0131\u011f\u0131 Kaynak: www.antalyakorfez.com<\/p>","protected":false},"excerpt":{"rendered":"<p>Ya\u015fam ko\u015fullar\u0131n\u0131n giderek a\u011f\u0131rla\u015ft\u0131\u011f\u0131 Antalya\u2019da kirac\u0131 ev sahibi aras\u0131nda ya\u015fanan sorunlar adliyede son buluyor. Antalya Adliyesinde kirac\u0131-ev sahibi aras\u0131nda ya\u015fanan uyu\u015fmazl\u0131k nedeniyle \u00e7ok say\u0131da davan\u0131n a\u00e7\u0131ld\u0131\u011f\u0131 kaydedildi. Antalyal\u0131lar, artan kira fiyatlar\u0131 kar\u015f\u0131s\u0131nda bunalan isyan ediyor. Merkez il\u00e7elerde kira fiyatlar\u0131n\u0131n 10 bin liradan ba\u015flad\u0131\u011f\u0131 Antalya\u2019da ise fiyatlar\u0131n 100 bin liraya kadar y\u00fckseliyor. 15 B\u0130N TL\u2019N\u0130N ALTINDA K\u0130RALIK KONUT YOK! Antalya\u2019dan ta\u015f\u0131nan yabanc\u0131lard\u0131n bo\u015faltt\u0131\u011f\u0131 evlerde ise kira fiyatlar\u0131 artmaya devam ediyor. Son aylarda \u00fclkelerine d\u00f6nen yabanc\u0131lardan bo\u015falan evlerin \u00f6nemli b\u00f6l\u00fcm\u00fc bo\u015f duruyor. Daire sahipleri y\u00fcksek kira taleplerinden geri ad\u0131m atmazken, resmi kira fiyat art\u0131\u015f\u0131na ise uyulmuyor. Kira kontratlar\u0131nda ge\u00e7erli zam oran\u0131na uymak istemeyen \u00e7ok say\u0131da ev sahibi, solu\u011fu tahliye davas\u0131 a\u00e7mak i\u00e7in Adliyede al\u0131yor. Di\u011fer yandan yasal haklar\u0131n\u0131 korumak isteyen kirac\u0131lar ise uyu\u015fmazl\u0131k ya\u015fad\u0131\u011f\u0131 ev sahipleri hakk\u0131nda kar\u015f\u0131l\u0131kl\u0131 dava a\u00e7\u0131yor.\u00a0 K\u0130RA ARTI\u015eINI BE\u011eENM\u0130YORSAN EVDEN \u00c7IK! Yabanc\u0131 n\u00fcfusun giderek azald\u0131\u011f\u0131 Antalya\u2019da kira fiyatlar\u0131 d\u00fc\u015fm\u00fcyor. Muratpa\u015fa il\u00e7esinde 15 bin liran\u0131n alt\u0131nda kiral\u0131k ev bulabilmek olduk\u00e7a zorla\u015ft\u0131. Di\u011fer yandan Konyaalt\u0131 il\u00e7esinde ise kira bedelleri 15 bin liradan ba\u015flayarak 100 bin liraya kadar y\u00fckselebiliyor. Emlak sitelerinde yer alan kiral\u0131k dairelerin fiyatlar\u0131 olduk\u00e7a y\u00fcksek. Yabanc\u0131 n\u00fcfusun azalmaya ba\u015flad\u0131\u011f\u0131 Antalya\u2019da kira bedellerinin d\u00fc\u015fmemesi kar\u015f\u0131s\u0131nda vatanda\u015flar ise tepki g\u00f6steriyor. \u00c7ok say\u0131da konut sahibi kira art\u0131\u015f\u0131n\u0131 be\u011fenmeyen kirac\u0131lar ise daval\u0131k &hellip;<\/p>","protected":false},"author":0,"featured_media":0,"comment_status":"open","ping_status":"open","sticky":false,"template":"","format":"standard","meta":{"_acf_changed":false,"footnotes":""},"categories":[24,535],"tags":[],"class_list":["post-15834","post","type-post","status-publish","format-standard","has-post-thumbnail","hentry","category-gundem","category-uncategorized-tr"],"acf":[],"yoast_head":"<!-- This site is optimized with the Yoast SEO Premium plugin v26.6 (Yoast SEO v27.1.1) - https:\/\/yoast.com\/product\/yoast-seo-premium-wordpress\/ -->\n<title>Antalya Adliyesi\u2019nde ev sahibi-kirac\u0131 kar\u015f\u0131 kar\u015f\u0131ya! Dosya say\u0131s\u0131 her ge\u00e7en g\u00fcn daha da art\u0131yor! - Av. Deniz Can K\u0131z\u0131l<\/title>\n<meta name=\"robots\" content=\"index, follow, max-snippet:-1, max-image-preview:large, max-video-preview:-1\" \/>\n<link rel=\"canonical\" href=\"https:\/\/denizcankizil.tr\/uk\/haberler\/gundem\/antalya-adliyesinde-ev-sahibi-kiraci-karsi-karsiya-dosya-sayisi-her-gecen-gun-daha-da-artiyor\/\" \/>\n<meta property=\"og:locale\" content=\"uk_UA\" \/>\n<meta property=\"og:type\" content=\"article\" \/>\n<meta property=\"og:title\" content=\"Antalya Adliyesi\u2019nde ev sahibi-kirac\u0131 kar\u015f\u0131 kar\u015f\u0131ya! Dosya say\u0131s\u0131 her ge\u00e7en g\u00fcn daha da art\u0131yor!\" \/>\n<meta property=\"og:description\" content=\"Ya\u015fam ko\u015fullar\u0131n\u0131n giderek a\u011f\u0131rla\u015ft\u0131\u011f\u0131 Antalya\u2019da kirac\u0131 ev sahibi aras\u0131nda ya\u015fanan sorunlar adliyede son buluyor. Antalya Adliyesinde kirac\u0131-ev sahibi aras\u0131nda ya\u015fanan uyu\u015fmazl\u0131k nedeniyle \u00e7ok say\u0131da davan\u0131n a\u00e7\u0131ld\u0131\u011f\u0131 kaydedildi. Antalyal\u0131lar, artan kira fiyatlar\u0131 kar\u015f\u0131s\u0131nda bunalan isyan ediyor. Merkez il\u00e7elerde kira fiyatlar\u0131n\u0131n 10 bin liradan ba\u015flad\u0131\u011f\u0131 Antalya\u2019da ise fiyatlar\u0131n 100 bin liraya kadar y\u00fckseliyor. 15 B\u0130N TL\u2019N\u0130N ALTINDA K\u0130RALIK KONUT YOK! Antalya\u2019dan ta\u015f\u0131nan yabanc\u0131lard\u0131n bo\u015faltt\u0131\u011f\u0131 evlerde ise kira fiyatlar\u0131 artmaya devam ediyor. Son aylarda \u00fclkelerine d\u00f6nen yabanc\u0131lardan bo\u015falan evlerin \u00f6nemli b\u00f6l\u00fcm\u00fc bo\u015f duruyor. Daire sahipleri y\u00fcksek kira taleplerinden geri ad\u0131m atmazken, resmi kira fiyat art\u0131\u015f\u0131na ise uyulmuyor. Kira kontratlar\u0131nda ge\u00e7erli zam oran\u0131na uymak istemeyen \u00e7ok say\u0131da ev sahibi, solu\u011fu tahliye davas\u0131 a\u00e7mak i\u00e7in Adliyede al\u0131yor. Di\u011fer yandan yasal haklar\u0131n\u0131 korumak isteyen kirac\u0131lar ise uyu\u015fmazl\u0131k ya\u015fad\u0131\u011f\u0131 ev sahipleri hakk\u0131nda kar\u015f\u0131l\u0131kl\u0131 dava a\u00e7\u0131yor.\u00a0 K\u0130RA ARTI\u015eINI BE\u011eENM\u0130YORSAN EVDEN \u00c7IK! Yabanc\u0131 n\u00fcfusun giderek azald\u0131\u011f\u0131 Antalya\u2019da kira fiyatlar\u0131 d\u00fc\u015fm\u00fcyor. Muratpa\u015fa il\u00e7esinde 15 bin liran\u0131n alt\u0131nda kiral\u0131k ev bulabilmek olduk\u00e7a zorla\u015ft\u0131. Di\u011fer yandan Konyaalt\u0131 il\u00e7esinde ise kira bedelleri 15 bin liradan ba\u015flayarak 100 bin liraya kadar y\u00fckselebiliyor. Emlak sitelerinde yer alan kiral\u0131k dairelerin fiyatlar\u0131 olduk\u00e7a y\u00fcksek. Yabanc\u0131 n\u00fcfusun azalmaya ba\u015flad\u0131\u011f\u0131 Antalya\u2019da kira bedellerinin d\u00fc\u015fmemesi kar\u015f\u0131s\u0131nda vatanda\u015flar ise tepki g\u00f6steriyor. \u00c7ok say\u0131da konut sahibi kira art\u0131\u015f\u0131n\u0131 be\u011fenmeyen kirac\u0131lar ise daval\u0131k &hellip;\" \/>\n<meta property=\"og:url\" content=\"https:\/\/denizcankizil.tr\/uk\/haberler\/gundem\/antalya-adliyesinde-ev-sahibi-kiraci-karsi-karsiya-dosya-sayisi-her-gecen-gun-daha-da-artiyor\/\" \/>\n<meta property=\"og:site_name\" content=\"Av. Deniz Can K\u0131z\u0131l\" \/>\n<meta property=\"article:published_time\" content=\"2024-11-14T07:41:56+00:00\" \/>\n<meta name=\"twitter:card\" content=\"summary_large_image\" \/>\n<meta name=\"twitter:label1\" content=\"\u041f\u0440\u0438\u0431\u043b. \u0447\u0430\u0441 \u0447\u0438\u0442\u0430\u043d\u043d\u044f\" \/>\n\t<meta name=\"twitter:data1\" content=\"2 \u0445\u0432\u0438\u043b\u0438\u043d\u0438\" \/>\n<script type=\"application\/ld+json\" class=\"yoast-schema-graph\">{\"@context\":\"https:\/\/schema.org\",\"@graph\":[{\"@type\":\"Article\",\"@id\":\"https:\/\/denizcankizil.tr\/de\/haberler\/gundem\/antalya-adliyesinde-ev-sahibi-kiraci-karsi-karsiya-dosya-sayisi-her-gecen-gun-daha-da-artiyor\/#article\",\"isPartOf\":{\"@id\":\"https:\/\/denizcankizil.tr\/de\/haberler\/gundem\/antalya-adliyesinde-ev-sahibi-kiraci-karsi-karsiya-dosya-sayisi-her-gecen-gun-daha-da-artiyor\/\"},\"author\":{\"name\":\"\",\"@id\":\"\"},\"headline\":\"Antalya Adliyesi\u2019nde ev sahibi-kirac\u0131 kar\u015f\u0131 kar\u015f\u0131ya! Dosya say\u0131s\u0131 her ge\u00e7en g\u00fcn daha da art\u0131yor!\",\"datePublished\":\"2024-11-14T07:41:56+00:00\",\"mainEntityOfPage\":{\"@id\":\"https:\/\/denizcankizil.tr\/de\/haberler\/gundem\/antalya-adliyesinde-ev-sahibi-kiraci-karsi-karsiya-dosya-sayisi-her-gecen-gun-daha-da-artiyor\/\"},\"wordCount\":443,\"commentCount\":0,\"publisher\":{\"@id\":\"https:\/\/denizcankizil.tr\/de\/#organization\"},\"articleSection\":[\"G\u00fcndem\",\"Uncategorized\"],\"inLanguage\":\"uk\",\"potentialAction\":[{\"@type\":\"CommentAction\",\"name\":\"Comment\",\"target\":[\"https:\/\/denizcankizil.tr\/de\/haberler\/gundem\/antalya-adliyesinde-ev-sahibi-kiraci-karsi-karsiya-dosya-sayisi-her-gecen-gun-daha-da-artiyor\/#respond\"]}]},{\"@type\":\"WebPage\",\"@id\":\"https:\/\/denizcankizil.tr\/de\/haberler\/gundem\/antalya-adliyesinde-ev-sahibi-kiraci-karsi-karsiya-dosya-sayisi-her-gecen-gun-daha-da-artiyor\/\",\"url\":\"https:\/\/denizcankizil.tr\/de\/haberler\/gundem\/antalya-adliyesinde-ev-sahibi-kiraci-karsi-karsiya-dosya-sayisi-her-gecen-gun-daha-da-artiyor\/\",\"name\":\"Antalya Adliyesi\u2019nde ev sahibi-kirac\u0131 kar\u015f\u0131 kar\u015f\u0131ya! Dosya say\u0131s\u0131 her ge\u00e7en g\u00fcn daha da art\u0131yor! - Av. Deniz Can K\u0131z\u0131l\",\"isPartOf\":{\"@id\":\"https:\/\/denizcankizil.tr\/de\/#website\"},\"datePublished\":\"2024-11-14T07:41:56+00:00\",\"breadcrumb\":{\"@id\":\"https:\/\/denizcankizil.tr\/de\/haberler\/gundem\/antalya-adliyesinde-ev-sahibi-kiraci-karsi-karsiya-dosya-sayisi-her-gecen-gun-daha-da-artiyor\/#breadcrumb\"},\"inLanguage\":\"uk\",\"potentialAction\":[{\"@type\":\"ReadAction\",\"target\":[\"https:\/\/denizcankizil.tr\/de\/haberler\/gundem\/antalya-adliyesinde-ev-sahibi-kiraci-karsi-karsiya-dosya-sayisi-her-gecen-gun-daha-da-artiyor\/\"]}]},{\"@type\":\"BreadcrumbList\",\"@id\":\"https:\/\/denizcankizil.tr\/de\/haberler\/gundem\/antalya-adliyesinde-ev-sahibi-kiraci-karsi-karsiya-dosya-sayisi-her-gecen-gun-daha-da-artiyor\/#breadcrumb\",\"itemListElement\":[{\"@type\":\"ListItem\",\"position\":1,\"name\":\"Home\",\"item\":\"https:\/\/denizcankizil.tr\/de\/\"},{\"@type\":\"ListItem\",\"position\":2,\"name\":\"Antalya Adliyesi\u2019nde ev sahibi-kirac\u0131 kar\u015f\u0131 kar\u015f\u0131ya! Dosya say\u0131s\u0131 her ge\u00e7en g\u00fcn daha da art\u0131yor!\"}]},{\"@type\":\"WebSite\",\"@id\":\"https:\/\/denizcankizil.tr\/de\/#website\",\"url\":\"https:\/\/denizcankizil.tr\/de\/\",\"name\":\"Av. Deniz Can K\u0131z\u0131l\",\"description\":\"Avukat Deniz Can K\u0131z\u0131l Antalya Barosu\",\"publisher\":{\"@id\":\"https:\/\/denizcankizil.tr\/de\/#organization\"},\"potentialAction\":[{\"@type\":\"SearchAction\",\"target\":{\"@type\":\"EntryPoint\",\"urlTemplate\":\"https:\/\/denizcankizil.tr\/de\/?s={search_term_string}\"},\"query-input\":{\"@type\":\"PropertyValueSpecification\",\"valueRequired\":true,\"valueName\":\"search_term_string\"}}],\"inLanguage\":\"uk\"},{\"@type\":\"Organization\",\"@id\":\"https:\/\/denizcankizil.tr\/de\/#organization\",\"name\":\"Av. Deniz Can K\u0131z\u0131l\",\"url\":\"https:\/\/denizcankizil.tr\/de\/\",\"logo\":{\"@type\":\"ImageObject\",\"inLanguage\":\"uk\",\"@id\":\"https:\/\/denizcankizil.tr\/de\/#\/schema\/logo\/image\/\",\"url\":\"http:\/\/denizcankizil.tr\/wp-content\/uploads\/2024\/10\/siyah-logo-svg.svg\",\"contentUrl\":\"http:\/\/denizcankizil.tr\/wp-content\/uploads\/2024\/10\/siyah-logo-svg.svg\",\"width\":1080,\"height\":1080,\"caption\":\"Av. Deniz Can K\u0131z\u0131l\"},\"image\":{\"@id\":\"https:\/\/denizcankizil.tr\/de\/#\/schema\/logo\/image\/\"}}]}<\/script>\n<!-- \/ Yoast SEO Premium plugin. -->","yoast_head_json":{"title":"Antalya Adliyesi\u2019nde ev sahibi-kirac\u0131 kar\u015f\u0131 kar\u015f\u0131ya! Dosya say\u0131s\u0131 her ge\u00e7en g\u00fcn daha da art\u0131yor! - Av. Deniz Can K\u0131z\u0131l","robots":{"index":"index","follow":"follow","max-snippet":"max-snippet:-1","max-image-preview":"max-image-preview:large","max-video-preview":"max-video-preview:-1"},"canonical":"https:\/\/denizcankizil.tr\/uk\/haberler\/gundem\/antalya-adliyesinde-ev-sahibi-kiraci-karsi-karsiya-dosya-sayisi-her-gecen-gun-daha-da-artiyor\/","og_locale":"uk_UA","og_type":"article","og_title":"Antalya Adliyesi\u2019nde ev sahibi-kirac\u0131 kar\u015f\u0131 kar\u015f\u0131ya! Dosya say\u0131s\u0131 her ge\u00e7en g\u00fcn daha da art\u0131yor!","og_description":"Ya\u015fam ko\u015fullar\u0131n\u0131n giderek a\u011f\u0131rla\u015ft\u0131\u011f\u0131 Antalya\u2019da kirac\u0131 ev sahibi aras\u0131nda ya\u015fanan sorunlar adliyede son buluyor. Antalya Adliyesinde kirac\u0131-ev sahibi aras\u0131nda ya\u015fanan uyu\u015fmazl\u0131k nedeniyle \u00e7ok say\u0131da davan\u0131n a\u00e7\u0131ld\u0131\u011f\u0131 kaydedildi. Antalyal\u0131lar, artan kira fiyatlar\u0131 kar\u015f\u0131s\u0131nda bunalan isyan ediyor. Merkez il\u00e7elerde kira fiyatlar\u0131n\u0131n 10 bin liradan ba\u015flad\u0131\u011f\u0131 Antalya\u2019da ise fiyatlar\u0131n 100 bin liraya kadar y\u00fckseliyor. 15 B\u0130N TL\u2019N\u0130N ALTINDA K\u0130RALIK KONUT YOK! Antalya\u2019dan ta\u015f\u0131nan yabanc\u0131lard\u0131n bo\u015faltt\u0131\u011f\u0131 evlerde ise kira fiyatlar\u0131 artmaya devam ediyor. Son aylarda \u00fclkelerine d\u00f6nen yabanc\u0131lardan bo\u015falan evlerin \u00f6nemli b\u00f6l\u00fcm\u00fc bo\u015f duruyor. Daire sahipleri y\u00fcksek kira taleplerinden geri ad\u0131m atmazken, resmi kira fiyat art\u0131\u015f\u0131na ise uyulmuyor. Kira kontratlar\u0131nda ge\u00e7erli zam oran\u0131na uymak istemeyen \u00e7ok say\u0131da ev sahibi, solu\u011fu tahliye davas\u0131 a\u00e7mak i\u00e7in Adliyede al\u0131yor. Di\u011fer yandan yasal haklar\u0131n\u0131 korumak isteyen kirac\u0131lar ise uyu\u015fmazl\u0131k ya\u015fad\u0131\u011f\u0131 ev sahipleri hakk\u0131nda kar\u015f\u0131l\u0131kl\u0131 dava a\u00e7\u0131yor.\u00a0 K\u0130RA ARTI\u015eINI BE\u011eENM\u0130YORSAN EVDEN \u00c7IK! Yabanc\u0131 n\u00fcfusun giderek azald\u0131\u011f\u0131 Antalya\u2019da kira fiyatlar\u0131 d\u00fc\u015fm\u00fcyor. Muratpa\u015fa il\u00e7esinde 15 bin liran\u0131n alt\u0131nda kiral\u0131k ev bulabilmek olduk\u00e7a zorla\u015ft\u0131. Di\u011fer yandan Konyaalt\u0131 il\u00e7esinde ise kira bedelleri 15 bin liradan ba\u015flayarak 100 bin liraya kadar y\u00fckselebiliyor. Emlak sitelerinde yer alan kiral\u0131k dairelerin fiyatlar\u0131 olduk\u00e7a y\u00fcksek. Yabanc\u0131 n\u00fcfusun azalmaya ba\u015flad\u0131\u011f\u0131 Antalya\u2019da kira bedellerinin d\u00fc\u015fmemesi kar\u015f\u0131s\u0131nda vatanda\u015flar ise tepki g\u00f6steriyor. \u00c7ok say\u0131da konut sahibi kira art\u0131\u015f\u0131n\u0131 be\u011fenmeyen kirac\u0131lar ise daval\u0131k &hellip;","og_url":"https:\/\/denizcankizil.tr\/uk\/haberler\/gundem\/antalya-adliyesinde-ev-sahibi-kiraci-karsi-karsiya-dosya-sayisi-her-gecen-gun-daha-da-artiyor\/","og_site_name":"Av. Deniz Can K\u0131z\u0131l","article_published_time":"2024-11-14T07:41:56+00:00","twitter_card":"summary_large_image","twitter_misc":{"\u041f\u0440\u0438\u0431\u043b. \u0447\u0430\u0441 \u0447\u0438\u0442\u0430\u043d\u043d\u044f":"2 \u0445\u0432\u0438\u043b\u0438\u043d\u0438"},"schema":{"@context":"https:\/\/schema.org","@graph":[{"@type":"Article","@id":"https:\/\/denizcankizil.tr\/de\/haberler\/gundem\/antalya-adliyesinde-ev-sahibi-kiraci-karsi-karsiya-dosya-sayisi-her-gecen-gun-daha-da-artiyor\/#article","isPartOf":{"@id":"https:\/\/denizcankizil.tr\/de\/haberler\/gundem\/antalya-adliyesinde-ev-sahibi-kiraci-karsi-karsiya-dosya-sayisi-her-gecen-gun-daha-da-artiyor\/"},"author":{"name":"","@id":""},"headline":"Antalya Adliyesi\u2019nde ev sahibi-kirac\u0131 kar\u015f\u0131 kar\u015f\u0131ya! Dosya say\u0131s\u0131 her ge\u00e7en g\u00fcn daha da art\u0131yor!","datePublished":"2024-11-14T07:41:56+00:00","mainEntityOfPage":{"@id":"https:\/\/denizcankizil.tr\/de\/haberler\/gundem\/antalya-adliyesinde-ev-sahibi-kiraci-karsi-karsiya-dosya-sayisi-her-gecen-gun-daha-da-artiyor\/"},"wordCount":443,"commentCount":0,"publisher":{"@id":"https:\/\/denizcankizil.tr\/de\/#organization"},"articleSection":["G\u00fcndem","Uncategorized"],"inLanguage":"uk","potentialAction":[{"@type":"CommentAction","name":"Comment","target":["https:\/\/denizcankizil.tr\/de\/haberler\/gundem\/antalya-adliyesinde-ev-sahibi-kiraci-karsi-karsiya-dosya-sayisi-her-gecen-gun-daha-da-artiyor\/#respond"]}]},{"@type":"WebPage","@id":"https:\/\/denizcankizil.tr\/de\/haberler\/gundem\/antalya-adliyesinde-ev-sahibi-kiraci-karsi-karsiya-dosya-sayisi-her-gecen-gun-daha-da-artiyor\/","url":"https:\/\/denizcankizil.tr\/de\/haberler\/gundem\/antalya-adliyesinde-ev-sahibi-kiraci-karsi-karsiya-dosya-sayisi-her-gecen-gun-daha-da-artiyor\/","name":"Antalya Adliyesi\u2019nde ev sahibi-kirac\u0131 kar\u015f\u0131 kar\u015f\u0131ya! Dosya say\u0131s\u0131 her ge\u00e7en g\u00fcn daha da art\u0131yor! - Av. Deniz Can K\u0131z\u0131l","isPartOf":{"@id":"https:\/\/denizcankizil.tr\/de\/#website"},"datePublished":"2024-11-14T07:41:56+00:00","breadcrumb":{"@id":"https:\/\/denizcankizil.tr\/de\/haberler\/gundem\/antalya-adliyesinde-ev-sahibi-kiraci-karsi-karsiya-dosya-sayisi-her-gecen-gun-daha-da-artiyor\/#breadcrumb"},"inLanguage":"uk","potentialAction":[{"@type":"ReadAction","target":["https:\/\/denizcankizil.tr\/de\/haberler\/gundem\/antalya-adliyesinde-ev-sahibi-kiraci-karsi-karsiya-dosya-sayisi-her-gecen-gun-daha-da-artiyor\/"]}]},{"@type":"BreadcrumbList","@id":"https:\/\/denizcankizil.tr\/de\/haberler\/gundem\/antalya-adliyesinde-ev-sahibi-kiraci-karsi-karsiya-dosya-sayisi-her-gecen-gun-daha-da-artiyor\/#breadcrumb","itemListElement":[{"@type":"ListItem","position":1,"name":"Home","item":"https:\/\/denizcankizil.tr\/de\/"},{"@type":"ListItem","position":2,"name":"Antalya Adliyesi\u2019nde ev sahibi-kirac\u0131 kar\u015f\u0131 kar\u015f\u0131ya! Dosya say\u0131s\u0131 her ge\u00e7en g\u00fcn daha da art\u0131yor!"}]},{"@type":"WebSite","@id":"https:\/\/denizcankizil.tr\/de\/#website","url":"https:\/\/denizcankizil.tr\/de\/","name":"Av. Deniz Can K\u0131z\u0131l","description":"Avukat Deniz Can K\u0131z\u0131l Antalya Barosu","publisher":{"@id":"https:\/\/denizcankizil.tr\/de\/#organization"},"potentialAction":[{"@type":"SearchAction","target":{"@type":"EntryPoint","urlTemplate":"https:\/\/denizcankizil.tr\/de\/?s={search_term_string}"},"query-input":{"@type":"PropertyValueSpecification","valueRequired":true,"valueName":"search_term_string"}}],"inLanguage":"uk"},{"@type":"Organization","@id":"https:\/\/denizcankizil.tr\/de\/#organization","name":"Av. Deniz Can K\u0131z\u0131l","url":"https:\/\/denizcankizil.tr\/de\/","logo":{"@type":"ImageObject","inLanguage":"uk","@id":"https:\/\/denizcankizil.tr\/de\/#\/schema\/logo\/image\/","url":"http:\/\/denizcankizil.tr\/wp-content\/uploads\/2024\/10\/siyah-logo-svg.svg","contentUrl":"http:\/\/denizcankizil.tr\/wp-content\/uploads\/2024\/10\/siyah-logo-svg.svg","width":1080,"height":1080,"caption":"Av. Deniz Can K\u0131z\u0131l"},"image":{"@id":"https:\/\/denizcankizil.tr\/de\/#\/schema\/logo\/image\/"}}]}},"_links":{"self":[{"href":"http:\/\/denizcankizil.tr\/uk\/wp-json\/wp\/v2\/posts\/15834","targetHints":{"allow":["GET"]}}],"collection":[{"href":"http:\/\/denizcankizil.tr\/uk\/wp-json\/wp\/v2\/posts"}],"about":[{"href":"http:\/\/denizcankizil.tr\/uk\/wp-json\/wp\/v2\/types\/post"}],"replies":[{"embeddable":true,"href":"http:\/\/denizcankizil.tr\/uk\/wp-json\/wp\/v2\/comments?post=15834"}],"version-history":[{"count":0,"href":"http:\/\/denizcankizil.tr\/uk\/wp-json\/wp\/v2\/posts\/15834\/revisions"}],"wp:attachment":[{"href":"http:\/\/denizcankizil.tr\/uk\/wp-json\/wp\/v2\/media?parent=15834"}],"wp:term":[{"taxonomy":"category","embeddable":true,"href":"http:\/\/denizcankizil.tr\/uk\/wp-json\/wp\/v2\/categories?post=15834"},{"taxonomy":"post_tag","embeddable":true,"href":"http:\/\/denizcankizil.tr\/uk\/wp-json\/wp\/v2\/tags?post=15834"}],"curies":[{"name":"wp","href":"https:\/\/api.w.org\/{rel}","templated":true}]}}