{"id":15645,"date":"2024-11-12T13:11:45","date_gmt":"2024-11-12T10:11:45","guid":{"rendered":"https:\/\/denizcankizil.tr\/uncategorized-tr\/yasal-mirascilar-kimler-mirasdavalari\/"},"modified":"2024-11-12T13:11:45","modified_gmt":"2024-11-12T10:11:45","slug":"yasal-mirascilar-kimler-mirasdavalari","status":"publish","type":"post","link":"http:\/\/denizcankizil.tr\/uk\/uncategorized-tr\/yasal-mirascilar-kimler-mirasdavalari\/","title":{"rendered":"YASAL M\u0130RAS\u00c7ILAR  kimler? #Mirasdavalar\u0131"},"content":{"rendered":"<p> T\u00fcrk Medeni Kanunu, miras hukuku ba\u011flam\u0131nda \u00f6nemli h\u00fck\u00fcmler i\u00e7ermekte olup, miras\u00e7\u0131lar\u0131n kimler oldu\u011funu belirlemenin yan\u0131 s\u0131ra, miras payla\u015f\u0131m\u0131nda izlenecek y\u00f6ntemleri de ortaya koymaktad\u0131r. Miras davalar\u0131n\u0131n karma\u015f\u0131k yap\u0131s\u0131, yasal miras\u00e7\u0131lar\u0131n tan\u0131m\u0131n\u0131 ve haklar\u0131n\u0131 anlamay\u0131 zorla\u015ft\u0131rabilir. Bu yaz\u0131da, yasal miras\u00e7\u0131lar\u0131n kimler oldu\u011funa dair detayl\u0131 bir inceleme yap\u0131lacakt\u0131r. T\u00fcrk Medeni Kanunu&#8217;nun 495 ila 501. maddeleri \u00e7er\u00e7evesinde, birinci, ikinci ve \u00fc\u00e7\u00fcnc\u00fc dereceden miras\u00e7\u0131lar\u0131n yan\u0131 s\u0131ra evlilik d\u0131\u015f\u0131 do\u011fan bireyler, sa\u011f kalan e\u015fler, evlatl\u0131k ili\u015fkileri ve devlete ait miras hakk\u0131 gibi konular ele al\u0131nacakt\u0131r. Yasal miras\u00e7\u0131lar\u0131n belirlenmesi, sadece hukuki bir gereklilik de\u011fil, ayn\u0131 zamanda aile yap\u0131s\u0131 ve sosyal ili\u015fkiler \u00fczerindeki etkileri dolay\u0131s\u0131yla da b\u00fcy\u00fck bir \u00f6neme sahiptir. Miras davalar\u0131 ile ilgili olarak, bu konular\u0131 daha derinlemesine incelemek, miras\u00e7\u0131lar aras\u0131nda adaletin sa\u011flanmas\u0131na katk\u0131da bulunacakt\u0131r.<\/p>\n<h2 id=\"yasal-mirascilarin-tanimi-ve-onemi\">Yasal Miras\u00e7\u0131lar\u0131n Tan\u0131m\u0131 ve \u00d6nemi<\/h2>\n<p><img decoding=\"async\" class=\"qimage_class lazyload\" data-src=\"https:\/\/denizcankizil.tr\/wp-content\/uploads\/2024\/11\/istemi.jpg67332959eab98.jpg\" alt=\"Yasal Miras\u00e7\u0131lar\u0131n Tan\u0131m\u0131 ve \u00d6nemi\" src=\"data:image\/svg+xml;base64,PHN2ZyB3aWR0aD0iMSIgaGVpZ2h0PSIxIiB4bWxucz0iaHR0cDovL3d3dy53My5vcmcvMjAwMC9zdmciPjwvc3ZnPg==\"><\/p>\n<section>\n<p>Yasal miras\u00e7\u0131lar, T\u00fcrk Medeni Kanunu&#8217;nun 495 ile 501. maddeleri aras\u0131nda tan\u0131mlanm\u0131\u015ft\u0131r. Bu yasa \u00e7er\u00e7evesinde miras\u00e7\u0131lar, derecelerine g\u00f6re s\u0131n\u0131fland\u0131r\u0131lmaktad\u0131r. Yasal miras\u00e7\u0131lar\u0131n en \u00fcst s\u0131ralar\u0131nda birinci derecede miras\u00e7\u0131lar bulunmaktad\u0131r. Bu grup, miras b\u0131rakan ki\u015finin \u00e7ocuklar\u0131n\u0131 kapsamaktad\u0131r. Miras b\u0131rakan\u0131n \u00e7ocuklar\u0131, miras\u0131n e\u015fit oranda payla\u015ft\u0131r\u0131lmas\u0131ndan yararlan\u0131rlar. E\u011fer \u00e7ocuklardan biri vefat etmi\u015fse, onun miras pay\u0131 torunlar\u0131na ge\u00e7er.<\/p>\n<p>\u0130kinci derecede miras\u00e7\u0131lar, miras b\u0131rakan\u0131n anne ve babas\u0131n\u0131 i\u00e7erir. E\u011fer birinci derecede miras\u00e7\u0131lar mevcut de\u011filse, yani miras b\u0131rakan\u0131n \u00e7ocuklar\u0131 ya\u015fam\u0131yorsa, miras bu kez \u00fcstsoy olan anne ve babaya ge\u00e7er. Anne ve baban\u0131n da hayatta olmamas\u0131 durumunda ise, bu durumda miras, onlar\u0131n altsoyuna, yani miras b\u0131rakan\u0131n karde\u015flerine y\u00f6nelir.<\/p>\n<p>\u00dc\u00e7\u00fcnc\u00fc derecede miras\u00e7\u0131lar ise, miras b\u0131rakan\u0131n b\u00fcy\u00fckanne ve b\u00fcy\u00fckbabas\u0131d\u0131r. E\u011fer birinci ve ikinci derecede miras\u00e7\u0131lar yoksa, miras \u00fc\u00e7\u00fcnc\u00fc dereceden miras\u00e7\u0131lara ge\u00e7ecektir. Bu durum, miras\u0131n da\u011f\u0131t\u0131m\u0131n\u0131 bir \u00fcst soy olan b\u00fcy\u00fckanne ve b\u00fcy\u00fckbabalara y\u00f6nlendirir. E\u011fer bu akrabalar da vefat etmi\u015fse, yasal miras\u00e7\u0131lar aras\u0131ndaki hiyerar\u015fi devam eder.<\/p>\n<p>Evlilik d\u0131\u015f\u0131 do\u011fan bireyler de yasal miras\u00e7\u0131 olarak kabul edilmektedir. T\u00fcrk Medeni Kanunu&#8217;nun 498. maddesi gere\u011fince, evlilik d\u0131\u015f\u0131 do\u011fmu\u015f bireyler, soy ba\u011f\u0131n\u0131n tan\u0131nmas\u0131 ya da mahkeme karar\u0131 ile tan\u0131nmas\u0131 durumunda yasal miras\u00e7\u0131l\u0131k hakk\u0131na sahip olurlar. Bu bireyler, miras b\u0131rakan\u0131n di\u011fer \u00e7ocuklar\u0131 ile e\u015fit oranda miras pay\u0131na sahiptir.<\/p>\n<p>Sa\u011f kalan e\u015f, yasal miras\u00e7\u0131 olarak \u00f6nemli bir yere sahiptir. Sa\u011f kalan e\u015fin mirastaki pay\u0131, miras\u0131n payla\u015ft\u0131r\u0131laca\u011f\u0131 di\u011fer z\u00fcmrelere g\u00f6re de\u011fi\u015fmektedir. Sa\u011f kalan e\u015fin yasal miras\u00e7\u0131l\u0131\u011f\u0131, daha \u00f6nce a\u00e7\u0131klanan hiyerar\u015fi i\u00e7erisinde de\u011ferlendirilmelidir.<\/p>\n<p>Evlatl\u0131k ili\u015fkisi de yasal miras\u00e7\u0131l\u0131k a\u00e7\u0131s\u0131ndan dikkate al\u0131nmaktad\u0131r. T\u00fcrk Medeni Kanunu&#8217;nun 500. maddesi, evlatl\u0131k edinme durumunda miras\u00e7\u0131l\u0131k haklar\u0131n\u0131 a\u00e7\u0131k bir \u015fekilde d\u00fczenlemektedir. Burada dikkat edilmesi gereken \u00f6nemli bir nokta, evlat edenin ve h\u0131s\u0131mlar\u0131n\u0131n evlatl\u0131\u011fa yasal miras\u00e7\u0131 olamayaca\u011f\u0131d\u0131r. En son olarak, herhangi bir yasal miras\u00e7\u0131 bulunmad\u0131\u011f\u0131nda miras devletin mal\u0131 haline ge\u00e7mektedir; bu durum T\u00fcrk Medeni Kanunu&#8217;nun 501. maddesi ile belirlenmi\u015ftir.<\/p>\n<\/section>\n<h2 id=\"turk-medeni-kanunu-kapsaminda-yasal-mirascilar\">T\u00fcrk Medeni Kanunu Kapsam\u0131nda Yasal Miras\u00e7\u0131lar<\/h2>\n<p><img decoding=\"async\" class=\"qimage_class lazyload\" data-src=\"https:\/\/denizcankizil.tr\/wp-content\/uploads\/2024\/11\/4x1024.jpg67332971d21fb.jpg\" alt=\"T\u00fcrk Medeni Kanunu Kapsam\u0131nda Yasal Miras\u00e7\u0131lar\" src=\"data:image\/svg+xml;base64,PHN2ZyB3aWR0aD0iMSIgaGVpZ2h0PSIxIiB4bWxucz0iaHR0cDovL3d3dy53My5vcmcvMjAwMC9zdmciPjwvc3ZnPg==\"><\/p>\n<section>\n<p><strong>\u0426\u0438\u0432\u0456\u043b\u044c\u043d\u0438\u0439 \u043a\u043e\u0434\u0435\u043a\u0441 \u0422\u0443\u0440\u0435\u0447\u0447\u0438\u043d\u0438<\/strong>, miras\u00e7\u0131l\u0131k konusunda ayr\u0131nt\u0131l\u0131 h\u00fck\u00fcmler bar\u0131nd\u0131rmaktad\u0131r. Yasal miras\u00e7\u0131lar\u0131n kimler oldu\u011fu, 495 ile 501. maddeler aras\u0131nda d\u00fczenlenmekte olup, genel olarak \u00fc\u00e7 derecede miras\u00e7\u0131lar tarif edilmektedir. Bu dereceler, mirasb\u0131rakan\u0131n soy ba\u011f\u0131na dayal\u0131 olarak belirlenmektedir.<\/p>\n<p><strong>Birinci derece miras\u00e7\u0131lar<\/strong>, mirasb\u0131rakan\u0131n \u00e7ocuklar\u0131d\u0131r. Miras\u0131n payla\u015ft\u0131r\u0131lmas\u0131 bu bireyler aras\u0131nda e\u015fit olarak yap\u0131l\u0131r. E\u011fer \u00e7ocuklardan biri vefat etmi\u015fse, o \u00e7ocu\u011fun \u00e7ocuklar\u0131 (torunlar) miras\u0131 devral\u0131rlar ve paylar\u0131, \u00e7ocukla torun aras\u0131ndaki orant\u0131ya g\u00f6re da\u011f\u0131t\u0131l\u0131r. B\u00f6ylelikle, torunlar aras\u0131nda e\u015fit bir payla\u015f\u0131m sa\u011flanm\u0131\u015f olur.<\/p>\n<p><strong>\u0130kinci derece miras\u00e7\u0131lar<\/strong>, mirasb\u0131rakan\u0131n anne ve babas\u0131d\u0131r. E\u011fer birinci derece miras\u00e7\u0131lar mevcut de\u011filse, miras ikinci derecede miras\u00e7\u0131lara ge\u00e7mektedir. Anne ve baban\u0131n hayatta olmamas\u0131 durumunda, onlar\u0131n altsoyu olan karde\u015flere veya di\u011fer akrabalara miras intikal etmektedir.<\/p>\n<p><strong>\u00dc\u00e7\u00fcnc\u00fc derece miras\u00e7\u0131lar<\/strong>, b\u00fcy\u00fckanne ve b\u00fcy\u00fckbabalar\u0131 kapsar. Birinci ve ikinci derece miras\u00e7\u0131lar\u0131n bulunmamas\u0131 halinde, miras bu bireylere aktar\u0131l\u0131r. E\u011fer bu ki\u015filer de hayatta de\u011filse, onlar\u0131n altsoylar\u0131 miras\u00e7\u0131l\u0131k hakk\u0131na sahip olurlar.<\/p>\n<p>\u00d6zel durumlar aras\u0131nda, <strong>evlilik d\u0131\u015f\u0131 do\u011fan bireyler<\/strong> de yasal miras\u00e7\u0131 olarak kabul edilmektedir. E\u011fer bu birey, mahkeme karar\u0131yla baba taraf\u0131ndan tan\u0131nm\u0131\u015fsa, kendi altsoyu ile birlikte yasal miras pay hakk\u0131na sahip olmaktad\u0131r. Bu durum, T\u00fcrk Medeni Kanunu\u2019nun ilgili maddeleriyle g\u00fcvence alt\u0131na al\u0131nm\u0131\u015ft\u0131r.<\/p>\n<p>Bir di\u011fer \u00f6nemli nokta, <strong>evlatl\u0131k<\/strong> durumudur. Yasa gere\u011fi, evlatl\u0131k ili\u015fkisi kuruldu\u011funda, evlat edinen ki\u015fi ve akrabalar\u0131 evlatl\u0131k \u00fczerinde miras\u00e7\u0131 olamazlar. Fakat, evlatl\u0131k kendi altsoyu ile yasal miras\u00e7\u0131 olabilecektir. Ayr\u0131ca, e\u011fer t\u00fcm bu miras\u00e7\u0131lara sahip olunmazsa, son olarak <strong>devlet<\/strong> miras\u00e7\u0131 olarak devreye girmekte ve miras devlete b\u0131rak\u0131lmaktad\u0131r.<\/p>\n<\/section>\n<h2 id=\"birinci-derecede-mirascilar-tanim-ve-dagilim\">Birinci Derecede Miras\u00e7\u0131lar: Tan\u0131m ve Da\u011f\u0131l\u0131m<\/h2>\n<p><img decoding=\"async\" class=\"qimage_class lazyload\" data-src=\"https:\/\/denizcankizil.tr\/wp-content\/uploads\/2024\/11\/24x735.jpg\" alt=\"Birinci Derecede Miras\u00e7\u0131lar: Tan\u0131m ve Da\u011f\u0131l\u0131m\" src=\"data:image\/svg+xml;base64,PHN2ZyB3aWR0aD0iMSIgaGVpZ2h0PSIxIiB4bWxucz0iaHR0cDovL3d3dy53My5vcmcvMjAwMC9zdmciPjwvc3ZnPg==\"><\/p>\n<section>\n<p>Birinci derecede miras\u00e7\u0131lar, T\u00fcrk Medeni Kanunu&#8217;nun maddelerinde tan\u0131mlanm\u0131\u015f ilk ve temel yasal miras\u00e7\u0131lard\u0131r. Buna g\u00f6re, miras b\u0131rakan\u0131n <strong>\u00e7ocuklar\u0131<\/strong> birinci derecede miras\u00e7\u0131 olarak kabul edilir. Miras b\u0131rakan\u0131n \u00e7ocuklar\u0131 e\u015fit oranda miras al\u0131rlarken, e\u011fer \u00e7ocuklardan biri \u00f6lm\u00fc\u015fse, o \u00e7ocu\u011fun pay\u0131 kendi \u00e7ocuklar\u0131na ge\u00e7er. Bu durumda, torunlar aras\u0131nda da e\u015fit da\u011f\u0131l\u0131m sa\u011flan\u0131r.<\/p>\n<p>T\u00fcrk Medeni Kanunu&#8217;nda tan\u0131mlanan birinci derecede miras\u00e7\u0131l\u0131\u011f\u0131n temel unsuru, miras\u00e7\u0131l\u0131\u011f\u0131n \u00e7ocuklar \u00fczerinden devam etmesidir. E\u011fer miras b\u0131rakan\u0131n hi\u00e7 \u00e7ocu\u011fu yoksa, ikinci derecede miras\u00e7\u0131lara ge\u00e7ilir. \u0130kinci derecede miras\u00e7\u0131lar, miras b\u0131rakan\u0131n <strong>anne ve babas\u0131d\u0131r<\/strong>. Miras b\u0131rakan\u0131n ebeveynleri hayatta de\u011filse, miras, onlar\u0131n altsoyu olan karde\u015flere ve varsa di\u011fer miras\u00e7\u0131lara ge\u00e7er.<\/p>\n<p>E\u011fer miras b\u0131rakan\u0131n altsoyunda hi\u00e7 miras\u00e7\u0131 yoksa, \u00fc\u00e7\u00fcnc\u00fc derecede miras\u00e7\u0131lar devreye girer. \u00dc\u00e7\u00fcnc\u00fc derecede miras\u00e7\u0131lar, miras b\u0131rakan\u0131n <strong>b\u00fcy\u00fckanne ve b\u00fcy\u00fckbabas\u0131d\u0131r<\/strong>. Bu durumda, b\u00fcy\u00fckanne ve b\u00fcy\u00fckbaba hayatta de\u011filse, onlar\u0131n altsoyu olan amca, hala ve kuzenler gibi miras\u00e7\u0131lar s\u00f6z konusu olur.<\/p>\n<p>Bunun yan\u0131 s\u0131ra, evlilik d\u0131\u015f\u0131 do\u011fan bireyler de yasal miras\u00e7\u0131d\u0131r. Evlilik d\u0131\u015f\u0131 do\u011fan \u00e7ocuklar, e\u011fer soy ba\u011f\u0131 bir mahkeme karar\u0131yla tan\u0131nm\u0131\u015fsa, e\u015fit oranda miras pay hakk\u0131na sahiptir. Sonu\u00e7 olarak, evlilik d\u0131\u015f\u0131 do\u011fmu\u015f bireylerin, miras b\u0131rakanla olan ili\u015fkileri yasal olarak tan\u0131nd\u0131\u011f\u0131nda, miras alma haklar\u0131 g\u00fcvence alt\u0131na al\u0131nm\u0131\u015f olur.<\/p>\n<p>Ayr\u0131ca, yasal miras\u00e7\u0131lar aras\u0131nda <strong>sa\u011f kalan e\u015f<\/strong> de bulunmaktad\u0131r. Sa\u011f kalan e\u015fin miras hakk\u0131, miras b\u0131rakan\u0131n di\u011fer yasal miras\u00e7\u0131lar\u0131 ile ili\u015fkisine ba\u011fl\u0131 olarak de\u011fi\u015fiklik g\u00f6sterebilir. Bu nedenle, sa\u011f kalan e\u015fin alaca\u011f\u0131 pay, miras ili\u015fkisinin z\u00fcmresine g\u00f6re belirlenir.<\/p>\n<p>Son olarak, e\u011fer miras b\u0131rakan\u0131n birinci ve ikinci derecede miras\u00e7\u0131lar\u0131 yoksa, miras devletin yasal hakk\u0131 olur. T\u00fcrk Medeni Kanunu&#8217;nda, bu durumda <strong>devlet<\/strong> yasal miras\u00e7\u0131 olarak tan\u0131mlan\u0131r. Miras b\u0131rakan\u0131n hi\u00e7 miras\u00e7\u0131s\u0131 yoksa, kalan miras devlete intikal eder ve bu durum yasal s\u00fcre\u00e7lerle y\u00f6netilir.<\/p>\n<\/section>\n<h2 id=\"ikinci-derecede-mirascilarin-rolu-ve-haklari\">\u0130kinci Derecede Miras\u00e7\u0131lar\u0131n Rol\u00fc ve Haklar\u0131<\/h2>\n<p><img decoding=\"async\" class=\"qimage_class lazyload\" data-src=\"https:\/\/denizcankizil.tr\/wp-content\/uploads\/2024\/11\/00x256.jpg\" alt=\"\u0130kinci Derecede Miras\u00e7\u0131lar\u0131n Rol\u00fc ve Haklar\u0131\" src=\"data:image\/svg+xml;base64,PHN2ZyB3aWR0aD0iMSIgaGVpZ2h0PSIxIiB4bWxucz0iaHR0cDovL3d3dy53My5vcmcvMjAwMC9zdmciPjwvc3ZnPg==\"><\/p>\n<p><strong>\u0130kinci derece miras\u00e7\u0131lar<\/strong>, mirasb\u0131rakan\u0131n <strong>anne ve babas\u0131<\/strong>d\u0131r. E\u011fer birinci derece miras\u00e7\u0131lar (\u00e7ocuklar) yoksa, miras do\u011frudan ikinci derece miras\u00e7\u0131lara ge\u00e7er. Bu durumda, mirasb\u0131rakan\u0131n soyundan gelenler yerine, \u00fcstsoy olan anne ve babas\u0131 devreye girmektedir. Mirasb\u0131rakan\u0131n hayatta olup olmad\u0131\u011f\u0131 bu durumun belirleyicisidir.<\/p>\n<p>\u0130kinci derece miras\u00e7\u0131lar\u0131n paylar\u0131, mirasb\u0131rakan\u0131n <strong>anne ve babas\u0131<\/strong> her ikisi de hayatta oldu\u011funda e\u015fit olarak payla\u015f\u0131l\u0131r. Ancak, her iki ebeveyn de vefat etmi\u015fse, miras onlar\u0131n alt soyuna ge\u00e7er. Anne ve baban\u0131n her biri e\u015fit oranda miras pay\u0131na sahiptir; dolay\u0131s\u0131yla miras\u0131n nas\u0131l da\u011f\u0131t\u0131laca\u011f\u0131, anne ve baban\u0131n hayatta olup olmamas\u0131na ba\u011fl\u0131d\u0131r.<\/p>\n<p>Mirasb\u0131rakan\u0131n <strong>b\u00fcy\u00fckanne ve b\u00fcy\u00fckbabas\u0131<\/strong> ise, e\u011fer birinci ve ikinci derecede miras\u00e7\u0131lar mevcut de\u011filse \u00fc\u00e7\u00fcnc\u00fc derecede miras\u00e7\u0131lard\u0131r. B\u00fcy\u00fckanne ve b\u00fcy\u00fckbaba, mirasb\u0131rakan\u0131n soyunu devam ettiren bir \u00fcstsoy olarak mirasa hak kazanabilirler. Dolay\u0131s\u0131yla miras, altsoy ve \u00fcstsoy aras\u0131nda yukar\u0131dan a\u015fa\u011f\u0131ya do\u011fru miras\u00e7\u0131lar\u0131n belirlenmesi ile ger\u00e7ekle\u015fir.<\/p>\n<p>T\u00fcrk Medeni Kanunu\u2019na g\u00f6re, <strong>evlilik d\u0131\u015f\u0131 do\u011fmu\u015f<\/strong> bireyler de yasal miras\u00e7\u0131 olarak kabul edilir. E\u011fer bir birey, soy ba\u011f\u0131 tan\u0131ma veya mahkeme karar\u0131 ile tan\u0131nm\u0131\u015fsa, miras pay\u0131 \u00fczerinde e\u015fit haklara sahiptir. Evlilik d\u0131\u015f\u0131 do\u011fan ki\u015filerin durumu, yasalarda belirli bir \u00e7er\u00e7eveye oturtulmu\u015ftur ve bu hukuki durum, miras pay\u0131 \u00fczerinde herhangi bir olumsuz etki yaratmaz.<\/p>\n<p>Sa\u011f kalan e\u015f, mirasb\u0131rakan\u0131n yasal miras\u00e7\u0131lar\u0131ndand\u0131r. E\u015fin miras hakk\u0131, mirasb\u0131rakan\u0131n di\u011fer miras\u00e7\u0131lar\u0131na g\u00f6re de\u011fi\u015fkenlik g\u00f6sterir. Yasal d\u00fczenlemeler \u00e7er\u00e7evesinde sa\u011f kalan e\u015fin, miras pay\u0131 z\u00fcmresine ve var olan miras\u00e7\u0131lara g\u00f6re haklar\u0131 belirlenmektedir.<\/p>\n<p>Son olarak, <strong>devlet<\/strong>, mirasb\u0131rakan\u0131n hi\u00e7 miras\u00e7\u0131s\u0131 kalmad\u0131\u011f\u0131 durumlarda yasal miras\u00e7\u0131 olarak devreye girer. Miras, g\u00f6r\u00fcn\u00fcr bir miras\u00e7\u0131 yoksa devlete aktar\u0131l\u0131r. Bu, T\u00fcrk Medeni Kanunu\u2019nun 501. maddesi ile a\u00e7\u0131k\u00e7a belirtilmi\u015ftir ve miras\u0131n son \u00e7are olarak devlete kalaca\u011f\u0131 durumlar\u0131 hassas bir \u015fekilde tan\u0131mlamaktad\u0131r.<\/p>\n<h2 id=\"evlilik-disi-doganlarin-miras-haklari\">Evlilik D\u0131\u015f\u0131 Do\u011fanlar\u0131n Miras Haklar\u0131<\/h2>\n<p><img decoding=\"async\" class=\"qimage_class lazyload\" data-src=\"https:\/\/denizcankizil.tr\/wp-content\/uploads\/2024\/11\/davasi.jpg673329a8d5444.jpg\" alt=\"Evlilik D\u0131\u015f\u0131 Do\u011fanlar\u0131n Miras Haklar\u0131\" src=\"data:image\/svg+xml;base64,PHN2ZyB3aWR0aD0iMSIgaGVpZ2h0PSIxIiB4bWxucz0iaHR0cDovL3d3dy53My5vcmcvMjAwMC9zdmciPjwvc3ZnPg==\"><\/p>\n<p><strong>Evlilik d\u0131\u015f\u0131 do\u011fan bireyler<\/strong>, T\u00fcrk Medeni Kanunu&#8217;nda yasalar \u00e7er\u00e7evesinde miras haklar\u0131na sahiptirler. T\u00fcrk Medeni Kanunu&#8217;nun 498. maddesine g\u00f6re, evlilik d\u0131\u015f\u0131 do\u011fmu\u015f ve soy ba\u011f\u0131 tan\u0131nm\u0131\u015f olan bireyler de yasal miras\u00e7\u0131 olarak kabul edilir. Bu durum, bireyin babas\u0131 taraf\u0131ndan mahkeme karar\u0131yla tan\u0131nmas\u0131 halinde, miras pay hakk\u0131n\u0131n e\u015fit oranda olmas\u0131n\u0131 sa\u011flar.<\/p>\n<p><strong>Birinci derecede miras\u00e7\u0131lar<\/strong> aras\u0131nda yer almad\u0131klar\u0131 durumlarda, evlilik d\u0131\u015f\u0131 do\u011fan bireyler, evlilik i\u00e7indeki \u00e7ocuklarla e\u015fit haklara sahip olurlar. Evlilik d\u0131\u015f\u0131 do\u011fmu\u015f bir \u00e7ocu\u011fun miras hakk\u0131, vefat eden babas\u0131n\u0131n di\u011fer \u00e7ocuklar\u0131 ile paydastad\u0131r. Bu durumda miras\u0131n payla\u015f\u0131m\u0131nda her bir karde\u015f e\u015fit pay al\u0131r.<\/p>\n<p><strong>Mahkeme kararlar\u0131<\/strong> ile tan\u0131nan soy ba\u011flar\u0131, evlilik d\u0131\u015f\u0131 do\u011fan bireylere yasal g\u00fcvenceler ve haklar sa\u011flar. Bu ba\u011flamda, yaln\u0131zca do\u011fmu\u015f olman\u0131n \u00f6tesine ge\u00e7erek, mahkeme taraf\u0131ndan yap\u0131lan tesciller, bu bireylerin yasal miras\u00e7\u0131 olma durumunu g\u00fc\u00e7lendirir.<\/p>\n<p>Evlilik d\u0131\u015f\u0131 do\u011fmu\u015f bireylerin yasal miras\u00e7\u0131 olarak kabul edilmesinin bir di\u011fer \u00f6nemli boyutu, <strong>sa\u011f kalan e\u015fin durumu<\/strong>dur. Sa\u011f kalan e\u015f, miras pay\u0131n\u0131 belirtmek a\u00e7\u0131s\u0131ndan \u00f6nemli bir rol oynar. E\u015flerin payla\u015f\u0131m oranlar\u0131, yasal duruma ba\u011fl\u0131 olarak farkl\u0131l\u0131k g\u00f6sterir ve bu durum, miras\u0131n payla\u015f\u0131m\u0131nda dikkate al\u0131nmas\u0131 gereken bir unsurdur.<\/p>\n<p><strong>Evlatl\u0131klar<\/strong> da yasal miras\u00e7\u0131lar aras\u0131nda yer al\u0131r. T\u00fcrk Medeni Kanunu&#8217;nun 500. maddesi uyar\u0131nca, mahkeme karar\u0131 ile evlatl\u0131k ili\u015fkisi kurulmu\u015f olan bireyler, t\u0131pk\u0131 biyolojik \u00e7ocuklar gibi yasal miras\u00e7\u0131 olarak kabul edilir. Ancak, bu durumda evlat edinen ve onun h\u0131s\u0131mlar\u0131, evlatl\u0131\u011fa miras\u00e7\u0131 olamaz, bu \u00f6nemli bir ayr\u0131nt\u0131d\u0131r.<\/p>\n<p><strong>Devlet<\/strong>, miras\u00e7\u0131lar aras\u0131nda yer alan son alternatif olarak belirlenmi\u015ftir. T\u00fcrk Medeni Kanunu&#8217;nun 501. maddesi gere\u011fi, e\u011fer miras\u00e7\u0131 olarak hi\u00e7bir birey kalm\u0131yorsa, miras devlete intikal eder. Bu durumda, t\u00fcm miras varl\u0131klar\u0131 devletin m\u00fclkiyetine ge\u00e7mi\u015f olur ve yasal miras\u00e7\u0131lar\u0131n yoklu\u011funda miras\u0131n ak\u0131beti belirlenir.<\/p>\n<h2 id=\"evlatlik-durumunda-yasal-mirascilik\">Evlatl\u0131k Durumunda Yasal Miras\u00e7\u0131l\u0131k<\/h2>\n<p><img decoding=\"async\" class=\"qimage_class lazyload\" data-src=\"https:\/\/denizcankizil.tr\/wp-content\/uploads\/2024\/11\/7fb01b.jpg673329b50334b.jpg\" alt=\"Evlatl\u0131k Durumunda Yasal Miras\u00e7\u0131l\u0131k\" src=\"data:image\/svg+xml;base64,PHN2ZyB3aWR0aD0iMSIgaGVpZ2h0PSIxIiB4bWxucz0iaHR0cDovL3d3dy53My5vcmcvMjAwMC9zdmciPjwvc3ZnPg==\"><\/p>\n<section>\n<p><strong>Yasal Miras\u00e7\u0131l\u0131k ve Evlatl\u0131k Durumu<\/strong>, T\u00fcrk Medeni Kanunu&#8217;nun 495 ile 501. maddeleri aras\u0131nda d\u00fczenlenmektedir. Bu maddeler, miras b\u0131rakan\u0131n yasal miras\u00e7\u0131lar\u0131n\u0131 belirlemekte ve miras payla\u015f\u0131m\u0131n\u0131n nas\u0131l ger\u00e7ekle\u015ftirilece\u011fine dair \u00e7er\u00e7eve \u00e7izmektedir. Yasal miras\u00e7\u0131lar, miras b\u0131rakan\u0131n \u00e7ocu\u011fu, e\u015fi, anne-babas\u0131 gibi akrabalar\u0131 i\u00e7ermektedir. Evlatl\u0131k durumu da bu kapsamda de\u011ferlendirilir ve evlat edinilen birey, miras hukuku a\u00e7\u0131s\u0131ndan yasal miras\u00e7\u0131 say\u0131lmaktad\u0131r.<\/p>\n<p>Miras b\u0131rakan\u0131n \u00e7ocuklar\u0131, birinci derecede miras\u00e7\u0131lar aras\u0131nda yer al\u0131r. Kanuna g\u00f6re, \u00e7ocuklar e\u015fit oranda miras al\u0131r. E\u011fer miras b\u0131rakan\u0131n \u00e7ocuklar\u0131ndan biri vefat etmi\u015fse, miras pay\u0131 o \u00e7ocu\u011fun \u00e7ocuklar\u0131na (torunlara) ge\u00e7er. Bu durumda torunlar aras\u0131nda da e\u015fit da\u011f\u0131l\u0131m yap\u0131lmaktad\u0131r. Dolay\u0131s\u0131yla, miras\u0131n payla\u015f\u0131m\u0131nda birinci derecedeki miras\u00e7\u0131lar \u00f6ncelikli olarak de\u011ferlendirilir.<\/p>\n<p>\u0130kinci derecede miras\u00e7\u0131lar ise miras b\u0131rakan\u0131n anne ve babas\u0131d\u0131r. E\u011fer birinci derecede miras\u00e7\u0131lar yoksa, bu durumda ikinci derecedeki miras\u00e7\u0131lara miras aktar\u0131l\u0131r. Miras b\u0131rakan\u0131n ebeveynlerinin ya\u015famamas\u0131 durumunda, miras onlar\u0131n altsoyu olan karde\u015flere ge\u00e7ebilir. Bu, miras\u0131n bir hiyerar\u015fi i\u00e7inde aktar\u0131lmas\u0131n\u0131 sa\u011flar.<\/p>\n<p>Yasal miras\u00e7\u0131l\u0131kta \u00fc\u00e7\u00fcnc\u00fc derecede miras\u00e7\u0131lar, b\u00fcy\u00fckanne ve b\u00fcy\u00fckbabay\u0131 i\u00e7erir. Yine, e\u011fer birinci ve ikinci derecedeki miras\u00e7\u0131lar yoksa, miras \u00fc\u00e7\u00fcnc\u00fc derecede miras\u00e7\u0131lara ge\u00e7er. Bu durum, aile i\u00e7indeki miras payla\u015f\u0131m\u0131n\u0131 daha da geni\u015fleterek, daha uzak akrabalar\u0131n hak sahibi olmas\u0131na olanak tan\u0131r.<\/p>\n<p>Evlilik d\u0131\u015f\u0131 do\u011fan bireyler de yasal miras\u00e7\u0131 olarak kabul edilmektedir. Evlilik d\u0131\u015f\u0131 do\u011fanlar, soy ba\u011f\u0131n\u0131n tan\u0131nmas\u0131 veya mahkeme karar\u0131 ile yasal miras\u00e7\u0131 olabilmektedir. Bu bireyler, mevcut ebeveynleri ile e\u015fit oranda miras pay\u0131na sahip olurlar. Ayr\u0131ca, evlatl\u0131k durumunda da miras payla\u015f\u0131m\u0131 s\u00f6z konusudur; evlat edinenler, evlatl\u0131klar\u0131 ile yasal miras\u00e7\u0131 ili\u015fkisi kurabilecektir.<\/p>\n<p>Evlatl\u0131k, yasal s\u00fcre\u00e7le kabul edildikten sonra, kendi aile yap\u0131s\u0131 i\u00e7inde miras\u00e7\u0131 haklar\u0131na sahiptir. Ancak \u00f6nemli bir ayr\u0131nt\u0131 olarak, evlat edinen ki\u015filer ve onlar\u0131n akrabalar\u0131 evlatl\u0131\u011fa miras\u00e7\u0131 olamamaktad\u0131r. Bunun yan\u0131 s\u0131ra, e\u011fer miras b\u0131rakan \u00fczerinde hi\u00e7bir yasal miras\u00e7\u0131 yoksa, miras devlete kalmaktad\u0131r. B\u00f6ylelikle, T\u00fcrk Medeni Kanunu, miras payla\u015f\u0131m\u0131n\u0131 d\u00fczenleyerek, her bireyin haklar\u0131n\u0131 g\u00fcvence alt\u0131na almaktad\u0131r.<\/p>\n<\/section>\n<h2 id=\"sag-kalan-esin-miras-payi-ve-onceligi\">Sa\u011f Kalan E\u015fin Miras Pay\u0131 ve \u00d6nceli\u011fi<\/h2>\n<p><img decoding=\"async\" class=\"qimage_class lazyload\" data-src=\"https:\/\/denizcankizil.tr\/wp-content\/uploads\/2024\/11\/A7erhi.jpg673329c6c8ab0.jpg\" alt=\"Sa\u011f Kalan E\u015fin Miras Pay\u0131 ve \u00d6nceli\u011fi\" src=\"data:image\/svg+xml;base64,PHN2ZyB3aWR0aD0iMSIgaGVpZ2h0PSIxIiB4bWxucz0iaHR0cDovL3d3dy53My5vcmcvMjAwMC9zdmciPjwvc3ZnPg==\"><\/p>\n<section>\n<p>T\u00fcrk Medeni Kanunu\u2019na g\u00f6re, sa\u011f kalan e\u015fin miras pay\u0131, miras b\u0131rakan\u0131n di\u011fer miras\u00e7\u0131lar\u0131yla olan ili\u015fkisine ba\u011fl\u0131 olarak de\u011fi\u015fiklik g\u00f6stermektedir. Miras b\u0131rakan\u0131n \u00e7ocuklar\u0131 bulunuyorsa, sa\u011f kalan e\u015fin miras pay\u0131, \u00e7ocuklarla e\u015fit oranda payla\u015f\u0131l\u0131r. Sa\u011f kalan e\u015fin almakta oldu\u011fu miras pay\u0131, \u00e7ocuk say\u0131s\u0131na ve miras\u00e7\u0131lar\u0131n mevcut durumuna g\u00f6re hesaplan\u0131r.<\/p>\n<p>Yasal miras\u00e7\u0131lar aras\u0131nda \u00f6ncelikli olarak birinci derecede miras\u00e7\u0131lar gelir. E\u011fer miras b\u0131rakan\u0131n \u00e7ocuklar\u0131 varsa, sa\u011f kalan e\u015fin pay\u0131 \u00e7ocuklarla beraber e\u015fit \u015fekilde b\u00f6l\u00fcnmektedir. Ancak, \u00e7ocuklardan biri vefat etmi\u015fse, bu durumda miras pay\u0131 \u00f6len \u00e7ocu\u011fun \u00e7ocuklar\u0131na, yani torunlara ge\u00e7mektedir. Torunlar aras\u0131nda da e\u015fit da\u011f\u0131l\u0131m sa\u011flan\u0131r.<\/p>\n<p>E\u011fer miras b\u0131rakan\u0131n \u00e7ocuklar\u0131 yoksa ve sa\u011f kalan e\u015f var ise, bu durumda ikinci derecede miras\u00e7\u0131lar devreye girer; bu miras\u00e7\u0131lar, miras b\u0131rakan\u0131n anne ve babas\u0131d\u0131r. Bu durumda, miras b\u0131rakan\u0131n anne ve babas\u0131 hayatta de\u011filse, miras \u00fc\u00e7\u00fcnc\u00fc dereceden miras\u00e7\u0131lara, yani b\u00fcy\u00fck anne ve b\u00fcy\u00fck babaya ge\u00e7er. Bu yap\u0131, miras pay\u0131n\u0131n nas\u0131l aktar\u0131laca\u011f\u0131n\u0131 belirlemek a\u00e7\u0131s\u0131ndan \u00f6nemli bir kriterdir.<\/p>\n<p>Yasal miras\u00e7\u0131lardan biri de evlilik d\u0131\u015f\u0131 do\u011fan bireylerdir. Evlilik d\u0131\u015f\u0131 do\u011fmu\u015f bireylerin miras\u00e7\u0131 olabilmesi i\u00e7in ya soy ba\u011f\u0131n\u0131n tan\u0131nmas\u0131 ya da mahkeme karar\u0131yla belirlenmesi gerekmektedir. Evlilik d\u0131\u015f\u0131nda do\u011fan birey, bu \u015fartlar\u0131n sa\u011flanmas\u0131 halinde, sa\u011f kalan e\u015fle e\u015fit oranda yasal miras pay\u0131na sahip olmaktad\u0131r.<\/p>\n<p>Evlatl\u0131k ili\u015fkisi kurulan bireyler de yasal miras\u00e7\u0131 olarak kabul edilmektedir. Evlatl\u0131k, mahkeme karar\u0131 ile resmiyet kazanm\u0131\u015fsa, evlatl\u0131k ili\u015fkisi, evlat edilen ki\u015fi i\u00e7in yasal miras\u00e7\u0131 olmay\u0131 sa\u011flamaktad\u0131r. Ancak, dikkat edilmesi gereken bir nokta \u015fudur: Evlat edinen ki\u015filerin ve onlar\u0131n yak\u0131n akrabalar\u0131n\u0131n evlatl\u0131\u011fa miras\u00e7\u0131 olamayaca\u011f\u0131 belirtilmi\u015ftir.<\/p>\n<p>Son olarak, ortak miras\u00e7\u0131lar\u0131n yan\u0131 s\u0131ra, e\u011fer hi\u00e7bir yasal miras\u00e7\u0131 yoksa, miras devletin olacakt\u0131r. T\u00fcrk Medeni Kanunu\u2019na g\u00f6re, miras b\u0131rakan\u0131n hi\u00e7 yasal miras\u00e7\u0131s\u0131 yoksa, miras\u0131n devlete intikal etmesi sa\u011flanmaktad\u0131r. Bu nedenle, yasal miras\u00e7\u0131lar ve onlar\u0131n paylar\u0131 hakk\u0131nda bilgi sahibi olmak \u00f6nemlidir.<\/p>\n<\/section>\n<h2 id=\"devletin-yasal-mirasci-olarak-rolu-ve-sonuclari\">Devletin Yasal Miras\u00e7\u0131 Olarak Rol\u00fc ve Sonu\u00e7lar\u0131<\/h2>\n<p><img decoding=\"async\" class=\"qimage_class lazyload\" data-src=\"https:\/\/denizcankizil.tr\/wp-content\/uploads\/2024\/11\/_QL80_.jpg673329d62d369.jpg\" alt=\"Devletin Yasal Miras\u00e7\u0131 Olarak Rol\u00fc ve Sonu\u00e7lar\u0131\" src=\"data:image\/svg+xml;base64,PHN2ZyB3aWR0aD0iMSIgaGVpZ2h0PSIxIiB4bWxucz0iaHR0cDovL3d3dy53My5vcmcvMjAwMC9zdmciPjwvc3ZnPg==\"><\/p>\n<section class=\"post-section\">\n<p>\n        T\u00fcrk Medeni Kanunu&#8217;nun 495 ile 501. maddeleri, yasal miras\u00e7\u0131lar\u0131n kimler oldu\u011funu belirlemektedir. Bu maddelere g\u00f6re, yasal miras\u00e7\u0131lar belirli dereceler alt\u0131nda s\u0131ralanmaktad\u0131r. Birinci derecede miras\u00e7\u0131lar, mirasb\u0131rakan\u0131n altsoyunu temsil eden \u00e7ocuklard\u0131r. E\u015fit oranda pay al\u0131rlar ve e\u011fer \u00e7ocuklardan biri hayatta de\u011filse, miras o \u00e7ocu\u011fun \u00e7ocuklar\u0131na (torunlar\u0131na) ge\u00e7er. Yani torunlar, belirli bir pay oran\u0131na g\u00f6re e\u015fit \u015fekilde miras\u0131 payla\u015f\u0131r.\n    <\/p>\n<p>\n        \u0130kinci derecede miras\u00e7\u0131lar, mirasb\u0131rakan\u0131n anne ve babas\u0131d\u0131r. E\u011fer birinci derecede miras\u00e7\u0131lar mevcut de\u011filse, miras ikinci derecede miras\u00e7\u0131lara intikal eder. Mirasb\u0131rakan\u0131n anne veya babas\u0131 vefat etmi\u015fse, bu durumda onlar\u0131n altsoylar\u0131 olan karde\u015fler miras\u00e7\u0131 olurlar. Dolay\u0131s\u0131yla, miras\u00e7\u0131lar her durumda, \u00f6nce altsoy (\u00e7ocuklar), ard\u0131ndan ana baba ve nihayetinde karde\u015fler \u015feklinde s\u0131ralan\u0131r.\n    <\/p>\n<p>\n        \u00dc\u00e7\u00fcnc\u00fc derecede miras\u00e7\u0131lar ise, mirasb\u0131rakan\u0131n b\u00fcy\u00fckanne ve b\u00fcy\u00fckbabas\u0131d\u0131r. E\u011fer \u00f6nceki derece miras\u00e7\u0131lar\u0131 yoksa, mirasb\u0131rakan\u0131n b\u00fcy\u00fckleri devreye girer. Bu durum, miras\u00e7\u0131n\u0131n ailesinin, mirasb\u0131rakanla olan kan ba\u011f\u0131na dayanmaktad\u0131r. Dolay\u0131s\u0131yla, aile yap\u0131s\u0131n\u0131n \u00f6nemini bir kez daha g\u00f6zler \u00f6n\u00fcne sermektedir.\n    <\/p>\n<p>\n        Evlilik d\u0131\u015f\u0131 do\u011fan bireyler de yasal miras\u00e7\u0131lar aras\u0131nda yer al\u0131r. T\u00fcrk Medeni Kanunu&#8217;nun 498. maddesi, evlilik d\u0131\u015f\u0131 do\u011fan bireylerin, soy ba\u011f\u0131 tan\u0131nm\u0131\u015fsa yasal miras\u00e7\u0131 olmas\u0131n\u0131 sa\u011flamaktad\u0131r. Bu durumda, mahkeme karar\u0131yla tan\u0131nm\u0131\u015f bir baba, evlilik d\u0131\u015f\u0131 do\u011fan \u00e7ocu\u011funa yasal miras pay\u0131 vermek zorundad\u0131r. Evlilik d\u0131\u015f\u0131 olan \u00e7ocuklar, miras payla\u015f\u0131m\u0131nda e\u015fit haklara sahiptir.\n    <\/p>\n<p>\n        Sa\u011f kalan e\u015f, yasal miras\u00e7\u0131 olarak \u00f6nemli bir rol oynamaktad\u0131r. Sa\u011f kalan e\u015fin miras pay\u0131, mirasb\u0131rakan\u0131n aile yap\u0131s\u0131na g\u00f6re de\u011fi\u015fiklik g\u00f6sterebilir. Bu durum, miras\u00e7\u0131l\u0131k paylar\u0131n\u0131n adaleti a\u00e7\u0131s\u0131ndan kritik bir unsurdur. Yasal miras\u00e7\u0131 olan sa\u011f kalan e\u015fin, di\u011fer miras\u00e7\u0131larla birlikte miras payla\u015f\u0131m\u0131 \u00fczerine haklar\u0131 bulunmaktad\u0131r.\n    <\/p>\n<p>\n        Son olarak, devlet de yasal miras\u00e7\u0131 olarak belirtilmektedir. E\u011fer mirasb\u0131rakan\u0131n hi\u00e7bir yasal miras\u00e7\u0131s\u0131 yoksa, miras do\u011frudan devlete intikal eder. Bu durum, miras\u0131n hangi \u015fartlarda devlete b\u0131rak\u0131ld\u0131\u011f\u0131n\u0131 g\u00f6z \u00f6n\u00fcnde bulundurarak, t\u00fcm miras\u00e7\u0131lar\u0131n ve varislerin haklar\u0131n\u0131 koruma amac\u0131n\u0131 ta\u015f\u0131maktad\u0131r. B\u00f6ylece, devlete kalacak miraslar\u0131n adaletli bir \u015fekilde y\u00f6netimi sa\u011flan\u0131r.\n    <\/p>\n<\/section>\n<h2 id=\"outro\">\u043e\u0442\u0436\u0435<\/h2>\n<p>Bu yaz\u0131da, yasal miras\u00e7\u0131lar\u0131n kimler oldu\u011fu konusunda T\u00fcrk Medeni Kanunu&#8217;na dayanarak kapsaml\u0131 bir inceleme sunulmu\u015ftur. Kanun metinleri, miras\u00e7\u0131l\u0131k ili\u015fkilerini belirleyen \u00f6nemli detaylar\u0131 bar\u0131nd\u0131rmakta, birinci, ikinci ve \u00fc\u00e7\u00fcnc\u00fc derecede miras\u00e7\u0131lar\u0131n kimler oldu\u011funu a\u00e7\u0131klamaktad\u0131r. Ayr\u0131ca, evlilik d\u0131\u015f\u0131 do\u011fan bireyler, evlatl\u0131klar ve sa\u011f kalan e\u015fin miras haklar\u0131 gibi konular da ele al\u0131nm\u0131\u015ft\u0131r. <\/p>\n<p>Miras\u00e7\u0131l\u0131k, bireylerin miras b\u0131rak\u0131lan mal varl\u0131klar\u0131na sahip olma haklar\u0131n\u0131 belirlemesi a\u00e7\u0131s\u0131ndan kritik \u00f6neme sahiptir. Bu nedenle, T\u00fcrk Medeni Kanunu&#8217;ndaki ilgili maddelerin dikkatlice incelenmesi, miras s\u00fcre\u00e7lerinin ayd\u0131nlat\u0131lmas\u0131 ad\u0131na b\u00fcy\u00fck fayda sa\u011flayacakt\u0131r. <\/p>\n<p>\u00d6zetle, yasal miras\u00e7\u0131lar ve miras davalar\u0131 \u00fczerine yap\u0131lan bu de\u011ferlendirme, okuyuculara konunun daha iyi anla\u015f\u0131lmas\u0131 i\u00e7in bir temel olu\u015fturmay\u0131 hedeflemektedir. Gelecek yaz\u0131larda, bu konudaki farkl\u0131 perspektifler ve uygulamalar \u00fczerinde de durulmas\u0131 planlanmaktad\u0131r. Dikkatiniz i\u00e7in te\u015fekk\u00fcr ederiz. <\/p>","protected":false},"excerpt":{"rendered":"<p>Bu video, T\u00fcrk Medeni Kanunu&#8217;na g\u00f6re yasal miras\u00e7\u0131lar\u0131 ele almaktad\u0131r. Miras\u00e7\u0131lar birinci, ikinci ve \u00fc\u00e7\u00fcnc\u00fc dereceler olarak s\u0131n\u0131fland\u0131r\u0131l\u0131rken, evlilik d\u0131\u015f\u0131 do\u011fan bireyler, evlatl\u0131klar ve devlet gibi farkl\u0131 kategorilere de yer verilmektedir. Videoda, yasal miras\u00e7\u0131lar\u0131n haklar\u0131 ve mevcut \u015fartlar kapsaml\u0131 bir \u015fekilde incelenmi\u015ftir.<\/p>","protected":false},"author":4,"featured_media":0,"comment_status":"open","ping_status":"open","sticky":false,"template":"","format":"standard","meta":{"_acf_changed":false,"footnotes":""},"categories":[535],"tags":[],"class_list":["post-15645","post","type-post","status-publish","format-standard","hentry","category-uncategorized-tr"],"acf":[],"yoast_head":"<!-- This site is optimized with the Yoast SEO Premium plugin v26.6 (Yoast SEO v27.1.1) - https:\/\/yoast.com\/product\/yoast-seo-premium-wordpress\/ -->\n<title>YASAL M\u0130RAS\u00c7ILAR kimler? #Mirasdavalar\u0131 - Av. Deniz Can K\u0131z\u0131l<\/title>\n<meta name=\"robots\" content=\"index, follow, max-snippet:-1, max-image-preview:large, max-video-preview:-1\" \/>\n<link rel=\"canonical\" href=\"http:\/\/denizcankizil.tr\/uk\/uncategorized-tr\/yasal-mirascilar-kimler-mirasdavalari\/\" \/>\n<meta property=\"og:locale\" content=\"uk_UA\" \/>\n<meta property=\"og:type\" content=\"article\" \/>\n<meta property=\"og:title\" content=\"YASAL M\u0130RAS\u00c7ILAR kimler? #Mirasdavalar\u0131\" \/>\n<meta property=\"og:description\" content=\"Bu video, T\u00fcrk Medeni Kanunu&#039;na g\u00f6re yasal miras\u00e7\u0131lar\u0131 ele almaktad\u0131r. Miras\u00e7\u0131lar birinci, ikinci ve \u00fc\u00e7\u00fcnc\u00fc dereceler olarak s\u0131n\u0131fland\u0131r\u0131l\u0131rken, evlilik d\u0131\u015f\u0131 do\u011fan bireyler, evlatl\u0131klar ve devlet gibi farkl\u0131 kategorilere de yer verilmektedir. Videoda, yasal miras\u00e7\u0131lar\u0131n haklar\u0131 ve mevcut \u015fartlar kapsaml\u0131 bir \u015fekilde incelenmi\u015ftir.\" \/>\n<meta property=\"og:url\" content=\"http:\/\/denizcankizil.tr\/uk\/uncategorized-tr\/yasal-mirascilar-kimler-mirasdavalari\/\" \/>\n<meta property=\"og:site_name\" content=\"Av. Deniz Can K\u0131z\u0131l\" \/>\n<meta property=\"article:published_time\" content=\"2024-11-12T10:11:45+00:00\" \/>\n<meta property=\"og:image\" content=\"https:\/\/denizcankizil.tr\/wp-content\/uploads\/2024\/11\/istemi.jpg67332959eab98.jpg\" \/>\n<meta name=\"author\" content=\"Av. Deniz Can K\u0131z\u0131l\" \/>\n<meta name=\"twitter:card\" content=\"summary_large_image\" \/>\n<meta name=\"twitter:label1\" content=\"\u041d\u0430\u043f\u0438\u0441\u0430\u043d\u043e\" \/>\n\t<meta name=\"twitter:data1\" content=\"Av. Deniz Can K\u0131z\u0131l\" \/>\n\t<meta name=\"twitter:label2\" content=\"\u041f\u0440\u0438\u0431\u043b. \u0447\u0430\u0441 \u0447\u0438\u0442\u0430\u043d\u043d\u044f\" \/>\n\t<meta name=\"twitter:data2\" content=\"17 \u0445\u0432\u0438\u043b\u0438\u043d\" \/>\n<script type=\"application\/ld+json\" class=\"yoast-schema-graph\">{\"@context\":\"https:\/\/schema.org\",\"@graph\":[{\"@type\":\"Article\",\"@id\":\"http:\/\/denizcankizil.tr\/uk\/uncategorized-tr\/yasal-mirascilar-kimler-mirasdavalari\/#article\",\"isPartOf\":{\"@id\":\"http:\/\/denizcankizil.tr\/uk\/uncategorized-tr\/yasal-mirascilar-kimler-mirasdavalari\/\"},\"author\":{\"name\":\"Av. Deniz Can K\u0131z\u0131l\",\"@id\":\"https:\/\/denizcankizil.tr\/#\/schema\/person\/5dc1b22991bd7ac833867c10afc9b0ff\"},\"headline\":\"YASAL M\u0130RAS\u00c7ILAR kimler? #Mirasdavalar\u0131\",\"datePublished\":\"2024-11-12T10:11:45+00:00\",\"mainEntityOfPage\":{\"@id\":\"http:\/\/denizcankizil.tr\/uk\/uncategorized-tr\/yasal-mirascilar-kimler-mirasdavalari\/\"},\"wordCount\":3513,\"commentCount\":0,\"publisher\":{\"@id\":\"https:\/\/denizcankizil.tr\/#organization\"},\"image\":{\"@id\":\"http:\/\/denizcankizil.tr\/uk\/uncategorized-tr\/yasal-mirascilar-kimler-mirasdavalari\/#primaryimage\"},\"thumbnailUrl\":\"https:\/\/denizcankizil.tr\/wp-content\/uploads\/2024\/11\/istemi.jpg67332959eab98.jpg\",\"articleSection\":[\"Uncategorized\"],\"inLanguage\":\"uk\",\"potentialAction\":[{\"@type\":\"CommentAction\",\"name\":\"Comment\",\"target\":[\"http:\/\/denizcankizil.tr\/uk\/uncategorized-tr\/yasal-mirascilar-kimler-mirasdavalari\/#respond\"]}]},{\"@type\":\"WebPage\",\"@id\":\"http:\/\/denizcankizil.tr\/uk\/uncategorized-tr\/yasal-mirascilar-kimler-mirasdavalari\/\",\"url\":\"http:\/\/denizcankizil.tr\/uk\/uncategorized-tr\/yasal-mirascilar-kimler-mirasdavalari\/\",\"name\":\"YASAL M\u0130RAS\u00c7ILAR kimler? #Mirasdavalar\u0131 - Av. Deniz Can K\u0131z\u0131l\",\"isPartOf\":{\"@id\":\"https:\/\/denizcankizil.tr\/#website\"},\"primaryImageOfPage\":{\"@id\":\"http:\/\/denizcankizil.tr\/uk\/uncategorized-tr\/yasal-mirascilar-kimler-mirasdavalari\/#primaryimage\"},\"image\":{\"@id\":\"http:\/\/denizcankizil.tr\/uk\/uncategorized-tr\/yasal-mirascilar-kimler-mirasdavalari\/#primaryimage\"},\"thumbnailUrl\":\"https:\/\/denizcankizil.tr\/wp-content\/uploads\/2024\/11\/istemi.jpg67332959eab98.jpg\",\"datePublished\":\"2024-11-12T10:11:45+00:00\",\"breadcrumb\":{\"@id\":\"http:\/\/denizcankizil.tr\/uk\/uncategorized-tr\/yasal-mirascilar-kimler-mirasdavalari\/#breadcrumb\"},\"inLanguage\":\"uk\",\"potentialAction\":[{\"@type\":\"ReadAction\",\"target\":[\"http:\/\/denizcankizil.tr\/uk\/uncategorized-tr\/yasal-mirascilar-kimler-mirasdavalari\/\"]}]},{\"@type\":\"ImageObject\",\"inLanguage\":\"uk\",\"@id\":\"http:\/\/denizcankizil.tr\/uk\/uncategorized-tr\/yasal-mirascilar-kimler-mirasdavalari\/#primaryimage\",\"url\":\"https:\/\/denizcankizil.tr\/wp-content\/uploads\/2024\/11\/istemi.jpg67332959eab98.jpg\",\"contentUrl\":\"https:\/\/denizcankizil.tr\/wp-content\/uploads\/2024\/11\/istemi.jpg67332959eab98.jpg\"},{\"@type\":\"BreadcrumbList\",\"@id\":\"http:\/\/denizcankizil.tr\/uk\/uncategorized-tr\/yasal-mirascilar-kimler-mirasdavalari\/#breadcrumb\",\"itemListElement\":[{\"@type\":\"ListItem\",\"position\":1,\"name\":\"Home\",\"item\":\"https:\/\/denizcankizil.tr\/de\/\"},{\"@type\":\"ListItem\",\"position\":2,\"name\":\"YASAL M\u0130RAS\u00c7ILAR kimler? #Mirasdavalar\u0131\"}]},{\"@type\":\"WebSite\",\"@id\":\"https:\/\/denizcankizil.tr\/#website\",\"url\":\"https:\/\/denizcankizil.tr\/\",\"name\":\"Av. Deniz Can K\u0131z\u0131l\",\"description\":\"Avukat Deniz Can K\u0131z\u0131l Antalya Barosu\",\"publisher\":{\"@id\":\"https:\/\/denizcankizil.tr\/#organization\"},\"potentialAction\":[{\"@type\":\"SearchAction\",\"target\":{\"@type\":\"EntryPoint\",\"urlTemplate\":\"https:\/\/denizcankizil.tr\/?s={search_term_string}\"},\"query-input\":{\"@type\":\"PropertyValueSpecification\",\"valueRequired\":true,\"valueName\":\"search_term_string\"}}],\"inLanguage\":\"uk\"},{\"@type\":\"Organization\",\"@id\":\"https:\/\/denizcankizil.tr\/#organization\",\"name\":\"Av. Deniz Can K\u0131z\u0131l\",\"url\":\"https:\/\/denizcankizil.tr\/\",\"logo\":{\"@type\":\"ImageObject\",\"inLanguage\":\"uk\",\"@id\":\"https:\/\/denizcankizil.tr\/#\/schema\/logo\/image\/\",\"url\":\"http:\/\/denizcankizil.tr\/wp-content\/uploads\/2024\/10\/siyah-logo-svg.svg\",\"contentUrl\":\"http:\/\/denizcankizil.tr\/wp-content\/uploads\/2024\/10\/siyah-logo-svg.svg\",\"width\":1080,\"height\":1080,\"caption\":\"Av. Deniz Can K\u0131z\u0131l\"},\"image\":{\"@id\":\"https:\/\/denizcankizil.tr\/#\/schema\/logo\/image\/\"}},{\"@type\":\"Person\",\"@id\":\"https:\/\/denizcankizil.tr\/#\/schema\/person\/5dc1b22991bd7ac833867c10afc9b0ff\",\"name\":\"Av. Deniz Can K\u0131z\u0131l\",\"image\":{\"@type\":\"ImageObject\",\"inLanguage\":\"uk\",\"@id\":\"https:\/\/denizcankizil.tr\/#\/schema\/person\/image\/\",\"url\":\"https:\/\/secure.gravatar.com\/avatar\/a0b128fb9855c79efc976d5640eedb31dc35ec297594d6016d2cf7c60e975bb6?s=96&d=mm&r=g\",\"contentUrl\":\"https:\/\/secure.gravatar.com\/avatar\/a0b128fb9855c79efc976d5640eedb31dc35ec297594d6016d2cf7c60e975bb6?s=96&d=mm&r=g\",\"caption\":\"Av. Deniz Can K\u0131z\u0131l\"},\"sameAs\":[\"http:\/\/www.denizcankizil.tr\"],\"url\":\"http:\/\/denizcankizil.tr\/uk\/author\/denizcankizil\/\"}]}<\/script>\n<!-- \/ Yoast SEO Premium plugin. -->","yoast_head_json":{"title":"YASAL M\u0130RAS\u00c7ILAR kimler? #Mirasdavalar\u0131 - Av. Deniz Can K\u0131z\u0131l","robots":{"index":"index","follow":"follow","max-snippet":"max-snippet:-1","max-image-preview":"max-image-preview:large","max-video-preview":"max-video-preview:-1"},"canonical":"http:\/\/denizcankizil.tr\/uk\/uncategorized-tr\/yasal-mirascilar-kimler-mirasdavalari\/","og_locale":"uk_UA","og_type":"article","og_title":"YASAL M\u0130RAS\u00c7ILAR kimler? #Mirasdavalar\u0131","og_description":"Bu video, T\u00fcrk Medeni Kanunu'na g\u00f6re yasal miras\u00e7\u0131lar\u0131 ele almaktad\u0131r. Miras\u00e7\u0131lar birinci, ikinci ve \u00fc\u00e7\u00fcnc\u00fc dereceler olarak s\u0131n\u0131fland\u0131r\u0131l\u0131rken, evlilik d\u0131\u015f\u0131 do\u011fan bireyler, evlatl\u0131klar ve devlet gibi farkl\u0131 kategorilere de yer verilmektedir. Videoda, yasal miras\u00e7\u0131lar\u0131n haklar\u0131 ve mevcut \u015fartlar kapsaml\u0131 bir \u015fekilde incelenmi\u015ftir.","og_url":"http:\/\/denizcankizil.tr\/uk\/uncategorized-tr\/yasal-mirascilar-kimler-mirasdavalari\/","og_site_name":"Av. Deniz Can K\u0131z\u0131l","article_published_time":"2024-11-12T10:11:45+00:00","og_image":[{"url":"https:\/\/denizcankizil.tr\/wp-content\/uploads\/2024\/11\/istemi.jpg67332959eab98.jpg","type":"","width":"","height":""}],"author":"Av. Deniz Can K\u0131z\u0131l","twitter_card":"summary_large_image","twitter_misc":{"\u041d\u0430\u043f\u0438\u0441\u0430\u043d\u043e":"Av. Deniz Can K\u0131z\u0131l","\u041f\u0440\u0438\u0431\u043b. \u0447\u0430\u0441 \u0447\u0438\u0442\u0430\u043d\u043d\u044f":"17 \u0445\u0432\u0438\u043b\u0438\u043d"},"schema":{"@context":"https:\/\/schema.org","@graph":[{"@type":"Article","@id":"http:\/\/denizcankizil.tr\/uk\/uncategorized-tr\/yasal-mirascilar-kimler-mirasdavalari\/#article","isPartOf":{"@id":"http:\/\/denizcankizil.tr\/uk\/uncategorized-tr\/yasal-mirascilar-kimler-mirasdavalari\/"},"author":{"name":"Av. Deniz Can K\u0131z\u0131l","@id":"https:\/\/denizcankizil.tr\/#\/schema\/person\/5dc1b22991bd7ac833867c10afc9b0ff"},"headline":"YASAL M\u0130RAS\u00c7ILAR kimler? #Mirasdavalar\u0131","datePublished":"2024-11-12T10:11:45+00:00","mainEntityOfPage":{"@id":"http:\/\/denizcankizil.tr\/uk\/uncategorized-tr\/yasal-mirascilar-kimler-mirasdavalari\/"},"wordCount":3513,"commentCount":0,"publisher":{"@id":"https:\/\/denizcankizil.tr\/#organization"},"image":{"@id":"http:\/\/denizcankizil.tr\/uk\/uncategorized-tr\/yasal-mirascilar-kimler-mirasdavalari\/#primaryimage"},"thumbnailUrl":"https:\/\/denizcankizil.tr\/wp-content\/uploads\/2024\/11\/istemi.jpg67332959eab98.jpg","articleSection":["Uncategorized"],"inLanguage":"uk","potentialAction":[{"@type":"CommentAction","name":"Comment","target":["http:\/\/denizcankizil.tr\/uk\/uncategorized-tr\/yasal-mirascilar-kimler-mirasdavalari\/#respond"]}]},{"@type":"WebPage","@id":"http:\/\/denizcankizil.tr\/uk\/uncategorized-tr\/yasal-mirascilar-kimler-mirasdavalari\/","url":"http:\/\/denizcankizil.tr\/uk\/uncategorized-tr\/yasal-mirascilar-kimler-mirasdavalari\/","name":"YASAL M\u0130RAS\u00c7ILAR kimler? #Mirasdavalar\u0131 - Av. Deniz Can K\u0131z\u0131l","isPartOf":{"@id":"https:\/\/denizcankizil.tr\/#website"},"primaryImageOfPage":{"@id":"http:\/\/denizcankizil.tr\/uk\/uncategorized-tr\/yasal-mirascilar-kimler-mirasdavalari\/#primaryimage"},"image":{"@id":"http:\/\/denizcankizil.tr\/uk\/uncategorized-tr\/yasal-mirascilar-kimler-mirasdavalari\/#primaryimage"},"thumbnailUrl":"https:\/\/denizcankizil.tr\/wp-content\/uploads\/2024\/11\/istemi.jpg67332959eab98.jpg","datePublished":"2024-11-12T10:11:45+00:00","breadcrumb":{"@id":"http:\/\/denizcankizil.tr\/uk\/uncategorized-tr\/yasal-mirascilar-kimler-mirasdavalari\/#breadcrumb"},"inLanguage":"uk","potentialAction":[{"@type":"ReadAction","target":["http:\/\/denizcankizil.tr\/uk\/uncategorized-tr\/yasal-mirascilar-kimler-mirasdavalari\/"]}]},{"@type":"ImageObject","inLanguage":"uk","@id":"http:\/\/denizcankizil.tr\/uk\/uncategorized-tr\/yasal-mirascilar-kimler-mirasdavalari\/#primaryimage","url":"https:\/\/denizcankizil.tr\/wp-content\/uploads\/2024\/11\/istemi.jpg67332959eab98.jpg","contentUrl":"https:\/\/denizcankizil.tr\/wp-content\/uploads\/2024\/11\/istemi.jpg67332959eab98.jpg"},{"@type":"BreadcrumbList","@id":"http:\/\/denizcankizil.tr\/uk\/uncategorized-tr\/yasal-mirascilar-kimler-mirasdavalari\/#breadcrumb","itemListElement":[{"@type":"ListItem","position":1,"name":"Home","item":"https:\/\/denizcankizil.tr\/de\/"},{"@type":"ListItem","position":2,"name":"YASAL M\u0130RAS\u00c7ILAR kimler? #Mirasdavalar\u0131"}]},{"@type":"WebSite","@id":"https:\/\/denizcankizil.tr\/#website","url":"https:\/\/denizcankizil.tr\/","name":"Av. Deniz Can K\u0131z\u0131l","description":"Avukat Deniz Can K\u0131z\u0131l Antalya Barosu","publisher":{"@id":"https:\/\/denizcankizil.tr\/#organization"},"potentialAction":[{"@type":"SearchAction","target":{"@type":"EntryPoint","urlTemplate":"https:\/\/denizcankizil.tr\/?s={search_term_string}"},"query-input":{"@type":"PropertyValueSpecification","valueRequired":true,"valueName":"search_term_string"}}],"inLanguage":"uk"},{"@type":"Organization","@id":"https:\/\/denizcankizil.tr\/#organization","name":"Av. Deniz Can K\u0131z\u0131l","url":"https:\/\/denizcankizil.tr\/","logo":{"@type":"ImageObject","inLanguage":"uk","@id":"https:\/\/denizcankizil.tr\/#\/schema\/logo\/image\/","url":"http:\/\/denizcankizil.tr\/wp-content\/uploads\/2024\/10\/siyah-logo-svg.svg","contentUrl":"http:\/\/denizcankizil.tr\/wp-content\/uploads\/2024\/10\/siyah-logo-svg.svg","width":1080,"height":1080,"caption":"Av. Deniz Can K\u0131z\u0131l"},"image":{"@id":"https:\/\/denizcankizil.tr\/#\/schema\/logo\/image\/"}},{"@type":"Person","@id":"https:\/\/denizcankizil.tr\/#\/schema\/person\/5dc1b22991bd7ac833867c10afc9b0ff","name":"Av. Deniz Can K\u0131z\u0131l","image":{"@type":"ImageObject","inLanguage":"uk","@id":"https:\/\/denizcankizil.tr\/#\/schema\/person\/image\/","url":"https:\/\/secure.gravatar.com\/avatar\/a0b128fb9855c79efc976d5640eedb31dc35ec297594d6016d2cf7c60e975bb6?s=96&d=mm&r=g","contentUrl":"https:\/\/secure.gravatar.com\/avatar\/a0b128fb9855c79efc976d5640eedb31dc35ec297594d6016d2cf7c60e975bb6?s=96&d=mm&r=g","caption":"Av. Deniz Can K\u0131z\u0131l"},"sameAs":["http:\/\/www.denizcankizil.tr"],"url":"http:\/\/denizcankizil.tr\/uk\/author\/denizcankizil\/"}]}},"_links":{"self":[{"href":"http:\/\/denizcankizil.tr\/uk\/wp-json\/wp\/v2\/posts\/15645","targetHints":{"allow":["GET"]}}],"collection":[{"href":"http:\/\/denizcankizil.tr\/uk\/wp-json\/wp\/v2\/posts"}],"about":[{"href":"http:\/\/denizcankizil.tr\/uk\/wp-json\/wp\/v2\/types\/post"}],"author":[{"embeddable":true,"href":"http:\/\/denizcankizil.tr\/uk\/wp-json\/wp\/v2\/users\/4"}],"replies":[{"embeddable":true,"href":"http:\/\/denizcankizil.tr\/uk\/wp-json\/wp\/v2\/comments?post=15645"}],"version-history":[{"count":0,"href":"http:\/\/denizcankizil.tr\/uk\/wp-json\/wp\/v2\/posts\/15645\/revisions"}],"wp:attachment":[{"href":"http:\/\/denizcankizil.tr\/uk\/wp-json\/wp\/v2\/media?parent=15645"}],"wp:term":[{"taxonomy":"category","embeddable":true,"href":"http:\/\/denizcankizil.tr\/uk\/wp-json\/wp\/v2\/categories?post=15645"},{"taxonomy":"post_tag","embeddable":true,"href":"http:\/\/denizcankizil.tr\/uk\/wp-json\/wp\/v2\/tags?post=15645"}],"curies":[{"name":"wp","href":"https:\/\/api.w.org\/{rel}","templated":true}]}}