{"id":152033,"date":"2025-07-20T20:41:31","date_gmt":"2025-07-20T17:41:31","guid":{"rendered":"https:\/\/denizcankizil.tr\/uncategorized-tr\/mehmet-murat-calikin-tutuklulugu-hukuka-ve-vicdana-aykiridir\/"},"modified":"2025-07-20T20:41:31","modified_gmt":"2025-07-20T17:41:31","slug":"mehmet-murat-calikin-tutuklulugu-hukuka-ve-vicdana-aykiridir","status":"publish","type":"post","link":"http:\/\/denizcankizil.tr\/uk\/haberler\/gundem\/mehmet-murat-calikin-tutuklulugu-hukuka-ve-vicdana-aykiridir\/","title":{"rendered":"\u201cMehmet Murat \u00c7al\u0131k\u2019\u0131n tutuklulu\u011fu hukuka ve vicdana ayk\u0131r\u0131d\u0131r\u201d"},"content":{"rendered":"<p>\u0130stanbul Beylikd\u00fcz\u00fc Belediye Ba\u015fkan\u0131 Mehmet Murat \u00c7al\u0131k \u2018r\u00fc\u015fvet\u2019 ve \u2018yolsuzluk\u2019 soru\u015fturmas\u0131 kapsam\u0131nda tutukland\u0131. Daha \u00f6ncesinde iki kez kanser tedavisi g\u00f6rm\u00fc\u015f olan \u00c7al\u0131k, tutuklu yarg\u0131land\u0131\u011f\u0131 s\u00fcre zarf\u0131nda ciddi sa\u011fl\u0131k sorunlar\u0131yla g\u00fcndeme geldi. Durumu ciddi olan \u00c7al\u0131k\u2019\u0131n hastane odas\u0131nda annesine el sallad\u0131\u011f\u0131 g\u00f6r\u00fcnt\u00fc sosyal medyada g\u00fcndem oldu. \u00c7al\u0131k\u2019\u0131n tahliye talebine ili\u015fkin Antalya Barosu a\u00e7\u0131klama yapt\u0131.<\/p>\n<p>\u201c\u00c7ALIK\u2019IN YA\u015eAMI TEHL\u0130KEDE\u201d<\/p>\n<p>Antalya Barosu sa\u011fl\u0131k sorunlar\u0131 ya\u015fayan \u00c7al\u0131k&#8217;\u0131n tahliye edilmesi talebinde bulunarak, \u201c\u00c7al\u0131k\u2019\u0131n tutuklu yarg\u0131land\u0131\u011f\u0131 s\u00fcre\u00e7te ciddi sa\u011fl\u0131k sorunlar\u0131 ya\u015fad\u0131\u011f\u0131 ve buna ra\u011fmen tutuklulu\u011funun devam etti\u011fi, kamuoyuna yans\u0131yan bilgiler ve sa\u011fl\u0131k raporlar\u0131yla sabit durumdad\u0131r. Daha \u00f6ncesinde iki kez kanser tedavisi g\u00f6rm\u00fc\u015f olan \u00c7al\u0131k, cezaevi ko\u015fullar\u0131nda ge\u00e7irdi\u011fi kalp krizi sonras\u0131 anjiyo olmu\u015f; uzman hekimlerce haz\u0131rlanan t\u0131bbi raporlarda l\u00f6semi n\u00fcks\u00fc a\u00e7\u0131s\u0131ndan y\u00fcksek risk grubunda de\u011ferlendirildi\u011fi a\u00e7\u0131k\u00e7a belirtilmi\u015ftir. \u00c7al\u0131k&#8217;\u0131n ya\u015fam\u0131n\u0131 tehlikeye atacak d\u00fczeyde sa\u011fl\u0131\u011f\u0131n\u0131 riske atan durumuna ra\u011fmen tutuklulu\u011funun devam\u0131nda \u0131srar edilmesi, a\u00e7\u0131k\u00e7a Anayasa, Ceza Muhakemesi Kanunu ve ba\u011fl\u0131 bulundu\u011fumuz uluslararas\u0131 s\u00f6zle\u015fmelere ayk\u0131r\u0131l\u0131k te\u015fkil etmektedir\u201d a\u00e7\u0131klamas\u0131n\u0131 yapt\u0131.<\/p>\n<p>\u201cYA\u015eAM HAKKI BAKIMINDAN A\u00c7IK \u0130HLAL R\u0130SK\u0130 TA\u015eIYOR\u201d<\/p>\n<p>\u00c7al\u0131k\u2019\u0131n cezaevi ko\u015fullar\u0131nda tutulmaya devam edilmesi, ya\u015fam hakk\u0131 bak\u0131m\u0131ndan a\u00e7\u0131k bir ihlal oldu\u011funu belirten Antalya Barosu, a\u00e7\u0131klamas\u0131n\u0131 \u015f\u00f6yle s\u00fcr\u00fcrd\u00fc: \u201cAnayasan\u0131n 17&#8217;nci maddesi ile Avrupa \u0130nsan Haklar\u0131 S\u00f6zle\u015fmesinin (A\u0130HS) 2&#8217;nci maddesi kapsam\u0131nda g\u00fcvence alt\u0131na al\u0131nan ya\u015fam hakk\u0131, devletin yaln\u0131zca bireylerin ya\u015fam\u0131na kasten m\u00fcdahale etmeme y\u00fck\u00fcml\u00fcl\u00fc\u011f\u00fcn\u00fc de\u011fil, ayn\u0131 zamanda bireylerin ya\u015fam\u0131n\u0131 koruyacak \u00f6nlemleri alma y\u00fck\u00fcml\u00fcl\u00fc\u011f\u00fcn\u00fc de i\u00e7ermektedir. A\u011f\u0131r sa\u011fl\u0131k sorunlar\u0131 bulunan bir ki\u015finin, cezaevi ko\u015fullar\u0131nda tutulmaya devam edilmesi, ya\u015fam hakk\u0131 bak\u0131m\u0131ndan a\u00e7\u0131k bir ihlal riski ta\u015f\u0131maktad\u0131r. A\u0130HS\u2019in 3&#8217;\u00fcnc\u00fc maddesi ve Anayasan\u0131n 17&#8217;nci maddesinin \u00fc\u00e7\u00fcnc\u00fc f\u0131kras\u0131 ise hi\u00e7 kimsenin i\u015fkenceye, insanl\u0131k d\u0131\u015f\u0131 ya da a\u015fa\u011f\u0131lay\u0131c\u0131 muameleye tabi tutulamayaca\u011f\u0131n\u0131 d\u00fczenlemektedir. Y\u00fcksek risk grubundaki bir ki\u015finin cezaevinde tutulmas\u0131, bu ba\u011flamda i\u015fkence yasa\u011f\u0131n\u0131n ihlaline yol a\u00e7abilecek niteliktedir. Ceza Muhakemesi Kanununa g\u00f6re tutuklama, istisnai bir koruma tedbiri olup, sa\u011fl\u0131k durumu nedeniyle ma\u011fduriyete yol a\u00e7t\u0131\u011f\u0131 durumlarda adli kontrol gibi daha hafif tedbirlerle ikame edilmesi m\u00fcmk\u00fcnd\u00fcr. Anayasa Mahkemesi de bir yerle\u015fik kararlar\u0131nda, sa\u011fl\u0131k durumu cezaevi ko\u015fullar\u0131nda s\u00fcrd\u00fcr\u00fclemeyen ki\u015filerin tutuklu kalmas\u0131n\u0131n \u00f6l\u00e7\u00fcs\u00fcz olaca\u011f\u0131n\u0131 ve temel hak ihlaline neden olaca\u011f\u0131n\u0131 vurgulamaktad\u0131r (AYM Mustafa Karabulut Ba\u015fvurusu B. No: 2013\/2754) Ceza adalet sistemi, yaln\u0131zca cezaland\u0131rma de\u011fil; insan onurunu koruma, ya\u015fam\u0131 ve sa\u011fl\u0131\u011f\u0131 g\u00fcvence alt\u0131na alma \u00fczerine kuruludur. \u0130leri d\u00fczeyde sa\u011fl\u0131k sorunu ya\u015fayan bir ki\u015finin cezaevinde tutulmas\u0131, adaletin de\u011fil, ma\u011fduriyetin tesisi, dahas\u0131 ya\u015fam hakk\u0131n\u0131n g\u00f6rmezden gelinmesi anlam\u0131na gelir.\u201d<\/p>\n<p>\u201cDERHAL SERBEST BIRAKILMALI\u201d<\/p>\n<p>Belediye Ba\u015fkan\u0131 Murat \u00c7al\u0131k\u2019\u0131n derhal serbest b\u0131rak\u0131lmas\u0131 gerekti\u011fini s\u00f6yleyen Baro, \u201cMurat \u00c7al\u0131k se\u00e7ilmi\u015f bir belediye ba\u015fkan\u0131 olarak Anayasan\u0131n 67&#8217;nci maddesi uyar\u0131nca g\u00fcvence alt\u0131na al\u0131nan se\u00e7ilme ve halk\u0131n da demokratik y\u00f6netimde s\u00f6z sahibi bulunma hakk\u0131na ayk\u0131r\u0131 \u015fekilde cezaevinde tutulmaktad\u0131r. Bir yerel y\u00f6neticinin g\u00f6revde oldu\u011fu d\u00f6nemde tutuklanmas\u0131, bu anayasal hakk\u0131n a\u011f\u0131r bi\u00e7imde s\u0131n\u0131rland\u0131r\u0131lmas\u0131 anlam\u0131na gelirken; a\u011f\u0131r sa\u011fl\u0131k sorunlar\u0131 kar\u015f\u0131s\u0131nda bu tutuklulu\u011fun s\u00fcrd\u00fcr\u00fclmesi de art\u0131k yaln\u0131zca demokratik temsil hakk\u0131n\u0131n de\u011fil, ya\u015fam hakk\u0131n\u0131n potansiyel ihlali ve k\u00f6t\u00fc muamele yasa\u011f\u0131n\u0131n da yerle yeksan edilmesidir. Bir de hastanede annesinin g\u00f6rmemesi i\u00e7in odas\u0131n\u0131n de\u011fi\u015ftirilmesi yetkililerin insani de\u011ferlerle ba\u011f\u0131n\u0131 \u00e7oktan kopard\u0131\u011f\u0131n\u0131 ortaya koymaktad\u0131r. Bu nedenlerle; Mehmet Murat \u00c7al\u0131k\u2019\u0131n ya\u015famsal sa\u011fl\u0131k sorunlar\u0131 g\u00f6zetilerek derhal serbest b\u0131rak\u0131lmas\u0131 gerekti\u011fi anayasal ve insani bir zorunlulu\u011fu ifade etmektedir. Antalya Barosu olarak; hukukun \u00fcst\u00fcnl\u00fc\u011f\u00fc, insan onuru ve ya\u015fam hakk\u0131 ad\u0131na yetkili mercileri sorumluluk almaya ve daha fazla gecikmeksizin gerekli ad\u0131mlar\u0131 ivedilikle atmaya davet ediyoruz\u201d ifadelerini kulland\u0131.<\/p>\n<p>\u200bBelediyelere yolsuzluk soru\u015fturmas\u0131 kapsam\u0131nda tutuklu bulunan \u0130stanbul Beylikd\u00fcz\u00fc Belediye Ba\u015fkan\u0131 Mehmet Murat \u00c7al\u0131k&#8217;\u0131n sa\u011fl\u0131k durumu ciddiyetini korurken hastane odas\u0131ndan annesine el sallad\u0131\u011f\u0131 g\u00f6r\u00fcnt\u00fc sosyal medyada g\u00fcndem oldu. Tahliye talebine ili\u015fkin \u00e7a\u011fr\u0131lar pe\u015fe gelirken Antalya Barosu da sessiz kalmayarak, \u201cHukuka ve vicdana ayk\u0131r\u0131d\u0131r\u201d dedi.\u00a0<\/p>\n<p>\u200bHaberin Al\u0131nt\u0131land\u0131\u011f\u0131 Kaynak: www.antalyakorfez.com<\/p>","protected":false},"excerpt":{"rendered":"<p>\u0130stanbul Beylikd\u00fcz\u00fc Belediye Ba\u015fkan\u0131 Mehmet Murat \u00c7al\u0131k \u2018r\u00fc\u015fvet\u2019 ve \u2018yolsuzluk\u2019 soru\u015fturmas\u0131 kapsam\u0131nda tutukland\u0131. Daha \u00f6ncesinde iki kez kanser tedavisi g\u00f6rm\u00fc\u015f olan \u00c7al\u0131k, tutuklu yarg\u0131land\u0131\u011f\u0131 s\u00fcre zarf\u0131nda ciddi sa\u011fl\u0131k sorunlar\u0131yla g\u00fcndeme geldi. Durumu ciddi olan \u00c7al\u0131k\u2019\u0131n hastane odas\u0131nda annesine el sallad\u0131\u011f\u0131 g\u00f6r\u00fcnt\u00fc sosyal medyada g\u00fcndem oldu. \u00c7al\u0131k\u2019\u0131n tahliye talebine ili\u015fkin Antalya Barosu a\u00e7\u0131klama yapt\u0131. \u201c\u00c7ALIK\u2019IN YA\u015eAMI TEHL\u0130KEDE\u201d Antalya Barosu sa\u011fl\u0131k sorunlar\u0131 ya\u015fayan \u00c7al\u0131k&#8217;\u0131n tahliye edilmesi talebinde bulunarak, \u201c\u00c7al\u0131k\u2019\u0131n tutuklu yarg\u0131land\u0131\u011f\u0131 s\u00fcre\u00e7te ciddi sa\u011fl\u0131k sorunlar\u0131 ya\u015fad\u0131\u011f\u0131 ve buna ra\u011fmen tutuklulu\u011funun devam etti\u011fi, kamuoyuna yans\u0131yan bilgiler ve sa\u011fl\u0131k raporlar\u0131yla sabit durumdad\u0131r. Daha \u00f6ncesinde iki kez kanser tedavisi g\u00f6rm\u00fc\u015f olan \u00c7al\u0131k, cezaevi ko\u015fullar\u0131nda ge\u00e7irdi\u011fi kalp krizi sonras\u0131 anjiyo olmu\u015f; uzman hekimlerce haz\u0131rlanan t\u0131bbi raporlarda l\u00f6semi n\u00fcks\u00fc a\u00e7\u0131s\u0131ndan y\u00fcksek risk grubunda de\u011ferlendirildi\u011fi a\u00e7\u0131k\u00e7a belirtilmi\u015ftir. \u00c7al\u0131k&#8217;\u0131n ya\u015fam\u0131n\u0131 tehlikeye atacak d\u00fczeyde sa\u011fl\u0131\u011f\u0131n\u0131 riske atan durumuna ra\u011fmen tutuklulu\u011funun devam\u0131nda \u0131srar edilmesi, a\u00e7\u0131k\u00e7a Anayasa, Ceza Muhakemesi Kanunu ve ba\u011fl\u0131 bulundu\u011fumuz uluslararas\u0131 s\u00f6zle\u015fmelere ayk\u0131r\u0131l\u0131k te\u015fkil etmektedir\u201d a\u00e7\u0131klamas\u0131n\u0131 yapt\u0131. \u201cYA\u015eAM HAKKI BAKIMINDAN A\u00c7IK \u0130HLAL R\u0130SK\u0130 TA\u015eIYOR\u201d \u00c7al\u0131k\u2019\u0131n cezaevi ko\u015fullar\u0131nda tutulmaya devam edilmesi, ya\u015fam hakk\u0131 bak\u0131m\u0131ndan a\u00e7\u0131k bir ihlal oldu\u011funu belirten Antalya Barosu, a\u00e7\u0131klamas\u0131n\u0131 \u015f\u00f6yle s\u00fcr\u00fcrd\u00fc: \u201cAnayasan\u0131n 17&#8217;nci maddesi ile Avrupa \u0130nsan Haklar\u0131 S\u00f6zle\u015fmesinin (A\u0130HS) 2&#8217;nci maddesi kapsam\u0131nda g\u00fcvence alt\u0131na al\u0131nan ya\u015fam hakk\u0131, devletin yaln\u0131zca bireylerin ya\u015fam\u0131na kasten m\u00fcdahale etmeme y\u00fck\u00fcml\u00fcl\u00fc\u011f\u00fcn\u00fc de\u011fil, &hellip;<\/p>","protected":false},"author":5,"featured_media":0,"comment_status":"","ping_status":"open","sticky":false,"template":"","format":"standard","meta":{"_acf_changed":false,"footnotes":""},"categories":[24],"tags":[],"class_list":["post-152033","post","type-post","status-publish","format-standard","has-post-thumbnail","hentry","category-gundem"],"acf":[],"yoast_head":"<!-- This site is optimized with the Yoast SEO Premium plugin v26.6 (Yoast SEO v27.1.1) - https:\/\/yoast.com\/product\/yoast-seo-premium-wordpress\/ -->\n<title>\u201cMehmet Murat \u00c7al\u0131k\u2019\u0131n tutuklulu\u011fu hukuka ve vicdana ayk\u0131r\u0131d\u0131r\u201d - Av. Deniz Can K\u0131z\u0131l<\/title>\n<meta name=\"robots\" content=\"index, follow, max-snippet:-1, max-image-preview:large, max-video-preview:-1\" \/>\n<link rel=\"canonical\" href=\"https:\/\/denizcankizil.tr\/uk\/haberler\/gundem\/mehmet-murat-calikin-tutuklulugu-hukuka-ve-vicdana-aykiridir\/\" \/>\n<meta property=\"og:locale\" content=\"uk_UA\" \/>\n<meta property=\"og:type\" content=\"article\" \/>\n<meta property=\"og:title\" content=\"\u201cMehmet Murat \u00c7al\u0131k\u2019\u0131n tutuklulu\u011fu hukuka ve vicdana ayk\u0131r\u0131d\u0131r\u201d\" \/>\n<meta property=\"og:description\" content=\"\u0130stanbul Beylikd\u00fcz\u00fc Belediye Ba\u015fkan\u0131 Mehmet Murat \u00c7al\u0131k \u2018r\u00fc\u015fvet\u2019 ve \u2018yolsuzluk\u2019 soru\u015fturmas\u0131 kapsam\u0131nda tutukland\u0131. Daha \u00f6ncesinde iki kez kanser tedavisi g\u00f6rm\u00fc\u015f olan \u00c7al\u0131k, tutuklu yarg\u0131land\u0131\u011f\u0131 s\u00fcre zarf\u0131nda ciddi sa\u011fl\u0131k sorunlar\u0131yla g\u00fcndeme geldi. Durumu ciddi olan \u00c7al\u0131k\u2019\u0131n hastane odas\u0131nda annesine el sallad\u0131\u011f\u0131 g\u00f6r\u00fcnt\u00fc sosyal medyada g\u00fcndem oldu. \u00c7al\u0131k\u2019\u0131n tahliye talebine ili\u015fkin Antalya Barosu a\u00e7\u0131klama yapt\u0131. \u201c\u00c7ALIK\u2019IN YA\u015eAMI TEHL\u0130KEDE\u201d Antalya Barosu sa\u011fl\u0131k sorunlar\u0131 ya\u015fayan \u00c7al\u0131k&#8217;\u0131n tahliye edilmesi talebinde bulunarak, \u201c\u00c7al\u0131k\u2019\u0131n tutuklu yarg\u0131land\u0131\u011f\u0131 s\u00fcre\u00e7te ciddi sa\u011fl\u0131k sorunlar\u0131 ya\u015fad\u0131\u011f\u0131 ve buna ra\u011fmen tutuklulu\u011funun devam etti\u011fi, kamuoyuna yans\u0131yan bilgiler ve sa\u011fl\u0131k raporlar\u0131yla sabit durumdad\u0131r. Daha \u00f6ncesinde iki kez kanser tedavisi g\u00f6rm\u00fc\u015f olan \u00c7al\u0131k, cezaevi ko\u015fullar\u0131nda ge\u00e7irdi\u011fi kalp krizi sonras\u0131 anjiyo olmu\u015f; uzman hekimlerce haz\u0131rlanan t\u0131bbi raporlarda l\u00f6semi n\u00fcks\u00fc a\u00e7\u0131s\u0131ndan y\u00fcksek risk grubunda de\u011ferlendirildi\u011fi a\u00e7\u0131k\u00e7a belirtilmi\u015ftir. \u00c7al\u0131k&#8217;\u0131n ya\u015fam\u0131n\u0131 tehlikeye atacak d\u00fczeyde sa\u011fl\u0131\u011f\u0131n\u0131 riske atan durumuna ra\u011fmen tutuklulu\u011funun devam\u0131nda \u0131srar edilmesi, a\u00e7\u0131k\u00e7a Anayasa, Ceza Muhakemesi Kanunu ve ba\u011fl\u0131 bulundu\u011fumuz uluslararas\u0131 s\u00f6zle\u015fmelere ayk\u0131r\u0131l\u0131k te\u015fkil etmektedir\u201d a\u00e7\u0131klamas\u0131n\u0131 yapt\u0131. \u201cYA\u015eAM HAKKI BAKIMINDAN A\u00c7IK \u0130HLAL R\u0130SK\u0130 TA\u015eIYOR\u201d \u00c7al\u0131k\u2019\u0131n cezaevi ko\u015fullar\u0131nda tutulmaya devam edilmesi, ya\u015fam hakk\u0131 bak\u0131m\u0131ndan a\u00e7\u0131k bir ihlal oldu\u011funu belirten Antalya Barosu, a\u00e7\u0131klamas\u0131n\u0131 \u015f\u00f6yle s\u00fcr\u00fcrd\u00fc: \u201cAnayasan\u0131n 17&#8217;nci maddesi ile Avrupa \u0130nsan Haklar\u0131 S\u00f6zle\u015fmesinin (A\u0130HS) 2&#8217;nci maddesi kapsam\u0131nda g\u00fcvence alt\u0131na al\u0131nan ya\u015fam hakk\u0131, devletin yaln\u0131zca bireylerin ya\u015fam\u0131na kasten m\u00fcdahale etmeme y\u00fck\u00fcml\u00fcl\u00fc\u011f\u00fcn\u00fc de\u011fil, &hellip;\" \/>\n<meta property=\"og:url\" content=\"https:\/\/denizcankizil.tr\/uk\/haberler\/gundem\/mehmet-murat-calikin-tutuklulugu-hukuka-ve-vicdana-aykiridir\/\" \/>\n<meta property=\"og:site_name\" content=\"Av. Deniz Can K\u0131z\u0131l\" \/>\n<meta property=\"article:published_time\" content=\"2025-07-20T17:41:31+00:00\" \/>\n<meta name=\"author\" content=\"Antalya K\u00f6rfez\" \/>\n<meta name=\"twitter:card\" content=\"summary_large_image\" \/>\n<meta name=\"twitter:label1\" content=\"\u041d\u0430\u043f\u0438\u0441\u0430\u043d\u043e\" \/>\n\t<meta name=\"twitter:data1\" content=\"Antalya K\u00f6rfez\" \/>\n\t<meta name=\"twitter:label2\" content=\"\u041f\u0440\u0438\u0431\u043b. \u0447\u0430\u0441 \u0447\u0438\u0442\u0430\u043d\u043d\u044f\" \/>\n\t<meta name=\"twitter:data2\" content=\"4 \u0445\u0432\u0438\u043b\u0438\u043d\u0438\" \/>\n<script type=\"application\/ld+json\" class=\"yoast-schema-graph\">{\"@context\":\"https:\/\/schema.org\",\"@graph\":[{\"@type\":\"Article\",\"@id\":\"https:\/\/denizcankizil.tr\/de\/haberler\/gundem\/mehmet-murat-calikin-tutuklulugu-hukuka-ve-vicdana-aykiridir\/#article\",\"isPartOf\":{\"@id\":\"https:\/\/denizcankizil.tr\/de\/haberler\/gundem\/mehmet-murat-calikin-tutuklulugu-hukuka-ve-vicdana-aykiridir\/\"},\"author\":{\"name\":\"Antalya K\u00f6rfez\",\"@id\":\"https:\/\/denizcankizil.tr\/#\/schema\/person\/e1eb71bb4dd684d46563f0af307e1234\"},\"headline\":\"\u201cMehmet Murat \u00c7al\u0131k\u2019\u0131n tutuklulu\u011fu hukuka ve vicdana ayk\u0131r\u0131d\u0131r\u201d\",\"datePublished\":\"2025-07-20T17:41:31+00:00\",\"mainEntityOfPage\":{\"@id\":\"https:\/\/denizcankizil.tr\/de\/haberler\/gundem\/mehmet-murat-calikin-tutuklulugu-hukuka-ve-vicdana-aykiridir\/\"},\"wordCount\":871,\"publisher\":{\"@id\":\"https:\/\/denizcankizil.tr\/#organization\"},\"articleSection\":[\"G\u00fcndem\"],\"inLanguage\":\"uk\"},{\"@type\":\"WebPage\",\"@id\":\"https:\/\/denizcankizil.tr\/de\/haberler\/gundem\/mehmet-murat-calikin-tutuklulugu-hukuka-ve-vicdana-aykiridir\/\",\"url\":\"https:\/\/denizcankizil.tr\/de\/haberler\/gundem\/mehmet-murat-calikin-tutuklulugu-hukuka-ve-vicdana-aykiridir\/\",\"name\":\"\u201cMehmet Murat \u00c7al\u0131k\u2019\u0131n tutuklulu\u011fu hukuka ve vicdana ayk\u0131r\u0131d\u0131r\u201d - Av. Deniz Can K\u0131z\u0131l\",\"isPartOf\":{\"@id\":\"https:\/\/denizcankizil.tr\/#website\"},\"datePublished\":\"2025-07-20T17:41:31+00:00\",\"breadcrumb\":{\"@id\":\"https:\/\/denizcankizil.tr\/de\/haberler\/gundem\/mehmet-murat-calikin-tutuklulugu-hukuka-ve-vicdana-aykiridir\/#breadcrumb\"},\"inLanguage\":\"uk\",\"potentialAction\":[{\"@type\":\"ReadAction\",\"target\":[\"https:\/\/denizcankizil.tr\/de\/haberler\/gundem\/mehmet-murat-calikin-tutuklulugu-hukuka-ve-vicdana-aykiridir\/\"]}]},{\"@type\":\"BreadcrumbList\",\"@id\":\"https:\/\/denizcankizil.tr\/de\/haberler\/gundem\/mehmet-murat-calikin-tutuklulugu-hukuka-ve-vicdana-aykiridir\/#breadcrumb\",\"itemListElement\":[{\"@type\":\"ListItem\",\"position\":1,\"name\":\"Home\",\"item\":\"https:\/\/denizcankizil.tr\/uk\/\"},{\"@type\":\"ListItem\",\"position\":2,\"name\":\"\u201cMehmet Murat \u00c7al\u0131k\u2019\u0131n tutuklulu\u011fu hukuka ve vicdana ayk\u0131r\u0131d\u0131r\u201d\"}]},{\"@type\":\"WebSite\",\"@id\":\"https:\/\/denizcankizil.tr\/#website\",\"url\":\"https:\/\/denizcankizil.tr\/\",\"name\":\"Av. Deniz Can K\u0131z\u0131l\",\"description\":\"Avukat Deniz Can K\u0131z\u0131l Antalya Barosu\",\"publisher\":{\"@id\":\"https:\/\/denizcankizil.tr\/#organization\"},\"potentialAction\":[{\"@type\":\"SearchAction\",\"target\":{\"@type\":\"EntryPoint\",\"urlTemplate\":\"https:\/\/denizcankizil.tr\/?s={search_term_string}\"},\"query-input\":{\"@type\":\"PropertyValueSpecification\",\"valueRequired\":true,\"valueName\":\"search_term_string\"}}],\"inLanguage\":\"uk\"},{\"@type\":\"Organization\",\"@id\":\"https:\/\/denizcankizil.tr\/#organization\",\"name\":\"Av. Deniz Can K\u0131z\u0131l\",\"url\":\"https:\/\/denizcankizil.tr\/\",\"logo\":{\"@type\":\"ImageObject\",\"inLanguage\":\"uk\",\"@id\":\"https:\/\/denizcankizil.tr\/#\/schema\/logo\/image\/\",\"url\":\"http:\/\/denizcankizil.tr\/wp-content\/uploads\/2024\/10\/siyah-logo-svg.svg\",\"contentUrl\":\"http:\/\/denizcankizil.tr\/wp-content\/uploads\/2024\/10\/siyah-logo-svg.svg\",\"width\":1080,\"height\":1080,\"caption\":\"Av. Deniz Can K\u0131z\u0131l\"},\"image\":{\"@id\":\"https:\/\/denizcankizil.tr\/#\/schema\/logo\/image\/\"}},{\"@type\":\"Person\",\"@id\":\"https:\/\/denizcankizil.tr\/#\/schema\/person\/e1eb71bb4dd684d46563f0af307e1234\",\"name\":\"Antalya K\u00f6rfez\",\"image\":{\"@type\":\"ImageObject\",\"inLanguage\":\"uk\",\"@id\":\"https:\/\/denizcankizil.tr\/#\/schema\/person\/image\/\",\"url\":\"https:\/\/secure.gravatar.com\/avatar\/42b01982558a48a0b501fdcab6a408d3717ea5919095ee2e67b0e521799c5905?s=96&d=mm&r=g\",\"contentUrl\":\"https:\/\/secure.gravatar.com\/avatar\/42b01982558a48a0b501fdcab6a408d3717ea5919095ee2e67b0e521799c5905?s=96&d=mm&r=g\",\"caption\":\"Antalya K\u00f6rfez\"},\"sameAs\":[\"http:\/\/www.antalyakorfez.com\"],\"url\":\"https:\/\/www.antalyakorfez.com\/mehmet-murat-calikin-tutuklulugu-hukuka-ve-vicdana-aykiridir\"}]}<\/script>\n<!-- \/ Yoast SEO Premium plugin. -->","yoast_head_json":{"title":"\u201cMehmet Murat \u00c7al\u0131k\u2019\u0131n tutuklulu\u011fu hukuka ve vicdana ayk\u0131r\u0131d\u0131r\u201d - Av. Deniz Can K\u0131z\u0131l","robots":{"index":"index","follow":"follow","max-snippet":"max-snippet:-1","max-image-preview":"max-image-preview:large","max-video-preview":"max-video-preview:-1"},"canonical":"https:\/\/denizcankizil.tr\/uk\/haberler\/gundem\/mehmet-murat-calikin-tutuklulugu-hukuka-ve-vicdana-aykiridir\/","og_locale":"uk_UA","og_type":"article","og_title":"\u201cMehmet Murat \u00c7al\u0131k\u2019\u0131n tutuklulu\u011fu hukuka ve vicdana ayk\u0131r\u0131d\u0131r\u201d","og_description":"\u0130stanbul Beylikd\u00fcz\u00fc Belediye Ba\u015fkan\u0131 Mehmet Murat \u00c7al\u0131k \u2018r\u00fc\u015fvet\u2019 ve \u2018yolsuzluk\u2019 soru\u015fturmas\u0131 kapsam\u0131nda tutukland\u0131. Daha \u00f6ncesinde iki kez kanser tedavisi g\u00f6rm\u00fc\u015f olan \u00c7al\u0131k, tutuklu yarg\u0131land\u0131\u011f\u0131 s\u00fcre zarf\u0131nda ciddi sa\u011fl\u0131k sorunlar\u0131yla g\u00fcndeme geldi. Durumu ciddi olan \u00c7al\u0131k\u2019\u0131n hastane odas\u0131nda annesine el sallad\u0131\u011f\u0131 g\u00f6r\u00fcnt\u00fc sosyal medyada g\u00fcndem oldu. \u00c7al\u0131k\u2019\u0131n tahliye talebine ili\u015fkin Antalya Barosu a\u00e7\u0131klama yapt\u0131. \u201c\u00c7ALIK\u2019IN YA\u015eAMI TEHL\u0130KEDE\u201d Antalya Barosu sa\u011fl\u0131k sorunlar\u0131 ya\u015fayan \u00c7al\u0131k&#8217;\u0131n tahliye edilmesi talebinde bulunarak, \u201c\u00c7al\u0131k\u2019\u0131n tutuklu yarg\u0131land\u0131\u011f\u0131 s\u00fcre\u00e7te ciddi sa\u011fl\u0131k sorunlar\u0131 ya\u015fad\u0131\u011f\u0131 ve buna ra\u011fmen tutuklulu\u011funun devam etti\u011fi, kamuoyuna yans\u0131yan bilgiler ve sa\u011fl\u0131k raporlar\u0131yla sabit durumdad\u0131r. Daha \u00f6ncesinde iki kez kanser tedavisi g\u00f6rm\u00fc\u015f olan \u00c7al\u0131k, cezaevi ko\u015fullar\u0131nda ge\u00e7irdi\u011fi kalp krizi sonras\u0131 anjiyo olmu\u015f; uzman hekimlerce haz\u0131rlanan t\u0131bbi raporlarda l\u00f6semi n\u00fcks\u00fc a\u00e7\u0131s\u0131ndan y\u00fcksek risk grubunda de\u011ferlendirildi\u011fi a\u00e7\u0131k\u00e7a belirtilmi\u015ftir. \u00c7al\u0131k&#8217;\u0131n ya\u015fam\u0131n\u0131 tehlikeye atacak d\u00fczeyde sa\u011fl\u0131\u011f\u0131n\u0131 riske atan durumuna ra\u011fmen tutuklulu\u011funun devam\u0131nda \u0131srar edilmesi, a\u00e7\u0131k\u00e7a Anayasa, Ceza Muhakemesi Kanunu ve ba\u011fl\u0131 bulundu\u011fumuz uluslararas\u0131 s\u00f6zle\u015fmelere ayk\u0131r\u0131l\u0131k te\u015fkil etmektedir\u201d a\u00e7\u0131klamas\u0131n\u0131 yapt\u0131. \u201cYA\u015eAM HAKKI BAKIMINDAN A\u00c7IK \u0130HLAL R\u0130SK\u0130 TA\u015eIYOR\u201d \u00c7al\u0131k\u2019\u0131n cezaevi ko\u015fullar\u0131nda tutulmaya devam edilmesi, ya\u015fam hakk\u0131 bak\u0131m\u0131ndan a\u00e7\u0131k bir ihlal oldu\u011funu belirten Antalya Barosu, a\u00e7\u0131klamas\u0131n\u0131 \u015f\u00f6yle s\u00fcr\u00fcrd\u00fc: \u201cAnayasan\u0131n 17&#8217;nci maddesi ile Avrupa \u0130nsan Haklar\u0131 S\u00f6zle\u015fmesinin (A\u0130HS) 2&#8217;nci maddesi kapsam\u0131nda g\u00fcvence alt\u0131na al\u0131nan ya\u015fam hakk\u0131, devletin yaln\u0131zca bireylerin ya\u015fam\u0131na kasten m\u00fcdahale etmeme y\u00fck\u00fcml\u00fcl\u00fc\u011f\u00fcn\u00fc de\u011fil, &hellip;","og_url":"https:\/\/denizcankizil.tr\/uk\/haberler\/gundem\/mehmet-murat-calikin-tutuklulugu-hukuka-ve-vicdana-aykiridir\/","og_site_name":"Av. Deniz Can K\u0131z\u0131l","article_published_time":"2025-07-20T17:41:31+00:00","author":"Antalya K\u00f6rfez","twitter_card":"summary_large_image","twitter_misc":{"\u041d\u0430\u043f\u0438\u0441\u0430\u043d\u043e":"Antalya K\u00f6rfez","\u041f\u0440\u0438\u0431\u043b. \u0447\u0430\u0441 \u0447\u0438\u0442\u0430\u043d\u043d\u044f":"4 \u0445\u0432\u0438\u043b\u0438\u043d\u0438"},"schema":{"@context":"https:\/\/schema.org","@graph":[{"@type":"Article","@id":"https:\/\/denizcankizil.tr\/de\/haberler\/gundem\/mehmet-murat-calikin-tutuklulugu-hukuka-ve-vicdana-aykiridir\/#article","isPartOf":{"@id":"https:\/\/denizcankizil.tr\/de\/haberler\/gundem\/mehmet-murat-calikin-tutuklulugu-hukuka-ve-vicdana-aykiridir\/"},"author":{"name":"Antalya K\u00f6rfez","@id":"https:\/\/denizcankizil.tr\/#\/schema\/person\/e1eb71bb4dd684d46563f0af307e1234"},"headline":"\u201cMehmet Murat \u00c7al\u0131k\u2019\u0131n tutuklulu\u011fu hukuka ve vicdana ayk\u0131r\u0131d\u0131r\u201d","datePublished":"2025-07-20T17:41:31+00:00","mainEntityOfPage":{"@id":"https:\/\/denizcankizil.tr\/de\/haberler\/gundem\/mehmet-murat-calikin-tutuklulugu-hukuka-ve-vicdana-aykiridir\/"},"wordCount":871,"publisher":{"@id":"https:\/\/denizcankizil.tr\/#organization"},"articleSection":["G\u00fcndem"],"inLanguage":"uk"},{"@type":"WebPage","@id":"https:\/\/denizcankizil.tr\/de\/haberler\/gundem\/mehmet-murat-calikin-tutuklulugu-hukuka-ve-vicdana-aykiridir\/","url":"https:\/\/denizcankizil.tr\/de\/haberler\/gundem\/mehmet-murat-calikin-tutuklulugu-hukuka-ve-vicdana-aykiridir\/","name":"\u201cMehmet Murat \u00c7al\u0131k\u2019\u0131n tutuklulu\u011fu hukuka ve vicdana ayk\u0131r\u0131d\u0131r\u201d - Av. Deniz Can K\u0131z\u0131l","isPartOf":{"@id":"https:\/\/denizcankizil.tr\/#website"},"datePublished":"2025-07-20T17:41:31+00:00","breadcrumb":{"@id":"https:\/\/denizcankizil.tr\/de\/haberler\/gundem\/mehmet-murat-calikin-tutuklulugu-hukuka-ve-vicdana-aykiridir\/#breadcrumb"},"inLanguage":"uk","potentialAction":[{"@type":"ReadAction","target":["https:\/\/denizcankizil.tr\/de\/haberler\/gundem\/mehmet-murat-calikin-tutuklulugu-hukuka-ve-vicdana-aykiridir\/"]}]},{"@type":"BreadcrumbList","@id":"https:\/\/denizcankizil.tr\/de\/haberler\/gundem\/mehmet-murat-calikin-tutuklulugu-hukuka-ve-vicdana-aykiridir\/#breadcrumb","itemListElement":[{"@type":"ListItem","position":1,"name":"Home","item":"https:\/\/denizcankizil.tr\/uk\/"},{"@type":"ListItem","position":2,"name":"\u201cMehmet Murat \u00c7al\u0131k\u2019\u0131n tutuklulu\u011fu hukuka ve vicdana ayk\u0131r\u0131d\u0131r\u201d"}]},{"@type":"WebSite","@id":"https:\/\/denizcankizil.tr\/#website","url":"https:\/\/denizcankizil.tr\/","name":"Av. Deniz Can K\u0131z\u0131l","description":"Avukat Deniz Can K\u0131z\u0131l Antalya Barosu","publisher":{"@id":"https:\/\/denizcankizil.tr\/#organization"},"potentialAction":[{"@type":"SearchAction","target":{"@type":"EntryPoint","urlTemplate":"https:\/\/denizcankizil.tr\/?s={search_term_string}"},"query-input":{"@type":"PropertyValueSpecification","valueRequired":true,"valueName":"search_term_string"}}],"inLanguage":"uk"},{"@type":"Organization","@id":"https:\/\/denizcankizil.tr\/#organization","name":"Av. Deniz Can K\u0131z\u0131l","url":"https:\/\/denizcankizil.tr\/","logo":{"@type":"ImageObject","inLanguage":"uk","@id":"https:\/\/denizcankizil.tr\/#\/schema\/logo\/image\/","url":"http:\/\/denizcankizil.tr\/wp-content\/uploads\/2024\/10\/siyah-logo-svg.svg","contentUrl":"http:\/\/denizcankizil.tr\/wp-content\/uploads\/2024\/10\/siyah-logo-svg.svg","width":1080,"height":1080,"caption":"Av. Deniz Can K\u0131z\u0131l"},"image":{"@id":"https:\/\/denizcankizil.tr\/#\/schema\/logo\/image\/"}},{"@type":"Person","@id":"https:\/\/denizcankizil.tr\/#\/schema\/person\/e1eb71bb4dd684d46563f0af307e1234","name":"Antalya K\u00f6rfez","image":{"@type":"ImageObject","inLanguage":"uk","@id":"https:\/\/denizcankizil.tr\/#\/schema\/person\/image\/","url":"https:\/\/secure.gravatar.com\/avatar\/42b01982558a48a0b501fdcab6a408d3717ea5919095ee2e67b0e521799c5905?s=96&d=mm&r=g","contentUrl":"https:\/\/secure.gravatar.com\/avatar\/42b01982558a48a0b501fdcab6a408d3717ea5919095ee2e67b0e521799c5905?s=96&d=mm&r=g","caption":"Antalya K\u00f6rfez"},"sameAs":["http:\/\/www.antalyakorfez.com"],"url":"https:\/\/www.antalyakorfez.com\/mehmet-murat-calikin-tutuklulugu-hukuka-ve-vicdana-aykiridir"}]}},"_links":{"self":[{"href":"http:\/\/denizcankizil.tr\/uk\/wp-json\/wp\/v2\/posts\/152033","targetHints":{"allow":["GET"]}}],"collection":[{"href":"http:\/\/denizcankizil.tr\/uk\/wp-json\/wp\/v2\/posts"}],"about":[{"href":"http:\/\/denizcankizil.tr\/uk\/wp-json\/wp\/v2\/types\/post"}],"author":[{"embeddable":true,"href":"http:\/\/denizcankizil.tr\/uk\/wp-json\/wp\/v2\/users\/5"}],"replies":[{"embeddable":true,"href":"http:\/\/denizcankizil.tr\/uk\/wp-json\/wp\/v2\/comments?post=152033"}],"version-history":[{"count":0,"href":"http:\/\/denizcankizil.tr\/uk\/wp-json\/wp\/v2\/posts\/152033\/revisions"}],"wp:attachment":[{"href":"http:\/\/denizcankizil.tr\/uk\/wp-json\/wp\/v2\/media?parent=152033"}],"wp:term":[{"taxonomy":"category","embeddable":true,"href":"http:\/\/denizcankizil.tr\/uk\/wp-json\/wp\/v2\/categories?post=152033"},{"taxonomy":"post_tag","embeddable":true,"href":"http:\/\/denizcankizil.tr\/uk\/wp-json\/wp\/v2\/tags?post=152033"}],"curies":[{"name":"wp","href":"https:\/\/api.w.org\/{rel}","templated":true}]}}