{"id":151085,"date":"2025-07-19T21:41:17","date_gmt":"2025-07-19T18:41:17","guid":{"rendered":"https:\/\/denizcankizil.tr\/uncategorized-tr\/antalyanin-olum-viraji-meclis-gundeminde\/"},"modified":"2025-07-19T21:41:17","modified_gmt":"2025-07-19T18:41:17","slug":"antalyanin-olum-viraji-meclis-gundeminde","status":"publish","type":"post","link":"http:\/\/denizcankizil.tr\/uk\/haberler\/gundem\/antalyanin-olum-viraji-meclis-gundeminde\/","title":{"rendered":"Antalya\u2019n\u0131n \u2018\u00f6l\u00fcm viraj\u0131\u2019 Meclis g\u00fcndeminde"},"content":{"rendered":"<p>Antalya\u2019n\u0131n Akseki ve \u0130brad\u0131 il\u00e7eleri aras\u0131nda yer alan \u00c7aml\u0131yoku\u015f mevkiinde bulunan ve halk aras\u0131nda \u2018\u00f6l\u00fcml\u00fc viraj&#8217; olarak bilinen &#8216;S&#8217; \u015feklindeki keskin virajlarda s\u00fcrekli kazalar ya\u015fan\u0131yordu. CHP Antalya Milletvekili Aykut Kaya o yolu T\u00fcrkiye B\u00fcy\u00fck Millet Meclisi (TBMM) g\u00fcndemine ta\u015f\u0131nd\u0131.<\/p>\n<p>\u201cMEVCUT TEHL\u0130KE AZALTILACA\u011eINA DAHA DA B\u00dcY\u00dcT\u00dcLM\u00dc\u015eT\u00dcR\u201d<\/p>\n<p>Bu yol \u00fczerinde yap\u0131lan revizyonlar\u0131n yetersiz oldu\u011funa dikkat \u00e7eken Aykut Kaya, \u201cAkseki ve \u0130brad\u0131 il\u00e7elerimiz aras\u0131ndaki \u00c7aml\u0131yoku\u015f mevkindeki \u2018S\u2019 \u015feklindeki keskin viraj \u00f6zellikle Akseki y\u00f6n\u00fcnden gelen ara\u00e7lar b\u00fcy\u00fck bir tehlike olu\u015fturuyor. Bay\u0131r a\u015fa\u011f\u0131 inen yolda aniden ba\u015flayan bu viraj bug\u00fcne kadar \u00e7ok say\u0131da \u00f6l\u00fcml\u00fc ve yaralanmal\u0131 kazaya neden oldu. Ge\u00e7mi\u015fte yol g\u00fczergah\u0131ndan bir revizyon yap\u0131lmas\u0131na ra\u011fmen e\u011fim artt\u0131r\u0131lm\u0131\u015f, g\u00f6r\u00fc\u015f a\u00e7\u0131s\u0131 daralm\u0131\u015f, mevcut tehlike azalt\u0131laca\u011f\u0131na daha da b\u00fcy\u00fct\u00fclm\u00fc\u015ft\u00fcr\u201d dedi.<\/p>\n<p>\u201cYOL YEN\u0130DEN PROJELEND\u0130RMEL\u0130\u201d<\/p>\n<p>Ula\u015ft\u0131rma ve Altyap\u0131 Bakanl\u0131\u011f\u0131\u2019na \u00e7a\u011fr\u0131da bulunana Kaya, \u201cBir\u00e7ok ara\u00e7 bariyerlere \u00e7arpmakta baz\u0131lar\u0131ysa u\u00e7urumdan a\u015fa\u011f\u0131 yuvarlanmaktad\u0131r. \u00d6zellikle yaz aylar\u0131nda turistleri ta\u015f\u0131yan tur otob\u00fcslerinden b\u00f6lge halk\u0131na kadar yo\u011fun bir trafi\u011fe sahne olan bu alan bir \u00f6nce d\u00fczeltilmelidir. Ula\u015ft\u0131rma ve Altyap\u0131 Bakanl\u0131\u011f\u0131\u2019na \u00e7a\u011fr\u0131da bulunuyorum: Akseki ve \u0130brad\u0131 il\u00e7elerimiz aras\u0131ndaki bu tehlikeli virajda kaza riskini ortadan kald\u0131racak m\u00fchendislik \u00e7al\u0131\u015fmalar\u0131 derhal ba\u015flat\u0131lmal\u0131 yol yeniden projelendirmeli\u201d diye konu\u015ftu.<\/p>\n<p>\u200bAntalya\u2019n\u0131n Akseki ile \u0130brad\u0131 il\u00e7eleri aras\u0131nda \u00c7aml\u0131yoku\u015f mevkiinde bulunan ve \u00e7ok fazla \u00f6l\u00fcml\u00fc kaza ya\u015fanmas\u0131ndan dolay\u0131 halk aras\u0131nda  \u2018\u00f6l\u00fcml\u00fc viraj&#8217; olarak bilinen karayolu Meclis&#8217;e ta\u015f\u0131nd\u0131\u00a0<\/p>\n<p>\u200bHaberin Al\u0131nt\u0131land\u0131\u011f\u0131 Kaynak: www.antalyakorfez.com<\/p>","protected":false},"excerpt":{"rendered":"<p>Antalya\u2019n\u0131n Akseki ve \u0130brad\u0131 il\u00e7eleri aras\u0131nda yer alan \u00c7aml\u0131yoku\u015f mevkiinde bulunan ve halk aras\u0131nda \u2018\u00f6l\u00fcml\u00fc viraj&#8217; olarak bilinen &#8216;S&#8217; \u015feklindeki keskin virajlarda s\u00fcrekli kazalar ya\u015fan\u0131yordu. CHP Antalya Milletvekili Aykut Kaya o yolu T\u00fcrkiye B\u00fcy\u00fck Millet Meclisi (TBMM) g\u00fcndemine ta\u015f\u0131nd\u0131. \u201cMEVCUT TEHL\u0130KE AZALTILACA\u011eINA DAHA DA B\u00dcY\u00dcT\u00dcLM\u00dc\u015eT\u00dcR\u201d Bu yol \u00fczerinde yap\u0131lan revizyonlar\u0131n yetersiz oldu\u011funa dikkat \u00e7eken Aykut Kaya, \u201cAkseki ve \u0130brad\u0131 il\u00e7elerimiz aras\u0131ndaki \u00c7aml\u0131yoku\u015f mevkindeki \u2018S\u2019 \u015feklindeki keskin viraj \u00f6zellikle Akseki y\u00f6n\u00fcnden gelen ara\u00e7lar b\u00fcy\u00fck bir tehlike olu\u015fturuyor. Bay\u0131r a\u015fa\u011f\u0131 inen yolda aniden ba\u015flayan bu viraj bug\u00fcne kadar \u00e7ok say\u0131da \u00f6l\u00fcml\u00fc ve yaralanmal\u0131 kazaya neden oldu. Ge\u00e7mi\u015fte yol g\u00fczergah\u0131ndan bir revizyon yap\u0131lmas\u0131na ra\u011fmen e\u011fim artt\u0131r\u0131lm\u0131\u015f, g\u00f6r\u00fc\u015f a\u00e7\u0131s\u0131 daralm\u0131\u015f, mevcut tehlike azalt\u0131laca\u011f\u0131na daha da b\u00fcy\u00fct\u00fclm\u00fc\u015ft\u00fcr\u201d dedi. \u201cYOL YEN\u0130DEN PROJELEND\u0130RMEL\u0130\u201d Ula\u015ft\u0131rma ve Altyap\u0131 Bakanl\u0131\u011f\u0131\u2019na \u00e7a\u011fr\u0131da bulunana Kaya, \u201cBir\u00e7ok ara\u00e7 bariyerlere \u00e7arpmakta baz\u0131lar\u0131ysa u\u00e7urumdan a\u015fa\u011f\u0131 yuvarlanmaktad\u0131r. \u00d6zellikle yaz aylar\u0131nda turistleri ta\u015f\u0131yan tur otob\u00fcslerinden b\u00f6lge halk\u0131na kadar yo\u011fun bir trafi\u011fe sahne olan bu alan bir \u00f6nce d\u00fczeltilmelidir. Ula\u015ft\u0131rma ve Altyap\u0131 Bakanl\u0131\u011f\u0131\u2019na \u00e7a\u011fr\u0131da bulunuyorum: Akseki ve \u0130brad\u0131 il\u00e7elerimiz aras\u0131ndaki bu tehlikeli virajda kaza riskini ortadan kald\u0131racak m\u00fchendislik \u00e7al\u0131\u015fmalar\u0131 derhal ba\u015flat\u0131lmal\u0131 yol yeniden projelendirmeli\u201d diye konu\u015ftu. \u200bAntalya\u2019n\u0131n Akseki ile \u0130brad\u0131 il\u00e7eleri aras\u0131nda \u00c7aml\u0131yoku\u015f mevkiinde bulunan ve \u00e7ok fazla \u00f6l\u00fcml\u00fc kaza ya\u015fanmas\u0131ndan dolay\u0131 halk aras\u0131nda \u2018\u00f6l\u00fcml\u00fc viraj&#8217; olarak bilinen &hellip;<\/p>","protected":false},"author":5,"featured_media":0,"comment_status":"","ping_status":"open","sticky":false,"template":"","format":"standard","meta":{"_acf_changed":false,"footnotes":""},"categories":[24],"tags":[],"class_list":["post-151085","post","type-post","status-publish","format-standard","has-post-thumbnail","hentry","category-gundem"],"acf":[],"yoast_head":"<!-- This site is optimized with the Yoast SEO Premium plugin v26.6 (Yoast SEO v27.1.1) - https:\/\/yoast.com\/product\/yoast-seo-premium-wordpress\/ -->\n<title>Antalya\u2019n\u0131n \u2018\u00f6l\u00fcm viraj\u0131\u2019 Meclis g\u00fcndeminde - Av. Deniz Can K\u0131z\u0131l<\/title>\n<meta name=\"robots\" content=\"index, follow, max-snippet:-1, max-image-preview:large, max-video-preview:-1\" \/>\n<link rel=\"canonical\" href=\"http:\/\/denizcankizil.tr\/uk\/haberler\/gundem\/antalyanin-olum-viraji-meclis-gundeminde\/\" \/>\n<meta property=\"og:locale\" content=\"uk_UA\" \/>\n<meta property=\"og:type\" content=\"article\" \/>\n<meta property=\"og:title\" content=\"Antalya\u2019n\u0131n \u2018\u00f6l\u00fcm viraj\u0131\u2019 Meclis g\u00fcndeminde\" \/>\n<meta property=\"og:description\" content=\"Antalya\u2019n\u0131n Akseki ve \u0130brad\u0131 il\u00e7eleri aras\u0131nda yer alan \u00c7aml\u0131yoku\u015f mevkiinde bulunan ve halk aras\u0131nda \u2018\u00f6l\u00fcml\u00fc viraj&#8217; olarak bilinen &#8216;S&#8217; \u015feklindeki keskin virajlarda s\u00fcrekli kazalar ya\u015fan\u0131yordu. CHP Antalya Milletvekili Aykut Kaya o yolu T\u00fcrkiye B\u00fcy\u00fck Millet Meclisi (TBMM) g\u00fcndemine ta\u015f\u0131nd\u0131. \u201cMEVCUT TEHL\u0130KE AZALTILACA\u011eINA DAHA DA B\u00dcY\u00dcT\u00dcLM\u00dc\u015eT\u00dcR\u201d Bu yol \u00fczerinde yap\u0131lan revizyonlar\u0131n yetersiz oldu\u011funa dikkat \u00e7eken Aykut Kaya, \u201cAkseki ve \u0130brad\u0131 il\u00e7elerimiz aras\u0131ndaki \u00c7aml\u0131yoku\u015f mevkindeki \u2018S\u2019 \u015feklindeki keskin viraj \u00f6zellikle Akseki y\u00f6n\u00fcnden gelen ara\u00e7lar b\u00fcy\u00fck bir tehlike olu\u015fturuyor. Bay\u0131r a\u015fa\u011f\u0131 inen yolda aniden ba\u015flayan bu viraj bug\u00fcne kadar \u00e7ok say\u0131da \u00f6l\u00fcml\u00fc ve yaralanmal\u0131 kazaya neden oldu. Ge\u00e7mi\u015fte yol g\u00fczergah\u0131ndan bir revizyon yap\u0131lmas\u0131na ra\u011fmen e\u011fim artt\u0131r\u0131lm\u0131\u015f, g\u00f6r\u00fc\u015f a\u00e7\u0131s\u0131 daralm\u0131\u015f, mevcut tehlike azalt\u0131laca\u011f\u0131na daha da b\u00fcy\u00fct\u00fclm\u00fc\u015ft\u00fcr\u201d dedi. \u201cYOL YEN\u0130DEN PROJELEND\u0130RMEL\u0130\u201d Ula\u015ft\u0131rma ve Altyap\u0131 Bakanl\u0131\u011f\u0131\u2019na \u00e7a\u011fr\u0131da bulunana Kaya, \u201cBir\u00e7ok ara\u00e7 bariyerlere \u00e7arpmakta baz\u0131lar\u0131ysa u\u00e7urumdan a\u015fa\u011f\u0131 yuvarlanmaktad\u0131r. \u00d6zellikle yaz aylar\u0131nda turistleri ta\u015f\u0131yan tur otob\u00fcslerinden b\u00f6lge halk\u0131na kadar yo\u011fun bir trafi\u011fe sahne olan bu alan bir \u00f6nce d\u00fczeltilmelidir. Ula\u015ft\u0131rma ve Altyap\u0131 Bakanl\u0131\u011f\u0131\u2019na \u00e7a\u011fr\u0131da bulunuyorum: Akseki ve \u0130brad\u0131 il\u00e7elerimiz aras\u0131ndaki bu tehlikeli virajda kaza riskini ortadan kald\u0131racak m\u00fchendislik \u00e7al\u0131\u015fmalar\u0131 derhal ba\u015flat\u0131lmal\u0131 yol yeniden projelendirmeli\u201d diye konu\u015ftu. \u200bAntalya\u2019n\u0131n Akseki ile \u0130brad\u0131 il\u00e7eleri aras\u0131nda \u00c7aml\u0131yoku\u015f mevkiinde bulunan ve \u00e7ok fazla \u00f6l\u00fcml\u00fc kaza ya\u015fanmas\u0131ndan dolay\u0131 halk aras\u0131nda \u2018\u00f6l\u00fcml\u00fc viraj&#8217; olarak bilinen &hellip;\" \/>\n<meta property=\"og:url\" content=\"http:\/\/denizcankizil.tr\/uk\/haberler\/gundem\/antalyanin-olum-viraji-meclis-gundeminde\/\" \/>\n<meta property=\"og:site_name\" content=\"Av. Deniz Can K\u0131z\u0131l\" \/>\n<meta property=\"article:published_time\" content=\"2025-07-19T18:41:17+00:00\" \/>\n<meta name=\"author\" content=\"Antalya K\u00f6rfez\" \/>\n<meta name=\"twitter:card\" content=\"summary_large_image\" \/>\n<meta name=\"twitter:label1\" content=\"\u041d\u0430\u043f\u0438\u0441\u0430\u043d\u043e\" \/>\n\t<meta name=\"twitter:data1\" content=\"Antalya K\u00f6rfez\" \/>\n\t<meta name=\"twitter:label2\" content=\"\u041f\u0440\u0438\u0431\u043b. \u0447\u0430\u0441 \u0447\u0438\u0442\u0430\u043d\u043d\u044f\" \/>\n\t<meta name=\"twitter:data2\" content=\"2 \u0445\u0432\u0438\u043b\u0438\u043d\u0438\" \/>\n<script type=\"application\/ld+json\" class=\"yoast-schema-graph\">{\"@context\":\"https:\/\/schema.org\",\"@graph\":[{\"@type\":\"Article\",\"@id\":\"http:\/\/denizcankizil.tr\/uk\/haberler\/gundem\/antalyanin-olum-viraji-meclis-gundeminde\/#article\",\"isPartOf\":{\"@id\":\"http:\/\/denizcankizil.tr\/uk\/haberler\/gundem\/antalyanin-olum-viraji-meclis-gundeminde\/\"},\"author\":{\"name\":\"Antalya K\u00f6rfez\",\"@id\":\"https:\/\/denizcankizil.tr\/#\/schema\/person\/e1eb71bb4dd684d46563f0af307e1234\"},\"headline\":\"Antalya\u2019n\u0131n \u2018\u00f6l\u00fcm viraj\u0131\u2019 Meclis g\u00fcndeminde\",\"datePublished\":\"2025-07-19T18:41:17+00:00\",\"mainEntityOfPage\":{\"@id\":\"http:\/\/denizcankizil.tr\/uk\/haberler\/gundem\/antalyanin-olum-viraji-meclis-gundeminde\/\"},\"wordCount\":325,\"publisher\":{\"@id\":\"https:\/\/denizcankizil.tr\/#organization\"},\"articleSection\":[\"G\u00fcndem\"],\"inLanguage\":\"uk\"},{\"@type\":\"WebPage\",\"@id\":\"http:\/\/denizcankizil.tr\/uk\/haberler\/gundem\/antalyanin-olum-viraji-meclis-gundeminde\/\",\"url\":\"http:\/\/denizcankizil.tr\/uk\/haberler\/gundem\/antalyanin-olum-viraji-meclis-gundeminde\/\",\"name\":\"Antalya\u2019n\u0131n \u2018\u00f6l\u00fcm viraj\u0131\u2019 Meclis g\u00fcndeminde - Av. Deniz Can K\u0131z\u0131l\",\"isPartOf\":{\"@id\":\"https:\/\/denizcankizil.tr\/#website\"},\"datePublished\":\"2025-07-19T18:41:17+00:00\",\"breadcrumb\":{\"@id\":\"http:\/\/denizcankizil.tr\/uk\/haberler\/gundem\/antalyanin-olum-viraji-meclis-gundeminde\/#breadcrumb\"},\"inLanguage\":\"uk\",\"potentialAction\":[{\"@type\":\"ReadAction\",\"target\":[\"http:\/\/denizcankizil.tr\/uk\/haberler\/gundem\/antalyanin-olum-viraji-meclis-gundeminde\/\"]}]},{\"@type\":\"BreadcrumbList\",\"@id\":\"http:\/\/denizcankizil.tr\/uk\/haberler\/gundem\/antalyanin-olum-viraji-meclis-gundeminde\/#breadcrumb\",\"itemListElement\":[{\"@type\":\"ListItem\",\"position\":1,\"name\":\"Home\",\"item\":\"https:\/\/denizcankizil.tr\/uk\/\"},{\"@type\":\"ListItem\",\"position\":2,\"name\":\"Antalya\u2019n\u0131n \u2018\u00f6l\u00fcm viraj\u0131\u2019 Meclis g\u00fcndeminde\"}]},{\"@type\":\"WebSite\",\"@id\":\"https:\/\/denizcankizil.tr\/#website\",\"url\":\"https:\/\/denizcankizil.tr\/\",\"name\":\"Av. Deniz Can K\u0131z\u0131l\",\"description\":\"Avukat Deniz Can K\u0131z\u0131l Antalya Barosu\",\"publisher\":{\"@id\":\"https:\/\/denizcankizil.tr\/#organization\"},\"potentialAction\":[{\"@type\":\"SearchAction\",\"target\":{\"@type\":\"EntryPoint\",\"urlTemplate\":\"https:\/\/denizcankizil.tr\/?s={search_term_string}\"},\"query-input\":{\"@type\":\"PropertyValueSpecification\",\"valueRequired\":true,\"valueName\":\"search_term_string\"}}],\"inLanguage\":\"uk\"},{\"@type\":\"Organization\",\"@id\":\"https:\/\/denizcankizil.tr\/#organization\",\"name\":\"Av. Deniz Can K\u0131z\u0131l\",\"url\":\"https:\/\/denizcankizil.tr\/\",\"logo\":{\"@type\":\"ImageObject\",\"inLanguage\":\"uk\",\"@id\":\"https:\/\/denizcankizil.tr\/#\/schema\/logo\/image\/\",\"url\":\"http:\/\/denizcankizil.tr\/wp-content\/uploads\/2024\/10\/siyah-logo-svg.svg\",\"contentUrl\":\"http:\/\/denizcankizil.tr\/wp-content\/uploads\/2024\/10\/siyah-logo-svg.svg\",\"width\":1080,\"height\":1080,\"caption\":\"Av. Deniz Can K\u0131z\u0131l\"},\"image\":{\"@id\":\"https:\/\/denizcankizil.tr\/#\/schema\/logo\/image\/\"}},{\"@type\":\"Person\",\"@id\":\"https:\/\/denizcankizil.tr\/#\/schema\/person\/e1eb71bb4dd684d46563f0af307e1234\",\"name\":\"Antalya K\u00f6rfez\",\"image\":{\"@type\":\"ImageObject\",\"inLanguage\":\"uk\",\"@id\":\"https:\/\/denizcankizil.tr\/#\/schema\/person\/image\/\",\"url\":\"https:\/\/secure.gravatar.com\/avatar\/42b01982558a48a0b501fdcab6a408d3717ea5919095ee2e67b0e521799c5905?s=96&d=mm&r=g\",\"contentUrl\":\"https:\/\/secure.gravatar.com\/avatar\/42b01982558a48a0b501fdcab6a408d3717ea5919095ee2e67b0e521799c5905?s=96&d=mm&r=g\",\"caption\":\"Antalya K\u00f6rfez\"},\"sameAs\":[\"http:\/\/www.antalyakorfez.com\"],\"url\":\"https:\/\/www.antalyakorfez.com\/antalyanin-olum-viraji-meclis-gundeminde\"}]}<\/script>\n<!-- \/ Yoast SEO Premium plugin. -->","yoast_head_json":{"title":"Antalya\u2019n\u0131n \u2018\u00f6l\u00fcm viraj\u0131\u2019 Meclis g\u00fcndeminde - Av. Deniz Can K\u0131z\u0131l","robots":{"index":"index","follow":"follow","max-snippet":"max-snippet:-1","max-image-preview":"max-image-preview:large","max-video-preview":"max-video-preview:-1"},"canonical":"http:\/\/denizcankizil.tr\/uk\/haberler\/gundem\/antalyanin-olum-viraji-meclis-gundeminde\/","og_locale":"uk_UA","og_type":"article","og_title":"Antalya\u2019n\u0131n \u2018\u00f6l\u00fcm viraj\u0131\u2019 Meclis g\u00fcndeminde","og_description":"Antalya\u2019n\u0131n Akseki ve \u0130brad\u0131 il\u00e7eleri aras\u0131nda yer alan \u00c7aml\u0131yoku\u015f mevkiinde bulunan ve halk aras\u0131nda \u2018\u00f6l\u00fcml\u00fc viraj&#8217; olarak bilinen &#8216;S&#8217; \u015feklindeki keskin virajlarda s\u00fcrekli kazalar ya\u015fan\u0131yordu. CHP Antalya Milletvekili Aykut Kaya o yolu T\u00fcrkiye B\u00fcy\u00fck Millet Meclisi (TBMM) g\u00fcndemine ta\u015f\u0131nd\u0131. \u201cMEVCUT TEHL\u0130KE AZALTILACA\u011eINA DAHA DA B\u00dcY\u00dcT\u00dcLM\u00dc\u015eT\u00dcR\u201d Bu yol \u00fczerinde yap\u0131lan revizyonlar\u0131n yetersiz oldu\u011funa dikkat \u00e7eken Aykut Kaya, \u201cAkseki ve \u0130brad\u0131 il\u00e7elerimiz aras\u0131ndaki \u00c7aml\u0131yoku\u015f mevkindeki \u2018S\u2019 \u015feklindeki keskin viraj \u00f6zellikle Akseki y\u00f6n\u00fcnden gelen ara\u00e7lar b\u00fcy\u00fck bir tehlike olu\u015fturuyor. Bay\u0131r a\u015fa\u011f\u0131 inen yolda aniden ba\u015flayan bu viraj bug\u00fcne kadar \u00e7ok say\u0131da \u00f6l\u00fcml\u00fc ve yaralanmal\u0131 kazaya neden oldu. Ge\u00e7mi\u015fte yol g\u00fczergah\u0131ndan bir revizyon yap\u0131lmas\u0131na ra\u011fmen e\u011fim artt\u0131r\u0131lm\u0131\u015f, g\u00f6r\u00fc\u015f a\u00e7\u0131s\u0131 daralm\u0131\u015f, mevcut tehlike azalt\u0131laca\u011f\u0131na daha da b\u00fcy\u00fct\u00fclm\u00fc\u015ft\u00fcr\u201d dedi. \u201cYOL YEN\u0130DEN PROJELEND\u0130RMEL\u0130\u201d Ula\u015ft\u0131rma ve Altyap\u0131 Bakanl\u0131\u011f\u0131\u2019na \u00e7a\u011fr\u0131da bulunana Kaya, \u201cBir\u00e7ok ara\u00e7 bariyerlere \u00e7arpmakta baz\u0131lar\u0131ysa u\u00e7urumdan a\u015fa\u011f\u0131 yuvarlanmaktad\u0131r. \u00d6zellikle yaz aylar\u0131nda turistleri ta\u015f\u0131yan tur otob\u00fcslerinden b\u00f6lge halk\u0131na kadar yo\u011fun bir trafi\u011fe sahne olan bu alan bir \u00f6nce d\u00fczeltilmelidir. Ula\u015ft\u0131rma ve Altyap\u0131 Bakanl\u0131\u011f\u0131\u2019na \u00e7a\u011fr\u0131da bulunuyorum: Akseki ve \u0130brad\u0131 il\u00e7elerimiz aras\u0131ndaki bu tehlikeli virajda kaza riskini ortadan kald\u0131racak m\u00fchendislik \u00e7al\u0131\u015fmalar\u0131 derhal ba\u015flat\u0131lmal\u0131 yol yeniden projelendirmeli\u201d diye konu\u015ftu. \u200bAntalya\u2019n\u0131n Akseki ile \u0130brad\u0131 il\u00e7eleri aras\u0131nda \u00c7aml\u0131yoku\u015f mevkiinde bulunan ve \u00e7ok fazla \u00f6l\u00fcml\u00fc kaza ya\u015fanmas\u0131ndan dolay\u0131 halk aras\u0131nda \u2018\u00f6l\u00fcml\u00fc viraj&#8217; olarak bilinen &hellip;","og_url":"http:\/\/denizcankizil.tr\/uk\/haberler\/gundem\/antalyanin-olum-viraji-meclis-gundeminde\/","og_site_name":"Av. Deniz Can K\u0131z\u0131l","article_published_time":"2025-07-19T18:41:17+00:00","author":"Antalya K\u00f6rfez","twitter_card":"summary_large_image","twitter_misc":{"\u041d\u0430\u043f\u0438\u0441\u0430\u043d\u043e":"Antalya K\u00f6rfez","\u041f\u0440\u0438\u0431\u043b. \u0447\u0430\u0441 \u0447\u0438\u0442\u0430\u043d\u043d\u044f":"2 \u0445\u0432\u0438\u043b\u0438\u043d\u0438"},"schema":{"@context":"https:\/\/schema.org","@graph":[{"@type":"Article","@id":"http:\/\/denizcankizil.tr\/uk\/haberler\/gundem\/antalyanin-olum-viraji-meclis-gundeminde\/#article","isPartOf":{"@id":"http:\/\/denizcankizil.tr\/uk\/haberler\/gundem\/antalyanin-olum-viraji-meclis-gundeminde\/"},"author":{"name":"Antalya K\u00f6rfez","@id":"https:\/\/denizcankizil.tr\/#\/schema\/person\/e1eb71bb4dd684d46563f0af307e1234"},"headline":"Antalya\u2019n\u0131n \u2018\u00f6l\u00fcm viraj\u0131\u2019 Meclis g\u00fcndeminde","datePublished":"2025-07-19T18:41:17+00:00","mainEntityOfPage":{"@id":"http:\/\/denizcankizil.tr\/uk\/haberler\/gundem\/antalyanin-olum-viraji-meclis-gundeminde\/"},"wordCount":325,"publisher":{"@id":"https:\/\/denizcankizil.tr\/#organization"},"articleSection":["G\u00fcndem"],"inLanguage":"uk"},{"@type":"WebPage","@id":"http:\/\/denizcankizil.tr\/uk\/haberler\/gundem\/antalyanin-olum-viraji-meclis-gundeminde\/","url":"http:\/\/denizcankizil.tr\/uk\/haberler\/gundem\/antalyanin-olum-viraji-meclis-gundeminde\/","name":"Antalya\u2019n\u0131n \u2018\u00f6l\u00fcm viraj\u0131\u2019 Meclis g\u00fcndeminde - Av. Deniz Can K\u0131z\u0131l","isPartOf":{"@id":"https:\/\/denizcankizil.tr\/#website"},"datePublished":"2025-07-19T18:41:17+00:00","breadcrumb":{"@id":"http:\/\/denizcankizil.tr\/uk\/haberler\/gundem\/antalyanin-olum-viraji-meclis-gundeminde\/#breadcrumb"},"inLanguage":"uk","potentialAction":[{"@type":"ReadAction","target":["http:\/\/denizcankizil.tr\/uk\/haberler\/gundem\/antalyanin-olum-viraji-meclis-gundeminde\/"]}]},{"@type":"BreadcrumbList","@id":"http:\/\/denizcankizil.tr\/uk\/haberler\/gundem\/antalyanin-olum-viraji-meclis-gundeminde\/#breadcrumb","itemListElement":[{"@type":"ListItem","position":1,"name":"Home","item":"https:\/\/denizcankizil.tr\/uk\/"},{"@type":"ListItem","position":2,"name":"Antalya\u2019n\u0131n \u2018\u00f6l\u00fcm viraj\u0131\u2019 Meclis g\u00fcndeminde"}]},{"@type":"WebSite","@id":"https:\/\/denizcankizil.tr\/#website","url":"https:\/\/denizcankizil.tr\/","name":"Av. Deniz Can K\u0131z\u0131l","description":"Avukat Deniz Can K\u0131z\u0131l Antalya Barosu","publisher":{"@id":"https:\/\/denizcankizil.tr\/#organization"},"potentialAction":[{"@type":"SearchAction","target":{"@type":"EntryPoint","urlTemplate":"https:\/\/denizcankizil.tr\/?s={search_term_string}"},"query-input":{"@type":"PropertyValueSpecification","valueRequired":true,"valueName":"search_term_string"}}],"inLanguage":"uk"},{"@type":"Organization","@id":"https:\/\/denizcankizil.tr\/#organization","name":"Av. Deniz Can K\u0131z\u0131l","url":"https:\/\/denizcankizil.tr\/","logo":{"@type":"ImageObject","inLanguage":"uk","@id":"https:\/\/denizcankizil.tr\/#\/schema\/logo\/image\/","url":"http:\/\/denizcankizil.tr\/wp-content\/uploads\/2024\/10\/siyah-logo-svg.svg","contentUrl":"http:\/\/denizcankizil.tr\/wp-content\/uploads\/2024\/10\/siyah-logo-svg.svg","width":1080,"height":1080,"caption":"Av. Deniz Can K\u0131z\u0131l"},"image":{"@id":"https:\/\/denizcankizil.tr\/#\/schema\/logo\/image\/"}},{"@type":"Person","@id":"https:\/\/denizcankizil.tr\/#\/schema\/person\/e1eb71bb4dd684d46563f0af307e1234","name":"Antalya K\u00f6rfez","image":{"@type":"ImageObject","inLanguage":"uk","@id":"https:\/\/denizcankizil.tr\/#\/schema\/person\/image\/","url":"https:\/\/secure.gravatar.com\/avatar\/42b01982558a48a0b501fdcab6a408d3717ea5919095ee2e67b0e521799c5905?s=96&d=mm&r=g","contentUrl":"https:\/\/secure.gravatar.com\/avatar\/42b01982558a48a0b501fdcab6a408d3717ea5919095ee2e67b0e521799c5905?s=96&d=mm&r=g","caption":"Antalya K\u00f6rfez"},"sameAs":["http:\/\/www.antalyakorfez.com"],"url":"https:\/\/www.antalyakorfez.com\/antalyanin-olum-viraji-meclis-gundeminde"}]}},"_links":{"self":[{"href":"http:\/\/denizcankizil.tr\/uk\/wp-json\/wp\/v2\/posts\/151085","targetHints":{"allow":["GET"]}}],"collection":[{"href":"http:\/\/denizcankizil.tr\/uk\/wp-json\/wp\/v2\/posts"}],"about":[{"href":"http:\/\/denizcankizil.tr\/uk\/wp-json\/wp\/v2\/types\/post"}],"author":[{"embeddable":true,"href":"http:\/\/denizcankizil.tr\/uk\/wp-json\/wp\/v2\/users\/5"}],"replies":[{"embeddable":true,"href":"http:\/\/denizcankizil.tr\/uk\/wp-json\/wp\/v2\/comments?post=151085"}],"version-history":[{"count":0,"href":"http:\/\/denizcankizil.tr\/uk\/wp-json\/wp\/v2\/posts\/151085\/revisions"}],"wp:attachment":[{"href":"http:\/\/denizcankizil.tr\/uk\/wp-json\/wp\/v2\/media?parent=151085"}],"wp:term":[{"taxonomy":"category","embeddable":true,"href":"http:\/\/denizcankizil.tr\/uk\/wp-json\/wp\/v2\/categories?post=151085"},{"taxonomy":"post_tag","embeddable":true,"href":"http:\/\/denizcankizil.tr\/uk\/wp-json\/wp\/v2\/tags?post=151085"}],"curies":[{"name":"wp","href":"https:\/\/api.w.org\/{rel}","templated":true}]}}