{"id":150647,"date":"2025-07-19T11:41:46","date_gmt":"2025-07-19T08:41:46","guid":{"rendered":"https:\/\/denizcankizil.tr\/uncategorized-tr\/milli-sporculardan-kan-ve-kok-hucre-bagisi\/"},"modified":"2025-07-19T11:41:46","modified_gmt":"2025-07-19T08:41:46","slug":"milli-sporculardan-kan-ve-kok-hucre-bagisi","status":"publish","type":"post","link":"http:\/\/denizcankizil.tr\/uk\/haberler\/antalya\/milli-sporculardan-kan-ve-kok-hucre-bagisi\/","title":{"rendered":"Milli Sporculardan Kan ve K\u00f6k H\u00fccre Ba\u011f\u0131\u015f\u0131"},"content":{"rendered":"<p>ANTALYA&#8217;da milli sporcular, g\u00f6n\u00fcll\u00fc vatanda\u015flar ve \u00f6\u011frenciler, kan ve k\u00f6k h\u00fccre ba\u011f\u0131\u015f\u0131 i\u00e7in bir araya geldi.<\/p>\n\n<p>Gen\u00e7lik ve Spor \u0130l M\u00fcd\u00fcrl\u00fc\u011f\u00fc ile Emniyet Te\u015fkilat\u0131 Vazife Malul\u00fc \u015eehit Aileleri Vakf\u0131 (EM\u015eAV) taraf\u0131ndan T\u00fcrk K\u0131z\u0131lay i\u015f birli\u011fiyle d\u00fczenlenen etkinlikte, &#8216;Birbirimize candan ba\u011fl\u0131y\u0131z&#8217; slogan\u0131 \u00f6ne \u00e7\u0131kt\u0131. Antalya Spor Salonu&#8217;nda ger\u00e7ekle\u015ftirilen organizasyonda kent sakinleri, milli sporcular, aileleri ve \u00e7ok say\u0131da \u00f6\u011frenci, K\u0131z\u0131lay taraf\u0131ndan kurulan alanda kan ve k\u00f6k h\u00fccre ba\u011f\u0131\u015f\u0131nda bulundu. Etkinli\u011fe Antalya Gen\u00e7lik ve Spor \u0130l M\u00fcd\u00fcr\u00fc Vekili Bu\u011frahan Bozkurt&#8217;un yan\u0131 s\u0131ra MHP Antalya \u0130l Ba\u015fkan\u0131 Sadullah G\u00fcne\u015f de kat\u0131larak kan ve k\u00f6k h\u00fccre ba\u011f\u0131\u015f\u0131nda bulundu. Bozkurt, kan ba\u011f\u0131\u015f\u0131n\u0131n hayati \u00f6nem ta\u015f\u0131d\u0131\u011f\u0131na dikkat \u00e7ekerek, \u201cSporcularla beraber kan ba\u011f\u0131\u015f\u0131nda tekrar beraberiz. Daha \u00f6nce de Antalyaspor salonunda anlaml\u0131 ba\u011f\u0131\u015flar oldu. Kan vermek bizce bir sosyal sorumluluk projesidir. Kan ihtiyac\u0131n\u0131n kime, ne zaman laz\u0131m olaca\u011f\u0131 hi\u00e7 belli de\u011fil. T\u00fcm vatanda\u015flar\u0131m\u0131z\u0131 kan ba\u011f\u0131\u015f\u0131na davet ediyoruz&#8221; dedi.<\/p>\n\n<p>&#8216;M\u0130LYONLARI HAYATA BA\u011eLAMAK \u0130ST\u0130YORUZ&#8217;<\/p>\n<p>A Milli Boks Tak\u0131m\u0131 sporcusu Berfin Kabak, \u201cBoks milli sporcusuyum, A Milli Tak\u0131m&#8217;day\u0131m. Burada bulunma amac\u0131m\u0131z, kan bekleyen milyonlar\u0131 hayata ba\u011flayabilmek. Kan bekleyen \u00e7ocuklar olsun, l\u00f6semili hastalar\u0131m\u0131z olsun, amac\u0131m\u0131z onlara kan verip iyi olmalar\u0131n\u0131 sa\u011flamak&#8221; ifadelerini kulland\u0131. Muay Thai bran\u015f\u0131nda d\u00fcnya dereceleri bulunan milli sporcu Zeliha Nur Kama\u00e7 ise \u201cBug\u00fcn burada K\u0131z\u0131lay i\u00e7in birlikteyiz. Siz de kan ba\u011f\u0131\u015f\u0131nda bulunursan\u0131z \u00e7ok sevinirim&#8221; dedi.<\/p>\n\n<p>&#8216;B\u0130R \u00dcN\u0130TE KAN, \u00dc\u00c7 HAYAT KURTARIR&#8217;<\/p>\n<p>T\u00fcrk K\u0131z\u0131lay\u0131 Kan Ba\u011f\u0131\u015f\u00e7\u0131s\u0131 Kazan\u0131m Uzman\u0131 Fatma \u015ealvarl\u0131, ba\u011f\u0131\u015f\u00e7\u0131 say\u0131s\u0131n\u0131n ciddi oranda azald\u0131\u011f\u0131n\u0131 belirterek, \u201cKan ba\u011f\u0131\u015f\u00e7\u0131 say\u0131m\u0131z \u00e7ok d\u00fc\u015ft\u00fc. O y\u00fczden bu k\u00f6t\u00fc g\u00fcnlerde herkesi kan vermeye davet ediyoruz. Hi\u00e7 tan\u0131mad\u0131\u011f\u0131n\u0131z \u00fc\u00e7 ki\u015finin hayat\u0131n\u0131 kurtarabilirsiniz. Orman Genel M\u00fcd\u00fcrl\u00fc\u011f\u00fc ile yap\u0131lan yeni protokol kapsam\u0131nda kan ba\u011f\u0131\u015f\u0131 yapan herkes i\u00e7in do\u011faya \u00fc\u00e7 fidan hediye edilecek. Hem insan hayat\u0131 kurtaracak hem de do\u011faya katk\u0131 sa\u011flayacak bir ba\u011f\u0131\u015f yapm\u0131\u015f olacaklar&#8221; diye konu\u015ftu.<\/p>\n\n<p>&#8216;K\u00d6K H\u00dcCRE BA\u011eI\u015eINA D\u0130KKAT \u00c7EKMEK \u0130STED\u0130K&#8217;<\/p>\n<p>Milli sporcular\u0131n antren\u00f6r\u00fc Yasin Urlu ise kampanyaya bu y\u0131l k\u00f6k h\u00fccre fark\u0131ndal\u0131\u011f\u0131n\u0131 da eklediklerini belirterek, \u201cY\u0131l\u0131n her \u00fc\u00e7 ay\u0131nda milli sporcular\u0131m\u0131z aileleriyle birlikte d\u00fczenli olarak kan veriyor. Bu sene bir fark\u0131ndal\u0131k olsun istedik. K\u00f6k h\u00fccre ba\u011f\u0131\u015f\u0131 konusunda da sporcular\u0131m\u0131za bilgi verdik. L\u00f6semili \u00e7ocuklara ve hastalar\u0131m\u0131za derman olmak istedik. O y\u00fczden mutluyuz&#8221; ifadelerini kulland\u0131.<\/p>\n<p>Kaynak: www.kanalv.com.tr Haber Sitesinden Al\u0131nm\u0131\u015ft\u0131r.<\/p>","protected":false},"excerpt":{"rendered":"<p>ANTALYA&#8217;da milli sporcular, g\u00f6n\u00fcll\u00fc vatanda\u015flar ve \u00f6\u011frenciler, kan ve k\u00f6k h\u00fccre ba\u011f\u0131\u015f\u0131 i\u00e7in bir araya geldi. Gen\u00e7lik ve Spor \u0130l M\u00fcd\u00fcrl\u00fc\u011f\u00fc ile Emniyet Te\u015fkilat\u0131 Vazife Malul\u00fc \u015eehit Aileleri Vakf\u0131 (EM\u015eAV) taraf\u0131ndan T\u00fcrk K\u0131z\u0131lay i\u015f birli\u011fiyle d\u00fczenlenen etkinlikte, &#8216;Birbirimize candan ba\u011fl\u0131y\u0131z&#8217; slogan\u0131 \u00f6ne \u00e7\u0131kt\u0131. Antalya Spor Salonu&#8217;nda ger\u00e7ekle\u015ftirilen organizasyonda kent sakinleri, milli sporcular, aileleri ve \u00e7ok say\u0131da \u00f6\u011frenci, K\u0131z\u0131lay taraf\u0131ndan kurulan alanda kan ve k\u00f6k h\u00fccre ba\u011f\u0131\u015f\u0131nda bulundu. Etkinli\u011fe Antalya Gen\u00e7lik ve Spor \u0130l M\u00fcd\u00fcr\u00fc Vekili Bu\u011frahan Bozkurt&#8217;un yan\u0131 s\u0131ra MHP Antalya \u0130l Ba\u015fkan\u0131 Sadullah G\u00fcne\u015f de kat\u0131larak kan ve k\u00f6k h\u00fccre ba\u011f\u0131\u015f\u0131nda bulundu. Bozkurt, kan ba\u011f\u0131\u015f\u0131n\u0131n hayati \u00f6nem ta\u015f\u0131d\u0131\u011f\u0131na dikkat \u00e7ekerek, \u201cSporcularla beraber kan ba\u011f\u0131\u015f\u0131nda tekrar beraberiz. Daha \u00f6nce de Antalyaspor salonunda anlaml\u0131 ba\u011f\u0131\u015flar oldu. Kan vermek bizce bir sosyal sorumluluk projesidir. Kan ihtiyac\u0131n\u0131n kime, ne zaman laz\u0131m olaca\u011f\u0131 hi\u00e7 belli de\u011fil. T\u00fcm vatanda\u015flar\u0131m\u0131z\u0131 kan ba\u011f\u0131\u015f\u0131na davet ediyoruz&#8221; dedi. &#8216;M\u0130LYONLARI HAYATA BA\u011eLAMAK \u0130ST\u0130YORUZ&#8217; A Milli Boks Tak\u0131m\u0131 sporcusu Berfin Kabak, \u201cBoks milli sporcusuyum, A Milli Tak\u0131m&#8217;day\u0131m. Burada bulunma amac\u0131m\u0131z, kan bekleyen milyonlar\u0131 hayata ba\u011flayabilmek. Kan bekleyen \u00e7ocuklar olsun, l\u00f6semili hastalar\u0131m\u0131z olsun, amac\u0131m\u0131z onlara kan verip iyi olmalar\u0131n\u0131 sa\u011flamak&#8221; ifadelerini kulland\u0131. Muay Thai bran\u015f\u0131nda d\u00fcnya dereceleri bulunan milli sporcu Zeliha Nur Kama\u00e7 ise \u201cBug\u00fcn burada K\u0131z\u0131lay i\u00e7in birlikteyiz. Siz de kan &hellip;<\/p>","protected":false},"author":4,"featured_media":150648,"comment_status":"","ping_status":"open","sticky":false,"template":"","format":"standard","meta":{"_acf_changed":false,"footnotes":""},"categories":[26],"tags":[],"class_list":["post-150647","post","type-post","status-publish","format-standard","has-post-thumbnail","hentry","category-antalya"],"acf":[],"yoast_head":"<!-- This site is optimized with the Yoast SEO Premium plugin v26.6 (Yoast SEO v27.1.1) - https:\/\/yoast.com\/product\/yoast-seo-premium-wordpress\/ -->\n<title>Milli Sporculardan Kan ve K\u00f6k H\u00fccre Ba\u011f\u0131\u015f\u0131 - Av. Deniz Can K\u0131z\u0131l<\/title>\n<meta name=\"robots\" content=\"index, follow, max-snippet:-1, max-image-preview:large, max-video-preview:-1\" \/>\n<link rel=\"canonical\" href=\"http:\/\/denizcankizil.tr\/uk\/haberler\/antalya\/milli-sporculardan-kan-ve-kok-hucre-bagisi\/\" \/>\n<meta property=\"og:locale\" content=\"uk_UA\" \/>\n<meta property=\"og:type\" content=\"article\" \/>\n<meta property=\"og:title\" content=\"Milli Sporculardan Kan ve K\u00f6k H\u00fccre Ba\u011f\u0131\u015f\u0131\" \/>\n<meta property=\"og:description\" content=\"ANTALYA&#8217;da milli sporcular, g\u00f6n\u00fcll\u00fc vatanda\u015flar ve \u00f6\u011frenciler, kan ve k\u00f6k h\u00fccre ba\u011f\u0131\u015f\u0131 i\u00e7in bir araya geldi. Gen\u00e7lik ve Spor \u0130l M\u00fcd\u00fcrl\u00fc\u011f\u00fc ile Emniyet Te\u015fkilat\u0131 Vazife Malul\u00fc \u015eehit Aileleri Vakf\u0131 (EM\u015eAV) taraf\u0131ndan T\u00fcrk K\u0131z\u0131lay i\u015f birli\u011fiyle d\u00fczenlenen etkinlikte, &#8216;Birbirimize candan ba\u011fl\u0131y\u0131z&#8217; slogan\u0131 \u00f6ne \u00e7\u0131kt\u0131. Antalya Spor Salonu&#8217;nda ger\u00e7ekle\u015ftirilen organizasyonda kent sakinleri, milli sporcular, aileleri ve \u00e7ok say\u0131da \u00f6\u011frenci, K\u0131z\u0131lay taraf\u0131ndan kurulan alanda kan ve k\u00f6k h\u00fccre ba\u011f\u0131\u015f\u0131nda bulundu. Etkinli\u011fe Antalya Gen\u00e7lik ve Spor \u0130l M\u00fcd\u00fcr\u00fc Vekili Bu\u011frahan Bozkurt&#8217;un yan\u0131 s\u0131ra MHP Antalya \u0130l Ba\u015fkan\u0131 Sadullah G\u00fcne\u015f de kat\u0131larak kan ve k\u00f6k h\u00fccre ba\u011f\u0131\u015f\u0131nda bulundu. Bozkurt, kan ba\u011f\u0131\u015f\u0131n\u0131n hayati \u00f6nem ta\u015f\u0131d\u0131\u011f\u0131na dikkat \u00e7ekerek, \u201cSporcularla beraber kan ba\u011f\u0131\u015f\u0131nda tekrar beraberiz. Daha \u00f6nce de Antalyaspor salonunda anlaml\u0131 ba\u011f\u0131\u015flar oldu. Kan vermek bizce bir sosyal sorumluluk projesidir. Kan ihtiyac\u0131n\u0131n kime, ne zaman laz\u0131m olaca\u011f\u0131 hi\u00e7 belli de\u011fil. T\u00fcm vatanda\u015flar\u0131m\u0131z\u0131 kan ba\u011f\u0131\u015f\u0131na davet ediyoruz&#8221; dedi. &#8216;M\u0130LYONLARI HAYATA BA\u011eLAMAK \u0130ST\u0130YORUZ&#8217; A Milli Boks Tak\u0131m\u0131 sporcusu Berfin Kabak, \u201cBoks milli sporcusuyum, A Milli Tak\u0131m&#8217;day\u0131m. Burada bulunma amac\u0131m\u0131z, kan bekleyen milyonlar\u0131 hayata ba\u011flayabilmek. Kan bekleyen \u00e7ocuklar olsun, l\u00f6semili hastalar\u0131m\u0131z olsun, amac\u0131m\u0131z onlara kan verip iyi olmalar\u0131n\u0131 sa\u011flamak&#8221; ifadelerini kulland\u0131. Muay Thai bran\u015f\u0131nda d\u00fcnya dereceleri bulunan milli sporcu Zeliha Nur Kama\u00e7 ise \u201cBug\u00fcn burada K\u0131z\u0131lay i\u00e7in birlikteyiz. Siz de kan &hellip;\" \/>\n<meta property=\"og:url\" content=\"http:\/\/denizcankizil.tr\/uk\/haberler\/antalya\/milli-sporculardan-kan-ve-kok-hucre-bagisi\/\" \/>\n<meta property=\"og:site_name\" content=\"Av. Deniz Can K\u0131z\u0131l\" \/>\n<meta property=\"article:published_time\" content=\"2025-07-19T08:41:46+00:00\" \/>\n<meta property=\"og:image\" content=\"http:\/\/denizcankizil.tr\/wp-content\/uploads\/2025\/07\/web-gorsel-boyut-23-1-LgU2rV.png\" \/>\n\t<meta property=\"og:image:width\" content=\"1280\" \/>\n\t<meta property=\"og:image:height\" content=\"720\" \/>\n\t<meta property=\"og:image:type\" content=\"image\/png\" \/>\n<meta name=\"author\" content=\"Av. Deniz Can K\u0131z\u0131l\" \/>\n<meta name=\"twitter:card\" content=\"summary_large_image\" \/>\n<meta name=\"twitter:label1\" content=\"\u041d\u0430\u043f\u0438\u0441\u0430\u043d\u043e\" \/>\n\t<meta name=\"twitter:data1\" content=\"Av. Deniz Can K\u0131z\u0131l\" \/>\n\t<meta name=\"twitter:label2\" content=\"\u041f\u0440\u0438\u0431\u043b. \u0447\u0430\u0441 \u0447\u0438\u0442\u0430\u043d\u043d\u044f\" \/>\n\t<meta name=\"twitter:data2\" content=\"2 \u0445\u0432\u0438\u043b\u0438\u043d\u0438\" \/>\n<script type=\"application\/ld+json\" class=\"yoast-schema-graph\">{\"@context\":\"https:\/\/schema.org\",\"@graph\":[{\"@type\":\"Article\",\"@id\":\"http:\/\/denizcankizil.tr\/en\/haberler\/antalya\/milli-sporculardan-kan-ve-kok-hucre-bagisi\/#article\",\"isPartOf\":{\"@id\":\"http:\/\/denizcankizil.tr\/en\/haberler\/antalya\/milli-sporculardan-kan-ve-kok-hucre-bagisi\/\"},\"author\":{\"name\":\"Av. Deniz Can K\u0131z\u0131l\",\"@id\":\"https:\/\/denizcankizil.tr\/de\/#\/schema\/person\/5dc1b22991bd7ac833867c10afc9b0ff\"},\"headline\":\"Milli Sporculardan Kan ve K\u00f6k H\u00fccre Ba\u011f\u0131\u015f\u0131\",\"datePublished\":\"2025-07-19T08:41:46+00:00\",\"mainEntityOfPage\":{\"@id\":\"http:\/\/denizcankizil.tr\/en\/haberler\/antalya\/milli-sporculardan-kan-ve-kok-hucre-bagisi\/\"},\"wordCount\":498,\"publisher\":{\"@id\":\"https:\/\/denizcankizil.tr\/de\/#organization\"},\"image\":{\"@id\":\"http:\/\/denizcankizil.tr\/en\/haberler\/antalya\/milli-sporculardan-kan-ve-kok-hucre-bagisi\/#primaryimage\"},\"thumbnailUrl\":\"http:\/\/denizcankizil.tr\/wp-content\/uploads\/2025\/07\/web-gorsel-boyut-23-1-LgU2rV.png\",\"articleSection\":[\"Antalya\"],\"inLanguage\":\"uk\"},{\"@type\":\"WebPage\",\"@id\":\"http:\/\/denizcankizil.tr\/en\/haberler\/antalya\/milli-sporculardan-kan-ve-kok-hucre-bagisi\/\",\"url\":\"http:\/\/denizcankizil.tr\/en\/haberler\/antalya\/milli-sporculardan-kan-ve-kok-hucre-bagisi\/\",\"name\":\"Milli Sporculardan Kan ve K\u00f6k H\u00fccre Ba\u011f\u0131\u015f\u0131 - Av. Deniz Can K\u0131z\u0131l\",\"isPartOf\":{\"@id\":\"https:\/\/denizcankizil.tr\/de\/#website\"},\"primaryImageOfPage\":{\"@id\":\"http:\/\/denizcankizil.tr\/en\/haberler\/antalya\/milli-sporculardan-kan-ve-kok-hucre-bagisi\/#primaryimage\"},\"image\":{\"@id\":\"http:\/\/denizcankizil.tr\/en\/haberler\/antalya\/milli-sporculardan-kan-ve-kok-hucre-bagisi\/#primaryimage\"},\"thumbnailUrl\":\"http:\/\/denizcankizil.tr\/wp-content\/uploads\/2025\/07\/web-gorsel-boyut-23-1-LgU2rV.png\",\"datePublished\":\"2025-07-19T08:41:46+00:00\",\"breadcrumb\":{\"@id\":\"http:\/\/denizcankizil.tr\/en\/haberler\/antalya\/milli-sporculardan-kan-ve-kok-hucre-bagisi\/#breadcrumb\"},\"inLanguage\":\"uk\",\"potentialAction\":[{\"@type\":\"ReadAction\",\"target\":[\"http:\/\/denizcankizil.tr\/en\/haberler\/antalya\/milli-sporculardan-kan-ve-kok-hucre-bagisi\/\"]}]},{\"@type\":\"ImageObject\",\"inLanguage\":\"uk\",\"@id\":\"http:\/\/denizcankizil.tr\/en\/haberler\/antalya\/milli-sporculardan-kan-ve-kok-hucre-bagisi\/#primaryimage\",\"url\":\"http:\/\/denizcankizil.tr\/wp-content\/uploads\/2025\/07\/web-gorsel-boyut-23-1-LgU2rV.png\",\"contentUrl\":\"http:\/\/denizcankizil.tr\/wp-content\/uploads\/2025\/07\/web-gorsel-boyut-23-1-LgU2rV.png\",\"width\":1280,\"height\":720},{\"@type\":\"BreadcrumbList\",\"@id\":\"http:\/\/denizcankizil.tr\/en\/haberler\/antalya\/milli-sporculardan-kan-ve-kok-hucre-bagisi\/#breadcrumb\",\"itemListElement\":[{\"@type\":\"ListItem\",\"position\":1,\"name\":\"Home\",\"item\":\"https:\/\/denizcankizil.tr\/de\/\"},{\"@type\":\"ListItem\",\"position\":2,\"name\":\"Milli Sporculardan Kan ve K\u00f6k H\u00fccre Ba\u011f\u0131\u015f\u0131\"}]},{\"@type\":\"WebSite\",\"@id\":\"https:\/\/denizcankizil.tr\/de\/#website\",\"url\":\"https:\/\/denizcankizil.tr\/de\/\",\"name\":\"Av. Deniz Can K\u0131z\u0131l\",\"description\":\"Avukat Deniz Can K\u0131z\u0131l Antalya Barosu\",\"publisher\":{\"@id\":\"https:\/\/denizcankizil.tr\/de\/#organization\"},\"potentialAction\":[{\"@type\":\"SearchAction\",\"target\":{\"@type\":\"EntryPoint\",\"urlTemplate\":\"https:\/\/denizcankizil.tr\/de\/?s={search_term_string}\"},\"query-input\":{\"@type\":\"PropertyValueSpecification\",\"valueRequired\":true,\"valueName\":\"search_term_string\"}}],\"inLanguage\":\"uk\"},{\"@type\":\"Organization\",\"@id\":\"https:\/\/denizcankizil.tr\/de\/#organization\",\"name\":\"Av. Deniz Can K\u0131z\u0131l\",\"url\":\"https:\/\/denizcankizil.tr\/de\/\",\"logo\":{\"@type\":\"ImageObject\",\"inLanguage\":\"uk\",\"@id\":\"https:\/\/denizcankizil.tr\/de\/#\/schema\/logo\/image\/\",\"url\":\"http:\/\/denizcankizil.tr\/wp-content\/uploads\/2024\/10\/siyah-logo-svg.svg\",\"contentUrl\":\"http:\/\/denizcankizil.tr\/wp-content\/uploads\/2024\/10\/siyah-logo-svg.svg\",\"width\":1080,\"height\":1080,\"caption\":\"Av. Deniz Can K\u0131z\u0131l\"},\"image\":{\"@id\":\"https:\/\/denizcankizil.tr\/de\/#\/schema\/logo\/image\/\"}},{\"@type\":\"Person\",\"@id\":\"https:\/\/denizcankizil.tr\/de\/#\/schema\/person\/5dc1b22991bd7ac833867c10afc9b0ff\",\"name\":\"Av. Deniz Can K\u0131z\u0131l\",\"image\":{\"@type\":\"ImageObject\",\"inLanguage\":\"uk\",\"@id\":\"https:\/\/denizcankizil.tr\/de\/#\/schema\/person\/image\/\",\"url\":\"https:\/\/secure.gravatar.com\/avatar\/a0b128fb9855c79efc976d5640eedb31dc35ec297594d6016d2cf7c60e975bb6?s=96&d=mm&r=g\",\"contentUrl\":\"https:\/\/secure.gravatar.com\/avatar\/a0b128fb9855c79efc976d5640eedb31dc35ec297594d6016d2cf7c60e975bb6?s=96&d=mm&r=g\",\"caption\":\"Av. Deniz Can K\u0131z\u0131l\"},\"sameAs\":[\"http:\/\/www.denizcankizil.tr\"],\"url\":\"http:\/\/denizcankizil.tr\/uk\/author\/denizcankizil\/\"}]}<\/script>\n<!-- \/ Yoast SEO Premium plugin. -->","yoast_head_json":{"title":"Milli Sporculardan Kan ve K\u00f6k H\u00fccre Ba\u011f\u0131\u015f\u0131 - Av. Deniz Can K\u0131z\u0131l","robots":{"index":"index","follow":"follow","max-snippet":"max-snippet:-1","max-image-preview":"max-image-preview:large","max-video-preview":"max-video-preview:-1"},"canonical":"http:\/\/denizcankizil.tr\/uk\/haberler\/antalya\/milli-sporculardan-kan-ve-kok-hucre-bagisi\/","og_locale":"uk_UA","og_type":"article","og_title":"Milli Sporculardan Kan ve K\u00f6k H\u00fccre Ba\u011f\u0131\u015f\u0131","og_description":"ANTALYA&#8217;da milli sporcular, g\u00f6n\u00fcll\u00fc vatanda\u015flar ve \u00f6\u011frenciler, kan ve k\u00f6k h\u00fccre ba\u011f\u0131\u015f\u0131 i\u00e7in bir araya geldi. Gen\u00e7lik ve Spor \u0130l M\u00fcd\u00fcrl\u00fc\u011f\u00fc ile Emniyet Te\u015fkilat\u0131 Vazife Malul\u00fc \u015eehit Aileleri Vakf\u0131 (EM\u015eAV) taraf\u0131ndan T\u00fcrk K\u0131z\u0131lay i\u015f birli\u011fiyle d\u00fczenlenen etkinlikte, &#8216;Birbirimize candan ba\u011fl\u0131y\u0131z&#8217; slogan\u0131 \u00f6ne \u00e7\u0131kt\u0131. Antalya Spor Salonu&#8217;nda ger\u00e7ekle\u015ftirilen organizasyonda kent sakinleri, milli sporcular, aileleri ve \u00e7ok say\u0131da \u00f6\u011frenci, K\u0131z\u0131lay taraf\u0131ndan kurulan alanda kan ve k\u00f6k h\u00fccre ba\u011f\u0131\u015f\u0131nda bulundu. Etkinli\u011fe Antalya Gen\u00e7lik ve Spor \u0130l M\u00fcd\u00fcr\u00fc Vekili Bu\u011frahan Bozkurt&#8217;un yan\u0131 s\u0131ra MHP Antalya \u0130l Ba\u015fkan\u0131 Sadullah G\u00fcne\u015f de kat\u0131larak kan ve k\u00f6k h\u00fccre ba\u011f\u0131\u015f\u0131nda bulundu. Bozkurt, kan ba\u011f\u0131\u015f\u0131n\u0131n hayati \u00f6nem ta\u015f\u0131d\u0131\u011f\u0131na dikkat \u00e7ekerek, \u201cSporcularla beraber kan ba\u011f\u0131\u015f\u0131nda tekrar beraberiz. Daha \u00f6nce de Antalyaspor salonunda anlaml\u0131 ba\u011f\u0131\u015flar oldu. Kan vermek bizce bir sosyal sorumluluk projesidir. Kan ihtiyac\u0131n\u0131n kime, ne zaman laz\u0131m olaca\u011f\u0131 hi\u00e7 belli de\u011fil. T\u00fcm vatanda\u015flar\u0131m\u0131z\u0131 kan ba\u011f\u0131\u015f\u0131na davet ediyoruz&#8221; dedi. &#8216;M\u0130LYONLARI HAYATA BA\u011eLAMAK \u0130ST\u0130YORUZ&#8217; A Milli Boks Tak\u0131m\u0131 sporcusu Berfin Kabak, \u201cBoks milli sporcusuyum, A Milli Tak\u0131m&#8217;day\u0131m. Burada bulunma amac\u0131m\u0131z, kan bekleyen milyonlar\u0131 hayata ba\u011flayabilmek. Kan bekleyen \u00e7ocuklar olsun, l\u00f6semili hastalar\u0131m\u0131z olsun, amac\u0131m\u0131z onlara kan verip iyi olmalar\u0131n\u0131 sa\u011flamak&#8221; ifadelerini kulland\u0131. Muay Thai bran\u015f\u0131nda d\u00fcnya dereceleri bulunan milli sporcu Zeliha Nur Kama\u00e7 ise \u201cBug\u00fcn burada K\u0131z\u0131lay i\u00e7in birlikteyiz. Siz de kan &hellip;","og_url":"http:\/\/denizcankizil.tr\/uk\/haberler\/antalya\/milli-sporculardan-kan-ve-kok-hucre-bagisi\/","og_site_name":"Av. Deniz Can K\u0131z\u0131l","article_published_time":"2025-07-19T08:41:46+00:00","og_image":[{"width":1280,"height":720,"url":"http:\/\/denizcankizil.tr\/wp-content\/uploads\/2025\/07\/web-gorsel-boyut-23-1-LgU2rV.png","type":"image\/png"}],"author":"Av. Deniz Can K\u0131z\u0131l","twitter_card":"summary_large_image","twitter_misc":{"\u041d\u0430\u043f\u0438\u0441\u0430\u043d\u043e":"Av. Deniz Can K\u0131z\u0131l","\u041f\u0440\u0438\u0431\u043b. \u0447\u0430\u0441 \u0447\u0438\u0442\u0430\u043d\u043d\u044f":"2 \u0445\u0432\u0438\u043b\u0438\u043d\u0438"},"schema":{"@context":"https:\/\/schema.org","@graph":[{"@type":"Article","@id":"http:\/\/denizcankizil.tr\/en\/haberler\/antalya\/milli-sporculardan-kan-ve-kok-hucre-bagisi\/#article","isPartOf":{"@id":"http:\/\/denizcankizil.tr\/en\/haberler\/antalya\/milli-sporculardan-kan-ve-kok-hucre-bagisi\/"},"author":{"name":"Av. Deniz Can K\u0131z\u0131l","@id":"https:\/\/denizcankizil.tr\/de\/#\/schema\/person\/5dc1b22991bd7ac833867c10afc9b0ff"},"headline":"Milli Sporculardan Kan ve K\u00f6k H\u00fccre Ba\u011f\u0131\u015f\u0131","datePublished":"2025-07-19T08:41:46+00:00","mainEntityOfPage":{"@id":"http:\/\/denizcankizil.tr\/en\/haberler\/antalya\/milli-sporculardan-kan-ve-kok-hucre-bagisi\/"},"wordCount":498,"publisher":{"@id":"https:\/\/denizcankizil.tr\/de\/#organization"},"image":{"@id":"http:\/\/denizcankizil.tr\/en\/haberler\/antalya\/milli-sporculardan-kan-ve-kok-hucre-bagisi\/#primaryimage"},"thumbnailUrl":"http:\/\/denizcankizil.tr\/wp-content\/uploads\/2025\/07\/web-gorsel-boyut-23-1-LgU2rV.png","articleSection":["Antalya"],"inLanguage":"uk"},{"@type":"WebPage","@id":"http:\/\/denizcankizil.tr\/en\/haberler\/antalya\/milli-sporculardan-kan-ve-kok-hucre-bagisi\/","url":"http:\/\/denizcankizil.tr\/en\/haberler\/antalya\/milli-sporculardan-kan-ve-kok-hucre-bagisi\/","name":"Milli Sporculardan Kan ve K\u00f6k H\u00fccre Ba\u011f\u0131\u015f\u0131 - Av. Deniz Can K\u0131z\u0131l","isPartOf":{"@id":"https:\/\/denizcankizil.tr\/de\/#website"},"primaryImageOfPage":{"@id":"http:\/\/denizcankizil.tr\/en\/haberler\/antalya\/milli-sporculardan-kan-ve-kok-hucre-bagisi\/#primaryimage"},"image":{"@id":"http:\/\/denizcankizil.tr\/en\/haberler\/antalya\/milli-sporculardan-kan-ve-kok-hucre-bagisi\/#primaryimage"},"thumbnailUrl":"http:\/\/denizcankizil.tr\/wp-content\/uploads\/2025\/07\/web-gorsel-boyut-23-1-LgU2rV.png","datePublished":"2025-07-19T08:41:46+00:00","breadcrumb":{"@id":"http:\/\/denizcankizil.tr\/en\/haberler\/antalya\/milli-sporculardan-kan-ve-kok-hucre-bagisi\/#breadcrumb"},"inLanguage":"uk","potentialAction":[{"@type":"ReadAction","target":["http:\/\/denizcankizil.tr\/en\/haberler\/antalya\/milli-sporculardan-kan-ve-kok-hucre-bagisi\/"]}]},{"@type":"ImageObject","inLanguage":"uk","@id":"http:\/\/denizcankizil.tr\/en\/haberler\/antalya\/milli-sporculardan-kan-ve-kok-hucre-bagisi\/#primaryimage","url":"http:\/\/denizcankizil.tr\/wp-content\/uploads\/2025\/07\/web-gorsel-boyut-23-1-LgU2rV.png","contentUrl":"http:\/\/denizcankizil.tr\/wp-content\/uploads\/2025\/07\/web-gorsel-boyut-23-1-LgU2rV.png","width":1280,"height":720},{"@type":"BreadcrumbList","@id":"http:\/\/denizcankizil.tr\/en\/haberler\/antalya\/milli-sporculardan-kan-ve-kok-hucre-bagisi\/#breadcrumb","itemListElement":[{"@type":"ListItem","position":1,"name":"Home","item":"https:\/\/denizcankizil.tr\/de\/"},{"@type":"ListItem","position":2,"name":"Milli Sporculardan Kan ve K\u00f6k H\u00fccre Ba\u011f\u0131\u015f\u0131"}]},{"@type":"WebSite","@id":"https:\/\/denizcankizil.tr\/de\/#website","url":"https:\/\/denizcankizil.tr\/de\/","name":"Av. Deniz Can K\u0131z\u0131l","description":"Avukat Deniz Can K\u0131z\u0131l Antalya Barosu","publisher":{"@id":"https:\/\/denizcankizil.tr\/de\/#organization"},"potentialAction":[{"@type":"SearchAction","target":{"@type":"EntryPoint","urlTemplate":"https:\/\/denizcankizil.tr\/de\/?s={search_term_string}"},"query-input":{"@type":"PropertyValueSpecification","valueRequired":true,"valueName":"search_term_string"}}],"inLanguage":"uk"},{"@type":"Organization","@id":"https:\/\/denizcankizil.tr\/de\/#organization","name":"Av. Deniz Can K\u0131z\u0131l","url":"https:\/\/denizcankizil.tr\/de\/","logo":{"@type":"ImageObject","inLanguage":"uk","@id":"https:\/\/denizcankizil.tr\/de\/#\/schema\/logo\/image\/","url":"http:\/\/denizcankizil.tr\/wp-content\/uploads\/2024\/10\/siyah-logo-svg.svg","contentUrl":"http:\/\/denizcankizil.tr\/wp-content\/uploads\/2024\/10\/siyah-logo-svg.svg","width":1080,"height":1080,"caption":"Av. Deniz Can K\u0131z\u0131l"},"image":{"@id":"https:\/\/denizcankizil.tr\/de\/#\/schema\/logo\/image\/"}},{"@type":"Person","@id":"https:\/\/denizcankizil.tr\/de\/#\/schema\/person\/5dc1b22991bd7ac833867c10afc9b0ff","name":"Av. Deniz Can K\u0131z\u0131l","image":{"@type":"ImageObject","inLanguage":"uk","@id":"https:\/\/denizcankizil.tr\/de\/#\/schema\/person\/image\/","url":"https:\/\/secure.gravatar.com\/avatar\/a0b128fb9855c79efc976d5640eedb31dc35ec297594d6016d2cf7c60e975bb6?s=96&d=mm&r=g","contentUrl":"https:\/\/secure.gravatar.com\/avatar\/a0b128fb9855c79efc976d5640eedb31dc35ec297594d6016d2cf7c60e975bb6?s=96&d=mm&r=g","caption":"Av. Deniz Can K\u0131z\u0131l"},"sameAs":["http:\/\/www.denizcankizil.tr"],"url":"http:\/\/denizcankizil.tr\/uk\/author\/denizcankizil\/"}]}},"_links":{"self":[{"href":"http:\/\/denizcankizil.tr\/uk\/wp-json\/wp\/v2\/posts\/150647","targetHints":{"allow":["GET"]}}],"collection":[{"href":"http:\/\/denizcankizil.tr\/uk\/wp-json\/wp\/v2\/posts"}],"about":[{"href":"http:\/\/denizcankizil.tr\/uk\/wp-json\/wp\/v2\/types\/post"}],"author":[{"embeddable":true,"href":"http:\/\/denizcankizil.tr\/uk\/wp-json\/wp\/v2\/users\/4"}],"replies":[{"embeddable":true,"href":"http:\/\/denizcankizil.tr\/uk\/wp-json\/wp\/v2\/comments?post=150647"}],"version-history":[{"count":0,"href":"http:\/\/denizcankizil.tr\/uk\/wp-json\/wp\/v2\/posts\/150647\/revisions"}],"wp:featuredmedia":[{"embeddable":true,"href":"http:\/\/denizcankizil.tr\/uk\/wp-json\/wp\/v2\/media\/150648"}],"wp:attachment":[{"href":"http:\/\/denizcankizil.tr\/uk\/wp-json\/wp\/v2\/media?parent=150647"}],"wp:term":[{"taxonomy":"category","embeddable":true,"href":"http:\/\/denizcankizil.tr\/uk\/wp-json\/wp\/v2\/categories?post=150647"},{"taxonomy":"post_tag","embeddable":true,"href":"http:\/\/denizcankizil.tr\/uk\/wp-json\/wp\/v2\/tags?post=150647"}],"curies":[{"name":"wp","href":"https:\/\/api.w.org\/{rel}","templated":true}]}}