{"id":149787,"date":"2025-07-18T13:41:53","date_gmt":"2025-07-18T10:41:53","guid":{"rendered":"https:\/\/denizcankizil.tr\/uncategorized-tr\/antalya-valiliginin-sirketi-aydasin-muduru-gorevden-alindi\/"},"modified":"2025-07-18T13:41:53","modified_gmt":"2025-07-18T10:41:53","slug":"antalya-valiliginin-sirketi-aydasin-muduru-gorevden-alindi","status":"publish","type":"post","link":"http:\/\/denizcankizil.tr\/uk\/haberler\/gundem\/antalya-valiliginin-sirketi-aydasin-muduru-gorevden-alindi\/","title":{"rendered":"Antalya Valili\u011fi&#8217;nin \u015firketi AYDA\u015e\u2019\u0131n m\u00fcd\u00fcr\u00fc g\u00f6revden al\u0131nd\u0131!"},"content":{"rendered":"<p>Antalya Valili\u011fi Yat\u0131r\u0131m \u0130zleme ve Koordinasyon Ba\u015fkanl\u0131\u011f\u0131 (Y\u0130KOB) b\u00fcnyesinde kurulan AYDA\u015e A\u015e\u2019nin Genel M\u00fcd\u00fcr\u00fc Adnan G\u00fcle\u015f g\u00f6revden al\u0131nd\u0131. Trabzon k\u00f6kenli bir giri\u015fimci olan Adnan G\u00fcle\u015f taraf\u0131ndan Eyl\u00fcl 2023\u2019te \u2018Agules Yat\u0131r\u0131m \u0130n\u015faat Turizm A\u015e\u2019 Ankara\u2019da kurulan \u015firket, 3 ay sonra ad\u0131n\u0131 de\u011fi\u015ftirerek 22 Aral\u0131k 2023 tarihinde Antalya\u2019ya ta\u015f\u0131nm\u0131\u015ft\u0131. Antalya Valili\u011fi b\u00fcnyesine ge\u00e7en AYDA\u015e i\u00e7in G\u00fcle\u015f, \u201c\u00d6nce ben m\u00fcd\u00fcr yap\u0131ld\u0131m, sonra \u015firket kuruldu\u201d ifadelerini kullanm\u0131\u015ft\u0131.<\/p>\n<p>MERMERL\u0130 PLAJI&#8217;NIN K\u0130RALANMASIYLA D\u0130KKAT \u00c7EKT\u0130 <\/p>\n<p>Son aylarda Mermerli Plaj\u0131 ba\u015fta olmak \u00fczere tart\u0131\u015fmal\u0131 bir\u00e7ok konuda g\u00fcndeme gelen Valilik \u015firketi AYDA\u015e\u2019da iki y\u0131ld\u0131r m\u00fcd\u00fcrl\u00fck g\u00f6revini y\u00fcr\u00fcten Adnan G\u00fcle\u015f\u2019in bu g\u00f6revine son verildi. Ankara\u2019da kurulup, ard\u0131ndan Antalya Valili\u011fi b\u00fcnyesine ge\u00e7en AYDA\u015e A\u015e\u2019nin ad\u0131 son iki y\u0131ld\u0131r kent g\u00fcndeminden d\u00fc\u015fmedi. K\u0131y\u0131lardaki kiralamalar, sorunlu tahliyeler ve son olarak Kalei\u00e7i Yat Liman\u0131\u2019ndaki Mermerli Plaj\u0131\u2019n\u0131n kiralanmas\u0131yla ilgili tart\u0131\u015fmalar g\u00f6zleri bu \u015firkete \u00e7evirmi\u015fti.<\/p>\n<p>MERMERL\u0130 PLAJINI SESS\u0130Z SEDASIZ K\u0130RAYA VERD\u0130LER<\/p>\n<p>Antalya Valisi Hulusi \u015eahin\u2019in, Mermerli Plaj\u0131\u2019n\u0131n valilik taraf\u0131ndan i\u015fletilece\u011fi a\u00e7\u0131klanmas\u0131na kar\u015f\u0131n Valilik \u015firketi AYDA\u015e A\u015e plaj\u0131 \u00f6zel bir i\u015fletmeye kiraya verdi. Kurban Bayram\u0131 haftas\u0131nda plaja giri\u015f i\u00e7in ki\u015fi ba\u015f\u0131 1000 TL giri\u015f \u00fccreti talep edilmesiyle de kentte tepkiler y\u00fckselmeye ba\u015flad\u0131. Bunun \u00fczerine Valilik a\u00e7\u0131klama yapt\u0131, \u201c\u015firket ile g\u00f6r\u00fc\u015ft\u00fck, 500 TL\u2019ye d\u00fc\u015f\u00fcr\u00fclecek\u201d denildi. Mermerli Plaj\u0131\u2019n\u0131n neden ihalesiz ve \u015feffafl\u0131ktan uzak bi\u00e7imde \u00f6zel \u015firkete kiraland\u0131\u011f\u0131 y\u00f6n\u00fcndeki tepkilere ise, Valilik \u015firketi AYDA\u015e A\u015e\u2019nin \u00f6zel \u015firket stat\u00fcs\u00fcnde oldu\u011fu ve ticaret kanununa tabi oldu\u011fu, ihale mevzuat\u0131na tabi olmad\u0131\u011f\u0131 \u015feklinde a\u00e7\u0131klamalar yap\u0131ld\u0131.<\/p>\n<p>SAH\u0130LDE K\u0130RALAMA TARTI\u015eMASI, KENTTE L\u00dcKS OF\u0130S<\/p>\n<p>Manavgat, Side ve Finike sahilinde k\u0131y\u0131 kiralamalar\u0131yla tart\u0131\u015fma yaratan AYDA\u015e A\u015e\u2019nin icraatlar\u0131ndan biri de Antalya B\u00fcy\u00fck\u015fehir Belediyesi\u2019nin yand\u0131ktan sonra restore ederek \u2018devlet konuk evi\u2019 olarak kullan\u0131lmas\u0131 ko\u015fuluyla Antalya Y\u0130KOB\u2019a devretti\u011fi Balbey Mahallesi\u2019ndeki \u00f6zel m\u00fclkiyete ait tarihi kona\u011f\u0131n l\u00fcks te\u015frifatla donat\u0131l\u0131p AYDA\u015e\u2019a ofis yap\u0131lmas\u0131 oldu. Ya\u015fanan tart\u0131\u015fmalar\u0131n ard\u0131ndan AYDA\u015e A\u015e\u2019nin y\u00f6netiminde yer alan Antalya Vali Yard\u0131mc\u0131s\u0131 ve Y\u0130KOB Ba\u015fkan\u0131 Yal\u00e7\u0131n Sezgin ge\u00e7ti\u011fimiz ay Y\u0130KOB Ba\u015fkanl\u0131\u011f\u0131 g\u00f6revinden al\u0131nm\u0131\u015ft\u0131. Yal\u00e7\u0131n Sezgin\u2019in Y\u0130KOB Ba\u015fkanl\u0131\u011f\u0131\u2019ndan al\u0131nmas\u0131n\u0131n ard\u0131ndan Antalya Y\u0130KOB\u2019dan sorumlu Vali Yard\u0131mc\u0131s\u0131 Mustafa Hulusi Arat oldu.<\/p>\n<p>Bu geli\u015fmenin ard\u0131ndan AYDA\u015e A\u015e Genel M\u00fcd\u00fcr\u00fc Adnan G\u00fcle\u015f\u2019in de g\u00f6revine son verildi. Ticaret Sicil Gazetesi\u2019nde de yay\u0131mlanan g\u00f6rev de\u011fi\u015fikli\u011fi ile ilgili duyuruda, \u015firkette temsile yetkili olan Adnan G\u00fcle\u015f\u2019in bu g\u00f6revinin sona erdi\u011fi duyuruldu.<\/p>\n<p>\u2018\u00d6NCE M\u00dcD\u00dcR OLDUM, SONRA \u015e\u0130RKET KURULDU\u2019 DEM\u0130\u015eT\u0130<\/p>\n<p>Antalya K\u00f6rfez Gazetesi muhabiri Yusuf Yavuz&#8217;un haberine g\u00f6re y\u00f6neticisi oldu\u011fu \u015firketin neden Ankara\u2019da kurulup sonra Antalya Valili\u011fi b\u00fcnyesine ge\u00e7erek Antalya\u2019ya ta\u015f\u0131nd\u0131\u011f\u0131 y\u00f6n\u00fcndeki sorumuza yan\u0131t veren Adnan G\u00fcle\u015f, ya\u015fanan s\u00fcreci \u015f\u00f6yle anlatm\u0131\u015ft\u0131: \u201cBu \u015firket asl\u0131nda talimatla kuruldu. Yani \u00f6nce benim m\u00fcd\u00fcr olaca\u011f\u0131m kesinle\u015fti, ard\u0131ndan \u015firket kuruldu. Mevzuat gere\u011fi valilikler \u015firket kuram\u0131yordu ancak hibe alabiliyordu. Benim k\u0131y\u0131larla ilgili bir \u00e7al\u0131\u015fmam vard\u0131. K\u0131y\u0131lardaki i\u015fgalleri kiralamaya d\u00f6n\u00fck bir \u00e7al\u0131\u015fmayd\u0131 bu. \u0130lk ben yapt\u0131m bu \u00e7al\u0131\u015fmay\u0131. Haziran 2023\u2019te Antalya Valili\u011fi\u2019ne gelip, \u2018bak\u0131n b\u00f6yle bir gelir kap\u0131s\u0131 olabilir, hem de sahilin d\u00fczenlenmesine yard\u0131mc\u0131 olabilir\u2019 dedim. Antalya Y\u0130KOB Ba\u015fkan\u0131 Yal\u00e7\u0131n Sezgin\u2019e b\u00f6yle bir teklifte bulundu. O s\u0131rada bana m\u00fcd\u00fcrl\u00fck teklifinde bulunuldu. Benim m\u00fcd\u00fcr olaca\u011f\u0131m kesinle\u015fince, \u0130\u00e7i\u015fleri Bakanl\u0131\u011f\u0131\u2019n\u0131n da onay\u0131 gerekti\u011fi i\u00e7in \u015firketi Ankara\u2019da kurduk. \u00c7ok h\u0131zl\u0131 hareket etmemiz gerekiyordu bu y\u00fczden ad\u0131n\u0131 Agules koyduk. Nas\u0131l olsa de\u011fi\u015fecekti. \u00dc\u00e7 ay \u0130\u00e7i\u015fleri Bakanl\u0131\u011f\u0131\u2019n\u0131n imzas\u0131n\u0131 bekledik, sonra \u015firketi Antalya\u2019ya ta\u015f\u0131d\u0131k ve ad\u0131 AYDA\u015e oldu. Sonra hi\u00e7 kimsenin beklemedi\u011fi bir duruma geldi. Say\u0131n Hulusi \u015eahin Valimizin de ufku \u00e7ok geni\u015f. Biz bu \u015firketi kural\u0131m deyince destekledi. Biz bu \u015firketi talimatla kurduk yani. Sonradan kurup ba\u015f\u0131na m\u00fcd\u00fcr olarak gelmedim.\u201d<\/p>\n<p>\u200bAntalya Valili\u011fi b\u00fcnyesinde kurulan ve iki y\u0131ld\u0131r kentte tart\u0131\u015fmal\u0131 icraatlar\u0131yla g\u00fcndemden d\u00fc\u015fmeyen AYDA\u015e A\u015e\u2019nin Genel M\u00fcd\u00fcr\u00fc Adnan G\u00fcle\u015f g\u00f6revden al\u0131nd\u0131.\u00a0<\/p>\n<p>\u200bHaberin Al\u0131nt\u0131land\u0131\u011f\u0131 Kaynak: www.antalyakorfez.com<\/p>","protected":false},"excerpt":{"rendered":"<p>Antalya Valili\u011fi Yat\u0131r\u0131m \u0130zleme ve Koordinasyon Ba\u015fkanl\u0131\u011f\u0131 (Y\u0130KOB) b\u00fcnyesinde kurulan AYDA\u015e A\u015e\u2019nin Genel M\u00fcd\u00fcr\u00fc Adnan G\u00fcle\u015f g\u00f6revden al\u0131nd\u0131. Trabzon k\u00f6kenli bir giri\u015fimci olan Adnan G\u00fcle\u015f taraf\u0131ndan Eyl\u00fcl 2023\u2019te \u2018Agules Yat\u0131r\u0131m \u0130n\u015faat Turizm A\u015e\u2019 Ankara\u2019da kurulan \u015firket, 3 ay sonra ad\u0131n\u0131 de\u011fi\u015ftirerek 22 Aral\u0131k 2023 tarihinde Antalya\u2019ya ta\u015f\u0131nm\u0131\u015ft\u0131. Antalya Valili\u011fi b\u00fcnyesine ge\u00e7en AYDA\u015e i\u00e7in G\u00fcle\u015f, \u201c\u00d6nce ben m\u00fcd\u00fcr yap\u0131ld\u0131m, sonra \u015firket kuruldu\u201d ifadelerini kullanm\u0131\u015ft\u0131. MERMERL\u0130 PLAJI&#8217;NIN K\u0130RALANMASIYLA D\u0130KKAT \u00c7EKT\u0130 Son aylarda Mermerli Plaj\u0131 ba\u015fta olmak \u00fczere tart\u0131\u015fmal\u0131 bir\u00e7ok konuda g\u00fcndeme gelen Valilik \u015firketi AYDA\u015e\u2019da iki y\u0131ld\u0131r m\u00fcd\u00fcrl\u00fck g\u00f6revini y\u00fcr\u00fcten Adnan G\u00fcle\u015f\u2019in bu g\u00f6revine son verildi. Ankara\u2019da kurulup, ard\u0131ndan Antalya Valili\u011fi b\u00fcnyesine ge\u00e7en AYDA\u015e A\u015e\u2019nin ad\u0131 son iki y\u0131ld\u0131r kent g\u00fcndeminden d\u00fc\u015fmedi. K\u0131y\u0131lardaki kiralamalar, sorunlu tahliyeler ve son olarak Kalei\u00e7i Yat Liman\u0131\u2019ndaki Mermerli Plaj\u0131\u2019n\u0131n kiralanmas\u0131yla ilgili tart\u0131\u015fmalar g\u00f6zleri bu \u015firkete \u00e7evirmi\u015fti. MERMERL\u0130 PLAJINI SESS\u0130Z SEDASIZ K\u0130RAYA VERD\u0130LER Antalya Valisi Hulusi \u015eahin\u2019in, Mermerli Plaj\u0131\u2019n\u0131n valilik taraf\u0131ndan i\u015fletilece\u011fi a\u00e7\u0131klanmas\u0131na kar\u015f\u0131n Valilik \u015firketi AYDA\u015e A\u015e plaj\u0131 \u00f6zel bir i\u015fletmeye kiraya verdi. Kurban Bayram\u0131 haftas\u0131nda plaja giri\u015f i\u00e7in ki\u015fi ba\u015f\u0131 1000 TL giri\u015f \u00fccreti talep edilmesiyle de kentte tepkiler y\u00fckselmeye ba\u015flad\u0131. Bunun \u00fczerine Valilik a\u00e7\u0131klama yapt\u0131, \u201c\u015firket ile g\u00f6r\u00fc\u015ft\u00fck, 500 TL\u2019ye d\u00fc\u015f\u00fcr\u00fclecek\u201d denildi. Mermerli Plaj\u0131\u2019n\u0131n neden ihalesiz ve \u015feffafl\u0131ktan uzak bi\u00e7imde \u00f6zel \u015firkete kiraland\u0131\u011f\u0131 y\u00f6n\u00fcndeki tepkilere &hellip;<\/p>","protected":false},"author":5,"featured_media":0,"comment_status":"","ping_status":"open","sticky":false,"template":"","format":"standard","meta":{"_acf_changed":false,"footnotes":""},"categories":[24],"tags":[],"class_list":["post-149787","post","type-post","status-publish","format-standard","has-post-thumbnail","hentry","category-gundem"],"acf":[],"yoast_head":"<!-- This site is optimized with the Yoast SEO Premium plugin v26.6 (Yoast SEO v27.1.1) - https:\/\/yoast.com\/product\/yoast-seo-premium-wordpress\/ -->\n<title>Antalya Valili\u011fi&#039;nin \u015firketi AYDA\u015e\u2019\u0131n m\u00fcd\u00fcr\u00fc g\u00f6revden al\u0131nd\u0131! - Av. Deniz Can K\u0131z\u0131l<\/title>\n<meta name=\"robots\" content=\"index, follow, max-snippet:-1, max-image-preview:large, max-video-preview:-1\" \/>\n<link rel=\"canonical\" href=\"http:\/\/denizcankizil.tr\/uk\/haberler\/gundem\/antalya-valiliginin-sirketi-aydasin-muduru-gorevden-alindi\/\" \/>\n<meta property=\"og:locale\" content=\"uk_UA\" \/>\n<meta property=\"og:type\" content=\"article\" \/>\n<meta property=\"og:title\" content=\"Antalya Valili\u011fi&#039;nin \u015firketi AYDA\u015e\u2019\u0131n m\u00fcd\u00fcr\u00fc g\u00f6revden al\u0131nd\u0131!\" \/>\n<meta property=\"og:description\" content=\"Antalya Valili\u011fi Yat\u0131r\u0131m \u0130zleme ve Koordinasyon Ba\u015fkanl\u0131\u011f\u0131 (Y\u0130KOB) b\u00fcnyesinde kurulan AYDA\u015e A\u015e\u2019nin Genel M\u00fcd\u00fcr\u00fc Adnan G\u00fcle\u015f g\u00f6revden al\u0131nd\u0131. Trabzon k\u00f6kenli bir giri\u015fimci olan Adnan G\u00fcle\u015f taraf\u0131ndan Eyl\u00fcl 2023\u2019te \u2018Agules Yat\u0131r\u0131m \u0130n\u015faat Turizm A\u015e\u2019 Ankara\u2019da kurulan \u015firket, 3 ay sonra ad\u0131n\u0131 de\u011fi\u015ftirerek 22 Aral\u0131k 2023 tarihinde Antalya\u2019ya ta\u015f\u0131nm\u0131\u015ft\u0131. Antalya Valili\u011fi b\u00fcnyesine ge\u00e7en AYDA\u015e i\u00e7in G\u00fcle\u015f, \u201c\u00d6nce ben m\u00fcd\u00fcr yap\u0131ld\u0131m, sonra \u015firket kuruldu\u201d ifadelerini kullanm\u0131\u015ft\u0131. MERMERL\u0130 PLAJI&#8217;NIN K\u0130RALANMASIYLA D\u0130KKAT \u00c7EKT\u0130 Son aylarda Mermerli Plaj\u0131 ba\u015fta olmak \u00fczere tart\u0131\u015fmal\u0131 bir\u00e7ok konuda g\u00fcndeme gelen Valilik \u015firketi AYDA\u015e\u2019da iki y\u0131ld\u0131r m\u00fcd\u00fcrl\u00fck g\u00f6revini y\u00fcr\u00fcten Adnan G\u00fcle\u015f\u2019in bu g\u00f6revine son verildi. Ankara\u2019da kurulup, ard\u0131ndan Antalya Valili\u011fi b\u00fcnyesine ge\u00e7en AYDA\u015e A\u015e\u2019nin ad\u0131 son iki y\u0131ld\u0131r kent g\u00fcndeminden d\u00fc\u015fmedi. K\u0131y\u0131lardaki kiralamalar, sorunlu tahliyeler ve son olarak Kalei\u00e7i Yat Liman\u0131\u2019ndaki Mermerli Plaj\u0131\u2019n\u0131n kiralanmas\u0131yla ilgili tart\u0131\u015fmalar g\u00f6zleri bu \u015firkete \u00e7evirmi\u015fti. MERMERL\u0130 PLAJINI SESS\u0130Z SEDASIZ K\u0130RAYA VERD\u0130LER Antalya Valisi Hulusi \u015eahin\u2019in, Mermerli Plaj\u0131\u2019n\u0131n valilik taraf\u0131ndan i\u015fletilece\u011fi a\u00e7\u0131klanmas\u0131na kar\u015f\u0131n Valilik \u015firketi AYDA\u015e A\u015e plaj\u0131 \u00f6zel bir i\u015fletmeye kiraya verdi. Kurban Bayram\u0131 haftas\u0131nda plaja giri\u015f i\u00e7in ki\u015fi ba\u015f\u0131 1000 TL giri\u015f \u00fccreti talep edilmesiyle de kentte tepkiler y\u00fckselmeye ba\u015flad\u0131. Bunun \u00fczerine Valilik a\u00e7\u0131klama yapt\u0131, \u201c\u015firket ile g\u00f6r\u00fc\u015ft\u00fck, 500 TL\u2019ye d\u00fc\u015f\u00fcr\u00fclecek\u201d denildi. Mermerli Plaj\u0131\u2019n\u0131n neden ihalesiz ve \u015feffafl\u0131ktan uzak bi\u00e7imde \u00f6zel \u015firkete kiraland\u0131\u011f\u0131 y\u00f6n\u00fcndeki tepkilere &hellip;\" \/>\n<meta property=\"og:url\" content=\"http:\/\/denizcankizil.tr\/uk\/haberler\/gundem\/antalya-valiliginin-sirketi-aydasin-muduru-gorevden-alindi\/\" \/>\n<meta property=\"og:site_name\" content=\"Av. Deniz Can K\u0131z\u0131l\" \/>\n<meta property=\"article:published_time\" content=\"2025-07-18T10:41:53+00:00\" \/>\n<meta name=\"author\" content=\"Antalya K\u00f6rfez\" \/>\n<meta name=\"twitter:card\" content=\"summary_large_image\" \/>\n<meta name=\"twitter:label1\" content=\"\u041d\u0430\u043f\u0438\u0441\u0430\u043d\u043e\" \/>\n\t<meta name=\"twitter:data1\" content=\"Antalya K\u00f6rfez\" \/>\n\t<meta name=\"twitter:label2\" content=\"\u041f\u0440\u0438\u0431\u043b. \u0447\u0430\u0441 \u0447\u0438\u0442\u0430\u043d\u043d\u044f\" \/>\n\t<meta name=\"twitter:data2\" content=\"4 \u0445\u0432\u0438\u043b\u0438\u043d\u0438\" \/>\n<script type=\"application\/ld+json\" class=\"yoast-schema-graph\">{\"@context\":\"https:\/\/schema.org\",\"@graph\":[{\"@type\":\"Article\",\"@id\":\"http:\/\/denizcankizil.tr\/de\/haberler\/gundem\/antalya-valiliginin-sirketi-aydasin-muduru-gorevden-alindi\/#article\",\"isPartOf\":{\"@id\":\"http:\/\/denizcankizil.tr\/de\/haberler\/gundem\/antalya-valiliginin-sirketi-aydasin-muduru-gorevden-alindi\/\"},\"author\":{\"name\":\"Antalya K\u00f6rfez\",\"@id\":\"https:\/\/denizcankizil.tr\/de\/#\/schema\/person\/e1eb71bb4dd684d46563f0af307e1234\"},\"headline\":\"Antalya Valili\u011fi&#8217;nin \u015firketi AYDA\u015e\u2019\u0131n m\u00fcd\u00fcr\u00fc g\u00f6revden al\u0131nd\u0131!\",\"datePublished\":\"2025-07-18T10:41:53+00:00\",\"mainEntityOfPage\":{\"@id\":\"http:\/\/denizcankizil.tr\/de\/haberler\/gundem\/antalya-valiliginin-sirketi-aydasin-muduru-gorevden-alindi\/\"},\"wordCount\":854,\"publisher\":{\"@id\":\"https:\/\/denizcankizil.tr\/de\/#organization\"},\"articleSection\":[\"G\u00fcndem\"],\"inLanguage\":\"uk\"},{\"@type\":\"WebPage\",\"@id\":\"http:\/\/denizcankizil.tr\/de\/haberler\/gundem\/antalya-valiliginin-sirketi-aydasin-muduru-gorevden-alindi\/\",\"url\":\"http:\/\/denizcankizil.tr\/de\/haberler\/gundem\/antalya-valiliginin-sirketi-aydasin-muduru-gorevden-alindi\/\",\"name\":\"Antalya Valili\u011fi'nin \u015firketi AYDA\u015e\u2019\u0131n m\u00fcd\u00fcr\u00fc g\u00f6revden al\u0131nd\u0131! - Av. Deniz Can K\u0131z\u0131l\",\"isPartOf\":{\"@id\":\"https:\/\/denizcankizil.tr\/de\/#website\"},\"datePublished\":\"2025-07-18T10:41:53+00:00\",\"breadcrumb\":{\"@id\":\"http:\/\/denizcankizil.tr\/de\/haberler\/gundem\/antalya-valiliginin-sirketi-aydasin-muduru-gorevden-alindi\/#breadcrumb\"},\"inLanguage\":\"uk\",\"potentialAction\":[{\"@type\":\"ReadAction\",\"target\":[\"http:\/\/denizcankizil.tr\/de\/haberler\/gundem\/antalya-valiliginin-sirketi-aydasin-muduru-gorevden-alindi\/\"]}]},{\"@type\":\"BreadcrumbList\",\"@id\":\"http:\/\/denizcankizil.tr\/de\/haberler\/gundem\/antalya-valiliginin-sirketi-aydasin-muduru-gorevden-alindi\/#breadcrumb\",\"itemListElement\":[{\"@type\":\"ListItem\",\"position\":1,\"name\":\"Home\",\"item\":\"https:\/\/denizcankizil.tr\/de\/\"},{\"@type\":\"ListItem\",\"position\":2,\"name\":\"Antalya Valili\u011fi&#8217;nin \u015firketi AYDA\u015e\u2019\u0131n m\u00fcd\u00fcr\u00fc g\u00f6revden al\u0131nd\u0131!\"}]},{\"@type\":\"WebSite\",\"@id\":\"https:\/\/denizcankizil.tr\/de\/#website\",\"url\":\"https:\/\/denizcankizil.tr\/de\/\",\"name\":\"Av. Deniz Can K\u0131z\u0131l\",\"description\":\"Avukat Deniz Can K\u0131z\u0131l Antalya Barosu\",\"publisher\":{\"@id\":\"https:\/\/denizcankizil.tr\/de\/#organization\"},\"potentialAction\":[{\"@type\":\"SearchAction\",\"target\":{\"@type\":\"EntryPoint\",\"urlTemplate\":\"https:\/\/denizcankizil.tr\/de\/?s={search_term_string}\"},\"query-input\":{\"@type\":\"PropertyValueSpecification\",\"valueRequired\":true,\"valueName\":\"search_term_string\"}}],\"inLanguage\":\"uk\"},{\"@type\":\"Organization\",\"@id\":\"https:\/\/denizcankizil.tr\/de\/#organization\",\"name\":\"Av. Deniz Can K\u0131z\u0131l\",\"url\":\"https:\/\/denizcankizil.tr\/de\/\",\"logo\":{\"@type\":\"ImageObject\",\"inLanguage\":\"uk\",\"@id\":\"https:\/\/denizcankizil.tr\/de\/#\/schema\/logo\/image\/\",\"url\":\"http:\/\/denizcankizil.tr\/wp-content\/uploads\/2024\/10\/siyah-logo-svg.svg\",\"contentUrl\":\"http:\/\/denizcankizil.tr\/wp-content\/uploads\/2024\/10\/siyah-logo-svg.svg\",\"width\":1080,\"height\":1080,\"caption\":\"Av. Deniz Can K\u0131z\u0131l\"},\"image\":{\"@id\":\"https:\/\/denizcankizil.tr\/de\/#\/schema\/logo\/image\/\"}},{\"@type\":\"Person\",\"@id\":\"https:\/\/denizcankizil.tr\/de\/#\/schema\/person\/e1eb71bb4dd684d46563f0af307e1234\",\"name\":\"Antalya K\u00f6rfez\",\"image\":{\"@type\":\"ImageObject\",\"inLanguage\":\"uk\",\"@id\":\"https:\/\/denizcankizil.tr\/de\/#\/schema\/person\/image\/\",\"url\":\"https:\/\/secure.gravatar.com\/avatar\/42b01982558a48a0b501fdcab6a408d3717ea5919095ee2e67b0e521799c5905?s=96&d=mm&r=g\",\"contentUrl\":\"https:\/\/secure.gravatar.com\/avatar\/42b01982558a48a0b501fdcab6a408d3717ea5919095ee2e67b0e521799c5905?s=96&d=mm&r=g\",\"caption\":\"Antalya K\u00f6rfez\"},\"sameAs\":[\"http:\/\/www.antalyakorfez.com\"],\"url\":\"https:\/\/www.antalyakorfez.com\/antalya-valiliginin-sirketi-aydasin-muduru-gorevden-alindi\"}]}<\/script>\n<!-- \/ Yoast SEO Premium plugin. -->","yoast_head_json":{"title":"Antalya Valili\u011fi'nin \u015firketi AYDA\u015e\u2019\u0131n m\u00fcd\u00fcr\u00fc g\u00f6revden al\u0131nd\u0131! - Av. Deniz Can K\u0131z\u0131l","robots":{"index":"index","follow":"follow","max-snippet":"max-snippet:-1","max-image-preview":"max-image-preview:large","max-video-preview":"max-video-preview:-1"},"canonical":"http:\/\/denizcankizil.tr\/uk\/haberler\/gundem\/antalya-valiliginin-sirketi-aydasin-muduru-gorevden-alindi\/","og_locale":"uk_UA","og_type":"article","og_title":"Antalya Valili\u011fi'nin \u015firketi AYDA\u015e\u2019\u0131n m\u00fcd\u00fcr\u00fc g\u00f6revden al\u0131nd\u0131!","og_description":"Antalya Valili\u011fi Yat\u0131r\u0131m \u0130zleme ve Koordinasyon Ba\u015fkanl\u0131\u011f\u0131 (Y\u0130KOB) b\u00fcnyesinde kurulan AYDA\u015e A\u015e\u2019nin Genel M\u00fcd\u00fcr\u00fc Adnan G\u00fcle\u015f g\u00f6revden al\u0131nd\u0131. Trabzon k\u00f6kenli bir giri\u015fimci olan Adnan G\u00fcle\u015f taraf\u0131ndan Eyl\u00fcl 2023\u2019te \u2018Agules Yat\u0131r\u0131m \u0130n\u015faat Turizm A\u015e\u2019 Ankara\u2019da kurulan \u015firket, 3 ay sonra ad\u0131n\u0131 de\u011fi\u015ftirerek 22 Aral\u0131k 2023 tarihinde Antalya\u2019ya ta\u015f\u0131nm\u0131\u015ft\u0131. Antalya Valili\u011fi b\u00fcnyesine ge\u00e7en AYDA\u015e i\u00e7in G\u00fcle\u015f, \u201c\u00d6nce ben m\u00fcd\u00fcr yap\u0131ld\u0131m, sonra \u015firket kuruldu\u201d ifadelerini kullanm\u0131\u015ft\u0131. MERMERL\u0130 PLAJI&#8217;NIN K\u0130RALANMASIYLA D\u0130KKAT \u00c7EKT\u0130 Son aylarda Mermerli Plaj\u0131 ba\u015fta olmak \u00fczere tart\u0131\u015fmal\u0131 bir\u00e7ok konuda g\u00fcndeme gelen Valilik \u015firketi AYDA\u015e\u2019da iki y\u0131ld\u0131r m\u00fcd\u00fcrl\u00fck g\u00f6revini y\u00fcr\u00fcten Adnan G\u00fcle\u015f\u2019in bu g\u00f6revine son verildi. Ankara\u2019da kurulup, ard\u0131ndan Antalya Valili\u011fi b\u00fcnyesine ge\u00e7en AYDA\u015e A\u015e\u2019nin ad\u0131 son iki y\u0131ld\u0131r kent g\u00fcndeminden d\u00fc\u015fmedi. K\u0131y\u0131lardaki kiralamalar, sorunlu tahliyeler ve son olarak Kalei\u00e7i Yat Liman\u0131\u2019ndaki Mermerli Plaj\u0131\u2019n\u0131n kiralanmas\u0131yla ilgili tart\u0131\u015fmalar g\u00f6zleri bu \u015firkete \u00e7evirmi\u015fti. MERMERL\u0130 PLAJINI SESS\u0130Z SEDASIZ K\u0130RAYA VERD\u0130LER Antalya Valisi Hulusi \u015eahin\u2019in, Mermerli Plaj\u0131\u2019n\u0131n valilik taraf\u0131ndan i\u015fletilece\u011fi a\u00e7\u0131klanmas\u0131na kar\u015f\u0131n Valilik \u015firketi AYDA\u015e A\u015e plaj\u0131 \u00f6zel bir i\u015fletmeye kiraya verdi. Kurban Bayram\u0131 haftas\u0131nda plaja giri\u015f i\u00e7in ki\u015fi ba\u015f\u0131 1000 TL giri\u015f \u00fccreti talep edilmesiyle de kentte tepkiler y\u00fckselmeye ba\u015flad\u0131. Bunun \u00fczerine Valilik a\u00e7\u0131klama yapt\u0131, \u201c\u015firket ile g\u00f6r\u00fc\u015ft\u00fck, 500 TL\u2019ye d\u00fc\u015f\u00fcr\u00fclecek\u201d denildi. Mermerli Plaj\u0131\u2019n\u0131n neden ihalesiz ve \u015feffafl\u0131ktan uzak bi\u00e7imde \u00f6zel \u015firkete kiraland\u0131\u011f\u0131 y\u00f6n\u00fcndeki tepkilere &hellip;","og_url":"http:\/\/denizcankizil.tr\/uk\/haberler\/gundem\/antalya-valiliginin-sirketi-aydasin-muduru-gorevden-alindi\/","og_site_name":"Av. Deniz Can K\u0131z\u0131l","article_published_time":"2025-07-18T10:41:53+00:00","author":"Antalya K\u00f6rfez","twitter_card":"summary_large_image","twitter_misc":{"\u041d\u0430\u043f\u0438\u0441\u0430\u043d\u043e":"Antalya K\u00f6rfez","\u041f\u0440\u0438\u0431\u043b. \u0447\u0430\u0441 \u0447\u0438\u0442\u0430\u043d\u043d\u044f":"4 \u0445\u0432\u0438\u043b\u0438\u043d\u0438"},"schema":{"@context":"https:\/\/schema.org","@graph":[{"@type":"Article","@id":"http:\/\/denizcankizil.tr\/de\/haberler\/gundem\/antalya-valiliginin-sirketi-aydasin-muduru-gorevden-alindi\/#article","isPartOf":{"@id":"http:\/\/denizcankizil.tr\/de\/haberler\/gundem\/antalya-valiliginin-sirketi-aydasin-muduru-gorevden-alindi\/"},"author":{"name":"Antalya K\u00f6rfez","@id":"https:\/\/denizcankizil.tr\/de\/#\/schema\/person\/e1eb71bb4dd684d46563f0af307e1234"},"headline":"Antalya Valili\u011fi&#8217;nin \u015firketi AYDA\u015e\u2019\u0131n m\u00fcd\u00fcr\u00fc g\u00f6revden al\u0131nd\u0131!","datePublished":"2025-07-18T10:41:53+00:00","mainEntityOfPage":{"@id":"http:\/\/denizcankizil.tr\/de\/haberler\/gundem\/antalya-valiliginin-sirketi-aydasin-muduru-gorevden-alindi\/"},"wordCount":854,"publisher":{"@id":"https:\/\/denizcankizil.tr\/de\/#organization"},"articleSection":["G\u00fcndem"],"inLanguage":"uk"},{"@type":"WebPage","@id":"http:\/\/denizcankizil.tr\/de\/haberler\/gundem\/antalya-valiliginin-sirketi-aydasin-muduru-gorevden-alindi\/","url":"http:\/\/denizcankizil.tr\/de\/haberler\/gundem\/antalya-valiliginin-sirketi-aydasin-muduru-gorevden-alindi\/","name":"Antalya Valili\u011fi'nin \u015firketi AYDA\u015e\u2019\u0131n m\u00fcd\u00fcr\u00fc g\u00f6revden al\u0131nd\u0131! - Av. Deniz Can K\u0131z\u0131l","isPartOf":{"@id":"https:\/\/denizcankizil.tr\/de\/#website"},"datePublished":"2025-07-18T10:41:53+00:00","breadcrumb":{"@id":"http:\/\/denizcankizil.tr\/de\/haberler\/gundem\/antalya-valiliginin-sirketi-aydasin-muduru-gorevden-alindi\/#breadcrumb"},"inLanguage":"uk","potentialAction":[{"@type":"ReadAction","target":["http:\/\/denizcankizil.tr\/de\/haberler\/gundem\/antalya-valiliginin-sirketi-aydasin-muduru-gorevden-alindi\/"]}]},{"@type":"BreadcrumbList","@id":"http:\/\/denizcankizil.tr\/de\/haberler\/gundem\/antalya-valiliginin-sirketi-aydasin-muduru-gorevden-alindi\/#breadcrumb","itemListElement":[{"@type":"ListItem","position":1,"name":"Home","item":"https:\/\/denizcankizil.tr\/de\/"},{"@type":"ListItem","position":2,"name":"Antalya Valili\u011fi&#8217;nin \u015firketi AYDA\u015e\u2019\u0131n m\u00fcd\u00fcr\u00fc g\u00f6revden al\u0131nd\u0131!"}]},{"@type":"WebSite","@id":"https:\/\/denizcankizil.tr\/de\/#website","url":"https:\/\/denizcankizil.tr\/de\/","name":"Av. Deniz Can K\u0131z\u0131l","description":"Avukat Deniz Can K\u0131z\u0131l Antalya Barosu","publisher":{"@id":"https:\/\/denizcankizil.tr\/de\/#organization"},"potentialAction":[{"@type":"SearchAction","target":{"@type":"EntryPoint","urlTemplate":"https:\/\/denizcankizil.tr\/de\/?s={search_term_string}"},"query-input":{"@type":"PropertyValueSpecification","valueRequired":true,"valueName":"search_term_string"}}],"inLanguage":"uk"},{"@type":"Organization","@id":"https:\/\/denizcankizil.tr\/de\/#organization","name":"Av. Deniz Can K\u0131z\u0131l","url":"https:\/\/denizcankizil.tr\/de\/","logo":{"@type":"ImageObject","inLanguage":"uk","@id":"https:\/\/denizcankizil.tr\/de\/#\/schema\/logo\/image\/","url":"http:\/\/denizcankizil.tr\/wp-content\/uploads\/2024\/10\/siyah-logo-svg.svg","contentUrl":"http:\/\/denizcankizil.tr\/wp-content\/uploads\/2024\/10\/siyah-logo-svg.svg","width":1080,"height":1080,"caption":"Av. Deniz Can K\u0131z\u0131l"},"image":{"@id":"https:\/\/denizcankizil.tr\/de\/#\/schema\/logo\/image\/"}},{"@type":"Person","@id":"https:\/\/denizcankizil.tr\/de\/#\/schema\/person\/e1eb71bb4dd684d46563f0af307e1234","name":"Antalya K\u00f6rfez","image":{"@type":"ImageObject","inLanguage":"uk","@id":"https:\/\/denizcankizil.tr\/de\/#\/schema\/person\/image\/","url":"https:\/\/secure.gravatar.com\/avatar\/42b01982558a48a0b501fdcab6a408d3717ea5919095ee2e67b0e521799c5905?s=96&d=mm&r=g","contentUrl":"https:\/\/secure.gravatar.com\/avatar\/42b01982558a48a0b501fdcab6a408d3717ea5919095ee2e67b0e521799c5905?s=96&d=mm&r=g","caption":"Antalya K\u00f6rfez"},"sameAs":["http:\/\/www.antalyakorfez.com"],"url":"https:\/\/www.antalyakorfez.com\/antalya-valiliginin-sirketi-aydasin-muduru-gorevden-alindi"}]}},"_links":{"self":[{"href":"http:\/\/denizcankizil.tr\/uk\/wp-json\/wp\/v2\/posts\/149787","targetHints":{"allow":["GET"]}}],"collection":[{"href":"http:\/\/denizcankizil.tr\/uk\/wp-json\/wp\/v2\/posts"}],"about":[{"href":"http:\/\/denizcankizil.tr\/uk\/wp-json\/wp\/v2\/types\/post"}],"author":[{"embeddable":true,"href":"http:\/\/denizcankizil.tr\/uk\/wp-json\/wp\/v2\/users\/5"}],"replies":[{"embeddable":true,"href":"http:\/\/denizcankizil.tr\/uk\/wp-json\/wp\/v2\/comments?post=149787"}],"version-history":[{"count":0,"href":"http:\/\/denizcankizil.tr\/uk\/wp-json\/wp\/v2\/posts\/149787\/revisions"}],"wp:attachment":[{"href":"http:\/\/denizcankizil.tr\/uk\/wp-json\/wp\/v2\/media?parent=149787"}],"wp:term":[{"taxonomy":"category","embeddable":true,"href":"http:\/\/denizcankizil.tr\/uk\/wp-json\/wp\/v2\/categories?post=149787"},{"taxonomy":"post_tag","embeddable":true,"href":"http:\/\/denizcankizil.tr\/uk\/wp-json\/wp\/v2\/tags?post=149787"}],"curies":[{"name":"wp","href":"https:\/\/api.w.org\/{rel}","templated":true}]}}