{"id":148698,"date":"2025-07-17T11:41:47","date_gmt":"2025-07-17T08:41:47","guid":{"rendered":"https:\/\/denizcankizil.tr\/uncategorized-tr\/danistaydan-bilirkisiler-icin-kritik-karar-kusur-orani-yasagi-iptal-edildi\/"},"modified":"2025-07-17T11:41:47","modified_gmt":"2025-07-17T08:41:47","slug":"danistaydan-bilirkisiler-icin-kritik-karar-kusur-orani-yasagi-iptal-edildi","status":"publish","type":"post","link":"http:\/\/denizcankizil.tr\/uk\/haberler\/gundem\/danistaydan-bilirkisiler-icin-kritik-karar-kusur-orani-yasagi-iptal-edildi\/","title":{"rendered":"Dan\u0131\u015ftay&#8217;dan bilirki\u015filer i\u00e7in kritik karar: Kusur oran\u0131 yasa\u011f\u0131 iptal edildi!"},"content":{"rendered":"<p>Dan\u0131\u015ftay, Adalet Bakanl\u0131\u011f\u0131 taraf\u0131ndan getirilen ve bilirki\u015filerin kusur oran\u0131n\u0131 belirmesini yasaklayan d\u00fczenlemeyi iptal etti. Dan\u0131\u015ftay&#8217;\u0131n iptal karar\u0131n\u0131 de\u011ferlendiren Akdeniz \u00dcniversitesi M\u00fchendislik Fak\u00fcltesi \u00d6\u011fretim \u00dcyesi Dr. Ahmet Co\u015fgun, s\u00f6z konusu yasa\u011f\u0131n bilirki\u015filik kurumunun temel g\u00f6rev alan\u0131n\u0131 s\u0131n\u0131rland\u0131rd\u0131\u011f\u0131n\u0131 belirterek &#8220;Teknik bilirki\u015filerin asli veya tali kusuru de\u011ferlendirmeden sa\u011fl\u0131kl\u0131 bir g\u00f6r\u00fc\u015f sunmas\u0131 m\u00fcmk\u00fcn de\u011fil. Bu yasak, uzman g\u00f6r\u00fc\u015f\u00fcn\u00fc zay\u0131flat\u0131yor, mahkemeye katk\u0131y\u0131 engelliyordu. Dan\u0131\u015ftay, yerinde bir kararla bu yanl\u0131\u015f\u0131 d\u00fczeltti&#8221; ifadelerini kulland\u0131.<\/p>\n<p>D\u00dcZENLEMEN\u0130N \u0130PTAL\u0130 \u0130\u00c7\u0130N DAVA A\u00c7ILDI<\/p>\n<p>Antalya Bilirki\u015filik B\u00f6lge Kurulu&#8217;na kay\u0131tl\u0131 bir makine m\u00fchendisi olan Dr. Co\u015fgun, d\u00fczenlemenin iptali i\u00e7in dava a\u00e7an isim oldu\u011funu belirtti. Co\u015fgun, &#8220;Kusur oran\u0131 belirledi\u011fimiz i\u00e7in uyar\u0131 cezas\u0131 ald\u0131k. Rehber ilkenin hukuka ayk\u0131r\u0131 oldu\u011funu d\u00fc\u015f\u00fcnerek Dan\u0131\u015ftay&#8217;a ba\u015fvurduk. Dan\u0131\u015ftay 10. Dairesi bizi hakl\u0131 buldu ve ilgili maddeyi iptal etti&#8221; \u015feklinde konu\u015ftu.<\/p>\n<p>&#8220;B\u0130L\u0130RK\u0130\u015e\u0130 HUKUK\u0130 DE\u011e\u0130L TEKN\u0130K DE\u011eERLEND\u0130RME YAPIYOR&#8221; <\/p>\n<p>Kararda, bilirki\u015filerin hukuki de\u011fil teknik de\u011ferlendirme yapt\u0131\u011f\u0131 vurguland\u0131. 6100 say\u0131l\u0131 Hukuk Muhakemeleri Kanunu ve 6754 say\u0131l\u0131 Bilirki\u015filik Kanunu&#8217;na at\u0131fta bulunularak, &#8220;Bilirki\u015finin teknik bilgiyi somut olaya uygulayarak ula\u015ft\u0131\u011f\u0131 kusurluluk de\u011ferlendirmesi, yasalarla verilen yetki kapsam\u0131ndad\u0131r. Bu nedenle s\u00f6z konusu s\u0131n\u0131rlama kanunlara ayk\u0131r\u0131d\u0131r ve iptali gereklidir&#8221; denildi.<\/p>\n<p>&#8220;T\u00dcM YARGI S\u0130STEM\u0130N\u0130 \u0130LG\u0130LEND\u0130R\u0130YOR&#8221;<\/p>\n<p>Dr. Ahmet Co\u015fgun, karar\u0131n sadece bilirki\u015fileri de\u011fil, t\u00fcm yarg\u0131 sistemini ilgilendiren bir geli\u015fme oldu\u011funu vurgulayarak: &#8220;Bilirki\u015filer art\u0131k g\u00f6r\u00fc\u015flerini sans\u00fcrlemeden ifade edebilecek. Bu da \u00f6zellikle trafik kazalar\u0131, i\u015f kazalar\u0131 ve sigorta uyu\u015fmazl\u0131klar\u0131 gibi teknik boyutu a\u011f\u0131r davalarda mahkemelerin daha sa\u011fl\u0131kl\u0131 karar vermesini sa\u011flayacak&#8221; dedi.<\/p>\n<p>Dan\u0131\u015ftay&#8217;\u0131n iptal karar\u0131yla birlikte bilirki\u015filer art\u0131k teknik bulgulara dayanarak kusur oran\u0131 belirleyebilecek. Mahkemeler ise bu raporlar\u0131 dikkate alarak karar verebilecek. B\u00f6ylece dava s\u00fcre\u00e7lerinde daha objektif, teknik a\u00e7\u0131dan g\u00fc\u00e7l\u00fc ve adil kararlar\u0131n \u00f6n\u00fc a\u00e7\u0131lm\u0131\u015f olacak.<\/p>\n<p>\u200bAdalet Bakanl\u0131\u011f\u0131&#8217;n\u0131n bilirki\u015filere kusur oran\u0131 belirlemeyi yasaklayan d\u00fczenlemesi Dan\u0131\u015ftay taraf\u0131ndan iptal edildi. Karar, \u00f6zellikle teknik i\u00e7erikli dava dosyalar\u0131nda bilirki\u015filerin i\u015flevselli\u011fini art\u0131racak \u00f6nemli bir d\u00f6n\u00fcm noktas\u0131 olarak de\u011ferlendiriliyor.\u00a0<\/p>\n<p>\u200bHaberin Al\u0131nt\u0131land\u0131\u011f\u0131 Kaynak: www.antalyakorfez.com<\/p>","protected":false},"excerpt":{"rendered":"<p>Dan\u0131\u015ftay, Adalet Bakanl\u0131\u011f\u0131 taraf\u0131ndan getirilen ve bilirki\u015filerin kusur oran\u0131n\u0131 belirmesini yasaklayan d\u00fczenlemeyi iptal etti. Dan\u0131\u015ftay&#8217;\u0131n iptal karar\u0131n\u0131 de\u011ferlendiren Akdeniz \u00dcniversitesi M\u00fchendislik Fak\u00fcltesi \u00d6\u011fretim \u00dcyesi Dr. Ahmet Co\u015fgun, s\u00f6z konusu yasa\u011f\u0131n bilirki\u015filik kurumunun temel g\u00f6rev alan\u0131n\u0131 s\u0131n\u0131rland\u0131rd\u0131\u011f\u0131n\u0131 belirterek &#8220;Teknik bilirki\u015filerin asli veya tali kusuru de\u011ferlendirmeden sa\u011fl\u0131kl\u0131 bir g\u00f6r\u00fc\u015f sunmas\u0131 m\u00fcmk\u00fcn de\u011fil. Bu yasak, uzman g\u00f6r\u00fc\u015f\u00fcn\u00fc zay\u0131flat\u0131yor, mahkemeye katk\u0131y\u0131 engelliyordu. Dan\u0131\u015ftay, yerinde bir kararla bu yanl\u0131\u015f\u0131 d\u00fczeltti&#8221; ifadelerini kulland\u0131. D\u00dcZENLEMEN\u0130N \u0130PTAL\u0130 \u0130\u00c7\u0130N DAVA A\u00c7ILDI Antalya Bilirki\u015filik B\u00f6lge Kurulu&#8217;na kay\u0131tl\u0131 bir makine m\u00fchendisi olan Dr. Co\u015fgun, d\u00fczenlemenin iptali i\u00e7in dava a\u00e7an isim oldu\u011funu belirtti. Co\u015fgun, &#8220;Kusur oran\u0131 belirledi\u011fimiz i\u00e7in uyar\u0131 cezas\u0131 ald\u0131k. Rehber ilkenin hukuka ayk\u0131r\u0131 oldu\u011funu d\u00fc\u015f\u00fcnerek Dan\u0131\u015ftay&#8217;a ba\u015fvurduk. Dan\u0131\u015ftay 10. Dairesi bizi hakl\u0131 buldu ve ilgili maddeyi iptal etti&#8221; \u015feklinde konu\u015ftu. &#8220;B\u0130L\u0130RK\u0130\u015e\u0130 HUKUK\u0130 DE\u011e\u0130L TEKN\u0130K DE\u011eERLEND\u0130RME YAPIYOR&#8221; Kararda, bilirki\u015filerin hukuki de\u011fil teknik de\u011ferlendirme yapt\u0131\u011f\u0131 vurguland\u0131. 6100 say\u0131l\u0131 Hukuk Muhakemeleri Kanunu ve 6754 say\u0131l\u0131 Bilirki\u015filik Kanunu&#8217;na at\u0131fta bulunularak, &#8220;Bilirki\u015finin teknik bilgiyi somut olaya uygulayarak ula\u015ft\u0131\u011f\u0131 kusurluluk de\u011ferlendirmesi, yasalarla verilen yetki kapsam\u0131ndad\u0131r. Bu nedenle s\u00f6z konusu s\u0131n\u0131rlama kanunlara ayk\u0131r\u0131d\u0131r ve iptali gereklidir&#8221; denildi. &#8220;T\u00dcM YARGI S\u0130STEM\u0130N\u0130 \u0130LG\u0130LEND\u0130R\u0130YOR&#8221; Dr. Ahmet Co\u015fgun, karar\u0131n sadece bilirki\u015fileri de\u011fil, t\u00fcm yarg\u0131 sistemini ilgilendiren bir geli\u015fme oldu\u011funu vurgulayarak: &#8220;Bilirki\u015filer art\u0131k g\u00f6r\u00fc\u015flerini sans\u00fcrlemeden ifade edebilecek. Bu da \u00f6zellikle trafik kazalar\u0131, &hellip;<\/p>","protected":false},"author":5,"featured_media":0,"comment_status":"","ping_status":"open","sticky":false,"template":"","format":"standard","meta":{"_acf_changed":false,"footnotes":""},"categories":[24],"tags":[],"class_list":["post-148698","post","type-post","status-publish","format-standard","has-post-thumbnail","hentry","category-gundem"],"acf":[],"yoast_head":"<!-- This site is optimized with the Yoast SEO Premium plugin v26.6 (Yoast SEO v27.1.1) - https:\/\/yoast.com\/product\/yoast-seo-premium-wordpress\/ -->\n<title>Dan\u0131\u015ftay&#039;dan bilirki\u015filer i\u00e7in kritik karar: Kusur oran\u0131 yasa\u011f\u0131 iptal edildi! - Av. Deniz Can K\u0131z\u0131l<\/title>\n<meta name=\"robots\" content=\"index, follow, max-snippet:-1, max-image-preview:large, max-video-preview:-1\" \/>\n<link rel=\"canonical\" href=\"http:\/\/denizcankizil.tr\/uk\/haberler\/gundem\/danistaydan-bilirkisiler-icin-kritik-karar-kusur-orani-yasagi-iptal-edildi\/\" \/>\n<meta property=\"og:locale\" content=\"uk_UA\" \/>\n<meta property=\"og:type\" content=\"article\" \/>\n<meta property=\"og:title\" content=\"Dan\u0131\u015ftay&#039;dan bilirki\u015filer i\u00e7in kritik karar: Kusur oran\u0131 yasa\u011f\u0131 iptal edildi!\" \/>\n<meta property=\"og:description\" content=\"Dan\u0131\u015ftay, Adalet Bakanl\u0131\u011f\u0131 taraf\u0131ndan getirilen ve bilirki\u015filerin kusur oran\u0131n\u0131 belirmesini yasaklayan d\u00fczenlemeyi iptal etti. Dan\u0131\u015ftay&#8217;\u0131n iptal karar\u0131n\u0131 de\u011ferlendiren Akdeniz \u00dcniversitesi M\u00fchendislik Fak\u00fcltesi \u00d6\u011fretim \u00dcyesi Dr. Ahmet Co\u015fgun, s\u00f6z konusu yasa\u011f\u0131n bilirki\u015filik kurumunun temel g\u00f6rev alan\u0131n\u0131 s\u0131n\u0131rland\u0131rd\u0131\u011f\u0131n\u0131 belirterek &#8220;Teknik bilirki\u015filerin asli veya tali kusuru de\u011ferlendirmeden sa\u011fl\u0131kl\u0131 bir g\u00f6r\u00fc\u015f sunmas\u0131 m\u00fcmk\u00fcn de\u011fil. Bu yasak, uzman g\u00f6r\u00fc\u015f\u00fcn\u00fc zay\u0131flat\u0131yor, mahkemeye katk\u0131y\u0131 engelliyordu. Dan\u0131\u015ftay, yerinde bir kararla bu yanl\u0131\u015f\u0131 d\u00fczeltti&#8221; ifadelerini kulland\u0131. D\u00dcZENLEMEN\u0130N \u0130PTAL\u0130 \u0130\u00c7\u0130N DAVA A\u00c7ILDI Antalya Bilirki\u015filik B\u00f6lge Kurulu&#8217;na kay\u0131tl\u0131 bir makine m\u00fchendisi olan Dr. Co\u015fgun, d\u00fczenlemenin iptali i\u00e7in dava a\u00e7an isim oldu\u011funu belirtti. Co\u015fgun, &#8220;Kusur oran\u0131 belirledi\u011fimiz i\u00e7in uyar\u0131 cezas\u0131 ald\u0131k. Rehber ilkenin hukuka ayk\u0131r\u0131 oldu\u011funu d\u00fc\u015f\u00fcnerek Dan\u0131\u015ftay&#8217;a ba\u015fvurduk. Dan\u0131\u015ftay 10. Dairesi bizi hakl\u0131 buldu ve ilgili maddeyi iptal etti&#8221; \u015feklinde konu\u015ftu. &#8220;B\u0130L\u0130RK\u0130\u015e\u0130 HUKUK\u0130 DE\u011e\u0130L TEKN\u0130K DE\u011eERLEND\u0130RME YAPIYOR&#8221; Kararda, bilirki\u015filerin hukuki de\u011fil teknik de\u011ferlendirme yapt\u0131\u011f\u0131 vurguland\u0131. 6100 say\u0131l\u0131 Hukuk Muhakemeleri Kanunu ve 6754 say\u0131l\u0131 Bilirki\u015filik Kanunu&#8217;na at\u0131fta bulunularak, &#8220;Bilirki\u015finin teknik bilgiyi somut olaya uygulayarak ula\u015ft\u0131\u011f\u0131 kusurluluk de\u011ferlendirmesi, yasalarla verilen yetki kapsam\u0131ndad\u0131r. Bu nedenle s\u00f6z konusu s\u0131n\u0131rlama kanunlara ayk\u0131r\u0131d\u0131r ve iptali gereklidir&#8221; denildi. &#8220;T\u00dcM YARGI S\u0130STEM\u0130N\u0130 \u0130LG\u0130LEND\u0130R\u0130YOR&#8221; Dr. Ahmet Co\u015fgun, karar\u0131n sadece bilirki\u015fileri de\u011fil, t\u00fcm yarg\u0131 sistemini ilgilendiren bir geli\u015fme oldu\u011funu vurgulayarak: &#8220;Bilirki\u015filer art\u0131k g\u00f6r\u00fc\u015flerini sans\u00fcrlemeden ifade edebilecek. Bu da \u00f6zellikle trafik kazalar\u0131, &hellip;\" \/>\n<meta property=\"og:url\" content=\"http:\/\/denizcankizil.tr\/uk\/haberler\/gundem\/danistaydan-bilirkisiler-icin-kritik-karar-kusur-orani-yasagi-iptal-edildi\/\" \/>\n<meta property=\"og:site_name\" content=\"Av. Deniz Can K\u0131z\u0131l\" \/>\n<meta property=\"article:published_time\" content=\"2025-07-17T08:41:47+00:00\" \/>\n<meta name=\"author\" content=\"Antalya K\u00f6rfez\" \/>\n<meta name=\"twitter:card\" content=\"summary_large_image\" \/>\n<meta name=\"twitter:label1\" content=\"\u041d\u0430\u043f\u0438\u0441\u0430\u043d\u043e\" \/>\n\t<meta name=\"twitter:data1\" content=\"Antalya K\u00f6rfez\" \/>\n\t<meta name=\"twitter:label2\" content=\"\u041f\u0440\u0438\u0431\u043b. \u0447\u0430\u0441 \u0447\u0438\u0442\u0430\u043d\u043d\u044f\" \/>\n\t<meta name=\"twitter:data2\" content=\"2 \u0445\u0432\u0438\u043b\u0438\u043d\u0438\" \/>\n<script type=\"application\/ld+json\" class=\"yoast-schema-graph\">{\"@context\":\"https:\/\/schema.org\",\"@graph\":[{\"@type\":\"Article\",\"@id\":\"http:\/\/denizcankizil.tr\/uk\/haberler\/gundem\/danistaydan-bilirkisiler-icin-kritik-karar-kusur-orani-yasagi-iptal-edildi\/#article\",\"isPartOf\":{\"@id\":\"http:\/\/denizcankizil.tr\/uk\/haberler\/gundem\/danistaydan-bilirkisiler-icin-kritik-karar-kusur-orani-yasagi-iptal-edildi\/\"},\"author\":{\"name\":\"Antalya K\u00f6rfez\",\"@id\":\"https:\/\/denizcankizil.tr\/#\/schema\/person\/e1eb71bb4dd684d46563f0af307e1234\"},\"headline\":\"Dan\u0131\u015ftay&#8217;dan bilirki\u015filer i\u00e7in kritik karar: Kusur oran\u0131 yasa\u011f\u0131 iptal edildi!\",\"datePublished\":\"2025-07-17T08:41:47+00:00\",\"mainEntityOfPage\":{\"@id\":\"http:\/\/denizcankizil.tr\/uk\/haberler\/gundem\/danistaydan-bilirkisiler-icin-kritik-karar-kusur-orani-yasagi-iptal-edildi\/\"},\"wordCount\":434,\"publisher\":{\"@id\":\"https:\/\/denizcankizil.tr\/#organization\"},\"articleSection\":[\"G\u00fcndem\"],\"inLanguage\":\"uk\"},{\"@type\":\"WebPage\",\"@id\":\"http:\/\/denizcankizil.tr\/uk\/haberler\/gundem\/danistaydan-bilirkisiler-icin-kritik-karar-kusur-orani-yasagi-iptal-edildi\/\",\"url\":\"http:\/\/denizcankizil.tr\/uk\/haberler\/gundem\/danistaydan-bilirkisiler-icin-kritik-karar-kusur-orani-yasagi-iptal-edildi\/\",\"name\":\"Dan\u0131\u015ftay'dan bilirki\u015filer i\u00e7in kritik karar: Kusur oran\u0131 yasa\u011f\u0131 iptal edildi! - Av. Deniz Can K\u0131z\u0131l\",\"isPartOf\":{\"@id\":\"https:\/\/denizcankizil.tr\/#website\"},\"datePublished\":\"2025-07-17T08:41:47+00:00\",\"breadcrumb\":{\"@id\":\"http:\/\/denizcankizil.tr\/uk\/haberler\/gundem\/danistaydan-bilirkisiler-icin-kritik-karar-kusur-orani-yasagi-iptal-edildi\/#breadcrumb\"},\"inLanguage\":\"uk\",\"potentialAction\":[{\"@type\":\"ReadAction\",\"target\":[\"http:\/\/denizcankizil.tr\/uk\/haberler\/gundem\/danistaydan-bilirkisiler-icin-kritik-karar-kusur-orani-yasagi-iptal-edildi\/\"]}]},{\"@type\":\"BreadcrumbList\",\"@id\":\"http:\/\/denizcankizil.tr\/uk\/haberler\/gundem\/danistaydan-bilirkisiler-icin-kritik-karar-kusur-orani-yasagi-iptal-edildi\/#breadcrumb\",\"itemListElement\":[{\"@type\":\"ListItem\",\"position\":1,\"name\":\"Home\",\"item\":\"https:\/\/denizcankizil.tr\/uk\/\"},{\"@type\":\"ListItem\",\"position\":2,\"name\":\"Dan\u0131\u015ftay&#8217;dan bilirki\u015filer i\u00e7in kritik karar: Kusur oran\u0131 yasa\u011f\u0131 iptal edildi!\"}]},{\"@type\":\"WebSite\",\"@id\":\"https:\/\/denizcankizil.tr\/#website\",\"url\":\"https:\/\/denizcankizil.tr\/\",\"name\":\"Av. Deniz Can K\u0131z\u0131l\",\"description\":\"Avukat Deniz Can K\u0131z\u0131l Antalya Barosu\",\"publisher\":{\"@id\":\"https:\/\/denizcankizil.tr\/#organization\"},\"potentialAction\":[{\"@type\":\"SearchAction\",\"target\":{\"@type\":\"EntryPoint\",\"urlTemplate\":\"https:\/\/denizcankizil.tr\/?s={search_term_string}\"},\"query-input\":{\"@type\":\"PropertyValueSpecification\",\"valueRequired\":true,\"valueName\":\"search_term_string\"}}],\"inLanguage\":\"uk\"},{\"@type\":\"Organization\",\"@id\":\"https:\/\/denizcankizil.tr\/#organization\",\"name\":\"Av. Deniz Can K\u0131z\u0131l\",\"url\":\"https:\/\/denizcankizil.tr\/\",\"logo\":{\"@type\":\"ImageObject\",\"inLanguage\":\"uk\",\"@id\":\"https:\/\/denizcankizil.tr\/#\/schema\/logo\/image\/\",\"url\":\"http:\/\/denizcankizil.tr\/wp-content\/uploads\/2024\/10\/siyah-logo-svg.svg\",\"contentUrl\":\"http:\/\/denizcankizil.tr\/wp-content\/uploads\/2024\/10\/siyah-logo-svg.svg\",\"width\":1080,\"height\":1080,\"caption\":\"Av. Deniz Can K\u0131z\u0131l\"},\"image\":{\"@id\":\"https:\/\/denizcankizil.tr\/#\/schema\/logo\/image\/\"}},{\"@type\":\"Person\",\"@id\":\"https:\/\/denizcankizil.tr\/#\/schema\/person\/e1eb71bb4dd684d46563f0af307e1234\",\"name\":\"Antalya K\u00f6rfez\",\"image\":{\"@type\":\"ImageObject\",\"inLanguage\":\"uk\",\"@id\":\"https:\/\/denizcankizil.tr\/#\/schema\/person\/image\/\",\"url\":\"https:\/\/secure.gravatar.com\/avatar\/42b01982558a48a0b501fdcab6a408d3717ea5919095ee2e67b0e521799c5905?s=96&d=mm&r=g\",\"contentUrl\":\"https:\/\/secure.gravatar.com\/avatar\/42b01982558a48a0b501fdcab6a408d3717ea5919095ee2e67b0e521799c5905?s=96&d=mm&r=g\",\"caption\":\"Antalya K\u00f6rfez\"},\"sameAs\":[\"http:\/\/www.antalyakorfez.com\"],\"url\":\"https:\/\/www.antalyakorfez.com\/danistaydan-bilirkisiler-icin-kritik-karar-kusur-orani-yasagi-iptal-edildi\"}]}<\/script>\n<!-- \/ Yoast SEO Premium plugin. -->","yoast_head_json":{"title":"Dan\u0131\u015ftay'dan bilirki\u015filer i\u00e7in kritik karar: Kusur oran\u0131 yasa\u011f\u0131 iptal edildi! - Av. Deniz Can K\u0131z\u0131l","robots":{"index":"index","follow":"follow","max-snippet":"max-snippet:-1","max-image-preview":"max-image-preview:large","max-video-preview":"max-video-preview:-1"},"canonical":"http:\/\/denizcankizil.tr\/uk\/haberler\/gundem\/danistaydan-bilirkisiler-icin-kritik-karar-kusur-orani-yasagi-iptal-edildi\/","og_locale":"uk_UA","og_type":"article","og_title":"Dan\u0131\u015ftay'dan bilirki\u015filer i\u00e7in kritik karar: Kusur oran\u0131 yasa\u011f\u0131 iptal edildi!","og_description":"Dan\u0131\u015ftay, Adalet Bakanl\u0131\u011f\u0131 taraf\u0131ndan getirilen ve bilirki\u015filerin kusur oran\u0131n\u0131 belirmesini yasaklayan d\u00fczenlemeyi iptal etti. Dan\u0131\u015ftay&#8217;\u0131n iptal karar\u0131n\u0131 de\u011ferlendiren Akdeniz \u00dcniversitesi M\u00fchendislik Fak\u00fcltesi \u00d6\u011fretim \u00dcyesi Dr. Ahmet Co\u015fgun, s\u00f6z konusu yasa\u011f\u0131n bilirki\u015filik kurumunun temel g\u00f6rev alan\u0131n\u0131 s\u0131n\u0131rland\u0131rd\u0131\u011f\u0131n\u0131 belirterek &#8220;Teknik bilirki\u015filerin asli veya tali kusuru de\u011ferlendirmeden sa\u011fl\u0131kl\u0131 bir g\u00f6r\u00fc\u015f sunmas\u0131 m\u00fcmk\u00fcn de\u011fil. Bu yasak, uzman g\u00f6r\u00fc\u015f\u00fcn\u00fc zay\u0131flat\u0131yor, mahkemeye katk\u0131y\u0131 engelliyordu. Dan\u0131\u015ftay, yerinde bir kararla bu yanl\u0131\u015f\u0131 d\u00fczeltti&#8221; ifadelerini kulland\u0131. D\u00dcZENLEMEN\u0130N \u0130PTAL\u0130 \u0130\u00c7\u0130N DAVA A\u00c7ILDI Antalya Bilirki\u015filik B\u00f6lge Kurulu&#8217;na kay\u0131tl\u0131 bir makine m\u00fchendisi olan Dr. Co\u015fgun, d\u00fczenlemenin iptali i\u00e7in dava a\u00e7an isim oldu\u011funu belirtti. Co\u015fgun, &#8220;Kusur oran\u0131 belirledi\u011fimiz i\u00e7in uyar\u0131 cezas\u0131 ald\u0131k. Rehber ilkenin hukuka ayk\u0131r\u0131 oldu\u011funu d\u00fc\u015f\u00fcnerek Dan\u0131\u015ftay&#8217;a ba\u015fvurduk. Dan\u0131\u015ftay 10. Dairesi bizi hakl\u0131 buldu ve ilgili maddeyi iptal etti&#8221; \u015feklinde konu\u015ftu. &#8220;B\u0130L\u0130RK\u0130\u015e\u0130 HUKUK\u0130 DE\u011e\u0130L TEKN\u0130K DE\u011eERLEND\u0130RME YAPIYOR&#8221; Kararda, bilirki\u015filerin hukuki de\u011fil teknik de\u011ferlendirme yapt\u0131\u011f\u0131 vurguland\u0131. 6100 say\u0131l\u0131 Hukuk Muhakemeleri Kanunu ve 6754 say\u0131l\u0131 Bilirki\u015filik Kanunu&#8217;na at\u0131fta bulunularak, &#8220;Bilirki\u015finin teknik bilgiyi somut olaya uygulayarak ula\u015ft\u0131\u011f\u0131 kusurluluk de\u011ferlendirmesi, yasalarla verilen yetki kapsam\u0131ndad\u0131r. Bu nedenle s\u00f6z konusu s\u0131n\u0131rlama kanunlara ayk\u0131r\u0131d\u0131r ve iptali gereklidir&#8221; denildi. &#8220;T\u00dcM YARGI S\u0130STEM\u0130N\u0130 \u0130LG\u0130LEND\u0130R\u0130YOR&#8221; Dr. Ahmet Co\u015fgun, karar\u0131n sadece bilirki\u015fileri de\u011fil, t\u00fcm yarg\u0131 sistemini ilgilendiren bir geli\u015fme oldu\u011funu vurgulayarak: &#8220;Bilirki\u015filer art\u0131k g\u00f6r\u00fc\u015flerini sans\u00fcrlemeden ifade edebilecek. Bu da \u00f6zellikle trafik kazalar\u0131, &hellip;","og_url":"http:\/\/denizcankizil.tr\/uk\/haberler\/gundem\/danistaydan-bilirkisiler-icin-kritik-karar-kusur-orani-yasagi-iptal-edildi\/","og_site_name":"Av. Deniz Can K\u0131z\u0131l","article_published_time":"2025-07-17T08:41:47+00:00","author":"Antalya K\u00f6rfez","twitter_card":"summary_large_image","twitter_misc":{"\u041d\u0430\u043f\u0438\u0441\u0430\u043d\u043e":"Antalya K\u00f6rfez","\u041f\u0440\u0438\u0431\u043b. \u0447\u0430\u0441 \u0447\u0438\u0442\u0430\u043d\u043d\u044f":"2 \u0445\u0432\u0438\u043b\u0438\u043d\u0438"},"schema":{"@context":"https:\/\/schema.org","@graph":[{"@type":"Article","@id":"http:\/\/denizcankizil.tr\/uk\/haberler\/gundem\/danistaydan-bilirkisiler-icin-kritik-karar-kusur-orani-yasagi-iptal-edildi\/#article","isPartOf":{"@id":"http:\/\/denizcankizil.tr\/uk\/haberler\/gundem\/danistaydan-bilirkisiler-icin-kritik-karar-kusur-orani-yasagi-iptal-edildi\/"},"author":{"name":"Antalya K\u00f6rfez","@id":"https:\/\/denizcankizil.tr\/#\/schema\/person\/e1eb71bb4dd684d46563f0af307e1234"},"headline":"Dan\u0131\u015ftay&#8217;dan bilirki\u015filer i\u00e7in kritik karar: Kusur oran\u0131 yasa\u011f\u0131 iptal edildi!","datePublished":"2025-07-17T08:41:47+00:00","mainEntityOfPage":{"@id":"http:\/\/denizcankizil.tr\/uk\/haberler\/gundem\/danistaydan-bilirkisiler-icin-kritik-karar-kusur-orani-yasagi-iptal-edildi\/"},"wordCount":434,"publisher":{"@id":"https:\/\/denizcankizil.tr\/#organization"},"articleSection":["G\u00fcndem"],"inLanguage":"uk"},{"@type":"WebPage","@id":"http:\/\/denizcankizil.tr\/uk\/haberler\/gundem\/danistaydan-bilirkisiler-icin-kritik-karar-kusur-orani-yasagi-iptal-edildi\/","url":"http:\/\/denizcankizil.tr\/uk\/haberler\/gundem\/danistaydan-bilirkisiler-icin-kritik-karar-kusur-orani-yasagi-iptal-edildi\/","name":"Dan\u0131\u015ftay'dan bilirki\u015filer i\u00e7in kritik karar: Kusur oran\u0131 yasa\u011f\u0131 iptal edildi! - Av. Deniz Can K\u0131z\u0131l","isPartOf":{"@id":"https:\/\/denizcankizil.tr\/#website"},"datePublished":"2025-07-17T08:41:47+00:00","breadcrumb":{"@id":"http:\/\/denizcankizil.tr\/uk\/haberler\/gundem\/danistaydan-bilirkisiler-icin-kritik-karar-kusur-orani-yasagi-iptal-edildi\/#breadcrumb"},"inLanguage":"uk","potentialAction":[{"@type":"ReadAction","target":["http:\/\/denizcankizil.tr\/uk\/haberler\/gundem\/danistaydan-bilirkisiler-icin-kritik-karar-kusur-orani-yasagi-iptal-edildi\/"]}]},{"@type":"BreadcrumbList","@id":"http:\/\/denizcankizil.tr\/uk\/haberler\/gundem\/danistaydan-bilirkisiler-icin-kritik-karar-kusur-orani-yasagi-iptal-edildi\/#breadcrumb","itemListElement":[{"@type":"ListItem","position":1,"name":"Home","item":"https:\/\/denizcankizil.tr\/uk\/"},{"@type":"ListItem","position":2,"name":"Dan\u0131\u015ftay&#8217;dan bilirki\u015filer i\u00e7in kritik karar: Kusur oran\u0131 yasa\u011f\u0131 iptal edildi!"}]},{"@type":"WebSite","@id":"https:\/\/denizcankizil.tr\/#website","url":"https:\/\/denizcankizil.tr\/","name":"Av. Deniz Can K\u0131z\u0131l","description":"Avukat Deniz Can K\u0131z\u0131l Antalya Barosu","publisher":{"@id":"https:\/\/denizcankizil.tr\/#organization"},"potentialAction":[{"@type":"SearchAction","target":{"@type":"EntryPoint","urlTemplate":"https:\/\/denizcankizil.tr\/?s={search_term_string}"},"query-input":{"@type":"PropertyValueSpecification","valueRequired":true,"valueName":"search_term_string"}}],"inLanguage":"uk"},{"@type":"Organization","@id":"https:\/\/denizcankizil.tr\/#organization","name":"Av. Deniz Can K\u0131z\u0131l","url":"https:\/\/denizcankizil.tr\/","logo":{"@type":"ImageObject","inLanguage":"uk","@id":"https:\/\/denizcankizil.tr\/#\/schema\/logo\/image\/","url":"http:\/\/denizcankizil.tr\/wp-content\/uploads\/2024\/10\/siyah-logo-svg.svg","contentUrl":"http:\/\/denizcankizil.tr\/wp-content\/uploads\/2024\/10\/siyah-logo-svg.svg","width":1080,"height":1080,"caption":"Av. Deniz Can K\u0131z\u0131l"},"image":{"@id":"https:\/\/denizcankizil.tr\/#\/schema\/logo\/image\/"}},{"@type":"Person","@id":"https:\/\/denizcankizil.tr\/#\/schema\/person\/e1eb71bb4dd684d46563f0af307e1234","name":"Antalya K\u00f6rfez","image":{"@type":"ImageObject","inLanguage":"uk","@id":"https:\/\/denizcankizil.tr\/#\/schema\/person\/image\/","url":"https:\/\/secure.gravatar.com\/avatar\/42b01982558a48a0b501fdcab6a408d3717ea5919095ee2e67b0e521799c5905?s=96&d=mm&r=g","contentUrl":"https:\/\/secure.gravatar.com\/avatar\/42b01982558a48a0b501fdcab6a408d3717ea5919095ee2e67b0e521799c5905?s=96&d=mm&r=g","caption":"Antalya K\u00f6rfez"},"sameAs":["http:\/\/www.antalyakorfez.com"],"url":"https:\/\/www.antalyakorfez.com\/danistaydan-bilirkisiler-icin-kritik-karar-kusur-orani-yasagi-iptal-edildi"}]}},"_links":{"self":[{"href":"http:\/\/denizcankizil.tr\/uk\/wp-json\/wp\/v2\/posts\/148698","targetHints":{"allow":["GET"]}}],"collection":[{"href":"http:\/\/denizcankizil.tr\/uk\/wp-json\/wp\/v2\/posts"}],"about":[{"href":"http:\/\/denizcankizil.tr\/uk\/wp-json\/wp\/v2\/types\/post"}],"author":[{"embeddable":true,"href":"http:\/\/denizcankizil.tr\/uk\/wp-json\/wp\/v2\/users\/5"}],"replies":[{"embeddable":true,"href":"http:\/\/denizcankizil.tr\/uk\/wp-json\/wp\/v2\/comments?post=148698"}],"version-history":[{"count":0,"href":"http:\/\/denizcankizil.tr\/uk\/wp-json\/wp\/v2\/posts\/148698\/revisions"}],"wp:attachment":[{"href":"http:\/\/denizcankizil.tr\/uk\/wp-json\/wp\/v2\/media?parent=148698"}],"wp:term":[{"taxonomy":"category","embeddable":true,"href":"http:\/\/denizcankizil.tr\/uk\/wp-json\/wp\/v2\/categories?post=148698"},{"taxonomy":"post_tag","embeddable":true,"href":"http:\/\/denizcankizil.tr\/uk\/wp-json\/wp\/v2\/tags?post=148698"}],"curies":[{"name":"wp","href":"https:\/\/api.w.org\/{rel}","templated":true}]}}