{"id":148139,"date":"2025-07-16T21:41:18","date_gmt":"2025-07-16T18:41:18","guid":{"rendered":"https:\/\/denizcankizil.tr\/uncategorized-tr\/vahap-secer-tbb-baskanvekili-oldu\/"},"modified":"2025-07-16T21:41:18","modified_gmt":"2025-07-16T18:41:18","slug":"vahap-secer-tbb-baskanvekili-oldu","status":"publish","type":"post","link":"http:\/\/denizcankizil.tr\/uk\/haberler\/gundem\/vahap-secer-tbb-baskanvekili-oldu\/","title":{"rendered":"Vahap Se\u00e7er, TBB Ba\u015fkanvekili oldu"},"content":{"rendered":"<p>Mersin B\u00fcy\u00fck\u015fehir Belediye Ba\u015fkan\u0131 Vahap Se\u00e7er, T\u00fcrkiye Belediyeler Birli\u011fi (TBB) Meclisi ba\u015fkanvekilli\u011fi se\u00e7imini kazanarak TBB Ba\u015fkanvekili oldu. Se\u00e7im, Ankara&#8217;da TBB Meclisi&#8217;nin toplanmas\u0131yla ger\u00e7ekle\u015fti.<\/p>\n<p>BA\u015eKANVEK\u0130LL\u0130\u011e\u0130 YARI\u015eI VE SE\u00c7\u0130M S\u00dcREC\u0130<\/p>\n<p>Ba\u015fkanvekilli\u011fi i\u00e7in Mersin B\u00fcy\u00fck\u015fehir Belediye Ba\u015fkan\u0131 Vahap Se\u00e7er ile Trabzon B\u00fcy\u00fck\u015fehir Belediye Ba\u015fkan\u0131 Ahmet Metin Gen\u00e7 yar\u0131\u015ft\u0131. \u0130lk iki turda gerekli olan \u00fc\u00e7te iki \u00e7o\u011funluk sa\u011flanamad\u0131. \u00dc\u00e7\u00fcnc\u00fc turda ise salt \u00e7o\u011funluk yeter say\u0131s\u0131 olan 433 oy a\u015f\u0131ld\u0131.<\/p>\n<p>OY SONU\u00c7LARI VE SE\u00c7\u0130M\u0130N KAZANANI<\/p>\n<p>\u00dc\u00e7\u00fcnc\u00fc turda Vahap Se\u00e7er 453 oy alarak T\u00fcrkiye Belediyeler Birli\u011fi Ba\u015fkanvekili se\u00e7ilirken, di\u011fer aday Ahmet Metin Gen\u00e7 199 oyda kald\u0131. Bu sonu\u00e7la Vahap Se\u00e7er, TBB&#8217;nin yeni ba\u015fkanvekili oldu.<\/p>\n<p>\u200bMersin B\u00fcy\u00fck\u015fehir Belediye Ba\u015fkan\u0131 Vahap Se\u00e7er, T\u00fcrkiye Belediyeler Birli\u011fi (TBB) Meclisi ba\u015fkanvekilli\u011fi se\u00e7iminde 453 oy alarak TBB Ba\u015fkanvekili oldu.\u00a0<\/p>\n<p>\u200bHaberin Al\u0131nt\u0131land\u0131\u011f\u0131 Kaynak: www.antalyakorfez.com<\/p>","protected":false},"excerpt":{"rendered":"<p>Mersin B\u00fcy\u00fck\u015fehir Belediye Ba\u015fkan\u0131 Vahap Se\u00e7er, T\u00fcrkiye Belediyeler Birli\u011fi (TBB) Meclisi ba\u015fkanvekilli\u011fi se\u00e7imini kazanarak TBB Ba\u015fkanvekili oldu. Se\u00e7im, Ankara&#8217;da TBB Meclisi&#8217;nin toplanmas\u0131yla ger\u00e7ekle\u015fti. BA\u015eKANVEK\u0130LL\u0130\u011e\u0130 YARI\u015eI VE SE\u00c7\u0130M S\u00dcREC\u0130 Ba\u015fkanvekilli\u011fi i\u00e7in Mersin B\u00fcy\u00fck\u015fehir Belediye Ba\u015fkan\u0131 Vahap Se\u00e7er ile Trabzon B\u00fcy\u00fck\u015fehir Belediye Ba\u015fkan\u0131 Ahmet Metin Gen\u00e7 yar\u0131\u015ft\u0131. \u0130lk iki turda gerekli olan \u00fc\u00e7te iki \u00e7o\u011funluk sa\u011flanamad\u0131. \u00dc\u00e7\u00fcnc\u00fc turda ise salt \u00e7o\u011funluk yeter say\u0131s\u0131 olan 433 oy a\u015f\u0131ld\u0131. OY SONU\u00c7LARI VE SE\u00c7\u0130M\u0130N KAZANANI \u00dc\u00e7\u00fcnc\u00fc turda Vahap Se\u00e7er 453 oy alarak T\u00fcrkiye Belediyeler Birli\u011fi Ba\u015fkanvekili se\u00e7ilirken, di\u011fer aday Ahmet Metin Gen\u00e7 199 oyda kald\u0131. Bu sonu\u00e7la Vahap Se\u00e7er, TBB&#8217;nin yeni ba\u015fkanvekili oldu. \u200bMersin B\u00fcy\u00fck\u015fehir Belediye Ba\u015fkan\u0131 Vahap Se\u00e7er, T\u00fcrkiye Belediyeler Birli\u011fi (TBB) Meclisi ba\u015fkanvekilli\u011fi se\u00e7iminde 453 oy alarak TBB Ba\u015fkanvekili oldu.\u00a0 \u200bHaberin Al\u0131nt\u0131land\u0131\u011f\u0131 Kaynak: www.antalyakorfez.com<\/p>","protected":false},"author":5,"featured_media":0,"comment_status":"","ping_status":"open","sticky":false,"template":"","format":"standard","meta":{"_acf_changed":false,"footnotes":""},"categories":[24],"tags":[],"class_list":["post-148139","post","type-post","status-publish","format-standard","has-post-thumbnail","hentry","category-gundem"],"acf":[],"yoast_head":"<!-- This site is optimized with the Yoast SEO Premium plugin v26.6 (Yoast SEO v27.1.1) - https:\/\/yoast.com\/product\/yoast-seo-premium-wordpress\/ -->\n<title>Vahap Se\u00e7er, TBB Ba\u015fkanvekili oldu - Av. Deniz Can K\u0131z\u0131l<\/title>\n<meta name=\"robots\" content=\"index, follow, max-snippet:-1, max-image-preview:large, max-video-preview:-1\" \/>\n<link rel=\"canonical\" href=\"http:\/\/denizcankizil.tr\/uk\/haberler\/gundem\/vahap-secer-tbb-baskanvekili-oldu\/\" \/>\n<meta property=\"og:locale\" content=\"uk_UA\" \/>\n<meta property=\"og:type\" content=\"article\" \/>\n<meta property=\"og:title\" content=\"Vahap Se\u00e7er, TBB Ba\u015fkanvekili oldu\" \/>\n<meta property=\"og:description\" content=\"Mersin B\u00fcy\u00fck\u015fehir Belediye Ba\u015fkan\u0131 Vahap Se\u00e7er, T\u00fcrkiye Belediyeler Birli\u011fi (TBB) Meclisi ba\u015fkanvekilli\u011fi se\u00e7imini kazanarak TBB Ba\u015fkanvekili oldu. Se\u00e7im, Ankara&#8217;da TBB Meclisi&#8217;nin toplanmas\u0131yla ger\u00e7ekle\u015fti. BA\u015eKANVEK\u0130LL\u0130\u011e\u0130 YARI\u015eI VE SE\u00c7\u0130M S\u00dcREC\u0130 Ba\u015fkanvekilli\u011fi i\u00e7in Mersin B\u00fcy\u00fck\u015fehir Belediye Ba\u015fkan\u0131 Vahap Se\u00e7er ile Trabzon B\u00fcy\u00fck\u015fehir Belediye Ba\u015fkan\u0131 Ahmet Metin Gen\u00e7 yar\u0131\u015ft\u0131. \u0130lk iki turda gerekli olan \u00fc\u00e7te iki \u00e7o\u011funluk sa\u011flanamad\u0131. \u00dc\u00e7\u00fcnc\u00fc turda ise salt \u00e7o\u011funluk yeter say\u0131s\u0131 olan 433 oy a\u015f\u0131ld\u0131. OY SONU\u00c7LARI VE SE\u00c7\u0130M\u0130N KAZANANI \u00dc\u00e7\u00fcnc\u00fc turda Vahap Se\u00e7er 453 oy alarak T\u00fcrkiye Belediyeler Birli\u011fi Ba\u015fkanvekili se\u00e7ilirken, di\u011fer aday Ahmet Metin Gen\u00e7 199 oyda kald\u0131. Bu sonu\u00e7la Vahap Se\u00e7er, TBB&#8217;nin yeni ba\u015fkanvekili oldu. \u200bMersin B\u00fcy\u00fck\u015fehir Belediye Ba\u015fkan\u0131 Vahap Se\u00e7er, T\u00fcrkiye Belediyeler Birli\u011fi (TBB) Meclisi ba\u015fkanvekilli\u011fi se\u00e7iminde 453 oy alarak TBB Ba\u015fkanvekili oldu.\u00a0 \u200bHaberin Al\u0131nt\u0131land\u0131\u011f\u0131 Kaynak: www.antalyakorfez.com\" \/>\n<meta property=\"og:url\" content=\"http:\/\/denizcankizil.tr\/uk\/haberler\/gundem\/vahap-secer-tbb-baskanvekili-oldu\/\" \/>\n<meta property=\"og:site_name\" content=\"Av. Deniz Can K\u0131z\u0131l\" \/>\n<meta property=\"article:published_time\" content=\"2025-07-16T18:41:18+00:00\" \/>\n<meta name=\"author\" content=\"Antalya K\u00f6rfez\" \/>\n<meta name=\"twitter:card\" content=\"summary_large_image\" \/>\n<meta name=\"twitter:label1\" content=\"\u041d\u0430\u043f\u0438\u0441\u0430\u043d\u043e\" \/>\n\t<meta name=\"twitter:data1\" content=\"Antalya K\u00f6rfez\" \/>\n\t<meta name=\"twitter:label2\" content=\"\u041f\u0440\u0438\u0431\u043b. \u0447\u0430\u0441 \u0447\u0438\u0442\u0430\u043d\u043d\u044f\" \/>\n\t<meta name=\"twitter:data2\" content=\"1 \u0445\u0432\u0438\u043b\u0438\u043d\u0430\" \/>\n<script type=\"application\/ld+json\" class=\"yoast-schema-graph\">{\"@context\":\"https:\/\/schema.org\",\"@graph\":[{\"@type\":\"Article\",\"@id\":\"http:\/\/denizcankizil.tr\/uk\/haberler\/gundem\/vahap-secer-tbb-baskanvekili-oldu\/#article\",\"isPartOf\":{\"@id\":\"http:\/\/denizcankizil.tr\/uk\/haberler\/gundem\/vahap-secer-tbb-baskanvekili-oldu\/\"},\"author\":{\"name\":\"Antalya K\u00f6rfez\",\"@id\":\"https:\/\/denizcankizil.tr\/#\/schema\/person\/e1eb71bb4dd684d46563f0af307e1234\"},\"headline\":\"Vahap Se\u00e7er, TBB Ba\u015fkanvekili oldu\",\"datePublished\":\"2025-07-16T18:41:18+00:00\",\"mainEntityOfPage\":{\"@id\":\"http:\/\/denizcankizil.tr\/uk\/haberler\/gundem\/vahap-secer-tbb-baskanvekili-oldu\/\"},\"wordCount\":192,\"publisher\":{\"@id\":\"https:\/\/denizcankizil.tr\/#organization\"},\"articleSection\":[\"G\u00fcndem\"],\"inLanguage\":\"uk\"},{\"@type\":\"WebPage\",\"@id\":\"http:\/\/denizcankizil.tr\/uk\/haberler\/gundem\/vahap-secer-tbb-baskanvekili-oldu\/\",\"url\":\"http:\/\/denizcankizil.tr\/uk\/haberler\/gundem\/vahap-secer-tbb-baskanvekili-oldu\/\",\"name\":\"Vahap Se\u00e7er, TBB Ba\u015fkanvekili oldu - Av. Deniz Can K\u0131z\u0131l\",\"isPartOf\":{\"@id\":\"https:\/\/denizcankizil.tr\/#website\"},\"datePublished\":\"2025-07-16T18:41:18+00:00\",\"breadcrumb\":{\"@id\":\"http:\/\/denizcankizil.tr\/uk\/haberler\/gundem\/vahap-secer-tbb-baskanvekili-oldu\/#breadcrumb\"},\"inLanguage\":\"uk\",\"potentialAction\":[{\"@type\":\"ReadAction\",\"target\":[\"http:\/\/denizcankizil.tr\/uk\/haberler\/gundem\/vahap-secer-tbb-baskanvekili-oldu\/\"]}]},{\"@type\":\"BreadcrumbList\",\"@id\":\"http:\/\/denizcankizil.tr\/uk\/haberler\/gundem\/vahap-secer-tbb-baskanvekili-oldu\/#breadcrumb\",\"itemListElement\":[{\"@type\":\"ListItem\",\"position\":1,\"name\":\"Home\",\"item\":\"https:\/\/denizcankizil.tr\/uk\/\"},{\"@type\":\"ListItem\",\"position\":2,\"name\":\"Vahap Se\u00e7er, TBB Ba\u015fkanvekili oldu\"}]},{\"@type\":\"WebSite\",\"@id\":\"https:\/\/denizcankizil.tr\/#website\",\"url\":\"https:\/\/denizcankizil.tr\/\",\"name\":\"Av. Deniz Can K\u0131z\u0131l\",\"description\":\"Avukat Deniz Can K\u0131z\u0131l Antalya Barosu\",\"publisher\":{\"@id\":\"https:\/\/denizcankizil.tr\/#organization\"},\"potentialAction\":[{\"@type\":\"SearchAction\",\"target\":{\"@type\":\"EntryPoint\",\"urlTemplate\":\"https:\/\/denizcankizil.tr\/?s={search_term_string}\"},\"query-input\":{\"@type\":\"PropertyValueSpecification\",\"valueRequired\":true,\"valueName\":\"search_term_string\"}}],\"inLanguage\":\"uk\"},{\"@type\":\"Organization\",\"@id\":\"https:\/\/denizcankizil.tr\/#organization\",\"name\":\"Av. Deniz Can K\u0131z\u0131l\",\"url\":\"https:\/\/denizcankizil.tr\/\",\"logo\":{\"@type\":\"ImageObject\",\"inLanguage\":\"uk\",\"@id\":\"https:\/\/denizcankizil.tr\/#\/schema\/logo\/image\/\",\"url\":\"http:\/\/denizcankizil.tr\/wp-content\/uploads\/2024\/10\/siyah-logo-svg.svg\",\"contentUrl\":\"http:\/\/denizcankizil.tr\/wp-content\/uploads\/2024\/10\/siyah-logo-svg.svg\",\"width\":1080,\"height\":1080,\"caption\":\"Av. Deniz Can K\u0131z\u0131l\"},\"image\":{\"@id\":\"https:\/\/denizcankizil.tr\/#\/schema\/logo\/image\/\"}},{\"@type\":\"Person\",\"@id\":\"https:\/\/denizcankizil.tr\/#\/schema\/person\/e1eb71bb4dd684d46563f0af307e1234\",\"name\":\"Antalya K\u00f6rfez\",\"image\":{\"@type\":\"ImageObject\",\"inLanguage\":\"uk\",\"@id\":\"https:\/\/denizcankizil.tr\/#\/schema\/person\/image\/\",\"url\":\"https:\/\/secure.gravatar.com\/avatar\/42b01982558a48a0b501fdcab6a408d3717ea5919095ee2e67b0e521799c5905?s=96&d=mm&r=g\",\"contentUrl\":\"https:\/\/secure.gravatar.com\/avatar\/42b01982558a48a0b501fdcab6a408d3717ea5919095ee2e67b0e521799c5905?s=96&d=mm&r=g\",\"caption\":\"Antalya K\u00f6rfez\"},\"sameAs\":[\"http:\/\/www.antalyakorfez.com\"],\"url\":\"https:\/\/www.antalyakorfez.com\/vahap-secer-tbb-baskanvekili-oldu\"}]}<\/script>\n<!-- \/ Yoast SEO Premium plugin. -->","yoast_head_json":{"title":"Vahap Se\u00e7er, TBB Ba\u015fkanvekili oldu - Av. Deniz Can K\u0131z\u0131l","robots":{"index":"index","follow":"follow","max-snippet":"max-snippet:-1","max-image-preview":"max-image-preview:large","max-video-preview":"max-video-preview:-1"},"canonical":"http:\/\/denizcankizil.tr\/uk\/haberler\/gundem\/vahap-secer-tbb-baskanvekili-oldu\/","og_locale":"uk_UA","og_type":"article","og_title":"Vahap Se\u00e7er, TBB Ba\u015fkanvekili oldu","og_description":"Mersin B\u00fcy\u00fck\u015fehir Belediye Ba\u015fkan\u0131 Vahap Se\u00e7er, T\u00fcrkiye Belediyeler Birli\u011fi (TBB) Meclisi ba\u015fkanvekilli\u011fi se\u00e7imini kazanarak TBB Ba\u015fkanvekili oldu. Se\u00e7im, Ankara&#8217;da TBB Meclisi&#8217;nin toplanmas\u0131yla ger\u00e7ekle\u015fti. BA\u015eKANVEK\u0130LL\u0130\u011e\u0130 YARI\u015eI VE SE\u00c7\u0130M S\u00dcREC\u0130 Ba\u015fkanvekilli\u011fi i\u00e7in Mersin B\u00fcy\u00fck\u015fehir Belediye Ba\u015fkan\u0131 Vahap Se\u00e7er ile Trabzon B\u00fcy\u00fck\u015fehir Belediye Ba\u015fkan\u0131 Ahmet Metin Gen\u00e7 yar\u0131\u015ft\u0131. \u0130lk iki turda gerekli olan \u00fc\u00e7te iki \u00e7o\u011funluk sa\u011flanamad\u0131. \u00dc\u00e7\u00fcnc\u00fc turda ise salt \u00e7o\u011funluk yeter say\u0131s\u0131 olan 433 oy a\u015f\u0131ld\u0131. OY SONU\u00c7LARI VE SE\u00c7\u0130M\u0130N KAZANANI \u00dc\u00e7\u00fcnc\u00fc turda Vahap Se\u00e7er 453 oy alarak T\u00fcrkiye Belediyeler Birli\u011fi Ba\u015fkanvekili se\u00e7ilirken, di\u011fer aday Ahmet Metin Gen\u00e7 199 oyda kald\u0131. Bu sonu\u00e7la Vahap Se\u00e7er, TBB&#8217;nin yeni ba\u015fkanvekili oldu. \u200bMersin B\u00fcy\u00fck\u015fehir Belediye Ba\u015fkan\u0131 Vahap Se\u00e7er, T\u00fcrkiye Belediyeler Birli\u011fi (TBB) Meclisi ba\u015fkanvekilli\u011fi se\u00e7iminde 453 oy alarak TBB Ba\u015fkanvekili oldu.\u00a0 \u200bHaberin Al\u0131nt\u0131land\u0131\u011f\u0131 Kaynak: www.antalyakorfez.com","og_url":"http:\/\/denizcankizil.tr\/uk\/haberler\/gundem\/vahap-secer-tbb-baskanvekili-oldu\/","og_site_name":"Av. Deniz Can K\u0131z\u0131l","article_published_time":"2025-07-16T18:41:18+00:00","author":"Antalya K\u00f6rfez","twitter_card":"summary_large_image","twitter_misc":{"\u041d\u0430\u043f\u0438\u0441\u0430\u043d\u043e":"Antalya K\u00f6rfez","\u041f\u0440\u0438\u0431\u043b. \u0447\u0430\u0441 \u0447\u0438\u0442\u0430\u043d\u043d\u044f":"1 \u0445\u0432\u0438\u043b\u0438\u043d\u0430"},"schema":{"@context":"https:\/\/schema.org","@graph":[{"@type":"Article","@id":"http:\/\/denizcankizil.tr\/uk\/haberler\/gundem\/vahap-secer-tbb-baskanvekili-oldu\/#article","isPartOf":{"@id":"http:\/\/denizcankizil.tr\/uk\/haberler\/gundem\/vahap-secer-tbb-baskanvekili-oldu\/"},"author":{"name":"Antalya K\u00f6rfez","@id":"https:\/\/denizcankizil.tr\/#\/schema\/person\/e1eb71bb4dd684d46563f0af307e1234"},"headline":"Vahap Se\u00e7er, TBB Ba\u015fkanvekili oldu","datePublished":"2025-07-16T18:41:18+00:00","mainEntityOfPage":{"@id":"http:\/\/denizcankizil.tr\/uk\/haberler\/gundem\/vahap-secer-tbb-baskanvekili-oldu\/"},"wordCount":192,"publisher":{"@id":"https:\/\/denizcankizil.tr\/#organization"},"articleSection":["G\u00fcndem"],"inLanguage":"uk"},{"@type":"WebPage","@id":"http:\/\/denizcankizil.tr\/uk\/haberler\/gundem\/vahap-secer-tbb-baskanvekili-oldu\/","url":"http:\/\/denizcankizil.tr\/uk\/haberler\/gundem\/vahap-secer-tbb-baskanvekili-oldu\/","name":"Vahap Se\u00e7er, TBB Ba\u015fkanvekili oldu - Av. Deniz Can K\u0131z\u0131l","isPartOf":{"@id":"https:\/\/denizcankizil.tr\/#website"},"datePublished":"2025-07-16T18:41:18+00:00","breadcrumb":{"@id":"http:\/\/denizcankizil.tr\/uk\/haberler\/gundem\/vahap-secer-tbb-baskanvekili-oldu\/#breadcrumb"},"inLanguage":"uk","potentialAction":[{"@type":"ReadAction","target":["http:\/\/denizcankizil.tr\/uk\/haberler\/gundem\/vahap-secer-tbb-baskanvekili-oldu\/"]}]},{"@type":"BreadcrumbList","@id":"http:\/\/denizcankizil.tr\/uk\/haberler\/gundem\/vahap-secer-tbb-baskanvekili-oldu\/#breadcrumb","itemListElement":[{"@type":"ListItem","position":1,"name":"Home","item":"https:\/\/denizcankizil.tr\/uk\/"},{"@type":"ListItem","position":2,"name":"Vahap Se\u00e7er, TBB Ba\u015fkanvekili oldu"}]},{"@type":"WebSite","@id":"https:\/\/denizcankizil.tr\/#website","url":"https:\/\/denizcankizil.tr\/","name":"Av. Deniz Can K\u0131z\u0131l","description":"Avukat Deniz Can K\u0131z\u0131l Antalya Barosu","publisher":{"@id":"https:\/\/denizcankizil.tr\/#organization"},"potentialAction":[{"@type":"SearchAction","target":{"@type":"EntryPoint","urlTemplate":"https:\/\/denizcankizil.tr\/?s={search_term_string}"},"query-input":{"@type":"PropertyValueSpecification","valueRequired":true,"valueName":"search_term_string"}}],"inLanguage":"uk"},{"@type":"Organization","@id":"https:\/\/denizcankizil.tr\/#organization","name":"Av. Deniz Can K\u0131z\u0131l","url":"https:\/\/denizcankizil.tr\/","logo":{"@type":"ImageObject","inLanguage":"uk","@id":"https:\/\/denizcankizil.tr\/#\/schema\/logo\/image\/","url":"http:\/\/denizcankizil.tr\/wp-content\/uploads\/2024\/10\/siyah-logo-svg.svg","contentUrl":"http:\/\/denizcankizil.tr\/wp-content\/uploads\/2024\/10\/siyah-logo-svg.svg","width":1080,"height":1080,"caption":"Av. Deniz Can K\u0131z\u0131l"},"image":{"@id":"https:\/\/denizcankizil.tr\/#\/schema\/logo\/image\/"}},{"@type":"Person","@id":"https:\/\/denizcankizil.tr\/#\/schema\/person\/e1eb71bb4dd684d46563f0af307e1234","name":"Antalya K\u00f6rfez","image":{"@type":"ImageObject","inLanguage":"uk","@id":"https:\/\/denizcankizil.tr\/#\/schema\/person\/image\/","url":"https:\/\/secure.gravatar.com\/avatar\/42b01982558a48a0b501fdcab6a408d3717ea5919095ee2e67b0e521799c5905?s=96&d=mm&r=g","contentUrl":"https:\/\/secure.gravatar.com\/avatar\/42b01982558a48a0b501fdcab6a408d3717ea5919095ee2e67b0e521799c5905?s=96&d=mm&r=g","caption":"Antalya K\u00f6rfez"},"sameAs":["http:\/\/www.antalyakorfez.com"],"url":"https:\/\/www.antalyakorfez.com\/vahap-secer-tbb-baskanvekili-oldu"}]}},"_links":{"self":[{"href":"http:\/\/denizcankizil.tr\/uk\/wp-json\/wp\/v2\/posts\/148139","targetHints":{"allow":["GET"]}}],"collection":[{"href":"http:\/\/denizcankizil.tr\/uk\/wp-json\/wp\/v2\/posts"}],"about":[{"href":"http:\/\/denizcankizil.tr\/uk\/wp-json\/wp\/v2\/types\/post"}],"author":[{"embeddable":true,"href":"http:\/\/denizcankizil.tr\/uk\/wp-json\/wp\/v2\/users\/5"}],"replies":[{"embeddable":true,"href":"http:\/\/denizcankizil.tr\/uk\/wp-json\/wp\/v2\/comments?post=148139"}],"version-history":[{"count":0,"href":"http:\/\/denizcankizil.tr\/uk\/wp-json\/wp\/v2\/posts\/148139\/revisions"}],"wp:attachment":[{"href":"http:\/\/denizcankizil.tr\/uk\/wp-json\/wp\/v2\/media?parent=148139"}],"wp:term":[{"taxonomy":"category","embeddable":true,"href":"http:\/\/denizcankizil.tr\/uk\/wp-json\/wp\/v2\/categories?post=148139"},{"taxonomy":"post_tag","embeddable":true,"href":"http:\/\/denizcankizil.tr\/uk\/wp-json\/wp\/v2\/tags?post=148139"}],"curies":[{"name":"wp","href":"https:\/\/api.w.org\/{rel}","templated":true}]}}