{"id":147989,"date":"2025-07-16T17:41:23","date_gmt":"2025-07-16T14:41:23","guid":{"rendered":"https:\/\/denizcankizil.tr\/uncategorized-tr\/imo-antalyadan-antalya-il-kultur-ve-turizm-mudurlugune-tepki-kahve-sohbeti-dili-ile-aciklama-yapmayin\/"},"modified":"2025-07-16T17:41:23","modified_gmt":"2025-07-16T14:41:23","slug":"imo-antalyadan-antalya-il-kultur-ve-turizm-mudurlugune-tepki-kahve-sohbeti-dili-ile-aciklama-yapmayin","status":"publish","type":"post","link":"http:\/\/denizcankizil.tr\/uk\/haberler\/gundem\/imo-antalyadan-antalya-il-kultur-ve-turizm-mudurlugune-tepki-kahve-sohbeti-dili-ile-aciklama-yapmayin\/","title":{"rendered":"\u0130MO Antalya&#8217;dan, Antalya \u0130l K\u00fclt\u00fcr ve Turizm M\u00fcd\u00fcrl\u00fc\u011f\u00fc&#8217;ne tepki: &#8220;Kahve sohbeti dili&#8221; ile a\u00e7\u0131klama yapmay\u0131n!"},"content":{"rendered":"<p>T\u00fcrk M\u00fchendis ve Mimar Odalar\u0131 Birli\u011fi (TMMOB) \u0130n\u015faat M\u00fchendisleri Odas\u0131 Antalya \u015eubesi, kap\u0131s\u0131na kilit vurulmas\u0131 ile g\u00fcndemde geni\u015f yer bulan Antalya Arkeoloji M\u00fczesi&#8217;ni g\u00fcndemine ta\u015f\u0131d\u0131. Antalya K\u00fclt\u00fcr ve Turizm \u0130l M\u00fcd\u00fcrl\u00fc\u011f\u00fc taraf\u0131ndan yay\u0131mlanan bas\u0131n b\u00fclteni arac\u0131l\u0131\u011f\u0131 ile g\u00fcndemi yorumlayan \u0130MO Antalya \u015eubesi, &#8220;bilimsel ve teknik donan\u0131m&#8221; bak\u0131m\u0131ndan g\u00f6zlemledi\u011fi eksikli\u011fi g\u00f6zler \u00f6n\u00fcne serdi.<\/p>\n<p>&#8220;YALNIZCA G\u00dc\u00c7LEND\u0130R\u0130LEREK&#8230;&#8221;<\/p>\n<p>Mevcut m\u00fcze binas\u0131nda yap\u0131lan teknik incelemeler neticesinde, Antalya K\u00fclt\u00fcr ve Turizm \u0130l M\u00fcd\u00fcrl\u00fc\u011f\u00fc taraf\u0131ndan yay\u0131mlanan bas\u0131n b\u00fclteninde, &#8220;Yap\u0131, y\u00fcksek deprem riski ta\u015f\u0131yor. Beton dayan\u0131m\u0131n\u0131n d\u00fc\u015f\u00fck oldu\u011fu g\u00f6zlendi. Nerv\u00fcrs\u00fcz d\u00fcz donat\u0131 kullan\u0131lm\u0131\u015f. 2018 Deprem Y\u00f6netmeli\u011fi\u2019nin getirdi\u011fi yeni kriterler do\u011frultusunda bina yaln\u0131zca g\u00fc\u00e7lendirilerek ayakta tutulmaya \u00e7al\u0131\u015f\u0131lm\u0131\u015f. Bu gerek\u00e7elerle y\u0131k\u0131m karar\u0131 teknik a\u00e7\u0131dan zorunlu hale geldi&#8221; ifadelerinin kullan\u0131ld\u0131\u011f\u0131n\u0131 hat\u0131rlatan Oda y\u00f6netimi, ifade yap\u0131lar\u0131na dikkat \u00e7ekti.<\/p>\n<p>&#8220;\u00d6ZENS\u0130Z B\u0130R D\u0130L&#8230;&#8221;<\/p>\n<p>Kamuoyuyla payla\u015f\u0131lan bu a\u00e7\u0131klaman\u0131n, bilimsel ve teknik dayanaklardan uzak, y\u00fczeysel ve kanaate dayal\u0131 nitelikte oldu\u011funu kaydeden Oda y\u00f6netimi, &#8220;Sadece &#8216;nerv\u00fcrs\u00fcz demir kullan\u0131ld\u0131&#8217; ya da &#8216;beton dayan\u0131m\u0131 d\u00fc\u015f\u00fck&#8217; gibi ifadelerle bir yap\u0131n\u0131n y\u0131k\u0131lmas\u0131n\u0131 gerek\u00e7elendirmek, m\u00fchendislik disiplininin temel ilkeleriyle ba\u011fda\u015fmamaktad\u0131r. Bu t\u00fcr yakla\u015f\u0131mlar, teknik analiz ve de\u011ferlendirmelerle \u00e7eli\u015fen, halk aras\u0131nda &#8216;kahve sohbeti dili&#8217; diyebilece\u011fimiz \u00f6l\u00e7\u00fcde \u00f6zensizdir&#8221; tespitinde bulundu.<\/p>\n<p>\u0130MO ANTALYA&#8217;NIN TALEPLER\u0130<\/p>\n<p>Kamuoyunun ve meslek camias\u0131n\u0131n do\u011fru ve \u015feffaf \u015fekilde bilgilendirilmesi gerekti\u011fini bir kez daha vurgulayan \u0130n\u015faat M\u00fchendisleri Odas\u0131 Antalya \u015eubesi, taleplerini \u015fu \u015fekilde s\u0131ralad\u0131:<\/p>\n<p> Yap\u0131ya ili\u015fkin deprem performans analizinin hangi y\u00f6ntemlerle ve hangi standartlara g\u00f6re yap\u0131ld\u0131\u011f\u0131,<\/p>\n<p> Analizlerin hangi kurum ya da yetkili teknik ekiplerce haz\u0131rland\u0131\u011f\u0131 ve onayland\u0131\u011f\u0131,<\/p>\n<p> G\u00fc\u00e7lendirme alternatiflerinin detayl\u0131 olarak de\u011ferlendirilip de\u011ferlendirilmedi\u011fi,<\/p>\n<p> G\u00fc\u00e7lendirme yerine neden do\u011frudan y\u0131k\u0131m karar\u0131 verildi\u011fi gibi teknik sorular\u0131n net ve belgeli \u015fekilde kamuoyuyla payla\u015f\u0131lmas\u0131 gerekti\u011fini d\u00fc\u015f\u00fcn\u00fcyoruz.<\/p>\n<p>KAMUOYUNA HATIRLATMALAR<\/p>\n<p>Kent belle\u011finde \u00f6nemli bir yere sahip olan ve mimari de\u011feri y\u00fcksek Antalya Arkeoloji M\u00fczesi&#8217;nin gelece\u011finin, yaln\u0131zca teknik raporlarla de\u011fil; ayn\u0131 zamanda tarihsel, k\u00fclt\u00fcrel ve toplumsal de\u011ferleri de g\u00f6z \u00f6n\u00fcnde bulundurularak belirlenmesi gerekti\u011fini tavsiye eden \u0130n\u015faat M\u00fchendisleri Odas\u0131 Antalya \u015eubesi, al\u0131nan y\u0131k\u0131m karar\u0131n\u0131n arkas\u0131ndaki teknik s\u00fcre\u00e7lerin \u015feffaf bi\u00e7imde a\u00e7\u0131klanmas\u0131n\u0131n, meslek odalar\u0131n\u0131n s\u00fcrece dahil edilmesinin hem m\u00fchendislik eti\u011fi hem de kamu yarar\u0131 a\u00e7\u0131s\u0131ndan zorunluluk oldu\u011funu belirtti.<\/p>\n<p>\u200b\u0130n\u015faat M\u00fchendisleri Odas\u0131 Antalya \u015eubesi, Antalya Arkeoloji M\u00fczesi&#8217;nin y\u0131k\u0131m\u0131na gerek\u00e7e olarak Antalya K\u00fclt\u00fcr ve Turizm \u0130l M\u00fcd\u00fcrl\u00fc\u011f\u00fc taraf\u0131ndan yay\u0131mlanan bas\u0131n b\u00fclteninde yer alan teknik ifadeleri ele\u015ftiri ya\u011fmuruna tuttu. Kamuoyuna yap\u0131lan a\u00e7\u0131klaman\u0131n bilimsel ve teknik dayanaklardan uzak, y\u00fczeysel ve kanaate dayal\u0131 nitelikte oldu\u011funun alt\u0131n\u0131 \u00e7izen \u0130MO Antalya \u015eubesi, &#8220;Bu t\u00fcr yakla\u015f\u0131mlar, halk aras\u0131nda &#8216;kahve sohbeti dili&#8217; diyebilece\u011fimiz \u00f6l\u00e7\u00fcde \u00f6zensizdir&#8221; de\u011ferlendirmesinde bulundu.\u00a0<\/p>\n<p>\u200bHaberin Al\u0131nt\u0131land\u0131\u011f\u0131 Kaynak: www.antalyakorfez.com<\/p>","protected":false},"excerpt":{"rendered":"<p>T\u00fcrk M\u00fchendis ve Mimar Odalar\u0131 Birli\u011fi (TMMOB) \u0130n\u015faat M\u00fchendisleri Odas\u0131 Antalya \u015eubesi, kap\u0131s\u0131na kilit vurulmas\u0131 ile g\u00fcndemde geni\u015f yer bulan Antalya Arkeoloji M\u00fczesi&#8217;ni g\u00fcndemine ta\u015f\u0131d\u0131. Antalya K\u00fclt\u00fcr ve Turizm \u0130l M\u00fcd\u00fcrl\u00fc\u011f\u00fc taraf\u0131ndan yay\u0131mlanan bas\u0131n b\u00fclteni arac\u0131l\u0131\u011f\u0131 ile g\u00fcndemi yorumlayan \u0130MO Antalya \u015eubesi, &#8220;bilimsel ve teknik donan\u0131m&#8221; bak\u0131m\u0131ndan g\u00f6zlemledi\u011fi eksikli\u011fi g\u00f6zler \u00f6n\u00fcne serdi. &#8220;YALNIZCA G\u00dc\u00c7LEND\u0130R\u0130LEREK&#8230;&#8221; Mevcut m\u00fcze binas\u0131nda yap\u0131lan teknik incelemeler neticesinde, Antalya K\u00fclt\u00fcr ve Turizm \u0130l M\u00fcd\u00fcrl\u00fc\u011f\u00fc taraf\u0131ndan yay\u0131mlanan bas\u0131n b\u00fclteninde, &#8220;Yap\u0131, y\u00fcksek deprem riski ta\u015f\u0131yor. Beton dayan\u0131m\u0131n\u0131n d\u00fc\u015f\u00fck oldu\u011fu g\u00f6zlendi. Nerv\u00fcrs\u00fcz d\u00fcz donat\u0131 kullan\u0131lm\u0131\u015f. 2018 Deprem Y\u00f6netmeli\u011fi\u2019nin getirdi\u011fi yeni kriterler do\u011frultusunda bina yaln\u0131zca g\u00fc\u00e7lendirilerek ayakta tutulmaya \u00e7al\u0131\u015f\u0131lm\u0131\u015f. Bu gerek\u00e7elerle y\u0131k\u0131m karar\u0131 teknik a\u00e7\u0131dan zorunlu hale geldi&#8221; ifadelerinin kullan\u0131ld\u0131\u011f\u0131n\u0131 hat\u0131rlatan Oda y\u00f6netimi, ifade yap\u0131lar\u0131na dikkat \u00e7ekti. &#8220;\u00d6ZENS\u0130Z B\u0130R D\u0130L&#8230;&#8221; Kamuoyuyla payla\u015f\u0131lan bu a\u00e7\u0131klaman\u0131n, bilimsel ve teknik dayanaklardan uzak, y\u00fczeysel ve kanaate dayal\u0131 nitelikte oldu\u011funu kaydeden Oda y\u00f6netimi, &#8220;Sadece &#8216;nerv\u00fcrs\u00fcz demir kullan\u0131ld\u0131&#8217; ya da &#8216;beton dayan\u0131m\u0131 d\u00fc\u015f\u00fck&#8217; gibi ifadelerle bir yap\u0131n\u0131n y\u0131k\u0131lmas\u0131n\u0131 gerek\u00e7elendirmek, m\u00fchendislik disiplininin temel ilkeleriyle ba\u011fda\u015fmamaktad\u0131r. Bu t\u00fcr yakla\u015f\u0131mlar, teknik analiz ve de\u011ferlendirmelerle \u00e7eli\u015fen, halk aras\u0131nda &#8216;kahve sohbeti dili&#8217; diyebilece\u011fimiz \u00f6l\u00e7\u00fcde \u00f6zensizdir&#8221; tespitinde bulundu. \u0130MO ANTALYA&#8217;NIN TALEPLER\u0130 Kamuoyunun ve meslek camias\u0131n\u0131n do\u011fru ve \u015feffaf \u015fekilde bilgilendirilmesi gerekti\u011fini bir kez daha vurgulayan \u0130n\u015faat M\u00fchendisleri Odas\u0131 Antalya \u015eubesi, taleplerini \u015fu \u015fekilde &hellip;<\/p>","protected":false},"author":5,"featured_media":0,"comment_status":"","ping_status":"open","sticky":false,"template":"","format":"standard","meta":{"_acf_changed":false,"footnotes":""},"categories":[24],"tags":[],"class_list":["post-147989","post","type-post","status-publish","format-standard","has-post-thumbnail","hentry","category-gundem"],"acf":[],"yoast_head":"<!-- This site is optimized with the Yoast SEO Premium plugin v26.6 (Yoast SEO v27.1.1) - https:\/\/yoast.com\/product\/yoast-seo-premium-wordpress\/ -->\n<title>\u0130MO Antalya&#039;dan, Antalya \u0130l K\u00fclt\u00fcr ve Turizm M\u00fcd\u00fcrl\u00fc\u011f\u00fc&#039;ne tepki: &quot;Kahve sohbeti dili&quot; ile a\u00e7\u0131klama yapmay\u0131n! - Av. Deniz Can K\u0131z\u0131l<\/title>\n<meta name=\"robots\" content=\"index, follow, max-snippet:-1, max-image-preview:large, max-video-preview:-1\" \/>\n<link rel=\"canonical\" href=\"http:\/\/denizcankizil.tr\/uk\/haberler\/gundem\/imo-antalyadan-antalya-il-kultur-ve-turizm-mudurlugune-tepki-kahve-sohbeti-dili-ile-aciklama-yapmayin\/\" \/>\n<meta property=\"og:locale\" content=\"uk_UA\" \/>\n<meta property=\"og:type\" content=\"article\" \/>\n<meta property=\"og:title\" content=\"\u0130MO Antalya&#039;dan, Antalya \u0130l K\u00fclt\u00fcr ve Turizm M\u00fcd\u00fcrl\u00fc\u011f\u00fc&#039;ne tepki: &quot;Kahve sohbeti dili&quot; ile a\u00e7\u0131klama yapmay\u0131n!\" \/>\n<meta property=\"og:description\" content=\"T\u00fcrk M\u00fchendis ve Mimar Odalar\u0131 Birli\u011fi (TMMOB) \u0130n\u015faat M\u00fchendisleri Odas\u0131 Antalya \u015eubesi, kap\u0131s\u0131na kilit vurulmas\u0131 ile g\u00fcndemde geni\u015f yer bulan Antalya Arkeoloji M\u00fczesi&#8217;ni g\u00fcndemine ta\u015f\u0131d\u0131. Antalya K\u00fclt\u00fcr ve Turizm \u0130l M\u00fcd\u00fcrl\u00fc\u011f\u00fc taraf\u0131ndan yay\u0131mlanan bas\u0131n b\u00fclteni arac\u0131l\u0131\u011f\u0131 ile g\u00fcndemi yorumlayan \u0130MO Antalya \u015eubesi, &#8220;bilimsel ve teknik donan\u0131m&#8221; bak\u0131m\u0131ndan g\u00f6zlemledi\u011fi eksikli\u011fi g\u00f6zler \u00f6n\u00fcne serdi. &#8220;YALNIZCA G\u00dc\u00c7LEND\u0130R\u0130LEREK&#8230;&#8221; Mevcut m\u00fcze binas\u0131nda yap\u0131lan teknik incelemeler neticesinde, Antalya K\u00fclt\u00fcr ve Turizm \u0130l M\u00fcd\u00fcrl\u00fc\u011f\u00fc taraf\u0131ndan yay\u0131mlanan bas\u0131n b\u00fclteninde, &#8220;Yap\u0131, y\u00fcksek deprem riski ta\u015f\u0131yor. Beton dayan\u0131m\u0131n\u0131n d\u00fc\u015f\u00fck oldu\u011fu g\u00f6zlendi. Nerv\u00fcrs\u00fcz d\u00fcz donat\u0131 kullan\u0131lm\u0131\u015f. 2018 Deprem Y\u00f6netmeli\u011fi\u2019nin getirdi\u011fi yeni kriterler do\u011frultusunda bina yaln\u0131zca g\u00fc\u00e7lendirilerek ayakta tutulmaya \u00e7al\u0131\u015f\u0131lm\u0131\u015f. Bu gerek\u00e7elerle y\u0131k\u0131m karar\u0131 teknik a\u00e7\u0131dan zorunlu hale geldi&#8221; ifadelerinin kullan\u0131ld\u0131\u011f\u0131n\u0131 hat\u0131rlatan Oda y\u00f6netimi, ifade yap\u0131lar\u0131na dikkat \u00e7ekti. &#8220;\u00d6ZENS\u0130Z B\u0130R D\u0130L&#8230;&#8221; Kamuoyuyla payla\u015f\u0131lan bu a\u00e7\u0131klaman\u0131n, bilimsel ve teknik dayanaklardan uzak, y\u00fczeysel ve kanaate dayal\u0131 nitelikte oldu\u011funu kaydeden Oda y\u00f6netimi, &#8220;Sadece &#8216;nerv\u00fcrs\u00fcz demir kullan\u0131ld\u0131&#8217; ya da &#8216;beton dayan\u0131m\u0131 d\u00fc\u015f\u00fck&#8217; gibi ifadelerle bir yap\u0131n\u0131n y\u0131k\u0131lmas\u0131n\u0131 gerek\u00e7elendirmek, m\u00fchendislik disiplininin temel ilkeleriyle ba\u011fda\u015fmamaktad\u0131r. Bu t\u00fcr yakla\u015f\u0131mlar, teknik analiz ve de\u011ferlendirmelerle \u00e7eli\u015fen, halk aras\u0131nda &#8216;kahve sohbeti dili&#8217; diyebilece\u011fimiz \u00f6l\u00e7\u00fcde \u00f6zensizdir&#8221; tespitinde bulundu. \u0130MO ANTALYA&#8217;NIN TALEPLER\u0130 Kamuoyunun ve meslek camias\u0131n\u0131n do\u011fru ve \u015feffaf \u015fekilde bilgilendirilmesi gerekti\u011fini bir kez daha vurgulayan \u0130n\u015faat M\u00fchendisleri Odas\u0131 Antalya \u015eubesi, taleplerini \u015fu \u015fekilde &hellip;\" \/>\n<meta property=\"og:url\" content=\"http:\/\/denizcankizil.tr\/uk\/haberler\/gundem\/imo-antalyadan-antalya-il-kultur-ve-turizm-mudurlugune-tepki-kahve-sohbeti-dili-ile-aciklama-yapmayin\/\" \/>\n<meta property=\"og:site_name\" content=\"Av. Deniz Can K\u0131z\u0131l\" \/>\n<meta property=\"article:published_time\" content=\"2025-07-16T14:41:23+00:00\" \/>\n<meta name=\"author\" content=\"Antalya K\u00f6rfez\" \/>\n<meta name=\"twitter:card\" content=\"summary_large_image\" \/>\n<meta name=\"twitter:label1\" content=\"\u041d\u0430\u043f\u0438\u0441\u0430\u043d\u043e\" \/>\n\t<meta name=\"twitter:data1\" content=\"Antalya K\u00f6rfez\" \/>\n\t<meta name=\"twitter:label2\" content=\"\u041f\u0440\u0438\u0431\u043b. \u0447\u0430\u0441 \u0447\u0438\u0442\u0430\u043d\u043d\u044f\" \/>\n\t<meta name=\"twitter:data2\" content=\"3 \u0445\u0432\u0438\u043b\u0438\u043d\u0438\" \/>\n<script type=\"application\/ld+json\" class=\"yoast-schema-graph\">{\"@context\":\"https:\/\/schema.org\",\"@graph\":[{\"@type\":\"Article\",\"@id\":\"http:\/\/denizcankizil.tr\/uk\/haberler\/gundem\/imo-antalyadan-antalya-il-kultur-ve-turizm-mudurlugune-tepki-kahve-sohbeti-dili-ile-aciklama-yapmayin\/#article\",\"isPartOf\":{\"@id\":\"http:\/\/denizcankizil.tr\/uk\/haberler\/gundem\/imo-antalyadan-antalya-il-kultur-ve-turizm-mudurlugune-tepki-kahve-sohbeti-dili-ile-aciklama-yapmayin\/\"},\"author\":{\"name\":\"Antalya K\u00f6rfez\",\"@id\":\"https:\/\/denizcankizil.tr\/de\/#\/schema\/person\/e1eb71bb4dd684d46563f0af307e1234\"},\"headline\":\"\u0130MO Antalya&#8217;dan, Antalya \u0130l K\u00fclt\u00fcr ve Turizm M\u00fcd\u00fcrl\u00fc\u011f\u00fc&#8217;ne tepki: &#8220;Kahve sohbeti dili&#8221; ile a\u00e7\u0131klama yapmay\u0131n!\",\"datePublished\":\"2025-07-16T14:41:23+00:00\",\"mainEntityOfPage\":{\"@id\":\"http:\/\/denizcankizil.tr\/uk\/haberler\/gundem\/imo-antalyadan-antalya-il-kultur-ve-turizm-mudurlugune-tepki-kahve-sohbeti-dili-ile-aciklama-yapmayin\/\"},\"wordCount\":603,\"publisher\":{\"@id\":\"https:\/\/denizcankizil.tr\/de\/#organization\"},\"articleSection\":[\"G\u00fcndem\"],\"inLanguage\":\"uk\"},{\"@type\":\"WebPage\",\"@id\":\"http:\/\/denizcankizil.tr\/uk\/haberler\/gundem\/imo-antalyadan-antalya-il-kultur-ve-turizm-mudurlugune-tepki-kahve-sohbeti-dili-ile-aciklama-yapmayin\/\",\"url\":\"http:\/\/denizcankizil.tr\/uk\/haberler\/gundem\/imo-antalyadan-antalya-il-kultur-ve-turizm-mudurlugune-tepki-kahve-sohbeti-dili-ile-aciklama-yapmayin\/\",\"name\":\"\u0130MO Antalya'dan, Antalya \u0130l K\u00fclt\u00fcr ve Turizm M\u00fcd\u00fcrl\u00fc\u011f\u00fc'ne tepki: \\\"Kahve sohbeti dili\\\" ile a\u00e7\u0131klama yapmay\u0131n! - Av. Deniz Can K\u0131z\u0131l\",\"isPartOf\":{\"@id\":\"https:\/\/denizcankizil.tr\/de\/#website\"},\"datePublished\":\"2025-07-16T14:41:23+00:00\",\"breadcrumb\":{\"@id\":\"http:\/\/denizcankizil.tr\/uk\/haberler\/gundem\/imo-antalyadan-antalya-il-kultur-ve-turizm-mudurlugune-tepki-kahve-sohbeti-dili-ile-aciklama-yapmayin\/#breadcrumb\"},\"inLanguage\":\"uk\",\"potentialAction\":[{\"@type\":\"ReadAction\",\"target\":[\"http:\/\/denizcankizil.tr\/uk\/haberler\/gundem\/imo-antalyadan-antalya-il-kultur-ve-turizm-mudurlugune-tepki-kahve-sohbeti-dili-ile-aciklama-yapmayin\/\"]}]},{\"@type\":\"BreadcrumbList\",\"@id\":\"http:\/\/denizcankizil.tr\/uk\/haberler\/gundem\/imo-antalyadan-antalya-il-kultur-ve-turizm-mudurlugune-tepki-kahve-sohbeti-dili-ile-aciklama-yapmayin\/#breadcrumb\",\"itemListElement\":[{\"@type\":\"ListItem\",\"position\":1,\"name\":\"Home\",\"item\":\"https:\/\/denizcankizil.tr\/de\/\"},{\"@type\":\"ListItem\",\"position\":2,\"name\":\"\u0130MO Antalya&#8217;dan, Antalya \u0130l K\u00fclt\u00fcr ve Turizm M\u00fcd\u00fcrl\u00fc\u011f\u00fc&#8217;ne tepki: &#8220;Kahve sohbeti dili&#8221; ile a\u00e7\u0131klama yapmay\u0131n!\"}]},{\"@type\":\"WebSite\",\"@id\":\"https:\/\/denizcankizil.tr\/de\/#website\",\"url\":\"https:\/\/denizcankizil.tr\/de\/\",\"name\":\"Av. Deniz Can K\u0131z\u0131l\",\"description\":\"Avukat Deniz Can K\u0131z\u0131l Antalya Barosu\",\"publisher\":{\"@id\":\"https:\/\/denizcankizil.tr\/de\/#organization\"},\"potentialAction\":[{\"@type\":\"SearchAction\",\"target\":{\"@type\":\"EntryPoint\",\"urlTemplate\":\"https:\/\/denizcankizil.tr\/de\/?s={search_term_string}\"},\"query-input\":{\"@type\":\"PropertyValueSpecification\",\"valueRequired\":true,\"valueName\":\"search_term_string\"}}],\"inLanguage\":\"uk\"},{\"@type\":\"Organization\",\"@id\":\"https:\/\/denizcankizil.tr\/de\/#organization\",\"name\":\"Av. Deniz Can K\u0131z\u0131l\",\"url\":\"https:\/\/denizcankizil.tr\/de\/\",\"logo\":{\"@type\":\"ImageObject\",\"inLanguage\":\"uk\",\"@id\":\"https:\/\/denizcankizil.tr\/de\/#\/schema\/logo\/image\/\",\"url\":\"http:\/\/denizcankizil.tr\/wp-content\/uploads\/2024\/10\/siyah-logo-svg.svg\",\"contentUrl\":\"http:\/\/denizcankizil.tr\/wp-content\/uploads\/2024\/10\/siyah-logo-svg.svg\",\"width\":1080,\"height\":1080,\"caption\":\"Av. Deniz Can K\u0131z\u0131l\"},\"image\":{\"@id\":\"https:\/\/denizcankizil.tr\/de\/#\/schema\/logo\/image\/\"}},{\"@type\":\"Person\",\"@id\":\"https:\/\/denizcankizil.tr\/de\/#\/schema\/person\/e1eb71bb4dd684d46563f0af307e1234\",\"name\":\"Antalya K\u00f6rfez\",\"image\":{\"@type\":\"ImageObject\",\"inLanguage\":\"uk\",\"@id\":\"https:\/\/denizcankizil.tr\/de\/#\/schema\/person\/image\/\",\"url\":\"https:\/\/secure.gravatar.com\/avatar\/42b01982558a48a0b501fdcab6a408d3717ea5919095ee2e67b0e521799c5905?s=96&d=mm&r=g\",\"contentUrl\":\"https:\/\/secure.gravatar.com\/avatar\/42b01982558a48a0b501fdcab6a408d3717ea5919095ee2e67b0e521799c5905?s=96&d=mm&r=g\",\"caption\":\"Antalya K\u00f6rfez\"},\"sameAs\":[\"http:\/\/www.antalyakorfez.com\"],\"url\":\"https:\/\/www.antalyakorfez.com\/imo-antalyadan-antalya-il-kultur-ve-turizm-mudurlugune-tepki-kahve-sohbeti-dili\"}]}<\/script>\n<!-- \/ Yoast SEO Premium plugin. -->","yoast_head_json":{"title":"\u0130MO Antalya'dan, Antalya \u0130l K\u00fclt\u00fcr ve Turizm M\u00fcd\u00fcrl\u00fc\u011f\u00fc'ne tepki: \"Kahve sohbeti dili\" ile a\u00e7\u0131klama yapmay\u0131n! - Av. Deniz Can K\u0131z\u0131l","robots":{"index":"index","follow":"follow","max-snippet":"max-snippet:-1","max-image-preview":"max-image-preview:large","max-video-preview":"max-video-preview:-1"},"canonical":"http:\/\/denizcankizil.tr\/uk\/haberler\/gundem\/imo-antalyadan-antalya-il-kultur-ve-turizm-mudurlugune-tepki-kahve-sohbeti-dili-ile-aciklama-yapmayin\/","og_locale":"uk_UA","og_type":"article","og_title":"\u0130MO Antalya'dan, Antalya \u0130l K\u00fclt\u00fcr ve Turizm M\u00fcd\u00fcrl\u00fc\u011f\u00fc'ne tepki: \"Kahve sohbeti dili\" ile a\u00e7\u0131klama yapmay\u0131n!","og_description":"T\u00fcrk M\u00fchendis ve Mimar Odalar\u0131 Birli\u011fi (TMMOB) \u0130n\u015faat M\u00fchendisleri Odas\u0131 Antalya \u015eubesi, kap\u0131s\u0131na kilit vurulmas\u0131 ile g\u00fcndemde geni\u015f yer bulan Antalya Arkeoloji M\u00fczesi&#8217;ni g\u00fcndemine ta\u015f\u0131d\u0131. Antalya K\u00fclt\u00fcr ve Turizm \u0130l M\u00fcd\u00fcrl\u00fc\u011f\u00fc taraf\u0131ndan yay\u0131mlanan bas\u0131n b\u00fclteni arac\u0131l\u0131\u011f\u0131 ile g\u00fcndemi yorumlayan \u0130MO Antalya \u015eubesi, &#8220;bilimsel ve teknik donan\u0131m&#8221; bak\u0131m\u0131ndan g\u00f6zlemledi\u011fi eksikli\u011fi g\u00f6zler \u00f6n\u00fcne serdi. &#8220;YALNIZCA G\u00dc\u00c7LEND\u0130R\u0130LEREK&#8230;&#8221; Mevcut m\u00fcze binas\u0131nda yap\u0131lan teknik incelemeler neticesinde, Antalya K\u00fclt\u00fcr ve Turizm \u0130l M\u00fcd\u00fcrl\u00fc\u011f\u00fc taraf\u0131ndan yay\u0131mlanan bas\u0131n b\u00fclteninde, &#8220;Yap\u0131, y\u00fcksek deprem riski ta\u015f\u0131yor. Beton dayan\u0131m\u0131n\u0131n d\u00fc\u015f\u00fck oldu\u011fu g\u00f6zlendi. Nerv\u00fcrs\u00fcz d\u00fcz donat\u0131 kullan\u0131lm\u0131\u015f. 2018 Deprem Y\u00f6netmeli\u011fi\u2019nin getirdi\u011fi yeni kriterler do\u011frultusunda bina yaln\u0131zca g\u00fc\u00e7lendirilerek ayakta tutulmaya \u00e7al\u0131\u015f\u0131lm\u0131\u015f. Bu gerek\u00e7elerle y\u0131k\u0131m karar\u0131 teknik a\u00e7\u0131dan zorunlu hale geldi&#8221; ifadelerinin kullan\u0131ld\u0131\u011f\u0131n\u0131 hat\u0131rlatan Oda y\u00f6netimi, ifade yap\u0131lar\u0131na dikkat \u00e7ekti. &#8220;\u00d6ZENS\u0130Z B\u0130R D\u0130L&#8230;&#8221; Kamuoyuyla payla\u015f\u0131lan bu a\u00e7\u0131klaman\u0131n, bilimsel ve teknik dayanaklardan uzak, y\u00fczeysel ve kanaate dayal\u0131 nitelikte oldu\u011funu kaydeden Oda y\u00f6netimi, &#8220;Sadece &#8216;nerv\u00fcrs\u00fcz demir kullan\u0131ld\u0131&#8217; ya da &#8216;beton dayan\u0131m\u0131 d\u00fc\u015f\u00fck&#8217; gibi ifadelerle bir yap\u0131n\u0131n y\u0131k\u0131lmas\u0131n\u0131 gerek\u00e7elendirmek, m\u00fchendislik disiplininin temel ilkeleriyle ba\u011fda\u015fmamaktad\u0131r. Bu t\u00fcr yakla\u015f\u0131mlar, teknik analiz ve de\u011ferlendirmelerle \u00e7eli\u015fen, halk aras\u0131nda &#8216;kahve sohbeti dili&#8217; diyebilece\u011fimiz \u00f6l\u00e7\u00fcde \u00f6zensizdir&#8221; tespitinde bulundu. \u0130MO ANTALYA&#8217;NIN TALEPLER\u0130 Kamuoyunun ve meslek camias\u0131n\u0131n do\u011fru ve \u015feffaf \u015fekilde bilgilendirilmesi gerekti\u011fini bir kez daha vurgulayan \u0130n\u015faat M\u00fchendisleri Odas\u0131 Antalya \u015eubesi, taleplerini \u015fu \u015fekilde &hellip;","og_url":"http:\/\/denizcankizil.tr\/uk\/haberler\/gundem\/imo-antalyadan-antalya-il-kultur-ve-turizm-mudurlugune-tepki-kahve-sohbeti-dili-ile-aciklama-yapmayin\/","og_site_name":"Av. Deniz Can K\u0131z\u0131l","article_published_time":"2025-07-16T14:41:23+00:00","author":"Antalya K\u00f6rfez","twitter_card":"summary_large_image","twitter_misc":{"\u041d\u0430\u043f\u0438\u0441\u0430\u043d\u043e":"Antalya K\u00f6rfez","\u041f\u0440\u0438\u0431\u043b. \u0447\u0430\u0441 \u0447\u0438\u0442\u0430\u043d\u043d\u044f":"3 \u0445\u0432\u0438\u043b\u0438\u043d\u0438"},"schema":{"@context":"https:\/\/schema.org","@graph":[{"@type":"Article","@id":"http:\/\/denizcankizil.tr\/uk\/haberler\/gundem\/imo-antalyadan-antalya-il-kultur-ve-turizm-mudurlugune-tepki-kahve-sohbeti-dili-ile-aciklama-yapmayin\/#article","isPartOf":{"@id":"http:\/\/denizcankizil.tr\/uk\/haberler\/gundem\/imo-antalyadan-antalya-il-kultur-ve-turizm-mudurlugune-tepki-kahve-sohbeti-dili-ile-aciklama-yapmayin\/"},"author":{"name":"Antalya K\u00f6rfez","@id":"https:\/\/denizcankizil.tr\/de\/#\/schema\/person\/e1eb71bb4dd684d46563f0af307e1234"},"headline":"\u0130MO Antalya&#8217;dan, Antalya \u0130l K\u00fclt\u00fcr ve Turizm M\u00fcd\u00fcrl\u00fc\u011f\u00fc&#8217;ne tepki: &#8220;Kahve sohbeti dili&#8221; ile a\u00e7\u0131klama yapmay\u0131n!","datePublished":"2025-07-16T14:41:23+00:00","mainEntityOfPage":{"@id":"http:\/\/denizcankizil.tr\/uk\/haberler\/gundem\/imo-antalyadan-antalya-il-kultur-ve-turizm-mudurlugune-tepki-kahve-sohbeti-dili-ile-aciklama-yapmayin\/"},"wordCount":603,"publisher":{"@id":"https:\/\/denizcankizil.tr\/de\/#organization"},"articleSection":["G\u00fcndem"],"inLanguage":"uk"},{"@type":"WebPage","@id":"http:\/\/denizcankizil.tr\/uk\/haberler\/gundem\/imo-antalyadan-antalya-il-kultur-ve-turizm-mudurlugune-tepki-kahve-sohbeti-dili-ile-aciklama-yapmayin\/","url":"http:\/\/denizcankizil.tr\/uk\/haberler\/gundem\/imo-antalyadan-antalya-il-kultur-ve-turizm-mudurlugune-tepki-kahve-sohbeti-dili-ile-aciklama-yapmayin\/","name":"\u0130MO Antalya'dan, Antalya \u0130l K\u00fclt\u00fcr ve Turizm M\u00fcd\u00fcrl\u00fc\u011f\u00fc'ne tepki: \"Kahve sohbeti dili\" ile a\u00e7\u0131klama yapmay\u0131n! - Av. Deniz Can K\u0131z\u0131l","isPartOf":{"@id":"https:\/\/denizcankizil.tr\/de\/#website"},"datePublished":"2025-07-16T14:41:23+00:00","breadcrumb":{"@id":"http:\/\/denizcankizil.tr\/uk\/haberler\/gundem\/imo-antalyadan-antalya-il-kultur-ve-turizm-mudurlugune-tepki-kahve-sohbeti-dili-ile-aciklama-yapmayin\/#breadcrumb"},"inLanguage":"uk","potentialAction":[{"@type":"ReadAction","target":["http:\/\/denizcankizil.tr\/uk\/haberler\/gundem\/imo-antalyadan-antalya-il-kultur-ve-turizm-mudurlugune-tepki-kahve-sohbeti-dili-ile-aciklama-yapmayin\/"]}]},{"@type":"BreadcrumbList","@id":"http:\/\/denizcankizil.tr\/uk\/haberler\/gundem\/imo-antalyadan-antalya-il-kultur-ve-turizm-mudurlugune-tepki-kahve-sohbeti-dili-ile-aciklama-yapmayin\/#breadcrumb","itemListElement":[{"@type":"ListItem","position":1,"name":"Home","item":"https:\/\/denizcankizil.tr\/de\/"},{"@type":"ListItem","position":2,"name":"\u0130MO Antalya&#8217;dan, Antalya \u0130l K\u00fclt\u00fcr ve Turizm M\u00fcd\u00fcrl\u00fc\u011f\u00fc&#8217;ne tepki: &#8220;Kahve sohbeti dili&#8221; ile a\u00e7\u0131klama yapmay\u0131n!"}]},{"@type":"WebSite","@id":"https:\/\/denizcankizil.tr\/de\/#website","url":"https:\/\/denizcankizil.tr\/de\/","name":"Av. Deniz Can K\u0131z\u0131l","description":"Avukat Deniz Can K\u0131z\u0131l Antalya Barosu","publisher":{"@id":"https:\/\/denizcankizil.tr\/de\/#organization"},"potentialAction":[{"@type":"SearchAction","target":{"@type":"EntryPoint","urlTemplate":"https:\/\/denizcankizil.tr\/de\/?s={search_term_string}"},"query-input":{"@type":"PropertyValueSpecification","valueRequired":true,"valueName":"search_term_string"}}],"inLanguage":"uk"},{"@type":"Organization","@id":"https:\/\/denizcankizil.tr\/de\/#organization","name":"Av. Deniz Can K\u0131z\u0131l","url":"https:\/\/denizcankizil.tr\/de\/","logo":{"@type":"ImageObject","inLanguage":"uk","@id":"https:\/\/denizcankizil.tr\/de\/#\/schema\/logo\/image\/","url":"http:\/\/denizcankizil.tr\/wp-content\/uploads\/2024\/10\/siyah-logo-svg.svg","contentUrl":"http:\/\/denizcankizil.tr\/wp-content\/uploads\/2024\/10\/siyah-logo-svg.svg","width":1080,"height":1080,"caption":"Av. Deniz Can K\u0131z\u0131l"},"image":{"@id":"https:\/\/denizcankizil.tr\/de\/#\/schema\/logo\/image\/"}},{"@type":"Person","@id":"https:\/\/denizcankizil.tr\/de\/#\/schema\/person\/e1eb71bb4dd684d46563f0af307e1234","name":"Antalya K\u00f6rfez","image":{"@type":"ImageObject","inLanguage":"uk","@id":"https:\/\/denizcankizil.tr\/de\/#\/schema\/person\/image\/","url":"https:\/\/secure.gravatar.com\/avatar\/42b01982558a48a0b501fdcab6a408d3717ea5919095ee2e67b0e521799c5905?s=96&d=mm&r=g","contentUrl":"https:\/\/secure.gravatar.com\/avatar\/42b01982558a48a0b501fdcab6a408d3717ea5919095ee2e67b0e521799c5905?s=96&d=mm&r=g","caption":"Antalya K\u00f6rfez"},"sameAs":["http:\/\/www.antalyakorfez.com"],"url":"https:\/\/www.antalyakorfez.com\/imo-antalyadan-antalya-il-kultur-ve-turizm-mudurlugune-tepki-kahve-sohbeti-dili"}]}},"_links":{"self":[{"href":"http:\/\/denizcankizil.tr\/uk\/wp-json\/wp\/v2\/posts\/147989","targetHints":{"allow":["GET"]}}],"collection":[{"href":"http:\/\/denizcankizil.tr\/uk\/wp-json\/wp\/v2\/posts"}],"about":[{"href":"http:\/\/denizcankizil.tr\/uk\/wp-json\/wp\/v2\/types\/post"}],"author":[{"embeddable":true,"href":"http:\/\/denizcankizil.tr\/uk\/wp-json\/wp\/v2\/users\/5"}],"replies":[{"embeddable":true,"href":"http:\/\/denizcankizil.tr\/uk\/wp-json\/wp\/v2\/comments?post=147989"}],"version-history":[{"count":0,"href":"http:\/\/denizcankizil.tr\/uk\/wp-json\/wp\/v2\/posts\/147989\/revisions"}],"wp:attachment":[{"href":"http:\/\/denizcankizil.tr\/uk\/wp-json\/wp\/v2\/media?parent=147989"}],"wp:term":[{"taxonomy":"category","embeddable":true,"href":"http:\/\/denizcankizil.tr\/uk\/wp-json\/wp\/v2\/categories?post=147989"},{"taxonomy":"post_tag","embeddable":true,"href":"http:\/\/denizcankizil.tr\/uk\/wp-json\/wp\/v2\/tags?post=147989"}],"curies":[{"name":"wp","href":"https:\/\/api.w.org\/{rel}","templated":true}]}}