{"id":147819,"date":"2025-07-16T12:43:19","date_gmt":"2025-07-16T09:43:19","guid":{"rendered":"https:\/\/denizcankizil.tr\/uncategorized-tr\/suriye-lazkiyede-yangin-tamamen-sonduruldu\/"},"modified":"2025-07-16T12:43:19","modified_gmt":"2025-07-16T09:43:19","slug":"suriye-lazkiyede-yangin-tamamen-sonduruldu","status":"publish","type":"post","link":"http:\/\/denizcankizil.tr\/uk\/haberler\/gundem\/suriye-lazkiyede-yangin-tamamen-sonduruldu\/","title":{"rendered":"Suriye Lazkiye\u2019de yang\u0131n tamamen s\u00f6nd\u00fcr\u00fcld\u00fc"},"content":{"rendered":"<p>S\u00f6nd\u00fcrme \u00e7al\u0131\u015fmalar\u0131na kat\u0131lan t\u00fcm \u00fclkelerin birimlerinin bir araya geldi\u011fi bas\u0131n toplant\u0131s\u0131nda, yang\u0131nla m\u00fccadelede g\u00f6sterilen ulusal ve uluslararas\u0131 dayan\u0131\u015fmaya dikkat \u00e7ekildi. Yang\u0131n s\u00f6nd\u00fcrme \u00e7al\u0131\u015fmalar\u0131na Suriye\u2019nin yan\u0131 s\u0131ra T\u00fcrkiye, \u00dcrd\u00fcn, Irak ve Katar\u2019dan gelen itfaiye, ambulans ve kurtarma ekipleri aktif olarak kat\u0131lm\u0131\u015ft\u0131. Ayr\u0131ca L\u00fcbnan, \u00dcrd\u00fcn, Irak ve Katar\u2019dan gelen g\u00f6n\u00fcll\u00fc ekipler ile yerel topluluklar da sahada b\u00fcy\u00fck destek vermi\u015fti. 12 g\u00fcn boyunca s\u00fcren zorlu m\u00fccadelenin ard\u0131ndan yetkililer, yang\u0131nlar\u0131n tamamen s\u00f6nd\u00fcr\u00fcld\u00fc\u011f\u00fcn\u00fc ve so\u011futma \u00e7al\u0131\u015fmalar\u0131n\u0131n tamamland\u0131\u011f\u0131n\u0131 a\u00e7\u0131klad\u0131. S\u00f6z konusu s\u00fcre\u00e7te sergilenen dayan\u0131\u015fma, b\u00f6lgede karde\u015flik ve i\u015f birli\u011finin g\u00fc\u00e7l\u00fc bir sembol\u00fc olarak de\u011ferlendirildi.<\/p>\n<p>Suriye Sivil Savunma yetkilileri, bu s\u00fcrecin sadece bir \u00e7evre felaketiyle m\u00fccadele de\u011fil, ayn\u0131 zamanda b\u00f6lge halklar\u0131 aras\u0131ndaki birlik ve beraberli\u011fin bir g\u00f6stergesi oldu\u011funu vurgulad\u0131.<\/p>\n<p>Bas\u0131n Toplant\u0131s\u0131nda ayr\u0131ca \u015funlar kaydedildi: \u201cT\u00fcrk itfaiyecileri Suriyeli meslekta\u015flar\u0131yla, \u00dcrd\u00fcnl\u00fc ve Irakl\u0131 itfaiyecilerle yan yana g\u00f6rmek ve Suriye, T\u00fcrkiye, \u00dcrd\u00fcn, L\u00fcbnan ve Katar u\u00e7aklar\u0131n\u0131n g\u00fc\u00e7lerini birle\u015ftirmesini g\u00f6rmek nefes kesici bir manzarayd\u0131. En kritik anlarda yan\u0131m\u0131za geldiler, \u00e7aba sarf ettiler risk ald\u0131lar ve Suriyeli meslekta\u015flar\u0131n\u0131n, Suriye ve gelece\u011fi i\u00e7in korkusuzca yang\u0131nlarla y\u00fczle\u015fen Suriyelilerin yan\u0131nda durdular. T\u00fcrkiye, \u00dcrd\u00fcn, Irak, L\u00fcbnan ve Katar&#8217;dan gelen ekiplere ve bizi destekleyen t\u00fcm g\u00f6n\u00fcll\u00fc ekiplere te\u015fekk\u00fcrlerini sunar. Tehlikeli iklim de\u011fi\u015fikli\u011fi ve Suriye&#8217;nin tarihinde kar\u015f\u0131la\u015ft\u0131\u011f\u0131 en k\u00f6t\u00fc kurakl\u0131k ortam\u0131nda, lojistik destek sa\u011flama, toprak erozyonu ve kalan bitki \u00f6rt\u00fcs\u00fcn\u00fcn kayb\u0131yla m\u00fccadele etmede hayati bir rol oynad\u0131lar.\u201d<\/p>\n<p>Bu felaketin tekrarlanmas\u0131n\u0131 \u00f6nlemek i\u00e7in m\u00fcdahalelerinin bir par\u00e7as\u0131 olarak, yak\u0131n gelecekte orman yang\u0131nlar\u0131 i\u00e7in bir erken uyar\u0131 sistemi kurmaya planlad\u0131klar\u0131n\u0131, bu sistem, herhangi bir tehlike veya yang\u0131n tespit edilir edilmez m\u00fcdahale h\u0131z\u0131n\u0131 art\u0131rmay\u0131 ve ilgili makamlar aras\u0131ndaki koordinasyonu iyile\u015ftirmeyi ama\u00e7lad\u0131\u011f\u0131 aktar\u0131ld\u0131.<\/p>\n<p>Planlad\u0131klar\u0131 \u00f6nlemlerin, Suriye&#8217;de kapsaml\u0131 bir ulusal orman koruma sisteminin kurulmas\u0131n\u0131 ve \u00e7evresel ve ulusal g\u00fcvenli\u011fin \u00f6nemli bir par\u00e7as\u0131 olan orman zenginli\u011finin korunmas\u0131nda yerel topluluklar\u0131n kat\u0131l\u0131m\u0131n\u0131 art\u0131rmay\u0131 da i\u00e7eren, uygulanmakta olan entegre bir plan\u0131n par\u00e7as\u0131 oldu\u011fu vurguland\u0131.<\/p>\n<p>Ayr\u0131ca bas\u0131n a\u00e7\u0131klamas\u0131nda \u015funlar payla\u015f\u0131ld\u0131: \u201cYang\u0131n bitti ama g\u00f6rev bitmedi. Bug\u00fcnden itibaren as\u0131l g\u00f6revimiz bu da\u011flar\u0131 eski g\u00fcc\u00fcne kavu\u015fturmak, planlamak, \u00e7al\u0131\u015fmak ve birle\u015fmek. G\u00f6rev kolay olmayacak, ama nas\u0131l yang\u0131n\u0131 birlikte yendiysek, Allah&#8217;\u0131n izniyle hayat\u0131 da birlikte yenece\u011fiz. Katar, \u00dcrd\u00fcn, L\u00fcbnan ve Irak \u00fclkelerinden T\u00fcrk ve Arap karde\u015f ekiplere ve karada ve havada g\u00f6n\u00fcll\u00fc ekiplere, yan\u0131m\u0131zda olan herkese \u015f\u00fckran ve minnetlerimi tekrarlamak istiyorum.\u201d<\/p>\n<p><img decoding=\"async\" alt=\"Yanin Kardesligi (7)\" class=\"detail-photo img-fluid lazyload\" height=\"1066\" data-src=\"https:\/\/iskenderunorg.teimg.com\/iskenderun-org\/uploads\/2025\/07\/2025\/07\/yanin-kardesligi-7.jpg\" width=\"1600\" src=\"data:image\/svg+xml;base64,PHN2ZyB3aWR0aD0iMSIgaGVpZ2h0PSIxIiB4bWxucz0iaHR0cDovL3d3dy53My5vcmcvMjAwMC9zdmciPjwvc3ZnPg==\" style=\"--smush-placeholder-width: 1600px; --smush-placeholder-aspect-ratio: 1600\/1066;\" \/><img decoding=\"async\" alt=\"Yanin Kardesligi (8)\" class=\"detail-photo img-fluid lazyload\" height=\"1066\" data-src=\"https:\/\/iskenderunorg.teimg.com\/iskenderun-org\/uploads\/2025\/07\/2025\/07\/yanin-kardesligi-8.jpg\" width=\"1600\" src=\"data:image\/svg+xml;base64,PHN2ZyB3aWR0aD0iMSIgaGVpZ2h0PSIxIiB4bWxucz0iaHR0cDovL3d3dy53My5vcmcvMjAwMC9zdmciPjwvc3ZnPg==\" style=\"--smush-placeholder-width: 1600px; --smush-placeholder-aspect-ratio: 1600\/1066;\" \/><img decoding=\"async\" alt=\"Yanin Kardesligi (5)\" class=\"detail-photo img-fluid lazyload\" height=\"1066\" data-src=\"https:\/\/iskenderunorg.teimg.com\/iskenderun-org\/uploads\/2025\/07\/2025\/07\/yanin-kardesligi-5.jpg\" width=\"1600\" src=\"data:image\/svg+xml;base64,PHN2ZyB3aWR0aD0iMSIgaGVpZ2h0PSIxIiB4bWxucz0iaHR0cDovL3d3dy53My5vcmcvMjAwMC9zdmciPjwvc3ZnPg==\" style=\"--smush-placeholder-width: 1600px; --smush-placeholder-aspect-ratio: 1600\/1066;\" \/><img decoding=\"async\" alt=\"Yanin Kardesligi (6)\" class=\"detail-photo img-fluid lazyload\" height=\"900\" data-src=\"https:\/\/iskenderunorg.teimg.com\/iskenderun-org\/uploads\/2025\/07\/2025\/07\/yanin-kardesligi-6.jpg\" width=\"1600\" src=\"data:image\/svg+xml;base64,PHN2ZyB3aWR0aD0iMSIgaGVpZ2h0PSIxIiB4bWxucz0iaHR0cDovL3d3dy53My5vcmcvMjAwMC9zdmciPjwvc3ZnPg==\" style=\"--smush-placeholder-width: 1600px; --smush-placeholder-aspect-ratio: 1600\/900;\" \/><img decoding=\"async\" alt=\"Yanin Kardesligi (3)\" class=\"detail-photo img-fluid lazyload\" height=\"1066\" data-src=\"https:\/\/iskenderunorg.teimg.com\/iskenderun-org\/uploads\/2025\/07\/2025\/07\/yanin-kardesligi-3.jpg\" width=\"1600\" src=\"data:image\/svg+xml;base64,PHN2ZyB3aWR0aD0iMSIgaGVpZ2h0PSIxIiB4bWxucz0iaHR0cDovL3d3dy53My5vcmcvMjAwMC9zdmciPjwvc3ZnPg==\" style=\"--smush-placeholder-width: 1600px; --smush-placeholder-aspect-ratio: 1600\/1066;\" \/><img decoding=\"async\" alt=\"Yanin Kardesligi (4)\" class=\"detail-photo img-fluid lazyload\" height=\"1066\" data-src=\"https:\/\/iskenderunorg.teimg.com\/iskenderun-org\/uploads\/2025\/07\/2025\/07\/yanin-kardesligi-4.jpg\" width=\"1600\" src=\"data:image\/svg+xml;base64,PHN2ZyB3aWR0aD0iMSIgaGVpZ2h0PSIxIiB4bWxucz0iaHR0cDovL3d3dy53My5vcmcvMjAwMC9zdmciPjwvc3ZnPg==\" style=\"--smush-placeholder-width: 1600px; --smush-placeholder-aspect-ratio: 1600\/1066;\" \/><img decoding=\"async\" alt=\"Yanin Kardesligi (1)\" class=\"detail-photo img-fluid lazyload\" height=\"1066\" data-src=\"https:\/\/iskenderunorg.teimg.com\/iskenderun-org\/uploads\/2025\/07\/2025\/07\/yanin-kardesligi-1.jpg\" width=\"1600\" src=\"data:image\/svg+xml;base64,PHN2ZyB3aWR0aD0iMSIgaGVpZ2h0PSIxIiB4bWxucz0iaHR0cDovL3d3dy53My5vcmcvMjAwMC9zdmciPjwvc3ZnPg==\" style=\"--smush-placeholder-width: 1600px; --smush-placeholder-aspect-ratio: 1600\/1066;\" \/><img decoding=\"async\" alt=\"Yanin Kardesligi (2)\" class=\"detail-photo img-fluid lazyload\" height=\"1066\" data-src=\"https:\/\/iskenderunorg.teimg.com\/iskenderun-org\/uploads\/2025\/07\/2025\/07\/yanin-kardesligi-2.jpg\" width=\"1600\" src=\"data:image\/svg+xml;base64,PHN2ZyB3aWR0aD0iMSIgaGVpZ2h0PSIxIiB4bWxucz0iaHR0cDovL3d3dy53My5vcmcvMjAwMC9zdmciPjwvc3ZnPg==\" style=\"--smush-placeholder-width: 1600px; --smush-placeholder-aspect-ratio: 1600\/1066;\" \/><\/p>\n<p><img decoding=\"async\" alt=\"Yanin Kardesligi (9)\" class=\"detail-photo img-fluid lazyload\" height=\"1066\" data-src=\"https:\/\/iskenderunorg.teimg.com\/iskenderun-org\/uploads\/2025\/07\/2025\/07\/yanin-kardesligi-9.jpg\" width=\"1600\" src=\"data:image\/svg+xml;base64,PHN2ZyB3aWR0aD0iMSIgaGVpZ2h0PSIxIiB4bWxucz0iaHR0cDovL3d3dy53My5vcmcvMjAwMC9zdmciPjwvc3ZnPg==\" style=\"--smush-placeholder-width: 1600px; --smush-placeholder-aspect-ratio: 1600\/1066;\" \/><\/p>\n<p>\u200bSuriye Sivil Savunma ekipleri, yang\u0131n s\u00f6nd\u00fcrme birimleri, ilgili bakanl\u0131klar ve devlet kurumlar\u0131n\u0131n 12 g\u00fcn s\u00fcren yo\u011fun \u00e7al\u0131\u015fmalar\u0131 sonucunda, Lazkiye k\u0131rsal\u0131nda \u00e7\u0131kan orman yang\u0131nlar\u0131n\u0131n tamamen kontrol alt\u0131na al\u0131nd\u0131\u011f\u0131n\u0131 duyurdu.\u00a0<\/p>\n<p>\u200bHaberin Al\u0131nt\u0131land\u0131\u011f\u0131 Kaynak: www.iskenderun.org<\/p>","protected":false},"excerpt":{"rendered":"<p>S\u00f6nd\u00fcrme \u00e7al\u0131\u015fmalar\u0131na kat\u0131lan t\u00fcm \u00fclkelerin birimlerinin bir araya geldi\u011fi bas\u0131n toplant\u0131s\u0131nda, yang\u0131nla m\u00fccadelede g\u00f6sterilen ulusal ve uluslararas\u0131 dayan\u0131\u015fmaya dikkat \u00e7ekildi. Yang\u0131n s\u00f6nd\u00fcrme \u00e7al\u0131\u015fmalar\u0131na Suriye\u2019nin yan\u0131 s\u0131ra T\u00fcrkiye, \u00dcrd\u00fcn, Irak ve Katar\u2019dan gelen itfaiye, ambulans ve kurtarma ekipleri aktif olarak kat\u0131lm\u0131\u015ft\u0131. Ayr\u0131ca L\u00fcbnan, \u00dcrd\u00fcn, Irak ve Katar\u2019dan gelen g\u00f6n\u00fcll\u00fc ekipler ile yerel topluluklar da sahada b\u00fcy\u00fck destek vermi\u015fti. 12 g\u00fcn boyunca s\u00fcren zorlu m\u00fccadelenin ard\u0131ndan yetkililer, yang\u0131nlar\u0131n tamamen s\u00f6nd\u00fcr\u00fcld\u00fc\u011f\u00fcn\u00fc ve so\u011futma \u00e7al\u0131\u015fmalar\u0131n\u0131n tamamland\u0131\u011f\u0131n\u0131 a\u00e7\u0131klad\u0131. S\u00f6z konusu s\u00fcre\u00e7te sergilenen dayan\u0131\u015fma, b\u00f6lgede karde\u015flik ve i\u015f birli\u011finin g\u00fc\u00e7l\u00fc bir sembol\u00fc olarak de\u011ferlendirildi. Suriye Sivil Savunma yetkilileri, bu s\u00fcrecin sadece bir \u00e7evre felaketiyle m\u00fccadele de\u011fil, ayn\u0131 zamanda b\u00f6lge halklar\u0131 aras\u0131ndaki birlik ve beraberli\u011fin bir g\u00f6stergesi oldu\u011funu vurgulad\u0131. Bas\u0131n Toplant\u0131s\u0131nda ayr\u0131ca \u015funlar kaydedildi: \u201cT\u00fcrk itfaiyecileri Suriyeli meslekta\u015flar\u0131yla, \u00dcrd\u00fcnl\u00fc ve Irakl\u0131 itfaiyecilerle yan yana g\u00f6rmek ve Suriye, T\u00fcrkiye, \u00dcrd\u00fcn, L\u00fcbnan ve Katar u\u00e7aklar\u0131n\u0131n g\u00fc\u00e7lerini birle\u015ftirmesini g\u00f6rmek nefes kesici bir manzarayd\u0131. En kritik anlarda yan\u0131m\u0131za geldiler, \u00e7aba sarf ettiler risk ald\u0131lar ve Suriyeli meslekta\u015flar\u0131n\u0131n, Suriye ve gelece\u011fi i\u00e7in korkusuzca yang\u0131nlarla y\u00fczle\u015fen Suriyelilerin yan\u0131nda durdular. T\u00fcrkiye, \u00dcrd\u00fcn, Irak, L\u00fcbnan ve Katar&#8217;dan gelen ekiplere ve bizi destekleyen t\u00fcm g\u00f6n\u00fcll\u00fc ekiplere te\u015fekk\u00fcrlerini sunar. Tehlikeli iklim de\u011fi\u015fikli\u011fi ve Suriye&#8217;nin tarihinde kar\u015f\u0131la\u015ft\u0131\u011f\u0131 en k\u00f6t\u00fc kurakl\u0131k ortam\u0131nda, lojistik destek sa\u011flama, toprak erozyonu ve kalan &hellip;<\/p>","protected":false},"author":1,"featured_media":0,"comment_status":"","ping_status":"open","sticky":false,"template":"","format":"standard","meta":{"_acf_changed":false,"footnotes":""},"categories":[24],"tags":[],"class_list":["post-147819","post","type-post","status-publish","format-standard","has-post-thumbnail","hentry","category-gundem"],"acf":[],"yoast_head":"<!-- This site is optimized with the Yoast SEO Premium plugin v26.6 (Yoast SEO v27.1.1) - https:\/\/yoast.com\/product\/yoast-seo-premium-wordpress\/ -->\n<title>Suriye Lazkiye\u2019de yang\u0131n tamamen s\u00f6nd\u00fcr\u00fcld\u00fc - Av. Deniz Can K\u0131z\u0131l<\/title>\n<meta name=\"robots\" content=\"index, follow, max-snippet:-1, max-image-preview:large, max-video-preview:-1\" \/>\n<link rel=\"canonical\" href=\"http:\/\/denizcankizil.tr\/uk\/haberler\/gundem\/suriye-lazkiyede-yangin-tamamen-sonduruldu\/\" \/>\n<meta property=\"og:locale\" content=\"uk_UA\" \/>\n<meta property=\"og:type\" content=\"article\" \/>\n<meta property=\"og:title\" content=\"Suriye Lazkiye\u2019de yang\u0131n tamamen s\u00f6nd\u00fcr\u00fcld\u00fc\" \/>\n<meta property=\"og:description\" content=\"S\u00f6nd\u00fcrme \u00e7al\u0131\u015fmalar\u0131na kat\u0131lan t\u00fcm \u00fclkelerin birimlerinin bir araya geldi\u011fi bas\u0131n toplant\u0131s\u0131nda, yang\u0131nla m\u00fccadelede g\u00f6sterilen ulusal ve uluslararas\u0131 dayan\u0131\u015fmaya dikkat \u00e7ekildi. Yang\u0131n s\u00f6nd\u00fcrme \u00e7al\u0131\u015fmalar\u0131na Suriye\u2019nin yan\u0131 s\u0131ra T\u00fcrkiye, \u00dcrd\u00fcn, Irak ve Katar\u2019dan gelen itfaiye, ambulans ve kurtarma ekipleri aktif olarak kat\u0131lm\u0131\u015ft\u0131. Ayr\u0131ca L\u00fcbnan, \u00dcrd\u00fcn, Irak ve Katar\u2019dan gelen g\u00f6n\u00fcll\u00fc ekipler ile yerel topluluklar da sahada b\u00fcy\u00fck destek vermi\u015fti. 12 g\u00fcn boyunca s\u00fcren zorlu m\u00fccadelenin ard\u0131ndan yetkililer, yang\u0131nlar\u0131n tamamen s\u00f6nd\u00fcr\u00fcld\u00fc\u011f\u00fcn\u00fc ve so\u011futma \u00e7al\u0131\u015fmalar\u0131n\u0131n tamamland\u0131\u011f\u0131n\u0131 a\u00e7\u0131klad\u0131. S\u00f6z konusu s\u00fcre\u00e7te sergilenen dayan\u0131\u015fma, b\u00f6lgede karde\u015flik ve i\u015f birli\u011finin g\u00fc\u00e7l\u00fc bir sembol\u00fc olarak de\u011ferlendirildi. Suriye Sivil Savunma yetkilileri, bu s\u00fcrecin sadece bir \u00e7evre felaketiyle m\u00fccadele de\u011fil, ayn\u0131 zamanda b\u00f6lge halklar\u0131 aras\u0131ndaki birlik ve beraberli\u011fin bir g\u00f6stergesi oldu\u011funu vurgulad\u0131. Bas\u0131n Toplant\u0131s\u0131nda ayr\u0131ca \u015funlar kaydedildi: \u201cT\u00fcrk itfaiyecileri Suriyeli meslekta\u015flar\u0131yla, \u00dcrd\u00fcnl\u00fc ve Irakl\u0131 itfaiyecilerle yan yana g\u00f6rmek ve Suriye, T\u00fcrkiye, \u00dcrd\u00fcn, L\u00fcbnan ve Katar u\u00e7aklar\u0131n\u0131n g\u00fc\u00e7lerini birle\u015ftirmesini g\u00f6rmek nefes kesici bir manzarayd\u0131. En kritik anlarda yan\u0131m\u0131za geldiler, \u00e7aba sarf ettiler risk ald\u0131lar ve Suriyeli meslekta\u015flar\u0131n\u0131n, Suriye ve gelece\u011fi i\u00e7in korkusuzca yang\u0131nlarla y\u00fczle\u015fen Suriyelilerin yan\u0131nda durdular. T\u00fcrkiye, \u00dcrd\u00fcn, Irak, L\u00fcbnan ve Katar&#8217;dan gelen ekiplere ve bizi destekleyen t\u00fcm g\u00f6n\u00fcll\u00fc ekiplere te\u015fekk\u00fcrlerini sunar. Tehlikeli iklim de\u011fi\u015fikli\u011fi ve Suriye&#8217;nin tarihinde kar\u015f\u0131la\u015ft\u0131\u011f\u0131 en k\u00f6t\u00fc kurakl\u0131k ortam\u0131nda, lojistik destek sa\u011flama, toprak erozyonu ve kalan &hellip;\" \/>\n<meta property=\"og:url\" content=\"http:\/\/denizcankizil.tr\/uk\/haberler\/gundem\/suriye-lazkiyede-yangin-tamamen-sonduruldu\/\" \/>\n<meta property=\"og:site_name\" content=\"Av. Deniz Can K\u0131z\u0131l\" \/>\n<meta property=\"article:published_time\" content=\"2025-07-16T09:43:19+00:00\" \/>\n<meta property=\"og:image\" content=\"https:\/\/iskenderunorg.teimg.com\/iskenderun-org\/uploads\/2025\/07\/2025\/07\/yanin-kardesligi-7.jpg\" \/>\n<meta name=\"author\" content=\"admin\" \/>\n<meta name=\"twitter:card\" content=\"summary_large_image\" \/>\n<meta name=\"twitter:label1\" content=\"\u041d\u0430\u043f\u0438\u0441\u0430\u043d\u043e\" \/>\n\t<meta name=\"twitter:data1\" content=\"admin\" \/>\n\t<meta name=\"twitter:label2\" content=\"\u041f\u0440\u0438\u0431\u043b. \u0447\u0430\u0441 \u0447\u0438\u0442\u0430\u043d\u043d\u044f\" \/>\n\t<meta name=\"twitter:data2\" content=\"3 \u0445\u0432\u0438\u043b\u0438\u043d\u0438\" \/>\n<script type=\"application\/ld+json\" class=\"yoast-schema-graph\">{\"@context\":\"https:\/\/schema.org\",\"@graph\":[{\"@type\":\"Article\",\"@id\":\"http:\/\/denizcankizil.tr\/uk\/haberler\/gundem\/suriye-lazkiyede-yangin-tamamen-sonduruldu\/#article\",\"isPartOf\":{\"@id\":\"http:\/\/denizcankizil.tr\/uk\/haberler\/gundem\/suriye-lazkiyede-yangin-tamamen-sonduruldu\/\"},\"author\":{\"name\":\"admin\",\"@id\":\"https:\/\/denizcankizil.tr\/de\/#\/schema\/person\/be3c05fe6a12686905512445d8185489\"},\"headline\":\"Suriye Lazkiye\u2019de yang\u0131n tamamen s\u00f6nd\u00fcr\u00fcld\u00fc\",\"datePublished\":\"2025-07-16T09:43:19+00:00\",\"mainEntityOfPage\":{\"@id\":\"http:\/\/denizcankizil.tr\/uk\/haberler\/gundem\/suriye-lazkiyede-yangin-tamamen-sonduruldu\/\"},\"wordCount\":596,\"publisher\":{\"@id\":\"https:\/\/denizcankizil.tr\/de\/#organization\"},\"image\":{\"@id\":\"http:\/\/denizcankizil.tr\/uk\/haberler\/gundem\/suriye-lazkiyede-yangin-tamamen-sonduruldu\/#primaryimage\"},\"thumbnailUrl\":\"https:\/\/iskenderunorg.teimg.com\/iskenderun-org\/uploads\/2025\/07\/2025\/07\/yanin-kardesligi-7.jpg\",\"articleSection\":[\"G\u00fcndem\"],\"inLanguage\":\"uk\"},{\"@type\":\"WebPage\",\"@id\":\"http:\/\/denizcankizil.tr\/uk\/haberler\/gundem\/suriye-lazkiyede-yangin-tamamen-sonduruldu\/\",\"url\":\"http:\/\/denizcankizil.tr\/uk\/haberler\/gundem\/suriye-lazkiyede-yangin-tamamen-sonduruldu\/\",\"name\":\"Suriye Lazkiye\u2019de yang\u0131n tamamen s\u00f6nd\u00fcr\u00fcld\u00fc - Av. Deniz Can K\u0131z\u0131l\",\"isPartOf\":{\"@id\":\"https:\/\/denizcankizil.tr\/de\/#website\"},\"primaryImageOfPage\":{\"@id\":\"http:\/\/denizcankizil.tr\/uk\/haberler\/gundem\/suriye-lazkiyede-yangin-tamamen-sonduruldu\/#primaryimage\"},\"image\":{\"@id\":\"http:\/\/denizcankizil.tr\/uk\/haberler\/gundem\/suriye-lazkiyede-yangin-tamamen-sonduruldu\/#primaryimage\"},\"thumbnailUrl\":\"https:\/\/iskenderunorg.teimg.com\/iskenderun-org\/uploads\/2025\/07\/2025\/07\/yanin-kardesligi-7.jpg\",\"datePublished\":\"2025-07-16T09:43:19+00:00\",\"breadcrumb\":{\"@id\":\"http:\/\/denizcankizil.tr\/uk\/haberler\/gundem\/suriye-lazkiyede-yangin-tamamen-sonduruldu\/#breadcrumb\"},\"inLanguage\":\"uk\",\"potentialAction\":[{\"@type\":\"ReadAction\",\"target\":[\"http:\/\/denizcankizil.tr\/uk\/haberler\/gundem\/suriye-lazkiyede-yangin-tamamen-sonduruldu\/\"]}]},{\"@type\":\"ImageObject\",\"inLanguage\":\"uk\",\"@id\":\"http:\/\/denizcankizil.tr\/uk\/haberler\/gundem\/suriye-lazkiyede-yangin-tamamen-sonduruldu\/#primaryimage\",\"url\":\"https:\/\/iskenderunorg.teimg.com\/iskenderun-org\/uploads\/2025\/07\/2025\/07\/yanin-kardesligi-7.jpg\",\"contentUrl\":\"https:\/\/iskenderunorg.teimg.com\/iskenderun-org\/uploads\/2025\/07\/2025\/07\/yanin-kardesligi-7.jpg\"},{\"@type\":\"BreadcrumbList\",\"@id\":\"http:\/\/denizcankizil.tr\/uk\/haberler\/gundem\/suriye-lazkiyede-yangin-tamamen-sonduruldu\/#breadcrumb\",\"itemListElement\":[{\"@type\":\"ListItem\",\"position\":1,\"name\":\"Home\",\"item\":\"https:\/\/denizcankizil.tr\/de\/\"},{\"@type\":\"ListItem\",\"position\":2,\"name\":\"Suriye Lazkiye\u2019de yang\u0131n tamamen s\u00f6nd\u00fcr\u00fcld\u00fc\"}]},{\"@type\":\"WebSite\",\"@id\":\"https:\/\/denizcankizil.tr\/de\/#website\",\"url\":\"https:\/\/denizcankizil.tr\/de\/\",\"name\":\"Av. Deniz Can K\u0131z\u0131l\",\"description\":\"Avukat Deniz Can K\u0131z\u0131l Antalya Barosu\",\"publisher\":{\"@id\":\"https:\/\/denizcankizil.tr\/de\/#organization\"},\"potentialAction\":[{\"@type\":\"SearchAction\",\"target\":{\"@type\":\"EntryPoint\",\"urlTemplate\":\"https:\/\/denizcankizil.tr\/de\/?s={search_term_string}\"},\"query-input\":{\"@type\":\"PropertyValueSpecification\",\"valueRequired\":true,\"valueName\":\"search_term_string\"}}],\"inLanguage\":\"uk\"},{\"@type\":\"Organization\",\"@id\":\"https:\/\/denizcankizil.tr\/de\/#organization\",\"name\":\"Av. Deniz Can K\u0131z\u0131l\",\"url\":\"https:\/\/denizcankizil.tr\/de\/\",\"logo\":{\"@type\":\"ImageObject\",\"inLanguage\":\"uk\",\"@id\":\"https:\/\/denizcankizil.tr\/de\/#\/schema\/logo\/image\/\",\"url\":\"http:\/\/denizcankizil.tr\/wp-content\/uploads\/2024\/10\/siyah-logo-svg.svg\",\"contentUrl\":\"http:\/\/denizcankizil.tr\/wp-content\/uploads\/2024\/10\/siyah-logo-svg.svg\",\"width\":1080,\"height\":1080,\"caption\":\"Av. Deniz Can K\u0131z\u0131l\"},\"image\":{\"@id\":\"https:\/\/denizcankizil.tr\/de\/#\/schema\/logo\/image\/\"}},{\"@type\":\"Person\",\"@id\":\"https:\/\/denizcankizil.tr\/de\/#\/schema\/person\/be3c05fe6a12686905512445d8185489\",\"name\":\"admin\",\"image\":{\"@type\":\"ImageObject\",\"inLanguage\":\"uk\",\"@id\":\"https:\/\/denizcankizil.tr\/de\/#\/schema\/person\/image\/\",\"url\":\"https:\/\/secure.gravatar.com\/avatar\/c1fce94c830dc79107e174f890d7210541c4a63e8e5d816341794a2151c9d58c?s=96&d=mm&r=g\",\"contentUrl\":\"https:\/\/secure.gravatar.com\/avatar\/c1fce94c830dc79107e174f890d7210541c4a63e8e5d816341794a2151c9d58c?s=96&d=mm&r=g\",\"caption\":\"admin\"},\"sameAs\":[\"http:\/\/denizcankizil.tr\"],\"url\":\"https:\/\/www.iskenderun.org\/suriye-lazkiyede-yangin-tamamen-sonduruldu\"}]}<\/script>\n<!-- \/ Yoast SEO Premium plugin. -->","yoast_head_json":{"title":"Suriye Lazkiye\u2019de yang\u0131n tamamen s\u00f6nd\u00fcr\u00fcld\u00fc - Av. Deniz Can K\u0131z\u0131l","robots":{"index":"index","follow":"follow","max-snippet":"max-snippet:-1","max-image-preview":"max-image-preview:large","max-video-preview":"max-video-preview:-1"},"canonical":"http:\/\/denizcankizil.tr\/uk\/haberler\/gundem\/suriye-lazkiyede-yangin-tamamen-sonduruldu\/","og_locale":"uk_UA","og_type":"article","og_title":"Suriye Lazkiye\u2019de yang\u0131n tamamen s\u00f6nd\u00fcr\u00fcld\u00fc","og_description":"S\u00f6nd\u00fcrme \u00e7al\u0131\u015fmalar\u0131na kat\u0131lan t\u00fcm \u00fclkelerin birimlerinin bir araya geldi\u011fi bas\u0131n toplant\u0131s\u0131nda, yang\u0131nla m\u00fccadelede g\u00f6sterilen ulusal ve uluslararas\u0131 dayan\u0131\u015fmaya dikkat \u00e7ekildi. Yang\u0131n s\u00f6nd\u00fcrme \u00e7al\u0131\u015fmalar\u0131na Suriye\u2019nin yan\u0131 s\u0131ra T\u00fcrkiye, \u00dcrd\u00fcn, Irak ve Katar\u2019dan gelen itfaiye, ambulans ve kurtarma ekipleri aktif olarak kat\u0131lm\u0131\u015ft\u0131. Ayr\u0131ca L\u00fcbnan, \u00dcrd\u00fcn, Irak ve Katar\u2019dan gelen g\u00f6n\u00fcll\u00fc ekipler ile yerel topluluklar da sahada b\u00fcy\u00fck destek vermi\u015fti. 12 g\u00fcn boyunca s\u00fcren zorlu m\u00fccadelenin ard\u0131ndan yetkililer, yang\u0131nlar\u0131n tamamen s\u00f6nd\u00fcr\u00fcld\u00fc\u011f\u00fcn\u00fc ve so\u011futma \u00e7al\u0131\u015fmalar\u0131n\u0131n tamamland\u0131\u011f\u0131n\u0131 a\u00e7\u0131klad\u0131. S\u00f6z konusu s\u00fcre\u00e7te sergilenen dayan\u0131\u015fma, b\u00f6lgede karde\u015flik ve i\u015f birli\u011finin g\u00fc\u00e7l\u00fc bir sembol\u00fc olarak de\u011ferlendirildi. Suriye Sivil Savunma yetkilileri, bu s\u00fcrecin sadece bir \u00e7evre felaketiyle m\u00fccadele de\u011fil, ayn\u0131 zamanda b\u00f6lge halklar\u0131 aras\u0131ndaki birlik ve beraberli\u011fin bir g\u00f6stergesi oldu\u011funu vurgulad\u0131. Bas\u0131n Toplant\u0131s\u0131nda ayr\u0131ca \u015funlar kaydedildi: \u201cT\u00fcrk itfaiyecileri Suriyeli meslekta\u015flar\u0131yla, \u00dcrd\u00fcnl\u00fc ve Irakl\u0131 itfaiyecilerle yan yana g\u00f6rmek ve Suriye, T\u00fcrkiye, \u00dcrd\u00fcn, L\u00fcbnan ve Katar u\u00e7aklar\u0131n\u0131n g\u00fc\u00e7lerini birle\u015ftirmesini g\u00f6rmek nefes kesici bir manzarayd\u0131. En kritik anlarda yan\u0131m\u0131za geldiler, \u00e7aba sarf ettiler risk ald\u0131lar ve Suriyeli meslekta\u015flar\u0131n\u0131n, Suriye ve gelece\u011fi i\u00e7in korkusuzca yang\u0131nlarla y\u00fczle\u015fen Suriyelilerin yan\u0131nda durdular. T\u00fcrkiye, \u00dcrd\u00fcn, Irak, L\u00fcbnan ve Katar&#8217;dan gelen ekiplere ve bizi destekleyen t\u00fcm g\u00f6n\u00fcll\u00fc ekiplere te\u015fekk\u00fcrlerini sunar. Tehlikeli iklim de\u011fi\u015fikli\u011fi ve Suriye&#8217;nin tarihinde kar\u015f\u0131la\u015ft\u0131\u011f\u0131 en k\u00f6t\u00fc kurakl\u0131k ortam\u0131nda, lojistik destek sa\u011flama, toprak erozyonu ve kalan &hellip;","og_url":"http:\/\/denizcankizil.tr\/uk\/haberler\/gundem\/suriye-lazkiyede-yangin-tamamen-sonduruldu\/","og_site_name":"Av. Deniz Can K\u0131z\u0131l","article_published_time":"2025-07-16T09:43:19+00:00","og_image":[{"url":"https:\/\/iskenderunorg.teimg.com\/iskenderun-org\/uploads\/2025\/07\/2025\/07\/yanin-kardesligi-7.jpg","type":"","width":"","height":""}],"author":"admin","twitter_card":"summary_large_image","twitter_misc":{"\u041d\u0430\u043f\u0438\u0441\u0430\u043d\u043e":"admin","\u041f\u0440\u0438\u0431\u043b. \u0447\u0430\u0441 \u0447\u0438\u0442\u0430\u043d\u043d\u044f":"3 \u0445\u0432\u0438\u043b\u0438\u043d\u0438"},"schema":{"@context":"https:\/\/schema.org","@graph":[{"@type":"Article","@id":"http:\/\/denizcankizil.tr\/uk\/haberler\/gundem\/suriye-lazkiyede-yangin-tamamen-sonduruldu\/#article","isPartOf":{"@id":"http:\/\/denizcankizil.tr\/uk\/haberler\/gundem\/suriye-lazkiyede-yangin-tamamen-sonduruldu\/"},"author":{"name":"admin","@id":"https:\/\/denizcankizil.tr\/de\/#\/schema\/person\/be3c05fe6a12686905512445d8185489"},"headline":"Suriye Lazkiye\u2019de yang\u0131n tamamen s\u00f6nd\u00fcr\u00fcld\u00fc","datePublished":"2025-07-16T09:43:19+00:00","mainEntityOfPage":{"@id":"http:\/\/denizcankizil.tr\/uk\/haberler\/gundem\/suriye-lazkiyede-yangin-tamamen-sonduruldu\/"},"wordCount":596,"publisher":{"@id":"https:\/\/denizcankizil.tr\/de\/#organization"},"image":{"@id":"http:\/\/denizcankizil.tr\/uk\/haberler\/gundem\/suriye-lazkiyede-yangin-tamamen-sonduruldu\/#primaryimage"},"thumbnailUrl":"https:\/\/iskenderunorg.teimg.com\/iskenderun-org\/uploads\/2025\/07\/2025\/07\/yanin-kardesligi-7.jpg","articleSection":["G\u00fcndem"],"inLanguage":"uk"},{"@type":"WebPage","@id":"http:\/\/denizcankizil.tr\/uk\/haberler\/gundem\/suriye-lazkiyede-yangin-tamamen-sonduruldu\/","url":"http:\/\/denizcankizil.tr\/uk\/haberler\/gundem\/suriye-lazkiyede-yangin-tamamen-sonduruldu\/","name":"Suriye Lazkiye\u2019de yang\u0131n tamamen s\u00f6nd\u00fcr\u00fcld\u00fc - Av. Deniz Can K\u0131z\u0131l","isPartOf":{"@id":"https:\/\/denizcankizil.tr\/de\/#website"},"primaryImageOfPage":{"@id":"http:\/\/denizcankizil.tr\/uk\/haberler\/gundem\/suriye-lazkiyede-yangin-tamamen-sonduruldu\/#primaryimage"},"image":{"@id":"http:\/\/denizcankizil.tr\/uk\/haberler\/gundem\/suriye-lazkiyede-yangin-tamamen-sonduruldu\/#primaryimage"},"thumbnailUrl":"https:\/\/iskenderunorg.teimg.com\/iskenderun-org\/uploads\/2025\/07\/2025\/07\/yanin-kardesligi-7.jpg","datePublished":"2025-07-16T09:43:19+00:00","breadcrumb":{"@id":"http:\/\/denizcankizil.tr\/uk\/haberler\/gundem\/suriye-lazkiyede-yangin-tamamen-sonduruldu\/#breadcrumb"},"inLanguage":"uk","potentialAction":[{"@type":"ReadAction","target":["http:\/\/denizcankizil.tr\/uk\/haberler\/gundem\/suriye-lazkiyede-yangin-tamamen-sonduruldu\/"]}]},{"@type":"ImageObject","inLanguage":"uk","@id":"http:\/\/denizcankizil.tr\/uk\/haberler\/gundem\/suriye-lazkiyede-yangin-tamamen-sonduruldu\/#primaryimage","url":"https:\/\/iskenderunorg.teimg.com\/iskenderun-org\/uploads\/2025\/07\/2025\/07\/yanin-kardesligi-7.jpg","contentUrl":"https:\/\/iskenderunorg.teimg.com\/iskenderun-org\/uploads\/2025\/07\/2025\/07\/yanin-kardesligi-7.jpg"},{"@type":"BreadcrumbList","@id":"http:\/\/denizcankizil.tr\/uk\/haberler\/gundem\/suriye-lazkiyede-yangin-tamamen-sonduruldu\/#breadcrumb","itemListElement":[{"@type":"ListItem","position":1,"name":"Home","item":"https:\/\/denizcankizil.tr\/de\/"},{"@type":"ListItem","position":2,"name":"Suriye Lazkiye\u2019de yang\u0131n tamamen s\u00f6nd\u00fcr\u00fcld\u00fc"}]},{"@type":"WebSite","@id":"https:\/\/denizcankizil.tr\/de\/#website","url":"https:\/\/denizcankizil.tr\/de\/","name":"Av. Deniz Can K\u0131z\u0131l","description":"Avukat Deniz Can K\u0131z\u0131l Antalya Barosu","publisher":{"@id":"https:\/\/denizcankizil.tr\/de\/#organization"},"potentialAction":[{"@type":"SearchAction","target":{"@type":"EntryPoint","urlTemplate":"https:\/\/denizcankizil.tr\/de\/?s={search_term_string}"},"query-input":{"@type":"PropertyValueSpecification","valueRequired":true,"valueName":"search_term_string"}}],"inLanguage":"uk"},{"@type":"Organization","@id":"https:\/\/denizcankizil.tr\/de\/#organization","name":"Av. Deniz Can K\u0131z\u0131l","url":"https:\/\/denizcankizil.tr\/de\/","logo":{"@type":"ImageObject","inLanguage":"uk","@id":"https:\/\/denizcankizil.tr\/de\/#\/schema\/logo\/image\/","url":"http:\/\/denizcankizil.tr\/wp-content\/uploads\/2024\/10\/siyah-logo-svg.svg","contentUrl":"http:\/\/denizcankizil.tr\/wp-content\/uploads\/2024\/10\/siyah-logo-svg.svg","width":1080,"height":1080,"caption":"Av. Deniz Can K\u0131z\u0131l"},"image":{"@id":"https:\/\/denizcankizil.tr\/de\/#\/schema\/logo\/image\/"}},{"@type":"Person","@id":"https:\/\/denizcankizil.tr\/de\/#\/schema\/person\/be3c05fe6a12686905512445d8185489","name":"\u0430\u0434\u043c\u0456\u043d","image":{"@type":"ImageObject","inLanguage":"uk","@id":"https:\/\/denizcankizil.tr\/de\/#\/schema\/person\/image\/","url":"https:\/\/secure.gravatar.com\/avatar\/c1fce94c830dc79107e174f890d7210541c4a63e8e5d816341794a2151c9d58c?s=96&d=mm&r=g","contentUrl":"https:\/\/secure.gravatar.com\/avatar\/c1fce94c830dc79107e174f890d7210541c4a63e8e5d816341794a2151c9d58c?s=96&d=mm&r=g","caption":"admin"},"sameAs":["http:\/\/denizcankizil.tr"],"url":"https:\/\/www.iskenderun.org\/suriye-lazkiyede-yangin-tamamen-sonduruldu"}]}},"_links":{"self":[{"href":"http:\/\/denizcankizil.tr\/uk\/wp-json\/wp\/v2\/posts\/147819","targetHints":{"allow":["GET"]}}],"collection":[{"href":"http:\/\/denizcankizil.tr\/uk\/wp-json\/wp\/v2\/posts"}],"about":[{"href":"http:\/\/denizcankizil.tr\/uk\/wp-json\/wp\/v2\/types\/post"}],"author":[{"embeddable":true,"href":"http:\/\/denizcankizil.tr\/uk\/wp-json\/wp\/v2\/users\/1"}],"replies":[{"embeddable":true,"href":"http:\/\/denizcankizil.tr\/uk\/wp-json\/wp\/v2\/comments?post=147819"}],"version-history":[{"count":0,"href":"http:\/\/denizcankizil.tr\/uk\/wp-json\/wp\/v2\/posts\/147819\/revisions"}],"wp:attachment":[{"href":"http:\/\/denizcankizil.tr\/uk\/wp-json\/wp\/v2\/media?parent=147819"}],"wp:term":[{"taxonomy":"category","embeddable":true,"href":"http:\/\/denizcankizil.tr\/uk\/wp-json\/wp\/v2\/categories?post=147819"},{"taxonomy":"post_tag","embeddable":true,"href":"http:\/\/denizcankizil.tr\/uk\/wp-json\/wp\/v2\/tags?post=147819"}],"curies":[{"name":"wp","href":"https:\/\/api.w.org\/{rel}","templated":true}]}}