{"id":147046,"date":"2025-07-15T19:42:53","date_gmt":"2025-07-15T16:42:53","guid":{"rendered":"https:\/\/denizcankizil.tr\/uncategorized-tr\/uzman-cavus-huseyin-dogmaz-kalbine-yenildi\/"},"modified":"2025-07-15T19:42:53","modified_gmt":"2025-07-15T16:42:53","slug":"uzman-cavus-huseyin-dogmaz-kalbine-yenildi","status":"publish","type":"post","link":"http:\/\/denizcankizil.tr\/uk\/haberler\/gundem\/uzman-cavus-huseyin-dogmaz-kalbine-yenildi\/","title":{"rendered":"Uzman \u00c7avu\u015f H\u00fcseyin Do\u011fmaz Kalbine yenildi\u2026"},"content":{"rendered":"<p>Ad\u0131yaman\u2019da g\u00f6rev yapan \u0130skenderunlu Uzman \u00c7avu\u015f H\u00fcseyin Do\u011fmaz\u2019\u0131n, gen\u00e7 ya\u015fta ani vefat, ba\u015fta ailesi ve yak\u0131n \u00e7evresi olmak \u00fczere g\u00f6rev arkada\u015flar\u0131n\u0131 yasa bo\u011fdu. \u00dc\u00e7 g\u00fcn \u00f6nce baba oldu\u011fu, e\u015fiyle birlikte d\u00fcnyaya gelen bebeklerini kucaklar\u0131na alman\u0131n mutlulu\u011funu ya\u015fayan aile, b\u00fcy\u00fck bir mutlulu\u011fun ard\u0131ndan derin bir ac\u0131yla sars\u0131ld\u0131.<\/p>\n<p>Uzman \u00c7avu\u015f H\u00fcseyin Do\u011fmaz\u2019\u0131n T\u00fcrk Bayra\u011f\u0131na sar\u0131l\u0131 cenazesi, Mehmet\u00e7i\u011fin omuzlar\u0131nda G\u00fcltepe Camii\u2019ne getirildi. K\u0131l\u0131nan cenaze namaz\u0131n\u0131n ard\u0131ndan merhum Uzman \u00c7avu\u015f H\u00fcseyin Do\u011fmaz, Belen\u2019de g\u00f6zya\u015flar\u0131 ve dualar e\u015fli\u011finde topra\u011fa verildi\u011fi<\/p>\n\n<p>Baba Hasan Do\u011fmaz ile aile taziyeleri G\u00fcltepe Mahallesinde \u00c7i\u011fdemlik Camii arkas\u0131ndaki evlerinde kabul ediyor.<\/p>\n<p><img decoding=\"async\" alt=\"518295454 10162764198095053 7710341654909086940 N\" class=\"detail-photo img-fluid lazyload\" height=\"1542\" data-src=\"https:\/\/iskenderunorg.teimg.com\/iskenderun-org\/uploads\/2025\/07\/2025\/07\/518295454-10162764198095053-7710341654909086940-n.jpg\" width=\"2048\" src=\"data:image\/svg+xml;base64,PHN2ZyB3aWR0aD0iMSIgaGVpZ2h0PSIxIiB4bWxucz0iaHR0cDovL3d3dy53My5vcmcvMjAwMC9zdmciPjwvc3ZnPg==\" style=\"--smush-placeholder-width: 2048px; --smush-placeholder-aspect-ratio: 2048\/1542;\" \/><img decoding=\"async\" alt=\"518267432 10162764197410053 1225075405680533050 N\" class=\"detail-photo img-fluid lazyload\" height=\"1542\" data-src=\"https:\/\/iskenderunorg.teimg.com\/iskenderun-org\/uploads\/2025\/07\/2025\/07\/518267432-10162764197410053-1225075405680533050-n.jpg\" width=\"2048\" src=\"data:image\/svg+xml;base64,PHN2ZyB3aWR0aD0iMSIgaGVpZ2h0PSIxIiB4bWxucz0iaHR0cDovL3d3dy53My5vcmcvMjAwMC9zdmciPjwvc3ZnPg==\" style=\"--smush-placeholder-width: 2048px; --smush-placeholder-aspect-ratio: 2048\/1542;\" \/><img decoding=\"async\" alt=\"504381703 10162764196940053 720237163489862160 N\" class=\"detail-photo img-fluid lazyload\" height=\"1920\" data-src=\"https:\/\/iskenderunorg.teimg.com\/iskenderun-org\/uploads\/2025\/07\/2025\/07\/504381703-10162764196940053-720237163489862160-n.jpg\" width=\"1080\" src=\"data:image\/svg+xml;base64,PHN2ZyB3aWR0aD0iMSIgaGVpZ2h0PSIxIiB4bWxucz0iaHR0cDovL3d3dy53My5vcmcvMjAwMC9zdmciPjwvc3ZnPg==\" style=\"--smush-placeholder-width: 1080px; --smush-placeholder-aspect-ratio: 1080\/1920;\" \/><\/p>\n<p>\u200bHatay\u2019\u0131n \u0130skenderun il\u00e7esinde Telekom&#8217;dan emekli i\u00e7 \u015febeke i\u015f\u00e7ilerinden Hasan Do\u011fmaz&#8217;\u0131n Ad\u0131yaman\u2019da ikamet eden, Uzman \u00c7avu\u015f evlad\u0131 H\u00fcseyin Do\u011fmaz, ge\u00e7irdi\u011fi kalp krizi sonucu hayat\u0131n\u0131 kaybetti.\u00a0<\/p>\n<p>\u200bHaberin Al\u0131nt\u0131land\u0131\u011f\u0131 Kaynak: www.iskenderun.org<\/p>","protected":false},"excerpt":{"rendered":"<p>Ad\u0131yaman\u2019da g\u00f6rev yapan \u0130skenderunlu Uzman \u00c7avu\u015f H\u00fcseyin Do\u011fmaz\u2019\u0131n, gen\u00e7 ya\u015fta ani vefat, ba\u015fta ailesi ve yak\u0131n \u00e7evresi olmak \u00fczere g\u00f6rev arkada\u015flar\u0131n\u0131 yasa bo\u011fdu. \u00dc\u00e7 g\u00fcn \u00f6nce baba oldu\u011fu, e\u015fiyle birlikte d\u00fcnyaya gelen bebeklerini kucaklar\u0131na alman\u0131n mutlulu\u011funu ya\u015fayan aile, b\u00fcy\u00fck bir mutlulu\u011fun ard\u0131ndan derin bir ac\u0131yla sars\u0131ld\u0131. Uzman \u00c7avu\u015f H\u00fcseyin Do\u011fmaz\u2019\u0131n T\u00fcrk Bayra\u011f\u0131na sar\u0131l\u0131 cenazesi, Mehmet\u00e7i\u011fin omuzlar\u0131nda G\u00fcltepe Camii\u2019ne getirildi. K\u0131l\u0131nan cenaze namaz\u0131n\u0131n ard\u0131ndan merhum Uzman \u00c7avu\u015f H\u00fcseyin Do\u011fmaz, Belen\u2019de g\u00f6zya\u015flar\u0131 ve dualar e\u015fli\u011finde topra\u011fa verildi\u011fi Baba Hasan Do\u011fmaz ile aile taziyeleri G\u00fcltepe Mahallesinde \u00c7i\u011fdemlik Camii arkas\u0131ndaki evlerinde kabul ediyor. \u200bHatay\u2019\u0131n \u0130skenderun il\u00e7esinde Telekom&#8217;dan emekli i\u00e7 \u015febeke i\u015f\u00e7ilerinden Hasan Do\u011fmaz&#8217;\u0131n Ad\u0131yaman\u2019da ikamet eden, Uzman \u00c7avu\u015f evlad\u0131 H\u00fcseyin Do\u011fmaz, ge\u00e7irdi\u011fi kalp krizi sonucu hayat\u0131n\u0131 kaybetti.\u00a0 \u200bHaberin Al\u0131nt\u0131land\u0131\u011f\u0131 Kaynak: www.iskenderun.org<\/p>","protected":false},"author":1,"featured_media":0,"comment_status":"","ping_status":"open","sticky":false,"template":"","format":"standard","meta":{"_acf_changed":false,"footnotes":""},"categories":[24],"tags":[],"class_list":["post-147046","post","type-post","status-publish","format-standard","has-post-thumbnail","hentry","category-gundem"],"acf":[],"yoast_head":"<!-- This site is optimized with the Yoast SEO Premium plugin v26.6 (Yoast SEO v27.1.1) - https:\/\/yoast.com\/product\/yoast-seo-premium-wordpress\/ -->\n<title>Uzman \u00c7avu\u015f H\u00fcseyin Do\u011fmaz Kalbine yenildi\u2026 - Av. Deniz Can K\u0131z\u0131l<\/title>\n<meta name=\"robots\" content=\"index, follow, max-snippet:-1, max-image-preview:large, max-video-preview:-1\" \/>\n<link rel=\"canonical\" href=\"http:\/\/denizcankizil.tr\/uk\/haberler\/gundem\/uzman-cavus-huseyin-dogmaz-kalbine-yenildi\/\" \/>\n<meta property=\"og:locale\" content=\"uk_UA\" \/>\n<meta property=\"og:type\" content=\"article\" \/>\n<meta property=\"og:title\" content=\"Uzman \u00c7avu\u015f H\u00fcseyin Do\u011fmaz Kalbine yenildi\u2026\" \/>\n<meta property=\"og:description\" content=\"Ad\u0131yaman\u2019da g\u00f6rev yapan \u0130skenderunlu Uzman \u00c7avu\u015f H\u00fcseyin Do\u011fmaz\u2019\u0131n, gen\u00e7 ya\u015fta ani vefat, ba\u015fta ailesi ve yak\u0131n \u00e7evresi olmak \u00fczere g\u00f6rev arkada\u015flar\u0131n\u0131 yasa bo\u011fdu. \u00dc\u00e7 g\u00fcn \u00f6nce baba oldu\u011fu, e\u015fiyle birlikte d\u00fcnyaya gelen bebeklerini kucaklar\u0131na alman\u0131n mutlulu\u011funu ya\u015fayan aile, b\u00fcy\u00fck bir mutlulu\u011fun ard\u0131ndan derin bir ac\u0131yla sars\u0131ld\u0131. Uzman \u00c7avu\u015f H\u00fcseyin Do\u011fmaz\u2019\u0131n T\u00fcrk Bayra\u011f\u0131na sar\u0131l\u0131 cenazesi, Mehmet\u00e7i\u011fin omuzlar\u0131nda G\u00fcltepe Camii\u2019ne getirildi. K\u0131l\u0131nan cenaze namaz\u0131n\u0131n ard\u0131ndan merhum Uzman \u00c7avu\u015f H\u00fcseyin Do\u011fmaz, Belen\u2019de g\u00f6zya\u015flar\u0131 ve dualar e\u015fli\u011finde topra\u011fa verildi\u011fi Baba Hasan Do\u011fmaz ile aile taziyeleri G\u00fcltepe Mahallesinde \u00c7i\u011fdemlik Camii arkas\u0131ndaki evlerinde kabul ediyor. \u200bHatay\u2019\u0131n \u0130skenderun il\u00e7esinde Telekom&#8217;dan emekli i\u00e7 \u015febeke i\u015f\u00e7ilerinden Hasan Do\u011fmaz&#8217;\u0131n Ad\u0131yaman\u2019da ikamet eden, Uzman \u00c7avu\u015f evlad\u0131 H\u00fcseyin Do\u011fmaz, ge\u00e7irdi\u011fi kalp krizi sonucu hayat\u0131n\u0131 kaybetti.\u00a0 \u200bHaberin Al\u0131nt\u0131land\u0131\u011f\u0131 Kaynak: www.iskenderun.org\" \/>\n<meta property=\"og:url\" content=\"http:\/\/denizcankizil.tr\/uk\/haberler\/gundem\/uzman-cavus-huseyin-dogmaz-kalbine-yenildi\/\" \/>\n<meta property=\"og:site_name\" content=\"Av. Deniz Can K\u0131z\u0131l\" \/>\n<meta property=\"article:published_time\" content=\"2025-07-15T16:42:53+00:00\" \/>\n<meta property=\"og:image\" content=\"https:\/\/iskenderunorg.teimg.com\/iskenderun-org\/uploads\/2025\/07\/2025\/07\/518295454-10162764198095053-7710341654909086940-n.jpg\" \/>\n<meta name=\"author\" content=\"admin\" \/>\n<meta name=\"twitter:card\" content=\"summary_large_image\" \/>\n<meta name=\"twitter:label1\" content=\"\u041d\u0430\u043f\u0438\u0441\u0430\u043d\u043e\" \/>\n\t<meta name=\"twitter:data1\" content=\"admin\" \/>\n\t<meta name=\"twitter:label2\" content=\"\u041f\u0440\u0438\u0431\u043b. \u0447\u0430\u0441 \u0447\u0438\u0442\u0430\u043d\u043d\u044f\" \/>\n\t<meta name=\"twitter:data2\" content=\"1 \u0445\u0432\u0438\u043b\u0438\u043d\u0430\" \/>\n<script type=\"application\/ld+json\" class=\"yoast-schema-graph\">{\"@context\":\"https:\/\/schema.org\",\"@graph\":[{\"@type\":\"Article\",\"@id\":\"http:\/\/denizcankizil.tr\/uk\/haberler\/gundem\/uzman-cavus-huseyin-dogmaz-kalbine-yenildi\/#article\",\"isPartOf\":{\"@id\":\"http:\/\/denizcankizil.tr\/uk\/haberler\/gundem\/uzman-cavus-huseyin-dogmaz-kalbine-yenildi\/\"},\"author\":{\"name\":\"admin\",\"@id\":\"https:\/\/denizcankizil.tr\/de\/#\/schema\/person\/be3c05fe6a12686905512445d8185489\"},\"headline\":\"Uzman \u00c7avu\u015f H\u00fcseyin Do\u011fmaz Kalbine yenildi\u2026\",\"datePublished\":\"2025-07-15T16:42:53+00:00\",\"mainEntityOfPage\":{\"@id\":\"http:\/\/denizcankizil.tr\/uk\/haberler\/gundem\/uzman-cavus-huseyin-dogmaz-kalbine-yenildi\/\"},\"wordCount\":197,\"publisher\":{\"@id\":\"https:\/\/denizcankizil.tr\/de\/#organization\"},\"image\":{\"@id\":\"http:\/\/denizcankizil.tr\/uk\/haberler\/gundem\/uzman-cavus-huseyin-dogmaz-kalbine-yenildi\/#primaryimage\"},\"thumbnailUrl\":\"https:\/\/iskenderunorg.teimg.com\/iskenderun-org\/uploads\/2025\/07\/2025\/07\/518295454-10162764198095053-7710341654909086940-n.jpg\",\"articleSection\":[\"G\u00fcndem\"],\"inLanguage\":\"uk\"},{\"@type\":\"WebPage\",\"@id\":\"http:\/\/denizcankizil.tr\/uk\/haberler\/gundem\/uzman-cavus-huseyin-dogmaz-kalbine-yenildi\/\",\"url\":\"http:\/\/denizcankizil.tr\/uk\/haberler\/gundem\/uzman-cavus-huseyin-dogmaz-kalbine-yenildi\/\",\"name\":\"Uzman \u00c7avu\u015f H\u00fcseyin Do\u011fmaz Kalbine yenildi\u2026 - Av. Deniz Can K\u0131z\u0131l\",\"isPartOf\":{\"@id\":\"https:\/\/denizcankizil.tr\/de\/#website\"},\"primaryImageOfPage\":{\"@id\":\"http:\/\/denizcankizil.tr\/uk\/haberler\/gundem\/uzman-cavus-huseyin-dogmaz-kalbine-yenildi\/#primaryimage\"},\"image\":{\"@id\":\"http:\/\/denizcankizil.tr\/uk\/haberler\/gundem\/uzman-cavus-huseyin-dogmaz-kalbine-yenildi\/#primaryimage\"},\"thumbnailUrl\":\"https:\/\/iskenderunorg.teimg.com\/iskenderun-org\/uploads\/2025\/07\/2025\/07\/518295454-10162764198095053-7710341654909086940-n.jpg\",\"datePublished\":\"2025-07-15T16:42:53+00:00\",\"breadcrumb\":{\"@id\":\"http:\/\/denizcankizil.tr\/uk\/haberler\/gundem\/uzman-cavus-huseyin-dogmaz-kalbine-yenildi\/#breadcrumb\"},\"inLanguage\":\"uk\",\"potentialAction\":[{\"@type\":\"ReadAction\",\"target\":[\"http:\/\/denizcankizil.tr\/uk\/haberler\/gundem\/uzman-cavus-huseyin-dogmaz-kalbine-yenildi\/\"]}]},{\"@type\":\"ImageObject\",\"inLanguage\":\"uk\",\"@id\":\"http:\/\/denizcankizil.tr\/uk\/haberler\/gundem\/uzman-cavus-huseyin-dogmaz-kalbine-yenildi\/#primaryimage\",\"url\":\"https:\/\/iskenderunorg.teimg.com\/iskenderun-org\/uploads\/2025\/07\/2025\/07\/518295454-10162764198095053-7710341654909086940-n.jpg\",\"contentUrl\":\"https:\/\/iskenderunorg.teimg.com\/iskenderun-org\/uploads\/2025\/07\/2025\/07\/518295454-10162764198095053-7710341654909086940-n.jpg\"},{\"@type\":\"BreadcrumbList\",\"@id\":\"http:\/\/denizcankizil.tr\/uk\/haberler\/gundem\/uzman-cavus-huseyin-dogmaz-kalbine-yenildi\/#breadcrumb\",\"itemListElement\":[{\"@type\":\"ListItem\",\"position\":1,\"name\":\"Home\",\"item\":\"https:\/\/denizcankizil.tr\/de\/\"},{\"@type\":\"ListItem\",\"position\":2,\"name\":\"Uzman \u00c7avu\u015f H\u00fcseyin Do\u011fmaz Kalbine yenildi\u2026\"}]},{\"@type\":\"WebSite\",\"@id\":\"https:\/\/denizcankizil.tr\/de\/#website\",\"url\":\"https:\/\/denizcankizil.tr\/de\/\",\"name\":\"Av. Deniz Can K\u0131z\u0131l\",\"description\":\"Avukat Deniz Can K\u0131z\u0131l Antalya Barosu\",\"publisher\":{\"@id\":\"https:\/\/denizcankizil.tr\/de\/#organization\"},\"potentialAction\":[{\"@type\":\"SearchAction\",\"target\":{\"@type\":\"EntryPoint\",\"urlTemplate\":\"https:\/\/denizcankizil.tr\/de\/?s={search_term_string}\"},\"query-input\":{\"@type\":\"PropertyValueSpecification\",\"valueRequired\":true,\"valueName\":\"search_term_string\"}}],\"inLanguage\":\"uk\"},{\"@type\":\"Organization\",\"@id\":\"https:\/\/denizcankizil.tr\/de\/#organization\",\"name\":\"Av. Deniz Can K\u0131z\u0131l\",\"url\":\"https:\/\/denizcankizil.tr\/de\/\",\"logo\":{\"@type\":\"ImageObject\",\"inLanguage\":\"uk\",\"@id\":\"https:\/\/denizcankizil.tr\/de\/#\/schema\/logo\/image\/\",\"url\":\"http:\/\/denizcankizil.tr\/wp-content\/uploads\/2024\/10\/siyah-logo-svg.svg\",\"contentUrl\":\"http:\/\/denizcankizil.tr\/wp-content\/uploads\/2024\/10\/siyah-logo-svg.svg\",\"width\":1080,\"height\":1080,\"caption\":\"Av. Deniz Can K\u0131z\u0131l\"},\"image\":{\"@id\":\"https:\/\/denizcankizil.tr\/de\/#\/schema\/logo\/image\/\"}},{\"@type\":\"Person\",\"@id\":\"https:\/\/denizcankizil.tr\/de\/#\/schema\/person\/be3c05fe6a12686905512445d8185489\",\"name\":\"admin\",\"image\":{\"@type\":\"ImageObject\",\"inLanguage\":\"uk\",\"@id\":\"https:\/\/denizcankizil.tr\/de\/#\/schema\/person\/image\/\",\"url\":\"https:\/\/secure.gravatar.com\/avatar\/c1fce94c830dc79107e174f890d7210541c4a63e8e5d816341794a2151c9d58c?s=96&d=mm&r=g\",\"contentUrl\":\"https:\/\/secure.gravatar.com\/avatar\/c1fce94c830dc79107e174f890d7210541c4a63e8e5d816341794a2151c9d58c?s=96&d=mm&r=g\",\"caption\":\"admin\"},\"sameAs\":[\"http:\/\/denizcankizil.tr\"],\"url\":\"https:\/\/www.iskenderun.org\/uzman-cavus-huseyin-dogmaz-kalbine-yenildi\"}]}<\/script>\n<!-- \/ Yoast SEO Premium plugin. -->","yoast_head_json":{"title":"Uzman \u00c7avu\u015f H\u00fcseyin Do\u011fmaz Kalbine yenildi\u2026 - Av. Deniz Can K\u0131z\u0131l","robots":{"index":"index","follow":"follow","max-snippet":"max-snippet:-1","max-image-preview":"max-image-preview:large","max-video-preview":"max-video-preview:-1"},"canonical":"http:\/\/denizcankizil.tr\/uk\/haberler\/gundem\/uzman-cavus-huseyin-dogmaz-kalbine-yenildi\/","og_locale":"uk_UA","og_type":"article","og_title":"Uzman \u00c7avu\u015f H\u00fcseyin Do\u011fmaz Kalbine yenildi\u2026","og_description":"Ad\u0131yaman\u2019da g\u00f6rev yapan \u0130skenderunlu Uzman \u00c7avu\u015f H\u00fcseyin Do\u011fmaz\u2019\u0131n, gen\u00e7 ya\u015fta ani vefat, ba\u015fta ailesi ve yak\u0131n \u00e7evresi olmak \u00fczere g\u00f6rev arkada\u015flar\u0131n\u0131 yasa bo\u011fdu. \u00dc\u00e7 g\u00fcn \u00f6nce baba oldu\u011fu, e\u015fiyle birlikte d\u00fcnyaya gelen bebeklerini kucaklar\u0131na alman\u0131n mutlulu\u011funu ya\u015fayan aile, b\u00fcy\u00fck bir mutlulu\u011fun ard\u0131ndan derin bir ac\u0131yla sars\u0131ld\u0131. Uzman \u00c7avu\u015f H\u00fcseyin Do\u011fmaz\u2019\u0131n T\u00fcrk Bayra\u011f\u0131na sar\u0131l\u0131 cenazesi, Mehmet\u00e7i\u011fin omuzlar\u0131nda G\u00fcltepe Camii\u2019ne getirildi. K\u0131l\u0131nan cenaze namaz\u0131n\u0131n ard\u0131ndan merhum Uzman \u00c7avu\u015f H\u00fcseyin Do\u011fmaz, Belen\u2019de g\u00f6zya\u015flar\u0131 ve dualar e\u015fli\u011finde topra\u011fa verildi\u011fi Baba Hasan Do\u011fmaz ile aile taziyeleri G\u00fcltepe Mahallesinde \u00c7i\u011fdemlik Camii arkas\u0131ndaki evlerinde kabul ediyor. \u200bHatay\u2019\u0131n \u0130skenderun il\u00e7esinde Telekom&#8217;dan emekli i\u00e7 \u015febeke i\u015f\u00e7ilerinden Hasan Do\u011fmaz&#8217;\u0131n Ad\u0131yaman\u2019da ikamet eden, Uzman \u00c7avu\u015f evlad\u0131 H\u00fcseyin Do\u011fmaz, ge\u00e7irdi\u011fi kalp krizi sonucu hayat\u0131n\u0131 kaybetti.\u00a0 \u200bHaberin Al\u0131nt\u0131land\u0131\u011f\u0131 Kaynak: www.iskenderun.org","og_url":"http:\/\/denizcankizil.tr\/uk\/haberler\/gundem\/uzman-cavus-huseyin-dogmaz-kalbine-yenildi\/","og_site_name":"Av. Deniz Can K\u0131z\u0131l","article_published_time":"2025-07-15T16:42:53+00:00","og_image":[{"url":"https:\/\/iskenderunorg.teimg.com\/iskenderun-org\/uploads\/2025\/07\/2025\/07\/518295454-10162764198095053-7710341654909086940-n.jpg","type":"","width":"","height":""}],"author":"admin","twitter_card":"summary_large_image","twitter_misc":{"\u041d\u0430\u043f\u0438\u0441\u0430\u043d\u043e":"admin","\u041f\u0440\u0438\u0431\u043b. \u0447\u0430\u0441 \u0447\u0438\u0442\u0430\u043d\u043d\u044f":"1 \u0445\u0432\u0438\u043b\u0438\u043d\u0430"},"schema":{"@context":"https:\/\/schema.org","@graph":[{"@type":"Article","@id":"http:\/\/denizcankizil.tr\/uk\/haberler\/gundem\/uzman-cavus-huseyin-dogmaz-kalbine-yenildi\/#article","isPartOf":{"@id":"http:\/\/denizcankizil.tr\/uk\/haberler\/gundem\/uzman-cavus-huseyin-dogmaz-kalbine-yenildi\/"},"author":{"name":"admin","@id":"https:\/\/denizcankizil.tr\/de\/#\/schema\/person\/be3c05fe6a12686905512445d8185489"},"headline":"Uzman \u00c7avu\u015f H\u00fcseyin Do\u011fmaz Kalbine yenildi\u2026","datePublished":"2025-07-15T16:42:53+00:00","mainEntityOfPage":{"@id":"http:\/\/denizcankizil.tr\/uk\/haberler\/gundem\/uzman-cavus-huseyin-dogmaz-kalbine-yenildi\/"},"wordCount":197,"publisher":{"@id":"https:\/\/denizcankizil.tr\/de\/#organization"},"image":{"@id":"http:\/\/denizcankizil.tr\/uk\/haberler\/gundem\/uzman-cavus-huseyin-dogmaz-kalbine-yenildi\/#primaryimage"},"thumbnailUrl":"https:\/\/iskenderunorg.teimg.com\/iskenderun-org\/uploads\/2025\/07\/2025\/07\/518295454-10162764198095053-7710341654909086940-n.jpg","articleSection":["G\u00fcndem"],"inLanguage":"uk"},{"@type":"WebPage","@id":"http:\/\/denizcankizil.tr\/uk\/haberler\/gundem\/uzman-cavus-huseyin-dogmaz-kalbine-yenildi\/","url":"http:\/\/denizcankizil.tr\/uk\/haberler\/gundem\/uzman-cavus-huseyin-dogmaz-kalbine-yenildi\/","name":"Uzman \u00c7avu\u015f H\u00fcseyin Do\u011fmaz Kalbine yenildi\u2026 - Av. Deniz Can K\u0131z\u0131l","isPartOf":{"@id":"https:\/\/denizcankizil.tr\/de\/#website"},"primaryImageOfPage":{"@id":"http:\/\/denizcankizil.tr\/uk\/haberler\/gundem\/uzman-cavus-huseyin-dogmaz-kalbine-yenildi\/#primaryimage"},"image":{"@id":"http:\/\/denizcankizil.tr\/uk\/haberler\/gundem\/uzman-cavus-huseyin-dogmaz-kalbine-yenildi\/#primaryimage"},"thumbnailUrl":"https:\/\/iskenderunorg.teimg.com\/iskenderun-org\/uploads\/2025\/07\/2025\/07\/518295454-10162764198095053-7710341654909086940-n.jpg","datePublished":"2025-07-15T16:42:53+00:00","breadcrumb":{"@id":"http:\/\/denizcankizil.tr\/uk\/haberler\/gundem\/uzman-cavus-huseyin-dogmaz-kalbine-yenildi\/#breadcrumb"},"inLanguage":"uk","potentialAction":[{"@type":"ReadAction","target":["http:\/\/denizcankizil.tr\/uk\/haberler\/gundem\/uzman-cavus-huseyin-dogmaz-kalbine-yenildi\/"]}]},{"@type":"ImageObject","inLanguage":"uk","@id":"http:\/\/denizcankizil.tr\/uk\/haberler\/gundem\/uzman-cavus-huseyin-dogmaz-kalbine-yenildi\/#primaryimage","url":"https:\/\/iskenderunorg.teimg.com\/iskenderun-org\/uploads\/2025\/07\/2025\/07\/518295454-10162764198095053-7710341654909086940-n.jpg","contentUrl":"https:\/\/iskenderunorg.teimg.com\/iskenderun-org\/uploads\/2025\/07\/2025\/07\/518295454-10162764198095053-7710341654909086940-n.jpg"},{"@type":"BreadcrumbList","@id":"http:\/\/denizcankizil.tr\/uk\/haberler\/gundem\/uzman-cavus-huseyin-dogmaz-kalbine-yenildi\/#breadcrumb","itemListElement":[{"@type":"ListItem","position":1,"name":"Home","item":"https:\/\/denizcankizil.tr\/de\/"},{"@type":"ListItem","position":2,"name":"Uzman \u00c7avu\u015f H\u00fcseyin Do\u011fmaz Kalbine yenildi\u2026"}]},{"@type":"WebSite","@id":"https:\/\/denizcankizil.tr\/de\/#website","url":"https:\/\/denizcankizil.tr\/de\/","name":"Av. Deniz Can K\u0131z\u0131l","description":"Avukat Deniz Can K\u0131z\u0131l Antalya Barosu","publisher":{"@id":"https:\/\/denizcankizil.tr\/de\/#organization"},"potentialAction":[{"@type":"SearchAction","target":{"@type":"EntryPoint","urlTemplate":"https:\/\/denizcankizil.tr\/de\/?s={search_term_string}"},"query-input":{"@type":"PropertyValueSpecification","valueRequired":true,"valueName":"search_term_string"}}],"inLanguage":"uk"},{"@type":"Organization","@id":"https:\/\/denizcankizil.tr\/de\/#organization","name":"Av. Deniz Can K\u0131z\u0131l","url":"https:\/\/denizcankizil.tr\/de\/","logo":{"@type":"ImageObject","inLanguage":"uk","@id":"https:\/\/denizcankizil.tr\/de\/#\/schema\/logo\/image\/","url":"http:\/\/denizcankizil.tr\/wp-content\/uploads\/2024\/10\/siyah-logo-svg.svg","contentUrl":"http:\/\/denizcankizil.tr\/wp-content\/uploads\/2024\/10\/siyah-logo-svg.svg","width":1080,"height":1080,"caption":"Av. Deniz Can K\u0131z\u0131l"},"image":{"@id":"https:\/\/denizcankizil.tr\/de\/#\/schema\/logo\/image\/"}},{"@type":"Person","@id":"https:\/\/denizcankizil.tr\/de\/#\/schema\/person\/be3c05fe6a12686905512445d8185489","name":"\u0430\u0434\u043c\u0456\u043d","image":{"@type":"ImageObject","inLanguage":"uk","@id":"https:\/\/denizcankizil.tr\/de\/#\/schema\/person\/image\/","url":"https:\/\/secure.gravatar.com\/avatar\/c1fce94c830dc79107e174f890d7210541c4a63e8e5d816341794a2151c9d58c?s=96&d=mm&r=g","contentUrl":"https:\/\/secure.gravatar.com\/avatar\/c1fce94c830dc79107e174f890d7210541c4a63e8e5d816341794a2151c9d58c?s=96&d=mm&r=g","caption":"admin"},"sameAs":["http:\/\/denizcankizil.tr"],"url":"https:\/\/www.iskenderun.org\/uzman-cavus-huseyin-dogmaz-kalbine-yenildi"}]}},"_links":{"self":[{"href":"http:\/\/denizcankizil.tr\/uk\/wp-json\/wp\/v2\/posts\/147046","targetHints":{"allow":["GET"]}}],"collection":[{"href":"http:\/\/denizcankizil.tr\/uk\/wp-json\/wp\/v2\/posts"}],"about":[{"href":"http:\/\/denizcankizil.tr\/uk\/wp-json\/wp\/v2\/types\/post"}],"author":[{"embeddable":true,"href":"http:\/\/denizcankizil.tr\/uk\/wp-json\/wp\/v2\/users\/1"}],"replies":[{"embeddable":true,"href":"http:\/\/denizcankizil.tr\/uk\/wp-json\/wp\/v2\/comments?post=147046"}],"version-history":[{"count":0,"href":"http:\/\/denizcankizil.tr\/uk\/wp-json\/wp\/v2\/posts\/147046\/revisions"}],"wp:attachment":[{"href":"http:\/\/denizcankizil.tr\/uk\/wp-json\/wp\/v2\/media?parent=147046"}],"wp:term":[{"taxonomy":"category","embeddable":true,"href":"http:\/\/denizcankizil.tr\/uk\/wp-json\/wp\/v2\/categories?post=147046"},{"taxonomy":"post_tag","embeddable":true,"href":"http:\/\/denizcankizil.tr\/uk\/wp-json\/wp\/v2\/tags?post=147046"}],"curies":[{"name":"wp","href":"https:\/\/api.w.org\/{rel}","templated":true}]}}