{"id":146960,"date":"2025-07-15T17:42:38","date_gmt":"2025-07-15T14:42:38","guid":{"rendered":"https:\/\/denizcankizil.tr\/uncategorized-tr\/dinamit-patlatildi-uzerlerine-tas-yagdi\/"},"modified":"2025-07-15T17:42:38","modified_gmt":"2025-07-15T14:42:38","slug":"dinamit-patlatildi-uzerlerine-tas-yagdi","status":"publish","type":"post","link":"http:\/\/denizcankizil.tr\/uk\/haberler\/gundem\/dinamit-patlatildi-uzerlerine-tas-yagdi\/","title":{"rendered":"Dinamit Patlat\u0131ld\u0131, \u00fczerlerine ta\u015f ya\u011fd\u0131\u2026"},"content":{"rendered":"<p>Yayla b\u00f6lgesine kurulan ta\u015f oca\u011f\u0131ndaki patlatmalar, b\u00f6lge halk\u0131n\u0131n can g\u00fcvenli\u011fini tehdit etmeyi s\u00fcrd\u00fcr\u00fcyor. Tarlada \u00e7al\u0131\u015fan vatanda\u015flar, jandarma ekipleri taraf\u0131ndan can g\u00fcvenli\u011fi gerek\u00e7esiyle evlerine d\u00f6nmeleri y\u00f6n\u00fcnde uyar\u0131ld\u0131. Ancak yap\u0131lan patlatmalar s\u0131ras\u0131nda ta\u015flar\u0131n g\u00f6ky\u00fcz\u00fcnden ya\u011farcas\u0131na hem vatanda\u015flar\u0131n hem de jandarma ekiplerinin \u00fczerine d\u00fc\u015ft\u00fc\u011f\u00fc g\u00f6r\u00fcld\u00fc. O anlar\u0131 cep telefonlar\u0131yla kaydeden b\u00f6lge sakinleri duruma sert tepki g\u00f6stererek \u201cS\u00fcrekli \u00f6l\u00fcmle kar\u015f\u0131 kar\u015f\u0131yay\u0131z. Ta\u015f oca\u011f\u0131n\u0131n yapt\u0131\u011f\u0131 patlatmalar ya\u015fam alanlar\u0131m\u0131z\u0131 yok ediyor. Her an bir ta\u015f\u0131n alt\u0131nda kalma tehlikesiyle ya\u015f\u0131yoruz, bu konuda gere\u011finin yap\u0131lmas\u0131 i\u00e7in yetkililere acil \u00e7a\u011fr\u0131da bulunuyoruz\u201d dedi.<\/p>\n<p><strong>CAN G\u00dcVENL\u0130\u011e\u0130 TEHL\u0130KEDE<\/strong><\/p>\n<p>Patlatma s\u0131ras\u0131nda b\u00fcy\u00fck bir g\u00fcr\u00fclt\u00fcyle birlikte f\u0131rlayan ta\u015flar, \u00e7evredeki tarlalara ve evlerin yak\u0131n\u0131na kadar ula\u015f\u0131yor. Vatanda\u015flar, ta\u015f oca\u011f\u0131n\u0131n yerle\u015fim alan\u0131na bu kadar yak\u0131n olmas\u0131n\u0131n kabul edilemez oldu\u011funu ve bir an \u00f6nce \u00f6nlem al\u0131nmas\u0131 gerekti\u011fini belirtiyor.<\/p>\n<p><strong>YETK\u0130L\u0130LERE \u00c7A\u011eRI: <\/strong><\/p>\n<p><strong>\u201cFAC\u0130A YA\u015eANMADAN \u00d6NLEM ALIN\u201d<\/strong><\/p>\n<p>B\u00f6lge halk\u0131, tehlikenin g\u00f6z g\u00f6re g\u00f6re b\u00fcy\u00fcd\u00fc\u011f\u00fcn\u00fc ifade ederek \u015funlar\u0131 kaydetti: &#8220;Bu gidi\u015fle bir can kayb\u0131 ya\u015fanmadan kimse harekete ge\u00e7meyecek. Her patlatmada \u00f6l\u00fcm korkusu ya\u015f\u0131yoruz. Ta\u015foca\u011f\u0131n\u0131n faaliyetlerinin durdurulmas\u0131 ve gerekli g\u00fcvenlik \u00f6nlemlerinin al\u0131nmas\u0131 i\u00e7in yetkililere \u00e7a\u011fr\u0131da bulunuyoruz\u201d<\/p>\n<p><img decoding=\"async\" alt=\"Patlamada Uzerlerine Tas Yagidi.mp4 Snapshot 00.14.244\" class=\"detail-photo img-fluid lazyload\" height=\"720\" data-src=\"https:\/\/iskenderunorg.teimg.com\/iskenderun-org\/uploads\/2025\/07\/2025\/07\/patlamada-uzerlerine-tas-yagidimp4-snapshot-0014244.jpg\" width=\"1280\" src=\"data:image\/svg+xml;base64,PHN2ZyB3aWR0aD0iMSIgaGVpZ2h0PSIxIiB4bWxucz0iaHR0cDovL3d3dy53My5vcmcvMjAwMC9zdmciPjwvc3ZnPg==\" style=\"--smush-placeholder-width: 1280px; --smush-placeholder-aspect-ratio: 1280\/720;\" \/><img decoding=\"async\" alt=\"Patlamada Uzerlerine Tas Yagidi.mp4 Snapshot 00.01.631\" class=\"detail-photo img-fluid lazyload\" height=\"720\" data-src=\"https:\/\/iskenderunorg.teimg.com\/iskenderun-org\/uploads\/2025\/07\/2025\/07\/patlamada-uzerlerine-tas-yagidimp4-snapshot-0001631.jpg\" width=\"1280\" src=\"data:image\/svg+xml;base64,PHN2ZyB3aWR0aD0iMSIgaGVpZ2h0PSIxIiB4bWxucz0iaHR0cDovL3d3dy53My5vcmcvMjAwMC9zdmciPjwvc3ZnPg==\" style=\"--smush-placeholder-width: 1280px; --smush-placeholder-aspect-ratio: 1280\/720;\" \/><\/p>\n<p><img decoding=\"async\" alt=\"Patlamada Uzerlerine Tas Yagidi.mp4 Snapshot 00.09.006\" class=\"detail-photo img-fluid lazyload\" height=\"720\" data-src=\"https:\/\/iskenderunorg.teimg.com\/iskenderun-org\/uploads\/2025\/07\/2025\/07\/patlamada-uzerlerine-tas-yagidimp4-snapshot-0009006.jpg\" width=\"1280\" src=\"data:image\/svg+xml;base64,PHN2ZyB3aWR0aD0iMSIgaGVpZ2h0PSIxIiB4bWxucz0iaHR0cDovL3d3dy53My5vcmcvMjAwMC9zdmciPjwvc3ZnPg==\" style=\"--smush-placeholder-width: 1280px; --smush-placeholder-aspect-ratio: 1280\/720;\" \/><\/p>\n<p>\u200bHatay&#8217;\u0131n \u0130skenderun il\u00e7esine ba\u011fl\u0131 A\u015fkarbeyli Mahallesindeki ta\u015foca\u011f\u0131nda yap\u0131lan dinamit patlat\u0131lmas\u0131 sonucu \u00e7evreye sa\u00e7\u0131lan ta\u015flar\u0131n vatanda\u015flar\u0131n \u00fczerine ya\u011fmur gibi ya\u011fd\u0131\u011f\u0131 g\u00f6r\u00fcnt\u00fcler b\u00fcy\u00fck endi\u015fe yaratt\u0131. Yayla b\u00f6lgesine kurulan ta\u015foca\u011f\u0131ndaki dinamit patlat\u0131lmas\u0131, b\u00f6lge halk\u0131n\u0131n can g\u00fcvenli\u011fini tehdit etmeyi s\u00fcrd\u00fcr\u00fcyor.\u00a0<\/p>\n<p>\u200bHaberin Al\u0131nt\u0131land\u0131\u011f\u0131 Kaynak: www.iskenderun.org<\/p>","protected":false},"excerpt":{"rendered":"<p>Yayla b\u00f6lgesine kurulan ta\u015f oca\u011f\u0131ndaki patlatmalar, b\u00f6lge halk\u0131n\u0131n can g\u00fcvenli\u011fini tehdit etmeyi s\u00fcrd\u00fcr\u00fcyor. Tarlada \u00e7al\u0131\u015fan vatanda\u015flar, jandarma ekipleri taraf\u0131ndan can g\u00fcvenli\u011fi gerek\u00e7esiyle evlerine d\u00f6nmeleri y\u00f6n\u00fcnde uyar\u0131ld\u0131. Ancak yap\u0131lan patlatmalar s\u0131ras\u0131nda ta\u015flar\u0131n g\u00f6ky\u00fcz\u00fcnden ya\u011farcas\u0131na hem vatanda\u015flar\u0131n hem de jandarma ekiplerinin \u00fczerine d\u00fc\u015ft\u00fc\u011f\u00fc g\u00f6r\u00fcld\u00fc. O anlar\u0131 cep telefonlar\u0131yla kaydeden b\u00f6lge sakinleri duruma sert tepki g\u00f6stererek \u201cS\u00fcrekli \u00f6l\u00fcmle kar\u015f\u0131 kar\u015f\u0131yay\u0131z. Ta\u015f oca\u011f\u0131n\u0131n yapt\u0131\u011f\u0131 patlatmalar ya\u015fam alanlar\u0131m\u0131z\u0131 yok ediyor. Her an bir ta\u015f\u0131n alt\u0131nda kalma tehlikesiyle ya\u015f\u0131yoruz, bu konuda gere\u011finin yap\u0131lmas\u0131 i\u00e7in yetkililere acil \u00e7a\u011fr\u0131da bulunuyoruz\u201d dedi. CAN G\u00dcVENL\u0130\u011e\u0130 TEHL\u0130KEDE Patlatma s\u0131ras\u0131nda b\u00fcy\u00fck bir g\u00fcr\u00fclt\u00fcyle birlikte f\u0131rlayan ta\u015flar, \u00e7evredeki tarlalara ve evlerin yak\u0131n\u0131na kadar ula\u015f\u0131yor. Vatanda\u015flar, ta\u015f oca\u011f\u0131n\u0131n yerle\u015fim alan\u0131na bu kadar yak\u0131n olmas\u0131n\u0131n kabul edilemez oldu\u011funu ve bir an \u00f6nce \u00f6nlem al\u0131nmas\u0131 gerekti\u011fini belirtiyor. YETK\u0130L\u0130LERE \u00c7A\u011eRI: \u201cFAC\u0130A YA\u015eANMADAN \u00d6NLEM ALIN\u201d B\u00f6lge halk\u0131, tehlikenin g\u00f6z g\u00f6re g\u00f6re b\u00fcy\u00fcd\u00fc\u011f\u00fcn\u00fc ifade ederek \u015funlar\u0131 kaydetti: &#8220;Bu gidi\u015fle bir can kayb\u0131 ya\u015fanmadan kimse harekete ge\u00e7meyecek. Her patlatmada \u00f6l\u00fcm korkusu ya\u015f\u0131yoruz. Ta\u015foca\u011f\u0131n\u0131n faaliyetlerinin durdurulmas\u0131 ve gerekli g\u00fcvenlik \u00f6nlemlerinin al\u0131nmas\u0131 i\u00e7in yetkililere \u00e7a\u011fr\u0131da bulunuyoruz\u201d \u200bHatay&#8217;\u0131n \u0130skenderun il\u00e7esine ba\u011fl\u0131 A\u015fkarbeyli Mahallesindeki ta\u015foca\u011f\u0131nda yap\u0131lan dinamit patlat\u0131lmas\u0131 sonucu \u00e7evreye sa\u00e7\u0131lan ta\u015flar\u0131n vatanda\u015flar\u0131n \u00fczerine ya\u011fmur gibi ya\u011fd\u0131\u011f\u0131 g\u00f6r\u00fcnt\u00fcler b\u00fcy\u00fck endi\u015fe yaratt\u0131. Yayla b\u00f6lgesine kurulan ta\u015foca\u011f\u0131ndaki dinamit patlat\u0131lmas\u0131, b\u00f6lge halk\u0131n\u0131n can g\u00fcvenli\u011fini tehdit etmeyi s\u00fcrd\u00fcr\u00fcyor.\u00a0 &hellip;<\/p>","protected":false},"author":1,"featured_media":0,"comment_status":"","ping_status":"open","sticky":false,"template":"","format":"standard","meta":{"_acf_changed":false,"footnotes":""},"categories":[24],"tags":[],"class_list":["post-146960","post","type-post","status-publish","format-standard","has-post-thumbnail","hentry","category-gundem"],"acf":[],"yoast_head":"<!-- This site is optimized with the Yoast SEO Premium plugin v26.6 (Yoast SEO v27.1.1) - https:\/\/yoast.com\/product\/yoast-seo-premium-wordpress\/ -->\n<title>Dinamit Patlat\u0131ld\u0131, \u00fczerlerine ta\u015f ya\u011fd\u0131\u2026 - Av. Deniz Can K\u0131z\u0131l<\/title>\n<meta name=\"robots\" content=\"index, follow, max-snippet:-1, max-image-preview:large, max-video-preview:-1\" \/>\n<link rel=\"canonical\" href=\"http:\/\/denizcankizil.tr\/uk\/haberler\/gundem\/dinamit-patlatildi-uzerlerine-tas-yagdi\/\" \/>\n<meta property=\"og:locale\" content=\"uk_UA\" \/>\n<meta property=\"og:type\" content=\"article\" \/>\n<meta property=\"og:title\" content=\"Dinamit Patlat\u0131ld\u0131, \u00fczerlerine ta\u015f ya\u011fd\u0131\u2026\" \/>\n<meta property=\"og:description\" content=\"Yayla b\u00f6lgesine kurulan ta\u015f oca\u011f\u0131ndaki patlatmalar, b\u00f6lge halk\u0131n\u0131n can g\u00fcvenli\u011fini tehdit etmeyi s\u00fcrd\u00fcr\u00fcyor. Tarlada \u00e7al\u0131\u015fan vatanda\u015flar, jandarma ekipleri taraf\u0131ndan can g\u00fcvenli\u011fi gerek\u00e7esiyle evlerine d\u00f6nmeleri y\u00f6n\u00fcnde uyar\u0131ld\u0131. Ancak yap\u0131lan patlatmalar s\u0131ras\u0131nda ta\u015flar\u0131n g\u00f6ky\u00fcz\u00fcnden ya\u011farcas\u0131na hem vatanda\u015flar\u0131n hem de jandarma ekiplerinin \u00fczerine d\u00fc\u015ft\u00fc\u011f\u00fc g\u00f6r\u00fcld\u00fc. O anlar\u0131 cep telefonlar\u0131yla kaydeden b\u00f6lge sakinleri duruma sert tepki g\u00f6stererek \u201cS\u00fcrekli \u00f6l\u00fcmle kar\u015f\u0131 kar\u015f\u0131yay\u0131z. Ta\u015f oca\u011f\u0131n\u0131n yapt\u0131\u011f\u0131 patlatmalar ya\u015fam alanlar\u0131m\u0131z\u0131 yok ediyor. Her an bir ta\u015f\u0131n alt\u0131nda kalma tehlikesiyle ya\u015f\u0131yoruz, bu konuda gere\u011finin yap\u0131lmas\u0131 i\u00e7in yetkililere acil \u00e7a\u011fr\u0131da bulunuyoruz\u201d dedi. CAN G\u00dcVENL\u0130\u011e\u0130 TEHL\u0130KEDE Patlatma s\u0131ras\u0131nda b\u00fcy\u00fck bir g\u00fcr\u00fclt\u00fcyle birlikte f\u0131rlayan ta\u015flar, \u00e7evredeki tarlalara ve evlerin yak\u0131n\u0131na kadar ula\u015f\u0131yor. Vatanda\u015flar, ta\u015f oca\u011f\u0131n\u0131n yerle\u015fim alan\u0131na bu kadar yak\u0131n olmas\u0131n\u0131n kabul edilemez oldu\u011funu ve bir an \u00f6nce \u00f6nlem al\u0131nmas\u0131 gerekti\u011fini belirtiyor. YETK\u0130L\u0130LERE \u00c7A\u011eRI: \u201cFAC\u0130A YA\u015eANMADAN \u00d6NLEM ALIN\u201d B\u00f6lge halk\u0131, tehlikenin g\u00f6z g\u00f6re g\u00f6re b\u00fcy\u00fcd\u00fc\u011f\u00fcn\u00fc ifade ederek \u015funlar\u0131 kaydetti: &#8220;Bu gidi\u015fle bir can kayb\u0131 ya\u015fanmadan kimse harekete ge\u00e7meyecek. Her patlatmada \u00f6l\u00fcm korkusu ya\u015f\u0131yoruz. Ta\u015foca\u011f\u0131n\u0131n faaliyetlerinin durdurulmas\u0131 ve gerekli g\u00fcvenlik \u00f6nlemlerinin al\u0131nmas\u0131 i\u00e7in yetkililere \u00e7a\u011fr\u0131da bulunuyoruz\u201d \u200bHatay&#8217;\u0131n \u0130skenderun il\u00e7esine ba\u011fl\u0131 A\u015fkarbeyli Mahallesindeki ta\u015foca\u011f\u0131nda yap\u0131lan dinamit patlat\u0131lmas\u0131 sonucu \u00e7evreye sa\u00e7\u0131lan ta\u015flar\u0131n vatanda\u015flar\u0131n \u00fczerine ya\u011fmur gibi ya\u011fd\u0131\u011f\u0131 g\u00f6r\u00fcnt\u00fcler b\u00fcy\u00fck endi\u015fe yaratt\u0131. Yayla b\u00f6lgesine kurulan ta\u015foca\u011f\u0131ndaki dinamit patlat\u0131lmas\u0131, b\u00f6lge halk\u0131n\u0131n can g\u00fcvenli\u011fini tehdit etmeyi s\u00fcrd\u00fcr\u00fcyor.\u00a0 &hellip;\" \/>\n<meta property=\"og:url\" content=\"http:\/\/denizcankizil.tr\/uk\/haberler\/gundem\/dinamit-patlatildi-uzerlerine-tas-yagdi\/\" \/>\n<meta property=\"og:site_name\" content=\"Av. Deniz Can K\u0131z\u0131l\" \/>\n<meta property=\"article:published_time\" content=\"2025-07-15T14:42:38+00:00\" \/>\n<meta property=\"og:image\" content=\"https:\/\/iskenderunorg.teimg.com\/iskenderun-org\/uploads\/2025\/07\/2025\/07\/patlamada-uzerlerine-tas-yagidimp4-snapshot-0014244.jpg\" \/>\n<meta name=\"author\" content=\"admin\" \/>\n<meta name=\"twitter:card\" content=\"summary_large_image\" \/>\n<meta name=\"twitter:label1\" content=\"\u041d\u0430\u043f\u0438\u0441\u0430\u043d\u043e\" \/>\n\t<meta name=\"twitter:data1\" content=\"admin\" \/>\n\t<meta name=\"twitter:label2\" content=\"\u041f\u0440\u0438\u0431\u043b. \u0447\u0430\u0441 \u0447\u0438\u0442\u0430\u043d\u043d\u044f\" \/>\n\t<meta name=\"twitter:data2\" content=\"2 \u0445\u0432\u0438\u043b\u0438\u043d\u0438\" \/>\n<script type=\"application\/ld+json\" class=\"yoast-schema-graph\">{\"@context\":\"https:\/\/schema.org\",\"@graph\":[{\"@type\":\"Article\",\"@id\":\"http:\/\/denizcankizil.tr\/uk\/haberler\/gundem\/dinamit-patlatildi-uzerlerine-tas-yagdi\/#article\",\"isPartOf\":{\"@id\":\"http:\/\/denizcankizil.tr\/uk\/haberler\/gundem\/dinamit-patlatildi-uzerlerine-tas-yagdi\/\"},\"author\":{\"name\":\"admin\",\"@id\":\"https:\/\/denizcankizil.tr\/#\/schema\/person\/be3c05fe6a12686905512445d8185489\"},\"headline\":\"Dinamit Patlat\u0131ld\u0131, \u00fczerlerine ta\u015f ya\u011fd\u0131\u2026\",\"datePublished\":\"2025-07-15T14:42:38+00:00\",\"mainEntityOfPage\":{\"@id\":\"http:\/\/denizcankizil.tr\/uk\/haberler\/gundem\/dinamit-patlatildi-uzerlerine-tas-yagdi\/\"},\"wordCount\":353,\"publisher\":{\"@id\":\"https:\/\/denizcankizil.tr\/#organization\"},\"image\":{\"@id\":\"http:\/\/denizcankizil.tr\/uk\/haberler\/gundem\/dinamit-patlatildi-uzerlerine-tas-yagdi\/#primaryimage\"},\"thumbnailUrl\":\"https:\/\/iskenderunorg.teimg.com\/iskenderun-org\/uploads\/2025\/07\/2025\/07\/patlamada-uzerlerine-tas-yagidimp4-snapshot-0014244.jpg\",\"articleSection\":[\"G\u00fcndem\"],\"inLanguage\":\"uk\"},{\"@type\":\"WebPage\",\"@id\":\"http:\/\/denizcankizil.tr\/uk\/haberler\/gundem\/dinamit-patlatildi-uzerlerine-tas-yagdi\/\",\"url\":\"http:\/\/denizcankizil.tr\/uk\/haberler\/gundem\/dinamit-patlatildi-uzerlerine-tas-yagdi\/\",\"name\":\"Dinamit Patlat\u0131ld\u0131, \u00fczerlerine ta\u015f ya\u011fd\u0131\u2026 - Av. Deniz Can K\u0131z\u0131l\",\"isPartOf\":{\"@id\":\"https:\/\/denizcankizil.tr\/#website\"},\"primaryImageOfPage\":{\"@id\":\"http:\/\/denizcankizil.tr\/uk\/haberler\/gundem\/dinamit-patlatildi-uzerlerine-tas-yagdi\/#primaryimage\"},\"image\":{\"@id\":\"http:\/\/denizcankizil.tr\/uk\/haberler\/gundem\/dinamit-patlatildi-uzerlerine-tas-yagdi\/#primaryimage\"},\"thumbnailUrl\":\"https:\/\/iskenderunorg.teimg.com\/iskenderun-org\/uploads\/2025\/07\/2025\/07\/patlamada-uzerlerine-tas-yagidimp4-snapshot-0014244.jpg\",\"datePublished\":\"2025-07-15T14:42:38+00:00\",\"breadcrumb\":{\"@id\":\"http:\/\/denizcankizil.tr\/uk\/haberler\/gundem\/dinamit-patlatildi-uzerlerine-tas-yagdi\/#breadcrumb\"},\"inLanguage\":\"uk\",\"potentialAction\":[{\"@type\":\"ReadAction\",\"target\":[\"http:\/\/denizcankizil.tr\/uk\/haberler\/gundem\/dinamit-patlatildi-uzerlerine-tas-yagdi\/\"]}]},{\"@type\":\"ImageObject\",\"inLanguage\":\"uk\",\"@id\":\"http:\/\/denizcankizil.tr\/uk\/haberler\/gundem\/dinamit-patlatildi-uzerlerine-tas-yagdi\/#primaryimage\",\"url\":\"https:\/\/iskenderunorg.teimg.com\/iskenderun-org\/uploads\/2025\/07\/2025\/07\/patlamada-uzerlerine-tas-yagidimp4-snapshot-0014244.jpg\",\"contentUrl\":\"https:\/\/iskenderunorg.teimg.com\/iskenderun-org\/uploads\/2025\/07\/2025\/07\/patlamada-uzerlerine-tas-yagidimp4-snapshot-0014244.jpg\"},{\"@type\":\"BreadcrumbList\",\"@id\":\"http:\/\/denizcankizil.tr\/uk\/haberler\/gundem\/dinamit-patlatildi-uzerlerine-tas-yagdi\/#breadcrumb\",\"itemListElement\":[{\"@type\":\"ListItem\",\"position\":1,\"name\":\"Home\",\"item\":\"https:\/\/denizcankizil.tr\/uk\/\"},{\"@type\":\"ListItem\",\"position\":2,\"name\":\"Dinamit Patlat\u0131ld\u0131, \u00fczerlerine ta\u015f ya\u011fd\u0131\u2026\"}]},{\"@type\":\"WebSite\",\"@id\":\"https:\/\/denizcankizil.tr\/#website\",\"url\":\"https:\/\/denizcankizil.tr\/\",\"name\":\"Av. Deniz Can K\u0131z\u0131l\",\"description\":\"Avukat Deniz Can K\u0131z\u0131l Antalya Barosu\",\"publisher\":{\"@id\":\"https:\/\/denizcankizil.tr\/#organization\"},\"potentialAction\":[{\"@type\":\"SearchAction\",\"target\":{\"@type\":\"EntryPoint\",\"urlTemplate\":\"https:\/\/denizcankizil.tr\/?s={search_term_string}\"},\"query-input\":{\"@type\":\"PropertyValueSpecification\",\"valueRequired\":true,\"valueName\":\"search_term_string\"}}],\"inLanguage\":\"uk\"},{\"@type\":\"Organization\",\"@id\":\"https:\/\/denizcankizil.tr\/#organization\",\"name\":\"Av. Deniz Can K\u0131z\u0131l\",\"url\":\"https:\/\/denizcankizil.tr\/\",\"logo\":{\"@type\":\"ImageObject\",\"inLanguage\":\"uk\",\"@id\":\"https:\/\/denizcankizil.tr\/#\/schema\/logo\/image\/\",\"url\":\"http:\/\/denizcankizil.tr\/wp-content\/uploads\/2024\/10\/siyah-logo-svg.svg\",\"contentUrl\":\"http:\/\/denizcankizil.tr\/wp-content\/uploads\/2024\/10\/siyah-logo-svg.svg\",\"width\":1080,\"height\":1080,\"caption\":\"Av. Deniz Can K\u0131z\u0131l\"},\"image\":{\"@id\":\"https:\/\/denizcankizil.tr\/#\/schema\/logo\/image\/\"}},{\"@type\":\"Person\",\"@id\":\"https:\/\/denizcankizil.tr\/#\/schema\/person\/be3c05fe6a12686905512445d8185489\",\"name\":\"admin\",\"image\":{\"@type\":\"ImageObject\",\"inLanguage\":\"uk\",\"@id\":\"https:\/\/denizcankizil.tr\/#\/schema\/person\/image\/\",\"url\":\"https:\/\/secure.gravatar.com\/avatar\/c1fce94c830dc79107e174f890d7210541c4a63e8e5d816341794a2151c9d58c?s=96&d=mm&r=g\",\"contentUrl\":\"https:\/\/secure.gravatar.com\/avatar\/c1fce94c830dc79107e174f890d7210541c4a63e8e5d816341794a2151c9d58c?s=96&d=mm&r=g\",\"caption\":\"admin\"},\"sameAs\":[\"http:\/\/denizcankizil.tr\"],\"url\":\"https:\/\/www.iskenderun.org\/dinamit-patlatildi-uzerlerine-tas-yagdi\"}]}<\/script>\n<!-- \/ Yoast SEO Premium plugin. -->","yoast_head_json":{"title":"Dinamit Patlat\u0131ld\u0131, \u00fczerlerine ta\u015f ya\u011fd\u0131\u2026 - Av. Deniz Can K\u0131z\u0131l","robots":{"index":"index","follow":"follow","max-snippet":"max-snippet:-1","max-image-preview":"max-image-preview:large","max-video-preview":"max-video-preview:-1"},"canonical":"http:\/\/denizcankizil.tr\/uk\/haberler\/gundem\/dinamit-patlatildi-uzerlerine-tas-yagdi\/","og_locale":"uk_UA","og_type":"article","og_title":"Dinamit Patlat\u0131ld\u0131, \u00fczerlerine ta\u015f ya\u011fd\u0131\u2026","og_description":"Yayla b\u00f6lgesine kurulan ta\u015f oca\u011f\u0131ndaki patlatmalar, b\u00f6lge halk\u0131n\u0131n can g\u00fcvenli\u011fini tehdit etmeyi s\u00fcrd\u00fcr\u00fcyor. Tarlada \u00e7al\u0131\u015fan vatanda\u015flar, jandarma ekipleri taraf\u0131ndan can g\u00fcvenli\u011fi gerek\u00e7esiyle evlerine d\u00f6nmeleri y\u00f6n\u00fcnde uyar\u0131ld\u0131. Ancak yap\u0131lan patlatmalar s\u0131ras\u0131nda ta\u015flar\u0131n g\u00f6ky\u00fcz\u00fcnden ya\u011farcas\u0131na hem vatanda\u015flar\u0131n hem de jandarma ekiplerinin \u00fczerine d\u00fc\u015ft\u00fc\u011f\u00fc g\u00f6r\u00fcld\u00fc. O anlar\u0131 cep telefonlar\u0131yla kaydeden b\u00f6lge sakinleri duruma sert tepki g\u00f6stererek \u201cS\u00fcrekli \u00f6l\u00fcmle kar\u015f\u0131 kar\u015f\u0131yay\u0131z. Ta\u015f oca\u011f\u0131n\u0131n yapt\u0131\u011f\u0131 patlatmalar ya\u015fam alanlar\u0131m\u0131z\u0131 yok ediyor. Her an bir ta\u015f\u0131n alt\u0131nda kalma tehlikesiyle ya\u015f\u0131yoruz, bu konuda gere\u011finin yap\u0131lmas\u0131 i\u00e7in yetkililere acil \u00e7a\u011fr\u0131da bulunuyoruz\u201d dedi. CAN G\u00dcVENL\u0130\u011e\u0130 TEHL\u0130KEDE Patlatma s\u0131ras\u0131nda b\u00fcy\u00fck bir g\u00fcr\u00fclt\u00fcyle birlikte f\u0131rlayan ta\u015flar, \u00e7evredeki tarlalara ve evlerin yak\u0131n\u0131na kadar ula\u015f\u0131yor. Vatanda\u015flar, ta\u015f oca\u011f\u0131n\u0131n yerle\u015fim alan\u0131na bu kadar yak\u0131n olmas\u0131n\u0131n kabul edilemez oldu\u011funu ve bir an \u00f6nce \u00f6nlem al\u0131nmas\u0131 gerekti\u011fini belirtiyor. YETK\u0130L\u0130LERE \u00c7A\u011eRI: \u201cFAC\u0130A YA\u015eANMADAN \u00d6NLEM ALIN\u201d B\u00f6lge halk\u0131, tehlikenin g\u00f6z g\u00f6re g\u00f6re b\u00fcy\u00fcd\u00fc\u011f\u00fcn\u00fc ifade ederek \u015funlar\u0131 kaydetti: &#8220;Bu gidi\u015fle bir can kayb\u0131 ya\u015fanmadan kimse harekete ge\u00e7meyecek. Her patlatmada \u00f6l\u00fcm korkusu ya\u015f\u0131yoruz. Ta\u015foca\u011f\u0131n\u0131n faaliyetlerinin durdurulmas\u0131 ve gerekli g\u00fcvenlik \u00f6nlemlerinin al\u0131nmas\u0131 i\u00e7in yetkililere \u00e7a\u011fr\u0131da bulunuyoruz\u201d \u200bHatay&#8217;\u0131n \u0130skenderun il\u00e7esine ba\u011fl\u0131 A\u015fkarbeyli Mahallesindeki ta\u015foca\u011f\u0131nda yap\u0131lan dinamit patlat\u0131lmas\u0131 sonucu \u00e7evreye sa\u00e7\u0131lan ta\u015flar\u0131n vatanda\u015flar\u0131n \u00fczerine ya\u011fmur gibi ya\u011fd\u0131\u011f\u0131 g\u00f6r\u00fcnt\u00fcler b\u00fcy\u00fck endi\u015fe yaratt\u0131. Yayla b\u00f6lgesine kurulan ta\u015foca\u011f\u0131ndaki dinamit patlat\u0131lmas\u0131, b\u00f6lge halk\u0131n\u0131n can g\u00fcvenli\u011fini tehdit etmeyi s\u00fcrd\u00fcr\u00fcyor.\u00a0 &hellip;","og_url":"http:\/\/denizcankizil.tr\/uk\/haberler\/gundem\/dinamit-patlatildi-uzerlerine-tas-yagdi\/","og_site_name":"Av. Deniz Can K\u0131z\u0131l","article_published_time":"2025-07-15T14:42:38+00:00","og_image":[{"url":"https:\/\/iskenderunorg.teimg.com\/iskenderun-org\/uploads\/2025\/07\/2025\/07\/patlamada-uzerlerine-tas-yagidimp4-snapshot-0014244.jpg","type":"","width":"","height":""}],"author":"admin","twitter_card":"summary_large_image","twitter_misc":{"\u041d\u0430\u043f\u0438\u0441\u0430\u043d\u043e":"admin","\u041f\u0440\u0438\u0431\u043b. \u0447\u0430\u0441 \u0447\u0438\u0442\u0430\u043d\u043d\u044f":"2 \u0445\u0432\u0438\u043b\u0438\u043d\u0438"},"schema":{"@context":"https:\/\/schema.org","@graph":[{"@type":"Article","@id":"http:\/\/denizcankizil.tr\/uk\/haberler\/gundem\/dinamit-patlatildi-uzerlerine-tas-yagdi\/#article","isPartOf":{"@id":"http:\/\/denizcankizil.tr\/uk\/haberler\/gundem\/dinamit-patlatildi-uzerlerine-tas-yagdi\/"},"author":{"name":"admin","@id":"https:\/\/denizcankizil.tr\/#\/schema\/person\/be3c05fe6a12686905512445d8185489"},"headline":"Dinamit Patlat\u0131ld\u0131, \u00fczerlerine ta\u015f ya\u011fd\u0131\u2026","datePublished":"2025-07-15T14:42:38+00:00","mainEntityOfPage":{"@id":"http:\/\/denizcankizil.tr\/uk\/haberler\/gundem\/dinamit-patlatildi-uzerlerine-tas-yagdi\/"},"wordCount":353,"publisher":{"@id":"https:\/\/denizcankizil.tr\/#organization"},"image":{"@id":"http:\/\/denizcankizil.tr\/uk\/haberler\/gundem\/dinamit-patlatildi-uzerlerine-tas-yagdi\/#primaryimage"},"thumbnailUrl":"https:\/\/iskenderunorg.teimg.com\/iskenderun-org\/uploads\/2025\/07\/2025\/07\/patlamada-uzerlerine-tas-yagidimp4-snapshot-0014244.jpg","articleSection":["G\u00fcndem"],"inLanguage":"uk"},{"@type":"WebPage","@id":"http:\/\/denizcankizil.tr\/uk\/haberler\/gundem\/dinamit-patlatildi-uzerlerine-tas-yagdi\/","url":"http:\/\/denizcankizil.tr\/uk\/haberler\/gundem\/dinamit-patlatildi-uzerlerine-tas-yagdi\/","name":"Dinamit Patlat\u0131ld\u0131, \u00fczerlerine ta\u015f ya\u011fd\u0131\u2026 - Av. Deniz Can K\u0131z\u0131l","isPartOf":{"@id":"https:\/\/denizcankizil.tr\/#website"},"primaryImageOfPage":{"@id":"http:\/\/denizcankizil.tr\/uk\/haberler\/gundem\/dinamit-patlatildi-uzerlerine-tas-yagdi\/#primaryimage"},"image":{"@id":"http:\/\/denizcankizil.tr\/uk\/haberler\/gundem\/dinamit-patlatildi-uzerlerine-tas-yagdi\/#primaryimage"},"thumbnailUrl":"https:\/\/iskenderunorg.teimg.com\/iskenderun-org\/uploads\/2025\/07\/2025\/07\/patlamada-uzerlerine-tas-yagidimp4-snapshot-0014244.jpg","datePublished":"2025-07-15T14:42:38+00:00","breadcrumb":{"@id":"http:\/\/denizcankizil.tr\/uk\/haberler\/gundem\/dinamit-patlatildi-uzerlerine-tas-yagdi\/#breadcrumb"},"inLanguage":"uk","potentialAction":[{"@type":"ReadAction","target":["http:\/\/denizcankizil.tr\/uk\/haberler\/gundem\/dinamit-patlatildi-uzerlerine-tas-yagdi\/"]}]},{"@type":"ImageObject","inLanguage":"uk","@id":"http:\/\/denizcankizil.tr\/uk\/haberler\/gundem\/dinamit-patlatildi-uzerlerine-tas-yagdi\/#primaryimage","url":"https:\/\/iskenderunorg.teimg.com\/iskenderun-org\/uploads\/2025\/07\/2025\/07\/patlamada-uzerlerine-tas-yagidimp4-snapshot-0014244.jpg","contentUrl":"https:\/\/iskenderunorg.teimg.com\/iskenderun-org\/uploads\/2025\/07\/2025\/07\/patlamada-uzerlerine-tas-yagidimp4-snapshot-0014244.jpg"},{"@type":"BreadcrumbList","@id":"http:\/\/denizcankizil.tr\/uk\/haberler\/gundem\/dinamit-patlatildi-uzerlerine-tas-yagdi\/#breadcrumb","itemListElement":[{"@type":"ListItem","position":1,"name":"Home","item":"https:\/\/denizcankizil.tr\/uk\/"},{"@type":"ListItem","position":2,"name":"Dinamit Patlat\u0131ld\u0131, \u00fczerlerine ta\u015f ya\u011fd\u0131\u2026"}]},{"@type":"WebSite","@id":"https:\/\/denizcankizil.tr\/#website","url":"https:\/\/denizcankizil.tr\/","name":"Av. Deniz Can K\u0131z\u0131l","description":"Avukat Deniz Can K\u0131z\u0131l Antalya Barosu","publisher":{"@id":"https:\/\/denizcankizil.tr\/#organization"},"potentialAction":[{"@type":"SearchAction","target":{"@type":"EntryPoint","urlTemplate":"https:\/\/denizcankizil.tr\/?s={search_term_string}"},"query-input":{"@type":"PropertyValueSpecification","valueRequired":true,"valueName":"search_term_string"}}],"inLanguage":"uk"},{"@type":"Organization","@id":"https:\/\/denizcankizil.tr\/#organization","name":"Av. Deniz Can K\u0131z\u0131l","url":"https:\/\/denizcankizil.tr\/","logo":{"@type":"ImageObject","inLanguage":"uk","@id":"https:\/\/denizcankizil.tr\/#\/schema\/logo\/image\/","url":"http:\/\/denizcankizil.tr\/wp-content\/uploads\/2024\/10\/siyah-logo-svg.svg","contentUrl":"http:\/\/denizcankizil.tr\/wp-content\/uploads\/2024\/10\/siyah-logo-svg.svg","width":1080,"height":1080,"caption":"Av. Deniz Can K\u0131z\u0131l"},"image":{"@id":"https:\/\/denizcankizil.tr\/#\/schema\/logo\/image\/"}},{"@type":"Person","@id":"https:\/\/denizcankizil.tr\/#\/schema\/person\/be3c05fe6a12686905512445d8185489","name":"\u0430\u0434\u043c\u0456\u043d","image":{"@type":"ImageObject","inLanguage":"uk","@id":"https:\/\/denizcankizil.tr\/#\/schema\/person\/image\/","url":"https:\/\/secure.gravatar.com\/avatar\/c1fce94c830dc79107e174f890d7210541c4a63e8e5d816341794a2151c9d58c?s=96&d=mm&r=g","contentUrl":"https:\/\/secure.gravatar.com\/avatar\/c1fce94c830dc79107e174f890d7210541c4a63e8e5d816341794a2151c9d58c?s=96&d=mm&r=g","caption":"admin"},"sameAs":["http:\/\/denizcankizil.tr"],"url":"https:\/\/www.iskenderun.org\/dinamit-patlatildi-uzerlerine-tas-yagdi"}]}},"_links":{"self":[{"href":"http:\/\/denizcankizil.tr\/uk\/wp-json\/wp\/v2\/posts\/146960","targetHints":{"allow":["GET"]}}],"collection":[{"href":"http:\/\/denizcankizil.tr\/uk\/wp-json\/wp\/v2\/posts"}],"about":[{"href":"http:\/\/denizcankizil.tr\/uk\/wp-json\/wp\/v2\/types\/post"}],"author":[{"embeddable":true,"href":"http:\/\/denizcankizil.tr\/uk\/wp-json\/wp\/v2\/users\/1"}],"replies":[{"embeddable":true,"href":"http:\/\/denizcankizil.tr\/uk\/wp-json\/wp\/v2\/comments?post=146960"}],"version-history":[{"count":0,"href":"http:\/\/denizcankizil.tr\/uk\/wp-json\/wp\/v2\/posts\/146960\/revisions"}],"wp:attachment":[{"href":"http:\/\/denizcankizil.tr\/uk\/wp-json\/wp\/v2\/media?parent=146960"}],"wp:term":[{"taxonomy":"category","embeddable":true,"href":"http:\/\/denizcankizil.tr\/uk\/wp-json\/wp\/v2\/categories?post=146960"},{"taxonomy":"post_tag","embeddable":true,"href":"http:\/\/denizcankizil.tr\/uk\/wp-json\/wp\/v2\/tags?post=146960"}],"curies":[{"name":"wp","href":"https:\/\/api.w.org\/{rel}","templated":true}]}}