{"id":142731,"date":"2025-07-11T16:41:17","date_gmt":"2025-07-11T13:41:17","guid":{"rendered":"https:\/\/denizcankizil.tr\/uncategorized-tr\/amsterdamdan-gazipasa-alanya-havalimanina-ilk-ucus-gerceklesti\/"},"modified":"2025-07-11T16:41:17","modified_gmt":"2025-07-11T13:41:17","slug":"amsterdamdan-gazipasa-alanya-havalimanina-ilk-ucus-gerceklesti","status":"publish","type":"post","link":"http:\/\/denizcankizil.tr\/uk\/haberler\/antalya\/amsterdamdan-gazipasa-alanya-havalimanina-ilk-ucus-gerceklesti\/","title":{"rendered":"Amsterdam\u2019dan Gazipa\u015fa-Alanya Havaliman\u0131\u2019na \u0130lk U\u00e7u\u015f Ger\u00e7ekle\u015fti"},"content":{"rendered":"<p>\u00a0Hollanda&#8217;n\u0131n ba\u015fkenti Amsterdam&#8217;dan Gazipa\u015fa-Alanya Havaliman\u0131&#8217;na ilk u\u00e7u\u015f ger\u00e7ekle\u015fti. 184 yolcu, su tak\u0131 seremonisi ve karanfillerle kar\u015f\u0131lan\u0131rken, sezon boyunca 32 sefer planlan\u0131yor.<br \/>\nTui Airlines Nederland&#8217;a ait u\u00e7ak, 20.45&#8217;te Gazipa\u015fa-Alanya Havaliman\u0131&#8217;nda su tak\u0131 seremonisi ile kar\u015f\u0131land\u0131. Kar\u015f\u0131lama t\u00f6renine; Alanya Belediyesi Ba\u015fkan Dan\u0131\u015fman\u0131 Abdurrahman A\u00e7\u0131kal\u0131n, Alanya Turistik \u0130\u015fletmeciler Derne\u011fi (ALT\u0130D) Ba\u015fkan\u0131 Burhan Sili, TAV Gazipa\u015fa-Alanya Havaliman\u0131 Direkt\u00f6r\u00fc Ali \u00d6zg\u00fcr Pehlivan ve protokol \u00fcyeleri kat\u0131ld\u0131. Kar\u015f\u0131lama program\u0131nda yolculara ve u\u00e7ak m\u00fcrettebat\u0131na protokol \u00fcyelerince karanfil verildi. A\u00e7\u0131kal\u0131n, u\u00e7ak m\u00fcrettebat\u0131na, Alanya&#8217;n\u0131n y\u00f6resel tatlar\u0131 S Pasta ve \u00c7i\u011firdik ile ipek kozas\u0131ndan yap\u0131lan yaka \u00e7i\u00e7e\u011fi hediye etti. Daha sonra hep birlikte pasta kesilerek bu tarihi an \u00f6l\u00fcms\u00fczle\u015ftirildi.<\/p>\n<p>32 u\u00e7u\u015f ger\u00e7ekle\u015ftirilecek<br \/>\nHollanda&#8217;dan u\u00e7u\u015flar, Tui Airlines Nederland ile her pazartesi ve per\u015fembe g\u00fcnleri ger\u00e7ekle\u015fecek. 184 yolcuyla gelen ilk u\u00e7u\u015fun devam\u0131nda 1 Eyl\u00fcl tarihine kadar toplam 32 sefer planlan\u0131yor.<\/p>\n<p>&#8220;6 farkl\u0131 destinasyondan u\u00e7aklar\u0131n inmesini sa\u011flad\u0131k&#8221;<br \/>\nK\u0131\u015f d\u00f6neminde yap\u0131lan \u00e7al\u0131\u015fmalar\u0131n meyve vermeye devam etti\u011fini belirten Belediye Ba\u015fkan Dan\u0131\u015fman\u0131 Abdurrahman A\u00e7\u0131kal\u0131n, &#8220;Belediye Ba\u015fkan\u0131m\u0131z Osman Tar\u0131k \u00d6z\u00e7elik&#8217;le birlikte Alanya Belediyesi&#8217;nin \u00f6nderli\u011finde ALTAV, ALT\u0130D ve TAV \u0130\u015fletmecili\u011fi i\u015f birli\u011fi ile ge\u00e7ti\u011fimiz k\u0131\u015f d\u00f6neminde uluslararas\u0131 fuarlara kat\u0131ld\u0131k. 2 ay gibi \u00e7ok k\u0131sa bir s\u00fcre i\u00e7erisinde 6 farkl\u0131 destinasyondan u\u00e7aklar\u0131n inmesini sa\u011flad\u0131k. Bu ser\u00fcvenimiz Danimarka ile ba\u015flad\u0131. Sonra Kazakistan, \u00d6zbekistan, Macaristan, Slovakya ve son olarak Hollanda&#8217;n\u0131n ba\u015fkenti Amsterdam&#8217;dan 184 yolcu geldi. Ne mutlu bizlere ki, Avrupa&#8217;n\u0131n ve d\u00fcnyan\u0131n farkl\u0131 destinasyonlar\u0131ndan direkt u\u00e7u\u015flar sa\u011fl\u0131yoruz. \u0130\u015f birli\u011fi i\u00e7in de\u011ferli \u00e7al\u0131\u015fma arkada\u015f\u0131m TAV Gazipa\u015fa-Alanya Havaliman\u0131 Direkt\u00f6r\u00fc Ali \u00d6zg\u00fcr Pehlivan&#8217;a te\u015fekk\u00fcr ediyorum. Onlar\u0131n da sayesinde Alanya&#8217;m\u0131z her ge\u00e7en g\u00fcn marka haline geliyor&#8221; dedi.<\/p>\n<p>Kaynak: www.kanalv.com.tr Haber Sitesinden Al\u0131nm\u0131\u015ft\u0131r.<\/p>","protected":false},"excerpt":{"rendered":"<p>\u00a0Hollanda&#8217;n\u0131n ba\u015fkenti Amsterdam&#8217;dan Gazipa\u015fa-Alanya Havaliman\u0131&#8217;na ilk u\u00e7u\u015f ger\u00e7ekle\u015fti. 184 yolcu, su tak\u0131 seremonisi ve karanfillerle kar\u015f\u0131lan\u0131rken, sezon boyunca 32 sefer planlan\u0131yor. Tui Airlines Nederland&#8217;a ait u\u00e7ak, 20.45&#8217;te Gazipa\u015fa-Alanya Havaliman\u0131&#8217;nda su tak\u0131 seremonisi ile kar\u015f\u0131land\u0131. Kar\u015f\u0131lama t\u00f6renine; Alanya Belediyesi Ba\u015fkan Dan\u0131\u015fman\u0131 Abdurrahman A\u00e7\u0131kal\u0131n, Alanya Turistik \u0130\u015fletmeciler Derne\u011fi (ALT\u0130D) Ba\u015fkan\u0131 Burhan Sili, TAV Gazipa\u015fa-Alanya Havaliman\u0131 Direkt\u00f6r\u00fc Ali \u00d6zg\u00fcr Pehlivan ve protokol \u00fcyeleri kat\u0131ld\u0131. Kar\u015f\u0131lama program\u0131nda yolculara ve u\u00e7ak m\u00fcrettebat\u0131na protokol \u00fcyelerince karanfil verildi. A\u00e7\u0131kal\u0131n, u\u00e7ak m\u00fcrettebat\u0131na, Alanya&#8217;n\u0131n y\u00f6resel tatlar\u0131 S Pasta ve \u00c7i\u011firdik ile ipek kozas\u0131ndan yap\u0131lan yaka \u00e7i\u00e7e\u011fi hediye etti. Daha sonra hep birlikte pasta kesilerek bu tarihi an \u00f6l\u00fcms\u00fczle\u015ftirildi. 32 u\u00e7u\u015f ger\u00e7ekle\u015ftirilecek Hollanda&#8217;dan u\u00e7u\u015flar, Tui Airlines Nederland ile her pazartesi ve per\u015fembe g\u00fcnleri ger\u00e7ekle\u015fecek. 184 yolcuyla gelen ilk u\u00e7u\u015fun devam\u0131nda 1 Eyl\u00fcl tarihine kadar toplam 32 sefer planlan\u0131yor. &#8220;6 farkl\u0131 destinasyondan u\u00e7aklar\u0131n inmesini sa\u011flad\u0131k&#8221; K\u0131\u015f d\u00f6neminde yap\u0131lan \u00e7al\u0131\u015fmalar\u0131n meyve vermeye devam etti\u011fini belirten Belediye Ba\u015fkan Dan\u0131\u015fman\u0131 Abdurrahman A\u00e7\u0131kal\u0131n, &#8220;Belediye Ba\u015fkan\u0131m\u0131z Osman Tar\u0131k \u00d6z\u00e7elik&#8217;le birlikte Alanya Belediyesi&#8217;nin \u00f6nderli\u011finde ALTAV, ALT\u0130D ve TAV \u0130\u015fletmecili\u011fi i\u015f birli\u011fi ile ge\u00e7ti\u011fimiz k\u0131\u015f d\u00f6neminde uluslararas\u0131 fuarlara kat\u0131ld\u0131k. 2 ay gibi \u00e7ok k\u0131sa bir s\u00fcre i\u00e7erisinde 6 farkl\u0131 destinasyondan u\u00e7aklar\u0131n inmesini sa\u011flad\u0131k. Bu ser\u00fcvenimiz Danimarka ile ba\u015flad\u0131. Sonra Kazakistan, \u00d6zbekistan, Macaristan, Slovakya ve son olarak Hollanda&#8217;n\u0131n ba\u015fkenti &hellip;<\/p>","protected":false},"author":4,"featured_media":0,"comment_status":"","ping_status":"open","sticky":false,"template":"","format":"standard","meta":{"_acf_changed":false,"footnotes":""},"categories":[26],"tags":[],"class_list":["post-142731","post","type-post","status-publish","format-standard","hentry","category-antalya"],"acf":[],"yoast_head":"<!-- This site is optimized with the Yoast SEO Premium plugin v26.6 (Yoast SEO v27.1.1) - https:\/\/yoast.com\/product\/yoast-seo-premium-wordpress\/ -->\n<title>Amsterdam\u2019dan Gazipa\u015fa-Alanya Havaliman\u0131\u2019na \u0130lk U\u00e7u\u015f Ger\u00e7ekle\u015fti - Av. Deniz Can K\u0131z\u0131l<\/title>\n<meta name=\"robots\" content=\"index, follow, max-snippet:-1, max-image-preview:large, max-video-preview:-1\" \/>\n<link rel=\"canonical\" href=\"http:\/\/denizcankizil.tr\/uk\/haberler\/antalya\/amsterdamdan-gazipasa-alanya-havalimanina-ilk-ucus-gerceklesti\/\" \/>\n<meta property=\"og:locale\" content=\"uk_UA\" \/>\n<meta property=\"og:type\" content=\"article\" \/>\n<meta property=\"og:title\" content=\"Amsterdam\u2019dan Gazipa\u015fa-Alanya Havaliman\u0131\u2019na \u0130lk U\u00e7u\u015f Ger\u00e7ekle\u015fti\" \/>\n<meta property=\"og:description\" content=\"\u00a0Hollanda&#8217;n\u0131n ba\u015fkenti Amsterdam&#8217;dan Gazipa\u015fa-Alanya Havaliman\u0131&#8217;na ilk u\u00e7u\u015f ger\u00e7ekle\u015fti. 184 yolcu, su tak\u0131 seremonisi ve karanfillerle kar\u015f\u0131lan\u0131rken, sezon boyunca 32 sefer planlan\u0131yor. Tui Airlines Nederland&#8217;a ait u\u00e7ak, 20.45&#8217;te Gazipa\u015fa-Alanya Havaliman\u0131&#8217;nda su tak\u0131 seremonisi ile kar\u015f\u0131land\u0131. Kar\u015f\u0131lama t\u00f6renine; Alanya Belediyesi Ba\u015fkan Dan\u0131\u015fman\u0131 Abdurrahman A\u00e7\u0131kal\u0131n, Alanya Turistik \u0130\u015fletmeciler Derne\u011fi (ALT\u0130D) Ba\u015fkan\u0131 Burhan Sili, TAV Gazipa\u015fa-Alanya Havaliman\u0131 Direkt\u00f6r\u00fc Ali \u00d6zg\u00fcr Pehlivan ve protokol \u00fcyeleri kat\u0131ld\u0131. Kar\u015f\u0131lama program\u0131nda yolculara ve u\u00e7ak m\u00fcrettebat\u0131na protokol \u00fcyelerince karanfil verildi. A\u00e7\u0131kal\u0131n, u\u00e7ak m\u00fcrettebat\u0131na, Alanya&#8217;n\u0131n y\u00f6resel tatlar\u0131 S Pasta ve \u00c7i\u011firdik ile ipek kozas\u0131ndan yap\u0131lan yaka \u00e7i\u00e7e\u011fi hediye etti. Daha sonra hep birlikte pasta kesilerek bu tarihi an \u00f6l\u00fcms\u00fczle\u015ftirildi. 32 u\u00e7u\u015f ger\u00e7ekle\u015ftirilecek Hollanda&#8217;dan u\u00e7u\u015flar, Tui Airlines Nederland ile her pazartesi ve per\u015fembe g\u00fcnleri ger\u00e7ekle\u015fecek. 184 yolcuyla gelen ilk u\u00e7u\u015fun devam\u0131nda 1 Eyl\u00fcl tarihine kadar toplam 32 sefer planlan\u0131yor. &#8220;6 farkl\u0131 destinasyondan u\u00e7aklar\u0131n inmesini sa\u011flad\u0131k&#8221; K\u0131\u015f d\u00f6neminde yap\u0131lan \u00e7al\u0131\u015fmalar\u0131n meyve vermeye devam etti\u011fini belirten Belediye Ba\u015fkan Dan\u0131\u015fman\u0131 Abdurrahman A\u00e7\u0131kal\u0131n, &#8220;Belediye Ba\u015fkan\u0131m\u0131z Osman Tar\u0131k \u00d6z\u00e7elik&#8217;le birlikte Alanya Belediyesi&#8217;nin \u00f6nderli\u011finde ALTAV, ALT\u0130D ve TAV \u0130\u015fletmecili\u011fi i\u015f birli\u011fi ile ge\u00e7ti\u011fimiz k\u0131\u015f d\u00f6neminde uluslararas\u0131 fuarlara kat\u0131ld\u0131k. 2 ay gibi \u00e7ok k\u0131sa bir s\u00fcre i\u00e7erisinde 6 farkl\u0131 destinasyondan u\u00e7aklar\u0131n inmesini sa\u011flad\u0131k. Bu ser\u00fcvenimiz Danimarka ile ba\u015flad\u0131. Sonra Kazakistan, \u00d6zbekistan, Macaristan, Slovakya ve son olarak Hollanda&#8217;n\u0131n ba\u015fkenti &hellip;\" \/>\n<meta property=\"og:url\" content=\"http:\/\/denizcankizil.tr\/uk\/haberler\/antalya\/amsterdamdan-gazipasa-alanya-havalimanina-ilk-ucus-gerceklesti\/\" \/>\n<meta property=\"og:site_name\" content=\"Av. Deniz Can K\u0131z\u0131l\" \/>\n<meta property=\"article:published_time\" content=\"2025-07-11T13:41:17+00:00\" \/>\n<meta name=\"author\" content=\"Av. Deniz Can K\u0131z\u0131l\" \/>\n<meta name=\"twitter:card\" content=\"summary_large_image\" \/>\n<meta name=\"twitter:label1\" content=\"\u041d\u0430\u043f\u0438\u0441\u0430\u043d\u043e\" \/>\n\t<meta name=\"twitter:data1\" content=\"Av. Deniz Can K\u0131z\u0131l\" \/>\n\t<meta name=\"twitter:label2\" content=\"\u041f\u0440\u0438\u0431\u043b. \u0447\u0430\u0441 \u0447\u0438\u0442\u0430\u043d\u043d\u044f\" \/>\n\t<meta name=\"twitter:data2\" content=\"2 \u0445\u0432\u0438\u043b\u0438\u043d\u0438\" \/>\n<script type=\"application\/ld+json\" class=\"yoast-schema-graph\">{\"@context\":\"https:\/\/schema.org\",\"@graph\":[{\"@type\":\"Article\",\"@id\":\"http:\/\/denizcankizil.tr\/de\/haberler\/antalya\/amsterdamdan-gazipasa-alanya-havalimanina-ilk-ucus-gerceklesti\/#article\",\"isPartOf\":{\"@id\":\"http:\/\/denizcankizil.tr\/de\/haberler\/antalya\/amsterdamdan-gazipasa-alanya-havalimanina-ilk-ucus-gerceklesti\/\"},\"author\":{\"name\":\"Av. Deniz Can K\u0131z\u0131l\",\"@id\":\"https:\/\/denizcankizil.tr\/de\/#\/schema\/person\/5dc1b22991bd7ac833867c10afc9b0ff\"},\"headline\":\"Amsterdam\u2019dan Gazipa\u015fa-Alanya Havaliman\u0131\u2019na \u0130lk U\u00e7u\u015f Ger\u00e7ekle\u015fti\",\"datePublished\":\"2025-07-11T13:41:17+00:00\",\"mainEntityOfPage\":{\"@id\":\"http:\/\/denizcankizil.tr\/de\/haberler\/antalya\/amsterdamdan-gazipasa-alanya-havalimanina-ilk-ucus-gerceklesti\/\"},\"wordCount\":387,\"publisher\":{\"@id\":\"https:\/\/denizcankizil.tr\/de\/#organization\"},\"articleSection\":[\"Antalya\"],\"inLanguage\":\"uk\"},{\"@type\":\"WebPage\",\"@id\":\"http:\/\/denizcankizil.tr\/de\/haberler\/antalya\/amsterdamdan-gazipasa-alanya-havalimanina-ilk-ucus-gerceklesti\/\",\"url\":\"http:\/\/denizcankizil.tr\/de\/haberler\/antalya\/amsterdamdan-gazipasa-alanya-havalimanina-ilk-ucus-gerceklesti\/\",\"name\":\"Amsterdam\u2019dan Gazipa\u015fa-Alanya Havaliman\u0131\u2019na \u0130lk U\u00e7u\u015f Ger\u00e7ekle\u015fti - Av. Deniz Can K\u0131z\u0131l\",\"isPartOf\":{\"@id\":\"https:\/\/denizcankizil.tr\/de\/#website\"},\"datePublished\":\"2025-07-11T13:41:17+00:00\",\"breadcrumb\":{\"@id\":\"http:\/\/denizcankizil.tr\/de\/haberler\/antalya\/amsterdamdan-gazipasa-alanya-havalimanina-ilk-ucus-gerceklesti\/#breadcrumb\"},\"inLanguage\":\"uk\",\"potentialAction\":[{\"@type\":\"ReadAction\",\"target\":[\"http:\/\/denizcankizil.tr\/de\/haberler\/antalya\/amsterdamdan-gazipasa-alanya-havalimanina-ilk-ucus-gerceklesti\/\"]}]},{\"@type\":\"BreadcrumbList\",\"@id\":\"http:\/\/denizcankizil.tr\/de\/haberler\/antalya\/amsterdamdan-gazipasa-alanya-havalimanina-ilk-ucus-gerceklesti\/#breadcrumb\",\"itemListElement\":[{\"@type\":\"ListItem\",\"position\":1,\"name\":\"Home\",\"item\":\"https:\/\/denizcankizil.tr\/de\/\"},{\"@type\":\"ListItem\",\"position\":2,\"name\":\"Amsterdam\u2019dan Gazipa\u015fa-Alanya Havaliman\u0131\u2019na \u0130lk U\u00e7u\u015f Ger\u00e7ekle\u015fti\"}]},{\"@type\":\"WebSite\",\"@id\":\"https:\/\/denizcankizil.tr\/de\/#website\",\"url\":\"https:\/\/denizcankizil.tr\/de\/\",\"name\":\"Av. Deniz Can K\u0131z\u0131l\",\"description\":\"Avukat Deniz Can K\u0131z\u0131l Antalya Barosu\",\"publisher\":{\"@id\":\"https:\/\/denizcankizil.tr\/de\/#organization\"},\"potentialAction\":[{\"@type\":\"SearchAction\",\"target\":{\"@type\":\"EntryPoint\",\"urlTemplate\":\"https:\/\/denizcankizil.tr\/de\/?s={search_term_string}\"},\"query-input\":{\"@type\":\"PropertyValueSpecification\",\"valueRequired\":true,\"valueName\":\"search_term_string\"}}],\"inLanguage\":\"uk\"},{\"@type\":\"Organization\",\"@id\":\"https:\/\/denizcankizil.tr\/de\/#organization\",\"name\":\"Av. Deniz Can K\u0131z\u0131l\",\"url\":\"https:\/\/denizcankizil.tr\/de\/\",\"logo\":{\"@type\":\"ImageObject\",\"inLanguage\":\"uk\",\"@id\":\"https:\/\/denizcankizil.tr\/de\/#\/schema\/logo\/image\/\",\"url\":\"http:\/\/denizcankizil.tr\/wp-content\/uploads\/2024\/10\/siyah-logo-svg.svg\",\"contentUrl\":\"http:\/\/denizcankizil.tr\/wp-content\/uploads\/2024\/10\/siyah-logo-svg.svg\",\"width\":1080,\"height\":1080,\"caption\":\"Av. Deniz Can K\u0131z\u0131l\"},\"image\":{\"@id\":\"https:\/\/denizcankizil.tr\/de\/#\/schema\/logo\/image\/\"}},{\"@type\":\"Person\",\"@id\":\"https:\/\/denizcankizil.tr\/de\/#\/schema\/person\/5dc1b22991bd7ac833867c10afc9b0ff\",\"name\":\"Av. Deniz Can K\u0131z\u0131l\",\"image\":{\"@type\":\"ImageObject\",\"inLanguage\":\"uk\",\"@id\":\"https:\/\/denizcankizil.tr\/de\/#\/schema\/person\/image\/\",\"url\":\"https:\/\/secure.gravatar.com\/avatar\/a0b128fb9855c79efc976d5640eedb31dc35ec297594d6016d2cf7c60e975bb6?s=96&d=mm&r=g\",\"contentUrl\":\"https:\/\/secure.gravatar.com\/avatar\/a0b128fb9855c79efc976d5640eedb31dc35ec297594d6016d2cf7c60e975bb6?s=96&d=mm&r=g\",\"caption\":\"Av. Deniz Can K\u0131z\u0131l\"},\"sameAs\":[\"http:\/\/www.denizcankizil.tr\"],\"url\":\"http:\/\/denizcankizil.tr\/uk\/author\/denizcankizil\/\"}]}<\/script>\n<!-- \/ Yoast SEO Premium plugin. -->","yoast_head_json":{"title":"Amsterdam\u2019dan Gazipa\u015fa-Alanya Havaliman\u0131\u2019na \u0130lk U\u00e7u\u015f Ger\u00e7ekle\u015fti - Av. Deniz Can K\u0131z\u0131l","robots":{"index":"index","follow":"follow","max-snippet":"max-snippet:-1","max-image-preview":"max-image-preview:large","max-video-preview":"max-video-preview:-1"},"canonical":"http:\/\/denizcankizil.tr\/uk\/haberler\/antalya\/amsterdamdan-gazipasa-alanya-havalimanina-ilk-ucus-gerceklesti\/","og_locale":"uk_UA","og_type":"article","og_title":"Amsterdam\u2019dan Gazipa\u015fa-Alanya Havaliman\u0131\u2019na \u0130lk U\u00e7u\u015f Ger\u00e7ekle\u015fti","og_description":"\u00a0Hollanda&#8217;n\u0131n ba\u015fkenti Amsterdam&#8217;dan Gazipa\u015fa-Alanya Havaliman\u0131&#8217;na ilk u\u00e7u\u015f ger\u00e7ekle\u015fti. 184 yolcu, su tak\u0131 seremonisi ve karanfillerle kar\u015f\u0131lan\u0131rken, sezon boyunca 32 sefer planlan\u0131yor. Tui Airlines Nederland&#8217;a ait u\u00e7ak, 20.45&#8217;te Gazipa\u015fa-Alanya Havaliman\u0131&#8217;nda su tak\u0131 seremonisi ile kar\u015f\u0131land\u0131. Kar\u015f\u0131lama t\u00f6renine; Alanya Belediyesi Ba\u015fkan Dan\u0131\u015fman\u0131 Abdurrahman A\u00e7\u0131kal\u0131n, Alanya Turistik \u0130\u015fletmeciler Derne\u011fi (ALT\u0130D) Ba\u015fkan\u0131 Burhan Sili, TAV Gazipa\u015fa-Alanya Havaliman\u0131 Direkt\u00f6r\u00fc Ali \u00d6zg\u00fcr Pehlivan ve protokol \u00fcyeleri kat\u0131ld\u0131. Kar\u015f\u0131lama program\u0131nda yolculara ve u\u00e7ak m\u00fcrettebat\u0131na protokol \u00fcyelerince karanfil verildi. A\u00e7\u0131kal\u0131n, u\u00e7ak m\u00fcrettebat\u0131na, Alanya&#8217;n\u0131n y\u00f6resel tatlar\u0131 S Pasta ve \u00c7i\u011firdik ile ipek kozas\u0131ndan yap\u0131lan yaka \u00e7i\u00e7e\u011fi hediye etti. Daha sonra hep birlikte pasta kesilerek bu tarihi an \u00f6l\u00fcms\u00fczle\u015ftirildi. 32 u\u00e7u\u015f ger\u00e7ekle\u015ftirilecek Hollanda&#8217;dan u\u00e7u\u015flar, Tui Airlines Nederland ile her pazartesi ve per\u015fembe g\u00fcnleri ger\u00e7ekle\u015fecek. 184 yolcuyla gelen ilk u\u00e7u\u015fun devam\u0131nda 1 Eyl\u00fcl tarihine kadar toplam 32 sefer planlan\u0131yor. &#8220;6 farkl\u0131 destinasyondan u\u00e7aklar\u0131n inmesini sa\u011flad\u0131k&#8221; K\u0131\u015f d\u00f6neminde yap\u0131lan \u00e7al\u0131\u015fmalar\u0131n meyve vermeye devam etti\u011fini belirten Belediye Ba\u015fkan Dan\u0131\u015fman\u0131 Abdurrahman A\u00e7\u0131kal\u0131n, &#8220;Belediye Ba\u015fkan\u0131m\u0131z Osman Tar\u0131k \u00d6z\u00e7elik&#8217;le birlikte Alanya Belediyesi&#8217;nin \u00f6nderli\u011finde ALTAV, ALT\u0130D ve TAV \u0130\u015fletmecili\u011fi i\u015f birli\u011fi ile ge\u00e7ti\u011fimiz k\u0131\u015f d\u00f6neminde uluslararas\u0131 fuarlara kat\u0131ld\u0131k. 2 ay gibi \u00e7ok k\u0131sa bir s\u00fcre i\u00e7erisinde 6 farkl\u0131 destinasyondan u\u00e7aklar\u0131n inmesini sa\u011flad\u0131k. Bu ser\u00fcvenimiz Danimarka ile ba\u015flad\u0131. Sonra Kazakistan, \u00d6zbekistan, Macaristan, Slovakya ve son olarak Hollanda&#8217;n\u0131n ba\u015fkenti &hellip;","og_url":"http:\/\/denizcankizil.tr\/uk\/haberler\/antalya\/amsterdamdan-gazipasa-alanya-havalimanina-ilk-ucus-gerceklesti\/","og_site_name":"Av. Deniz Can K\u0131z\u0131l","article_published_time":"2025-07-11T13:41:17+00:00","author":"Av. Deniz Can K\u0131z\u0131l","twitter_card":"summary_large_image","twitter_misc":{"\u041d\u0430\u043f\u0438\u0441\u0430\u043d\u043e":"Av. Deniz Can K\u0131z\u0131l","\u041f\u0440\u0438\u0431\u043b. \u0447\u0430\u0441 \u0447\u0438\u0442\u0430\u043d\u043d\u044f":"2 \u0445\u0432\u0438\u043b\u0438\u043d\u0438"},"schema":{"@context":"https:\/\/schema.org","@graph":[{"@type":"Article","@id":"http:\/\/denizcankizil.tr\/de\/haberler\/antalya\/amsterdamdan-gazipasa-alanya-havalimanina-ilk-ucus-gerceklesti\/#article","isPartOf":{"@id":"http:\/\/denizcankizil.tr\/de\/haberler\/antalya\/amsterdamdan-gazipasa-alanya-havalimanina-ilk-ucus-gerceklesti\/"},"author":{"name":"Av. Deniz Can K\u0131z\u0131l","@id":"https:\/\/denizcankizil.tr\/de\/#\/schema\/person\/5dc1b22991bd7ac833867c10afc9b0ff"},"headline":"Amsterdam\u2019dan Gazipa\u015fa-Alanya Havaliman\u0131\u2019na \u0130lk U\u00e7u\u015f Ger\u00e7ekle\u015fti","datePublished":"2025-07-11T13:41:17+00:00","mainEntityOfPage":{"@id":"http:\/\/denizcankizil.tr\/de\/haberler\/antalya\/amsterdamdan-gazipasa-alanya-havalimanina-ilk-ucus-gerceklesti\/"},"wordCount":387,"publisher":{"@id":"https:\/\/denizcankizil.tr\/de\/#organization"},"articleSection":["Antalya"],"inLanguage":"uk"},{"@type":"WebPage","@id":"http:\/\/denizcankizil.tr\/de\/haberler\/antalya\/amsterdamdan-gazipasa-alanya-havalimanina-ilk-ucus-gerceklesti\/","url":"http:\/\/denizcankizil.tr\/de\/haberler\/antalya\/amsterdamdan-gazipasa-alanya-havalimanina-ilk-ucus-gerceklesti\/","name":"Amsterdam\u2019dan Gazipa\u015fa-Alanya Havaliman\u0131\u2019na \u0130lk U\u00e7u\u015f Ger\u00e7ekle\u015fti - Av. Deniz Can K\u0131z\u0131l","isPartOf":{"@id":"https:\/\/denizcankizil.tr\/de\/#website"},"datePublished":"2025-07-11T13:41:17+00:00","breadcrumb":{"@id":"http:\/\/denizcankizil.tr\/de\/haberler\/antalya\/amsterdamdan-gazipasa-alanya-havalimanina-ilk-ucus-gerceklesti\/#breadcrumb"},"inLanguage":"uk","potentialAction":[{"@type":"ReadAction","target":["http:\/\/denizcankizil.tr\/de\/haberler\/antalya\/amsterdamdan-gazipasa-alanya-havalimanina-ilk-ucus-gerceklesti\/"]}]},{"@type":"BreadcrumbList","@id":"http:\/\/denizcankizil.tr\/de\/haberler\/antalya\/amsterdamdan-gazipasa-alanya-havalimanina-ilk-ucus-gerceklesti\/#breadcrumb","itemListElement":[{"@type":"ListItem","position":1,"name":"Home","item":"https:\/\/denizcankizil.tr\/de\/"},{"@type":"ListItem","position":2,"name":"Amsterdam\u2019dan Gazipa\u015fa-Alanya Havaliman\u0131\u2019na \u0130lk U\u00e7u\u015f Ger\u00e7ekle\u015fti"}]},{"@type":"WebSite","@id":"https:\/\/denizcankizil.tr\/de\/#website","url":"https:\/\/denizcankizil.tr\/de\/","name":"Av. Deniz Can K\u0131z\u0131l","description":"Avukat Deniz Can K\u0131z\u0131l Antalya Barosu","publisher":{"@id":"https:\/\/denizcankizil.tr\/de\/#organization"},"potentialAction":[{"@type":"SearchAction","target":{"@type":"EntryPoint","urlTemplate":"https:\/\/denizcankizil.tr\/de\/?s={search_term_string}"},"query-input":{"@type":"PropertyValueSpecification","valueRequired":true,"valueName":"search_term_string"}}],"inLanguage":"uk"},{"@type":"Organization","@id":"https:\/\/denizcankizil.tr\/de\/#organization","name":"Av. Deniz Can K\u0131z\u0131l","url":"https:\/\/denizcankizil.tr\/de\/","logo":{"@type":"ImageObject","inLanguage":"uk","@id":"https:\/\/denizcankizil.tr\/de\/#\/schema\/logo\/image\/","url":"http:\/\/denizcankizil.tr\/wp-content\/uploads\/2024\/10\/siyah-logo-svg.svg","contentUrl":"http:\/\/denizcankizil.tr\/wp-content\/uploads\/2024\/10\/siyah-logo-svg.svg","width":1080,"height":1080,"caption":"Av. Deniz Can K\u0131z\u0131l"},"image":{"@id":"https:\/\/denizcankizil.tr\/de\/#\/schema\/logo\/image\/"}},{"@type":"Person","@id":"https:\/\/denizcankizil.tr\/de\/#\/schema\/person\/5dc1b22991bd7ac833867c10afc9b0ff","name":"Av. Deniz Can K\u0131z\u0131l","image":{"@type":"ImageObject","inLanguage":"uk","@id":"https:\/\/denizcankizil.tr\/de\/#\/schema\/person\/image\/","url":"https:\/\/secure.gravatar.com\/avatar\/a0b128fb9855c79efc976d5640eedb31dc35ec297594d6016d2cf7c60e975bb6?s=96&d=mm&r=g","contentUrl":"https:\/\/secure.gravatar.com\/avatar\/a0b128fb9855c79efc976d5640eedb31dc35ec297594d6016d2cf7c60e975bb6?s=96&d=mm&r=g","caption":"Av. Deniz Can K\u0131z\u0131l"},"sameAs":["http:\/\/www.denizcankizil.tr"],"url":"http:\/\/denizcankizil.tr\/uk\/author\/denizcankizil\/"}]}},"_links":{"self":[{"href":"http:\/\/denizcankizil.tr\/uk\/wp-json\/wp\/v2\/posts\/142731","targetHints":{"allow":["GET"]}}],"collection":[{"href":"http:\/\/denizcankizil.tr\/uk\/wp-json\/wp\/v2\/posts"}],"about":[{"href":"http:\/\/denizcankizil.tr\/uk\/wp-json\/wp\/v2\/types\/post"}],"author":[{"embeddable":true,"href":"http:\/\/denizcankizil.tr\/uk\/wp-json\/wp\/v2\/users\/4"}],"replies":[{"embeddable":true,"href":"http:\/\/denizcankizil.tr\/uk\/wp-json\/wp\/v2\/comments?post=142731"}],"version-history":[{"count":0,"href":"http:\/\/denizcankizil.tr\/uk\/wp-json\/wp\/v2\/posts\/142731\/revisions"}],"wp:attachment":[{"href":"http:\/\/denizcankizil.tr\/uk\/wp-json\/wp\/v2\/media?parent=142731"}],"wp:term":[{"taxonomy":"category","embeddable":true,"href":"http:\/\/denizcankizil.tr\/uk\/wp-json\/wp\/v2\/categories?post=142731"},{"taxonomy":"post_tag","embeddable":true,"href":"http:\/\/denizcankizil.tr\/uk\/wp-json\/wp\/v2\/tags?post=142731"}],"curies":[{"name":"wp","href":"https:\/\/api.w.org\/{rel}","templated":true}]}}