{"id":13378,"date":"2024-11-06T12:42:04","date_gmt":"2024-11-06T09:42:04","guid":{"rendered":"https:\/\/denizcankizil.tr\/uncategorized-tr\/yayla-design-x-dora-magazin-isbirligi-ile-kisikkoydeki-yeni-magazasinin-acilisini-gorkemli-bir-etkinlikle-kutladi\/"},"modified":"2024-11-06T12:42:04","modified_gmt":"2024-11-06T09:42:04","slug":"yayla-design-x-dora-magazin-isbirligi-ile-kisikkoydeki-yeni-magazasinin-acilisini-gorkemli-bir-etkinlikle-kutladi","status":"publish","type":"post","link":"http:\/\/denizcankizil.tr\/uk\/haberler\/gundem\/yayla-design-x-dora-magazin-isbirligi-ile-kisikkoydeki-yeni-magazasinin-acilisini-gorkemli-bir-etkinlikle-kutladi\/","title":{"rendered":"YAYLA DESIGN x DORA MAGAZ\u0130N i\u015fbirli\u011fi ile, K\u0131s\u0131kk\u00f6y\u2019deki Yeni Ma\u011fazas\u0131n\u0131n A\u00e7\u0131l\u0131\u015f\u0131n\u0131 G\u00f6rkemli Bir Etkinlikle Kutlad\u0131!"},"content":{"rendered":"<p>\u0130zmir\u2019in \u00f6nde gelen mobilya markalar\u0131ndan YAYLA DESIGN, K\u0131s\u0131kk\u00f6y\u2019deki yeni ma\u011fazas\u0131n\u0131n a\u00e7\u0131l\u0131\u015f\u0131n\u0131 300\u2019den fazla davetlinin kat\u0131ld\u0131\u011f\u0131 ihti\u015faml\u0131 bir etkinlikle ger\u00e7ekle\u015ftirdi.<\/p>\n<p>\u200b\u0130zmir\u2019in \u00f6nde gelen mobilya markalar\u0131ndan YAYLA DESIGN, K\u0131s\u0131kk\u00f6y\u2019deki yeni ma\u011fazas\u0131n\u0131n a\u00e7\u0131l\u0131\u015f\u0131n\u0131 300\u2019den fazla davetlinin kat\u0131ld\u0131\u011f\u0131 ihti\u015faml\u0131 bir etkinlikle ger\u00e7ekle\u015ftirdi.\u00a0<\/p>\n<p>\u200bHaberin Al\u0131nt\u0131land\u0131\u011f\u0131 Kaynak: www.iskenderun.org<\/p>","protected":false},"excerpt":{"rendered":"<p>\u0130zmir\u2019in \u00f6nde gelen mobilya markalar\u0131ndan YAYLA DESIGN, K\u0131s\u0131kk\u00f6y\u2019deki yeni ma\u011fazas\u0131n\u0131n a\u00e7\u0131l\u0131\u015f\u0131n\u0131 300\u2019den fazla davetlinin kat\u0131ld\u0131\u011f\u0131 ihti\u015faml\u0131 bir etkinlikle ger\u00e7ekle\u015ftirdi. \u200b\u0130zmir\u2019in \u00f6nde gelen mobilya markalar\u0131ndan YAYLA DESIGN, K\u0131s\u0131kk\u00f6y\u2019deki yeni ma\u011fazas\u0131n\u0131n a\u00e7\u0131l\u0131\u015f\u0131n\u0131 300\u2019den fazla davetlinin kat\u0131ld\u0131\u011f\u0131 ihti\u015faml\u0131 bir etkinlikle ger\u00e7ekle\u015ftirdi.\u00a0 \u200bHaberin Al\u0131nt\u0131land\u0131\u011f\u0131 Kaynak: www.iskenderun.org<\/p>","protected":false},"author":0,"featured_media":0,"comment_status":"open","ping_status":"open","sticky":false,"template":"","format":"standard","meta":{"_acf_changed":false,"footnotes":""},"categories":[24,535],"tags":[],"class_list":["post-13378","post","type-post","status-publish","format-standard","has-post-thumbnail","hentry","category-gundem","category-uncategorized-tr"],"acf":[],"yoast_head":"<!-- This site is optimized with the Yoast SEO Premium plugin v26.6 (Yoast SEO v27.1.1) - https:\/\/yoast.com\/product\/yoast-seo-premium-wordpress\/ -->\n<title>YAYLA DESIGN x DORA MAGAZ\u0130N i\u015fbirli\u011fi ile, K\u0131s\u0131kk\u00f6y\u2019deki Yeni Ma\u011fazas\u0131n\u0131n A\u00e7\u0131l\u0131\u015f\u0131n\u0131 G\u00f6rkemli Bir Etkinlikle Kutlad\u0131! - Av. Deniz Can K\u0131z\u0131l<\/title>\n<meta name=\"robots\" content=\"index, follow, max-snippet:-1, max-image-preview:large, max-video-preview:-1\" \/>\n<link rel=\"canonical\" href=\"http:\/\/denizcankizil.tr\/uk\/haberler\/gundem\/yayla-design-x-dora-magazin-isbirligi-ile-kisikkoydeki-yeni-magazasinin-acilisini-gorkemli-bir-etkinlikle-kutladi\/\" \/>\n<meta property=\"og:locale\" content=\"uk_UA\" \/>\n<meta property=\"og:type\" content=\"article\" \/>\n<meta property=\"og:title\" content=\"YAYLA DESIGN x DORA MAGAZ\u0130N i\u015fbirli\u011fi ile, K\u0131s\u0131kk\u00f6y\u2019deki Yeni Ma\u011fazas\u0131n\u0131n A\u00e7\u0131l\u0131\u015f\u0131n\u0131 G\u00f6rkemli Bir Etkinlikle Kutlad\u0131!\" \/>\n<meta property=\"og:description\" content=\"\u0130zmir\u2019in \u00f6nde gelen mobilya markalar\u0131ndan YAYLA DESIGN, K\u0131s\u0131kk\u00f6y\u2019deki yeni ma\u011fazas\u0131n\u0131n a\u00e7\u0131l\u0131\u015f\u0131n\u0131 300\u2019den fazla davetlinin kat\u0131ld\u0131\u011f\u0131 ihti\u015faml\u0131 bir etkinlikle ger\u00e7ekle\u015ftirdi. \u200b\u0130zmir\u2019in \u00f6nde gelen mobilya markalar\u0131ndan YAYLA DESIGN, K\u0131s\u0131kk\u00f6y\u2019deki yeni ma\u011fazas\u0131n\u0131n a\u00e7\u0131l\u0131\u015f\u0131n\u0131 300\u2019den fazla davetlinin kat\u0131ld\u0131\u011f\u0131 ihti\u015faml\u0131 bir etkinlikle ger\u00e7ekle\u015ftirdi.\u00a0 \u200bHaberin Al\u0131nt\u0131land\u0131\u011f\u0131 Kaynak: www.iskenderun.org\" \/>\n<meta property=\"og:url\" content=\"http:\/\/denizcankizil.tr\/uk\/haberler\/gundem\/yayla-design-x-dora-magazin-isbirligi-ile-kisikkoydeki-yeni-magazasinin-acilisini-gorkemli-bir-etkinlikle-kutladi\/\" \/>\n<meta property=\"og:site_name\" content=\"Av. Deniz Can K\u0131z\u0131l\" \/>\n<meta property=\"article:published_time\" content=\"2024-11-06T09:42:04+00:00\" \/>\n<meta name=\"twitter:card\" content=\"summary_large_image\" \/>\n<script type=\"application\/ld+json\" class=\"yoast-schema-graph\">{\"@context\":\"https:\/\/schema.org\",\"@graph\":[{\"@type\":\"Article\",\"@id\":\"http:\/\/denizcankizil.tr\/uk\/haberler\/gundem\/yayla-design-x-dora-magazin-isbirligi-ile-kisikkoydeki-yeni-magazasinin-acilisini-gorkemli-bir-etkinlikle-kutladi\/#article\",\"isPartOf\":{\"@id\":\"http:\/\/denizcankizil.tr\/uk\/haberler\/gundem\/yayla-design-x-dora-magazin-isbirligi-ile-kisikkoydeki-yeni-magazasinin-acilisini-gorkemli-bir-etkinlikle-kutladi\/\"},\"author\":{\"name\":\"\",\"@id\":\"\"},\"headline\":\"YAYLA DESIGN x DORA MAGAZ\u0130N i\u015fbirli\u011fi ile, K\u0131s\u0131kk\u00f6y\u2019deki Yeni Ma\u011fazas\u0131n\u0131n A\u00e7\u0131l\u0131\u015f\u0131n\u0131 G\u00f6rkemli Bir Etkinlikle Kutlad\u0131!\",\"datePublished\":\"2024-11-06T09:42:04+00:00\",\"mainEntityOfPage\":{\"@id\":\"http:\/\/denizcankizil.tr\/uk\/haberler\/gundem\/yayla-design-x-dora-magazin-isbirligi-ile-kisikkoydeki-yeni-magazasinin-acilisini-gorkemli-bir-etkinlikle-kutladi\/\"},\"wordCount\":104,\"commentCount\":0,\"publisher\":{\"@id\":\"https:\/\/denizcankizil.tr\/de\/#organization\"},\"articleSection\":[\"G\u00fcndem\",\"Uncategorized\"],\"inLanguage\":\"uk\",\"potentialAction\":[{\"@type\":\"CommentAction\",\"name\":\"Comment\",\"target\":[\"http:\/\/denizcankizil.tr\/uk\/haberler\/gundem\/yayla-design-x-dora-magazin-isbirligi-ile-kisikkoydeki-yeni-magazasinin-acilisini-gorkemli-bir-etkinlikle-kutladi\/#respond\"]}]},{\"@type\":\"WebPage\",\"@id\":\"http:\/\/denizcankizil.tr\/uk\/haberler\/gundem\/yayla-design-x-dora-magazin-isbirligi-ile-kisikkoydeki-yeni-magazasinin-acilisini-gorkemli-bir-etkinlikle-kutladi\/\",\"url\":\"http:\/\/denizcankizil.tr\/uk\/haberler\/gundem\/yayla-design-x-dora-magazin-isbirligi-ile-kisikkoydeki-yeni-magazasinin-acilisini-gorkemli-bir-etkinlikle-kutladi\/\",\"name\":\"YAYLA DESIGN x DORA MAGAZ\u0130N i\u015fbirli\u011fi ile, K\u0131s\u0131kk\u00f6y\u2019deki Yeni Ma\u011fazas\u0131n\u0131n A\u00e7\u0131l\u0131\u015f\u0131n\u0131 G\u00f6rkemli Bir Etkinlikle Kutlad\u0131! - Av. Deniz Can K\u0131z\u0131l\",\"isPartOf\":{\"@id\":\"https:\/\/denizcankizil.tr\/de\/#website\"},\"datePublished\":\"2024-11-06T09:42:04+00:00\",\"breadcrumb\":{\"@id\":\"http:\/\/denizcankizil.tr\/uk\/haberler\/gundem\/yayla-design-x-dora-magazin-isbirligi-ile-kisikkoydeki-yeni-magazasinin-acilisini-gorkemli-bir-etkinlikle-kutladi\/#breadcrumb\"},\"inLanguage\":\"uk\",\"potentialAction\":[{\"@type\":\"ReadAction\",\"target\":[\"http:\/\/denizcankizil.tr\/uk\/haberler\/gundem\/yayla-design-x-dora-magazin-isbirligi-ile-kisikkoydeki-yeni-magazasinin-acilisini-gorkemli-bir-etkinlikle-kutladi\/\"]}]},{\"@type\":\"BreadcrumbList\",\"@id\":\"http:\/\/denizcankizil.tr\/uk\/haberler\/gundem\/yayla-design-x-dora-magazin-isbirligi-ile-kisikkoydeki-yeni-magazasinin-acilisini-gorkemli-bir-etkinlikle-kutladi\/#breadcrumb\",\"itemListElement\":[{\"@type\":\"ListItem\",\"position\":1,\"name\":\"Home\",\"item\":\"https:\/\/denizcankizil.tr\/de\/\"},{\"@type\":\"ListItem\",\"position\":2,\"name\":\"YAYLA DESIGN x DORA MAGAZ\u0130N i\u015fbirli\u011fi ile, K\u0131s\u0131kk\u00f6y\u2019deki Yeni Ma\u011fazas\u0131n\u0131n A\u00e7\u0131l\u0131\u015f\u0131n\u0131 G\u00f6rkemli Bir Etkinlikle Kutlad\u0131!\"}]},{\"@type\":\"WebSite\",\"@id\":\"https:\/\/denizcankizil.tr\/de\/#website\",\"url\":\"https:\/\/denizcankizil.tr\/de\/\",\"name\":\"Av. Deniz Can K\u0131z\u0131l\",\"description\":\"Avukat Deniz Can K\u0131z\u0131l Antalya Barosu\",\"publisher\":{\"@id\":\"https:\/\/denizcankizil.tr\/de\/#organization\"},\"potentialAction\":[{\"@type\":\"SearchAction\",\"target\":{\"@type\":\"EntryPoint\",\"urlTemplate\":\"https:\/\/denizcankizil.tr\/de\/?s={search_term_string}\"},\"query-input\":{\"@type\":\"PropertyValueSpecification\",\"valueRequired\":true,\"valueName\":\"search_term_string\"}}],\"inLanguage\":\"uk\"},{\"@type\":\"Organization\",\"@id\":\"https:\/\/denizcankizil.tr\/de\/#organization\",\"name\":\"Av. Deniz Can K\u0131z\u0131l\",\"url\":\"https:\/\/denizcankizil.tr\/de\/\",\"logo\":{\"@type\":\"ImageObject\",\"inLanguage\":\"uk\",\"@id\":\"https:\/\/denizcankizil.tr\/de\/#\/schema\/logo\/image\/\",\"url\":\"http:\/\/denizcankizil.tr\/wp-content\/uploads\/2024\/10\/siyah-logo-svg.svg\",\"contentUrl\":\"http:\/\/denizcankizil.tr\/wp-content\/uploads\/2024\/10\/siyah-logo-svg.svg\",\"width\":1080,\"height\":1080,\"caption\":\"Av. Deniz Can K\u0131z\u0131l\"},\"image\":{\"@id\":\"https:\/\/denizcankizil.tr\/de\/#\/schema\/logo\/image\/\"}}]}<\/script>\n<!-- \/ Yoast SEO Premium plugin. -->","yoast_head_json":{"title":"YAYLA DESIGN x DORA MAGAZ\u0130N i\u015fbirli\u011fi ile, K\u0131s\u0131kk\u00f6y\u2019deki Yeni Ma\u011fazas\u0131n\u0131n A\u00e7\u0131l\u0131\u015f\u0131n\u0131 G\u00f6rkemli Bir Etkinlikle Kutlad\u0131! - Av. Deniz Can K\u0131z\u0131l","robots":{"index":"index","follow":"follow","max-snippet":"max-snippet:-1","max-image-preview":"max-image-preview:large","max-video-preview":"max-video-preview:-1"},"canonical":"http:\/\/denizcankizil.tr\/uk\/haberler\/gundem\/yayla-design-x-dora-magazin-isbirligi-ile-kisikkoydeki-yeni-magazasinin-acilisini-gorkemli-bir-etkinlikle-kutladi\/","og_locale":"uk_UA","og_type":"article","og_title":"YAYLA DESIGN x DORA MAGAZ\u0130N i\u015fbirli\u011fi ile, K\u0131s\u0131kk\u00f6y\u2019deki Yeni Ma\u011fazas\u0131n\u0131n A\u00e7\u0131l\u0131\u015f\u0131n\u0131 G\u00f6rkemli Bir Etkinlikle Kutlad\u0131!","og_description":"\u0130zmir\u2019in \u00f6nde gelen mobilya markalar\u0131ndan YAYLA DESIGN, K\u0131s\u0131kk\u00f6y\u2019deki yeni ma\u011fazas\u0131n\u0131n a\u00e7\u0131l\u0131\u015f\u0131n\u0131 300\u2019den fazla davetlinin kat\u0131ld\u0131\u011f\u0131 ihti\u015faml\u0131 bir etkinlikle ger\u00e7ekle\u015ftirdi. \u200b\u0130zmir\u2019in \u00f6nde gelen mobilya markalar\u0131ndan YAYLA DESIGN, K\u0131s\u0131kk\u00f6y\u2019deki yeni ma\u011fazas\u0131n\u0131n a\u00e7\u0131l\u0131\u015f\u0131n\u0131 300\u2019den fazla davetlinin kat\u0131ld\u0131\u011f\u0131 ihti\u015faml\u0131 bir etkinlikle ger\u00e7ekle\u015ftirdi.\u00a0 \u200bHaberin Al\u0131nt\u0131land\u0131\u011f\u0131 Kaynak: www.iskenderun.org","og_url":"http:\/\/denizcankizil.tr\/uk\/haberler\/gundem\/yayla-design-x-dora-magazin-isbirligi-ile-kisikkoydeki-yeni-magazasinin-acilisini-gorkemli-bir-etkinlikle-kutladi\/","og_site_name":"Av. Deniz Can K\u0131z\u0131l","article_published_time":"2024-11-06T09:42:04+00:00","twitter_card":"summary_large_image","schema":{"@context":"https:\/\/schema.org","@graph":[{"@type":"Article","@id":"http:\/\/denizcankizil.tr\/uk\/haberler\/gundem\/yayla-design-x-dora-magazin-isbirligi-ile-kisikkoydeki-yeni-magazasinin-acilisini-gorkemli-bir-etkinlikle-kutladi\/#article","isPartOf":{"@id":"http:\/\/denizcankizil.tr\/uk\/haberler\/gundem\/yayla-design-x-dora-magazin-isbirligi-ile-kisikkoydeki-yeni-magazasinin-acilisini-gorkemli-bir-etkinlikle-kutladi\/"},"author":{"name":"","@id":""},"headline":"YAYLA DESIGN x DORA MAGAZ\u0130N i\u015fbirli\u011fi ile, K\u0131s\u0131kk\u00f6y\u2019deki Yeni Ma\u011fazas\u0131n\u0131n A\u00e7\u0131l\u0131\u015f\u0131n\u0131 G\u00f6rkemli Bir Etkinlikle Kutlad\u0131!","datePublished":"2024-11-06T09:42:04+00:00","mainEntityOfPage":{"@id":"http:\/\/denizcankizil.tr\/uk\/haberler\/gundem\/yayla-design-x-dora-magazin-isbirligi-ile-kisikkoydeki-yeni-magazasinin-acilisini-gorkemli-bir-etkinlikle-kutladi\/"},"wordCount":104,"commentCount":0,"publisher":{"@id":"https:\/\/denizcankizil.tr\/de\/#organization"},"articleSection":["G\u00fcndem","Uncategorized"],"inLanguage":"uk","potentialAction":[{"@type":"CommentAction","name":"Comment","target":["http:\/\/denizcankizil.tr\/uk\/haberler\/gundem\/yayla-design-x-dora-magazin-isbirligi-ile-kisikkoydeki-yeni-magazasinin-acilisini-gorkemli-bir-etkinlikle-kutladi\/#respond"]}]},{"@type":"WebPage","@id":"http:\/\/denizcankizil.tr\/uk\/haberler\/gundem\/yayla-design-x-dora-magazin-isbirligi-ile-kisikkoydeki-yeni-magazasinin-acilisini-gorkemli-bir-etkinlikle-kutladi\/","url":"http:\/\/denizcankizil.tr\/uk\/haberler\/gundem\/yayla-design-x-dora-magazin-isbirligi-ile-kisikkoydeki-yeni-magazasinin-acilisini-gorkemli-bir-etkinlikle-kutladi\/","name":"YAYLA DESIGN x DORA MAGAZ\u0130N i\u015fbirli\u011fi ile, K\u0131s\u0131kk\u00f6y\u2019deki Yeni Ma\u011fazas\u0131n\u0131n A\u00e7\u0131l\u0131\u015f\u0131n\u0131 G\u00f6rkemli Bir Etkinlikle Kutlad\u0131! - Av. Deniz Can K\u0131z\u0131l","isPartOf":{"@id":"https:\/\/denizcankizil.tr\/de\/#website"},"datePublished":"2024-11-06T09:42:04+00:00","breadcrumb":{"@id":"http:\/\/denizcankizil.tr\/uk\/haberler\/gundem\/yayla-design-x-dora-magazin-isbirligi-ile-kisikkoydeki-yeni-magazasinin-acilisini-gorkemli-bir-etkinlikle-kutladi\/#breadcrumb"},"inLanguage":"uk","potentialAction":[{"@type":"ReadAction","target":["http:\/\/denizcankizil.tr\/uk\/haberler\/gundem\/yayla-design-x-dora-magazin-isbirligi-ile-kisikkoydeki-yeni-magazasinin-acilisini-gorkemli-bir-etkinlikle-kutladi\/"]}]},{"@type":"BreadcrumbList","@id":"http:\/\/denizcankizil.tr\/uk\/haberler\/gundem\/yayla-design-x-dora-magazin-isbirligi-ile-kisikkoydeki-yeni-magazasinin-acilisini-gorkemli-bir-etkinlikle-kutladi\/#breadcrumb","itemListElement":[{"@type":"ListItem","position":1,"name":"Home","item":"https:\/\/denizcankizil.tr\/de\/"},{"@type":"ListItem","position":2,"name":"YAYLA DESIGN x DORA MAGAZ\u0130N i\u015fbirli\u011fi ile, K\u0131s\u0131kk\u00f6y\u2019deki Yeni Ma\u011fazas\u0131n\u0131n A\u00e7\u0131l\u0131\u015f\u0131n\u0131 G\u00f6rkemli Bir Etkinlikle Kutlad\u0131!"}]},{"@type":"WebSite","@id":"https:\/\/denizcankizil.tr\/de\/#website","url":"https:\/\/denizcankizil.tr\/de\/","name":"Av. Deniz Can K\u0131z\u0131l","description":"Avukat Deniz Can K\u0131z\u0131l Antalya Barosu","publisher":{"@id":"https:\/\/denizcankizil.tr\/de\/#organization"},"potentialAction":[{"@type":"SearchAction","target":{"@type":"EntryPoint","urlTemplate":"https:\/\/denizcankizil.tr\/de\/?s={search_term_string}"},"query-input":{"@type":"PropertyValueSpecification","valueRequired":true,"valueName":"search_term_string"}}],"inLanguage":"uk"},{"@type":"Organization","@id":"https:\/\/denizcankizil.tr\/de\/#organization","name":"Av. Deniz Can K\u0131z\u0131l","url":"https:\/\/denizcankizil.tr\/de\/","logo":{"@type":"ImageObject","inLanguage":"uk","@id":"https:\/\/denizcankizil.tr\/de\/#\/schema\/logo\/image\/","url":"http:\/\/denizcankizil.tr\/wp-content\/uploads\/2024\/10\/siyah-logo-svg.svg","contentUrl":"http:\/\/denizcankizil.tr\/wp-content\/uploads\/2024\/10\/siyah-logo-svg.svg","width":1080,"height":1080,"caption":"Av. Deniz Can K\u0131z\u0131l"},"image":{"@id":"https:\/\/denizcankizil.tr\/de\/#\/schema\/logo\/image\/"}}]}},"_links":{"self":[{"href":"http:\/\/denizcankizil.tr\/uk\/wp-json\/wp\/v2\/posts\/13378","targetHints":{"allow":["GET"]}}],"collection":[{"href":"http:\/\/denizcankizil.tr\/uk\/wp-json\/wp\/v2\/posts"}],"about":[{"href":"http:\/\/denizcankizil.tr\/uk\/wp-json\/wp\/v2\/types\/post"}],"replies":[{"embeddable":true,"href":"http:\/\/denizcankizil.tr\/uk\/wp-json\/wp\/v2\/comments?post=13378"}],"version-history":[{"count":0,"href":"http:\/\/denizcankizil.tr\/uk\/wp-json\/wp\/v2\/posts\/13378\/revisions"}],"wp:attachment":[{"href":"http:\/\/denizcankizil.tr\/uk\/wp-json\/wp\/v2\/media?parent=13378"}],"wp:term":[{"taxonomy":"category","embeddable":true,"href":"http:\/\/denizcankizil.tr\/uk\/wp-json\/wp\/v2\/categories?post=13378"},{"taxonomy":"post_tag","embeddable":true,"href":"http:\/\/denizcankizil.tr\/uk\/wp-json\/wp\/v2\/tags?post=13378"}],"curies":[{"name":"wp","href":"https:\/\/api.w.org\/{rel}","templated":true}]}}