{"id":132842,"date":"2025-07-01T21:42:32","date_gmt":"2025-07-01T18:42:32","guid":{"rendered":"https:\/\/denizcankizil.tr\/uncategorized-tr\/istoktan-leman-dergisine-sert-tepki\/"},"modified":"2025-07-01T21:42:32","modified_gmt":"2025-07-01T18:42:32","slug":"istoktan-leman-dergisine-sert-tepki","status":"publish","type":"post","link":"http:\/\/denizcankizil.tr\/uk\/haberler\/gundem\/istoktan-leman-dergisine-sert-tepki\/","title":{"rendered":"\u0130STOK\u2019tan Leman Dergisi\u2019ne sert tepki!"},"content":{"rendered":"<p>\u0130zmir Sivil Toplum Kurulu\u015flar\u0131 Platformu (\u0130STOK), Leman Dergisi\u2019nin Hz. Muhammed\u2019e (s.a.v.) ve Hz. Musa\u2019ya (a.s.) hakaret i\u00e7eren karikat\u00fcr\u00fcne tepki g\u00f6stererek, bunun mizah de\u011fil nefret su\u00e7u oldu\u011funu belirtti ve hukuki m\u00fccadele \u00e7a\u011fr\u0131s\u0131 yapt\u0131.\u0130ZM\u0130R (\u0130GFA) &#8211; \u0130zmir Sivil Toplum Kurulu\u015flar\u0131 Platformu (\u0130STOK) D\u00f6nem Ba\u015fkan\u0131 G\u00f6khan Temur, Leman Dergisi\u2019nin 26 Haziran 2025 tarihli say\u0131s\u0131nda yer alan ve Hz. Muhammed (s.a.v.) ile Hz. Musa\u2019y\u0131 (a.s.) karikat\u00fcrize eden yay\u0131na sert bir a\u00e7\u0131klamayla tepki g\u00f6sterdi.<br \/>\nBa\u015fkan Temur, s\u00f6z konusu karikat\u00fcr\u00fcn mizah, sanat ya da ifade \u00f6zg\u00fcrl\u00fc\u011f\u00fcyle a\u00e7\u0131klanamayaca\u011f\u0131n\u0131, kutsal de\u011ferlere y\u00f6nelik a\u00e7\u0131k bir hakaret oldu\u011funu vurgulad\u0131.<br \/>\n\u201cMizah maskesi ard\u0131na saklanarak i\u015flenen bu eylem, ifade \u00f6zg\u00fcrl\u00fc\u011f\u00fc de\u011fil, nefret su\u00e7u ve toplumsal de\u011ferlerimize sald\u0131r\u0131d\u0131r\u201d diyen Temur, karikat\u00fcr\u00fcn toplumsal bar\u0131\u015f ve karde\u015fli\u011fe zarar verdi\u011fini, inan\u00e7lara sava\u015f ilan\u0131 niteli\u011fi ta\u015f\u0131d\u0131\u011f\u0131n\u0131 belirtti.<br \/>\n\u201cHz. Muhammed (s.a.v.) k\u0131rm\u0131z\u0131 \u00e7izgimizdir. Hi\u00e7bir ideoloji bu \u00e7izgiyi a\u015famaz\u201d ifadeleriyle tepkisini dile getiren Ba\u015fkan Temur, bu t\u00fcr provokatif giri\u015fimlere kar\u015f\u0131 kararl\u0131 bir duru\u015f sergileyeceklerini vurgulad\u0131. \u0130STOK, s\u00f6z konusu yay\u0131n\u0131 yapanlar\u0131n hukuk \u00f6n\u00fcnde hesap verece\u011fine olan inanc\u0131n\u0131 ifade ederek, milleti inan\u00e7lar\u0131na ve kutsallar\u0131na sahip \u00e7\u0131kmaya \u00e7a\u011f\u0131rd\u0131.<br \/>\nA\u00e7\u0131klamada, \u201cDinimize, bayra\u011f\u0131m\u0131za, vatan\u0131m\u0131za ve milletimizin birli\u011fine y\u00f6nelik her t\u00fcrl\u00fc sald\u0131r\u0131ya kar\u015f\u0131 \u0130STOK ailesi olarak dimdik duruyoruz\u201d denildi.<\/p>\n<p>\u200b\u0130zmir Sivil Toplum Kurulu\u015flar\u0131 Platformu (\u0130STOK), Leman Dergisi\u2019nin Hz. Muhammed\u2019e (s.a.v.) ve Hz. Musa\u2019ya (a.s.) hakaret i\u00e7eren karikat\u00fcr\u00fcne tepki g\u00f6stererek, bunun mizah de\u011fil nefret su\u00e7u oldu\u011funu belirtti ve hukuki m\u00fccadele \u00e7a\u011fr\u0131s\u0131 yapt\u0131.\u0130ZM\u0130R (\u0130GFA) &#8211; \u0130zmir Sivil Toplum Kurulu\u015flar\u0131 Platformu (\u0130STOK) D\u00f6nem Ba\u015fkan\u0131 G\u00f6khan Temur, Leman Dergisi\u2019nin 26 Haziran 2025 tarihli say\u0131s\u0131nda yer alan ve Hz. Muhammed (s.a.v.) ile Hz. Musa\u2019y\u0131 (a.s.) karikat\u00fcrize eden yay\u0131na sert bir a\u00e7\u0131klamayla tepki g\u00f6sterdi.<br \/>\nBa\u015fkan Temur, s\u00f6z konusu karikat\u00fcr\u00fcn mizah, sanat ya da ifade \u00f6zg\u00fcrl\u00fc\u011f\u00fcyle a\u00e7\u0131klanamayaca\u011f\u0131n\u0131, kutsal de\u011ferlere y\u00f6nelik a\u00e7\u0131k bir hakaret oldu\u011funu vurgulad\u0131.<br \/>\n\u201cMizah maskesi ard\u0131na saklanarak i\u015flenen bu eylem, ifade \u00f6zg\u00fcrl\u00fc\u011f\u00fc de\u011fil, nefret su\u00e7u ve toplumsal de\u011ferlerimize sald\u0131r\u0131d\u0131r\u201d diyen Temur, karikat\u00fcr\u00fcn toplumsal bar\u0131\u015f ve karde\u015fli\u011fe zarar verdi\u011fini, inan\u00e7lara sava\u015f ilan\u0131 niteli\u011fi ta\u015f\u0131d\u0131\u011f\u0131n\u0131 belirtti.<br \/>\n\u201cHz. Muhammed (s.a.v.) k\u0131rm\u0131z\u0131 \u00e7izgimizdir. Hi\u00e7bir ideoloji bu \u00e7izgiyi a\u015famaz\u201d ifadeleriyle tepkisini dile getiren Ba\u015fkan Temur, bu t\u00fcr provokatif giri\u015fimlere kar\u015f\u0131 kararl\u0131 bir duru\u015f sergileyeceklerini vurgulad\u0131. \u0130STOK, s\u00f6z konusu yay\u0131n\u0131 yapanlar\u0131n hukuk \u00f6n\u00fcnde hesap verece\u011fine olan inanc\u0131n\u0131 ifade ederek, milleti inan\u00e7lar\u0131na ve kutsallar\u0131na sahip \u00e7\u0131kmaya \u00e7a\u011f\u0131rd\u0131.<br \/>\nA\u00e7\u0131klamada, \u201cDinimize, bayra\u011f\u0131m\u0131za, vatan\u0131m\u0131za ve milletimizin birli\u011fine y\u00f6nelik her t\u00fcrl\u00fc sald\u0131r\u0131ya kar\u015f\u0131 \u0130STOK ailesi olarak dimdik duruyoruz\u201d denildi.\u00a0<\/p>\n<p>\u200bHaberin Al\u0131nt\u0131land\u0131\u011f\u0131 Kaynak: www.iskenderun.org<\/p>","protected":false},"excerpt":{"rendered":"<p>\u0130zmir Sivil Toplum Kurulu\u015flar\u0131 Platformu (\u0130STOK), Leman Dergisi\u2019nin Hz. Muhammed\u2019e (s.a.v.) ve Hz. Musa\u2019ya (a.s.) hakaret i\u00e7eren karikat\u00fcr\u00fcne tepki g\u00f6stererek, bunun mizah de\u011fil nefret su\u00e7u oldu\u011funu belirtti ve hukuki m\u00fccadele \u00e7a\u011fr\u0131s\u0131 yapt\u0131.\u0130ZM\u0130R (\u0130GFA) &#8211; \u0130zmir Sivil Toplum Kurulu\u015flar\u0131 Platformu (\u0130STOK) D\u00f6nem Ba\u015fkan\u0131 G\u00f6khan Temur, Leman Dergisi\u2019nin 26 Haziran 2025 tarihli say\u0131s\u0131nda yer alan ve Hz. Muhammed (s.a.v.) ile Hz. Musa\u2019y\u0131 (a.s.) karikat\u00fcrize eden yay\u0131na sert bir a\u00e7\u0131klamayla tepki g\u00f6sterdi. Ba\u015fkan Temur, s\u00f6z konusu karikat\u00fcr\u00fcn mizah, sanat ya da ifade \u00f6zg\u00fcrl\u00fc\u011f\u00fcyle a\u00e7\u0131klanamayaca\u011f\u0131n\u0131, kutsal de\u011ferlere y\u00f6nelik a\u00e7\u0131k bir hakaret oldu\u011funu vurgulad\u0131. \u201cMizah maskesi ard\u0131na saklanarak i\u015flenen bu eylem, ifade \u00f6zg\u00fcrl\u00fc\u011f\u00fc de\u011fil, nefret su\u00e7u ve toplumsal de\u011ferlerimize sald\u0131r\u0131d\u0131r\u201d diyen Temur, karikat\u00fcr\u00fcn toplumsal bar\u0131\u015f ve karde\u015fli\u011fe zarar verdi\u011fini, inan\u00e7lara sava\u015f ilan\u0131 niteli\u011fi ta\u015f\u0131d\u0131\u011f\u0131n\u0131 belirtti. \u201cHz. Muhammed (s.a.v.) k\u0131rm\u0131z\u0131 \u00e7izgimizdir. Hi\u00e7bir ideoloji bu \u00e7izgiyi a\u015famaz\u201d ifadeleriyle tepkisini dile getiren Ba\u015fkan Temur, bu t\u00fcr provokatif giri\u015fimlere kar\u015f\u0131 kararl\u0131 bir duru\u015f sergileyeceklerini vurgulad\u0131. \u0130STOK, s\u00f6z konusu yay\u0131n\u0131 yapanlar\u0131n hukuk \u00f6n\u00fcnde hesap verece\u011fine olan inanc\u0131n\u0131 ifade ederek, milleti inan\u00e7lar\u0131na ve kutsallar\u0131na sahip \u00e7\u0131kmaya \u00e7a\u011f\u0131rd\u0131. A\u00e7\u0131klamada, \u201cDinimize, bayra\u011f\u0131m\u0131za, vatan\u0131m\u0131za ve milletimizin birli\u011fine y\u00f6nelik her t\u00fcrl\u00fc sald\u0131r\u0131ya kar\u015f\u0131 \u0130STOK ailesi olarak dimdik duruyoruz\u201d denildi. \u200b\u0130zmir Sivil Toplum Kurulu\u015flar\u0131 Platformu (\u0130STOK), Leman Dergisi\u2019nin Hz. Muhammed\u2019e (s.a.v.) ve Hz. Musa\u2019ya (a.s.) hakaret &hellip;<\/p>","protected":false},"author":1,"featured_media":0,"comment_status":"","ping_status":"open","sticky":false,"template":"","format":"standard","meta":{"_acf_changed":false,"footnotes":""},"categories":[24],"tags":[],"class_list":["post-132842","post","type-post","status-publish","format-standard","has-post-thumbnail","hentry","category-gundem"],"acf":[],"yoast_head":"<!-- This site is optimized with the Yoast SEO Premium plugin v26.6 (Yoast SEO v27.1.1) - https:\/\/yoast.com\/product\/yoast-seo-premium-wordpress\/ -->\n<title>\u0130STOK\u2019tan Leman Dergisi\u2019ne sert tepki! - Av. Deniz Can K\u0131z\u0131l<\/title>\n<meta name=\"robots\" content=\"index, follow, max-snippet:-1, max-image-preview:large, max-video-preview:-1\" \/>\n<link rel=\"canonical\" href=\"http:\/\/denizcankizil.tr\/uk\/haberler\/gundem\/istoktan-leman-dergisine-sert-tepki\/\" \/>\n<meta property=\"og:locale\" content=\"uk_UA\" \/>\n<meta property=\"og:type\" content=\"article\" \/>\n<meta property=\"og:title\" content=\"\u0130STOK\u2019tan Leman Dergisi\u2019ne sert tepki!\" \/>\n<meta property=\"og:description\" content=\"\u0130zmir Sivil Toplum Kurulu\u015flar\u0131 Platformu (\u0130STOK), Leman Dergisi\u2019nin Hz. Muhammed\u2019e (s.a.v.) ve Hz. Musa\u2019ya (a.s.) hakaret i\u00e7eren karikat\u00fcr\u00fcne tepki g\u00f6stererek, bunun mizah de\u011fil nefret su\u00e7u oldu\u011funu belirtti ve hukuki m\u00fccadele \u00e7a\u011fr\u0131s\u0131 yapt\u0131.\u0130ZM\u0130R (\u0130GFA) &#8211; \u0130zmir Sivil Toplum Kurulu\u015flar\u0131 Platformu (\u0130STOK) D\u00f6nem Ba\u015fkan\u0131 G\u00f6khan Temur, Leman Dergisi\u2019nin 26 Haziran 2025 tarihli say\u0131s\u0131nda yer alan ve Hz. Muhammed (s.a.v.) ile Hz. Musa\u2019y\u0131 (a.s.) karikat\u00fcrize eden yay\u0131na sert bir a\u00e7\u0131klamayla tepki g\u00f6sterdi. Ba\u015fkan Temur, s\u00f6z konusu karikat\u00fcr\u00fcn mizah, sanat ya da ifade \u00f6zg\u00fcrl\u00fc\u011f\u00fcyle a\u00e7\u0131klanamayaca\u011f\u0131n\u0131, kutsal de\u011ferlere y\u00f6nelik a\u00e7\u0131k bir hakaret oldu\u011funu vurgulad\u0131. \u201cMizah maskesi ard\u0131na saklanarak i\u015flenen bu eylem, ifade \u00f6zg\u00fcrl\u00fc\u011f\u00fc de\u011fil, nefret su\u00e7u ve toplumsal de\u011ferlerimize sald\u0131r\u0131d\u0131r\u201d diyen Temur, karikat\u00fcr\u00fcn toplumsal bar\u0131\u015f ve karde\u015fli\u011fe zarar verdi\u011fini, inan\u00e7lara sava\u015f ilan\u0131 niteli\u011fi ta\u015f\u0131d\u0131\u011f\u0131n\u0131 belirtti. \u201cHz. Muhammed (s.a.v.) k\u0131rm\u0131z\u0131 \u00e7izgimizdir. Hi\u00e7bir ideoloji bu \u00e7izgiyi a\u015famaz\u201d ifadeleriyle tepkisini dile getiren Ba\u015fkan Temur, bu t\u00fcr provokatif giri\u015fimlere kar\u015f\u0131 kararl\u0131 bir duru\u015f sergileyeceklerini vurgulad\u0131. \u0130STOK, s\u00f6z konusu yay\u0131n\u0131 yapanlar\u0131n hukuk \u00f6n\u00fcnde hesap verece\u011fine olan inanc\u0131n\u0131 ifade ederek, milleti inan\u00e7lar\u0131na ve kutsallar\u0131na sahip \u00e7\u0131kmaya \u00e7a\u011f\u0131rd\u0131. A\u00e7\u0131klamada, \u201cDinimize, bayra\u011f\u0131m\u0131za, vatan\u0131m\u0131za ve milletimizin birli\u011fine y\u00f6nelik her t\u00fcrl\u00fc sald\u0131r\u0131ya kar\u015f\u0131 \u0130STOK ailesi olarak dimdik duruyoruz\u201d denildi. \u200b\u0130zmir Sivil Toplum Kurulu\u015flar\u0131 Platformu (\u0130STOK), Leman Dergisi\u2019nin Hz. Muhammed\u2019e (s.a.v.) ve Hz. Musa\u2019ya (a.s.) hakaret &hellip;\" \/>\n<meta property=\"og:url\" content=\"http:\/\/denizcankizil.tr\/uk\/haberler\/gundem\/istoktan-leman-dergisine-sert-tepki\/\" \/>\n<meta property=\"og:site_name\" content=\"Av. Deniz Can K\u0131z\u0131l\" \/>\n<meta property=\"article:published_time\" content=\"2025-07-01T18:42:32+00:00\" \/>\n<meta name=\"author\" content=\"admin\" \/>\n<meta name=\"twitter:card\" content=\"summary_large_image\" \/>\n<meta name=\"twitter:label1\" content=\"\u041d\u0430\u043f\u0438\u0441\u0430\u043d\u043e\" \/>\n\t<meta name=\"twitter:data1\" content=\"admin\" \/>\n\t<meta name=\"twitter:label2\" content=\"\u041f\u0440\u0438\u0431\u043b. \u0447\u0430\u0441 \u0447\u0438\u0442\u0430\u043d\u043d\u044f\" \/>\n\t<meta name=\"twitter:data2\" content=\"3 \u0445\u0432\u0438\u043b\u0438\u043d\u0438\" \/>\n<script type=\"application\/ld+json\" class=\"yoast-schema-graph\">{\"@context\":\"https:\/\/schema.org\",\"@graph\":[{\"@type\":\"Article\",\"@id\":\"http:\/\/denizcankizil.tr\/uk\/haberler\/gundem\/istoktan-leman-dergisine-sert-tepki\/#article\",\"isPartOf\":{\"@id\":\"http:\/\/denizcankizil.tr\/uk\/haberler\/gundem\/istoktan-leman-dergisine-sert-tepki\/\"},\"author\":{\"name\":\"admin\",\"@id\":\"https:\/\/denizcankizil.tr\/#\/schema\/person\/be3c05fe6a12686905512445d8185489\"},\"headline\":\"\u0130STOK\u2019tan Leman Dergisi\u2019ne sert tepki!\",\"datePublished\":\"2025-07-01T18:42:32+00:00\",\"mainEntityOfPage\":{\"@id\":\"http:\/\/denizcankizil.tr\/uk\/haberler\/gundem\/istoktan-leman-dergisine-sert-tepki\/\"},\"wordCount\":565,\"publisher\":{\"@id\":\"https:\/\/denizcankizil.tr\/#organization\"},\"articleSection\":[\"G\u00fcndem\"],\"inLanguage\":\"uk\"},{\"@type\":\"WebPage\",\"@id\":\"http:\/\/denizcankizil.tr\/uk\/haberler\/gundem\/istoktan-leman-dergisine-sert-tepki\/\",\"url\":\"http:\/\/denizcankizil.tr\/uk\/haberler\/gundem\/istoktan-leman-dergisine-sert-tepki\/\",\"name\":\"\u0130STOK\u2019tan Leman Dergisi\u2019ne sert tepki! - Av. Deniz Can K\u0131z\u0131l\",\"isPartOf\":{\"@id\":\"https:\/\/denizcankizil.tr\/#website\"},\"datePublished\":\"2025-07-01T18:42:32+00:00\",\"breadcrumb\":{\"@id\":\"http:\/\/denizcankizil.tr\/uk\/haberler\/gundem\/istoktan-leman-dergisine-sert-tepki\/#breadcrumb\"},\"inLanguage\":\"uk\",\"potentialAction\":[{\"@type\":\"ReadAction\",\"target\":[\"http:\/\/denizcankizil.tr\/uk\/haberler\/gundem\/istoktan-leman-dergisine-sert-tepki\/\"]}]},{\"@type\":\"BreadcrumbList\",\"@id\":\"http:\/\/denizcankizil.tr\/uk\/haberler\/gundem\/istoktan-leman-dergisine-sert-tepki\/#breadcrumb\",\"itemListElement\":[{\"@type\":\"ListItem\",\"position\":1,\"name\":\"Home\",\"item\":\"https:\/\/denizcankizil.tr\/de\/\"},{\"@type\":\"ListItem\",\"position\":2,\"name\":\"\u0130STOK\u2019tan Leman Dergisi\u2019ne sert tepki!\"}]},{\"@type\":\"WebSite\",\"@id\":\"https:\/\/denizcankizil.tr\/#website\",\"url\":\"https:\/\/denizcankizil.tr\/\",\"name\":\"Av. Deniz Can K\u0131z\u0131l\",\"description\":\"Avukat Deniz Can K\u0131z\u0131l Antalya Barosu\",\"publisher\":{\"@id\":\"https:\/\/denizcankizil.tr\/#organization\"},\"potentialAction\":[{\"@type\":\"SearchAction\",\"target\":{\"@type\":\"EntryPoint\",\"urlTemplate\":\"https:\/\/denizcankizil.tr\/?s={search_term_string}\"},\"query-input\":{\"@type\":\"PropertyValueSpecification\",\"valueRequired\":true,\"valueName\":\"search_term_string\"}}],\"inLanguage\":\"uk\"},{\"@type\":\"Organization\",\"@id\":\"https:\/\/denizcankizil.tr\/#organization\",\"name\":\"Av. Deniz Can K\u0131z\u0131l\",\"url\":\"https:\/\/denizcankizil.tr\/\",\"logo\":{\"@type\":\"ImageObject\",\"inLanguage\":\"uk\",\"@id\":\"https:\/\/denizcankizil.tr\/#\/schema\/logo\/image\/\",\"url\":\"http:\/\/denizcankizil.tr\/wp-content\/uploads\/2024\/10\/siyah-logo-svg.svg\",\"contentUrl\":\"http:\/\/denizcankizil.tr\/wp-content\/uploads\/2024\/10\/siyah-logo-svg.svg\",\"width\":1080,\"height\":1080,\"caption\":\"Av. Deniz Can K\u0131z\u0131l\"},\"image\":{\"@id\":\"https:\/\/denizcankizil.tr\/#\/schema\/logo\/image\/\"}},{\"@type\":\"Person\",\"@id\":\"https:\/\/denizcankizil.tr\/#\/schema\/person\/be3c05fe6a12686905512445d8185489\",\"name\":\"admin\",\"image\":{\"@type\":\"ImageObject\",\"inLanguage\":\"uk\",\"@id\":\"https:\/\/denizcankizil.tr\/#\/schema\/person\/image\/\",\"url\":\"https:\/\/secure.gravatar.com\/avatar\/c1fce94c830dc79107e174f890d7210541c4a63e8e5d816341794a2151c9d58c?s=96&d=mm&r=g\",\"contentUrl\":\"https:\/\/secure.gravatar.com\/avatar\/c1fce94c830dc79107e174f890d7210541c4a63e8e5d816341794a2151c9d58c?s=96&d=mm&r=g\",\"caption\":\"admin\"},\"sameAs\":[\"http:\/\/denizcankizil.tr\"],\"url\":\"https:\/\/www.iskenderun.org\/istoktan-leman-dergisine-sert-tepki\"}]}<\/script>\n<!-- \/ Yoast SEO Premium plugin. -->","yoast_head_json":{"title":"\u0130STOK\u2019tan Leman Dergisi\u2019ne sert tepki! - Av. Deniz Can K\u0131z\u0131l","robots":{"index":"index","follow":"follow","max-snippet":"max-snippet:-1","max-image-preview":"max-image-preview:large","max-video-preview":"max-video-preview:-1"},"canonical":"http:\/\/denizcankizil.tr\/uk\/haberler\/gundem\/istoktan-leman-dergisine-sert-tepki\/","og_locale":"uk_UA","og_type":"article","og_title":"\u0130STOK\u2019tan Leman Dergisi\u2019ne sert tepki!","og_description":"\u0130zmir Sivil Toplum Kurulu\u015flar\u0131 Platformu (\u0130STOK), Leman Dergisi\u2019nin Hz. Muhammed\u2019e (s.a.v.) ve Hz. Musa\u2019ya (a.s.) hakaret i\u00e7eren karikat\u00fcr\u00fcne tepki g\u00f6stererek, bunun mizah de\u011fil nefret su\u00e7u oldu\u011funu belirtti ve hukuki m\u00fccadele \u00e7a\u011fr\u0131s\u0131 yapt\u0131.\u0130ZM\u0130R (\u0130GFA) &#8211; \u0130zmir Sivil Toplum Kurulu\u015flar\u0131 Platformu (\u0130STOK) D\u00f6nem Ba\u015fkan\u0131 G\u00f6khan Temur, Leman Dergisi\u2019nin 26 Haziran 2025 tarihli say\u0131s\u0131nda yer alan ve Hz. Muhammed (s.a.v.) ile Hz. Musa\u2019y\u0131 (a.s.) karikat\u00fcrize eden yay\u0131na sert bir a\u00e7\u0131klamayla tepki g\u00f6sterdi. Ba\u015fkan Temur, s\u00f6z konusu karikat\u00fcr\u00fcn mizah, sanat ya da ifade \u00f6zg\u00fcrl\u00fc\u011f\u00fcyle a\u00e7\u0131klanamayaca\u011f\u0131n\u0131, kutsal de\u011ferlere y\u00f6nelik a\u00e7\u0131k bir hakaret oldu\u011funu vurgulad\u0131. \u201cMizah maskesi ard\u0131na saklanarak i\u015flenen bu eylem, ifade \u00f6zg\u00fcrl\u00fc\u011f\u00fc de\u011fil, nefret su\u00e7u ve toplumsal de\u011ferlerimize sald\u0131r\u0131d\u0131r\u201d diyen Temur, karikat\u00fcr\u00fcn toplumsal bar\u0131\u015f ve karde\u015fli\u011fe zarar verdi\u011fini, inan\u00e7lara sava\u015f ilan\u0131 niteli\u011fi ta\u015f\u0131d\u0131\u011f\u0131n\u0131 belirtti. \u201cHz. Muhammed (s.a.v.) k\u0131rm\u0131z\u0131 \u00e7izgimizdir. Hi\u00e7bir ideoloji bu \u00e7izgiyi a\u015famaz\u201d ifadeleriyle tepkisini dile getiren Ba\u015fkan Temur, bu t\u00fcr provokatif giri\u015fimlere kar\u015f\u0131 kararl\u0131 bir duru\u015f sergileyeceklerini vurgulad\u0131. \u0130STOK, s\u00f6z konusu yay\u0131n\u0131 yapanlar\u0131n hukuk \u00f6n\u00fcnde hesap verece\u011fine olan inanc\u0131n\u0131 ifade ederek, milleti inan\u00e7lar\u0131na ve kutsallar\u0131na sahip \u00e7\u0131kmaya \u00e7a\u011f\u0131rd\u0131. A\u00e7\u0131klamada, \u201cDinimize, bayra\u011f\u0131m\u0131za, vatan\u0131m\u0131za ve milletimizin birli\u011fine y\u00f6nelik her t\u00fcrl\u00fc sald\u0131r\u0131ya kar\u015f\u0131 \u0130STOK ailesi olarak dimdik duruyoruz\u201d denildi. \u200b\u0130zmir Sivil Toplum Kurulu\u015flar\u0131 Platformu (\u0130STOK), Leman Dergisi\u2019nin Hz. Muhammed\u2019e (s.a.v.) ve Hz. Musa\u2019ya (a.s.) hakaret &hellip;","og_url":"http:\/\/denizcankizil.tr\/uk\/haberler\/gundem\/istoktan-leman-dergisine-sert-tepki\/","og_site_name":"Av. Deniz Can K\u0131z\u0131l","article_published_time":"2025-07-01T18:42:32+00:00","author":"admin","twitter_card":"summary_large_image","twitter_misc":{"\u041d\u0430\u043f\u0438\u0441\u0430\u043d\u043e":"admin","\u041f\u0440\u0438\u0431\u043b. \u0447\u0430\u0441 \u0447\u0438\u0442\u0430\u043d\u043d\u044f":"3 \u0445\u0432\u0438\u043b\u0438\u043d\u0438"},"schema":{"@context":"https:\/\/schema.org","@graph":[{"@type":"Article","@id":"http:\/\/denizcankizil.tr\/uk\/haberler\/gundem\/istoktan-leman-dergisine-sert-tepki\/#article","isPartOf":{"@id":"http:\/\/denizcankizil.tr\/uk\/haberler\/gundem\/istoktan-leman-dergisine-sert-tepki\/"},"author":{"name":"admin","@id":"https:\/\/denizcankizil.tr\/#\/schema\/person\/be3c05fe6a12686905512445d8185489"},"headline":"\u0130STOK\u2019tan Leman Dergisi\u2019ne sert tepki!","datePublished":"2025-07-01T18:42:32+00:00","mainEntityOfPage":{"@id":"http:\/\/denizcankizil.tr\/uk\/haberler\/gundem\/istoktan-leman-dergisine-sert-tepki\/"},"wordCount":565,"publisher":{"@id":"https:\/\/denizcankizil.tr\/#organization"},"articleSection":["G\u00fcndem"],"inLanguage":"uk"},{"@type":"WebPage","@id":"http:\/\/denizcankizil.tr\/uk\/haberler\/gundem\/istoktan-leman-dergisine-sert-tepki\/","url":"http:\/\/denizcankizil.tr\/uk\/haberler\/gundem\/istoktan-leman-dergisine-sert-tepki\/","name":"\u0130STOK\u2019tan Leman Dergisi\u2019ne sert tepki! - Av. Deniz Can K\u0131z\u0131l","isPartOf":{"@id":"https:\/\/denizcankizil.tr\/#website"},"datePublished":"2025-07-01T18:42:32+00:00","breadcrumb":{"@id":"http:\/\/denizcankizil.tr\/uk\/haberler\/gundem\/istoktan-leman-dergisine-sert-tepki\/#breadcrumb"},"inLanguage":"uk","potentialAction":[{"@type":"ReadAction","target":["http:\/\/denizcankizil.tr\/uk\/haberler\/gundem\/istoktan-leman-dergisine-sert-tepki\/"]}]},{"@type":"BreadcrumbList","@id":"http:\/\/denizcankizil.tr\/uk\/haberler\/gundem\/istoktan-leman-dergisine-sert-tepki\/#breadcrumb","itemListElement":[{"@type":"ListItem","position":1,"name":"Home","item":"https:\/\/denizcankizil.tr\/de\/"},{"@type":"ListItem","position":2,"name":"\u0130STOK\u2019tan Leman Dergisi\u2019ne sert tepki!"}]},{"@type":"WebSite","@id":"https:\/\/denizcankizil.tr\/#website","url":"https:\/\/denizcankizil.tr\/","name":"Av. Deniz Can K\u0131z\u0131l","description":"Avukat Deniz Can K\u0131z\u0131l Antalya Barosu","publisher":{"@id":"https:\/\/denizcankizil.tr\/#organization"},"potentialAction":[{"@type":"SearchAction","target":{"@type":"EntryPoint","urlTemplate":"https:\/\/denizcankizil.tr\/?s={search_term_string}"},"query-input":{"@type":"PropertyValueSpecification","valueRequired":true,"valueName":"search_term_string"}}],"inLanguage":"uk"},{"@type":"Organization","@id":"https:\/\/denizcankizil.tr\/#organization","name":"Av. Deniz Can K\u0131z\u0131l","url":"https:\/\/denizcankizil.tr\/","logo":{"@type":"ImageObject","inLanguage":"uk","@id":"https:\/\/denizcankizil.tr\/#\/schema\/logo\/image\/","url":"http:\/\/denizcankizil.tr\/wp-content\/uploads\/2024\/10\/siyah-logo-svg.svg","contentUrl":"http:\/\/denizcankizil.tr\/wp-content\/uploads\/2024\/10\/siyah-logo-svg.svg","width":1080,"height":1080,"caption":"Av. Deniz Can K\u0131z\u0131l"},"image":{"@id":"https:\/\/denizcankizil.tr\/#\/schema\/logo\/image\/"}},{"@type":"Person","@id":"https:\/\/denizcankizil.tr\/#\/schema\/person\/be3c05fe6a12686905512445d8185489","name":"\u0430\u0434\u043c\u0456\u043d","image":{"@type":"ImageObject","inLanguage":"uk","@id":"https:\/\/denizcankizil.tr\/#\/schema\/person\/image\/","url":"https:\/\/secure.gravatar.com\/avatar\/c1fce94c830dc79107e174f890d7210541c4a63e8e5d816341794a2151c9d58c?s=96&d=mm&r=g","contentUrl":"https:\/\/secure.gravatar.com\/avatar\/c1fce94c830dc79107e174f890d7210541c4a63e8e5d816341794a2151c9d58c?s=96&d=mm&r=g","caption":"admin"},"sameAs":["http:\/\/denizcankizil.tr"],"url":"https:\/\/www.iskenderun.org\/istoktan-leman-dergisine-sert-tepki"}]}},"_links":{"self":[{"href":"http:\/\/denizcankizil.tr\/uk\/wp-json\/wp\/v2\/posts\/132842","targetHints":{"allow":["GET"]}}],"collection":[{"href":"http:\/\/denizcankizil.tr\/uk\/wp-json\/wp\/v2\/posts"}],"about":[{"href":"http:\/\/denizcankizil.tr\/uk\/wp-json\/wp\/v2\/types\/post"}],"author":[{"embeddable":true,"href":"http:\/\/denizcankizil.tr\/uk\/wp-json\/wp\/v2\/users\/1"}],"replies":[{"embeddable":true,"href":"http:\/\/denizcankizil.tr\/uk\/wp-json\/wp\/v2\/comments?post=132842"}],"version-history":[{"count":0,"href":"http:\/\/denizcankizil.tr\/uk\/wp-json\/wp\/v2\/posts\/132842\/revisions"}],"wp:attachment":[{"href":"http:\/\/denizcankizil.tr\/uk\/wp-json\/wp\/v2\/media?parent=132842"}],"wp:term":[{"taxonomy":"category","embeddable":true,"href":"http:\/\/denizcankizil.tr\/uk\/wp-json\/wp\/v2\/categories?post=132842"},{"taxonomy":"post_tag","embeddable":true,"href":"http:\/\/denizcankizil.tr\/uk\/wp-json\/wp\/v2\/tags?post=132842"}],"curies":[{"name":"wp","href":"https:\/\/api.w.org\/{rel}","templated":true}]}}