{"id":132527,"date":"2025-07-01T14:43:10","date_gmt":"2025-07-01T11:43:10","guid":{"rendered":"https:\/\/denizcankizil.tr\/uncategorized-tr\/konyada-2026-icin-fidan-ve-fide-destegi-basvurulari-basladi\/"},"modified":"2025-07-01T14:43:10","modified_gmt":"2025-07-01T11:43:10","slug":"konyada-2026-icin-fidan-ve-fide-destegi-basvurulari-basladi","status":"publish","type":"post","link":"http:\/\/denizcankizil.tr\/uk\/haberler\/gundem\/konyada-2026-icin-fidan-ve-fide-destegi-basvurulari-basladi\/","title":{"rendered":"Konya\u2019da 2026 i\u00e7in fidan ve fide deste\u011fi ba\u015fvurular\u0131 ba\u015flad\u0131"},"content":{"rendered":"<p>Konya B\u00fcy\u00fck\u015fehir Belediye Ba\u015fkan\u0131 U\u011fur \u0130brahim Altay, tar\u0131m \u015fehri Konya\u2019n\u0131n 31 il\u00e7esinde tar\u0131msal desteklere 2026 y\u0131l\u0131nda da devam edeceklerini belirterek, y\u00fczde 75 hibe destekli fidan ve fide deste\u011fi ba\u015fvurular\u0131n\u0131 31 Temmuz\u2019a kadar almaya ba\u015flad\u0131klar\u0131n\u0131 a\u00e7\u0131klad\u0131.KONYA (\u0130GFA) &#8211; Ba\u015fkan Altay, \u201cBu destekle ba\u015fta zirai dondan etkilenen \u00e7ift\u00e7ilerimiz olmak \u00fczere t\u00fcm \u00fcreticimizin maliyet y\u00fck\u00fcn\u00fc hafifletiyor b\u00f6lgemizin tar\u0131msal \u00e7e\u015fitlili\u011fini art\u0131r\u0131yoruz. Bug\u00fcne kadar oldu\u011fu gibi bundan sonra da \u00fcreticimizin yan\u0131nda olmaya devam edece\u011fiz\u201d dedi.<br \/>\nKonya B\u00fcy\u00fck\u015fehir Belediyesi, 31 il\u00e7ede \u00e7ift\u00e7iye y\u00f6nelik s\u00fcrd\u00fcrd\u00fc\u011f\u00fc fidan ve fide desteklerinin 2026 y\u0131l\u0131 ba\u015fvurular\u0131n\u0131 almaya ba\u015flad\u0131.<br \/>\nKonya B\u00fcy\u00fck\u015fehir Belediye Ba\u015fkan\u0131 U\u011fur \u0130brahim Altay, tar\u0131m \u015fehri Konya\u2019da k\u0131rsal kalk\u0131nmay\u0131 sa\u011flamak, \u00fcreticinin ya\u015fad\u0131\u011f\u0131 b\u00f6lgede gelirini ve refah seviyesini art\u0131rmak amac\u0131yla tar\u0131msal deste\u011fe b\u00fcy\u00fck \u00f6nem verdiklerini s\u00f6yledi.<br \/>\nBu kapsamda 31 il\u00e7ede her sene yapt\u0131klar\u0131 destek ba\u015fvurular\u0131n\u0131 2026 y\u0131l\u0131nda da s\u00fcrd\u00fcreceklerini kaydeden Ba\u015fkan Altay, \u201c2026 y\u0131l\u0131 i\u00e7in y\u00fczde 75 hibe destekli; ayva, kestane, sumak, erik, Antep F\u0131st\u0131\u011f\u0131, Cennet Hurmas\u0131, badem, ceviz, mercimek, Macar Fi\u011fi, aspir, nohut ba\u015fvurular\u0131n\u0131 1 Temmuz-31 Temmuz tarihleri aras\u0131nda almaya ba\u015flad\u0131k. Bu destekle ba\u015fta zirai dondan etkilenen \u00e7ift\u00e7ilerimiz olmak \u00fczere t\u00fcm \u00fcreticimizin maliyet y\u00fck\u00fcn\u00fc hafifletiyor b\u00f6lgemizin tar\u0131msal \u00e7e\u015fitlili\u011fini art\u0131r\u0131yoruz. Bug\u00fcne kadar oldu\u011fu gibi bundan sonra da tar\u0131m \u015fehri Konya\u2019da \u00fcreticimizin yan\u0131nda olmaya devam edece\u011fiz. \u00c7ift\u00e7i Kay\u0131t Sistemi\u2019ne kay\u0131tl\u0131 t\u00fcm \u00e7ift\u00e7i hem\u015fehrilerimi B\u00fcy\u00fck\u015fehir Belediyemizin sa\u011flad\u0131\u011f\u0131 bu imkandan faydalanmaya davet ediyorum\u201d dedi.<br \/>\n\u00dcreticiler destekleme i\u00e7in m\u00fcracaat dilek\u00e7elerini Konya B\u00fcy\u00fck\u015fehir Belediyesi\u2019ne, il\u00e7e belediyelerine ve mahalle muhtarlar\u0131na teslim edilebilirken, online olarak da yapabiliyor. Konuyla ilgili ayr\u0131nt\u0131l\u0131 bilgi ve ba\u015fvuru dilek\u00e7esine \u201ckonya.bel.tr\u201d adresinden ula\u015f\u0131labiliyor.<\/p>\n<p>\u200bKonya B\u00fcy\u00fck\u015fehir Belediye Ba\u015fkan\u0131 U\u011fur \u0130brahim Altay, tar\u0131m \u015fehri Konya\u2019n\u0131n 31 il\u00e7esinde tar\u0131msal desteklere 2026 y\u0131l\u0131nda da devam edeceklerini belirterek, y\u00fczde 75 hibe destekli fidan ve fide deste\u011fi ba\u015fvurular\u0131n\u0131 31 Temmuz\u2019a kadar almaya ba\u015flad\u0131klar\u0131n\u0131 a\u00e7\u0131klad\u0131.KONYA (\u0130GFA) &#8211; Ba\u015fkan Altay, \u201cBu destekle ba\u015fta zirai dondan etkilenen \u00e7ift\u00e7ilerimiz olmak \u00fczere t\u00fcm \u00fcreticimizin maliyet y\u00fck\u00fcn\u00fc hafifletiyor b\u00f6lgemizin tar\u0131msal \u00e7e\u015fitlili\u011fini art\u0131r\u0131yoruz. Bug\u00fcne kadar oldu\u011fu gibi bundan sonra da \u00fcreticimizin yan\u0131nda olmaya devam edece\u011fiz\u201d dedi.<br \/>\nKonya B\u00fcy\u00fck\u015fehir Belediyesi, 31 il\u00e7ede \u00e7ift\u00e7iye y\u00f6nelik s\u00fcrd\u00fcrd\u00fc\u011f\u00fc fidan ve fide desteklerinin 2026 y\u0131l\u0131 ba\u015fvurular\u0131n\u0131 almaya ba\u015flad\u0131.<br \/>\nKonya B\u00fcy\u00fck\u015fehir Belediye Ba\u015fkan\u0131 U\u011fur \u0130brahim Altay, tar\u0131m \u015fehri Konya\u2019da k\u0131rsal kalk\u0131nmay\u0131 sa\u011flamak, \u00fcreticinin ya\u015fad\u0131\u011f\u0131 b\u00f6lgede gelirini ve refah seviyesini art\u0131rmak amac\u0131yla tar\u0131msal deste\u011fe b\u00fcy\u00fck \u00f6nem verdiklerini s\u00f6yledi.<br \/>\nBu kapsamda 31 il\u00e7ede her sene yapt\u0131klar\u0131 destek ba\u015fvurular\u0131n\u0131 2026 y\u0131l\u0131nda da s\u00fcrd\u00fcreceklerini kaydeden Ba\u015fkan Altay, \u201c2026 y\u0131l\u0131 i\u00e7in y\u00fczde 75 hibe destekli; ayva, kestane, sumak, erik, Antep F\u0131st\u0131\u011f\u0131, Cennet Hurmas\u0131, badem, ceviz, mercimek, Macar Fi\u011fi, aspir, nohut ba\u015fvurular\u0131n\u0131 1 Temmuz-31 Temmuz tarihleri aras\u0131nda almaya ba\u015flad\u0131k. Bu destekle ba\u015fta zirai dondan etkilenen \u00e7ift\u00e7ilerimiz olmak \u00fczere t\u00fcm \u00fcreticimizin maliyet y\u00fck\u00fcn\u00fc hafifletiyor b\u00f6lgemizin tar\u0131msal \u00e7e\u015fitlili\u011fini art\u0131r\u0131yoruz. Bug\u00fcne kadar oldu\u011fu gibi bundan sonra da tar\u0131m \u015fehri Konya\u2019da \u00fcreticimizin yan\u0131nda olmaya devam edece\u011fiz. \u00c7ift\u00e7i Kay\u0131t Sistemi\u2019ne kay\u0131tl\u0131 t\u00fcm \u00e7ift\u00e7i hem\u015fehrilerimi B\u00fcy\u00fck\u015fehir Belediyemizin sa\u011flad\u0131\u011f\u0131 bu imkandan faydalanmaya davet ediyorum\u201d dedi.<br \/>\n\u00dcreticiler destekleme i\u00e7in m\u00fcracaat dilek\u00e7elerini Konya B\u00fcy\u00fck\u015fehir Belediyesi\u2019ne, il\u00e7e belediyelerine ve mahalle muhtarlar\u0131na teslim edilebilirken, online olarak da yapabiliyor. Konuyla ilgili ayr\u0131nt\u0131l\u0131 bilgi ve ba\u015fvuru dilek\u00e7esine \u201ckonya.bel.tr\u201d adresinden ula\u015f\u0131labiliyor.\u00a0<\/p>\n<p>\u200bHaberin Al\u0131nt\u0131land\u0131\u011f\u0131 Kaynak: www.iskenderun.org<\/p>","protected":false},"excerpt":{"rendered":"<p>Konya B\u00fcy\u00fck\u015fehir Belediye Ba\u015fkan\u0131 U\u011fur \u0130brahim Altay, tar\u0131m \u015fehri Konya\u2019n\u0131n 31 il\u00e7esinde tar\u0131msal desteklere 2026 y\u0131l\u0131nda da devam edeceklerini belirterek, y\u00fczde 75 hibe destekli fidan ve fide deste\u011fi ba\u015fvurular\u0131n\u0131 31 Temmuz\u2019a kadar almaya ba\u015flad\u0131klar\u0131n\u0131 a\u00e7\u0131klad\u0131.KONYA (\u0130GFA) &#8211; Ba\u015fkan Altay, \u201cBu destekle ba\u015fta zirai dondan etkilenen \u00e7ift\u00e7ilerimiz olmak \u00fczere t\u00fcm \u00fcreticimizin maliyet y\u00fck\u00fcn\u00fc hafifletiyor b\u00f6lgemizin tar\u0131msal \u00e7e\u015fitlili\u011fini art\u0131r\u0131yoruz. Bug\u00fcne kadar oldu\u011fu gibi bundan sonra da \u00fcreticimizin yan\u0131nda olmaya devam edece\u011fiz\u201d dedi. Konya B\u00fcy\u00fck\u015fehir Belediyesi, 31 il\u00e7ede \u00e7ift\u00e7iye y\u00f6nelik s\u00fcrd\u00fcrd\u00fc\u011f\u00fc fidan ve fide desteklerinin 2026 y\u0131l\u0131 ba\u015fvurular\u0131n\u0131 almaya ba\u015flad\u0131. Konya B\u00fcy\u00fck\u015fehir Belediye Ba\u015fkan\u0131 U\u011fur \u0130brahim Altay, tar\u0131m \u015fehri Konya\u2019da k\u0131rsal kalk\u0131nmay\u0131 sa\u011flamak, \u00fcreticinin ya\u015fad\u0131\u011f\u0131 b\u00f6lgede gelirini ve refah seviyesini art\u0131rmak amac\u0131yla tar\u0131msal deste\u011fe b\u00fcy\u00fck \u00f6nem verdiklerini s\u00f6yledi. Bu kapsamda 31 il\u00e7ede her sene yapt\u0131klar\u0131 destek ba\u015fvurular\u0131n\u0131 2026 y\u0131l\u0131nda da s\u00fcrd\u00fcreceklerini kaydeden Ba\u015fkan Altay, \u201c2026 y\u0131l\u0131 i\u00e7in y\u00fczde 75 hibe destekli; ayva, kestane, sumak, erik, Antep F\u0131st\u0131\u011f\u0131, Cennet Hurmas\u0131, badem, ceviz, mercimek, Macar Fi\u011fi, aspir, nohut ba\u015fvurular\u0131n\u0131 1 Temmuz-31 Temmuz tarihleri aras\u0131nda almaya ba\u015flad\u0131k. Bu destekle ba\u015fta zirai dondan etkilenen \u00e7ift\u00e7ilerimiz olmak \u00fczere t\u00fcm \u00fcreticimizin maliyet y\u00fck\u00fcn\u00fc hafifletiyor b\u00f6lgemizin tar\u0131msal \u00e7e\u015fitlili\u011fini art\u0131r\u0131yoruz. Bug\u00fcne kadar oldu\u011fu gibi bundan sonra da tar\u0131m \u015fehri Konya\u2019da \u00fcreticimizin yan\u0131nda olmaya devam edece\u011fiz. \u00c7ift\u00e7i Kay\u0131t Sistemi\u2019ne kay\u0131tl\u0131 t\u00fcm \u00e7ift\u00e7i &hellip;<\/p>","protected":false},"author":1,"featured_media":0,"comment_status":"","ping_status":"open","sticky":false,"template":"","format":"standard","meta":{"_acf_changed":false,"footnotes":""},"categories":[24],"tags":[],"class_list":["post-132527","post","type-post","status-publish","format-standard","has-post-thumbnail","hentry","category-gundem"],"acf":[],"yoast_head":"<!-- This site is optimized with the Yoast SEO Premium plugin v26.6 (Yoast SEO v27.1.1) - https:\/\/yoast.com\/product\/yoast-seo-premium-wordpress\/ -->\n<title>Konya\u2019da 2026 i\u00e7in fidan ve fide deste\u011fi ba\u015fvurular\u0131 ba\u015flad\u0131 - Av. Deniz Can K\u0131z\u0131l<\/title>\n<meta name=\"robots\" content=\"index, follow, max-snippet:-1, max-image-preview:large, max-video-preview:-1\" \/>\n<link rel=\"canonical\" href=\"http:\/\/denizcankizil.tr\/uk\/haberler\/gundem\/konyada-2026-icin-fidan-ve-fide-destegi-basvurulari-basladi\/\" \/>\n<meta property=\"og:locale\" content=\"uk_UA\" \/>\n<meta property=\"og:type\" content=\"article\" \/>\n<meta property=\"og:title\" content=\"Konya\u2019da 2026 i\u00e7in fidan ve fide deste\u011fi ba\u015fvurular\u0131 ba\u015flad\u0131\" \/>\n<meta property=\"og:description\" content=\"Konya B\u00fcy\u00fck\u015fehir Belediye Ba\u015fkan\u0131 U\u011fur \u0130brahim Altay, tar\u0131m \u015fehri Konya\u2019n\u0131n 31 il\u00e7esinde tar\u0131msal desteklere 2026 y\u0131l\u0131nda da devam edeceklerini belirterek, y\u00fczde 75 hibe destekli fidan ve fide deste\u011fi ba\u015fvurular\u0131n\u0131 31 Temmuz\u2019a kadar almaya ba\u015flad\u0131klar\u0131n\u0131 a\u00e7\u0131klad\u0131.KONYA (\u0130GFA) &#8211; Ba\u015fkan Altay, \u201cBu destekle ba\u015fta zirai dondan etkilenen \u00e7ift\u00e7ilerimiz olmak \u00fczere t\u00fcm \u00fcreticimizin maliyet y\u00fck\u00fcn\u00fc hafifletiyor b\u00f6lgemizin tar\u0131msal \u00e7e\u015fitlili\u011fini art\u0131r\u0131yoruz. Bug\u00fcne kadar oldu\u011fu gibi bundan sonra da \u00fcreticimizin yan\u0131nda olmaya devam edece\u011fiz\u201d dedi. Konya B\u00fcy\u00fck\u015fehir Belediyesi, 31 il\u00e7ede \u00e7ift\u00e7iye y\u00f6nelik s\u00fcrd\u00fcrd\u00fc\u011f\u00fc fidan ve fide desteklerinin 2026 y\u0131l\u0131 ba\u015fvurular\u0131n\u0131 almaya ba\u015flad\u0131. Konya B\u00fcy\u00fck\u015fehir Belediye Ba\u015fkan\u0131 U\u011fur \u0130brahim Altay, tar\u0131m \u015fehri Konya\u2019da k\u0131rsal kalk\u0131nmay\u0131 sa\u011flamak, \u00fcreticinin ya\u015fad\u0131\u011f\u0131 b\u00f6lgede gelirini ve refah seviyesini art\u0131rmak amac\u0131yla tar\u0131msal deste\u011fe b\u00fcy\u00fck \u00f6nem verdiklerini s\u00f6yledi. Bu kapsamda 31 il\u00e7ede her sene yapt\u0131klar\u0131 destek ba\u015fvurular\u0131n\u0131 2026 y\u0131l\u0131nda da s\u00fcrd\u00fcreceklerini kaydeden Ba\u015fkan Altay, \u201c2026 y\u0131l\u0131 i\u00e7in y\u00fczde 75 hibe destekli; ayva, kestane, sumak, erik, Antep F\u0131st\u0131\u011f\u0131, Cennet Hurmas\u0131, badem, ceviz, mercimek, Macar Fi\u011fi, aspir, nohut ba\u015fvurular\u0131n\u0131 1 Temmuz-31 Temmuz tarihleri aras\u0131nda almaya ba\u015flad\u0131k. Bu destekle ba\u015fta zirai dondan etkilenen \u00e7ift\u00e7ilerimiz olmak \u00fczere t\u00fcm \u00fcreticimizin maliyet y\u00fck\u00fcn\u00fc hafifletiyor b\u00f6lgemizin tar\u0131msal \u00e7e\u015fitlili\u011fini art\u0131r\u0131yoruz. Bug\u00fcne kadar oldu\u011fu gibi bundan sonra da tar\u0131m \u015fehri Konya\u2019da \u00fcreticimizin yan\u0131nda olmaya devam edece\u011fiz. \u00c7ift\u00e7i Kay\u0131t Sistemi\u2019ne kay\u0131tl\u0131 t\u00fcm \u00e7ift\u00e7i &hellip;\" \/>\n<meta property=\"og:url\" content=\"http:\/\/denizcankizil.tr\/uk\/haberler\/gundem\/konyada-2026-icin-fidan-ve-fide-destegi-basvurulari-basladi\/\" \/>\n<meta property=\"og:site_name\" content=\"Av. Deniz Can K\u0131z\u0131l\" \/>\n<meta property=\"article:published_time\" content=\"2025-07-01T11:43:10+00:00\" \/>\n<meta name=\"author\" content=\"admin\" \/>\n<meta name=\"twitter:card\" content=\"summary_large_image\" \/>\n<meta name=\"twitter:label1\" content=\"\u041d\u0430\u043f\u0438\u0441\u0430\u043d\u043e\" \/>\n\t<meta name=\"twitter:data1\" content=\"admin\" \/>\n\t<meta name=\"twitter:label2\" content=\"\u041f\u0440\u0438\u0431\u043b. \u0447\u0430\u0441 \u0447\u0438\u0442\u0430\u043d\u043d\u044f\" \/>\n\t<meta name=\"twitter:data2\" content=\"4 \u0445\u0432\u0438\u043b\u0438\u043d\u0438\" \/>\n<script type=\"application\/ld+json\" class=\"yoast-schema-graph\">{\"@context\":\"https:\/\/schema.org\",\"@graph\":[{\"@type\":\"Article\",\"@id\":\"http:\/\/denizcankizil.tr\/de\/haberler\/gundem\/konyada-2026-icin-fidan-ve-fide-destegi-basvurulari-basladi\/#article\",\"isPartOf\":{\"@id\":\"http:\/\/denizcankizil.tr\/de\/haberler\/gundem\/konyada-2026-icin-fidan-ve-fide-destegi-basvurulari-basladi\/\"},\"author\":{\"name\":\"admin\",\"@id\":\"https:\/\/denizcankizil.tr\/de\/#\/schema\/person\/be3c05fe6a12686905512445d8185489\"},\"headline\":\"Konya\u2019da 2026 i\u00e7in fidan ve fide deste\u011fi ba\u015fvurular\u0131 ba\u015flad\u0131\",\"datePublished\":\"2025-07-01T11:43:10+00:00\",\"mainEntityOfPage\":{\"@id\":\"http:\/\/denizcankizil.tr\/de\/haberler\/gundem\/konyada-2026-icin-fidan-ve-fide-destegi-basvurulari-basladi\/\"},\"wordCount\":741,\"publisher\":{\"@id\":\"https:\/\/denizcankizil.tr\/de\/#organization\"},\"articleSection\":[\"G\u00fcndem\"],\"inLanguage\":\"uk\"},{\"@type\":\"WebPage\",\"@id\":\"http:\/\/denizcankizil.tr\/de\/haberler\/gundem\/konyada-2026-icin-fidan-ve-fide-destegi-basvurulari-basladi\/\",\"url\":\"http:\/\/denizcankizil.tr\/de\/haberler\/gundem\/konyada-2026-icin-fidan-ve-fide-destegi-basvurulari-basladi\/\",\"name\":\"Konya\u2019da 2026 i\u00e7in fidan ve fide deste\u011fi ba\u015fvurular\u0131 ba\u015flad\u0131 - Av. Deniz Can K\u0131z\u0131l\",\"isPartOf\":{\"@id\":\"https:\/\/denizcankizil.tr\/de\/#website\"},\"datePublished\":\"2025-07-01T11:43:10+00:00\",\"breadcrumb\":{\"@id\":\"http:\/\/denizcankizil.tr\/de\/haberler\/gundem\/konyada-2026-icin-fidan-ve-fide-destegi-basvurulari-basladi\/#breadcrumb\"},\"inLanguage\":\"uk\",\"potentialAction\":[{\"@type\":\"ReadAction\",\"target\":[\"http:\/\/denizcankizil.tr\/de\/haberler\/gundem\/konyada-2026-icin-fidan-ve-fide-destegi-basvurulari-basladi\/\"]}]},{\"@type\":\"BreadcrumbList\",\"@id\":\"http:\/\/denizcankizil.tr\/de\/haberler\/gundem\/konyada-2026-icin-fidan-ve-fide-destegi-basvurulari-basladi\/#breadcrumb\",\"itemListElement\":[{\"@type\":\"ListItem\",\"position\":1,\"name\":\"Home\",\"item\":\"https:\/\/denizcankizil.tr\/de\/\"},{\"@type\":\"ListItem\",\"position\":2,\"name\":\"Konya\u2019da 2026 i\u00e7in fidan ve fide deste\u011fi ba\u015fvurular\u0131 ba\u015flad\u0131\"}]},{\"@type\":\"WebSite\",\"@id\":\"https:\/\/denizcankizil.tr\/de\/#website\",\"url\":\"https:\/\/denizcankizil.tr\/de\/\",\"name\":\"Av. Deniz Can K\u0131z\u0131l\",\"description\":\"Avukat Deniz Can K\u0131z\u0131l Antalya Barosu\",\"publisher\":{\"@id\":\"https:\/\/denizcankizil.tr\/de\/#organization\"},\"potentialAction\":[{\"@type\":\"SearchAction\",\"target\":{\"@type\":\"EntryPoint\",\"urlTemplate\":\"https:\/\/denizcankizil.tr\/de\/?s={search_term_string}\"},\"query-input\":{\"@type\":\"PropertyValueSpecification\",\"valueRequired\":true,\"valueName\":\"search_term_string\"}}],\"inLanguage\":\"uk\"},{\"@type\":\"Organization\",\"@id\":\"https:\/\/denizcankizil.tr\/de\/#organization\",\"name\":\"Av. Deniz Can K\u0131z\u0131l\",\"url\":\"https:\/\/denizcankizil.tr\/de\/\",\"logo\":{\"@type\":\"ImageObject\",\"inLanguage\":\"uk\",\"@id\":\"https:\/\/denizcankizil.tr\/de\/#\/schema\/logo\/image\/\",\"url\":\"http:\/\/denizcankizil.tr\/wp-content\/uploads\/2024\/10\/siyah-logo-svg.svg\",\"contentUrl\":\"http:\/\/denizcankizil.tr\/wp-content\/uploads\/2024\/10\/siyah-logo-svg.svg\",\"width\":1080,\"height\":1080,\"caption\":\"Av. Deniz Can K\u0131z\u0131l\"},\"image\":{\"@id\":\"https:\/\/denizcankizil.tr\/de\/#\/schema\/logo\/image\/\"}},{\"@type\":\"Person\",\"@id\":\"https:\/\/denizcankizil.tr\/de\/#\/schema\/person\/be3c05fe6a12686905512445d8185489\",\"name\":\"admin\",\"image\":{\"@type\":\"ImageObject\",\"inLanguage\":\"uk\",\"@id\":\"https:\/\/denizcankizil.tr\/de\/#\/schema\/person\/image\/\",\"url\":\"https:\/\/secure.gravatar.com\/avatar\/c1fce94c830dc79107e174f890d7210541c4a63e8e5d816341794a2151c9d58c?s=96&d=mm&r=g\",\"contentUrl\":\"https:\/\/secure.gravatar.com\/avatar\/c1fce94c830dc79107e174f890d7210541c4a63e8e5d816341794a2151c9d58c?s=96&d=mm&r=g\",\"caption\":\"admin\"},\"sameAs\":[\"http:\/\/denizcankizil.tr\"],\"url\":\"https:\/\/www.iskenderun.org\/konyada-2026-icin-fidan-ve-fide-destegi-basvurulari-basladi\"}]}<\/script>\n<!-- \/ Yoast SEO Premium plugin. -->","yoast_head_json":{"title":"Konya\u2019da 2026 i\u00e7in fidan ve fide deste\u011fi ba\u015fvurular\u0131 ba\u015flad\u0131 - Av. Deniz Can K\u0131z\u0131l","robots":{"index":"index","follow":"follow","max-snippet":"max-snippet:-1","max-image-preview":"max-image-preview:large","max-video-preview":"max-video-preview:-1"},"canonical":"http:\/\/denizcankizil.tr\/uk\/haberler\/gundem\/konyada-2026-icin-fidan-ve-fide-destegi-basvurulari-basladi\/","og_locale":"uk_UA","og_type":"article","og_title":"Konya\u2019da 2026 i\u00e7in fidan ve fide deste\u011fi ba\u015fvurular\u0131 ba\u015flad\u0131","og_description":"Konya B\u00fcy\u00fck\u015fehir Belediye Ba\u015fkan\u0131 U\u011fur \u0130brahim Altay, tar\u0131m \u015fehri Konya\u2019n\u0131n 31 il\u00e7esinde tar\u0131msal desteklere 2026 y\u0131l\u0131nda da devam edeceklerini belirterek, y\u00fczde 75 hibe destekli fidan ve fide deste\u011fi ba\u015fvurular\u0131n\u0131 31 Temmuz\u2019a kadar almaya ba\u015flad\u0131klar\u0131n\u0131 a\u00e7\u0131klad\u0131.KONYA (\u0130GFA) &#8211; Ba\u015fkan Altay, \u201cBu destekle ba\u015fta zirai dondan etkilenen \u00e7ift\u00e7ilerimiz olmak \u00fczere t\u00fcm \u00fcreticimizin maliyet y\u00fck\u00fcn\u00fc hafifletiyor b\u00f6lgemizin tar\u0131msal \u00e7e\u015fitlili\u011fini art\u0131r\u0131yoruz. Bug\u00fcne kadar oldu\u011fu gibi bundan sonra da \u00fcreticimizin yan\u0131nda olmaya devam edece\u011fiz\u201d dedi. Konya B\u00fcy\u00fck\u015fehir Belediyesi, 31 il\u00e7ede \u00e7ift\u00e7iye y\u00f6nelik s\u00fcrd\u00fcrd\u00fc\u011f\u00fc fidan ve fide desteklerinin 2026 y\u0131l\u0131 ba\u015fvurular\u0131n\u0131 almaya ba\u015flad\u0131. Konya B\u00fcy\u00fck\u015fehir Belediye Ba\u015fkan\u0131 U\u011fur \u0130brahim Altay, tar\u0131m \u015fehri Konya\u2019da k\u0131rsal kalk\u0131nmay\u0131 sa\u011flamak, \u00fcreticinin ya\u015fad\u0131\u011f\u0131 b\u00f6lgede gelirini ve refah seviyesini art\u0131rmak amac\u0131yla tar\u0131msal deste\u011fe b\u00fcy\u00fck \u00f6nem verdiklerini s\u00f6yledi. Bu kapsamda 31 il\u00e7ede her sene yapt\u0131klar\u0131 destek ba\u015fvurular\u0131n\u0131 2026 y\u0131l\u0131nda da s\u00fcrd\u00fcreceklerini kaydeden Ba\u015fkan Altay, \u201c2026 y\u0131l\u0131 i\u00e7in y\u00fczde 75 hibe destekli; ayva, kestane, sumak, erik, Antep F\u0131st\u0131\u011f\u0131, Cennet Hurmas\u0131, badem, ceviz, mercimek, Macar Fi\u011fi, aspir, nohut ba\u015fvurular\u0131n\u0131 1 Temmuz-31 Temmuz tarihleri aras\u0131nda almaya ba\u015flad\u0131k. Bu destekle ba\u015fta zirai dondan etkilenen \u00e7ift\u00e7ilerimiz olmak \u00fczere t\u00fcm \u00fcreticimizin maliyet y\u00fck\u00fcn\u00fc hafifletiyor b\u00f6lgemizin tar\u0131msal \u00e7e\u015fitlili\u011fini art\u0131r\u0131yoruz. Bug\u00fcne kadar oldu\u011fu gibi bundan sonra da tar\u0131m \u015fehri Konya\u2019da \u00fcreticimizin yan\u0131nda olmaya devam edece\u011fiz. \u00c7ift\u00e7i Kay\u0131t Sistemi\u2019ne kay\u0131tl\u0131 t\u00fcm \u00e7ift\u00e7i &hellip;","og_url":"http:\/\/denizcankizil.tr\/uk\/haberler\/gundem\/konyada-2026-icin-fidan-ve-fide-destegi-basvurulari-basladi\/","og_site_name":"Av. Deniz Can K\u0131z\u0131l","article_published_time":"2025-07-01T11:43:10+00:00","author":"admin","twitter_card":"summary_large_image","twitter_misc":{"\u041d\u0430\u043f\u0438\u0441\u0430\u043d\u043e":"admin","\u041f\u0440\u0438\u0431\u043b. \u0447\u0430\u0441 \u0447\u0438\u0442\u0430\u043d\u043d\u044f":"4 \u0445\u0432\u0438\u043b\u0438\u043d\u0438"},"schema":{"@context":"https:\/\/schema.org","@graph":[{"@type":"Article","@id":"http:\/\/denizcankizil.tr\/de\/haberler\/gundem\/konyada-2026-icin-fidan-ve-fide-destegi-basvurulari-basladi\/#article","isPartOf":{"@id":"http:\/\/denizcankizil.tr\/de\/haberler\/gundem\/konyada-2026-icin-fidan-ve-fide-destegi-basvurulari-basladi\/"},"author":{"name":"admin","@id":"https:\/\/denizcankizil.tr\/de\/#\/schema\/person\/be3c05fe6a12686905512445d8185489"},"headline":"Konya\u2019da 2026 i\u00e7in fidan ve fide deste\u011fi ba\u015fvurular\u0131 ba\u015flad\u0131","datePublished":"2025-07-01T11:43:10+00:00","mainEntityOfPage":{"@id":"http:\/\/denizcankizil.tr\/de\/haberler\/gundem\/konyada-2026-icin-fidan-ve-fide-destegi-basvurulari-basladi\/"},"wordCount":741,"publisher":{"@id":"https:\/\/denizcankizil.tr\/de\/#organization"},"articleSection":["G\u00fcndem"],"inLanguage":"uk"},{"@type":"WebPage","@id":"http:\/\/denizcankizil.tr\/de\/haberler\/gundem\/konyada-2026-icin-fidan-ve-fide-destegi-basvurulari-basladi\/","url":"http:\/\/denizcankizil.tr\/de\/haberler\/gundem\/konyada-2026-icin-fidan-ve-fide-destegi-basvurulari-basladi\/","name":"Konya\u2019da 2026 i\u00e7in fidan ve fide deste\u011fi ba\u015fvurular\u0131 ba\u015flad\u0131 - Av. Deniz Can K\u0131z\u0131l","isPartOf":{"@id":"https:\/\/denizcankizil.tr\/de\/#website"},"datePublished":"2025-07-01T11:43:10+00:00","breadcrumb":{"@id":"http:\/\/denizcankizil.tr\/de\/haberler\/gundem\/konyada-2026-icin-fidan-ve-fide-destegi-basvurulari-basladi\/#breadcrumb"},"inLanguage":"uk","potentialAction":[{"@type":"ReadAction","target":["http:\/\/denizcankizil.tr\/de\/haberler\/gundem\/konyada-2026-icin-fidan-ve-fide-destegi-basvurulari-basladi\/"]}]},{"@type":"BreadcrumbList","@id":"http:\/\/denizcankizil.tr\/de\/haberler\/gundem\/konyada-2026-icin-fidan-ve-fide-destegi-basvurulari-basladi\/#breadcrumb","itemListElement":[{"@type":"ListItem","position":1,"name":"Home","item":"https:\/\/denizcankizil.tr\/de\/"},{"@type":"ListItem","position":2,"name":"Konya\u2019da 2026 i\u00e7in fidan ve fide deste\u011fi ba\u015fvurular\u0131 ba\u015flad\u0131"}]},{"@type":"WebSite","@id":"https:\/\/denizcankizil.tr\/de\/#website","url":"https:\/\/denizcankizil.tr\/de\/","name":"Av. Deniz Can K\u0131z\u0131l","description":"Avukat Deniz Can K\u0131z\u0131l Antalya Barosu","publisher":{"@id":"https:\/\/denizcankizil.tr\/de\/#organization"},"potentialAction":[{"@type":"SearchAction","target":{"@type":"EntryPoint","urlTemplate":"https:\/\/denizcankizil.tr\/de\/?s={search_term_string}"},"query-input":{"@type":"PropertyValueSpecification","valueRequired":true,"valueName":"search_term_string"}}],"inLanguage":"uk"},{"@type":"Organization","@id":"https:\/\/denizcankizil.tr\/de\/#organization","name":"Av. Deniz Can K\u0131z\u0131l","url":"https:\/\/denizcankizil.tr\/de\/","logo":{"@type":"ImageObject","inLanguage":"uk","@id":"https:\/\/denizcankizil.tr\/de\/#\/schema\/logo\/image\/","url":"http:\/\/denizcankizil.tr\/wp-content\/uploads\/2024\/10\/siyah-logo-svg.svg","contentUrl":"http:\/\/denizcankizil.tr\/wp-content\/uploads\/2024\/10\/siyah-logo-svg.svg","width":1080,"height":1080,"caption":"Av. Deniz Can K\u0131z\u0131l"},"image":{"@id":"https:\/\/denizcankizil.tr\/de\/#\/schema\/logo\/image\/"}},{"@type":"Person","@id":"https:\/\/denizcankizil.tr\/de\/#\/schema\/person\/be3c05fe6a12686905512445d8185489","name":"\u0430\u0434\u043c\u0456\u043d","image":{"@type":"ImageObject","inLanguage":"uk","@id":"https:\/\/denizcankizil.tr\/de\/#\/schema\/person\/image\/","url":"https:\/\/secure.gravatar.com\/avatar\/c1fce94c830dc79107e174f890d7210541c4a63e8e5d816341794a2151c9d58c?s=96&d=mm&r=g","contentUrl":"https:\/\/secure.gravatar.com\/avatar\/c1fce94c830dc79107e174f890d7210541c4a63e8e5d816341794a2151c9d58c?s=96&d=mm&r=g","caption":"admin"},"sameAs":["http:\/\/denizcankizil.tr"],"url":"https:\/\/www.iskenderun.org\/konyada-2026-icin-fidan-ve-fide-destegi-basvurulari-basladi"}]}},"_links":{"self":[{"href":"http:\/\/denizcankizil.tr\/uk\/wp-json\/wp\/v2\/posts\/132527","targetHints":{"allow":["GET"]}}],"collection":[{"href":"http:\/\/denizcankizil.tr\/uk\/wp-json\/wp\/v2\/posts"}],"about":[{"href":"http:\/\/denizcankizil.tr\/uk\/wp-json\/wp\/v2\/types\/post"}],"author":[{"embeddable":true,"href":"http:\/\/denizcankizil.tr\/uk\/wp-json\/wp\/v2\/users\/1"}],"replies":[{"embeddable":true,"href":"http:\/\/denizcankizil.tr\/uk\/wp-json\/wp\/v2\/comments?post=132527"}],"version-history":[{"count":0,"href":"http:\/\/denizcankizil.tr\/uk\/wp-json\/wp\/v2\/posts\/132527\/revisions"}],"wp:attachment":[{"href":"http:\/\/denizcankizil.tr\/uk\/wp-json\/wp\/v2\/media?parent=132527"}],"wp:term":[{"taxonomy":"category","embeddable":true,"href":"http:\/\/denizcankizil.tr\/uk\/wp-json\/wp\/v2\/categories?post=132527"},{"taxonomy":"post_tag","embeddable":true,"href":"http:\/\/denizcankizil.tr\/uk\/wp-json\/wp\/v2\/tags?post=132527"}],"curies":[{"name":"wp","href":"https:\/\/api.w.org\/{rel}","templated":true}]}}