{"id":132425,"date":"2025-07-01T13:41:20","date_gmt":"2025-07-01T10:41:20","guid":{"rendered":"https:\/\/denizcankizil.tr\/uncategorized-tr\/bursa-depremlerle-sallaniyor-pes-pese-2-deprem-aciklamasi\/"},"modified":"2025-07-01T13:41:20","modified_gmt":"2025-07-01T10:41:20","slug":"bursa-depremlerle-sallaniyor-pes-pese-2-deprem-aciklamasi","status":"publish","type":"post","link":"http:\/\/denizcankizil.tr\/uk\/haberler\/gundem\/bursa-depremlerle-sallaniyor-pes-pese-2-deprem-aciklamasi\/","title":{"rendered":"Bursa depremlerle sallan\u0131yor! Pe\u015f pe\u015fe 2 deprem a\u00e7\u0131klamas\u0131"},"content":{"rendered":"<p>Bursa pe\u015f pe\u015fe gelen depremlerle sallan\u0131yor. 3.9 ve 4.2 \u015fiddetinde 2 deprem meydana geldi. Afet ve Acil Durum Y\u00f6netimi Ba\u015fkanl\u0131\u011f\u0131 (AFAD) bug\u00fcn saat 11.47 sular\u0131nda Bursa\u2019n\u0131n Gemlik il\u00e7esinde 3.9 \u015fiddetinde, 9,82 kilometre derinli\u011findeki ilk depremi a\u00e7\u0131klam\u0131\u015ft\u0131. Yap\u0131lan a\u00e7\u0131klaman\u0131n ard\u0131ndan bir deprem daha medyana geldi.<\/p>\n<p>BURSA\u2019DA \u0130K\u0130NC\u0130 DEPREM<\/p>\n<p>AFAD, saat 12.57 sular\u0131nda Bursa\u2019n\u0131n Gemlik il\u00e7esinde 4.2 \u015fiddetinde ikinci bir depremin daha meydana geldi\u011fini duyurdu. Depremin derinli\u011fi ise 10,14 kilometre olarak kay\u0131tlara ge\u00e7ti.<\/p>\n<p>\u200bAFAD, saat 12.57 sular\u0131ndan Bursa\u2019n\u0131n Gemlik il\u00e7esinde 4.2 \u015fiddetinde bir depremin meydana geldi\u011fini duyurdu. 11 sular\u0131nda ise gene Bursa\u2019da 3.9 \u015fiddetinde bir deprem meydana gelmi\u015fti.\u00a0<\/p>\n<p>\u200bHaberin Al\u0131nt\u0131land\u0131\u011f\u0131 Kaynak: www.antalyakorfez.com<\/p>","protected":false},"excerpt":{"rendered":"<p>Bursa pe\u015f pe\u015fe gelen depremlerle sallan\u0131yor. 3.9 ve 4.2 \u015fiddetinde 2 deprem meydana geldi. Afet ve Acil Durum Y\u00f6netimi Ba\u015fkanl\u0131\u011f\u0131 (AFAD) bug\u00fcn saat 11.47 sular\u0131nda Bursa\u2019n\u0131n Gemlik il\u00e7esinde 3.9 \u015fiddetinde, 9,82 kilometre derinli\u011findeki ilk depremi a\u00e7\u0131klam\u0131\u015ft\u0131. Yap\u0131lan a\u00e7\u0131klaman\u0131n ard\u0131ndan bir deprem daha medyana geldi. BURSA\u2019DA \u0130K\u0130NC\u0130 DEPREM AFAD, saat 12.57 sular\u0131nda Bursa\u2019n\u0131n Gemlik il\u00e7esinde 4.2 \u015fiddetinde ikinci bir depremin daha meydana geldi\u011fini duyurdu. Depremin derinli\u011fi ise 10,14 kilometre olarak kay\u0131tlara ge\u00e7ti. \u200bAFAD, saat 12.57 sular\u0131ndan Bursa\u2019n\u0131n Gemlik il\u00e7esinde 4.2 \u015fiddetinde bir depremin meydana geldi\u011fini duyurdu. 11 sular\u0131nda ise gene Bursa\u2019da 3.9 \u015fiddetinde bir deprem meydana gelmi\u015fti.\u00a0 \u200bHaberin Al\u0131nt\u0131land\u0131\u011f\u0131 Kaynak: www.antalyakorfez.com<\/p>","protected":false},"author":5,"featured_media":0,"comment_status":"","ping_status":"open","sticky":false,"template":"","format":"standard","meta":{"_acf_changed":false,"footnotes":""},"categories":[24],"tags":[],"class_list":["post-132425","post","type-post","status-publish","format-standard","has-post-thumbnail","hentry","category-gundem"],"acf":[],"yoast_head":"<!-- This site is optimized with the Yoast SEO Premium plugin v26.6 (Yoast SEO v27.1.1) - https:\/\/yoast.com\/product\/yoast-seo-premium-wordpress\/ -->\n<title>Bursa depremlerle sallan\u0131yor! Pe\u015f pe\u015fe 2 deprem a\u00e7\u0131klamas\u0131 - Av. Deniz Can K\u0131z\u0131l<\/title>\n<meta name=\"robots\" content=\"index, follow, max-snippet:-1, max-image-preview:large, max-video-preview:-1\" \/>\n<link rel=\"canonical\" href=\"https:\/\/denizcankizil.tr\/uk\/haberler\/gundem\/bursa-depremlerle-sallaniyor-pes-pese-2-deprem-aciklamasi\/\" \/>\n<meta property=\"og:locale\" content=\"uk_UA\" \/>\n<meta property=\"og:type\" content=\"article\" \/>\n<meta property=\"og:title\" content=\"Bursa depremlerle sallan\u0131yor! Pe\u015f pe\u015fe 2 deprem a\u00e7\u0131klamas\u0131\" \/>\n<meta property=\"og:description\" content=\"Bursa pe\u015f pe\u015fe gelen depremlerle sallan\u0131yor. 3.9 ve 4.2 \u015fiddetinde 2 deprem meydana geldi. Afet ve Acil Durum Y\u00f6netimi Ba\u015fkanl\u0131\u011f\u0131 (AFAD) bug\u00fcn saat 11.47 sular\u0131nda Bursa\u2019n\u0131n Gemlik il\u00e7esinde 3.9 \u015fiddetinde, 9,82 kilometre derinli\u011findeki ilk depremi a\u00e7\u0131klam\u0131\u015ft\u0131. Yap\u0131lan a\u00e7\u0131klaman\u0131n ard\u0131ndan bir deprem daha medyana geldi. BURSA\u2019DA \u0130K\u0130NC\u0130 DEPREM AFAD, saat 12.57 sular\u0131nda Bursa\u2019n\u0131n Gemlik il\u00e7esinde 4.2 \u015fiddetinde ikinci bir depremin daha meydana geldi\u011fini duyurdu. Depremin derinli\u011fi ise 10,14 kilometre olarak kay\u0131tlara ge\u00e7ti. \u200bAFAD, saat 12.57 sular\u0131ndan Bursa\u2019n\u0131n Gemlik il\u00e7esinde 4.2 \u015fiddetinde bir depremin meydana geldi\u011fini duyurdu. 11 sular\u0131nda ise gene Bursa\u2019da 3.9 \u015fiddetinde bir deprem meydana gelmi\u015fti.\u00a0 \u200bHaberin Al\u0131nt\u0131land\u0131\u011f\u0131 Kaynak: www.antalyakorfez.com\" \/>\n<meta property=\"og:url\" content=\"https:\/\/denizcankizil.tr\/uk\/haberler\/gundem\/bursa-depremlerle-sallaniyor-pes-pese-2-deprem-aciklamasi\/\" \/>\n<meta property=\"og:site_name\" content=\"Av. Deniz Can K\u0131z\u0131l\" \/>\n<meta property=\"article:published_time\" content=\"2025-07-01T10:41:20+00:00\" \/>\n<meta name=\"author\" content=\"Antalya K\u00f6rfez\" \/>\n<meta name=\"twitter:card\" content=\"summary_large_image\" \/>\n<meta name=\"twitter:label1\" content=\"\u041d\u0430\u043f\u0438\u0441\u0430\u043d\u043e\" \/>\n\t<meta name=\"twitter:data1\" content=\"Antalya K\u00f6rfez\" \/>\n\t<meta name=\"twitter:label2\" content=\"\u041f\u0440\u0438\u0431\u043b. \u0447\u0430\u0441 \u0447\u0438\u0442\u0430\u043d\u043d\u044f\" \/>\n\t<meta name=\"twitter:data2\" content=\"1 \u0445\u0432\u0438\u043b\u0438\u043d\u0430\" \/>\n<script type=\"application\/ld+json\" class=\"yoast-schema-graph\">{\"@context\":\"https:\/\/schema.org\",\"@graph\":[{\"@type\":\"Article\",\"@id\":\"https:\/\/denizcankizil.tr\/ru\/haberler\/gundem\/bursa-depremlerle-sallaniyor-pes-pese-2-deprem-aciklamasi\/#article\",\"isPartOf\":{\"@id\":\"https:\/\/denizcankizil.tr\/ru\/haberler\/gundem\/bursa-depremlerle-sallaniyor-pes-pese-2-deprem-aciklamasi\/\"},\"author\":{\"name\":\"Antalya K\u00f6rfez\",\"@id\":\"https:\/\/denizcankizil.tr\/de\/#\/schema\/person\/e1eb71bb4dd684d46563f0af307e1234\"},\"headline\":\"Bursa depremlerle sallan\u0131yor! Pe\u015f pe\u015fe 2 deprem a\u00e7\u0131klamas\u0131\",\"datePublished\":\"2025-07-01T10:41:20+00:00\",\"mainEntityOfPage\":{\"@id\":\"https:\/\/denizcankizil.tr\/ru\/haberler\/gundem\/bursa-depremlerle-sallaniyor-pes-pese-2-deprem-aciklamasi\/\"},\"wordCount\":135,\"publisher\":{\"@id\":\"https:\/\/denizcankizil.tr\/de\/#organization\"},\"articleSection\":[\"G\u00fcndem\"],\"inLanguage\":\"uk\"},{\"@type\":\"WebPage\",\"@id\":\"https:\/\/denizcankizil.tr\/ru\/haberler\/gundem\/bursa-depremlerle-sallaniyor-pes-pese-2-deprem-aciklamasi\/\",\"url\":\"https:\/\/denizcankizil.tr\/ru\/haberler\/gundem\/bursa-depremlerle-sallaniyor-pes-pese-2-deprem-aciklamasi\/\",\"name\":\"Bursa depremlerle sallan\u0131yor! Pe\u015f pe\u015fe 2 deprem a\u00e7\u0131klamas\u0131 - Av. Deniz Can K\u0131z\u0131l\",\"isPartOf\":{\"@id\":\"https:\/\/denizcankizil.tr\/de\/#website\"},\"datePublished\":\"2025-07-01T10:41:20+00:00\",\"breadcrumb\":{\"@id\":\"https:\/\/denizcankizil.tr\/ru\/haberler\/gundem\/bursa-depremlerle-sallaniyor-pes-pese-2-deprem-aciklamasi\/#breadcrumb\"},\"inLanguage\":\"uk\",\"potentialAction\":[{\"@type\":\"ReadAction\",\"target\":[\"https:\/\/denizcankizil.tr\/ru\/haberler\/gundem\/bursa-depremlerle-sallaniyor-pes-pese-2-deprem-aciklamasi\/\"]}]},{\"@type\":\"BreadcrumbList\",\"@id\":\"https:\/\/denizcankizil.tr\/ru\/haberler\/gundem\/bursa-depremlerle-sallaniyor-pes-pese-2-deprem-aciklamasi\/#breadcrumb\",\"itemListElement\":[{\"@type\":\"ListItem\",\"position\":1,\"name\":\"Home\",\"item\":\"https:\/\/denizcankizil.tr\/de\/\"},{\"@type\":\"ListItem\",\"position\":2,\"name\":\"Bursa depremlerle sallan\u0131yor! Pe\u015f pe\u015fe 2 deprem a\u00e7\u0131klamas\u0131\"}]},{\"@type\":\"WebSite\",\"@id\":\"https:\/\/denizcankizil.tr\/de\/#website\",\"url\":\"https:\/\/denizcankizil.tr\/de\/\",\"name\":\"Av. Deniz Can K\u0131z\u0131l\",\"description\":\"Avukat Deniz Can K\u0131z\u0131l Antalya Barosu\",\"publisher\":{\"@id\":\"https:\/\/denizcankizil.tr\/de\/#organization\"},\"potentialAction\":[{\"@type\":\"SearchAction\",\"target\":{\"@type\":\"EntryPoint\",\"urlTemplate\":\"https:\/\/denizcankizil.tr\/de\/?s={search_term_string}\"},\"query-input\":{\"@type\":\"PropertyValueSpecification\",\"valueRequired\":true,\"valueName\":\"search_term_string\"}}],\"inLanguage\":\"uk\"},{\"@type\":\"Organization\",\"@id\":\"https:\/\/denizcankizil.tr\/de\/#organization\",\"name\":\"Av. Deniz Can K\u0131z\u0131l\",\"url\":\"https:\/\/denizcankizil.tr\/de\/\",\"logo\":{\"@type\":\"ImageObject\",\"inLanguage\":\"uk\",\"@id\":\"https:\/\/denizcankizil.tr\/de\/#\/schema\/logo\/image\/\",\"url\":\"http:\/\/denizcankizil.tr\/wp-content\/uploads\/2024\/10\/siyah-logo-svg.svg\",\"contentUrl\":\"http:\/\/denizcankizil.tr\/wp-content\/uploads\/2024\/10\/siyah-logo-svg.svg\",\"width\":1080,\"height\":1080,\"caption\":\"Av. Deniz Can K\u0131z\u0131l\"},\"image\":{\"@id\":\"https:\/\/denizcankizil.tr\/de\/#\/schema\/logo\/image\/\"}},{\"@type\":\"Person\",\"@id\":\"https:\/\/denizcankizil.tr\/de\/#\/schema\/person\/e1eb71bb4dd684d46563f0af307e1234\",\"name\":\"Antalya K\u00f6rfez\",\"image\":{\"@type\":\"ImageObject\",\"inLanguage\":\"uk\",\"@id\":\"https:\/\/denizcankizil.tr\/de\/#\/schema\/person\/image\/\",\"url\":\"https:\/\/secure.gravatar.com\/avatar\/42b01982558a48a0b501fdcab6a408d3717ea5919095ee2e67b0e521799c5905?s=96&d=mm&r=g\",\"contentUrl\":\"https:\/\/secure.gravatar.com\/avatar\/42b01982558a48a0b501fdcab6a408d3717ea5919095ee2e67b0e521799c5905?s=96&d=mm&r=g\",\"caption\":\"Antalya K\u00f6rfez\"},\"sameAs\":[\"http:\/\/www.antalyakorfez.com\"],\"url\":\"https:\/\/www.antalyakorfez.com\/bursa-depremlerle-sallaniyor-pes-pese-2-deprem-aciklamasi\"}]}<\/script>\n<!-- \/ Yoast SEO Premium plugin. -->","yoast_head_json":{"title":"Bursa depremlerle sallan\u0131yor! Pe\u015f pe\u015fe 2 deprem a\u00e7\u0131klamas\u0131 - Av. Deniz Can K\u0131z\u0131l","robots":{"index":"index","follow":"follow","max-snippet":"max-snippet:-1","max-image-preview":"max-image-preview:large","max-video-preview":"max-video-preview:-1"},"canonical":"https:\/\/denizcankizil.tr\/uk\/haberler\/gundem\/bursa-depremlerle-sallaniyor-pes-pese-2-deprem-aciklamasi\/","og_locale":"uk_UA","og_type":"article","og_title":"Bursa depremlerle sallan\u0131yor! Pe\u015f pe\u015fe 2 deprem a\u00e7\u0131klamas\u0131","og_description":"Bursa pe\u015f pe\u015fe gelen depremlerle sallan\u0131yor. 3.9 ve 4.2 \u015fiddetinde 2 deprem meydana geldi. Afet ve Acil Durum Y\u00f6netimi Ba\u015fkanl\u0131\u011f\u0131 (AFAD) bug\u00fcn saat 11.47 sular\u0131nda Bursa\u2019n\u0131n Gemlik il\u00e7esinde 3.9 \u015fiddetinde, 9,82 kilometre derinli\u011findeki ilk depremi a\u00e7\u0131klam\u0131\u015ft\u0131. Yap\u0131lan a\u00e7\u0131klaman\u0131n ard\u0131ndan bir deprem daha medyana geldi. BURSA\u2019DA \u0130K\u0130NC\u0130 DEPREM AFAD, saat 12.57 sular\u0131nda Bursa\u2019n\u0131n Gemlik il\u00e7esinde 4.2 \u015fiddetinde ikinci bir depremin daha meydana geldi\u011fini duyurdu. Depremin derinli\u011fi ise 10,14 kilometre olarak kay\u0131tlara ge\u00e7ti. \u200bAFAD, saat 12.57 sular\u0131ndan Bursa\u2019n\u0131n Gemlik il\u00e7esinde 4.2 \u015fiddetinde bir depremin meydana geldi\u011fini duyurdu. 11 sular\u0131nda ise gene Bursa\u2019da 3.9 \u015fiddetinde bir deprem meydana gelmi\u015fti.\u00a0 \u200bHaberin Al\u0131nt\u0131land\u0131\u011f\u0131 Kaynak: www.antalyakorfez.com","og_url":"https:\/\/denizcankizil.tr\/uk\/haberler\/gundem\/bursa-depremlerle-sallaniyor-pes-pese-2-deprem-aciklamasi\/","og_site_name":"Av. Deniz Can K\u0131z\u0131l","article_published_time":"2025-07-01T10:41:20+00:00","author":"Antalya K\u00f6rfez","twitter_card":"summary_large_image","twitter_misc":{"\u041d\u0430\u043f\u0438\u0441\u0430\u043d\u043e":"Antalya K\u00f6rfez","\u041f\u0440\u0438\u0431\u043b. \u0447\u0430\u0441 \u0447\u0438\u0442\u0430\u043d\u043d\u044f":"1 \u0445\u0432\u0438\u043b\u0438\u043d\u0430"},"schema":{"@context":"https:\/\/schema.org","@graph":[{"@type":"Article","@id":"https:\/\/denizcankizil.tr\/ru\/haberler\/gundem\/bursa-depremlerle-sallaniyor-pes-pese-2-deprem-aciklamasi\/#article","isPartOf":{"@id":"https:\/\/denizcankizil.tr\/ru\/haberler\/gundem\/bursa-depremlerle-sallaniyor-pes-pese-2-deprem-aciklamasi\/"},"author":{"name":"Antalya K\u00f6rfez","@id":"https:\/\/denizcankizil.tr\/de\/#\/schema\/person\/e1eb71bb4dd684d46563f0af307e1234"},"headline":"Bursa depremlerle sallan\u0131yor! Pe\u015f pe\u015fe 2 deprem a\u00e7\u0131klamas\u0131","datePublished":"2025-07-01T10:41:20+00:00","mainEntityOfPage":{"@id":"https:\/\/denizcankizil.tr\/ru\/haberler\/gundem\/bursa-depremlerle-sallaniyor-pes-pese-2-deprem-aciklamasi\/"},"wordCount":135,"publisher":{"@id":"https:\/\/denizcankizil.tr\/de\/#organization"},"articleSection":["G\u00fcndem"],"inLanguage":"uk"},{"@type":"WebPage","@id":"https:\/\/denizcankizil.tr\/ru\/haberler\/gundem\/bursa-depremlerle-sallaniyor-pes-pese-2-deprem-aciklamasi\/","url":"https:\/\/denizcankizil.tr\/ru\/haberler\/gundem\/bursa-depremlerle-sallaniyor-pes-pese-2-deprem-aciklamasi\/","name":"Bursa depremlerle sallan\u0131yor! Pe\u015f pe\u015fe 2 deprem a\u00e7\u0131klamas\u0131 - Av. Deniz Can K\u0131z\u0131l","isPartOf":{"@id":"https:\/\/denizcankizil.tr\/de\/#website"},"datePublished":"2025-07-01T10:41:20+00:00","breadcrumb":{"@id":"https:\/\/denizcankizil.tr\/ru\/haberler\/gundem\/bursa-depremlerle-sallaniyor-pes-pese-2-deprem-aciklamasi\/#breadcrumb"},"inLanguage":"uk","potentialAction":[{"@type":"ReadAction","target":["https:\/\/denizcankizil.tr\/ru\/haberler\/gundem\/bursa-depremlerle-sallaniyor-pes-pese-2-deprem-aciklamasi\/"]}]},{"@type":"BreadcrumbList","@id":"https:\/\/denizcankizil.tr\/ru\/haberler\/gundem\/bursa-depremlerle-sallaniyor-pes-pese-2-deprem-aciklamasi\/#breadcrumb","itemListElement":[{"@type":"ListItem","position":1,"name":"Home","item":"https:\/\/denizcankizil.tr\/de\/"},{"@type":"ListItem","position":2,"name":"Bursa depremlerle sallan\u0131yor! Pe\u015f pe\u015fe 2 deprem a\u00e7\u0131klamas\u0131"}]},{"@type":"WebSite","@id":"https:\/\/denizcankizil.tr\/de\/#website","url":"https:\/\/denizcankizil.tr\/de\/","name":"Av. Deniz Can K\u0131z\u0131l","description":"Avukat Deniz Can K\u0131z\u0131l Antalya Barosu","publisher":{"@id":"https:\/\/denizcankizil.tr\/de\/#organization"},"potentialAction":[{"@type":"SearchAction","target":{"@type":"EntryPoint","urlTemplate":"https:\/\/denizcankizil.tr\/de\/?s={search_term_string}"},"query-input":{"@type":"PropertyValueSpecification","valueRequired":true,"valueName":"search_term_string"}}],"inLanguage":"uk"},{"@type":"Organization","@id":"https:\/\/denizcankizil.tr\/de\/#organization","name":"Av. Deniz Can K\u0131z\u0131l","url":"https:\/\/denizcankizil.tr\/de\/","logo":{"@type":"ImageObject","inLanguage":"uk","@id":"https:\/\/denizcankizil.tr\/de\/#\/schema\/logo\/image\/","url":"http:\/\/denizcankizil.tr\/wp-content\/uploads\/2024\/10\/siyah-logo-svg.svg","contentUrl":"http:\/\/denizcankizil.tr\/wp-content\/uploads\/2024\/10\/siyah-logo-svg.svg","width":1080,"height":1080,"caption":"Av. Deniz Can K\u0131z\u0131l"},"image":{"@id":"https:\/\/denizcankizil.tr\/de\/#\/schema\/logo\/image\/"}},{"@type":"Person","@id":"https:\/\/denizcankizil.tr\/de\/#\/schema\/person\/e1eb71bb4dd684d46563f0af307e1234","name":"Antalya K\u00f6rfez","image":{"@type":"ImageObject","inLanguage":"uk","@id":"https:\/\/denizcankizil.tr\/de\/#\/schema\/person\/image\/","url":"https:\/\/secure.gravatar.com\/avatar\/42b01982558a48a0b501fdcab6a408d3717ea5919095ee2e67b0e521799c5905?s=96&d=mm&r=g","contentUrl":"https:\/\/secure.gravatar.com\/avatar\/42b01982558a48a0b501fdcab6a408d3717ea5919095ee2e67b0e521799c5905?s=96&d=mm&r=g","caption":"Antalya K\u00f6rfez"},"sameAs":["http:\/\/www.antalyakorfez.com"],"url":"https:\/\/www.antalyakorfez.com\/bursa-depremlerle-sallaniyor-pes-pese-2-deprem-aciklamasi"}]}},"_links":{"self":[{"href":"http:\/\/denizcankizil.tr\/uk\/wp-json\/wp\/v2\/posts\/132425","targetHints":{"allow":["GET"]}}],"collection":[{"href":"http:\/\/denizcankizil.tr\/uk\/wp-json\/wp\/v2\/posts"}],"about":[{"href":"http:\/\/denizcankizil.tr\/uk\/wp-json\/wp\/v2\/types\/post"}],"author":[{"embeddable":true,"href":"http:\/\/denizcankizil.tr\/uk\/wp-json\/wp\/v2\/users\/5"}],"replies":[{"embeddable":true,"href":"http:\/\/denizcankizil.tr\/uk\/wp-json\/wp\/v2\/comments?post=132425"}],"version-history":[{"count":0,"href":"http:\/\/denizcankizil.tr\/uk\/wp-json\/wp\/v2\/posts\/132425\/revisions"}],"wp:attachment":[{"href":"http:\/\/denizcankizil.tr\/uk\/wp-json\/wp\/v2\/media?parent=132425"}],"wp:term":[{"taxonomy":"category","embeddable":true,"href":"http:\/\/denizcankizil.tr\/uk\/wp-json\/wp\/v2\/categories?post=132425"},{"taxonomy":"post_tag","embeddable":true,"href":"http:\/\/denizcankizil.tr\/uk\/wp-json\/wp\/v2\/tags?post=132425"}],"curies":[{"name":"wp","href":"https:\/\/api.w.org\/{rel}","templated":true}]}}