{"id":13079,"date":"2024-11-05T20:41:34","date_gmt":"2024-11-05T17:41:34","guid":{"rendered":"https:\/\/denizcankizil.tr\/uncategorized-tr\/konya-selcukluda-agaclar-budaniyor-atiklar-kompost-gubreye-donusturuluyor\/"},"modified":"2024-11-05T20:41:34","modified_gmt":"2024-11-05T17:41:34","slug":"konya-selcukluda-agaclar-budaniyor-atiklar-kompost-gubreye-donusturuluyor","status":"publish","type":"post","link":"http:\/\/denizcankizil.tr\/uk\/haberler\/gundem\/konya-selcukluda-agaclar-budaniyor-atiklar-kompost-gubreye-donusturuluyor\/","title":{"rendered":"Konya Sel\u00e7uklu&#8217;da a\u011fa\u00e7lar budan\u0131yor&#8230; At\u0131klar kompost g\u00fcbreye d\u00f6n\u00fc\u015ft\u00fcr\u00fcl\u00fcyor"},"content":{"rendered":"<p>Konya Sel\u00e7uklu&#8217;da yerel belediye a\u011fa\u00e7lar\u0131n rutin bak\u0131mlar\u0131n\u0131 ger\u00e7ekle\u015ftiririyor. Ekipler, elektrik tellerine temas eden ve ref\u00fcjlerde g\u00f6r\u00fc\u015f alan\u0131na engel olan a\u011fa\u00e7lar\u0131n  budamas\u0131n\u0131 ger\u00e7ekle\u015ftirdi.KONYA (\u0130GFA) &#8211;\u00a0 Fiziki belediyecilikte de \u00f6rnek olan Sel\u00e7uklu Belediyesi ye\u015file ve do\u011faya verdi\u011fi \u00f6nemi y\u0131l boyunca sahada yapt\u0131\u011f\u0131 \u00e7al\u0131\u015fmalarla s\u00fcrd\u00fcr\u00fcyor.<br \/>\nBu kapsamda Park ve Bah\u00e7eler M\u00fcd\u00fcrl\u00fc\u011f\u00fc ekipleri Sel\u00e7uklu\u2019nun genelinde a\u011fa\u00e7lar\u0131n rutin bak\u0131mlar\u0131n\u0131 ger\u00e7ekle\u015ftirerek budama \u00e7al\u0131\u015fma y\u00fcr\u00fct\u00fcyor. Budama i\u015flemlerinde a\u011fa\u00e7larda bulunan ku\u015f yuvalar\u0131n\u0131n oldu\u011fu k\u0131s\u0131mlarda ayr\u0131ca hassasiyet g\u00f6sterilerek do\u011fal dengeye zarar vermemek i\u00e7in\u00a0 bu k\u0131s\u0131mlarda i\u015flem yap\u0131lm\u0131yor.<br \/>\n\u0130l\u00e7enin muhtelif b\u00f6lgelerinde a\u011fa\u00e7 bak\u0131m ve budama i\u015flemlerini s\u00fcrd\u00fcren Park ve Bah\u00e7eler M\u00fcd\u00fcrl\u00fc\u011f\u00fc ekipleri Sel\u00e7uklu\u2019nun \u00e7ehresini daha da g\u00fczelle\u015ftirmek i\u00e7in faaliyetlerini s\u00fcrd\u00fcr\u00fcyor. Ekiplerin budad\u0131\u011f\u0131 a\u011fa\u00e7lar\u0131n dallar\u0131 ise yongalama makinesiyle tala\u015f haline getirilerek kompost\u00a0 \u00fcretiminde kullan\u0131l\u0131yor. T\u00fcm y\u0131l boyunca devam eden \u00e7al\u0131\u015fmalarla birlikte caddeler, park ve ye\u015fil alanlardaki a\u011fa\u00e7lar ve bitkilerin d\u00fczg\u00fcn formda kalmalar\u0131 ama\u00e7lan\u0131yor. Ayr\u0131ca buradan elde edilen at\u0131klar belirli i\u015flemlerden ge\u00e7irilerek fidanlar\u0131n dikiminde kullan\u0131lan kompost\u00a0 g\u00fcbre haline getiriliyor.<\/p>\n<p>Sel\u00e7uklu Belediyesi\u2019nin fiziki belediyecilik faaliyetlerinde de Sel\u00e7uklu\u2019nun her noktas\u0131nda faaliyet y\u00fcr\u00fctt\u00fc\u011f\u00fcn\u00fc ifade eden Sel\u00e7uklu Belediye Ba\u015fkan\u0131 Ahmet Pekyat\u0131rmac\u0131, belediye olarak e\u011fitimden, sa\u011fl\u0131\u011fa, spordan,k\u00fclt\u00fcre pek \u00e7ok alanda \u00e7al\u0131\u015fma y\u00fcr\u00fctt\u00fcklerini an\u0131msatt\u0131. Ba\u015fkan Pekyat\u0131rmac\u0131, yongalama sistemi ile par\u00e7alanan bu at\u0131klar\u0131n fidanl\u0131kta kurulan kompost \u00fcretim alan\u0131m\u0131zda komposite d\u00f6n\u00fc\u015ft\u00fcr\u00fclerek yine fidanlar\u0131m\u0131za g\u00fcbre olarak kullan\u0131laca\u011f\u0131n\u0131 ve b\u00f6ylelikle bu at\u0131klar\u0131n da do\u011faya yeniden kazand\u0131rm\u0131\u015f olunaca\u011f\u0131n\u0131 s\u00f6zlerine ekledi.<\/p>\n<p>\u200bKonya Sel\u00e7uklu&#8217;da yerel belediye a\u011fa\u00e7lar\u0131n rutin bak\u0131mlar\u0131n\u0131 ger\u00e7ekle\u015ftiririyor  Ekipler, elektrik tellerine temas eden ve ref\u00fcjlerde g\u00f6r\u00fc\u015f alan\u0131na engel olan a\u011fa\u00e7lar\u0131n  budamas\u0131n\u0131 ger\u00e7ekle\u015ftirdi\u00a0<\/p>\n<p>\u200bHaberin Al\u0131nt\u0131land\u0131\u011f\u0131 Kaynak: www.iskenderun.org<\/p>","protected":false},"excerpt":{"rendered":"<p>Konya Sel\u00e7uklu&#8217;da yerel belediye a\u011fa\u00e7lar\u0131n rutin bak\u0131mlar\u0131n\u0131 ger\u00e7ekle\u015ftiririyor. Ekipler, elektrik tellerine temas eden ve ref\u00fcjlerde g\u00f6r\u00fc\u015f alan\u0131na engel olan a\u011fa\u00e7lar\u0131n budamas\u0131n\u0131 ger\u00e7ekle\u015ftirdi.KONYA (\u0130GFA) &#8211;\u00a0 Fiziki belediyecilikte de \u00f6rnek olan Sel\u00e7uklu Belediyesi ye\u015file ve do\u011faya verdi\u011fi \u00f6nemi y\u0131l boyunca sahada yapt\u0131\u011f\u0131 \u00e7al\u0131\u015fmalarla s\u00fcrd\u00fcr\u00fcyor. Bu kapsamda Park ve Bah\u00e7eler M\u00fcd\u00fcrl\u00fc\u011f\u00fc ekipleri Sel\u00e7uklu\u2019nun genelinde a\u011fa\u00e7lar\u0131n rutin bak\u0131mlar\u0131n\u0131 ger\u00e7ekle\u015ftirerek budama \u00e7al\u0131\u015fma y\u00fcr\u00fct\u00fcyor. Budama i\u015flemlerinde a\u011fa\u00e7larda bulunan ku\u015f yuvalar\u0131n\u0131n oldu\u011fu k\u0131s\u0131mlarda ayr\u0131ca hassasiyet g\u00f6sterilerek do\u011fal dengeye zarar vermemek i\u00e7in\u00a0 bu k\u0131s\u0131mlarda i\u015flem yap\u0131lm\u0131yor. \u0130l\u00e7enin muhtelif b\u00f6lgelerinde a\u011fa\u00e7 bak\u0131m ve budama i\u015flemlerini s\u00fcrd\u00fcren Park ve Bah\u00e7eler M\u00fcd\u00fcrl\u00fc\u011f\u00fc ekipleri Sel\u00e7uklu\u2019nun \u00e7ehresini daha da g\u00fczelle\u015ftirmek i\u00e7in faaliyetlerini s\u00fcrd\u00fcr\u00fcyor. Ekiplerin budad\u0131\u011f\u0131 a\u011fa\u00e7lar\u0131n dallar\u0131 ise yongalama makinesiyle tala\u015f haline getirilerek kompost\u00a0 \u00fcretiminde kullan\u0131l\u0131yor. T\u00fcm y\u0131l boyunca devam eden \u00e7al\u0131\u015fmalarla birlikte caddeler, park ve ye\u015fil alanlardaki a\u011fa\u00e7lar ve bitkilerin d\u00fczg\u00fcn formda kalmalar\u0131 ama\u00e7lan\u0131yor. Ayr\u0131ca buradan elde edilen at\u0131klar belirli i\u015flemlerden ge\u00e7irilerek fidanlar\u0131n dikiminde kullan\u0131lan kompost\u00a0 g\u00fcbre haline getiriliyor. Sel\u00e7uklu Belediyesi\u2019nin fiziki belediyecilik faaliyetlerinde de Sel\u00e7uklu\u2019nun her noktas\u0131nda faaliyet y\u00fcr\u00fctt\u00fc\u011f\u00fcn\u00fc ifade eden Sel\u00e7uklu Belediye Ba\u015fkan\u0131 Ahmet Pekyat\u0131rmac\u0131, belediye olarak e\u011fitimden, sa\u011fl\u0131\u011fa, spordan,k\u00fclt\u00fcre pek \u00e7ok alanda \u00e7al\u0131\u015fma y\u00fcr\u00fctt\u00fcklerini an\u0131msatt\u0131. Ba\u015fkan Pekyat\u0131rmac\u0131, yongalama sistemi ile par\u00e7alanan bu at\u0131klar\u0131n fidanl\u0131kta kurulan kompost \u00fcretim alan\u0131m\u0131zda komposite d\u00f6n\u00fc\u015ft\u00fcr\u00fclerek yine fidanlar\u0131m\u0131za g\u00fcbre olarak kullan\u0131laca\u011f\u0131n\u0131 ve b\u00f6ylelikle bu at\u0131klar\u0131n &hellip;<\/p>","protected":false},"author":0,"featured_media":0,"comment_status":"open","ping_status":"open","sticky":false,"template":"","format":"standard","meta":{"_acf_changed":false,"footnotes":""},"categories":[24,535],"tags":[],"class_list":["post-13079","post","type-post","status-publish","format-standard","has-post-thumbnail","hentry","category-gundem","category-uncategorized-tr"],"acf":[],"yoast_head":"<!-- This site is optimized with the Yoast SEO Premium plugin v26.6 (Yoast SEO v27.1.1) - https:\/\/yoast.com\/product\/yoast-seo-premium-wordpress\/ -->\n<title>Konya Sel\u00e7uklu&#039;da a\u011fa\u00e7lar budan\u0131yor... At\u0131klar kompost g\u00fcbreye d\u00f6n\u00fc\u015ft\u00fcr\u00fcl\u00fcyor - Av. Deniz Can K\u0131z\u0131l<\/title>\n<meta name=\"robots\" content=\"index, follow, max-snippet:-1, max-image-preview:large, max-video-preview:-1\" \/>\n<link rel=\"canonical\" href=\"https:\/\/denizcankizil.tr\/uk\/haberler\/gundem\/konya-selcukluda-agaclar-budaniyor-atiklar-kompost-gubreye-donusturuluyor\/\" \/>\n<meta property=\"og:locale\" content=\"uk_UA\" \/>\n<meta property=\"og:type\" content=\"article\" \/>\n<meta property=\"og:title\" content=\"Konya Sel\u00e7uklu&#039;da a\u011fa\u00e7lar budan\u0131yor... At\u0131klar kompost g\u00fcbreye d\u00f6n\u00fc\u015ft\u00fcr\u00fcl\u00fcyor\" \/>\n<meta property=\"og:description\" content=\"Konya Sel\u00e7uklu&#8217;da yerel belediye a\u011fa\u00e7lar\u0131n rutin bak\u0131mlar\u0131n\u0131 ger\u00e7ekle\u015ftiririyor. Ekipler, elektrik tellerine temas eden ve ref\u00fcjlerde g\u00f6r\u00fc\u015f alan\u0131na engel olan a\u011fa\u00e7lar\u0131n budamas\u0131n\u0131 ger\u00e7ekle\u015ftirdi.KONYA (\u0130GFA) &#8211;\u00a0 Fiziki belediyecilikte de \u00f6rnek olan Sel\u00e7uklu Belediyesi ye\u015file ve do\u011faya verdi\u011fi \u00f6nemi y\u0131l boyunca sahada yapt\u0131\u011f\u0131 \u00e7al\u0131\u015fmalarla s\u00fcrd\u00fcr\u00fcyor. Bu kapsamda Park ve Bah\u00e7eler M\u00fcd\u00fcrl\u00fc\u011f\u00fc ekipleri Sel\u00e7uklu\u2019nun genelinde a\u011fa\u00e7lar\u0131n rutin bak\u0131mlar\u0131n\u0131 ger\u00e7ekle\u015ftirerek budama \u00e7al\u0131\u015fma y\u00fcr\u00fct\u00fcyor. Budama i\u015flemlerinde a\u011fa\u00e7larda bulunan ku\u015f yuvalar\u0131n\u0131n oldu\u011fu k\u0131s\u0131mlarda ayr\u0131ca hassasiyet g\u00f6sterilerek do\u011fal dengeye zarar vermemek i\u00e7in\u00a0 bu k\u0131s\u0131mlarda i\u015flem yap\u0131lm\u0131yor. \u0130l\u00e7enin muhtelif b\u00f6lgelerinde a\u011fa\u00e7 bak\u0131m ve budama i\u015flemlerini s\u00fcrd\u00fcren Park ve Bah\u00e7eler M\u00fcd\u00fcrl\u00fc\u011f\u00fc ekipleri Sel\u00e7uklu\u2019nun \u00e7ehresini daha da g\u00fczelle\u015ftirmek i\u00e7in faaliyetlerini s\u00fcrd\u00fcr\u00fcyor. Ekiplerin budad\u0131\u011f\u0131 a\u011fa\u00e7lar\u0131n dallar\u0131 ise yongalama makinesiyle tala\u015f haline getirilerek kompost\u00a0 \u00fcretiminde kullan\u0131l\u0131yor. T\u00fcm y\u0131l boyunca devam eden \u00e7al\u0131\u015fmalarla birlikte caddeler, park ve ye\u015fil alanlardaki a\u011fa\u00e7lar ve bitkilerin d\u00fczg\u00fcn formda kalmalar\u0131 ama\u00e7lan\u0131yor. Ayr\u0131ca buradan elde edilen at\u0131klar belirli i\u015flemlerden ge\u00e7irilerek fidanlar\u0131n dikiminde kullan\u0131lan kompost\u00a0 g\u00fcbre haline getiriliyor. Sel\u00e7uklu Belediyesi\u2019nin fiziki belediyecilik faaliyetlerinde de Sel\u00e7uklu\u2019nun her noktas\u0131nda faaliyet y\u00fcr\u00fctt\u00fc\u011f\u00fcn\u00fc ifade eden Sel\u00e7uklu Belediye Ba\u015fkan\u0131 Ahmet Pekyat\u0131rmac\u0131, belediye olarak e\u011fitimden, sa\u011fl\u0131\u011fa, spordan,k\u00fclt\u00fcre pek \u00e7ok alanda \u00e7al\u0131\u015fma y\u00fcr\u00fctt\u00fcklerini an\u0131msatt\u0131. Ba\u015fkan Pekyat\u0131rmac\u0131, yongalama sistemi ile par\u00e7alanan bu at\u0131klar\u0131n fidanl\u0131kta kurulan kompost \u00fcretim alan\u0131m\u0131zda komposite d\u00f6n\u00fc\u015ft\u00fcr\u00fclerek yine fidanlar\u0131m\u0131za g\u00fcbre olarak kullan\u0131laca\u011f\u0131n\u0131 ve b\u00f6ylelikle bu at\u0131klar\u0131n &hellip;\" \/>\n<meta property=\"og:url\" content=\"https:\/\/denizcankizil.tr\/uk\/haberler\/gundem\/konya-selcukluda-agaclar-budaniyor-atiklar-kompost-gubreye-donusturuluyor\/\" \/>\n<meta property=\"og:site_name\" content=\"Av. Deniz Can K\u0131z\u0131l\" \/>\n<meta property=\"article:published_time\" content=\"2024-11-05T17:41:34+00:00\" \/>\n<meta name=\"twitter:card\" content=\"summary_large_image\" \/>\n<meta name=\"twitter:label1\" content=\"\u041f\u0440\u0438\u0431\u043b. \u0447\u0430\u0441 \u0447\u0438\u0442\u0430\u043d\u043d\u044f\" \/>\n\t<meta name=\"twitter:data1\" content=\"2 \u0445\u0432\u0438\u043b\u0438\u043d\u0438\" \/>\n<script type=\"application\/ld+json\" class=\"yoast-schema-graph\">{\"@context\":\"https:\/\/schema.org\",\"@graph\":[{\"@type\":\"Article\",\"@id\":\"https:\/\/denizcankizil.tr\/en\/haberler\/gundem\/konya-selcukluda-agaclar-budaniyor-atiklar-kompost-gubreye-donusturuluyor\/#article\",\"isPartOf\":{\"@id\":\"https:\/\/denizcankizil.tr\/en\/haberler\/gundem\/konya-selcukluda-agaclar-budaniyor-atiklar-kompost-gubreye-donusturuluyor\/\"},\"author\":{\"name\":\"\",\"@id\":\"\"},\"headline\":\"Konya Sel\u00e7uklu&#8217;da a\u011fa\u00e7lar budan\u0131yor&#8230; At\u0131klar kompost g\u00fcbreye d\u00f6n\u00fc\u015ft\u00fcr\u00fcl\u00fcyor\",\"datePublished\":\"2024-11-05T17:41:34+00:00\",\"mainEntityOfPage\":{\"@id\":\"https:\/\/denizcankizil.tr\/en\/haberler\/gundem\/konya-selcukluda-agaclar-budaniyor-atiklar-kompost-gubreye-donusturuluyor\/\"},\"wordCount\":422,\"commentCount\":0,\"publisher\":{\"@id\":\"https:\/\/denizcankizil.tr\/de\/#organization\"},\"articleSection\":[\"G\u00fcndem\",\"Uncategorized\"],\"inLanguage\":\"uk\",\"potentialAction\":[{\"@type\":\"CommentAction\",\"name\":\"Comment\",\"target\":[\"https:\/\/denizcankizil.tr\/en\/haberler\/gundem\/konya-selcukluda-agaclar-budaniyor-atiklar-kompost-gubreye-donusturuluyor\/#respond\"]}]},{\"@type\":\"WebPage\",\"@id\":\"https:\/\/denizcankizil.tr\/en\/haberler\/gundem\/konya-selcukluda-agaclar-budaniyor-atiklar-kompost-gubreye-donusturuluyor\/\",\"url\":\"https:\/\/denizcankizil.tr\/en\/haberler\/gundem\/konya-selcukluda-agaclar-budaniyor-atiklar-kompost-gubreye-donusturuluyor\/\",\"name\":\"Konya Sel\u00e7uklu'da a\u011fa\u00e7lar budan\u0131yor... At\u0131klar kompost g\u00fcbreye d\u00f6n\u00fc\u015ft\u00fcr\u00fcl\u00fcyor - Av. Deniz Can K\u0131z\u0131l\",\"isPartOf\":{\"@id\":\"https:\/\/denizcankizil.tr\/de\/#website\"},\"datePublished\":\"2024-11-05T17:41:34+00:00\",\"breadcrumb\":{\"@id\":\"https:\/\/denizcankizil.tr\/en\/haberler\/gundem\/konya-selcukluda-agaclar-budaniyor-atiklar-kompost-gubreye-donusturuluyor\/#breadcrumb\"},\"inLanguage\":\"uk\",\"potentialAction\":[{\"@type\":\"ReadAction\",\"target\":[\"https:\/\/denizcankizil.tr\/en\/haberler\/gundem\/konya-selcukluda-agaclar-budaniyor-atiklar-kompost-gubreye-donusturuluyor\/\"]}]},{\"@type\":\"BreadcrumbList\",\"@id\":\"https:\/\/denizcankizil.tr\/en\/haberler\/gundem\/konya-selcukluda-agaclar-budaniyor-atiklar-kompost-gubreye-donusturuluyor\/#breadcrumb\",\"itemListElement\":[{\"@type\":\"ListItem\",\"position\":1,\"name\":\"Home\",\"item\":\"https:\/\/denizcankizil.tr\/de\/\"},{\"@type\":\"ListItem\",\"position\":2,\"name\":\"Konya Sel\u00e7uklu&#8217;da a\u011fa\u00e7lar budan\u0131yor&#8230; At\u0131klar kompost g\u00fcbreye d\u00f6n\u00fc\u015ft\u00fcr\u00fcl\u00fcyor\"}]},{\"@type\":\"WebSite\",\"@id\":\"https:\/\/denizcankizil.tr\/de\/#website\",\"url\":\"https:\/\/denizcankizil.tr\/de\/\",\"name\":\"Av. Deniz Can K\u0131z\u0131l\",\"description\":\"Avukat Deniz Can K\u0131z\u0131l Antalya Barosu\",\"publisher\":{\"@id\":\"https:\/\/denizcankizil.tr\/de\/#organization\"},\"potentialAction\":[{\"@type\":\"SearchAction\",\"target\":{\"@type\":\"EntryPoint\",\"urlTemplate\":\"https:\/\/denizcankizil.tr\/de\/?s={search_term_string}\"},\"query-input\":{\"@type\":\"PropertyValueSpecification\",\"valueRequired\":true,\"valueName\":\"search_term_string\"}}],\"inLanguage\":\"uk\"},{\"@type\":\"Organization\",\"@id\":\"https:\/\/denizcankizil.tr\/de\/#organization\",\"name\":\"Av. Deniz Can K\u0131z\u0131l\",\"url\":\"https:\/\/denizcankizil.tr\/de\/\",\"logo\":{\"@type\":\"ImageObject\",\"inLanguage\":\"uk\",\"@id\":\"https:\/\/denizcankizil.tr\/de\/#\/schema\/logo\/image\/\",\"url\":\"http:\/\/denizcankizil.tr\/wp-content\/uploads\/2024\/10\/siyah-logo-svg.svg\",\"contentUrl\":\"http:\/\/denizcankizil.tr\/wp-content\/uploads\/2024\/10\/siyah-logo-svg.svg\",\"width\":1080,\"height\":1080,\"caption\":\"Av. Deniz Can K\u0131z\u0131l\"},\"image\":{\"@id\":\"https:\/\/denizcankizil.tr\/de\/#\/schema\/logo\/image\/\"}}]}<\/script>\n<!-- \/ Yoast SEO Premium plugin. -->","yoast_head_json":{"title":"Konya Sel\u00e7uklu'da a\u011fa\u00e7lar budan\u0131yor... At\u0131klar kompost g\u00fcbreye d\u00f6n\u00fc\u015ft\u00fcr\u00fcl\u00fcyor - Av. Deniz Can K\u0131z\u0131l","robots":{"index":"index","follow":"follow","max-snippet":"max-snippet:-1","max-image-preview":"max-image-preview:large","max-video-preview":"max-video-preview:-1"},"canonical":"https:\/\/denizcankizil.tr\/uk\/haberler\/gundem\/konya-selcukluda-agaclar-budaniyor-atiklar-kompost-gubreye-donusturuluyor\/","og_locale":"uk_UA","og_type":"article","og_title":"Konya Sel\u00e7uklu'da a\u011fa\u00e7lar budan\u0131yor... At\u0131klar kompost g\u00fcbreye d\u00f6n\u00fc\u015ft\u00fcr\u00fcl\u00fcyor","og_description":"Konya Sel\u00e7uklu&#8217;da yerel belediye a\u011fa\u00e7lar\u0131n rutin bak\u0131mlar\u0131n\u0131 ger\u00e7ekle\u015ftiririyor. Ekipler, elektrik tellerine temas eden ve ref\u00fcjlerde g\u00f6r\u00fc\u015f alan\u0131na engel olan a\u011fa\u00e7lar\u0131n budamas\u0131n\u0131 ger\u00e7ekle\u015ftirdi.KONYA (\u0130GFA) &#8211;\u00a0 Fiziki belediyecilikte de \u00f6rnek olan Sel\u00e7uklu Belediyesi ye\u015file ve do\u011faya verdi\u011fi \u00f6nemi y\u0131l boyunca sahada yapt\u0131\u011f\u0131 \u00e7al\u0131\u015fmalarla s\u00fcrd\u00fcr\u00fcyor. Bu kapsamda Park ve Bah\u00e7eler M\u00fcd\u00fcrl\u00fc\u011f\u00fc ekipleri Sel\u00e7uklu\u2019nun genelinde a\u011fa\u00e7lar\u0131n rutin bak\u0131mlar\u0131n\u0131 ger\u00e7ekle\u015ftirerek budama \u00e7al\u0131\u015fma y\u00fcr\u00fct\u00fcyor. Budama i\u015flemlerinde a\u011fa\u00e7larda bulunan ku\u015f yuvalar\u0131n\u0131n oldu\u011fu k\u0131s\u0131mlarda ayr\u0131ca hassasiyet g\u00f6sterilerek do\u011fal dengeye zarar vermemek i\u00e7in\u00a0 bu k\u0131s\u0131mlarda i\u015flem yap\u0131lm\u0131yor. \u0130l\u00e7enin muhtelif b\u00f6lgelerinde a\u011fa\u00e7 bak\u0131m ve budama i\u015flemlerini s\u00fcrd\u00fcren Park ve Bah\u00e7eler M\u00fcd\u00fcrl\u00fc\u011f\u00fc ekipleri Sel\u00e7uklu\u2019nun \u00e7ehresini daha da g\u00fczelle\u015ftirmek i\u00e7in faaliyetlerini s\u00fcrd\u00fcr\u00fcyor. Ekiplerin budad\u0131\u011f\u0131 a\u011fa\u00e7lar\u0131n dallar\u0131 ise yongalama makinesiyle tala\u015f haline getirilerek kompost\u00a0 \u00fcretiminde kullan\u0131l\u0131yor. T\u00fcm y\u0131l boyunca devam eden \u00e7al\u0131\u015fmalarla birlikte caddeler, park ve ye\u015fil alanlardaki a\u011fa\u00e7lar ve bitkilerin d\u00fczg\u00fcn formda kalmalar\u0131 ama\u00e7lan\u0131yor. Ayr\u0131ca buradan elde edilen at\u0131klar belirli i\u015flemlerden ge\u00e7irilerek fidanlar\u0131n dikiminde kullan\u0131lan kompost\u00a0 g\u00fcbre haline getiriliyor. Sel\u00e7uklu Belediyesi\u2019nin fiziki belediyecilik faaliyetlerinde de Sel\u00e7uklu\u2019nun her noktas\u0131nda faaliyet y\u00fcr\u00fctt\u00fc\u011f\u00fcn\u00fc ifade eden Sel\u00e7uklu Belediye Ba\u015fkan\u0131 Ahmet Pekyat\u0131rmac\u0131, belediye olarak e\u011fitimden, sa\u011fl\u0131\u011fa, spordan,k\u00fclt\u00fcre pek \u00e7ok alanda \u00e7al\u0131\u015fma y\u00fcr\u00fctt\u00fcklerini an\u0131msatt\u0131. Ba\u015fkan Pekyat\u0131rmac\u0131, yongalama sistemi ile par\u00e7alanan bu at\u0131klar\u0131n fidanl\u0131kta kurulan kompost \u00fcretim alan\u0131m\u0131zda komposite d\u00f6n\u00fc\u015ft\u00fcr\u00fclerek yine fidanlar\u0131m\u0131za g\u00fcbre olarak kullan\u0131laca\u011f\u0131n\u0131 ve b\u00f6ylelikle bu at\u0131klar\u0131n &hellip;","og_url":"https:\/\/denizcankizil.tr\/uk\/haberler\/gundem\/konya-selcukluda-agaclar-budaniyor-atiklar-kompost-gubreye-donusturuluyor\/","og_site_name":"Av. Deniz Can K\u0131z\u0131l","article_published_time":"2024-11-05T17:41:34+00:00","twitter_card":"summary_large_image","twitter_misc":{"\u041f\u0440\u0438\u0431\u043b. \u0447\u0430\u0441 \u0447\u0438\u0442\u0430\u043d\u043d\u044f":"2 \u0445\u0432\u0438\u043b\u0438\u043d\u0438"},"schema":{"@context":"https:\/\/schema.org","@graph":[{"@type":"Article","@id":"https:\/\/denizcankizil.tr\/en\/haberler\/gundem\/konya-selcukluda-agaclar-budaniyor-atiklar-kompost-gubreye-donusturuluyor\/#article","isPartOf":{"@id":"https:\/\/denizcankizil.tr\/en\/haberler\/gundem\/konya-selcukluda-agaclar-budaniyor-atiklar-kompost-gubreye-donusturuluyor\/"},"author":{"name":"","@id":""},"headline":"Konya Sel\u00e7uklu&#8217;da a\u011fa\u00e7lar budan\u0131yor&#8230; At\u0131klar kompost g\u00fcbreye d\u00f6n\u00fc\u015ft\u00fcr\u00fcl\u00fcyor","datePublished":"2024-11-05T17:41:34+00:00","mainEntityOfPage":{"@id":"https:\/\/denizcankizil.tr\/en\/haberler\/gundem\/konya-selcukluda-agaclar-budaniyor-atiklar-kompost-gubreye-donusturuluyor\/"},"wordCount":422,"commentCount":0,"publisher":{"@id":"https:\/\/denizcankizil.tr\/de\/#organization"},"articleSection":["G\u00fcndem","Uncategorized"],"inLanguage":"uk","potentialAction":[{"@type":"CommentAction","name":"Comment","target":["https:\/\/denizcankizil.tr\/en\/haberler\/gundem\/konya-selcukluda-agaclar-budaniyor-atiklar-kompost-gubreye-donusturuluyor\/#respond"]}]},{"@type":"WebPage","@id":"https:\/\/denizcankizil.tr\/en\/haberler\/gundem\/konya-selcukluda-agaclar-budaniyor-atiklar-kompost-gubreye-donusturuluyor\/","url":"https:\/\/denizcankizil.tr\/en\/haberler\/gundem\/konya-selcukluda-agaclar-budaniyor-atiklar-kompost-gubreye-donusturuluyor\/","name":"Konya Sel\u00e7uklu'da a\u011fa\u00e7lar budan\u0131yor... At\u0131klar kompost g\u00fcbreye d\u00f6n\u00fc\u015ft\u00fcr\u00fcl\u00fcyor - Av. Deniz Can K\u0131z\u0131l","isPartOf":{"@id":"https:\/\/denizcankizil.tr\/de\/#website"},"datePublished":"2024-11-05T17:41:34+00:00","breadcrumb":{"@id":"https:\/\/denizcankizil.tr\/en\/haberler\/gundem\/konya-selcukluda-agaclar-budaniyor-atiklar-kompost-gubreye-donusturuluyor\/#breadcrumb"},"inLanguage":"uk","potentialAction":[{"@type":"ReadAction","target":["https:\/\/denizcankizil.tr\/en\/haberler\/gundem\/konya-selcukluda-agaclar-budaniyor-atiklar-kompost-gubreye-donusturuluyor\/"]}]},{"@type":"BreadcrumbList","@id":"https:\/\/denizcankizil.tr\/en\/haberler\/gundem\/konya-selcukluda-agaclar-budaniyor-atiklar-kompost-gubreye-donusturuluyor\/#breadcrumb","itemListElement":[{"@type":"ListItem","position":1,"name":"Home","item":"https:\/\/denizcankizil.tr\/de\/"},{"@type":"ListItem","position":2,"name":"Konya Sel\u00e7uklu&#8217;da a\u011fa\u00e7lar budan\u0131yor&#8230; At\u0131klar kompost g\u00fcbreye d\u00f6n\u00fc\u015ft\u00fcr\u00fcl\u00fcyor"}]},{"@type":"WebSite","@id":"https:\/\/denizcankizil.tr\/de\/#website","url":"https:\/\/denizcankizil.tr\/de\/","name":"Av. Deniz Can K\u0131z\u0131l","description":"Avukat Deniz Can K\u0131z\u0131l Antalya Barosu","publisher":{"@id":"https:\/\/denizcankizil.tr\/de\/#organization"},"potentialAction":[{"@type":"SearchAction","target":{"@type":"EntryPoint","urlTemplate":"https:\/\/denizcankizil.tr\/de\/?s={search_term_string}"},"query-input":{"@type":"PropertyValueSpecification","valueRequired":true,"valueName":"search_term_string"}}],"inLanguage":"uk"},{"@type":"Organization","@id":"https:\/\/denizcankizil.tr\/de\/#organization","name":"Av. Deniz Can K\u0131z\u0131l","url":"https:\/\/denizcankizil.tr\/de\/","logo":{"@type":"ImageObject","inLanguage":"uk","@id":"https:\/\/denizcankizil.tr\/de\/#\/schema\/logo\/image\/","url":"http:\/\/denizcankizil.tr\/wp-content\/uploads\/2024\/10\/siyah-logo-svg.svg","contentUrl":"http:\/\/denizcankizil.tr\/wp-content\/uploads\/2024\/10\/siyah-logo-svg.svg","width":1080,"height":1080,"caption":"Av. Deniz Can K\u0131z\u0131l"},"image":{"@id":"https:\/\/denizcankizil.tr\/de\/#\/schema\/logo\/image\/"}}]}},"_links":{"self":[{"href":"http:\/\/denizcankizil.tr\/uk\/wp-json\/wp\/v2\/posts\/13079","targetHints":{"allow":["GET"]}}],"collection":[{"href":"http:\/\/denizcankizil.tr\/uk\/wp-json\/wp\/v2\/posts"}],"about":[{"href":"http:\/\/denizcankizil.tr\/uk\/wp-json\/wp\/v2\/types\/post"}],"replies":[{"embeddable":true,"href":"http:\/\/denizcankizil.tr\/uk\/wp-json\/wp\/v2\/comments?post=13079"}],"version-history":[{"count":0,"href":"http:\/\/denizcankizil.tr\/uk\/wp-json\/wp\/v2\/posts\/13079\/revisions"}],"wp:attachment":[{"href":"http:\/\/denizcankizil.tr\/uk\/wp-json\/wp\/v2\/media?parent=13079"}],"wp:term":[{"taxonomy":"category","embeddable":true,"href":"http:\/\/denizcankizil.tr\/uk\/wp-json\/wp\/v2\/categories?post=13079"},{"taxonomy":"post_tag","embeddable":true,"href":"http:\/\/denizcankizil.tr\/uk\/wp-json\/wp\/v2\/tags?post=13079"}],"curies":[{"name":"wp","href":"https:\/\/api.w.org\/{rel}","templated":true}]}}