{"id":130306,"date":"2025-06-29T13:41:19","date_gmt":"2025-06-29T10:41:19","guid":{"rendered":"https:\/\/denizcankizil.tr\/uncategorized-tr\/naci-gorur-akdenizi-isaret-etti-buyuk-deprem-ureten-bir-dalma-batma-zonu\/"},"modified":"2025-06-29T13:41:19","modified_gmt":"2025-06-29T10:41:19","slug":"naci-gorur-akdenizi-isaret-etti-buyuk-deprem-ureten-bir-dalma-batma-zonu","status":"publish","type":"post","link":"http:\/\/denizcankizil.tr\/uk\/haberler\/gundem\/naci-gorur-akdenizi-isaret-etti-buyuk-deprem-ureten-bir-dalma-batma-zonu\/","title":{"rendered":"Naci G\u00f6r\u00fcr Akdeniz\u2019i i\u015faret etti: \u201cB\u00fcy\u00fck deprem \u00fcreten bir dalma-batma zonu\u201d"},"content":{"rendered":"<p>Akdeniz\u2019de 29 Haziran 2025 Pazar g\u00fcn\u00fc (bug\u00fcn) gece ve sabah saatlerinde ya\u015fanan 3.8 ve 3.7 \u015fiddetindeki 2 deprem, vatanda\u015flarda pani\u011fe neden oldu. Ya\u015fanan depremlerde can ve mal kayb\u0131 ya\u015fanmazken Deprem Bilimci Naci G\u00f6r\u00fcr ise Akdeniz b\u00f6lgesinde yer alan ve \u015fiddetli deprem \u00fcretme potansiyeli ta\u015f\u0131yan K\u0131br\u0131s Yay Zonunu\u2019na dikkat \u00e7ekti.<\/p>\n<p>MU\u011eLA\u2019DA DEPREM<\/p>\n<p>Afet ve Acil Durum Y\u00f6netimi Ba\u015fkanl\u0131\u011f\u0131 (AFAD), bug\u00fcn sabah ve gece saatlerinde Akdeniz\u2019de ya\u015fanan 3.8 ve 3.7 \u015fiddetindeki depremleri, sosyal medya \u00fczerinden duyurdu. Depremlerden biri Mu\u011fla\u2019n\u0131n Marmaris il\u00e7esinde ya\u015fand\u0131. Gece 4 sular\u0131nda ya\u015fanan 3.8 \u015fiddetindeki deprem, y\u0131k\u0131c\u0131 bir hasar b\u0131rakmasa da b\u00f6lgede ya\u015fayan halkta k\u0131sa s\u00fcreli bir panik yaratt\u0131.<\/p>\n<p>#DEPREM<br \/>\nB\u00fcy\u00fckl\u00fck:3.8 (Ml)<br \/>\nYer:Akdeniz &#8211; [147.43 km] Marmaris (Mu\u011fla)<br \/>\nTarih:2025-06-29<br \/>\nSaat:04:37:39 TS\u0130<br \/>\nEnlem:35.31944 N<br \/>\nBoylam:27.85472 E<br \/>\nDerinlik:42.2 km<br \/>\nDetay:https:\/\/t.co\/Q7Q8QJZyU3@afadbaskanlik @trthaber @anadoluajansi<br \/>\n\u2014 AFAD Deprem (@DepremDairesi) June 29, 2025<\/p>\n<p>KIBRIS A\u00c7IKLARINDA KORKUTAN DEPREM<\/p>\n<p>Mu\u011fla\u2019da ya\u015fanan depremin ard\u0131ndan bir di\u011fer depremde Akdeniz\u2019de K\u0131br\u0131s civar\u0131ndan meydana geldi. 3.7 \u015fiddetindeki depremden dolay\u0131 can veya mal kayb\u0131 ya\u015fanmazken Deprem Bilimci Naci G\u00f6r\u00fcr ise meydana gelen depremin ard\u0131ndan b\u00fcy\u00fck tehlikeyi bir kez daha hat\u0131rlatt\u0131. G\u00f6r\u00fcr, Akdeniz\u2019de K\u0131br\u0131s a\u00e7\u0131klar\u0131nda bulunan Helen-K\u0131br\u0131s Yay\u0131\u2019n\u0131n b\u00fcy\u00fck bir deprem \u00fcretme potansiyeli oldu\u011funa dikkat \u00e7ekti.<\/p>\n<p>#DEPREM<br \/>\nB\u00fcy\u00fckl\u00fck:3.7 (Ml)<br \/>\nYer:Akdeniz<br \/>\nTarih:2025-06-29<br \/>\nSaat:05:49:43 TS\u0130<br \/>\nEnlem:33.80778 N<br \/>\nBoylam:32.99278 E<br \/>\nDerinlik:7 km<br \/>\nDetay:https:\/\/t.co\/QmmoVtvD4E@afadbaskanlik @trthaber @anadoluajansi<br \/>\n\u2014 AFAD Deprem (@DepremDairesi) June 29, 2025<\/p>\n<p>NAC\u0130 G\u00d6R\u00dcR\u2019DEN AKDEN\u0130Z VURGUSU<\/p>\n<p>Deprem Bilimci Naci G\u00f6r\u00fcr, sosyal medya \u00fczerinden Akdeniz\u2019de ya\u015fanan depremle alakal\u0131 a\u00e7\u0131klamalarda bulundu. G\u00f6r\u00fcr Akdeniz\u2019den ge\u00e7en fay hatlar\u0131n\u0131n b\u00fcy\u00fck depremler \u00fcretme potansiyeli oldu\u011funu ve bu durumun T\u00fcrkiye\u2019yi tehdit etti\u011fini belirterek, \u201cK\u0131br\u0131s Yay Zonunda 4,2 deprem olu\u015ftu. Bu zonun Do\u011fu Anadolu Fay Zonu ile de ili\u015fkisi var. B\u00f6lgede Afrika Levhas\u0131 Anadolu Levhas\u0131n\u0131n alt\u0131na dal\u0131yor. Deprem oda\u011f\u0131 da dalan levha \u00fczerinde. Helen-K\u0131br\u0131s Yay\u0131 \u00fclkemizde en b\u00fcy\u00fck deprem \u00fcreten bir dalma-batma zonu\u201d dedi.<\/p>\n<p>K\u0131br\u0131s Yay Zonunda 4,2 deprem olu\u015ftu. Bu zonun Do\u011fu Anadolu Fay Zonu ile de ili\u015fkisi var. B\u00f6lgede Afrika Levhas\u0131 Anadolu Levhas\u0131n\u0131n alt\u0131na dal\u0131yor. Deprem oda\u011f\u0131 da dalan levha \u00fczerinde. Helen-K\u0131br\u0131s Yay\u0131 \u00fclkemizde en b\u00fcyk deprem \u00fcreten bir dalma-batma zonu. Ge\u00e7mi\u015f olsun. pic.twitter.com\/n6VcoLaHW6<br \/>\n\u2014 Prof. Dr. Naci G\u00f6r\u00fcr (@nacigorur) June 29, 2025<\/p>\n<p>\u200bAFAD, bug\u00fcn sabah ve gece saatlerinde Akdeniz\u2019de meydana gelen 3 \u00fczerindeki 2 \u015fiddetli depremi duyurmu\u015ftu. Yap\u0131lan bu duyurunun ard\u0131nda Deprem Bilimci Naci G\u00f6r\u00fcr, Akdeniz b\u00f6lgesine dikkat \u00e7ekti. G\u00f6r\u00fcr, K\u0131br\u0131s a\u00e7\u0131klar\u0131nda bulunan Helen-K\u0131br\u0131s Yay\u0131\u2019n\u0131n b\u00fcy\u00fck bir deprem \u00fcretme potansiyeli oldu\u011funa vurgu yapt\u0131.\u00a0<\/p>\n<p>\u200bHaberin Al\u0131nt\u0131land\u0131\u011f\u0131 Kaynak: www.antalyakorfez.com<\/p>","protected":false},"excerpt":{"rendered":"<p>Akdeniz\u2019de 29 Haziran 2025 Pazar g\u00fcn\u00fc (bug\u00fcn) gece ve sabah saatlerinde ya\u015fanan 3.8 ve 3.7 \u015fiddetindeki 2 deprem, vatanda\u015flarda pani\u011fe neden oldu. Ya\u015fanan depremlerde can ve mal kayb\u0131 ya\u015fanmazken Deprem Bilimci Naci G\u00f6r\u00fcr ise Akdeniz b\u00f6lgesinde yer alan ve \u015fiddetli deprem \u00fcretme potansiyeli ta\u015f\u0131yan K\u0131br\u0131s Yay Zonunu\u2019na dikkat \u00e7ekti. MU\u011eLA\u2019DA DEPREM Afet ve Acil Durum Y\u00f6netimi Ba\u015fkanl\u0131\u011f\u0131 (AFAD), bug\u00fcn sabah ve gece saatlerinde Akdeniz\u2019de ya\u015fanan 3.8 ve 3.7 \u015fiddetindeki depremleri, sosyal medya \u00fczerinden duyurdu. Depremlerden biri Mu\u011fla\u2019n\u0131n Marmaris il\u00e7esinde ya\u015fand\u0131. Gece 4 sular\u0131nda ya\u015fanan 3.8 \u015fiddetindeki deprem, y\u0131k\u0131c\u0131 bir hasar b\u0131rakmasa da b\u00f6lgede ya\u015fayan halkta k\u0131sa s\u00fcreli bir panik yaratt\u0131. #DEPREM B\u00fcy\u00fckl\u00fck:3.8 (Ml) Yer:Akdeniz &#8211; [147.43 km] Marmaris (Mu\u011fla) Tarih:2025-06-29 Saat:04:37:39 TS\u0130 Enlem:35.31944 N Boylam:27.85472 E Derinlik:42.2 km Detay:https:\/\/t.co\/Q7Q8QJZyU3@afadbaskanlik @trthaber @anadoluajansi \u2014 AFAD Deprem (@DepremDairesi) June 29, 2025 KIBRIS A\u00c7IKLARINDA KORKUTAN DEPREM Mu\u011fla\u2019da ya\u015fanan depremin ard\u0131ndan bir di\u011fer depremde Akdeniz\u2019de K\u0131br\u0131s civar\u0131ndan meydana geldi. 3.7 \u015fiddetindeki depremden dolay\u0131 can veya mal kayb\u0131 ya\u015fanmazken Deprem Bilimci Naci G\u00f6r\u00fcr ise meydana gelen depremin ard\u0131ndan b\u00fcy\u00fck tehlikeyi bir kez daha hat\u0131rlatt\u0131. G\u00f6r\u00fcr, Akdeniz\u2019de K\u0131br\u0131s a\u00e7\u0131klar\u0131nda bulunan Helen-K\u0131br\u0131s Yay\u0131\u2019n\u0131n b\u00fcy\u00fck bir deprem \u00fcretme potansiyeli oldu\u011funa dikkat \u00e7ekti. #DEPREM B\u00fcy\u00fckl\u00fck:3.7 (Ml) Yer:Akdeniz Tarih:2025-06-29 Saat:05:49:43 TS\u0130 Enlem:33.80778 N Boylam:32.99278 E Derinlik:7 km Detay:https:\/\/t.co\/QmmoVtvD4E@afadbaskanlik @trthaber @anadoluajansi \u2014 &hellip;<\/p>\n","protected":false},"author":5,"featured_media":0,"comment_status":"","ping_status":"open","sticky":false,"template":"","format":"standard","meta":{"_acf_changed":false,"footnotes":""},"categories":[24],"tags":[],"class_list":["post-130306","post","type-post","status-publish","format-standard","has-post-thumbnail","hentry","category-gundem"],"acf":[],"yoast_head":"<!-- This site is optimized with the Yoast SEO Premium plugin v26.6 (Yoast SEO v27.1.1) - https:\/\/yoast.com\/product\/yoast-seo-premium-wordpress\/ -->\n<title>Naci G\u00f6r\u00fcr Akdeniz\u2019i i\u015faret etti: \u201cB\u00fcy\u00fck deprem \u00fcreten bir dalma-batma zonu\u201d - Av. Deniz Can K\u0131z\u0131l<\/title>\n<meta name=\"robots\" content=\"index, follow, max-snippet:-1, max-image-preview:large, max-video-preview:-1\" \/>\n<link rel=\"canonical\" href=\"http:\/\/denizcankizil.tr\/uk\/haberler\/gundem\/naci-gorur-akdenizi-isaret-etti-buyuk-deprem-ureten-bir-dalma-batma-zonu\/\" \/>\n<meta property=\"og:locale\" content=\"uk_UA\" \/>\n<meta property=\"og:type\" content=\"article\" \/>\n<meta property=\"og:title\" content=\"Naci G\u00f6r\u00fcr Akdeniz\u2019i i\u015faret etti: \u201cB\u00fcy\u00fck deprem \u00fcreten bir dalma-batma zonu\u201d\" \/>\n<meta property=\"og:description\" content=\"Akdeniz\u2019de 29 Haziran 2025 Pazar g\u00fcn\u00fc (bug\u00fcn) gece ve sabah saatlerinde ya\u015fanan 3.8 ve 3.7 \u015fiddetindeki 2 deprem, vatanda\u015flarda pani\u011fe neden oldu. Ya\u015fanan depremlerde can ve mal kayb\u0131 ya\u015fanmazken Deprem Bilimci Naci G\u00f6r\u00fcr ise Akdeniz b\u00f6lgesinde yer alan ve \u015fiddetli deprem \u00fcretme potansiyeli ta\u015f\u0131yan K\u0131br\u0131s Yay Zonunu\u2019na dikkat \u00e7ekti. MU\u011eLA\u2019DA DEPREM Afet ve Acil Durum Y\u00f6netimi Ba\u015fkanl\u0131\u011f\u0131 (AFAD), bug\u00fcn sabah ve gece saatlerinde Akdeniz\u2019de ya\u015fanan 3.8 ve 3.7 \u015fiddetindeki depremleri, sosyal medya \u00fczerinden duyurdu. Depremlerden biri Mu\u011fla\u2019n\u0131n Marmaris il\u00e7esinde ya\u015fand\u0131. Gece 4 sular\u0131nda ya\u015fanan 3.8 \u015fiddetindeki deprem, y\u0131k\u0131c\u0131 bir hasar b\u0131rakmasa da b\u00f6lgede ya\u015fayan halkta k\u0131sa s\u00fcreli bir panik yaratt\u0131. #DEPREM B\u00fcy\u00fckl\u00fck:3.8 (Ml) Yer:Akdeniz &#8211; [147.43 km] Marmaris (Mu\u011fla) Tarih:2025-06-29 Saat:04:37:39 TS\u0130 Enlem:35.31944 N Boylam:27.85472 E Derinlik:42.2 km Detay:https:\/\/t.co\/Q7Q8QJZyU3@afadbaskanlik @trthaber @anadoluajansi \u2014 AFAD Deprem (@DepremDairesi) June 29, 2025 KIBRIS A\u00c7IKLARINDA KORKUTAN DEPREM Mu\u011fla\u2019da ya\u015fanan depremin ard\u0131ndan bir di\u011fer depremde Akdeniz\u2019de K\u0131br\u0131s civar\u0131ndan meydana geldi. 3.7 \u015fiddetindeki depremden dolay\u0131 can veya mal kayb\u0131 ya\u015fanmazken Deprem Bilimci Naci G\u00f6r\u00fcr ise meydana gelen depremin ard\u0131ndan b\u00fcy\u00fck tehlikeyi bir kez daha hat\u0131rlatt\u0131. G\u00f6r\u00fcr, Akdeniz\u2019de K\u0131br\u0131s a\u00e7\u0131klar\u0131nda bulunan Helen-K\u0131br\u0131s Yay\u0131\u2019n\u0131n b\u00fcy\u00fck bir deprem \u00fcretme potansiyeli oldu\u011funa dikkat \u00e7ekti. #DEPREM B\u00fcy\u00fckl\u00fck:3.7 (Ml) Yer:Akdeniz Tarih:2025-06-29 Saat:05:49:43 TS\u0130 Enlem:33.80778 N Boylam:32.99278 E Derinlik:7 km Detay:https:\/\/t.co\/QmmoVtvD4E@afadbaskanlik @trthaber @anadoluajansi \u2014 &hellip;\" \/>\n<meta property=\"og:url\" content=\"http:\/\/denizcankizil.tr\/uk\/haberler\/gundem\/naci-gorur-akdenizi-isaret-etti-buyuk-deprem-ureten-bir-dalma-batma-zonu\/\" \/>\n<meta property=\"og:site_name\" content=\"Av. Deniz Can K\u0131z\u0131l\" \/>\n<meta property=\"article:published_time\" content=\"2025-06-29T10:41:19+00:00\" \/>\n<meta name=\"author\" content=\"Antalya K\u00f6rfez\" \/>\n<meta name=\"twitter:card\" content=\"summary_large_image\" \/>\n<meta name=\"twitter:label1\" content=\"\u041d\u0430\u043f\u0438\u0441\u0430\u043d\u043e\" \/>\n\t<meta name=\"twitter:data1\" content=\"Antalya K\u00f6rfez\" \/>\n\t<meta name=\"twitter:label2\" content=\"\u041f\u0440\u0438\u0431\u043b. \u0447\u0430\u0441 \u0447\u0438\u0442\u0430\u043d\u043d\u044f\" \/>\n\t<meta name=\"twitter:data2\" content=\"3 \u0445\u0432\u0438\u043b\u0438\u043d\u0438\" \/>\n<script type=\"application\/ld+json\" class=\"yoast-schema-graph\">{\"@context\":\"https:\/\/schema.org\",\"@graph\":[{\"@type\":\"Article\",\"@id\":\"http:\/\/denizcankizil.tr\/de\/haberler\/gundem\/naci-gorur-akdenizi-isaret-etti-buyuk-deprem-ureten-bir-dalma-batma-zonu\/#article\",\"isPartOf\":{\"@id\":\"http:\/\/denizcankizil.tr\/de\/haberler\/gundem\/naci-gorur-akdenizi-isaret-etti-buyuk-deprem-ureten-bir-dalma-batma-zonu\/\"},\"author\":{\"name\":\"Antalya K\u00f6rfez\",\"@id\":\"https:\/\/denizcankizil.tr\/de\/#\/schema\/person\/e1eb71bb4dd684d46563f0af307e1234\"},\"headline\":\"Naci G\u00f6r\u00fcr Akdeniz\u2019i i\u015faret etti: \u201cB\u00fcy\u00fck deprem \u00fcreten bir dalma-batma zonu\u201d\",\"datePublished\":\"2025-06-29T10:41:19+00:00\",\"mainEntityOfPage\":{\"@id\":\"http:\/\/denizcankizil.tr\/de\/haberler\/gundem\/naci-gorur-akdenizi-isaret-etti-buyuk-deprem-ureten-bir-dalma-batma-zonu\/\"},\"wordCount\":542,\"publisher\":{\"@id\":\"https:\/\/denizcankizil.tr\/de\/#organization\"},\"articleSection\":[\"G\u00fcndem\"],\"inLanguage\":\"uk\"},{\"@type\":\"WebPage\",\"@id\":\"http:\/\/denizcankizil.tr\/de\/haberler\/gundem\/naci-gorur-akdenizi-isaret-etti-buyuk-deprem-ureten-bir-dalma-batma-zonu\/\",\"url\":\"http:\/\/denizcankizil.tr\/de\/haberler\/gundem\/naci-gorur-akdenizi-isaret-etti-buyuk-deprem-ureten-bir-dalma-batma-zonu\/\",\"name\":\"Naci G\u00f6r\u00fcr Akdeniz\u2019i i\u015faret etti: \u201cB\u00fcy\u00fck deprem \u00fcreten bir dalma-batma zonu\u201d - Av. Deniz Can K\u0131z\u0131l\",\"isPartOf\":{\"@id\":\"https:\/\/denizcankizil.tr\/de\/#website\"},\"datePublished\":\"2025-06-29T10:41:19+00:00\",\"breadcrumb\":{\"@id\":\"http:\/\/denizcankizil.tr\/de\/haberler\/gundem\/naci-gorur-akdenizi-isaret-etti-buyuk-deprem-ureten-bir-dalma-batma-zonu\/#breadcrumb\"},\"inLanguage\":\"uk\",\"potentialAction\":[{\"@type\":\"ReadAction\",\"target\":[\"http:\/\/denizcankizil.tr\/de\/haberler\/gundem\/naci-gorur-akdenizi-isaret-etti-buyuk-deprem-ureten-bir-dalma-batma-zonu\/\"]}]},{\"@type\":\"BreadcrumbList\",\"@id\":\"http:\/\/denizcankizil.tr\/de\/haberler\/gundem\/naci-gorur-akdenizi-isaret-etti-buyuk-deprem-ureten-bir-dalma-batma-zonu\/#breadcrumb\",\"itemListElement\":[{\"@type\":\"ListItem\",\"position\":1,\"name\":\"Home\",\"item\":\"https:\/\/denizcankizil.tr\/de\/\"},{\"@type\":\"ListItem\",\"position\":2,\"name\":\"Naci G\u00f6r\u00fcr Akdeniz\u2019i i\u015faret etti: \u201cB\u00fcy\u00fck deprem \u00fcreten bir dalma-batma zonu\u201d\"}]},{\"@type\":\"WebSite\",\"@id\":\"https:\/\/denizcankizil.tr\/de\/#website\",\"url\":\"https:\/\/denizcankizil.tr\/de\/\",\"name\":\"Av. Deniz Can K\u0131z\u0131l\",\"description\":\"Avukat Deniz Can K\u0131z\u0131l Antalya Barosu\",\"publisher\":{\"@id\":\"https:\/\/denizcankizil.tr\/de\/#organization\"},\"potentialAction\":[{\"@type\":\"SearchAction\",\"target\":{\"@type\":\"EntryPoint\",\"urlTemplate\":\"https:\/\/denizcankizil.tr\/de\/?s={search_term_string}\"},\"query-input\":{\"@type\":\"PropertyValueSpecification\",\"valueRequired\":true,\"valueName\":\"search_term_string\"}}],\"inLanguage\":\"uk\"},{\"@type\":\"Organization\",\"@id\":\"https:\/\/denizcankizil.tr\/de\/#organization\",\"name\":\"Av. Deniz Can K\u0131z\u0131l\",\"url\":\"https:\/\/denizcankizil.tr\/de\/\",\"logo\":{\"@type\":\"ImageObject\",\"inLanguage\":\"uk\",\"@id\":\"https:\/\/denizcankizil.tr\/de\/#\/schema\/logo\/image\/\",\"url\":\"http:\/\/denizcankizil.tr\/wp-content\/uploads\/2024\/10\/siyah-logo-svg.svg\",\"contentUrl\":\"http:\/\/denizcankizil.tr\/wp-content\/uploads\/2024\/10\/siyah-logo-svg.svg\",\"width\":1080,\"height\":1080,\"caption\":\"Av. Deniz Can K\u0131z\u0131l\"},\"image\":{\"@id\":\"https:\/\/denizcankizil.tr\/de\/#\/schema\/logo\/image\/\"}},{\"@type\":\"Person\",\"@id\":\"https:\/\/denizcankizil.tr\/de\/#\/schema\/person\/e1eb71bb4dd684d46563f0af307e1234\",\"name\":\"Antalya K\u00f6rfez\",\"image\":{\"@type\":\"ImageObject\",\"inLanguage\":\"uk\",\"@id\":\"https:\/\/denizcankizil.tr\/de\/#\/schema\/person\/image\/\",\"url\":\"https:\/\/secure.gravatar.com\/avatar\/42b01982558a48a0b501fdcab6a408d3717ea5919095ee2e67b0e521799c5905?s=96&d=mm&r=g\",\"contentUrl\":\"https:\/\/secure.gravatar.com\/avatar\/42b01982558a48a0b501fdcab6a408d3717ea5919095ee2e67b0e521799c5905?s=96&d=mm&r=g\",\"caption\":\"Antalya K\u00f6rfez\"},\"sameAs\":[\"http:\/\/www.antalyakorfez.com\"],\"url\":\"https:\/\/www.antalyakorfez.com\/naci-gorur-akdenizi-isaret-etti-buyuk-deprem-ureten-bir-dalma-batma-zonu\"}]}<\/script>\n<!-- \/ Yoast SEO Premium plugin. -->","yoast_head_json":{"title":"Naci G\u00f6r\u00fcr Akdeniz\u2019i i\u015faret etti: \u201cB\u00fcy\u00fck deprem \u00fcreten bir dalma-batma zonu\u201d - Av. Deniz Can K\u0131z\u0131l","robots":{"index":"index","follow":"follow","max-snippet":"max-snippet:-1","max-image-preview":"max-image-preview:large","max-video-preview":"max-video-preview:-1"},"canonical":"http:\/\/denizcankizil.tr\/uk\/haberler\/gundem\/naci-gorur-akdenizi-isaret-etti-buyuk-deprem-ureten-bir-dalma-batma-zonu\/","og_locale":"uk_UA","og_type":"article","og_title":"Naci G\u00f6r\u00fcr Akdeniz\u2019i i\u015faret etti: \u201cB\u00fcy\u00fck deprem \u00fcreten bir dalma-batma zonu\u201d","og_description":"Akdeniz\u2019de 29 Haziran 2025 Pazar g\u00fcn\u00fc (bug\u00fcn) gece ve sabah saatlerinde ya\u015fanan 3.8 ve 3.7 \u015fiddetindeki 2 deprem, vatanda\u015flarda pani\u011fe neden oldu. Ya\u015fanan depremlerde can ve mal kayb\u0131 ya\u015fanmazken Deprem Bilimci Naci G\u00f6r\u00fcr ise Akdeniz b\u00f6lgesinde yer alan ve \u015fiddetli deprem \u00fcretme potansiyeli ta\u015f\u0131yan K\u0131br\u0131s Yay Zonunu\u2019na dikkat \u00e7ekti. MU\u011eLA\u2019DA DEPREM Afet ve Acil Durum Y\u00f6netimi Ba\u015fkanl\u0131\u011f\u0131 (AFAD), bug\u00fcn sabah ve gece saatlerinde Akdeniz\u2019de ya\u015fanan 3.8 ve 3.7 \u015fiddetindeki depremleri, sosyal medya \u00fczerinden duyurdu. Depremlerden biri Mu\u011fla\u2019n\u0131n Marmaris il\u00e7esinde ya\u015fand\u0131. Gece 4 sular\u0131nda ya\u015fanan 3.8 \u015fiddetindeki deprem, y\u0131k\u0131c\u0131 bir hasar b\u0131rakmasa da b\u00f6lgede ya\u015fayan halkta k\u0131sa s\u00fcreli bir panik yaratt\u0131. #DEPREM B\u00fcy\u00fckl\u00fck:3.8 (Ml) Yer:Akdeniz &#8211; [147.43 km] Marmaris (Mu\u011fla) Tarih:2025-06-29 Saat:04:37:39 TS\u0130 Enlem:35.31944 N Boylam:27.85472 E Derinlik:42.2 km Detay:https:\/\/t.co\/Q7Q8QJZyU3@afadbaskanlik @trthaber @anadoluajansi \u2014 AFAD Deprem (@DepremDairesi) June 29, 2025 KIBRIS A\u00c7IKLARINDA KORKUTAN DEPREM Mu\u011fla\u2019da ya\u015fanan depremin ard\u0131ndan bir di\u011fer depremde Akdeniz\u2019de K\u0131br\u0131s civar\u0131ndan meydana geldi. 3.7 \u015fiddetindeki depremden dolay\u0131 can veya mal kayb\u0131 ya\u015fanmazken Deprem Bilimci Naci G\u00f6r\u00fcr ise meydana gelen depremin ard\u0131ndan b\u00fcy\u00fck tehlikeyi bir kez daha hat\u0131rlatt\u0131. G\u00f6r\u00fcr, Akdeniz\u2019de K\u0131br\u0131s a\u00e7\u0131klar\u0131nda bulunan Helen-K\u0131br\u0131s Yay\u0131\u2019n\u0131n b\u00fcy\u00fck bir deprem \u00fcretme potansiyeli oldu\u011funa dikkat \u00e7ekti. #DEPREM B\u00fcy\u00fckl\u00fck:3.7 (Ml) Yer:Akdeniz Tarih:2025-06-29 Saat:05:49:43 TS\u0130 Enlem:33.80778 N Boylam:32.99278 E Derinlik:7 km Detay:https:\/\/t.co\/QmmoVtvD4E@afadbaskanlik @trthaber @anadoluajansi \u2014 &hellip;","og_url":"http:\/\/denizcankizil.tr\/uk\/haberler\/gundem\/naci-gorur-akdenizi-isaret-etti-buyuk-deprem-ureten-bir-dalma-batma-zonu\/","og_site_name":"Av. Deniz Can K\u0131z\u0131l","article_published_time":"2025-06-29T10:41:19+00:00","author":"Antalya K\u00f6rfez","twitter_card":"summary_large_image","twitter_misc":{"\u041d\u0430\u043f\u0438\u0441\u0430\u043d\u043e":"Antalya K\u00f6rfez","\u041f\u0440\u0438\u0431\u043b. \u0447\u0430\u0441 \u0447\u0438\u0442\u0430\u043d\u043d\u044f":"3 \u0445\u0432\u0438\u043b\u0438\u043d\u0438"},"schema":{"@context":"https:\/\/schema.org","@graph":[{"@type":"Article","@id":"http:\/\/denizcankizil.tr\/de\/haberler\/gundem\/naci-gorur-akdenizi-isaret-etti-buyuk-deprem-ureten-bir-dalma-batma-zonu\/#article","isPartOf":{"@id":"http:\/\/denizcankizil.tr\/de\/haberler\/gundem\/naci-gorur-akdenizi-isaret-etti-buyuk-deprem-ureten-bir-dalma-batma-zonu\/"},"author":{"name":"Antalya K\u00f6rfez","@id":"https:\/\/denizcankizil.tr\/de\/#\/schema\/person\/e1eb71bb4dd684d46563f0af307e1234"},"headline":"Naci G\u00f6r\u00fcr Akdeniz\u2019i i\u015faret etti: \u201cB\u00fcy\u00fck deprem \u00fcreten bir dalma-batma zonu\u201d","datePublished":"2025-06-29T10:41:19+00:00","mainEntityOfPage":{"@id":"http:\/\/denizcankizil.tr\/de\/haberler\/gundem\/naci-gorur-akdenizi-isaret-etti-buyuk-deprem-ureten-bir-dalma-batma-zonu\/"},"wordCount":542,"publisher":{"@id":"https:\/\/denizcankizil.tr\/de\/#organization"},"articleSection":["G\u00fcndem"],"inLanguage":"uk"},{"@type":"WebPage","@id":"http:\/\/denizcankizil.tr\/de\/haberler\/gundem\/naci-gorur-akdenizi-isaret-etti-buyuk-deprem-ureten-bir-dalma-batma-zonu\/","url":"http:\/\/denizcankizil.tr\/de\/haberler\/gundem\/naci-gorur-akdenizi-isaret-etti-buyuk-deprem-ureten-bir-dalma-batma-zonu\/","name":"Naci G\u00f6r\u00fcr Akdeniz\u2019i i\u015faret etti: \u201cB\u00fcy\u00fck deprem \u00fcreten bir dalma-batma zonu\u201d - Av. Deniz Can K\u0131z\u0131l","isPartOf":{"@id":"https:\/\/denizcankizil.tr\/de\/#website"},"datePublished":"2025-06-29T10:41:19+00:00","breadcrumb":{"@id":"http:\/\/denizcankizil.tr\/de\/haberler\/gundem\/naci-gorur-akdenizi-isaret-etti-buyuk-deprem-ureten-bir-dalma-batma-zonu\/#breadcrumb"},"inLanguage":"uk","potentialAction":[{"@type":"ReadAction","target":["http:\/\/denizcankizil.tr\/de\/haberler\/gundem\/naci-gorur-akdenizi-isaret-etti-buyuk-deprem-ureten-bir-dalma-batma-zonu\/"]}]},{"@type":"BreadcrumbList","@id":"http:\/\/denizcankizil.tr\/de\/haberler\/gundem\/naci-gorur-akdenizi-isaret-etti-buyuk-deprem-ureten-bir-dalma-batma-zonu\/#breadcrumb","itemListElement":[{"@type":"ListItem","position":1,"name":"Home","item":"https:\/\/denizcankizil.tr\/de\/"},{"@type":"ListItem","position":2,"name":"Naci G\u00f6r\u00fcr Akdeniz\u2019i i\u015faret etti: \u201cB\u00fcy\u00fck deprem \u00fcreten bir dalma-batma zonu\u201d"}]},{"@type":"WebSite","@id":"https:\/\/denizcankizil.tr\/de\/#website","url":"https:\/\/denizcankizil.tr\/de\/","name":"Av. Deniz Can K\u0131z\u0131l","description":"Avukat Deniz Can K\u0131z\u0131l Antalya Barosu","publisher":{"@id":"https:\/\/denizcankizil.tr\/de\/#organization"},"potentialAction":[{"@type":"SearchAction","target":{"@type":"EntryPoint","urlTemplate":"https:\/\/denizcankizil.tr\/de\/?s={search_term_string}"},"query-input":{"@type":"PropertyValueSpecification","valueRequired":true,"valueName":"search_term_string"}}],"inLanguage":"uk"},{"@type":"Organization","@id":"https:\/\/denizcankizil.tr\/de\/#organization","name":"Av. Deniz Can K\u0131z\u0131l","url":"https:\/\/denizcankizil.tr\/de\/","logo":{"@type":"ImageObject","inLanguage":"uk","@id":"https:\/\/denizcankizil.tr\/de\/#\/schema\/logo\/image\/","url":"http:\/\/denizcankizil.tr\/wp-content\/uploads\/2024\/10\/siyah-logo-svg.svg","contentUrl":"http:\/\/denizcankizil.tr\/wp-content\/uploads\/2024\/10\/siyah-logo-svg.svg","width":1080,"height":1080,"caption":"Av. Deniz Can K\u0131z\u0131l"},"image":{"@id":"https:\/\/denizcankizil.tr\/de\/#\/schema\/logo\/image\/"}},{"@type":"Person","@id":"https:\/\/denizcankizil.tr\/de\/#\/schema\/person\/e1eb71bb4dd684d46563f0af307e1234","name":"Antalya K\u00f6rfez","image":{"@type":"ImageObject","inLanguage":"uk","@id":"https:\/\/denizcankizil.tr\/de\/#\/schema\/person\/image\/","url":"https:\/\/secure.gravatar.com\/avatar\/42b01982558a48a0b501fdcab6a408d3717ea5919095ee2e67b0e521799c5905?s=96&d=mm&r=g","contentUrl":"https:\/\/secure.gravatar.com\/avatar\/42b01982558a48a0b501fdcab6a408d3717ea5919095ee2e67b0e521799c5905?s=96&d=mm&r=g","caption":"Antalya K\u00f6rfez"},"sameAs":["http:\/\/www.antalyakorfez.com"],"url":"https:\/\/www.antalyakorfez.com\/naci-gorur-akdenizi-isaret-etti-buyuk-deprem-ureten-bir-dalma-batma-zonu"}]}},"_links":{"self":[{"href":"http:\/\/denizcankizil.tr\/uk\/wp-json\/wp\/v2\/posts\/130306","targetHints":{"allow":["GET"]}}],"collection":[{"href":"http:\/\/denizcankizil.tr\/uk\/wp-json\/wp\/v2\/posts"}],"about":[{"href":"http:\/\/denizcankizil.tr\/uk\/wp-json\/wp\/v2\/types\/post"}],"author":[{"embeddable":true,"href":"http:\/\/denizcankizil.tr\/uk\/wp-json\/wp\/v2\/users\/5"}],"replies":[{"embeddable":true,"href":"http:\/\/denizcankizil.tr\/uk\/wp-json\/wp\/v2\/comments?post=130306"}],"version-history":[{"count":0,"href":"http:\/\/denizcankizil.tr\/uk\/wp-json\/wp\/v2\/posts\/130306\/revisions"}],"wp:attachment":[{"href":"http:\/\/denizcankizil.tr\/uk\/wp-json\/wp\/v2\/media?parent=130306"}],"wp:term":[{"taxonomy":"category","embeddable":true,"href":"http:\/\/denizcankizil.tr\/uk\/wp-json\/wp\/v2\/categories?post=130306"},{"taxonomy":"post_tag","embeddable":true,"href":"http:\/\/denizcankizil.tr\/uk\/wp-json\/wp\/v2\/tags?post=130306"}],"curies":[{"name":"wp","href":"https:\/\/api.w.org\/{rel}","templated":true}]}}