{"id":129436,"date":"2025-06-28T16:42:16","date_gmt":"2025-06-28T13:42:16","guid":{"rendered":"https:\/\/denizcankizil.tr\/uncategorized-tr\/ege-belediyeler-birliginin-yeni-baskani-bulent-nuri-cavusoglu\/"},"modified":"2025-06-28T16:42:16","modified_gmt":"2025-06-28T13:42:16","slug":"ege-belediyeler-birliginin-yeni-baskani-bulent-nuri-cavusoglu","status":"publish","type":"post","link":"http:\/\/denizcankizil.tr\/uk\/haberler\/gundem\/ege-belediyeler-birliginin-yeni-baskani-bulent-nuri-cavusoglu\/","title":{"rendered":"Ege Belediyeler Birli\u011fi&#8217;nin yeni Ba\u015fkan\u0131 B\u00fclent Nuri \u00c7avu\u015fo\u011flu"},"content":{"rendered":"<p>Elim bir kaza sonucu hayat\u0131n\u0131 kaybeden Ege Belediyeler Birli\u011fi Ba\u015fkan\u0131 Ferdi Zeyrek&#8217;in yerine Birlik Ba\u015fkan\u0131 se\u00e7imi yap\u0131ld\u0131. Yap\u0131lan oylama sonucu, Denizli B\u00fcy\u00fck\u015fehir Belediye Ba\u015fkan\u0131 B\u00fclent Nuri \u00c7avu\u015fo\u011flu oy birli\u011fiyle Ege Belediyeler Birli\u011fi Ba\u015fkanl\u0131\u011f\u0131\u2019na se\u00e7ildi.\u0130ZM\u0130R (\u0130GFA) &#8211; \u0130zmir B\u00fcy\u00fck\u015fehir Belediyesi Meclis Salonu\u2019nda d\u00fczenlenen toplant\u0131ya, Denizli B\u00fcy\u00fck\u015fehir Belediye Ba\u015fkan\u0131 B\u00fclent Nuri \u00c7avu\u015fo\u011flu, Manisa B\u00fcy\u00fck\u015fehir Belediye Ba\u015fkan\u0131 Besim Dutlulu, Mu\u011fla B\u00fcy\u00fck\u015fehir Belediye Ba\u015fkan\u0131 Ahmet Aras, \u00fcye il ve il\u00e7e belediye ba\u015fkanlar\u0131 ile meclis \u00fcyeleri kat\u0131ld\u0131. Toplant\u0131 Ba\u015fkanvekili Ac\u0131payam Belediye Ba\u015fkan\u0131 Levent Y\u0131ld\u0131r\u0131m idaresinde ba\u015flad\u0131. Denizli B\u00fcy\u00fck\u015fehir Belediye Ba\u015fkan\u0131 B\u00fclent Nuri \u00c7avu\u015fo\u011flu; Manisa B\u00fcy\u00fck\u015fehir Belediye Ba\u015fkan\u0131 Besim Dutlulu, Mu\u011fla B\u00fcy\u00fck\u015fehir Belediye Ba\u015fkan\u0131 Ahmet Aras, Ac\u0131payam Belediye Ba\u015fkan\u0131 Levent Y\u0131ld\u0131r\u0131m, Ba\u015fmak\u00e7\u0131 Belediye Ba\u015fkan\u0131 Sel\u00e7uk G\u00f6n\u00fcll\u00fc&#8217;n\u00fcn verdi\u011fi \u00f6nerge ile ba\u015fkanl\u0131\u011fa aday g\u00f6sterildi. Gizli oylama ile yap\u0131lan se\u00e7im sonucunda Denizli B\u00fcy\u00fck\u015fehir Belediye Ba\u015fkan\u0131 B\u00fclent Nuri \u00c7avu\u015fo\u011flu, oy birli\u011fiyle Ege Belediyeler Birli\u011fi Ba\u015fkanl\u0131\u011f\u0131\u2019na se\u00e7ildi.<br \/>\n\u201cFerdi Ba\u015fkan\u0131m\u0131z\u0131n emaneti art\u0131k hepimizin sorumlulu\u011fudur\u201d<br \/>\nEge Belediyeler Birli\u011fi Ba\u015fkanl\u0131\u011f\u0131\u2019na se\u00e7ilen Denizli B\u00fcy\u00fck\u015fehir Belediye Ba\u015fkan\u0131 B\u00fclent Nuri \u00c7avu\u015fo\u011flu, duygusal bir konu\u015fma yapt\u0131. Konu\u015fmas\u0131nda Ferdi Zeyrek\u2019in vefat\u0131ndan duydu\u011fu derin \u00fcz\u00fcnt\u00fcy\u00fc dile getiren Ba\u015fkan \u00c7avu\u015fo\u011flu, \u015funlar\u0131 s\u00f6yledi, \u201cKe\u015fke bug\u00fcn burada b\u00f6yle bir g\u00f6rev devri i\u00e7in toplanmasayd\u0131k. Ferdi Ba\u015fkan\u0131m\u0131z, sadece Manisa&#8217;n\u0131n de\u011fil, t\u00fcm Ege\u2019nin hatta T\u00fcrkiye&#8217;nin g\u00f6nl\u00fcnde yer etmi\u015f bir liderdi. Onu tan\u0131yan herkes, i\u00e7tenli\u011fini, adaletli duru\u015funu ve halk\u0131na olan sevgisini g\u00f6rm\u00fc\u015ft\u00fcr. Ne yaz\u0131k ki \u00e7ok erken kaybettik. Ancak arkas\u0131nda b\u0131rakt\u0131\u011f\u0131 sevgi, binlerce insan\u0131n g\u00f6zya\u015f\u0131 ve mesajlar\u0131, ne kadar b\u00fcy\u00fck bir iz b\u0131rakt\u0131\u011f\u0131n\u0131 g\u00f6steriyor.\u201d Ba\u015fkan \u00c7avu\u015fo\u011flu, Ferdi Zeyrek\u2019in hayallerine sahip \u00e7\u0131kacaklar\u0131n\u0131 belirterek, \u201cFerdi Ba\u015fkan\u0131m\u0131z\u0131n hat\u0131ras\u0131na ve Ege halk\u0131na lay\u0131k bir \u015fekilde bu g\u00f6revi yerine getirmek i\u00e7in elimden gelen t\u00fcm gayreti g\u00f6sterece\u011fim. Bu bir g\u00f6rev de\u011fil, bir sorumluluktur\u201d ifadelerini kulland\u0131.<br \/>\nEkrem \u0130mamo\u011flu\u2019na destek mesaj\u0131<br \/>\nBa\u015fkan \u00c7avu\u015fo\u011flu, konu\u015fmas\u0131n\u0131n devam\u0131nda Ege Belediyeler Birli\u011fi\u2019nin ortak ak\u0131l ve dayan\u0131\u015fmayla b\u00f6lgesel kalk\u0131nmada \u00f6nemli bir rol \u00fcstlendi\u011fini vurgulad\u0131. \u201cFerdi Ba\u015fkan\u2019\u0131n Ege Belediyeler Birli\u011fi i\u00e7in \u00e7ok b\u00fcy\u00fck hayalleri vard\u0131. Bu hayalleri hep birlikte ger\u00e7ekle\u015ftirmek boynumuzun borcudur\u201d dedi. Konu\u015fmas\u0131nda T\u00fcrkiye\u2019de belediyelere y\u00f6nelik siyasi m\u00fcdahalelere de de\u011finen Ba\u015fkan \u00c7avu\u015fo\u011flu, \u0130stanbul B\u00fcy\u00fck\u015fehir Belediye Ba\u015fkan\u0131 Ekrem \u0130mamo\u011flu\u2019nun yarg\u0131 s\u00fcrecine dikkat \u00e7ekerek, \u201cYarg\u0131 ki\u015fiselle\u015fti\u011fi anda ne mal\u0131m\u0131z\u0131n ne \u00f6zg\u00fcrl\u00fc\u011f\u00fcm\u00fcz\u00fcn garantisi kal\u0131r. Masumiyet karinesine uygun davran\u0131lmal\u0131. Ekrem Ba\u015fkan\u2019a bu s\u00fcre\u00e7te destek oldu\u011fumuzu, t\u00fcm kayy\u0131m atanan ve bask\u0131 g\u00f6ren belediye ba\u015fkanlar\u0131m\u0131z\u0131n yan\u0131nda oldu\u011fumuzu ifade etmek istiyorum\u201d dedi. \u00c7avu\u015fo\u011flu, konu\u015fmas\u0131n\u0131n sonunda, \u201cDaha g\u00fc\u00e7l\u00fc, daha ayd\u0131nl\u0131k ve daha ya\u015fanabilir bir Ege ve T\u00fcrkiye i\u00e7in hep birlikte \u00e7al\u0131\u015fmaya devam edece\u011fiz. Ferdi Ba\u015fkan\u0131m\u0131z\u0131 hi\u00e7bir zaman unutmayaca\u011f\u0131z\u201d s\u00f6zleriyle konu\u015fmas\u0131n\u0131 tamamlad\u0131.<\/p>\n<p>\u200bElim bir kaza sonucu hayat\u0131n\u0131 kaybeden Ege Belediyeler Birli\u011fi Ba\u015fkan\u0131 Ferdi Zeyrek&#8217;in yerine Birlik Ba\u015fkan\u0131 se\u00e7imi yap\u0131ld\u0131. Yap\u0131lan oylama sonucu, Denizli B\u00fcy\u00fck\u015fehir Belediye Ba\u015fkan\u0131 B\u00fclent Nuri \u00c7avu\u015fo\u011flu oy birli\u011fiyle Ege Belediyeler Birli\u011fi Ba\u015fkanl\u0131\u011f\u0131\u2019na se\u00e7ildi.\u0130ZM\u0130R (\u0130GFA) &#8211; \u0130zmir B\u00fcy\u00fck\u015fehir Belediyesi Meclis Salonu\u2019nda d\u00fczenlenen toplant\u0131ya, Denizli B\u00fcy\u00fck\u015fehir Belediye Ba\u015fkan\u0131 B\u00fclent Nuri \u00c7avu\u015fo\u011flu, Manisa B\u00fcy\u00fck\u015fehir Belediye Ba\u015fkan\u0131 Besim Dutlulu, Mu\u011fla B\u00fcy\u00fck\u015fehir Belediye Ba\u015fkan\u0131 Ahmet Aras, \u00fcye il ve il\u00e7e belediye ba\u015fkanlar\u0131 ile meclis \u00fcyeleri kat\u0131ld\u0131. Toplant\u0131 Ba\u015fkanvekili Ac\u0131payam Belediye Ba\u015fkan\u0131 Levent Y\u0131ld\u0131r\u0131m idaresinde ba\u015flad\u0131. Denizli B\u00fcy\u00fck\u015fehir Belediye Ba\u015fkan\u0131 B\u00fclent Nuri \u00c7avu\u015fo\u011flu; Manisa B\u00fcy\u00fck\u015fehir Belediye Ba\u015fkan\u0131 Besim Dutlulu, Mu\u011fla B\u00fcy\u00fck\u015fehir Belediye Ba\u015fkan\u0131 Ahmet Aras, Ac\u0131payam Belediye Ba\u015fkan\u0131 Levent Y\u0131ld\u0131r\u0131m, Ba\u015fmak\u00e7\u0131 Belediye Ba\u015fkan\u0131 Sel\u00e7uk G\u00f6n\u00fcll\u00fc&#8217;n\u00fcn verdi\u011fi \u00f6nerge ile ba\u015fkanl\u0131\u011fa aday g\u00f6sterildi. Gizli oylama ile yap\u0131lan se\u00e7im sonucunda Denizli B\u00fcy\u00fck\u015fehir Belediye Ba\u015fkan\u0131 B\u00fclent Nuri \u00c7avu\u015fo\u011flu, oy birli\u011fiyle Ege Belediyeler Birli\u011fi Ba\u015fkanl\u0131\u011f\u0131\u2019na se\u00e7ildi.<br \/>\n\u201cFerdi Ba\u015fkan\u0131m\u0131z\u0131n emaneti art\u0131k hepimizin sorumlulu\u011fudur\u201d<br \/>\nEge Belediyeler Birli\u011fi Ba\u015fkanl\u0131\u011f\u0131\u2019na se\u00e7ilen Denizli B\u00fcy\u00fck\u015fehir Belediye Ba\u015fkan\u0131 B\u00fclent Nuri \u00c7avu\u015fo\u011flu, duygusal bir konu\u015fma yapt\u0131. Konu\u015fmas\u0131nda Ferdi Zeyrek\u2019in vefat\u0131ndan duydu\u011fu derin \u00fcz\u00fcnt\u00fcy\u00fc dile getiren Ba\u015fkan \u00c7avu\u015fo\u011flu, \u015funlar\u0131 s\u00f6yledi, \u201cKe\u015fke bug\u00fcn burada b\u00f6yle bir g\u00f6rev devri i\u00e7in toplanmasayd\u0131k. Ferdi Ba\u015fkan\u0131m\u0131z, sadece Manisa&#8217;n\u0131n de\u011fil, t\u00fcm Ege\u2019nin hatta T\u00fcrkiye&#8217;nin g\u00f6nl\u00fcnde yer etmi\u015f bir liderdi. Onu tan\u0131yan herkes, i\u00e7tenli\u011fini, adaletli duru\u015funu ve halk\u0131na olan sevgisini g\u00f6rm\u00fc\u015ft\u00fcr. Ne yaz\u0131k ki \u00e7ok erken kaybettik. Ancak arkas\u0131nda b\u0131rakt\u0131\u011f\u0131 sevgi, binlerce insan\u0131n g\u00f6zya\u015f\u0131 ve mesajlar\u0131, ne kadar b\u00fcy\u00fck bir iz b\u0131rakt\u0131\u011f\u0131n\u0131 g\u00f6steriyor.\u201d Ba\u015fkan \u00c7avu\u015fo\u011flu, Ferdi Zeyrek\u2019in hayallerine sahip \u00e7\u0131kacaklar\u0131n\u0131 belirterek, \u201cFerdi Ba\u015fkan\u0131m\u0131z\u0131n hat\u0131ras\u0131na ve Ege halk\u0131na lay\u0131k bir \u015fekilde bu g\u00f6revi yerine getirmek i\u00e7in elimden gelen t\u00fcm gayreti g\u00f6sterece\u011fim. Bu bir g\u00f6rev de\u011fil, bir sorumluluktur\u201d ifadelerini kulland\u0131.<br \/>\nEkrem \u0130mamo\u011flu\u2019na destek mesaj\u0131<br \/>\nBa\u015fkan \u00c7avu\u015fo\u011flu, konu\u015fmas\u0131n\u0131n devam\u0131nda Ege Belediyeler Birli\u011fi\u2019nin ortak ak\u0131l ve dayan\u0131\u015fmayla b\u00f6lgesel kalk\u0131nmada \u00f6nemli bir rol \u00fcstlendi\u011fini vurgulad\u0131. \u201cFerdi Ba\u015fkan\u2019\u0131n Ege Belediyeler Birli\u011fi i\u00e7in \u00e7ok b\u00fcy\u00fck hayalleri vard\u0131. Bu hayalleri hep birlikte ger\u00e7ekle\u015ftirmek boynumuzun borcudur\u201d dedi. Konu\u015fmas\u0131nda T\u00fcrkiye\u2019de belediyelere y\u00f6nelik siyasi m\u00fcdahalelere de de\u011finen Ba\u015fkan \u00c7avu\u015fo\u011flu, \u0130stanbul B\u00fcy\u00fck\u015fehir Belediye Ba\u015fkan\u0131 Ekrem \u0130mamo\u011flu\u2019nun yarg\u0131 s\u00fcrecine dikkat \u00e7ekerek, \u201cYarg\u0131 ki\u015fiselle\u015fti\u011fi anda ne mal\u0131m\u0131z\u0131n ne \u00f6zg\u00fcrl\u00fc\u011f\u00fcm\u00fcz\u00fcn garantisi kal\u0131r. Masumiyet karinesine uygun davran\u0131lmal\u0131. Ekrem Ba\u015fkan\u2019a bu s\u00fcre\u00e7te destek oldu\u011fumuzu, t\u00fcm kayy\u0131m atanan ve bask\u0131 g\u00f6ren belediye ba\u015fkanlar\u0131m\u0131z\u0131n yan\u0131nda oldu\u011fumuzu ifade etmek istiyorum\u201d dedi. \u00c7avu\u015fo\u011flu, konu\u015fmas\u0131n\u0131n sonunda, \u201cDaha g\u00fc\u00e7l\u00fc, daha ayd\u0131nl\u0131k ve daha ya\u015fanabilir bir Ege ve T\u00fcrkiye i\u00e7in hep birlikte \u00e7al\u0131\u015fmaya devam edece\u011fiz. Ferdi Ba\u015fkan\u0131m\u0131z\u0131 hi\u00e7bir zaman unutmayaca\u011f\u0131z\u201d s\u00f6zleriyle konu\u015fmas\u0131n\u0131 tamamlad\u0131.\u00a0<\/p>\n<p>\u200bHaberin Al\u0131nt\u0131land\u0131\u011f\u0131 Kaynak: www.iskenderun.org<\/p>","protected":false},"excerpt":{"rendered":"<p>Elim bir kaza sonucu hayat\u0131n\u0131 kaybeden Ege Belediyeler Birli\u011fi Ba\u015fkan\u0131 Ferdi Zeyrek&#8217;in yerine Birlik Ba\u015fkan\u0131 se\u00e7imi yap\u0131ld\u0131. Yap\u0131lan oylama sonucu, Denizli B\u00fcy\u00fck\u015fehir Belediye Ba\u015fkan\u0131 B\u00fclent Nuri \u00c7avu\u015fo\u011flu oy birli\u011fiyle Ege Belediyeler Birli\u011fi Ba\u015fkanl\u0131\u011f\u0131\u2019na se\u00e7ildi.\u0130ZM\u0130R (\u0130GFA) &#8211; \u0130zmir B\u00fcy\u00fck\u015fehir Belediyesi Meclis Salonu\u2019nda d\u00fczenlenen toplant\u0131ya, Denizli B\u00fcy\u00fck\u015fehir Belediye Ba\u015fkan\u0131 B\u00fclent Nuri \u00c7avu\u015fo\u011flu, Manisa B\u00fcy\u00fck\u015fehir Belediye Ba\u015fkan\u0131 Besim Dutlulu, Mu\u011fla B\u00fcy\u00fck\u015fehir Belediye Ba\u015fkan\u0131 Ahmet Aras, \u00fcye il ve il\u00e7e belediye ba\u015fkanlar\u0131 ile meclis \u00fcyeleri kat\u0131ld\u0131. Toplant\u0131 Ba\u015fkanvekili Ac\u0131payam Belediye Ba\u015fkan\u0131 Levent Y\u0131ld\u0131r\u0131m idaresinde ba\u015flad\u0131. Denizli B\u00fcy\u00fck\u015fehir Belediye Ba\u015fkan\u0131 B\u00fclent Nuri \u00c7avu\u015fo\u011flu; Manisa B\u00fcy\u00fck\u015fehir Belediye Ba\u015fkan\u0131 Besim Dutlulu, Mu\u011fla B\u00fcy\u00fck\u015fehir Belediye Ba\u015fkan\u0131 Ahmet Aras, Ac\u0131payam Belediye Ba\u015fkan\u0131 Levent Y\u0131ld\u0131r\u0131m, Ba\u015fmak\u00e7\u0131 Belediye Ba\u015fkan\u0131 Sel\u00e7uk G\u00f6n\u00fcll\u00fc&#8217;n\u00fcn verdi\u011fi \u00f6nerge ile ba\u015fkanl\u0131\u011fa aday g\u00f6sterildi. Gizli oylama ile yap\u0131lan se\u00e7im sonucunda Denizli B\u00fcy\u00fck\u015fehir Belediye Ba\u015fkan\u0131 B\u00fclent Nuri \u00c7avu\u015fo\u011flu, oy birli\u011fiyle Ege Belediyeler Birli\u011fi Ba\u015fkanl\u0131\u011f\u0131\u2019na se\u00e7ildi. \u201cFerdi Ba\u015fkan\u0131m\u0131z\u0131n emaneti art\u0131k hepimizin sorumlulu\u011fudur\u201d Ege Belediyeler Birli\u011fi Ba\u015fkanl\u0131\u011f\u0131\u2019na se\u00e7ilen Denizli B\u00fcy\u00fck\u015fehir Belediye Ba\u015fkan\u0131 B\u00fclent Nuri \u00c7avu\u015fo\u011flu, duygusal bir konu\u015fma yapt\u0131. Konu\u015fmas\u0131nda Ferdi Zeyrek\u2019in vefat\u0131ndan duydu\u011fu derin \u00fcz\u00fcnt\u00fcy\u00fc dile getiren Ba\u015fkan \u00c7avu\u015fo\u011flu, \u015funlar\u0131 s\u00f6yledi, \u201cKe\u015fke bug\u00fcn burada b\u00f6yle bir g\u00f6rev devri i\u00e7in toplanmasayd\u0131k. Ferdi Ba\u015fkan\u0131m\u0131z, sadece Manisa&#8217;n\u0131n de\u011fil, t\u00fcm Ege\u2019nin hatta T\u00fcrkiye&#8217;nin g\u00f6nl\u00fcnde yer etmi\u015f bir liderdi. Onu tan\u0131yan herkes, i\u00e7tenli\u011fini, adaletli duru\u015funu &hellip;<\/p>","protected":false},"author":1,"featured_media":0,"comment_status":"","ping_status":"open","sticky":false,"template":"","format":"standard","meta":{"_acf_changed":false,"footnotes":""},"categories":[24],"tags":[],"class_list":["post-129436","post","type-post","status-publish","format-standard","has-post-thumbnail","hentry","category-gundem"],"acf":[],"yoast_head":"<!-- This site is optimized with the Yoast SEO Premium plugin v26.6 (Yoast SEO v27.1.1) - https:\/\/yoast.com\/product\/yoast-seo-premium-wordpress\/ -->\n<title>Ege Belediyeler Birli\u011fi&#039;nin yeni Ba\u015fkan\u0131 B\u00fclent Nuri \u00c7avu\u015fo\u011flu - Av. Deniz Can K\u0131z\u0131l<\/title>\n<meta name=\"robots\" content=\"index, follow, max-snippet:-1, max-image-preview:large, max-video-preview:-1\" \/>\n<link rel=\"canonical\" href=\"http:\/\/denizcankizil.tr\/uk\/haberler\/gundem\/ege-belediyeler-birliginin-yeni-baskani-bulent-nuri-cavusoglu\/\" \/>\n<meta property=\"og:locale\" content=\"uk_UA\" \/>\n<meta property=\"og:type\" content=\"article\" \/>\n<meta property=\"og:title\" content=\"Ege Belediyeler Birli\u011fi&#039;nin yeni Ba\u015fkan\u0131 B\u00fclent Nuri \u00c7avu\u015fo\u011flu\" \/>\n<meta property=\"og:description\" content=\"Elim bir kaza sonucu hayat\u0131n\u0131 kaybeden Ege Belediyeler Birli\u011fi Ba\u015fkan\u0131 Ferdi Zeyrek&#8217;in yerine Birlik Ba\u015fkan\u0131 se\u00e7imi yap\u0131ld\u0131. Yap\u0131lan oylama sonucu, Denizli B\u00fcy\u00fck\u015fehir Belediye Ba\u015fkan\u0131 B\u00fclent Nuri \u00c7avu\u015fo\u011flu oy birli\u011fiyle Ege Belediyeler Birli\u011fi Ba\u015fkanl\u0131\u011f\u0131\u2019na se\u00e7ildi.\u0130ZM\u0130R (\u0130GFA) &#8211; \u0130zmir B\u00fcy\u00fck\u015fehir Belediyesi Meclis Salonu\u2019nda d\u00fczenlenen toplant\u0131ya, Denizli B\u00fcy\u00fck\u015fehir Belediye Ba\u015fkan\u0131 B\u00fclent Nuri \u00c7avu\u015fo\u011flu, Manisa B\u00fcy\u00fck\u015fehir Belediye Ba\u015fkan\u0131 Besim Dutlulu, Mu\u011fla B\u00fcy\u00fck\u015fehir Belediye Ba\u015fkan\u0131 Ahmet Aras, \u00fcye il ve il\u00e7e belediye ba\u015fkanlar\u0131 ile meclis \u00fcyeleri kat\u0131ld\u0131. Toplant\u0131 Ba\u015fkanvekili Ac\u0131payam Belediye Ba\u015fkan\u0131 Levent Y\u0131ld\u0131r\u0131m idaresinde ba\u015flad\u0131. Denizli B\u00fcy\u00fck\u015fehir Belediye Ba\u015fkan\u0131 B\u00fclent Nuri \u00c7avu\u015fo\u011flu; Manisa B\u00fcy\u00fck\u015fehir Belediye Ba\u015fkan\u0131 Besim Dutlulu, Mu\u011fla B\u00fcy\u00fck\u015fehir Belediye Ba\u015fkan\u0131 Ahmet Aras, Ac\u0131payam Belediye Ba\u015fkan\u0131 Levent Y\u0131ld\u0131r\u0131m, Ba\u015fmak\u00e7\u0131 Belediye Ba\u015fkan\u0131 Sel\u00e7uk G\u00f6n\u00fcll\u00fc&#8217;n\u00fcn verdi\u011fi \u00f6nerge ile ba\u015fkanl\u0131\u011fa aday g\u00f6sterildi. Gizli oylama ile yap\u0131lan se\u00e7im sonucunda Denizli B\u00fcy\u00fck\u015fehir Belediye Ba\u015fkan\u0131 B\u00fclent Nuri \u00c7avu\u015fo\u011flu, oy birli\u011fiyle Ege Belediyeler Birli\u011fi Ba\u015fkanl\u0131\u011f\u0131\u2019na se\u00e7ildi. \u201cFerdi Ba\u015fkan\u0131m\u0131z\u0131n emaneti art\u0131k hepimizin sorumlulu\u011fudur\u201d Ege Belediyeler Birli\u011fi Ba\u015fkanl\u0131\u011f\u0131\u2019na se\u00e7ilen Denizli B\u00fcy\u00fck\u015fehir Belediye Ba\u015fkan\u0131 B\u00fclent Nuri \u00c7avu\u015fo\u011flu, duygusal bir konu\u015fma yapt\u0131. Konu\u015fmas\u0131nda Ferdi Zeyrek\u2019in vefat\u0131ndan duydu\u011fu derin \u00fcz\u00fcnt\u00fcy\u00fc dile getiren Ba\u015fkan \u00c7avu\u015fo\u011flu, \u015funlar\u0131 s\u00f6yledi, \u201cKe\u015fke bug\u00fcn burada b\u00f6yle bir g\u00f6rev devri i\u00e7in toplanmasayd\u0131k. Ferdi Ba\u015fkan\u0131m\u0131z, sadece Manisa&#8217;n\u0131n de\u011fil, t\u00fcm Ege\u2019nin hatta T\u00fcrkiye&#8217;nin g\u00f6nl\u00fcnde yer etmi\u015f bir liderdi. Onu tan\u0131yan herkes, i\u00e7tenli\u011fini, adaletli duru\u015funu &hellip;\" \/>\n<meta property=\"og:url\" content=\"http:\/\/denizcankizil.tr\/uk\/haberler\/gundem\/ege-belediyeler-birliginin-yeni-baskani-bulent-nuri-cavusoglu\/\" \/>\n<meta property=\"og:site_name\" content=\"Av. Deniz Can K\u0131z\u0131l\" \/>\n<meta property=\"article:published_time\" content=\"2025-06-28T13:42:16+00:00\" \/>\n<meta name=\"author\" content=\"admin\" \/>\n<meta name=\"twitter:card\" content=\"summary_large_image\" \/>\n<meta name=\"twitter:label1\" content=\"\u041d\u0430\u043f\u0438\u0441\u0430\u043d\u043e\" \/>\n\t<meta name=\"twitter:data1\" content=\"admin\" \/>\n\t<meta name=\"twitter:label2\" content=\"\u041f\u0440\u0438\u0431\u043b. \u0447\u0430\u0441 \u0447\u0438\u0442\u0430\u043d\u043d\u044f\" \/>\n\t<meta name=\"twitter:data2\" content=\"7 \u0445\u0432\u0438\u043b\u0438\u043d\" \/>\n<script type=\"application\/ld+json\" class=\"yoast-schema-graph\">{\"@context\":\"https:\/\/schema.org\",\"@graph\":[{\"@type\":\"Article\",\"@id\":\"http:\/\/denizcankizil.tr\/uk\/haberler\/gundem\/ege-belediyeler-birliginin-yeni-baskani-bulent-nuri-cavusoglu\/#article\",\"isPartOf\":{\"@id\":\"http:\/\/denizcankizil.tr\/uk\/haberler\/gundem\/ege-belediyeler-birliginin-yeni-baskani-bulent-nuri-cavusoglu\/\"},\"author\":{\"name\":\"admin\",\"@id\":\"https:\/\/denizcankizil.tr\/de\/#\/schema\/person\/be3c05fe6a12686905512445d8185489\"},\"headline\":\"Ege Belediyeler Birli\u011fi&#8217;nin yeni Ba\u015fkan\u0131 B\u00fclent Nuri \u00c7avu\u015fo\u011flu\",\"datePublished\":\"2025-06-28T13:42:16+00:00\",\"mainEntityOfPage\":{\"@id\":\"http:\/\/denizcankizil.tr\/uk\/haberler\/gundem\/ege-belediyeler-birliginin-yeni-baskani-bulent-nuri-cavusoglu\/\"},\"wordCount\":1334,\"publisher\":{\"@id\":\"https:\/\/denizcankizil.tr\/de\/#organization\"},\"articleSection\":[\"G\u00fcndem\"],\"inLanguage\":\"uk\"},{\"@type\":\"WebPage\",\"@id\":\"http:\/\/denizcankizil.tr\/uk\/haberler\/gundem\/ege-belediyeler-birliginin-yeni-baskani-bulent-nuri-cavusoglu\/\",\"url\":\"http:\/\/denizcankizil.tr\/uk\/haberler\/gundem\/ege-belediyeler-birliginin-yeni-baskani-bulent-nuri-cavusoglu\/\",\"name\":\"Ege Belediyeler Birli\u011fi'nin yeni Ba\u015fkan\u0131 B\u00fclent Nuri \u00c7avu\u015fo\u011flu - Av. Deniz Can K\u0131z\u0131l\",\"isPartOf\":{\"@id\":\"https:\/\/denizcankizil.tr\/de\/#website\"},\"datePublished\":\"2025-06-28T13:42:16+00:00\",\"breadcrumb\":{\"@id\":\"http:\/\/denizcankizil.tr\/uk\/haberler\/gundem\/ege-belediyeler-birliginin-yeni-baskani-bulent-nuri-cavusoglu\/#breadcrumb\"},\"inLanguage\":\"uk\",\"potentialAction\":[{\"@type\":\"ReadAction\",\"target\":[\"http:\/\/denizcankizil.tr\/uk\/haberler\/gundem\/ege-belediyeler-birliginin-yeni-baskani-bulent-nuri-cavusoglu\/\"]}]},{\"@type\":\"BreadcrumbList\",\"@id\":\"http:\/\/denizcankizil.tr\/uk\/haberler\/gundem\/ege-belediyeler-birliginin-yeni-baskani-bulent-nuri-cavusoglu\/#breadcrumb\",\"itemListElement\":[{\"@type\":\"ListItem\",\"position\":1,\"name\":\"Home\",\"item\":\"https:\/\/denizcankizil.tr\/de\/\"},{\"@type\":\"ListItem\",\"position\":2,\"name\":\"Ege Belediyeler Birli\u011fi&#8217;nin yeni Ba\u015fkan\u0131 B\u00fclent Nuri \u00c7avu\u015fo\u011flu\"}]},{\"@type\":\"WebSite\",\"@id\":\"https:\/\/denizcankizil.tr\/de\/#website\",\"url\":\"https:\/\/denizcankizil.tr\/de\/\",\"name\":\"Av. Deniz Can K\u0131z\u0131l\",\"description\":\"Avukat Deniz Can K\u0131z\u0131l Antalya Barosu\",\"publisher\":{\"@id\":\"https:\/\/denizcankizil.tr\/de\/#organization\"},\"potentialAction\":[{\"@type\":\"SearchAction\",\"target\":{\"@type\":\"EntryPoint\",\"urlTemplate\":\"https:\/\/denizcankizil.tr\/de\/?s={search_term_string}\"},\"query-input\":{\"@type\":\"PropertyValueSpecification\",\"valueRequired\":true,\"valueName\":\"search_term_string\"}}],\"inLanguage\":\"uk\"},{\"@type\":\"Organization\",\"@id\":\"https:\/\/denizcankizil.tr\/de\/#organization\",\"name\":\"Av. Deniz Can K\u0131z\u0131l\",\"url\":\"https:\/\/denizcankizil.tr\/de\/\",\"logo\":{\"@type\":\"ImageObject\",\"inLanguage\":\"uk\",\"@id\":\"https:\/\/denizcankizil.tr\/de\/#\/schema\/logo\/image\/\",\"url\":\"http:\/\/denizcankizil.tr\/wp-content\/uploads\/2024\/10\/siyah-logo-svg.svg\",\"contentUrl\":\"http:\/\/denizcankizil.tr\/wp-content\/uploads\/2024\/10\/siyah-logo-svg.svg\",\"width\":1080,\"height\":1080,\"caption\":\"Av. Deniz Can K\u0131z\u0131l\"},\"image\":{\"@id\":\"https:\/\/denizcankizil.tr\/de\/#\/schema\/logo\/image\/\"}},{\"@type\":\"Person\",\"@id\":\"https:\/\/denizcankizil.tr\/de\/#\/schema\/person\/be3c05fe6a12686905512445d8185489\",\"name\":\"admin\",\"image\":{\"@type\":\"ImageObject\",\"inLanguage\":\"uk\",\"@id\":\"https:\/\/denizcankizil.tr\/de\/#\/schema\/person\/image\/\",\"url\":\"https:\/\/secure.gravatar.com\/avatar\/c1fce94c830dc79107e174f890d7210541c4a63e8e5d816341794a2151c9d58c?s=96&d=mm&r=g\",\"contentUrl\":\"https:\/\/secure.gravatar.com\/avatar\/c1fce94c830dc79107e174f890d7210541c4a63e8e5d816341794a2151c9d58c?s=96&d=mm&r=g\",\"caption\":\"admin\"},\"sameAs\":[\"http:\/\/denizcankizil.tr\"],\"url\":\"https:\/\/www.iskenderun.org\/ege-belediyeler-birliginin-yeni-baskani-bulent-nuri-cavusoglu\"}]}<\/script>\n<!-- \/ Yoast SEO Premium plugin. -->","yoast_head_json":{"title":"Ege Belediyeler Birli\u011fi'nin yeni Ba\u015fkan\u0131 B\u00fclent Nuri \u00c7avu\u015fo\u011flu - Av. Deniz Can K\u0131z\u0131l","robots":{"index":"index","follow":"follow","max-snippet":"max-snippet:-1","max-image-preview":"max-image-preview:large","max-video-preview":"max-video-preview:-1"},"canonical":"http:\/\/denizcankizil.tr\/uk\/haberler\/gundem\/ege-belediyeler-birliginin-yeni-baskani-bulent-nuri-cavusoglu\/","og_locale":"uk_UA","og_type":"article","og_title":"Ege Belediyeler Birli\u011fi'nin yeni Ba\u015fkan\u0131 B\u00fclent Nuri \u00c7avu\u015fo\u011flu","og_description":"Elim bir kaza sonucu hayat\u0131n\u0131 kaybeden Ege Belediyeler Birli\u011fi Ba\u015fkan\u0131 Ferdi Zeyrek&#8217;in yerine Birlik Ba\u015fkan\u0131 se\u00e7imi yap\u0131ld\u0131. Yap\u0131lan oylama sonucu, Denizli B\u00fcy\u00fck\u015fehir Belediye Ba\u015fkan\u0131 B\u00fclent Nuri \u00c7avu\u015fo\u011flu oy birli\u011fiyle Ege Belediyeler Birli\u011fi Ba\u015fkanl\u0131\u011f\u0131\u2019na se\u00e7ildi.\u0130ZM\u0130R (\u0130GFA) &#8211; \u0130zmir B\u00fcy\u00fck\u015fehir Belediyesi Meclis Salonu\u2019nda d\u00fczenlenen toplant\u0131ya, Denizli B\u00fcy\u00fck\u015fehir Belediye Ba\u015fkan\u0131 B\u00fclent Nuri \u00c7avu\u015fo\u011flu, Manisa B\u00fcy\u00fck\u015fehir Belediye Ba\u015fkan\u0131 Besim Dutlulu, Mu\u011fla B\u00fcy\u00fck\u015fehir Belediye Ba\u015fkan\u0131 Ahmet Aras, \u00fcye il ve il\u00e7e belediye ba\u015fkanlar\u0131 ile meclis \u00fcyeleri kat\u0131ld\u0131. Toplant\u0131 Ba\u015fkanvekili Ac\u0131payam Belediye Ba\u015fkan\u0131 Levent Y\u0131ld\u0131r\u0131m idaresinde ba\u015flad\u0131. Denizli B\u00fcy\u00fck\u015fehir Belediye Ba\u015fkan\u0131 B\u00fclent Nuri \u00c7avu\u015fo\u011flu; Manisa B\u00fcy\u00fck\u015fehir Belediye Ba\u015fkan\u0131 Besim Dutlulu, Mu\u011fla B\u00fcy\u00fck\u015fehir Belediye Ba\u015fkan\u0131 Ahmet Aras, Ac\u0131payam Belediye Ba\u015fkan\u0131 Levent Y\u0131ld\u0131r\u0131m, Ba\u015fmak\u00e7\u0131 Belediye Ba\u015fkan\u0131 Sel\u00e7uk G\u00f6n\u00fcll\u00fc&#8217;n\u00fcn verdi\u011fi \u00f6nerge ile ba\u015fkanl\u0131\u011fa aday g\u00f6sterildi. Gizli oylama ile yap\u0131lan se\u00e7im sonucunda Denizli B\u00fcy\u00fck\u015fehir Belediye Ba\u015fkan\u0131 B\u00fclent Nuri \u00c7avu\u015fo\u011flu, oy birli\u011fiyle Ege Belediyeler Birli\u011fi Ba\u015fkanl\u0131\u011f\u0131\u2019na se\u00e7ildi. \u201cFerdi Ba\u015fkan\u0131m\u0131z\u0131n emaneti art\u0131k hepimizin sorumlulu\u011fudur\u201d Ege Belediyeler Birli\u011fi Ba\u015fkanl\u0131\u011f\u0131\u2019na se\u00e7ilen Denizli B\u00fcy\u00fck\u015fehir Belediye Ba\u015fkan\u0131 B\u00fclent Nuri \u00c7avu\u015fo\u011flu, duygusal bir konu\u015fma yapt\u0131. Konu\u015fmas\u0131nda Ferdi Zeyrek\u2019in vefat\u0131ndan duydu\u011fu derin \u00fcz\u00fcnt\u00fcy\u00fc dile getiren Ba\u015fkan \u00c7avu\u015fo\u011flu, \u015funlar\u0131 s\u00f6yledi, \u201cKe\u015fke bug\u00fcn burada b\u00f6yle bir g\u00f6rev devri i\u00e7in toplanmasayd\u0131k. Ferdi Ba\u015fkan\u0131m\u0131z, sadece Manisa&#8217;n\u0131n de\u011fil, t\u00fcm Ege\u2019nin hatta T\u00fcrkiye&#8217;nin g\u00f6nl\u00fcnde yer etmi\u015f bir liderdi. Onu tan\u0131yan herkes, i\u00e7tenli\u011fini, adaletli duru\u015funu &hellip;","og_url":"http:\/\/denizcankizil.tr\/uk\/haberler\/gundem\/ege-belediyeler-birliginin-yeni-baskani-bulent-nuri-cavusoglu\/","og_site_name":"Av. Deniz Can K\u0131z\u0131l","article_published_time":"2025-06-28T13:42:16+00:00","author":"admin","twitter_card":"summary_large_image","twitter_misc":{"\u041d\u0430\u043f\u0438\u0441\u0430\u043d\u043e":"admin","\u041f\u0440\u0438\u0431\u043b. \u0447\u0430\u0441 \u0447\u0438\u0442\u0430\u043d\u043d\u044f":"7 \u0445\u0432\u0438\u043b\u0438\u043d"},"schema":{"@context":"https:\/\/schema.org","@graph":[{"@type":"Article","@id":"http:\/\/denizcankizil.tr\/uk\/haberler\/gundem\/ege-belediyeler-birliginin-yeni-baskani-bulent-nuri-cavusoglu\/#article","isPartOf":{"@id":"http:\/\/denizcankizil.tr\/uk\/haberler\/gundem\/ege-belediyeler-birliginin-yeni-baskani-bulent-nuri-cavusoglu\/"},"author":{"name":"admin","@id":"https:\/\/denizcankizil.tr\/de\/#\/schema\/person\/be3c05fe6a12686905512445d8185489"},"headline":"Ege Belediyeler Birli\u011fi&#8217;nin yeni Ba\u015fkan\u0131 B\u00fclent Nuri \u00c7avu\u015fo\u011flu","datePublished":"2025-06-28T13:42:16+00:00","mainEntityOfPage":{"@id":"http:\/\/denizcankizil.tr\/uk\/haberler\/gundem\/ege-belediyeler-birliginin-yeni-baskani-bulent-nuri-cavusoglu\/"},"wordCount":1334,"publisher":{"@id":"https:\/\/denizcankizil.tr\/de\/#organization"},"articleSection":["G\u00fcndem"],"inLanguage":"uk"},{"@type":"WebPage","@id":"http:\/\/denizcankizil.tr\/uk\/haberler\/gundem\/ege-belediyeler-birliginin-yeni-baskani-bulent-nuri-cavusoglu\/","url":"http:\/\/denizcankizil.tr\/uk\/haberler\/gundem\/ege-belediyeler-birliginin-yeni-baskani-bulent-nuri-cavusoglu\/","name":"Ege Belediyeler Birli\u011fi'nin yeni Ba\u015fkan\u0131 B\u00fclent Nuri \u00c7avu\u015fo\u011flu - Av. Deniz Can K\u0131z\u0131l","isPartOf":{"@id":"https:\/\/denizcankizil.tr\/de\/#website"},"datePublished":"2025-06-28T13:42:16+00:00","breadcrumb":{"@id":"http:\/\/denizcankizil.tr\/uk\/haberler\/gundem\/ege-belediyeler-birliginin-yeni-baskani-bulent-nuri-cavusoglu\/#breadcrumb"},"inLanguage":"uk","potentialAction":[{"@type":"ReadAction","target":["http:\/\/denizcankizil.tr\/uk\/haberler\/gundem\/ege-belediyeler-birliginin-yeni-baskani-bulent-nuri-cavusoglu\/"]}]},{"@type":"BreadcrumbList","@id":"http:\/\/denizcankizil.tr\/uk\/haberler\/gundem\/ege-belediyeler-birliginin-yeni-baskani-bulent-nuri-cavusoglu\/#breadcrumb","itemListElement":[{"@type":"ListItem","position":1,"name":"Home","item":"https:\/\/denizcankizil.tr\/de\/"},{"@type":"ListItem","position":2,"name":"Ege Belediyeler Birli\u011fi&#8217;nin yeni Ba\u015fkan\u0131 B\u00fclent Nuri \u00c7avu\u015fo\u011flu"}]},{"@type":"WebSite","@id":"https:\/\/denizcankizil.tr\/de\/#website","url":"https:\/\/denizcankizil.tr\/de\/","name":"Av. Deniz Can K\u0131z\u0131l","description":"Avukat Deniz Can K\u0131z\u0131l Antalya Barosu","publisher":{"@id":"https:\/\/denizcankizil.tr\/de\/#organization"},"potentialAction":[{"@type":"SearchAction","target":{"@type":"EntryPoint","urlTemplate":"https:\/\/denizcankizil.tr\/de\/?s={search_term_string}"},"query-input":{"@type":"PropertyValueSpecification","valueRequired":true,"valueName":"search_term_string"}}],"inLanguage":"uk"},{"@type":"Organization","@id":"https:\/\/denizcankizil.tr\/de\/#organization","name":"Av. Deniz Can K\u0131z\u0131l","url":"https:\/\/denizcankizil.tr\/de\/","logo":{"@type":"ImageObject","inLanguage":"uk","@id":"https:\/\/denizcankizil.tr\/de\/#\/schema\/logo\/image\/","url":"http:\/\/denizcankizil.tr\/wp-content\/uploads\/2024\/10\/siyah-logo-svg.svg","contentUrl":"http:\/\/denizcankizil.tr\/wp-content\/uploads\/2024\/10\/siyah-logo-svg.svg","width":1080,"height":1080,"caption":"Av. Deniz Can K\u0131z\u0131l"},"image":{"@id":"https:\/\/denizcankizil.tr\/de\/#\/schema\/logo\/image\/"}},{"@type":"Person","@id":"https:\/\/denizcankizil.tr\/de\/#\/schema\/person\/be3c05fe6a12686905512445d8185489","name":"\u0430\u0434\u043c\u0456\u043d","image":{"@type":"ImageObject","inLanguage":"uk","@id":"https:\/\/denizcankizil.tr\/de\/#\/schema\/person\/image\/","url":"https:\/\/secure.gravatar.com\/avatar\/c1fce94c830dc79107e174f890d7210541c4a63e8e5d816341794a2151c9d58c?s=96&d=mm&r=g","contentUrl":"https:\/\/secure.gravatar.com\/avatar\/c1fce94c830dc79107e174f890d7210541c4a63e8e5d816341794a2151c9d58c?s=96&d=mm&r=g","caption":"admin"},"sameAs":["http:\/\/denizcankizil.tr"],"url":"https:\/\/www.iskenderun.org\/ege-belediyeler-birliginin-yeni-baskani-bulent-nuri-cavusoglu"}]}},"_links":{"self":[{"href":"http:\/\/denizcankizil.tr\/uk\/wp-json\/wp\/v2\/posts\/129436","targetHints":{"allow":["GET"]}}],"collection":[{"href":"http:\/\/denizcankizil.tr\/uk\/wp-json\/wp\/v2\/posts"}],"about":[{"href":"http:\/\/denizcankizil.tr\/uk\/wp-json\/wp\/v2\/types\/post"}],"author":[{"embeddable":true,"href":"http:\/\/denizcankizil.tr\/uk\/wp-json\/wp\/v2\/users\/1"}],"replies":[{"embeddable":true,"href":"http:\/\/denizcankizil.tr\/uk\/wp-json\/wp\/v2\/comments?post=129436"}],"version-history":[{"count":0,"href":"http:\/\/denizcankizil.tr\/uk\/wp-json\/wp\/v2\/posts\/129436\/revisions"}],"wp:attachment":[{"href":"http:\/\/denizcankizil.tr\/uk\/wp-json\/wp\/v2\/media?parent=129436"}],"wp:term":[{"taxonomy":"category","embeddable":true,"href":"http:\/\/denizcankizil.tr\/uk\/wp-json\/wp\/v2\/categories?post=129436"},{"taxonomy":"post_tag","embeddable":true,"href":"http:\/\/denizcankizil.tr\/uk\/wp-json\/wp\/v2\/tags?post=129436"}],"curies":[{"name":"wp","href":"https:\/\/api.w.org\/{rel}","templated":true}]}}