{"id":126939,"date":"2025-06-26T09:41:24","date_gmt":"2025-06-26T06:41:24","guid":{"rendered":"https:\/\/denizcankizil.tr\/uncategorized-tr\/antalyada-kapatilmasi-krize-neden-olmustu-buyuksehir-geri-adim-atti-acildi\/"},"modified":"2025-06-26T09:41:24","modified_gmt":"2025-06-26T06:41:24","slug":"antalyada-kapatilmasi-krize-neden-olmustu-buyuksehir-geri-adim-atti-acildi","status":"publish","type":"post","link":"http:\/\/denizcankizil.tr\/uk\/haberler\/gundem\/antalyada-kapatilmasi-krize-neden-olmustu-buyuksehir-geri-adim-atti-acildi\/","title":{"rendered":"Antalya\u2019da kapat\u0131lmas\u0131 krize neden olmu\u015ftu: B\u00fcy\u00fck\u015fehir geri ad\u0131m att\u0131, a\u00e7\u0131ld\u0131!"},"content":{"rendered":"<p>Antalya\u2019da yo\u011funlu\u011funu azaltmak ve toplu ta\u015f\u0131may\u0131 te\u015fvik etmek i\u00e7in otob\u00fcslere ayr\u0131lan sa\u011f \u015ferit uygulamas\u0131 Antalya B\u00fcy\u00fck\u015fehir Belediyesi taraf\u0131ndan ba\u015flat\u0131ld\u0131. \u0130lk etapta Mevlana Kav\u015fa\u011f\u0131 ile G\u00fcll\u00fck Kav\u015fa\u011f\u0131 aras\u0131nda devreye al\u0131nan sistem, k\u0131sa s\u00fcrede Antalyaspor ve Sa\u011fl\u0131k M\u00fcd\u00fcrl\u00fc\u011f\u00fc Kav\u015faklar\u0131na kadar geni\u015fledi. Bu kapsamda her g\u00fcn y\u00fczlerce s\u00fcr\u00fcc\u00fcn\u00fcn kulland\u0131\u011f\u0131 \u00dcniversite Caddesi&#8217;ne d\u00f6nen yol trafi\u011fe kapat\u0131lm\u0131\u015ft\u0131. Kentte krize d\u00f6nen kararda b\u00fcy\u00fck\u015fehir belediyesi geri ad\u0131m atarak yolu trafi\u011fe a\u00e7t\u0131.<\/p>\n<p>SA\u011e \u015eER\u0130T UYGULAMASI BA\u015eLADI<\/p>\n<p>Antalya K\u00f6rfez Gazetesi Muhabiri Ertu\u011frul G\u00fcn&#8217;\u00fcn \u00f6zel haberine g\u00f6re Antalya B\u00fcy\u00fck\u015fehir Belediyesi, Antalya\u2019da son y\u0131llarda trafi\u011fe kay\u0131tl\u0131 ara\u00e7 say\u0131s\u0131n\u0131n artmas\u0131 ve yo\u011fun g\u00f6\u00e7le birlikte trafik zaman zaman ya\u015fanan yo\u011funlu\u011funu azaltmak ve toplu ta\u015f\u0131may\u0131 \u00f6zendirmek amac\u0131yla yeni uygulamalar\u0131 hayata ge\u00e7irdi. Bu kapsamda halk otob\u00fcsleri i\u00e7in zorunlu sa\u011f \u015ferit uygulamas\u0131 ba\u015flad\u0131. Ge\u00e7i\u015fleri h\u0131zl\u0131 sa\u011flamak amac\u0131yla sa\u011f \u015feritler boyand\u0131 ve bilgilendirme tabelalar\u0131 kondu. Sistem, k\u0131sa s\u00fcrede Antalyaspor ve Sa\u011fl\u0131k M\u00fcd\u00fcrl\u00fc\u011f\u00fc Kav\u015faklar\u0131na kadar geni\u015fledi.<\/p>\n<p>TRAF\u0130\u011e\u0130 DAHA DA SIKI\u015eTIRDI<\/p>\n<p>Yeni sistem kapsam\u0131nda bir tak\u0131m yeni d\u00fczenlemelere gidildi. UKOME karar\u0131 ile Konyaalt\u0131 il\u00e7esinde Atat\u00fcrk Bulvar\u0131&#8217;ndan \u00dcniversite Caddesi&#8217;ne d\u00f6nen yol UKOME karar\u0131yla trafi\u011fe kapat\u0131ld\u0131. Bu durum, \u00f6zellikle Akdeniz \u00dcniversitesi ve Toros mahallesine giden \u00dcniversite Caddesi\u2019nin kapanmas\u0131 nedeniyle P\u0131narba\u015f\u0131 Bulvar\u0131\u2019nda trafi\u011fin s\u0131k\u0131\u015fmas\u0131na yol a\u00e7m\u0131\u015ft\u0131.<\/p>\n<p>KR\u0130ZE NEDEN OLMU\u015eTU<\/p>\n<p>Karar kentte k\u0131sa s\u00fcrede b\u00fcy\u00fck bir krize neden olmu\u015ftu. S\u00fcr\u00fcc\u00fcler al\u0131nan karardan geri ad\u0131m at\u0131lmas\u0131n\u0131 isteyerek, yolun tekrar a\u00e7\u0131lmas\u0131n\u0131 talep etmi\u015fti. Antalya B\u00fcy\u00fck\u015fehir Belediyesi Ula\u015f\u0131m Daire Ba\u015fkanl\u0131\u011f\u0131 gelen tepkilerin ard\u0131ndan harekete ge\u00e7ti. Al\u0131nan karardan geri ad\u0131m at\u0131ld\u0131. Yeni bir karar al\u0131narak yol yeniden trafi\u011fe a\u00e7\u0131ld\u0131. B\u00f6ylelikle kriz k\u0131sa s\u00fcrede \u00e7\u00f6z\u00fclm\u00fc\u015f oldu. Antalya B\u00fcy\u00fck\u015fehir belediye meclisinde de g\u00fcndeme gelen yol, yeniden kullan\u0131lmaya ba\u015fland\u0131.<\/p>\n<p>\u200bAntalya\u2019da bir s\u00fcre \u00f6nce toplu ta\u015f\u0131may\u0131 te\u015fvik etmek i\u00e7in otob\u00fcslere ayr\u0131lan sa\u011f \u015ferit uygulamas\u0131 kapsam\u0131nda \u00dcniversite Caddesi&#8217;ne d\u00f6nen yol trafi\u011fe kapat\u0131lm\u0131\u015ft\u0131. Kentte krize d\u00f6nen kararda b\u00fcy\u00fck\u015fehir belediyesi geri ad\u0131m atarak yolu trafi\u011fe a\u00e7t\u0131.\u00a0<\/p>\n<p>\u200bHaberin Al\u0131nt\u0131land\u0131\u011f\u0131 Kaynak: www.antalyakorfez.com<\/p>","protected":false},"excerpt":{"rendered":"<p>Antalya\u2019da yo\u011funlu\u011funu azaltmak ve toplu ta\u015f\u0131may\u0131 te\u015fvik etmek i\u00e7in otob\u00fcslere ayr\u0131lan sa\u011f \u015ferit uygulamas\u0131 Antalya B\u00fcy\u00fck\u015fehir Belediyesi taraf\u0131ndan ba\u015flat\u0131ld\u0131. \u0130lk etapta Mevlana Kav\u015fa\u011f\u0131 ile G\u00fcll\u00fck Kav\u015fa\u011f\u0131 aras\u0131nda devreye al\u0131nan sistem, k\u0131sa s\u00fcrede Antalyaspor ve Sa\u011fl\u0131k M\u00fcd\u00fcrl\u00fc\u011f\u00fc Kav\u015faklar\u0131na kadar geni\u015fledi. Bu kapsamda her g\u00fcn y\u00fczlerce s\u00fcr\u00fcc\u00fcn\u00fcn kulland\u0131\u011f\u0131 \u00dcniversite Caddesi&#8217;ne d\u00f6nen yol trafi\u011fe kapat\u0131lm\u0131\u015ft\u0131. Kentte krize d\u00f6nen kararda b\u00fcy\u00fck\u015fehir belediyesi geri ad\u0131m atarak yolu trafi\u011fe a\u00e7t\u0131. SA\u011e \u015eER\u0130T UYGULAMASI BA\u015eLADI Antalya K\u00f6rfez Gazetesi Muhabiri Ertu\u011frul G\u00fcn&#8217;\u00fcn \u00f6zel haberine g\u00f6re Antalya B\u00fcy\u00fck\u015fehir Belediyesi, Antalya\u2019da son y\u0131llarda trafi\u011fe kay\u0131tl\u0131 ara\u00e7 say\u0131s\u0131n\u0131n artmas\u0131 ve yo\u011fun g\u00f6\u00e7le birlikte trafik zaman zaman ya\u015fanan yo\u011funlu\u011funu azaltmak ve toplu ta\u015f\u0131may\u0131 \u00f6zendirmek amac\u0131yla yeni uygulamalar\u0131 hayata ge\u00e7irdi. Bu kapsamda halk otob\u00fcsleri i\u00e7in zorunlu sa\u011f \u015ferit uygulamas\u0131 ba\u015flad\u0131. Ge\u00e7i\u015fleri h\u0131zl\u0131 sa\u011flamak amac\u0131yla sa\u011f \u015feritler boyand\u0131 ve bilgilendirme tabelalar\u0131 kondu. Sistem, k\u0131sa s\u00fcrede Antalyaspor ve Sa\u011fl\u0131k M\u00fcd\u00fcrl\u00fc\u011f\u00fc Kav\u015faklar\u0131na kadar geni\u015fledi. TRAF\u0130\u011e\u0130 DAHA DA SIKI\u015eTIRDI Yeni sistem kapsam\u0131nda bir tak\u0131m yeni d\u00fczenlemelere gidildi. UKOME karar\u0131 ile Konyaalt\u0131 il\u00e7esinde Atat\u00fcrk Bulvar\u0131&#8217;ndan \u00dcniversite Caddesi&#8217;ne d\u00f6nen yol UKOME karar\u0131yla trafi\u011fe kapat\u0131ld\u0131. Bu durum, \u00f6zellikle Akdeniz \u00dcniversitesi ve Toros mahallesine giden \u00dcniversite Caddesi\u2019nin kapanmas\u0131 nedeniyle P\u0131narba\u015f\u0131 Bulvar\u0131\u2019nda trafi\u011fin s\u0131k\u0131\u015fmas\u0131na yol a\u00e7m\u0131\u015ft\u0131. KR\u0130ZE NEDEN OLMU\u015eTU Karar kentte k\u0131sa s\u00fcrede b\u00fcy\u00fck bir krize neden olmu\u015ftu. S\u00fcr\u00fcc\u00fcler al\u0131nan karardan geri &hellip;<\/p>","protected":false},"author":5,"featured_media":0,"comment_status":"","ping_status":"open","sticky":false,"template":"","format":"standard","meta":{"_acf_changed":false,"footnotes":""},"categories":[24],"tags":[],"class_list":["post-126939","post","type-post","status-publish","format-standard","has-post-thumbnail","hentry","category-gundem"],"acf":[],"yoast_head":"<!-- This site is optimized with the Yoast SEO Premium plugin v26.6 (Yoast SEO v27.1.1) - https:\/\/yoast.com\/product\/yoast-seo-premium-wordpress\/ -->\n<title>Antalya\u2019da kapat\u0131lmas\u0131 krize neden olmu\u015ftu: B\u00fcy\u00fck\u015fehir geri ad\u0131m att\u0131, a\u00e7\u0131ld\u0131! - Av. Deniz Can K\u0131z\u0131l<\/title>\n<meta name=\"robots\" content=\"index, follow, max-snippet:-1, max-image-preview:large, max-video-preview:-1\" \/>\n<link rel=\"canonical\" href=\"http:\/\/denizcankizil.tr\/uk\/haberler\/gundem\/antalyada-kapatilmasi-krize-neden-olmustu-buyuksehir-geri-adim-atti-acildi\/\" \/>\n<meta property=\"og:locale\" content=\"uk_UA\" \/>\n<meta property=\"og:type\" content=\"article\" \/>\n<meta property=\"og:title\" content=\"Antalya\u2019da kapat\u0131lmas\u0131 krize neden olmu\u015ftu: B\u00fcy\u00fck\u015fehir geri ad\u0131m att\u0131, a\u00e7\u0131ld\u0131!\" \/>\n<meta property=\"og:description\" content=\"Antalya\u2019da yo\u011funlu\u011funu azaltmak ve toplu ta\u015f\u0131may\u0131 te\u015fvik etmek i\u00e7in otob\u00fcslere ayr\u0131lan sa\u011f \u015ferit uygulamas\u0131 Antalya B\u00fcy\u00fck\u015fehir Belediyesi taraf\u0131ndan ba\u015flat\u0131ld\u0131. \u0130lk etapta Mevlana Kav\u015fa\u011f\u0131 ile G\u00fcll\u00fck Kav\u015fa\u011f\u0131 aras\u0131nda devreye al\u0131nan sistem, k\u0131sa s\u00fcrede Antalyaspor ve Sa\u011fl\u0131k M\u00fcd\u00fcrl\u00fc\u011f\u00fc Kav\u015faklar\u0131na kadar geni\u015fledi. Bu kapsamda her g\u00fcn y\u00fczlerce s\u00fcr\u00fcc\u00fcn\u00fcn kulland\u0131\u011f\u0131 \u00dcniversite Caddesi&#8217;ne d\u00f6nen yol trafi\u011fe kapat\u0131lm\u0131\u015ft\u0131. Kentte krize d\u00f6nen kararda b\u00fcy\u00fck\u015fehir belediyesi geri ad\u0131m atarak yolu trafi\u011fe a\u00e7t\u0131. SA\u011e \u015eER\u0130T UYGULAMASI BA\u015eLADI Antalya K\u00f6rfez Gazetesi Muhabiri Ertu\u011frul G\u00fcn&#8217;\u00fcn \u00f6zel haberine g\u00f6re Antalya B\u00fcy\u00fck\u015fehir Belediyesi, Antalya\u2019da son y\u0131llarda trafi\u011fe kay\u0131tl\u0131 ara\u00e7 say\u0131s\u0131n\u0131n artmas\u0131 ve yo\u011fun g\u00f6\u00e7le birlikte trafik zaman zaman ya\u015fanan yo\u011funlu\u011funu azaltmak ve toplu ta\u015f\u0131may\u0131 \u00f6zendirmek amac\u0131yla yeni uygulamalar\u0131 hayata ge\u00e7irdi. Bu kapsamda halk otob\u00fcsleri i\u00e7in zorunlu sa\u011f \u015ferit uygulamas\u0131 ba\u015flad\u0131. Ge\u00e7i\u015fleri h\u0131zl\u0131 sa\u011flamak amac\u0131yla sa\u011f \u015feritler boyand\u0131 ve bilgilendirme tabelalar\u0131 kondu. Sistem, k\u0131sa s\u00fcrede Antalyaspor ve Sa\u011fl\u0131k M\u00fcd\u00fcrl\u00fc\u011f\u00fc Kav\u015faklar\u0131na kadar geni\u015fledi. TRAF\u0130\u011e\u0130 DAHA DA SIKI\u015eTIRDI Yeni sistem kapsam\u0131nda bir tak\u0131m yeni d\u00fczenlemelere gidildi. UKOME karar\u0131 ile Konyaalt\u0131 il\u00e7esinde Atat\u00fcrk Bulvar\u0131&#8217;ndan \u00dcniversite Caddesi&#8217;ne d\u00f6nen yol UKOME karar\u0131yla trafi\u011fe kapat\u0131ld\u0131. Bu durum, \u00f6zellikle Akdeniz \u00dcniversitesi ve Toros mahallesine giden \u00dcniversite Caddesi\u2019nin kapanmas\u0131 nedeniyle P\u0131narba\u015f\u0131 Bulvar\u0131\u2019nda trafi\u011fin s\u0131k\u0131\u015fmas\u0131na yol a\u00e7m\u0131\u015ft\u0131. KR\u0130ZE NEDEN OLMU\u015eTU Karar kentte k\u0131sa s\u00fcrede b\u00fcy\u00fck bir krize neden olmu\u015ftu. S\u00fcr\u00fcc\u00fcler al\u0131nan karardan geri &hellip;\" \/>\n<meta property=\"og:url\" content=\"http:\/\/denizcankizil.tr\/uk\/haberler\/gundem\/antalyada-kapatilmasi-krize-neden-olmustu-buyuksehir-geri-adim-atti-acildi\/\" \/>\n<meta property=\"og:site_name\" content=\"Av. Deniz Can K\u0131z\u0131l\" \/>\n<meta property=\"article:published_time\" content=\"2025-06-26T06:41:24+00:00\" \/>\n<meta name=\"author\" content=\"Antalya K\u00f6rfez\" \/>\n<meta name=\"twitter:card\" content=\"summary_large_image\" \/>\n<meta name=\"twitter:label1\" content=\"\u041d\u0430\u043f\u0438\u0441\u0430\u043d\u043e\" \/>\n\t<meta name=\"twitter:data1\" content=\"Antalya K\u00f6rfez\" \/>\n\t<meta name=\"twitter:label2\" content=\"\u041f\u0440\u0438\u0431\u043b. \u0447\u0430\u0441 \u0447\u0438\u0442\u0430\u043d\u043d\u044f\" \/>\n\t<meta name=\"twitter:data2\" content=\"2 \u0445\u0432\u0438\u043b\u0438\u043d\u0438\" \/>\n<script type=\"application\/ld+json\" class=\"yoast-schema-graph\">{\"@context\":\"https:\/\/schema.org\",\"@graph\":[{\"@type\":\"Article\",\"@id\":\"http:\/\/denizcankizil.tr\/de\/haberler\/gundem\/antalyada-kapatilmasi-krize-neden-olmustu-buyuksehir-geri-adim-atti-acildi\/#article\",\"isPartOf\":{\"@id\":\"http:\/\/denizcankizil.tr\/de\/haberler\/gundem\/antalyada-kapatilmasi-krize-neden-olmustu-buyuksehir-geri-adim-atti-acildi\/\"},\"author\":{\"name\":\"Antalya K\u00f6rfez\",\"@id\":\"https:\/\/denizcankizil.tr\/de\/#\/schema\/person\/e1eb71bb4dd684d46563f0af307e1234\"},\"headline\":\"Antalya\u2019da kapat\u0131lmas\u0131 krize neden olmu\u015ftu: B\u00fcy\u00fck\u015fehir geri ad\u0131m att\u0131, a\u00e7\u0131ld\u0131!\",\"datePublished\":\"2025-06-26T06:41:24+00:00\",\"mainEntityOfPage\":{\"@id\":\"http:\/\/denizcankizil.tr\/de\/haberler\/gundem\/antalyada-kapatilmasi-krize-neden-olmustu-buyuksehir-geri-adim-atti-acildi\/\"},\"wordCount\":478,\"publisher\":{\"@id\":\"https:\/\/denizcankizil.tr\/de\/#organization\"},\"articleSection\":[\"G\u00fcndem\"],\"inLanguage\":\"uk\"},{\"@type\":\"WebPage\",\"@id\":\"http:\/\/denizcankizil.tr\/de\/haberler\/gundem\/antalyada-kapatilmasi-krize-neden-olmustu-buyuksehir-geri-adim-atti-acildi\/\",\"url\":\"http:\/\/denizcankizil.tr\/de\/haberler\/gundem\/antalyada-kapatilmasi-krize-neden-olmustu-buyuksehir-geri-adim-atti-acildi\/\",\"name\":\"Antalya\u2019da kapat\u0131lmas\u0131 krize neden olmu\u015ftu: B\u00fcy\u00fck\u015fehir geri ad\u0131m att\u0131, a\u00e7\u0131ld\u0131! - Av. Deniz Can K\u0131z\u0131l\",\"isPartOf\":{\"@id\":\"https:\/\/denizcankizil.tr\/de\/#website\"},\"datePublished\":\"2025-06-26T06:41:24+00:00\",\"breadcrumb\":{\"@id\":\"http:\/\/denizcankizil.tr\/de\/haberler\/gundem\/antalyada-kapatilmasi-krize-neden-olmustu-buyuksehir-geri-adim-atti-acildi\/#breadcrumb\"},\"inLanguage\":\"uk\",\"potentialAction\":[{\"@type\":\"ReadAction\",\"target\":[\"http:\/\/denizcankizil.tr\/de\/haberler\/gundem\/antalyada-kapatilmasi-krize-neden-olmustu-buyuksehir-geri-adim-atti-acildi\/\"]}]},{\"@type\":\"BreadcrumbList\",\"@id\":\"http:\/\/denizcankizil.tr\/de\/haberler\/gundem\/antalyada-kapatilmasi-krize-neden-olmustu-buyuksehir-geri-adim-atti-acildi\/#breadcrumb\",\"itemListElement\":[{\"@type\":\"ListItem\",\"position\":1,\"name\":\"Home\",\"item\":\"https:\/\/denizcankizil.tr\/de\/\"},{\"@type\":\"ListItem\",\"position\":2,\"name\":\"Antalya\u2019da kapat\u0131lmas\u0131 krize neden olmu\u015ftu: B\u00fcy\u00fck\u015fehir geri ad\u0131m att\u0131, a\u00e7\u0131ld\u0131!\"}]},{\"@type\":\"WebSite\",\"@id\":\"https:\/\/denizcankizil.tr\/de\/#website\",\"url\":\"https:\/\/denizcankizil.tr\/de\/\",\"name\":\"Av. Deniz Can K\u0131z\u0131l\",\"description\":\"Avukat Deniz Can K\u0131z\u0131l Antalya Barosu\",\"publisher\":{\"@id\":\"https:\/\/denizcankizil.tr\/de\/#organization\"},\"potentialAction\":[{\"@type\":\"SearchAction\",\"target\":{\"@type\":\"EntryPoint\",\"urlTemplate\":\"https:\/\/denizcankizil.tr\/de\/?s={search_term_string}\"},\"query-input\":{\"@type\":\"PropertyValueSpecification\",\"valueRequired\":true,\"valueName\":\"search_term_string\"}}],\"inLanguage\":\"uk\"},{\"@type\":\"Organization\",\"@id\":\"https:\/\/denizcankizil.tr\/de\/#organization\",\"name\":\"Av. Deniz Can K\u0131z\u0131l\",\"url\":\"https:\/\/denizcankizil.tr\/de\/\",\"logo\":{\"@type\":\"ImageObject\",\"inLanguage\":\"uk\",\"@id\":\"https:\/\/denizcankizil.tr\/de\/#\/schema\/logo\/image\/\",\"url\":\"http:\/\/denizcankizil.tr\/wp-content\/uploads\/2024\/10\/siyah-logo-svg.svg\",\"contentUrl\":\"http:\/\/denizcankizil.tr\/wp-content\/uploads\/2024\/10\/siyah-logo-svg.svg\",\"width\":1080,\"height\":1080,\"caption\":\"Av. Deniz Can K\u0131z\u0131l\"},\"image\":{\"@id\":\"https:\/\/denizcankizil.tr\/de\/#\/schema\/logo\/image\/\"}},{\"@type\":\"Person\",\"@id\":\"https:\/\/denizcankizil.tr\/de\/#\/schema\/person\/e1eb71bb4dd684d46563f0af307e1234\",\"name\":\"Antalya K\u00f6rfez\",\"image\":{\"@type\":\"ImageObject\",\"inLanguage\":\"uk\",\"@id\":\"https:\/\/denizcankizil.tr\/de\/#\/schema\/person\/image\/\",\"url\":\"https:\/\/secure.gravatar.com\/avatar\/42b01982558a48a0b501fdcab6a408d3717ea5919095ee2e67b0e521799c5905?s=96&d=mm&r=g\",\"contentUrl\":\"https:\/\/secure.gravatar.com\/avatar\/42b01982558a48a0b501fdcab6a408d3717ea5919095ee2e67b0e521799c5905?s=96&d=mm&r=g\",\"caption\":\"Antalya K\u00f6rfez\"},\"sameAs\":[\"http:\/\/www.antalyakorfez.com\"],\"url\":\"https:\/\/www.antalyakorfez.com\/antalyada-kapatilmasi-krize-neden-olmustu-buyuksehir-geri-adim-atti-acildi\"}]}<\/script>\n<!-- \/ Yoast SEO Premium plugin. -->","yoast_head_json":{"title":"Antalya\u2019da kapat\u0131lmas\u0131 krize neden olmu\u015ftu: B\u00fcy\u00fck\u015fehir geri ad\u0131m att\u0131, a\u00e7\u0131ld\u0131! - Av. Deniz Can K\u0131z\u0131l","robots":{"index":"index","follow":"follow","max-snippet":"max-snippet:-1","max-image-preview":"max-image-preview:large","max-video-preview":"max-video-preview:-1"},"canonical":"http:\/\/denizcankizil.tr\/uk\/haberler\/gundem\/antalyada-kapatilmasi-krize-neden-olmustu-buyuksehir-geri-adim-atti-acildi\/","og_locale":"uk_UA","og_type":"article","og_title":"Antalya\u2019da kapat\u0131lmas\u0131 krize neden olmu\u015ftu: B\u00fcy\u00fck\u015fehir geri ad\u0131m att\u0131, a\u00e7\u0131ld\u0131!","og_description":"Antalya\u2019da yo\u011funlu\u011funu azaltmak ve toplu ta\u015f\u0131may\u0131 te\u015fvik etmek i\u00e7in otob\u00fcslere ayr\u0131lan sa\u011f \u015ferit uygulamas\u0131 Antalya B\u00fcy\u00fck\u015fehir Belediyesi taraf\u0131ndan ba\u015flat\u0131ld\u0131. \u0130lk etapta Mevlana Kav\u015fa\u011f\u0131 ile G\u00fcll\u00fck Kav\u015fa\u011f\u0131 aras\u0131nda devreye al\u0131nan sistem, k\u0131sa s\u00fcrede Antalyaspor ve Sa\u011fl\u0131k M\u00fcd\u00fcrl\u00fc\u011f\u00fc Kav\u015faklar\u0131na kadar geni\u015fledi. Bu kapsamda her g\u00fcn y\u00fczlerce s\u00fcr\u00fcc\u00fcn\u00fcn kulland\u0131\u011f\u0131 \u00dcniversite Caddesi&#8217;ne d\u00f6nen yol trafi\u011fe kapat\u0131lm\u0131\u015ft\u0131. Kentte krize d\u00f6nen kararda b\u00fcy\u00fck\u015fehir belediyesi geri ad\u0131m atarak yolu trafi\u011fe a\u00e7t\u0131. SA\u011e \u015eER\u0130T UYGULAMASI BA\u015eLADI Antalya K\u00f6rfez Gazetesi Muhabiri Ertu\u011frul G\u00fcn&#8217;\u00fcn \u00f6zel haberine g\u00f6re Antalya B\u00fcy\u00fck\u015fehir Belediyesi, Antalya\u2019da son y\u0131llarda trafi\u011fe kay\u0131tl\u0131 ara\u00e7 say\u0131s\u0131n\u0131n artmas\u0131 ve yo\u011fun g\u00f6\u00e7le birlikte trafik zaman zaman ya\u015fanan yo\u011funlu\u011funu azaltmak ve toplu ta\u015f\u0131may\u0131 \u00f6zendirmek amac\u0131yla yeni uygulamalar\u0131 hayata ge\u00e7irdi. Bu kapsamda halk otob\u00fcsleri i\u00e7in zorunlu sa\u011f \u015ferit uygulamas\u0131 ba\u015flad\u0131. Ge\u00e7i\u015fleri h\u0131zl\u0131 sa\u011flamak amac\u0131yla sa\u011f \u015feritler boyand\u0131 ve bilgilendirme tabelalar\u0131 kondu. Sistem, k\u0131sa s\u00fcrede Antalyaspor ve Sa\u011fl\u0131k M\u00fcd\u00fcrl\u00fc\u011f\u00fc Kav\u015faklar\u0131na kadar geni\u015fledi. TRAF\u0130\u011e\u0130 DAHA DA SIKI\u015eTIRDI Yeni sistem kapsam\u0131nda bir tak\u0131m yeni d\u00fczenlemelere gidildi. UKOME karar\u0131 ile Konyaalt\u0131 il\u00e7esinde Atat\u00fcrk Bulvar\u0131&#8217;ndan \u00dcniversite Caddesi&#8217;ne d\u00f6nen yol UKOME karar\u0131yla trafi\u011fe kapat\u0131ld\u0131. Bu durum, \u00f6zellikle Akdeniz \u00dcniversitesi ve Toros mahallesine giden \u00dcniversite Caddesi\u2019nin kapanmas\u0131 nedeniyle P\u0131narba\u015f\u0131 Bulvar\u0131\u2019nda trafi\u011fin s\u0131k\u0131\u015fmas\u0131na yol a\u00e7m\u0131\u015ft\u0131. KR\u0130ZE NEDEN OLMU\u015eTU Karar kentte k\u0131sa s\u00fcrede b\u00fcy\u00fck bir krize neden olmu\u015ftu. S\u00fcr\u00fcc\u00fcler al\u0131nan karardan geri &hellip;","og_url":"http:\/\/denizcankizil.tr\/uk\/haberler\/gundem\/antalyada-kapatilmasi-krize-neden-olmustu-buyuksehir-geri-adim-atti-acildi\/","og_site_name":"Av. Deniz Can K\u0131z\u0131l","article_published_time":"2025-06-26T06:41:24+00:00","author":"Antalya K\u00f6rfez","twitter_card":"summary_large_image","twitter_misc":{"\u041d\u0430\u043f\u0438\u0441\u0430\u043d\u043e":"Antalya K\u00f6rfez","\u041f\u0440\u0438\u0431\u043b. \u0447\u0430\u0441 \u0447\u0438\u0442\u0430\u043d\u043d\u044f":"2 \u0445\u0432\u0438\u043b\u0438\u043d\u0438"},"schema":{"@context":"https:\/\/schema.org","@graph":[{"@type":"Article","@id":"http:\/\/denizcankizil.tr\/de\/haberler\/gundem\/antalyada-kapatilmasi-krize-neden-olmustu-buyuksehir-geri-adim-atti-acildi\/#article","isPartOf":{"@id":"http:\/\/denizcankizil.tr\/de\/haberler\/gundem\/antalyada-kapatilmasi-krize-neden-olmustu-buyuksehir-geri-adim-atti-acildi\/"},"author":{"name":"Antalya K\u00f6rfez","@id":"https:\/\/denizcankizil.tr\/de\/#\/schema\/person\/e1eb71bb4dd684d46563f0af307e1234"},"headline":"Antalya\u2019da kapat\u0131lmas\u0131 krize neden olmu\u015ftu: B\u00fcy\u00fck\u015fehir geri ad\u0131m att\u0131, a\u00e7\u0131ld\u0131!","datePublished":"2025-06-26T06:41:24+00:00","mainEntityOfPage":{"@id":"http:\/\/denizcankizil.tr\/de\/haberler\/gundem\/antalyada-kapatilmasi-krize-neden-olmustu-buyuksehir-geri-adim-atti-acildi\/"},"wordCount":478,"publisher":{"@id":"https:\/\/denizcankizil.tr\/de\/#organization"},"articleSection":["G\u00fcndem"],"inLanguage":"uk"},{"@type":"WebPage","@id":"http:\/\/denizcankizil.tr\/de\/haberler\/gundem\/antalyada-kapatilmasi-krize-neden-olmustu-buyuksehir-geri-adim-atti-acildi\/","url":"http:\/\/denizcankizil.tr\/de\/haberler\/gundem\/antalyada-kapatilmasi-krize-neden-olmustu-buyuksehir-geri-adim-atti-acildi\/","name":"Antalya\u2019da kapat\u0131lmas\u0131 krize neden olmu\u015ftu: B\u00fcy\u00fck\u015fehir geri ad\u0131m att\u0131, a\u00e7\u0131ld\u0131! - Av. Deniz Can K\u0131z\u0131l","isPartOf":{"@id":"https:\/\/denizcankizil.tr\/de\/#website"},"datePublished":"2025-06-26T06:41:24+00:00","breadcrumb":{"@id":"http:\/\/denizcankizil.tr\/de\/haberler\/gundem\/antalyada-kapatilmasi-krize-neden-olmustu-buyuksehir-geri-adim-atti-acildi\/#breadcrumb"},"inLanguage":"uk","potentialAction":[{"@type":"ReadAction","target":["http:\/\/denizcankizil.tr\/de\/haberler\/gundem\/antalyada-kapatilmasi-krize-neden-olmustu-buyuksehir-geri-adim-atti-acildi\/"]}]},{"@type":"BreadcrumbList","@id":"http:\/\/denizcankizil.tr\/de\/haberler\/gundem\/antalyada-kapatilmasi-krize-neden-olmustu-buyuksehir-geri-adim-atti-acildi\/#breadcrumb","itemListElement":[{"@type":"ListItem","position":1,"name":"Home","item":"https:\/\/denizcankizil.tr\/de\/"},{"@type":"ListItem","position":2,"name":"Antalya\u2019da kapat\u0131lmas\u0131 krize neden olmu\u015ftu: B\u00fcy\u00fck\u015fehir geri ad\u0131m att\u0131, a\u00e7\u0131ld\u0131!"}]},{"@type":"WebSite","@id":"https:\/\/denizcankizil.tr\/de\/#website","url":"https:\/\/denizcankizil.tr\/de\/","name":"Av. Deniz Can K\u0131z\u0131l","description":"Avukat Deniz Can K\u0131z\u0131l Antalya Barosu","publisher":{"@id":"https:\/\/denizcankizil.tr\/de\/#organization"},"potentialAction":[{"@type":"SearchAction","target":{"@type":"EntryPoint","urlTemplate":"https:\/\/denizcankizil.tr\/de\/?s={search_term_string}"},"query-input":{"@type":"PropertyValueSpecification","valueRequired":true,"valueName":"search_term_string"}}],"inLanguage":"uk"},{"@type":"Organization","@id":"https:\/\/denizcankizil.tr\/de\/#organization","name":"Av. Deniz Can K\u0131z\u0131l","url":"https:\/\/denizcankizil.tr\/de\/","logo":{"@type":"ImageObject","inLanguage":"uk","@id":"https:\/\/denizcankizil.tr\/de\/#\/schema\/logo\/image\/","url":"http:\/\/denizcankizil.tr\/wp-content\/uploads\/2024\/10\/siyah-logo-svg.svg","contentUrl":"http:\/\/denizcankizil.tr\/wp-content\/uploads\/2024\/10\/siyah-logo-svg.svg","width":1080,"height":1080,"caption":"Av. Deniz Can K\u0131z\u0131l"},"image":{"@id":"https:\/\/denizcankizil.tr\/de\/#\/schema\/logo\/image\/"}},{"@type":"Person","@id":"https:\/\/denizcankizil.tr\/de\/#\/schema\/person\/e1eb71bb4dd684d46563f0af307e1234","name":"Antalya K\u00f6rfez","image":{"@type":"ImageObject","inLanguage":"uk","@id":"https:\/\/denizcankizil.tr\/de\/#\/schema\/person\/image\/","url":"https:\/\/secure.gravatar.com\/avatar\/42b01982558a48a0b501fdcab6a408d3717ea5919095ee2e67b0e521799c5905?s=96&d=mm&r=g","contentUrl":"https:\/\/secure.gravatar.com\/avatar\/42b01982558a48a0b501fdcab6a408d3717ea5919095ee2e67b0e521799c5905?s=96&d=mm&r=g","caption":"Antalya K\u00f6rfez"},"sameAs":["http:\/\/www.antalyakorfez.com"],"url":"https:\/\/www.antalyakorfez.com\/antalyada-kapatilmasi-krize-neden-olmustu-buyuksehir-geri-adim-atti-acildi"}]}},"_links":{"self":[{"href":"http:\/\/denizcankizil.tr\/uk\/wp-json\/wp\/v2\/posts\/126939","targetHints":{"allow":["GET"]}}],"collection":[{"href":"http:\/\/denizcankizil.tr\/uk\/wp-json\/wp\/v2\/posts"}],"about":[{"href":"http:\/\/denizcankizil.tr\/uk\/wp-json\/wp\/v2\/types\/post"}],"author":[{"embeddable":true,"href":"http:\/\/denizcankizil.tr\/uk\/wp-json\/wp\/v2\/users\/5"}],"replies":[{"embeddable":true,"href":"http:\/\/denizcankizil.tr\/uk\/wp-json\/wp\/v2\/comments?post=126939"}],"version-history":[{"count":0,"href":"http:\/\/denizcankizil.tr\/uk\/wp-json\/wp\/v2\/posts\/126939\/revisions"}],"wp:attachment":[{"href":"http:\/\/denizcankizil.tr\/uk\/wp-json\/wp\/v2\/media?parent=126939"}],"wp:term":[{"taxonomy":"category","embeddable":true,"href":"http:\/\/denizcankizil.tr\/uk\/wp-json\/wp\/v2\/categories?post=126939"},{"taxonomy":"post_tag","embeddable":true,"href":"http:\/\/denizcankizil.tr\/uk\/wp-json\/wp\/v2\/tags?post=126939"}],"curies":[{"name":"wp","href":"https:\/\/api.w.org\/{rel}","templated":true}]}}