{"id":12272,"date":"2024-11-03T21:41:34","date_gmt":"2024-11-03T18:41:34","guid":{"rendered":"https:\/\/denizcankizil.tr\/uncategorized-tr\/saglik-bakanligi-kadro-sayisinin-azaltildigi-iddialara-yanit-verdi\/"},"modified":"2024-11-03T21:41:34","modified_gmt":"2024-11-03T18:41:34","slug":"saglik-bakanligi-kadro-sayisinin-azaltildigi-iddialara-yanit-verdi","status":"publish","type":"post","link":"http:\/\/denizcankizil.tr\/uk\/haberler\/gundem\/saglik-bakanligi-kadro-sayisinin-azaltildigi-iddialara-yanit-verdi\/","title":{"rendered":"Sa\u011fl\u0131k bakanl\u0131\u011f\u0131 kadro say\u0131s\u0131n\u0131n azalt\u0131ld\u0131\u011f\u0131 iddialara yan\u0131t verdi"},"content":{"rendered":"<p>Sa\u011fl\u0131k Bakanl\u0131\u011f\u0131, baz\u0131 sosyal medya hesaplar\u0131nda yer alan &#8220;Sa\u011fl\u0131k Bakanl\u0131\u011f\u0131n\u0131n bu y\u0131l asistanlara ayr\u0131lan kadro say\u0131s\u0131n\u0131 yar\u0131ya d\u00fc\u015f\u00fcrd\u00fc\u011f\u00fc&#8221; iddialar\u0131 \u00fczerine a\u00e7\u0131klamada bulundu. Sa\u011fl\u0131k Bakanl\u0131\u011f\u0131n\u0131n sosyal medya hesab\u0131ndan yap\u0131lan a\u00e7\u0131klamada, 31942 say\u0131l\u0131 T\u0131pta ve Di\u015f Hekimli\u011finde Uzmanl\u0131k E\u011fitimi Y\u00f6netmeli\u011fi&#8217;nin 14. maddesi gere\u011fi T\u00fcrk \u00f6\u011frencilere a\u00e7\u0131lan toplam kontenjanlar\u0131n y\u00fczde 10&#8217;unu ge\u00e7meyecek oranda yabanc\u0131 uyruklu \u00f6\u011frencilere kontenjan a\u00e7\u0131ld\u0131\u011f\u0131 hat\u0131rlat\u0131larak, &#8220;2023 y\u0131l\u0131 ile kar\u015f\u0131la\u015ft\u0131r\u0131ld\u0131\u011f\u0131nda 2024 y\u0131l\u0131nda yabanc\u0131 uyruklu \u00f6\u011frenci kontenjan\u0131nda toplamda y\u00fczde 21 oran\u0131nda fiilen azaltmaya gidilmi\u015ftir. Kontenjan verilen \u00f6\u011frencilerin \u00e7o\u011funlu\u011funu T\u00fcrk soyda\u015flar\u0131m\u0131z olu\u015fturmaktad\u0131r&#8221; ifadelerine yer verildi.<\/p>\n<p>\u201cDAHA \u0130Y\u0130S\u0130 \u0130\u00c7\u0130 \u00c7ALI\u015eACA\u011eIZ\u201d\u00a0<\/p>\n<p>&#8220;Sa\u011fl\u0131k Bakanl\u0131\u011f\u0131 olarak kurumlar\u0131m\u0131za olan g\u00fcveni sarsmaya y\u00f6nelik y\u00fcr\u00fct\u00fclen dezenformasyonla ve iftira kampanyalar\u0131yla elbette m\u00fccadele edece\u011fiz. Vatanda\u015flar\u0131m\u0131zdan istirham\u0131m\u0131z mesnetsiz iftiralar\u0131 dikkate almamalar\u0131d\u0131r. Bakanl\u0131\u011f\u0131m\u0131z\u0131 karalamak ad\u0131na iftirac\u0131lar\u0131n g\u00f6zlerinin ne kadar d\u00f6nd\u00fc\u011f\u00fc g\u00f6r\u00fclmeli, m\u00fcstakbel meslekta\u015flar\u0131m\u0131z\u0131n hayalleriyle oynamaya \u00e7al\u0131\u015ft\u0131klar\u0131n\u0131n ac\u0131 bir ger\u00e7ek oldu\u011fu bilinmelidir. Sa\u011fl\u0131k sistemimizi daha ileriye ve en iyiye ta\u015f\u0131mak \u00fczere gece g\u00fcnd\u00fcz demeden var g\u00fcc\u00fcm\u00fczle \u00e7al\u0131\u015fmaya devam edece\u011fiz.&#8221;\u00a0<br \/>\n\u00a0 \u00a0 \u00a0 \u00a0 \u00a0 \u00a0 \u00a0 \u00a0 \u00a0 \u00a0 \u00a0\u00a0<br \/>\n\u00a0<\/p>\n<p>\u200bSa\u011fl\u0131k Bakanl\u0131\u011f\u0131, sosyal medyada &#8216;Sa\u011fl\u0131k Bakanl\u0131\u011f\u0131n\u0131n bu y\u0131l asistanlara ayr\u0131lan kadro say\u0131s\u0131n\u0131 yar\u0131ya d\u00fc\u015f\u00fcrd\u00fc\u011f\u00fc&#8217; iddialar\u0131na ili\u015fkin a\u00e7\u0131klama yapt\u0131. Yap\u0131lan a\u00e7\u0131klamada, &#8220;2023 y\u0131l\u0131 ile kar\u015f\u0131la\u015ft\u0131r\u0131ld\u0131\u011f\u0131nda 2024 y\u0131l\u0131nda yabanc\u0131 uyruklu \u00f6\u011frenci kontenjan\u0131nda toplamda y\u00fczde 21 oran\u0131nda fiilen azaltmaya gidilmi\u015ftir. Kontenjan verilen \u00f6\u011frencilerin \u00e7o\u011funlu\u011funu T\u00fcrk soyda\u015flar\u0131m\u0131z olu\u015fturmaktad\u0131r\u201d bilgisi payla\u015f\u0131ld\u0131\u00a0<\/p>\n<p>\u200bHaberin Al\u0131nt\u0131land\u0131\u011f\u0131 Kaynak: www.antalyakorfez.com<\/p>","protected":false},"excerpt":{"rendered":"<p>Sa\u011fl\u0131k Bakanl\u0131\u011f\u0131, baz\u0131 sosyal medya hesaplar\u0131nda yer alan &#8220;Sa\u011fl\u0131k Bakanl\u0131\u011f\u0131n\u0131n bu y\u0131l asistanlara ayr\u0131lan kadro say\u0131s\u0131n\u0131 yar\u0131ya d\u00fc\u015f\u00fcrd\u00fc\u011f\u00fc&#8221; iddialar\u0131 \u00fczerine a\u00e7\u0131klamada bulundu. Sa\u011fl\u0131k Bakanl\u0131\u011f\u0131n\u0131n sosyal medya hesab\u0131ndan yap\u0131lan a\u00e7\u0131klamada, 31942 say\u0131l\u0131 T\u0131pta ve Di\u015f Hekimli\u011finde Uzmanl\u0131k E\u011fitimi Y\u00f6netmeli\u011fi&#8217;nin 14. maddesi gere\u011fi T\u00fcrk \u00f6\u011frencilere a\u00e7\u0131lan toplam kontenjanlar\u0131n y\u00fczde 10&#8217;unu ge\u00e7meyecek oranda yabanc\u0131 uyruklu \u00f6\u011frencilere kontenjan a\u00e7\u0131ld\u0131\u011f\u0131 hat\u0131rlat\u0131larak, &#8220;2023 y\u0131l\u0131 ile kar\u015f\u0131la\u015ft\u0131r\u0131ld\u0131\u011f\u0131nda 2024 y\u0131l\u0131nda yabanc\u0131 uyruklu \u00f6\u011frenci kontenjan\u0131nda toplamda y\u00fczde 21 oran\u0131nda fiilen azaltmaya gidilmi\u015ftir. Kontenjan verilen \u00f6\u011frencilerin \u00e7o\u011funlu\u011funu T\u00fcrk soyda\u015flar\u0131m\u0131z olu\u015fturmaktad\u0131r&#8221; ifadelerine yer verildi. \u201cDAHA \u0130Y\u0130S\u0130 \u0130\u00c7\u0130 \u00c7ALI\u015eACA\u011eIZ\u201d\u00a0 &#8220;Sa\u011fl\u0131k Bakanl\u0131\u011f\u0131 olarak kurumlar\u0131m\u0131za olan g\u00fcveni sarsmaya y\u00f6nelik y\u00fcr\u00fct\u00fclen dezenformasyonla ve iftira kampanyalar\u0131yla elbette m\u00fccadele edece\u011fiz. Vatanda\u015flar\u0131m\u0131zdan istirham\u0131m\u0131z mesnetsiz iftiralar\u0131 dikkate almamalar\u0131d\u0131r. Bakanl\u0131\u011f\u0131m\u0131z\u0131 karalamak ad\u0131na iftirac\u0131lar\u0131n g\u00f6zlerinin ne kadar d\u00f6nd\u00fc\u011f\u00fc g\u00f6r\u00fclmeli, m\u00fcstakbel meslekta\u015flar\u0131m\u0131z\u0131n hayalleriyle oynamaya \u00e7al\u0131\u015ft\u0131klar\u0131n\u0131n ac\u0131 bir ger\u00e7ek oldu\u011fu bilinmelidir. Sa\u011fl\u0131k sistemimizi daha ileriye ve en iyiye ta\u015f\u0131mak \u00fczere gece g\u00fcnd\u00fcz demeden var g\u00fcc\u00fcm\u00fczle \u00e7al\u0131\u015fmaya devam edece\u011fiz.&#8221;\u00a0 \u00a0 \u00a0 \u00a0 \u00a0 \u00a0 \u00a0 \u00a0 \u00a0 \u00a0 \u00a0 \u00a0\u00a0 \u00a0 \u200bSa\u011fl\u0131k Bakanl\u0131\u011f\u0131, sosyal medyada &#8216;Sa\u011fl\u0131k Bakanl\u0131\u011f\u0131n\u0131n bu y\u0131l asistanlara ayr\u0131lan kadro say\u0131s\u0131n\u0131 yar\u0131ya d\u00fc\u015f\u00fcrd\u00fc\u011f\u00fc&#8217; iddialar\u0131na ili\u015fkin a\u00e7\u0131klama yapt\u0131. Yap\u0131lan a\u00e7\u0131klamada, &#8220;2023 y\u0131l\u0131 ile kar\u015f\u0131la\u015ft\u0131r\u0131ld\u0131\u011f\u0131nda 2024 y\u0131l\u0131nda yabanc\u0131 uyruklu \u00f6\u011frenci kontenjan\u0131nda toplamda y\u00fczde 21 oran\u0131nda fiilen azaltmaya gidilmi\u015ftir. Kontenjan verilen \u00f6\u011frencilerin \u00e7o\u011funlu\u011funu T\u00fcrk soyda\u015flar\u0131m\u0131z &hellip;<\/p>","protected":false},"author":0,"featured_media":0,"comment_status":"open","ping_status":"open","sticky":false,"template":"","format":"standard","meta":{"_acf_changed":false,"footnotes":""},"categories":[24,535],"tags":[],"class_list":["post-12272","post","type-post","status-publish","format-standard","has-post-thumbnail","hentry","category-gundem","category-uncategorized-tr"],"acf":[],"yoast_head":"<!-- This site is optimized with the Yoast SEO Premium plugin v26.6 (Yoast SEO v27.1.1) - https:\/\/yoast.com\/product\/yoast-seo-premium-wordpress\/ -->\n<title>Sa\u011fl\u0131k bakanl\u0131\u011f\u0131 kadro say\u0131s\u0131n\u0131n azalt\u0131ld\u0131\u011f\u0131 iddialara yan\u0131t verdi - Av. Deniz Can K\u0131z\u0131l<\/title>\n<meta name=\"robots\" content=\"index, follow, max-snippet:-1, max-image-preview:large, max-video-preview:-1\" \/>\n<link rel=\"canonical\" href=\"http:\/\/denizcankizil.tr\/uk\/haberler\/gundem\/saglik-bakanligi-kadro-sayisinin-azaltildigi-iddialara-yanit-verdi\/\" \/>\n<meta property=\"og:locale\" content=\"uk_UA\" \/>\n<meta property=\"og:type\" content=\"article\" \/>\n<meta property=\"og:title\" content=\"Sa\u011fl\u0131k bakanl\u0131\u011f\u0131 kadro say\u0131s\u0131n\u0131n azalt\u0131ld\u0131\u011f\u0131 iddialara yan\u0131t verdi\" \/>\n<meta property=\"og:description\" content=\"Sa\u011fl\u0131k Bakanl\u0131\u011f\u0131, baz\u0131 sosyal medya hesaplar\u0131nda yer alan &#8220;Sa\u011fl\u0131k Bakanl\u0131\u011f\u0131n\u0131n bu y\u0131l asistanlara ayr\u0131lan kadro say\u0131s\u0131n\u0131 yar\u0131ya d\u00fc\u015f\u00fcrd\u00fc\u011f\u00fc&#8221; iddialar\u0131 \u00fczerine a\u00e7\u0131klamada bulundu. Sa\u011fl\u0131k Bakanl\u0131\u011f\u0131n\u0131n sosyal medya hesab\u0131ndan yap\u0131lan a\u00e7\u0131klamada, 31942 say\u0131l\u0131 T\u0131pta ve Di\u015f Hekimli\u011finde Uzmanl\u0131k E\u011fitimi Y\u00f6netmeli\u011fi&#8217;nin 14. maddesi gere\u011fi T\u00fcrk \u00f6\u011frencilere a\u00e7\u0131lan toplam kontenjanlar\u0131n y\u00fczde 10&#8217;unu ge\u00e7meyecek oranda yabanc\u0131 uyruklu \u00f6\u011frencilere kontenjan a\u00e7\u0131ld\u0131\u011f\u0131 hat\u0131rlat\u0131larak, &#8220;2023 y\u0131l\u0131 ile kar\u015f\u0131la\u015ft\u0131r\u0131ld\u0131\u011f\u0131nda 2024 y\u0131l\u0131nda yabanc\u0131 uyruklu \u00f6\u011frenci kontenjan\u0131nda toplamda y\u00fczde 21 oran\u0131nda fiilen azaltmaya gidilmi\u015ftir. Kontenjan verilen \u00f6\u011frencilerin \u00e7o\u011funlu\u011funu T\u00fcrk soyda\u015flar\u0131m\u0131z olu\u015fturmaktad\u0131r&#8221; ifadelerine yer verildi. \u201cDAHA \u0130Y\u0130S\u0130 \u0130\u00c7\u0130 \u00c7ALI\u015eACA\u011eIZ\u201d\u00a0 &#8220;Sa\u011fl\u0131k Bakanl\u0131\u011f\u0131 olarak kurumlar\u0131m\u0131za olan g\u00fcveni sarsmaya y\u00f6nelik y\u00fcr\u00fct\u00fclen dezenformasyonla ve iftira kampanyalar\u0131yla elbette m\u00fccadele edece\u011fiz. Vatanda\u015flar\u0131m\u0131zdan istirham\u0131m\u0131z mesnetsiz iftiralar\u0131 dikkate almamalar\u0131d\u0131r. Bakanl\u0131\u011f\u0131m\u0131z\u0131 karalamak ad\u0131na iftirac\u0131lar\u0131n g\u00f6zlerinin ne kadar d\u00f6nd\u00fc\u011f\u00fc g\u00f6r\u00fclmeli, m\u00fcstakbel meslekta\u015flar\u0131m\u0131z\u0131n hayalleriyle oynamaya \u00e7al\u0131\u015ft\u0131klar\u0131n\u0131n ac\u0131 bir ger\u00e7ek oldu\u011fu bilinmelidir. Sa\u011fl\u0131k sistemimizi daha ileriye ve en iyiye ta\u015f\u0131mak \u00fczere gece g\u00fcnd\u00fcz demeden var g\u00fcc\u00fcm\u00fczle \u00e7al\u0131\u015fmaya devam edece\u011fiz.&#8221;\u00a0 \u00a0 \u00a0 \u00a0 \u00a0 \u00a0 \u00a0 \u00a0 \u00a0 \u00a0 \u00a0 \u00a0\u00a0 \u00a0 \u200bSa\u011fl\u0131k Bakanl\u0131\u011f\u0131, sosyal medyada &#8216;Sa\u011fl\u0131k Bakanl\u0131\u011f\u0131n\u0131n bu y\u0131l asistanlara ayr\u0131lan kadro say\u0131s\u0131n\u0131 yar\u0131ya d\u00fc\u015f\u00fcrd\u00fc\u011f\u00fc&#8217; iddialar\u0131na ili\u015fkin a\u00e7\u0131klama yapt\u0131. Yap\u0131lan a\u00e7\u0131klamada, &#8220;2023 y\u0131l\u0131 ile kar\u015f\u0131la\u015ft\u0131r\u0131ld\u0131\u011f\u0131nda 2024 y\u0131l\u0131nda yabanc\u0131 uyruklu \u00f6\u011frenci kontenjan\u0131nda toplamda y\u00fczde 21 oran\u0131nda fiilen azaltmaya gidilmi\u015ftir. Kontenjan verilen \u00f6\u011frencilerin \u00e7o\u011funlu\u011funu T\u00fcrk soyda\u015flar\u0131m\u0131z &hellip;\" \/>\n<meta property=\"og:url\" content=\"http:\/\/denizcankizil.tr\/uk\/haberler\/gundem\/saglik-bakanligi-kadro-sayisinin-azaltildigi-iddialara-yanit-verdi\/\" \/>\n<meta property=\"og:site_name\" content=\"Av. Deniz Can K\u0131z\u0131l\" \/>\n<meta property=\"article:published_time\" content=\"2024-11-03T18:41:34+00:00\" \/>\n<meta name=\"twitter:card\" content=\"summary_large_image\" \/>\n<meta name=\"twitter:label1\" content=\"\u041f\u0440\u0438\u0431\u043b. \u0447\u0430\u0441 \u0447\u0438\u0442\u0430\u043d\u043d\u044f\" \/>\n\t<meta name=\"twitter:data1\" content=\"2 \u0445\u0432\u0438\u043b\u0438\u043d\u0438\" \/>\n<script type=\"application\/ld+json\" class=\"yoast-schema-graph\">{\"@context\":\"https:\/\/schema.org\",\"@graph\":[{\"@type\":\"Article\",\"@id\":\"http:\/\/denizcankizil.tr\/uk\/haberler\/gundem\/saglik-bakanligi-kadro-sayisinin-azaltildigi-iddialara-yanit-verdi\/#article\",\"isPartOf\":{\"@id\":\"http:\/\/denizcankizil.tr\/uk\/haberler\/gundem\/saglik-bakanligi-kadro-sayisinin-azaltildigi-iddialara-yanit-verdi\/\"},\"author\":{\"name\":\"\",\"@id\":\"\"},\"headline\":\"Sa\u011fl\u0131k bakanl\u0131\u011f\u0131 kadro say\u0131s\u0131n\u0131n azalt\u0131ld\u0131\u011f\u0131 iddialara yan\u0131t verdi\",\"datePublished\":\"2024-11-03T18:41:34+00:00\",\"mainEntityOfPage\":{\"@id\":\"http:\/\/denizcankizil.tr\/uk\/haberler\/gundem\/saglik-bakanligi-kadro-sayisinin-azaltildigi-iddialara-yanit-verdi\/\"},\"wordCount\":353,\"commentCount\":0,\"publisher\":{\"@id\":\"https:\/\/denizcankizil.tr\/de\/#organization\"},\"articleSection\":[\"G\u00fcndem\",\"Uncategorized\"],\"inLanguage\":\"uk\",\"potentialAction\":[{\"@type\":\"CommentAction\",\"name\":\"Comment\",\"target\":[\"http:\/\/denizcankizil.tr\/uk\/haberler\/gundem\/saglik-bakanligi-kadro-sayisinin-azaltildigi-iddialara-yanit-verdi\/#respond\"]}]},{\"@type\":\"WebPage\",\"@id\":\"http:\/\/denizcankizil.tr\/uk\/haberler\/gundem\/saglik-bakanligi-kadro-sayisinin-azaltildigi-iddialara-yanit-verdi\/\",\"url\":\"http:\/\/denizcankizil.tr\/uk\/haberler\/gundem\/saglik-bakanligi-kadro-sayisinin-azaltildigi-iddialara-yanit-verdi\/\",\"name\":\"Sa\u011fl\u0131k bakanl\u0131\u011f\u0131 kadro say\u0131s\u0131n\u0131n azalt\u0131ld\u0131\u011f\u0131 iddialara yan\u0131t verdi - Av. Deniz Can K\u0131z\u0131l\",\"isPartOf\":{\"@id\":\"https:\/\/denizcankizil.tr\/de\/#website\"},\"datePublished\":\"2024-11-03T18:41:34+00:00\",\"breadcrumb\":{\"@id\":\"http:\/\/denizcankizil.tr\/uk\/haberler\/gundem\/saglik-bakanligi-kadro-sayisinin-azaltildigi-iddialara-yanit-verdi\/#breadcrumb\"},\"inLanguage\":\"uk\",\"potentialAction\":[{\"@type\":\"ReadAction\",\"target\":[\"http:\/\/denizcankizil.tr\/uk\/haberler\/gundem\/saglik-bakanligi-kadro-sayisinin-azaltildigi-iddialara-yanit-verdi\/\"]}]},{\"@type\":\"BreadcrumbList\",\"@id\":\"http:\/\/denizcankizil.tr\/uk\/haberler\/gundem\/saglik-bakanligi-kadro-sayisinin-azaltildigi-iddialara-yanit-verdi\/#breadcrumb\",\"itemListElement\":[{\"@type\":\"ListItem\",\"position\":1,\"name\":\"Home\",\"item\":\"https:\/\/denizcankizil.tr\/de\/\"},{\"@type\":\"ListItem\",\"position\":2,\"name\":\"Sa\u011fl\u0131k bakanl\u0131\u011f\u0131 kadro say\u0131s\u0131n\u0131n azalt\u0131ld\u0131\u011f\u0131 iddialara yan\u0131t verdi\"}]},{\"@type\":\"WebSite\",\"@id\":\"https:\/\/denizcankizil.tr\/de\/#website\",\"url\":\"https:\/\/denizcankizil.tr\/de\/\",\"name\":\"Av. Deniz Can K\u0131z\u0131l\",\"description\":\"Avukat Deniz Can K\u0131z\u0131l Antalya Barosu\",\"publisher\":{\"@id\":\"https:\/\/denizcankizil.tr\/de\/#organization\"},\"potentialAction\":[{\"@type\":\"SearchAction\",\"target\":{\"@type\":\"EntryPoint\",\"urlTemplate\":\"https:\/\/denizcankizil.tr\/de\/?s={search_term_string}\"},\"query-input\":{\"@type\":\"PropertyValueSpecification\",\"valueRequired\":true,\"valueName\":\"search_term_string\"}}],\"inLanguage\":\"uk\"},{\"@type\":\"Organization\",\"@id\":\"https:\/\/denizcankizil.tr\/de\/#organization\",\"name\":\"Av. Deniz Can K\u0131z\u0131l\",\"url\":\"https:\/\/denizcankizil.tr\/de\/\",\"logo\":{\"@type\":\"ImageObject\",\"inLanguage\":\"uk\",\"@id\":\"https:\/\/denizcankizil.tr\/de\/#\/schema\/logo\/image\/\",\"url\":\"http:\/\/denizcankizil.tr\/wp-content\/uploads\/2024\/10\/siyah-logo-svg.svg\",\"contentUrl\":\"http:\/\/denizcankizil.tr\/wp-content\/uploads\/2024\/10\/siyah-logo-svg.svg\",\"width\":1080,\"height\":1080,\"caption\":\"Av. Deniz Can K\u0131z\u0131l\"},\"image\":{\"@id\":\"https:\/\/denizcankizil.tr\/de\/#\/schema\/logo\/image\/\"}}]}<\/script>\n<!-- \/ Yoast SEO Premium plugin. -->","yoast_head_json":{"title":"Sa\u011fl\u0131k bakanl\u0131\u011f\u0131 kadro say\u0131s\u0131n\u0131n azalt\u0131ld\u0131\u011f\u0131 iddialara yan\u0131t verdi - Av. Deniz Can K\u0131z\u0131l","robots":{"index":"index","follow":"follow","max-snippet":"max-snippet:-1","max-image-preview":"max-image-preview:large","max-video-preview":"max-video-preview:-1"},"canonical":"http:\/\/denizcankizil.tr\/uk\/haberler\/gundem\/saglik-bakanligi-kadro-sayisinin-azaltildigi-iddialara-yanit-verdi\/","og_locale":"uk_UA","og_type":"article","og_title":"Sa\u011fl\u0131k bakanl\u0131\u011f\u0131 kadro say\u0131s\u0131n\u0131n azalt\u0131ld\u0131\u011f\u0131 iddialara yan\u0131t verdi","og_description":"Sa\u011fl\u0131k Bakanl\u0131\u011f\u0131, baz\u0131 sosyal medya hesaplar\u0131nda yer alan &#8220;Sa\u011fl\u0131k Bakanl\u0131\u011f\u0131n\u0131n bu y\u0131l asistanlara ayr\u0131lan kadro say\u0131s\u0131n\u0131 yar\u0131ya d\u00fc\u015f\u00fcrd\u00fc\u011f\u00fc&#8221; iddialar\u0131 \u00fczerine a\u00e7\u0131klamada bulundu. Sa\u011fl\u0131k Bakanl\u0131\u011f\u0131n\u0131n sosyal medya hesab\u0131ndan yap\u0131lan a\u00e7\u0131klamada, 31942 say\u0131l\u0131 T\u0131pta ve Di\u015f Hekimli\u011finde Uzmanl\u0131k E\u011fitimi Y\u00f6netmeli\u011fi&#8217;nin 14. maddesi gere\u011fi T\u00fcrk \u00f6\u011frencilere a\u00e7\u0131lan toplam kontenjanlar\u0131n y\u00fczde 10&#8217;unu ge\u00e7meyecek oranda yabanc\u0131 uyruklu \u00f6\u011frencilere kontenjan a\u00e7\u0131ld\u0131\u011f\u0131 hat\u0131rlat\u0131larak, &#8220;2023 y\u0131l\u0131 ile kar\u015f\u0131la\u015ft\u0131r\u0131ld\u0131\u011f\u0131nda 2024 y\u0131l\u0131nda yabanc\u0131 uyruklu \u00f6\u011frenci kontenjan\u0131nda toplamda y\u00fczde 21 oran\u0131nda fiilen azaltmaya gidilmi\u015ftir. Kontenjan verilen \u00f6\u011frencilerin \u00e7o\u011funlu\u011funu T\u00fcrk soyda\u015flar\u0131m\u0131z olu\u015fturmaktad\u0131r&#8221; ifadelerine yer verildi. \u201cDAHA \u0130Y\u0130S\u0130 \u0130\u00c7\u0130 \u00c7ALI\u015eACA\u011eIZ\u201d\u00a0 &#8220;Sa\u011fl\u0131k Bakanl\u0131\u011f\u0131 olarak kurumlar\u0131m\u0131za olan g\u00fcveni sarsmaya y\u00f6nelik y\u00fcr\u00fct\u00fclen dezenformasyonla ve iftira kampanyalar\u0131yla elbette m\u00fccadele edece\u011fiz. Vatanda\u015flar\u0131m\u0131zdan istirham\u0131m\u0131z mesnetsiz iftiralar\u0131 dikkate almamalar\u0131d\u0131r. Bakanl\u0131\u011f\u0131m\u0131z\u0131 karalamak ad\u0131na iftirac\u0131lar\u0131n g\u00f6zlerinin ne kadar d\u00f6nd\u00fc\u011f\u00fc g\u00f6r\u00fclmeli, m\u00fcstakbel meslekta\u015flar\u0131m\u0131z\u0131n hayalleriyle oynamaya \u00e7al\u0131\u015ft\u0131klar\u0131n\u0131n ac\u0131 bir ger\u00e7ek oldu\u011fu bilinmelidir. Sa\u011fl\u0131k sistemimizi daha ileriye ve en iyiye ta\u015f\u0131mak \u00fczere gece g\u00fcnd\u00fcz demeden var g\u00fcc\u00fcm\u00fczle \u00e7al\u0131\u015fmaya devam edece\u011fiz.&#8221;\u00a0 \u00a0 \u00a0 \u00a0 \u00a0 \u00a0 \u00a0 \u00a0 \u00a0 \u00a0 \u00a0 \u00a0\u00a0 \u00a0 \u200bSa\u011fl\u0131k Bakanl\u0131\u011f\u0131, sosyal medyada &#8216;Sa\u011fl\u0131k Bakanl\u0131\u011f\u0131n\u0131n bu y\u0131l asistanlara ayr\u0131lan kadro say\u0131s\u0131n\u0131 yar\u0131ya d\u00fc\u015f\u00fcrd\u00fc\u011f\u00fc&#8217; iddialar\u0131na ili\u015fkin a\u00e7\u0131klama yapt\u0131. Yap\u0131lan a\u00e7\u0131klamada, &#8220;2023 y\u0131l\u0131 ile kar\u015f\u0131la\u015ft\u0131r\u0131ld\u0131\u011f\u0131nda 2024 y\u0131l\u0131nda yabanc\u0131 uyruklu \u00f6\u011frenci kontenjan\u0131nda toplamda y\u00fczde 21 oran\u0131nda fiilen azaltmaya gidilmi\u015ftir. Kontenjan verilen \u00f6\u011frencilerin \u00e7o\u011funlu\u011funu T\u00fcrk soyda\u015flar\u0131m\u0131z &hellip;","og_url":"http:\/\/denizcankizil.tr\/uk\/haberler\/gundem\/saglik-bakanligi-kadro-sayisinin-azaltildigi-iddialara-yanit-verdi\/","og_site_name":"Av. Deniz Can K\u0131z\u0131l","article_published_time":"2024-11-03T18:41:34+00:00","twitter_card":"summary_large_image","twitter_misc":{"\u041f\u0440\u0438\u0431\u043b. \u0447\u0430\u0441 \u0447\u0438\u0442\u0430\u043d\u043d\u044f":"2 \u0445\u0432\u0438\u043b\u0438\u043d\u0438"},"schema":{"@context":"https:\/\/schema.org","@graph":[{"@type":"Article","@id":"http:\/\/denizcankizil.tr\/uk\/haberler\/gundem\/saglik-bakanligi-kadro-sayisinin-azaltildigi-iddialara-yanit-verdi\/#article","isPartOf":{"@id":"http:\/\/denizcankizil.tr\/uk\/haberler\/gundem\/saglik-bakanligi-kadro-sayisinin-azaltildigi-iddialara-yanit-verdi\/"},"author":{"name":"","@id":""},"headline":"Sa\u011fl\u0131k bakanl\u0131\u011f\u0131 kadro say\u0131s\u0131n\u0131n azalt\u0131ld\u0131\u011f\u0131 iddialara yan\u0131t verdi","datePublished":"2024-11-03T18:41:34+00:00","mainEntityOfPage":{"@id":"http:\/\/denizcankizil.tr\/uk\/haberler\/gundem\/saglik-bakanligi-kadro-sayisinin-azaltildigi-iddialara-yanit-verdi\/"},"wordCount":353,"commentCount":0,"publisher":{"@id":"https:\/\/denizcankizil.tr\/de\/#organization"},"articleSection":["G\u00fcndem","Uncategorized"],"inLanguage":"uk","potentialAction":[{"@type":"CommentAction","name":"Comment","target":["http:\/\/denizcankizil.tr\/uk\/haberler\/gundem\/saglik-bakanligi-kadro-sayisinin-azaltildigi-iddialara-yanit-verdi\/#respond"]}]},{"@type":"WebPage","@id":"http:\/\/denizcankizil.tr\/uk\/haberler\/gundem\/saglik-bakanligi-kadro-sayisinin-azaltildigi-iddialara-yanit-verdi\/","url":"http:\/\/denizcankizil.tr\/uk\/haberler\/gundem\/saglik-bakanligi-kadro-sayisinin-azaltildigi-iddialara-yanit-verdi\/","name":"Sa\u011fl\u0131k bakanl\u0131\u011f\u0131 kadro say\u0131s\u0131n\u0131n azalt\u0131ld\u0131\u011f\u0131 iddialara yan\u0131t verdi - Av. Deniz Can K\u0131z\u0131l","isPartOf":{"@id":"https:\/\/denizcankizil.tr\/de\/#website"},"datePublished":"2024-11-03T18:41:34+00:00","breadcrumb":{"@id":"http:\/\/denizcankizil.tr\/uk\/haberler\/gundem\/saglik-bakanligi-kadro-sayisinin-azaltildigi-iddialara-yanit-verdi\/#breadcrumb"},"inLanguage":"uk","potentialAction":[{"@type":"ReadAction","target":["http:\/\/denizcankizil.tr\/uk\/haberler\/gundem\/saglik-bakanligi-kadro-sayisinin-azaltildigi-iddialara-yanit-verdi\/"]}]},{"@type":"BreadcrumbList","@id":"http:\/\/denizcankizil.tr\/uk\/haberler\/gundem\/saglik-bakanligi-kadro-sayisinin-azaltildigi-iddialara-yanit-verdi\/#breadcrumb","itemListElement":[{"@type":"ListItem","position":1,"name":"Home","item":"https:\/\/denizcankizil.tr\/de\/"},{"@type":"ListItem","position":2,"name":"Sa\u011fl\u0131k bakanl\u0131\u011f\u0131 kadro say\u0131s\u0131n\u0131n azalt\u0131ld\u0131\u011f\u0131 iddialara yan\u0131t verdi"}]},{"@type":"WebSite","@id":"https:\/\/denizcankizil.tr\/de\/#website","url":"https:\/\/denizcankizil.tr\/de\/","name":"Av. Deniz Can K\u0131z\u0131l","description":"Avukat Deniz Can K\u0131z\u0131l Antalya Barosu","publisher":{"@id":"https:\/\/denizcankizil.tr\/de\/#organization"},"potentialAction":[{"@type":"SearchAction","target":{"@type":"EntryPoint","urlTemplate":"https:\/\/denizcankizil.tr\/de\/?s={search_term_string}"},"query-input":{"@type":"PropertyValueSpecification","valueRequired":true,"valueName":"search_term_string"}}],"inLanguage":"uk"},{"@type":"Organization","@id":"https:\/\/denizcankizil.tr\/de\/#organization","name":"Av. Deniz Can K\u0131z\u0131l","url":"https:\/\/denizcankizil.tr\/de\/","logo":{"@type":"ImageObject","inLanguage":"uk","@id":"https:\/\/denizcankizil.tr\/de\/#\/schema\/logo\/image\/","url":"http:\/\/denizcankizil.tr\/wp-content\/uploads\/2024\/10\/siyah-logo-svg.svg","contentUrl":"http:\/\/denizcankizil.tr\/wp-content\/uploads\/2024\/10\/siyah-logo-svg.svg","width":1080,"height":1080,"caption":"Av. Deniz Can K\u0131z\u0131l"},"image":{"@id":"https:\/\/denizcankizil.tr\/de\/#\/schema\/logo\/image\/"}}]}},"_links":{"self":[{"href":"http:\/\/denizcankizil.tr\/uk\/wp-json\/wp\/v2\/posts\/12272","targetHints":{"allow":["GET"]}}],"collection":[{"href":"http:\/\/denizcankizil.tr\/uk\/wp-json\/wp\/v2\/posts"}],"about":[{"href":"http:\/\/denizcankizil.tr\/uk\/wp-json\/wp\/v2\/types\/post"}],"replies":[{"embeddable":true,"href":"http:\/\/denizcankizil.tr\/uk\/wp-json\/wp\/v2\/comments?post=12272"}],"version-history":[{"count":0,"href":"http:\/\/denizcankizil.tr\/uk\/wp-json\/wp\/v2\/posts\/12272\/revisions"}],"wp:attachment":[{"href":"http:\/\/denizcankizil.tr\/uk\/wp-json\/wp\/v2\/media?parent=12272"}],"wp:term":[{"taxonomy":"category","embeddable":true,"href":"http:\/\/denizcankizil.tr\/uk\/wp-json\/wp\/v2\/categories?post=12272"},{"taxonomy":"post_tag","embeddable":true,"href":"http:\/\/denizcankizil.tr\/uk\/wp-json\/wp\/v2\/tags?post=12272"}],"curies":[{"name":"wp","href":"https:\/\/api.w.org\/{rel}","templated":true}]}}