{"id":121368,"date":"2025-06-20T16:42:29","date_gmt":"2025-06-20T13:42:29","guid":{"rendered":"https:\/\/denizcankizil.tr\/uncategorized-tr\/4-bin-36-hakim-savcinin-gorev-yeri-degisti\/"},"modified":"2025-06-20T16:42:29","modified_gmt":"2025-06-20T13:42:29","slug":"4-bin-36-hakim-savcinin-gorev-yeri-degisti","status":"publish","type":"post","link":"http:\/\/denizcankizil.tr\/uk\/haberler\/gundem\/4-bin-36-hakim-savcinin-gorev-yeri-degisti\/","title":{"rendered":"4 bin 36 Hakim savc\u0131n\u0131n g\u00f6rev yeri de\u011fi\u015fti\u2026"},"content":{"rendered":"<p>HSK (H\u00e2kimler ve Savc\u0131lar Kurulu) Birinci Dairesi taraf\u0131ndan haz\u0131rlanan ana kararname kamuoyuna a\u00e7\u0131kland\u0131. Kararnameye g\u00f6re, toplam 4 bin 36 h\u00e2kim ve cumhuriyet savc\u0131s\u0131n\u0131n g\u00f6rev yeri de\u011fi\u015ftirildi. G\u00f6rev yeri de\u011fi\u015fiklikleri, h\u00e2kim ve savc\u0131lar\u0131n talepleri do\u011frultusunda yap\u0131lan de\u011ferlendirmeler sonucu belirlendi.<\/p>\n<p>Kararname, HSK\u2019n\u0131n resm\u00ee internet sitesinde yay\u0131mland\u0131.<\/p>\n<p>Adalet Bakan\u0131 Y\u0131lmaz Tun\u00e7, HSK ana kararnamesi \u00e7al\u0131\u015fmalar\u0131n\u0131n tamamland\u0131\u011f\u0131n\u0131 duyurarak, \u201cYarg\u0131 hizmetlerinin etkinli\u011fi ve verimlili\u011fi i\u00e7in \u00f6nemli bir ad\u0131m at\u0131lm\u0131\u015ft\u0131r\u201d a\u00e7\u0131klamas\u0131nda bulundu.<\/p>\n<p>24 \u0130L\u0130N BA\u015eSAVCISI DE\u011e\u0130\u015eT\u0130<\/p>\n<p>HSK kararnamesi kapsam\u0131nda 24 ilin ba\u015fsavc\u0131s\u0131 da de\u011fi\u015ftirildi. G\u00f6rev yeri de\u011fi\u015ftirilen baz\u0131 ba\u015fsavc\u0131lar \u015fu \u015fekilde: Manisa Cumhuriyet Ba\u015fsavc\u0131s\u0131 Kurt\u00e7a Eker, Kayseri B\u00f6lge Adliye Mahkemesi (BAM) Ba\u015fsavc\u0131l\u0131\u011f\u0131na, Ayd\u0131n Cumhuriyet Ba\u015fsavc\u0131s\u0131 Ali Ulvi Y\u0131lmaz, Yarg\u0131tay Cumhuriyet Savc\u0131l\u0131\u011f\u0131na, Konya Cumhuriyet Ba\u015fsavc\u0131s\u0131 Halil \u0130nal, Ankara BAM Ba\u015fsavc\u0131l\u0131\u011f\u0131na, Hatay Cumhuriyet Ba\u015fsavc\u0131s\u0131 Ahmet \u00c7elikkol, Mersin Cumhuriyet Ba\u015fsavc\u0131l\u0131\u011f\u0131na, Ankara Bat\u0131 Cumhuriyet Ba\u015fsavc\u0131s\u0131 Mustafa G\u00f6k\u00e7e, Yarg\u0131tay Cumhuriyet Savc\u0131l\u0131\u011f\u0131na, Afyonkarahisar Cumhuriyet Ba\u015fsavc\u0131s\u0131 Fatih Karabacak ise Yarg\u0131tay Savc\u0131l\u0131\u011f\u0131na atand\u0131.<\/p>\n<p>HSK\u2019n\u0131n kararnamesiyle yarg\u0131 te\u015fkilat\u0131nda b\u00fcy\u00fck bir de\u011fi\u015fiklik ya\u015fan\u0131rken, atamalar\u0131n \u00f6n\u00fcm\u00fczdeki g\u00fcnlerde y\u00fcr\u00fcrl\u00fc\u011fe girmesi bekleniyor.<\/p>\n<p>HATAY\u2019DA 7 YIL G\u00d6REV YAPTI<\/p>\n<p>Tecr\u00fcbeli hukuk\u00e7u, 2017-2021 y\u0131llar\u0131 aras\u0131nda \u0130skenderun Cumhuriyet Ba\u015fsavc\u0131s\u0131, 2021-2023 y\u0131llar\u0131 aras\u0131nda ise Trabzon Cumhuriyet Ba\u015fsavc\u0131s\u0131 olarak g\u00f6rev yapt\u0131. H\u00e2kimler ve Savc\u0131lar Kurulu (HSK) Birinci Dairesi&#8217;nin 17 Temmuz 2023 tarihli adli yarg\u0131 kararnamesi ile Hatay Cumhuriyet Ba\u015fsavc\u0131l\u0131\u011f\u0131 g\u00f6revine atanan Ahmet \u00c7elikkol, yarg\u0131 te\u015fkilat\u0131nda uzun y\u0131llara dayanan tecr\u00fcbesiyle dikkat \u00e7ekiyor.<\/p>\n<p>AHMET \u00c7EL\u0130KKOL K\u0130MD\u0130R?<\/p>\n<p>1969 y\u0131l\u0131nda do\u011fan Ahmet \u00c7elikkol, ilk ve orta \u00f6\u011freniminin bir k\u0131sm\u0131n\u0131 Gaziantep\u2019te, lise e\u011fitimini ise \u015eanl\u0131urfa\u2019da tamamlad\u0131. Y\u00fcksek\u00f6\u011frenim hayat\u0131na Harran \u00dcniversitesi MYO \u0130\u015fletme B\u00f6l\u00fcm\u00fcnde (1988-1990) ba\u015flayan \u00c7elikkol, daha sonra Ortado\u011fu Teknik \u00dcniversitesi Psikoloji B\u00f6l\u00fcm\u00fcnde (1990-1992) e\u011fitim ald\u0131. 1997 y\u0131l\u0131nda ise Sel\u00e7uk \u00dcniversitesi Hukuk Fak\u00fcltesi\u2019nden mezun oldu.<\/p>\n<p>1997-1998 y\u0131llar\u0131nda avukatl\u0131k staj\u0131n\u0131 tamamlayan \u00c7elikkol, 1999 y\u0131l\u0131nda Ankara H\u00e2kim-Savc\u0131 aday\u0131 olarak mesle\u011fe ba\u015flad\u0131. Staj s\u00fcrecinin ard\u0131ndan s\u0131ras\u0131yla:<\/p>\n<p> \u00c7orlu Cumhuriyet Savc\u0131s\u0131<br \/>\n Ba\u015fkale Cumhuriyet Savc\u0131s\u0131<br \/>\n Karaburun Cumhuriyet Savc\u0131s\u0131<br \/>\n Tarsus Cumhuriyet Savc\u0131s\u0131 olarak g\u00f6rev yapt\u0131.<\/p>\n<p>2012-2017 y\u0131llar\u0131 aras\u0131nda Adalet M\u00fcfetti\u015fli\u011fi g\u00f6revinde bulunan \u00c7elikkol, ayn\u0131 d\u00f6nemde T\u00fcrkiye Adalet Akademisi\u2019nde adli denetim alan\u0131nda \u00f6\u011fretim g\u00f6revlisi olarak dersler verdi.<\/p>\n<p>Ayr\u0131ca 2015-2016 y\u0131llar\u0131 aras\u0131nda, Ankara \u00dcniversitesi Avrupa Topluluklar\u0131 Ara\u015ft\u0131rma ve Uygulama Merkezi taraf\u0131ndan d\u00fczenlenen Avrupa Birli\u011fi Uzmanl\u0131k Program\u0131\u2019n\u0131 ba\u015far\u0131yla tamamlad\u0131.<\/p>\n<p>Tecr\u00fcbeli hukuk\u00e7u, 2017-2021 y\u0131llar\u0131 aras\u0131nda \u0130skenderun Cumhuriyet Ba\u015fsavc\u0131s\u0131, 2021-2023 y\u0131llar\u0131 aras\u0131nda ise Trabzon Cumhuriyet Ba\u015fsavc\u0131s\u0131 olarak g\u00f6rev yapt\u0131. 17 Temmuz 2023\u2019te yay\u0131mlanan kararname ile Hatay Cumhuriyet Ba\u015fsavc\u0131l\u0131\u011f\u0131 g\u00f6revine atanan Ahmet \u00c7elikkol, yakla\u015f\u0131k iki y\u0131ld\u0131r Hatay\u2019da g\u00f6rev yap\u0131yordu. Son kararnameyle Mersin Cumhuriyet Ba\u015fsavc\u0131l\u0131\u011f\u0131 g\u00f6revine atand\u0131. Evli ve iki \u00e7ocuk babas\u0131.<\/p>\n<p>\u200bHSK (H\u00e2kimler ve Savc\u0131lar Kurulu) Kararnamesi A\u00e7\u0131kland\u0131: 4 Bin 36 H\u00e2kim ve Savc\u0131n\u0131n G\u00f6rev Yeri De\u011fi\u015fti, 24 Ba\u015fsavc\u0131 G\u00f6revden Al\u0131nd\u0131. Be\u015f y\u0131l\u0131 \u0130skenderun\u2019da olmak \u00fczere Hatay\u2019da yakla\u015f\u0131k 7 y\u0131l g\u00f6rev yapan Cumhuriyet Ba\u015fsavc\u0131s\u0131 Ahmet \u00c7elikkol Mersin\u2019e atand\u0131.\u00a0<\/p>\n<p>\u200bHaberin Al\u0131nt\u0131land\u0131\u011f\u0131 Kaynak: www.iskenderun.org<\/p>","protected":false},"excerpt":{"rendered":"<p>HSK (H\u00e2kimler ve Savc\u0131lar Kurulu) Birinci Dairesi taraf\u0131ndan haz\u0131rlanan ana kararname kamuoyuna a\u00e7\u0131kland\u0131. Kararnameye g\u00f6re, toplam 4 bin 36 h\u00e2kim ve cumhuriyet savc\u0131s\u0131n\u0131n g\u00f6rev yeri de\u011fi\u015ftirildi. G\u00f6rev yeri de\u011fi\u015fiklikleri, h\u00e2kim ve savc\u0131lar\u0131n talepleri do\u011frultusunda yap\u0131lan de\u011ferlendirmeler sonucu belirlendi. Kararname, HSK\u2019n\u0131n resm\u00ee internet sitesinde yay\u0131mland\u0131. Adalet Bakan\u0131 Y\u0131lmaz Tun\u00e7, HSK ana kararnamesi \u00e7al\u0131\u015fmalar\u0131n\u0131n tamamland\u0131\u011f\u0131n\u0131 duyurarak, \u201cYarg\u0131 hizmetlerinin etkinli\u011fi ve verimlili\u011fi i\u00e7in \u00f6nemli bir ad\u0131m at\u0131lm\u0131\u015ft\u0131r\u201d a\u00e7\u0131klamas\u0131nda bulundu. 24 \u0130L\u0130N BA\u015eSAVCISI DE\u011e\u0130\u015eT\u0130 HSK kararnamesi kapsam\u0131nda 24 ilin ba\u015fsavc\u0131s\u0131 da de\u011fi\u015ftirildi. G\u00f6rev yeri de\u011fi\u015ftirilen baz\u0131 ba\u015fsavc\u0131lar \u015fu \u015fekilde: Manisa Cumhuriyet Ba\u015fsavc\u0131s\u0131 Kurt\u00e7a Eker, Kayseri B\u00f6lge Adliye Mahkemesi (BAM) Ba\u015fsavc\u0131l\u0131\u011f\u0131na, Ayd\u0131n Cumhuriyet Ba\u015fsavc\u0131s\u0131 Ali Ulvi Y\u0131lmaz, Yarg\u0131tay Cumhuriyet Savc\u0131l\u0131\u011f\u0131na, Konya Cumhuriyet Ba\u015fsavc\u0131s\u0131 Halil \u0130nal, Ankara BAM Ba\u015fsavc\u0131l\u0131\u011f\u0131na, Hatay Cumhuriyet Ba\u015fsavc\u0131s\u0131 Ahmet \u00c7elikkol, Mersin Cumhuriyet Ba\u015fsavc\u0131l\u0131\u011f\u0131na, Ankara Bat\u0131 Cumhuriyet Ba\u015fsavc\u0131s\u0131 Mustafa G\u00f6k\u00e7e, Yarg\u0131tay Cumhuriyet Savc\u0131l\u0131\u011f\u0131na, Afyonkarahisar Cumhuriyet Ba\u015fsavc\u0131s\u0131 Fatih Karabacak ise Yarg\u0131tay Savc\u0131l\u0131\u011f\u0131na atand\u0131. HSK\u2019n\u0131n kararnamesiyle yarg\u0131 te\u015fkilat\u0131nda b\u00fcy\u00fck bir de\u011fi\u015fiklik ya\u015fan\u0131rken, atamalar\u0131n \u00f6n\u00fcm\u00fczdeki g\u00fcnlerde y\u00fcr\u00fcrl\u00fc\u011fe girmesi bekleniyor. HATAY\u2019DA 7 YIL G\u00d6REV YAPTI Tecr\u00fcbeli hukuk\u00e7u, 2017-2021 y\u0131llar\u0131 aras\u0131nda \u0130skenderun Cumhuriyet Ba\u015fsavc\u0131s\u0131, 2021-2023 y\u0131llar\u0131 aras\u0131nda ise Trabzon Cumhuriyet Ba\u015fsavc\u0131s\u0131 olarak g\u00f6rev yapt\u0131. H\u00e2kimler ve Savc\u0131lar Kurulu (HSK) Birinci Dairesi&#8217;nin 17 Temmuz 2023 tarihli adli yarg\u0131 kararnamesi ile Hatay Cumhuriyet Ba\u015fsavc\u0131l\u0131\u011f\u0131 g\u00f6revine atanan Ahmet \u00c7elikkol, yarg\u0131 te\u015fkilat\u0131nda &hellip;<\/p>","protected":false},"author":1,"featured_media":0,"comment_status":"","ping_status":"open","sticky":false,"template":"","format":"standard","meta":{"_acf_changed":false,"footnotes":""},"categories":[24],"tags":[],"class_list":["post-121368","post","type-post","status-publish","format-standard","has-post-thumbnail","hentry","category-gundem"],"acf":[],"yoast_head":"<!-- This site is optimized with the Yoast SEO Premium plugin v26.6 (Yoast SEO v27.1.1) - https:\/\/yoast.com\/product\/yoast-seo-premium-wordpress\/ -->\n<title>4 bin 36 Hakim savc\u0131n\u0131n g\u00f6rev yeri de\u011fi\u015fti\u2026 - Av. Deniz Can K\u0131z\u0131l<\/title>\n<meta name=\"robots\" content=\"index, follow, max-snippet:-1, max-image-preview:large, max-video-preview:-1\" \/>\n<link rel=\"canonical\" href=\"https:\/\/denizcankizil.tr\/uk\/haberler\/gundem\/4-bin-36-hakim-savcinin-gorev-yeri-degisti\/\" \/>\n<meta property=\"og:locale\" content=\"uk_UA\" \/>\n<meta property=\"og:type\" content=\"article\" \/>\n<meta property=\"og:title\" content=\"4 bin 36 Hakim savc\u0131n\u0131n g\u00f6rev yeri de\u011fi\u015fti\u2026\" \/>\n<meta property=\"og:description\" content=\"HSK (H\u00e2kimler ve Savc\u0131lar Kurulu) Birinci Dairesi taraf\u0131ndan haz\u0131rlanan ana kararname kamuoyuna a\u00e7\u0131kland\u0131. Kararnameye g\u00f6re, toplam 4 bin 36 h\u00e2kim ve cumhuriyet savc\u0131s\u0131n\u0131n g\u00f6rev yeri de\u011fi\u015ftirildi. G\u00f6rev yeri de\u011fi\u015fiklikleri, h\u00e2kim ve savc\u0131lar\u0131n talepleri do\u011frultusunda yap\u0131lan de\u011ferlendirmeler sonucu belirlendi. Kararname, HSK\u2019n\u0131n resm\u00ee internet sitesinde yay\u0131mland\u0131. Adalet Bakan\u0131 Y\u0131lmaz Tun\u00e7, HSK ana kararnamesi \u00e7al\u0131\u015fmalar\u0131n\u0131n tamamland\u0131\u011f\u0131n\u0131 duyurarak, \u201cYarg\u0131 hizmetlerinin etkinli\u011fi ve verimlili\u011fi i\u00e7in \u00f6nemli bir ad\u0131m at\u0131lm\u0131\u015ft\u0131r\u201d a\u00e7\u0131klamas\u0131nda bulundu. 24 \u0130L\u0130N BA\u015eSAVCISI DE\u011e\u0130\u015eT\u0130 HSK kararnamesi kapsam\u0131nda 24 ilin ba\u015fsavc\u0131s\u0131 da de\u011fi\u015ftirildi. G\u00f6rev yeri de\u011fi\u015ftirilen baz\u0131 ba\u015fsavc\u0131lar \u015fu \u015fekilde: Manisa Cumhuriyet Ba\u015fsavc\u0131s\u0131 Kurt\u00e7a Eker, Kayseri B\u00f6lge Adliye Mahkemesi (BAM) Ba\u015fsavc\u0131l\u0131\u011f\u0131na, Ayd\u0131n Cumhuriyet Ba\u015fsavc\u0131s\u0131 Ali Ulvi Y\u0131lmaz, Yarg\u0131tay Cumhuriyet Savc\u0131l\u0131\u011f\u0131na, Konya Cumhuriyet Ba\u015fsavc\u0131s\u0131 Halil \u0130nal, Ankara BAM Ba\u015fsavc\u0131l\u0131\u011f\u0131na, Hatay Cumhuriyet Ba\u015fsavc\u0131s\u0131 Ahmet \u00c7elikkol, Mersin Cumhuriyet Ba\u015fsavc\u0131l\u0131\u011f\u0131na, Ankara Bat\u0131 Cumhuriyet Ba\u015fsavc\u0131s\u0131 Mustafa G\u00f6k\u00e7e, Yarg\u0131tay Cumhuriyet Savc\u0131l\u0131\u011f\u0131na, Afyonkarahisar Cumhuriyet Ba\u015fsavc\u0131s\u0131 Fatih Karabacak ise Yarg\u0131tay Savc\u0131l\u0131\u011f\u0131na atand\u0131. HSK\u2019n\u0131n kararnamesiyle yarg\u0131 te\u015fkilat\u0131nda b\u00fcy\u00fck bir de\u011fi\u015fiklik ya\u015fan\u0131rken, atamalar\u0131n \u00f6n\u00fcm\u00fczdeki g\u00fcnlerde y\u00fcr\u00fcrl\u00fc\u011fe girmesi bekleniyor. HATAY\u2019DA 7 YIL G\u00d6REV YAPTI Tecr\u00fcbeli hukuk\u00e7u, 2017-2021 y\u0131llar\u0131 aras\u0131nda \u0130skenderun Cumhuriyet Ba\u015fsavc\u0131s\u0131, 2021-2023 y\u0131llar\u0131 aras\u0131nda ise Trabzon Cumhuriyet Ba\u015fsavc\u0131s\u0131 olarak g\u00f6rev yapt\u0131. H\u00e2kimler ve Savc\u0131lar Kurulu (HSK) Birinci Dairesi&#8217;nin 17 Temmuz 2023 tarihli adli yarg\u0131 kararnamesi ile Hatay Cumhuriyet Ba\u015fsavc\u0131l\u0131\u011f\u0131 g\u00f6revine atanan Ahmet \u00c7elikkol, yarg\u0131 te\u015fkilat\u0131nda &hellip;\" \/>\n<meta property=\"og:url\" content=\"https:\/\/denizcankizil.tr\/uk\/haberler\/gundem\/4-bin-36-hakim-savcinin-gorev-yeri-degisti\/\" \/>\n<meta property=\"og:site_name\" content=\"Av. Deniz Can K\u0131z\u0131l\" \/>\n<meta property=\"article:published_time\" content=\"2025-06-20T13:42:29+00:00\" \/>\n<meta name=\"author\" content=\"admin\" \/>\n<meta name=\"twitter:card\" content=\"summary_large_image\" \/>\n<meta name=\"twitter:label1\" content=\"\u041d\u0430\u043f\u0438\u0441\u0430\u043d\u043e\" \/>\n\t<meta name=\"twitter:data1\" content=\"admin\" \/>\n\t<meta name=\"twitter:label2\" content=\"\u041f\u0440\u0438\u0431\u043b. \u0447\u0430\u0441 \u0447\u0438\u0442\u0430\u043d\u043d\u044f\" \/>\n\t<meta name=\"twitter:data2\" content=\"3 \u0445\u0432\u0438\u043b\u0438\u043d\u0438\" \/>\n<script type=\"application\/ld+json\" class=\"yoast-schema-graph\">{\"@context\":\"https:\/\/schema.org\",\"@graph\":[{\"@type\":\"Article\",\"@id\":\"https:\/\/denizcankizil.tr\/ru\/haberler\/gundem\/4-bin-36-hakim-savcinin-gorev-yeri-degisti\/#article\",\"isPartOf\":{\"@id\":\"https:\/\/denizcankizil.tr\/ru\/haberler\/gundem\/4-bin-36-hakim-savcinin-gorev-yeri-degisti\/\"},\"author\":{\"name\":\"admin\",\"@id\":\"https:\/\/denizcankizil.tr\/de\/#\/schema\/person\/be3c05fe6a12686905512445d8185489\"},\"headline\":\"4 bin 36 Hakim savc\u0131n\u0131n g\u00f6rev yeri de\u011fi\u015fti\u2026\",\"datePublished\":\"2025-06-20T13:42:29+00:00\",\"mainEntityOfPage\":{\"@id\":\"https:\/\/denizcankizil.tr\/ru\/haberler\/gundem\/4-bin-36-hakim-savcinin-gorev-yeri-degisti\/\"},\"wordCount\":663,\"publisher\":{\"@id\":\"https:\/\/denizcankizil.tr\/de\/#organization\"},\"articleSection\":[\"G\u00fcndem\"],\"inLanguage\":\"uk\"},{\"@type\":\"WebPage\",\"@id\":\"https:\/\/denizcankizil.tr\/ru\/haberler\/gundem\/4-bin-36-hakim-savcinin-gorev-yeri-degisti\/\",\"url\":\"https:\/\/denizcankizil.tr\/ru\/haberler\/gundem\/4-bin-36-hakim-savcinin-gorev-yeri-degisti\/\",\"name\":\"4 bin 36 Hakim savc\u0131n\u0131n g\u00f6rev yeri de\u011fi\u015fti\u2026 - Av. Deniz Can K\u0131z\u0131l\",\"isPartOf\":{\"@id\":\"https:\/\/denizcankizil.tr\/de\/#website\"},\"datePublished\":\"2025-06-20T13:42:29+00:00\",\"breadcrumb\":{\"@id\":\"https:\/\/denizcankizil.tr\/ru\/haberler\/gundem\/4-bin-36-hakim-savcinin-gorev-yeri-degisti\/#breadcrumb\"},\"inLanguage\":\"uk\",\"potentialAction\":[{\"@type\":\"ReadAction\",\"target\":[\"https:\/\/denizcankizil.tr\/ru\/haberler\/gundem\/4-bin-36-hakim-savcinin-gorev-yeri-degisti\/\"]}]},{\"@type\":\"BreadcrumbList\",\"@id\":\"https:\/\/denizcankizil.tr\/ru\/haberler\/gundem\/4-bin-36-hakim-savcinin-gorev-yeri-degisti\/#breadcrumb\",\"itemListElement\":[{\"@type\":\"ListItem\",\"position\":1,\"name\":\"Home\",\"item\":\"https:\/\/denizcankizil.tr\/de\/\"},{\"@type\":\"ListItem\",\"position\":2,\"name\":\"4 bin 36 Hakim savc\u0131n\u0131n g\u00f6rev yeri de\u011fi\u015fti\u2026\"}]},{\"@type\":\"WebSite\",\"@id\":\"https:\/\/denizcankizil.tr\/de\/#website\",\"url\":\"https:\/\/denizcankizil.tr\/de\/\",\"name\":\"Av. Deniz Can K\u0131z\u0131l\",\"description\":\"Avukat Deniz Can K\u0131z\u0131l Antalya Barosu\",\"publisher\":{\"@id\":\"https:\/\/denizcankizil.tr\/de\/#organization\"},\"potentialAction\":[{\"@type\":\"SearchAction\",\"target\":{\"@type\":\"EntryPoint\",\"urlTemplate\":\"https:\/\/denizcankizil.tr\/de\/?s={search_term_string}\"},\"query-input\":{\"@type\":\"PropertyValueSpecification\",\"valueRequired\":true,\"valueName\":\"search_term_string\"}}],\"inLanguage\":\"uk\"},{\"@type\":\"Organization\",\"@id\":\"https:\/\/denizcankizil.tr\/de\/#organization\",\"name\":\"Av. Deniz Can K\u0131z\u0131l\",\"url\":\"https:\/\/denizcankizil.tr\/de\/\",\"logo\":{\"@type\":\"ImageObject\",\"inLanguage\":\"uk\",\"@id\":\"https:\/\/denizcankizil.tr\/de\/#\/schema\/logo\/image\/\",\"url\":\"http:\/\/denizcankizil.tr\/wp-content\/uploads\/2024\/10\/siyah-logo-svg.svg\",\"contentUrl\":\"http:\/\/denizcankizil.tr\/wp-content\/uploads\/2024\/10\/siyah-logo-svg.svg\",\"width\":1080,\"height\":1080,\"caption\":\"Av. Deniz Can K\u0131z\u0131l\"},\"image\":{\"@id\":\"https:\/\/denizcankizil.tr\/de\/#\/schema\/logo\/image\/\"}},{\"@type\":\"Person\",\"@id\":\"https:\/\/denizcankizil.tr\/de\/#\/schema\/person\/be3c05fe6a12686905512445d8185489\",\"name\":\"admin\",\"image\":{\"@type\":\"ImageObject\",\"inLanguage\":\"uk\",\"@id\":\"https:\/\/denizcankizil.tr\/de\/#\/schema\/person\/image\/\",\"url\":\"https:\/\/secure.gravatar.com\/avatar\/c1fce94c830dc79107e174f890d7210541c4a63e8e5d816341794a2151c9d58c?s=96&d=mm&r=g\",\"contentUrl\":\"https:\/\/secure.gravatar.com\/avatar\/c1fce94c830dc79107e174f890d7210541c4a63e8e5d816341794a2151c9d58c?s=96&d=mm&r=g\",\"caption\":\"admin\"},\"sameAs\":[\"http:\/\/denizcankizil.tr\"],\"url\":\"https:\/\/www.iskenderun.org\/4-bin-36-hakim-savcinin-gorev-yeri-degisti\"}]}<\/script>\n<!-- \/ Yoast SEO Premium plugin. -->","yoast_head_json":{"title":"4 bin 36 Hakim savc\u0131n\u0131n g\u00f6rev yeri de\u011fi\u015fti\u2026 - Av. Deniz Can K\u0131z\u0131l","robots":{"index":"index","follow":"follow","max-snippet":"max-snippet:-1","max-image-preview":"max-image-preview:large","max-video-preview":"max-video-preview:-1"},"canonical":"https:\/\/denizcankizil.tr\/uk\/haberler\/gundem\/4-bin-36-hakim-savcinin-gorev-yeri-degisti\/","og_locale":"uk_UA","og_type":"article","og_title":"4 bin 36 Hakim savc\u0131n\u0131n g\u00f6rev yeri de\u011fi\u015fti\u2026","og_description":"HSK (H\u00e2kimler ve Savc\u0131lar Kurulu) Birinci Dairesi taraf\u0131ndan haz\u0131rlanan ana kararname kamuoyuna a\u00e7\u0131kland\u0131. Kararnameye g\u00f6re, toplam 4 bin 36 h\u00e2kim ve cumhuriyet savc\u0131s\u0131n\u0131n g\u00f6rev yeri de\u011fi\u015ftirildi. G\u00f6rev yeri de\u011fi\u015fiklikleri, h\u00e2kim ve savc\u0131lar\u0131n talepleri do\u011frultusunda yap\u0131lan de\u011ferlendirmeler sonucu belirlendi. Kararname, HSK\u2019n\u0131n resm\u00ee internet sitesinde yay\u0131mland\u0131. Adalet Bakan\u0131 Y\u0131lmaz Tun\u00e7, HSK ana kararnamesi \u00e7al\u0131\u015fmalar\u0131n\u0131n tamamland\u0131\u011f\u0131n\u0131 duyurarak, \u201cYarg\u0131 hizmetlerinin etkinli\u011fi ve verimlili\u011fi i\u00e7in \u00f6nemli bir ad\u0131m at\u0131lm\u0131\u015ft\u0131r\u201d a\u00e7\u0131klamas\u0131nda bulundu. 24 \u0130L\u0130N BA\u015eSAVCISI DE\u011e\u0130\u015eT\u0130 HSK kararnamesi kapsam\u0131nda 24 ilin ba\u015fsavc\u0131s\u0131 da de\u011fi\u015ftirildi. G\u00f6rev yeri de\u011fi\u015ftirilen baz\u0131 ba\u015fsavc\u0131lar \u015fu \u015fekilde: Manisa Cumhuriyet Ba\u015fsavc\u0131s\u0131 Kurt\u00e7a Eker, Kayseri B\u00f6lge Adliye Mahkemesi (BAM) Ba\u015fsavc\u0131l\u0131\u011f\u0131na, Ayd\u0131n Cumhuriyet Ba\u015fsavc\u0131s\u0131 Ali Ulvi Y\u0131lmaz, Yarg\u0131tay Cumhuriyet Savc\u0131l\u0131\u011f\u0131na, Konya Cumhuriyet Ba\u015fsavc\u0131s\u0131 Halil \u0130nal, Ankara BAM Ba\u015fsavc\u0131l\u0131\u011f\u0131na, Hatay Cumhuriyet Ba\u015fsavc\u0131s\u0131 Ahmet \u00c7elikkol, Mersin Cumhuriyet Ba\u015fsavc\u0131l\u0131\u011f\u0131na, Ankara Bat\u0131 Cumhuriyet Ba\u015fsavc\u0131s\u0131 Mustafa G\u00f6k\u00e7e, Yarg\u0131tay Cumhuriyet Savc\u0131l\u0131\u011f\u0131na, Afyonkarahisar Cumhuriyet Ba\u015fsavc\u0131s\u0131 Fatih Karabacak ise Yarg\u0131tay Savc\u0131l\u0131\u011f\u0131na atand\u0131. HSK\u2019n\u0131n kararnamesiyle yarg\u0131 te\u015fkilat\u0131nda b\u00fcy\u00fck bir de\u011fi\u015fiklik ya\u015fan\u0131rken, atamalar\u0131n \u00f6n\u00fcm\u00fczdeki g\u00fcnlerde y\u00fcr\u00fcrl\u00fc\u011fe girmesi bekleniyor. HATAY\u2019DA 7 YIL G\u00d6REV YAPTI Tecr\u00fcbeli hukuk\u00e7u, 2017-2021 y\u0131llar\u0131 aras\u0131nda \u0130skenderun Cumhuriyet Ba\u015fsavc\u0131s\u0131, 2021-2023 y\u0131llar\u0131 aras\u0131nda ise Trabzon Cumhuriyet Ba\u015fsavc\u0131s\u0131 olarak g\u00f6rev yapt\u0131. H\u00e2kimler ve Savc\u0131lar Kurulu (HSK) Birinci Dairesi&#8217;nin 17 Temmuz 2023 tarihli adli yarg\u0131 kararnamesi ile Hatay Cumhuriyet Ba\u015fsavc\u0131l\u0131\u011f\u0131 g\u00f6revine atanan Ahmet \u00c7elikkol, yarg\u0131 te\u015fkilat\u0131nda &hellip;","og_url":"https:\/\/denizcankizil.tr\/uk\/haberler\/gundem\/4-bin-36-hakim-savcinin-gorev-yeri-degisti\/","og_site_name":"Av. Deniz Can K\u0131z\u0131l","article_published_time":"2025-06-20T13:42:29+00:00","author":"admin","twitter_card":"summary_large_image","twitter_misc":{"\u041d\u0430\u043f\u0438\u0441\u0430\u043d\u043e":"admin","\u041f\u0440\u0438\u0431\u043b. \u0447\u0430\u0441 \u0447\u0438\u0442\u0430\u043d\u043d\u044f":"3 \u0445\u0432\u0438\u043b\u0438\u043d\u0438"},"schema":{"@context":"https:\/\/schema.org","@graph":[{"@type":"Article","@id":"https:\/\/denizcankizil.tr\/ru\/haberler\/gundem\/4-bin-36-hakim-savcinin-gorev-yeri-degisti\/#article","isPartOf":{"@id":"https:\/\/denizcankizil.tr\/ru\/haberler\/gundem\/4-bin-36-hakim-savcinin-gorev-yeri-degisti\/"},"author":{"name":"admin","@id":"https:\/\/denizcankizil.tr\/de\/#\/schema\/person\/be3c05fe6a12686905512445d8185489"},"headline":"4 bin 36 Hakim savc\u0131n\u0131n g\u00f6rev yeri de\u011fi\u015fti\u2026","datePublished":"2025-06-20T13:42:29+00:00","mainEntityOfPage":{"@id":"https:\/\/denizcankizil.tr\/ru\/haberler\/gundem\/4-bin-36-hakim-savcinin-gorev-yeri-degisti\/"},"wordCount":663,"publisher":{"@id":"https:\/\/denizcankizil.tr\/de\/#organization"},"articleSection":["G\u00fcndem"],"inLanguage":"uk"},{"@type":"WebPage","@id":"https:\/\/denizcankizil.tr\/ru\/haberler\/gundem\/4-bin-36-hakim-savcinin-gorev-yeri-degisti\/","url":"https:\/\/denizcankizil.tr\/ru\/haberler\/gundem\/4-bin-36-hakim-savcinin-gorev-yeri-degisti\/","name":"4 bin 36 Hakim savc\u0131n\u0131n g\u00f6rev yeri de\u011fi\u015fti\u2026 - Av. Deniz Can K\u0131z\u0131l","isPartOf":{"@id":"https:\/\/denizcankizil.tr\/de\/#website"},"datePublished":"2025-06-20T13:42:29+00:00","breadcrumb":{"@id":"https:\/\/denizcankizil.tr\/ru\/haberler\/gundem\/4-bin-36-hakim-savcinin-gorev-yeri-degisti\/#breadcrumb"},"inLanguage":"uk","potentialAction":[{"@type":"ReadAction","target":["https:\/\/denizcankizil.tr\/ru\/haberler\/gundem\/4-bin-36-hakim-savcinin-gorev-yeri-degisti\/"]}]},{"@type":"BreadcrumbList","@id":"https:\/\/denizcankizil.tr\/ru\/haberler\/gundem\/4-bin-36-hakim-savcinin-gorev-yeri-degisti\/#breadcrumb","itemListElement":[{"@type":"ListItem","position":1,"name":"Home","item":"https:\/\/denizcankizil.tr\/de\/"},{"@type":"ListItem","position":2,"name":"4 bin 36 Hakim savc\u0131n\u0131n g\u00f6rev yeri de\u011fi\u015fti\u2026"}]},{"@type":"WebSite","@id":"https:\/\/denizcankizil.tr\/de\/#website","url":"https:\/\/denizcankizil.tr\/de\/","name":"Av. Deniz Can K\u0131z\u0131l","description":"Avukat Deniz Can K\u0131z\u0131l Antalya Barosu","publisher":{"@id":"https:\/\/denizcankizil.tr\/de\/#organization"},"potentialAction":[{"@type":"SearchAction","target":{"@type":"EntryPoint","urlTemplate":"https:\/\/denizcankizil.tr\/de\/?s={search_term_string}"},"query-input":{"@type":"PropertyValueSpecification","valueRequired":true,"valueName":"search_term_string"}}],"inLanguage":"uk"},{"@type":"Organization","@id":"https:\/\/denizcankizil.tr\/de\/#organization","name":"Av. Deniz Can K\u0131z\u0131l","url":"https:\/\/denizcankizil.tr\/de\/","logo":{"@type":"ImageObject","inLanguage":"uk","@id":"https:\/\/denizcankizil.tr\/de\/#\/schema\/logo\/image\/","url":"http:\/\/denizcankizil.tr\/wp-content\/uploads\/2024\/10\/siyah-logo-svg.svg","contentUrl":"http:\/\/denizcankizil.tr\/wp-content\/uploads\/2024\/10\/siyah-logo-svg.svg","width":1080,"height":1080,"caption":"Av. Deniz Can K\u0131z\u0131l"},"image":{"@id":"https:\/\/denizcankizil.tr\/de\/#\/schema\/logo\/image\/"}},{"@type":"Person","@id":"https:\/\/denizcankizil.tr\/de\/#\/schema\/person\/be3c05fe6a12686905512445d8185489","name":"\u0430\u0434\u043c\u0456\u043d","image":{"@type":"ImageObject","inLanguage":"uk","@id":"https:\/\/denizcankizil.tr\/de\/#\/schema\/person\/image\/","url":"https:\/\/secure.gravatar.com\/avatar\/c1fce94c830dc79107e174f890d7210541c4a63e8e5d816341794a2151c9d58c?s=96&d=mm&r=g","contentUrl":"https:\/\/secure.gravatar.com\/avatar\/c1fce94c830dc79107e174f890d7210541c4a63e8e5d816341794a2151c9d58c?s=96&d=mm&r=g","caption":"admin"},"sameAs":["http:\/\/denizcankizil.tr"],"url":"https:\/\/www.iskenderun.org\/4-bin-36-hakim-savcinin-gorev-yeri-degisti"}]}},"_links":{"self":[{"href":"http:\/\/denizcankizil.tr\/uk\/wp-json\/wp\/v2\/posts\/121368","targetHints":{"allow":["GET"]}}],"collection":[{"href":"http:\/\/denizcankizil.tr\/uk\/wp-json\/wp\/v2\/posts"}],"about":[{"href":"http:\/\/denizcankizil.tr\/uk\/wp-json\/wp\/v2\/types\/post"}],"author":[{"embeddable":true,"href":"http:\/\/denizcankizil.tr\/uk\/wp-json\/wp\/v2\/users\/1"}],"replies":[{"embeddable":true,"href":"http:\/\/denizcankizil.tr\/uk\/wp-json\/wp\/v2\/comments?post=121368"}],"version-history":[{"count":0,"href":"http:\/\/denizcankizil.tr\/uk\/wp-json\/wp\/v2\/posts\/121368\/revisions"}],"wp:attachment":[{"href":"http:\/\/denizcankizil.tr\/uk\/wp-json\/wp\/v2\/media?parent=121368"}],"wp:term":[{"taxonomy":"category","embeddable":true,"href":"http:\/\/denizcankizil.tr\/uk\/wp-json\/wp\/v2\/categories?post=121368"},{"taxonomy":"post_tag","embeddable":true,"href":"http:\/\/denizcankizil.tr\/uk\/wp-json\/wp\/v2\/tags?post=121368"}],"curies":[{"name":"wp","href":"https:\/\/api.w.org\/{rel}","templated":true}]}}