{"id":121293,"date":"2025-06-20T15:41:18","date_gmt":"2025-06-20T12:41:18","guid":{"rendered":"https:\/\/denizcankizil.tr\/uncategorized-tr\/kemerde-aritma-tesisinde-koku-sorunu\/"},"modified":"2025-06-20T15:41:18","modified_gmt":"2025-06-20T12:41:18","slug":"kemerde-aritma-tesisinde-koku-sorunu","status":"publish","type":"post","link":"http:\/\/denizcankizil.tr\/uk\/haberler\/antalya\/kemerde-aritma-tesisinde-koku-sorunu\/","title":{"rendered":"Kemer&#8217;de ar\u0131tma tesisinde koku sorunu"},"content":{"rendered":"<p>Toplant\u0131da ALKATA\u015e A.\u015e olarak ihale kapsam\u0131nda tesisin 10 senelik i\u015fletmesini ald\u0131klar\u0131n\u0131 ifade eden ALKATA\u015e A.\u015e\u2019nin Sorumlusu G\u00f6khan Demirel, tesisi yapan ve i\u015fleten firma konumunda olduklar\u0131n\u0131 s\u00f6yledi.<br \/>\nDemirel, tesis a\u00e7\u0131ld\u0131ktan sonra eski tesisteki at\u0131k sular\u0131n mevcut tesise y\u00f6nlendirilmeye ba\u015fland\u0131\u011f\u0131na dikkat \u00e7ekerek, &#8220;Normalde eski tesisin miad\u0131 dolmu\u015ftu. Normal \u015fartlarda bu projenin bitim s\u00fcresi 2,5 y\u0131ld\u0131r. Bakanl\u0131\u011f\u0131n \u00f6demeleri h\u0131zland\u0131rarak projeyi h\u0131zland\u0131rmas\u0131yla buradaki i\u015f 15 ay gibi k\u0131sa s\u00fcrede tamamland\u0131. Normal \u015fartlarda bu i\u015f bu s\u00fcrede yap\u0131lmaz. Buras\u0131 \u00e7ok h\u0131zl\u0131 yap\u0131ld\u0131. H\u0131zl\u0131 yap\u0131lmas\u0131 nedeniyle ar\u0131tmaya dair baz\u0131 i\u015fler kald\u0131. \u00d6rne\u011fin, terfi hatlar\u0131n\u0131n sonland\u0131r\u0131lmas\u0131 kald\u0131. Ama biz sene sonuna do\u011fru terfi hatlar\u0131n\u0131 \u00e7al\u0131\u015f\u0131r hale getirdik&#8221; dedi.<br \/>\nEski tesis art\u0131k ar\u0131tmay\u0131 yapamayacak duruma geldi\u011fini s\u00f6yleyen ve biyolojik tesis oldu\u011fu ve bakteri \u00fcretimini sa\u011flamak i\u00e7in belli bir s\u00fcreye ihtiya\u00e7 bulundu\u011funu hat\u0131rlatan Demirel \u015f\u00f6yle devam etti: &#8220;Bunu h\u0131zland\u0131rmak ad\u0131na da di\u011fer mevcut \u00e7al\u0131\u015fan tesislerden \u00e7amur a\u015f\u0131lamas\u0131 da yapt\u0131k. Buraya Kemer ve \u00c7amyuva tesislerinden \u00e7amur getirdik ve i\u015fi h\u0131zland\u0131rd\u0131k. \u015eu anda tesis koku \u00fcniteleriyle ful ve rand\u0131manl\u0131 olarak \u00e7al\u0131\u015fmaktad\u0131r. \u00d6ncelikle \u015funu s\u00f6ylemek gerekiyor; buras\u0131 bir ar\u0131tma tesisi. Havuzlar\u0131m\u0131z\u0131n her taraf\u0131 kapal\u0131 de\u011fil. D\u00fcnya standartlar\u0131nda da bu b\u00f6yledir. \u00c7al\u0131\u015fmalar\u0131m\u0131z neticesinde koku \u00fcnitelerinin performanslar\u0131n\u0131 art\u0131rd\u0131k. Gerekli ilaveleri yapt\u0131k. Koku kayna\u011f\u0131 olarak g\u00f6rd\u00fc\u011f\u00fcm\u00fcz yerleri kapatt\u0131k. Gelen \u015fikayetler do\u011frultusunda ka\u00e7ak oldu\u011funu tespit etti\u011fimiz yerlerde iyile\u015ftirme \u00e7al\u0131\u015fmalar\u0131 yapt\u0131k. Normalde bu tesisin projesinde koku \u00fcnitelerinde olmayan k\u0131s\u0131mlar vard\u0131. Biz m\u00fcteahhit olarak onlar\u0131 ilave olarak koyduk. Normalde standart olarak bizden istenen biyolojik ar\u0131tma ve aktif karbonla koku giderim \u00fcnitesiydi. Biz buna performans\u0131n\u0131 art\u0131rmak ad\u0131na daha hibrit bir sistem olan kokunun yo\u011funlu\u011funa g\u00f6re sistemi ayarlayabilece\u011finiz kimyasal bir koku giderim \u00fcnitesi ekledik. Burada \u00fc\u00e7 kademeli bir koku ar\u0131tma sistemi var. \u0130lk kademe biyolojik ar\u0131tma. Daha sonra kimyasal dozlama yap\u0131yoruz. \u00dc\u00e7\u00fcnc\u00fc kademede ise aktif karbondan ge\u00e7iriyoruz. Biz koku \u00fcnitelerine gerekli m\u00fcdahalemizi yapt\u0131k. \u015eu anda \u00fcnitelerimiz tam performansla \u00e7al\u0131\u015fmaktad\u0131r. D\u00fcn de bir \u00f6l\u00e7\u00fcm yapt\u0131rd\u0131k. Koku seviyemiz, 00.5 seviyesinde \u00e7\u0131k\u0131\u015flar\u0131m\u0131z var. Bu tesiste kokuyla yap\u0131labilecek her \u015fey yap\u0131lm\u0131\u015f vaziyette diyebiliri&#8221; dedi.<\/p>\n<p>Ba\u015fkan Topalo\u011flu:&#8221;Kemer Belediyesi&#8217;nin paraf\u0131 bile yok&#8221;<br \/>\nEn fazla koku sorunu ya\u015fayan yerle\u015fim yerinin ba\u015f\u0131nda \u00c7amyuva oldu\u011funun alt\u0131n\u0131 \u00e7izen Ba\u015fkan Topalo\u011flu ise Kemer&#8217;e bir ar\u0131tman\u0131n laz\u0131m oldu\u011funu di\u011fer ar\u0131tmalar miad\u0131n\u0131 doldurdu\u011funun bilindi\u011fini belirterek, &#8220;Ancak ar\u0131tman\u0131n yap\u0131laca\u011f\u0131 yer buras\u0131 de\u011fildi. Bu tesis ba\u015fka bir yere yap\u0131labilirdi. Ama olan oldu. Biliyorsunuz bu i\u015fletmeler kamu yarar\u0131na oldu\u011fu i\u00e7in ruhsata tabi de\u011fil. Kemer Belediyesi\u2019nin burada bir tane bile paraf\u0131 yok. Bunu herkesin bilmesini istiyorum. Baz\u0131 ki\u015filer belediyenin buraya ruhsat verdi\u011fini s\u00f6yl\u00fcyor. B\u00f6yle bir \u015fey s\u00f6z konusu bile de\u011fil. Buras\u0131 a\u00e7\u0131ld\u0131\u011f\u0131 zaman buraya gelerek koku nedeniyle arkada\u015flardan bilgi ald\u0131m. Bakteri \u00fcretimi yap\u0131ld\u0131\u011f\u0131n\u0131 ve koku sorunu ya\u015fand\u0131\u011f\u0131n\u0131 s\u00f6ylemi\u015flerdi. Ge\u00e7ti\u011fimiz g\u00fcnlerde \u00c7amyuva Kuzdere mahallelerinde ya\u015fayan vatanda\u015flar\u0131m\u0131z bu koku nedeniyle imza toplad\u0131. Bu imzalar\u0131 ASAT ile K\u00fclt\u00fcr ve Turizm Bakanl\u0131\u011f\u0131\u2019na g\u00f6nderdik. Vatanda\u015flar\u0131m\u0131zda ar\u0131tma tesisinin kapaklar\u0131 a\u00e7\u0131ld\u0131\u011f\u0131 i\u00e7in koku yay\u0131l\u0131yor diye bir alg\u0131 olu\u015ftu. Bazen geceleri \u00c7amyuva\u2019dan ge\u00e7erken \u00e7ok yo\u011fun \u015fekilde koku oluyor. D\u00fcn yine ziyaretime gelen bir vatanda\u015f\u0131m\u0131z sabahlar\u0131 pencerelerini a\u00e7amad\u0131klar\u0131n\u0131 s\u00f6ylediler. Bu durumu iyi niyetle \u00e7\u00f6zmemiz gerekiyor. Biz buraya \u00fcz\u00fcm yemeye geldik. Yap\u0131lmas\u0131 gereken bir \u015fey varsa yapal\u0131m ki vatanda\u015f\u0131m\u0131z da siz de biz de rahat olal\u0131m&#8221; diye konu\u015ftu.<\/p>\n<p>Bir vatanda\u015f\u0131n &#8220;Olu\u015fan alg\u0131 kapaklar\u0131 a\u00e7t\u0131\u011f\u0131n\u0131z y\u00f6n\u00fcnde. Siz burada kapaklar\u0131 a\u00e7\u0131yor musunuz?&#8221; sorusu \u00fczerine ALKATA\u015e A.\u015e\u2019nin Sorumlusu G\u00f6khan Demirel \u015funlar\u0131 kaydetti: &#8220;Buras\u0131 resmi bir kurum. Bizi denetleyen ASAT, K\u00fclt\u00fcr ve Turizm Bakanl\u0131\u011f\u0131 ile \u00c7evre \u015eehircilik ve \u0130klim De\u011fi\u015fikli\u011fi Bakanl\u0131\u011f\u0131d\u0131r. B\u00f6yle bir denetimin alt\u0131nda size g\u00f6re \u00e7\u0131k\u0131\u015flara baypas yapmam\u0131z m\u00fcmk\u00fcn m\u00fcd\u00fcr? Kapaklar a\u00e7\u0131l\u0131yor diye olu\u015fan alg\u0131y\u0131 ve iddialar\u0131 kesinlikle kabul etmiyorum&#8221; dedi.<br \/>\nAntalya B\u00fcy\u00fck\u015fehir Belediyesi ASAT At\u0131ksu Ar\u0131tma Daire Ba\u015fkan\u0131 \u00c7evre Y\u00fcksek M\u00fchendisi Murat Mert Otuzalt\u0131 ise ASAT\u2019\u0131n bu i\u015fletmedeki rol\u00fc, projelerin onaylanmas\u0131 ve 27 y\u0131l boyunca y\u00fcklenici firmaya ait olan i\u015fletmenin 7\/24 denetiminin yap\u0131lmas\u0131 oldu\u011funu kaydetti. ASAT personelinin g\u00f6revinin buradaki tesisin \u00e7\u0131k\u0131\u015f suyunu ve koku gidermelerinin \u00e7al\u0131\u015f\u0131p \u00e7al\u0131\u015fmad\u0131\u011f\u0131n\u0131 kontrol etmek oldu\u011funu s\u00f6yleyen Otuzalt\u0131, &#8220;Sizlere burada s\u0131f\u0131r koku vaadinde bulunulmu\u015f ancak bunlar ger\u00e7ek olmayan vaatlerdir. Maalesef s\u0131f\u0131r koku diye bir \u015fey s\u00f6z konusu olmaz. Ancak \u015f\u00f6yle bir \u015fey yap\u0131labilir. Ar\u0131tma tesisinde bir tane koku kayna\u011f\u0131 olmaz. Burada 15 tane \u00fcnite bulunuyor. Ar\u0131tma kademeli bir sistemdir. Herhangi bir kademesinde sorun oldu\u011funda koku yay\u0131labilir. \u00d6rne\u011fin, \u00e7amuru d\u00fczenli \u00e7ekmezseniz koku yapar. Koku gidermenin aktif karbonunu de\u011fi\u015ftirmezseniz koku yapar. Bekleme s\u00fcresini art\u0131r\u0131rsan\u0131z koku artar. Yer se\u00e7imine biz karar veremedi\u011fimiz ve yap\u0131m s\u00fcreci de tamamland\u0131\u011f\u0131 i\u00e7in bizim burada yapabilece\u011fimiz koku gideren \u00fcnitelerin \u00e7al\u0131\u015f\u0131r ve aktif durumda oldu\u011funu sa\u011flamak. Biz burada zaten denetimi tesiste \u00e7al\u0131\u015fan arkada\u015flar\u0131m\u0131zla s\u00fcrekli yap\u0131yoruz. Kokunun geldi\u011fi saatler tespit edilerek o saatlerde yap\u0131lan i\u015flemlere y\u00f6nelik \u00e7al\u0131\u015fmalar yap\u0131labilir. Bu sayede ufak ufak noktasal \u00f6nlemler al\u0131nabilir. Ancak s\u0131f\u0131r koku olmas\u0131 zordur&#8221; diye konu\u015ftu.<br \/>\n\u00c7amyuva Mahalle Muhtar\u0131 R\u0131dvan Vicir\u2019in de konuyla ilgili a\u00e7\u0131klamalar\u0131n\u0131n ard\u0131ndan Kemer Belediye Ba\u015fkan\u0131 Necati Topalo\u011flu, firma yetkililerinden \u015fikayetlerin yo\u011funla\u015ft\u0131\u011f\u0131 saatlere y\u00f6nelik gerekli incelemelerin yap\u0131lmas\u0131n\u0131 ve bu saatlerde koku yay\u0131l\u0131m\u0131n\u0131n azalt\u0131lmas\u0131yla ilgili \u00f6nlemlerin al\u0131nmas\u0131 talebini yeniledi.<br \/>\nK\u00fclt\u00fcr ve Turizm Bakanl\u0131\u011f\u0131 Kemer-\u00c7amyuva At\u0131ksu Ar\u0131tma Tesisi\u2019nde d\u00fczenlenen toplant\u0131ya, Kemer Belediye Ba\u015fkan\u0131 Necati Topalo\u011flu, CHP Kemer \u0130l\u00e7e Ba\u015fkan\u0131 Sedat Karakaya, Kemer Belediye Ba\u015fkan Yard\u0131mc\u0131lar\u0131 Emin G\u00fcl ile Semih Top, Kemer Belediye Meclis \u00dcyesi Sema \u00d6zdemir, Antalya B\u00fcy\u00fck\u015fehir Belediyesi ASAT At\u0131ksu Ar\u0131tma Daire Ba\u015fkan\u0131 Murat Mert Otuzalt\u0131, Kemer Belediyesi \u00c7amyuva Mahalle Sorumlusu U\u011fur Keskin, Kemer Belediyesi Kuzdere Mahalle Sorumlusu Ayhan Y\u0131ld\u0131r\u0131m, \u00c7amyuva Mahalle Muhtar\u0131 R\u0131dvan Vicir, Kuzdere Mahalle Muhtar\u0131 Serkan G\u00fcnay, ASAT Kemer \u015eube M\u00fcd\u00fcr\u00fc Nuri Kocada\u011f, tesisin yap\u0131m ve i\u015fletme ihalesini alan ALKATA\u015e A.\u015e\u2019nin Sorumlusu G\u00f6khan Demirel ve vatanda\u015flar kat\u0131ld\u0131.<\/p>\n<p>Kaynak: www.kanalv.com.tr Haber Sitesinden Al\u0131nm\u0131\u015ft\u0131r.<\/p>","protected":false},"excerpt":{"rendered":"<p>Toplant\u0131da ALKATA\u015e A.\u015e olarak ihale kapsam\u0131nda tesisin 10 senelik i\u015fletmesini ald\u0131klar\u0131n\u0131 ifade eden ALKATA\u015e A.\u015e\u2019nin Sorumlusu G\u00f6khan Demirel, tesisi yapan ve i\u015fleten firma konumunda olduklar\u0131n\u0131 s\u00f6yledi. Demirel, tesis a\u00e7\u0131ld\u0131ktan sonra eski tesisteki at\u0131k sular\u0131n mevcut tesise y\u00f6nlendirilmeye ba\u015fland\u0131\u011f\u0131na dikkat \u00e7ekerek, &#8220;Normalde eski tesisin miad\u0131 dolmu\u015ftu. Normal \u015fartlarda bu projenin bitim s\u00fcresi 2,5 y\u0131ld\u0131r. Bakanl\u0131\u011f\u0131n \u00f6demeleri h\u0131zland\u0131rarak projeyi h\u0131zland\u0131rmas\u0131yla buradaki i\u015f 15 ay gibi k\u0131sa s\u00fcrede tamamland\u0131. Normal \u015fartlarda bu i\u015f bu s\u00fcrede yap\u0131lmaz. Buras\u0131 \u00e7ok h\u0131zl\u0131 yap\u0131ld\u0131. H\u0131zl\u0131 yap\u0131lmas\u0131 nedeniyle ar\u0131tmaya dair baz\u0131 i\u015fler kald\u0131. \u00d6rne\u011fin, terfi hatlar\u0131n\u0131n sonland\u0131r\u0131lmas\u0131 kald\u0131. Ama biz sene sonuna do\u011fru terfi hatlar\u0131n\u0131 \u00e7al\u0131\u015f\u0131r hale getirdik&#8221; dedi. Eski tesis art\u0131k ar\u0131tmay\u0131 yapamayacak duruma geldi\u011fini s\u00f6yleyen ve biyolojik tesis oldu\u011fu ve bakteri \u00fcretimini sa\u011flamak i\u00e7in belli bir s\u00fcreye ihtiya\u00e7 bulundu\u011funu hat\u0131rlatan Demirel \u015f\u00f6yle devam etti: &#8220;Bunu h\u0131zland\u0131rmak ad\u0131na da di\u011fer mevcut \u00e7al\u0131\u015fan tesislerden \u00e7amur a\u015f\u0131lamas\u0131 da yapt\u0131k. Buraya Kemer ve \u00c7amyuva tesislerinden \u00e7amur getirdik ve i\u015fi h\u0131zland\u0131rd\u0131k. \u015eu anda tesis koku \u00fcniteleriyle ful ve rand\u0131manl\u0131 olarak \u00e7al\u0131\u015fmaktad\u0131r. \u00d6ncelikle \u015funu s\u00f6ylemek gerekiyor; buras\u0131 bir ar\u0131tma tesisi. Havuzlar\u0131m\u0131z\u0131n her taraf\u0131 kapal\u0131 de\u011fil. D\u00fcnya standartlar\u0131nda da bu b\u00f6yledir. \u00c7al\u0131\u015fmalar\u0131m\u0131z neticesinde koku \u00fcnitelerinin performanslar\u0131n\u0131 art\u0131rd\u0131k. Gerekli ilaveleri yapt\u0131k. Koku kayna\u011f\u0131 olarak g\u00f6rd\u00fc\u011f\u00fcm\u00fcz yerleri kapatt\u0131k. Gelen \u015fikayetler do\u011frultusunda ka\u00e7ak oldu\u011funu tespit etti\u011fimiz &hellip;<\/p>","protected":false},"author":4,"featured_media":121294,"comment_status":"","ping_status":"open","sticky":false,"template":"","format":"standard","meta":{"_acf_changed":false,"footnotes":""},"categories":[26],"tags":[],"class_list":["post-121293","post","type-post","status-publish","format-standard","has-post-thumbnail","hentry","category-antalya"],"acf":[],"yoast_head":"<!-- This site is optimized with the Yoast SEO Premium plugin v26.6 (Yoast SEO v27.1.1) - https:\/\/yoast.com\/product\/yoast-seo-premium-wordpress\/ -->\n<title>Kemer&#039;de ar\u0131tma tesisinde koku sorunu - Av. Deniz Can K\u0131z\u0131l<\/title>\n<meta name=\"robots\" content=\"index, follow, max-snippet:-1, max-image-preview:large, max-video-preview:-1\" \/>\n<link rel=\"canonical\" href=\"http:\/\/denizcankizil.tr\/uk\/haberler\/antalya\/kemerde-aritma-tesisinde-koku-sorunu\/\" \/>\n<meta property=\"og:locale\" content=\"uk_UA\" \/>\n<meta property=\"og:type\" content=\"article\" \/>\n<meta property=\"og:title\" content=\"Kemer&#039;de ar\u0131tma tesisinde koku sorunu\" \/>\n<meta property=\"og:description\" content=\"Toplant\u0131da ALKATA\u015e A.\u015e olarak ihale kapsam\u0131nda tesisin 10 senelik i\u015fletmesini ald\u0131klar\u0131n\u0131 ifade eden ALKATA\u015e A.\u015e\u2019nin Sorumlusu G\u00f6khan Demirel, tesisi yapan ve i\u015fleten firma konumunda olduklar\u0131n\u0131 s\u00f6yledi. Demirel, tesis a\u00e7\u0131ld\u0131ktan sonra eski tesisteki at\u0131k sular\u0131n mevcut tesise y\u00f6nlendirilmeye ba\u015fland\u0131\u011f\u0131na dikkat \u00e7ekerek, &#8220;Normalde eski tesisin miad\u0131 dolmu\u015ftu. Normal \u015fartlarda bu projenin bitim s\u00fcresi 2,5 y\u0131ld\u0131r. Bakanl\u0131\u011f\u0131n \u00f6demeleri h\u0131zland\u0131rarak projeyi h\u0131zland\u0131rmas\u0131yla buradaki i\u015f 15 ay gibi k\u0131sa s\u00fcrede tamamland\u0131. Normal \u015fartlarda bu i\u015f bu s\u00fcrede yap\u0131lmaz. Buras\u0131 \u00e7ok h\u0131zl\u0131 yap\u0131ld\u0131. H\u0131zl\u0131 yap\u0131lmas\u0131 nedeniyle ar\u0131tmaya dair baz\u0131 i\u015fler kald\u0131. \u00d6rne\u011fin, terfi hatlar\u0131n\u0131n sonland\u0131r\u0131lmas\u0131 kald\u0131. Ama biz sene sonuna do\u011fru terfi hatlar\u0131n\u0131 \u00e7al\u0131\u015f\u0131r hale getirdik&#8221; dedi. Eski tesis art\u0131k ar\u0131tmay\u0131 yapamayacak duruma geldi\u011fini s\u00f6yleyen ve biyolojik tesis oldu\u011fu ve bakteri \u00fcretimini sa\u011flamak i\u00e7in belli bir s\u00fcreye ihtiya\u00e7 bulundu\u011funu hat\u0131rlatan Demirel \u015f\u00f6yle devam etti: &#8220;Bunu h\u0131zland\u0131rmak ad\u0131na da di\u011fer mevcut \u00e7al\u0131\u015fan tesislerden \u00e7amur a\u015f\u0131lamas\u0131 da yapt\u0131k. Buraya Kemer ve \u00c7amyuva tesislerinden \u00e7amur getirdik ve i\u015fi h\u0131zland\u0131rd\u0131k. \u015eu anda tesis koku \u00fcniteleriyle ful ve rand\u0131manl\u0131 olarak \u00e7al\u0131\u015fmaktad\u0131r. \u00d6ncelikle \u015funu s\u00f6ylemek gerekiyor; buras\u0131 bir ar\u0131tma tesisi. Havuzlar\u0131m\u0131z\u0131n her taraf\u0131 kapal\u0131 de\u011fil. D\u00fcnya standartlar\u0131nda da bu b\u00f6yledir. \u00c7al\u0131\u015fmalar\u0131m\u0131z neticesinde koku \u00fcnitelerinin performanslar\u0131n\u0131 art\u0131rd\u0131k. Gerekli ilaveleri yapt\u0131k. Koku kayna\u011f\u0131 olarak g\u00f6rd\u00fc\u011f\u00fcm\u00fcz yerleri kapatt\u0131k. Gelen \u015fikayetler do\u011frultusunda ka\u00e7ak oldu\u011funu tespit etti\u011fimiz &hellip;\" \/>\n<meta property=\"og:url\" content=\"http:\/\/denizcankizil.tr\/uk\/haberler\/antalya\/kemerde-aritma-tesisinde-koku-sorunu\/\" \/>\n<meta property=\"og:site_name\" content=\"Av. Deniz Can K\u0131z\u0131l\" \/>\n<meta property=\"article:published_time\" content=\"2025-06-20T12:41:18+00:00\" \/>\n<meta property=\"og:image\" content=\"http:\/\/denizcankizil.tr\/wp-content\/uploads\/2025\/06\/6980-01-2Iyp9n.jpg\" \/>\n\t<meta property=\"og:image:width\" content=\"1280\" \/>\n\t<meta property=\"og:image:height\" content=\"720\" \/>\n\t<meta property=\"og:image:type\" content=\"image\/jpeg\" \/>\n<meta name=\"author\" content=\"Av. Deniz Can K\u0131z\u0131l\" \/>\n<meta name=\"twitter:card\" content=\"summary_large_image\" \/>\n<meta name=\"twitter:label1\" content=\"\u041d\u0430\u043f\u0438\u0441\u0430\u043d\u043e\" \/>\n\t<meta name=\"twitter:data1\" content=\"Av. Deniz Can K\u0131z\u0131l\" \/>\n\t<meta name=\"twitter:label2\" content=\"\u041f\u0440\u0438\u0431\u043b. \u0447\u0430\u0441 \u0447\u0438\u0442\u0430\u043d\u043d\u044f\" \/>\n\t<meta name=\"twitter:data2\" content=\"6 \u0445\u0432\u0438\u043b\u0438\u043d\" \/>\n<script type=\"application\/ld+json\" class=\"yoast-schema-graph\">{\"@context\":\"https:\/\/schema.org\",\"@graph\":[{\"@type\":\"Article\",\"@id\":\"http:\/\/denizcankizil.tr\/uk\/haberler\/antalya\/kemerde-aritma-tesisinde-koku-sorunu\/#article\",\"isPartOf\":{\"@id\":\"http:\/\/denizcankizil.tr\/uk\/haberler\/antalya\/kemerde-aritma-tesisinde-koku-sorunu\/\"},\"author\":{\"name\":\"Av. Deniz Can K\u0131z\u0131l\",\"@id\":\"https:\/\/denizcankizil.tr\/#\/schema\/person\/5dc1b22991bd7ac833867c10afc9b0ff\"},\"headline\":\"Kemer&#8217;de ar\u0131tma tesisinde koku sorunu\",\"datePublished\":\"2025-06-20T12:41:18+00:00\",\"mainEntityOfPage\":{\"@id\":\"http:\/\/denizcankizil.tr\/uk\/haberler\/antalya\/kemerde-aritma-tesisinde-koku-sorunu\/\"},\"wordCount\":1225,\"publisher\":{\"@id\":\"https:\/\/denizcankizil.tr\/#organization\"},\"image\":{\"@id\":\"http:\/\/denizcankizil.tr\/uk\/haberler\/antalya\/kemerde-aritma-tesisinde-koku-sorunu\/#primaryimage\"},\"thumbnailUrl\":\"http:\/\/denizcankizil.tr\/wp-content\/uploads\/2025\/06\/6980-01-2Iyp9n.jpg\",\"articleSection\":[\"Antalya\"],\"inLanguage\":\"uk\"},{\"@type\":\"WebPage\",\"@id\":\"http:\/\/denizcankizil.tr\/uk\/haberler\/antalya\/kemerde-aritma-tesisinde-koku-sorunu\/\",\"url\":\"http:\/\/denizcankizil.tr\/uk\/haberler\/antalya\/kemerde-aritma-tesisinde-koku-sorunu\/\",\"name\":\"Kemer'de ar\u0131tma tesisinde koku sorunu - Av. Deniz Can K\u0131z\u0131l\",\"isPartOf\":{\"@id\":\"https:\/\/denizcankizil.tr\/#website\"},\"primaryImageOfPage\":{\"@id\":\"http:\/\/denizcankizil.tr\/uk\/haberler\/antalya\/kemerde-aritma-tesisinde-koku-sorunu\/#primaryimage\"},\"image\":{\"@id\":\"http:\/\/denizcankizil.tr\/uk\/haberler\/antalya\/kemerde-aritma-tesisinde-koku-sorunu\/#primaryimage\"},\"thumbnailUrl\":\"http:\/\/denizcankizil.tr\/wp-content\/uploads\/2025\/06\/6980-01-2Iyp9n.jpg\",\"datePublished\":\"2025-06-20T12:41:18+00:00\",\"breadcrumb\":{\"@id\":\"http:\/\/denizcankizil.tr\/uk\/haberler\/antalya\/kemerde-aritma-tesisinde-koku-sorunu\/#breadcrumb\"},\"inLanguage\":\"uk\",\"potentialAction\":[{\"@type\":\"ReadAction\",\"target\":[\"http:\/\/denizcankizil.tr\/uk\/haberler\/antalya\/kemerde-aritma-tesisinde-koku-sorunu\/\"]}]},{\"@type\":\"ImageObject\",\"inLanguage\":\"uk\",\"@id\":\"http:\/\/denizcankizil.tr\/uk\/haberler\/antalya\/kemerde-aritma-tesisinde-koku-sorunu\/#primaryimage\",\"url\":\"http:\/\/denizcankizil.tr\/wp-content\/uploads\/2025\/06\/6980-01-2Iyp9n.jpg\",\"contentUrl\":\"http:\/\/denizcankizil.tr\/wp-content\/uploads\/2025\/06\/6980-01-2Iyp9n.jpg\",\"width\":1280,\"height\":720},{\"@type\":\"BreadcrumbList\",\"@id\":\"http:\/\/denizcankizil.tr\/uk\/haberler\/antalya\/kemerde-aritma-tesisinde-koku-sorunu\/#breadcrumb\",\"itemListElement\":[{\"@type\":\"ListItem\",\"position\":1,\"name\":\"Home\",\"item\":\"https:\/\/denizcankizil.tr\/uk\/\"},{\"@type\":\"ListItem\",\"position\":2,\"name\":\"Kemer&#8217;de ar\u0131tma tesisinde koku sorunu\"}]},{\"@type\":\"WebSite\",\"@id\":\"https:\/\/denizcankizil.tr\/#website\",\"url\":\"https:\/\/denizcankizil.tr\/\",\"name\":\"Av. Deniz Can K\u0131z\u0131l\",\"description\":\"Avukat Deniz Can K\u0131z\u0131l Antalya Barosu\",\"publisher\":{\"@id\":\"https:\/\/denizcankizil.tr\/#organization\"},\"potentialAction\":[{\"@type\":\"SearchAction\",\"target\":{\"@type\":\"EntryPoint\",\"urlTemplate\":\"https:\/\/denizcankizil.tr\/?s={search_term_string}\"},\"query-input\":{\"@type\":\"PropertyValueSpecification\",\"valueRequired\":true,\"valueName\":\"search_term_string\"}}],\"inLanguage\":\"uk\"},{\"@type\":\"Organization\",\"@id\":\"https:\/\/denizcankizil.tr\/#organization\",\"name\":\"Av. Deniz Can K\u0131z\u0131l\",\"url\":\"https:\/\/denizcankizil.tr\/\",\"logo\":{\"@type\":\"ImageObject\",\"inLanguage\":\"uk\",\"@id\":\"https:\/\/denizcankizil.tr\/#\/schema\/logo\/image\/\",\"url\":\"http:\/\/denizcankizil.tr\/wp-content\/uploads\/2024\/10\/siyah-logo-svg.svg\",\"contentUrl\":\"http:\/\/denizcankizil.tr\/wp-content\/uploads\/2024\/10\/siyah-logo-svg.svg\",\"width\":1080,\"height\":1080,\"caption\":\"Av. Deniz Can K\u0131z\u0131l\"},\"image\":{\"@id\":\"https:\/\/denizcankizil.tr\/#\/schema\/logo\/image\/\"}},{\"@type\":\"Person\",\"@id\":\"https:\/\/denizcankizil.tr\/#\/schema\/person\/5dc1b22991bd7ac833867c10afc9b0ff\",\"name\":\"Av. Deniz Can K\u0131z\u0131l\",\"image\":{\"@type\":\"ImageObject\",\"inLanguage\":\"uk\",\"@id\":\"https:\/\/denizcankizil.tr\/#\/schema\/person\/image\/\",\"url\":\"https:\/\/secure.gravatar.com\/avatar\/a0b128fb9855c79efc976d5640eedb31dc35ec297594d6016d2cf7c60e975bb6?s=96&d=mm&r=g\",\"contentUrl\":\"https:\/\/secure.gravatar.com\/avatar\/a0b128fb9855c79efc976d5640eedb31dc35ec297594d6016d2cf7c60e975bb6?s=96&d=mm&r=g\",\"caption\":\"Av. Deniz Can K\u0131z\u0131l\"},\"sameAs\":[\"http:\/\/www.denizcankizil.tr\"],\"url\":\"http:\/\/denizcankizil.tr\/uk\/author\/denizcankizil\/\"}]}<\/script>\n<!-- \/ Yoast SEO Premium plugin. -->","yoast_head_json":{"title":"Kemer'de ar\u0131tma tesisinde koku sorunu - Av. Deniz Can K\u0131z\u0131l","robots":{"index":"index","follow":"follow","max-snippet":"max-snippet:-1","max-image-preview":"max-image-preview:large","max-video-preview":"max-video-preview:-1"},"canonical":"http:\/\/denizcankizil.tr\/uk\/haberler\/antalya\/kemerde-aritma-tesisinde-koku-sorunu\/","og_locale":"uk_UA","og_type":"article","og_title":"Kemer'de ar\u0131tma tesisinde koku sorunu","og_description":"Toplant\u0131da ALKATA\u015e A.\u015e olarak ihale kapsam\u0131nda tesisin 10 senelik i\u015fletmesini ald\u0131klar\u0131n\u0131 ifade eden ALKATA\u015e A.\u015e\u2019nin Sorumlusu G\u00f6khan Demirel, tesisi yapan ve i\u015fleten firma konumunda olduklar\u0131n\u0131 s\u00f6yledi. Demirel, tesis a\u00e7\u0131ld\u0131ktan sonra eski tesisteki at\u0131k sular\u0131n mevcut tesise y\u00f6nlendirilmeye ba\u015fland\u0131\u011f\u0131na dikkat \u00e7ekerek, &#8220;Normalde eski tesisin miad\u0131 dolmu\u015ftu. Normal \u015fartlarda bu projenin bitim s\u00fcresi 2,5 y\u0131ld\u0131r. Bakanl\u0131\u011f\u0131n \u00f6demeleri h\u0131zland\u0131rarak projeyi h\u0131zland\u0131rmas\u0131yla buradaki i\u015f 15 ay gibi k\u0131sa s\u00fcrede tamamland\u0131. Normal \u015fartlarda bu i\u015f bu s\u00fcrede yap\u0131lmaz. Buras\u0131 \u00e7ok h\u0131zl\u0131 yap\u0131ld\u0131. H\u0131zl\u0131 yap\u0131lmas\u0131 nedeniyle ar\u0131tmaya dair baz\u0131 i\u015fler kald\u0131. \u00d6rne\u011fin, terfi hatlar\u0131n\u0131n sonland\u0131r\u0131lmas\u0131 kald\u0131. Ama biz sene sonuna do\u011fru terfi hatlar\u0131n\u0131 \u00e7al\u0131\u015f\u0131r hale getirdik&#8221; dedi. Eski tesis art\u0131k ar\u0131tmay\u0131 yapamayacak duruma geldi\u011fini s\u00f6yleyen ve biyolojik tesis oldu\u011fu ve bakteri \u00fcretimini sa\u011flamak i\u00e7in belli bir s\u00fcreye ihtiya\u00e7 bulundu\u011funu hat\u0131rlatan Demirel \u015f\u00f6yle devam etti: &#8220;Bunu h\u0131zland\u0131rmak ad\u0131na da di\u011fer mevcut \u00e7al\u0131\u015fan tesislerden \u00e7amur a\u015f\u0131lamas\u0131 da yapt\u0131k. Buraya Kemer ve \u00c7amyuva tesislerinden \u00e7amur getirdik ve i\u015fi h\u0131zland\u0131rd\u0131k. \u015eu anda tesis koku \u00fcniteleriyle ful ve rand\u0131manl\u0131 olarak \u00e7al\u0131\u015fmaktad\u0131r. \u00d6ncelikle \u015funu s\u00f6ylemek gerekiyor; buras\u0131 bir ar\u0131tma tesisi. Havuzlar\u0131m\u0131z\u0131n her taraf\u0131 kapal\u0131 de\u011fil. D\u00fcnya standartlar\u0131nda da bu b\u00f6yledir. \u00c7al\u0131\u015fmalar\u0131m\u0131z neticesinde koku \u00fcnitelerinin performanslar\u0131n\u0131 art\u0131rd\u0131k. Gerekli ilaveleri yapt\u0131k. Koku kayna\u011f\u0131 olarak g\u00f6rd\u00fc\u011f\u00fcm\u00fcz yerleri kapatt\u0131k. Gelen \u015fikayetler do\u011frultusunda ka\u00e7ak oldu\u011funu tespit etti\u011fimiz &hellip;","og_url":"http:\/\/denizcankizil.tr\/uk\/haberler\/antalya\/kemerde-aritma-tesisinde-koku-sorunu\/","og_site_name":"Av. Deniz Can K\u0131z\u0131l","article_published_time":"2025-06-20T12:41:18+00:00","og_image":[{"width":1280,"height":720,"url":"http:\/\/denizcankizil.tr\/wp-content\/uploads\/2025\/06\/6980-01-2Iyp9n.jpg","type":"image\/jpeg"}],"author":"Av. Deniz Can K\u0131z\u0131l","twitter_card":"summary_large_image","twitter_misc":{"\u041d\u0430\u043f\u0438\u0441\u0430\u043d\u043e":"Av. Deniz Can K\u0131z\u0131l","\u041f\u0440\u0438\u0431\u043b. \u0447\u0430\u0441 \u0447\u0438\u0442\u0430\u043d\u043d\u044f":"6 \u0445\u0432\u0438\u043b\u0438\u043d"},"schema":{"@context":"https:\/\/schema.org","@graph":[{"@type":"Article","@id":"http:\/\/denizcankizil.tr\/uk\/haberler\/antalya\/kemerde-aritma-tesisinde-koku-sorunu\/#article","isPartOf":{"@id":"http:\/\/denizcankizil.tr\/uk\/haberler\/antalya\/kemerde-aritma-tesisinde-koku-sorunu\/"},"author":{"name":"Av. Deniz Can K\u0131z\u0131l","@id":"https:\/\/denizcankizil.tr\/#\/schema\/person\/5dc1b22991bd7ac833867c10afc9b0ff"},"headline":"Kemer&#8217;de ar\u0131tma tesisinde koku sorunu","datePublished":"2025-06-20T12:41:18+00:00","mainEntityOfPage":{"@id":"http:\/\/denizcankizil.tr\/uk\/haberler\/antalya\/kemerde-aritma-tesisinde-koku-sorunu\/"},"wordCount":1225,"publisher":{"@id":"https:\/\/denizcankizil.tr\/#organization"},"image":{"@id":"http:\/\/denizcankizil.tr\/uk\/haberler\/antalya\/kemerde-aritma-tesisinde-koku-sorunu\/#primaryimage"},"thumbnailUrl":"http:\/\/denizcankizil.tr\/wp-content\/uploads\/2025\/06\/6980-01-2Iyp9n.jpg","articleSection":["Antalya"],"inLanguage":"uk"},{"@type":"WebPage","@id":"http:\/\/denizcankizil.tr\/uk\/haberler\/antalya\/kemerde-aritma-tesisinde-koku-sorunu\/","url":"http:\/\/denizcankizil.tr\/uk\/haberler\/antalya\/kemerde-aritma-tesisinde-koku-sorunu\/","name":"Kemer'de ar\u0131tma tesisinde koku sorunu - Av. Deniz Can K\u0131z\u0131l","isPartOf":{"@id":"https:\/\/denizcankizil.tr\/#website"},"primaryImageOfPage":{"@id":"http:\/\/denizcankizil.tr\/uk\/haberler\/antalya\/kemerde-aritma-tesisinde-koku-sorunu\/#primaryimage"},"image":{"@id":"http:\/\/denizcankizil.tr\/uk\/haberler\/antalya\/kemerde-aritma-tesisinde-koku-sorunu\/#primaryimage"},"thumbnailUrl":"http:\/\/denizcankizil.tr\/wp-content\/uploads\/2025\/06\/6980-01-2Iyp9n.jpg","datePublished":"2025-06-20T12:41:18+00:00","breadcrumb":{"@id":"http:\/\/denizcankizil.tr\/uk\/haberler\/antalya\/kemerde-aritma-tesisinde-koku-sorunu\/#breadcrumb"},"inLanguage":"uk","potentialAction":[{"@type":"ReadAction","target":["http:\/\/denizcankizil.tr\/uk\/haberler\/antalya\/kemerde-aritma-tesisinde-koku-sorunu\/"]}]},{"@type":"ImageObject","inLanguage":"uk","@id":"http:\/\/denizcankizil.tr\/uk\/haberler\/antalya\/kemerde-aritma-tesisinde-koku-sorunu\/#primaryimage","url":"http:\/\/denizcankizil.tr\/wp-content\/uploads\/2025\/06\/6980-01-2Iyp9n.jpg","contentUrl":"http:\/\/denizcankizil.tr\/wp-content\/uploads\/2025\/06\/6980-01-2Iyp9n.jpg","width":1280,"height":720},{"@type":"BreadcrumbList","@id":"http:\/\/denizcankizil.tr\/uk\/haberler\/antalya\/kemerde-aritma-tesisinde-koku-sorunu\/#breadcrumb","itemListElement":[{"@type":"ListItem","position":1,"name":"Home","item":"https:\/\/denizcankizil.tr\/uk\/"},{"@type":"ListItem","position":2,"name":"Kemer&#8217;de ar\u0131tma tesisinde koku sorunu"}]},{"@type":"WebSite","@id":"https:\/\/denizcankizil.tr\/#website","url":"https:\/\/denizcankizil.tr\/","name":"Av. Deniz Can K\u0131z\u0131l","description":"Avukat Deniz Can K\u0131z\u0131l Antalya Barosu","publisher":{"@id":"https:\/\/denizcankizil.tr\/#organization"},"potentialAction":[{"@type":"SearchAction","target":{"@type":"EntryPoint","urlTemplate":"https:\/\/denizcankizil.tr\/?s={search_term_string}"},"query-input":{"@type":"PropertyValueSpecification","valueRequired":true,"valueName":"search_term_string"}}],"inLanguage":"uk"},{"@type":"Organization","@id":"https:\/\/denizcankizil.tr\/#organization","name":"Av. Deniz Can K\u0131z\u0131l","url":"https:\/\/denizcankizil.tr\/","logo":{"@type":"ImageObject","inLanguage":"uk","@id":"https:\/\/denizcankizil.tr\/#\/schema\/logo\/image\/","url":"http:\/\/denizcankizil.tr\/wp-content\/uploads\/2024\/10\/siyah-logo-svg.svg","contentUrl":"http:\/\/denizcankizil.tr\/wp-content\/uploads\/2024\/10\/siyah-logo-svg.svg","width":1080,"height":1080,"caption":"Av. Deniz Can K\u0131z\u0131l"},"image":{"@id":"https:\/\/denizcankizil.tr\/#\/schema\/logo\/image\/"}},{"@type":"Person","@id":"https:\/\/denizcankizil.tr\/#\/schema\/person\/5dc1b22991bd7ac833867c10afc9b0ff","name":"Av. Deniz Can K\u0131z\u0131l","image":{"@type":"ImageObject","inLanguage":"uk","@id":"https:\/\/denizcankizil.tr\/#\/schema\/person\/image\/","url":"https:\/\/secure.gravatar.com\/avatar\/a0b128fb9855c79efc976d5640eedb31dc35ec297594d6016d2cf7c60e975bb6?s=96&d=mm&r=g","contentUrl":"https:\/\/secure.gravatar.com\/avatar\/a0b128fb9855c79efc976d5640eedb31dc35ec297594d6016d2cf7c60e975bb6?s=96&d=mm&r=g","caption":"Av. Deniz Can K\u0131z\u0131l"},"sameAs":["http:\/\/www.denizcankizil.tr"],"url":"http:\/\/denizcankizil.tr\/uk\/author\/denizcankizil\/"}]}},"_links":{"self":[{"href":"http:\/\/denizcankizil.tr\/uk\/wp-json\/wp\/v2\/posts\/121293","targetHints":{"allow":["GET"]}}],"collection":[{"href":"http:\/\/denizcankizil.tr\/uk\/wp-json\/wp\/v2\/posts"}],"about":[{"href":"http:\/\/denizcankizil.tr\/uk\/wp-json\/wp\/v2\/types\/post"}],"author":[{"embeddable":true,"href":"http:\/\/denizcankizil.tr\/uk\/wp-json\/wp\/v2\/users\/4"}],"replies":[{"embeddable":true,"href":"http:\/\/denizcankizil.tr\/uk\/wp-json\/wp\/v2\/comments?post=121293"}],"version-history":[{"count":0,"href":"http:\/\/denizcankizil.tr\/uk\/wp-json\/wp\/v2\/posts\/121293\/revisions"}],"wp:featuredmedia":[{"embeddable":true,"href":"http:\/\/denizcankizil.tr\/uk\/wp-json\/wp\/v2\/media\/121294"}],"wp:attachment":[{"href":"http:\/\/denizcankizil.tr\/uk\/wp-json\/wp\/v2\/media?parent=121293"}],"wp:term":[{"taxonomy":"category","embeddable":true,"href":"http:\/\/denizcankizil.tr\/uk\/wp-json\/wp\/v2\/categories?post=121293"},{"taxonomy":"post_tag","embeddable":true,"href":"http:\/\/denizcankizil.tr\/uk\/wp-json\/wp\/v2\/tags?post=121293"}],"curies":[{"name":"wp","href":"https:\/\/api.w.org\/{rel}","templated":true}]}}