{"id":119250,"date":"2025-06-18T11:42:42","date_gmt":"2025-06-18T08:42:42","guid":{"rendered":"https:\/\/denizcankizil.tr\/uncategorized-tr\/bilgi-mimarlikin-yurutuculugunde-tasarlanan-uc-eser-venedik-bienalinde\/"},"modified":"2025-06-18T11:42:42","modified_gmt":"2025-06-18T08:42:42","slug":"bilgi-mimarlikin-yurutuculugunde-tasarlanan-uc-eser-venedik-bienalinde","status":"publish","type":"post","link":"http:\/\/denizcankizil.tr\/uk\/haberler\/gundem\/bilgi-mimarlikin-yurutuculugunde-tasarlanan-uc-eser-venedik-bienalinde\/","title":{"rendered":"B\u0130LG\u0130 Mimarl\u0131k\u2019\u0131n y\u00fcr\u00fct\u00fcc\u00fcl\u00fc\u011f\u00fcnde tasarlanan \u00fc\u00e7 eser Venedik Bienali\u2019nde"},"content":{"rendered":"<p>\u0130stanbul Bilgi \u00dcniversitesi Mimarl\u0131k B\u00f6l\u00fcm\u00fc \u00f6\u011fretim \u00fcyeleri Do\u00e7. Dr. Fulya Akipek ve Prof. Dr. Tu\u011frul Yazar\u2019\u0131n koordinat\u00f6rl\u00fc\u011f\u00fcn\u00fc \u00fcstlendi\u011fi \u00fc\u00e7 eser, d\u00fcnyan\u0131n en prestijli mimarl\u0131k etkinliklerinden biri olan Venedik Bienali 19. Uluslararas\u0131 Mimarl\u0131k Sergisi T\u00fcrkiye Pavyonu\u2019nda sergileniyor.<\/p>\n<p>\u200b\u0130stanbul Bilgi \u00dcniversitesi Mimarl\u0131k B\u00f6l\u00fcm\u00fc \u00f6\u011fretim \u00fcyeleri Do\u00e7. Dr. Fulya Akipek ve Prof. Dr. Tu\u011frul Yazar\u2019\u0131n koordinat\u00f6rl\u00fc\u011f\u00fcn\u00fc \u00fcstlendi\u011fi \u00fc\u00e7 eser, d\u00fcnyan\u0131n en prestijli mimarl\u0131k etkinliklerinden biri olan Venedik Bienali 19. Uluslararas\u0131 Mimarl\u0131k Sergisi T\u00fcrkiye Pavyonu\u2019nda sergileniyor.\u00a0<\/p>\n<p>\u200bHaberin Al\u0131nt\u0131land\u0131\u011f\u0131 Kaynak: www.iskenderun.org<\/p>","protected":false},"excerpt":{"rendered":"<p>\u0130stanbul Bilgi \u00dcniversitesi Mimarl\u0131k B\u00f6l\u00fcm\u00fc \u00f6\u011fretim \u00fcyeleri Do\u00e7. Dr. Fulya Akipek ve Prof. Dr. Tu\u011frul Yazar\u2019\u0131n koordinat\u00f6rl\u00fc\u011f\u00fcn\u00fc \u00fcstlendi\u011fi \u00fc\u00e7 eser, d\u00fcnyan\u0131n en prestijli mimarl\u0131k etkinliklerinden biri olan Venedik Bienali 19. Uluslararas\u0131 Mimarl\u0131k Sergisi T\u00fcrkiye Pavyonu\u2019nda sergileniyor. \u200b\u0130stanbul Bilgi \u00dcniversitesi Mimarl\u0131k B\u00f6l\u00fcm\u00fc \u00f6\u011fretim \u00fcyeleri Do\u00e7. Dr. Fulya Akipek ve Prof. Dr. Tu\u011frul Yazar\u2019\u0131n koordinat\u00f6rl\u00fc\u011f\u00fcn\u00fc \u00fcstlendi\u011fi \u00fc\u00e7 eser, d\u00fcnyan\u0131n en prestijli mimarl\u0131k etkinliklerinden biri olan Venedik Bienali 19. Uluslararas\u0131 Mimarl\u0131k Sergisi T\u00fcrkiye Pavyonu\u2019nda sergileniyor.\u00a0 \u200bHaberin Al\u0131nt\u0131land\u0131\u011f\u0131 Kaynak: www.iskenderun.org<\/p>","protected":false},"author":1,"featured_media":0,"comment_status":"","ping_status":"open","sticky":false,"template":"","format":"standard","meta":{"_acf_changed":false,"footnotes":""},"categories":[24],"tags":[],"class_list":["post-119250","post","type-post","status-publish","format-standard","has-post-thumbnail","hentry","category-gundem"],"acf":[],"yoast_head":"<!-- This site is optimized with the Yoast SEO Premium plugin v26.6 (Yoast SEO v27.1.1) - https:\/\/yoast.com\/product\/yoast-seo-premium-wordpress\/ -->\n<title>B\u0130LG\u0130 Mimarl\u0131k\u2019\u0131n y\u00fcr\u00fct\u00fcc\u00fcl\u00fc\u011f\u00fcnde tasarlanan \u00fc\u00e7 eser Venedik Bienali\u2019nde - Av. Deniz Can K\u0131z\u0131l<\/title>\n<meta name=\"robots\" content=\"index, follow, max-snippet:-1, max-image-preview:large, max-video-preview:-1\" \/>\n<link rel=\"canonical\" href=\"http:\/\/denizcankizil.tr\/uk\/haberler\/gundem\/bilgi-mimarlikin-yurutuculugunde-tasarlanan-uc-eser-venedik-bienalinde\/\" \/>\n<meta property=\"og:locale\" content=\"uk_UA\" \/>\n<meta property=\"og:type\" content=\"article\" \/>\n<meta property=\"og:title\" content=\"B\u0130LG\u0130 Mimarl\u0131k\u2019\u0131n y\u00fcr\u00fct\u00fcc\u00fcl\u00fc\u011f\u00fcnde tasarlanan \u00fc\u00e7 eser Venedik Bienali\u2019nde\" \/>\n<meta property=\"og:description\" content=\"\u0130stanbul Bilgi \u00dcniversitesi Mimarl\u0131k B\u00f6l\u00fcm\u00fc \u00f6\u011fretim \u00fcyeleri Do\u00e7. Dr. Fulya Akipek ve Prof. Dr. Tu\u011frul Yazar\u2019\u0131n koordinat\u00f6rl\u00fc\u011f\u00fcn\u00fc \u00fcstlendi\u011fi \u00fc\u00e7 eser, d\u00fcnyan\u0131n en prestijli mimarl\u0131k etkinliklerinden biri olan Venedik Bienali 19. Uluslararas\u0131 Mimarl\u0131k Sergisi T\u00fcrkiye Pavyonu\u2019nda sergileniyor. \u200b\u0130stanbul Bilgi \u00dcniversitesi Mimarl\u0131k B\u00f6l\u00fcm\u00fc \u00f6\u011fretim \u00fcyeleri Do\u00e7. Dr. Fulya Akipek ve Prof. Dr. Tu\u011frul Yazar\u2019\u0131n koordinat\u00f6rl\u00fc\u011f\u00fcn\u00fc \u00fcstlendi\u011fi \u00fc\u00e7 eser, d\u00fcnyan\u0131n en prestijli mimarl\u0131k etkinliklerinden biri olan Venedik Bienali 19. Uluslararas\u0131 Mimarl\u0131k Sergisi T\u00fcrkiye Pavyonu\u2019nda sergileniyor.\u00a0 \u200bHaberin Al\u0131nt\u0131land\u0131\u011f\u0131 Kaynak: www.iskenderun.org\" \/>\n<meta property=\"og:url\" content=\"http:\/\/denizcankizil.tr\/uk\/haberler\/gundem\/bilgi-mimarlikin-yurutuculugunde-tasarlanan-uc-eser-venedik-bienalinde\/\" \/>\n<meta property=\"og:site_name\" content=\"Av. Deniz Can K\u0131z\u0131l\" \/>\n<meta property=\"article:published_time\" content=\"2025-06-18T08:42:42+00:00\" \/>\n<meta name=\"author\" content=\"admin\" \/>\n<meta name=\"twitter:card\" content=\"summary_large_image\" \/>\n<meta name=\"twitter:label1\" content=\"\u041d\u0430\u043f\u0438\u0441\u0430\u043d\u043e\" \/>\n\t<meta name=\"twitter:data1\" content=\"admin\" \/>\n\t<meta name=\"twitter:label2\" content=\"\u041f\u0440\u0438\u0431\u043b. \u0447\u0430\u0441 \u0447\u0438\u0442\u0430\u043d\u043d\u044f\" \/>\n\t<meta name=\"twitter:data2\" content=\"1 \u0445\u0432\u0438\u043b\u0438\u043d\u0430\" \/>\n<script type=\"application\/ld+json\" class=\"yoast-schema-graph\">{\"@context\":\"https:\/\/schema.org\",\"@graph\":[{\"@type\":\"Article\",\"@id\":\"http:\/\/denizcankizil.tr\/uk\/haberler\/gundem\/bilgi-mimarlikin-yurutuculugunde-tasarlanan-uc-eser-venedik-bienalinde\/#article\",\"isPartOf\":{\"@id\":\"http:\/\/denizcankizil.tr\/uk\/haberler\/gundem\/bilgi-mimarlikin-yurutuculugunde-tasarlanan-uc-eser-venedik-bienalinde\/\"},\"author\":{\"name\":\"admin\",\"@id\":\"https:\/\/denizcankizil.tr\/#\/schema\/person\/be3c05fe6a12686905512445d8185489\"},\"headline\":\"B\u0130LG\u0130 Mimarl\u0131k\u2019\u0131n y\u00fcr\u00fct\u00fcc\u00fcl\u00fc\u011f\u00fcnde tasarlanan \u00fc\u00e7 eser Venedik Bienali\u2019nde\",\"datePublished\":\"2025-06-18T08:42:42+00:00\",\"mainEntityOfPage\":{\"@id\":\"http:\/\/denizcankizil.tr\/uk\/haberler\/gundem\/bilgi-mimarlikin-yurutuculugunde-tasarlanan-uc-eser-venedik-bienalinde\/\"},\"wordCount\":120,\"publisher\":{\"@id\":\"https:\/\/denizcankizil.tr\/#organization\"},\"articleSection\":[\"G\u00fcndem\"],\"inLanguage\":\"uk\"},{\"@type\":\"WebPage\",\"@id\":\"http:\/\/denizcankizil.tr\/uk\/haberler\/gundem\/bilgi-mimarlikin-yurutuculugunde-tasarlanan-uc-eser-venedik-bienalinde\/\",\"url\":\"http:\/\/denizcankizil.tr\/uk\/haberler\/gundem\/bilgi-mimarlikin-yurutuculugunde-tasarlanan-uc-eser-venedik-bienalinde\/\",\"name\":\"B\u0130LG\u0130 Mimarl\u0131k\u2019\u0131n y\u00fcr\u00fct\u00fcc\u00fcl\u00fc\u011f\u00fcnde tasarlanan \u00fc\u00e7 eser Venedik Bienali\u2019nde - Av. Deniz Can K\u0131z\u0131l\",\"isPartOf\":{\"@id\":\"https:\/\/denizcankizil.tr\/#website\"},\"datePublished\":\"2025-06-18T08:42:42+00:00\",\"breadcrumb\":{\"@id\":\"http:\/\/denizcankizil.tr\/uk\/haberler\/gundem\/bilgi-mimarlikin-yurutuculugunde-tasarlanan-uc-eser-venedik-bienalinde\/#breadcrumb\"},\"inLanguage\":\"uk\",\"potentialAction\":[{\"@type\":\"ReadAction\",\"target\":[\"http:\/\/denizcankizil.tr\/uk\/haberler\/gundem\/bilgi-mimarlikin-yurutuculugunde-tasarlanan-uc-eser-venedik-bienalinde\/\"]}]},{\"@type\":\"BreadcrumbList\",\"@id\":\"http:\/\/denizcankizil.tr\/uk\/haberler\/gundem\/bilgi-mimarlikin-yurutuculugunde-tasarlanan-uc-eser-venedik-bienalinde\/#breadcrumb\",\"itemListElement\":[{\"@type\":\"ListItem\",\"position\":1,\"name\":\"Home\",\"item\":\"https:\/\/denizcankizil.tr\/de\/\"},{\"@type\":\"ListItem\",\"position\":2,\"name\":\"B\u0130LG\u0130 Mimarl\u0131k\u2019\u0131n y\u00fcr\u00fct\u00fcc\u00fcl\u00fc\u011f\u00fcnde tasarlanan \u00fc\u00e7 eser Venedik Bienali\u2019nde\"}]},{\"@type\":\"WebSite\",\"@id\":\"https:\/\/denizcankizil.tr\/#website\",\"url\":\"https:\/\/denizcankizil.tr\/\",\"name\":\"Av. Deniz Can K\u0131z\u0131l\",\"description\":\"Avukat Deniz Can K\u0131z\u0131l Antalya Barosu\",\"publisher\":{\"@id\":\"https:\/\/denizcankizil.tr\/#organization\"},\"potentialAction\":[{\"@type\":\"SearchAction\",\"target\":{\"@type\":\"EntryPoint\",\"urlTemplate\":\"https:\/\/denizcankizil.tr\/?s={search_term_string}\"},\"query-input\":{\"@type\":\"PropertyValueSpecification\",\"valueRequired\":true,\"valueName\":\"search_term_string\"}}],\"inLanguage\":\"uk\"},{\"@type\":\"Organization\",\"@id\":\"https:\/\/denizcankizil.tr\/#organization\",\"name\":\"Av. Deniz Can K\u0131z\u0131l\",\"url\":\"https:\/\/denizcankizil.tr\/\",\"logo\":{\"@type\":\"ImageObject\",\"inLanguage\":\"uk\",\"@id\":\"https:\/\/denizcankizil.tr\/#\/schema\/logo\/image\/\",\"url\":\"http:\/\/denizcankizil.tr\/wp-content\/uploads\/2024\/10\/siyah-logo-svg.svg\",\"contentUrl\":\"http:\/\/denizcankizil.tr\/wp-content\/uploads\/2024\/10\/siyah-logo-svg.svg\",\"width\":1080,\"height\":1080,\"caption\":\"Av. Deniz Can K\u0131z\u0131l\"},\"image\":{\"@id\":\"https:\/\/denizcankizil.tr\/#\/schema\/logo\/image\/\"}},{\"@type\":\"Person\",\"@id\":\"https:\/\/denizcankizil.tr\/#\/schema\/person\/be3c05fe6a12686905512445d8185489\",\"name\":\"admin\",\"image\":{\"@type\":\"ImageObject\",\"inLanguage\":\"uk\",\"@id\":\"https:\/\/denizcankizil.tr\/#\/schema\/person\/image\/\",\"url\":\"https:\/\/secure.gravatar.com\/avatar\/c1fce94c830dc79107e174f890d7210541c4a63e8e5d816341794a2151c9d58c?s=96&d=mm&r=g\",\"contentUrl\":\"https:\/\/secure.gravatar.com\/avatar\/c1fce94c830dc79107e174f890d7210541c4a63e8e5d816341794a2151c9d58c?s=96&d=mm&r=g\",\"caption\":\"admin\"},\"sameAs\":[\"http:\/\/denizcankizil.tr\"],\"url\":\"https:\/\/www.iskenderun.org\/bilgi-mimarlikin-yurutuculugunde-tasarlanan-uc-eser-venedik-bienalinde\"}]}<\/script>\n<!-- \/ Yoast SEO Premium plugin. -->","yoast_head_json":{"title":"B\u0130LG\u0130 Mimarl\u0131k\u2019\u0131n y\u00fcr\u00fct\u00fcc\u00fcl\u00fc\u011f\u00fcnde tasarlanan \u00fc\u00e7 eser Venedik Bienali\u2019nde - Av. Deniz Can K\u0131z\u0131l","robots":{"index":"index","follow":"follow","max-snippet":"max-snippet:-1","max-image-preview":"max-image-preview:large","max-video-preview":"max-video-preview:-1"},"canonical":"http:\/\/denizcankizil.tr\/uk\/haberler\/gundem\/bilgi-mimarlikin-yurutuculugunde-tasarlanan-uc-eser-venedik-bienalinde\/","og_locale":"uk_UA","og_type":"article","og_title":"B\u0130LG\u0130 Mimarl\u0131k\u2019\u0131n y\u00fcr\u00fct\u00fcc\u00fcl\u00fc\u011f\u00fcnde tasarlanan \u00fc\u00e7 eser Venedik Bienali\u2019nde","og_description":"\u0130stanbul Bilgi \u00dcniversitesi Mimarl\u0131k B\u00f6l\u00fcm\u00fc \u00f6\u011fretim \u00fcyeleri Do\u00e7. Dr. Fulya Akipek ve Prof. Dr. Tu\u011frul Yazar\u2019\u0131n koordinat\u00f6rl\u00fc\u011f\u00fcn\u00fc \u00fcstlendi\u011fi \u00fc\u00e7 eser, d\u00fcnyan\u0131n en prestijli mimarl\u0131k etkinliklerinden biri olan Venedik Bienali 19. Uluslararas\u0131 Mimarl\u0131k Sergisi T\u00fcrkiye Pavyonu\u2019nda sergileniyor. \u200b\u0130stanbul Bilgi \u00dcniversitesi Mimarl\u0131k B\u00f6l\u00fcm\u00fc \u00f6\u011fretim \u00fcyeleri Do\u00e7. Dr. Fulya Akipek ve Prof. Dr. Tu\u011frul Yazar\u2019\u0131n koordinat\u00f6rl\u00fc\u011f\u00fcn\u00fc \u00fcstlendi\u011fi \u00fc\u00e7 eser, d\u00fcnyan\u0131n en prestijli mimarl\u0131k etkinliklerinden biri olan Venedik Bienali 19. Uluslararas\u0131 Mimarl\u0131k Sergisi T\u00fcrkiye Pavyonu\u2019nda sergileniyor.\u00a0 \u200bHaberin Al\u0131nt\u0131land\u0131\u011f\u0131 Kaynak: www.iskenderun.org","og_url":"http:\/\/denizcankizil.tr\/uk\/haberler\/gundem\/bilgi-mimarlikin-yurutuculugunde-tasarlanan-uc-eser-venedik-bienalinde\/","og_site_name":"Av. Deniz Can K\u0131z\u0131l","article_published_time":"2025-06-18T08:42:42+00:00","author":"admin","twitter_card":"summary_large_image","twitter_misc":{"\u041d\u0430\u043f\u0438\u0441\u0430\u043d\u043e":"admin","\u041f\u0440\u0438\u0431\u043b. \u0447\u0430\u0441 \u0447\u0438\u0442\u0430\u043d\u043d\u044f":"1 \u0445\u0432\u0438\u043b\u0438\u043d\u0430"},"schema":{"@context":"https:\/\/schema.org","@graph":[{"@type":"Article","@id":"http:\/\/denizcankizil.tr\/uk\/haberler\/gundem\/bilgi-mimarlikin-yurutuculugunde-tasarlanan-uc-eser-venedik-bienalinde\/#article","isPartOf":{"@id":"http:\/\/denizcankizil.tr\/uk\/haberler\/gundem\/bilgi-mimarlikin-yurutuculugunde-tasarlanan-uc-eser-venedik-bienalinde\/"},"author":{"name":"admin","@id":"https:\/\/denizcankizil.tr\/#\/schema\/person\/be3c05fe6a12686905512445d8185489"},"headline":"B\u0130LG\u0130 Mimarl\u0131k\u2019\u0131n y\u00fcr\u00fct\u00fcc\u00fcl\u00fc\u011f\u00fcnde tasarlanan \u00fc\u00e7 eser Venedik Bienali\u2019nde","datePublished":"2025-06-18T08:42:42+00:00","mainEntityOfPage":{"@id":"http:\/\/denizcankizil.tr\/uk\/haberler\/gundem\/bilgi-mimarlikin-yurutuculugunde-tasarlanan-uc-eser-venedik-bienalinde\/"},"wordCount":120,"publisher":{"@id":"https:\/\/denizcankizil.tr\/#organization"},"articleSection":["G\u00fcndem"],"inLanguage":"uk"},{"@type":"WebPage","@id":"http:\/\/denizcankizil.tr\/uk\/haberler\/gundem\/bilgi-mimarlikin-yurutuculugunde-tasarlanan-uc-eser-venedik-bienalinde\/","url":"http:\/\/denizcankizil.tr\/uk\/haberler\/gundem\/bilgi-mimarlikin-yurutuculugunde-tasarlanan-uc-eser-venedik-bienalinde\/","name":"B\u0130LG\u0130 Mimarl\u0131k\u2019\u0131n y\u00fcr\u00fct\u00fcc\u00fcl\u00fc\u011f\u00fcnde tasarlanan \u00fc\u00e7 eser Venedik Bienali\u2019nde - Av. Deniz Can K\u0131z\u0131l","isPartOf":{"@id":"https:\/\/denizcankizil.tr\/#website"},"datePublished":"2025-06-18T08:42:42+00:00","breadcrumb":{"@id":"http:\/\/denizcankizil.tr\/uk\/haberler\/gundem\/bilgi-mimarlikin-yurutuculugunde-tasarlanan-uc-eser-venedik-bienalinde\/#breadcrumb"},"inLanguage":"uk","potentialAction":[{"@type":"ReadAction","target":["http:\/\/denizcankizil.tr\/uk\/haberler\/gundem\/bilgi-mimarlikin-yurutuculugunde-tasarlanan-uc-eser-venedik-bienalinde\/"]}]},{"@type":"BreadcrumbList","@id":"http:\/\/denizcankizil.tr\/uk\/haberler\/gundem\/bilgi-mimarlikin-yurutuculugunde-tasarlanan-uc-eser-venedik-bienalinde\/#breadcrumb","itemListElement":[{"@type":"ListItem","position":1,"name":"Home","item":"https:\/\/denizcankizil.tr\/de\/"},{"@type":"ListItem","position":2,"name":"B\u0130LG\u0130 Mimarl\u0131k\u2019\u0131n y\u00fcr\u00fct\u00fcc\u00fcl\u00fc\u011f\u00fcnde tasarlanan \u00fc\u00e7 eser Venedik Bienali\u2019nde"}]},{"@type":"WebSite","@id":"https:\/\/denizcankizil.tr\/#website","url":"https:\/\/denizcankizil.tr\/","name":"Av. Deniz Can K\u0131z\u0131l","description":"Avukat Deniz Can K\u0131z\u0131l Antalya Barosu","publisher":{"@id":"https:\/\/denizcankizil.tr\/#organization"},"potentialAction":[{"@type":"SearchAction","target":{"@type":"EntryPoint","urlTemplate":"https:\/\/denizcankizil.tr\/?s={search_term_string}"},"query-input":{"@type":"PropertyValueSpecification","valueRequired":true,"valueName":"search_term_string"}}],"inLanguage":"uk"},{"@type":"Organization","@id":"https:\/\/denizcankizil.tr\/#organization","name":"Av. Deniz Can K\u0131z\u0131l","url":"https:\/\/denizcankizil.tr\/","logo":{"@type":"ImageObject","inLanguage":"uk","@id":"https:\/\/denizcankizil.tr\/#\/schema\/logo\/image\/","url":"http:\/\/denizcankizil.tr\/wp-content\/uploads\/2024\/10\/siyah-logo-svg.svg","contentUrl":"http:\/\/denizcankizil.tr\/wp-content\/uploads\/2024\/10\/siyah-logo-svg.svg","width":1080,"height":1080,"caption":"Av. Deniz Can K\u0131z\u0131l"},"image":{"@id":"https:\/\/denizcankizil.tr\/#\/schema\/logo\/image\/"}},{"@type":"Person","@id":"https:\/\/denizcankizil.tr\/#\/schema\/person\/be3c05fe6a12686905512445d8185489","name":"\u0430\u0434\u043c\u0456\u043d","image":{"@type":"ImageObject","inLanguage":"uk","@id":"https:\/\/denizcankizil.tr\/#\/schema\/person\/image\/","url":"https:\/\/secure.gravatar.com\/avatar\/c1fce94c830dc79107e174f890d7210541c4a63e8e5d816341794a2151c9d58c?s=96&d=mm&r=g","contentUrl":"https:\/\/secure.gravatar.com\/avatar\/c1fce94c830dc79107e174f890d7210541c4a63e8e5d816341794a2151c9d58c?s=96&d=mm&r=g","caption":"admin"},"sameAs":["http:\/\/denizcankizil.tr"],"url":"https:\/\/www.iskenderun.org\/bilgi-mimarlikin-yurutuculugunde-tasarlanan-uc-eser-venedik-bienalinde"}]}},"_links":{"self":[{"href":"http:\/\/denizcankizil.tr\/uk\/wp-json\/wp\/v2\/posts\/119250","targetHints":{"allow":["GET"]}}],"collection":[{"href":"http:\/\/denizcankizil.tr\/uk\/wp-json\/wp\/v2\/posts"}],"about":[{"href":"http:\/\/denizcankizil.tr\/uk\/wp-json\/wp\/v2\/types\/post"}],"author":[{"embeddable":true,"href":"http:\/\/denizcankizil.tr\/uk\/wp-json\/wp\/v2\/users\/1"}],"replies":[{"embeddable":true,"href":"http:\/\/denizcankizil.tr\/uk\/wp-json\/wp\/v2\/comments?post=119250"}],"version-history":[{"count":0,"href":"http:\/\/denizcankizil.tr\/uk\/wp-json\/wp\/v2\/posts\/119250\/revisions"}],"wp:attachment":[{"href":"http:\/\/denizcankizil.tr\/uk\/wp-json\/wp\/v2\/media?parent=119250"}],"wp:term":[{"taxonomy":"category","embeddable":true,"href":"http:\/\/denizcankizil.tr\/uk\/wp-json\/wp\/v2\/categories?post=119250"},{"taxonomy":"post_tag","embeddable":true,"href":"http:\/\/denizcankizil.tr\/uk\/wp-json\/wp\/v2\/tags?post=119250"}],"curies":[{"name":"wp","href":"https:\/\/api.w.org\/{rel}","templated":true}]}}