{"id":118710,"date":"2025-06-17T16:42:12","date_gmt":"2025-06-17T13:42:12","guid":{"rendered":"https:\/\/denizcankizil.tr\/uncategorized-tr\/hatayda-nefes-kesen-gocmen-operasyonu\/"},"modified":"2025-06-17T16:42:12","modified_gmt":"2025-06-17T13:42:12","slug":"hatayda-nefes-kesen-gocmen-operasyonu","status":"publish","type":"post","link":"http:\/\/denizcankizil.tr\/uk\/haberler\/gundem\/hatayda-nefes-kesen-gocmen-operasyonu\/","title":{"rendered":"Hatay\u2019da nefes kesen g\u00f6\u00e7men operasyonu!"},"content":{"rendered":"<p>Edinilen bilgilere g\u00f6re, Emniyet M\u00fcd\u00fcrl\u00fc\u011f\u00fc ekipleri Saman balyas\u0131 y\u00fckl\u00fc bir TIR\u2019\u0131n pe\u015fine d\u00fc\u015ft\u00fc. D\u00fczenlenen nefes kesen operasyonda TIR incelendi, yan kapaklar a\u00e7\u0131larak saman balyalar\u0131n\u0131n alt\u0131nda \u00f6zel b\u00f6l\u00fcmde d\u00fczensiz g\u00f6\u00e7mene rastland\u0131.<\/p>\n<p>Yurda ka\u00e7ak yollarla giren ve buradan da yurt i\u00e7i veya d\u0131\u015f\u0131na naklinin sa\u011flanmas\u0131 planlanan d\u00fczensiz g\u00f6\u00e7menlerin \u00fczerlerinde herhangi bir tan\u0131tma kart\u0131 bulunmad\u0131\u011f\u0131 ve T\u00fcrkiye\u2019de yasal oturma izinlerinin olmad\u0131\u011f\u0131 belirlendi. Olayla ilgili g\u00f6zalt\u0131na al\u0131nan B.K. isimli \u015f\u00fcpheli, sevk edildi\u011fi adli makamlarca tutuklanarak cezaevine g\u00f6nderildi.<\/p>\n<p>Yakalanan d\u00fczensiz g\u00f6\u00e7menler, i\u015flemlerinin ard\u0131ndan Hatay \u0130l G\u00f6\u00e7 \u0130daresi M\u00fcd\u00fcrl\u00fc\u011f\u00fc\u2019ne teslim edildi. Hatay Emniyet M\u00fcd\u00fcrl\u00fc\u011f\u00fc\u2019n\u00fcn g\u00f6\u00e7men ka\u00e7ak\u00e7\u0131l\u0131\u011f\u0131yla m\u00fccadelesi kararl\u0131l\u0131kla s\u00fcrd\u00fcr\u00fcl\u00fcyor.<\/p>\n<p>\u200bHatay Emniyet M\u00fcd\u00fcrl\u00fc\u011f\u00fc ekipleri, G\u00f6\u00e7men Ka\u00e7ak\u00e7\u0131l\u0131\u011f\u0131yla M\u00fccadele \u00e7al\u0131\u015fmalar\u0131 kapsam\u0131nda Antakya\u2013Alt\u0131n\u00f6z\u00fc yolu \u00fczerinde \u015f\u00fcpheli bir TIR\u2019\u0131 durdurdu. Yap\u0131lan aramada, saman balyalar\u0131n\u0131n alt\u0131na gizlenmi\u015f halde 31 d\u00fczensiz g\u00f6\u00e7men tespit edildi.\u00a0<\/p>\n<p>\u200bHaberin Al\u0131nt\u0131land\u0131\u011f\u0131 Kaynak: www.iskenderun.org<\/p>","protected":false},"excerpt":{"rendered":"<p>Edinilen bilgilere g\u00f6re, Emniyet M\u00fcd\u00fcrl\u00fc\u011f\u00fc ekipleri Saman balyas\u0131 y\u00fckl\u00fc bir TIR\u2019\u0131n pe\u015fine d\u00fc\u015ft\u00fc. D\u00fczenlenen nefes kesen operasyonda TIR incelendi, yan kapaklar a\u00e7\u0131larak saman balyalar\u0131n\u0131n alt\u0131nda \u00f6zel b\u00f6l\u00fcmde d\u00fczensiz g\u00f6\u00e7mene rastland\u0131. Yurda ka\u00e7ak yollarla giren ve buradan da yurt i\u00e7i veya d\u0131\u015f\u0131na naklinin sa\u011flanmas\u0131 planlanan d\u00fczensiz g\u00f6\u00e7menlerin \u00fczerlerinde herhangi bir tan\u0131tma kart\u0131 bulunmad\u0131\u011f\u0131 ve T\u00fcrkiye\u2019de yasal oturma izinlerinin olmad\u0131\u011f\u0131 belirlendi. Olayla ilgili g\u00f6zalt\u0131na al\u0131nan B.K. isimli \u015f\u00fcpheli, sevk edildi\u011fi adli makamlarca tutuklanarak cezaevine g\u00f6nderildi. Yakalanan d\u00fczensiz g\u00f6\u00e7menler, i\u015flemlerinin ard\u0131ndan Hatay \u0130l G\u00f6\u00e7 \u0130daresi M\u00fcd\u00fcrl\u00fc\u011f\u00fc\u2019ne teslim edildi. Hatay Emniyet M\u00fcd\u00fcrl\u00fc\u011f\u00fc\u2019n\u00fcn g\u00f6\u00e7men ka\u00e7ak\u00e7\u0131l\u0131\u011f\u0131yla m\u00fccadelesi kararl\u0131l\u0131kla s\u00fcrd\u00fcr\u00fcl\u00fcyor. \u200bHatay Emniyet M\u00fcd\u00fcrl\u00fc\u011f\u00fc ekipleri, G\u00f6\u00e7men Ka\u00e7ak\u00e7\u0131l\u0131\u011f\u0131yla M\u00fccadele \u00e7al\u0131\u015fmalar\u0131 kapsam\u0131nda Antakya\u2013Alt\u0131n\u00f6z\u00fc yolu \u00fczerinde \u015f\u00fcpheli bir TIR\u2019\u0131 durdurdu. Yap\u0131lan aramada, saman balyalar\u0131n\u0131n alt\u0131na gizlenmi\u015f halde 31 d\u00fczensiz g\u00f6\u00e7men tespit edildi.\u00a0 \u200bHaberin Al\u0131nt\u0131land\u0131\u011f\u0131 Kaynak: www.iskenderun.org<\/p>","protected":false},"author":1,"featured_media":0,"comment_status":"","ping_status":"open","sticky":false,"template":"","format":"standard","meta":{"_acf_changed":false,"footnotes":""},"categories":[24],"tags":[],"class_list":["post-118710","post","type-post","status-publish","format-standard","has-post-thumbnail","hentry","category-gundem"],"acf":[],"yoast_head":"<!-- This site is optimized with the Yoast SEO Premium plugin v26.6 (Yoast SEO v27.1.1) - https:\/\/yoast.com\/product\/yoast-seo-premium-wordpress\/ -->\n<title>Hatay\u2019da nefes kesen g\u00f6\u00e7men operasyonu! - Av. Deniz Can K\u0131z\u0131l<\/title>\n<meta name=\"robots\" content=\"index, follow, max-snippet:-1, max-image-preview:large, max-video-preview:-1\" \/>\n<link rel=\"canonical\" href=\"http:\/\/denizcankizil.tr\/uk\/haberler\/gundem\/hatayda-nefes-kesen-gocmen-operasyonu\/\" \/>\n<meta property=\"og:locale\" content=\"uk_UA\" \/>\n<meta property=\"og:type\" content=\"article\" \/>\n<meta property=\"og:title\" content=\"Hatay\u2019da nefes kesen g\u00f6\u00e7men operasyonu!\" \/>\n<meta property=\"og:description\" content=\"Edinilen bilgilere g\u00f6re, Emniyet M\u00fcd\u00fcrl\u00fc\u011f\u00fc ekipleri Saman balyas\u0131 y\u00fckl\u00fc bir TIR\u2019\u0131n pe\u015fine d\u00fc\u015ft\u00fc. D\u00fczenlenen nefes kesen operasyonda TIR incelendi, yan kapaklar a\u00e7\u0131larak saman balyalar\u0131n\u0131n alt\u0131nda \u00f6zel b\u00f6l\u00fcmde d\u00fczensiz g\u00f6\u00e7mene rastland\u0131. Yurda ka\u00e7ak yollarla giren ve buradan da yurt i\u00e7i veya d\u0131\u015f\u0131na naklinin sa\u011flanmas\u0131 planlanan d\u00fczensiz g\u00f6\u00e7menlerin \u00fczerlerinde herhangi bir tan\u0131tma kart\u0131 bulunmad\u0131\u011f\u0131 ve T\u00fcrkiye\u2019de yasal oturma izinlerinin olmad\u0131\u011f\u0131 belirlendi. Olayla ilgili g\u00f6zalt\u0131na al\u0131nan B.K. isimli \u015f\u00fcpheli, sevk edildi\u011fi adli makamlarca tutuklanarak cezaevine g\u00f6nderildi. Yakalanan d\u00fczensiz g\u00f6\u00e7menler, i\u015flemlerinin ard\u0131ndan Hatay \u0130l G\u00f6\u00e7 \u0130daresi M\u00fcd\u00fcrl\u00fc\u011f\u00fc\u2019ne teslim edildi. Hatay Emniyet M\u00fcd\u00fcrl\u00fc\u011f\u00fc\u2019n\u00fcn g\u00f6\u00e7men ka\u00e7ak\u00e7\u0131l\u0131\u011f\u0131yla m\u00fccadelesi kararl\u0131l\u0131kla s\u00fcrd\u00fcr\u00fcl\u00fcyor. \u200bHatay Emniyet M\u00fcd\u00fcrl\u00fc\u011f\u00fc ekipleri, G\u00f6\u00e7men Ka\u00e7ak\u00e7\u0131l\u0131\u011f\u0131yla M\u00fccadele \u00e7al\u0131\u015fmalar\u0131 kapsam\u0131nda Antakya\u2013Alt\u0131n\u00f6z\u00fc yolu \u00fczerinde \u015f\u00fcpheli bir TIR\u2019\u0131 durdurdu. Yap\u0131lan aramada, saman balyalar\u0131n\u0131n alt\u0131na gizlenmi\u015f halde 31 d\u00fczensiz g\u00f6\u00e7men tespit edildi.\u00a0 \u200bHaberin Al\u0131nt\u0131land\u0131\u011f\u0131 Kaynak: www.iskenderun.org\" \/>\n<meta property=\"og:url\" content=\"http:\/\/denizcankizil.tr\/uk\/haberler\/gundem\/hatayda-nefes-kesen-gocmen-operasyonu\/\" \/>\n<meta property=\"og:site_name\" content=\"Av. Deniz Can K\u0131z\u0131l\" \/>\n<meta property=\"article:published_time\" content=\"2025-06-17T13:42:12+00:00\" \/>\n<meta name=\"author\" content=\"admin\" \/>\n<meta name=\"twitter:card\" content=\"summary_large_image\" \/>\n<meta name=\"twitter:label1\" content=\"\u041d\u0430\u043f\u0438\u0441\u0430\u043d\u043e\" \/>\n\t<meta name=\"twitter:data1\" content=\"admin\" \/>\n\t<meta name=\"twitter:label2\" content=\"\u041f\u0440\u0438\u0431\u043b. \u0447\u0430\u0441 \u0447\u0438\u0442\u0430\u043d\u043d\u044f\" \/>\n\t<meta name=\"twitter:data2\" content=\"1 \u0445\u0432\u0438\u043b\u0438\u043d\u0430\" \/>\n<script type=\"application\/ld+json\" class=\"yoast-schema-graph\">{\"@context\":\"https:\/\/schema.org\",\"@graph\":[{\"@type\":\"Article\",\"@id\":\"http:\/\/denizcankizil.tr\/uk\/haberler\/gundem\/hatayda-nefes-kesen-gocmen-operasyonu\/#article\",\"isPartOf\":{\"@id\":\"http:\/\/denizcankizil.tr\/uk\/haberler\/gundem\/hatayda-nefes-kesen-gocmen-operasyonu\/\"},\"author\":{\"name\":\"admin\",\"@id\":\"https:\/\/denizcankizil.tr\/de\/#\/schema\/person\/be3c05fe6a12686905512445d8185489\"},\"headline\":\"Hatay\u2019da nefes kesen g\u00f6\u00e7men operasyonu!\",\"datePublished\":\"2025-06-17T13:42:12+00:00\",\"mainEntityOfPage\":{\"@id\":\"http:\/\/denizcankizil.tr\/uk\/haberler\/gundem\/hatayda-nefes-kesen-gocmen-operasyonu\/\"},\"wordCount\":206,\"publisher\":{\"@id\":\"https:\/\/denizcankizil.tr\/de\/#organization\"},\"articleSection\":[\"G\u00fcndem\"],\"inLanguage\":\"uk\"},{\"@type\":\"WebPage\",\"@id\":\"http:\/\/denizcankizil.tr\/uk\/haberler\/gundem\/hatayda-nefes-kesen-gocmen-operasyonu\/\",\"url\":\"http:\/\/denizcankizil.tr\/uk\/haberler\/gundem\/hatayda-nefes-kesen-gocmen-operasyonu\/\",\"name\":\"Hatay\u2019da nefes kesen g\u00f6\u00e7men operasyonu! - Av. Deniz Can K\u0131z\u0131l\",\"isPartOf\":{\"@id\":\"https:\/\/denizcankizil.tr\/de\/#website\"},\"datePublished\":\"2025-06-17T13:42:12+00:00\",\"breadcrumb\":{\"@id\":\"http:\/\/denizcankizil.tr\/uk\/haberler\/gundem\/hatayda-nefes-kesen-gocmen-operasyonu\/#breadcrumb\"},\"inLanguage\":\"uk\",\"potentialAction\":[{\"@type\":\"ReadAction\",\"target\":[\"http:\/\/denizcankizil.tr\/uk\/haberler\/gundem\/hatayda-nefes-kesen-gocmen-operasyonu\/\"]}]},{\"@type\":\"BreadcrumbList\",\"@id\":\"http:\/\/denizcankizil.tr\/uk\/haberler\/gundem\/hatayda-nefes-kesen-gocmen-operasyonu\/#breadcrumb\",\"itemListElement\":[{\"@type\":\"ListItem\",\"position\":1,\"name\":\"Home\",\"item\":\"https:\/\/denizcankizil.tr\/de\/\"},{\"@type\":\"ListItem\",\"position\":2,\"name\":\"Hatay\u2019da nefes kesen g\u00f6\u00e7men operasyonu!\"}]},{\"@type\":\"WebSite\",\"@id\":\"https:\/\/denizcankizil.tr\/de\/#website\",\"url\":\"https:\/\/denizcankizil.tr\/de\/\",\"name\":\"Av. Deniz Can K\u0131z\u0131l\",\"description\":\"Avukat Deniz Can K\u0131z\u0131l Antalya Barosu\",\"publisher\":{\"@id\":\"https:\/\/denizcankizil.tr\/de\/#organization\"},\"potentialAction\":[{\"@type\":\"SearchAction\",\"target\":{\"@type\":\"EntryPoint\",\"urlTemplate\":\"https:\/\/denizcankizil.tr\/de\/?s={search_term_string}\"},\"query-input\":{\"@type\":\"PropertyValueSpecification\",\"valueRequired\":true,\"valueName\":\"search_term_string\"}}],\"inLanguage\":\"uk\"},{\"@type\":\"Organization\",\"@id\":\"https:\/\/denizcankizil.tr\/de\/#organization\",\"name\":\"Av. Deniz Can K\u0131z\u0131l\",\"url\":\"https:\/\/denizcankizil.tr\/de\/\",\"logo\":{\"@type\":\"ImageObject\",\"inLanguage\":\"uk\",\"@id\":\"https:\/\/denizcankizil.tr\/de\/#\/schema\/logo\/image\/\",\"url\":\"http:\/\/denizcankizil.tr\/wp-content\/uploads\/2024\/10\/siyah-logo-svg.svg\",\"contentUrl\":\"http:\/\/denizcankizil.tr\/wp-content\/uploads\/2024\/10\/siyah-logo-svg.svg\",\"width\":1080,\"height\":1080,\"caption\":\"Av. Deniz Can K\u0131z\u0131l\"},\"image\":{\"@id\":\"https:\/\/denizcankizil.tr\/de\/#\/schema\/logo\/image\/\"}},{\"@type\":\"Person\",\"@id\":\"https:\/\/denizcankizil.tr\/de\/#\/schema\/person\/be3c05fe6a12686905512445d8185489\",\"name\":\"admin\",\"image\":{\"@type\":\"ImageObject\",\"inLanguage\":\"uk\",\"@id\":\"https:\/\/denizcankizil.tr\/de\/#\/schema\/person\/image\/\",\"url\":\"https:\/\/secure.gravatar.com\/avatar\/c1fce94c830dc79107e174f890d7210541c4a63e8e5d816341794a2151c9d58c?s=96&d=mm&r=g\",\"contentUrl\":\"https:\/\/secure.gravatar.com\/avatar\/c1fce94c830dc79107e174f890d7210541c4a63e8e5d816341794a2151c9d58c?s=96&d=mm&r=g\",\"caption\":\"admin\"},\"sameAs\":[\"http:\/\/denizcankizil.tr\"],\"url\":\"https:\/\/www.iskenderun.org\/hatayda-nefes-kesen-gocmen-operasyonu\"}]}<\/script>\n<!-- \/ Yoast SEO Premium plugin. -->","yoast_head_json":{"title":"Hatay\u2019da nefes kesen g\u00f6\u00e7men operasyonu! - Av. Deniz Can K\u0131z\u0131l","robots":{"index":"index","follow":"follow","max-snippet":"max-snippet:-1","max-image-preview":"max-image-preview:large","max-video-preview":"max-video-preview:-1"},"canonical":"http:\/\/denizcankizil.tr\/uk\/haberler\/gundem\/hatayda-nefes-kesen-gocmen-operasyonu\/","og_locale":"uk_UA","og_type":"article","og_title":"Hatay\u2019da nefes kesen g\u00f6\u00e7men operasyonu!","og_description":"Edinilen bilgilere g\u00f6re, Emniyet M\u00fcd\u00fcrl\u00fc\u011f\u00fc ekipleri Saman balyas\u0131 y\u00fckl\u00fc bir TIR\u2019\u0131n pe\u015fine d\u00fc\u015ft\u00fc. D\u00fczenlenen nefes kesen operasyonda TIR incelendi, yan kapaklar a\u00e7\u0131larak saman balyalar\u0131n\u0131n alt\u0131nda \u00f6zel b\u00f6l\u00fcmde d\u00fczensiz g\u00f6\u00e7mene rastland\u0131. Yurda ka\u00e7ak yollarla giren ve buradan da yurt i\u00e7i veya d\u0131\u015f\u0131na naklinin sa\u011flanmas\u0131 planlanan d\u00fczensiz g\u00f6\u00e7menlerin \u00fczerlerinde herhangi bir tan\u0131tma kart\u0131 bulunmad\u0131\u011f\u0131 ve T\u00fcrkiye\u2019de yasal oturma izinlerinin olmad\u0131\u011f\u0131 belirlendi. Olayla ilgili g\u00f6zalt\u0131na al\u0131nan B.K. isimli \u015f\u00fcpheli, sevk edildi\u011fi adli makamlarca tutuklanarak cezaevine g\u00f6nderildi. Yakalanan d\u00fczensiz g\u00f6\u00e7menler, i\u015flemlerinin ard\u0131ndan Hatay \u0130l G\u00f6\u00e7 \u0130daresi M\u00fcd\u00fcrl\u00fc\u011f\u00fc\u2019ne teslim edildi. Hatay Emniyet M\u00fcd\u00fcrl\u00fc\u011f\u00fc\u2019n\u00fcn g\u00f6\u00e7men ka\u00e7ak\u00e7\u0131l\u0131\u011f\u0131yla m\u00fccadelesi kararl\u0131l\u0131kla s\u00fcrd\u00fcr\u00fcl\u00fcyor. \u200bHatay Emniyet M\u00fcd\u00fcrl\u00fc\u011f\u00fc ekipleri, G\u00f6\u00e7men Ka\u00e7ak\u00e7\u0131l\u0131\u011f\u0131yla M\u00fccadele \u00e7al\u0131\u015fmalar\u0131 kapsam\u0131nda Antakya\u2013Alt\u0131n\u00f6z\u00fc yolu \u00fczerinde \u015f\u00fcpheli bir TIR\u2019\u0131 durdurdu. Yap\u0131lan aramada, saman balyalar\u0131n\u0131n alt\u0131na gizlenmi\u015f halde 31 d\u00fczensiz g\u00f6\u00e7men tespit edildi.\u00a0 \u200bHaberin Al\u0131nt\u0131land\u0131\u011f\u0131 Kaynak: www.iskenderun.org","og_url":"http:\/\/denizcankizil.tr\/uk\/haberler\/gundem\/hatayda-nefes-kesen-gocmen-operasyonu\/","og_site_name":"Av. Deniz Can K\u0131z\u0131l","article_published_time":"2025-06-17T13:42:12+00:00","author":"admin","twitter_card":"summary_large_image","twitter_misc":{"\u041d\u0430\u043f\u0438\u0441\u0430\u043d\u043e":"admin","\u041f\u0440\u0438\u0431\u043b. \u0447\u0430\u0441 \u0447\u0438\u0442\u0430\u043d\u043d\u044f":"1 \u0445\u0432\u0438\u043b\u0438\u043d\u0430"},"schema":{"@context":"https:\/\/schema.org","@graph":[{"@type":"Article","@id":"http:\/\/denizcankizil.tr\/uk\/haberler\/gundem\/hatayda-nefes-kesen-gocmen-operasyonu\/#article","isPartOf":{"@id":"http:\/\/denizcankizil.tr\/uk\/haberler\/gundem\/hatayda-nefes-kesen-gocmen-operasyonu\/"},"author":{"name":"admin","@id":"https:\/\/denizcankizil.tr\/de\/#\/schema\/person\/be3c05fe6a12686905512445d8185489"},"headline":"Hatay\u2019da nefes kesen g\u00f6\u00e7men operasyonu!","datePublished":"2025-06-17T13:42:12+00:00","mainEntityOfPage":{"@id":"http:\/\/denizcankizil.tr\/uk\/haberler\/gundem\/hatayda-nefes-kesen-gocmen-operasyonu\/"},"wordCount":206,"publisher":{"@id":"https:\/\/denizcankizil.tr\/de\/#organization"},"articleSection":["G\u00fcndem"],"inLanguage":"uk"},{"@type":"WebPage","@id":"http:\/\/denizcankizil.tr\/uk\/haberler\/gundem\/hatayda-nefes-kesen-gocmen-operasyonu\/","url":"http:\/\/denizcankizil.tr\/uk\/haberler\/gundem\/hatayda-nefes-kesen-gocmen-operasyonu\/","name":"Hatay\u2019da nefes kesen g\u00f6\u00e7men operasyonu! - Av. Deniz Can K\u0131z\u0131l","isPartOf":{"@id":"https:\/\/denizcankizil.tr\/de\/#website"},"datePublished":"2025-06-17T13:42:12+00:00","breadcrumb":{"@id":"http:\/\/denizcankizil.tr\/uk\/haberler\/gundem\/hatayda-nefes-kesen-gocmen-operasyonu\/#breadcrumb"},"inLanguage":"uk","potentialAction":[{"@type":"ReadAction","target":["http:\/\/denizcankizil.tr\/uk\/haberler\/gundem\/hatayda-nefes-kesen-gocmen-operasyonu\/"]}]},{"@type":"BreadcrumbList","@id":"http:\/\/denizcankizil.tr\/uk\/haberler\/gundem\/hatayda-nefes-kesen-gocmen-operasyonu\/#breadcrumb","itemListElement":[{"@type":"ListItem","position":1,"name":"Home","item":"https:\/\/denizcankizil.tr\/de\/"},{"@type":"ListItem","position":2,"name":"Hatay\u2019da nefes kesen g\u00f6\u00e7men operasyonu!"}]},{"@type":"WebSite","@id":"https:\/\/denizcankizil.tr\/de\/#website","url":"https:\/\/denizcankizil.tr\/de\/","name":"Av. Deniz Can K\u0131z\u0131l","description":"Avukat Deniz Can K\u0131z\u0131l Antalya Barosu","publisher":{"@id":"https:\/\/denizcankizil.tr\/de\/#organization"},"potentialAction":[{"@type":"SearchAction","target":{"@type":"EntryPoint","urlTemplate":"https:\/\/denizcankizil.tr\/de\/?s={search_term_string}"},"query-input":{"@type":"PropertyValueSpecification","valueRequired":true,"valueName":"search_term_string"}}],"inLanguage":"uk"},{"@type":"Organization","@id":"https:\/\/denizcankizil.tr\/de\/#organization","name":"Av. Deniz Can K\u0131z\u0131l","url":"https:\/\/denizcankizil.tr\/de\/","logo":{"@type":"ImageObject","inLanguage":"uk","@id":"https:\/\/denizcankizil.tr\/de\/#\/schema\/logo\/image\/","url":"http:\/\/denizcankizil.tr\/wp-content\/uploads\/2024\/10\/siyah-logo-svg.svg","contentUrl":"http:\/\/denizcankizil.tr\/wp-content\/uploads\/2024\/10\/siyah-logo-svg.svg","width":1080,"height":1080,"caption":"Av. Deniz Can K\u0131z\u0131l"},"image":{"@id":"https:\/\/denizcankizil.tr\/de\/#\/schema\/logo\/image\/"}},{"@type":"Person","@id":"https:\/\/denizcankizil.tr\/de\/#\/schema\/person\/be3c05fe6a12686905512445d8185489","name":"\u0430\u0434\u043c\u0456\u043d","image":{"@type":"ImageObject","inLanguage":"uk","@id":"https:\/\/denizcankizil.tr\/de\/#\/schema\/person\/image\/","url":"https:\/\/secure.gravatar.com\/avatar\/c1fce94c830dc79107e174f890d7210541c4a63e8e5d816341794a2151c9d58c?s=96&d=mm&r=g","contentUrl":"https:\/\/secure.gravatar.com\/avatar\/c1fce94c830dc79107e174f890d7210541c4a63e8e5d816341794a2151c9d58c?s=96&d=mm&r=g","caption":"admin"},"sameAs":["http:\/\/denizcankizil.tr"],"url":"https:\/\/www.iskenderun.org\/hatayda-nefes-kesen-gocmen-operasyonu"}]}},"_links":{"self":[{"href":"http:\/\/denizcankizil.tr\/uk\/wp-json\/wp\/v2\/posts\/118710","targetHints":{"allow":["GET"]}}],"collection":[{"href":"http:\/\/denizcankizil.tr\/uk\/wp-json\/wp\/v2\/posts"}],"about":[{"href":"http:\/\/denizcankizil.tr\/uk\/wp-json\/wp\/v2\/types\/post"}],"author":[{"embeddable":true,"href":"http:\/\/denizcankizil.tr\/uk\/wp-json\/wp\/v2\/users\/1"}],"replies":[{"embeddable":true,"href":"http:\/\/denizcankizil.tr\/uk\/wp-json\/wp\/v2\/comments?post=118710"}],"version-history":[{"count":0,"href":"http:\/\/denizcankizil.tr\/uk\/wp-json\/wp\/v2\/posts\/118710\/revisions"}],"wp:attachment":[{"href":"http:\/\/denizcankizil.tr\/uk\/wp-json\/wp\/v2\/media?parent=118710"}],"wp:term":[{"taxonomy":"category","embeddable":true,"href":"http:\/\/denizcankizil.tr\/uk\/wp-json\/wp\/v2\/categories?post=118710"},{"taxonomy":"post_tag","embeddable":true,"href":"http:\/\/denizcankizil.tr\/uk\/wp-json\/wp\/v2\/tags?post=118710"}],"curies":[{"name":"wp","href":"https:\/\/api.w.org\/{rel}","templated":true}]}}