{"id":118456,"date":"2025-06-17T10:42:16","date_gmt":"2025-06-17T07:42:16","guid":{"rendered":"https:\/\/denizcankizil.tr\/uncategorized-tr\/antakyada-kamyon-devrildi\/"},"modified":"2025-06-17T10:42:16","modified_gmt":"2025-06-17T07:42:16","slug":"antakyada-kamyon-devrildi","status":"publish","type":"post","link":"http:\/\/denizcankizil.tr\/uk\/haberler\/gundem\/antakyada-kamyon-devrildi\/","title":{"rendered":"Antakya\u2019da Kamyon Devrildi\u2026"},"content":{"rendered":"<p>Edinilen bilgilere g\u00f6re kaza Antakya\u2019\u0131n Karaks\u0131 mevkiinde meydana geldi. Tek tarafl\u0131 ya\u015fanan trafik kazas\u0131nda bir kamyon devrilerek ters d\u00f6nd\u00fc. Kazan\u0131n, s\u00fcr\u00fcc\u00fcn\u00fcn direksiyon h\u00e2kimiyetini kaybetmesi sonucu meydana geldi\u011fi \u00f6\u011frenildi.<\/p>\n<p>Ters d\u00f6nen ara\u00e7ta s\u0131k\u0131\u015fan s\u00fcr\u00fcc\u00fc, olay yerine sevk edilen ekiplerin h\u0131zl\u0131 ve koordineli m\u00fcdahalesiyle k\u0131sa s\u00fcrede kurtar\u0131ld\u0131. Yaral\u0131 s\u00fcr\u00fcc\u00fc, sa\u011fl\u0131k ekiplerine teslim edilerek hastaneye sevk edildi. Kaza sonras\u0131 b\u00f6lgede gerekli emniyet tedbirleri al\u0131n\u0131rken, olayla ilgili inceleme ba\u015flat\u0131ld\u0131.<\/p>\n<p>\u200bHatay\u2019\u0131n Antakya il\u00e7esi tek tarafl\u0131 meydana geldi\u011fi belirtilen trafik kazas\u0131nda kamyon devrildi, s\u00fcr\u00fcc\u00fcs\u00fc i\u00e7erisinde s\u0131k\u0131\u015ft\u0131. \u0130tfaiye ekiplerinin h\u0131zl\u0131 m\u00fcdahalesi, yaral\u0131 s\u00fcr\u00fcc\u00fcy\u00fc kurtard\u0131.\u00a0<\/p>\n<p>\u200bHaberin Al\u0131nt\u0131land\u0131\u011f\u0131 Kaynak: www.iskenderun.org<\/p>","protected":false},"excerpt":{"rendered":"<p>Edinilen bilgilere g\u00f6re kaza Antakya\u2019\u0131n Karaks\u0131 mevkiinde meydana geldi. Tek tarafl\u0131 ya\u015fanan trafik kazas\u0131nda bir kamyon devrilerek ters d\u00f6nd\u00fc. Kazan\u0131n, s\u00fcr\u00fcc\u00fcn\u00fcn direksiyon h\u00e2kimiyetini kaybetmesi sonucu meydana geldi\u011fi \u00f6\u011frenildi. Ters d\u00f6nen ara\u00e7ta s\u0131k\u0131\u015fan s\u00fcr\u00fcc\u00fc, olay yerine sevk edilen ekiplerin h\u0131zl\u0131 ve koordineli m\u00fcdahalesiyle k\u0131sa s\u00fcrede kurtar\u0131ld\u0131. Yaral\u0131 s\u00fcr\u00fcc\u00fc, sa\u011fl\u0131k ekiplerine teslim edilerek hastaneye sevk edildi. Kaza sonras\u0131 b\u00f6lgede gerekli emniyet tedbirleri al\u0131n\u0131rken, olayla ilgili inceleme ba\u015flat\u0131ld\u0131. \u200bHatay\u2019\u0131n Antakya il\u00e7esi tek tarafl\u0131 meydana geldi\u011fi belirtilen trafik kazas\u0131nda kamyon devrildi, s\u00fcr\u00fcc\u00fcs\u00fc i\u00e7erisinde s\u0131k\u0131\u015ft\u0131. \u0130tfaiye ekiplerinin h\u0131zl\u0131 m\u00fcdahalesi, yaral\u0131 s\u00fcr\u00fcc\u00fcy\u00fc kurtard\u0131.\u00a0 \u200bHaberin Al\u0131nt\u0131land\u0131\u011f\u0131 Kaynak: www.iskenderun.org<\/p>","protected":false},"author":1,"featured_media":0,"comment_status":"","ping_status":"open","sticky":false,"template":"","format":"standard","meta":{"_acf_changed":false,"footnotes":""},"categories":[24],"tags":[],"class_list":["post-118456","post","type-post","status-publish","format-standard","has-post-thumbnail","hentry","category-gundem"],"acf":[],"yoast_head":"<!-- This site is optimized with the Yoast SEO Premium plugin v26.6 (Yoast SEO v27.1.1) - https:\/\/yoast.com\/product\/yoast-seo-premium-wordpress\/ -->\n<title>Antakya\u2019da Kamyon Devrildi\u2026 - Av. Deniz Can K\u0131z\u0131l<\/title>\n<meta name=\"robots\" content=\"index, follow, max-snippet:-1, max-image-preview:large, max-video-preview:-1\" \/>\n<link rel=\"canonical\" href=\"http:\/\/denizcankizil.tr\/uk\/haberler\/gundem\/antakyada-kamyon-devrildi\/\" \/>\n<meta property=\"og:locale\" content=\"uk_UA\" \/>\n<meta property=\"og:type\" content=\"article\" \/>\n<meta property=\"og:title\" content=\"Antakya\u2019da Kamyon Devrildi\u2026\" \/>\n<meta property=\"og:description\" content=\"Edinilen bilgilere g\u00f6re kaza Antakya\u2019\u0131n Karaks\u0131 mevkiinde meydana geldi. Tek tarafl\u0131 ya\u015fanan trafik kazas\u0131nda bir kamyon devrilerek ters d\u00f6nd\u00fc. Kazan\u0131n, s\u00fcr\u00fcc\u00fcn\u00fcn direksiyon h\u00e2kimiyetini kaybetmesi sonucu meydana geldi\u011fi \u00f6\u011frenildi. Ters d\u00f6nen ara\u00e7ta s\u0131k\u0131\u015fan s\u00fcr\u00fcc\u00fc, olay yerine sevk edilen ekiplerin h\u0131zl\u0131 ve koordineli m\u00fcdahalesiyle k\u0131sa s\u00fcrede kurtar\u0131ld\u0131. Yaral\u0131 s\u00fcr\u00fcc\u00fc, sa\u011fl\u0131k ekiplerine teslim edilerek hastaneye sevk edildi. Kaza sonras\u0131 b\u00f6lgede gerekli emniyet tedbirleri al\u0131n\u0131rken, olayla ilgili inceleme ba\u015flat\u0131ld\u0131. \u200bHatay\u2019\u0131n Antakya il\u00e7esi tek tarafl\u0131 meydana geldi\u011fi belirtilen trafik kazas\u0131nda kamyon devrildi, s\u00fcr\u00fcc\u00fcs\u00fc i\u00e7erisinde s\u0131k\u0131\u015ft\u0131. \u0130tfaiye ekiplerinin h\u0131zl\u0131 m\u00fcdahalesi, yaral\u0131 s\u00fcr\u00fcc\u00fcy\u00fc kurtard\u0131.\u00a0 \u200bHaberin Al\u0131nt\u0131land\u0131\u011f\u0131 Kaynak: www.iskenderun.org\" \/>\n<meta property=\"og:url\" content=\"http:\/\/denizcankizil.tr\/uk\/haberler\/gundem\/antakyada-kamyon-devrildi\/\" \/>\n<meta property=\"og:site_name\" content=\"Av. Deniz Can K\u0131z\u0131l\" \/>\n<meta property=\"article:published_time\" content=\"2025-06-17T07:42:16+00:00\" \/>\n<meta name=\"author\" content=\"admin\" \/>\n<meta name=\"twitter:card\" content=\"summary_large_image\" \/>\n<meta name=\"twitter:label1\" content=\"\u041d\u0430\u043f\u0438\u0441\u0430\u043d\u043e\" \/>\n\t<meta name=\"twitter:data1\" content=\"admin\" \/>\n\t<meta name=\"twitter:label2\" content=\"\u041f\u0440\u0438\u0431\u043b. \u0447\u0430\u0441 \u0447\u0438\u0442\u0430\u043d\u043d\u044f\" \/>\n\t<meta name=\"twitter:data2\" content=\"1 \u0445\u0432\u0438\u043b\u0438\u043d\u0430\" \/>\n<script type=\"application\/ld+json\" class=\"yoast-schema-graph\">{\"@context\":\"https:\/\/schema.org\",\"@graph\":[{\"@type\":\"Article\",\"@id\":\"http:\/\/denizcankizil.tr\/uk\/haberler\/gundem\/antakyada-kamyon-devrildi\/#article\",\"isPartOf\":{\"@id\":\"http:\/\/denizcankizil.tr\/uk\/haberler\/gundem\/antakyada-kamyon-devrildi\/\"},\"author\":{\"name\":\"admin\",\"@id\":\"https:\/\/denizcankizil.tr\/#\/schema\/person\/be3c05fe6a12686905512445d8185489\"},\"headline\":\"Antakya\u2019da Kamyon Devrildi\u2026\",\"datePublished\":\"2025-06-17T07:42:16+00:00\",\"mainEntityOfPage\":{\"@id\":\"http:\/\/denizcankizil.tr\/uk\/haberler\/gundem\/antakyada-kamyon-devrildi\/\"},\"wordCount\":146,\"publisher\":{\"@id\":\"https:\/\/denizcankizil.tr\/#organization\"},\"articleSection\":[\"G\u00fcndem\"],\"inLanguage\":\"uk\"},{\"@type\":\"WebPage\",\"@id\":\"http:\/\/denizcankizil.tr\/uk\/haberler\/gundem\/antakyada-kamyon-devrildi\/\",\"url\":\"http:\/\/denizcankizil.tr\/uk\/haberler\/gundem\/antakyada-kamyon-devrildi\/\",\"name\":\"Antakya\u2019da Kamyon Devrildi\u2026 - Av. Deniz Can K\u0131z\u0131l\",\"isPartOf\":{\"@id\":\"https:\/\/denizcankizil.tr\/#website\"},\"datePublished\":\"2025-06-17T07:42:16+00:00\",\"breadcrumb\":{\"@id\":\"http:\/\/denizcankizil.tr\/uk\/haberler\/gundem\/antakyada-kamyon-devrildi\/#breadcrumb\"},\"inLanguage\":\"uk\",\"potentialAction\":[{\"@type\":\"ReadAction\",\"target\":[\"http:\/\/denizcankizil.tr\/uk\/haberler\/gundem\/antakyada-kamyon-devrildi\/\"]}]},{\"@type\":\"BreadcrumbList\",\"@id\":\"http:\/\/denizcankizil.tr\/uk\/haberler\/gundem\/antakyada-kamyon-devrildi\/#breadcrumb\",\"itemListElement\":[{\"@type\":\"ListItem\",\"position\":1,\"name\":\"Home\",\"item\":\"https:\/\/denizcankizil.tr\/de\/\"},{\"@type\":\"ListItem\",\"position\":2,\"name\":\"Antakya\u2019da Kamyon Devrildi\u2026\"}]},{\"@type\":\"WebSite\",\"@id\":\"https:\/\/denizcankizil.tr\/#website\",\"url\":\"https:\/\/denizcankizil.tr\/\",\"name\":\"Av. Deniz Can K\u0131z\u0131l\",\"description\":\"Avukat Deniz Can K\u0131z\u0131l Antalya Barosu\",\"publisher\":{\"@id\":\"https:\/\/denizcankizil.tr\/#organization\"},\"potentialAction\":[{\"@type\":\"SearchAction\",\"target\":{\"@type\":\"EntryPoint\",\"urlTemplate\":\"https:\/\/denizcankizil.tr\/?s={search_term_string}\"},\"query-input\":{\"@type\":\"PropertyValueSpecification\",\"valueRequired\":true,\"valueName\":\"search_term_string\"}}],\"inLanguage\":\"uk\"},{\"@type\":\"Organization\",\"@id\":\"https:\/\/denizcankizil.tr\/#organization\",\"name\":\"Av. Deniz Can K\u0131z\u0131l\",\"url\":\"https:\/\/denizcankizil.tr\/\",\"logo\":{\"@type\":\"ImageObject\",\"inLanguage\":\"uk\",\"@id\":\"https:\/\/denizcankizil.tr\/#\/schema\/logo\/image\/\",\"url\":\"http:\/\/denizcankizil.tr\/wp-content\/uploads\/2024\/10\/siyah-logo-svg.svg\",\"contentUrl\":\"http:\/\/denizcankizil.tr\/wp-content\/uploads\/2024\/10\/siyah-logo-svg.svg\",\"width\":1080,\"height\":1080,\"caption\":\"Av. Deniz Can K\u0131z\u0131l\"},\"image\":{\"@id\":\"https:\/\/denizcankizil.tr\/#\/schema\/logo\/image\/\"}},{\"@type\":\"Person\",\"@id\":\"https:\/\/denizcankizil.tr\/#\/schema\/person\/be3c05fe6a12686905512445d8185489\",\"name\":\"admin\",\"image\":{\"@type\":\"ImageObject\",\"inLanguage\":\"uk\",\"@id\":\"https:\/\/denizcankizil.tr\/#\/schema\/person\/image\/\",\"url\":\"https:\/\/secure.gravatar.com\/avatar\/c1fce94c830dc79107e174f890d7210541c4a63e8e5d816341794a2151c9d58c?s=96&d=mm&r=g\",\"contentUrl\":\"https:\/\/secure.gravatar.com\/avatar\/c1fce94c830dc79107e174f890d7210541c4a63e8e5d816341794a2151c9d58c?s=96&d=mm&r=g\",\"caption\":\"admin\"},\"sameAs\":[\"http:\/\/denizcankizil.tr\"],\"url\":\"https:\/\/www.iskenderun.org\/antakyada-kamyon-devrildi\"}]}<\/script>\n<!-- \/ Yoast SEO Premium plugin. -->","yoast_head_json":{"title":"Antakya\u2019da Kamyon Devrildi\u2026 - Av. Deniz Can K\u0131z\u0131l","robots":{"index":"index","follow":"follow","max-snippet":"max-snippet:-1","max-image-preview":"max-image-preview:large","max-video-preview":"max-video-preview:-1"},"canonical":"http:\/\/denizcankizil.tr\/uk\/haberler\/gundem\/antakyada-kamyon-devrildi\/","og_locale":"uk_UA","og_type":"article","og_title":"Antakya\u2019da Kamyon Devrildi\u2026","og_description":"Edinilen bilgilere g\u00f6re kaza Antakya\u2019\u0131n Karaks\u0131 mevkiinde meydana geldi. Tek tarafl\u0131 ya\u015fanan trafik kazas\u0131nda bir kamyon devrilerek ters d\u00f6nd\u00fc. Kazan\u0131n, s\u00fcr\u00fcc\u00fcn\u00fcn direksiyon h\u00e2kimiyetini kaybetmesi sonucu meydana geldi\u011fi \u00f6\u011frenildi. Ters d\u00f6nen ara\u00e7ta s\u0131k\u0131\u015fan s\u00fcr\u00fcc\u00fc, olay yerine sevk edilen ekiplerin h\u0131zl\u0131 ve koordineli m\u00fcdahalesiyle k\u0131sa s\u00fcrede kurtar\u0131ld\u0131. Yaral\u0131 s\u00fcr\u00fcc\u00fc, sa\u011fl\u0131k ekiplerine teslim edilerek hastaneye sevk edildi. Kaza sonras\u0131 b\u00f6lgede gerekli emniyet tedbirleri al\u0131n\u0131rken, olayla ilgili inceleme ba\u015flat\u0131ld\u0131. \u200bHatay\u2019\u0131n Antakya il\u00e7esi tek tarafl\u0131 meydana geldi\u011fi belirtilen trafik kazas\u0131nda kamyon devrildi, s\u00fcr\u00fcc\u00fcs\u00fc i\u00e7erisinde s\u0131k\u0131\u015ft\u0131. \u0130tfaiye ekiplerinin h\u0131zl\u0131 m\u00fcdahalesi, yaral\u0131 s\u00fcr\u00fcc\u00fcy\u00fc kurtard\u0131.\u00a0 \u200bHaberin Al\u0131nt\u0131land\u0131\u011f\u0131 Kaynak: www.iskenderun.org","og_url":"http:\/\/denizcankizil.tr\/uk\/haberler\/gundem\/antakyada-kamyon-devrildi\/","og_site_name":"Av. Deniz Can K\u0131z\u0131l","article_published_time":"2025-06-17T07:42:16+00:00","author":"admin","twitter_card":"summary_large_image","twitter_misc":{"\u041d\u0430\u043f\u0438\u0441\u0430\u043d\u043e":"admin","\u041f\u0440\u0438\u0431\u043b. \u0447\u0430\u0441 \u0447\u0438\u0442\u0430\u043d\u043d\u044f":"1 \u0445\u0432\u0438\u043b\u0438\u043d\u0430"},"schema":{"@context":"https:\/\/schema.org","@graph":[{"@type":"Article","@id":"http:\/\/denizcankizil.tr\/uk\/haberler\/gundem\/antakyada-kamyon-devrildi\/#article","isPartOf":{"@id":"http:\/\/denizcankizil.tr\/uk\/haberler\/gundem\/antakyada-kamyon-devrildi\/"},"author":{"name":"admin","@id":"https:\/\/denizcankizil.tr\/#\/schema\/person\/be3c05fe6a12686905512445d8185489"},"headline":"Antakya\u2019da Kamyon Devrildi\u2026","datePublished":"2025-06-17T07:42:16+00:00","mainEntityOfPage":{"@id":"http:\/\/denizcankizil.tr\/uk\/haberler\/gundem\/antakyada-kamyon-devrildi\/"},"wordCount":146,"publisher":{"@id":"https:\/\/denizcankizil.tr\/#organization"},"articleSection":["G\u00fcndem"],"inLanguage":"uk"},{"@type":"WebPage","@id":"http:\/\/denizcankizil.tr\/uk\/haberler\/gundem\/antakyada-kamyon-devrildi\/","url":"http:\/\/denizcankizil.tr\/uk\/haberler\/gundem\/antakyada-kamyon-devrildi\/","name":"Antakya\u2019da Kamyon Devrildi\u2026 - Av. Deniz Can K\u0131z\u0131l","isPartOf":{"@id":"https:\/\/denizcankizil.tr\/#website"},"datePublished":"2025-06-17T07:42:16+00:00","breadcrumb":{"@id":"http:\/\/denizcankizil.tr\/uk\/haberler\/gundem\/antakyada-kamyon-devrildi\/#breadcrumb"},"inLanguage":"uk","potentialAction":[{"@type":"ReadAction","target":["http:\/\/denizcankizil.tr\/uk\/haberler\/gundem\/antakyada-kamyon-devrildi\/"]}]},{"@type":"BreadcrumbList","@id":"http:\/\/denizcankizil.tr\/uk\/haberler\/gundem\/antakyada-kamyon-devrildi\/#breadcrumb","itemListElement":[{"@type":"ListItem","position":1,"name":"Home","item":"https:\/\/denizcankizil.tr\/de\/"},{"@type":"ListItem","position":2,"name":"Antakya\u2019da Kamyon Devrildi\u2026"}]},{"@type":"WebSite","@id":"https:\/\/denizcankizil.tr\/#website","url":"https:\/\/denizcankizil.tr\/","name":"Av. Deniz Can K\u0131z\u0131l","description":"Avukat Deniz Can K\u0131z\u0131l Antalya Barosu","publisher":{"@id":"https:\/\/denizcankizil.tr\/#organization"},"potentialAction":[{"@type":"SearchAction","target":{"@type":"EntryPoint","urlTemplate":"https:\/\/denizcankizil.tr\/?s={search_term_string}"},"query-input":{"@type":"PropertyValueSpecification","valueRequired":true,"valueName":"search_term_string"}}],"inLanguage":"uk"},{"@type":"Organization","@id":"https:\/\/denizcankizil.tr\/#organization","name":"Av. Deniz Can K\u0131z\u0131l","url":"https:\/\/denizcankizil.tr\/","logo":{"@type":"ImageObject","inLanguage":"uk","@id":"https:\/\/denizcankizil.tr\/#\/schema\/logo\/image\/","url":"http:\/\/denizcankizil.tr\/wp-content\/uploads\/2024\/10\/siyah-logo-svg.svg","contentUrl":"http:\/\/denizcankizil.tr\/wp-content\/uploads\/2024\/10\/siyah-logo-svg.svg","width":1080,"height":1080,"caption":"Av. Deniz Can K\u0131z\u0131l"},"image":{"@id":"https:\/\/denizcankizil.tr\/#\/schema\/logo\/image\/"}},{"@type":"Person","@id":"https:\/\/denizcankizil.tr\/#\/schema\/person\/be3c05fe6a12686905512445d8185489","name":"\u0430\u0434\u043c\u0456\u043d","image":{"@type":"ImageObject","inLanguage":"uk","@id":"https:\/\/denizcankizil.tr\/#\/schema\/person\/image\/","url":"https:\/\/secure.gravatar.com\/avatar\/c1fce94c830dc79107e174f890d7210541c4a63e8e5d816341794a2151c9d58c?s=96&d=mm&r=g","contentUrl":"https:\/\/secure.gravatar.com\/avatar\/c1fce94c830dc79107e174f890d7210541c4a63e8e5d816341794a2151c9d58c?s=96&d=mm&r=g","caption":"admin"},"sameAs":["http:\/\/denizcankizil.tr"],"url":"https:\/\/www.iskenderun.org\/antakyada-kamyon-devrildi"}]}},"_links":{"self":[{"href":"http:\/\/denizcankizil.tr\/uk\/wp-json\/wp\/v2\/posts\/118456","targetHints":{"allow":["GET"]}}],"collection":[{"href":"http:\/\/denizcankizil.tr\/uk\/wp-json\/wp\/v2\/posts"}],"about":[{"href":"http:\/\/denizcankizil.tr\/uk\/wp-json\/wp\/v2\/types\/post"}],"author":[{"embeddable":true,"href":"http:\/\/denizcankizil.tr\/uk\/wp-json\/wp\/v2\/users\/1"}],"replies":[{"embeddable":true,"href":"http:\/\/denizcankizil.tr\/uk\/wp-json\/wp\/v2\/comments?post=118456"}],"version-history":[{"count":0,"href":"http:\/\/denizcankizil.tr\/uk\/wp-json\/wp\/v2\/posts\/118456\/revisions"}],"wp:attachment":[{"href":"http:\/\/denizcankizil.tr\/uk\/wp-json\/wp\/v2\/media?parent=118456"}],"wp:term":[{"taxonomy":"category","embeddable":true,"href":"http:\/\/denizcankizil.tr\/uk\/wp-json\/wp\/v2\/categories?post=118456"},{"taxonomy":"post_tag","embeddable":true,"href":"http:\/\/denizcankizil.tr\/uk\/wp-json\/wp\/v2\/tags?post=118456"}],"curies":[{"name":"wp","href":"https:\/\/api.w.org\/{rel}","templated":true}]}}