{"id":118374,"date":"2025-06-17T09:41:22","date_gmt":"2025-06-17T06:41:22","guid":{"rendered":"https:\/\/denizcankizil.tr\/uncategorized-tr\/umit-ozdag-hakim-karsisinda-zafer-partililer-silivriye-akin-etti\/"},"modified":"2025-06-17T09:41:22","modified_gmt":"2025-06-17T06:41:22","slug":"umit-ozdag-hakim-karsisinda-zafer-partililer-silivriye-akin-etti","status":"publish","type":"post","link":"http:\/\/denizcankizil.tr\/uk\/haberler\/gundem\/umit-ozdag-hakim-karsisinda-zafer-partililer-silivriye-akin-etti\/","title":{"rendered":"\u00dcmit \u00d6zda\u011f hakim kar\u015f\u0131s\u0131nda: Zafer Partililer Silivri&#8217;ye ak\u0131n etti"},"content":{"rendered":"<p>Zafer Partisi Genel Ba\u015fkan\u0131 Prof. Dr. \u00dcmit \u00d6zda\u011f&#8217;\u0131n &#8220;Halk\u0131 kin ve d\u00fc\u015fmanl\u0131\u011fa alenen tahrik etme&#8221; iddias\u0131yla tutuklu yarg\u0131land\u0131\u011f\u0131 davan\u0131n duru\u015fmas\u0131 bug\u00fcn \u0130stanbul 18. Asliye Ceza Mahkemesi&#8217;nde g\u00f6r\u00fclecek. \u00d6zda\u011f&#8217;a destek vermek isteyen Zafer Partisi Antalya \u0130l ve \u0130l\u00e7e y\u00f6neticileri Silivri&#8217;ye ak\u0131n etti.<\/p>\n<p>ANTALYA\u2019DA KONU\u015eTU, ANKARA\u2019DA G\u00d6ZALTINA ALINDI!<\/p>\n<p>\u00dcmit \u00d6zda\u011f, 19 Ocak&#8217;ta Antalya&#8217;da partisinin \u0130l Ba\u015fkanlar\u0131 \u0130sti\u015fare Toplant\u0131s\u0131&#8217;nda Cumhurba\u015fkan\u0131 Recep Tayyip Erdo\u011fan&#8217;a y\u00f6nelik, &#8220;Son bin y\u0131lda ger\u00e7ekle\u015fen hi\u00e7bir Ha\u00e7l\u0131 Seferi, Erdo\u011fan&#8217;\u0131n ve AKP&#8217;nin T\u00fcrk milletine ve T\u00fcrk devletine verdi\u011fi zarar\u0131 vermemi\u015ftir&#8221; s\u00f6zlerinden bir g\u00fcn sonra Ankara&#8217;da g\u00f6zalt\u0131na al\u0131nd\u0131. \u0130stanbul Emniyet M\u00fcd\u00fcrl\u00fc\u011f\u00fc&#8217;ne ve ard\u0131ndan \u0130stanbul Adliyesi&#8217;ne g\u00f6t\u00fcr\u00fclen \u00d6zda\u011f, daha sonra &#8220;Halk\u0131 kin ve d\u00fc\u015fmanl\u0131\u011fa alenen tahrik etme&#8221; su\u00e7lamas\u0131yla tutukland\u0131. Savc\u0131l\u0131k, \u00d6zda\u011f&#8217;\u0131n 2020&#8217;den bu yana yapt\u0131\u011f\u0131 \u00e7e\u015fitli sosyal medya payla\u015f\u0131mlar\u0131n\u0131 da delil g\u00f6sterdi.<\/p>\n<p>ZAFER PART\u0130L\u0130LER S\u0130L\u0130VR\u0130\u2019YE AKTI!<\/p>\n<p>Zafer Partisi Antalya \u0130l Ba\u015fkanl\u0131\u011f\u0131ndan yap\u0131lan a\u00e7\u0131klamada, \u201cSilivri\u2019ye hocam\u0131z\u0131 almaya gidiyoruz. Bu dava, sadece bir liderin de\u011fil; T\u00fcrk milletinin iradesinin davas\u0131d\u0131r. Antalya Zafer Partisi te\u015fkilat\u0131 olarak yola \u00e7\u0131kt\u0131k. 17 Haziran\u2019da Silivri\u2019deyiz, genel ba\u015fkan\u0131m\u0131z Prof. Dr. \u00dcmit \u00d6zda\u011f\u2019\u0131 al\u0131p geliyoruz\u201d denildi. Antalya&#8217;dan \u00e7ok say\u0131da partili \u00d6zda\u011f&#8217;a destek i\u00e7in \u0130stanbul&#8217;a gitti.<\/p>\n<p>\u200b&#8221;Halk\u0131 kin ve d\u00fc\u015fmanl\u0131\u011fa alenen tahrik etme&#8221; su\u00e7lamas\u0131yla yarg\u0131lanan Zafer Partisi Genel Ba\u015fkan\u0131 \u00dcmit \u00d6zda\u011f&#8217;\u0131n duru\u015fmas\u0131 bug\u00fcn \u0130stanbul&#8217;da g\u00f6r\u00fclecek. Antalya&#8217;da da \u00e7ok say\u0131da partili, Silivri&#8217;ye giderek, \u00dcmit \u00d6zda\u011f&#8217;a destek olacaklar\u0131n\u0131 a\u00e7\u0131klad\u0131.\u00a0<\/p>\n<p>\u200bHaberin Al\u0131nt\u0131land\u0131\u011f\u0131 Kaynak: www.antalyakorfez.com<\/p>","protected":false},"excerpt":{"rendered":"<p>Zafer Partisi Genel Ba\u015fkan\u0131 Prof. Dr. \u00dcmit \u00d6zda\u011f&#8217;\u0131n &#8220;Halk\u0131 kin ve d\u00fc\u015fmanl\u0131\u011fa alenen tahrik etme&#8221; iddias\u0131yla tutuklu yarg\u0131land\u0131\u011f\u0131 davan\u0131n duru\u015fmas\u0131 bug\u00fcn \u0130stanbul 18. Asliye Ceza Mahkemesi&#8217;nde g\u00f6r\u00fclecek. \u00d6zda\u011f&#8217;a destek vermek isteyen Zafer Partisi Antalya \u0130l ve \u0130l\u00e7e y\u00f6neticileri Silivri&#8217;ye ak\u0131n etti. ANTALYA\u2019DA KONU\u015eTU, ANKARA\u2019DA G\u00d6ZALTINA ALINDI! \u00dcmit \u00d6zda\u011f, 19 Ocak&#8217;ta Antalya&#8217;da partisinin \u0130l Ba\u015fkanlar\u0131 \u0130sti\u015fare Toplant\u0131s\u0131&#8217;nda Cumhurba\u015fkan\u0131 Recep Tayyip Erdo\u011fan&#8217;a y\u00f6nelik, &#8220;Son bin y\u0131lda ger\u00e7ekle\u015fen hi\u00e7bir Ha\u00e7l\u0131 Seferi, Erdo\u011fan&#8217;\u0131n ve AKP&#8217;nin T\u00fcrk milletine ve T\u00fcrk devletine verdi\u011fi zarar\u0131 vermemi\u015ftir&#8221; s\u00f6zlerinden bir g\u00fcn sonra Ankara&#8217;da g\u00f6zalt\u0131na al\u0131nd\u0131. \u0130stanbul Emniyet M\u00fcd\u00fcrl\u00fc\u011f\u00fc&#8217;ne ve ard\u0131ndan \u0130stanbul Adliyesi&#8217;ne g\u00f6t\u00fcr\u00fclen \u00d6zda\u011f, daha sonra &#8220;Halk\u0131 kin ve d\u00fc\u015fmanl\u0131\u011fa alenen tahrik etme&#8221; su\u00e7lamas\u0131yla tutukland\u0131. Savc\u0131l\u0131k, \u00d6zda\u011f&#8217;\u0131n 2020&#8217;den bu yana yapt\u0131\u011f\u0131 \u00e7e\u015fitli sosyal medya payla\u015f\u0131mlar\u0131n\u0131 da delil g\u00f6sterdi. ZAFER PART\u0130L\u0130LER S\u0130L\u0130VR\u0130\u2019YE AKTI! Zafer Partisi Antalya \u0130l Ba\u015fkanl\u0131\u011f\u0131ndan yap\u0131lan a\u00e7\u0131klamada, \u201cSilivri\u2019ye hocam\u0131z\u0131 almaya gidiyoruz. Bu dava, sadece bir liderin de\u011fil; T\u00fcrk milletinin iradesinin davas\u0131d\u0131r. Antalya Zafer Partisi te\u015fkilat\u0131 olarak yola \u00e7\u0131kt\u0131k. 17 Haziran\u2019da Silivri\u2019deyiz, genel ba\u015fkan\u0131m\u0131z Prof. Dr. \u00dcmit \u00d6zda\u011f\u2019\u0131 al\u0131p geliyoruz\u201d denildi. Antalya&#8217;dan \u00e7ok say\u0131da partili \u00d6zda\u011f&#8217;a destek i\u00e7in \u0130stanbul&#8217;a gitti. \u200b&#8221;Halk\u0131 kin ve d\u00fc\u015fmanl\u0131\u011fa alenen tahrik etme&#8221; su\u00e7lamas\u0131yla yarg\u0131lanan Zafer Partisi Genel Ba\u015fkan\u0131 \u00dcmit \u00d6zda\u011f&#8217;\u0131n duru\u015fmas\u0131 bug\u00fcn \u0130stanbul&#8217;da g\u00f6r\u00fclecek. Antalya&#8217;da da \u00e7ok say\u0131da partili, Silivri&#8217;ye giderek, \u00dcmit \u00d6zda\u011f&#8217;a &hellip;<\/p>","protected":false},"author":5,"featured_media":0,"comment_status":"","ping_status":"open","sticky":false,"template":"","format":"standard","meta":{"_acf_changed":false,"footnotes":""},"categories":[24],"tags":[],"class_list":["post-118374","post","type-post","status-publish","format-standard","has-post-thumbnail","hentry","category-gundem"],"acf":[],"yoast_head":"<!-- This site is optimized with the Yoast SEO Premium plugin v26.6 (Yoast SEO v27.1.1) - https:\/\/yoast.com\/product\/yoast-seo-premium-wordpress\/ -->\n<title>\u00dcmit \u00d6zda\u011f hakim kar\u015f\u0131s\u0131nda: Zafer Partililer Silivri&#039;ye ak\u0131n etti - Av. Deniz Can K\u0131z\u0131l<\/title>\n<meta name=\"robots\" content=\"index, follow, max-snippet:-1, max-image-preview:large, max-video-preview:-1\" \/>\n<link rel=\"canonical\" href=\"http:\/\/denizcankizil.tr\/uk\/haberler\/gundem\/umit-ozdag-hakim-karsisinda-zafer-partililer-silivriye-akin-etti\/\" \/>\n<meta property=\"og:locale\" content=\"uk_UA\" \/>\n<meta property=\"og:type\" content=\"article\" \/>\n<meta property=\"og:title\" content=\"\u00dcmit \u00d6zda\u011f hakim kar\u015f\u0131s\u0131nda: Zafer Partililer Silivri&#039;ye ak\u0131n etti\" \/>\n<meta property=\"og:description\" content=\"Zafer Partisi Genel Ba\u015fkan\u0131 Prof. Dr. \u00dcmit \u00d6zda\u011f&#8217;\u0131n &#8220;Halk\u0131 kin ve d\u00fc\u015fmanl\u0131\u011fa alenen tahrik etme&#8221; iddias\u0131yla tutuklu yarg\u0131land\u0131\u011f\u0131 davan\u0131n duru\u015fmas\u0131 bug\u00fcn \u0130stanbul 18. Asliye Ceza Mahkemesi&#8217;nde g\u00f6r\u00fclecek. \u00d6zda\u011f&#8217;a destek vermek isteyen Zafer Partisi Antalya \u0130l ve \u0130l\u00e7e y\u00f6neticileri Silivri&#8217;ye ak\u0131n etti. ANTALYA\u2019DA KONU\u015eTU, ANKARA\u2019DA G\u00d6ZALTINA ALINDI! \u00dcmit \u00d6zda\u011f, 19 Ocak&#8217;ta Antalya&#8217;da partisinin \u0130l Ba\u015fkanlar\u0131 \u0130sti\u015fare Toplant\u0131s\u0131&#8217;nda Cumhurba\u015fkan\u0131 Recep Tayyip Erdo\u011fan&#8217;a y\u00f6nelik, &#8220;Son bin y\u0131lda ger\u00e7ekle\u015fen hi\u00e7bir Ha\u00e7l\u0131 Seferi, Erdo\u011fan&#8217;\u0131n ve AKP&#8217;nin T\u00fcrk milletine ve T\u00fcrk devletine verdi\u011fi zarar\u0131 vermemi\u015ftir&#8221; s\u00f6zlerinden bir g\u00fcn sonra Ankara&#8217;da g\u00f6zalt\u0131na al\u0131nd\u0131. \u0130stanbul Emniyet M\u00fcd\u00fcrl\u00fc\u011f\u00fc&#8217;ne ve ard\u0131ndan \u0130stanbul Adliyesi&#8217;ne g\u00f6t\u00fcr\u00fclen \u00d6zda\u011f, daha sonra &#8220;Halk\u0131 kin ve d\u00fc\u015fmanl\u0131\u011fa alenen tahrik etme&#8221; su\u00e7lamas\u0131yla tutukland\u0131. Savc\u0131l\u0131k, \u00d6zda\u011f&#8217;\u0131n 2020&#8217;den bu yana yapt\u0131\u011f\u0131 \u00e7e\u015fitli sosyal medya payla\u015f\u0131mlar\u0131n\u0131 da delil g\u00f6sterdi. ZAFER PART\u0130L\u0130LER S\u0130L\u0130VR\u0130\u2019YE AKTI! Zafer Partisi Antalya \u0130l Ba\u015fkanl\u0131\u011f\u0131ndan yap\u0131lan a\u00e7\u0131klamada, \u201cSilivri\u2019ye hocam\u0131z\u0131 almaya gidiyoruz. Bu dava, sadece bir liderin de\u011fil; T\u00fcrk milletinin iradesinin davas\u0131d\u0131r. Antalya Zafer Partisi te\u015fkilat\u0131 olarak yola \u00e7\u0131kt\u0131k. 17 Haziran\u2019da Silivri\u2019deyiz, genel ba\u015fkan\u0131m\u0131z Prof. Dr. \u00dcmit \u00d6zda\u011f\u2019\u0131 al\u0131p geliyoruz\u201d denildi. Antalya&#8217;dan \u00e7ok say\u0131da partili \u00d6zda\u011f&#8217;a destek i\u00e7in \u0130stanbul&#8217;a gitti. \u200b&#8221;Halk\u0131 kin ve d\u00fc\u015fmanl\u0131\u011fa alenen tahrik etme&#8221; su\u00e7lamas\u0131yla yarg\u0131lanan Zafer Partisi Genel Ba\u015fkan\u0131 \u00dcmit \u00d6zda\u011f&#8217;\u0131n duru\u015fmas\u0131 bug\u00fcn \u0130stanbul&#8217;da g\u00f6r\u00fclecek. Antalya&#8217;da da \u00e7ok say\u0131da partili, Silivri&#8217;ye giderek, \u00dcmit \u00d6zda\u011f&#8217;a &hellip;\" \/>\n<meta property=\"og:url\" content=\"http:\/\/denizcankizil.tr\/uk\/haberler\/gundem\/umit-ozdag-hakim-karsisinda-zafer-partililer-silivriye-akin-etti\/\" \/>\n<meta property=\"og:site_name\" content=\"Av. Deniz Can K\u0131z\u0131l\" \/>\n<meta property=\"article:published_time\" content=\"2025-06-17T06:41:22+00:00\" \/>\n<meta name=\"author\" content=\"Antalya K\u00f6rfez\" \/>\n<meta name=\"twitter:card\" content=\"summary_large_image\" \/>\n<meta name=\"twitter:label1\" content=\"\u041d\u0430\u043f\u0438\u0441\u0430\u043d\u043e\" \/>\n\t<meta name=\"twitter:data1\" content=\"Antalya K\u00f6rfez\" \/>\n\t<meta name=\"twitter:label2\" content=\"\u041f\u0440\u0438\u0431\u043b. \u0447\u0430\u0441 \u0447\u0438\u0442\u0430\u043d\u043d\u044f\" \/>\n\t<meta name=\"twitter:data2\" content=\"2 \u0445\u0432\u0438\u043b\u0438\u043d\u0438\" \/>\n<script type=\"application\/ld+json\" class=\"yoast-schema-graph\">{\"@context\":\"https:\/\/schema.org\",\"@graph\":[{\"@type\":\"Article\",\"@id\":\"http:\/\/denizcankizil.tr\/uk\/haberler\/gundem\/umit-ozdag-hakim-karsisinda-zafer-partililer-silivriye-akin-etti\/#article\",\"isPartOf\":{\"@id\":\"http:\/\/denizcankizil.tr\/uk\/haberler\/gundem\/umit-ozdag-hakim-karsisinda-zafer-partililer-silivriye-akin-etti\/\"},\"author\":{\"name\":\"Antalya K\u00f6rfez\",\"@id\":\"https:\/\/denizcankizil.tr\/de\/#\/schema\/person\/e1eb71bb4dd684d46563f0af307e1234\"},\"headline\":\"\u00dcmit \u00d6zda\u011f hakim kar\u015f\u0131s\u0131nda: Zafer Partililer Silivri&#8217;ye ak\u0131n etti\",\"datePublished\":\"2025-06-17T06:41:22+00:00\",\"mainEntityOfPage\":{\"@id\":\"http:\/\/denizcankizil.tr\/uk\/haberler\/gundem\/umit-ozdag-hakim-karsisinda-zafer-partililer-silivriye-akin-etti\/\"},\"wordCount\":335,\"publisher\":{\"@id\":\"https:\/\/denizcankizil.tr\/de\/#organization\"},\"articleSection\":[\"G\u00fcndem\"],\"inLanguage\":\"uk\"},{\"@type\":\"WebPage\",\"@id\":\"http:\/\/denizcankizil.tr\/uk\/haberler\/gundem\/umit-ozdag-hakim-karsisinda-zafer-partililer-silivriye-akin-etti\/\",\"url\":\"http:\/\/denizcankizil.tr\/uk\/haberler\/gundem\/umit-ozdag-hakim-karsisinda-zafer-partililer-silivriye-akin-etti\/\",\"name\":\"\u00dcmit \u00d6zda\u011f hakim kar\u015f\u0131s\u0131nda: Zafer Partililer Silivri'ye ak\u0131n etti - Av. Deniz Can K\u0131z\u0131l\",\"isPartOf\":{\"@id\":\"https:\/\/denizcankizil.tr\/de\/#website\"},\"datePublished\":\"2025-06-17T06:41:22+00:00\",\"breadcrumb\":{\"@id\":\"http:\/\/denizcankizil.tr\/uk\/haberler\/gundem\/umit-ozdag-hakim-karsisinda-zafer-partililer-silivriye-akin-etti\/#breadcrumb\"},\"inLanguage\":\"uk\",\"potentialAction\":[{\"@type\":\"ReadAction\",\"target\":[\"http:\/\/denizcankizil.tr\/uk\/haberler\/gundem\/umit-ozdag-hakim-karsisinda-zafer-partililer-silivriye-akin-etti\/\"]}]},{\"@type\":\"BreadcrumbList\",\"@id\":\"http:\/\/denizcankizil.tr\/uk\/haberler\/gundem\/umit-ozdag-hakim-karsisinda-zafer-partililer-silivriye-akin-etti\/#breadcrumb\",\"itemListElement\":[{\"@type\":\"ListItem\",\"position\":1,\"name\":\"Home\",\"item\":\"https:\/\/denizcankizil.tr\/de\/\"},{\"@type\":\"ListItem\",\"position\":2,\"name\":\"\u00dcmit \u00d6zda\u011f hakim kar\u015f\u0131s\u0131nda: Zafer Partililer Silivri&#8217;ye ak\u0131n etti\"}]},{\"@type\":\"WebSite\",\"@id\":\"https:\/\/denizcankizil.tr\/de\/#website\",\"url\":\"https:\/\/denizcankizil.tr\/de\/\",\"name\":\"Av. Deniz Can K\u0131z\u0131l\",\"description\":\"Avukat Deniz Can K\u0131z\u0131l Antalya Barosu\",\"publisher\":{\"@id\":\"https:\/\/denizcankizil.tr\/de\/#organization\"},\"potentialAction\":[{\"@type\":\"SearchAction\",\"target\":{\"@type\":\"EntryPoint\",\"urlTemplate\":\"https:\/\/denizcankizil.tr\/de\/?s={search_term_string}\"},\"query-input\":{\"@type\":\"PropertyValueSpecification\",\"valueRequired\":true,\"valueName\":\"search_term_string\"}}],\"inLanguage\":\"uk\"},{\"@type\":\"Organization\",\"@id\":\"https:\/\/denizcankizil.tr\/de\/#organization\",\"name\":\"Av. Deniz Can K\u0131z\u0131l\",\"url\":\"https:\/\/denizcankizil.tr\/de\/\",\"logo\":{\"@type\":\"ImageObject\",\"inLanguage\":\"uk\",\"@id\":\"https:\/\/denizcankizil.tr\/de\/#\/schema\/logo\/image\/\",\"url\":\"http:\/\/denizcankizil.tr\/wp-content\/uploads\/2024\/10\/siyah-logo-svg.svg\",\"contentUrl\":\"http:\/\/denizcankizil.tr\/wp-content\/uploads\/2024\/10\/siyah-logo-svg.svg\",\"width\":1080,\"height\":1080,\"caption\":\"Av. Deniz Can K\u0131z\u0131l\"},\"image\":{\"@id\":\"https:\/\/denizcankizil.tr\/de\/#\/schema\/logo\/image\/\"}},{\"@type\":\"Person\",\"@id\":\"https:\/\/denizcankizil.tr\/de\/#\/schema\/person\/e1eb71bb4dd684d46563f0af307e1234\",\"name\":\"Antalya K\u00f6rfez\",\"image\":{\"@type\":\"ImageObject\",\"inLanguage\":\"uk\",\"@id\":\"https:\/\/denizcankizil.tr\/de\/#\/schema\/person\/image\/\",\"url\":\"https:\/\/secure.gravatar.com\/avatar\/42b01982558a48a0b501fdcab6a408d3717ea5919095ee2e67b0e521799c5905?s=96&d=mm&r=g\",\"contentUrl\":\"https:\/\/secure.gravatar.com\/avatar\/42b01982558a48a0b501fdcab6a408d3717ea5919095ee2e67b0e521799c5905?s=96&d=mm&r=g\",\"caption\":\"Antalya K\u00f6rfez\"},\"sameAs\":[\"http:\/\/www.antalyakorfez.com\"],\"url\":\"https:\/\/www.antalyakorfez.com\/umit-ozdag-hakim-karsisinda-zafer-partililer-silivriye-akin-etti\"}]}<\/script>\n<!-- \/ Yoast SEO Premium plugin. -->","yoast_head_json":{"title":"\u00dcmit \u00d6zda\u011f hakim kar\u015f\u0131s\u0131nda: Zafer Partililer Silivri'ye ak\u0131n etti - Av. Deniz Can K\u0131z\u0131l","robots":{"index":"index","follow":"follow","max-snippet":"max-snippet:-1","max-image-preview":"max-image-preview:large","max-video-preview":"max-video-preview:-1"},"canonical":"http:\/\/denizcankizil.tr\/uk\/haberler\/gundem\/umit-ozdag-hakim-karsisinda-zafer-partililer-silivriye-akin-etti\/","og_locale":"uk_UA","og_type":"article","og_title":"\u00dcmit \u00d6zda\u011f hakim kar\u015f\u0131s\u0131nda: Zafer Partililer Silivri'ye ak\u0131n etti","og_description":"Zafer Partisi Genel Ba\u015fkan\u0131 Prof. Dr. \u00dcmit \u00d6zda\u011f&#8217;\u0131n &#8220;Halk\u0131 kin ve d\u00fc\u015fmanl\u0131\u011fa alenen tahrik etme&#8221; iddias\u0131yla tutuklu yarg\u0131land\u0131\u011f\u0131 davan\u0131n duru\u015fmas\u0131 bug\u00fcn \u0130stanbul 18. Asliye Ceza Mahkemesi&#8217;nde g\u00f6r\u00fclecek. \u00d6zda\u011f&#8217;a destek vermek isteyen Zafer Partisi Antalya \u0130l ve \u0130l\u00e7e y\u00f6neticileri Silivri&#8217;ye ak\u0131n etti. ANTALYA\u2019DA KONU\u015eTU, ANKARA\u2019DA G\u00d6ZALTINA ALINDI! \u00dcmit \u00d6zda\u011f, 19 Ocak&#8217;ta Antalya&#8217;da partisinin \u0130l Ba\u015fkanlar\u0131 \u0130sti\u015fare Toplant\u0131s\u0131&#8217;nda Cumhurba\u015fkan\u0131 Recep Tayyip Erdo\u011fan&#8217;a y\u00f6nelik, &#8220;Son bin y\u0131lda ger\u00e7ekle\u015fen hi\u00e7bir Ha\u00e7l\u0131 Seferi, Erdo\u011fan&#8217;\u0131n ve AKP&#8217;nin T\u00fcrk milletine ve T\u00fcrk devletine verdi\u011fi zarar\u0131 vermemi\u015ftir&#8221; s\u00f6zlerinden bir g\u00fcn sonra Ankara&#8217;da g\u00f6zalt\u0131na al\u0131nd\u0131. \u0130stanbul Emniyet M\u00fcd\u00fcrl\u00fc\u011f\u00fc&#8217;ne ve ard\u0131ndan \u0130stanbul Adliyesi&#8217;ne g\u00f6t\u00fcr\u00fclen \u00d6zda\u011f, daha sonra &#8220;Halk\u0131 kin ve d\u00fc\u015fmanl\u0131\u011fa alenen tahrik etme&#8221; su\u00e7lamas\u0131yla tutukland\u0131. Savc\u0131l\u0131k, \u00d6zda\u011f&#8217;\u0131n 2020&#8217;den bu yana yapt\u0131\u011f\u0131 \u00e7e\u015fitli sosyal medya payla\u015f\u0131mlar\u0131n\u0131 da delil g\u00f6sterdi. ZAFER PART\u0130L\u0130LER S\u0130L\u0130VR\u0130\u2019YE AKTI! Zafer Partisi Antalya \u0130l Ba\u015fkanl\u0131\u011f\u0131ndan yap\u0131lan a\u00e7\u0131klamada, \u201cSilivri\u2019ye hocam\u0131z\u0131 almaya gidiyoruz. Bu dava, sadece bir liderin de\u011fil; T\u00fcrk milletinin iradesinin davas\u0131d\u0131r. Antalya Zafer Partisi te\u015fkilat\u0131 olarak yola \u00e7\u0131kt\u0131k. 17 Haziran\u2019da Silivri\u2019deyiz, genel ba\u015fkan\u0131m\u0131z Prof. Dr. \u00dcmit \u00d6zda\u011f\u2019\u0131 al\u0131p geliyoruz\u201d denildi. Antalya&#8217;dan \u00e7ok say\u0131da partili \u00d6zda\u011f&#8217;a destek i\u00e7in \u0130stanbul&#8217;a gitti. \u200b&#8221;Halk\u0131 kin ve d\u00fc\u015fmanl\u0131\u011fa alenen tahrik etme&#8221; su\u00e7lamas\u0131yla yarg\u0131lanan Zafer Partisi Genel Ba\u015fkan\u0131 \u00dcmit \u00d6zda\u011f&#8217;\u0131n duru\u015fmas\u0131 bug\u00fcn \u0130stanbul&#8217;da g\u00f6r\u00fclecek. Antalya&#8217;da da \u00e7ok say\u0131da partili, Silivri&#8217;ye giderek, \u00dcmit \u00d6zda\u011f&#8217;a &hellip;","og_url":"http:\/\/denizcankizil.tr\/uk\/haberler\/gundem\/umit-ozdag-hakim-karsisinda-zafer-partililer-silivriye-akin-etti\/","og_site_name":"Av. Deniz Can K\u0131z\u0131l","article_published_time":"2025-06-17T06:41:22+00:00","author":"Antalya K\u00f6rfez","twitter_card":"summary_large_image","twitter_misc":{"\u041d\u0430\u043f\u0438\u0441\u0430\u043d\u043e":"Antalya K\u00f6rfez","\u041f\u0440\u0438\u0431\u043b. \u0447\u0430\u0441 \u0447\u0438\u0442\u0430\u043d\u043d\u044f":"2 \u0445\u0432\u0438\u043b\u0438\u043d\u0438"},"schema":{"@context":"https:\/\/schema.org","@graph":[{"@type":"Article","@id":"http:\/\/denizcankizil.tr\/uk\/haberler\/gundem\/umit-ozdag-hakim-karsisinda-zafer-partililer-silivriye-akin-etti\/#article","isPartOf":{"@id":"http:\/\/denizcankizil.tr\/uk\/haberler\/gundem\/umit-ozdag-hakim-karsisinda-zafer-partililer-silivriye-akin-etti\/"},"author":{"name":"Antalya K\u00f6rfez","@id":"https:\/\/denizcankizil.tr\/de\/#\/schema\/person\/e1eb71bb4dd684d46563f0af307e1234"},"headline":"\u00dcmit \u00d6zda\u011f hakim kar\u015f\u0131s\u0131nda: Zafer Partililer Silivri&#8217;ye ak\u0131n etti","datePublished":"2025-06-17T06:41:22+00:00","mainEntityOfPage":{"@id":"http:\/\/denizcankizil.tr\/uk\/haberler\/gundem\/umit-ozdag-hakim-karsisinda-zafer-partililer-silivriye-akin-etti\/"},"wordCount":335,"publisher":{"@id":"https:\/\/denizcankizil.tr\/de\/#organization"},"articleSection":["G\u00fcndem"],"inLanguage":"uk"},{"@type":"WebPage","@id":"http:\/\/denizcankizil.tr\/uk\/haberler\/gundem\/umit-ozdag-hakim-karsisinda-zafer-partililer-silivriye-akin-etti\/","url":"http:\/\/denizcankizil.tr\/uk\/haberler\/gundem\/umit-ozdag-hakim-karsisinda-zafer-partililer-silivriye-akin-etti\/","name":"\u00dcmit \u00d6zda\u011f hakim kar\u015f\u0131s\u0131nda: Zafer Partililer Silivri'ye ak\u0131n etti - Av. Deniz Can K\u0131z\u0131l","isPartOf":{"@id":"https:\/\/denizcankizil.tr\/de\/#website"},"datePublished":"2025-06-17T06:41:22+00:00","breadcrumb":{"@id":"http:\/\/denizcankizil.tr\/uk\/haberler\/gundem\/umit-ozdag-hakim-karsisinda-zafer-partililer-silivriye-akin-etti\/#breadcrumb"},"inLanguage":"uk","potentialAction":[{"@type":"ReadAction","target":["http:\/\/denizcankizil.tr\/uk\/haberler\/gundem\/umit-ozdag-hakim-karsisinda-zafer-partililer-silivriye-akin-etti\/"]}]},{"@type":"BreadcrumbList","@id":"http:\/\/denizcankizil.tr\/uk\/haberler\/gundem\/umit-ozdag-hakim-karsisinda-zafer-partililer-silivriye-akin-etti\/#breadcrumb","itemListElement":[{"@type":"ListItem","position":1,"name":"Home","item":"https:\/\/denizcankizil.tr\/de\/"},{"@type":"ListItem","position":2,"name":"\u00dcmit \u00d6zda\u011f hakim kar\u015f\u0131s\u0131nda: Zafer Partililer Silivri&#8217;ye ak\u0131n etti"}]},{"@type":"WebSite","@id":"https:\/\/denizcankizil.tr\/de\/#website","url":"https:\/\/denizcankizil.tr\/de\/","name":"Av. Deniz Can K\u0131z\u0131l","description":"Avukat Deniz Can K\u0131z\u0131l Antalya Barosu","publisher":{"@id":"https:\/\/denizcankizil.tr\/de\/#organization"},"potentialAction":[{"@type":"SearchAction","target":{"@type":"EntryPoint","urlTemplate":"https:\/\/denizcankizil.tr\/de\/?s={search_term_string}"},"query-input":{"@type":"PropertyValueSpecification","valueRequired":true,"valueName":"search_term_string"}}],"inLanguage":"uk"},{"@type":"Organization","@id":"https:\/\/denizcankizil.tr\/de\/#organization","name":"Av. Deniz Can K\u0131z\u0131l","url":"https:\/\/denizcankizil.tr\/de\/","logo":{"@type":"ImageObject","inLanguage":"uk","@id":"https:\/\/denizcankizil.tr\/de\/#\/schema\/logo\/image\/","url":"http:\/\/denizcankizil.tr\/wp-content\/uploads\/2024\/10\/siyah-logo-svg.svg","contentUrl":"http:\/\/denizcankizil.tr\/wp-content\/uploads\/2024\/10\/siyah-logo-svg.svg","width":1080,"height":1080,"caption":"Av. Deniz Can K\u0131z\u0131l"},"image":{"@id":"https:\/\/denizcankizil.tr\/de\/#\/schema\/logo\/image\/"}},{"@type":"Person","@id":"https:\/\/denizcankizil.tr\/de\/#\/schema\/person\/e1eb71bb4dd684d46563f0af307e1234","name":"Antalya K\u00f6rfez","image":{"@type":"ImageObject","inLanguage":"uk","@id":"https:\/\/denizcankizil.tr\/de\/#\/schema\/person\/image\/","url":"https:\/\/secure.gravatar.com\/avatar\/42b01982558a48a0b501fdcab6a408d3717ea5919095ee2e67b0e521799c5905?s=96&d=mm&r=g","contentUrl":"https:\/\/secure.gravatar.com\/avatar\/42b01982558a48a0b501fdcab6a408d3717ea5919095ee2e67b0e521799c5905?s=96&d=mm&r=g","caption":"Antalya K\u00f6rfez"},"sameAs":["http:\/\/www.antalyakorfez.com"],"url":"https:\/\/www.antalyakorfez.com\/umit-ozdag-hakim-karsisinda-zafer-partililer-silivriye-akin-etti"}]}},"_links":{"self":[{"href":"http:\/\/denizcankizil.tr\/uk\/wp-json\/wp\/v2\/posts\/118374","targetHints":{"allow":["GET"]}}],"collection":[{"href":"http:\/\/denizcankizil.tr\/uk\/wp-json\/wp\/v2\/posts"}],"about":[{"href":"http:\/\/denizcankizil.tr\/uk\/wp-json\/wp\/v2\/types\/post"}],"author":[{"embeddable":true,"href":"http:\/\/denizcankizil.tr\/uk\/wp-json\/wp\/v2\/users\/5"}],"replies":[{"embeddable":true,"href":"http:\/\/denizcankizil.tr\/uk\/wp-json\/wp\/v2\/comments?post=118374"}],"version-history":[{"count":0,"href":"http:\/\/denizcankizil.tr\/uk\/wp-json\/wp\/v2\/posts\/118374\/revisions"}],"wp:attachment":[{"href":"http:\/\/denizcankizil.tr\/uk\/wp-json\/wp\/v2\/media?parent=118374"}],"wp:term":[{"taxonomy":"category","embeddable":true,"href":"http:\/\/denizcankizil.tr\/uk\/wp-json\/wp\/v2\/categories?post=118374"},{"taxonomy":"post_tag","embeddable":true,"href":"http:\/\/denizcankizil.tr\/uk\/wp-json\/wp\/v2\/tags?post=118374"}],"curies":[{"name":"wp","href":"https:\/\/api.w.org\/{rel}","templated":true}]}}