{"id":117798,"date":"2025-06-16T18:42:16","date_gmt":"2025-06-16T15:42:16","guid":{"rendered":"https:\/\/denizcankizil.tr\/uncategorized-tr\/birlesik-emekliler-sendikasindan-eylem-cagrisi-21-haziranda-meydanlara-cikiyorlar\/"},"modified":"2025-06-16T18:42:16","modified_gmt":"2025-06-16T15:42:16","slug":"birlesik-emekliler-sendikasindan-eylem-cagrisi-21-haziranda-meydanlara-cikiyorlar","status":"publish","type":"post","link":"http:\/\/denizcankizil.tr\/uk\/haberler\/gundem\/birlesik-emekliler-sendikasindan-eylem-cagrisi-21-haziranda-meydanlara-cikiyorlar\/","title":{"rendered":"Birle\u015fik Emekliler Sendikas\u0131\u2019ndan eylem \u00e7a\u011fr\u0131s\u0131&#8230; 21 Haziran\u2019da meydanlara \u00e7\u0131k\u0131yorlar"},"content":{"rendered":"<p>Birle\u015fik Emekliler Sendikas\u0131 (BES) Genel Ba\u015fkan\u0131 Mahmut \u015eeng\u00fcl, emeklilerin yoksulluk ve sefalet i\u00e7inde oldu\u011funu belirterek, 21 Haziran Cumartesi g\u00fcn\u00fc saat 14.30\u2019da t\u00fcm il ve il\u00e7elerde e\u015f zamanl\u0131 bas\u0131n a\u00e7\u0131klamas\u0131 yapacaklar\u0131n\u0131 duyurdu.Erdo\u011fan DEM\u0130R \/ ED\u0130RNE (\u0130GFA) &#8211; BES Genel Ba\u015fkan\u0131 Mahmut \u015eeng\u00fcl, emeklilerin ekonomik sorunlar\u0131na dikkat \u00e7eken bir a\u00e7\u0131klama yapt\u0131.<br \/>\nHaziran ay\u0131 a\u00e7l\u0131k s\u0131n\u0131r\u0131n\u0131n 25 bin TL, yoksulluk s\u0131n\u0131r\u0131n\u0131n ise 85 bin TL oldu\u011funu vurgulayan \u015eeng\u00fcl, en d\u00fc\u015f\u00fck emekli maa\u015f\u0131n\u0131n 14 bin 469 TL, asgari \u00fccretin ise 22 bin 100 TL oldu\u011funu hat\u0131rlatt\u0131. \u015eeng\u00fcl, n\u00fcfusun y\u00fczde 85\u2019i yoksul, y\u00fczde 65\u2019inin ise a\u00e7 oldu\u011funu belirterek, Temmuz zamm\u0131yla emekli maa\u015f\u0131 16 bin 928 TL\u2019ye \u00e7\u0131ksa bile a\u00e7l\u0131k ve yoksulluk s\u0131n\u0131r\u0131n\u0131n alt\u0131nda kalaca\u011f\u0131n\u0131 s\u00f6yledi.<br \/>\n\u201c\u0130KT\u0130DAR EMEKL\u0130N\u0130N SEFALET\u0130N\u0130 KONU\u015eMAK \u0130STEM\u0130YOR\u201d<br \/>\n\u0130ktidar\u0131n emeklilerin ve asgari \u00fccretlilerin yoksullu\u011funu g\u00fcndemden d\u00fc\u015f\u00fcrmeye \u00e7al\u0131\u015ft\u0131\u011f\u0131n\u0131 savunan \u015eeng\u00fcl, \u201c\u0130ktidar, \u00fclkenin g\u00fcndemini de\u011fi\u015ftirerek emeklinin sefaletini unutturmak istiyor. Ama biz emeklilerin yoksullu\u011funu unutturmayaca\u011f\u0131z\u201d dedi.<br \/>\nEmeklilerin sesini duyurmak i\u00e7in 21 Haziran Cumartesi g\u00fcn\u00fc saat 14.30\u2019da sendikan\u0131n \u00f6rg\u00fctl\u00fc oldu\u011fu t\u00fcm il ve il\u00e7elerde e\u015f zamanl\u0131 bas\u0131n a\u00e7\u0131klamas\u0131 yapacaklar\u0131n\u0131 a\u00e7\u0131klayan \u015eeng\u00fcl, \u201cD\u00fcn bu \u00fclkenin kurtulu\u015fu i\u00e7in cepheye ko\u015fan bizler, bug\u00fcn eme\u011fimizi ve ekme\u011fimizi \u00e7alanlara kar\u015f\u0131 bastonlar\u0131m\u0131zla meydanlara \u00e7\u0131kaca\u011f\u0131z. Bizler bu \u00fclkeyi var edenleriz\u201d dedi.<br \/>\n\u015eeng\u00fcl, emeklilerin sadaka de\u011fil, emeklerinin kar\u015f\u0131l\u0131\u011f\u0131n\u0131 talep etti\u011fini vurgulayarak, t\u00fcm emeklileri 21 Haziran\u2019da alanlara davet etti. \u015eeng\u00fcl, \u201cBastonlar\u0131n\u0131zla gelin, sesimize g\u00fc\u00e7 verin. Sen yoksan bir eksikiz\u201d \u00e7a\u011fr\u0131s\u0131nda bulundu.<\/p>\n<p>\u200bBirle\u015fik Emekliler Sendikas\u0131 (BES) Genel Ba\u015fkan\u0131 Mahmut \u015eeng\u00fcl, emeklilerin yoksulluk ve sefalet i\u00e7inde oldu\u011funu belirterek, 21 Haziran Cumartesi g\u00fcn\u00fc saat 14.30\u2019da t\u00fcm il ve il\u00e7elerde e\u015f zamanl\u0131 bas\u0131n a\u00e7\u0131klamas\u0131 yapacaklar\u0131n\u0131 duyurdu.Erdo\u011fan DEM\u0130R \/ ED\u0130RNE (\u0130GFA) &#8211; BES Genel Ba\u015fkan\u0131 Mahmut \u015eeng\u00fcl, emeklilerin ekonomik sorunlar\u0131na dikkat \u00e7eken bir a\u00e7\u0131klama yapt\u0131.<br \/>\nHaziran ay\u0131 a\u00e7l\u0131k s\u0131n\u0131r\u0131n\u0131n 25 bin TL, yoksulluk s\u0131n\u0131r\u0131n\u0131n ise 85 bin TL oldu\u011funu vurgulayan \u015eeng\u00fcl, en d\u00fc\u015f\u00fck emekli maa\u015f\u0131n\u0131n 14 bin 469 TL, asgari \u00fccretin ise 22 bin 100 TL oldu\u011funu hat\u0131rlatt\u0131. \u015eeng\u00fcl, n\u00fcfusun y\u00fczde 85\u2019i yoksul, y\u00fczde 65\u2019inin ise a\u00e7 oldu\u011funu belirterek, Temmuz zamm\u0131yla emekli maa\u015f\u0131 16 bin 928 TL\u2019ye \u00e7\u0131ksa bile a\u00e7l\u0131k ve yoksulluk s\u0131n\u0131r\u0131n\u0131n alt\u0131nda kalaca\u011f\u0131n\u0131 s\u00f6yledi.<br \/>\n\u201c\u0130KT\u0130DAR EMEKL\u0130N\u0130N SEFALET\u0130N\u0130 KONU\u015eMAK \u0130STEM\u0130YOR\u201d<br \/>\n\u0130ktidar\u0131n emeklilerin ve asgari \u00fccretlilerin yoksullu\u011funu g\u00fcndemden d\u00fc\u015f\u00fcrmeye \u00e7al\u0131\u015ft\u0131\u011f\u0131n\u0131 savunan \u015eeng\u00fcl, \u201c\u0130ktidar, \u00fclkenin g\u00fcndemini de\u011fi\u015ftirerek emeklinin sefaletini unutturmak istiyor. Ama biz emeklilerin yoksullu\u011funu unutturmayaca\u011f\u0131z\u201d dedi.<br \/>\nEmeklilerin sesini duyurmak i\u00e7in 21 Haziran Cumartesi g\u00fcn\u00fc saat 14.30\u2019da sendikan\u0131n \u00f6rg\u00fctl\u00fc oldu\u011fu t\u00fcm il ve il\u00e7elerde e\u015f zamanl\u0131 bas\u0131n a\u00e7\u0131klamas\u0131 yapacaklar\u0131n\u0131 a\u00e7\u0131klayan \u015eeng\u00fcl, \u201cD\u00fcn bu \u00fclkenin kurtulu\u015fu i\u00e7in cepheye ko\u015fan bizler, bug\u00fcn eme\u011fimizi ve ekme\u011fimizi \u00e7alanlara kar\u015f\u0131 bastonlar\u0131m\u0131zla meydanlara \u00e7\u0131kaca\u011f\u0131z. Bizler bu \u00fclkeyi var edenleriz\u201d dedi.<br \/>\n\u015eeng\u00fcl, emeklilerin sadaka de\u011fil, emeklerinin kar\u015f\u0131l\u0131\u011f\u0131n\u0131 talep etti\u011fini vurgulayarak, t\u00fcm emeklileri 21 Haziran\u2019da alanlara davet etti. \u015eeng\u00fcl, \u201cBastonlar\u0131n\u0131zla gelin, sesimize g\u00fc\u00e7 verin. Sen yoksan bir eksikiz\u201d \u00e7a\u011fr\u0131s\u0131nda bulundu.\u00a0<\/p>\n<p>\u200bHaberin Al\u0131nt\u0131land\u0131\u011f\u0131 Kaynak: www.iskenderun.org<\/p>","protected":false},"excerpt":{"rendered":"<p>Birle\u015fik Emekliler Sendikas\u0131 (BES) Genel Ba\u015fkan\u0131 Mahmut \u015eeng\u00fcl, emeklilerin yoksulluk ve sefalet i\u00e7inde oldu\u011funu belirterek, 21 Haziran Cumartesi g\u00fcn\u00fc saat 14.30\u2019da t\u00fcm il ve il\u00e7elerde e\u015f zamanl\u0131 bas\u0131n a\u00e7\u0131klamas\u0131 yapacaklar\u0131n\u0131 duyurdu.Erdo\u011fan DEM\u0130R \/ ED\u0130RNE (\u0130GFA) &#8211; BES Genel Ba\u015fkan\u0131 Mahmut \u015eeng\u00fcl, emeklilerin ekonomik sorunlar\u0131na dikkat \u00e7eken bir a\u00e7\u0131klama yapt\u0131. Haziran ay\u0131 a\u00e7l\u0131k s\u0131n\u0131r\u0131n\u0131n 25 bin TL, yoksulluk s\u0131n\u0131r\u0131n\u0131n ise 85 bin TL oldu\u011funu vurgulayan \u015eeng\u00fcl, en d\u00fc\u015f\u00fck emekli maa\u015f\u0131n\u0131n 14 bin 469 TL, asgari \u00fccretin ise 22 bin 100 TL oldu\u011funu hat\u0131rlatt\u0131. \u015eeng\u00fcl, n\u00fcfusun y\u00fczde 85\u2019i yoksul, y\u00fczde 65\u2019inin ise a\u00e7 oldu\u011funu belirterek, Temmuz zamm\u0131yla emekli maa\u015f\u0131 16 bin 928 TL\u2019ye \u00e7\u0131ksa bile a\u00e7l\u0131k ve yoksulluk s\u0131n\u0131r\u0131n\u0131n alt\u0131nda kalaca\u011f\u0131n\u0131 s\u00f6yledi. \u201c\u0130KT\u0130DAR EMEKL\u0130N\u0130N SEFALET\u0130N\u0130 KONU\u015eMAK \u0130STEM\u0130YOR\u201d \u0130ktidar\u0131n emeklilerin ve asgari \u00fccretlilerin yoksullu\u011funu g\u00fcndemden d\u00fc\u015f\u00fcrmeye \u00e7al\u0131\u015ft\u0131\u011f\u0131n\u0131 savunan \u015eeng\u00fcl, \u201c\u0130ktidar, \u00fclkenin g\u00fcndemini de\u011fi\u015ftirerek emeklinin sefaletini unutturmak istiyor. Ama biz emeklilerin yoksullu\u011funu unutturmayaca\u011f\u0131z\u201d dedi. Emeklilerin sesini duyurmak i\u00e7in 21 Haziran Cumartesi g\u00fcn\u00fc saat 14.30\u2019da sendikan\u0131n \u00f6rg\u00fctl\u00fc oldu\u011fu t\u00fcm il ve il\u00e7elerde e\u015f zamanl\u0131 bas\u0131n a\u00e7\u0131klamas\u0131 yapacaklar\u0131n\u0131 a\u00e7\u0131klayan \u015eeng\u00fcl, \u201cD\u00fcn bu \u00fclkenin kurtulu\u015fu i\u00e7in cepheye ko\u015fan bizler, bug\u00fcn eme\u011fimizi ve ekme\u011fimizi \u00e7alanlara kar\u015f\u0131 bastonlar\u0131m\u0131zla meydanlara \u00e7\u0131kaca\u011f\u0131z. Bizler bu \u00fclkeyi var edenleriz\u201d dedi. \u015eeng\u00fcl, emeklilerin sadaka de\u011fil, emeklerinin kar\u015f\u0131l\u0131\u011f\u0131n\u0131 talep etti\u011fini vurgulayarak, t\u00fcm emeklileri 21 Haziran\u2019da &hellip;<\/p>","protected":false},"author":1,"featured_media":0,"comment_status":"","ping_status":"open","sticky":false,"template":"","format":"standard","meta":{"_acf_changed":false,"footnotes":""},"categories":[24],"tags":[],"class_list":["post-117798","post","type-post","status-publish","format-standard","has-post-thumbnail","hentry","category-gundem"],"acf":[],"yoast_head":"<!-- This site is optimized with the Yoast SEO Premium plugin v26.6 (Yoast SEO v27.1.1) - https:\/\/yoast.com\/product\/yoast-seo-premium-wordpress\/ -->\n<title>Birle\u015fik Emekliler Sendikas\u0131\u2019ndan eylem \u00e7a\u011fr\u0131s\u0131... 21 Haziran\u2019da meydanlara \u00e7\u0131k\u0131yorlar - Av. Deniz Can K\u0131z\u0131l<\/title>\n<meta name=\"robots\" content=\"index, follow, max-snippet:-1, max-image-preview:large, max-video-preview:-1\" \/>\n<link rel=\"canonical\" href=\"https:\/\/denizcankizil.tr\/uk\/haberler\/gundem\/birlesik-emekliler-sendikasindan-eylem-cagrisi-21-haziranda-meydanlara-cikiyorlar\/\" \/>\n<meta property=\"og:locale\" content=\"uk_UA\" \/>\n<meta property=\"og:type\" content=\"article\" \/>\n<meta property=\"og:title\" content=\"Birle\u015fik Emekliler Sendikas\u0131\u2019ndan eylem \u00e7a\u011fr\u0131s\u0131... 21 Haziran\u2019da meydanlara \u00e7\u0131k\u0131yorlar\" \/>\n<meta property=\"og:description\" content=\"Birle\u015fik Emekliler Sendikas\u0131 (BES) Genel Ba\u015fkan\u0131 Mahmut \u015eeng\u00fcl, emeklilerin yoksulluk ve sefalet i\u00e7inde oldu\u011funu belirterek, 21 Haziran Cumartesi g\u00fcn\u00fc saat 14.30\u2019da t\u00fcm il ve il\u00e7elerde e\u015f zamanl\u0131 bas\u0131n a\u00e7\u0131klamas\u0131 yapacaklar\u0131n\u0131 duyurdu.Erdo\u011fan DEM\u0130R \/ ED\u0130RNE (\u0130GFA) &#8211; BES Genel Ba\u015fkan\u0131 Mahmut \u015eeng\u00fcl, emeklilerin ekonomik sorunlar\u0131na dikkat \u00e7eken bir a\u00e7\u0131klama yapt\u0131. Haziran ay\u0131 a\u00e7l\u0131k s\u0131n\u0131r\u0131n\u0131n 25 bin TL, yoksulluk s\u0131n\u0131r\u0131n\u0131n ise 85 bin TL oldu\u011funu vurgulayan \u015eeng\u00fcl, en d\u00fc\u015f\u00fck emekli maa\u015f\u0131n\u0131n 14 bin 469 TL, asgari \u00fccretin ise 22 bin 100 TL oldu\u011funu hat\u0131rlatt\u0131. \u015eeng\u00fcl, n\u00fcfusun y\u00fczde 85\u2019i yoksul, y\u00fczde 65\u2019inin ise a\u00e7 oldu\u011funu belirterek, Temmuz zamm\u0131yla emekli maa\u015f\u0131 16 bin 928 TL\u2019ye \u00e7\u0131ksa bile a\u00e7l\u0131k ve yoksulluk s\u0131n\u0131r\u0131n\u0131n alt\u0131nda kalaca\u011f\u0131n\u0131 s\u00f6yledi. \u201c\u0130KT\u0130DAR EMEKL\u0130N\u0130N SEFALET\u0130N\u0130 KONU\u015eMAK \u0130STEM\u0130YOR\u201d \u0130ktidar\u0131n emeklilerin ve asgari \u00fccretlilerin yoksullu\u011funu g\u00fcndemden d\u00fc\u015f\u00fcrmeye \u00e7al\u0131\u015ft\u0131\u011f\u0131n\u0131 savunan \u015eeng\u00fcl, \u201c\u0130ktidar, \u00fclkenin g\u00fcndemini de\u011fi\u015ftirerek emeklinin sefaletini unutturmak istiyor. Ama biz emeklilerin yoksullu\u011funu unutturmayaca\u011f\u0131z\u201d dedi. Emeklilerin sesini duyurmak i\u00e7in 21 Haziran Cumartesi g\u00fcn\u00fc saat 14.30\u2019da sendikan\u0131n \u00f6rg\u00fctl\u00fc oldu\u011fu t\u00fcm il ve il\u00e7elerde e\u015f zamanl\u0131 bas\u0131n a\u00e7\u0131klamas\u0131 yapacaklar\u0131n\u0131 a\u00e7\u0131klayan \u015eeng\u00fcl, \u201cD\u00fcn bu \u00fclkenin kurtulu\u015fu i\u00e7in cepheye ko\u015fan bizler, bug\u00fcn eme\u011fimizi ve ekme\u011fimizi \u00e7alanlara kar\u015f\u0131 bastonlar\u0131m\u0131zla meydanlara \u00e7\u0131kaca\u011f\u0131z. Bizler bu \u00fclkeyi var edenleriz\u201d dedi. \u015eeng\u00fcl, emeklilerin sadaka de\u011fil, emeklerinin kar\u015f\u0131l\u0131\u011f\u0131n\u0131 talep etti\u011fini vurgulayarak, t\u00fcm emeklileri 21 Haziran\u2019da &hellip;\" \/>\n<meta property=\"og:url\" content=\"https:\/\/denizcankizil.tr\/uk\/haberler\/gundem\/birlesik-emekliler-sendikasindan-eylem-cagrisi-21-haziranda-meydanlara-cikiyorlar\/\" \/>\n<meta property=\"og:site_name\" content=\"Av. Deniz Can K\u0131z\u0131l\" \/>\n<meta property=\"article:published_time\" content=\"2025-06-16T15:42:16+00:00\" \/>\n<meta name=\"author\" content=\"admin\" \/>\n<meta name=\"twitter:card\" content=\"summary_large_image\" \/>\n<meta name=\"twitter:label1\" content=\"\u041d\u0430\u043f\u0438\u0441\u0430\u043d\u043e\" \/>\n\t<meta name=\"twitter:data1\" content=\"admin\" \/>\n\t<meta name=\"twitter:label2\" content=\"\u041f\u0440\u0438\u0431\u043b. \u0447\u0430\u0441 \u0447\u0438\u0442\u0430\u043d\u043d\u044f\" \/>\n\t<meta name=\"twitter:data2\" content=\"3 \u0445\u0432\u0438\u043b\u0438\u043d\u0438\" \/>\n<script type=\"application\/ld+json\" class=\"yoast-schema-graph\">{\"@context\":\"https:\/\/schema.org\",\"@graph\":[{\"@type\":\"Article\",\"@id\":\"https:\/\/denizcankizil.tr\/de\/haberler\/gundem\/birlesik-emekliler-sendikasindan-eylem-cagrisi-21-haziranda-meydanlara-cikiyorlar\/#article\",\"isPartOf\":{\"@id\":\"https:\/\/denizcankizil.tr\/de\/haberler\/gundem\/birlesik-emekliler-sendikasindan-eylem-cagrisi-21-haziranda-meydanlara-cikiyorlar\/\"},\"author\":{\"name\":\"admin\",\"@id\":\"https:\/\/denizcankizil.tr\/de\/#\/schema\/person\/be3c05fe6a12686905512445d8185489\"},\"headline\":\"Birle\u015fik Emekliler Sendikas\u0131\u2019ndan eylem \u00e7a\u011fr\u0131s\u0131&#8230; 21 Haziran\u2019da meydanlara \u00e7\u0131k\u0131yorlar\",\"datePublished\":\"2025-06-16T15:42:16+00:00\",\"mainEntityOfPage\":{\"@id\":\"https:\/\/denizcankizil.tr\/de\/haberler\/gundem\/birlesik-emekliler-sendikasindan-eylem-cagrisi-21-haziranda-meydanlara-cikiyorlar\/\"},\"wordCount\":638,\"publisher\":{\"@id\":\"https:\/\/denizcankizil.tr\/de\/#organization\"},\"articleSection\":[\"G\u00fcndem\"],\"inLanguage\":\"uk\"},{\"@type\":\"WebPage\",\"@id\":\"https:\/\/denizcankizil.tr\/de\/haberler\/gundem\/birlesik-emekliler-sendikasindan-eylem-cagrisi-21-haziranda-meydanlara-cikiyorlar\/\",\"url\":\"https:\/\/denizcankizil.tr\/de\/haberler\/gundem\/birlesik-emekliler-sendikasindan-eylem-cagrisi-21-haziranda-meydanlara-cikiyorlar\/\",\"name\":\"Birle\u015fik Emekliler Sendikas\u0131\u2019ndan eylem \u00e7a\u011fr\u0131s\u0131... 21 Haziran\u2019da meydanlara \u00e7\u0131k\u0131yorlar - Av. Deniz Can K\u0131z\u0131l\",\"isPartOf\":{\"@id\":\"https:\/\/denizcankizil.tr\/de\/#website\"},\"datePublished\":\"2025-06-16T15:42:16+00:00\",\"breadcrumb\":{\"@id\":\"https:\/\/denizcankizil.tr\/de\/haberler\/gundem\/birlesik-emekliler-sendikasindan-eylem-cagrisi-21-haziranda-meydanlara-cikiyorlar\/#breadcrumb\"},\"inLanguage\":\"uk\",\"potentialAction\":[{\"@type\":\"ReadAction\",\"target\":[\"https:\/\/denizcankizil.tr\/de\/haberler\/gundem\/birlesik-emekliler-sendikasindan-eylem-cagrisi-21-haziranda-meydanlara-cikiyorlar\/\"]}]},{\"@type\":\"BreadcrumbList\",\"@id\":\"https:\/\/denizcankizil.tr\/de\/haberler\/gundem\/birlesik-emekliler-sendikasindan-eylem-cagrisi-21-haziranda-meydanlara-cikiyorlar\/#breadcrumb\",\"itemListElement\":[{\"@type\":\"ListItem\",\"position\":1,\"name\":\"Home\",\"item\":\"https:\/\/denizcankizil.tr\/de\/\"},{\"@type\":\"ListItem\",\"position\":2,\"name\":\"Birle\u015fik Emekliler Sendikas\u0131\u2019ndan eylem \u00e7a\u011fr\u0131s\u0131&#8230; 21 Haziran\u2019da meydanlara \u00e7\u0131k\u0131yorlar\"}]},{\"@type\":\"WebSite\",\"@id\":\"https:\/\/denizcankizil.tr\/de\/#website\",\"url\":\"https:\/\/denizcankizil.tr\/de\/\",\"name\":\"Av. Deniz Can K\u0131z\u0131l\",\"description\":\"Avukat Deniz Can K\u0131z\u0131l Antalya Barosu\",\"publisher\":{\"@id\":\"https:\/\/denizcankizil.tr\/de\/#organization\"},\"potentialAction\":[{\"@type\":\"SearchAction\",\"target\":{\"@type\":\"EntryPoint\",\"urlTemplate\":\"https:\/\/denizcankizil.tr\/de\/?s={search_term_string}\"},\"query-input\":{\"@type\":\"PropertyValueSpecification\",\"valueRequired\":true,\"valueName\":\"search_term_string\"}}],\"inLanguage\":\"uk\"},{\"@type\":\"Organization\",\"@id\":\"https:\/\/denizcankizil.tr\/de\/#organization\",\"name\":\"Av. Deniz Can K\u0131z\u0131l\",\"url\":\"https:\/\/denizcankizil.tr\/de\/\",\"logo\":{\"@type\":\"ImageObject\",\"inLanguage\":\"uk\",\"@id\":\"https:\/\/denizcankizil.tr\/de\/#\/schema\/logo\/image\/\",\"url\":\"http:\/\/denizcankizil.tr\/wp-content\/uploads\/2024\/10\/siyah-logo-svg.svg\",\"contentUrl\":\"http:\/\/denizcankizil.tr\/wp-content\/uploads\/2024\/10\/siyah-logo-svg.svg\",\"width\":1080,\"height\":1080,\"caption\":\"Av. Deniz Can K\u0131z\u0131l\"},\"image\":{\"@id\":\"https:\/\/denizcankizil.tr\/de\/#\/schema\/logo\/image\/\"}},{\"@type\":\"Person\",\"@id\":\"https:\/\/denizcankizil.tr\/de\/#\/schema\/person\/be3c05fe6a12686905512445d8185489\",\"name\":\"admin\",\"image\":{\"@type\":\"ImageObject\",\"inLanguage\":\"uk\",\"@id\":\"https:\/\/denizcankizil.tr\/de\/#\/schema\/person\/image\/\",\"url\":\"https:\/\/secure.gravatar.com\/avatar\/c1fce94c830dc79107e174f890d7210541c4a63e8e5d816341794a2151c9d58c?s=96&d=mm&r=g\",\"contentUrl\":\"https:\/\/secure.gravatar.com\/avatar\/c1fce94c830dc79107e174f890d7210541c4a63e8e5d816341794a2151c9d58c?s=96&d=mm&r=g\",\"caption\":\"admin\"},\"sameAs\":[\"http:\/\/denizcankizil.tr\"],\"url\":\"https:\/\/www.iskenderun.org\/birlesik-emekliler-sendikasindan-eylem-cagrisi-21-haziranda-meydanlara-cikiyorlar\"}]}<\/script>\n<!-- \/ Yoast SEO Premium plugin. -->","yoast_head_json":{"title":"Birle\u015fik Emekliler Sendikas\u0131\u2019ndan eylem \u00e7a\u011fr\u0131s\u0131... 21 Haziran\u2019da meydanlara \u00e7\u0131k\u0131yorlar - Av. Deniz Can K\u0131z\u0131l","robots":{"index":"index","follow":"follow","max-snippet":"max-snippet:-1","max-image-preview":"max-image-preview:large","max-video-preview":"max-video-preview:-1"},"canonical":"https:\/\/denizcankizil.tr\/uk\/haberler\/gundem\/birlesik-emekliler-sendikasindan-eylem-cagrisi-21-haziranda-meydanlara-cikiyorlar\/","og_locale":"uk_UA","og_type":"article","og_title":"Birle\u015fik Emekliler Sendikas\u0131\u2019ndan eylem \u00e7a\u011fr\u0131s\u0131... 21 Haziran\u2019da meydanlara \u00e7\u0131k\u0131yorlar","og_description":"Birle\u015fik Emekliler Sendikas\u0131 (BES) Genel Ba\u015fkan\u0131 Mahmut \u015eeng\u00fcl, emeklilerin yoksulluk ve sefalet i\u00e7inde oldu\u011funu belirterek, 21 Haziran Cumartesi g\u00fcn\u00fc saat 14.30\u2019da t\u00fcm il ve il\u00e7elerde e\u015f zamanl\u0131 bas\u0131n a\u00e7\u0131klamas\u0131 yapacaklar\u0131n\u0131 duyurdu.Erdo\u011fan DEM\u0130R \/ ED\u0130RNE (\u0130GFA) &#8211; BES Genel Ba\u015fkan\u0131 Mahmut \u015eeng\u00fcl, emeklilerin ekonomik sorunlar\u0131na dikkat \u00e7eken bir a\u00e7\u0131klama yapt\u0131. Haziran ay\u0131 a\u00e7l\u0131k s\u0131n\u0131r\u0131n\u0131n 25 bin TL, yoksulluk s\u0131n\u0131r\u0131n\u0131n ise 85 bin TL oldu\u011funu vurgulayan \u015eeng\u00fcl, en d\u00fc\u015f\u00fck emekli maa\u015f\u0131n\u0131n 14 bin 469 TL, asgari \u00fccretin ise 22 bin 100 TL oldu\u011funu hat\u0131rlatt\u0131. \u015eeng\u00fcl, n\u00fcfusun y\u00fczde 85\u2019i yoksul, y\u00fczde 65\u2019inin ise a\u00e7 oldu\u011funu belirterek, Temmuz zamm\u0131yla emekli maa\u015f\u0131 16 bin 928 TL\u2019ye \u00e7\u0131ksa bile a\u00e7l\u0131k ve yoksulluk s\u0131n\u0131r\u0131n\u0131n alt\u0131nda kalaca\u011f\u0131n\u0131 s\u00f6yledi. \u201c\u0130KT\u0130DAR EMEKL\u0130N\u0130N SEFALET\u0130N\u0130 KONU\u015eMAK \u0130STEM\u0130YOR\u201d \u0130ktidar\u0131n emeklilerin ve asgari \u00fccretlilerin yoksullu\u011funu g\u00fcndemden d\u00fc\u015f\u00fcrmeye \u00e7al\u0131\u015ft\u0131\u011f\u0131n\u0131 savunan \u015eeng\u00fcl, \u201c\u0130ktidar, \u00fclkenin g\u00fcndemini de\u011fi\u015ftirerek emeklinin sefaletini unutturmak istiyor. Ama biz emeklilerin yoksullu\u011funu unutturmayaca\u011f\u0131z\u201d dedi. Emeklilerin sesini duyurmak i\u00e7in 21 Haziran Cumartesi g\u00fcn\u00fc saat 14.30\u2019da sendikan\u0131n \u00f6rg\u00fctl\u00fc oldu\u011fu t\u00fcm il ve il\u00e7elerde e\u015f zamanl\u0131 bas\u0131n a\u00e7\u0131klamas\u0131 yapacaklar\u0131n\u0131 a\u00e7\u0131klayan \u015eeng\u00fcl, \u201cD\u00fcn bu \u00fclkenin kurtulu\u015fu i\u00e7in cepheye ko\u015fan bizler, bug\u00fcn eme\u011fimizi ve ekme\u011fimizi \u00e7alanlara kar\u015f\u0131 bastonlar\u0131m\u0131zla meydanlara \u00e7\u0131kaca\u011f\u0131z. Bizler bu \u00fclkeyi var edenleriz\u201d dedi. \u015eeng\u00fcl, emeklilerin sadaka de\u011fil, emeklerinin kar\u015f\u0131l\u0131\u011f\u0131n\u0131 talep etti\u011fini vurgulayarak, t\u00fcm emeklileri 21 Haziran\u2019da &hellip;","og_url":"https:\/\/denizcankizil.tr\/uk\/haberler\/gundem\/birlesik-emekliler-sendikasindan-eylem-cagrisi-21-haziranda-meydanlara-cikiyorlar\/","og_site_name":"Av. Deniz Can K\u0131z\u0131l","article_published_time":"2025-06-16T15:42:16+00:00","author":"admin","twitter_card":"summary_large_image","twitter_misc":{"\u041d\u0430\u043f\u0438\u0441\u0430\u043d\u043e":"admin","\u041f\u0440\u0438\u0431\u043b. \u0447\u0430\u0441 \u0447\u0438\u0442\u0430\u043d\u043d\u044f":"3 \u0445\u0432\u0438\u043b\u0438\u043d\u0438"},"schema":{"@context":"https:\/\/schema.org","@graph":[{"@type":"Article","@id":"https:\/\/denizcankizil.tr\/de\/haberler\/gundem\/birlesik-emekliler-sendikasindan-eylem-cagrisi-21-haziranda-meydanlara-cikiyorlar\/#article","isPartOf":{"@id":"https:\/\/denizcankizil.tr\/de\/haberler\/gundem\/birlesik-emekliler-sendikasindan-eylem-cagrisi-21-haziranda-meydanlara-cikiyorlar\/"},"author":{"name":"admin","@id":"https:\/\/denizcankizil.tr\/de\/#\/schema\/person\/be3c05fe6a12686905512445d8185489"},"headline":"Birle\u015fik Emekliler Sendikas\u0131\u2019ndan eylem \u00e7a\u011fr\u0131s\u0131&#8230; 21 Haziran\u2019da meydanlara \u00e7\u0131k\u0131yorlar","datePublished":"2025-06-16T15:42:16+00:00","mainEntityOfPage":{"@id":"https:\/\/denizcankizil.tr\/de\/haberler\/gundem\/birlesik-emekliler-sendikasindan-eylem-cagrisi-21-haziranda-meydanlara-cikiyorlar\/"},"wordCount":638,"publisher":{"@id":"https:\/\/denizcankizil.tr\/de\/#organization"},"articleSection":["G\u00fcndem"],"inLanguage":"uk"},{"@type":"WebPage","@id":"https:\/\/denizcankizil.tr\/de\/haberler\/gundem\/birlesik-emekliler-sendikasindan-eylem-cagrisi-21-haziranda-meydanlara-cikiyorlar\/","url":"https:\/\/denizcankizil.tr\/de\/haberler\/gundem\/birlesik-emekliler-sendikasindan-eylem-cagrisi-21-haziranda-meydanlara-cikiyorlar\/","name":"Birle\u015fik Emekliler Sendikas\u0131\u2019ndan eylem \u00e7a\u011fr\u0131s\u0131... 21 Haziran\u2019da meydanlara \u00e7\u0131k\u0131yorlar - Av. Deniz Can K\u0131z\u0131l","isPartOf":{"@id":"https:\/\/denizcankizil.tr\/de\/#website"},"datePublished":"2025-06-16T15:42:16+00:00","breadcrumb":{"@id":"https:\/\/denizcankizil.tr\/de\/haberler\/gundem\/birlesik-emekliler-sendikasindan-eylem-cagrisi-21-haziranda-meydanlara-cikiyorlar\/#breadcrumb"},"inLanguage":"uk","potentialAction":[{"@type":"ReadAction","target":["https:\/\/denizcankizil.tr\/de\/haberler\/gundem\/birlesik-emekliler-sendikasindan-eylem-cagrisi-21-haziranda-meydanlara-cikiyorlar\/"]}]},{"@type":"BreadcrumbList","@id":"https:\/\/denizcankizil.tr\/de\/haberler\/gundem\/birlesik-emekliler-sendikasindan-eylem-cagrisi-21-haziranda-meydanlara-cikiyorlar\/#breadcrumb","itemListElement":[{"@type":"ListItem","position":1,"name":"Home","item":"https:\/\/denizcankizil.tr\/de\/"},{"@type":"ListItem","position":2,"name":"Birle\u015fik Emekliler Sendikas\u0131\u2019ndan eylem \u00e7a\u011fr\u0131s\u0131&#8230; 21 Haziran\u2019da meydanlara \u00e7\u0131k\u0131yorlar"}]},{"@type":"WebSite","@id":"https:\/\/denizcankizil.tr\/de\/#website","url":"https:\/\/denizcankizil.tr\/de\/","name":"Av. Deniz Can K\u0131z\u0131l","description":"Avukat Deniz Can K\u0131z\u0131l Antalya Barosu","publisher":{"@id":"https:\/\/denizcankizil.tr\/de\/#organization"},"potentialAction":[{"@type":"SearchAction","target":{"@type":"EntryPoint","urlTemplate":"https:\/\/denizcankizil.tr\/de\/?s={search_term_string}"},"query-input":{"@type":"PropertyValueSpecification","valueRequired":true,"valueName":"search_term_string"}}],"inLanguage":"uk"},{"@type":"Organization","@id":"https:\/\/denizcankizil.tr\/de\/#organization","name":"Av. Deniz Can K\u0131z\u0131l","url":"https:\/\/denizcankizil.tr\/de\/","logo":{"@type":"ImageObject","inLanguage":"uk","@id":"https:\/\/denizcankizil.tr\/de\/#\/schema\/logo\/image\/","url":"http:\/\/denizcankizil.tr\/wp-content\/uploads\/2024\/10\/siyah-logo-svg.svg","contentUrl":"http:\/\/denizcankizil.tr\/wp-content\/uploads\/2024\/10\/siyah-logo-svg.svg","width":1080,"height":1080,"caption":"Av. Deniz Can K\u0131z\u0131l"},"image":{"@id":"https:\/\/denizcankizil.tr\/de\/#\/schema\/logo\/image\/"}},{"@type":"Person","@id":"https:\/\/denizcankizil.tr\/de\/#\/schema\/person\/be3c05fe6a12686905512445d8185489","name":"\u0430\u0434\u043c\u0456\u043d","image":{"@type":"ImageObject","inLanguage":"uk","@id":"https:\/\/denizcankizil.tr\/de\/#\/schema\/person\/image\/","url":"https:\/\/secure.gravatar.com\/avatar\/c1fce94c830dc79107e174f890d7210541c4a63e8e5d816341794a2151c9d58c?s=96&d=mm&r=g","contentUrl":"https:\/\/secure.gravatar.com\/avatar\/c1fce94c830dc79107e174f890d7210541c4a63e8e5d816341794a2151c9d58c?s=96&d=mm&r=g","caption":"admin"},"sameAs":["http:\/\/denizcankizil.tr"],"url":"https:\/\/www.iskenderun.org\/birlesik-emekliler-sendikasindan-eylem-cagrisi-21-haziranda-meydanlara-cikiyorlar"}]}},"_links":{"self":[{"href":"http:\/\/denizcankizil.tr\/uk\/wp-json\/wp\/v2\/posts\/117798","targetHints":{"allow":["GET"]}}],"collection":[{"href":"http:\/\/denizcankizil.tr\/uk\/wp-json\/wp\/v2\/posts"}],"about":[{"href":"http:\/\/denizcankizil.tr\/uk\/wp-json\/wp\/v2\/types\/post"}],"author":[{"embeddable":true,"href":"http:\/\/denizcankizil.tr\/uk\/wp-json\/wp\/v2\/users\/1"}],"replies":[{"embeddable":true,"href":"http:\/\/denizcankizil.tr\/uk\/wp-json\/wp\/v2\/comments?post=117798"}],"version-history":[{"count":0,"href":"http:\/\/denizcankizil.tr\/uk\/wp-json\/wp\/v2\/posts\/117798\/revisions"}],"wp:attachment":[{"href":"http:\/\/denizcankizil.tr\/uk\/wp-json\/wp\/v2\/media?parent=117798"}],"wp:term":[{"taxonomy":"category","embeddable":true,"href":"http:\/\/denizcankizil.tr\/uk\/wp-json\/wp\/v2\/categories?post=117798"},{"taxonomy":"post_tag","embeddable":true,"href":"http:\/\/denizcankizil.tr\/uk\/wp-json\/wp\/v2\/tags?post=117798"}],"curies":[{"name":"wp","href":"https:\/\/api.w.org\/{rel}","templated":true}]}}