{"id":114859,"date":"2025-06-13T09:29:00","date_gmt":"2025-06-13T06:29:00","guid":{"rendered":"https:\/\/denizcankizil.tr\/uncategorized-tr\/aymnin-2025-81-esas-2025-74-karar-sayili-karari\/"},"modified":"2025-06-13T09:29:00","modified_gmt":"2025-06-13T06:29:00","slug":"aymnin-2025-81-esas-2025-74-karar-sayili-karari","status":"publish","type":"post","link":"http:\/\/denizcankizil.tr\/uk\/hukukihaber\/aymnin-2025-81-esas-2025-74-karar-sayili-karari\/","title":{"rendered":"AYM&#8217;nin 2025\/81 esas &#8211; 2025\/74 karar say\u0131l\u0131 karar\u0131"},"content":{"rendered":"<p>ANAYASA MAHKEMES\u0130 KARARI<\/p>\n<p>Esas Say\u0131s\u0131 : 2025\/81<\/p>\n<p>Karar Say\u0131s\u0131 : 2025\/74<\/p>\n<p>Karar Tarihi : 27\/3\/2025<\/p>\n<p>R.G. Tarih \u2013 Say\u0131 : Tebli\u011f edildi.<\/p>\n<p>\u0130T\u0130RAZ YOLUNA BA\u015eVURAN: Eski\u015fehir 1. \u0130nfaz H\u00e2kimli\u011fi<\/p>\n<p>\u0130T\u0130RAZIN KONUSU: 13\/12\/2004 tarihli ve 5275 say\u0131l\u0131 Ceza ve G\u00fcvenlik Tedbirlerinin \u0130nfaz\u0131 Hakk\u0131nda Kanun\u2019un 49. maddesinin (2) numaral\u0131 f\u0131kras\u0131n\u0131n Anayasa\u2019n\u0131n 2. maddesine ayk\u0131r\u0131l\u0131\u011f\u0131 ileri s\u00fcr\u00fclerek iptaline karar verilmesi talebidir.<\/p>\n<p>OLAY: H\u00fck\u00fcml\u00fc hakk\u0131nda y\u00fcr\u00fct\u00fclen disiplin soru\u015fturmas\u0131 s\u0131ras\u0131nda uygulanan tedbir karar\u0131n\u0131n kald\u0131r\u0131lmas\u0131 talebiyle a\u00e7\u0131lan davada itiraz konusu kural\u0131n Anayasa\u2019ya ayk\u0131r\u0131 oldu\u011fu kan\u0131s\u0131na varan Mahkeme, iptali i\u00e7in ba\u015fvurmu\u015ftur.<\/p>\n<p>I. \u0130PTAL\u0130 \u0130STENEN KANUN H\u00dcKM\u00dc<\/p>\n<p>Kanun\u2019un itiraz konusu kural\u0131n da yer ald\u0131\u011f\u0131 49. maddesi \u015f\u00f6yledir:<\/p>\n<p>\u201cY\u00f6netim taraf\u0131ndan al\u0131nabilecek tedbirler<\/p>\n<p>Madde 49- (1) Y\u00f6netim, disiplin soru\u015fturmas\u0131 yap\u0131lan h\u00fck\u00fcml\u00fcn\u00fcn odas\u0131n\u0131, i\u015f ve \u00e7al\u0131\u015fma yerini de\u011fi\u015ftirebilir, h\u00fck\u00fcml\u00fcy\u00fc kurumun ba\u015fka kesimine nakledebilir veya di\u011fer h\u00fck\u00fcml\u00fclerden ay\u0131rabilir.<\/p>\n<p> (2) Kurumun d\u00fczeninin ve ki\u015filerin g\u00fcvenliklerinin cidd\u00ee tehlikeyle kar\u015f\u0131 kar\u015f\u0131ya kalmas\u0131 h\u00e2linde, asayi\u015f ve d\u00fczeni sa\u011flamak i\u00e7in Kanunda a\u00e7\u0131k\u00e7a belirtilmeyen di\u011fer tedbirler de al\u0131n\u0131r. Tedbirlerin uygulanmas\u0131, disiplin cezas\u0131n\u0131n verilmesine engel olmaz.\u201d<\/p>\n<p>II. \u0130LK \u0130NCELEME<\/p>\n<p>1. Anayasa Mahkemesi \u0130\u00e7t\u00fcz\u00fc\u011f\u00fc h\u00fck\u00fcmleri uyar\u0131nca yap\u0131lan ilk inceleme toplant\u0131s\u0131nda ba\u015fvuru karar\u0131 ve ekleri, Raport\u00f6r Ahmet Hakan SOYT\u00dcRK taraf\u0131ndan haz\u0131rlanan ilk inceleme raporu ve itiraz konusu kanun h\u00fckm\u00fc okunup incelendikten sonra gere\u011fi g\u00f6r\u00fc\u015f\u00fcl\u00fcp d\u00fc\u015f\u00fcn\u00fcld\u00fc:<\/p>\n<p>2. Anayasa\u2019n\u0131n \u201cAnayasaya ayk\u0131r\u0131l\u0131\u011f\u0131n di\u011fer mahkemelerde ileri s\u00fcr\u00fclmesi\u201d ba\u015fl\u0131kl\u0131 152. maddesinin d\u00f6rd\u00fcnc\u00fc f\u0131kras\u0131nda \u201cAnayasa Mahkemesinin i\u015fin esas\u0131na girerek verdi\u011fi red karar\u0131n\u0131n Resm\u00ee Gazetede yay\u0131mlanmas\u0131ndan sonra on y\u0131l ge\u00e7medik\u00e7e ayn\u0131 kanun h\u00fckm\u00fcn\u00fcn Anayasaya ayk\u0131r\u0131l\u0131\u011f\u0131 iddias\u0131yla tekrar ba\u015fvuruda bulunulamaz.\u201d denilmi\u015ftir.<\/p>\n<p>3. 30\/3\/2011 tarihli ve 6216 say\u0131l\u0131 Anayasa Mahkemesinin Kurulu\u015fu ve Yarg\u0131lama Usulleri Hakk\u0131nda Kanun\u2019un \u201cBa\u015fvuruya engel durumlar\u201d ba\u015fl\u0131\u011f\u0131n\u0131 ta\u015f\u0131yan 41. maddesinin (1) numaral\u0131 f\u0131kras\u0131nda da \u201cMahkemenin i\u015fin esas\u0131na girerek verdi\u011fi ret karar\u0131n\u0131n Resm\u00ee Gazetede yay\u0131mlanmas\u0131ndan itibaren on y\u0131l ge\u00e7medik\u00e7e ayn\u0131 kanun h\u00fckm\u00fcn\u00fcn Anayasaya ayk\u0131r\u0131l\u0131\u011f\u0131 iddias\u0131yla itiraz ba\u015fvurusu yap\u0131lamaz.\u201d h\u00fckm\u00fcne yer verilmi\u015ftir.<\/p>\n<p>4. Anayasa Mahkemesinin 2\/5\/2018 tarihli ve E.2017\/159, K.2018\/41 say\u0131l\u0131 karar\u0131nda itiraz konusu kural\u0131n esastan incelenmek suretiyle Anayasa\u2019ya ayk\u0131r\u0131 olmad\u0131\u011f\u0131 sonucuna ula\u015f\u0131larak ret karar\u0131 verilmi\u015ftir. An\u0131lan karar 31\/5\/2018 tarihli ve 30437 say\u0131l\u0131 Resm\u00ee Gazete\u2019de yay\u0131mlanm\u0131\u015ft\u0131r. Anayasa Mahkemesince itiraz ba\u015fvurusu \u00fczerine i\u015fin esas\u0131na girilerek reddedilen kural hakk\u0131nda yeni bir ba\u015fvurunun yap\u0131labilmesi i\u00e7in \u00f6nceki karar\u0131n Resm\u00ee Gazete\u2019de yay\u0131mland\u0131\u011f\u0131 31\/5\/2018 tarihinden ba\u015flayarak ge\u00e7mesi gereken on y\u0131ll\u0131k s\u00fcre hen\u00fcz dolmam\u0131\u015ft\u0131r.<\/p>\n<p>5. A\u00e7\u0131klanan nedenle ba\u015fvurunun Anayasa\u2019n\u0131n 152. maddesinin d\u00f6rd\u00fcnc\u00fc f\u0131kras\u0131 ve 6216 say\u0131l\u0131 Kanun\u2019un 41. maddesinin (1) numaral\u0131 f\u0131kras\u0131 gere\u011fince reddi gerekir.<\/p>\n<p>III. H\u00dcK\u00dcM<\/p>\n<p>13\/12\/2004 tarihli ve 5275 say\u0131l\u0131 Ceza ve G\u00fcvenlik Tedbirlerinin \u0130nfaz\u0131 Hakk\u0131nda Kanun\u2019un 49. maddesinin (2) numaral\u0131 f\u0131kras\u0131na y\u00f6nelik itiraz ba\u015fvurusunun Anayasa\u2019n\u0131n 152. maddesinin d\u00f6rd\u00fcnc\u00fc f\u0131kras\u0131 ile 30\/3\/2011 tarihli ve 6216 say\u0131l\u0131 Anayasa Mahkemesinin Kurulu\u015fu ve Yarg\u0131lama Usulleri Hakk\u0131nda Kanun\u2019un 41. maddesinin (1) numaral\u0131 f\u0131kras\u0131 gere\u011fince REDD\u0130NE 27\/3\/2025 tarihinde OYB\u0130RL\u0130\u011e\u0130YLE karar verildi.<\/p>\n<p>   Ba\u015fkan<\/p>\n<p>   Kadir \u00d6ZKAYA<\/p>\n<p>   Ba\u015fkanvekili<\/p>\n<p>   Hasan Tahsin G\u00d6KCAN<\/p>\n<p>   Ba\u015fkanvekili<\/p>\n<p>   Basri BA\u011eCI<\/p>\n<p>   \u00dcye<\/p>\n<p>   Engin YILDIRIM<\/p>\n<p>   \u00dcye<\/p>\n<p>   R\u0131dvan G\u00dcLE\u00c7<\/p>\n<p>   \u00dcye<\/p>\n<p>   Recai AKYEL<\/p>\n<p>   \u00dcye<\/p>\n<p>   Yusuf \u015eevki HAKYEMEZ<\/p>\n<p>   \u00dcye<\/p>\n<p>   Y\u0131ld\u0131z SEFER\u0130NO\u011eLU<\/p>\n<p>   \u00dcye<\/p>\n<p>   Selahaddin MENTE\u015e<\/p>\n<p>   \u00dcye<\/p>\n<p>   \u0130rfan F\u0130DAN<\/p>\n<p>   \u00dcye<\/p>\n<p>   Kenan YA\u015eAR<\/p>\n<p>   \u00dcye<\/p>\n<p>   Muhterem \u0130NCE<\/p>\n<p>   \u00dcye<\/p>\n<p>   Y\u0131lmaz AK\u00c7\u0130L<\/p>\n<p>   \u00dcye<\/p>\n<p>   \u00d6mer \u00c7INAR<\/p>\n<p>   \u00dcye<\/p>\n<p>   Metin KIRATLI<\/p>\n<p>\u200bAnayasa Mahkemesi&#8217;nin 27\/3\/2025 tarihli, 2025\/81 esas &#8211; 2025\/74 karar say\u0131l\u0131 karar\u0131\u00a0Hukuki Haber<\/p>\n<p>Haberin Al\u0131nt\u0131land\u0131\u011f\u0131 Kaynak: www.hukukihaber.net<\/p>","protected":false},"excerpt":{"rendered":"<p>ANAYASA MAHKEMES\u0130 KARARI Esas Say\u0131s\u0131 : 2025\/81 Karar Say\u0131s\u0131 : 2025\/74 Karar Tarihi : 27\/3\/2025 R.G. Tarih \u2013 Say\u0131 : Tebli\u011f edildi. \u0130T\u0130RAZ YOLUNA BA\u015eVURAN: Eski\u015fehir 1. \u0130nfaz H\u00e2kimli\u011fi \u0130T\u0130RAZIN KONUSU: 13\/12\/2004 tarihli ve 5275 say\u0131l\u0131 Ceza ve G\u00fcvenlik Tedbirlerinin \u0130nfaz\u0131 Hakk\u0131nda Kanun\u2019un 49. maddesinin (2) numaral\u0131 f\u0131kras\u0131n\u0131n Anayasa\u2019n\u0131n 2. maddesine ayk\u0131r\u0131l\u0131\u011f\u0131 ileri s\u00fcr\u00fclerek iptaline karar verilmesi talebidir. OLAY: H\u00fck\u00fcml\u00fc hakk\u0131nda y\u00fcr\u00fct\u00fclen disiplin soru\u015fturmas\u0131 s\u0131ras\u0131nda uygulanan tedbir karar\u0131n\u0131n kald\u0131r\u0131lmas\u0131 talebiyle a\u00e7\u0131lan davada itiraz konusu kural\u0131n Anayasa\u2019ya ayk\u0131r\u0131 oldu\u011fu kan\u0131s\u0131na varan Mahkeme, iptali i\u00e7in ba\u015fvurmu\u015ftur. I. \u0130PTAL\u0130 \u0130STENEN KANUN H\u00dcKM\u00dc Kanun\u2019un itiraz konusu kural\u0131n da yer ald\u0131\u011f\u0131 49. maddesi \u015f\u00f6yledir: \u201cY\u00f6netim taraf\u0131ndan al\u0131nabilecek tedbirler Madde 49- (1) Y\u00f6netim, disiplin soru\u015fturmas\u0131 yap\u0131lan h\u00fck\u00fcml\u00fcn\u00fcn odas\u0131n\u0131, i\u015f ve \u00e7al\u0131\u015fma yerini de\u011fi\u015ftirebilir, h\u00fck\u00fcml\u00fcy\u00fc kurumun ba\u015fka kesimine nakledebilir veya di\u011fer h\u00fck\u00fcml\u00fclerden ay\u0131rabilir. (2) Kurumun d\u00fczeninin ve ki\u015filerin g\u00fcvenliklerinin cidd\u00ee tehlikeyle kar\u015f\u0131 kar\u015f\u0131ya kalmas\u0131 h\u00e2linde, asayi\u015f ve d\u00fczeni sa\u011flamak i\u00e7in Kanunda a\u00e7\u0131k\u00e7a belirtilmeyen di\u011fer tedbirler de al\u0131n\u0131r. Tedbirlerin uygulanmas\u0131, disiplin cezas\u0131n\u0131n verilmesine engel olmaz.\u201d II. \u0130LK \u0130NCELEME 1. Anayasa Mahkemesi \u0130\u00e7t\u00fcz\u00fc\u011f\u00fc h\u00fck\u00fcmleri uyar\u0131nca yap\u0131lan ilk inceleme toplant\u0131s\u0131nda ba\u015fvuru karar\u0131 ve ekleri, Raport\u00f6r Ahmet Hakan SOYT\u00dcRK taraf\u0131ndan haz\u0131rlanan ilk inceleme raporu ve itiraz konusu kanun h\u00fckm\u00fc okunup incelendikten sonra gere\u011fi g\u00f6r\u00fc\u015f\u00fcl\u00fcp d\u00fc\u015f\u00fcn\u00fcld\u00fc: 2. Anayasa\u2019n\u0131n \u201cAnayasaya ayk\u0131r\u0131l\u0131\u011f\u0131n di\u011fer mahkemelerde &hellip;<\/p>","protected":false},"author":3,"featured_media":0,"comment_status":"","ping_status":"open","sticky":false,"template":"","format":"standard","meta":{"_acf_changed":false,"footnotes":""},"categories":[27],"tags":[],"class_list":["post-114859","post","type-post","status-publish","format-standard","has-post-thumbnail","hentry","category-hukukihaber"],"acf":[],"yoast_head":"<!-- This site is optimized with the Yoast SEO Premium plugin v26.6 (Yoast SEO v27.1.1) - https:\/\/yoast.com\/product\/yoast-seo-premium-wordpress\/ -->\n<title>AYM&#039;nin 2025\/81 esas - 2025\/74 karar say\u0131l\u0131 karar\u0131 - Av. Deniz Can K\u0131z\u0131l<\/title>\n<meta name=\"robots\" content=\"index, follow, max-snippet:-1, max-image-preview:large, max-video-preview:-1\" \/>\n<link rel=\"canonical\" href=\"http:\/\/denizcankizil.tr\/uk\/hukukihaber\/aymnin-2025-81-esas-2025-74-karar-sayili-karari\/\" \/>\n<meta property=\"og:locale\" content=\"uk_UA\" \/>\n<meta property=\"og:type\" content=\"article\" \/>\n<meta property=\"og:title\" content=\"AYM&#039;nin 2025\/81 esas - 2025\/74 karar say\u0131l\u0131 karar\u0131\" \/>\n<meta property=\"og:description\" content=\"ANAYASA MAHKEMES\u0130 KARARI Esas Say\u0131s\u0131 : 2025\/81 Karar Say\u0131s\u0131 : 2025\/74 Karar Tarihi : 27\/3\/2025 R.G. Tarih \u2013 Say\u0131 : Tebli\u011f edildi. \u0130T\u0130RAZ YOLUNA BA\u015eVURAN: Eski\u015fehir 1. \u0130nfaz H\u00e2kimli\u011fi \u0130T\u0130RAZIN KONUSU: 13\/12\/2004 tarihli ve 5275 say\u0131l\u0131 Ceza ve G\u00fcvenlik Tedbirlerinin \u0130nfaz\u0131 Hakk\u0131nda Kanun\u2019un 49. maddesinin (2) numaral\u0131 f\u0131kras\u0131n\u0131n Anayasa\u2019n\u0131n 2. maddesine ayk\u0131r\u0131l\u0131\u011f\u0131 ileri s\u00fcr\u00fclerek iptaline karar verilmesi talebidir. OLAY: H\u00fck\u00fcml\u00fc hakk\u0131nda y\u00fcr\u00fct\u00fclen disiplin soru\u015fturmas\u0131 s\u0131ras\u0131nda uygulanan tedbir karar\u0131n\u0131n kald\u0131r\u0131lmas\u0131 talebiyle a\u00e7\u0131lan davada itiraz konusu kural\u0131n Anayasa\u2019ya ayk\u0131r\u0131 oldu\u011fu kan\u0131s\u0131na varan Mahkeme, iptali i\u00e7in ba\u015fvurmu\u015ftur. I. \u0130PTAL\u0130 \u0130STENEN KANUN H\u00dcKM\u00dc Kanun\u2019un itiraz konusu kural\u0131n da yer ald\u0131\u011f\u0131 49. maddesi \u015f\u00f6yledir: \u201cY\u00f6netim taraf\u0131ndan al\u0131nabilecek tedbirler Madde 49- (1) Y\u00f6netim, disiplin soru\u015fturmas\u0131 yap\u0131lan h\u00fck\u00fcml\u00fcn\u00fcn odas\u0131n\u0131, i\u015f ve \u00e7al\u0131\u015fma yerini de\u011fi\u015ftirebilir, h\u00fck\u00fcml\u00fcy\u00fc kurumun ba\u015fka kesimine nakledebilir veya di\u011fer h\u00fck\u00fcml\u00fclerden ay\u0131rabilir. (2) Kurumun d\u00fczeninin ve ki\u015filerin g\u00fcvenliklerinin cidd\u00ee tehlikeyle kar\u015f\u0131 kar\u015f\u0131ya kalmas\u0131 h\u00e2linde, asayi\u015f ve d\u00fczeni sa\u011flamak i\u00e7in Kanunda a\u00e7\u0131k\u00e7a belirtilmeyen di\u011fer tedbirler de al\u0131n\u0131r. Tedbirlerin uygulanmas\u0131, disiplin cezas\u0131n\u0131n verilmesine engel olmaz.\u201d II. \u0130LK \u0130NCELEME 1. Anayasa Mahkemesi \u0130\u00e7t\u00fcz\u00fc\u011f\u00fc h\u00fck\u00fcmleri uyar\u0131nca yap\u0131lan ilk inceleme toplant\u0131s\u0131nda ba\u015fvuru karar\u0131 ve ekleri, Raport\u00f6r Ahmet Hakan SOYT\u00dcRK taraf\u0131ndan haz\u0131rlanan ilk inceleme raporu ve itiraz konusu kanun h\u00fckm\u00fc okunup incelendikten sonra gere\u011fi g\u00f6r\u00fc\u015f\u00fcl\u00fcp d\u00fc\u015f\u00fcn\u00fcld\u00fc: 2. Anayasa\u2019n\u0131n \u201cAnayasaya ayk\u0131r\u0131l\u0131\u011f\u0131n di\u011fer mahkemelerde &hellip;\" \/>\n<meta property=\"og:url\" content=\"http:\/\/denizcankizil.tr\/uk\/hukukihaber\/aymnin-2025-81-esas-2025-74-karar-sayili-karari\/\" \/>\n<meta property=\"og:site_name\" content=\"Av. Deniz Can K\u0131z\u0131l\" \/>\n<meta property=\"article:published_time\" content=\"2025-06-13T06:29:00+00:00\" \/>\n<meta name=\"author\" content=\"Hukuki Haber.net\" \/>\n<meta name=\"twitter:card\" content=\"summary_large_image\" \/>\n<meta name=\"twitter:label1\" content=\"\u041d\u0430\u043f\u0438\u0441\u0430\u043d\u043e\" \/>\n\t<meta name=\"twitter:data1\" content=\"Hukuki Haber.net\" \/>\n\t<meta name=\"twitter:label2\" content=\"\u041f\u0440\u0438\u0431\u043b. \u0447\u0430\u0441 \u0447\u0438\u0442\u0430\u043d\u043d\u044f\" \/>\n\t<meta name=\"twitter:data2\" content=\"3 \u0445\u0432\u0438\u043b\u0438\u043d\u0438\" \/>\n<script type=\"application\/ld+json\" class=\"yoast-schema-graph\">{\"@context\":\"https:\/\/schema.org\",\"@graph\":[{\"@type\":\"Article\",\"@id\":\"http:\/\/denizcankizil.tr\/uk\/hukukihaber\/aymnin-2025-81-esas-2025-74-karar-sayili-karari\/#article\",\"isPartOf\":{\"@id\":\"http:\/\/denizcankizil.tr\/uk\/hukukihaber\/aymnin-2025-81-esas-2025-74-karar-sayili-karari\/\"},\"author\":{\"name\":\"Hukuki Haber.net\",\"@id\":\"https:\/\/denizcankizil.tr\/#\/schema\/person\/001a271de994a0aa3f90eea084424822\"},\"headline\":\"AYM&#8217;nin 2025\/81 esas &#8211; 2025\/74 karar say\u0131l\u0131 karar\u0131\",\"datePublished\":\"2025-06-13T06:29:00+00:00\",\"mainEntityOfPage\":{\"@id\":\"http:\/\/denizcankizil.tr\/uk\/hukukihaber\/aymnin-2025-81-esas-2025-74-karar-sayili-karari\/\"},\"wordCount\":703,\"publisher\":{\"@id\":\"https:\/\/denizcankizil.tr\/#organization\"},\"articleSection\":[\"Hukuki Haberler\"],\"inLanguage\":\"uk\"},{\"@type\":\"WebPage\",\"@id\":\"http:\/\/denizcankizil.tr\/uk\/hukukihaber\/aymnin-2025-81-esas-2025-74-karar-sayili-karari\/\",\"url\":\"http:\/\/denizcankizil.tr\/uk\/hukukihaber\/aymnin-2025-81-esas-2025-74-karar-sayili-karari\/\",\"name\":\"AYM'nin 2025\/81 esas - 2025\/74 karar say\u0131l\u0131 karar\u0131 - Av. Deniz Can K\u0131z\u0131l\",\"isPartOf\":{\"@id\":\"https:\/\/denizcankizil.tr\/#website\"},\"datePublished\":\"2025-06-13T06:29:00+00:00\",\"breadcrumb\":{\"@id\":\"http:\/\/denizcankizil.tr\/uk\/hukukihaber\/aymnin-2025-81-esas-2025-74-karar-sayili-karari\/#breadcrumb\"},\"inLanguage\":\"uk\",\"potentialAction\":[{\"@type\":\"ReadAction\",\"target\":[\"http:\/\/denizcankizil.tr\/uk\/hukukihaber\/aymnin-2025-81-esas-2025-74-karar-sayili-karari\/\"]}]},{\"@type\":\"BreadcrumbList\",\"@id\":\"http:\/\/denizcankizil.tr\/uk\/hukukihaber\/aymnin-2025-81-esas-2025-74-karar-sayili-karari\/#breadcrumb\",\"itemListElement\":[{\"@type\":\"ListItem\",\"position\":1,\"name\":\"Home\",\"item\":\"https:\/\/denizcankizil.tr\/uk\/\"},{\"@type\":\"ListItem\",\"position\":2,\"name\":\"AYM&#8217;nin 2025\/81 esas &#8211; 2025\/74 karar say\u0131l\u0131 karar\u0131\"}]},{\"@type\":\"WebSite\",\"@id\":\"https:\/\/denizcankizil.tr\/#website\",\"url\":\"https:\/\/denizcankizil.tr\/\",\"name\":\"Av. Deniz Can K\u0131z\u0131l\",\"description\":\"Avukat Deniz Can K\u0131z\u0131l Antalya Barosu\",\"publisher\":{\"@id\":\"https:\/\/denizcankizil.tr\/#organization\"},\"potentialAction\":[{\"@type\":\"SearchAction\",\"target\":{\"@type\":\"EntryPoint\",\"urlTemplate\":\"https:\/\/denizcankizil.tr\/?s={search_term_string}\"},\"query-input\":{\"@type\":\"PropertyValueSpecification\",\"valueRequired\":true,\"valueName\":\"search_term_string\"}}],\"inLanguage\":\"uk\"},{\"@type\":\"Organization\",\"@id\":\"https:\/\/denizcankizil.tr\/#organization\",\"name\":\"Av. Deniz Can K\u0131z\u0131l\",\"url\":\"https:\/\/denizcankizil.tr\/\",\"logo\":{\"@type\":\"ImageObject\",\"inLanguage\":\"uk\",\"@id\":\"https:\/\/denizcankizil.tr\/#\/schema\/logo\/image\/\",\"url\":\"http:\/\/denizcankizil.tr\/wp-content\/uploads\/2024\/10\/siyah-logo-svg.svg\",\"contentUrl\":\"http:\/\/denizcankizil.tr\/wp-content\/uploads\/2024\/10\/siyah-logo-svg.svg\",\"width\":1080,\"height\":1080,\"caption\":\"Av. Deniz Can K\u0131z\u0131l\"},\"image\":{\"@id\":\"https:\/\/denizcankizil.tr\/#\/schema\/logo\/image\/\"}},{\"@type\":\"Person\",\"@id\":\"https:\/\/denizcankizil.tr\/#\/schema\/person\/001a271de994a0aa3f90eea084424822\",\"name\":\"Hukuki Haber.net\",\"image\":{\"@type\":\"ImageObject\",\"inLanguage\":\"uk\",\"@id\":\"https:\/\/denizcankizil.tr\/#\/schema\/person\/image\/\",\"url\":\"https:\/\/secure.gravatar.com\/avatar\/57d8a49151495586611a149d29fc42865b951dc053a84709a3172ccb5abf3118?s=96&d=mm&r=g\",\"contentUrl\":\"https:\/\/secure.gravatar.com\/avatar\/57d8a49151495586611a149d29fc42865b951dc053a84709a3172ccb5abf3118?s=96&d=mm&r=g\",\"caption\":\"Hukuki Haber.net\"},\"sameAs\":[\"http:\/\/www.hukukihaber.net\"],\"url\":\"http:\/\/denizcankizil.tr\/uk\/author\/hukukihabernet\/\"}]}<\/script>\n<!-- \/ Yoast SEO Premium plugin. -->","yoast_head_json":{"title":"AYM'nin 2025\/81 esas - 2025\/74 karar say\u0131l\u0131 karar\u0131 - Av. Deniz Can K\u0131z\u0131l","robots":{"index":"index","follow":"follow","max-snippet":"max-snippet:-1","max-image-preview":"max-image-preview:large","max-video-preview":"max-video-preview:-1"},"canonical":"http:\/\/denizcankizil.tr\/uk\/hukukihaber\/aymnin-2025-81-esas-2025-74-karar-sayili-karari\/","og_locale":"uk_UA","og_type":"article","og_title":"AYM'nin 2025\/81 esas - 2025\/74 karar say\u0131l\u0131 karar\u0131","og_description":"ANAYASA MAHKEMES\u0130 KARARI Esas Say\u0131s\u0131 : 2025\/81 Karar Say\u0131s\u0131 : 2025\/74 Karar Tarihi : 27\/3\/2025 R.G. Tarih \u2013 Say\u0131 : Tebli\u011f edildi. \u0130T\u0130RAZ YOLUNA BA\u015eVURAN: Eski\u015fehir 1. \u0130nfaz H\u00e2kimli\u011fi \u0130T\u0130RAZIN KONUSU: 13\/12\/2004 tarihli ve 5275 say\u0131l\u0131 Ceza ve G\u00fcvenlik Tedbirlerinin \u0130nfaz\u0131 Hakk\u0131nda Kanun\u2019un 49. maddesinin (2) numaral\u0131 f\u0131kras\u0131n\u0131n Anayasa\u2019n\u0131n 2. maddesine ayk\u0131r\u0131l\u0131\u011f\u0131 ileri s\u00fcr\u00fclerek iptaline karar verilmesi talebidir. OLAY: H\u00fck\u00fcml\u00fc hakk\u0131nda y\u00fcr\u00fct\u00fclen disiplin soru\u015fturmas\u0131 s\u0131ras\u0131nda uygulanan tedbir karar\u0131n\u0131n kald\u0131r\u0131lmas\u0131 talebiyle a\u00e7\u0131lan davada itiraz konusu kural\u0131n Anayasa\u2019ya ayk\u0131r\u0131 oldu\u011fu kan\u0131s\u0131na varan Mahkeme, iptali i\u00e7in ba\u015fvurmu\u015ftur. I. \u0130PTAL\u0130 \u0130STENEN KANUN H\u00dcKM\u00dc Kanun\u2019un itiraz konusu kural\u0131n da yer ald\u0131\u011f\u0131 49. maddesi \u015f\u00f6yledir: \u201cY\u00f6netim taraf\u0131ndan al\u0131nabilecek tedbirler Madde 49- (1) Y\u00f6netim, disiplin soru\u015fturmas\u0131 yap\u0131lan h\u00fck\u00fcml\u00fcn\u00fcn odas\u0131n\u0131, i\u015f ve \u00e7al\u0131\u015fma yerini de\u011fi\u015ftirebilir, h\u00fck\u00fcml\u00fcy\u00fc kurumun ba\u015fka kesimine nakledebilir veya di\u011fer h\u00fck\u00fcml\u00fclerden ay\u0131rabilir. (2) Kurumun d\u00fczeninin ve ki\u015filerin g\u00fcvenliklerinin cidd\u00ee tehlikeyle kar\u015f\u0131 kar\u015f\u0131ya kalmas\u0131 h\u00e2linde, asayi\u015f ve d\u00fczeni sa\u011flamak i\u00e7in Kanunda a\u00e7\u0131k\u00e7a belirtilmeyen di\u011fer tedbirler de al\u0131n\u0131r. Tedbirlerin uygulanmas\u0131, disiplin cezas\u0131n\u0131n verilmesine engel olmaz.\u201d II. \u0130LK \u0130NCELEME 1. Anayasa Mahkemesi \u0130\u00e7t\u00fcz\u00fc\u011f\u00fc h\u00fck\u00fcmleri uyar\u0131nca yap\u0131lan ilk inceleme toplant\u0131s\u0131nda ba\u015fvuru karar\u0131 ve ekleri, Raport\u00f6r Ahmet Hakan SOYT\u00dcRK taraf\u0131ndan haz\u0131rlanan ilk inceleme raporu ve itiraz konusu kanun h\u00fckm\u00fc okunup incelendikten sonra gere\u011fi g\u00f6r\u00fc\u015f\u00fcl\u00fcp d\u00fc\u015f\u00fcn\u00fcld\u00fc: 2. Anayasa\u2019n\u0131n \u201cAnayasaya ayk\u0131r\u0131l\u0131\u011f\u0131n di\u011fer mahkemelerde &hellip;","og_url":"http:\/\/denizcankizil.tr\/uk\/hukukihaber\/aymnin-2025-81-esas-2025-74-karar-sayili-karari\/","og_site_name":"Av. Deniz Can K\u0131z\u0131l","article_published_time":"2025-06-13T06:29:00+00:00","author":"Hukuki Haber.net","twitter_card":"summary_large_image","twitter_misc":{"\u041d\u0430\u043f\u0438\u0441\u0430\u043d\u043e":"Hukuki Haber.net","\u041f\u0440\u0438\u0431\u043b. \u0447\u0430\u0441 \u0447\u0438\u0442\u0430\u043d\u043d\u044f":"3 \u0445\u0432\u0438\u043b\u0438\u043d\u0438"},"schema":{"@context":"https:\/\/schema.org","@graph":[{"@type":"Article","@id":"http:\/\/denizcankizil.tr\/uk\/hukukihaber\/aymnin-2025-81-esas-2025-74-karar-sayili-karari\/#article","isPartOf":{"@id":"http:\/\/denizcankizil.tr\/uk\/hukukihaber\/aymnin-2025-81-esas-2025-74-karar-sayili-karari\/"},"author":{"name":"Hukuki Haber.net","@id":"https:\/\/denizcankizil.tr\/#\/schema\/person\/001a271de994a0aa3f90eea084424822"},"headline":"AYM&#8217;nin 2025\/81 esas &#8211; 2025\/74 karar say\u0131l\u0131 karar\u0131","datePublished":"2025-06-13T06:29:00+00:00","mainEntityOfPage":{"@id":"http:\/\/denizcankizil.tr\/uk\/hukukihaber\/aymnin-2025-81-esas-2025-74-karar-sayili-karari\/"},"wordCount":703,"publisher":{"@id":"https:\/\/denizcankizil.tr\/#organization"},"articleSection":["Hukuki Haberler"],"inLanguage":"uk"},{"@type":"WebPage","@id":"http:\/\/denizcankizil.tr\/uk\/hukukihaber\/aymnin-2025-81-esas-2025-74-karar-sayili-karari\/","url":"http:\/\/denizcankizil.tr\/uk\/hukukihaber\/aymnin-2025-81-esas-2025-74-karar-sayili-karari\/","name":"AYM'nin 2025\/81 esas - 2025\/74 karar say\u0131l\u0131 karar\u0131 - Av. Deniz Can K\u0131z\u0131l","isPartOf":{"@id":"https:\/\/denizcankizil.tr\/#website"},"datePublished":"2025-06-13T06:29:00+00:00","breadcrumb":{"@id":"http:\/\/denizcankizil.tr\/uk\/hukukihaber\/aymnin-2025-81-esas-2025-74-karar-sayili-karari\/#breadcrumb"},"inLanguage":"uk","potentialAction":[{"@type":"ReadAction","target":["http:\/\/denizcankizil.tr\/uk\/hukukihaber\/aymnin-2025-81-esas-2025-74-karar-sayili-karari\/"]}]},{"@type":"BreadcrumbList","@id":"http:\/\/denizcankizil.tr\/uk\/hukukihaber\/aymnin-2025-81-esas-2025-74-karar-sayili-karari\/#breadcrumb","itemListElement":[{"@type":"ListItem","position":1,"name":"Home","item":"https:\/\/denizcankizil.tr\/uk\/"},{"@type":"ListItem","position":2,"name":"AYM&#8217;nin 2025\/81 esas &#8211; 2025\/74 karar say\u0131l\u0131 karar\u0131"}]},{"@type":"WebSite","@id":"https:\/\/denizcankizil.tr\/#website","url":"https:\/\/denizcankizil.tr\/","name":"Av. Deniz Can K\u0131z\u0131l","description":"Avukat Deniz Can K\u0131z\u0131l Antalya Barosu","publisher":{"@id":"https:\/\/denizcankizil.tr\/#organization"},"potentialAction":[{"@type":"SearchAction","target":{"@type":"EntryPoint","urlTemplate":"https:\/\/denizcankizil.tr\/?s={search_term_string}"},"query-input":{"@type":"PropertyValueSpecification","valueRequired":true,"valueName":"search_term_string"}}],"inLanguage":"uk"},{"@type":"Organization","@id":"https:\/\/denizcankizil.tr\/#organization","name":"Av. Deniz Can K\u0131z\u0131l","url":"https:\/\/denizcankizil.tr\/","logo":{"@type":"ImageObject","inLanguage":"uk","@id":"https:\/\/denizcankizil.tr\/#\/schema\/logo\/image\/","url":"http:\/\/denizcankizil.tr\/wp-content\/uploads\/2024\/10\/siyah-logo-svg.svg","contentUrl":"http:\/\/denizcankizil.tr\/wp-content\/uploads\/2024\/10\/siyah-logo-svg.svg","width":1080,"height":1080,"caption":"Av. Deniz Can K\u0131z\u0131l"},"image":{"@id":"https:\/\/denizcankizil.tr\/#\/schema\/logo\/image\/"}},{"@type":"Person","@id":"https:\/\/denizcankizil.tr\/#\/schema\/person\/001a271de994a0aa3f90eea084424822","name":"Hukuki Haber.net","image":{"@type":"ImageObject","inLanguage":"uk","@id":"https:\/\/denizcankizil.tr\/#\/schema\/person\/image\/","url":"https:\/\/secure.gravatar.com\/avatar\/57d8a49151495586611a149d29fc42865b951dc053a84709a3172ccb5abf3118?s=96&d=mm&r=g","contentUrl":"https:\/\/secure.gravatar.com\/avatar\/57d8a49151495586611a149d29fc42865b951dc053a84709a3172ccb5abf3118?s=96&d=mm&r=g","caption":"Hukuki Haber.net"},"sameAs":["http:\/\/www.hukukihaber.net"],"url":"http:\/\/denizcankizil.tr\/uk\/author\/hukukihabernet\/"}]}},"_links":{"self":[{"href":"http:\/\/denizcankizil.tr\/uk\/wp-json\/wp\/v2\/posts\/114859","targetHints":{"allow":["GET"]}}],"collection":[{"href":"http:\/\/denizcankizil.tr\/uk\/wp-json\/wp\/v2\/posts"}],"about":[{"href":"http:\/\/denizcankizil.tr\/uk\/wp-json\/wp\/v2\/types\/post"}],"author":[{"embeddable":true,"href":"http:\/\/denizcankizil.tr\/uk\/wp-json\/wp\/v2\/users\/3"}],"replies":[{"embeddable":true,"href":"http:\/\/denizcankizil.tr\/uk\/wp-json\/wp\/v2\/comments?post=114859"}],"version-history":[{"count":0,"href":"http:\/\/denizcankizil.tr\/uk\/wp-json\/wp\/v2\/posts\/114859\/revisions"}],"wp:attachment":[{"href":"http:\/\/denizcankizil.tr\/uk\/wp-json\/wp\/v2\/media?parent=114859"}],"wp:term":[{"taxonomy":"category","embeddable":true,"href":"http:\/\/denizcankizil.tr\/uk\/wp-json\/wp\/v2\/categories?post=114859"},{"taxonomy":"post_tag","embeddable":true,"href":"http:\/\/denizcankizil.tr\/uk\/wp-json\/wp\/v2\/tags?post=114859"}],"curies":[{"name":"wp","href":"https:\/\/api.w.org\/{rel}","templated":true}]}}