{"id":114312,"date":"2025-06-12T12:42:19","date_gmt":"2025-06-12T09:42:19","guid":{"rendered":"https:\/\/denizcankizil.tr\/uncategorized-tr\/kocaeli-buyuksehirden-trafik-calistayi\/"},"modified":"2025-06-12T12:42:19","modified_gmt":"2025-06-12T09:42:19","slug":"kocaeli-buyuksehirden-trafik-calistayi","status":"publish","type":"post","link":"http:\/\/denizcankizil.tr\/uk\/haberler\/gundem\/kocaeli-buyuksehirden-trafik-calistayi\/","title":{"rendered":"Kocaeli B\u00fcy\u00fck\u015fehir\u2019den trafik \u00e7al\u0131\u015ftay\u0131"},"content":{"rendered":"<p>Kocaeli B\u00fcy\u00fck\u015fehir, \u201cKocaeli Trafik Y\u00f6netimi ve Saat Bazl\u0131 \u00c7\u00f6z\u00fcm Stratejileri \u00c7al\u0131\u015ftay\u0131\u201d ger\u00e7ekle\u015ftirdi. \u00c7al\u0131\u015ftayda, trafik sorunlar\u0131na \u00e7\u00f6z\u00fcm i\u00e7in ak\u0131ll\u0131 ula\u015f\u0131m stratejileri geli\u015ftirildi.KOCAEL\u0130 (\u0130GFA) &#8211; Kocaeli B\u00fcy\u00fck\u015fehir Belediyesi, sanayi ve lojistik kaynakl\u0131 trafik yo\u011funlu\u011funa kal\u0131c\u0131 \u00e7\u00f6z\u00fcmler \u00fcretmek amac\u0131yla \u201cKocaeli Trafik Y\u00f6netimi ve Saat Bazl\u0131 \u00c7\u00f6z\u00fcm Stratejileri \u00c7al\u0131\u015ftay\u0131\u201d ger\u00e7ekle\u015ftirdi. \u00c7al\u0131\u015ftayda, kentteki ula\u015f\u0131m talepleri detayl\u0131 analiz edilerek s\u00fcrd\u00fcr\u00fclebilir ve ak\u0131ll\u0131 ula\u015f\u0131m stratejileri geli\u015ftirilmesi hedeflendi.<br \/>\nUZMAN \u0130S\u0130MLER \u00c7ALI\u015eTAYDA BULU\u015eTU<br \/>\nB\u00fcy\u00fck\u015fehir Belediyesi, Kocaeli i\u00e7in \u00f6nemli bir programa daha imza att\u0131. Kent Politikalar\u0131 ve Ara\u015ft\u0131rmalar\u0131 Merkezi (\u015eURA) \u00f6nc\u00fcl\u00fc\u011f\u00fcnde \u0130zmit\u2019teki bir otelde \u201cKocaeli Trafik Y\u00f6netimi ve Saat Bazl\u0131 \u00c7\u00f6z\u00fcm Stratejileri \u00c7al\u0131\u015ftay\u0131\u201d d\u00fczenlendi. \u00c7al\u0131\u015ftaya, Erzurum eski milletvekili ve \u0130stanbul Ticaret \u00dcniversitesi \u00f6\u011fretim \u00fcyesi Prof. Dr. Mustafa Il\u0131cal\u0131, Kocaeli B\u00fcy\u00fck\u015fehir Belediyesi Genel Sekreteri Dr. Hayri Bara\u00e7l\u0131, Genel Sekreter Yard\u0131mc\u0131s\u0131 Numan Balaban ve \u0130stanbul Teknik \u00dcniversitesi\u2019nden Muhammed Ziya Pak\u00f6z gibi alan\u0131nda uzman, \u00f6nemli isimler kat\u0131ld\u0131. Sekt\u00f6rlerin vardiya saatleri ve personel servis planlamalar\u0131 gibi kritik konular bilimsel veriler \u0131\u015f\u0131\u011f\u0131nda kapsaml\u0131 \u015fekilde ele al\u0131nd\u0131.<br \/>\nKONFOR VE ER\u0130\u015e\u0130LEB\u0130L\u0130RL\u0130K \u00d6NCEL\u0130K<br \/>\nGenel Sekreter Dr. Hayri Bara\u00e7l\u0131, konu\u015fmas\u0131nda vatanda\u015flar\u0131n ula\u015f\u0131mda en \u00e7ok konfor arzulad\u0131\u011f\u0131n\u0131 belirterek, \u201cKonfor maksimizasyonunu sa\u011flayabilmek i\u00e7in eri\u015filebilirli\u011fi \u00f6n planda tutuyoruz\u201d dedi. Toplu ta\u015f\u0131mada rayl\u0131 sistemler, otob\u00fcsler ve deniz ta\u015f\u0131mac\u0131l\u0131\u011f\u0131 entegrasyonuna \u00f6nem vereceklerini vurgulayan Bara\u00e7l\u0131, ak\u0131ll\u0131 sinyal y\u00f6netimi ile trafik ak\u0131\u015f\u0131n\u0131 art\u0131rmay\u0131 ve a\u00e7\u0131k veri uygulamalar\u0131yla vatanda\u015flar\u0131n ula\u015f\u0131m verilerine kolay eri\u015fimini sa\u011flamay\u0131 ama\u00e7lad\u0131klar\u0131n\u0131 belirtti.<br \/>\nTEKN\u0130K ANAL\u0130ZLERLE SORUNLAR MASAYA YATIRILDI<br \/>\n\u0130stanbul Teknik \u00dcniversitesi\u2019nden Muhammed Ziya Pak\u00f6z, Kocaeli\u2019ndeki mevcut trafik durumunu detayl\u0131 verilerle sundu. Prof. Dr. Mustafa Il\u0131cal\u0131 ise \u00fclke genelinde ula\u015f\u0131m ve trafik sorunlar\u0131na dair stratejik \u00e7\u00f6z\u00fcm \u00f6nerilerini payla\u015ft\u0131. Sunumlar, kat\u0131l\u0131mc\u0131lar i\u00e7in yol haritas\u0131n\u0131n temelini olu\u015fturdu.<br \/>\n\u00dc\u00c7 ANA ODAK GRUP MASASI<br \/>\n\u00c7al\u0131\u015ftayda olu\u015fturulan odak grup masalar\u0131nda \u015fu \u00fc\u00e7 kritik ba\u015fl\u0131k ele al\u0131nd\u0131: Okula Giden Yol &#8211; Trafi\u011fe Duyarl\u0131 E\u011fitim Planlamas\u0131, Ak\u0131ll\u0131 Mesai Planlamas\u0131 ve Ula\u015f\u0131m Y\u00f6netimi ile A\u011f\u0131r Y\u00fck Hafif Trafik &#8211; Hareketlili\u011fin Saatlerle Dengelenmesi. Bu gruplarda, sanayi, e\u011fitim ve kamu hizmetlerinin vardiya ba\u015flang\u0131\u00e7 saatleri ile personel servis planlamalar\u0131n\u0131n dengelenmesi \u00fczerine kapsaml\u0131 de\u011ferlendirmeler yap\u0131ld\u0131.<br \/>\nYEN\u0130 TRAF\u0130K Y\u00d6NET\u0130M\u0130 STRATEJ\u0130LER\u0130<br \/>\n\u00c7al\u0131\u015ftay \u00e7\u0131kt\u0131lar\u0131 do\u011frultusunda, Kocaeli B\u00fcy\u00fck\u015fehir Belediyesi Eyl\u00fcl ay\u0131nda yeni trafik y\u00f6netimi stratejilerini hayata ge\u00e7irmeyi planl\u0131yor. Bu stratejilerle \u015fehir i\u00e7i seyahatlerin daha h\u0131zl\u0131, g\u00fcvenli ve konforlu olmas\u0131 hedefleniyor. Toplu ula\u015f\u0131m kalitesinin art\u0131r\u0131lmas\u0131 ve ula\u015f\u0131m a\u011f\u0131n\u0131n etkinle\u015ftirilmesi i\u00e7in halk otob\u00fcsleri ve Ula\u015f\u0131mPark filosu \u00f6nemli rol \u00fcstlenecek.<br \/>\nB\u0130L\u0130MSEL VER\u0130LERLE GELECE\u011eE YATIRIM<br \/>\nB\u00fcy\u00fck\u015fehir Belediyesi, bu kat\u0131l\u0131mc\u0131 ve bilimsel temelli \u00e7al\u0131\u015ftayla, Kocaeli\u2019nin ula\u015f\u0131m sorunlar\u0131na yenilik\u00e7i ve s\u00fcrd\u00fcr\u00fclebilir \u00e7\u00f6z\u00fcmler sunmay\u0131 ama\u00e7l\u0131yor. Trafik ak\u0131\u015f\u0131n\u0131n dengelenmesi, modern teknolojilerin entegrasyonu ve konforlu ula\u015f\u0131m\u0131n sa\u011flanmas\u0131yla Kocaelililerin ya\u015fam kalitesinin artmas\u0131 bekleniyor.<\/p>\n<p>\u200bKocaeli B\u00fcy\u00fck\u015fehir, \u201cKocaeli Trafik Y\u00f6netimi ve Saat Bazl\u0131 \u00c7\u00f6z\u00fcm Stratejileri \u00c7al\u0131\u015ftay\u0131\u201d ger\u00e7ekle\u015ftirdi. \u00c7al\u0131\u015ftayda, trafik sorunlar\u0131na \u00e7\u00f6z\u00fcm i\u00e7in ak\u0131ll\u0131 ula\u015f\u0131m stratejileri geli\u015ftirildi.KOCAEL\u0130 (\u0130GFA) &#8211; Kocaeli B\u00fcy\u00fck\u015fehir Belediyesi, sanayi ve lojistik kaynakl\u0131 trafik yo\u011funlu\u011funa kal\u0131c\u0131 \u00e7\u00f6z\u00fcmler \u00fcretmek amac\u0131yla \u201cKocaeli Trafik Y\u00f6netimi ve Saat Bazl\u0131 \u00c7\u00f6z\u00fcm Stratejileri \u00c7al\u0131\u015ftay\u0131\u201d ger\u00e7ekle\u015ftirdi. \u00c7al\u0131\u015ftayda, kentteki ula\u015f\u0131m talepleri detayl\u0131 analiz edilerek s\u00fcrd\u00fcr\u00fclebilir ve ak\u0131ll\u0131 ula\u015f\u0131m stratejileri geli\u015ftirilmesi hedeflendi.<br \/>\nUZMAN \u0130S\u0130MLER \u00c7ALI\u015eTAYDA BULU\u015eTU<br \/>\nB\u00fcy\u00fck\u015fehir Belediyesi, Kocaeli i\u00e7in \u00f6nemli bir programa daha imza att\u0131. Kent Politikalar\u0131 ve Ara\u015ft\u0131rmalar\u0131 Merkezi (\u015eURA) \u00f6nc\u00fcl\u00fc\u011f\u00fcnde \u0130zmit\u2019teki bir otelde \u201cKocaeli Trafik Y\u00f6netimi ve Saat Bazl\u0131 \u00c7\u00f6z\u00fcm Stratejileri \u00c7al\u0131\u015ftay\u0131\u201d d\u00fczenlendi. \u00c7al\u0131\u015ftaya, Erzurum eski milletvekili ve \u0130stanbul Ticaret \u00dcniversitesi \u00f6\u011fretim \u00fcyesi Prof. Dr. Mustafa Il\u0131cal\u0131, Kocaeli B\u00fcy\u00fck\u015fehir Belediyesi Genel Sekreteri Dr. Hayri Bara\u00e7l\u0131, Genel Sekreter Yard\u0131mc\u0131s\u0131 Numan Balaban ve \u0130stanbul Teknik \u00dcniversitesi\u2019nden Muhammed Ziya Pak\u00f6z gibi alan\u0131nda uzman, \u00f6nemli isimler kat\u0131ld\u0131. Sekt\u00f6rlerin vardiya saatleri ve personel servis planlamalar\u0131 gibi kritik konular bilimsel veriler \u0131\u015f\u0131\u011f\u0131nda kapsaml\u0131 \u015fekilde ele al\u0131nd\u0131.<br \/>\nKONFOR VE ER\u0130\u015e\u0130LEB\u0130L\u0130RL\u0130K \u00d6NCEL\u0130K<br \/>\nGenel Sekreter Dr. Hayri Bara\u00e7l\u0131, konu\u015fmas\u0131nda vatanda\u015flar\u0131n ula\u015f\u0131mda en \u00e7ok konfor arzulad\u0131\u011f\u0131n\u0131 belirterek, \u201cKonfor maksimizasyonunu sa\u011flayabilmek i\u00e7in eri\u015filebilirli\u011fi \u00f6n planda tutuyoruz\u201d dedi. Toplu ta\u015f\u0131mada rayl\u0131 sistemler, otob\u00fcsler ve deniz ta\u015f\u0131mac\u0131l\u0131\u011f\u0131 entegrasyonuna \u00f6nem vereceklerini vurgulayan Bara\u00e7l\u0131, ak\u0131ll\u0131 sinyal y\u00f6netimi ile trafik ak\u0131\u015f\u0131n\u0131 art\u0131rmay\u0131 ve a\u00e7\u0131k veri uygulamalar\u0131yla vatanda\u015flar\u0131n ula\u015f\u0131m verilerine kolay eri\u015fimini sa\u011flamay\u0131 ama\u00e7lad\u0131klar\u0131n\u0131 belirtti.<br \/>\nTEKN\u0130K ANAL\u0130ZLERLE SORUNLAR MASAYA YATIRILDI<br \/>\n\u0130stanbul Teknik \u00dcniversitesi\u2019nden Muhammed Ziya Pak\u00f6z, Kocaeli\u2019ndeki mevcut trafik durumunu detayl\u0131 verilerle sundu. Prof. Dr. Mustafa Il\u0131cal\u0131 ise \u00fclke genelinde ula\u015f\u0131m ve trafik sorunlar\u0131na dair stratejik \u00e7\u00f6z\u00fcm \u00f6nerilerini payla\u015ft\u0131. Sunumlar, kat\u0131l\u0131mc\u0131lar i\u00e7in yol haritas\u0131n\u0131n temelini olu\u015fturdu.<br \/>\n\u00dc\u00c7 ANA ODAK GRUP MASASI<br \/>\n\u00c7al\u0131\u015ftayda olu\u015fturulan odak grup masalar\u0131nda \u015fu \u00fc\u00e7 kritik ba\u015fl\u0131k ele al\u0131nd\u0131: Okula Giden Yol &#8211; Trafi\u011fe Duyarl\u0131 E\u011fitim Planlamas\u0131, Ak\u0131ll\u0131 Mesai Planlamas\u0131 ve Ula\u015f\u0131m Y\u00f6netimi ile A\u011f\u0131r Y\u00fck Hafif Trafik &#8211; Hareketlili\u011fin Saatlerle Dengelenmesi. Bu gruplarda, sanayi, e\u011fitim ve kamu hizmetlerinin vardiya ba\u015flang\u0131\u00e7 saatleri ile personel servis planlamalar\u0131n\u0131n dengelenmesi \u00fczerine kapsaml\u0131 de\u011ferlendirmeler yap\u0131ld\u0131.<br \/>\nYEN\u0130 TRAF\u0130K Y\u00d6NET\u0130M\u0130 STRATEJ\u0130LER\u0130<br \/>\n\u00c7al\u0131\u015ftay \u00e7\u0131kt\u0131lar\u0131 do\u011frultusunda, Kocaeli B\u00fcy\u00fck\u015fehir Belediyesi Eyl\u00fcl ay\u0131nda yeni trafik y\u00f6netimi stratejilerini hayata ge\u00e7irmeyi planl\u0131yor. Bu stratejilerle \u015fehir i\u00e7i seyahatlerin daha h\u0131zl\u0131, g\u00fcvenli ve konforlu olmas\u0131 hedefleniyor. Toplu ula\u015f\u0131m kalitesinin art\u0131r\u0131lmas\u0131 ve ula\u015f\u0131m a\u011f\u0131n\u0131n etkinle\u015ftirilmesi i\u00e7in halk otob\u00fcsleri ve Ula\u015f\u0131mPark filosu \u00f6nemli rol \u00fcstlenecek.<br \/>\nB\u0130L\u0130MSEL VER\u0130LERLE GELECE\u011eE YATIRIM<br \/>\nB\u00fcy\u00fck\u015fehir Belediyesi, bu kat\u0131l\u0131mc\u0131 ve bilimsel temelli \u00e7al\u0131\u015ftayla, Kocaeli\u2019nin ula\u015f\u0131m sorunlar\u0131na yenilik\u00e7i ve s\u00fcrd\u00fcr\u00fclebilir \u00e7\u00f6z\u00fcmler sunmay\u0131 ama\u00e7l\u0131yor. Trafik ak\u0131\u015f\u0131n\u0131n dengelenmesi, modern teknolojilerin entegrasyonu ve konforlu ula\u015f\u0131m\u0131n sa\u011flanmas\u0131yla Kocaelililerin ya\u015fam kalitesinin artmas\u0131 bekleniyor.\u00a0<\/p>\n<p>\u200bHaberin Al\u0131nt\u0131land\u0131\u011f\u0131 Kaynak: www.iskenderun.org<\/p>","protected":false},"excerpt":{"rendered":"<p>Kocaeli B\u00fcy\u00fck\u015fehir, \u201cKocaeli Trafik Y\u00f6netimi ve Saat Bazl\u0131 \u00c7\u00f6z\u00fcm Stratejileri \u00c7al\u0131\u015ftay\u0131\u201d ger\u00e7ekle\u015ftirdi. \u00c7al\u0131\u015ftayda, trafik sorunlar\u0131na \u00e7\u00f6z\u00fcm i\u00e7in ak\u0131ll\u0131 ula\u015f\u0131m stratejileri geli\u015ftirildi.KOCAEL\u0130 (\u0130GFA) &#8211; Kocaeli B\u00fcy\u00fck\u015fehir Belediyesi, sanayi ve lojistik kaynakl\u0131 trafik yo\u011funlu\u011funa kal\u0131c\u0131 \u00e7\u00f6z\u00fcmler \u00fcretmek amac\u0131yla \u201cKocaeli Trafik Y\u00f6netimi ve Saat Bazl\u0131 \u00c7\u00f6z\u00fcm Stratejileri \u00c7al\u0131\u015ftay\u0131\u201d ger\u00e7ekle\u015ftirdi. \u00c7al\u0131\u015ftayda, kentteki ula\u015f\u0131m talepleri detayl\u0131 analiz edilerek s\u00fcrd\u00fcr\u00fclebilir ve ak\u0131ll\u0131 ula\u015f\u0131m stratejileri geli\u015ftirilmesi hedeflendi. UZMAN \u0130S\u0130MLER \u00c7ALI\u015eTAYDA BULU\u015eTU B\u00fcy\u00fck\u015fehir Belediyesi, Kocaeli i\u00e7in \u00f6nemli bir programa daha imza att\u0131. Kent Politikalar\u0131 ve Ara\u015ft\u0131rmalar\u0131 Merkezi (\u015eURA) \u00f6nc\u00fcl\u00fc\u011f\u00fcnde \u0130zmit\u2019teki bir otelde \u201cKocaeli Trafik Y\u00f6netimi ve Saat Bazl\u0131 \u00c7\u00f6z\u00fcm Stratejileri \u00c7al\u0131\u015ftay\u0131\u201d d\u00fczenlendi. \u00c7al\u0131\u015ftaya, Erzurum eski milletvekili ve \u0130stanbul Ticaret \u00dcniversitesi \u00f6\u011fretim \u00fcyesi Prof. Dr. Mustafa Il\u0131cal\u0131, Kocaeli B\u00fcy\u00fck\u015fehir Belediyesi Genel Sekreteri Dr. Hayri Bara\u00e7l\u0131, Genel Sekreter Yard\u0131mc\u0131s\u0131 Numan Balaban ve \u0130stanbul Teknik \u00dcniversitesi\u2019nden Muhammed Ziya Pak\u00f6z gibi alan\u0131nda uzman, \u00f6nemli isimler kat\u0131ld\u0131. Sekt\u00f6rlerin vardiya saatleri ve personel servis planlamalar\u0131 gibi kritik konular bilimsel veriler \u0131\u015f\u0131\u011f\u0131nda kapsaml\u0131 \u015fekilde ele al\u0131nd\u0131. KONFOR VE ER\u0130\u015e\u0130LEB\u0130L\u0130RL\u0130K \u00d6NCEL\u0130K Genel Sekreter Dr. Hayri Bara\u00e7l\u0131, konu\u015fmas\u0131nda vatanda\u015flar\u0131n ula\u015f\u0131mda en \u00e7ok konfor arzulad\u0131\u011f\u0131n\u0131 belirterek, \u201cKonfor maksimizasyonunu sa\u011flayabilmek i\u00e7in eri\u015filebilirli\u011fi \u00f6n planda tutuyoruz\u201d dedi. Toplu ta\u015f\u0131mada rayl\u0131 sistemler, otob\u00fcsler ve deniz ta\u015f\u0131mac\u0131l\u0131\u011f\u0131 entegrasyonuna \u00f6nem vereceklerini vurgulayan Bara\u00e7l\u0131, ak\u0131ll\u0131 sinyal y\u00f6netimi ile trafik ak\u0131\u015f\u0131n\u0131 art\u0131rmay\u0131 ve a\u00e7\u0131k veri &hellip;<\/p>","protected":false},"author":1,"featured_media":0,"comment_status":"","ping_status":"open","sticky":false,"template":"","format":"standard","meta":{"_acf_changed":false,"footnotes":""},"categories":[24],"tags":[],"class_list":["post-114312","post","type-post","status-publish","format-standard","has-post-thumbnail","hentry","category-gundem"],"acf":[],"yoast_head":"<!-- This site is optimized with the Yoast SEO Premium plugin v26.6 (Yoast SEO v27.1.1) - https:\/\/yoast.com\/product\/yoast-seo-premium-wordpress\/ -->\n<title>Kocaeli B\u00fcy\u00fck\u015fehir\u2019den trafik \u00e7al\u0131\u015ftay\u0131 - Av. Deniz Can K\u0131z\u0131l<\/title>\n<meta name=\"robots\" content=\"index, follow, max-snippet:-1, max-image-preview:large, max-video-preview:-1\" \/>\n<link rel=\"canonical\" href=\"http:\/\/denizcankizil.tr\/uk\/haberler\/gundem\/kocaeli-buyuksehirden-trafik-calistayi\/\" \/>\n<meta property=\"og:locale\" content=\"uk_UA\" \/>\n<meta property=\"og:type\" content=\"article\" \/>\n<meta property=\"og:title\" content=\"Kocaeli B\u00fcy\u00fck\u015fehir\u2019den trafik \u00e7al\u0131\u015ftay\u0131\" \/>\n<meta property=\"og:description\" content=\"Kocaeli B\u00fcy\u00fck\u015fehir, \u201cKocaeli Trafik Y\u00f6netimi ve Saat Bazl\u0131 \u00c7\u00f6z\u00fcm Stratejileri \u00c7al\u0131\u015ftay\u0131\u201d ger\u00e7ekle\u015ftirdi. \u00c7al\u0131\u015ftayda, trafik sorunlar\u0131na \u00e7\u00f6z\u00fcm i\u00e7in ak\u0131ll\u0131 ula\u015f\u0131m stratejileri geli\u015ftirildi.KOCAEL\u0130 (\u0130GFA) &#8211; Kocaeli B\u00fcy\u00fck\u015fehir Belediyesi, sanayi ve lojistik kaynakl\u0131 trafik yo\u011funlu\u011funa kal\u0131c\u0131 \u00e7\u00f6z\u00fcmler \u00fcretmek amac\u0131yla \u201cKocaeli Trafik Y\u00f6netimi ve Saat Bazl\u0131 \u00c7\u00f6z\u00fcm Stratejileri \u00c7al\u0131\u015ftay\u0131\u201d ger\u00e7ekle\u015ftirdi. \u00c7al\u0131\u015ftayda, kentteki ula\u015f\u0131m talepleri detayl\u0131 analiz edilerek s\u00fcrd\u00fcr\u00fclebilir ve ak\u0131ll\u0131 ula\u015f\u0131m stratejileri geli\u015ftirilmesi hedeflendi. UZMAN \u0130S\u0130MLER \u00c7ALI\u015eTAYDA BULU\u015eTU B\u00fcy\u00fck\u015fehir Belediyesi, Kocaeli i\u00e7in \u00f6nemli bir programa daha imza att\u0131. Kent Politikalar\u0131 ve Ara\u015ft\u0131rmalar\u0131 Merkezi (\u015eURA) \u00f6nc\u00fcl\u00fc\u011f\u00fcnde \u0130zmit\u2019teki bir otelde \u201cKocaeli Trafik Y\u00f6netimi ve Saat Bazl\u0131 \u00c7\u00f6z\u00fcm Stratejileri \u00c7al\u0131\u015ftay\u0131\u201d d\u00fczenlendi. \u00c7al\u0131\u015ftaya, Erzurum eski milletvekili ve \u0130stanbul Ticaret \u00dcniversitesi \u00f6\u011fretim \u00fcyesi Prof. Dr. Mustafa Il\u0131cal\u0131, Kocaeli B\u00fcy\u00fck\u015fehir Belediyesi Genel Sekreteri Dr. Hayri Bara\u00e7l\u0131, Genel Sekreter Yard\u0131mc\u0131s\u0131 Numan Balaban ve \u0130stanbul Teknik \u00dcniversitesi\u2019nden Muhammed Ziya Pak\u00f6z gibi alan\u0131nda uzman, \u00f6nemli isimler kat\u0131ld\u0131. Sekt\u00f6rlerin vardiya saatleri ve personel servis planlamalar\u0131 gibi kritik konular bilimsel veriler \u0131\u015f\u0131\u011f\u0131nda kapsaml\u0131 \u015fekilde ele al\u0131nd\u0131. KONFOR VE ER\u0130\u015e\u0130LEB\u0130L\u0130RL\u0130K \u00d6NCEL\u0130K Genel Sekreter Dr. Hayri Bara\u00e7l\u0131, konu\u015fmas\u0131nda vatanda\u015flar\u0131n ula\u015f\u0131mda en \u00e7ok konfor arzulad\u0131\u011f\u0131n\u0131 belirterek, \u201cKonfor maksimizasyonunu sa\u011flayabilmek i\u00e7in eri\u015filebilirli\u011fi \u00f6n planda tutuyoruz\u201d dedi. Toplu ta\u015f\u0131mada rayl\u0131 sistemler, otob\u00fcsler ve deniz ta\u015f\u0131mac\u0131l\u0131\u011f\u0131 entegrasyonuna \u00f6nem vereceklerini vurgulayan Bara\u00e7l\u0131, ak\u0131ll\u0131 sinyal y\u00f6netimi ile trafik ak\u0131\u015f\u0131n\u0131 art\u0131rmay\u0131 ve a\u00e7\u0131k veri &hellip;\" \/>\n<meta property=\"og:url\" content=\"http:\/\/denizcankizil.tr\/uk\/haberler\/gundem\/kocaeli-buyuksehirden-trafik-calistayi\/\" \/>\n<meta property=\"og:site_name\" content=\"Av. Deniz Can K\u0131z\u0131l\" \/>\n<meta property=\"article:published_time\" content=\"2025-06-12T09:42:19+00:00\" \/>\n<meta name=\"author\" content=\"admin\" \/>\n<meta name=\"twitter:card\" content=\"summary_large_image\" \/>\n<meta name=\"twitter:label1\" content=\"\u041d\u0430\u043f\u0438\u0441\u0430\u043d\u043e\" \/>\n\t<meta name=\"twitter:data1\" content=\"admin\" \/>\n\t<meta name=\"twitter:label2\" content=\"\u041f\u0440\u0438\u0431\u043b. \u0447\u0430\u0441 \u0447\u0438\u0442\u0430\u043d\u043d\u044f\" \/>\n\t<meta name=\"twitter:data2\" content=\"6 \u0445\u0432\u0438\u043b\u0438\u043d\" \/>\n<script type=\"application\/ld+json\" class=\"yoast-schema-graph\">{\"@context\":\"https:\/\/schema.org\",\"@graph\":[{\"@type\":\"Article\",\"@id\":\"http:\/\/denizcankizil.tr\/uk\/haberler\/gundem\/kocaeli-buyuksehirden-trafik-calistayi\/#article\",\"isPartOf\":{\"@id\":\"http:\/\/denizcankizil.tr\/uk\/haberler\/gundem\/kocaeli-buyuksehirden-trafik-calistayi\/\"},\"author\":{\"name\":\"admin\",\"@id\":\"https:\/\/denizcankizil.tr\/de\/#\/schema\/person\/be3c05fe6a12686905512445d8185489\"},\"headline\":\"Kocaeli B\u00fcy\u00fck\u015fehir\u2019den trafik \u00e7al\u0131\u015ftay\u0131\",\"datePublished\":\"2025-06-12T09:42:19+00:00\",\"mainEntityOfPage\":{\"@id\":\"http:\/\/denizcankizil.tr\/uk\/haberler\/gundem\/kocaeli-buyuksehirden-trafik-calistayi\/\"},\"wordCount\":1185,\"publisher\":{\"@id\":\"https:\/\/denizcankizil.tr\/de\/#organization\"},\"articleSection\":[\"G\u00fcndem\"],\"inLanguage\":\"uk\"},{\"@type\":\"WebPage\",\"@id\":\"http:\/\/denizcankizil.tr\/uk\/haberler\/gundem\/kocaeli-buyuksehirden-trafik-calistayi\/\",\"url\":\"http:\/\/denizcankizil.tr\/uk\/haberler\/gundem\/kocaeli-buyuksehirden-trafik-calistayi\/\",\"name\":\"Kocaeli B\u00fcy\u00fck\u015fehir\u2019den trafik \u00e7al\u0131\u015ftay\u0131 - Av. Deniz Can K\u0131z\u0131l\",\"isPartOf\":{\"@id\":\"https:\/\/denizcankizil.tr\/de\/#website\"},\"datePublished\":\"2025-06-12T09:42:19+00:00\",\"breadcrumb\":{\"@id\":\"http:\/\/denizcankizil.tr\/uk\/haberler\/gundem\/kocaeli-buyuksehirden-trafik-calistayi\/#breadcrumb\"},\"inLanguage\":\"uk\",\"potentialAction\":[{\"@type\":\"ReadAction\",\"target\":[\"http:\/\/denizcankizil.tr\/uk\/haberler\/gundem\/kocaeli-buyuksehirden-trafik-calistayi\/\"]}]},{\"@type\":\"BreadcrumbList\",\"@id\":\"http:\/\/denizcankizil.tr\/uk\/haberler\/gundem\/kocaeli-buyuksehirden-trafik-calistayi\/#breadcrumb\",\"itemListElement\":[{\"@type\":\"ListItem\",\"position\":1,\"name\":\"Home\",\"item\":\"https:\/\/denizcankizil.tr\/de\/\"},{\"@type\":\"ListItem\",\"position\":2,\"name\":\"Kocaeli B\u00fcy\u00fck\u015fehir\u2019den trafik \u00e7al\u0131\u015ftay\u0131\"}]},{\"@type\":\"WebSite\",\"@id\":\"https:\/\/denizcankizil.tr\/de\/#website\",\"url\":\"https:\/\/denizcankizil.tr\/de\/\",\"name\":\"Av. Deniz Can K\u0131z\u0131l\",\"description\":\"Avukat Deniz Can K\u0131z\u0131l Antalya Barosu\",\"publisher\":{\"@id\":\"https:\/\/denizcankizil.tr\/de\/#organization\"},\"potentialAction\":[{\"@type\":\"SearchAction\",\"target\":{\"@type\":\"EntryPoint\",\"urlTemplate\":\"https:\/\/denizcankizil.tr\/de\/?s={search_term_string}\"},\"query-input\":{\"@type\":\"PropertyValueSpecification\",\"valueRequired\":true,\"valueName\":\"search_term_string\"}}],\"inLanguage\":\"uk\"},{\"@type\":\"Organization\",\"@id\":\"https:\/\/denizcankizil.tr\/de\/#organization\",\"name\":\"Av. Deniz Can K\u0131z\u0131l\",\"url\":\"https:\/\/denizcankizil.tr\/de\/\",\"logo\":{\"@type\":\"ImageObject\",\"inLanguage\":\"uk\",\"@id\":\"https:\/\/denizcankizil.tr\/de\/#\/schema\/logo\/image\/\",\"url\":\"http:\/\/denizcankizil.tr\/wp-content\/uploads\/2024\/10\/siyah-logo-svg.svg\",\"contentUrl\":\"http:\/\/denizcankizil.tr\/wp-content\/uploads\/2024\/10\/siyah-logo-svg.svg\",\"width\":1080,\"height\":1080,\"caption\":\"Av. Deniz Can K\u0131z\u0131l\"},\"image\":{\"@id\":\"https:\/\/denizcankizil.tr\/de\/#\/schema\/logo\/image\/\"}},{\"@type\":\"Person\",\"@id\":\"https:\/\/denizcankizil.tr\/de\/#\/schema\/person\/be3c05fe6a12686905512445d8185489\",\"name\":\"admin\",\"image\":{\"@type\":\"ImageObject\",\"inLanguage\":\"uk\",\"@id\":\"https:\/\/denizcankizil.tr\/de\/#\/schema\/person\/image\/\",\"url\":\"https:\/\/secure.gravatar.com\/avatar\/c1fce94c830dc79107e174f890d7210541c4a63e8e5d816341794a2151c9d58c?s=96&d=mm&r=g\",\"contentUrl\":\"https:\/\/secure.gravatar.com\/avatar\/c1fce94c830dc79107e174f890d7210541c4a63e8e5d816341794a2151c9d58c?s=96&d=mm&r=g\",\"caption\":\"admin\"},\"sameAs\":[\"http:\/\/denizcankizil.tr\"],\"url\":\"https:\/\/www.iskenderun.org\/kocaeli-buyuksehirden-trafik-calistayi\"}]}<\/script>\n<!-- \/ Yoast SEO Premium plugin. -->","yoast_head_json":{"title":"Kocaeli B\u00fcy\u00fck\u015fehir\u2019den trafik \u00e7al\u0131\u015ftay\u0131 - Av. Deniz Can K\u0131z\u0131l","robots":{"index":"index","follow":"follow","max-snippet":"max-snippet:-1","max-image-preview":"max-image-preview:large","max-video-preview":"max-video-preview:-1"},"canonical":"http:\/\/denizcankizil.tr\/uk\/haberler\/gundem\/kocaeli-buyuksehirden-trafik-calistayi\/","og_locale":"uk_UA","og_type":"article","og_title":"Kocaeli B\u00fcy\u00fck\u015fehir\u2019den trafik \u00e7al\u0131\u015ftay\u0131","og_description":"Kocaeli B\u00fcy\u00fck\u015fehir, \u201cKocaeli Trafik Y\u00f6netimi ve Saat Bazl\u0131 \u00c7\u00f6z\u00fcm Stratejileri \u00c7al\u0131\u015ftay\u0131\u201d ger\u00e7ekle\u015ftirdi. \u00c7al\u0131\u015ftayda, trafik sorunlar\u0131na \u00e7\u00f6z\u00fcm i\u00e7in ak\u0131ll\u0131 ula\u015f\u0131m stratejileri geli\u015ftirildi.KOCAEL\u0130 (\u0130GFA) &#8211; Kocaeli B\u00fcy\u00fck\u015fehir Belediyesi, sanayi ve lojistik kaynakl\u0131 trafik yo\u011funlu\u011funa kal\u0131c\u0131 \u00e7\u00f6z\u00fcmler \u00fcretmek amac\u0131yla \u201cKocaeli Trafik Y\u00f6netimi ve Saat Bazl\u0131 \u00c7\u00f6z\u00fcm Stratejileri \u00c7al\u0131\u015ftay\u0131\u201d ger\u00e7ekle\u015ftirdi. \u00c7al\u0131\u015ftayda, kentteki ula\u015f\u0131m talepleri detayl\u0131 analiz edilerek s\u00fcrd\u00fcr\u00fclebilir ve ak\u0131ll\u0131 ula\u015f\u0131m stratejileri geli\u015ftirilmesi hedeflendi. UZMAN \u0130S\u0130MLER \u00c7ALI\u015eTAYDA BULU\u015eTU B\u00fcy\u00fck\u015fehir Belediyesi, Kocaeli i\u00e7in \u00f6nemli bir programa daha imza att\u0131. Kent Politikalar\u0131 ve Ara\u015ft\u0131rmalar\u0131 Merkezi (\u015eURA) \u00f6nc\u00fcl\u00fc\u011f\u00fcnde \u0130zmit\u2019teki bir otelde \u201cKocaeli Trafik Y\u00f6netimi ve Saat Bazl\u0131 \u00c7\u00f6z\u00fcm Stratejileri \u00c7al\u0131\u015ftay\u0131\u201d d\u00fczenlendi. \u00c7al\u0131\u015ftaya, Erzurum eski milletvekili ve \u0130stanbul Ticaret \u00dcniversitesi \u00f6\u011fretim \u00fcyesi Prof. Dr. Mustafa Il\u0131cal\u0131, Kocaeli B\u00fcy\u00fck\u015fehir Belediyesi Genel Sekreteri Dr. Hayri Bara\u00e7l\u0131, Genel Sekreter Yard\u0131mc\u0131s\u0131 Numan Balaban ve \u0130stanbul Teknik \u00dcniversitesi\u2019nden Muhammed Ziya Pak\u00f6z gibi alan\u0131nda uzman, \u00f6nemli isimler kat\u0131ld\u0131. Sekt\u00f6rlerin vardiya saatleri ve personel servis planlamalar\u0131 gibi kritik konular bilimsel veriler \u0131\u015f\u0131\u011f\u0131nda kapsaml\u0131 \u015fekilde ele al\u0131nd\u0131. KONFOR VE ER\u0130\u015e\u0130LEB\u0130L\u0130RL\u0130K \u00d6NCEL\u0130K Genel Sekreter Dr. Hayri Bara\u00e7l\u0131, konu\u015fmas\u0131nda vatanda\u015flar\u0131n ula\u015f\u0131mda en \u00e7ok konfor arzulad\u0131\u011f\u0131n\u0131 belirterek, \u201cKonfor maksimizasyonunu sa\u011flayabilmek i\u00e7in eri\u015filebilirli\u011fi \u00f6n planda tutuyoruz\u201d dedi. Toplu ta\u015f\u0131mada rayl\u0131 sistemler, otob\u00fcsler ve deniz ta\u015f\u0131mac\u0131l\u0131\u011f\u0131 entegrasyonuna \u00f6nem vereceklerini vurgulayan Bara\u00e7l\u0131, ak\u0131ll\u0131 sinyal y\u00f6netimi ile trafik ak\u0131\u015f\u0131n\u0131 art\u0131rmay\u0131 ve a\u00e7\u0131k veri &hellip;","og_url":"http:\/\/denizcankizil.tr\/uk\/haberler\/gundem\/kocaeli-buyuksehirden-trafik-calistayi\/","og_site_name":"Av. Deniz Can K\u0131z\u0131l","article_published_time":"2025-06-12T09:42:19+00:00","author":"admin","twitter_card":"summary_large_image","twitter_misc":{"\u041d\u0430\u043f\u0438\u0441\u0430\u043d\u043e":"admin","\u041f\u0440\u0438\u0431\u043b. \u0447\u0430\u0441 \u0447\u0438\u0442\u0430\u043d\u043d\u044f":"6 \u0445\u0432\u0438\u043b\u0438\u043d"},"schema":{"@context":"https:\/\/schema.org","@graph":[{"@type":"Article","@id":"http:\/\/denizcankizil.tr\/uk\/haberler\/gundem\/kocaeli-buyuksehirden-trafik-calistayi\/#article","isPartOf":{"@id":"http:\/\/denizcankizil.tr\/uk\/haberler\/gundem\/kocaeli-buyuksehirden-trafik-calistayi\/"},"author":{"name":"admin","@id":"https:\/\/denizcankizil.tr\/de\/#\/schema\/person\/be3c05fe6a12686905512445d8185489"},"headline":"Kocaeli B\u00fcy\u00fck\u015fehir\u2019den trafik \u00e7al\u0131\u015ftay\u0131","datePublished":"2025-06-12T09:42:19+00:00","mainEntityOfPage":{"@id":"http:\/\/denizcankizil.tr\/uk\/haberler\/gundem\/kocaeli-buyuksehirden-trafik-calistayi\/"},"wordCount":1185,"publisher":{"@id":"https:\/\/denizcankizil.tr\/de\/#organization"},"articleSection":["G\u00fcndem"],"inLanguage":"uk"},{"@type":"WebPage","@id":"http:\/\/denizcankizil.tr\/uk\/haberler\/gundem\/kocaeli-buyuksehirden-trafik-calistayi\/","url":"http:\/\/denizcankizil.tr\/uk\/haberler\/gundem\/kocaeli-buyuksehirden-trafik-calistayi\/","name":"Kocaeli B\u00fcy\u00fck\u015fehir\u2019den trafik \u00e7al\u0131\u015ftay\u0131 - Av. Deniz Can K\u0131z\u0131l","isPartOf":{"@id":"https:\/\/denizcankizil.tr\/de\/#website"},"datePublished":"2025-06-12T09:42:19+00:00","breadcrumb":{"@id":"http:\/\/denizcankizil.tr\/uk\/haberler\/gundem\/kocaeli-buyuksehirden-trafik-calistayi\/#breadcrumb"},"inLanguage":"uk","potentialAction":[{"@type":"ReadAction","target":["http:\/\/denizcankizil.tr\/uk\/haberler\/gundem\/kocaeli-buyuksehirden-trafik-calistayi\/"]}]},{"@type":"BreadcrumbList","@id":"http:\/\/denizcankizil.tr\/uk\/haberler\/gundem\/kocaeli-buyuksehirden-trafik-calistayi\/#breadcrumb","itemListElement":[{"@type":"ListItem","position":1,"name":"Home","item":"https:\/\/denizcankizil.tr\/de\/"},{"@type":"ListItem","position":2,"name":"Kocaeli B\u00fcy\u00fck\u015fehir\u2019den trafik \u00e7al\u0131\u015ftay\u0131"}]},{"@type":"WebSite","@id":"https:\/\/denizcankizil.tr\/de\/#website","url":"https:\/\/denizcankizil.tr\/de\/","name":"Av. Deniz Can K\u0131z\u0131l","description":"Avukat Deniz Can K\u0131z\u0131l Antalya Barosu","publisher":{"@id":"https:\/\/denizcankizil.tr\/de\/#organization"},"potentialAction":[{"@type":"SearchAction","target":{"@type":"EntryPoint","urlTemplate":"https:\/\/denizcankizil.tr\/de\/?s={search_term_string}"},"query-input":{"@type":"PropertyValueSpecification","valueRequired":true,"valueName":"search_term_string"}}],"inLanguage":"uk"},{"@type":"Organization","@id":"https:\/\/denizcankizil.tr\/de\/#organization","name":"Av. Deniz Can K\u0131z\u0131l","url":"https:\/\/denizcankizil.tr\/de\/","logo":{"@type":"ImageObject","inLanguage":"uk","@id":"https:\/\/denizcankizil.tr\/de\/#\/schema\/logo\/image\/","url":"http:\/\/denizcankizil.tr\/wp-content\/uploads\/2024\/10\/siyah-logo-svg.svg","contentUrl":"http:\/\/denizcankizil.tr\/wp-content\/uploads\/2024\/10\/siyah-logo-svg.svg","width":1080,"height":1080,"caption":"Av. Deniz Can K\u0131z\u0131l"},"image":{"@id":"https:\/\/denizcankizil.tr\/de\/#\/schema\/logo\/image\/"}},{"@type":"Person","@id":"https:\/\/denizcankizil.tr\/de\/#\/schema\/person\/be3c05fe6a12686905512445d8185489","name":"\u0430\u0434\u043c\u0456\u043d","image":{"@type":"ImageObject","inLanguage":"uk","@id":"https:\/\/denizcankizil.tr\/de\/#\/schema\/person\/image\/","url":"https:\/\/secure.gravatar.com\/avatar\/c1fce94c830dc79107e174f890d7210541c4a63e8e5d816341794a2151c9d58c?s=96&d=mm&r=g","contentUrl":"https:\/\/secure.gravatar.com\/avatar\/c1fce94c830dc79107e174f890d7210541c4a63e8e5d816341794a2151c9d58c?s=96&d=mm&r=g","caption":"admin"},"sameAs":["http:\/\/denizcankizil.tr"],"url":"https:\/\/www.iskenderun.org\/kocaeli-buyuksehirden-trafik-calistayi"}]}},"_links":{"self":[{"href":"http:\/\/denizcankizil.tr\/uk\/wp-json\/wp\/v2\/posts\/114312","targetHints":{"allow":["GET"]}}],"collection":[{"href":"http:\/\/denizcankizil.tr\/uk\/wp-json\/wp\/v2\/posts"}],"about":[{"href":"http:\/\/denizcankizil.tr\/uk\/wp-json\/wp\/v2\/types\/post"}],"author":[{"embeddable":true,"href":"http:\/\/denizcankizil.tr\/uk\/wp-json\/wp\/v2\/users\/1"}],"replies":[{"embeddable":true,"href":"http:\/\/denizcankizil.tr\/uk\/wp-json\/wp\/v2\/comments?post=114312"}],"version-history":[{"count":0,"href":"http:\/\/denizcankizil.tr\/uk\/wp-json\/wp\/v2\/posts\/114312\/revisions"}],"wp:attachment":[{"href":"http:\/\/denizcankizil.tr\/uk\/wp-json\/wp\/v2\/media?parent=114312"}],"wp:term":[{"taxonomy":"category","embeddable":true,"href":"http:\/\/denizcankizil.tr\/uk\/wp-json\/wp\/v2\/categories?post=114312"},{"taxonomy":"post_tag","embeddable":true,"href":"http:\/\/denizcankizil.tr\/uk\/wp-json\/wp\/v2\/tags?post=114312"}],"curies":[{"name":"wp","href":"https:\/\/api.w.org\/{rel}","templated":true}]}}