{"id":11403,"date":"2024-11-02T10:41:27","date_gmt":"2024-11-02T07:41:27","guid":{"rendered":"https:\/\/denizcankizil.tr\/uncategorized-tr\/antalyada-depremzedeler-icin-hayir-carsisi-kuruldu\/"},"modified":"2024-11-02T10:41:27","modified_gmt":"2024-11-02T07:41:27","slug":"antalyada-depremzedeler-icin-hayir-carsisi-kuruldu","status":"publish","type":"post","link":"http:\/\/denizcankizil.tr\/uk\/haberler\/gundem\/antalyada-depremzedeler-icin-hayir-carsisi-kuruldu\/","title":{"rendered":"Antalya\u2019da depremzedeler i\u00e7in hay\u0131r \u00e7ar\u015f\u0131s\u0131 kuruldu"},"content":{"rendered":"<p>Antalya Muratpa\u015fa Camii bah\u00e7esinde d\u00fczenlenen hay\u0131r \u00e7ar\u015f\u0131s\u0131nda g\u00f6n\u00fcll\u00fclerin getirmi\u015f oldu\u011fu \u00fcr\u00fcnler depremzedeler yarar\u0131na sat\u0131\u015fa sunuldu. Antalya \u0130l M\u00fcft\u00fcs\u00fc Nazif Fethi Yal\u00e7\u0131nkaya da kurulan Hay\u0131r \u00c7ar\u015f\u0131s\u0131n\u0131 ziyaret ederek g\u00f6n\u00fcll\u00fclere kolayl\u0131klar diledi. Gelirin tamam\u0131n\u0131n Hatay\u2019da depremzedelere yollanaca\u011f\u0131 ifade edildi.<\/p>\n<p>B\u00dcY\u00dcK \u0130LG\u0130 G\u00d6RD\u00dc<\/p>\n<p>Antalya \u0130l M\u00fcft\u00fcl\u00fc\u011f\u00fc ve T\u00fcrkiye Diyanet Vakf\u0131 Antalya \u015eubesi ile il\u00e7e m\u00fcft\u00fcl\u00fckleri ve TDV \u015eubelerinin kad\u0131n kollar\u0131 koordinesinde, geliri Hatay ilindeki depremzedelere ba\u011f\u0131\u015flanmak \u00fczere hay\u0131r \u00e7ar\u015f\u0131s\u0131 a\u00e7\u0131ld\u0131. Muratpa\u015fa Camii bah\u00e7esinde d\u00fczenlenen hay\u0131r \u00e7ar\u015f\u0131s\u0131nda g\u00f6n\u00fcll\u00fclerin getirmi\u015f oldu\u011fu \u00fcr\u00fcnler depremzedeler yarar\u0131na sat\u0131\u015fa sunuldu. Antalya \u0130l M\u00fcft\u00fcs\u00fc Nazif Fethi Yal\u00e7\u0131nkaya da kurulan Hay\u0131r \u00c7ar\u015f\u0131s\u0131n\u0131 ziyaret ederek g\u00f6n\u00fcll\u00fclere kolayl\u0131klar diledi.<\/p>\n<p>DEPREMZEDELER\u0130N HER ZAMAN YANINDA OLACA\u011eIZ<\/p>\n<p>Hay\u0131r \u00c7ar\u015f\u0131s\u0131\u2019nda g\u00f6n\u00fcll\u00fcler taraf\u0131ndan sat\u0131\u015fa \u00e7ok say\u0131da \u00fcr\u00fcn konuldu. G\u00f6n\u00fcll\u00fcler; \u201cDepremin ac\u0131s\u0131 hen\u00fcz ge\u00e7mi\u015f de\u011fil. Bizler bug\u00fcn burada k\u00fc\u00e7\u00fckte olsa Hatayl\u0131 depremzedelere ve di\u011fer depremzedelere onlar\u0131 unutmad\u0131\u011f\u0131m\u0131z\u0131 g\u00f6stermek istiyoruz\u201d \u015feklinde konu\u015ftular. Antalya \u0130l M\u00fcft\u00fcl\u00fc\u011f\u00fc ve T\u00fcrkiye Diyanet Vakf\u0131 Antalya \u015eubesi ile il\u00e7e m\u00fcft\u00fcl\u00fckleri ve TDV \u015eubelerinin kad\u0131n kollar\u0131 koordinesinde, geliri Hatay ilindeki depremzedelere ba\u011f\u0131\u015flanmak \u00fczere a\u00e7\u0131lan Hay\u0131r \u00c7ar\u015f\u0131s\u0131\u2019n\u0131n gelecek d\u00f6nemlerde de belirli aral\u0131klarla d\u00fczenlenece\u011fi ifade edildi.<\/p>\n<p>\u200bAntalya \u0130l M\u00fcft\u00fcl\u00fc\u011f\u00fc ve T\u00fcrkiye Diyanet Vakf\u0131 Antalya \u015eubesi ile il\u00e7e m\u00fcft\u00fcl\u00fckleri ve TDV \u015eubelerinin kad\u0131n kollar\u0131 koordinesinde, Muratpa\u015fa Cami avlusunda hay\u0131r \u00e7ar\u015f\u0131s\u0131 kuruldu. \u00c7ar\u015f\u0131da elde edilecek gelir Hatayl\u0131 depremzedelere g\u00f6nderilecek.\u00a0<\/p>\n<p>\u200bHaberin Al\u0131nt\u0131land\u0131\u011f\u0131 Kaynak: www.antalyakorfez.com<\/p>","protected":false},"excerpt":{"rendered":"<p>Antalya Muratpa\u015fa Camii bah\u00e7esinde d\u00fczenlenen hay\u0131r \u00e7ar\u015f\u0131s\u0131nda g\u00f6n\u00fcll\u00fclerin getirmi\u015f oldu\u011fu \u00fcr\u00fcnler depremzedeler yarar\u0131na sat\u0131\u015fa sunuldu. Antalya \u0130l M\u00fcft\u00fcs\u00fc Nazif Fethi Yal\u00e7\u0131nkaya da kurulan Hay\u0131r \u00c7ar\u015f\u0131s\u0131n\u0131 ziyaret ederek g\u00f6n\u00fcll\u00fclere kolayl\u0131klar diledi. Gelirin tamam\u0131n\u0131n Hatay\u2019da depremzedelere yollanaca\u011f\u0131 ifade edildi. B\u00dcY\u00dcK \u0130LG\u0130 G\u00d6RD\u00dc Antalya \u0130l M\u00fcft\u00fcl\u00fc\u011f\u00fc ve T\u00fcrkiye Diyanet Vakf\u0131 Antalya \u015eubesi ile il\u00e7e m\u00fcft\u00fcl\u00fckleri ve TDV \u015eubelerinin kad\u0131n kollar\u0131 koordinesinde, geliri Hatay ilindeki depremzedelere ba\u011f\u0131\u015flanmak \u00fczere hay\u0131r \u00e7ar\u015f\u0131s\u0131 a\u00e7\u0131ld\u0131. Muratpa\u015fa Camii bah\u00e7esinde d\u00fczenlenen hay\u0131r \u00e7ar\u015f\u0131s\u0131nda g\u00f6n\u00fcll\u00fclerin getirmi\u015f oldu\u011fu \u00fcr\u00fcnler depremzedeler yarar\u0131na sat\u0131\u015fa sunuldu. Antalya \u0130l M\u00fcft\u00fcs\u00fc Nazif Fethi Yal\u00e7\u0131nkaya da kurulan Hay\u0131r \u00c7ar\u015f\u0131s\u0131n\u0131 ziyaret ederek g\u00f6n\u00fcll\u00fclere kolayl\u0131klar diledi. DEPREMZEDELER\u0130N HER ZAMAN YANINDA OLACA\u011eIZ Hay\u0131r \u00c7ar\u015f\u0131s\u0131\u2019nda g\u00f6n\u00fcll\u00fcler taraf\u0131ndan sat\u0131\u015fa \u00e7ok say\u0131da \u00fcr\u00fcn konuldu. G\u00f6n\u00fcll\u00fcler; \u201cDepremin ac\u0131s\u0131 hen\u00fcz ge\u00e7mi\u015f de\u011fil. Bizler bug\u00fcn burada k\u00fc\u00e7\u00fckte olsa Hatayl\u0131 depremzedelere ve di\u011fer depremzedelere onlar\u0131 unutmad\u0131\u011f\u0131m\u0131z\u0131 g\u00f6stermek istiyoruz\u201d \u015feklinde konu\u015ftular. Antalya \u0130l M\u00fcft\u00fcl\u00fc\u011f\u00fc ve T\u00fcrkiye Diyanet Vakf\u0131 Antalya \u015eubesi ile il\u00e7e m\u00fcft\u00fcl\u00fckleri ve TDV \u015eubelerinin kad\u0131n kollar\u0131 koordinesinde, geliri Hatay ilindeki depremzedelere ba\u011f\u0131\u015flanmak \u00fczere a\u00e7\u0131lan Hay\u0131r \u00c7ar\u015f\u0131s\u0131\u2019n\u0131n gelecek d\u00f6nemlerde de belirli aral\u0131klarla d\u00fczenlenece\u011fi ifade edildi. \u200bAntalya \u0130l M\u00fcft\u00fcl\u00fc\u011f\u00fc ve T\u00fcrkiye Diyanet Vakf\u0131 Antalya \u015eubesi ile il\u00e7e m\u00fcft\u00fcl\u00fckleri ve TDV \u015eubelerinin kad\u0131n kollar\u0131 koordinesinde, Muratpa\u015fa Cami avlusunda hay\u0131r \u00e7ar\u015f\u0131s\u0131 kuruldu. \u00c7ar\u015f\u0131da elde edilecek gelir Hatayl\u0131 depremzedelere g\u00f6nderilecek.\u00a0 \u200bHaberin Al\u0131nt\u0131land\u0131\u011f\u0131 &hellip;<\/p>","protected":false},"author":0,"featured_media":0,"comment_status":"open","ping_status":"open","sticky":false,"template":"","format":"standard","meta":{"_acf_changed":false,"footnotes":""},"categories":[24,535],"tags":[],"class_list":["post-11403","post","type-post","status-publish","format-standard","has-post-thumbnail","hentry","category-gundem","category-uncategorized-tr"],"acf":[],"yoast_head":"<!-- This site is optimized with the Yoast SEO Premium plugin v26.6 (Yoast SEO v27.1.1) - https:\/\/yoast.com\/product\/yoast-seo-premium-wordpress\/ -->\n<title>Antalya\u2019da depremzedeler i\u00e7in hay\u0131r \u00e7ar\u015f\u0131s\u0131 kuruldu - Av. Deniz Can K\u0131z\u0131l<\/title>\n<meta name=\"robots\" content=\"index, follow, max-snippet:-1, max-image-preview:large, max-video-preview:-1\" \/>\n<link rel=\"canonical\" href=\"http:\/\/denizcankizil.tr\/uk\/haberler\/gundem\/antalyada-depremzedeler-icin-hayir-carsisi-kuruldu\/\" \/>\n<meta property=\"og:locale\" content=\"uk_UA\" \/>\n<meta property=\"og:type\" content=\"article\" \/>\n<meta property=\"og:title\" content=\"Antalya\u2019da depremzedeler i\u00e7in hay\u0131r \u00e7ar\u015f\u0131s\u0131 kuruldu\" \/>\n<meta property=\"og:description\" content=\"Antalya Muratpa\u015fa Camii bah\u00e7esinde d\u00fczenlenen hay\u0131r \u00e7ar\u015f\u0131s\u0131nda g\u00f6n\u00fcll\u00fclerin getirmi\u015f oldu\u011fu \u00fcr\u00fcnler depremzedeler yarar\u0131na sat\u0131\u015fa sunuldu. Antalya \u0130l M\u00fcft\u00fcs\u00fc Nazif Fethi Yal\u00e7\u0131nkaya da kurulan Hay\u0131r \u00c7ar\u015f\u0131s\u0131n\u0131 ziyaret ederek g\u00f6n\u00fcll\u00fclere kolayl\u0131klar diledi. Gelirin tamam\u0131n\u0131n Hatay\u2019da depremzedelere yollanaca\u011f\u0131 ifade edildi. B\u00dcY\u00dcK \u0130LG\u0130 G\u00d6RD\u00dc Antalya \u0130l M\u00fcft\u00fcl\u00fc\u011f\u00fc ve T\u00fcrkiye Diyanet Vakf\u0131 Antalya \u015eubesi ile il\u00e7e m\u00fcft\u00fcl\u00fckleri ve TDV \u015eubelerinin kad\u0131n kollar\u0131 koordinesinde, geliri Hatay ilindeki depremzedelere ba\u011f\u0131\u015flanmak \u00fczere hay\u0131r \u00e7ar\u015f\u0131s\u0131 a\u00e7\u0131ld\u0131. Muratpa\u015fa Camii bah\u00e7esinde d\u00fczenlenen hay\u0131r \u00e7ar\u015f\u0131s\u0131nda g\u00f6n\u00fcll\u00fclerin getirmi\u015f oldu\u011fu \u00fcr\u00fcnler depremzedeler yarar\u0131na sat\u0131\u015fa sunuldu. Antalya \u0130l M\u00fcft\u00fcs\u00fc Nazif Fethi Yal\u00e7\u0131nkaya da kurulan Hay\u0131r \u00c7ar\u015f\u0131s\u0131n\u0131 ziyaret ederek g\u00f6n\u00fcll\u00fclere kolayl\u0131klar diledi. DEPREMZEDELER\u0130N HER ZAMAN YANINDA OLACA\u011eIZ Hay\u0131r \u00c7ar\u015f\u0131s\u0131\u2019nda g\u00f6n\u00fcll\u00fcler taraf\u0131ndan sat\u0131\u015fa \u00e7ok say\u0131da \u00fcr\u00fcn konuldu. G\u00f6n\u00fcll\u00fcler; \u201cDepremin ac\u0131s\u0131 hen\u00fcz ge\u00e7mi\u015f de\u011fil. Bizler bug\u00fcn burada k\u00fc\u00e7\u00fckte olsa Hatayl\u0131 depremzedelere ve di\u011fer depremzedelere onlar\u0131 unutmad\u0131\u011f\u0131m\u0131z\u0131 g\u00f6stermek istiyoruz\u201d \u015feklinde konu\u015ftular. Antalya \u0130l M\u00fcft\u00fcl\u00fc\u011f\u00fc ve T\u00fcrkiye Diyanet Vakf\u0131 Antalya \u015eubesi ile il\u00e7e m\u00fcft\u00fcl\u00fckleri ve TDV \u015eubelerinin kad\u0131n kollar\u0131 koordinesinde, geliri Hatay ilindeki depremzedelere ba\u011f\u0131\u015flanmak \u00fczere a\u00e7\u0131lan Hay\u0131r \u00c7ar\u015f\u0131s\u0131\u2019n\u0131n gelecek d\u00f6nemlerde de belirli aral\u0131klarla d\u00fczenlenece\u011fi ifade edildi. \u200bAntalya \u0130l M\u00fcft\u00fcl\u00fc\u011f\u00fc ve T\u00fcrkiye Diyanet Vakf\u0131 Antalya \u015eubesi ile il\u00e7e m\u00fcft\u00fcl\u00fckleri ve TDV \u015eubelerinin kad\u0131n kollar\u0131 koordinesinde, Muratpa\u015fa Cami avlusunda hay\u0131r \u00e7ar\u015f\u0131s\u0131 kuruldu. \u00c7ar\u015f\u0131da elde edilecek gelir Hatayl\u0131 depremzedelere g\u00f6nderilecek.\u00a0 \u200bHaberin Al\u0131nt\u0131land\u0131\u011f\u0131 &hellip;\" \/>\n<meta property=\"og:url\" content=\"http:\/\/denizcankizil.tr\/uk\/haberler\/gundem\/antalyada-depremzedeler-icin-hayir-carsisi-kuruldu\/\" \/>\n<meta property=\"og:site_name\" content=\"Av. Deniz Can K\u0131z\u0131l\" \/>\n<meta property=\"article:published_time\" content=\"2024-11-02T07:41:27+00:00\" \/>\n<meta name=\"twitter:card\" content=\"summary_large_image\" \/>\n<meta name=\"twitter:label1\" content=\"\u041f\u0440\u0438\u0431\u043b. \u0447\u0430\u0441 \u0447\u0438\u0442\u0430\u043d\u043d\u044f\" \/>\n\t<meta name=\"twitter:data1\" content=\"2 \u0445\u0432\u0438\u043b\u0438\u043d\u0438\" \/>\n<script type=\"application\/ld+json\" class=\"yoast-schema-graph\">{\"@context\":\"https:\/\/schema.org\",\"@graph\":[{\"@type\":\"Article\",\"@id\":\"http:\/\/denizcankizil.tr\/ru\/haberler\/gundem\/antalyada-depremzedeler-icin-hayir-carsisi-kuruldu\/#article\",\"isPartOf\":{\"@id\":\"http:\/\/denizcankizil.tr\/ru\/haberler\/gundem\/antalyada-depremzedeler-icin-hayir-carsisi-kuruldu\/\"},\"author\":{\"name\":\"\",\"@id\":\"\"},\"headline\":\"Antalya\u2019da depremzedeler i\u00e7in hay\u0131r \u00e7ar\u015f\u0131s\u0131 kuruldu\",\"datePublished\":\"2024-11-02T07:41:27+00:00\",\"mainEntityOfPage\":{\"@id\":\"http:\/\/denizcankizil.tr\/ru\/haberler\/gundem\/antalyada-depremzedeler-icin-hayir-carsisi-kuruldu\/\"},\"wordCount\":337,\"commentCount\":0,\"publisher\":{\"@id\":\"https:\/\/denizcankizil.tr\/de\/#organization\"},\"articleSection\":[\"G\u00fcndem\",\"Uncategorized\"],\"inLanguage\":\"uk\",\"potentialAction\":[{\"@type\":\"CommentAction\",\"name\":\"Comment\",\"target\":[\"http:\/\/denizcankizil.tr\/ru\/haberler\/gundem\/antalyada-depremzedeler-icin-hayir-carsisi-kuruldu\/#respond\"]}]},{\"@type\":\"WebPage\",\"@id\":\"http:\/\/denizcankizil.tr\/ru\/haberler\/gundem\/antalyada-depremzedeler-icin-hayir-carsisi-kuruldu\/\",\"url\":\"http:\/\/denizcankizil.tr\/ru\/haberler\/gundem\/antalyada-depremzedeler-icin-hayir-carsisi-kuruldu\/\",\"name\":\"Antalya\u2019da depremzedeler i\u00e7in hay\u0131r \u00e7ar\u015f\u0131s\u0131 kuruldu - Av. Deniz Can K\u0131z\u0131l\",\"isPartOf\":{\"@id\":\"https:\/\/denizcankizil.tr\/de\/#website\"},\"datePublished\":\"2024-11-02T07:41:27+00:00\",\"breadcrumb\":{\"@id\":\"http:\/\/denizcankizil.tr\/ru\/haberler\/gundem\/antalyada-depremzedeler-icin-hayir-carsisi-kuruldu\/#breadcrumb\"},\"inLanguage\":\"uk\",\"potentialAction\":[{\"@type\":\"ReadAction\",\"target\":[\"http:\/\/denizcankizil.tr\/ru\/haberler\/gundem\/antalyada-depremzedeler-icin-hayir-carsisi-kuruldu\/\"]}]},{\"@type\":\"BreadcrumbList\",\"@id\":\"http:\/\/denizcankizil.tr\/ru\/haberler\/gundem\/antalyada-depremzedeler-icin-hayir-carsisi-kuruldu\/#breadcrumb\",\"itemListElement\":[{\"@type\":\"ListItem\",\"position\":1,\"name\":\"Home\",\"item\":\"https:\/\/denizcankizil.tr\/de\/\"},{\"@type\":\"ListItem\",\"position\":2,\"name\":\"Antalya\u2019da depremzedeler i\u00e7in hay\u0131r \u00e7ar\u015f\u0131s\u0131 kuruldu\"}]},{\"@type\":\"WebSite\",\"@id\":\"https:\/\/denizcankizil.tr\/de\/#website\",\"url\":\"https:\/\/denizcankizil.tr\/de\/\",\"name\":\"Av. Deniz Can K\u0131z\u0131l\",\"description\":\"Avukat Deniz Can K\u0131z\u0131l Antalya Barosu\",\"publisher\":{\"@id\":\"https:\/\/denizcankizil.tr\/de\/#organization\"},\"potentialAction\":[{\"@type\":\"SearchAction\",\"target\":{\"@type\":\"EntryPoint\",\"urlTemplate\":\"https:\/\/denizcankizil.tr\/de\/?s={search_term_string}\"},\"query-input\":{\"@type\":\"PropertyValueSpecification\",\"valueRequired\":true,\"valueName\":\"search_term_string\"}}],\"inLanguage\":\"uk\"},{\"@type\":\"Organization\",\"@id\":\"https:\/\/denizcankizil.tr\/de\/#organization\",\"name\":\"Av. Deniz Can K\u0131z\u0131l\",\"url\":\"https:\/\/denizcankizil.tr\/de\/\",\"logo\":{\"@type\":\"ImageObject\",\"inLanguage\":\"uk\",\"@id\":\"https:\/\/denizcankizil.tr\/de\/#\/schema\/logo\/image\/\",\"url\":\"http:\/\/denizcankizil.tr\/wp-content\/uploads\/2024\/10\/siyah-logo-svg.svg\",\"contentUrl\":\"http:\/\/denizcankizil.tr\/wp-content\/uploads\/2024\/10\/siyah-logo-svg.svg\",\"width\":1080,\"height\":1080,\"caption\":\"Av. Deniz Can K\u0131z\u0131l\"},\"image\":{\"@id\":\"https:\/\/denizcankizil.tr\/de\/#\/schema\/logo\/image\/\"}}]}<\/script>\n<!-- \/ Yoast SEO Premium plugin. -->","yoast_head_json":{"title":"Antalya\u2019da depremzedeler i\u00e7in hay\u0131r \u00e7ar\u015f\u0131s\u0131 kuruldu - Av. Deniz Can K\u0131z\u0131l","robots":{"index":"index","follow":"follow","max-snippet":"max-snippet:-1","max-image-preview":"max-image-preview:large","max-video-preview":"max-video-preview:-1"},"canonical":"http:\/\/denizcankizil.tr\/uk\/haberler\/gundem\/antalyada-depremzedeler-icin-hayir-carsisi-kuruldu\/","og_locale":"uk_UA","og_type":"article","og_title":"Antalya\u2019da depremzedeler i\u00e7in hay\u0131r \u00e7ar\u015f\u0131s\u0131 kuruldu","og_description":"Antalya Muratpa\u015fa Camii bah\u00e7esinde d\u00fczenlenen hay\u0131r \u00e7ar\u015f\u0131s\u0131nda g\u00f6n\u00fcll\u00fclerin getirmi\u015f oldu\u011fu \u00fcr\u00fcnler depremzedeler yarar\u0131na sat\u0131\u015fa sunuldu. Antalya \u0130l M\u00fcft\u00fcs\u00fc Nazif Fethi Yal\u00e7\u0131nkaya da kurulan Hay\u0131r \u00c7ar\u015f\u0131s\u0131n\u0131 ziyaret ederek g\u00f6n\u00fcll\u00fclere kolayl\u0131klar diledi. Gelirin tamam\u0131n\u0131n Hatay\u2019da depremzedelere yollanaca\u011f\u0131 ifade edildi. B\u00dcY\u00dcK \u0130LG\u0130 G\u00d6RD\u00dc Antalya \u0130l M\u00fcft\u00fcl\u00fc\u011f\u00fc ve T\u00fcrkiye Diyanet Vakf\u0131 Antalya \u015eubesi ile il\u00e7e m\u00fcft\u00fcl\u00fckleri ve TDV \u015eubelerinin kad\u0131n kollar\u0131 koordinesinde, geliri Hatay ilindeki depremzedelere ba\u011f\u0131\u015flanmak \u00fczere hay\u0131r \u00e7ar\u015f\u0131s\u0131 a\u00e7\u0131ld\u0131. Muratpa\u015fa Camii bah\u00e7esinde d\u00fczenlenen hay\u0131r \u00e7ar\u015f\u0131s\u0131nda g\u00f6n\u00fcll\u00fclerin getirmi\u015f oldu\u011fu \u00fcr\u00fcnler depremzedeler yarar\u0131na sat\u0131\u015fa sunuldu. Antalya \u0130l M\u00fcft\u00fcs\u00fc Nazif Fethi Yal\u00e7\u0131nkaya da kurulan Hay\u0131r \u00c7ar\u015f\u0131s\u0131n\u0131 ziyaret ederek g\u00f6n\u00fcll\u00fclere kolayl\u0131klar diledi. DEPREMZEDELER\u0130N HER ZAMAN YANINDA OLACA\u011eIZ Hay\u0131r \u00c7ar\u015f\u0131s\u0131\u2019nda g\u00f6n\u00fcll\u00fcler taraf\u0131ndan sat\u0131\u015fa \u00e7ok say\u0131da \u00fcr\u00fcn konuldu. G\u00f6n\u00fcll\u00fcler; \u201cDepremin ac\u0131s\u0131 hen\u00fcz ge\u00e7mi\u015f de\u011fil. Bizler bug\u00fcn burada k\u00fc\u00e7\u00fckte olsa Hatayl\u0131 depremzedelere ve di\u011fer depremzedelere onlar\u0131 unutmad\u0131\u011f\u0131m\u0131z\u0131 g\u00f6stermek istiyoruz\u201d \u015feklinde konu\u015ftular. Antalya \u0130l M\u00fcft\u00fcl\u00fc\u011f\u00fc ve T\u00fcrkiye Diyanet Vakf\u0131 Antalya \u015eubesi ile il\u00e7e m\u00fcft\u00fcl\u00fckleri ve TDV \u015eubelerinin kad\u0131n kollar\u0131 koordinesinde, geliri Hatay ilindeki depremzedelere ba\u011f\u0131\u015flanmak \u00fczere a\u00e7\u0131lan Hay\u0131r \u00c7ar\u015f\u0131s\u0131\u2019n\u0131n gelecek d\u00f6nemlerde de belirli aral\u0131klarla d\u00fczenlenece\u011fi ifade edildi. \u200bAntalya \u0130l M\u00fcft\u00fcl\u00fc\u011f\u00fc ve T\u00fcrkiye Diyanet Vakf\u0131 Antalya \u015eubesi ile il\u00e7e m\u00fcft\u00fcl\u00fckleri ve TDV \u015eubelerinin kad\u0131n kollar\u0131 koordinesinde, Muratpa\u015fa Cami avlusunda hay\u0131r \u00e7ar\u015f\u0131s\u0131 kuruldu. \u00c7ar\u015f\u0131da elde edilecek gelir Hatayl\u0131 depremzedelere g\u00f6nderilecek.\u00a0 \u200bHaberin Al\u0131nt\u0131land\u0131\u011f\u0131 &hellip;","og_url":"http:\/\/denizcankizil.tr\/uk\/haberler\/gundem\/antalyada-depremzedeler-icin-hayir-carsisi-kuruldu\/","og_site_name":"Av. Deniz Can K\u0131z\u0131l","article_published_time":"2024-11-02T07:41:27+00:00","twitter_card":"summary_large_image","twitter_misc":{"\u041f\u0440\u0438\u0431\u043b. \u0447\u0430\u0441 \u0447\u0438\u0442\u0430\u043d\u043d\u044f":"2 \u0445\u0432\u0438\u043b\u0438\u043d\u0438"},"schema":{"@context":"https:\/\/schema.org","@graph":[{"@type":"Article","@id":"http:\/\/denizcankizil.tr\/ru\/haberler\/gundem\/antalyada-depremzedeler-icin-hayir-carsisi-kuruldu\/#article","isPartOf":{"@id":"http:\/\/denizcankizil.tr\/ru\/haberler\/gundem\/antalyada-depremzedeler-icin-hayir-carsisi-kuruldu\/"},"author":{"name":"","@id":""},"headline":"Antalya\u2019da depremzedeler i\u00e7in hay\u0131r \u00e7ar\u015f\u0131s\u0131 kuruldu","datePublished":"2024-11-02T07:41:27+00:00","mainEntityOfPage":{"@id":"http:\/\/denizcankizil.tr\/ru\/haberler\/gundem\/antalyada-depremzedeler-icin-hayir-carsisi-kuruldu\/"},"wordCount":337,"commentCount":0,"publisher":{"@id":"https:\/\/denizcankizil.tr\/de\/#organization"},"articleSection":["G\u00fcndem","Uncategorized"],"inLanguage":"uk","potentialAction":[{"@type":"CommentAction","name":"Comment","target":["http:\/\/denizcankizil.tr\/ru\/haberler\/gundem\/antalyada-depremzedeler-icin-hayir-carsisi-kuruldu\/#respond"]}]},{"@type":"WebPage","@id":"http:\/\/denizcankizil.tr\/ru\/haberler\/gundem\/antalyada-depremzedeler-icin-hayir-carsisi-kuruldu\/","url":"http:\/\/denizcankizil.tr\/ru\/haberler\/gundem\/antalyada-depremzedeler-icin-hayir-carsisi-kuruldu\/","name":"Antalya\u2019da depremzedeler i\u00e7in hay\u0131r \u00e7ar\u015f\u0131s\u0131 kuruldu - Av. Deniz Can K\u0131z\u0131l","isPartOf":{"@id":"https:\/\/denizcankizil.tr\/de\/#website"},"datePublished":"2024-11-02T07:41:27+00:00","breadcrumb":{"@id":"http:\/\/denizcankizil.tr\/ru\/haberler\/gundem\/antalyada-depremzedeler-icin-hayir-carsisi-kuruldu\/#breadcrumb"},"inLanguage":"uk","potentialAction":[{"@type":"ReadAction","target":["http:\/\/denizcankizil.tr\/ru\/haberler\/gundem\/antalyada-depremzedeler-icin-hayir-carsisi-kuruldu\/"]}]},{"@type":"BreadcrumbList","@id":"http:\/\/denizcankizil.tr\/ru\/haberler\/gundem\/antalyada-depremzedeler-icin-hayir-carsisi-kuruldu\/#breadcrumb","itemListElement":[{"@type":"ListItem","position":1,"name":"Home","item":"https:\/\/denizcankizil.tr\/de\/"},{"@type":"ListItem","position":2,"name":"Antalya\u2019da depremzedeler i\u00e7in hay\u0131r \u00e7ar\u015f\u0131s\u0131 kuruldu"}]},{"@type":"WebSite","@id":"https:\/\/denizcankizil.tr\/de\/#website","url":"https:\/\/denizcankizil.tr\/de\/","name":"Av. Deniz Can K\u0131z\u0131l","description":"Avukat Deniz Can K\u0131z\u0131l Antalya Barosu","publisher":{"@id":"https:\/\/denizcankizil.tr\/de\/#organization"},"potentialAction":[{"@type":"SearchAction","target":{"@type":"EntryPoint","urlTemplate":"https:\/\/denizcankizil.tr\/de\/?s={search_term_string}"},"query-input":{"@type":"PropertyValueSpecification","valueRequired":true,"valueName":"search_term_string"}}],"inLanguage":"uk"},{"@type":"Organization","@id":"https:\/\/denizcankizil.tr\/de\/#organization","name":"Av. Deniz Can K\u0131z\u0131l","url":"https:\/\/denizcankizil.tr\/de\/","logo":{"@type":"ImageObject","inLanguage":"uk","@id":"https:\/\/denizcankizil.tr\/de\/#\/schema\/logo\/image\/","url":"http:\/\/denizcankizil.tr\/wp-content\/uploads\/2024\/10\/siyah-logo-svg.svg","contentUrl":"http:\/\/denizcankizil.tr\/wp-content\/uploads\/2024\/10\/siyah-logo-svg.svg","width":1080,"height":1080,"caption":"Av. Deniz Can K\u0131z\u0131l"},"image":{"@id":"https:\/\/denizcankizil.tr\/de\/#\/schema\/logo\/image\/"}}]}},"_links":{"self":[{"href":"http:\/\/denizcankizil.tr\/uk\/wp-json\/wp\/v2\/posts\/11403","targetHints":{"allow":["GET"]}}],"collection":[{"href":"http:\/\/denizcankizil.tr\/uk\/wp-json\/wp\/v2\/posts"}],"about":[{"href":"http:\/\/denizcankizil.tr\/uk\/wp-json\/wp\/v2\/types\/post"}],"replies":[{"embeddable":true,"href":"http:\/\/denizcankizil.tr\/uk\/wp-json\/wp\/v2\/comments?post=11403"}],"version-history":[{"count":0,"href":"http:\/\/denizcankizil.tr\/uk\/wp-json\/wp\/v2\/posts\/11403\/revisions"}],"wp:attachment":[{"href":"http:\/\/denizcankizil.tr\/uk\/wp-json\/wp\/v2\/media?parent=11403"}],"wp:term":[{"taxonomy":"category","embeddable":true,"href":"http:\/\/denizcankizil.tr\/uk\/wp-json\/wp\/v2\/categories?post=11403"},{"taxonomy":"post_tag","embeddable":true,"href":"http:\/\/denizcankizil.tr\/uk\/wp-json\/wp\/v2\/tags?post=11403"}],"curies":[{"name":"wp","href":"https:\/\/api.w.org\/{rel}","templated":true}]}}