{"id":11270,"date":"2024-11-01T19:41:24","date_gmt":"2024-11-01T16:41:24","guid":{"rendered":"https:\/\/denizcankizil.tr\/uncategorized-tr\/rize-camlihemsin-tunelinde-isik-gorundu\/"},"modified":"2024-11-01T19:41:24","modified_gmt":"2024-11-01T16:41:24","slug":"rize-camlihemsin-tunelinde-isik-gorundu","status":"publish","type":"post","link":"http:\/\/denizcankizil.tr\/uk\/haberler\/gundem\/rize-camlihemsin-tunelinde-isik-gorundu\/","title":{"rendered":"Rize \u00c7aml\u0131hem\u015fin T\u00fcneli&#8217;nde \u0131\u015f\u0131k g\u00f6r\u00fcnd\u00fc"},"content":{"rendered":"<p>Ula\u015ft\u0131rma ve Altyap\u0131 Bakan\u0131 Abdulkadir Uralo\u011flu, Arde\u015fen-\u00c7aml\u0131hem\u015fin-Ayder \u0130l Yolu kapsam\u0131nda in\u015fa edilen \u00c7aml\u0131hem\u015fin T\u00fcneli I\u015f\u0131k G\u00f6rme T\u00f6reni\u2019nde yeni hedefleri payla\u015ft\u0131. Karadeniz Sahil Yolu&#8217;nun Pazar \u2013 Arde\u015fen ayr\u0131m\u0131ndan ba\u015flayarak \u00c7aml\u0131hem\u015fin\u2019den ge\u00e7erek Ayder Yenileme ve Koruma Projesi ile entegre oldu\u011funu ifade eden Bakan Uralo\u011flu, yolun tamamland\u0131\u011f\u0131nda mevcut yolda 2 kilometre, seyahat s\u00fcresinde ise 20 dakika k\u0131salma sa\u011flayaca\u011f\u0131n\u0131 s\u00f6yledi.R\u0130ZE (\u0130GFA) &#8211; Ula\u015ft\u0131rma ve Altyap\u0131 Bakan\u0131 Abdulkadir Uralo\u011flu, Arde\u015fen-\u00c7aml\u0131hem\u015fin-Ayder \u0130l Yolu kapsam\u0131nda in\u015fa edilen \u00c7aml\u0131hem\u015fin T\u00fcneli I\u015f\u0131k G\u00f6rme T\u00f6reni\u2019nde a\u00e7\u0131klamalarda bulundu.<br \/>\nT\u00fcnelin temel atma t\u00f6renini ge\u00e7en y\u0131l Cumhurba\u015fkan\u0131 Recep Tayyip Erdo\u011fan ile ger\u00e7ekle\u015ftirdiklerini an\u0131msatan Bakan Uralo\u011flu, \u201c36,5 kilometre uzunlu\u011fundaki projemiz Karadeniz Sahil Yolu&#8217;nun Pazar-Arde\u015fen ayr\u0131m\u0131ndan ba\u015flay\u0131p, \u00c7aml\u0131hem\u015fin il\u00e7e merkezinden ge\u00e7erek, Ayder mevkiinde Ayder Yenileme ve Koruma Projesi ile entegre olarak son buluyor.\u201d dedi.<br \/>\nBakan Uralo\u011flu, projeyi yeni bir yakla\u015f\u0131mla ele alarak bit\u00fcml\u00fc s\u0131cak kar\u0131\u015f\u0131m kaplamal\u0131 in\u015fa ettiklerini belirterek, \u201cProjemiz kapsam\u0131nda, 960 metrelik \u00c7aml\u0131hem\u015fin T\u00fcneli ile birlikte 2 bin 252 metrelik Hala T\u00fcneli ve toplam uzunluklar\u0131 215 metre olan 4 adet k\u00f6pr\u00fc ile 3 adet kav\u015fak bulunuyor. Ayr\u0131ca, yolun yakla\u015f\u0131k be\u015finci kilometresinde Tunca Kav\u015fa\u011f\u0131\u2019ndan ayr\u0131l\u0131p Tunca Beldesi\u2019ne ba\u011flant\u0131 sa\u011flayan 3 kilometrelik ba\u011flant\u0131 yolumuz da yer al\u0131yor. B\u00f6ylece asl\u0131nda projemizin toplam uzunlu\u011fu 39,5 kilometreye ula\u015f\u0131yor.\u201d ifadelerini kulland\u0131.<\/p>\n<p>\u201cDA\u011eLARI T\u00dcNELLERLE DELEREK MEDEN\u0130YET\u0130M\u0130Z\u0130N SINIRLARINI GEN\u0130\u015eLETT\u0130K\u201d<br \/>\nDo\u011fu Karadeniz B\u00f6lgesinin zorlu co\u011frafi \u015fartlar\u0131na dikkat \u00e7eken Bakan Uralo\u011flu, \u201cBu y\u00f6renin a\u015f\u0131r\u0131 ya\u011f\u0131\u015f alan bir b\u00f6lge olmas\u0131, dik e\u011fimli topografik yap\u0131s\u0131 nedeniyle muhtelif kesimlerinde kaya d\u00fc\u015fmeleri, sel afetleri ve heyelan riski bulunuyor. Ancak bu engeller kar\u015f\u0131s\u0131nda asla pes etmedik. Da\u011flar\u0131 t\u00fcnellerle delerek, derin vadileri k\u00f6pr\u00fclerle ge\u00e7erek, insan\u0131m\u0131z\u0131n ihtiya\u00e7 duydu\u011fu projeleri ger\u00e7ekle\u015ftirdik, medeniyetimizin s\u0131n\u0131rlar\u0131n\u0131 geni\u015flettik. Bug\u00fcn burada, 960 metrelik \u00c7aml\u0131hem\u015fin T\u00fcneli\u2019ndeki kaz\u0131 \u00e7al\u0131\u015fmalar\u0131n\u0131 tamamlay\u0131p \u0131\u015f\u0131k g\u00f6rme a\u015famas\u0131na gelerek bu azmin ve kararl\u0131l\u0131\u011f\u0131n bir \u00f6rne\u011fini daha ya\u015f\u0131yoruz. Arde\u015fen Ayr\u0131m\u0131\u2019ndan Ayder Yaylas\u0131\u2019na yol boyunca trafi\u011fin g\u00fcvenli ak\u0131\u015f\u0131n\u0131 sa\u011flamak amac\u0131yla \u00f6zellikle yaz aylar\u0131nda trafik yo\u011funlu\u011fu artan \u00c7aml\u0131hem\u015fin il\u00e7e ge\u00e7i\u015fini \u00c7aml\u0131hem\u015fin T\u00fcneliyle ge\u00e7iyoruz&#8221; diye konu\u015ftu.<br \/>\nBakan Uralo\u011flu, Arde\u015fen-\u00c7aml\u0131hem\u015fin-Ayder \u0130l Yolu\u2019nun Karadeniz B\u00f6lgesi&#8217;nde son d\u00f6nemlerde hem k\u0131\u015f turizmi hem de yayla turizmine hizmet eden ve her y\u0131l bir milyonu a\u015fk\u0131n ziyaret\u00e7iyi a\u011f\u0131rlayan d\u00fcnyaca \u00fcnl\u00fc Ayder Yaylas\u0131&#8217;na ula\u015f\u0131m sa\u011flamas\u0131yla b\u00f6lgenin k\u00fclt\u00fcrel ve ekonomik dokusunu \u015fekillendirmesi a\u00e7\u0131s\u0131ndan b\u00fcy\u00fck \u00f6nem ta\u015f\u0131d\u0131\u011f\u0131n\u0131 anlatt\u0131.<br \/>\nKaradeniz sahilinden i\u00e7 kesimlere ula\u015f\u0131m kolayl\u0131\u011f\u0131 sa\u011flayacak proje ile t\u00fcm b\u00f6lgedeki ticaret ve turizm potansiyelini de art\u0131racaklar\u0131n\u0131 s\u00f6yleyen Bakan Uralo\u011flu, b\u00f6lgeye yap\u0131lan yat\u0131r\u0131mlar\u0131n artmas\u0131na ve yeni turizm tesislerinin a\u00e7\u0131lmas\u0131na \u00f6nc\u00fcl\u00fck ederek yeni istihdam imkanlar\u0131n\u0131 da beraberinde getirece\u011fini kaydetti.<br \/>\nR\u0130ZE\u2019YE 135,9 M\u0130LYON L\u0130RA YATIRIM YAPILDI<br \/>\nRize\u2019nin Avrupa ile Orta Asya\u2019ya a\u00e7\u0131lan Kafkasya Koridoru \u00fczerinde yer almas\u0131 ve Do\u011fu blo\u011fu \u00fclke pazarlar\u0131na ula\u015f\u0131m imk\u00e2n\u0131 sa\u011flayan konumu ile Do\u011fu Karadeniz\u2019in \u00f6nemli merkezleri aras\u0131nda yer ald\u0131\u011f\u0131n\u0131 s\u00f6yleyen Bakan Uralo\u011flu, &#8220;H\u0131zla b\u00fcy\u00fcyen ve geli\u015fen Organize Sanayi B\u00f6lgesi ve yap\u0131m \u00e7al\u0131\u015fmalar\u0131 devam eden \u0130yidere Lojistik Liman\u0131\u2019n\u0131n tamamlanmas\u0131yla da Karadeniz\u2019de \u00f6nemli bir lojistik \u00fcs haline gelecektir. Bu nedenle Rize\u2019nin artan potansiyeline ba\u011fl\u0131 olarak ortaya \u00e7\u0131kan ula\u015f\u0131m ihtiya\u00e7lar\u0131n\u0131 kar\u015f\u0131lamak ve geli\u015fmi\u015f bir ula\u015f\u0131m ve ileti\u015fim altyap\u0131s\u0131 tesis etmeye gayret ediyoruz. Bu kapsamda son 22 y\u0131lda Rize\u2019nin ula\u015f\u0131m ve ileti\u015fim altyap\u0131s\u0131 yat\u0131r\u0131mlar\u0131 i\u00e7in 135 milyar 935 milyon lira harcad\u0131k. 2002\u2019ye kadar sadece 12,2 kilometreyi b\u00f6l\u00fcnm\u00fc\u015f yolu vard\u0131 biz 175,1 kilometre daha yaparak toplamda 187,3 kilometreye ula\u015ft\u0131k. Yollar\u0131n\u0131n sadece 12.2 kilometresi BSK kaplamal\u0131yd\u0131 376 kilometreye y\u00fckselttik.\u201d dedi.<\/p>\n<p>\u200bUla\u015ft\u0131rma ve Altyap\u0131 Bakan\u0131 Abdulkadir Uralo\u011flu, Arde\u015fen-\u00c7aml\u0131hem\u015fin-Ayder \u0130l Yolu kapsam\u0131nda in\u015fa edilen \u00c7aml\u0131hem\u015fin T\u00fcneli I\u015f\u0131k G\u00f6rme T\u00f6reni\u2019nde yeni hedefleri payla\u015ft\u0131  Karadeniz Sahil Yolu&#8217;nun Pazar \u2013 Arde\u015fen ayr\u0131m\u0131ndan ba\u015flayarak \u00c7aml\u0131hem\u015fin\u2019den ge\u00e7erek Ayder Yenileme ve Koruma Projesi ile entegre oldu\u011funu ifade eden Bakan Uralo\u011flu, yolun tamamland\u0131\u011f\u0131nda mevcut yolda 2 kilometre, seyahat s\u00fcresinde ise 20 dakika k\u0131salma sa\u011flayaca\u011f\u0131n\u0131 s\u00f6yledi\u00a0<\/p>\n<p>\u200bHaberin Al\u0131nt\u0131land\u0131\u011f\u0131 Kaynak: www.iskenderun.org<\/p>","protected":false},"excerpt":{"rendered":"<p>Ula\u015ft\u0131rma ve Altyap\u0131 Bakan\u0131 Abdulkadir Uralo\u011flu, Arde\u015fen-\u00c7aml\u0131hem\u015fin-Ayder \u0130l Yolu kapsam\u0131nda in\u015fa edilen \u00c7aml\u0131hem\u015fin T\u00fcneli I\u015f\u0131k G\u00f6rme T\u00f6reni\u2019nde yeni hedefleri payla\u015ft\u0131. Karadeniz Sahil Yolu&#8217;nun Pazar \u2013 Arde\u015fen ayr\u0131m\u0131ndan ba\u015flayarak \u00c7aml\u0131hem\u015fin\u2019den ge\u00e7erek Ayder Yenileme ve Koruma Projesi ile entegre oldu\u011funu ifade eden Bakan Uralo\u011flu, yolun tamamland\u0131\u011f\u0131nda mevcut yolda 2 kilometre, seyahat s\u00fcresinde ise 20 dakika k\u0131salma sa\u011flayaca\u011f\u0131n\u0131 s\u00f6yledi.R\u0130ZE (\u0130GFA) &#8211; Ula\u015ft\u0131rma ve Altyap\u0131 Bakan\u0131 Abdulkadir Uralo\u011flu, Arde\u015fen-\u00c7aml\u0131hem\u015fin-Ayder \u0130l Yolu kapsam\u0131nda in\u015fa edilen \u00c7aml\u0131hem\u015fin T\u00fcneli I\u015f\u0131k G\u00f6rme T\u00f6reni\u2019nde a\u00e7\u0131klamalarda bulundu. T\u00fcnelin temel atma t\u00f6renini ge\u00e7en y\u0131l Cumhurba\u015fkan\u0131 Recep Tayyip Erdo\u011fan ile ger\u00e7ekle\u015ftirdiklerini an\u0131msatan Bakan Uralo\u011flu, \u201c36,5 kilometre uzunlu\u011fundaki projemiz Karadeniz Sahil Yolu&#8217;nun Pazar-Arde\u015fen ayr\u0131m\u0131ndan ba\u015flay\u0131p, \u00c7aml\u0131hem\u015fin il\u00e7e merkezinden ge\u00e7erek, Ayder mevkiinde Ayder Yenileme ve Koruma Projesi ile entegre olarak son buluyor.\u201d dedi. Bakan Uralo\u011flu, projeyi yeni bir yakla\u015f\u0131mla ele alarak bit\u00fcml\u00fc s\u0131cak kar\u0131\u015f\u0131m kaplamal\u0131 in\u015fa ettiklerini belirterek, \u201cProjemiz kapsam\u0131nda, 960 metrelik \u00c7aml\u0131hem\u015fin T\u00fcneli ile birlikte 2 bin 252 metrelik Hala T\u00fcneli ve toplam uzunluklar\u0131 215 metre olan 4 adet k\u00f6pr\u00fc ile 3 adet kav\u015fak bulunuyor. Ayr\u0131ca, yolun yakla\u015f\u0131k be\u015finci kilometresinde Tunca Kav\u015fa\u011f\u0131\u2019ndan ayr\u0131l\u0131p Tunca Beldesi\u2019ne ba\u011flant\u0131 sa\u011flayan 3 kilometrelik ba\u011flant\u0131 yolumuz da yer al\u0131yor. B\u00f6ylece asl\u0131nda projemizin toplam uzunlu\u011fu 39,5 kilometreye ula\u015f\u0131yor.\u201d ifadelerini kulland\u0131. \u201cDA\u011eLARI T\u00dcNELLERLE DELEREK MEDEN\u0130YET\u0130M\u0130Z\u0130N SINIRLARINI GEN\u0130\u015eLETT\u0130K\u201d Do\u011fu Karadeniz B\u00f6lgesinin &hellip;<\/p>","protected":false},"author":0,"featured_media":0,"comment_status":"open","ping_status":"open","sticky":false,"template":"","format":"standard","meta":{"_acf_changed":false,"footnotes":""},"categories":[24,535],"tags":[],"class_list":["post-11270","post","type-post","status-publish","format-standard","has-post-thumbnail","hentry","category-gundem","category-uncategorized-tr"],"acf":[],"yoast_head":"<!-- This site is optimized with the Yoast SEO Premium plugin v26.6 (Yoast SEO v27.1.1) - https:\/\/yoast.com\/product\/yoast-seo-premium-wordpress\/ -->\n<title>Rize \u00c7aml\u0131hem\u015fin T\u00fcneli&#039;nde \u0131\u015f\u0131k g\u00f6r\u00fcnd\u00fc - Av. Deniz Can K\u0131z\u0131l<\/title>\n<meta name=\"robots\" content=\"index, follow, max-snippet:-1, max-image-preview:large, max-video-preview:-1\" \/>\n<link rel=\"canonical\" href=\"http:\/\/denizcankizil.tr\/uk\/haberler\/gundem\/rize-camlihemsin-tunelinde-isik-gorundu\/\" \/>\n<meta property=\"og:locale\" content=\"uk_UA\" \/>\n<meta property=\"og:type\" content=\"article\" \/>\n<meta property=\"og:title\" content=\"Rize \u00c7aml\u0131hem\u015fin T\u00fcneli&#039;nde \u0131\u015f\u0131k g\u00f6r\u00fcnd\u00fc\" \/>\n<meta property=\"og:description\" content=\"Ula\u015ft\u0131rma ve Altyap\u0131 Bakan\u0131 Abdulkadir Uralo\u011flu, Arde\u015fen-\u00c7aml\u0131hem\u015fin-Ayder \u0130l Yolu kapsam\u0131nda in\u015fa edilen \u00c7aml\u0131hem\u015fin T\u00fcneli I\u015f\u0131k G\u00f6rme T\u00f6reni\u2019nde yeni hedefleri payla\u015ft\u0131. Karadeniz Sahil Yolu&#8217;nun Pazar \u2013 Arde\u015fen ayr\u0131m\u0131ndan ba\u015flayarak \u00c7aml\u0131hem\u015fin\u2019den ge\u00e7erek Ayder Yenileme ve Koruma Projesi ile entegre oldu\u011funu ifade eden Bakan Uralo\u011flu, yolun tamamland\u0131\u011f\u0131nda mevcut yolda 2 kilometre, seyahat s\u00fcresinde ise 20 dakika k\u0131salma sa\u011flayaca\u011f\u0131n\u0131 s\u00f6yledi.R\u0130ZE (\u0130GFA) &#8211; Ula\u015ft\u0131rma ve Altyap\u0131 Bakan\u0131 Abdulkadir Uralo\u011flu, Arde\u015fen-\u00c7aml\u0131hem\u015fin-Ayder \u0130l Yolu kapsam\u0131nda in\u015fa edilen \u00c7aml\u0131hem\u015fin T\u00fcneli I\u015f\u0131k G\u00f6rme T\u00f6reni\u2019nde a\u00e7\u0131klamalarda bulundu. T\u00fcnelin temel atma t\u00f6renini ge\u00e7en y\u0131l Cumhurba\u015fkan\u0131 Recep Tayyip Erdo\u011fan ile ger\u00e7ekle\u015ftirdiklerini an\u0131msatan Bakan Uralo\u011flu, \u201c36,5 kilometre uzunlu\u011fundaki projemiz Karadeniz Sahil Yolu&#8217;nun Pazar-Arde\u015fen ayr\u0131m\u0131ndan ba\u015flay\u0131p, \u00c7aml\u0131hem\u015fin il\u00e7e merkezinden ge\u00e7erek, Ayder mevkiinde Ayder Yenileme ve Koruma Projesi ile entegre olarak son buluyor.\u201d dedi. Bakan Uralo\u011flu, projeyi yeni bir yakla\u015f\u0131mla ele alarak bit\u00fcml\u00fc s\u0131cak kar\u0131\u015f\u0131m kaplamal\u0131 in\u015fa ettiklerini belirterek, \u201cProjemiz kapsam\u0131nda, 960 metrelik \u00c7aml\u0131hem\u015fin T\u00fcneli ile birlikte 2 bin 252 metrelik Hala T\u00fcneli ve toplam uzunluklar\u0131 215 metre olan 4 adet k\u00f6pr\u00fc ile 3 adet kav\u015fak bulunuyor. Ayr\u0131ca, yolun yakla\u015f\u0131k be\u015finci kilometresinde Tunca Kav\u015fa\u011f\u0131\u2019ndan ayr\u0131l\u0131p Tunca Beldesi\u2019ne ba\u011flant\u0131 sa\u011flayan 3 kilometrelik ba\u011flant\u0131 yolumuz da yer al\u0131yor. B\u00f6ylece asl\u0131nda projemizin toplam uzunlu\u011fu 39,5 kilometreye ula\u015f\u0131yor.\u201d ifadelerini kulland\u0131. \u201cDA\u011eLARI T\u00dcNELLERLE DELEREK MEDEN\u0130YET\u0130M\u0130Z\u0130N SINIRLARINI GEN\u0130\u015eLETT\u0130K\u201d Do\u011fu Karadeniz B\u00f6lgesinin &hellip;\" \/>\n<meta property=\"og:url\" content=\"http:\/\/denizcankizil.tr\/uk\/haberler\/gundem\/rize-camlihemsin-tunelinde-isik-gorundu\/\" \/>\n<meta property=\"og:site_name\" content=\"Av. Deniz Can K\u0131z\u0131l\" \/>\n<meta property=\"article:published_time\" content=\"2024-11-01T16:41:24+00:00\" \/>\n<meta name=\"twitter:card\" content=\"summary_large_image\" \/>\n<meta name=\"twitter:label1\" content=\"\u041f\u0440\u0438\u0431\u043b. \u0447\u0430\u0441 \u0447\u0438\u0442\u0430\u043d\u043d\u044f\" \/>\n\t<meta name=\"twitter:data1\" content=\"4 \u0445\u0432\u0438\u043b\u0438\u043d\u0438\" \/>\n<script type=\"application\/ld+json\" class=\"yoast-schema-graph\">{\"@context\":\"https:\/\/schema.org\",\"@graph\":[{\"@type\":\"Article\",\"@id\":\"http:\/\/denizcankizil.tr\/uk\/haberler\/gundem\/rize-camlihemsin-tunelinde-isik-gorundu\/#article\",\"isPartOf\":{\"@id\":\"http:\/\/denizcankizil.tr\/uk\/haberler\/gundem\/rize-camlihemsin-tunelinde-isik-gorundu\/\"},\"author\":{\"name\":\"\",\"@id\":\"\"},\"headline\":\"Rize \u00c7aml\u0131hem\u015fin T\u00fcneli&#8217;nde \u0131\u015f\u0131k g\u00f6r\u00fcnd\u00fc\",\"datePublished\":\"2024-11-01T16:41:24+00:00\",\"mainEntityOfPage\":{\"@id\":\"http:\/\/denizcankizil.tr\/uk\/haberler\/gundem\/rize-camlihemsin-tunelinde-isik-gorundu\/\"},\"wordCount\":873,\"commentCount\":0,\"publisher\":{\"@id\":\"https:\/\/denizcankizil.tr\/de\/#organization\"},\"articleSection\":[\"G\u00fcndem\",\"Uncategorized\"],\"inLanguage\":\"uk\",\"potentialAction\":[{\"@type\":\"CommentAction\",\"name\":\"Comment\",\"target\":[\"http:\/\/denizcankizil.tr\/uk\/haberler\/gundem\/rize-camlihemsin-tunelinde-isik-gorundu\/#respond\"]}]},{\"@type\":\"WebPage\",\"@id\":\"http:\/\/denizcankizil.tr\/uk\/haberler\/gundem\/rize-camlihemsin-tunelinde-isik-gorundu\/\",\"url\":\"http:\/\/denizcankizil.tr\/uk\/haberler\/gundem\/rize-camlihemsin-tunelinde-isik-gorundu\/\",\"name\":\"Rize \u00c7aml\u0131hem\u015fin T\u00fcneli'nde \u0131\u015f\u0131k g\u00f6r\u00fcnd\u00fc - Av. Deniz Can K\u0131z\u0131l\",\"isPartOf\":{\"@id\":\"https:\/\/denizcankizil.tr\/de\/#website\"},\"datePublished\":\"2024-11-01T16:41:24+00:00\",\"breadcrumb\":{\"@id\":\"http:\/\/denizcankizil.tr\/uk\/haberler\/gundem\/rize-camlihemsin-tunelinde-isik-gorundu\/#breadcrumb\"},\"inLanguage\":\"uk\",\"potentialAction\":[{\"@type\":\"ReadAction\",\"target\":[\"http:\/\/denizcankizil.tr\/uk\/haberler\/gundem\/rize-camlihemsin-tunelinde-isik-gorundu\/\"]}]},{\"@type\":\"BreadcrumbList\",\"@id\":\"http:\/\/denizcankizil.tr\/uk\/haberler\/gundem\/rize-camlihemsin-tunelinde-isik-gorundu\/#breadcrumb\",\"itemListElement\":[{\"@type\":\"ListItem\",\"position\":1,\"name\":\"Home\",\"item\":\"https:\/\/denizcankizil.tr\/de\/\"},{\"@type\":\"ListItem\",\"position\":2,\"name\":\"Rize \u00c7aml\u0131hem\u015fin T\u00fcneli&#8217;nde \u0131\u015f\u0131k g\u00f6r\u00fcnd\u00fc\"}]},{\"@type\":\"WebSite\",\"@id\":\"https:\/\/denizcankizil.tr\/de\/#website\",\"url\":\"https:\/\/denizcankizil.tr\/de\/\",\"name\":\"Av. Deniz Can K\u0131z\u0131l\",\"description\":\"Avukat Deniz Can K\u0131z\u0131l Antalya Barosu\",\"publisher\":{\"@id\":\"https:\/\/denizcankizil.tr\/de\/#organization\"},\"potentialAction\":[{\"@type\":\"SearchAction\",\"target\":{\"@type\":\"EntryPoint\",\"urlTemplate\":\"https:\/\/denizcankizil.tr\/de\/?s={search_term_string}\"},\"query-input\":{\"@type\":\"PropertyValueSpecification\",\"valueRequired\":true,\"valueName\":\"search_term_string\"}}],\"inLanguage\":\"uk\"},{\"@type\":\"Organization\",\"@id\":\"https:\/\/denizcankizil.tr\/de\/#organization\",\"name\":\"Av. Deniz Can K\u0131z\u0131l\",\"url\":\"https:\/\/denizcankizil.tr\/de\/\",\"logo\":{\"@type\":\"ImageObject\",\"inLanguage\":\"uk\",\"@id\":\"https:\/\/denizcankizil.tr\/de\/#\/schema\/logo\/image\/\",\"url\":\"http:\/\/denizcankizil.tr\/wp-content\/uploads\/2024\/10\/siyah-logo-svg.svg\",\"contentUrl\":\"http:\/\/denizcankizil.tr\/wp-content\/uploads\/2024\/10\/siyah-logo-svg.svg\",\"width\":1080,\"height\":1080,\"caption\":\"Av. Deniz Can K\u0131z\u0131l\"},\"image\":{\"@id\":\"https:\/\/denizcankizil.tr\/de\/#\/schema\/logo\/image\/\"}}]}<\/script>\n<!-- \/ Yoast SEO Premium plugin. -->","yoast_head_json":{"title":"Rize \u00c7aml\u0131hem\u015fin T\u00fcneli'nde \u0131\u015f\u0131k g\u00f6r\u00fcnd\u00fc - Av. Deniz Can K\u0131z\u0131l","robots":{"index":"index","follow":"follow","max-snippet":"max-snippet:-1","max-image-preview":"max-image-preview:large","max-video-preview":"max-video-preview:-1"},"canonical":"http:\/\/denizcankizil.tr\/uk\/haberler\/gundem\/rize-camlihemsin-tunelinde-isik-gorundu\/","og_locale":"uk_UA","og_type":"article","og_title":"Rize \u00c7aml\u0131hem\u015fin T\u00fcneli'nde \u0131\u015f\u0131k g\u00f6r\u00fcnd\u00fc","og_description":"Ula\u015ft\u0131rma ve Altyap\u0131 Bakan\u0131 Abdulkadir Uralo\u011flu, Arde\u015fen-\u00c7aml\u0131hem\u015fin-Ayder \u0130l Yolu kapsam\u0131nda in\u015fa edilen \u00c7aml\u0131hem\u015fin T\u00fcneli I\u015f\u0131k G\u00f6rme T\u00f6reni\u2019nde yeni hedefleri payla\u015ft\u0131. Karadeniz Sahil Yolu&#8217;nun Pazar \u2013 Arde\u015fen ayr\u0131m\u0131ndan ba\u015flayarak \u00c7aml\u0131hem\u015fin\u2019den ge\u00e7erek Ayder Yenileme ve Koruma Projesi ile entegre oldu\u011funu ifade eden Bakan Uralo\u011flu, yolun tamamland\u0131\u011f\u0131nda mevcut yolda 2 kilometre, seyahat s\u00fcresinde ise 20 dakika k\u0131salma sa\u011flayaca\u011f\u0131n\u0131 s\u00f6yledi.R\u0130ZE (\u0130GFA) &#8211; Ula\u015ft\u0131rma ve Altyap\u0131 Bakan\u0131 Abdulkadir Uralo\u011flu, Arde\u015fen-\u00c7aml\u0131hem\u015fin-Ayder \u0130l Yolu kapsam\u0131nda in\u015fa edilen \u00c7aml\u0131hem\u015fin T\u00fcneli I\u015f\u0131k G\u00f6rme T\u00f6reni\u2019nde a\u00e7\u0131klamalarda bulundu. T\u00fcnelin temel atma t\u00f6renini ge\u00e7en y\u0131l Cumhurba\u015fkan\u0131 Recep Tayyip Erdo\u011fan ile ger\u00e7ekle\u015ftirdiklerini an\u0131msatan Bakan Uralo\u011flu, \u201c36,5 kilometre uzunlu\u011fundaki projemiz Karadeniz Sahil Yolu&#8217;nun Pazar-Arde\u015fen ayr\u0131m\u0131ndan ba\u015flay\u0131p, \u00c7aml\u0131hem\u015fin il\u00e7e merkezinden ge\u00e7erek, Ayder mevkiinde Ayder Yenileme ve Koruma Projesi ile entegre olarak son buluyor.\u201d dedi. Bakan Uralo\u011flu, projeyi yeni bir yakla\u015f\u0131mla ele alarak bit\u00fcml\u00fc s\u0131cak kar\u0131\u015f\u0131m kaplamal\u0131 in\u015fa ettiklerini belirterek, \u201cProjemiz kapsam\u0131nda, 960 metrelik \u00c7aml\u0131hem\u015fin T\u00fcneli ile birlikte 2 bin 252 metrelik Hala T\u00fcneli ve toplam uzunluklar\u0131 215 metre olan 4 adet k\u00f6pr\u00fc ile 3 adet kav\u015fak bulunuyor. Ayr\u0131ca, yolun yakla\u015f\u0131k be\u015finci kilometresinde Tunca Kav\u015fa\u011f\u0131\u2019ndan ayr\u0131l\u0131p Tunca Beldesi\u2019ne ba\u011flant\u0131 sa\u011flayan 3 kilometrelik ba\u011flant\u0131 yolumuz da yer al\u0131yor. B\u00f6ylece asl\u0131nda projemizin toplam uzunlu\u011fu 39,5 kilometreye ula\u015f\u0131yor.\u201d ifadelerini kulland\u0131. \u201cDA\u011eLARI T\u00dcNELLERLE DELEREK MEDEN\u0130YET\u0130M\u0130Z\u0130N SINIRLARINI GEN\u0130\u015eLETT\u0130K\u201d Do\u011fu Karadeniz B\u00f6lgesinin &hellip;","og_url":"http:\/\/denizcankizil.tr\/uk\/haberler\/gundem\/rize-camlihemsin-tunelinde-isik-gorundu\/","og_site_name":"Av. Deniz Can K\u0131z\u0131l","article_published_time":"2024-11-01T16:41:24+00:00","twitter_card":"summary_large_image","twitter_misc":{"\u041f\u0440\u0438\u0431\u043b. \u0447\u0430\u0441 \u0447\u0438\u0442\u0430\u043d\u043d\u044f":"4 \u0445\u0432\u0438\u043b\u0438\u043d\u0438"},"schema":{"@context":"https:\/\/schema.org","@graph":[{"@type":"Article","@id":"http:\/\/denizcankizil.tr\/uk\/haberler\/gundem\/rize-camlihemsin-tunelinde-isik-gorundu\/#article","isPartOf":{"@id":"http:\/\/denizcankizil.tr\/uk\/haberler\/gundem\/rize-camlihemsin-tunelinde-isik-gorundu\/"},"author":{"name":"","@id":""},"headline":"Rize \u00c7aml\u0131hem\u015fin T\u00fcneli&#8217;nde \u0131\u015f\u0131k g\u00f6r\u00fcnd\u00fc","datePublished":"2024-11-01T16:41:24+00:00","mainEntityOfPage":{"@id":"http:\/\/denizcankizil.tr\/uk\/haberler\/gundem\/rize-camlihemsin-tunelinde-isik-gorundu\/"},"wordCount":873,"commentCount":0,"publisher":{"@id":"https:\/\/denizcankizil.tr\/de\/#organization"},"articleSection":["G\u00fcndem","Uncategorized"],"inLanguage":"uk","potentialAction":[{"@type":"CommentAction","name":"Comment","target":["http:\/\/denizcankizil.tr\/uk\/haberler\/gundem\/rize-camlihemsin-tunelinde-isik-gorundu\/#respond"]}]},{"@type":"WebPage","@id":"http:\/\/denizcankizil.tr\/uk\/haberler\/gundem\/rize-camlihemsin-tunelinde-isik-gorundu\/","url":"http:\/\/denizcankizil.tr\/uk\/haberler\/gundem\/rize-camlihemsin-tunelinde-isik-gorundu\/","name":"Rize \u00c7aml\u0131hem\u015fin T\u00fcneli'nde \u0131\u015f\u0131k g\u00f6r\u00fcnd\u00fc - Av. Deniz Can K\u0131z\u0131l","isPartOf":{"@id":"https:\/\/denizcankizil.tr\/de\/#website"},"datePublished":"2024-11-01T16:41:24+00:00","breadcrumb":{"@id":"http:\/\/denizcankizil.tr\/uk\/haberler\/gundem\/rize-camlihemsin-tunelinde-isik-gorundu\/#breadcrumb"},"inLanguage":"uk","potentialAction":[{"@type":"ReadAction","target":["http:\/\/denizcankizil.tr\/uk\/haberler\/gundem\/rize-camlihemsin-tunelinde-isik-gorundu\/"]}]},{"@type":"BreadcrumbList","@id":"http:\/\/denizcankizil.tr\/uk\/haberler\/gundem\/rize-camlihemsin-tunelinde-isik-gorundu\/#breadcrumb","itemListElement":[{"@type":"ListItem","position":1,"name":"Home","item":"https:\/\/denizcankizil.tr\/de\/"},{"@type":"ListItem","position":2,"name":"Rize \u00c7aml\u0131hem\u015fin T\u00fcneli&#8217;nde \u0131\u015f\u0131k g\u00f6r\u00fcnd\u00fc"}]},{"@type":"WebSite","@id":"https:\/\/denizcankizil.tr\/de\/#website","url":"https:\/\/denizcankizil.tr\/de\/","name":"Av. Deniz Can K\u0131z\u0131l","description":"Avukat Deniz Can K\u0131z\u0131l Antalya Barosu","publisher":{"@id":"https:\/\/denizcankizil.tr\/de\/#organization"},"potentialAction":[{"@type":"SearchAction","target":{"@type":"EntryPoint","urlTemplate":"https:\/\/denizcankizil.tr\/de\/?s={search_term_string}"},"query-input":{"@type":"PropertyValueSpecification","valueRequired":true,"valueName":"search_term_string"}}],"inLanguage":"uk"},{"@type":"Organization","@id":"https:\/\/denizcankizil.tr\/de\/#organization","name":"Av. Deniz Can K\u0131z\u0131l","url":"https:\/\/denizcankizil.tr\/de\/","logo":{"@type":"ImageObject","inLanguage":"uk","@id":"https:\/\/denizcankizil.tr\/de\/#\/schema\/logo\/image\/","url":"http:\/\/denizcankizil.tr\/wp-content\/uploads\/2024\/10\/siyah-logo-svg.svg","contentUrl":"http:\/\/denizcankizil.tr\/wp-content\/uploads\/2024\/10\/siyah-logo-svg.svg","width":1080,"height":1080,"caption":"Av. Deniz Can K\u0131z\u0131l"},"image":{"@id":"https:\/\/denizcankizil.tr\/de\/#\/schema\/logo\/image\/"}}]}},"_links":{"self":[{"href":"http:\/\/denizcankizil.tr\/uk\/wp-json\/wp\/v2\/posts\/11270","targetHints":{"allow":["GET"]}}],"collection":[{"href":"http:\/\/denizcankizil.tr\/uk\/wp-json\/wp\/v2\/posts"}],"about":[{"href":"http:\/\/denizcankizil.tr\/uk\/wp-json\/wp\/v2\/types\/post"}],"replies":[{"embeddable":true,"href":"http:\/\/denizcankizil.tr\/uk\/wp-json\/wp\/v2\/comments?post=11270"}],"version-history":[{"count":0,"href":"http:\/\/denizcankizil.tr\/uk\/wp-json\/wp\/v2\/posts\/11270\/revisions"}],"wp:attachment":[{"href":"http:\/\/denizcankizil.tr\/uk\/wp-json\/wp\/v2\/media?parent=11270"}],"wp:term":[{"taxonomy":"category","embeddable":true,"href":"http:\/\/denizcankizil.tr\/uk\/wp-json\/wp\/v2\/categories?post=11270"},{"taxonomy":"post_tag","embeddable":true,"href":"http:\/\/denizcankizil.tr\/uk\/wp-json\/wp\/v2\/tags?post=11270"}],"curies":[{"name":"wp","href":"https:\/\/api.w.org\/{rel}","templated":true}]}}