{"id":112627,"date":"2025-06-10T16:42:44","date_gmt":"2025-06-10T13:42:44","guid":{"rendered":"https:\/\/denizcankizil.tr\/uncategorized-tr\/todun-yeni-dizisi-vicdansizin-cekimleri-basladi\/"},"modified":"2025-06-10T16:42:44","modified_gmt":"2025-06-10T13:42:44","slug":"todun-yeni-dizisi-vicdansizin-cekimleri-basladi","status":"publish","type":"post","link":"http:\/\/denizcankizil.tr\/uk\/haberler\/gundem\/todun-yeni-dizisi-vicdansizin-cekimleri-basladi\/","title":{"rendered":"TOD&#8217;un yeni dizisi Vicdans\u0131z&#8217;\u0131n \u00e7ekimleri ba\u015flad\u0131!"},"content":{"rendered":"<p>Ba\u015frollerini\u00a0Ekin Ko\u00e7\u00a0ve\u00a0Ay\u00e7a Ay\u015fin Turan\u2019\u0131n payla\u015ft\u0131\u011f\u0131\u00a0TOD\u2019un yeni orijinal dizisi\u00a0Vicdans\u0131z\u2019\u0131n \u00e7ekimleri ba\u015flad\u0131. Uzun s\u00fcredir ad\u0131ndan s\u00f6z ettiren ve dikkatleri \u00fczerine \u00e7eken dizi, s\u0131rad\u0131\u015f\u0131 hikayesi ile yak\u0131nda\u00a0TOD\u2019da izleyicisiyle bulu\u015facak.<\/p>\n<p>\u200bBa\u015frollerini\u00a0Ekin Ko\u00e7\u00a0ve\u00a0Ay\u00e7a Ay\u015fin Turan\u2019\u0131n payla\u015ft\u0131\u011f\u0131\u00a0TOD\u2019un yeni orijinal dizisi\u00a0Vicdans\u0131z\u2019\u0131n \u00e7ekimleri ba\u015flad\u0131. Uzun s\u00fcredir ad\u0131ndan s\u00f6z ettiren ve dikkatleri \u00fczerine \u00e7eken dizi, s\u0131rad\u0131\u015f\u0131 hikayesi ile yak\u0131nda\u00a0TOD\u2019da izleyicisiyle bulu\u015facak.\u00a0<\/p>\n<p>\u200bHaberin Al\u0131nt\u0131land\u0131\u011f\u0131 Kaynak: www.iskenderun.org<\/p>","protected":false},"excerpt":{"rendered":"<p>Ba\u015frollerini\u00a0Ekin Ko\u00e7\u00a0ve\u00a0Ay\u00e7a Ay\u015fin Turan\u2019\u0131n payla\u015ft\u0131\u011f\u0131\u00a0TOD\u2019un yeni orijinal dizisi\u00a0Vicdans\u0131z\u2019\u0131n \u00e7ekimleri ba\u015flad\u0131. Uzun s\u00fcredir ad\u0131ndan s\u00f6z ettiren ve dikkatleri \u00fczerine \u00e7eken dizi, s\u0131rad\u0131\u015f\u0131 hikayesi ile yak\u0131nda\u00a0TOD\u2019da izleyicisiyle bulu\u015facak. \u200bBa\u015frollerini\u00a0Ekin Ko\u00e7\u00a0ve\u00a0Ay\u00e7a Ay\u015fin Turan\u2019\u0131n payla\u015ft\u0131\u011f\u0131\u00a0TOD\u2019un yeni orijinal dizisi\u00a0Vicdans\u0131z\u2019\u0131n \u00e7ekimleri ba\u015flad\u0131. Uzun s\u00fcredir ad\u0131ndan s\u00f6z ettiren ve dikkatleri \u00fczerine \u00e7eken dizi, s\u0131rad\u0131\u015f\u0131 hikayesi ile yak\u0131nda\u00a0TOD\u2019da izleyicisiyle bulu\u015facak.\u00a0 \u200bHaberin Al\u0131nt\u0131land\u0131\u011f\u0131 Kaynak: www.iskenderun.org<\/p>","protected":false},"author":1,"featured_media":0,"comment_status":"","ping_status":"open","sticky":false,"template":"","format":"standard","meta":{"_acf_changed":false,"footnotes":""},"categories":[24],"tags":[],"class_list":["post-112627","post","type-post","status-publish","format-standard","has-post-thumbnail","hentry","category-gundem"],"acf":[],"yoast_head":"<!-- This site is optimized with the Yoast SEO Premium plugin v26.6 (Yoast SEO v27.1.1) - https:\/\/yoast.com\/product\/yoast-seo-premium-wordpress\/ -->\n<title>TOD&#039;un yeni dizisi Vicdans\u0131z&#039;\u0131n \u00e7ekimleri ba\u015flad\u0131! - Av. Deniz Can K\u0131z\u0131l<\/title>\n<meta name=\"robots\" content=\"index, follow, max-snippet:-1, max-image-preview:large, max-video-preview:-1\" \/>\n<link rel=\"canonical\" href=\"https:\/\/denizcankizil.tr\/uk\/haberler\/gundem\/todun-yeni-dizisi-vicdansizin-cekimleri-basladi\/\" \/>\n<meta property=\"og:locale\" content=\"uk_UA\" \/>\n<meta property=\"og:type\" content=\"article\" \/>\n<meta property=\"og:title\" content=\"TOD&#039;un yeni dizisi Vicdans\u0131z&#039;\u0131n \u00e7ekimleri ba\u015flad\u0131!\" \/>\n<meta property=\"og:description\" content=\"Ba\u015frollerini\u00a0Ekin Ko\u00e7\u00a0ve\u00a0Ay\u00e7a Ay\u015fin Turan\u2019\u0131n payla\u015ft\u0131\u011f\u0131\u00a0TOD\u2019un yeni orijinal dizisi\u00a0Vicdans\u0131z\u2019\u0131n \u00e7ekimleri ba\u015flad\u0131. Uzun s\u00fcredir ad\u0131ndan s\u00f6z ettiren ve dikkatleri \u00fczerine \u00e7eken dizi, s\u0131rad\u0131\u015f\u0131 hikayesi ile yak\u0131nda\u00a0TOD\u2019da izleyicisiyle bulu\u015facak. \u200bBa\u015frollerini\u00a0Ekin Ko\u00e7\u00a0ve\u00a0Ay\u00e7a Ay\u015fin Turan\u2019\u0131n payla\u015ft\u0131\u011f\u0131\u00a0TOD\u2019un yeni orijinal dizisi\u00a0Vicdans\u0131z\u2019\u0131n \u00e7ekimleri ba\u015flad\u0131. Uzun s\u00fcredir ad\u0131ndan s\u00f6z ettiren ve dikkatleri \u00fczerine \u00e7eken dizi, s\u0131rad\u0131\u015f\u0131 hikayesi ile yak\u0131nda\u00a0TOD\u2019da izleyicisiyle bulu\u015facak.\u00a0 \u200bHaberin Al\u0131nt\u0131land\u0131\u011f\u0131 Kaynak: www.iskenderun.org\" \/>\n<meta property=\"og:url\" content=\"https:\/\/denizcankizil.tr\/uk\/haberler\/gundem\/todun-yeni-dizisi-vicdansizin-cekimleri-basladi\/\" \/>\n<meta property=\"og:site_name\" content=\"Av. Deniz Can K\u0131z\u0131l\" \/>\n<meta property=\"article:published_time\" content=\"2025-06-10T13:42:44+00:00\" \/>\n<meta name=\"author\" content=\"admin\" \/>\n<meta name=\"twitter:card\" content=\"summary_large_image\" \/>\n<meta name=\"twitter:label1\" content=\"\u041d\u0430\u043f\u0438\u0441\u0430\u043d\u043e\" \/>\n\t<meta name=\"twitter:data1\" content=\"admin\" \/>\n\t<meta name=\"twitter:label2\" content=\"\u041f\u0440\u0438\u0431\u043b. \u0447\u0430\u0441 \u0447\u0438\u0442\u0430\u043d\u043d\u044f\" \/>\n\t<meta name=\"twitter:data2\" content=\"1 \u0445\u0432\u0438\u043b\u0438\u043d\u0430\" \/>\n<script type=\"application\/ld+json\" class=\"yoast-schema-graph\">{\"@context\":\"https:\/\/schema.org\",\"@graph\":[{\"@type\":\"Article\",\"@id\":\"https:\/\/denizcankizil.tr\/de\/haberler\/gundem\/todun-yeni-dizisi-vicdansizin-cekimleri-basladi\/#article\",\"isPartOf\":{\"@id\":\"https:\/\/denizcankizil.tr\/de\/haberler\/gundem\/todun-yeni-dizisi-vicdansizin-cekimleri-basladi\/\"},\"author\":{\"name\":\"admin\",\"@id\":\"https:\/\/denizcankizil.tr\/de\/#\/schema\/person\/be3c05fe6a12686905512445d8185489\"},\"headline\":\"TOD&#8217;un yeni dizisi Vicdans\u0131z&#8217;\u0131n \u00e7ekimleri ba\u015flad\u0131!\",\"datePublished\":\"2025-06-10T13:42:44+00:00\",\"mainEntityOfPage\":{\"@id\":\"https:\/\/denizcankizil.tr\/de\/haberler\/gundem\/todun-yeni-dizisi-vicdansizin-cekimleri-basladi\/\"},\"wordCount\":114,\"publisher\":{\"@id\":\"https:\/\/denizcankizil.tr\/de\/#organization\"},\"articleSection\":[\"G\u00fcndem\"],\"inLanguage\":\"uk\"},{\"@type\":\"WebPage\",\"@id\":\"https:\/\/denizcankizil.tr\/de\/haberler\/gundem\/todun-yeni-dizisi-vicdansizin-cekimleri-basladi\/\",\"url\":\"https:\/\/denizcankizil.tr\/de\/haberler\/gundem\/todun-yeni-dizisi-vicdansizin-cekimleri-basladi\/\",\"name\":\"TOD'un yeni dizisi Vicdans\u0131z'\u0131n \u00e7ekimleri ba\u015flad\u0131! - Av. Deniz Can K\u0131z\u0131l\",\"isPartOf\":{\"@id\":\"https:\/\/denizcankizil.tr\/de\/#website\"},\"datePublished\":\"2025-06-10T13:42:44+00:00\",\"breadcrumb\":{\"@id\":\"https:\/\/denizcankizil.tr\/de\/haberler\/gundem\/todun-yeni-dizisi-vicdansizin-cekimleri-basladi\/#breadcrumb\"},\"inLanguage\":\"uk\",\"potentialAction\":[{\"@type\":\"ReadAction\",\"target\":[\"https:\/\/denizcankizil.tr\/de\/haberler\/gundem\/todun-yeni-dizisi-vicdansizin-cekimleri-basladi\/\"]}]},{\"@type\":\"BreadcrumbList\",\"@id\":\"https:\/\/denizcankizil.tr\/de\/haberler\/gundem\/todun-yeni-dizisi-vicdansizin-cekimleri-basladi\/#breadcrumb\",\"itemListElement\":[{\"@type\":\"ListItem\",\"position\":1,\"name\":\"Home\",\"item\":\"https:\/\/denizcankizil.tr\/de\/\"},{\"@type\":\"ListItem\",\"position\":2,\"name\":\"TOD&#8217;un yeni dizisi Vicdans\u0131z&#8217;\u0131n \u00e7ekimleri ba\u015flad\u0131!\"}]},{\"@type\":\"WebSite\",\"@id\":\"https:\/\/denizcankizil.tr\/de\/#website\",\"url\":\"https:\/\/denizcankizil.tr\/de\/\",\"name\":\"Av. Deniz Can K\u0131z\u0131l\",\"description\":\"Avukat Deniz Can K\u0131z\u0131l Antalya Barosu\",\"publisher\":{\"@id\":\"https:\/\/denizcankizil.tr\/de\/#organization\"},\"potentialAction\":[{\"@type\":\"SearchAction\",\"target\":{\"@type\":\"EntryPoint\",\"urlTemplate\":\"https:\/\/denizcankizil.tr\/de\/?s={search_term_string}\"},\"query-input\":{\"@type\":\"PropertyValueSpecification\",\"valueRequired\":true,\"valueName\":\"search_term_string\"}}],\"inLanguage\":\"uk\"},{\"@type\":\"Organization\",\"@id\":\"https:\/\/denizcankizil.tr\/de\/#organization\",\"name\":\"Av. Deniz Can K\u0131z\u0131l\",\"url\":\"https:\/\/denizcankizil.tr\/de\/\",\"logo\":{\"@type\":\"ImageObject\",\"inLanguage\":\"uk\",\"@id\":\"https:\/\/denizcankizil.tr\/de\/#\/schema\/logo\/image\/\",\"url\":\"http:\/\/denizcankizil.tr\/wp-content\/uploads\/2024\/10\/siyah-logo-svg.svg\",\"contentUrl\":\"http:\/\/denizcankizil.tr\/wp-content\/uploads\/2024\/10\/siyah-logo-svg.svg\",\"width\":1080,\"height\":1080,\"caption\":\"Av. Deniz Can K\u0131z\u0131l\"},\"image\":{\"@id\":\"https:\/\/denizcankizil.tr\/de\/#\/schema\/logo\/image\/\"}},{\"@type\":\"Person\",\"@id\":\"https:\/\/denizcankizil.tr\/de\/#\/schema\/person\/be3c05fe6a12686905512445d8185489\",\"name\":\"admin\",\"image\":{\"@type\":\"ImageObject\",\"inLanguage\":\"uk\",\"@id\":\"https:\/\/denizcankizil.tr\/de\/#\/schema\/person\/image\/\",\"url\":\"https:\/\/secure.gravatar.com\/avatar\/c1fce94c830dc79107e174f890d7210541c4a63e8e5d816341794a2151c9d58c?s=96&d=mm&r=g\",\"contentUrl\":\"https:\/\/secure.gravatar.com\/avatar\/c1fce94c830dc79107e174f890d7210541c4a63e8e5d816341794a2151c9d58c?s=96&d=mm&r=g\",\"caption\":\"admin\"},\"sameAs\":[\"http:\/\/denizcankizil.tr\"],\"url\":\"https:\/\/www.iskenderun.org\/todun-yeni-dizisi-vicdansizin-cekimleri-basladi\"}]}<\/script>\n<!-- \/ Yoast SEO Premium plugin. -->","yoast_head_json":{"title":"TOD'un yeni dizisi Vicdans\u0131z'\u0131n \u00e7ekimleri ba\u015flad\u0131! - Av. Deniz Can K\u0131z\u0131l","robots":{"index":"index","follow":"follow","max-snippet":"max-snippet:-1","max-image-preview":"max-image-preview:large","max-video-preview":"max-video-preview:-1"},"canonical":"https:\/\/denizcankizil.tr\/uk\/haberler\/gundem\/todun-yeni-dizisi-vicdansizin-cekimleri-basladi\/","og_locale":"uk_UA","og_type":"article","og_title":"TOD'un yeni dizisi Vicdans\u0131z'\u0131n \u00e7ekimleri ba\u015flad\u0131!","og_description":"Ba\u015frollerini\u00a0Ekin Ko\u00e7\u00a0ve\u00a0Ay\u00e7a Ay\u015fin Turan\u2019\u0131n payla\u015ft\u0131\u011f\u0131\u00a0TOD\u2019un yeni orijinal dizisi\u00a0Vicdans\u0131z\u2019\u0131n \u00e7ekimleri ba\u015flad\u0131. Uzun s\u00fcredir ad\u0131ndan s\u00f6z ettiren ve dikkatleri \u00fczerine \u00e7eken dizi, s\u0131rad\u0131\u015f\u0131 hikayesi ile yak\u0131nda\u00a0TOD\u2019da izleyicisiyle bulu\u015facak. \u200bBa\u015frollerini\u00a0Ekin Ko\u00e7\u00a0ve\u00a0Ay\u00e7a Ay\u015fin Turan\u2019\u0131n payla\u015ft\u0131\u011f\u0131\u00a0TOD\u2019un yeni orijinal dizisi\u00a0Vicdans\u0131z\u2019\u0131n \u00e7ekimleri ba\u015flad\u0131. Uzun s\u00fcredir ad\u0131ndan s\u00f6z ettiren ve dikkatleri \u00fczerine \u00e7eken dizi, s\u0131rad\u0131\u015f\u0131 hikayesi ile yak\u0131nda\u00a0TOD\u2019da izleyicisiyle bulu\u015facak.\u00a0 \u200bHaberin Al\u0131nt\u0131land\u0131\u011f\u0131 Kaynak: www.iskenderun.org","og_url":"https:\/\/denizcankizil.tr\/uk\/haberler\/gundem\/todun-yeni-dizisi-vicdansizin-cekimleri-basladi\/","og_site_name":"Av. Deniz Can K\u0131z\u0131l","article_published_time":"2025-06-10T13:42:44+00:00","author":"admin","twitter_card":"summary_large_image","twitter_misc":{"\u041d\u0430\u043f\u0438\u0441\u0430\u043d\u043e":"admin","\u041f\u0440\u0438\u0431\u043b. \u0447\u0430\u0441 \u0447\u0438\u0442\u0430\u043d\u043d\u044f":"1 \u0445\u0432\u0438\u043b\u0438\u043d\u0430"},"schema":{"@context":"https:\/\/schema.org","@graph":[{"@type":"Article","@id":"https:\/\/denizcankizil.tr\/de\/haberler\/gundem\/todun-yeni-dizisi-vicdansizin-cekimleri-basladi\/#article","isPartOf":{"@id":"https:\/\/denizcankizil.tr\/de\/haberler\/gundem\/todun-yeni-dizisi-vicdansizin-cekimleri-basladi\/"},"author":{"name":"admin","@id":"https:\/\/denizcankizil.tr\/de\/#\/schema\/person\/be3c05fe6a12686905512445d8185489"},"headline":"TOD&#8217;un yeni dizisi Vicdans\u0131z&#8217;\u0131n \u00e7ekimleri ba\u015flad\u0131!","datePublished":"2025-06-10T13:42:44+00:00","mainEntityOfPage":{"@id":"https:\/\/denizcankizil.tr\/de\/haberler\/gundem\/todun-yeni-dizisi-vicdansizin-cekimleri-basladi\/"},"wordCount":114,"publisher":{"@id":"https:\/\/denizcankizil.tr\/de\/#organization"},"articleSection":["G\u00fcndem"],"inLanguage":"uk"},{"@type":"WebPage","@id":"https:\/\/denizcankizil.tr\/de\/haberler\/gundem\/todun-yeni-dizisi-vicdansizin-cekimleri-basladi\/","url":"https:\/\/denizcankizil.tr\/de\/haberler\/gundem\/todun-yeni-dizisi-vicdansizin-cekimleri-basladi\/","name":"TOD'un yeni dizisi Vicdans\u0131z'\u0131n \u00e7ekimleri ba\u015flad\u0131! - Av. Deniz Can K\u0131z\u0131l","isPartOf":{"@id":"https:\/\/denizcankizil.tr\/de\/#website"},"datePublished":"2025-06-10T13:42:44+00:00","breadcrumb":{"@id":"https:\/\/denizcankizil.tr\/de\/haberler\/gundem\/todun-yeni-dizisi-vicdansizin-cekimleri-basladi\/#breadcrumb"},"inLanguage":"uk","potentialAction":[{"@type":"ReadAction","target":["https:\/\/denizcankizil.tr\/de\/haberler\/gundem\/todun-yeni-dizisi-vicdansizin-cekimleri-basladi\/"]}]},{"@type":"BreadcrumbList","@id":"https:\/\/denizcankizil.tr\/de\/haberler\/gundem\/todun-yeni-dizisi-vicdansizin-cekimleri-basladi\/#breadcrumb","itemListElement":[{"@type":"ListItem","position":1,"name":"Home","item":"https:\/\/denizcankizil.tr\/de\/"},{"@type":"ListItem","position":2,"name":"TOD&#8217;un yeni dizisi Vicdans\u0131z&#8217;\u0131n \u00e7ekimleri ba\u015flad\u0131!"}]},{"@type":"WebSite","@id":"https:\/\/denizcankizil.tr\/de\/#website","url":"https:\/\/denizcankizil.tr\/de\/","name":"Av. Deniz Can K\u0131z\u0131l","description":"Avukat Deniz Can K\u0131z\u0131l Antalya Barosu","publisher":{"@id":"https:\/\/denizcankizil.tr\/de\/#organization"},"potentialAction":[{"@type":"SearchAction","target":{"@type":"EntryPoint","urlTemplate":"https:\/\/denizcankizil.tr\/de\/?s={search_term_string}"},"query-input":{"@type":"PropertyValueSpecification","valueRequired":true,"valueName":"search_term_string"}}],"inLanguage":"uk"},{"@type":"Organization","@id":"https:\/\/denizcankizil.tr\/de\/#organization","name":"Av. Deniz Can K\u0131z\u0131l","url":"https:\/\/denizcankizil.tr\/de\/","logo":{"@type":"ImageObject","inLanguage":"uk","@id":"https:\/\/denizcankizil.tr\/de\/#\/schema\/logo\/image\/","url":"http:\/\/denizcankizil.tr\/wp-content\/uploads\/2024\/10\/siyah-logo-svg.svg","contentUrl":"http:\/\/denizcankizil.tr\/wp-content\/uploads\/2024\/10\/siyah-logo-svg.svg","width":1080,"height":1080,"caption":"Av. Deniz Can K\u0131z\u0131l"},"image":{"@id":"https:\/\/denizcankizil.tr\/de\/#\/schema\/logo\/image\/"}},{"@type":"Person","@id":"https:\/\/denizcankizil.tr\/de\/#\/schema\/person\/be3c05fe6a12686905512445d8185489","name":"\u0430\u0434\u043c\u0456\u043d","image":{"@type":"ImageObject","inLanguage":"uk","@id":"https:\/\/denizcankizil.tr\/de\/#\/schema\/person\/image\/","url":"https:\/\/secure.gravatar.com\/avatar\/c1fce94c830dc79107e174f890d7210541c4a63e8e5d816341794a2151c9d58c?s=96&d=mm&r=g","contentUrl":"https:\/\/secure.gravatar.com\/avatar\/c1fce94c830dc79107e174f890d7210541c4a63e8e5d816341794a2151c9d58c?s=96&d=mm&r=g","caption":"admin"},"sameAs":["http:\/\/denizcankizil.tr"],"url":"https:\/\/www.iskenderun.org\/todun-yeni-dizisi-vicdansizin-cekimleri-basladi"}]}},"_links":{"self":[{"href":"http:\/\/denizcankizil.tr\/uk\/wp-json\/wp\/v2\/posts\/112627","targetHints":{"allow":["GET"]}}],"collection":[{"href":"http:\/\/denizcankizil.tr\/uk\/wp-json\/wp\/v2\/posts"}],"about":[{"href":"http:\/\/denizcankizil.tr\/uk\/wp-json\/wp\/v2\/types\/post"}],"author":[{"embeddable":true,"href":"http:\/\/denizcankizil.tr\/uk\/wp-json\/wp\/v2\/users\/1"}],"replies":[{"embeddable":true,"href":"http:\/\/denizcankizil.tr\/uk\/wp-json\/wp\/v2\/comments?post=112627"}],"version-history":[{"count":0,"href":"http:\/\/denizcankizil.tr\/uk\/wp-json\/wp\/v2\/posts\/112627\/revisions"}],"wp:attachment":[{"href":"http:\/\/denizcankizil.tr\/uk\/wp-json\/wp\/v2\/media?parent=112627"}],"wp:term":[{"taxonomy":"category","embeddable":true,"href":"http:\/\/denizcankizil.tr\/uk\/wp-json\/wp\/v2\/categories?post=112627"},{"taxonomy":"post_tag","embeddable":true,"href":"http:\/\/denizcankizil.tr\/uk\/wp-json\/wp\/v2\/tags?post=112627"}],"curies":[{"name":"wp","href":"https:\/\/api.w.org\/{rel}","templated":true}]}}