{"id":112623,"date":"2025-06-10T16:42:39","date_gmt":"2025-06-10T13:42:39","guid":{"rendered":"https:\/\/denizcankizil.tr\/uncategorized-tr\/mersin-buyuksehir-ile-gonulluler-ayas-sahilini-temizledi\/"},"modified":"2025-06-10T16:42:39","modified_gmt":"2025-06-10T13:42:39","slug":"mersin-buyuksehir-ile-gonulluler-ayas-sahilini-temizledi","status":"publish","type":"post","link":"http:\/\/denizcankizil.tr\/uk\/haberler\/gundem\/mersin-buyuksehir-ile-gonulluler-ayas-sahilini-temizledi\/","title":{"rendered":"Mersin B\u00fcy\u00fck\u015fehir ile g\u00f6n\u00fcll\u00fcler Aya\u015f sahilini temizledi"},"content":{"rendered":"<p>Mersin B\u00fcy\u00fck\u015fehir Belediyesi, 5-11 Haziran\u00a0\u2018\u00c7evre Haftas\u0131\u2019\u00a0kapsam\u0131nda \u00e7evre bilincini art\u0131rmak amac\u0131yla fark\u0131ndal\u0131k etkinliklerine devam ediyor.MERS\u0130N (\u0130GFA) &#8211; Mersin B\u00fcy\u00fck\u015fehir Belediyesi \u00c7evre Koruma ve Kontrol Dairesi Ba\u015fkanl\u0131\u011f\u0131 koordinesinde, Erdemli il\u00e7esi Aya\u015f sahilinde g\u00f6n\u00fcll\u00fclerin kat\u0131l\u0131m\u0131yla sahil temizli\u011fi ger\u00e7ekle\u015ftirildi. Etkinli\u011fe; B\u00fcy\u00fck\u015fehir Belediyesi\u2019nin sabah sporu hizmetinden faydalanan vatanda\u015flar, T\u00f6m\u00fck Kad\u0131n ve \u00c7ocuk At\u00f6lyesi kursiyerleri, Mersin \u00dcniversitesi \u00f6\u011frencileri ve \u00e7evre g\u00f6n\u00fcll\u00fcleri yo\u011fun ilgi g\u00f6sterdi. Kat\u0131l\u0131mc\u0131lar, \u00e7evre kirlili\u011fine dikkat \u00e7ekmek amac\u0131yla sahil boyunca temizlik \u00e7al\u0131\u015fmas\u0131 yapt\u0131.<br \/>\nAya\u015f sahilindeki temizlik \u00e7al\u0131\u015fmalar\u0131n\u0131n ard\u0131ndan B\u00fcy\u00fck\u015fehir Belediyesi i\u015ftiraklerinden Denizk\u0131z\u0131 Turizm A.\u015e. sorumlulu\u011funda bulunan Yemi\u015fkumu Halk Plaj\u0131\u2019nda, kum temizleme makineleriyle detayl\u0131 bir temizlik \u00e7al\u0131\u015fmas\u0131 ger\u00e7ekle\u015ftirildi. Yaz aylar\u0131nda yerli ve yabanc\u0131 turistlerin yo\u011fun olarak ziyaret etti\u011fi Erdemli sahillerinde ger\u00e7ekle\u015ftirilen bu temizlik \u00e7al\u0131\u015fmalar\u0131 hem \u00e7evre fark\u0131ndal\u0131\u011f\u0131 olu\u015fturuyor, hem de turizm potansiyeline katk\u0131 sunuyor.<br \/>\nUZUNBA\u011e: \u201cG\u00d6N\u00dcLL\u00dcLER\u0130M\u0130ZLE BERABER \u00c7EVRE TEM\u0130ZL\u0130\u011e\u0130 FAAL\u0130YET\u0130NDE BULUNDUK\u201d<br \/>\nB\u00fcy\u00fck\u015fehir Belediyesi Erdemli Koordinat\u00f6r\u00fc Vedat Uzunba\u011f, sahilleri titizlikle temizlediklerini anlatarak, \u201c\u00c7evre Koruma Haftas\u0131 dolay\u0131s\u0131yla, Aya\u015f Merdivenlikuyu semtinde g\u00f6n\u00fcll\u00fclerimizle beraber \u00e7evre temizli\u011fi faaliyetinde bulunduk. Sadece Denizk\u0131z\u0131 Turizm A.\u015e&#8217;nin alanlar\u0131n\u0131 de\u011fil, bize ait olmayan alanlar\u0131 da makinelerimizle temizledik\u201d dedi.<br \/>\nDenizk\u0131z\u0131 A.\u015e b\u00fcnyesindeki Yemi\u015fkumu Plaj\u0131\u2019n\u0131 da kum eleme makineleriyle temizlediklerini kaydeden Uzunba\u011f, \u201c\u0130nsanlar g\u00f6n\u00fcl rahatl\u0131\u011f\u0131yla havlular\u0131n\u0131 kumun \u00fczerine serebilecekler. \u00c7ocuklar\u0131 burada rahatl\u0131kla oynayabilecek. Bu vesileyle b\u00fct\u00fcn deniz ve kum merakl\u0131lar\u0131n\u0131, Denizk\u0131z\u0131 Turizm A.\u015e\u2019ye ba\u011fl\u0131 plajlar\u0131m\u0131zda tatil yapmaya bekliyoruz\u201d diye konu\u015ftu.<br \/>\n\u00c7EVRE G\u00d6N\u00dcLL\u00dcLER\u0130NDEN, FARKINDALIK YARATAN ETK\u0130NL\u0130K<br \/>\nT\u00f6m\u00fck Kad\u0131n At\u00f6lyesi kursiyerleri ile birlikte etkinli\u011fe kat\u0131lan vatanda\u015flardan Ayten Do\u011fru, \u201cHerkesin duyarl\u0131 olmas\u0131n\u0131 ve \u00e7evreyi temiz tutmas\u0131n\u0131 istiyoruz. Sahilden bu kadar \u00e7\u00f6p\u00fcn \u00e7\u0131kmas\u0131 utan\u00e7 verici. Buraya onlarca ki\u015fi geldik. Bir\u00e7ok \u00e7\u00f6p po\u015fetimiz birikti. \u00c7evremizi, sahilimizi temiz tutal\u0131m\u201d dedi.<br \/>\nMinik \u00e7evrecilerden Hakan Mert Erdem, \u201c\u00c7evre Haftas\u0131 sebebiyle B\u00fcy\u00fck\u015fehir Belediyesi ile Aya\u015f\u2019a geldik. K\u0131y\u0131daki \u00e7\u00f6pleri toplad\u0131k ve sahillerimizi temizledik. Bir fark\u0131ndal\u0131k olu\u015fturmak istedik. Sahillerimizi temiz tutal\u0131m. \u00c7\u00f6plerimizi yere atmayal\u0131m\u201d ifadelerine yer verdi.<br \/>\nB\u00fcy\u00fck\u015fehir Belediyesi\u2019nin sabah sporuna kat\u0131lan vatanda\u015flardan Saniye Taze, spor hocas\u0131n\u0131n etkinlikten bahsetmesiyle temizlik \u00e7al\u0131\u015fmalar\u0131na kat\u0131ld\u0131klar\u0131n\u0131 anlatarak, \u201cArkada\u015flarla geldik. Ge\u00e7en y\u0131l da Adanal\u0131o\u011flu\u2019na gitmi\u015ftik. \u00c7evre Haftas\u0131 oldu\u011fu i\u00e7in, sahillerimizde ve ormanlar\u0131m\u0131zda \u2018etkinlik yapal\u0131m\u2019 dedik. \u00c7ok g\u00fczel bir fark\u0131ndal\u0131k \u00e7al\u0131\u015fmas\u0131 oldu\u201d dedi.<br \/>\nG\u00f6n\u00fcll\u00fc vatanda\u015flardan \u00d6mer Demirkol ise, \u201cBu etkinlik her y\u0131l yap\u0131l\u0131yor. Bizler de kat\u0131l\u0131yoruz. Ama\u00e7; buralar\u0131 temizlemekten ziyade, insanlara kirletmemelerini \u00f6\u011fretmek\u201d diye konu\u015ftu.<\/p>\n<p>\u200bMersin B\u00fcy\u00fck\u015fehir Belediyesi, 5-11 Haziran\u00a0\u2018\u00c7evre Haftas\u0131\u2019\u00a0kapsam\u0131nda \u00e7evre bilincini art\u0131rmak amac\u0131yla fark\u0131ndal\u0131k etkinliklerine devam ediyor.MERS\u0130N (\u0130GFA) &#8211; Mersin B\u00fcy\u00fck\u015fehir Belediyesi \u00c7evre Koruma ve Kontrol Dairesi Ba\u015fkanl\u0131\u011f\u0131 koordinesinde, Erdemli il\u00e7esi Aya\u015f sahilinde g\u00f6n\u00fcll\u00fclerin kat\u0131l\u0131m\u0131yla sahil temizli\u011fi ger\u00e7ekle\u015ftirildi. Etkinli\u011fe; B\u00fcy\u00fck\u015fehir Belediyesi\u2019nin sabah sporu hizmetinden faydalanan vatanda\u015flar, T\u00f6m\u00fck Kad\u0131n ve \u00c7ocuk At\u00f6lyesi kursiyerleri, Mersin \u00dcniversitesi \u00f6\u011frencileri ve \u00e7evre g\u00f6n\u00fcll\u00fcleri yo\u011fun ilgi g\u00f6sterdi. Kat\u0131l\u0131mc\u0131lar, \u00e7evre kirlili\u011fine dikkat \u00e7ekmek amac\u0131yla sahil boyunca temizlik \u00e7al\u0131\u015fmas\u0131 yapt\u0131.<br \/>\nAya\u015f sahilindeki temizlik \u00e7al\u0131\u015fmalar\u0131n\u0131n ard\u0131ndan B\u00fcy\u00fck\u015fehir Belediyesi i\u015ftiraklerinden Denizk\u0131z\u0131 Turizm A.\u015e. sorumlulu\u011funda bulunan Yemi\u015fkumu Halk Plaj\u0131\u2019nda, kum temizleme makineleriyle detayl\u0131 bir temizlik \u00e7al\u0131\u015fmas\u0131 ger\u00e7ekle\u015ftirildi. Yaz aylar\u0131nda yerli ve yabanc\u0131 turistlerin yo\u011fun olarak ziyaret etti\u011fi Erdemli sahillerinde ger\u00e7ekle\u015ftirilen bu temizlik \u00e7al\u0131\u015fmalar\u0131 hem \u00e7evre fark\u0131ndal\u0131\u011f\u0131 olu\u015fturuyor, hem de turizm potansiyeline katk\u0131 sunuyor.<br \/>\nUZUNBA\u011e: \u201cG\u00d6N\u00dcLL\u00dcLER\u0130M\u0130ZLE BERABER \u00c7EVRE TEM\u0130ZL\u0130\u011e\u0130 FAAL\u0130YET\u0130NDE BULUNDUK\u201d<br \/>\nB\u00fcy\u00fck\u015fehir Belediyesi Erdemli Koordinat\u00f6r\u00fc Vedat Uzunba\u011f, sahilleri titizlikle temizlediklerini anlatarak, \u201c\u00c7evre Koruma Haftas\u0131 dolay\u0131s\u0131yla, Aya\u015f Merdivenlikuyu semtinde g\u00f6n\u00fcll\u00fclerimizle beraber \u00e7evre temizli\u011fi faaliyetinde bulunduk. Sadece Denizk\u0131z\u0131 Turizm A.\u015e&#8217;nin alanlar\u0131n\u0131 de\u011fil, bize ait olmayan alanlar\u0131 da makinelerimizle temizledik\u201d dedi.<br \/>\nDenizk\u0131z\u0131 A.\u015e b\u00fcnyesindeki Yemi\u015fkumu Plaj\u0131\u2019n\u0131 da kum eleme makineleriyle temizlediklerini kaydeden Uzunba\u011f, \u201c\u0130nsanlar g\u00f6n\u00fcl rahatl\u0131\u011f\u0131yla havlular\u0131n\u0131 kumun \u00fczerine serebilecekler. \u00c7ocuklar\u0131 burada rahatl\u0131kla oynayabilecek. Bu vesileyle b\u00fct\u00fcn deniz ve kum merakl\u0131lar\u0131n\u0131, Denizk\u0131z\u0131 Turizm A.\u015e\u2019ye ba\u011fl\u0131 plajlar\u0131m\u0131zda tatil yapmaya bekliyoruz\u201d diye konu\u015ftu.<br \/>\n\u00c7EVRE G\u00d6N\u00dcLL\u00dcLER\u0130NDEN, FARKINDALIK YARATAN ETK\u0130NL\u0130K<br \/>\nT\u00f6m\u00fck Kad\u0131n At\u00f6lyesi kursiyerleri ile birlikte etkinli\u011fe kat\u0131lan vatanda\u015flardan Ayten Do\u011fru, \u201cHerkesin duyarl\u0131 olmas\u0131n\u0131 ve \u00e7evreyi temiz tutmas\u0131n\u0131 istiyoruz. Sahilden bu kadar \u00e7\u00f6p\u00fcn \u00e7\u0131kmas\u0131 utan\u00e7 verici. Buraya onlarca ki\u015fi geldik. Bir\u00e7ok \u00e7\u00f6p po\u015fetimiz birikti. \u00c7evremizi, sahilimizi temiz tutal\u0131m\u201d dedi.<br \/>\nMinik \u00e7evrecilerden Hakan Mert Erdem, \u201c\u00c7evre Haftas\u0131 sebebiyle B\u00fcy\u00fck\u015fehir Belediyesi ile Aya\u015f\u2019a geldik. K\u0131y\u0131daki \u00e7\u00f6pleri toplad\u0131k ve sahillerimizi temizledik. Bir fark\u0131ndal\u0131k olu\u015fturmak istedik. Sahillerimizi temiz tutal\u0131m. \u00c7\u00f6plerimizi yere atmayal\u0131m\u201d ifadelerine yer verdi.<br \/>\nB\u00fcy\u00fck\u015fehir Belediyesi\u2019nin sabah sporuna kat\u0131lan vatanda\u015flardan Saniye Taze, spor hocas\u0131n\u0131n etkinlikten bahsetmesiyle temizlik \u00e7al\u0131\u015fmalar\u0131na kat\u0131ld\u0131klar\u0131n\u0131 anlatarak, \u201cArkada\u015flarla geldik. Ge\u00e7en y\u0131l da Adanal\u0131o\u011flu\u2019na gitmi\u015ftik. \u00c7evre Haftas\u0131 oldu\u011fu i\u00e7in, sahillerimizde ve ormanlar\u0131m\u0131zda \u2018etkinlik yapal\u0131m\u2019 dedik. \u00c7ok g\u00fczel bir fark\u0131ndal\u0131k \u00e7al\u0131\u015fmas\u0131 oldu\u201d dedi.<br \/>\nG\u00f6n\u00fcll\u00fc vatanda\u015flardan \u00d6mer Demirkol ise, \u201cBu etkinlik her y\u0131l yap\u0131l\u0131yor. Bizler de kat\u0131l\u0131yoruz. Ama\u00e7; buralar\u0131 temizlemekten ziyade, insanlara kirletmemelerini \u00f6\u011fretmek\u201d diye konu\u015ftu.\u00a0<\/p>\n<p>\u200bHaberin Al\u0131nt\u0131land\u0131\u011f\u0131 Kaynak: www.iskenderun.org<\/p>","protected":false},"excerpt":{"rendered":"<p>Mersin B\u00fcy\u00fck\u015fehir Belediyesi, 5-11 Haziran\u00a0\u2018\u00c7evre Haftas\u0131\u2019\u00a0kapsam\u0131nda \u00e7evre bilincini art\u0131rmak amac\u0131yla fark\u0131ndal\u0131k etkinliklerine devam ediyor.MERS\u0130N (\u0130GFA) &#8211; Mersin B\u00fcy\u00fck\u015fehir Belediyesi \u00c7evre Koruma ve Kontrol Dairesi Ba\u015fkanl\u0131\u011f\u0131 koordinesinde, Erdemli il\u00e7esi Aya\u015f sahilinde g\u00f6n\u00fcll\u00fclerin kat\u0131l\u0131m\u0131yla sahil temizli\u011fi ger\u00e7ekle\u015ftirildi. Etkinli\u011fe; B\u00fcy\u00fck\u015fehir Belediyesi\u2019nin sabah sporu hizmetinden faydalanan vatanda\u015flar, T\u00f6m\u00fck Kad\u0131n ve \u00c7ocuk At\u00f6lyesi kursiyerleri, Mersin \u00dcniversitesi \u00f6\u011frencileri ve \u00e7evre g\u00f6n\u00fcll\u00fcleri yo\u011fun ilgi g\u00f6sterdi. Kat\u0131l\u0131mc\u0131lar, \u00e7evre kirlili\u011fine dikkat \u00e7ekmek amac\u0131yla sahil boyunca temizlik \u00e7al\u0131\u015fmas\u0131 yapt\u0131. Aya\u015f sahilindeki temizlik \u00e7al\u0131\u015fmalar\u0131n\u0131n ard\u0131ndan B\u00fcy\u00fck\u015fehir Belediyesi i\u015ftiraklerinden Denizk\u0131z\u0131 Turizm A.\u015e. sorumlulu\u011funda bulunan Yemi\u015fkumu Halk Plaj\u0131\u2019nda, kum temizleme makineleriyle detayl\u0131 bir temizlik \u00e7al\u0131\u015fmas\u0131 ger\u00e7ekle\u015ftirildi. Yaz aylar\u0131nda yerli ve yabanc\u0131 turistlerin yo\u011fun olarak ziyaret etti\u011fi Erdemli sahillerinde ger\u00e7ekle\u015ftirilen bu temizlik \u00e7al\u0131\u015fmalar\u0131 hem \u00e7evre fark\u0131ndal\u0131\u011f\u0131 olu\u015fturuyor, hem de turizm potansiyeline katk\u0131 sunuyor. UZUNBA\u011e: \u201cG\u00d6N\u00dcLL\u00dcLER\u0130M\u0130ZLE BERABER \u00c7EVRE TEM\u0130ZL\u0130\u011e\u0130 FAAL\u0130YET\u0130NDE BULUNDUK\u201d B\u00fcy\u00fck\u015fehir Belediyesi Erdemli Koordinat\u00f6r\u00fc Vedat Uzunba\u011f, sahilleri titizlikle temizlediklerini anlatarak, \u201c\u00c7evre Koruma Haftas\u0131 dolay\u0131s\u0131yla, Aya\u015f Merdivenlikuyu semtinde g\u00f6n\u00fcll\u00fclerimizle beraber \u00e7evre temizli\u011fi faaliyetinde bulunduk. Sadece Denizk\u0131z\u0131 Turizm A.\u015e&#8217;nin alanlar\u0131n\u0131 de\u011fil, bize ait olmayan alanlar\u0131 da makinelerimizle temizledik\u201d dedi. Denizk\u0131z\u0131 A.\u015e b\u00fcnyesindeki Yemi\u015fkumu Plaj\u0131\u2019n\u0131 da kum eleme makineleriyle temizlediklerini kaydeden Uzunba\u011f, \u201c\u0130nsanlar g\u00f6n\u00fcl rahatl\u0131\u011f\u0131yla havlular\u0131n\u0131 kumun \u00fczerine serebilecekler. \u00c7ocuklar\u0131 burada rahatl\u0131kla oynayabilecek. Bu vesileyle b\u00fct\u00fcn deniz ve kum merakl\u0131lar\u0131n\u0131, Denizk\u0131z\u0131 Turizm A.\u015e\u2019ye ba\u011fl\u0131 plajlar\u0131m\u0131zda tatil yapmaya &hellip;<\/p>","protected":false},"author":1,"featured_media":0,"comment_status":"","ping_status":"open","sticky":false,"template":"","format":"standard","meta":{"_acf_changed":false,"footnotes":""},"categories":[24],"tags":[],"class_list":["post-112623","post","type-post","status-publish","format-standard","has-post-thumbnail","hentry","category-gundem"],"acf":[],"yoast_head":"<!-- This site is optimized with the Yoast SEO Premium plugin v26.6 (Yoast SEO v27.1.1) - https:\/\/yoast.com\/product\/yoast-seo-premium-wordpress\/ -->\n<title>Mersin B\u00fcy\u00fck\u015fehir ile g\u00f6n\u00fcll\u00fcler Aya\u015f sahilini temizledi - Av. Deniz Can K\u0131z\u0131l<\/title>\n<meta name=\"robots\" content=\"index, follow, max-snippet:-1, max-image-preview:large, max-video-preview:-1\" \/>\n<link rel=\"canonical\" href=\"http:\/\/denizcankizil.tr\/uk\/haberler\/gundem\/mersin-buyuksehir-ile-gonulluler-ayas-sahilini-temizledi\/\" \/>\n<meta property=\"og:locale\" content=\"uk_UA\" \/>\n<meta property=\"og:type\" content=\"article\" \/>\n<meta property=\"og:title\" content=\"Mersin B\u00fcy\u00fck\u015fehir ile g\u00f6n\u00fcll\u00fcler Aya\u015f sahilini temizledi\" \/>\n<meta property=\"og:description\" content=\"Mersin B\u00fcy\u00fck\u015fehir Belediyesi, 5-11 Haziran\u00a0\u2018\u00c7evre Haftas\u0131\u2019\u00a0kapsam\u0131nda \u00e7evre bilincini art\u0131rmak amac\u0131yla fark\u0131ndal\u0131k etkinliklerine devam ediyor.MERS\u0130N (\u0130GFA) &#8211; Mersin B\u00fcy\u00fck\u015fehir Belediyesi \u00c7evre Koruma ve Kontrol Dairesi Ba\u015fkanl\u0131\u011f\u0131 koordinesinde, Erdemli il\u00e7esi Aya\u015f sahilinde g\u00f6n\u00fcll\u00fclerin kat\u0131l\u0131m\u0131yla sahil temizli\u011fi ger\u00e7ekle\u015ftirildi. Etkinli\u011fe; B\u00fcy\u00fck\u015fehir Belediyesi\u2019nin sabah sporu hizmetinden faydalanan vatanda\u015flar, T\u00f6m\u00fck Kad\u0131n ve \u00c7ocuk At\u00f6lyesi kursiyerleri, Mersin \u00dcniversitesi \u00f6\u011frencileri ve \u00e7evre g\u00f6n\u00fcll\u00fcleri yo\u011fun ilgi g\u00f6sterdi. Kat\u0131l\u0131mc\u0131lar, \u00e7evre kirlili\u011fine dikkat \u00e7ekmek amac\u0131yla sahil boyunca temizlik \u00e7al\u0131\u015fmas\u0131 yapt\u0131. Aya\u015f sahilindeki temizlik \u00e7al\u0131\u015fmalar\u0131n\u0131n ard\u0131ndan B\u00fcy\u00fck\u015fehir Belediyesi i\u015ftiraklerinden Denizk\u0131z\u0131 Turizm A.\u015e. sorumlulu\u011funda bulunan Yemi\u015fkumu Halk Plaj\u0131\u2019nda, kum temizleme makineleriyle detayl\u0131 bir temizlik \u00e7al\u0131\u015fmas\u0131 ger\u00e7ekle\u015ftirildi. Yaz aylar\u0131nda yerli ve yabanc\u0131 turistlerin yo\u011fun olarak ziyaret etti\u011fi Erdemli sahillerinde ger\u00e7ekle\u015ftirilen bu temizlik \u00e7al\u0131\u015fmalar\u0131 hem \u00e7evre fark\u0131ndal\u0131\u011f\u0131 olu\u015fturuyor, hem de turizm potansiyeline katk\u0131 sunuyor. UZUNBA\u011e: \u201cG\u00d6N\u00dcLL\u00dcLER\u0130M\u0130ZLE BERABER \u00c7EVRE TEM\u0130ZL\u0130\u011e\u0130 FAAL\u0130YET\u0130NDE BULUNDUK\u201d B\u00fcy\u00fck\u015fehir Belediyesi Erdemli Koordinat\u00f6r\u00fc Vedat Uzunba\u011f, sahilleri titizlikle temizlediklerini anlatarak, \u201c\u00c7evre Koruma Haftas\u0131 dolay\u0131s\u0131yla, Aya\u015f Merdivenlikuyu semtinde g\u00f6n\u00fcll\u00fclerimizle beraber \u00e7evre temizli\u011fi faaliyetinde bulunduk. Sadece Denizk\u0131z\u0131 Turizm A.\u015e&#8217;nin alanlar\u0131n\u0131 de\u011fil, bize ait olmayan alanlar\u0131 da makinelerimizle temizledik\u201d dedi. Denizk\u0131z\u0131 A.\u015e b\u00fcnyesindeki Yemi\u015fkumu Plaj\u0131\u2019n\u0131 da kum eleme makineleriyle temizlediklerini kaydeden Uzunba\u011f, \u201c\u0130nsanlar g\u00f6n\u00fcl rahatl\u0131\u011f\u0131yla havlular\u0131n\u0131 kumun \u00fczerine serebilecekler. \u00c7ocuklar\u0131 burada rahatl\u0131kla oynayabilecek. Bu vesileyle b\u00fct\u00fcn deniz ve kum merakl\u0131lar\u0131n\u0131, Denizk\u0131z\u0131 Turizm A.\u015e\u2019ye ba\u011fl\u0131 plajlar\u0131m\u0131zda tatil yapmaya &hellip;\" \/>\n<meta property=\"og:url\" content=\"http:\/\/denizcankizil.tr\/uk\/haberler\/gundem\/mersin-buyuksehir-ile-gonulluler-ayas-sahilini-temizledi\/\" \/>\n<meta property=\"og:site_name\" content=\"Av. Deniz Can K\u0131z\u0131l\" \/>\n<meta property=\"article:published_time\" content=\"2025-06-10T13:42:39+00:00\" \/>\n<meta name=\"author\" content=\"admin\" \/>\n<meta name=\"twitter:card\" content=\"summary_large_image\" \/>\n<meta name=\"twitter:label1\" content=\"\u041d\u0430\u043f\u0438\u0441\u0430\u043d\u043e\" \/>\n\t<meta name=\"twitter:data1\" content=\"admin\" \/>\n\t<meta name=\"twitter:label2\" content=\"\u041f\u0440\u0438\u0431\u043b. \u0447\u0430\u0441 \u0447\u0438\u0442\u0430\u043d\u043d\u044f\" \/>\n\t<meta name=\"twitter:data2\" content=\"5 \u0445\u0432\u0438\u043b\u0438\u043d\" \/>\n<script type=\"application\/ld+json\" class=\"yoast-schema-graph\">{\"@context\":\"https:\/\/schema.org\",\"@graph\":[{\"@type\":\"Article\",\"@id\":\"http:\/\/denizcankizil.tr\/uk\/haberler\/gundem\/mersin-buyuksehir-ile-gonulluler-ayas-sahilini-temizledi\/#article\",\"isPartOf\":{\"@id\":\"http:\/\/denizcankizil.tr\/uk\/haberler\/gundem\/mersin-buyuksehir-ile-gonulluler-ayas-sahilini-temizledi\/\"},\"author\":{\"name\":\"admin\",\"@id\":\"https:\/\/denizcankizil.tr\/#\/schema\/person\/be3c05fe6a12686905512445d8185489\"},\"headline\":\"Mersin B\u00fcy\u00fck\u015fehir ile g\u00f6n\u00fcll\u00fcler Aya\u015f sahilini temizledi\",\"datePublished\":\"2025-06-10T13:42:39+00:00\",\"mainEntityOfPage\":{\"@id\":\"http:\/\/denizcankizil.tr\/uk\/haberler\/gundem\/mersin-buyuksehir-ile-gonulluler-ayas-sahilini-temizledi\/\"},\"wordCount\":1067,\"publisher\":{\"@id\":\"https:\/\/denizcankizil.tr\/#organization\"},\"articleSection\":[\"G\u00fcndem\"],\"inLanguage\":\"uk\"},{\"@type\":\"WebPage\",\"@id\":\"http:\/\/denizcankizil.tr\/uk\/haberler\/gundem\/mersin-buyuksehir-ile-gonulluler-ayas-sahilini-temizledi\/\",\"url\":\"http:\/\/denizcankizil.tr\/uk\/haberler\/gundem\/mersin-buyuksehir-ile-gonulluler-ayas-sahilini-temizledi\/\",\"name\":\"Mersin B\u00fcy\u00fck\u015fehir ile g\u00f6n\u00fcll\u00fcler Aya\u015f sahilini temizledi - Av. Deniz Can K\u0131z\u0131l\",\"isPartOf\":{\"@id\":\"https:\/\/denizcankizil.tr\/#website\"},\"datePublished\":\"2025-06-10T13:42:39+00:00\",\"breadcrumb\":{\"@id\":\"http:\/\/denizcankizil.tr\/uk\/haberler\/gundem\/mersin-buyuksehir-ile-gonulluler-ayas-sahilini-temizledi\/#breadcrumb\"},\"inLanguage\":\"uk\",\"potentialAction\":[{\"@type\":\"ReadAction\",\"target\":[\"http:\/\/denizcankizil.tr\/uk\/haberler\/gundem\/mersin-buyuksehir-ile-gonulluler-ayas-sahilini-temizledi\/\"]}]},{\"@type\":\"BreadcrumbList\",\"@id\":\"http:\/\/denizcankizil.tr\/uk\/haberler\/gundem\/mersin-buyuksehir-ile-gonulluler-ayas-sahilini-temizledi\/#breadcrumb\",\"itemListElement\":[{\"@type\":\"ListItem\",\"position\":1,\"name\":\"Home\",\"item\":\"https:\/\/denizcankizil.tr\/de\/\"},{\"@type\":\"ListItem\",\"position\":2,\"name\":\"Mersin B\u00fcy\u00fck\u015fehir ile g\u00f6n\u00fcll\u00fcler Aya\u015f sahilini temizledi\"}]},{\"@type\":\"WebSite\",\"@id\":\"https:\/\/denizcankizil.tr\/#website\",\"url\":\"https:\/\/denizcankizil.tr\/\",\"name\":\"Av. Deniz Can K\u0131z\u0131l\",\"description\":\"Avukat Deniz Can K\u0131z\u0131l Antalya Barosu\",\"publisher\":{\"@id\":\"https:\/\/denizcankizil.tr\/#organization\"},\"potentialAction\":[{\"@type\":\"SearchAction\",\"target\":{\"@type\":\"EntryPoint\",\"urlTemplate\":\"https:\/\/denizcankizil.tr\/?s={search_term_string}\"},\"query-input\":{\"@type\":\"PropertyValueSpecification\",\"valueRequired\":true,\"valueName\":\"search_term_string\"}}],\"inLanguage\":\"uk\"},{\"@type\":\"Organization\",\"@id\":\"https:\/\/denizcankizil.tr\/#organization\",\"name\":\"Av. Deniz Can K\u0131z\u0131l\",\"url\":\"https:\/\/denizcankizil.tr\/\",\"logo\":{\"@type\":\"ImageObject\",\"inLanguage\":\"uk\",\"@id\":\"https:\/\/denizcankizil.tr\/#\/schema\/logo\/image\/\",\"url\":\"http:\/\/denizcankizil.tr\/wp-content\/uploads\/2024\/10\/siyah-logo-svg.svg\",\"contentUrl\":\"http:\/\/denizcankizil.tr\/wp-content\/uploads\/2024\/10\/siyah-logo-svg.svg\",\"width\":1080,\"height\":1080,\"caption\":\"Av. Deniz Can K\u0131z\u0131l\"},\"image\":{\"@id\":\"https:\/\/denizcankizil.tr\/#\/schema\/logo\/image\/\"}},{\"@type\":\"Person\",\"@id\":\"https:\/\/denizcankizil.tr\/#\/schema\/person\/be3c05fe6a12686905512445d8185489\",\"name\":\"admin\",\"image\":{\"@type\":\"ImageObject\",\"inLanguage\":\"uk\",\"@id\":\"https:\/\/denizcankizil.tr\/#\/schema\/person\/image\/\",\"url\":\"https:\/\/secure.gravatar.com\/avatar\/c1fce94c830dc79107e174f890d7210541c4a63e8e5d816341794a2151c9d58c?s=96&d=mm&r=g\",\"contentUrl\":\"https:\/\/secure.gravatar.com\/avatar\/c1fce94c830dc79107e174f890d7210541c4a63e8e5d816341794a2151c9d58c?s=96&d=mm&r=g\",\"caption\":\"admin\"},\"sameAs\":[\"http:\/\/denizcankizil.tr\"],\"url\":\"https:\/\/www.iskenderun.org\/mersin-buyuksehir-ile-gonulluler-ayas-sahilini-temizledi\"}]}<\/script>\n<!-- \/ Yoast SEO Premium plugin. -->","yoast_head_json":{"title":"Mersin B\u00fcy\u00fck\u015fehir ile g\u00f6n\u00fcll\u00fcler Aya\u015f sahilini temizledi - Av. Deniz Can K\u0131z\u0131l","robots":{"index":"index","follow":"follow","max-snippet":"max-snippet:-1","max-image-preview":"max-image-preview:large","max-video-preview":"max-video-preview:-1"},"canonical":"http:\/\/denizcankizil.tr\/uk\/haberler\/gundem\/mersin-buyuksehir-ile-gonulluler-ayas-sahilini-temizledi\/","og_locale":"uk_UA","og_type":"article","og_title":"Mersin B\u00fcy\u00fck\u015fehir ile g\u00f6n\u00fcll\u00fcler Aya\u015f sahilini temizledi","og_description":"Mersin B\u00fcy\u00fck\u015fehir Belediyesi, 5-11 Haziran\u00a0\u2018\u00c7evre Haftas\u0131\u2019\u00a0kapsam\u0131nda \u00e7evre bilincini art\u0131rmak amac\u0131yla fark\u0131ndal\u0131k etkinliklerine devam ediyor.MERS\u0130N (\u0130GFA) &#8211; Mersin B\u00fcy\u00fck\u015fehir Belediyesi \u00c7evre Koruma ve Kontrol Dairesi Ba\u015fkanl\u0131\u011f\u0131 koordinesinde, Erdemli il\u00e7esi Aya\u015f sahilinde g\u00f6n\u00fcll\u00fclerin kat\u0131l\u0131m\u0131yla sahil temizli\u011fi ger\u00e7ekle\u015ftirildi. Etkinli\u011fe; B\u00fcy\u00fck\u015fehir Belediyesi\u2019nin sabah sporu hizmetinden faydalanan vatanda\u015flar, T\u00f6m\u00fck Kad\u0131n ve \u00c7ocuk At\u00f6lyesi kursiyerleri, Mersin \u00dcniversitesi \u00f6\u011frencileri ve \u00e7evre g\u00f6n\u00fcll\u00fcleri yo\u011fun ilgi g\u00f6sterdi. Kat\u0131l\u0131mc\u0131lar, \u00e7evre kirlili\u011fine dikkat \u00e7ekmek amac\u0131yla sahil boyunca temizlik \u00e7al\u0131\u015fmas\u0131 yapt\u0131. Aya\u015f sahilindeki temizlik \u00e7al\u0131\u015fmalar\u0131n\u0131n ard\u0131ndan B\u00fcy\u00fck\u015fehir Belediyesi i\u015ftiraklerinden Denizk\u0131z\u0131 Turizm A.\u015e. sorumlulu\u011funda bulunan Yemi\u015fkumu Halk Plaj\u0131\u2019nda, kum temizleme makineleriyle detayl\u0131 bir temizlik \u00e7al\u0131\u015fmas\u0131 ger\u00e7ekle\u015ftirildi. Yaz aylar\u0131nda yerli ve yabanc\u0131 turistlerin yo\u011fun olarak ziyaret etti\u011fi Erdemli sahillerinde ger\u00e7ekle\u015ftirilen bu temizlik \u00e7al\u0131\u015fmalar\u0131 hem \u00e7evre fark\u0131ndal\u0131\u011f\u0131 olu\u015fturuyor, hem de turizm potansiyeline katk\u0131 sunuyor. UZUNBA\u011e: \u201cG\u00d6N\u00dcLL\u00dcLER\u0130M\u0130ZLE BERABER \u00c7EVRE TEM\u0130ZL\u0130\u011e\u0130 FAAL\u0130YET\u0130NDE BULUNDUK\u201d B\u00fcy\u00fck\u015fehir Belediyesi Erdemli Koordinat\u00f6r\u00fc Vedat Uzunba\u011f, sahilleri titizlikle temizlediklerini anlatarak, \u201c\u00c7evre Koruma Haftas\u0131 dolay\u0131s\u0131yla, Aya\u015f Merdivenlikuyu semtinde g\u00f6n\u00fcll\u00fclerimizle beraber \u00e7evre temizli\u011fi faaliyetinde bulunduk. Sadece Denizk\u0131z\u0131 Turizm A.\u015e&#8217;nin alanlar\u0131n\u0131 de\u011fil, bize ait olmayan alanlar\u0131 da makinelerimizle temizledik\u201d dedi. Denizk\u0131z\u0131 A.\u015e b\u00fcnyesindeki Yemi\u015fkumu Plaj\u0131\u2019n\u0131 da kum eleme makineleriyle temizlediklerini kaydeden Uzunba\u011f, \u201c\u0130nsanlar g\u00f6n\u00fcl rahatl\u0131\u011f\u0131yla havlular\u0131n\u0131 kumun \u00fczerine serebilecekler. \u00c7ocuklar\u0131 burada rahatl\u0131kla oynayabilecek. Bu vesileyle b\u00fct\u00fcn deniz ve kum merakl\u0131lar\u0131n\u0131, Denizk\u0131z\u0131 Turizm A.\u015e\u2019ye ba\u011fl\u0131 plajlar\u0131m\u0131zda tatil yapmaya &hellip;","og_url":"http:\/\/denizcankizil.tr\/uk\/haberler\/gundem\/mersin-buyuksehir-ile-gonulluler-ayas-sahilini-temizledi\/","og_site_name":"Av. Deniz Can K\u0131z\u0131l","article_published_time":"2025-06-10T13:42:39+00:00","author":"admin","twitter_card":"summary_large_image","twitter_misc":{"\u041d\u0430\u043f\u0438\u0441\u0430\u043d\u043e":"admin","\u041f\u0440\u0438\u0431\u043b. \u0447\u0430\u0441 \u0447\u0438\u0442\u0430\u043d\u043d\u044f":"5 \u0445\u0432\u0438\u043b\u0438\u043d"},"schema":{"@context":"https:\/\/schema.org","@graph":[{"@type":"Article","@id":"http:\/\/denizcankizil.tr\/uk\/haberler\/gundem\/mersin-buyuksehir-ile-gonulluler-ayas-sahilini-temizledi\/#article","isPartOf":{"@id":"http:\/\/denizcankizil.tr\/uk\/haberler\/gundem\/mersin-buyuksehir-ile-gonulluler-ayas-sahilini-temizledi\/"},"author":{"name":"admin","@id":"https:\/\/denizcankizil.tr\/#\/schema\/person\/be3c05fe6a12686905512445d8185489"},"headline":"Mersin B\u00fcy\u00fck\u015fehir ile g\u00f6n\u00fcll\u00fcler Aya\u015f sahilini temizledi","datePublished":"2025-06-10T13:42:39+00:00","mainEntityOfPage":{"@id":"http:\/\/denizcankizil.tr\/uk\/haberler\/gundem\/mersin-buyuksehir-ile-gonulluler-ayas-sahilini-temizledi\/"},"wordCount":1067,"publisher":{"@id":"https:\/\/denizcankizil.tr\/#organization"},"articleSection":["G\u00fcndem"],"inLanguage":"uk"},{"@type":"WebPage","@id":"http:\/\/denizcankizil.tr\/uk\/haberler\/gundem\/mersin-buyuksehir-ile-gonulluler-ayas-sahilini-temizledi\/","url":"http:\/\/denizcankizil.tr\/uk\/haberler\/gundem\/mersin-buyuksehir-ile-gonulluler-ayas-sahilini-temizledi\/","name":"Mersin B\u00fcy\u00fck\u015fehir ile g\u00f6n\u00fcll\u00fcler Aya\u015f sahilini temizledi - Av. Deniz Can K\u0131z\u0131l","isPartOf":{"@id":"https:\/\/denizcankizil.tr\/#website"},"datePublished":"2025-06-10T13:42:39+00:00","breadcrumb":{"@id":"http:\/\/denizcankizil.tr\/uk\/haberler\/gundem\/mersin-buyuksehir-ile-gonulluler-ayas-sahilini-temizledi\/#breadcrumb"},"inLanguage":"uk","potentialAction":[{"@type":"ReadAction","target":["http:\/\/denizcankizil.tr\/uk\/haberler\/gundem\/mersin-buyuksehir-ile-gonulluler-ayas-sahilini-temizledi\/"]}]},{"@type":"BreadcrumbList","@id":"http:\/\/denizcankizil.tr\/uk\/haberler\/gundem\/mersin-buyuksehir-ile-gonulluler-ayas-sahilini-temizledi\/#breadcrumb","itemListElement":[{"@type":"ListItem","position":1,"name":"Home","item":"https:\/\/denizcankizil.tr\/de\/"},{"@type":"ListItem","position":2,"name":"Mersin B\u00fcy\u00fck\u015fehir ile g\u00f6n\u00fcll\u00fcler Aya\u015f sahilini temizledi"}]},{"@type":"WebSite","@id":"https:\/\/denizcankizil.tr\/#website","url":"https:\/\/denizcankizil.tr\/","name":"Av. Deniz Can K\u0131z\u0131l","description":"Avukat Deniz Can K\u0131z\u0131l Antalya Barosu","publisher":{"@id":"https:\/\/denizcankizil.tr\/#organization"},"potentialAction":[{"@type":"SearchAction","target":{"@type":"EntryPoint","urlTemplate":"https:\/\/denizcankizil.tr\/?s={search_term_string}"},"query-input":{"@type":"PropertyValueSpecification","valueRequired":true,"valueName":"search_term_string"}}],"inLanguage":"uk"},{"@type":"Organization","@id":"https:\/\/denizcankizil.tr\/#organization","name":"Av. Deniz Can K\u0131z\u0131l","url":"https:\/\/denizcankizil.tr\/","logo":{"@type":"ImageObject","inLanguage":"uk","@id":"https:\/\/denizcankizil.tr\/#\/schema\/logo\/image\/","url":"http:\/\/denizcankizil.tr\/wp-content\/uploads\/2024\/10\/siyah-logo-svg.svg","contentUrl":"http:\/\/denizcankizil.tr\/wp-content\/uploads\/2024\/10\/siyah-logo-svg.svg","width":1080,"height":1080,"caption":"Av. Deniz Can K\u0131z\u0131l"},"image":{"@id":"https:\/\/denizcankizil.tr\/#\/schema\/logo\/image\/"}},{"@type":"Person","@id":"https:\/\/denizcankizil.tr\/#\/schema\/person\/be3c05fe6a12686905512445d8185489","name":"\u0430\u0434\u043c\u0456\u043d","image":{"@type":"ImageObject","inLanguage":"uk","@id":"https:\/\/denizcankizil.tr\/#\/schema\/person\/image\/","url":"https:\/\/secure.gravatar.com\/avatar\/c1fce94c830dc79107e174f890d7210541c4a63e8e5d816341794a2151c9d58c?s=96&d=mm&r=g","contentUrl":"https:\/\/secure.gravatar.com\/avatar\/c1fce94c830dc79107e174f890d7210541c4a63e8e5d816341794a2151c9d58c?s=96&d=mm&r=g","caption":"admin"},"sameAs":["http:\/\/denizcankizil.tr"],"url":"https:\/\/www.iskenderun.org\/mersin-buyuksehir-ile-gonulluler-ayas-sahilini-temizledi"}]}},"_links":{"self":[{"href":"http:\/\/denizcankizil.tr\/uk\/wp-json\/wp\/v2\/posts\/112623","targetHints":{"allow":["GET"]}}],"collection":[{"href":"http:\/\/denizcankizil.tr\/uk\/wp-json\/wp\/v2\/posts"}],"about":[{"href":"http:\/\/denizcankizil.tr\/uk\/wp-json\/wp\/v2\/types\/post"}],"author":[{"embeddable":true,"href":"http:\/\/denizcankizil.tr\/uk\/wp-json\/wp\/v2\/users\/1"}],"replies":[{"embeddable":true,"href":"http:\/\/denizcankizil.tr\/uk\/wp-json\/wp\/v2\/comments?post=112623"}],"version-history":[{"count":0,"href":"http:\/\/denizcankizil.tr\/uk\/wp-json\/wp\/v2\/posts\/112623\/revisions"}],"wp:attachment":[{"href":"http:\/\/denizcankizil.tr\/uk\/wp-json\/wp\/v2\/media?parent=112623"}],"wp:term":[{"taxonomy":"category","embeddable":true,"href":"http:\/\/denizcankizil.tr\/uk\/wp-json\/wp\/v2\/categories?post=112623"},{"taxonomy":"post_tag","embeddable":true,"href":"http:\/\/denizcankizil.tr\/uk\/wp-json\/wp\/v2\/tags?post=112623"}],"curies":[{"name":"wp","href":"https:\/\/api.w.org\/{rel}","templated":true}]}}