{"id":109786,"date":"2025-06-07T20:41:14","date_gmt":"2025-06-07T17:41:14","guid":{"rendered":"https:\/\/denizcankizil.tr\/uncategorized-tr\/afad-duyurdu-3-9-buyuklugunde-deprem\/"},"modified":"2025-06-07T20:41:14","modified_gmt":"2025-06-07T17:41:14","slug":"afad-duyurdu-3-9-buyuklugunde-deprem","status":"publish","type":"post","link":"http:\/\/denizcankizil.tr\/uk\/haberler\/gundem\/afad-duyurdu-3-9-buyuklugunde-deprem\/","title":{"rendered":"AFAD duyurdu: 3.9 b\u00fcy\u00fckl\u00fc\u011f\u00fcnde deprem!"},"content":{"rendered":"<p>Afet ve Acil Durum Y\u00f6netimi Ba\u015fkanl\u0131\u011f\u0131 (AFAD) verilerine g\u00f6re, deprem bug\u00fcn saat 19.09&#8217;da Ege Denizi&#8217;nde meydana geldi. Depremin b\u00fcy\u00fckl\u00fc\u011f\u00fc 3.9 olarak a\u00e7\u0131klan\u0131rken, derinli\u011fi ise 55.2 kilometre olarak \u00f6l\u00e7\u00fcld\u00fc. \u0130lk belirlemelere g\u00f6re deprem, herhangi bir olumsuzlu\u011fa yol a\u00e7mad\u0131.<\/p>\n<p>EN YAKIN YERLE\u015e\u0130M YER\u0130 DAT\u00c7A<\/p>\n<p>AFAD taraf\u0131ndan yap\u0131lan a\u00e7\u0131klamada, depreme en yak\u0131n yerle\u015fim yerinin, Mu\u011fla\u2019n\u0131n Dat\u00e7a il\u00e7esi oldu\u011fu belirtildi. Dat\u00e7a\u2019n\u0131n depremin merkezine 86.28 kilometre mesafede bulundu\u011fu \u00f6\u011frenildi. Yetkililer, \u015fu ana kadar herhangi bir can veya mal kayb\u0131 ya\u015fanmad\u0131\u011f\u0131na dair olumsuz bir ihbar al\u0131nmad\u0131\u011f\u0131n\u0131 ifade etti. Geli\u015fmeler AFAD ve ilgili kurumlar taraf\u0131ndan takip ediliyor.<\/p>\n<p>\u200bEge Denizi&#8217;nde 3.9 b\u00fcy\u00fckl\u00fc\u011f\u00fcnde bir deprem meydana geldi. Afet ve Acil Durum Y\u00f6netimi Ba\u015fkanl\u0131\u011f\u0131\u2019n\u0131n (AFAD) payla\u015ft\u0131\u011f\u0131 verilere g\u00f6re, sars\u0131nt\u0131 saat 19.09\u2019da kaydedildi.\u00a0<\/p>\n<p>\u200bHaberin Al\u0131nt\u0131land\u0131\u011f\u0131 Kaynak: www.antalyakorfez.com<\/p>","protected":false},"excerpt":{"rendered":"<p>Afet ve Acil Durum Y\u00f6netimi Ba\u015fkanl\u0131\u011f\u0131 (AFAD) verilerine g\u00f6re, deprem bug\u00fcn saat 19.09&#8217;da Ege Denizi&#8217;nde meydana geldi. Depremin b\u00fcy\u00fckl\u00fc\u011f\u00fc 3.9 olarak a\u00e7\u0131klan\u0131rken, derinli\u011fi ise 55.2 kilometre olarak \u00f6l\u00e7\u00fcld\u00fc. \u0130lk belirlemelere g\u00f6re deprem, herhangi bir olumsuzlu\u011fa yol a\u00e7mad\u0131. EN YAKIN YERLE\u015e\u0130M YER\u0130 DAT\u00c7A AFAD taraf\u0131ndan yap\u0131lan a\u00e7\u0131klamada, depreme en yak\u0131n yerle\u015fim yerinin, Mu\u011fla\u2019n\u0131n Dat\u00e7a il\u00e7esi oldu\u011fu belirtildi. Dat\u00e7a\u2019n\u0131n depremin merkezine 86.28 kilometre mesafede bulundu\u011fu \u00f6\u011frenildi. Yetkililer, \u015fu ana kadar herhangi bir can veya mal kayb\u0131 ya\u015fanmad\u0131\u011f\u0131na dair olumsuz bir ihbar al\u0131nmad\u0131\u011f\u0131n\u0131 ifade etti. Geli\u015fmeler AFAD ve ilgili kurumlar taraf\u0131ndan takip ediliyor. \u200bEge Denizi&#8217;nde 3.9 b\u00fcy\u00fckl\u00fc\u011f\u00fcnde bir deprem meydana geldi. Afet ve Acil Durum Y\u00f6netimi Ba\u015fkanl\u0131\u011f\u0131\u2019n\u0131n (AFAD) payla\u015ft\u0131\u011f\u0131 verilere g\u00f6re, sars\u0131nt\u0131 saat 19.09\u2019da kaydedildi.\u00a0 \u200bHaberin Al\u0131nt\u0131land\u0131\u011f\u0131 Kaynak: www.antalyakorfez.com<\/p>","protected":false},"author":5,"featured_media":0,"comment_status":"","ping_status":"open","sticky":false,"template":"","format":"standard","meta":{"_acf_changed":false,"footnotes":""},"categories":[24],"tags":[],"class_list":["post-109786","post","type-post","status-publish","format-standard","has-post-thumbnail","hentry","category-gundem"],"acf":[],"yoast_head":"<!-- This site is optimized with the Yoast SEO Premium plugin v26.6 (Yoast SEO v27.1.1) - https:\/\/yoast.com\/product\/yoast-seo-premium-wordpress\/ -->\n<title>AFAD duyurdu: 3.9 b\u00fcy\u00fckl\u00fc\u011f\u00fcnde deprem! - Av. Deniz Can K\u0131z\u0131l<\/title>\n<meta name=\"robots\" content=\"index, follow, max-snippet:-1, max-image-preview:large, max-video-preview:-1\" \/>\n<link rel=\"canonical\" href=\"http:\/\/denizcankizil.tr\/uk\/haberler\/gundem\/afad-duyurdu-3-9-buyuklugunde-deprem\/\" \/>\n<meta property=\"og:locale\" content=\"uk_UA\" \/>\n<meta property=\"og:type\" content=\"article\" \/>\n<meta property=\"og:title\" content=\"AFAD duyurdu: 3.9 b\u00fcy\u00fckl\u00fc\u011f\u00fcnde deprem!\" \/>\n<meta property=\"og:description\" content=\"Afet ve Acil Durum Y\u00f6netimi Ba\u015fkanl\u0131\u011f\u0131 (AFAD) verilerine g\u00f6re, deprem bug\u00fcn saat 19.09&#8217;da Ege Denizi&#8217;nde meydana geldi. Depremin b\u00fcy\u00fckl\u00fc\u011f\u00fc 3.9 olarak a\u00e7\u0131klan\u0131rken, derinli\u011fi ise 55.2 kilometre olarak \u00f6l\u00e7\u00fcld\u00fc. \u0130lk belirlemelere g\u00f6re deprem, herhangi bir olumsuzlu\u011fa yol a\u00e7mad\u0131. EN YAKIN YERLE\u015e\u0130M YER\u0130 DAT\u00c7A AFAD taraf\u0131ndan yap\u0131lan a\u00e7\u0131klamada, depreme en yak\u0131n yerle\u015fim yerinin, Mu\u011fla\u2019n\u0131n Dat\u00e7a il\u00e7esi oldu\u011fu belirtildi. Dat\u00e7a\u2019n\u0131n depremin merkezine 86.28 kilometre mesafede bulundu\u011fu \u00f6\u011frenildi. Yetkililer, \u015fu ana kadar herhangi bir can veya mal kayb\u0131 ya\u015fanmad\u0131\u011f\u0131na dair olumsuz bir ihbar al\u0131nmad\u0131\u011f\u0131n\u0131 ifade etti. Geli\u015fmeler AFAD ve ilgili kurumlar taraf\u0131ndan takip ediliyor. \u200bEge Denizi&#8217;nde 3.9 b\u00fcy\u00fckl\u00fc\u011f\u00fcnde bir deprem meydana geldi. Afet ve Acil Durum Y\u00f6netimi Ba\u015fkanl\u0131\u011f\u0131\u2019n\u0131n (AFAD) payla\u015ft\u0131\u011f\u0131 verilere g\u00f6re, sars\u0131nt\u0131 saat 19.09\u2019da kaydedildi.\u00a0 \u200bHaberin Al\u0131nt\u0131land\u0131\u011f\u0131 Kaynak: www.antalyakorfez.com\" \/>\n<meta property=\"og:url\" content=\"http:\/\/denizcankizil.tr\/uk\/haberler\/gundem\/afad-duyurdu-3-9-buyuklugunde-deprem\/\" \/>\n<meta property=\"og:site_name\" content=\"Av. Deniz Can K\u0131z\u0131l\" \/>\n<meta property=\"article:published_time\" content=\"2025-06-07T17:41:14+00:00\" \/>\n<meta name=\"author\" content=\"Antalya K\u00f6rfez\" \/>\n<meta name=\"twitter:card\" content=\"summary_large_image\" \/>\n<meta name=\"twitter:label1\" content=\"\u041d\u0430\u043f\u0438\u0441\u0430\u043d\u043e\" \/>\n\t<meta name=\"twitter:data1\" content=\"Antalya K\u00f6rfez\" \/>\n\t<meta name=\"twitter:label2\" content=\"\u041f\u0440\u0438\u0431\u043b. \u0447\u0430\u0441 \u0447\u0438\u0442\u0430\u043d\u043d\u044f\" \/>\n\t<meta name=\"twitter:data2\" content=\"1 \u0445\u0432\u0438\u043b\u0438\u043d\u0430\" \/>\n<script type=\"application\/ld+json\" class=\"yoast-schema-graph\">{\"@context\":\"https:\/\/schema.org\",\"@graph\":[{\"@type\":\"Article\",\"@id\":\"http:\/\/denizcankizil.tr\/uk\/haberler\/gundem\/afad-duyurdu-3-9-buyuklugunde-deprem\/#article\",\"isPartOf\":{\"@id\":\"http:\/\/denizcankizil.tr\/uk\/haberler\/gundem\/afad-duyurdu-3-9-buyuklugunde-deprem\/\"},\"author\":{\"name\":\"Antalya K\u00f6rfez\",\"@id\":\"https:\/\/denizcankizil.tr\/#\/schema\/person\/e1eb71bb4dd684d46563f0af307e1234\"},\"headline\":\"AFAD duyurdu: 3.9 b\u00fcy\u00fckl\u00fc\u011f\u00fcnde deprem!\",\"datePublished\":\"2025-06-07T17:41:14+00:00\",\"mainEntityOfPage\":{\"@id\":\"http:\/\/denizcankizil.tr\/uk\/haberler\/gundem\/afad-duyurdu-3-9-buyuklugunde-deprem\/\"},\"wordCount\":171,\"publisher\":{\"@id\":\"https:\/\/denizcankizil.tr\/#organization\"},\"articleSection\":[\"G\u00fcndem\"],\"inLanguage\":\"uk\"},{\"@type\":\"WebPage\",\"@id\":\"http:\/\/denizcankizil.tr\/uk\/haberler\/gundem\/afad-duyurdu-3-9-buyuklugunde-deprem\/\",\"url\":\"http:\/\/denizcankizil.tr\/uk\/haberler\/gundem\/afad-duyurdu-3-9-buyuklugunde-deprem\/\",\"name\":\"AFAD duyurdu: 3.9 b\u00fcy\u00fckl\u00fc\u011f\u00fcnde deprem! - Av. Deniz Can K\u0131z\u0131l\",\"isPartOf\":{\"@id\":\"https:\/\/denizcankizil.tr\/#website\"},\"datePublished\":\"2025-06-07T17:41:14+00:00\",\"breadcrumb\":{\"@id\":\"http:\/\/denizcankizil.tr\/uk\/haberler\/gundem\/afad-duyurdu-3-9-buyuklugunde-deprem\/#breadcrumb\"},\"inLanguage\":\"uk\",\"potentialAction\":[{\"@type\":\"ReadAction\",\"target\":[\"http:\/\/denizcankizil.tr\/uk\/haberler\/gundem\/afad-duyurdu-3-9-buyuklugunde-deprem\/\"]}]},{\"@type\":\"BreadcrumbList\",\"@id\":\"http:\/\/denizcankizil.tr\/uk\/haberler\/gundem\/afad-duyurdu-3-9-buyuklugunde-deprem\/#breadcrumb\",\"itemListElement\":[{\"@type\":\"ListItem\",\"position\":1,\"name\":\"Home\",\"item\":\"https:\/\/denizcankizil.tr\/de\/\"},{\"@type\":\"ListItem\",\"position\":2,\"name\":\"AFAD duyurdu: 3.9 b\u00fcy\u00fckl\u00fc\u011f\u00fcnde deprem!\"}]},{\"@type\":\"WebSite\",\"@id\":\"https:\/\/denizcankizil.tr\/#website\",\"url\":\"https:\/\/denizcankizil.tr\/\",\"name\":\"Av. Deniz Can K\u0131z\u0131l\",\"description\":\"Avukat Deniz Can K\u0131z\u0131l Antalya Barosu\",\"publisher\":{\"@id\":\"https:\/\/denizcankizil.tr\/#organization\"},\"potentialAction\":[{\"@type\":\"SearchAction\",\"target\":{\"@type\":\"EntryPoint\",\"urlTemplate\":\"https:\/\/denizcankizil.tr\/?s={search_term_string}\"},\"query-input\":{\"@type\":\"PropertyValueSpecification\",\"valueRequired\":true,\"valueName\":\"search_term_string\"}}],\"inLanguage\":\"uk\"},{\"@type\":\"Organization\",\"@id\":\"https:\/\/denizcankizil.tr\/#organization\",\"name\":\"Av. Deniz Can K\u0131z\u0131l\",\"url\":\"https:\/\/denizcankizil.tr\/\",\"logo\":{\"@type\":\"ImageObject\",\"inLanguage\":\"uk\",\"@id\":\"https:\/\/denizcankizil.tr\/#\/schema\/logo\/image\/\",\"url\":\"http:\/\/denizcankizil.tr\/wp-content\/uploads\/2024\/10\/siyah-logo-svg.svg\",\"contentUrl\":\"http:\/\/denizcankizil.tr\/wp-content\/uploads\/2024\/10\/siyah-logo-svg.svg\",\"width\":1080,\"height\":1080,\"caption\":\"Av. Deniz Can K\u0131z\u0131l\"},\"image\":{\"@id\":\"https:\/\/denizcankizil.tr\/#\/schema\/logo\/image\/\"}},{\"@type\":\"Person\",\"@id\":\"https:\/\/denizcankizil.tr\/#\/schema\/person\/e1eb71bb4dd684d46563f0af307e1234\",\"name\":\"Antalya K\u00f6rfez\",\"image\":{\"@type\":\"ImageObject\",\"inLanguage\":\"uk\",\"@id\":\"https:\/\/denizcankizil.tr\/#\/schema\/person\/image\/\",\"url\":\"https:\/\/secure.gravatar.com\/avatar\/42b01982558a48a0b501fdcab6a408d3717ea5919095ee2e67b0e521799c5905?s=96&d=mm&r=g\",\"contentUrl\":\"https:\/\/secure.gravatar.com\/avatar\/42b01982558a48a0b501fdcab6a408d3717ea5919095ee2e67b0e521799c5905?s=96&d=mm&r=g\",\"caption\":\"Antalya K\u00f6rfez\"},\"sameAs\":[\"http:\/\/www.antalyakorfez.com\"],\"url\":\"https:\/\/www.antalyakorfez.com\/afad-duyurdu-39-buyuklugunde-deprem\"}]}<\/script>\n<!-- \/ Yoast SEO Premium plugin. -->","yoast_head_json":{"title":"AFAD duyurdu: 3.9 b\u00fcy\u00fckl\u00fc\u011f\u00fcnde deprem! - Av. Deniz Can K\u0131z\u0131l","robots":{"index":"index","follow":"follow","max-snippet":"max-snippet:-1","max-image-preview":"max-image-preview:large","max-video-preview":"max-video-preview:-1"},"canonical":"http:\/\/denizcankizil.tr\/uk\/haberler\/gundem\/afad-duyurdu-3-9-buyuklugunde-deprem\/","og_locale":"uk_UA","og_type":"article","og_title":"AFAD duyurdu: 3.9 b\u00fcy\u00fckl\u00fc\u011f\u00fcnde deprem!","og_description":"Afet ve Acil Durum Y\u00f6netimi Ba\u015fkanl\u0131\u011f\u0131 (AFAD) verilerine g\u00f6re, deprem bug\u00fcn saat 19.09&#8217;da Ege Denizi&#8217;nde meydana geldi. Depremin b\u00fcy\u00fckl\u00fc\u011f\u00fc 3.9 olarak a\u00e7\u0131klan\u0131rken, derinli\u011fi ise 55.2 kilometre olarak \u00f6l\u00e7\u00fcld\u00fc. \u0130lk belirlemelere g\u00f6re deprem, herhangi bir olumsuzlu\u011fa yol a\u00e7mad\u0131. EN YAKIN YERLE\u015e\u0130M YER\u0130 DAT\u00c7A AFAD taraf\u0131ndan yap\u0131lan a\u00e7\u0131klamada, depreme en yak\u0131n yerle\u015fim yerinin, Mu\u011fla\u2019n\u0131n Dat\u00e7a il\u00e7esi oldu\u011fu belirtildi. Dat\u00e7a\u2019n\u0131n depremin merkezine 86.28 kilometre mesafede bulundu\u011fu \u00f6\u011frenildi. Yetkililer, \u015fu ana kadar herhangi bir can veya mal kayb\u0131 ya\u015fanmad\u0131\u011f\u0131na dair olumsuz bir ihbar al\u0131nmad\u0131\u011f\u0131n\u0131 ifade etti. Geli\u015fmeler AFAD ve ilgili kurumlar taraf\u0131ndan takip ediliyor. \u200bEge Denizi&#8217;nde 3.9 b\u00fcy\u00fckl\u00fc\u011f\u00fcnde bir deprem meydana geldi. Afet ve Acil Durum Y\u00f6netimi Ba\u015fkanl\u0131\u011f\u0131\u2019n\u0131n (AFAD) payla\u015ft\u0131\u011f\u0131 verilere g\u00f6re, sars\u0131nt\u0131 saat 19.09\u2019da kaydedildi.\u00a0 \u200bHaberin Al\u0131nt\u0131land\u0131\u011f\u0131 Kaynak: www.antalyakorfez.com","og_url":"http:\/\/denizcankizil.tr\/uk\/haberler\/gundem\/afad-duyurdu-3-9-buyuklugunde-deprem\/","og_site_name":"Av. Deniz Can K\u0131z\u0131l","article_published_time":"2025-06-07T17:41:14+00:00","author":"Antalya K\u00f6rfez","twitter_card":"summary_large_image","twitter_misc":{"\u041d\u0430\u043f\u0438\u0441\u0430\u043d\u043e":"Antalya K\u00f6rfez","\u041f\u0440\u0438\u0431\u043b. \u0447\u0430\u0441 \u0447\u0438\u0442\u0430\u043d\u043d\u044f":"1 \u0445\u0432\u0438\u043b\u0438\u043d\u0430"},"schema":{"@context":"https:\/\/schema.org","@graph":[{"@type":"Article","@id":"http:\/\/denizcankizil.tr\/uk\/haberler\/gundem\/afad-duyurdu-3-9-buyuklugunde-deprem\/#article","isPartOf":{"@id":"http:\/\/denizcankizil.tr\/uk\/haberler\/gundem\/afad-duyurdu-3-9-buyuklugunde-deprem\/"},"author":{"name":"Antalya K\u00f6rfez","@id":"https:\/\/denizcankizil.tr\/#\/schema\/person\/e1eb71bb4dd684d46563f0af307e1234"},"headline":"AFAD duyurdu: 3.9 b\u00fcy\u00fckl\u00fc\u011f\u00fcnde deprem!","datePublished":"2025-06-07T17:41:14+00:00","mainEntityOfPage":{"@id":"http:\/\/denizcankizil.tr\/uk\/haberler\/gundem\/afad-duyurdu-3-9-buyuklugunde-deprem\/"},"wordCount":171,"publisher":{"@id":"https:\/\/denizcankizil.tr\/#organization"},"articleSection":["G\u00fcndem"],"inLanguage":"uk"},{"@type":"WebPage","@id":"http:\/\/denizcankizil.tr\/uk\/haberler\/gundem\/afad-duyurdu-3-9-buyuklugunde-deprem\/","url":"http:\/\/denizcankizil.tr\/uk\/haberler\/gundem\/afad-duyurdu-3-9-buyuklugunde-deprem\/","name":"AFAD duyurdu: 3.9 b\u00fcy\u00fckl\u00fc\u011f\u00fcnde deprem! - Av. Deniz Can K\u0131z\u0131l","isPartOf":{"@id":"https:\/\/denizcankizil.tr\/#website"},"datePublished":"2025-06-07T17:41:14+00:00","breadcrumb":{"@id":"http:\/\/denizcankizil.tr\/uk\/haberler\/gundem\/afad-duyurdu-3-9-buyuklugunde-deprem\/#breadcrumb"},"inLanguage":"uk","potentialAction":[{"@type":"ReadAction","target":["http:\/\/denizcankizil.tr\/uk\/haberler\/gundem\/afad-duyurdu-3-9-buyuklugunde-deprem\/"]}]},{"@type":"BreadcrumbList","@id":"http:\/\/denizcankizil.tr\/uk\/haberler\/gundem\/afad-duyurdu-3-9-buyuklugunde-deprem\/#breadcrumb","itemListElement":[{"@type":"ListItem","position":1,"name":"Home","item":"https:\/\/denizcankizil.tr\/de\/"},{"@type":"ListItem","position":2,"name":"AFAD duyurdu: 3.9 b\u00fcy\u00fckl\u00fc\u011f\u00fcnde deprem!"}]},{"@type":"WebSite","@id":"https:\/\/denizcankizil.tr\/#website","url":"https:\/\/denizcankizil.tr\/","name":"Av. Deniz Can K\u0131z\u0131l","description":"Avukat Deniz Can K\u0131z\u0131l Antalya Barosu","publisher":{"@id":"https:\/\/denizcankizil.tr\/#organization"},"potentialAction":[{"@type":"SearchAction","target":{"@type":"EntryPoint","urlTemplate":"https:\/\/denizcankizil.tr\/?s={search_term_string}"},"query-input":{"@type":"PropertyValueSpecification","valueRequired":true,"valueName":"search_term_string"}}],"inLanguage":"uk"},{"@type":"Organization","@id":"https:\/\/denizcankizil.tr\/#organization","name":"Av. Deniz Can K\u0131z\u0131l","url":"https:\/\/denizcankizil.tr\/","logo":{"@type":"ImageObject","inLanguage":"uk","@id":"https:\/\/denizcankizil.tr\/#\/schema\/logo\/image\/","url":"http:\/\/denizcankizil.tr\/wp-content\/uploads\/2024\/10\/siyah-logo-svg.svg","contentUrl":"http:\/\/denizcankizil.tr\/wp-content\/uploads\/2024\/10\/siyah-logo-svg.svg","width":1080,"height":1080,"caption":"Av. Deniz Can K\u0131z\u0131l"},"image":{"@id":"https:\/\/denizcankizil.tr\/#\/schema\/logo\/image\/"}},{"@type":"Person","@id":"https:\/\/denizcankizil.tr\/#\/schema\/person\/e1eb71bb4dd684d46563f0af307e1234","name":"Antalya K\u00f6rfez","image":{"@type":"ImageObject","inLanguage":"uk","@id":"https:\/\/denizcankizil.tr\/#\/schema\/person\/image\/","url":"https:\/\/secure.gravatar.com\/avatar\/42b01982558a48a0b501fdcab6a408d3717ea5919095ee2e67b0e521799c5905?s=96&d=mm&r=g","contentUrl":"https:\/\/secure.gravatar.com\/avatar\/42b01982558a48a0b501fdcab6a408d3717ea5919095ee2e67b0e521799c5905?s=96&d=mm&r=g","caption":"Antalya K\u00f6rfez"},"sameAs":["http:\/\/www.antalyakorfez.com"],"url":"https:\/\/www.antalyakorfez.com\/afad-duyurdu-39-buyuklugunde-deprem"}]}},"_links":{"self":[{"href":"http:\/\/denizcankizil.tr\/uk\/wp-json\/wp\/v2\/posts\/109786","targetHints":{"allow":["GET"]}}],"collection":[{"href":"http:\/\/denizcankizil.tr\/uk\/wp-json\/wp\/v2\/posts"}],"about":[{"href":"http:\/\/denizcankizil.tr\/uk\/wp-json\/wp\/v2\/types\/post"}],"author":[{"embeddable":true,"href":"http:\/\/denizcankizil.tr\/uk\/wp-json\/wp\/v2\/users\/5"}],"replies":[{"embeddable":true,"href":"http:\/\/denizcankizil.tr\/uk\/wp-json\/wp\/v2\/comments?post=109786"}],"version-history":[{"count":0,"href":"http:\/\/denizcankizil.tr\/uk\/wp-json\/wp\/v2\/posts\/109786\/revisions"}],"wp:attachment":[{"href":"http:\/\/denizcankizil.tr\/uk\/wp-json\/wp\/v2\/media?parent=109786"}],"wp:term":[{"taxonomy":"category","embeddable":true,"href":"http:\/\/denizcankizil.tr\/uk\/wp-json\/wp\/v2\/categories?post=109786"},{"taxonomy":"post_tag","embeddable":true,"href":"http:\/\/denizcankizil.tr\/uk\/wp-json\/wp\/v2\/tags?post=109786"}],"curies":[{"name":"wp","href":"https:\/\/api.w.org\/{rel}","templated":true}]}}