{"id":109318,"date":"2025-06-07T10:41:15","date_gmt":"2025-06-07T07:41:15","guid":{"rendered":"https:\/\/denizcankizil.tr\/uncategorized-tr\/sicaktan-bunalan-hataylilar-kendini-dogal-kaynak-suyuna-atti\/"},"modified":"2025-06-07T10:41:15","modified_gmt":"2025-06-07T07:41:15","slug":"sicaktan-bunalan-hataylilar-kendini-dogal-kaynak-suyuna-atti","status":"publish","type":"post","link":"http:\/\/denizcankizil.tr\/uk\/haberler\/gundem\/sicaktan-bunalan-hataylilar-kendini-dogal-kaynak-suyuna-atti\/","title":{"rendered":"S\u0131caktan bunalan Hatayl\u0131lar kendini do\u011fal kaynak suyuna att\u0131"},"content":{"rendered":"<p>S\u0131cak havalar\u0131n etkili oldu\u011fu Hatay&#8217;da termometreler g\u00fcn i\u00e7erisinde 40 dereceyi buluyor. Kurban Bayram\u0131 tatilinde s\u0131cak havadan bunalan vatanda\u015flar, \u0130skenderun il\u00e7esi Sar\u0131seki Mahallesi&#8217;ndeki do\u011fal kaynak suyunda serinledi. Y\u0131llardan beri akmaya devam eden kaynak suyu, s\u0131caktan bunalanlar\u0131n u\u011frak noktas\u0131 oluyor.<\/p>\n<p>&#8220;B\u0130LMEYENLER VARSA GELMELER\u0130N\u0130 TAVS\u0130YE EDER\u0130M&#8221;<\/p>\n<p>S\u0131caktan ka\u00e7arak do\u011fal kaynak suyunda serinleyen 21 ya\u015f\u0131ndaki Kaan \u00d6zen, &#8220;\u0130stanbul&#8217;dan geliyorum. Sabah bayram namaz\u0131n\u0131 k\u0131ld\u0131ktan sonra kurban kesmeye gittik. Oradan da malum, hava \u00e7ok s\u0131cak oldu\u011fu i\u00e7in Hatay&#8217;a, buraya y\u00fczmeye geldik. Buras\u0131 Sar\u0131seki \u0131l\u0131ca ger\u00e7ekten \u00e7ok g\u00fczel. Bilmeyenler varsa gelmelerini tavsiye ederim. Hava ger\u00e7ekten \u00e7ok s\u0131cak&#8221; ifadelerini kulland\u0131.<\/p>\n<p>\u200bHava s\u0131cakl\u0131\u011f\u0131n\u0131n 40 dereceyi buldu\u011fu Hatay\u2019da vatanda\u015flar \u0130skenderun\u2019da bulunan do\u011fal kaynak suyunda serinlemeye \u00e7al\u0131\u015ft\u0131.\u00a0<\/p>\n<p>\u200bHaberin Al\u0131nt\u0131land\u0131\u011f\u0131 Kaynak: www.antalyakorfez.com<\/p>","protected":false},"excerpt":{"rendered":"<p>S\u0131cak havalar\u0131n etkili oldu\u011fu Hatay&#8217;da termometreler g\u00fcn i\u00e7erisinde 40 dereceyi buluyor. Kurban Bayram\u0131 tatilinde s\u0131cak havadan bunalan vatanda\u015flar, \u0130skenderun il\u00e7esi Sar\u0131seki Mahallesi&#8217;ndeki do\u011fal kaynak suyunda serinledi. Y\u0131llardan beri akmaya devam eden kaynak suyu, s\u0131caktan bunalanlar\u0131n u\u011frak noktas\u0131 oluyor. &#8220;B\u0130LMEYENLER VARSA GELMELER\u0130N\u0130 TAVS\u0130YE EDER\u0130M&#8221; S\u0131caktan ka\u00e7arak do\u011fal kaynak suyunda serinleyen 21 ya\u015f\u0131ndaki Kaan \u00d6zen, &#8220;\u0130stanbul&#8217;dan geliyorum. Sabah bayram namaz\u0131n\u0131 k\u0131ld\u0131ktan sonra kurban kesmeye gittik. Oradan da malum, hava \u00e7ok s\u0131cak oldu\u011fu i\u00e7in Hatay&#8217;a, buraya y\u00fczmeye geldik. Buras\u0131 Sar\u0131seki \u0131l\u0131ca ger\u00e7ekten \u00e7ok g\u00fczel. Bilmeyenler varsa gelmelerini tavsiye ederim. Hava ger\u00e7ekten \u00e7ok s\u0131cak&#8221; ifadelerini kulland\u0131. \u200bHava s\u0131cakl\u0131\u011f\u0131n\u0131n 40 dereceyi buldu\u011fu Hatay\u2019da vatanda\u015flar \u0130skenderun\u2019da bulunan do\u011fal kaynak suyunda serinlemeye \u00e7al\u0131\u015ft\u0131.\u00a0 \u200bHaberin Al\u0131nt\u0131land\u0131\u011f\u0131 Kaynak: www.antalyakorfez.com<\/p>","protected":false},"author":5,"featured_media":0,"comment_status":"","ping_status":"open","sticky":false,"template":"","format":"standard","meta":{"_acf_changed":false,"footnotes":""},"categories":[24],"tags":[],"class_list":["post-109318","post","type-post","status-publish","format-standard","has-post-thumbnail","hentry","category-gundem"],"acf":[],"yoast_head":"<!-- This site is optimized with the Yoast SEO Premium plugin v26.6 (Yoast SEO v27.1.1) - https:\/\/yoast.com\/product\/yoast-seo-premium-wordpress\/ -->\n<title>S\u0131caktan bunalan Hatayl\u0131lar kendini do\u011fal kaynak suyuna att\u0131 - Av. Deniz Can K\u0131z\u0131l<\/title>\n<meta name=\"robots\" content=\"index, follow, max-snippet:-1, max-image-preview:large, max-video-preview:-1\" \/>\n<link rel=\"canonical\" href=\"http:\/\/denizcankizil.tr\/uk\/haberler\/gundem\/sicaktan-bunalan-hataylilar-kendini-dogal-kaynak-suyuna-atti\/\" \/>\n<meta property=\"og:locale\" content=\"uk_UA\" \/>\n<meta property=\"og:type\" content=\"article\" \/>\n<meta property=\"og:title\" content=\"S\u0131caktan bunalan Hatayl\u0131lar kendini do\u011fal kaynak suyuna att\u0131\" \/>\n<meta property=\"og:description\" content=\"S\u0131cak havalar\u0131n etkili oldu\u011fu Hatay&#8217;da termometreler g\u00fcn i\u00e7erisinde 40 dereceyi buluyor. Kurban Bayram\u0131 tatilinde s\u0131cak havadan bunalan vatanda\u015flar, \u0130skenderun il\u00e7esi Sar\u0131seki Mahallesi&#8217;ndeki do\u011fal kaynak suyunda serinledi. Y\u0131llardan beri akmaya devam eden kaynak suyu, s\u0131caktan bunalanlar\u0131n u\u011frak noktas\u0131 oluyor. &#8220;B\u0130LMEYENLER VARSA GELMELER\u0130N\u0130 TAVS\u0130YE EDER\u0130M&#8221; S\u0131caktan ka\u00e7arak do\u011fal kaynak suyunda serinleyen 21 ya\u015f\u0131ndaki Kaan \u00d6zen, &#8220;\u0130stanbul&#8217;dan geliyorum. Sabah bayram namaz\u0131n\u0131 k\u0131ld\u0131ktan sonra kurban kesmeye gittik. Oradan da malum, hava \u00e7ok s\u0131cak oldu\u011fu i\u00e7in Hatay&#8217;a, buraya y\u00fczmeye geldik. Buras\u0131 Sar\u0131seki \u0131l\u0131ca ger\u00e7ekten \u00e7ok g\u00fczel. Bilmeyenler varsa gelmelerini tavsiye ederim. Hava ger\u00e7ekten \u00e7ok s\u0131cak&#8221; ifadelerini kulland\u0131. \u200bHava s\u0131cakl\u0131\u011f\u0131n\u0131n 40 dereceyi buldu\u011fu Hatay\u2019da vatanda\u015flar \u0130skenderun\u2019da bulunan do\u011fal kaynak suyunda serinlemeye \u00e7al\u0131\u015ft\u0131.\u00a0 \u200bHaberin Al\u0131nt\u0131land\u0131\u011f\u0131 Kaynak: www.antalyakorfez.com\" \/>\n<meta property=\"og:url\" content=\"http:\/\/denizcankizil.tr\/uk\/haberler\/gundem\/sicaktan-bunalan-hataylilar-kendini-dogal-kaynak-suyuna-atti\/\" \/>\n<meta property=\"og:site_name\" content=\"Av. Deniz Can K\u0131z\u0131l\" \/>\n<meta property=\"article:published_time\" content=\"2025-06-07T07:41:15+00:00\" \/>\n<meta name=\"author\" content=\"Antalya K\u00f6rfez\" \/>\n<meta name=\"twitter:card\" content=\"summary_large_image\" \/>\n<meta name=\"twitter:label1\" content=\"\u041d\u0430\u043f\u0438\u0441\u0430\u043d\u043e\" \/>\n\t<meta name=\"twitter:data1\" content=\"Antalya K\u00f6rfez\" \/>\n\t<meta name=\"twitter:label2\" content=\"\u041f\u0440\u0438\u0431\u043b. \u0447\u0430\u0441 \u0447\u0438\u0442\u0430\u043d\u043d\u044f\" \/>\n\t<meta name=\"twitter:data2\" content=\"1 \u0445\u0432\u0438\u043b\u0438\u043d\u0430\" \/>\n<script type=\"application\/ld+json\" class=\"yoast-schema-graph\">{\"@context\":\"https:\/\/schema.org\",\"@graph\":[{\"@type\":\"Article\",\"@id\":\"http:\/\/denizcankizil.tr\/uk\/haberler\/gundem\/sicaktan-bunalan-hataylilar-kendini-dogal-kaynak-suyuna-atti\/#article\",\"isPartOf\":{\"@id\":\"http:\/\/denizcankizil.tr\/uk\/haberler\/gundem\/sicaktan-bunalan-hataylilar-kendini-dogal-kaynak-suyuna-atti\/\"},\"author\":{\"name\":\"Antalya K\u00f6rfez\",\"@id\":\"https:\/\/denizcankizil.tr\/de\/#\/schema\/person\/e1eb71bb4dd684d46563f0af307e1234\"},\"headline\":\"S\u0131caktan bunalan Hatayl\u0131lar kendini do\u011fal kaynak suyuna att\u0131\",\"datePublished\":\"2025-06-07T07:41:15+00:00\",\"mainEntityOfPage\":{\"@id\":\"http:\/\/denizcankizil.tr\/uk\/haberler\/gundem\/sicaktan-bunalan-hataylilar-kendini-dogal-kaynak-suyuna-atti\/\"},\"wordCount\":170,\"publisher\":{\"@id\":\"https:\/\/denizcankizil.tr\/de\/#organization\"},\"articleSection\":[\"G\u00fcndem\"],\"inLanguage\":\"uk\"},{\"@type\":\"WebPage\",\"@id\":\"http:\/\/denizcankizil.tr\/uk\/haberler\/gundem\/sicaktan-bunalan-hataylilar-kendini-dogal-kaynak-suyuna-atti\/\",\"url\":\"http:\/\/denizcankizil.tr\/uk\/haberler\/gundem\/sicaktan-bunalan-hataylilar-kendini-dogal-kaynak-suyuna-atti\/\",\"name\":\"S\u0131caktan bunalan Hatayl\u0131lar kendini do\u011fal kaynak suyuna att\u0131 - Av. Deniz Can K\u0131z\u0131l\",\"isPartOf\":{\"@id\":\"https:\/\/denizcankizil.tr\/de\/#website\"},\"datePublished\":\"2025-06-07T07:41:15+00:00\",\"breadcrumb\":{\"@id\":\"http:\/\/denizcankizil.tr\/uk\/haberler\/gundem\/sicaktan-bunalan-hataylilar-kendini-dogal-kaynak-suyuna-atti\/#breadcrumb\"},\"inLanguage\":\"uk\",\"potentialAction\":[{\"@type\":\"ReadAction\",\"target\":[\"http:\/\/denizcankizil.tr\/uk\/haberler\/gundem\/sicaktan-bunalan-hataylilar-kendini-dogal-kaynak-suyuna-atti\/\"]}]},{\"@type\":\"BreadcrumbList\",\"@id\":\"http:\/\/denizcankizil.tr\/uk\/haberler\/gundem\/sicaktan-bunalan-hataylilar-kendini-dogal-kaynak-suyuna-atti\/#breadcrumb\",\"itemListElement\":[{\"@type\":\"ListItem\",\"position\":1,\"name\":\"Home\",\"item\":\"https:\/\/denizcankizil.tr\/de\/\"},{\"@type\":\"ListItem\",\"position\":2,\"name\":\"S\u0131caktan bunalan Hatayl\u0131lar kendini do\u011fal kaynak suyuna att\u0131\"}]},{\"@type\":\"WebSite\",\"@id\":\"https:\/\/denizcankizil.tr\/de\/#website\",\"url\":\"https:\/\/denizcankizil.tr\/de\/\",\"name\":\"Av. Deniz Can K\u0131z\u0131l\",\"description\":\"Avukat Deniz Can K\u0131z\u0131l Antalya Barosu\",\"publisher\":{\"@id\":\"https:\/\/denizcankizil.tr\/de\/#organization\"},\"potentialAction\":[{\"@type\":\"SearchAction\",\"target\":{\"@type\":\"EntryPoint\",\"urlTemplate\":\"https:\/\/denizcankizil.tr\/de\/?s={search_term_string}\"},\"query-input\":{\"@type\":\"PropertyValueSpecification\",\"valueRequired\":true,\"valueName\":\"search_term_string\"}}],\"inLanguage\":\"uk\"},{\"@type\":\"Organization\",\"@id\":\"https:\/\/denizcankizil.tr\/de\/#organization\",\"name\":\"Av. Deniz Can K\u0131z\u0131l\",\"url\":\"https:\/\/denizcankizil.tr\/de\/\",\"logo\":{\"@type\":\"ImageObject\",\"inLanguage\":\"uk\",\"@id\":\"https:\/\/denizcankizil.tr\/de\/#\/schema\/logo\/image\/\",\"url\":\"http:\/\/denizcankizil.tr\/wp-content\/uploads\/2024\/10\/siyah-logo-svg.svg\",\"contentUrl\":\"http:\/\/denizcankizil.tr\/wp-content\/uploads\/2024\/10\/siyah-logo-svg.svg\",\"width\":1080,\"height\":1080,\"caption\":\"Av. Deniz Can K\u0131z\u0131l\"},\"image\":{\"@id\":\"https:\/\/denizcankizil.tr\/de\/#\/schema\/logo\/image\/\"}},{\"@type\":\"Person\",\"@id\":\"https:\/\/denizcankizil.tr\/de\/#\/schema\/person\/e1eb71bb4dd684d46563f0af307e1234\",\"name\":\"Antalya K\u00f6rfez\",\"image\":{\"@type\":\"ImageObject\",\"inLanguage\":\"uk\",\"@id\":\"https:\/\/denizcankizil.tr\/de\/#\/schema\/person\/image\/\",\"url\":\"https:\/\/secure.gravatar.com\/avatar\/42b01982558a48a0b501fdcab6a408d3717ea5919095ee2e67b0e521799c5905?s=96&d=mm&r=g\",\"contentUrl\":\"https:\/\/secure.gravatar.com\/avatar\/42b01982558a48a0b501fdcab6a408d3717ea5919095ee2e67b0e521799c5905?s=96&d=mm&r=g\",\"caption\":\"Antalya K\u00f6rfez\"},\"sameAs\":[\"http:\/\/www.antalyakorfez.com\"],\"url\":\"https:\/\/www.antalyakorfez.com\/sicaktan-bunalan-hataylilar-kendini-dogal-kaynak-suyuna-atti\"}]}<\/script>\n<!-- \/ Yoast SEO Premium plugin. -->","yoast_head_json":{"title":"S\u0131caktan bunalan Hatayl\u0131lar kendini do\u011fal kaynak suyuna att\u0131 - Av. Deniz Can K\u0131z\u0131l","robots":{"index":"index","follow":"follow","max-snippet":"max-snippet:-1","max-image-preview":"max-image-preview:large","max-video-preview":"max-video-preview:-1"},"canonical":"http:\/\/denizcankizil.tr\/uk\/haberler\/gundem\/sicaktan-bunalan-hataylilar-kendini-dogal-kaynak-suyuna-atti\/","og_locale":"uk_UA","og_type":"article","og_title":"S\u0131caktan bunalan Hatayl\u0131lar kendini do\u011fal kaynak suyuna att\u0131","og_description":"S\u0131cak havalar\u0131n etkili oldu\u011fu Hatay&#8217;da termometreler g\u00fcn i\u00e7erisinde 40 dereceyi buluyor. Kurban Bayram\u0131 tatilinde s\u0131cak havadan bunalan vatanda\u015flar, \u0130skenderun il\u00e7esi Sar\u0131seki Mahallesi&#8217;ndeki do\u011fal kaynak suyunda serinledi. Y\u0131llardan beri akmaya devam eden kaynak suyu, s\u0131caktan bunalanlar\u0131n u\u011frak noktas\u0131 oluyor. &#8220;B\u0130LMEYENLER VARSA GELMELER\u0130N\u0130 TAVS\u0130YE EDER\u0130M&#8221; S\u0131caktan ka\u00e7arak do\u011fal kaynak suyunda serinleyen 21 ya\u015f\u0131ndaki Kaan \u00d6zen, &#8220;\u0130stanbul&#8217;dan geliyorum. Sabah bayram namaz\u0131n\u0131 k\u0131ld\u0131ktan sonra kurban kesmeye gittik. Oradan da malum, hava \u00e7ok s\u0131cak oldu\u011fu i\u00e7in Hatay&#8217;a, buraya y\u00fczmeye geldik. Buras\u0131 Sar\u0131seki \u0131l\u0131ca ger\u00e7ekten \u00e7ok g\u00fczel. Bilmeyenler varsa gelmelerini tavsiye ederim. Hava ger\u00e7ekten \u00e7ok s\u0131cak&#8221; ifadelerini kulland\u0131. \u200bHava s\u0131cakl\u0131\u011f\u0131n\u0131n 40 dereceyi buldu\u011fu Hatay\u2019da vatanda\u015flar \u0130skenderun\u2019da bulunan do\u011fal kaynak suyunda serinlemeye \u00e7al\u0131\u015ft\u0131.\u00a0 \u200bHaberin Al\u0131nt\u0131land\u0131\u011f\u0131 Kaynak: www.antalyakorfez.com","og_url":"http:\/\/denizcankizil.tr\/uk\/haberler\/gundem\/sicaktan-bunalan-hataylilar-kendini-dogal-kaynak-suyuna-atti\/","og_site_name":"Av. Deniz Can K\u0131z\u0131l","article_published_time":"2025-06-07T07:41:15+00:00","author":"Antalya K\u00f6rfez","twitter_card":"summary_large_image","twitter_misc":{"\u041d\u0430\u043f\u0438\u0441\u0430\u043d\u043e":"Antalya K\u00f6rfez","\u041f\u0440\u0438\u0431\u043b. \u0447\u0430\u0441 \u0447\u0438\u0442\u0430\u043d\u043d\u044f":"1 \u0445\u0432\u0438\u043b\u0438\u043d\u0430"},"schema":{"@context":"https:\/\/schema.org","@graph":[{"@type":"Article","@id":"http:\/\/denizcankizil.tr\/uk\/haberler\/gundem\/sicaktan-bunalan-hataylilar-kendini-dogal-kaynak-suyuna-atti\/#article","isPartOf":{"@id":"http:\/\/denizcankizil.tr\/uk\/haberler\/gundem\/sicaktan-bunalan-hataylilar-kendini-dogal-kaynak-suyuna-atti\/"},"author":{"name":"Antalya K\u00f6rfez","@id":"https:\/\/denizcankizil.tr\/de\/#\/schema\/person\/e1eb71bb4dd684d46563f0af307e1234"},"headline":"S\u0131caktan bunalan Hatayl\u0131lar kendini do\u011fal kaynak suyuna att\u0131","datePublished":"2025-06-07T07:41:15+00:00","mainEntityOfPage":{"@id":"http:\/\/denizcankizil.tr\/uk\/haberler\/gundem\/sicaktan-bunalan-hataylilar-kendini-dogal-kaynak-suyuna-atti\/"},"wordCount":170,"publisher":{"@id":"https:\/\/denizcankizil.tr\/de\/#organization"},"articleSection":["G\u00fcndem"],"inLanguage":"uk"},{"@type":"WebPage","@id":"http:\/\/denizcankizil.tr\/uk\/haberler\/gundem\/sicaktan-bunalan-hataylilar-kendini-dogal-kaynak-suyuna-atti\/","url":"http:\/\/denizcankizil.tr\/uk\/haberler\/gundem\/sicaktan-bunalan-hataylilar-kendini-dogal-kaynak-suyuna-atti\/","name":"S\u0131caktan bunalan Hatayl\u0131lar kendini do\u011fal kaynak suyuna att\u0131 - Av. Deniz Can K\u0131z\u0131l","isPartOf":{"@id":"https:\/\/denizcankizil.tr\/de\/#website"},"datePublished":"2025-06-07T07:41:15+00:00","breadcrumb":{"@id":"http:\/\/denizcankizil.tr\/uk\/haberler\/gundem\/sicaktan-bunalan-hataylilar-kendini-dogal-kaynak-suyuna-atti\/#breadcrumb"},"inLanguage":"uk","potentialAction":[{"@type":"ReadAction","target":["http:\/\/denizcankizil.tr\/uk\/haberler\/gundem\/sicaktan-bunalan-hataylilar-kendini-dogal-kaynak-suyuna-atti\/"]}]},{"@type":"BreadcrumbList","@id":"http:\/\/denizcankizil.tr\/uk\/haberler\/gundem\/sicaktan-bunalan-hataylilar-kendini-dogal-kaynak-suyuna-atti\/#breadcrumb","itemListElement":[{"@type":"ListItem","position":1,"name":"Home","item":"https:\/\/denizcankizil.tr\/de\/"},{"@type":"ListItem","position":2,"name":"S\u0131caktan bunalan Hatayl\u0131lar kendini do\u011fal kaynak suyuna att\u0131"}]},{"@type":"WebSite","@id":"https:\/\/denizcankizil.tr\/de\/#website","url":"https:\/\/denizcankizil.tr\/de\/","name":"Av. Deniz Can K\u0131z\u0131l","description":"Avukat Deniz Can K\u0131z\u0131l Antalya Barosu","publisher":{"@id":"https:\/\/denizcankizil.tr\/de\/#organization"},"potentialAction":[{"@type":"SearchAction","target":{"@type":"EntryPoint","urlTemplate":"https:\/\/denizcankizil.tr\/de\/?s={search_term_string}"},"query-input":{"@type":"PropertyValueSpecification","valueRequired":true,"valueName":"search_term_string"}}],"inLanguage":"uk"},{"@type":"Organization","@id":"https:\/\/denizcankizil.tr\/de\/#organization","name":"Av. Deniz Can K\u0131z\u0131l","url":"https:\/\/denizcankizil.tr\/de\/","logo":{"@type":"ImageObject","inLanguage":"uk","@id":"https:\/\/denizcankizil.tr\/de\/#\/schema\/logo\/image\/","url":"http:\/\/denizcankizil.tr\/wp-content\/uploads\/2024\/10\/siyah-logo-svg.svg","contentUrl":"http:\/\/denizcankizil.tr\/wp-content\/uploads\/2024\/10\/siyah-logo-svg.svg","width":1080,"height":1080,"caption":"Av. Deniz Can K\u0131z\u0131l"},"image":{"@id":"https:\/\/denizcankizil.tr\/de\/#\/schema\/logo\/image\/"}},{"@type":"Person","@id":"https:\/\/denizcankizil.tr\/de\/#\/schema\/person\/e1eb71bb4dd684d46563f0af307e1234","name":"Antalya K\u00f6rfez","image":{"@type":"ImageObject","inLanguage":"uk","@id":"https:\/\/denizcankizil.tr\/de\/#\/schema\/person\/image\/","url":"https:\/\/secure.gravatar.com\/avatar\/42b01982558a48a0b501fdcab6a408d3717ea5919095ee2e67b0e521799c5905?s=96&d=mm&r=g","contentUrl":"https:\/\/secure.gravatar.com\/avatar\/42b01982558a48a0b501fdcab6a408d3717ea5919095ee2e67b0e521799c5905?s=96&d=mm&r=g","caption":"Antalya K\u00f6rfez"},"sameAs":["http:\/\/www.antalyakorfez.com"],"url":"https:\/\/www.antalyakorfez.com\/sicaktan-bunalan-hataylilar-kendini-dogal-kaynak-suyuna-atti"}]}},"_links":{"self":[{"href":"http:\/\/denizcankizil.tr\/uk\/wp-json\/wp\/v2\/posts\/109318","targetHints":{"allow":["GET"]}}],"collection":[{"href":"http:\/\/denizcankizil.tr\/uk\/wp-json\/wp\/v2\/posts"}],"about":[{"href":"http:\/\/denizcankizil.tr\/uk\/wp-json\/wp\/v2\/types\/post"}],"author":[{"embeddable":true,"href":"http:\/\/denizcankizil.tr\/uk\/wp-json\/wp\/v2\/users\/5"}],"replies":[{"embeddable":true,"href":"http:\/\/denizcankizil.tr\/uk\/wp-json\/wp\/v2\/comments?post=109318"}],"version-history":[{"count":0,"href":"http:\/\/denizcankizil.tr\/uk\/wp-json\/wp\/v2\/posts\/109318\/revisions"}],"wp:attachment":[{"href":"http:\/\/denizcankizil.tr\/uk\/wp-json\/wp\/v2\/media?parent=109318"}],"wp:term":[{"taxonomy":"category","embeddable":true,"href":"http:\/\/denizcankizil.tr\/uk\/wp-json\/wp\/v2\/categories?post=109318"},{"taxonomy":"post_tag","embeddable":true,"href":"http:\/\/denizcankizil.tr\/uk\/wp-json\/wp\/v2\/tags?post=109318"}],"curies":[{"name":"wp","href":"https:\/\/api.w.org\/{rel}","templated":true}]}}