{"id":109277,"date":"2025-06-07T09:41:39","date_gmt":"2025-06-07T06:41:39","guid":{"rendered":"https:\/\/denizcankizil.tr\/uncategorized-tr\/elektrik-akimina-kapildi-kalbi-durdu-manisa-belediye-baskani-ferdi-zeyrek-yogun-bakimda\/"},"modified":"2025-06-07T09:41:39","modified_gmt":"2025-06-07T06:41:39","slug":"elektrik-akimina-kapildi-kalbi-durdu-manisa-belediye-baskani-ferdi-zeyrek-yogun-bakimda","status":"publish","type":"post","link":"http:\/\/denizcankizil.tr\/uk\/haberler\/gundem\/elektrik-akimina-kapildi-kalbi-durdu-manisa-belediye-baskani-ferdi-zeyrek-yogun-bakimda\/","title":{"rendered":"Elektrik ak\u0131m\u0131na kap\u0131ld\u0131, kalbi durdu! Manisa Belediye Ba\u015fkan\u0131 Ferdi Zeyrek yo\u011fun bak\u0131mda"},"content":{"rendered":"<p>Kurban Bayram\u0131&#8217;n\u0131n ilk g\u00fcn\u00fc havuzda ya\u015fanan bir ar\u0131zaya m\u00fcdahale etmek isterken elektrik ak\u0131m\u0131na kap\u0131lan Manisa B\u00fcy\u00fck\u015fehir Belediye Ba\u015fkan\u0131 Ferdi Zeyrek&#8217;in yo\u011fum bak\u0131m tedavisi devam ediyor. Kalbi duran Zeyrek, uzun s\u00fcren m\u00fcdahaleyle yeniden hayata d\u00f6nd\u00fcr\u00fcld\u00fc<\/p>\n<p>ELEKTR\u0130K AKIMINA MAK\u0130NE DA\u0130RES\u0130NDE YAKALANDI <\/p>\n<p>Bayram\u0131n ilk g\u00fcn\u00fc ak\u015fam 23.30 s\u0131ralar\u0131nda Manisa\u2019n\u0131n Yunusemre il\u00e7esi Ke\u00e7ilik\u00f6y Mahallesi Panaroma Evleri&#8217;ndeki havuzda ya\u015fanan bir s\u0131k\u0131nt\u0131dan dolay\u0131 makine dairesine giden ve elektrik \u00e7arpmas\u0131 sonucu kalbi duran Manisa B\u00fcy\u00fck\u015fehir Belediye Ba\u015fkan\u0131 Mimar Ferdi Zeyrek\u2019in tedavisi devam ediyor.<\/p>\n<p>70 DAK\u0130KA BOYUNCA KALP MASAJI YAPILDI <\/p>\n<p>Elektrik \u00e7arpmas\u0131n\u0131n ard\u0131ndan 8 dakika i\u00e7inde olay yerine gelen 112 ekipleri taraf\u0131ndan ba\u015flanan ve kald\u0131r\u0131ld\u0131\u011f\u0131 Manisa Celal Bayar \u00dcniversitesi Hafsa Sultan Hastanesi&#8217;nde 70 dakika boyunca devam edilen kalp masaj\u0131yla nabz\u0131 al\u0131nan Manisa B\u00fcy\u00fck\u015fehir Belediye Ba\u015fkan\u0131 Mimar Ferdi Zeyrek\u2019in kald\u0131r\u0131ld\u0131\u011f\u0131 yo\u011fun bak\u0131mda tedavisine devam ediliyor. Uyutulan Ba\u015fkan Zeyrek\u2019in kalbinin normal \u00e7al\u0131\u015ft\u0131\u011f\u0131 \u00f6\u011frenilirken, sa\u011fl\u0131k durumuyla ilgili hastane yetkililerinin g\u00fcn i\u00e7inde a\u00e7\u0131klama yapmas\u0131 bekleniyor.<\/p>\n<p>\u00d6te yandan, olay\u0131n duyulmas\u0131yla hastaneye ak\u0131n eden Manisal\u0131lar\u0131n hastane bah\u00e7esindeki umutlu bekleyi\u015fleri de devam ediyor.<\/p>\n<p>\u200bElektrik \u00e7arpmas\u0131 sonucu kalbi duran Manisa B\u00fcy\u00fck\u015fehir Belediye Ba\u015fkan\u0131 Ferdi Zeyrek, 70 dakikal\u0131k kalp masaj\u0131yla hayata d\u00f6nd\u00fcr\u00fcld\u00fc. Zeyrek&#8217;in yo\u011fun bak\u0131m tedavisi s\u00fcr\u00fcyor.\u00a0<\/p>\n<p>\u200bHaberin Al\u0131nt\u0131land\u0131\u011f\u0131 Kaynak: www.antalyakorfez.com<\/p>","protected":false},"excerpt":{"rendered":"<p>Kurban Bayram\u0131&#8217;n\u0131n ilk g\u00fcn\u00fc havuzda ya\u015fanan bir ar\u0131zaya m\u00fcdahale etmek isterken elektrik ak\u0131m\u0131na kap\u0131lan Manisa B\u00fcy\u00fck\u015fehir Belediye Ba\u015fkan\u0131 Ferdi Zeyrek&#8217;in yo\u011fum bak\u0131m tedavisi devam ediyor. Kalbi duran Zeyrek, uzun s\u00fcren m\u00fcdahaleyle yeniden hayata d\u00f6nd\u00fcr\u00fcld\u00fc ELEKTR\u0130K AKIMINA MAK\u0130NE DA\u0130RES\u0130NDE YAKALANDI Bayram\u0131n ilk g\u00fcn\u00fc ak\u015fam 23.30 s\u0131ralar\u0131nda Manisa\u2019n\u0131n Yunusemre il\u00e7esi Ke\u00e7ilik\u00f6y Mahallesi Panaroma Evleri&#8217;ndeki havuzda ya\u015fanan bir s\u0131k\u0131nt\u0131dan dolay\u0131 makine dairesine giden ve elektrik \u00e7arpmas\u0131 sonucu kalbi duran Manisa B\u00fcy\u00fck\u015fehir Belediye Ba\u015fkan\u0131 Mimar Ferdi Zeyrek\u2019in tedavisi devam ediyor. 70 DAK\u0130KA BOYUNCA KALP MASAJI YAPILDI Elektrik \u00e7arpmas\u0131n\u0131n ard\u0131ndan 8 dakika i\u00e7inde olay yerine gelen 112 ekipleri taraf\u0131ndan ba\u015flanan ve kald\u0131r\u0131ld\u0131\u011f\u0131 Manisa Celal Bayar \u00dcniversitesi Hafsa Sultan Hastanesi&#8217;nde 70 dakika boyunca devam edilen kalp masaj\u0131yla nabz\u0131 al\u0131nan Manisa B\u00fcy\u00fck\u015fehir Belediye Ba\u015fkan\u0131 Mimar Ferdi Zeyrek\u2019in kald\u0131r\u0131ld\u0131\u011f\u0131 yo\u011fun bak\u0131mda tedavisine devam ediliyor. Uyutulan Ba\u015fkan Zeyrek\u2019in kalbinin normal \u00e7al\u0131\u015ft\u0131\u011f\u0131 \u00f6\u011frenilirken, sa\u011fl\u0131k durumuyla ilgili hastane yetkililerinin g\u00fcn i\u00e7inde a\u00e7\u0131klama yapmas\u0131 bekleniyor. \u00d6te yandan, olay\u0131n duyulmas\u0131yla hastaneye ak\u0131n eden Manisal\u0131lar\u0131n hastane bah\u00e7esindeki umutlu bekleyi\u015fleri de devam ediyor. \u200bElektrik \u00e7arpmas\u0131 sonucu kalbi duran Manisa B\u00fcy\u00fck\u015fehir Belediye Ba\u015fkan\u0131 Ferdi Zeyrek, 70 dakikal\u0131k kalp masaj\u0131yla hayata d\u00f6nd\u00fcr\u00fcld\u00fc. Zeyrek&#8217;in yo\u011fun bak\u0131m tedavisi s\u00fcr\u00fcyor.\u00a0 \u200bHaberin Al\u0131nt\u0131land\u0131\u011f\u0131 Kaynak: www.antalyakorfez.com<\/p>","protected":false},"author":5,"featured_media":0,"comment_status":"","ping_status":"open","sticky":false,"template":"","format":"standard","meta":{"_acf_changed":false,"footnotes":""},"categories":[24],"tags":[],"class_list":["post-109277","post","type-post","status-publish","format-standard","has-post-thumbnail","hentry","category-gundem"],"acf":[],"yoast_head":"<!-- This site is optimized with the Yoast SEO Premium plugin v26.6 (Yoast SEO v27.1.1) - https:\/\/yoast.com\/product\/yoast-seo-premium-wordpress\/ -->\n<title>Elektrik ak\u0131m\u0131na kap\u0131ld\u0131, kalbi durdu! Manisa Belediye Ba\u015fkan\u0131 Ferdi Zeyrek yo\u011fun bak\u0131mda - Av. Deniz Can K\u0131z\u0131l<\/title>\n<meta name=\"robots\" content=\"index, follow, max-snippet:-1, max-image-preview:large, max-video-preview:-1\" \/>\n<link rel=\"canonical\" href=\"https:\/\/denizcankizil.tr\/uk\/haberler\/gundem\/elektrik-akimina-kapildi-kalbi-durdu-manisa-belediye-baskani-ferdi-zeyrek-yogun-bakimda\/\" \/>\n<meta property=\"og:locale\" content=\"uk_UA\" \/>\n<meta property=\"og:type\" content=\"article\" \/>\n<meta property=\"og:title\" content=\"Elektrik ak\u0131m\u0131na kap\u0131ld\u0131, kalbi durdu! Manisa Belediye Ba\u015fkan\u0131 Ferdi Zeyrek yo\u011fun bak\u0131mda\" \/>\n<meta property=\"og:description\" content=\"Kurban Bayram\u0131&#8217;n\u0131n ilk g\u00fcn\u00fc havuzda ya\u015fanan bir ar\u0131zaya m\u00fcdahale etmek isterken elektrik ak\u0131m\u0131na kap\u0131lan Manisa B\u00fcy\u00fck\u015fehir Belediye Ba\u015fkan\u0131 Ferdi Zeyrek&#8217;in yo\u011fum bak\u0131m tedavisi devam ediyor. Kalbi duran Zeyrek, uzun s\u00fcren m\u00fcdahaleyle yeniden hayata d\u00f6nd\u00fcr\u00fcld\u00fc ELEKTR\u0130K AKIMINA MAK\u0130NE DA\u0130RES\u0130NDE YAKALANDI Bayram\u0131n ilk g\u00fcn\u00fc ak\u015fam 23.30 s\u0131ralar\u0131nda Manisa\u2019n\u0131n Yunusemre il\u00e7esi Ke\u00e7ilik\u00f6y Mahallesi Panaroma Evleri&#8217;ndeki havuzda ya\u015fanan bir s\u0131k\u0131nt\u0131dan dolay\u0131 makine dairesine giden ve elektrik \u00e7arpmas\u0131 sonucu kalbi duran Manisa B\u00fcy\u00fck\u015fehir Belediye Ba\u015fkan\u0131 Mimar Ferdi Zeyrek\u2019in tedavisi devam ediyor. 70 DAK\u0130KA BOYUNCA KALP MASAJI YAPILDI Elektrik \u00e7arpmas\u0131n\u0131n ard\u0131ndan 8 dakika i\u00e7inde olay yerine gelen 112 ekipleri taraf\u0131ndan ba\u015flanan ve kald\u0131r\u0131ld\u0131\u011f\u0131 Manisa Celal Bayar \u00dcniversitesi Hafsa Sultan Hastanesi&#8217;nde 70 dakika boyunca devam edilen kalp masaj\u0131yla nabz\u0131 al\u0131nan Manisa B\u00fcy\u00fck\u015fehir Belediye Ba\u015fkan\u0131 Mimar Ferdi Zeyrek\u2019in kald\u0131r\u0131ld\u0131\u011f\u0131 yo\u011fun bak\u0131mda tedavisine devam ediliyor. Uyutulan Ba\u015fkan Zeyrek\u2019in kalbinin normal \u00e7al\u0131\u015ft\u0131\u011f\u0131 \u00f6\u011frenilirken, sa\u011fl\u0131k durumuyla ilgili hastane yetkililerinin g\u00fcn i\u00e7inde a\u00e7\u0131klama yapmas\u0131 bekleniyor. \u00d6te yandan, olay\u0131n duyulmas\u0131yla hastaneye ak\u0131n eden Manisal\u0131lar\u0131n hastane bah\u00e7esindeki umutlu bekleyi\u015fleri de devam ediyor. \u200bElektrik \u00e7arpmas\u0131 sonucu kalbi duran Manisa B\u00fcy\u00fck\u015fehir Belediye Ba\u015fkan\u0131 Ferdi Zeyrek, 70 dakikal\u0131k kalp masaj\u0131yla hayata d\u00f6nd\u00fcr\u00fcld\u00fc. Zeyrek&#8217;in yo\u011fun bak\u0131m tedavisi s\u00fcr\u00fcyor.\u00a0 \u200bHaberin Al\u0131nt\u0131land\u0131\u011f\u0131 Kaynak: www.antalyakorfez.com\" \/>\n<meta property=\"og:url\" content=\"https:\/\/denizcankizil.tr\/uk\/haberler\/gundem\/elektrik-akimina-kapildi-kalbi-durdu-manisa-belediye-baskani-ferdi-zeyrek-yogun-bakimda\/\" \/>\n<meta property=\"og:site_name\" content=\"Av. Deniz Can K\u0131z\u0131l\" \/>\n<meta property=\"article:published_time\" content=\"2025-06-07T06:41:39+00:00\" \/>\n<meta name=\"author\" content=\"Antalya K\u00f6rfez\" \/>\n<meta name=\"twitter:card\" content=\"summary_large_image\" \/>\n<meta name=\"twitter:label1\" content=\"\u041d\u0430\u043f\u0438\u0441\u0430\u043d\u043e\" \/>\n\t<meta name=\"twitter:data1\" content=\"Antalya K\u00f6rfez\" \/>\n\t<meta name=\"twitter:label2\" content=\"\u041f\u0440\u0438\u0431\u043b. \u0447\u0430\u0441 \u0447\u0438\u0442\u0430\u043d\u043d\u044f\" \/>\n\t<meta name=\"twitter:data2\" content=\"1 \u0445\u0432\u0438\u043b\u0438\u043d\u0430\" \/>\n<script type=\"application\/ld+json\" class=\"yoast-schema-graph\">{\"@context\":\"https:\/\/schema.org\",\"@graph\":[{\"@type\":\"Article\",\"@id\":\"https:\/\/denizcankizil.tr\/de\/haberler\/gundem\/elektrik-akimina-kapildi-kalbi-durdu-manisa-belediye-baskani-ferdi-zeyrek-yogun-bakimda\/#article\",\"isPartOf\":{\"@id\":\"https:\/\/denizcankizil.tr\/de\/haberler\/gundem\/elektrik-akimina-kapildi-kalbi-durdu-manisa-belediye-baskani-ferdi-zeyrek-yogun-bakimda\/\"},\"author\":{\"name\":\"Antalya K\u00f6rfez\",\"@id\":\"https:\/\/denizcankizil.tr\/de\/#\/schema\/person\/e1eb71bb4dd684d46563f0af307e1234\"},\"headline\":\"Elektrik ak\u0131m\u0131na kap\u0131ld\u0131, kalbi durdu! Manisa Belediye Ba\u015fkan\u0131 Ferdi Zeyrek yo\u011fun bak\u0131mda\",\"datePublished\":\"2025-06-07T06:41:39+00:00\",\"mainEntityOfPage\":{\"@id\":\"https:\/\/denizcankizil.tr\/de\/haberler\/gundem\/elektrik-akimina-kapildi-kalbi-durdu-manisa-belediye-baskani-ferdi-zeyrek-yogun-bakimda\/\"},\"wordCount\":295,\"publisher\":{\"@id\":\"https:\/\/denizcankizil.tr\/de\/#organization\"},\"articleSection\":[\"G\u00fcndem\"],\"inLanguage\":\"uk\"},{\"@type\":\"WebPage\",\"@id\":\"https:\/\/denizcankizil.tr\/de\/haberler\/gundem\/elektrik-akimina-kapildi-kalbi-durdu-manisa-belediye-baskani-ferdi-zeyrek-yogun-bakimda\/\",\"url\":\"https:\/\/denizcankizil.tr\/de\/haberler\/gundem\/elektrik-akimina-kapildi-kalbi-durdu-manisa-belediye-baskani-ferdi-zeyrek-yogun-bakimda\/\",\"name\":\"Elektrik ak\u0131m\u0131na kap\u0131ld\u0131, kalbi durdu! Manisa Belediye Ba\u015fkan\u0131 Ferdi Zeyrek yo\u011fun bak\u0131mda - Av. Deniz Can K\u0131z\u0131l\",\"isPartOf\":{\"@id\":\"https:\/\/denizcankizil.tr\/de\/#website\"},\"datePublished\":\"2025-06-07T06:41:39+00:00\",\"breadcrumb\":{\"@id\":\"https:\/\/denizcankizil.tr\/de\/haberler\/gundem\/elektrik-akimina-kapildi-kalbi-durdu-manisa-belediye-baskani-ferdi-zeyrek-yogun-bakimda\/#breadcrumb\"},\"inLanguage\":\"uk\",\"potentialAction\":[{\"@type\":\"ReadAction\",\"target\":[\"https:\/\/denizcankizil.tr\/de\/haberler\/gundem\/elektrik-akimina-kapildi-kalbi-durdu-manisa-belediye-baskani-ferdi-zeyrek-yogun-bakimda\/\"]}]},{\"@type\":\"BreadcrumbList\",\"@id\":\"https:\/\/denizcankizil.tr\/de\/haberler\/gundem\/elektrik-akimina-kapildi-kalbi-durdu-manisa-belediye-baskani-ferdi-zeyrek-yogun-bakimda\/#breadcrumb\",\"itemListElement\":[{\"@type\":\"ListItem\",\"position\":1,\"name\":\"Home\",\"item\":\"https:\/\/denizcankizil.tr\/de\/\"},{\"@type\":\"ListItem\",\"position\":2,\"name\":\"Elektrik ak\u0131m\u0131na kap\u0131ld\u0131, kalbi durdu! Manisa Belediye Ba\u015fkan\u0131 Ferdi Zeyrek yo\u011fun bak\u0131mda\"}]},{\"@type\":\"WebSite\",\"@id\":\"https:\/\/denizcankizil.tr\/de\/#website\",\"url\":\"https:\/\/denizcankizil.tr\/de\/\",\"name\":\"Av. Deniz Can K\u0131z\u0131l\",\"description\":\"Avukat Deniz Can K\u0131z\u0131l Antalya Barosu\",\"publisher\":{\"@id\":\"https:\/\/denizcankizil.tr\/de\/#organization\"},\"potentialAction\":[{\"@type\":\"SearchAction\",\"target\":{\"@type\":\"EntryPoint\",\"urlTemplate\":\"https:\/\/denizcankizil.tr\/de\/?s={search_term_string}\"},\"query-input\":{\"@type\":\"PropertyValueSpecification\",\"valueRequired\":true,\"valueName\":\"search_term_string\"}}],\"inLanguage\":\"uk\"},{\"@type\":\"Organization\",\"@id\":\"https:\/\/denizcankizil.tr\/de\/#organization\",\"name\":\"Av. Deniz Can K\u0131z\u0131l\",\"url\":\"https:\/\/denizcankizil.tr\/de\/\",\"logo\":{\"@type\":\"ImageObject\",\"inLanguage\":\"uk\",\"@id\":\"https:\/\/denizcankizil.tr\/de\/#\/schema\/logo\/image\/\",\"url\":\"http:\/\/denizcankizil.tr\/wp-content\/uploads\/2024\/10\/siyah-logo-svg.svg\",\"contentUrl\":\"http:\/\/denizcankizil.tr\/wp-content\/uploads\/2024\/10\/siyah-logo-svg.svg\",\"width\":1080,\"height\":1080,\"caption\":\"Av. Deniz Can K\u0131z\u0131l\"},\"image\":{\"@id\":\"https:\/\/denizcankizil.tr\/de\/#\/schema\/logo\/image\/\"}},{\"@type\":\"Person\",\"@id\":\"https:\/\/denizcankizil.tr\/de\/#\/schema\/person\/e1eb71bb4dd684d46563f0af307e1234\",\"name\":\"Antalya K\u00f6rfez\",\"image\":{\"@type\":\"ImageObject\",\"inLanguage\":\"uk\",\"@id\":\"https:\/\/denizcankizil.tr\/de\/#\/schema\/person\/image\/\",\"url\":\"https:\/\/secure.gravatar.com\/avatar\/42b01982558a48a0b501fdcab6a408d3717ea5919095ee2e67b0e521799c5905?s=96&d=mm&r=g\",\"contentUrl\":\"https:\/\/secure.gravatar.com\/avatar\/42b01982558a48a0b501fdcab6a408d3717ea5919095ee2e67b0e521799c5905?s=96&d=mm&r=g\",\"caption\":\"Antalya K\u00f6rfez\"},\"sameAs\":[\"http:\/\/www.antalyakorfez.com\"],\"url\":\"https:\/\/www.antalyakorfez.com\/elektrik-akimina-kapildi-kalbi-durdu-manisa-belediye-baskani-ferdi-zeyrek-yogun-bakimda\"}]}<\/script>\n<!-- \/ Yoast SEO Premium plugin. -->","yoast_head_json":{"title":"Elektrik ak\u0131m\u0131na kap\u0131ld\u0131, kalbi durdu! Manisa Belediye Ba\u015fkan\u0131 Ferdi Zeyrek yo\u011fun bak\u0131mda - Av. Deniz Can K\u0131z\u0131l","robots":{"index":"index","follow":"follow","max-snippet":"max-snippet:-1","max-image-preview":"max-image-preview:large","max-video-preview":"max-video-preview:-1"},"canonical":"https:\/\/denizcankizil.tr\/uk\/haberler\/gundem\/elektrik-akimina-kapildi-kalbi-durdu-manisa-belediye-baskani-ferdi-zeyrek-yogun-bakimda\/","og_locale":"uk_UA","og_type":"article","og_title":"Elektrik ak\u0131m\u0131na kap\u0131ld\u0131, kalbi durdu! Manisa Belediye Ba\u015fkan\u0131 Ferdi Zeyrek yo\u011fun bak\u0131mda","og_description":"Kurban Bayram\u0131&#8217;n\u0131n ilk g\u00fcn\u00fc havuzda ya\u015fanan bir ar\u0131zaya m\u00fcdahale etmek isterken elektrik ak\u0131m\u0131na kap\u0131lan Manisa B\u00fcy\u00fck\u015fehir Belediye Ba\u015fkan\u0131 Ferdi Zeyrek&#8217;in yo\u011fum bak\u0131m tedavisi devam ediyor. Kalbi duran Zeyrek, uzun s\u00fcren m\u00fcdahaleyle yeniden hayata d\u00f6nd\u00fcr\u00fcld\u00fc ELEKTR\u0130K AKIMINA MAK\u0130NE DA\u0130RES\u0130NDE YAKALANDI Bayram\u0131n ilk g\u00fcn\u00fc ak\u015fam 23.30 s\u0131ralar\u0131nda Manisa\u2019n\u0131n Yunusemre il\u00e7esi Ke\u00e7ilik\u00f6y Mahallesi Panaroma Evleri&#8217;ndeki havuzda ya\u015fanan bir s\u0131k\u0131nt\u0131dan dolay\u0131 makine dairesine giden ve elektrik \u00e7arpmas\u0131 sonucu kalbi duran Manisa B\u00fcy\u00fck\u015fehir Belediye Ba\u015fkan\u0131 Mimar Ferdi Zeyrek\u2019in tedavisi devam ediyor. 70 DAK\u0130KA BOYUNCA KALP MASAJI YAPILDI Elektrik \u00e7arpmas\u0131n\u0131n ard\u0131ndan 8 dakika i\u00e7inde olay yerine gelen 112 ekipleri taraf\u0131ndan ba\u015flanan ve kald\u0131r\u0131ld\u0131\u011f\u0131 Manisa Celal Bayar \u00dcniversitesi Hafsa Sultan Hastanesi&#8217;nde 70 dakika boyunca devam edilen kalp masaj\u0131yla nabz\u0131 al\u0131nan Manisa B\u00fcy\u00fck\u015fehir Belediye Ba\u015fkan\u0131 Mimar Ferdi Zeyrek\u2019in kald\u0131r\u0131ld\u0131\u011f\u0131 yo\u011fun bak\u0131mda tedavisine devam ediliyor. Uyutulan Ba\u015fkan Zeyrek\u2019in kalbinin normal \u00e7al\u0131\u015ft\u0131\u011f\u0131 \u00f6\u011frenilirken, sa\u011fl\u0131k durumuyla ilgili hastane yetkililerinin g\u00fcn i\u00e7inde a\u00e7\u0131klama yapmas\u0131 bekleniyor. \u00d6te yandan, olay\u0131n duyulmas\u0131yla hastaneye ak\u0131n eden Manisal\u0131lar\u0131n hastane bah\u00e7esindeki umutlu bekleyi\u015fleri de devam ediyor. \u200bElektrik \u00e7arpmas\u0131 sonucu kalbi duran Manisa B\u00fcy\u00fck\u015fehir Belediye Ba\u015fkan\u0131 Ferdi Zeyrek, 70 dakikal\u0131k kalp masaj\u0131yla hayata d\u00f6nd\u00fcr\u00fcld\u00fc. Zeyrek&#8217;in yo\u011fun bak\u0131m tedavisi s\u00fcr\u00fcyor.\u00a0 \u200bHaberin Al\u0131nt\u0131land\u0131\u011f\u0131 Kaynak: www.antalyakorfez.com","og_url":"https:\/\/denizcankizil.tr\/uk\/haberler\/gundem\/elektrik-akimina-kapildi-kalbi-durdu-manisa-belediye-baskani-ferdi-zeyrek-yogun-bakimda\/","og_site_name":"Av. Deniz Can K\u0131z\u0131l","article_published_time":"2025-06-07T06:41:39+00:00","author":"Antalya K\u00f6rfez","twitter_card":"summary_large_image","twitter_misc":{"\u041d\u0430\u043f\u0438\u0441\u0430\u043d\u043e":"Antalya K\u00f6rfez","\u041f\u0440\u0438\u0431\u043b. \u0447\u0430\u0441 \u0447\u0438\u0442\u0430\u043d\u043d\u044f":"1 \u0445\u0432\u0438\u043b\u0438\u043d\u0430"},"schema":{"@context":"https:\/\/schema.org","@graph":[{"@type":"Article","@id":"https:\/\/denizcankizil.tr\/de\/haberler\/gundem\/elektrik-akimina-kapildi-kalbi-durdu-manisa-belediye-baskani-ferdi-zeyrek-yogun-bakimda\/#article","isPartOf":{"@id":"https:\/\/denizcankizil.tr\/de\/haberler\/gundem\/elektrik-akimina-kapildi-kalbi-durdu-manisa-belediye-baskani-ferdi-zeyrek-yogun-bakimda\/"},"author":{"name":"Antalya K\u00f6rfez","@id":"https:\/\/denizcankizil.tr\/de\/#\/schema\/person\/e1eb71bb4dd684d46563f0af307e1234"},"headline":"Elektrik ak\u0131m\u0131na kap\u0131ld\u0131, kalbi durdu! Manisa Belediye Ba\u015fkan\u0131 Ferdi Zeyrek yo\u011fun bak\u0131mda","datePublished":"2025-06-07T06:41:39+00:00","mainEntityOfPage":{"@id":"https:\/\/denizcankizil.tr\/de\/haberler\/gundem\/elektrik-akimina-kapildi-kalbi-durdu-manisa-belediye-baskani-ferdi-zeyrek-yogun-bakimda\/"},"wordCount":295,"publisher":{"@id":"https:\/\/denizcankizil.tr\/de\/#organization"},"articleSection":["G\u00fcndem"],"inLanguage":"uk"},{"@type":"WebPage","@id":"https:\/\/denizcankizil.tr\/de\/haberler\/gundem\/elektrik-akimina-kapildi-kalbi-durdu-manisa-belediye-baskani-ferdi-zeyrek-yogun-bakimda\/","url":"https:\/\/denizcankizil.tr\/de\/haberler\/gundem\/elektrik-akimina-kapildi-kalbi-durdu-manisa-belediye-baskani-ferdi-zeyrek-yogun-bakimda\/","name":"Elektrik ak\u0131m\u0131na kap\u0131ld\u0131, kalbi durdu! Manisa Belediye Ba\u015fkan\u0131 Ferdi Zeyrek yo\u011fun bak\u0131mda - Av. Deniz Can K\u0131z\u0131l","isPartOf":{"@id":"https:\/\/denizcankizil.tr\/de\/#website"},"datePublished":"2025-06-07T06:41:39+00:00","breadcrumb":{"@id":"https:\/\/denizcankizil.tr\/de\/haberler\/gundem\/elektrik-akimina-kapildi-kalbi-durdu-manisa-belediye-baskani-ferdi-zeyrek-yogun-bakimda\/#breadcrumb"},"inLanguage":"uk","potentialAction":[{"@type":"ReadAction","target":["https:\/\/denizcankizil.tr\/de\/haberler\/gundem\/elektrik-akimina-kapildi-kalbi-durdu-manisa-belediye-baskani-ferdi-zeyrek-yogun-bakimda\/"]}]},{"@type":"BreadcrumbList","@id":"https:\/\/denizcankizil.tr\/de\/haberler\/gundem\/elektrik-akimina-kapildi-kalbi-durdu-manisa-belediye-baskani-ferdi-zeyrek-yogun-bakimda\/#breadcrumb","itemListElement":[{"@type":"ListItem","position":1,"name":"Home","item":"https:\/\/denizcankizil.tr\/de\/"},{"@type":"ListItem","position":2,"name":"Elektrik ak\u0131m\u0131na kap\u0131ld\u0131, kalbi durdu! Manisa Belediye Ba\u015fkan\u0131 Ferdi Zeyrek yo\u011fun bak\u0131mda"}]},{"@type":"WebSite","@id":"https:\/\/denizcankizil.tr\/de\/#website","url":"https:\/\/denizcankizil.tr\/de\/","name":"Av. Deniz Can K\u0131z\u0131l","description":"Avukat Deniz Can K\u0131z\u0131l Antalya Barosu","publisher":{"@id":"https:\/\/denizcankizil.tr\/de\/#organization"},"potentialAction":[{"@type":"SearchAction","target":{"@type":"EntryPoint","urlTemplate":"https:\/\/denizcankizil.tr\/de\/?s={search_term_string}"},"query-input":{"@type":"PropertyValueSpecification","valueRequired":true,"valueName":"search_term_string"}}],"inLanguage":"uk"},{"@type":"Organization","@id":"https:\/\/denizcankizil.tr\/de\/#organization","name":"Av. Deniz Can K\u0131z\u0131l","url":"https:\/\/denizcankizil.tr\/de\/","logo":{"@type":"ImageObject","inLanguage":"uk","@id":"https:\/\/denizcankizil.tr\/de\/#\/schema\/logo\/image\/","url":"http:\/\/denizcankizil.tr\/wp-content\/uploads\/2024\/10\/siyah-logo-svg.svg","contentUrl":"http:\/\/denizcankizil.tr\/wp-content\/uploads\/2024\/10\/siyah-logo-svg.svg","width":1080,"height":1080,"caption":"Av. Deniz Can K\u0131z\u0131l"},"image":{"@id":"https:\/\/denizcankizil.tr\/de\/#\/schema\/logo\/image\/"}},{"@type":"Person","@id":"https:\/\/denizcankizil.tr\/de\/#\/schema\/person\/e1eb71bb4dd684d46563f0af307e1234","name":"Antalya K\u00f6rfez","image":{"@type":"ImageObject","inLanguage":"uk","@id":"https:\/\/denizcankizil.tr\/de\/#\/schema\/person\/image\/","url":"https:\/\/secure.gravatar.com\/avatar\/42b01982558a48a0b501fdcab6a408d3717ea5919095ee2e67b0e521799c5905?s=96&d=mm&r=g","contentUrl":"https:\/\/secure.gravatar.com\/avatar\/42b01982558a48a0b501fdcab6a408d3717ea5919095ee2e67b0e521799c5905?s=96&d=mm&r=g","caption":"Antalya K\u00f6rfez"},"sameAs":["http:\/\/www.antalyakorfez.com"],"url":"https:\/\/www.antalyakorfez.com\/elektrik-akimina-kapildi-kalbi-durdu-manisa-belediye-baskani-ferdi-zeyrek-yogun-bakimda"}]}},"_links":{"self":[{"href":"http:\/\/denizcankizil.tr\/uk\/wp-json\/wp\/v2\/posts\/109277","targetHints":{"allow":["GET"]}}],"collection":[{"href":"http:\/\/denizcankizil.tr\/uk\/wp-json\/wp\/v2\/posts"}],"about":[{"href":"http:\/\/denizcankizil.tr\/uk\/wp-json\/wp\/v2\/types\/post"}],"author":[{"embeddable":true,"href":"http:\/\/denizcankizil.tr\/uk\/wp-json\/wp\/v2\/users\/5"}],"replies":[{"embeddable":true,"href":"http:\/\/denizcankizil.tr\/uk\/wp-json\/wp\/v2\/comments?post=109277"}],"version-history":[{"count":0,"href":"http:\/\/denizcankizil.tr\/uk\/wp-json\/wp\/v2\/posts\/109277\/revisions"}],"wp:attachment":[{"href":"http:\/\/denizcankizil.tr\/uk\/wp-json\/wp\/v2\/media?parent=109277"}],"wp:term":[{"taxonomy":"category","embeddable":true,"href":"http:\/\/denizcankizil.tr\/uk\/wp-json\/wp\/v2\/categories?post=109277"},{"taxonomy":"post_tag","embeddable":true,"href":"http:\/\/denizcankizil.tr\/uk\/wp-json\/wp\/v2\/tags?post=109277"}],"curies":[{"name":"wp","href":"https:\/\/api.w.org\/{rel}","templated":true}]}}