{"id":10674,"date":"2024-10-31T14:41:27","date_gmt":"2024-10-31T11:41:27","guid":{"rendered":"https:\/\/denizcankizil.tr\/uncategorized-tr\/aym-2020-977-karari-anayasa-hukuku-uzerine-analiz\/"},"modified":"2024-10-31T14:41:27","modified_gmt":"2024-10-31T11:41:27","slug":"aym-2020-977-karari-anayasa-hukuku-uzerine-analiz","status":"publish","type":"post","link":"http:\/\/denizcankizil.tr\/uk\/seo\/aym-2020-977-karari-anayasa-hukuku-uzerine-analiz\/","title":{"rendered":"AYM 2020\/977 Karar\u0131: Anayasa Hukuku \u00dczerine Analiz"},"content":{"rendered":"<p> <strong>\u0412\u0445\u0456\u0434<\/strong><\/p>\n<p>Anayasa hukuku,\u200b bir devletin temel yap\u0131 ta\u015flar\u0131n\u0131\u2063 olu\u015fturan, toplumsal ya\u015fam\u0131n d\u00fczenlenmesinde ve bireylerin haklar\u0131n\u0131n korunmas\u0131nda kritik\u200c bir \u200brol oynayan bir disiplindir. T\u00fcrkiye&#8217;de Anayasa Mahkemesi, bu ba\u011flamda, hukukun\u200b \u00fcst\u00fcnl\u00fc\u011f\u00fc ilkesini tesis etme, bireysel \u2062haklar\u0131 g\u00fcvence alt\u0131na alma ve \u2062yasalar\u0131n anayasaya uygunlu\u011funu denetleme i\u015flevlerini \u00fcstlenmektedir. \u2063Bu\u2062 ba\u011flamda, AYM 2020\/977 say\u0131l\u0131 karar\u0131, Anayasa Mahkemesi&#8217;nin karar alma \u200bs\u00fcrecindeki i\u00e7tihat geli\u015fimlerini g\u00f6zler\u2063 \u00f6n\u00fcne sererken, ayn\u0131 zamanda anayasal \u200bnormlar\u0131n ve \u2063bireysel haklar\u0131n korunmas\u0131ndaki i\u015flevini de derinlemesine tart\u0131\u015fma f\u0131rsat\u0131 \u200bsunmaktad\u0131r. <\/p>\n<p>Bu makalede, s\u00f6z konusu karar\u0131n\u2064 <a href=\"https:\/\/denizcankizil.tr\/uk\/hukukihaber\/can-atalaydan-meclise-basvuru-ozluk-haklarimi-iade-edin\/\" title=\"Can Atalay\u2019dan Meclis\u2019e ba\u015fvuru: &#039;\u00d6zl\u00fck haklar\u0131m\u0131 iade edin&#039;\">anayasa<\/a>\u200c hukuku \u00fczerindeki\u200c etkileri, \u200bkavramsal \u00e7er\u00e7evesi ve yarg\u0131 \u200ds\u00fcrecinin dinamikleri incelenecek; karar\u0131n, bireylerin haklar\u0131na olan \u2064etkileri ve anayasa\u2062 hukukundaki yeri\u200c \u00fczerinde detayl\u0131 bir analiz ger\u00e7ekle\u015ftirilecektir. Anayasa Mahkemesi&#8217;nin bu karar\u0131, hem mevcut hukuksal \u00e7er\u00e7evenin \u2064anla\u015f\u0131lmas\u0131 \u200chem de gelecekteki olas\u0131 geli\u015fmelerin \u00f6ng\u00f6r\u00fclmesi a\u00e7\u0131s\u0131ndan b\u00fcy\u00fck bir \u00f6neme sahiptir. Bu ba\u011flamda, AYM\u200b 2020\/977 \u2063say\u0131l\u0131 karar\u0131n\u0131n\u2062 analizi, anayasa \u200chukukuna olan katk\u0131lar\u0131 ve zorluklar\u0131yla birlikte ele\u200b al\u0131nacakt\u0131r.<br \/><img decoding=\"async\" class=\"kimage_class lazyload\" data-src=\"https:\/\/denizcankizil.tr\/wp-content\/uploads\/2024\/10\/4376-antalyada-tuketici-hukuku-avukatlarinin-sorumluluklari.jpg\" alt=\"AYM 2020\/977 \u200cKarar\u0131n\u0131n Anayasa Hukuku A\u00e7\u0131s\u0131ndan \u00d6nemi\" src=\"data:image\/svg+xml;base64,PHN2ZyB3aWR0aD0iMSIgaGVpZ2h0PSIxIiB4bWxucz0iaHR0cDovL3d3dy53My5vcmcvMjAwMC9zdmciPjwvc3ZnPg==\"><\/p>\n<h2 id=\"aym-2020-977-kararinin-anayasa-hukuku-acisindan-onemi\">AYM 2020\/977 \u200dKarar\u0131n\u0131n Anayasa Hukuku A\u00e7\u0131s\u0131ndan \u200d\u00d6nemi<\/h2>\n<section>\n<p>T\u00fcrkiye Cumhuriyeti Anayasa\u2064 Mahkemesi\u2019nin (AYM) 2020\/977 say\u0131l\u0131 karar\u0131, hukukun \u00fcst\u00fcnl\u00fc\u011f\u00fc ve bireysel haklar a\u00e7\u0131s\u0131ndan kritik\u200d bir \u00f6neme sahiptir. Bu karar, \u00f6zellikle <strong>temel hak ve \u00f6zg\u00fcrl\u00fcklerin korunmas\u0131<\/strong> \u2063 ile\u2063 ilgili\u200c prensiplerin vurgulanmas\u0131 bak\u0131m\u0131ndan dikkat \u00e7ekicidir. \u2064Anayasa Mahkemesi, \u200dbireylerin haklar\u0131n\u0131n ihlal edilmemesi ad\u0131na yapt\u0131\u011f\u0131 denetimlerin, \u200cdevletin t\u00fcm\u2062 organlar\u0131 i\u00e7in ba\u011flay\u0131c\u0131\u200d oldu\u011funu belirtmi\u015ftir. Bu durum, Anayasa\u2019n\u0131n 2. maddesinde yer alan \u2062hukukun\u200c \u00fcst\u00fcnl\u00fc\u011f\u00fc\u2063 ilkesinin bir yans\u0131mas\u0131 olarak de\u011ferlendirilebilir.<\/p>\n<p>AYM 2020\/977 say\u0131l\u0131\u200b karar\u0131nda, devletin birey \u2063\u00fczerindeki otoritesini s\u0131n\u0131rlayan ve \u00f6zg\u00fcrl\u00fckleri koruyan bir \u2063\u00e7er\u00e7eve \u00e7izmi\u015ftir. Mahkeme, <strong>bireysel ba\u015fvurular\u0131<\/strong> \u2062ele alarak, devletin\u2064 y\u00fck\u00fcml\u00fcl\u00fckleri ve bireylerin beklentileri aras\u0131ndaki dengeyi g\u00f6zetmi\u015ftir. Bu da, \u200bAnayasa Mahkemesi\u2019nin <strong>denetim yetkisini<\/strong> kullanarak, bireylerin haklar\u0131n\u0131\u2063 korumadaki \u2062rol\u00fcn\u00fcn \u200bne denli \u00f6nemli oldu\u011funu ortaya\u2063 koymaktad\u0131r. \u00d6te yandan, <a href=\"https:\/\/denizcankizil.tr\/uk\/seo\/aym-2024-121-esas-2024-118-karar-anayasa-hukuku-uzerine\/\" title=\"AYM 2024\/121 Esas - 2024\/118 Karar: Anayasa Hukuku \u00dczerine\">s\u00f6z\u200c konusu karar<\/a>, gelecekte \u200dortaya \u00e7\u0131kabilecek hak ihlallerine kar\u015f\u0131 da bir \u00f6nlem i\u015flevi g\u00f6recek niteliktedir.<\/p>\n<p>Son olarak, bu karar\u0131n anayasa \u2063hukukuna olan etkisi,\u2064 <strong>anayasa normlar\u0131n\u0131n<\/strong> evrensel \u200cstandartlarla uyumlu hale getirilmesine de katk\u0131 sa\u011flamas\u0131 bak\u0131m\u0131ndan kayda\u200c de\u011ferdir. AYM\u2019nin bu\u200b karar\u0131 ile birlikte, <strong>Anayasa\u2019n\u0131n 13. maddesinde<\/strong> \u200dbelirtilen s\u0131n\u0131rlama ko\u015fullar\u0131 yeniden de\u011ferlendirilmeye\u200d tabi tutulacakt\u0131r. Bu durum, hem yarg\u0131\u2062 denetiminin hem \u2062de anayasa normlar\u0131n\u0131n etkinli\u011finin\u2063 art\u0131r\u0131lmas\u0131na vesile\u200b olacakt\u0131r. Sonu\u00e7 olarak, AYM 2020\/977 karar\u0131, anayasa hukukunda \u00f6nemli bir d\u00f6n\u00fcm noktas\u0131 olu\u015fturmu\u015f ve\u200b \u00f6zg\u00fcrl\u00fcklerin korunmas\u0131na y\u00f6nelik yeni \u2064bir anlay\u0131\u015f geli\u015ftirilmesine \u200ckatk\u0131da \u2062bulunmu\u015ftur.<\/p>\n<\/section>\n<p><img decoding=\"async\" class=\"kimage_class lazyload\" data-src=\"https:\/\/denizcankizil.tr\/wp-content\/uploads\/2024\/10\/3982-antalyadaki-fikri-ve-sinai-haklar-avukatlarinin-yetki-alanlari.jpg\" alt=\"Mahkeme\u200b Kararlar\u0131n\u0131n Anayasaya\u2064 Uygunluk Denetimi ve AYM 2020\/977 Karar\u0131 \u00dczerine \u200cDe\u011ferlendirmeler\" src=\"data:image\/svg+xml;base64,PHN2ZyB3aWR0aD0iMSIgaGVpZ2h0PSIxIiB4bWxucz0iaHR0cDovL3d3dy53My5vcmcvMjAwMC9zdmciPjwvc3ZnPg==\"><\/p>\n<h2 id=\"mahkeme-kararlarinin-anayasaya-uygunluk-denetimi-ve-aym-2020-977-karari-uzerine-degerlendirmeler\">Mahkeme Kararlar\u0131n\u0131n\u200d Anayasaya\u200d Uygunluk Denetimi ve AYM 2020\/977 Karar\u0131\u2063 \u00dczerine De\u011ferlendirmeler<\/h2>\n<p>Mahkeme \u200ckararlar\u0131n\u0131n anayasaya uygunluk denetimi, \u200dhukukun \u2062\u00fcst\u00fcnl\u00fc\u011f\u00fc ilkesinin\u2063 en temel unsurlar\u0131ndan birini \u200colu\u015fturmaktad\u0131r. Anayasa Mahkemesi (AYM), bireylerin\u2062 temel hak \u2062ve \u00f6zg\u00fcrl\u00fcklerinin ihlal edilmedi\u011finden emin\u200c olmak\u200c ad\u0131na, mahkemelerce verilen kararlar\u0131n\u2063 anayasan\u0131n\u200c h\u00fck\u00fcmlerine uygunlu\u011funu de\u011ferlendirmektedir. Bu denetim, hukuk sisteminin\u2063 sa\u011fl\u0131kl\u0131 i\u015flemesi \u2064ve bireylerin haklar\u0131n\u0131 \u200bkoruma alt\u0131nda\u200c tutmas\u0131 a\u00e7\u0131s\u0131ndan son derece \u00f6nemlidir.\u2064 AYM\u2019nin \u20632020\/977 karar\u0131nda \u00f6nemli bir \u2062konu \u2062ele\u200d al\u0131nm\u0131\u015f ve mahkeme kararlar\u0131n\u0131n anayasaya\u200d uygunluk denetimi \u2062s\u00fcrecine dair yeni perspektifler sunulmu\u015ftur.<\/p>\n<p>AYM 2020\/977 karar\u0131nda, mahkeme kararlar\u0131n\u0131n hukuka uygunlu\u011funun yan\u0131 s\u0131ra, anayasaya ayk\u0131r\u0131l\u0131\u011f\u0131n belirlenmesinde ortaya \u00e7\u0131kan zorluklara dikkat \u00e7ekilmektedir. Kararda, \u200cmahkemeler aras\u0131nda olu\u015fan farkl\u0131 yorumlar\u0131n, anayasa ile g\u00fcvence alt\u0131na al\u0131nm\u0131\u015f haklar\u0131n ihlaline yol a\u00e7abilece\u011fi vurgulanmaktad\u0131r. Bu ba\u011flamda, AYM&#8217;nin rol\u00fc \u200d\u015fu\u200b \u015fekilde \u00f6zetlenebilir:<\/p>\n<ul>\n<li><strong>Hukukun \u00fcst\u00fcnl\u00fc\u011f\u00fcn\u00fc sa\u011flama<\/strong>: Bireylerin haklar\u0131n\u0131n korunmas\u0131nda\u2063 anahtar \u2063rol\u200b oynar.<\/li>\n<li><strong>Mahkeme kararlar\u0131 \u2064aras\u0131ndaki tutarl\u0131l\u0131\u011f\u0131 sa\u011flama<\/strong>:\u200b Farkl\u0131 yorumlar\u0131n \u00f6n\u00fcne ge\u00e7mek ad\u0131na normatif bir denetim ger\u00e7ekle\u015ftirir.<\/li>\n<li><strong>Anayasan\u0131n \u00fcst\u00fcnl\u00fc\u011f\u00fcn\u00fc koruma<\/strong>: Anayasa, t\u00fcm yasal d\u00fczenlemelerin ve\u2064 mahkeme kararlar\u0131n\u0131n \u200c\u00fcst\u00fcnde bir \u2064norm olarak kabul edilir.<\/li>\n<\/ul>\n<p>Sonu\u00e7 olarak, AYM\u2062 2020\/977 karar\u0131, \u00f6zellikle mahkeme\u200c kararlar\u0131n\u0131n anayasaya uygunluk denetimi\u200b a\u00e7\u0131s\u0131ndan \u00f6nemli bulgular\u2064 i\u00e7ermektedir.\u200d Anayasa Mahkemesi\u2019nin bu \u2062t\u00fcr \u2063kararlar\u0131, hukuk sisteminin sa\u011flam temellere\u200d oturmas\u0131n\u0131 sa\u011flarken,\u200b bireylerin\u200c haklar\u0131n\u0131n korunmas\u0131nda\u200b da kritik bir rol \u00fcstlenmektedir. Bu \u200c\u00e7er\u00e7evede, \u2064AYM&#8217;nin kararlar\u0131, hem\u2062 ge\u00e7mi\u015fte\u200d hem de \u200cgelecekte, anayasaya uygunluk denetiminin nas\u0131l \u015fekillenece\u011fine dair \u00f6nemli bir referans noktas\u0131 olmay\u0131 s\u00fcrd\u00fcrecektir.<\/p>\n<p><img decoding=\"async\" class=\"kimage_class lazyload\" data-src=\"https:\/\/denizcankizil.tr\/wp-content\/uploads\/2024\/10\/4382-antalyada-ticaret-hukuku-avukatlarinin-yetki-alanlari.jpg\" alt=\"Temel\u200c Haklar\u0131n Korunmas\u0131 Ba\u011flam\u0131nda AYM 2020\/977\u2062 Karar\u0131n\u0131n Getirdi\u011fi \u2063Yenilikler\" src=\"data:image\/svg+xml;base64,PHN2ZyB3aWR0aD0iMSIgaGVpZ2h0PSIxIiB4bWxucz0iaHR0cDovL3d3dy53My5vcmcvMjAwMC9zdmciPjwvc3ZnPg==\"><\/p>\n<h2 id=\"temel-haklarin-korunmasi-baglaminda-aym-2020-977-kararinin-getirdigi-yenilikler\">Temel Haklar\u0131n \u200bKorunmas\u0131 Ba\u011flam\u0131nda AYM 2020\/977 Karar\u0131n\u0131n Getirdi\u011fi Yenilikler<\/h2>\n<p>T\u00fcrkiye\u2062 Cumhuriyeti \u200bAnayasa Mahkemesi (AYM) 2020\/977 say\u0131l\u0131 karar\u0131, temel \u200chaklar\u0131n korunmas\u0131 a\u00e7\u0131s\u0131ndan \u00f6nemli yenilikler ve i\u00e7tihatlar getirmi\u015ftir. \u200cBu\u2063 kararda, bireysel ba\u015fvurular neticesinde bireylerin anayasal haklar\u0131n\u0131n ihlaline ili\u015fkin \u00f6nemli de\u011ferlendirmelerde\u2063 bulunulmu\u015ftur. AYM\u2019nin bu karar\u0131, hem\u2064 hukuk \u2064sistemimizde hem de \u200dtoplumda bireylerin hak arama \u00f6zg\u00fcrl\u00fc\u011f\u00fcn\u00fcn g\u00fc\u00e7lendirilmesine katk\u0131 sa\u011flam\u0131\u015ft\u0131r.<\/p>\n<p>Karar\u0131n\u200b temelinde, \u2064 <strong>ki\u015finin de\u011ferleri<\/strong> ve\u2063 <strong>onuru<\/strong> \u00fczerine odaklanmakta\u200c ve\u2063 toplumsal bir d\u00fczlemde bireylerin haklar\u0131n\u0131n g\u00fcvence alt\u0131na \u200dal\u0131nmas\u0131 gerekti\u011fi vurgulanmaktad\u0131r. AYM,\u2063 <a href=\"https:\/\/denizcankizil.tr\/uk\/seo\/aym-2022-31465-karari-anayasa-hukuku-acisindan-degerlendirme\/\" title=\"AYM 2022\/31465 Karar\u0131: Anayasa Hukuku A\u00e7\u0131s\u0131ndan De\u011ferlendirme\">bu karar ile birlikte<\/a>;\u2062  <\/p>\n<ul>\n<li>Yarg\u0131 ba\u011f\u0131ms\u0131zl\u0131\u011f\u0131n\u0131n sa\u011flanmas\u0131<\/li>\n<li>\u0130fade \u00f6zg\u00fcrl\u00fc\u011f\u00fcn\u00fcn \u2062korunmas\u0131<\/li>\n<li>\u00d6zel hayat\u0131n \u200dgizlili\u011fi gibi temel \u200dhaklar\u0131n g\u00fc\u00e7lendirilmesi<\/li>\n<\/ul>\n<p>gibi konularda yeni ilkeler geli\u015ftirmi\u015ftir. Bu \u2064ilkeler,\u2062 Anayasa&#8217;n\u0131n koruyucu niteli\u011fini peki\u015ftirirken, bireylerin hukuk devleti \u200canlay\u0131\u015f\u0131na olan inanc\u0131n\u0131 da art\u0131rmaktad\u0131r.<\/p>\n<p>Ayr\u0131ca, AYM 2020\/977\u2063 karar\u0131 ile \u2063birlikte, \u200cuygulay\u0131c\u0131lar i\u00e7in \u00f6nemli bir <strong>k\u0131lavuz niteli\u011fi<\/strong> ta\u015f\u0131maktad\u0131r. Bireysel haklar\u0131n \u2063ihlali\u200b durumunda,\u200d <strong>hukuki denetim<\/strong> s\u00fcre\u00e7lerinin daha etkin \u2064bir \u015fekilde i\u015flemesi i\u00e7in belirledi\u011fi \u00f6l\u00e7\u00fctler,\u200b gelecekte benzer vakalarda ayd\u0131nlat\u0131c\u0131 rol \u2063\u00fcstlenecektir. A\u015fa\u011f\u0131daki \u200ctabloda,\u200b karar\u0131n getirdi\u011fi yeniliklerin temel ba\u015fl\u0131klar\u0131 \u00f6zetlenmi\u015ftir:<\/p>\n<table class=\"wp-block-table\">\n<thead>\n<tr>\n<th>Yenilikler<\/th>\n<th>\u041f\u043e\u044f\u0441\u043d\u0435\u043d\u043d\u044f<\/th>\n<\/tr>\n<\/thead>\n<tbody>\n<tr>\n<td>Yarg\u0131 Ba\u011f\u0131ms\u0131zl\u0131\u011f\u0131<\/td>\n<td>Yarg\u0131 \u2062organlar\u0131n\u0131n \u2062ba\u011f\u0131ms\u0131zl\u0131\u011f\u0131na dair yeni vurgular<\/td>\n<\/tr>\n<tr>\n<td>\u0130fade \u200b\u00d6zg\u00fcrl\u00fc\u011f\u00fc<\/td>\n<td>Herkesin d\u00fc\u015f\u00fcnce ve kanaatlerini serbest\u00e7e\u200b a\u00e7\u0131klama hakk\u0131<\/td>\n<\/tr>\n<tr>\n<td>\u00d6zel\u200d Hayat\u0131n Gizlili\u011fi<\/td>\n<td>Bireylerin \u00f6zel hayat\u0131na \u200bsayg\u0131 g\u00f6sterilmesi gereklili\u011fi<\/td>\n<\/tr>\n<\/tbody>\n<\/table>\n<p><img decoding=\"async\" class=\"kimage_class lazyload\" data-src=\"https:\/\/denizcankizil.tr\/wp-content\/uploads\/2024\/10\/P8RPY-253D.jpg\" alt=\"Gelecekteki\u200d Anayasa Hukuku Geli\u015fmeleri \u0130\u00e7in Stratejik \u200b\u00d6neriler\" src=\"data:image\/svg+xml;base64,PHN2ZyB3aWR0aD0iMSIgaGVpZ2h0PSIxIiB4bWxucz0iaHR0cDovL3d3dy53My5vcmcvMjAwMC9zdmciPjwvc3ZnPg==\"><\/p>\n<h2 id=\"gelecekteki-anayasa-hukuku-gelismeleri-icin-stratejik-oneriler\">Gelecekteki\u2064 Anayasa Hukuku Geli\u015fmeleri \u0130\u00e7in \u200dStratejik \u00d6neriler<\/h2>\n<section>\n<p>Gelecekteki \u2064anayasa hukuku\u2064 geli\u015fmeleri, toplumsal ihtiya\u00e7lar \u200dve siyasi\u2063 dinamiklerle \u200b\u015fekillenen bir \u200balan olarak, her zaman \u2062gereklilikler do\u011frultusunda evrilmektedir. <strong>Mahkeme\u200d kararlar\u0131n\u0131n ve yasalar\u0131n yorumlanmas\u0131<\/strong> a\u00e7\u0131s\u0131ndan, \u200bhukukun\u200b \u00fcst\u00fcnl\u00fc\u011f\u00fc ilkesini g\u00fc\u00e7lendirmek i\u00e7in bir dizi\u2063 stratejik \u00f6neri \u200bdikkate al\u0131nmal\u0131d\u0131r. \u2062Bu ba\u011flamda, anayasa mahkemesinin kararlar\u0131n\u0131n etkin bir \u015fekilde uygulanmas\u0131 ve\u2062 yayg\u0131nla\u015ft\u0131r\u0131lmas\u0131 \u00f6nemlidir.<\/p>\n<p>Ayr\u0131ca,\u2064 anayasa hukuku alan\u0131nda ilerleme kaydedebilmek i\u00e7in a\u015fa\u011f\u0131daki \u200dgibi somut ad\u0131mlar\u200b at\u0131lmas\u0131 gerekmektedir:<\/p>\n<ul>\n<li><strong>E\u011fitim\u200b ve fark\u0131ndal\u0131k programlar\u0131<\/strong>, anayasa hukuku hakk\u0131nda topluma\u2063 bilgi vermek ve bilin\u00e7lendirmek ad\u0131na kritik \u00f6neme sahiptir.<\/li>\n<li><strong>Uluslararas\u0131 i\u015fbirlikleri<\/strong>, di\u011fer \u00fclkelerin tecr\u00fcbelerinden \u200bfaydalanarak\u2062 yerel hukuk sistemimizi geli\u015ftirmek i\u00e7in bir\u200b f\u0131rsat sunmaktad\u0131r.<\/li>\n<li><strong>D\u00fczenli konferans \u200bve \u200csempozyumlar<\/strong>,\u2064 akademisyenler ve uygulay\u0131c\u0131lar\u2062 aras\u0131nda bilgi al\u0131\u015fveri\u015fini art\u0131rarak anayasa hukukuna dair\u200c yenilik\u00e7i yakla\u015f\u0131mlar\u0131n ortaya \u00e7\u0131kmas\u0131n\u0131 \u2062destekler.<\/li>\n<\/ul>\n<p>Sonu\u00e7 olarak, anayasa hukuku alan\u0131nda at\u0131lacak stratejik ad\u0131mlar, demokratik toplumun temellerini\u2062 sa\u011flamla\u015ft\u0131racak\u2063 ve bireylerin haklar\u0131n\u0131 koruma konusunda \u00f6nemli bir \u200crol\u2062 oynayacakt\u0131r. <strong>Gelecek i\u00e7in \u2064bu \u2064\u00f6nerilerin dikkate\u2063 al\u0131nmas\u0131<\/strong>,\u200d geli\u015fimlerimizi s\u00fcrd\u00fcr\u00fclebilir \u2063hale getirecektir. \u200bBu\u2062 ba\u011flamda, \u2062t\u00fcm payda\u015flar\u0131n\u200c i\u015f birli\u011fi i\u00e7inde hareket etmesi \u2064gerekmektedir.<\/p>\n<\/section>\n<p>Sonu\u00e7 olarak, AYM 2020\/977 say\u0131l\u0131 karar, Anayasa hukukunun dinamikleri ve uygulamalar\u0131 a\u00e7\u0131s\u0131ndan \u00f6nemli bir\u200d d\u00f6n\u00fcm noktas\u0131 te\u015fkil etmektedir. Anayasa \u2063Mahkemesi&#8217;nin bu karar\u0131, bireysel haklar\u0131n korunmas\u0131 \u2064ve hukukun \u00fcst\u00fcnl\u00fc\u011f\u00fcn\u00fcn sa\u011flanmas\u0131 konusundaki kararl\u0131l\u0131\u011f\u0131n\u0131 bir kez\u200d daha ortaya koymakta;\u200b ayr\u0131ca, milli ve uluslararas\u0131 normlara \u2062uyum sa\u011flamada g\u00f6sterdi\u011fi hassasiyet, hukuk sistemimizin\u2062 geli\u015fimi\u2062 i\u00e7in kritik bir \u2064\u00f6rnek te\u015fkil etmektedir. Bu karar, yarg\u0131n\u0131n ba\u011f\u0131ms\u0131zl\u0131\u011f\u0131 \u2064ve tarafs\u0131zl\u0131\u011f\u0131 ilkelerinin daha da peki\u015fmesine olanak tan\u0131rken, Anayasa&#8217;n\u0131n h\u00fck\u00fcmlerinin ve \u200dinsan haklar\u0131 normlar\u0131n\u0131n etkin bir \u200c\u015fekilde uygulanmas\u0131n\u0131n \u00f6nemini de vurgulamaktad\u0131r.\u2063 Gelecek \u00e7al\u0131\u015fmalar, bu t\u00fcr kararlar\u0131n Anayasa hukuku \u00fczerindeki etkilerini ve\u200d pratikteki yans\u0131malar\u0131n\u0131 derinlemesine ke\u015ffederek, hukuk sistemimizin evrimine katk\u0131da bulunmal\u0131d\u0131r. AYM&#8217;nin bu\u200c karar\u0131, hukuk alan\u0131nda zihinleri a\u00e7an yeni tart\u0131\u015fmalara\u2063 kap\u0131 aralarken, Anayasa hukukunun i\u015fleyi\u015fini \u2063ve gelece\u011fini \u2063\u015fekillendirmektedir. <\/p>","protected":false},"excerpt":{"rendered":"<p>AYM 2020\/977 Karar\u0131, anayasa hukukunun temel ilkelerini yeniden sorgularken, bireysel ba\u015fvurular\u0131n etkili bir \u015fekilde de\u011ferlendirilmesinin \u00f6nemine dikkat \u00e7ekmektedir. Bu karar, insan haklar\u0131 ve hukuk devletinin g\u00fc\u00e7lendirilmesi a\u00e7\u0131s\u0131ndan kritik bir d\u00f6n\u00fcm noktas\u0131d\u0131r.<\/p>","protected":false},"author":1,"featured_media":10675,"comment_status":"open","ping_status":"open","sticky":false,"template":"","format":"standard","meta":{"_acf_changed":false,"footnotes":""},"categories":[28],"tags":[],"class_list":["post-10674","post","type-post","status-publish","format-standard","has-post-thumbnail","hentry","category-seo"],"acf":[],"yoast_head":"<!-- This site is optimized with the Yoast SEO Premium plugin v26.6 (Yoast SEO v27.1.1) - https:\/\/yoast.com\/product\/yoast-seo-premium-wordpress\/ -->\n<title>AYM 2020\/977 Karar\u0131: Anayasa Hukuku \u00dczerine Analiz - Av. Deniz Can K\u0131z\u0131l<\/title>\n<meta name=\"robots\" content=\"index, follow, max-snippet:-1, max-image-preview:large, max-video-preview:-1\" \/>\n<link rel=\"canonical\" href=\"http:\/\/denizcankizil.tr\/uk\/seo\/aym-2020-977-karari-anayasa-hukuku-uzerine-analiz\/\" \/>\n<meta property=\"og:locale\" content=\"uk_UA\" \/>\n<meta property=\"og:type\" content=\"article\" \/>\n<meta property=\"og:title\" content=\"AYM 2020\/977 Karar\u0131: Anayasa Hukuku \u00dczerine Analiz\" \/>\n<meta property=\"og:description\" content=\"AYM 2020\/977 Karar\u0131, anayasa hukukunun temel ilkelerini yeniden sorgularken, bireysel ba\u015fvurular\u0131n etkili bir \u015fekilde de\u011ferlendirilmesinin \u00f6nemine dikkat \u00e7ekmektedir. Bu karar, insan haklar\u0131 ve hukuk devletinin g\u00fc\u00e7lendirilmesi a\u00e7\u0131s\u0131ndan kritik bir d\u00f6n\u00fcm noktas\u0131d\u0131r.\" \/>\n<meta property=\"og:url\" content=\"http:\/\/denizcankizil.tr\/uk\/seo\/aym-2020-977-karari-anayasa-hukuku-uzerine-analiz\/\" \/>\n<meta property=\"og:site_name\" content=\"Av. Deniz Can K\u0131z\u0131l\" \/>\n<meta property=\"article:published_time\" content=\"2024-10-31T11:41:27+00:00\" \/>\n<meta property=\"og:image\" content=\"http:\/\/denizcankizil.tr\/wp-content\/uploads\/2024\/10\/10674-aym-2020-977-karari-anayasa-hukuku-uzerine-analiz.jpg\" \/>\n\t<meta property=\"og:image:width\" content=\"800\" \/>\n\t<meta property=\"og:image:height\" content=\"800\" \/>\n\t<meta property=\"og:image:type\" content=\"image\/jpeg\" \/>\n<meta name=\"author\" content=\"admin\" \/>\n<meta name=\"twitter:card\" content=\"summary_large_image\" \/>\n<meta name=\"twitter:label1\" content=\"\u041d\u0430\u043f\u0438\u0441\u0430\u043d\u043e\" \/>\n\t<meta name=\"twitter:data1\" content=\"admin\" \/>\n\t<meta name=\"twitter:label2\" content=\"\u041f\u0440\u0438\u0431\u043b. \u0447\u0430\u0441 \u0447\u0438\u0442\u0430\u043d\u043d\u044f\" \/>\n\t<meta name=\"twitter:data2\" content=\"7 \u0445\u0432\u0438\u043b\u0438\u043d\" \/>\n<script type=\"application\/ld+json\" class=\"yoast-schema-graph\">{\"@context\":\"https:\/\/schema.org\",\"@graph\":[{\"@type\":\"Article\",\"@id\":\"http:\/\/denizcankizil.tr\/uk\/seo\/aym-2020-977-karari-anayasa-hukuku-uzerine-analiz\/#article\",\"isPartOf\":{\"@id\":\"http:\/\/denizcankizil.tr\/uk\/seo\/aym-2020-977-karari-anayasa-hukuku-uzerine-analiz\/\"},\"author\":{\"name\":\"admin\",\"@id\":\"https:\/\/denizcankizil.tr\/de\/#\/schema\/person\/be3c05fe6a12686905512445d8185489\"},\"headline\":\"AYM 2020\/977 Karar\u0131: Anayasa Hukuku \u00dczerine Analiz\",\"datePublished\":\"2024-10-31T11:41:27+00:00\",\"mainEntityOfPage\":{\"@id\":\"http:\/\/denizcankizil.tr\/uk\/seo\/aym-2020-977-karari-anayasa-hukuku-uzerine-analiz\/\"},\"wordCount\":1467,\"commentCount\":0,\"publisher\":{\"@id\":\"https:\/\/denizcankizil.tr\/de\/#organization\"},\"image\":{\"@id\":\"http:\/\/denizcankizil.tr\/uk\/seo\/aym-2020-977-karari-anayasa-hukuku-uzerine-analiz\/#primaryimage\"},\"thumbnailUrl\":\"http:\/\/denizcankizil.tr\/wp-content\/uploads\/2024\/10\/10674-aym-2020-977-karari-anayasa-hukuku-uzerine-analiz.jpg\",\"articleSection\":[\"Seo\"],\"inLanguage\":\"uk\",\"potentialAction\":[{\"@type\":\"CommentAction\",\"name\":\"Comment\",\"target\":[\"http:\/\/denizcankizil.tr\/uk\/seo\/aym-2020-977-karari-anayasa-hukuku-uzerine-analiz\/#respond\"]}]},{\"@type\":\"WebPage\",\"@id\":\"http:\/\/denizcankizil.tr\/uk\/seo\/aym-2020-977-karari-anayasa-hukuku-uzerine-analiz\/\",\"url\":\"http:\/\/denizcankizil.tr\/uk\/seo\/aym-2020-977-karari-anayasa-hukuku-uzerine-analiz\/\",\"name\":\"AYM 2020\/977 Karar\u0131: Anayasa Hukuku \u00dczerine Analiz - Av. Deniz Can K\u0131z\u0131l\",\"isPartOf\":{\"@id\":\"https:\/\/denizcankizil.tr\/de\/#website\"},\"primaryImageOfPage\":{\"@id\":\"http:\/\/denizcankizil.tr\/uk\/seo\/aym-2020-977-karari-anayasa-hukuku-uzerine-analiz\/#primaryimage\"},\"image\":{\"@id\":\"http:\/\/denizcankizil.tr\/uk\/seo\/aym-2020-977-karari-anayasa-hukuku-uzerine-analiz\/#primaryimage\"},\"thumbnailUrl\":\"http:\/\/denizcankizil.tr\/wp-content\/uploads\/2024\/10\/10674-aym-2020-977-karari-anayasa-hukuku-uzerine-analiz.jpg\",\"datePublished\":\"2024-10-31T11:41:27+00:00\",\"breadcrumb\":{\"@id\":\"http:\/\/denizcankizil.tr\/uk\/seo\/aym-2020-977-karari-anayasa-hukuku-uzerine-analiz\/#breadcrumb\"},\"inLanguage\":\"uk\",\"potentialAction\":[{\"@type\":\"ReadAction\",\"target\":[\"http:\/\/denizcankizil.tr\/uk\/seo\/aym-2020-977-karari-anayasa-hukuku-uzerine-analiz\/\"]}]},{\"@type\":\"ImageObject\",\"inLanguage\":\"uk\",\"@id\":\"http:\/\/denizcankizil.tr\/uk\/seo\/aym-2020-977-karari-anayasa-hukuku-uzerine-analiz\/#primaryimage\",\"url\":\"http:\/\/denizcankizil.tr\/wp-content\/uploads\/2024\/10\/10674-aym-2020-977-karari-anayasa-hukuku-uzerine-analiz.jpg\",\"contentUrl\":\"http:\/\/denizcankizil.tr\/wp-content\/uploads\/2024\/10\/10674-aym-2020-977-karari-anayasa-hukuku-uzerine-analiz.jpg\",\"width\":800,\"height\":800,\"caption\":\"AYM 2020\/977 Karar\u0131: Anayasa Hukuku \u00dczerine Analiz\"},{\"@type\":\"BreadcrumbList\",\"@id\":\"http:\/\/denizcankizil.tr\/uk\/seo\/aym-2020-977-karari-anayasa-hukuku-uzerine-analiz\/#breadcrumb\",\"itemListElement\":[{\"@type\":\"ListItem\",\"position\":1,\"name\":\"Home\",\"item\":\"https:\/\/denizcankizil.tr\/de\/\"},{\"@type\":\"ListItem\",\"position\":2,\"name\":\"AYM 2020\/977 Karar\u0131: Anayasa Hukuku \u00dczerine Analiz\"}]},{\"@type\":\"WebSite\",\"@id\":\"https:\/\/denizcankizil.tr\/de\/#website\",\"url\":\"https:\/\/denizcankizil.tr\/de\/\",\"name\":\"Av. Deniz Can K\u0131z\u0131l\",\"description\":\"Avukat Deniz Can K\u0131z\u0131l Antalya Barosu\",\"publisher\":{\"@id\":\"https:\/\/denizcankizil.tr\/de\/#organization\"},\"potentialAction\":[{\"@type\":\"SearchAction\",\"target\":{\"@type\":\"EntryPoint\",\"urlTemplate\":\"https:\/\/denizcankizil.tr\/de\/?s={search_term_string}\"},\"query-input\":{\"@type\":\"PropertyValueSpecification\",\"valueRequired\":true,\"valueName\":\"search_term_string\"}}],\"inLanguage\":\"uk\"},{\"@type\":\"Organization\",\"@id\":\"https:\/\/denizcankizil.tr\/de\/#organization\",\"name\":\"Av. Deniz Can K\u0131z\u0131l\",\"url\":\"https:\/\/denizcankizil.tr\/de\/\",\"logo\":{\"@type\":\"ImageObject\",\"inLanguage\":\"uk\",\"@id\":\"https:\/\/denizcankizil.tr\/de\/#\/schema\/logo\/image\/\",\"url\":\"http:\/\/denizcankizil.tr\/wp-content\/uploads\/2024\/10\/siyah-logo-svg.svg\",\"contentUrl\":\"http:\/\/denizcankizil.tr\/wp-content\/uploads\/2024\/10\/siyah-logo-svg.svg\",\"width\":1080,\"height\":1080,\"caption\":\"Av. Deniz Can K\u0131z\u0131l\"},\"image\":{\"@id\":\"https:\/\/denizcankizil.tr\/de\/#\/schema\/logo\/image\/\"}},{\"@type\":\"Person\",\"@id\":\"https:\/\/denizcankizil.tr\/de\/#\/schema\/person\/be3c05fe6a12686905512445d8185489\",\"name\":\"admin\",\"image\":{\"@type\":\"ImageObject\",\"inLanguage\":\"uk\",\"@id\":\"https:\/\/denizcankizil.tr\/de\/#\/schema\/person\/image\/\",\"url\":\"https:\/\/secure.gravatar.com\/avatar\/c1fce94c830dc79107e174f890d7210541c4a63e8e5d816341794a2151c9d58c?s=96&d=mm&r=g\",\"contentUrl\":\"https:\/\/secure.gravatar.com\/avatar\/c1fce94c830dc79107e174f890d7210541c4a63e8e5d816341794a2151c9d58c?s=96&d=mm&r=g\",\"caption\":\"admin\"},\"sameAs\":[\"http:\/\/denizcankizil.tr\"],\"url\":\"http:\/\/denizcankizil.tr\/uk\/author\/admin\/\"}]}<\/script>\n<!-- \/ Yoast SEO Premium plugin. -->","yoast_head_json":{"title":"AYM 2020\/977 Karar\u0131: Anayasa Hukuku \u00dczerine Analiz - Av. Deniz Can K\u0131z\u0131l","robots":{"index":"index","follow":"follow","max-snippet":"max-snippet:-1","max-image-preview":"max-image-preview:large","max-video-preview":"max-video-preview:-1"},"canonical":"http:\/\/denizcankizil.tr\/uk\/seo\/aym-2020-977-karari-anayasa-hukuku-uzerine-analiz\/","og_locale":"uk_UA","og_type":"article","og_title":"AYM 2020\/977 Karar\u0131: Anayasa Hukuku \u00dczerine Analiz","og_description":"AYM 2020\/977 Karar\u0131, anayasa hukukunun temel ilkelerini yeniden sorgularken, bireysel ba\u015fvurular\u0131n etkili bir \u015fekilde de\u011ferlendirilmesinin \u00f6nemine dikkat \u00e7ekmektedir. Bu karar, insan haklar\u0131 ve hukuk devletinin g\u00fc\u00e7lendirilmesi a\u00e7\u0131s\u0131ndan kritik bir d\u00f6n\u00fcm noktas\u0131d\u0131r.","og_url":"http:\/\/denizcankizil.tr\/uk\/seo\/aym-2020-977-karari-anayasa-hukuku-uzerine-analiz\/","og_site_name":"Av. Deniz Can K\u0131z\u0131l","article_published_time":"2024-10-31T11:41:27+00:00","og_image":[{"width":800,"height":800,"url":"http:\/\/denizcankizil.tr\/wp-content\/uploads\/2024\/10\/10674-aym-2020-977-karari-anayasa-hukuku-uzerine-analiz.jpg","type":"image\/jpeg"}],"author":"admin","twitter_card":"summary_large_image","twitter_misc":{"\u041d\u0430\u043f\u0438\u0441\u0430\u043d\u043e":"admin","\u041f\u0440\u0438\u0431\u043b. \u0447\u0430\u0441 \u0447\u0438\u0442\u0430\u043d\u043d\u044f":"7 \u0445\u0432\u0438\u043b\u0438\u043d"},"schema":{"@context":"https:\/\/schema.org","@graph":[{"@type":"Article","@id":"http:\/\/denizcankizil.tr\/uk\/seo\/aym-2020-977-karari-anayasa-hukuku-uzerine-analiz\/#article","isPartOf":{"@id":"http:\/\/denizcankizil.tr\/uk\/seo\/aym-2020-977-karari-anayasa-hukuku-uzerine-analiz\/"},"author":{"name":"admin","@id":"https:\/\/denizcankizil.tr\/de\/#\/schema\/person\/be3c05fe6a12686905512445d8185489"},"headline":"AYM 2020\/977 Karar\u0131: Anayasa Hukuku \u00dczerine Analiz","datePublished":"2024-10-31T11:41:27+00:00","mainEntityOfPage":{"@id":"http:\/\/denizcankizil.tr\/uk\/seo\/aym-2020-977-karari-anayasa-hukuku-uzerine-analiz\/"},"wordCount":1467,"commentCount":0,"publisher":{"@id":"https:\/\/denizcankizil.tr\/de\/#organization"},"image":{"@id":"http:\/\/denizcankizil.tr\/uk\/seo\/aym-2020-977-karari-anayasa-hukuku-uzerine-analiz\/#primaryimage"},"thumbnailUrl":"http:\/\/denizcankizil.tr\/wp-content\/uploads\/2024\/10\/10674-aym-2020-977-karari-anayasa-hukuku-uzerine-analiz.jpg","articleSection":["Seo"],"inLanguage":"uk","potentialAction":[{"@type":"CommentAction","name":"Comment","target":["http:\/\/denizcankizil.tr\/uk\/seo\/aym-2020-977-karari-anayasa-hukuku-uzerine-analiz\/#respond"]}]},{"@type":"WebPage","@id":"http:\/\/denizcankizil.tr\/uk\/seo\/aym-2020-977-karari-anayasa-hukuku-uzerine-analiz\/","url":"http:\/\/denizcankizil.tr\/uk\/seo\/aym-2020-977-karari-anayasa-hukuku-uzerine-analiz\/","name":"AYM 2020\/977 Karar\u0131: Anayasa Hukuku \u00dczerine Analiz - Av. Deniz Can K\u0131z\u0131l","isPartOf":{"@id":"https:\/\/denizcankizil.tr\/de\/#website"},"primaryImageOfPage":{"@id":"http:\/\/denizcankizil.tr\/uk\/seo\/aym-2020-977-karari-anayasa-hukuku-uzerine-analiz\/#primaryimage"},"image":{"@id":"http:\/\/denizcankizil.tr\/uk\/seo\/aym-2020-977-karari-anayasa-hukuku-uzerine-analiz\/#primaryimage"},"thumbnailUrl":"http:\/\/denizcankizil.tr\/wp-content\/uploads\/2024\/10\/10674-aym-2020-977-karari-anayasa-hukuku-uzerine-analiz.jpg","datePublished":"2024-10-31T11:41:27+00:00","breadcrumb":{"@id":"http:\/\/denizcankizil.tr\/uk\/seo\/aym-2020-977-karari-anayasa-hukuku-uzerine-analiz\/#breadcrumb"},"inLanguage":"uk","potentialAction":[{"@type":"ReadAction","target":["http:\/\/denizcankizil.tr\/uk\/seo\/aym-2020-977-karari-anayasa-hukuku-uzerine-analiz\/"]}]},{"@type":"ImageObject","inLanguage":"uk","@id":"http:\/\/denizcankizil.tr\/uk\/seo\/aym-2020-977-karari-anayasa-hukuku-uzerine-analiz\/#primaryimage","url":"http:\/\/denizcankizil.tr\/wp-content\/uploads\/2024\/10\/10674-aym-2020-977-karari-anayasa-hukuku-uzerine-analiz.jpg","contentUrl":"http:\/\/denizcankizil.tr\/wp-content\/uploads\/2024\/10\/10674-aym-2020-977-karari-anayasa-hukuku-uzerine-analiz.jpg","width":800,"height":800,"caption":"AYM 2020\/977 Karar\u0131: Anayasa Hukuku \u00dczerine Analiz"},{"@type":"BreadcrumbList","@id":"http:\/\/denizcankizil.tr\/uk\/seo\/aym-2020-977-karari-anayasa-hukuku-uzerine-analiz\/#breadcrumb","itemListElement":[{"@type":"ListItem","position":1,"name":"Home","item":"https:\/\/denizcankizil.tr\/de\/"},{"@type":"ListItem","position":2,"name":"AYM 2020\/977 Karar\u0131: Anayasa Hukuku \u00dczerine Analiz"}]},{"@type":"WebSite","@id":"https:\/\/denizcankizil.tr\/de\/#website","url":"https:\/\/denizcankizil.tr\/de\/","name":"Av. Deniz Can K\u0131z\u0131l","description":"Avukat Deniz Can K\u0131z\u0131l Antalya Barosu","publisher":{"@id":"https:\/\/denizcankizil.tr\/de\/#organization"},"potentialAction":[{"@type":"SearchAction","target":{"@type":"EntryPoint","urlTemplate":"https:\/\/denizcankizil.tr\/de\/?s={search_term_string}"},"query-input":{"@type":"PropertyValueSpecification","valueRequired":true,"valueName":"search_term_string"}}],"inLanguage":"uk"},{"@type":"Organization","@id":"https:\/\/denizcankizil.tr\/de\/#organization","name":"Av. Deniz Can K\u0131z\u0131l","url":"https:\/\/denizcankizil.tr\/de\/","logo":{"@type":"ImageObject","inLanguage":"uk","@id":"https:\/\/denizcankizil.tr\/de\/#\/schema\/logo\/image\/","url":"http:\/\/denizcankizil.tr\/wp-content\/uploads\/2024\/10\/siyah-logo-svg.svg","contentUrl":"http:\/\/denizcankizil.tr\/wp-content\/uploads\/2024\/10\/siyah-logo-svg.svg","width":1080,"height":1080,"caption":"Av. Deniz Can K\u0131z\u0131l"},"image":{"@id":"https:\/\/denizcankizil.tr\/de\/#\/schema\/logo\/image\/"}},{"@type":"Person","@id":"https:\/\/denizcankizil.tr\/de\/#\/schema\/person\/be3c05fe6a12686905512445d8185489","name":"\u0430\u0434\u043c\u0456\u043d","image":{"@type":"ImageObject","inLanguage":"uk","@id":"https:\/\/denizcankizil.tr\/de\/#\/schema\/person\/image\/","url":"https:\/\/secure.gravatar.com\/avatar\/c1fce94c830dc79107e174f890d7210541c4a63e8e5d816341794a2151c9d58c?s=96&d=mm&r=g","contentUrl":"https:\/\/secure.gravatar.com\/avatar\/c1fce94c830dc79107e174f890d7210541c4a63e8e5d816341794a2151c9d58c?s=96&d=mm&r=g","caption":"admin"},"sameAs":["http:\/\/denizcankizil.tr"],"url":"http:\/\/denizcankizil.tr\/uk\/author\/admin\/"}]}},"_links":{"self":[{"href":"http:\/\/denizcankizil.tr\/uk\/wp-json\/wp\/v2\/posts\/10674","targetHints":{"allow":["GET"]}}],"collection":[{"href":"http:\/\/denizcankizil.tr\/uk\/wp-json\/wp\/v2\/posts"}],"about":[{"href":"http:\/\/denizcankizil.tr\/uk\/wp-json\/wp\/v2\/types\/post"}],"author":[{"embeddable":true,"href":"http:\/\/denizcankizil.tr\/uk\/wp-json\/wp\/v2\/users\/1"}],"replies":[{"embeddable":true,"href":"http:\/\/denizcankizil.tr\/uk\/wp-json\/wp\/v2\/comments?post=10674"}],"version-history":[{"count":0,"href":"http:\/\/denizcankizil.tr\/uk\/wp-json\/wp\/v2\/posts\/10674\/revisions"}],"wp:featuredmedia":[{"embeddable":true,"href":"http:\/\/denizcankizil.tr\/uk\/wp-json\/wp\/v2\/media\/10675"}],"wp:attachment":[{"href":"http:\/\/denizcankizil.tr\/uk\/wp-json\/wp\/v2\/media?parent=10674"}],"wp:term":[{"taxonomy":"category","embeddable":true,"href":"http:\/\/denizcankizil.tr\/uk\/wp-json\/wp\/v2\/categories?post=10674"},{"taxonomy":"post_tag","embeddable":true,"href":"http:\/\/denizcankizil.tr\/uk\/wp-json\/wp\/v2\/tags?post=10674"}],"curies":[{"name":"wp","href":"https:\/\/api.w.org\/{rel}","templated":true}]}}