{"id":106405,"date":"2025-06-04T16:44:22","date_gmt":"2025-06-04T13:44:22","guid":{"rendered":"https:\/\/denizcankizil.tr\/uncategorized-tr\/musiad-izmirden-greve-sagduyu-vurgusu\/"},"modified":"2025-06-04T16:44:22","modified_gmt":"2025-06-04T13:44:22","slug":"musiad-izmirden-greve-sagduyu-vurgusu","status":"publish","type":"post","link":"http:\/\/denizcankizil.tr\/uk\/haberler\/gundem\/musiad-izmirden-greve-sagduyu-vurgusu\/","title":{"rendered":"M\u00dcS\u0130AD \u0130zmir&#8217;den greve sa\u011fduyu vurgusu"},"content":{"rendered":"<p>M\u00fcstakil Sanayici ve \u0130\u015fadamlar\u0131 Derne\u011fi (M\u00dcS\u0130AD) \u0130zmir Ba\u015fkan\u0131 G\u00f6khan Temur, \u0130zmir\u2019de ba\u015flat\u0131lan grev ile ilgili bir bas\u0131n a\u00e7\u0131klamas\u0131 yaparak taraflar\u0131 sa\u011fduyuya davet etti.\u0130ZM\u0130R (\u0130GFA) &#8211; M\u00fcstakil Sanayici ve \u0130\u015fadamlar\u0131 Derne\u011fi (M\u00dcS\u0130AD) \u0130zmir Ba\u015fkan\u0131 G\u00f6khan Temur, \u0130zmir\u2019de ba\u015flat\u0131lan grev ile ilgili bir bas\u0131n a\u00e7\u0131klamas\u0131 yaparak taraflar\u0131 sa\u011fduyuya davet etti.<br \/>\n\u0130zmir B\u00fcy\u00fck\u015fehir Belediyesi\u2019ne ba\u011fl\u0131 \u0130ZELMAN, \u0130ZENERJ\u0130 ve Ege\u015fehir \u015firketlerinde g\u00f6rev yapan yakla\u015f\u0131k 23 bin \u00e7al\u0131\u015fan\u0131n 29 May\u0131s itibar\u0131yla ba\u015flatt\u0131\u011f\u0131 grev, \u015fehrimizde sosyal ya\u015fam\u0131n ve ekonomik i\u015fleyi\u015fin \u00e7e\u015fitli boyutlarda sekteye u\u011framas\u0131na yol a\u00e7m\u0131\u015f, bu s\u00fcrece dair g\u00f6zlemlerimizi ve yakla\u015f\u0131m\u0131m\u0131z\u0131 kamuoyuyla payla\u015fma zarureti do\u011fmu\u015ftur.<br \/>\nM\u00dcS\u0130AD \u0130zmir Ba\u015fkan\u0131 G\u00f6khan Temur &#8221;G\u00fcnlerdir devam eden grev nedeniyle \u015fehir genelinde temizlik, ula\u015f\u0131m, lojistik ve sosyal hizmet alanlar\u0131nda ya\u015fanan ciddi aksamalar; sanayi b\u00f6lgelerinden k\u00fc\u00e7\u00fck esnafa kadar geni\u015f bir kesimi olumsuz etkilemektedir.<br \/>\n\u0130zmir\u2019in i\u015f d\u00fcnyas\u0131 a\u00e7\u0131s\u0131ndan ta\u015f\u0131d\u0131\u011f\u0131 stratejik \u00f6neme ra\u011fmen, hizmet altyap\u0131s\u0131n\u0131n zay\u0131flamas\u0131 hem g\u00fcnl\u00fck operasyonlar\u0131 sekteye u\u011fratmakta hem de \u00fcretim planlar\u0131n\u0131 bozmakta; baz\u0131 sekt\u00f6rlerde ise do\u011frudan mali kay\u0131plara yol a\u00e7maktad\u0131r.<br \/>\n\u00d6zellikle lojistik ve tedarik zincirinde ya\u015fanan gecikmeler, rekabet g\u00fcc\u00fcm\u00fcz\u00fc zay\u0131flatmaktad\u0131r.&#8221; dedi.<br \/>\n\u0130ST\u0130KRAR ORTAMI BOZULURSA, YATIRIMCI TEREDD\u00dcT EDER<br \/>\n\u0130zmir, hem yerli hem yabanc\u0131 yat\u0131r\u0131mc\u0131lar i\u00e7in b\u00fcy\u00fck potansiyele sahip bir \u015fehirdir. Ancak belediye hizmetlerinin aksad\u0131\u011f\u0131, sosyal hayat\u0131n dura\u011fanla\u015ft\u0131\u011f\u0131, grev ve benzeri krizlerin \u00e7\u00f6z\u00fclmeden uzad\u0131\u011f\u0131 bir ortam, yat\u0131r\u0131m\u0131 do\u011frudan etkilemektedir.<br \/>\nYa\u015fanan grev yaln\u0131zca mevcut \u00fcretim s\u00fcre\u00e7lerini de\u011fil, gelecekteki yat\u0131r\u0131m kararlar\u0131n\u0131 da olumsuz etkileme riski ta\u015f\u0131maktad\u0131r.<br \/>\nTOPLUMSAL DENGEN\u0130N DE KORUNMASI GEREKL\u0130D\u0130R<br \/>\nM\u00dcS\u0130AD Ba\u015fkan\u0131 G\u00f6khan Temur &#8221;Hak aray\u0131\u015f\u0131 toplumun tamam\u0131na ma\u011fduriyet ya\u015fatmamal\u0131d\u0131r. \u015eehrin belediye hizmetlerinden mahrum kalmas\u0131, sosyal d\u00fczenin bozulmas\u0131 ve ekonominin zarar g\u00f6rmesi; yaln\u0131zca bug\u00fcn\u00fc de\u011fil, uzun vadede \u0130zmir\u2019in itibar\u0131n\u0131 ve geli\u015fim potansiyelini de tehdit eder niteliktedir.<br \/>\nBu ba\u011flamda, ba\u015fta \u0130zmir B\u00fcy\u00fck\u015fehir Belediyesi y\u00f6netimi ve ilgili sendikalar olmak \u00fczere t\u00fcm taraflara \u00e7a\u011fr\u0131m\u0131z, sorumluluk bilinci i\u00e7erisinde hareket edilerek m\u00fczakere kap\u0131lar\u0131n\u0131n a\u00e7\u0131k tutulmas\u0131d\u0131r. Anla\u015fmazl\u0131klar\u0131n \u00e7\u00f6z\u00fcm\u00fc i\u00e7in konunun \u00f6z\u00fcne ve ortak faydaya odaklanan bir yakla\u015f\u0131m benimsenmeli; ileti\u015fim ve uzla\u015f\u0131, ideolojik yakla\u015f\u0131mlar\u0131n ya da siyasi hesaplar\u0131n \u00f6n\u00fcnde tutulmal\u0131d\u0131r.&#8221;<\/p>\n<p>\u200bM\u00fcstakil Sanayici ve \u0130\u015fadamlar\u0131 Derne\u011fi (M\u00dcS\u0130AD) \u0130zmir Ba\u015fkan\u0131 G\u00f6khan Temur, \u0130zmir\u2019de ba\u015flat\u0131lan grev ile ilgili bir bas\u0131n a\u00e7\u0131klamas\u0131 yaparak taraflar\u0131 sa\u011fduyuya davet etti.\u0130ZM\u0130R (\u0130GFA) &#8211; M\u00fcstakil Sanayici ve \u0130\u015fadamlar\u0131 Derne\u011fi (M\u00dcS\u0130AD) \u0130zmir Ba\u015fkan\u0131 G\u00f6khan Temur, \u0130zmir\u2019de ba\u015flat\u0131lan grev ile ilgili bir bas\u0131n a\u00e7\u0131klamas\u0131 yaparak taraflar\u0131 sa\u011fduyuya davet etti.<br \/>\n\u0130zmir B\u00fcy\u00fck\u015fehir Belediyesi\u2019ne ba\u011fl\u0131 \u0130ZELMAN, \u0130ZENERJ\u0130 ve Ege\u015fehir \u015firketlerinde g\u00f6rev yapan yakla\u015f\u0131k 23 bin \u00e7al\u0131\u015fan\u0131n 29 May\u0131s itibar\u0131yla ba\u015flatt\u0131\u011f\u0131 grev, \u015fehrimizde sosyal ya\u015fam\u0131n ve ekonomik i\u015fleyi\u015fin \u00e7e\u015fitli boyutlarda sekteye u\u011framas\u0131na yol a\u00e7m\u0131\u015f, bu s\u00fcrece dair g\u00f6zlemlerimizi ve yakla\u015f\u0131m\u0131m\u0131z\u0131 kamuoyuyla payla\u015fma zarureti do\u011fmu\u015ftur.<br \/>\nM\u00dcS\u0130AD \u0130zmir Ba\u015fkan\u0131 G\u00f6khan Temur &#8221;G\u00fcnlerdir devam eden grev nedeniyle \u015fehir genelinde temizlik, ula\u015f\u0131m, lojistik ve sosyal hizmet alanlar\u0131nda ya\u015fanan ciddi aksamalar; sanayi b\u00f6lgelerinden k\u00fc\u00e7\u00fck esnafa kadar geni\u015f bir kesimi olumsuz etkilemektedir.<br \/>\n\u0130zmir\u2019in i\u015f d\u00fcnyas\u0131 a\u00e7\u0131s\u0131ndan ta\u015f\u0131d\u0131\u011f\u0131 stratejik \u00f6neme ra\u011fmen, hizmet altyap\u0131s\u0131n\u0131n zay\u0131flamas\u0131 hem g\u00fcnl\u00fck operasyonlar\u0131 sekteye u\u011fratmakta hem de \u00fcretim planlar\u0131n\u0131 bozmakta; baz\u0131 sekt\u00f6rlerde ise do\u011frudan mali kay\u0131plara yol a\u00e7maktad\u0131r.<br \/>\n\u00d6zellikle lojistik ve tedarik zincirinde ya\u015fanan gecikmeler, rekabet g\u00fcc\u00fcm\u00fcz\u00fc zay\u0131flatmaktad\u0131r.&#8221; dedi.<br \/>\n\u0130ST\u0130KRAR ORTAMI BOZULURSA, YATIRIMCI TEREDD\u00dcT EDER<br \/>\n\u0130zmir, hem yerli hem yabanc\u0131 yat\u0131r\u0131mc\u0131lar i\u00e7in b\u00fcy\u00fck potansiyele sahip bir \u015fehirdir. Ancak belediye hizmetlerinin aksad\u0131\u011f\u0131, sosyal hayat\u0131n dura\u011fanla\u015ft\u0131\u011f\u0131, grev ve benzeri krizlerin \u00e7\u00f6z\u00fclmeden uzad\u0131\u011f\u0131 bir ortam, yat\u0131r\u0131m\u0131 do\u011frudan etkilemektedir.<br \/>\nYa\u015fanan grev yaln\u0131zca mevcut \u00fcretim s\u00fcre\u00e7lerini de\u011fil, gelecekteki yat\u0131r\u0131m kararlar\u0131n\u0131 da olumsuz etkileme riski ta\u015f\u0131maktad\u0131r.<br \/>\nTOPLUMSAL DENGEN\u0130N DE KORUNMASI GEREKL\u0130D\u0130R<br \/>\nM\u00dcS\u0130AD Ba\u015fkan\u0131 G\u00f6khan Temur &#8221;Hak aray\u0131\u015f\u0131 toplumun tamam\u0131na ma\u011fduriyet ya\u015fatmamal\u0131d\u0131r. \u015eehrin belediye hizmetlerinden mahrum kalmas\u0131, sosyal d\u00fczenin bozulmas\u0131 ve ekonominin zarar g\u00f6rmesi; yaln\u0131zca bug\u00fcn\u00fc de\u011fil, uzun vadede \u0130zmir\u2019in itibar\u0131n\u0131 ve geli\u015fim potansiyelini de tehdit eder niteliktedir.<br \/>\nBu ba\u011flamda, ba\u015fta \u0130zmir B\u00fcy\u00fck\u015fehir Belediyesi y\u00f6netimi ve ilgili sendikalar olmak \u00fczere t\u00fcm taraflara \u00e7a\u011fr\u0131m\u0131z, sorumluluk bilinci i\u00e7erisinde hareket edilerek m\u00fczakere kap\u0131lar\u0131n\u0131n a\u00e7\u0131k tutulmas\u0131d\u0131r. Anla\u015fmazl\u0131klar\u0131n \u00e7\u00f6z\u00fcm\u00fc i\u00e7in konunun \u00f6z\u00fcne ve ortak faydaya odaklanan bir yakla\u015f\u0131m benimsenmeli; ileti\u015fim ve uzla\u015f\u0131, ideolojik yakla\u015f\u0131mlar\u0131n ya da siyasi hesaplar\u0131n \u00f6n\u00fcnde tutulmal\u0131d\u0131r.&#8221;\u00a0<\/p>\n<p>\u200bHaberin Al\u0131nt\u0131land\u0131\u011f\u0131 Kaynak: www.iskenderun.org<\/p>","protected":false},"excerpt":{"rendered":"<p>M\u00fcstakil Sanayici ve \u0130\u015fadamlar\u0131 Derne\u011fi (M\u00dcS\u0130AD) \u0130zmir Ba\u015fkan\u0131 G\u00f6khan Temur, \u0130zmir\u2019de ba\u015flat\u0131lan grev ile ilgili bir bas\u0131n a\u00e7\u0131klamas\u0131 yaparak taraflar\u0131 sa\u011fduyuya davet etti.\u0130ZM\u0130R (\u0130GFA) &#8211; M\u00fcstakil Sanayici ve \u0130\u015fadamlar\u0131 Derne\u011fi (M\u00dcS\u0130AD) \u0130zmir Ba\u015fkan\u0131 G\u00f6khan Temur, \u0130zmir\u2019de ba\u015flat\u0131lan grev ile ilgili bir bas\u0131n a\u00e7\u0131klamas\u0131 yaparak taraflar\u0131 sa\u011fduyuya davet etti. \u0130zmir B\u00fcy\u00fck\u015fehir Belediyesi\u2019ne ba\u011fl\u0131 \u0130ZELMAN, \u0130ZENERJ\u0130 ve Ege\u015fehir \u015firketlerinde g\u00f6rev yapan yakla\u015f\u0131k 23 bin \u00e7al\u0131\u015fan\u0131n 29 May\u0131s itibar\u0131yla ba\u015flatt\u0131\u011f\u0131 grev, \u015fehrimizde sosyal ya\u015fam\u0131n ve ekonomik i\u015fleyi\u015fin \u00e7e\u015fitli boyutlarda sekteye u\u011framas\u0131na yol a\u00e7m\u0131\u015f, bu s\u00fcrece dair g\u00f6zlemlerimizi ve yakla\u015f\u0131m\u0131m\u0131z\u0131 kamuoyuyla payla\u015fma zarureti do\u011fmu\u015ftur. M\u00dcS\u0130AD \u0130zmir Ba\u015fkan\u0131 G\u00f6khan Temur &#8221;G\u00fcnlerdir devam eden grev nedeniyle \u015fehir genelinde temizlik, ula\u015f\u0131m, lojistik ve sosyal hizmet alanlar\u0131nda ya\u015fanan ciddi aksamalar; sanayi b\u00f6lgelerinden k\u00fc\u00e7\u00fck esnafa kadar geni\u015f bir kesimi olumsuz etkilemektedir. \u0130zmir\u2019in i\u015f d\u00fcnyas\u0131 a\u00e7\u0131s\u0131ndan ta\u015f\u0131d\u0131\u011f\u0131 stratejik \u00f6neme ra\u011fmen, hizmet altyap\u0131s\u0131n\u0131n zay\u0131flamas\u0131 hem g\u00fcnl\u00fck operasyonlar\u0131 sekteye u\u011fratmakta hem de \u00fcretim planlar\u0131n\u0131 bozmakta; baz\u0131 sekt\u00f6rlerde ise do\u011frudan mali kay\u0131plara yol a\u00e7maktad\u0131r. \u00d6zellikle lojistik ve tedarik zincirinde ya\u015fanan gecikmeler, rekabet g\u00fcc\u00fcm\u00fcz\u00fc zay\u0131flatmaktad\u0131r.&#8221; dedi. \u0130ST\u0130KRAR ORTAMI BOZULURSA, YATIRIMCI TEREDD\u00dcT EDER \u0130zmir, hem yerli hem yabanc\u0131 yat\u0131r\u0131mc\u0131lar i\u00e7in b\u00fcy\u00fck potansiyele sahip bir \u015fehirdir. Ancak belediye hizmetlerinin aksad\u0131\u011f\u0131, sosyal hayat\u0131n dura\u011fanla\u015ft\u0131\u011f\u0131, grev ve benzeri krizlerin \u00e7\u00f6z\u00fclmeden uzad\u0131\u011f\u0131 bir ortam, yat\u0131r\u0131m\u0131 do\u011frudan etkilemektedir. Ya\u015fanan grev &hellip;<\/p>","protected":false},"author":1,"featured_media":0,"comment_status":"","ping_status":"open","sticky":false,"template":"","format":"standard","meta":{"_acf_changed":false,"footnotes":""},"categories":[24],"tags":[],"class_list":["post-106405","post","type-post","status-publish","format-standard","has-post-thumbnail","hentry","category-gundem"],"acf":[],"yoast_head":"<!-- This site is optimized with the Yoast SEO Premium plugin v26.6 (Yoast SEO v27.1.1) - https:\/\/yoast.com\/product\/yoast-seo-premium-wordpress\/ -->\n<title>M\u00dcS\u0130AD \u0130zmir&#039;den greve sa\u011fduyu vurgusu - Av. Deniz Can K\u0131z\u0131l<\/title>\n<meta name=\"robots\" content=\"index, follow, max-snippet:-1, max-image-preview:large, max-video-preview:-1\" \/>\n<link rel=\"canonical\" href=\"http:\/\/denizcankizil.tr\/uk\/haberler\/gundem\/musiad-izmirden-greve-sagduyu-vurgusu\/\" \/>\n<meta property=\"og:locale\" content=\"uk_UA\" \/>\n<meta property=\"og:type\" content=\"article\" \/>\n<meta property=\"og:title\" content=\"M\u00dcS\u0130AD \u0130zmir&#039;den greve sa\u011fduyu vurgusu\" \/>\n<meta property=\"og:description\" content=\"M\u00fcstakil Sanayici ve \u0130\u015fadamlar\u0131 Derne\u011fi (M\u00dcS\u0130AD) \u0130zmir Ba\u015fkan\u0131 G\u00f6khan Temur, \u0130zmir\u2019de ba\u015flat\u0131lan grev ile ilgili bir bas\u0131n a\u00e7\u0131klamas\u0131 yaparak taraflar\u0131 sa\u011fduyuya davet etti.\u0130ZM\u0130R (\u0130GFA) &#8211; M\u00fcstakil Sanayici ve \u0130\u015fadamlar\u0131 Derne\u011fi (M\u00dcS\u0130AD) \u0130zmir Ba\u015fkan\u0131 G\u00f6khan Temur, \u0130zmir\u2019de ba\u015flat\u0131lan grev ile ilgili bir bas\u0131n a\u00e7\u0131klamas\u0131 yaparak taraflar\u0131 sa\u011fduyuya davet etti. \u0130zmir B\u00fcy\u00fck\u015fehir Belediyesi\u2019ne ba\u011fl\u0131 \u0130ZELMAN, \u0130ZENERJ\u0130 ve Ege\u015fehir \u015firketlerinde g\u00f6rev yapan yakla\u015f\u0131k 23 bin \u00e7al\u0131\u015fan\u0131n 29 May\u0131s itibar\u0131yla ba\u015flatt\u0131\u011f\u0131 grev, \u015fehrimizde sosyal ya\u015fam\u0131n ve ekonomik i\u015fleyi\u015fin \u00e7e\u015fitli boyutlarda sekteye u\u011framas\u0131na yol a\u00e7m\u0131\u015f, bu s\u00fcrece dair g\u00f6zlemlerimizi ve yakla\u015f\u0131m\u0131m\u0131z\u0131 kamuoyuyla payla\u015fma zarureti do\u011fmu\u015ftur. M\u00dcS\u0130AD \u0130zmir Ba\u015fkan\u0131 G\u00f6khan Temur &#8221;G\u00fcnlerdir devam eden grev nedeniyle \u015fehir genelinde temizlik, ula\u015f\u0131m, lojistik ve sosyal hizmet alanlar\u0131nda ya\u015fanan ciddi aksamalar; sanayi b\u00f6lgelerinden k\u00fc\u00e7\u00fck esnafa kadar geni\u015f bir kesimi olumsuz etkilemektedir. \u0130zmir\u2019in i\u015f d\u00fcnyas\u0131 a\u00e7\u0131s\u0131ndan ta\u015f\u0131d\u0131\u011f\u0131 stratejik \u00f6neme ra\u011fmen, hizmet altyap\u0131s\u0131n\u0131n zay\u0131flamas\u0131 hem g\u00fcnl\u00fck operasyonlar\u0131 sekteye u\u011fratmakta hem de \u00fcretim planlar\u0131n\u0131 bozmakta; baz\u0131 sekt\u00f6rlerde ise do\u011frudan mali kay\u0131plara yol a\u00e7maktad\u0131r. \u00d6zellikle lojistik ve tedarik zincirinde ya\u015fanan gecikmeler, rekabet g\u00fcc\u00fcm\u00fcz\u00fc zay\u0131flatmaktad\u0131r.&#8221; dedi. \u0130ST\u0130KRAR ORTAMI BOZULURSA, YATIRIMCI TEREDD\u00dcT EDER \u0130zmir, hem yerli hem yabanc\u0131 yat\u0131r\u0131mc\u0131lar i\u00e7in b\u00fcy\u00fck potansiyele sahip bir \u015fehirdir. Ancak belediye hizmetlerinin aksad\u0131\u011f\u0131, sosyal hayat\u0131n dura\u011fanla\u015ft\u0131\u011f\u0131, grev ve benzeri krizlerin \u00e7\u00f6z\u00fclmeden uzad\u0131\u011f\u0131 bir ortam, yat\u0131r\u0131m\u0131 do\u011frudan etkilemektedir. Ya\u015fanan grev &hellip;\" \/>\n<meta property=\"og:url\" content=\"http:\/\/denizcankizil.tr\/uk\/haberler\/gundem\/musiad-izmirden-greve-sagduyu-vurgusu\/\" \/>\n<meta property=\"og:site_name\" content=\"Av. Deniz Can K\u0131z\u0131l\" \/>\n<meta property=\"article:published_time\" content=\"2025-06-04T13:44:22+00:00\" \/>\n<meta name=\"author\" content=\"admin\" \/>\n<meta name=\"twitter:card\" content=\"summary_large_image\" \/>\n<meta name=\"twitter:label1\" content=\"\u041d\u0430\u043f\u0438\u0441\u0430\u043d\u043e\" \/>\n\t<meta name=\"twitter:data1\" content=\"admin\" \/>\n\t<meta name=\"twitter:label2\" content=\"\u041f\u0440\u0438\u0431\u043b. \u0447\u0430\u0441 \u0447\u0438\u0442\u0430\u043d\u043d\u044f\" \/>\n\t<meta name=\"twitter:data2\" content=\"5 \u0445\u0432\u0438\u043b\u0438\u043d\" \/>\n<script type=\"application\/ld+json\" class=\"yoast-schema-graph\">{\"@context\":\"https:\/\/schema.org\",\"@graph\":[{\"@type\":\"Article\",\"@id\":\"http:\/\/denizcankizil.tr\/en\/haberler\/gundem\/musiad-izmirden-greve-sagduyu-vurgusu\/#article\",\"isPartOf\":{\"@id\":\"http:\/\/denizcankizil.tr\/en\/haberler\/gundem\/musiad-izmirden-greve-sagduyu-vurgusu\/\"},\"author\":{\"name\":\"admin\",\"@id\":\"https:\/\/denizcankizil.tr\/de\/#\/schema\/person\/be3c05fe6a12686905512445d8185489\"},\"headline\":\"M\u00dcS\u0130AD \u0130zmir&#8217;den greve sa\u011fduyu vurgusu\",\"datePublished\":\"2025-06-04T13:44:22+00:00\",\"mainEntityOfPage\":{\"@id\":\"http:\/\/denizcankizil.tr\/en\/haberler\/gundem\/musiad-izmirden-greve-sagduyu-vurgusu\/\"},\"wordCount\":949,\"publisher\":{\"@id\":\"https:\/\/denizcankizil.tr\/de\/#organization\"},\"articleSection\":[\"G\u00fcndem\"],\"inLanguage\":\"uk\"},{\"@type\":\"WebPage\",\"@id\":\"http:\/\/denizcankizil.tr\/en\/haberler\/gundem\/musiad-izmirden-greve-sagduyu-vurgusu\/\",\"url\":\"http:\/\/denizcankizil.tr\/en\/haberler\/gundem\/musiad-izmirden-greve-sagduyu-vurgusu\/\",\"name\":\"M\u00dcS\u0130AD \u0130zmir'den greve sa\u011fduyu vurgusu - Av. Deniz Can K\u0131z\u0131l\",\"isPartOf\":{\"@id\":\"https:\/\/denizcankizil.tr\/de\/#website\"},\"datePublished\":\"2025-06-04T13:44:22+00:00\",\"breadcrumb\":{\"@id\":\"http:\/\/denizcankizil.tr\/en\/haberler\/gundem\/musiad-izmirden-greve-sagduyu-vurgusu\/#breadcrumb\"},\"inLanguage\":\"uk\",\"potentialAction\":[{\"@type\":\"ReadAction\",\"target\":[\"http:\/\/denizcankizil.tr\/en\/haberler\/gundem\/musiad-izmirden-greve-sagduyu-vurgusu\/\"]}]},{\"@type\":\"BreadcrumbList\",\"@id\":\"http:\/\/denizcankizil.tr\/en\/haberler\/gundem\/musiad-izmirden-greve-sagduyu-vurgusu\/#breadcrumb\",\"itemListElement\":[{\"@type\":\"ListItem\",\"position\":1,\"name\":\"Home\",\"item\":\"https:\/\/denizcankizil.tr\/de\/\"},{\"@type\":\"ListItem\",\"position\":2,\"name\":\"M\u00dcS\u0130AD \u0130zmir&#8217;den greve sa\u011fduyu vurgusu\"}]},{\"@type\":\"WebSite\",\"@id\":\"https:\/\/denizcankizil.tr\/de\/#website\",\"url\":\"https:\/\/denizcankizil.tr\/de\/\",\"name\":\"Av. Deniz Can K\u0131z\u0131l\",\"description\":\"Avukat Deniz Can K\u0131z\u0131l Antalya Barosu\",\"publisher\":{\"@id\":\"https:\/\/denizcankizil.tr\/de\/#organization\"},\"potentialAction\":[{\"@type\":\"SearchAction\",\"target\":{\"@type\":\"EntryPoint\",\"urlTemplate\":\"https:\/\/denizcankizil.tr\/de\/?s={search_term_string}\"},\"query-input\":{\"@type\":\"PropertyValueSpecification\",\"valueRequired\":true,\"valueName\":\"search_term_string\"}}],\"inLanguage\":\"uk\"},{\"@type\":\"Organization\",\"@id\":\"https:\/\/denizcankizil.tr\/de\/#organization\",\"name\":\"Av. Deniz Can K\u0131z\u0131l\",\"url\":\"https:\/\/denizcankizil.tr\/de\/\",\"logo\":{\"@type\":\"ImageObject\",\"inLanguage\":\"uk\",\"@id\":\"https:\/\/denizcankizil.tr\/de\/#\/schema\/logo\/image\/\",\"url\":\"http:\/\/denizcankizil.tr\/wp-content\/uploads\/2024\/10\/siyah-logo-svg.svg\",\"contentUrl\":\"http:\/\/denizcankizil.tr\/wp-content\/uploads\/2024\/10\/siyah-logo-svg.svg\",\"width\":1080,\"height\":1080,\"caption\":\"Av. Deniz Can K\u0131z\u0131l\"},\"image\":{\"@id\":\"https:\/\/denizcankizil.tr\/de\/#\/schema\/logo\/image\/\"}},{\"@type\":\"Person\",\"@id\":\"https:\/\/denizcankizil.tr\/de\/#\/schema\/person\/be3c05fe6a12686905512445d8185489\",\"name\":\"admin\",\"image\":{\"@type\":\"ImageObject\",\"inLanguage\":\"uk\",\"@id\":\"https:\/\/denizcankizil.tr\/de\/#\/schema\/person\/image\/\",\"url\":\"https:\/\/secure.gravatar.com\/avatar\/c1fce94c830dc79107e174f890d7210541c4a63e8e5d816341794a2151c9d58c?s=96&d=mm&r=g\",\"contentUrl\":\"https:\/\/secure.gravatar.com\/avatar\/c1fce94c830dc79107e174f890d7210541c4a63e8e5d816341794a2151c9d58c?s=96&d=mm&r=g\",\"caption\":\"admin\"},\"sameAs\":[\"http:\/\/denizcankizil.tr\"],\"url\":\"https:\/\/www.iskenderun.org\/musiad-izmirden-greve-sagduyu-vurgusu\"}]}<\/script>\n<!-- \/ Yoast SEO Premium plugin. -->","yoast_head_json":{"title":"M\u00dcS\u0130AD \u0130zmir'den greve sa\u011fduyu vurgusu - Av. Deniz Can K\u0131z\u0131l","robots":{"index":"index","follow":"follow","max-snippet":"max-snippet:-1","max-image-preview":"max-image-preview:large","max-video-preview":"max-video-preview:-1"},"canonical":"http:\/\/denizcankizil.tr\/uk\/haberler\/gundem\/musiad-izmirden-greve-sagduyu-vurgusu\/","og_locale":"uk_UA","og_type":"article","og_title":"M\u00dcS\u0130AD \u0130zmir'den greve sa\u011fduyu vurgusu","og_description":"M\u00fcstakil Sanayici ve \u0130\u015fadamlar\u0131 Derne\u011fi (M\u00dcS\u0130AD) \u0130zmir Ba\u015fkan\u0131 G\u00f6khan Temur, \u0130zmir\u2019de ba\u015flat\u0131lan grev ile ilgili bir bas\u0131n a\u00e7\u0131klamas\u0131 yaparak taraflar\u0131 sa\u011fduyuya davet etti.\u0130ZM\u0130R (\u0130GFA) &#8211; M\u00fcstakil Sanayici ve \u0130\u015fadamlar\u0131 Derne\u011fi (M\u00dcS\u0130AD) \u0130zmir Ba\u015fkan\u0131 G\u00f6khan Temur, \u0130zmir\u2019de ba\u015flat\u0131lan grev ile ilgili bir bas\u0131n a\u00e7\u0131klamas\u0131 yaparak taraflar\u0131 sa\u011fduyuya davet etti. \u0130zmir B\u00fcy\u00fck\u015fehir Belediyesi\u2019ne ba\u011fl\u0131 \u0130ZELMAN, \u0130ZENERJ\u0130 ve Ege\u015fehir \u015firketlerinde g\u00f6rev yapan yakla\u015f\u0131k 23 bin \u00e7al\u0131\u015fan\u0131n 29 May\u0131s itibar\u0131yla ba\u015flatt\u0131\u011f\u0131 grev, \u015fehrimizde sosyal ya\u015fam\u0131n ve ekonomik i\u015fleyi\u015fin \u00e7e\u015fitli boyutlarda sekteye u\u011framas\u0131na yol a\u00e7m\u0131\u015f, bu s\u00fcrece dair g\u00f6zlemlerimizi ve yakla\u015f\u0131m\u0131m\u0131z\u0131 kamuoyuyla payla\u015fma zarureti do\u011fmu\u015ftur. M\u00dcS\u0130AD \u0130zmir Ba\u015fkan\u0131 G\u00f6khan Temur &#8221;G\u00fcnlerdir devam eden grev nedeniyle \u015fehir genelinde temizlik, ula\u015f\u0131m, lojistik ve sosyal hizmet alanlar\u0131nda ya\u015fanan ciddi aksamalar; sanayi b\u00f6lgelerinden k\u00fc\u00e7\u00fck esnafa kadar geni\u015f bir kesimi olumsuz etkilemektedir. \u0130zmir\u2019in i\u015f d\u00fcnyas\u0131 a\u00e7\u0131s\u0131ndan ta\u015f\u0131d\u0131\u011f\u0131 stratejik \u00f6neme ra\u011fmen, hizmet altyap\u0131s\u0131n\u0131n zay\u0131flamas\u0131 hem g\u00fcnl\u00fck operasyonlar\u0131 sekteye u\u011fratmakta hem de \u00fcretim planlar\u0131n\u0131 bozmakta; baz\u0131 sekt\u00f6rlerde ise do\u011frudan mali kay\u0131plara yol a\u00e7maktad\u0131r. \u00d6zellikle lojistik ve tedarik zincirinde ya\u015fanan gecikmeler, rekabet g\u00fcc\u00fcm\u00fcz\u00fc zay\u0131flatmaktad\u0131r.&#8221; dedi. \u0130ST\u0130KRAR ORTAMI BOZULURSA, YATIRIMCI TEREDD\u00dcT EDER \u0130zmir, hem yerli hem yabanc\u0131 yat\u0131r\u0131mc\u0131lar i\u00e7in b\u00fcy\u00fck potansiyele sahip bir \u015fehirdir. Ancak belediye hizmetlerinin aksad\u0131\u011f\u0131, sosyal hayat\u0131n dura\u011fanla\u015ft\u0131\u011f\u0131, grev ve benzeri krizlerin \u00e7\u00f6z\u00fclmeden uzad\u0131\u011f\u0131 bir ortam, yat\u0131r\u0131m\u0131 do\u011frudan etkilemektedir. Ya\u015fanan grev &hellip;","og_url":"http:\/\/denizcankizil.tr\/uk\/haberler\/gundem\/musiad-izmirden-greve-sagduyu-vurgusu\/","og_site_name":"Av. Deniz Can K\u0131z\u0131l","article_published_time":"2025-06-04T13:44:22+00:00","author":"admin","twitter_card":"summary_large_image","twitter_misc":{"\u041d\u0430\u043f\u0438\u0441\u0430\u043d\u043e":"admin","\u041f\u0440\u0438\u0431\u043b. \u0447\u0430\u0441 \u0447\u0438\u0442\u0430\u043d\u043d\u044f":"5 \u0445\u0432\u0438\u043b\u0438\u043d"},"schema":{"@context":"https:\/\/schema.org","@graph":[{"@type":"Article","@id":"http:\/\/denizcankizil.tr\/en\/haberler\/gundem\/musiad-izmirden-greve-sagduyu-vurgusu\/#article","isPartOf":{"@id":"http:\/\/denizcankizil.tr\/en\/haberler\/gundem\/musiad-izmirden-greve-sagduyu-vurgusu\/"},"author":{"name":"admin","@id":"https:\/\/denizcankizil.tr\/de\/#\/schema\/person\/be3c05fe6a12686905512445d8185489"},"headline":"M\u00dcS\u0130AD \u0130zmir&#8217;den greve sa\u011fduyu vurgusu","datePublished":"2025-06-04T13:44:22+00:00","mainEntityOfPage":{"@id":"http:\/\/denizcankizil.tr\/en\/haberler\/gundem\/musiad-izmirden-greve-sagduyu-vurgusu\/"},"wordCount":949,"publisher":{"@id":"https:\/\/denizcankizil.tr\/de\/#organization"},"articleSection":["G\u00fcndem"],"inLanguage":"uk"},{"@type":"WebPage","@id":"http:\/\/denizcankizil.tr\/en\/haberler\/gundem\/musiad-izmirden-greve-sagduyu-vurgusu\/","url":"http:\/\/denizcankizil.tr\/en\/haberler\/gundem\/musiad-izmirden-greve-sagduyu-vurgusu\/","name":"M\u00dcS\u0130AD \u0130zmir'den greve sa\u011fduyu vurgusu - Av. Deniz Can K\u0131z\u0131l","isPartOf":{"@id":"https:\/\/denizcankizil.tr\/de\/#website"},"datePublished":"2025-06-04T13:44:22+00:00","breadcrumb":{"@id":"http:\/\/denizcankizil.tr\/en\/haberler\/gundem\/musiad-izmirden-greve-sagduyu-vurgusu\/#breadcrumb"},"inLanguage":"uk","potentialAction":[{"@type":"ReadAction","target":["http:\/\/denizcankizil.tr\/en\/haberler\/gundem\/musiad-izmirden-greve-sagduyu-vurgusu\/"]}]},{"@type":"BreadcrumbList","@id":"http:\/\/denizcankizil.tr\/en\/haberler\/gundem\/musiad-izmirden-greve-sagduyu-vurgusu\/#breadcrumb","itemListElement":[{"@type":"ListItem","position":1,"name":"Home","item":"https:\/\/denizcankizil.tr\/de\/"},{"@type":"ListItem","position":2,"name":"M\u00dcS\u0130AD \u0130zmir&#8217;den greve sa\u011fduyu vurgusu"}]},{"@type":"WebSite","@id":"https:\/\/denizcankizil.tr\/de\/#website","url":"https:\/\/denizcankizil.tr\/de\/","name":"Av. Deniz Can K\u0131z\u0131l","description":"Avukat Deniz Can K\u0131z\u0131l Antalya Barosu","publisher":{"@id":"https:\/\/denizcankizil.tr\/de\/#organization"},"potentialAction":[{"@type":"SearchAction","target":{"@type":"EntryPoint","urlTemplate":"https:\/\/denizcankizil.tr\/de\/?s={search_term_string}"},"query-input":{"@type":"PropertyValueSpecification","valueRequired":true,"valueName":"search_term_string"}}],"inLanguage":"uk"},{"@type":"Organization","@id":"https:\/\/denizcankizil.tr\/de\/#organization","name":"Av. Deniz Can K\u0131z\u0131l","url":"https:\/\/denizcankizil.tr\/de\/","logo":{"@type":"ImageObject","inLanguage":"uk","@id":"https:\/\/denizcankizil.tr\/de\/#\/schema\/logo\/image\/","url":"http:\/\/denizcankizil.tr\/wp-content\/uploads\/2024\/10\/siyah-logo-svg.svg","contentUrl":"http:\/\/denizcankizil.tr\/wp-content\/uploads\/2024\/10\/siyah-logo-svg.svg","width":1080,"height":1080,"caption":"Av. Deniz Can K\u0131z\u0131l"},"image":{"@id":"https:\/\/denizcankizil.tr\/de\/#\/schema\/logo\/image\/"}},{"@type":"Person","@id":"https:\/\/denizcankizil.tr\/de\/#\/schema\/person\/be3c05fe6a12686905512445d8185489","name":"\u0430\u0434\u043c\u0456\u043d","image":{"@type":"ImageObject","inLanguage":"uk","@id":"https:\/\/denizcankizil.tr\/de\/#\/schema\/person\/image\/","url":"https:\/\/secure.gravatar.com\/avatar\/c1fce94c830dc79107e174f890d7210541c4a63e8e5d816341794a2151c9d58c?s=96&d=mm&r=g","contentUrl":"https:\/\/secure.gravatar.com\/avatar\/c1fce94c830dc79107e174f890d7210541c4a63e8e5d816341794a2151c9d58c?s=96&d=mm&r=g","caption":"admin"},"sameAs":["http:\/\/denizcankizil.tr"],"url":"https:\/\/www.iskenderun.org\/musiad-izmirden-greve-sagduyu-vurgusu"}]}},"_links":{"self":[{"href":"http:\/\/denizcankizil.tr\/uk\/wp-json\/wp\/v2\/posts\/106405","targetHints":{"allow":["GET"]}}],"collection":[{"href":"http:\/\/denizcankizil.tr\/uk\/wp-json\/wp\/v2\/posts"}],"about":[{"href":"http:\/\/denizcankizil.tr\/uk\/wp-json\/wp\/v2\/types\/post"}],"author":[{"embeddable":true,"href":"http:\/\/denizcankizil.tr\/uk\/wp-json\/wp\/v2\/users\/1"}],"replies":[{"embeddable":true,"href":"http:\/\/denizcankizil.tr\/uk\/wp-json\/wp\/v2\/comments?post=106405"}],"version-history":[{"count":0,"href":"http:\/\/denizcankizil.tr\/uk\/wp-json\/wp\/v2\/posts\/106405\/revisions"}],"wp:attachment":[{"href":"http:\/\/denizcankizil.tr\/uk\/wp-json\/wp\/v2\/media?parent=106405"}],"wp:term":[{"taxonomy":"category","embeddable":true,"href":"http:\/\/denizcankizil.tr\/uk\/wp-json\/wp\/v2\/categories?post=106405"},{"taxonomy":"post_tag","embeddable":true,"href":"http:\/\/denizcankizil.tr\/uk\/wp-json\/wp\/v2\/tags?post=106405"}],"curies":[{"name":"wp","href":"https:\/\/api.w.org\/{rel}","templated":true}]}}