{"id":10603,"date":"2024-10-31T09:42:11","date_gmt":"2024-10-31T06:42:11","guid":{"rendered":"https:\/\/denizcankizil.tr\/uncategorized-tr\/kandira-belediyesi-cenaze-hizmetleri-binasi-hizmete-girdi\/"},"modified":"2024-10-31T09:42:11","modified_gmt":"2024-10-31T06:42:11","slug":"kandira-belediyesi-cenaze-hizmetleri-binasi-hizmete-girdi","status":"publish","type":"post","link":"http:\/\/denizcankizil.tr\/uk\/haberler\/gundem\/kandira-belediyesi-cenaze-hizmetleri-binasi-hizmete-girdi\/","title":{"rendered":"Kand\u0131ra Belediyesi Cenaze Hizmetleri Binas\u0131 Hizmete Girdi"},"content":{"rendered":"<p>Kand\u0131ra Belediyesi taraf\u0131ndan il\u00e7e mezarl\u0131\u011f\u0131 yan\u0131na in\u015fa edilen tam donan\u0131ml\u0131 Gasilhane ve Morg binas\u0131 hizmete girdi.<\/p>\n<p>\u200bKand\u0131ra Belediyesi taraf\u0131ndan il\u00e7e mezarl\u0131\u011f\u0131 yan\u0131na in\u015fa edilen tam donan\u0131ml\u0131 Gasilhane ve Morg binas\u0131 hizmete girdi.\u00a0<\/p>\n<p>\u200bHaberin Al\u0131nt\u0131land\u0131\u011f\u0131 Kaynak: www.iskenderun.org<\/p>","protected":false},"excerpt":{"rendered":"<p>Kand\u0131ra Belediyesi taraf\u0131ndan il\u00e7e mezarl\u0131\u011f\u0131 yan\u0131na in\u015fa edilen tam donan\u0131ml\u0131 Gasilhane ve Morg binas\u0131 hizmete girdi. \u200bKand\u0131ra Belediyesi taraf\u0131ndan il\u00e7e mezarl\u0131\u011f\u0131 yan\u0131na in\u015fa edilen tam donan\u0131ml\u0131 Gasilhane ve Morg binas\u0131 hizmete girdi.\u00a0 \u200bHaberin Al\u0131nt\u0131land\u0131\u011f\u0131 Kaynak: www.iskenderun.org<\/p>","protected":false},"author":0,"featured_media":0,"comment_status":"open","ping_status":"open","sticky":false,"template":"","format":"standard","meta":{"_acf_changed":false,"footnotes":""},"categories":[24,535],"tags":[],"class_list":["post-10603","post","type-post","status-publish","format-standard","has-post-thumbnail","hentry","category-gundem","category-uncategorized-tr"],"acf":[],"yoast_head":"<!-- This site is optimized with the Yoast SEO Premium plugin v26.6 (Yoast SEO v27.1.1) - https:\/\/yoast.com\/product\/yoast-seo-premium-wordpress\/ -->\n<title>Kand\u0131ra Belediyesi Cenaze Hizmetleri Binas\u0131 Hizmete Girdi - Av. Deniz Can K\u0131z\u0131l<\/title>\n<meta name=\"robots\" content=\"index, follow, max-snippet:-1, max-image-preview:large, max-video-preview:-1\" \/>\n<link rel=\"canonical\" href=\"http:\/\/denizcankizil.tr\/uk\/haberler\/gundem\/kandira-belediyesi-cenaze-hizmetleri-binasi-hizmete-girdi\/\" \/>\n<meta property=\"og:locale\" content=\"uk_UA\" \/>\n<meta property=\"og:type\" content=\"article\" \/>\n<meta property=\"og:title\" content=\"Kand\u0131ra Belediyesi Cenaze Hizmetleri Binas\u0131 Hizmete Girdi\" \/>\n<meta property=\"og:description\" content=\"Kand\u0131ra Belediyesi taraf\u0131ndan il\u00e7e mezarl\u0131\u011f\u0131 yan\u0131na in\u015fa edilen tam donan\u0131ml\u0131 Gasilhane ve Morg binas\u0131 hizmete girdi. \u200bKand\u0131ra Belediyesi taraf\u0131ndan il\u00e7e mezarl\u0131\u011f\u0131 yan\u0131na in\u015fa edilen tam donan\u0131ml\u0131 Gasilhane ve Morg binas\u0131 hizmete girdi.\u00a0 \u200bHaberin Al\u0131nt\u0131land\u0131\u011f\u0131 Kaynak: www.iskenderun.org\" \/>\n<meta property=\"og:url\" content=\"http:\/\/denizcankizil.tr\/uk\/haberler\/gundem\/kandira-belediyesi-cenaze-hizmetleri-binasi-hizmete-girdi\/\" \/>\n<meta property=\"og:site_name\" content=\"Av. Deniz Can K\u0131z\u0131l\" \/>\n<meta property=\"article:published_time\" content=\"2024-10-31T06:42:11+00:00\" \/>\n<meta name=\"twitter:card\" content=\"summary_large_image\" \/>\n<script type=\"application\/ld+json\" class=\"yoast-schema-graph\">{\"@context\":\"https:\/\/schema.org\",\"@graph\":[{\"@type\":\"Article\",\"@id\":\"http:\/\/denizcankizil.tr\/uk\/haberler\/gundem\/kandira-belediyesi-cenaze-hizmetleri-binasi-hizmete-girdi\/#article\",\"isPartOf\":{\"@id\":\"http:\/\/denizcankizil.tr\/uk\/haberler\/gundem\/kandira-belediyesi-cenaze-hizmetleri-binasi-hizmete-girdi\/\"},\"author\":{\"name\":\"\",\"@id\":\"\"},\"headline\":\"Kand\u0131ra Belediyesi Cenaze Hizmetleri Binas\u0131 Hizmete Girdi\",\"datePublished\":\"2024-10-31T06:42:11+00:00\",\"mainEntityOfPage\":{\"@id\":\"http:\/\/denizcankizil.tr\/uk\/haberler\/gundem\/kandira-belediyesi-cenaze-hizmetleri-binasi-hizmete-girdi\/\"},\"wordCount\":60,\"commentCount\":0,\"publisher\":{\"@id\":\"https:\/\/denizcankizil.tr\/#organization\"},\"articleSection\":[\"G\u00fcndem\",\"Uncategorized\"],\"inLanguage\":\"uk\",\"potentialAction\":[{\"@type\":\"CommentAction\",\"name\":\"Comment\",\"target\":[\"http:\/\/denizcankizil.tr\/uk\/haberler\/gundem\/kandira-belediyesi-cenaze-hizmetleri-binasi-hizmete-girdi\/#respond\"]}]},{\"@type\":\"WebPage\",\"@id\":\"http:\/\/denizcankizil.tr\/uk\/haberler\/gundem\/kandira-belediyesi-cenaze-hizmetleri-binasi-hizmete-girdi\/\",\"url\":\"http:\/\/denizcankizil.tr\/uk\/haberler\/gundem\/kandira-belediyesi-cenaze-hizmetleri-binasi-hizmete-girdi\/\",\"name\":\"Kand\u0131ra Belediyesi Cenaze Hizmetleri Binas\u0131 Hizmete Girdi - Av. Deniz Can K\u0131z\u0131l\",\"isPartOf\":{\"@id\":\"https:\/\/denizcankizil.tr\/#website\"},\"datePublished\":\"2024-10-31T06:42:11+00:00\",\"breadcrumb\":{\"@id\":\"http:\/\/denizcankizil.tr\/uk\/haberler\/gundem\/kandira-belediyesi-cenaze-hizmetleri-binasi-hizmete-girdi\/#breadcrumb\"},\"inLanguage\":\"uk\",\"potentialAction\":[{\"@type\":\"ReadAction\",\"target\":[\"http:\/\/denizcankizil.tr\/uk\/haberler\/gundem\/kandira-belediyesi-cenaze-hizmetleri-binasi-hizmete-girdi\/\"]}]},{\"@type\":\"BreadcrumbList\",\"@id\":\"http:\/\/denizcankizil.tr\/uk\/haberler\/gundem\/kandira-belediyesi-cenaze-hizmetleri-binasi-hizmete-girdi\/#breadcrumb\",\"itemListElement\":[{\"@type\":\"ListItem\",\"position\":1,\"name\":\"Home\",\"item\":\"https:\/\/denizcankizil.tr\/de\/\"},{\"@type\":\"ListItem\",\"position\":2,\"name\":\"Kand\u0131ra Belediyesi Cenaze Hizmetleri Binas\u0131 Hizmete Girdi\"}]},{\"@type\":\"WebSite\",\"@id\":\"https:\/\/denizcankizil.tr\/#website\",\"url\":\"https:\/\/denizcankizil.tr\/\",\"name\":\"Av. Deniz Can K\u0131z\u0131l\",\"description\":\"Avukat Deniz Can K\u0131z\u0131l Antalya Barosu\",\"publisher\":{\"@id\":\"https:\/\/denizcankizil.tr\/#organization\"},\"potentialAction\":[{\"@type\":\"SearchAction\",\"target\":{\"@type\":\"EntryPoint\",\"urlTemplate\":\"https:\/\/denizcankizil.tr\/?s={search_term_string}\"},\"query-input\":{\"@type\":\"PropertyValueSpecification\",\"valueRequired\":true,\"valueName\":\"search_term_string\"}}],\"inLanguage\":\"uk\"},{\"@type\":\"Organization\",\"@id\":\"https:\/\/denizcankizil.tr\/#organization\",\"name\":\"Av. Deniz Can K\u0131z\u0131l\",\"url\":\"https:\/\/denizcankizil.tr\/\",\"logo\":{\"@type\":\"ImageObject\",\"inLanguage\":\"uk\",\"@id\":\"https:\/\/denizcankizil.tr\/#\/schema\/logo\/image\/\",\"url\":\"http:\/\/denizcankizil.tr\/wp-content\/uploads\/2024\/10\/siyah-logo-svg.svg\",\"contentUrl\":\"http:\/\/denizcankizil.tr\/wp-content\/uploads\/2024\/10\/siyah-logo-svg.svg\",\"width\":1080,\"height\":1080,\"caption\":\"Av. Deniz Can K\u0131z\u0131l\"},\"image\":{\"@id\":\"https:\/\/denizcankizil.tr\/#\/schema\/logo\/image\/\"}}]}<\/script>\n<!-- \/ Yoast SEO Premium plugin. -->","yoast_head_json":{"title":"Kand\u0131ra Belediyesi Cenaze Hizmetleri Binas\u0131 Hizmete Girdi - Av. Deniz Can K\u0131z\u0131l","robots":{"index":"index","follow":"follow","max-snippet":"max-snippet:-1","max-image-preview":"max-image-preview:large","max-video-preview":"max-video-preview:-1"},"canonical":"http:\/\/denizcankizil.tr\/uk\/haberler\/gundem\/kandira-belediyesi-cenaze-hizmetleri-binasi-hizmete-girdi\/","og_locale":"uk_UA","og_type":"article","og_title":"Kand\u0131ra Belediyesi Cenaze Hizmetleri Binas\u0131 Hizmete Girdi","og_description":"Kand\u0131ra Belediyesi taraf\u0131ndan il\u00e7e mezarl\u0131\u011f\u0131 yan\u0131na in\u015fa edilen tam donan\u0131ml\u0131 Gasilhane ve Morg binas\u0131 hizmete girdi. \u200bKand\u0131ra Belediyesi taraf\u0131ndan il\u00e7e mezarl\u0131\u011f\u0131 yan\u0131na in\u015fa edilen tam donan\u0131ml\u0131 Gasilhane ve Morg binas\u0131 hizmete girdi.\u00a0 \u200bHaberin Al\u0131nt\u0131land\u0131\u011f\u0131 Kaynak: www.iskenderun.org","og_url":"http:\/\/denizcankizil.tr\/uk\/haberler\/gundem\/kandira-belediyesi-cenaze-hizmetleri-binasi-hizmete-girdi\/","og_site_name":"Av. Deniz Can K\u0131z\u0131l","article_published_time":"2024-10-31T06:42:11+00:00","twitter_card":"summary_large_image","schema":{"@context":"https:\/\/schema.org","@graph":[{"@type":"Article","@id":"http:\/\/denizcankizil.tr\/uk\/haberler\/gundem\/kandira-belediyesi-cenaze-hizmetleri-binasi-hizmete-girdi\/#article","isPartOf":{"@id":"http:\/\/denizcankizil.tr\/uk\/haberler\/gundem\/kandira-belediyesi-cenaze-hizmetleri-binasi-hizmete-girdi\/"},"author":{"name":"","@id":""},"headline":"Kand\u0131ra Belediyesi Cenaze Hizmetleri Binas\u0131 Hizmete Girdi","datePublished":"2024-10-31T06:42:11+00:00","mainEntityOfPage":{"@id":"http:\/\/denizcankizil.tr\/uk\/haberler\/gundem\/kandira-belediyesi-cenaze-hizmetleri-binasi-hizmete-girdi\/"},"wordCount":60,"commentCount":0,"publisher":{"@id":"https:\/\/denizcankizil.tr\/#organization"},"articleSection":["G\u00fcndem","Uncategorized"],"inLanguage":"uk","potentialAction":[{"@type":"CommentAction","name":"Comment","target":["http:\/\/denizcankizil.tr\/uk\/haberler\/gundem\/kandira-belediyesi-cenaze-hizmetleri-binasi-hizmete-girdi\/#respond"]}]},{"@type":"WebPage","@id":"http:\/\/denizcankizil.tr\/uk\/haberler\/gundem\/kandira-belediyesi-cenaze-hizmetleri-binasi-hizmete-girdi\/","url":"http:\/\/denizcankizil.tr\/uk\/haberler\/gundem\/kandira-belediyesi-cenaze-hizmetleri-binasi-hizmete-girdi\/","name":"Kand\u0131ra Belediyesi Cenaze Hizmetleri Binas\u0131 Hizmete Girdi - Av. Deniz Can K\u0131z\u0131l","isPartOf":{"@id":"https:\/\/denizcankizil.tr\/#website"},"datePublished":"2024-10-31T06:42:11+00:00","breadcrumb":{"@id":"http:\/\/denizcankizil.tr\/uk\/haberler\/gundem\/kandira-belediyesi-cenaze-hizmetleri-binasi-hizmete-girdi\/#breadcrumb"},"inLanguage":"uk","potentialAction":[{"@type":"ReadAction","target":["http:\/\/denizcankizil.tr\/uk\/haberler\/gundem\/kandira-belediyesi-cenaze-hizmetleri-binasi-hizmete-girdi\/"]}]},{"@type":"BreadcrumbList","@id":"http:\/\/denizcankizil.tr\/uk\/haberler\/gundem\/kandira-belediyesi-cenaze-hizmetleri-binasi-hizmete-girdi\/#breadcrumb","itemListElement":[{"@type":"ListItem","position":1,"name":"Home","item":"https:\/\/denizcankizil.tr\/de\/"},{"@type":"ListItem","position":2,"name":"Kand\u0131ra Belediyesi Cenaze Hizmetleri Binas\u0131 Hizmete Girdi"}]},{"@type":"WebSite","@id":"https:\/\/denizcankizil.tr\/#website","url":"https:\/\/denizcankizil.tr\/","name":"Av. Deniz Can K\u0131z\u0131l","description":"Avukat Deniz Can K\u0131z\u0131l Antalya Barosu","publisher":{"@id":"https:\/\/denizcankizil.tr\/#organization"},"potentialAction":[{"@type":"SearchAction","target":{"@type":"EntryPoint","urlTemplate":"https:\/\/denizcankizil.tr\/?s={search_term_string}"},"query-input":{"@type":"PropertyValueSpecification","valueRequired":true,"valueName":"search_term_string"}}],"inLanguage":"uk"},{"@type":"Organization","@id":"https:\/\/denizcankizil.tr\/#organization","name":"Av. Deniz Can K\u0131z\u0131l","url":"https:\/\/denizcankizil.tr\/","logo":{"@type":"ImageObject","inLanguage":"uk","@id":"https:\/\/denizcankizil.tr\/#\/schema\/logo\/image\/","url":"http:\/\/denizcankizil.tr\/wp-content\/uploads\/2024\/10\/siyah-logo-svg.svg","contentUrl":"http:\/\/denizcankizil.tr\/wp-content\/uploads\/2024\/10\/siyah-logo-svg.svg","width":1080,"height":1080,"caption":"Av. Deniz Can K\u0131z\u0131l"},"image":{"@id":"https:\/\/denizcankizil.tr\/#\/schema\/logo\/image\/"}}]}},"_links":{"self":[{"href":"http:\/\/denizcankizil.tr\/uk\/wp-json\/wp\/v2\/posts\/10603","targetHints":{"allow":["GET"]}}],"collection":[{"href":"http:\/\/denizcankizil.tr\/uk\/wp-json\/wp\/v2\/posts"}],"about":[{"href":"http:\/\/denizcankizil.tr\/uk\/wp-json\/wp\/v2\/types\/post"}],"replies":[{"embeddable":true,"href":"http:\/\/denizcankizil.tr\/uk\/wp-json\/wp\/v2\/comments?post=10603"}],"version-history":[{"count":0,"href":"http:\/\/denizcankizil.tr\/uk\/wp-json\/wp\/v2\/posts\/10603\/revisions"}],"wp:attachment":[{"href":"http:\/\/denizcankizil.tr\/uk\/wp-json\/wp\/v2\/media?parent=10603"}],"wp:term":[{"taxonomy":"category","embeddable":true,"href":"http:\/\/denizcankizil.tr\/uk\/wp-json\/wp\/v2\/categories?post=10603"},{"taxonomy":"post_tag","embeddable":true,"href":"http:\/\/denizcankizil.tr\/uk\/wp-json\/wp\/v2\/tags?post=10603"}],"curies":[{"name":"wp","href":"https:\/\/api.w.org\/{rel}","templated":true}]}}