{"id":104360,"date":"2025-06-02T18:41:15","date_gmt":"2025-06-02T15:41:15","guid":{"rendered":"https:\/\/denizcankizil.tr\/uncategorized-tr\/bayramda-muglada-genis-guvenlik-cemberi-5-bin-147-personel-gorevde\/"},"modified":"2025-06-02T18:41:15","modified_gmt":"2025-06-02T15:41:15","slug":"bayramda-muglada-genis-guvenlik-cemberi-5-bin-147-personel-gorevde","status":"publish","type":"post","link":"http:\/\/denizcankizil.tr\/uk\/haberler\/gundem\/bayramda-muglada-genis-guvenlik-cemberi-5-bin-147-personel-gorevde\/","title":{"rendered":"Bayramda Mu\u011fla&#8217;da geni\u015f g\u00fcvenlik \u00e7emberi: 5 bin 147 personel g\u00f6revde"},"content":{"rendered":"<p>Mu\u011fla\u2019ya Kurban Bayram\u0131 tatilinde \u00e7ok say\u0131da ziyaret\u00e7i gelmesi beklendi\u011finden vatanda\u015flar\u0131n bayram\u0131 ve tatillerini huzur ve g\u00fcven i\u00e7inde ge\u00e7irmeleri i\u00e7in Mu\u011fla Valili\u011fi koordinesinde \u00e7e\u015fitli tedbirler al\u0131nd\u0131. Vatanda\u015flar\u0131n huzur ve g\u00fcven ortam\u0131nda mutlu bir bayram ge\u00e7irmeleri konusunda sa\u011fl\u0131k ve g\u00fcvenlik tedbirleri ba\u015fta olmak \u00fczere, ula\u015ft\u0131rma, haberle\u015fme, enerji ve di\u011fer t\u00fcm kamu hizmetleri ile ilgili \u00f6nceden al\u0131nan tedbirler, bayram \u00f6ncesi, bayram s\u00fcresi ve sonras\u0131 i\u00e7in yeniden g\u00f6zden ge\u00e7irildi.<\/p>\n<p>5 B\u0130N 147 PERSONEL SAHADA OLACAK <\/p>\n<p>Bayram tatili boyunca Mu\u011fla genelinde, \u0130l Emniyet M\u00fcd\u00fcrl\u00fc\u011f\u00fc taraf\u0131ndan 2 bin 380, \u0130l Jandarma Komutanl\u0131\u011f\u0131 taraf\u0131ndan 2 bin 568, Sahil G\u00fcvenlik Komutanl\u0131\u011f\u0131 taraf\u0131ndan 199 olmak \u00fczere toplam 5 bin 147 personel g\u00f6revlendirildi.<\/p>\n<p>EK\u0130PLER YAYA DEVR\u0130YES\u0130 ATACAK <\/p>\n<p>Kurban Bayram\u0131 \u00f6ncesi ve bayram tatili s\u00fcresince Valilik koordinesinde kolluk birimleri taraf\u0131ndan vatanda\u015flar\u0131n huzur ve g\u00fcven i\u00e7erisinde bayram ziyaretlerini ve bayram al\u0131\u015fveri\u015flerini yapmalar\u0131n\u0131 sa\u011flamak i\u00e7in AVM, e\u011flence yerleri, \u00e7ocuk oyun alanlar\u0131, banka ATM\u2019leri gibi yerlerde resmi ve sivil motorize ekiplerle birlikte yaya devriye g\u00f6revi yapmak \u00fczere ekipler g\u00f6revlendirildi.<\/p>\n<p>\u00d6zellikle trafi\u011fin yo\u011fun oldu\u011fu devlet karayolu g\u00fczerg\u00e2hlar\u0131nda, yol kontrol arama noktalar\u0131nda sa\u011fl\u0131kl\u0131 ve g\u00fcvenli bir trafik ak\u0131\u015f\u0131 sa\u011flanmas\u0131 i\u00e7in ekip ve g\u00f6revli say\u0131lar\u0131 artt\u0131r\u0131ld\u0131. Bu kapsamda 85 uygulama noktas\u0131nda 1597 personel g\u00f6rev yapacak.<\/p>\n<p>KAZA R\u0130SK\u0130N\u0130 D\u00dc\u015e\u00dcRMEK \u0130\u00c7\u0130N HAVA DESTE\u011e\u0130 SA\u011eLANACAK <\/p>\n<p>\u015eehir i\u00e7i ve \u015fehirleraras\u0131 yollarda, trafik yo\u011funlu\u011funun ve kaza riskinin artt\u0131\u011f\u0131 yol g\u00fczerg\u00e2hlar\u0131nda trafik ihlallerinin \u00f6nlenmesi amac\u0131yla helikopter ve drone gibi hava ta\u015f\u0131tlar\u0131n\u0131n trafik denetimlerinde etkin olarak kullan\u0131lmas\u0131, ayr\u0131ca bayram \u00f6ncesi ve sonras\u0131nda h\u0131z ve fazla y\u00fck kontrolleri, ara\u00e7lar\u0131n kullan\u0131m s\u00fcreleriyle ilgili kontrollerin artt\u0131r\u0131lmas\u0131 konusunda planlamalar yap\u0131ld\u0131. G\u00fcvenli bir trafik ak\u0131\u015f\u0131 i\u00e7in Mu\u011fla genelinde \u0130l Jandarma Komutanl\u0131\u011f\u0131 taraf\u0131ndan 67 ekip, 175 personel; \u0130l Emniyet M\u00fcd\u00fcrl\u00fc\u011f\u00fc taraf\u0131ndan 69 ekip, 261 personel g\u00f6revlendirildi.<\/p>\n<p>\u200bMu\u011fla Valili\u011fi koordinesinde bayram tatili s\u00fcresince g\u00fcvenlik, sa\u011fl\u0131k ve trafik hizmetleri i\u00e7in toplam 5 bin 147 personel g\u00f6revlendirildi. 85 noktada uygulama yap\u0131lacak, hava destekli denetimler art\u0131r\u0131lacak.\u00a0<\/p>\n<p>\u200bHaberin Al\u0131nt\u0131land\u0131\u011f\u0131 Kaynak: www.antalyakorfez.com<\/p>","protected":false},"excerpt":{"rendered":"<p>Mu\u011fla\u2019ya Kurban Bayram\u0131 tatilinde \u00e7ok say\u0131da ziyaret\u00e7i gelmesi beklendi\u011finden vatanda\u015flar\u0131n bayram\u0131 ve tatillerini huzur ve g\u00fcven i\u00e7inde ge\u00e7irmeleri i\u00e7in Mu\u011fla Valili\u011fi koordinesinde \u00e7e\u015fitli tedbirler al\u0131nd\u0131. Vatanda\u015flar\u0131n huzur ve g\u00fcven ortam\u0131nda mutlu bir bayram ge\u00e7irmeleri konusunda sa\u011fl\u0131k ve g\u00fcvenlik tedbirleri ba\u015fta olmak \u00fczere, ula\u015ft\u0131rma, haberle\u015fme, enerji ve di\u011fer t\u00fcm kamu hizmetleri ile ilgili \u00f6nceden al\u0131nan tedbirler, bayram \u00f6ncesi, bayram s\u00fcresi ve sonras\u0131 i\u00e7in yeniden g\u00f6zden ge\u00e7irildi. 5 B\u0130N 147 PERSONEL SAHADA OLACAK Bayram tatili boyunca Mu\u011fla genelinde, \u0130l Emniyet M\u00fcd\u00fcrl\u00fc\u011f\u00fc taraf\u0131ndan 2 bin 380, \u0130l Jandarma Komutanl\u0131\u011f\u0131 taraf\u0131ndan 2 bin 568, Sahil G\u00fcvenlik Komutanl\u0131\u011f\u0131 taraf\u0131ndan 199 olmak \u00fczere toplam 5 bin 147 personel g\u00f6revlendirildi. EK\u0130PLER YAYA DEVR\u0130YES\u0130 ATACAK Kurban Bayram\u0131 \u00f6ncesi ve bayram tatili s\u00fcresince Valilik koordinesinde kolluk birimleri taraf\u0131ndan vatanda\u015flar\u0131n huzur ve g\u00fcven i\u00e7erisinde bayram ziyaretlerini ve bayram al\u0131\u015fveri\u015flerini yapmalar\u0131n\u0131 sa\u011flamak i\u00e7in AVM, e\u011flence yerleri, \u00e7ocuk oyun alanlar\u0131, banka ATM\u2019leri gibi yerlerde resmi ve sivil motorize ekiplerle birlikte yaya devriye g\u00f6revi yapmak \u00fczere ekipler g\u00f6revlendirildi. \u00d6zellikle trafi\u011fin yo\u011fun oldu\u011fu devlet karayolu g\u00fczerg\u00e2hlar\u0131nda, yol kontrol arama noktalar\u0131nda sa\u011fl\u0131kl\u0131 ve g\u00fcvenli bir trafik ak\u0131\u015f\u0131 sa\u011flanmas\u0131 i\u00e7in ekip ve g\u00f6revli say\u0131lar\u0131 artt\u0131r\u0131ld\u0131. Bu kapsamda 85 uygulama noktas\u0131nda 1597 personel g\u00f6rev yapacak. KAZA R\u0130SK\u0130N\u0130 D\u00dc\u015e\u00dcRMEK \u0130\u00c7\u0130N HAVA DESTE\u011e\u0130 SA\u011eLANACAK \u015eehir i\u00e7i ve \u015fehirleraras\u0131 yollarda, &hellip;<\/p>","protected":false},"author":5,"featured_media":0,"comment_status":"","ping_status":"open","sticky":false,"template":"","format":"standard","meta":{"_acf_changed":false,"footnotes":""},"categories":[24],"tags":[],"class_list":["post-104360","post","type-post","status-publish","format-standard","has-post-thumbnail","hentry","category-gundem"],"acf":[],"yoast_head":"<!-- This site is optimized with the Yoast SEO Premium plugin v26.6 (Yoast SEO v27.1.1) - https:\/\/yoast.com\/product\/yoast-seo-premium-wordpress\/ -->\n<title>Bayramda Mu\u011fla&#039;da geni\u015f g\u00fcvenlik \u00e7emberi: 5 bin 147 personel g\u00f6revde - Av. Deniz Can K\u0131z\u0131l<\/title>\n<meta name=\"robots\" content=\"index, follow, max-snippet:-1, max-image-preview:large, max-video-preview:-1\" \/>\n<link rel=\"canonical\" href=\"https:\/\/denizcankizil.tr\/uk\/haberler\/gundem\/bayramda-muglada-genis-guvenlik-cemberi-5-bin-147-personel-gorevde\/\" \/>\n<meta property=\"og:locale\" content=\"uk_UA\" \/>\n<meta property=\"og:type\" content=\"article\" \/>\n<meta property=\"og:title\" content=\"Bayramda Mu\u011fla&#039;da geni\u015f g\u00fcvenlik \u00e7emberi: 5 bin 147 personel g\u00f6revde\" \/>\n<meta property=\"og:description\" content=\"Mu\u011fla\u2019ya Kurban Bayram\u0131 tatilinde \u00e7ok say\u0131da ziyaret\u00e7i gelmesi beklendi\u011finden vatanda\u015flar\u0131n bayram\u0131 ve tatillerini huzur ve g\u00fcven i\u00e7inde ge\u00e7irmeleri i\u00e7in Mu\u011fla Valili\u011fi koordinesinde \u00e7e\u015fitli tedbirler al\u0131nd\u0131. Vatanda\u015flar\u0131n huzur ve g\u00fcven ortam\u0131nda mutlu bir bayram ge\u00e7irmeleri konusunda sa\u011fl\u0131k ve g\u00fcvenlik tedbirleri ba\u015fta olmak \u00fczere, ula\u015ft\u0131rma, haberle\u015fme, enerji ve di\u011fer t\u00fcm kamu hizmetleri ile ilgili \u00f6nceden al\u0131nan tedbirler, bayram \u00f6ncesi, bayram s\u00fcresi ve sonras\u0131 i\u00e7in yeniden g\u00f6zden ge\u00e7irildi. 5 B\u0130N 147 PERSONEL SAHADA OLACAK Bayram tatili boyunca Mu\u011fla genelinde, \u0130l Emniyet M\u00fcd\u00fcrl\u00fc\u011f\u00fc taraf\u0131ndan 2 bin 380, \u0130l Jandarma Komutanl\u0131\u011f\u0131 taraf\u0131ndan 2 bin 568, Sahil G\u00fcvenlik Komutanl\u0131\u011f\u0131 taraf\u0131ndan 199 olmak \u00fczere toplam 5 bin 147 personel g\u00f6revlendirildi. EK\u0130PLER YAYA DEVR\u0130YES\u0130 ATACAK Kurban Bayram\u0131 \u00f6ncesi ve bayram tatili s\u00fcresince Valilik koordinesinde kolluk birimleri taraf\u0131ndan vatanda\u015flar\u0131n huzur ve g\u00fcven i\u00e7erisinde bayram ziyaretlerini ve bayram al\u0131\u015fveri\u015flerini yapmalar\u0131n\u0131 sa\u011flamak i\u00e7in AVM, e\u011flence yerleri, \u00e7ocuk oyun alanlar\u0131, banka ATM\u2019leri gibi yerlerde resmi ve sivil motorize ekiplerle birlikte yaya devriye g\u00f6revi yapmak \u00fczere ekipler g\u00f6revlendirildi. \u00d6zellikle trafi\u011fin yo\u011fun oldu\u011fu devlet karayolu g\u00fczerg\u00e2hlar\u0131nda, yol kontrol arama noktalar\u0131nda sa\u011fl\u0131kl\u0131 ve g\u00fcvenli bir trafik ak\u0131\u015f\u0131 sa\u011flanmas\u0131 i\u00e7in ekip ve g\u00f6revli say\u0131lar\u0131 artt\u0131r\u0131ld\u0131. Bu kapsamda 85 uygulama noktas\u0131nda 1597 personel g\u00f6rev yapacak. KAZA R\u0130SK\u0130N\u0130 D\u00dc\u015e\u00dcRMEK \u0130\u00c7\u0130N HAVA DESTE\u011e\u0130 SA\u011eLANACAK \u015eehir i\u00e7i ve \u015fehirleraras\u0131 yollarda, &hellip;\" \/>\n<meta property=\"og:url\" content=\"https:\/\/denizcankizil.tr\/uk\/haberler\/gundem\/bayramda-muglada-genis-guvenlik-cemberi-5-bin-147-personel-gorevde\/\" \/>\n<meta property=\"og:site_name\" content=\"Av. Deniz Can K\u0131z\u0131l\" \/>\n<meta property=\"article:published_time\" content=\"2025-06-02T15:41:15+00:00\" \/>\n<meta name=\"author\" content=\"Antalya K\u00f6rfez\" \/>\n<meta name=\"twitter:card\" content=\"summary_large_image\" \/>\n<meta name=\"twitter:label1\" content=\"\u041d\u0430\u043f\u0438\u0441\u0430\u043d\u043e\" \/>\n\t<meta name=\"twitter:data1\" content=\"Antalya K\u00f6rfez\" \/>\n\t<meta name=\"twitter:label2\" content=\"\u041f\u0440\u0438\u0431\u043b. \u0447\u0430\u0441 \u0447\u0438\u0442\u0430\u043d\u043d\u044f\" \/>\n\t<meta name=\"twitter:data2\" content=\"2 \u0445\u0432\u0438\u043b\u0438\u043d\u0438\" \/>\n<script type=\"application\/ld+json\" class=\"yoast-schema-graph\">{\"@context\":\"https:\/\/schema.org\",\"@graph\":[{\"@type\":\"Article\",\"@id\":\"https:\/\/denizcankizil.tr\/de\/haberler\/gundem\/bayramda-muglada-genis-guvenlik-cemberi-5-bin-147-personel-gorevde\/#article\",\"isPartOf\":{\"@id\":\"https:\/\/denizcankizil.tr\/de\/haberler\/gundem\/bayramda-muglada-genis-guvenlik-cemberi-5-bin-147-personel-gorevde\/\"},\"author\":{\"name\":\"Antalya K\u00f6rfez\",\"@id\":\"https:\/\/denizcankizil.tr\/de\/#\/schema\/person\/e1eb71bb4dd684d46563f0af307e1234\"},\"headline\":\"Bayramda Mu\u011fla&#8217;da geni\u015f g\u00fcvenlik \u00e7emberi: 5 bin 147 personel g\u00f6revde\",\"datePublished\":\"2025-06-02T15:41:15+00:00\",\"mainEntityOfPage\":{\"@id\":\"https:\/\/denizcankizil.tr\/de\/haberler\/gundem\/bayramda-muglada-genis-guvenlik-cemberi-5-bin-147-personel-gorevde\/\"},\"wordCount\":417,\"publisher\":{\"@id\":\"https:\/\/denizcankizil.tr\/de\/#organization\"},\"articleSection\":[\"G\u00fcndem\"],\"inLanguage\":\"uk\"},{\"@type\":\"WebPage\",\"@id\":\"https:\/\/denizcankizil.tr\/de\/haberler\/gundem\/bayramda-muglada-genis-guvenlik-cemberi-5-bin-147-personel-gorevde\/\",\"url\":\"https:\/\/denizcankizil.tr\/de\/haberler\/gundem\/bayramda-muglada-genis-guvenlik-cemberi-5-bin-147-personel-gorevde\/\",\"name\":\"Bayramda Mu\u011fla'da geni\u015f g\u00fcvenlik \u00e7emberi: 5 bin 147 personel g\u00f6revde - Av. Deniz Can K\u0131z\u0131l\",\"isPartOf\":{\"@id\":\"https:\/\/denizcankizil.tr\/de\/#website\"},\"datePublished\":\"2025-06-02T15:41:15+00:00\",\"breadcrumb\":{\"@id\":\"https:\/\/denizcankizil.tr\/de\/haberler\/gundem\/bayramda-muglada-genis-guvenlik-cemberi-5-bin-147-personel-gorevde\/#breadcrumb\"},\"inLanguage\":\"uk\",\"potentialAction\":[{\"@type\":\"ReadAction\",\"target\":[\"https:\/\/denizcankizil.tr\/de\/haberler\/gundem\/bayramda-muglada-genis-guvenlik-cemberi-5-bin-147-personel-gorevde\/\"]}]},{\"@type\":\"BreadcrumbList\",\"@id\":\"https:\/\/denizcankizil.tr\/de\/haberler\/gundem\/bayramda-muglada-genis-guvenlik-cemberi-5-bin-147-personel-gorevde\/#breadcrumb\",\"itemListElement\":[{\"@type\":\"ListItem\",\"position\":1,\"name\":\"Home\",\"item\":\"https:\/\/denizcankizil.tr\/de\/\"},{\"@type\":\"ListItem\",\"position\":2,\"name\":\"Bayramda Mu\u011fla&#8217;da geni\u015f g\u00fcvenlik \u00e7emberi: 5 bin 147 personel g\u00f6revde\"}]},{\"@type\":\"WebSite\",\"@id\":\"https:\/\/denizcankizil.tr\/de\/#website\",\"url\":\"https:\/\/denizcankizil.tr\/de\/\",\"name\":\"Av. Deniz Can K\u0131z\u0131l\",\"description\":\"Avukat Deniz Can K\u0131z\u0131l Antalya Barosu\",\"publisher\":{\"@id\":\"https:\/\/denizcankizil.tr\/de\/#organization\"},\"potentialAction\":[{\"@type\":\"SearchAction\",\"target\":{\"@type\":\"EntryPoint\",\"urlTemplate\":\"https:\/\/denizcankizil.tr\/de\/?s={search_term_string}\"},\"query-input\":{\"@type\":\"PropertyValueSpecification\",\"valueRequired\":true,\"valueName\":\"search_term_string\"}}],\"inLanguage\":\"uk\"},{\"@type\":\"Organization\",\"@id\":\"https:\/\/denizcankizil.tr\/de\/#organization\",\"name\":\"Av. Deniz Can K\u0131z\u0131l\",\"url\":\"https:\/\/denizcankizil.tr\/de\/\",\"logo\":{\"@type\":\"ImageObject\",\"inLanguage\":\"uk\",\"@id\":\"https:\/\/denizcankizil.tr\/de\/#\/schema\/logo\/image\/\",\"url\":\"http:\/\/denizcankizil.tr\/wp-content\/uploads\/2024\/10\/siyah-logo-svg.svg\",\"contentUrl\":\"http:\/\/denizcankizil.tr\/wp-content\/uploads\/2024\/10\/siyah-logo-svg.svg\",\"width\":1080,\"height\":1080,\"caption\":\"Av. Deniz Can K\u0131z\u0131l\"},\"image\":{\"@id\":\"https:\/\/denizcankizil.tr\/de\/#\/schema\/logo\/image\/\"}},{\"@type\":\"Person\",\"@id\":\"https:\/\/denizcankizil.tr\/de\/#\/schema\/person\/e1eb71bb4dd684d46563f0af307e1234\",\"name\":\"Antalya K\u00f6rfez\",\"image\":{\"@type\":\"ImageObject\",\"inLanguage\":\"uk\",\"@id\":\"https:\/\/denizcankizil.tr\/de\/#\/schema\/person\/image\/\",\"url\":\"https:\/\/secure.gravatar.com\/avatar\/42b01982558a48a0b501fdcab6a408d3717ea5919095ee2e67b0e521799c5905?s=96&d=mm&r=g\",\"contentUrl\":\"https:\/\/secure.gravatar.com\/avatar\/42b01982558a48a0b501fdcab6a408d3717ea5919095ee2e67b0e521799c5905?s=96&d=mm&r=g\",\"caption\":\"Antalya K\u00f6rfez\"},\"sameAs\":[\"http:\/\/www.antalyakorfez.com\"],\"url\":\"https:\/\/www.antalyakorfez.com\/bayramda-muglada-genis-guvenlik-cemberi-5-bin-147-personel-gorevde\"}]}<\/script>\n<!-- \/ Yoast SEO Premium plugin. -->","yoast_head_json":{"title":"Bayramda Mu\u011fla'da geni\u015f g\u00fcvenlik \u00e7emberi: 5 bin 147 personel g\u00f6revde - Av. Deniz Can K\u0131z\u0131l","robots":{"index":"index","follow":"follow","max-snippet":"max-snippet:-1","max-image-preview":"max-image-preview:large","max-video-preview":"max-video-preview:-1"},"canonical":"https:\/\/denizcankizil.tr\/uk\/haberler\/gundem\/bayramda-muglada-genis-guvenlik-cemberi-5-bin-147-personel-gorevde\/","og_locale":"uk_UA","og_type":"article","og_title":"Bayramda Mu\u011fla'da geni\u015f g\u00fcvenlik \u00e7emberi: 5 bin 147 personel g\u00f6revde","og_description":"Mu\u011fla\u2019ya Kurban Bayram\u0131 tatilinde \u00e7ok say\u0131da ziyaret\u00e7i gelmesi beklendi\u011finden vatanda\u015flar\u0131n bayram\u0131 ve tatillerini huzur ve g\u00fcven i\u00e7inde ge\u00e7irmeleri i\u00e7in Mu\u011fla Valili\u011fi koordinesinde \u00e7e\u015fitli tedbirler al\u0131nd\u0131. Vatanda\u015flar\u0131n huzur ve g\u00fcven ortam\u0131nda mutlu bir bayram ge\u00e7irmeleri konusunda sa\u011fl\u0131k ve g\u00fcvenlik tedbirleri ba\u015fta olmak \u00fczere, ula\u015ft\u0131rma, haberle\u015fme, enerji ve di\u011fer t\u00fcm kamu hizmetleri ile ilgili \u00f6nceden al\u0131nan tedbirler, bayram \u00f6ncesi, bayram s\u00fcresi ve sonras\u0131 i\u00e7in yeniden g\u00f6zden ge\u00e7irildi. 5 B\u0130N 147 PERSONEL SAHADA OLACAK Bayram tatili boyunca Mu\u011fla genelinde, \u0130l Emniyet M\u00fcd\u00fcrl\u00fc\u011f\u00fc taraf\u0131ndan 2 bin 380, \u0130l Jandarma Komutanl\u0131\u011f\u0131 taraf\u0131ndan 2 bin 568, Sahil G\u00fcvenlik Komutanl\u0131\u011f\u0131 taraf\u0131ndan 199 olmak \u00fczere toplam 5 bin 147 personel g\u00f6revlendirildi. EK\u0130PLER YAYA DEVR\u0130YES\u0130 ATACAK Kurban Bayram\u0131 \u00f6ncesi ve bayram tatili s\u00fcresince Valilik koordinesinde kolluk birimleri taraf\u0131ndan vatanda\u015flar\u0131n huzur ve g\u00fcven i\u00e7erisinde bayram ziyaretlerini ve bayram al\u0131\u015fveri\u015flerini yapmalar\u0131n\u0131 sa\u011flamak i\u00e7in AVM, e\u011flence yerleri, \u00e7ocuk oyun alanlar\u0131, banka ATM\u2019leri gibi yerlerde resmi ve sivil motorize ekiplerle birlikte yaya devriye g\u00f6revi yapmak \u00fczere ekipler g\u00f6revlendirildi. \u00d6zellikle trafi\u011fin yo\u011fun oldu\u011fu devlet karayolu g\u00fczerg\u00e2hlar\u0131nda, yol kontrol arama noktalar\u0131nda sa\u011fl\u0131kl\u0131 ve g\u00fcvenli bir trafik ak\u0131\u015f\u0131 sa\u011flanmas\u0131 i\u00e7in ekip ve g\u00f6revli say\u0131lar\u0131 artt\u0131r\u0131ld\u0131. Bu kapsamda 85 uygulama noktas\u0131nda 1597 personel g\u00f6rev yapacak. KAZA R\u0130SK\u0130N\u0130 D\u00dc\u015e\u00dcRMEK \u0130\u00c7\u0130N HAVA DESTE\u011e\u0130 SA\u011eLANACAK \u015eehir i\u00e7i ve \u015fehirleraras\u0131 yollarda, &hellip;","og_url":"https:\/\/denizcankizil.tr\/uk\/haberler\/gundem\/bayramda-muglada-genis-guvenlik-cemberi-5-bin-147-personel-gorevde\/","og_site_name":"Av. Deniz Can K\u0131z\u0131l","article_published_time":"2025-06-02T15:41:15+00:00","author":"Antalya K\u00f6rfez","twitter_card":"summary_large_image","twitter_misc":{"\u041d\u0430\u043f\u0438\u0441\u0430\u043d\u043e":"Antalya K\u00f6rfez","\u041f\u0440\u0438\u0431\u043b. \u0447\u0430\u0441 \u0447\u0438\u0442\u0430\u043d\u043d\u044f":"2 \u0445\u0432\u0438\u043b\u0438\u043d\u0438"},"schema":{"@context":"https:\/\/schema.org","@graph":[{"@type":"Article","@id":"https:\/\/denizcankizil.tr\/de\/haberler\/gundem\/bayramda-muglada-genis-guvenlik-cemberi-5-bin-147-personel-gorevde\/#article","isPartOf":{"@id":"https:\/\/denizcankizil.tr\/de\/haberler\/gundem\/bayramda-muglada-genis-guvenlik-cemberi-5-bin-147-personel-gorevde\/"},"author":{"name":"Antalya K\u00f6rfez","@id":"https:\/\/denizcankizil.tr\/de\/#\/schema\/person\/e1eb71bb4dd684d46563f0af307e1234"},"headline":"Bayramda Mu\u011fla&#8217;da geni\u015f g\u00fcvenlik \u00e7emberi: 5 bin 147 personel g\u00f6revde","datePublished":"2025-06-02T15:41:15+00:00","mainEntityOfPage":{"@id":"https:\/\/denizcankizil.tr\/de\/haberler\/gundem\/bayramda-muglada-genis-guvenlik-cemberi-5-bin-147-personel-gorevde\/"},"wordCount":417,"publisher":{"@id":"https:\/\/denizcankizil.tr\/de\/#organization"},"articleSection":["G\u00fcndem"],"inLanguage":"uk"},{"@type":"WebPage","@id":"https:\/\/denizcankizil.tr\/de\/haberler\/gundem\/bayramda-muglada-genis-guvenlik-cemberi-5-bin-147-personel-gorevde\/","url":"https:\/\/denizcankizil.tr\/de\/haberler\/gundem\/bayramda-muglada-genis-guvenlik-cemberi-5-bin-147-personel-gorevde\/","name":"Bayramda Mu\u011fla'da geni\u015f g\u00fcvenlik \u00e7emberi: 5 bin 147 personel g\u00f6revde - Av. Deniz Can K\u0131z\u0131l","isPartOf":{"@id":"https:\/\/denizcankizil.tr\/de\/#website"},"datePublished":"2025-06-02T15:41:15+00:00","breadcrumb":{"@id":"https:\/\/denizcankizil.tr\/de\/haberler\/gundem\/bayramda-muglada-genis-guvenlik-cemberi-5-bin-147-personel-gorevde\/#breadcrumb"},"inLanguage":"uk","potentialAction":[{"@type":"ReadAction","target":["https:\/\/denizcankizil.tr\/de\/haberler\/gundem\/bayramda-muglada-genis-guvenlik-cemberi-5-bin-147-personel-gorevde\/"]}]},{"@type":"BreadcrumbList","@id":"https:\/\/denizcankizil.tr\/de\/haberler\/gundem\/bayramda-muglada-genis-guvenlik-cemberi-5-bin-147-personel-gorevde\/#breadcrumb","itemListElement":[{"@type":"ListItem","position":1,"name":"Home","item":"https:\/\/denizcankizil.tr\/de\/"},{"@type":"ListItem","position":2,"name":"Bayramda Mu\u011fla&#8217;da geni\u015f g\u00fcvenlik \u00e7emberi: 5 bin 147 personel g\u00f6revde"}]},{"@type":"WebSite","@id":"https:\/\/denizcankizil.tr\/de\/#website","url":"https:\/\/denizcankizil.tr\/de\/","name":"Av. Deniz Can K\u0131z\u0131l","description":"Avukat Deniz Can K\u0131z\u0131l Antalya Barosu","publisher":{"@id":"https:\/\/denizcankizil.tr\/de\/#organization"},"potentialAction":[{"@type":"SearchAction","target":{"@type":"EntryPoint","urlTemplate":"https:\/\/denizcankizil.tr\/de\/?s={search_term_string}"},"query-input":{"@type":"PropertyValueSpecification","valueRequired":true,"valueName":"search_term_string"}}],"inLanguage":"uk"},{"@type":"Organization","@id":"https:\/\/denizcankizil.tr\/de\/#organization","name":"Av. Deniz Can K\u0131z\u0131l","url":"https:\/\/denizcankizil.tr\/de\/","logo":{"@type":"ImageObject","inLanguage":"uk","@id":"https:\/\/denizcankizil.tr\/de\/#\/schema\/logo\/image\/","url":"http:\/\/denizcankizil.tr\/wp-content\/uploads\/2024\/10\/siyah-logo-svg.svg","contentUrl":"http:\/\/denizcankizil.tr\/wp-content\/uploads\/2024\/10\/siyah-logo-svg.svg","width":1080,"height":1080,"caption":"Av. Deniz Can K\u0131z\u0131l"},"image":{"@id":"https:\/\/denizcankizil.tr\/de\/#\/schema\/logo\/image\/"}},{"@type":"Person","@id":"https:\/\/denizcankizil.tr\/de\/#\/schema\/person\/e1eb71bb4dd684d46563f0af307e1234","name":"Antalya K\u00f6rfez","image":{"@type":"ImageObject","inLanguage":"uk","@id":"https:\/\/denizcankizil.tr\/de\/#\/schema\/person\/image\/","url":"https:\/\/secure.gravatar.com\/avatar\/42b01982558a48a0b501fdcab6a408d3717ea5919095ee2e67b0e521799c5905?s=96&d=mm&r=g","contentUrl":"https:\/\/secure.gravatar.com\/avatar\/42b01982558a48a0b501fdcab6a408d3717ea5919095ee2e67b0e521799c5905?s=96&d=mm&r=g","caption":"Antalya K\u00f6rfez"},"sameAs":["http:\/\/www.antalyakorfez.com"],"url":"https:\/\/www.antalyakorfez.com\/bayramda-muglada-genis-guvenlik-cemberi-5-bin-147-personel-gorevde"}]}},"_links":{"self":[{"href":"http:\/\/denizcankizil.tr\/uk\/wp-json\/wp\/v2\/posts\/104360","targetHints":{"allow":["GET"]}}],"collection":[{"href":"http:\/\/denizcankizil.tr\/uk\/wp-json\/wp\/v2\/posts"}],"about":[{"href":"http:\/\/denizcankizil.tr\/uk\/wp-json\/wp\/v2\/types\/post"}],"author":[{"embeddable":true,"href":"http:\/\/denizcankizil.tr\/uk\/wp-json\/wp\/v2\/users\/5"}],"replies":[{"embeddable":true,"href":"http:\/\/denizcankizil.tr\/uk\/wp-json\/wp\/v2\/comments?post=104360"}],"version-history":[{"count":0,"href":"http:\/\/denizcankizil.tr\/uk\/wp-json\/wp\/v2\/posts\/104360\/revisions"}],"wp:attachment":[{"href":"http:\/\/denizcankizil.tr\/uk\/wp-json\/wp\/v2\/media?parent=104360"}],"wp:term":[{"taxonomy":"category","embeddable":true,"href":"http:\/\/denizcankizil.tr\/uk\/wp-json\/wp\/v2\/categories?post=104360"},{"taxonomy":"post_tag","embeddable":true,"href":"http:\/\/denizcankizil.tr\/uk\/wp-json\/wp\/v2\/tags?post=104360"}],"curies":[{"name":"wp","href":"https:\/\/api.w.org\/{rel}","templated":true}]}}