{"id":103584,"date":"2025-06-01T17:41:17","date_gmt":"2025-06-01T14:41:17","guid":{"rendered":"https:\/\/denizcankizil.tr\/uncategorized-tr\/antalyakarttan-kurban-bayrami-duyurusu-bu-otobusler-bayram-boyunca-sefere-cikmayacak\/"},"modified":"2025-06-01T17:41:17","modified_gmt":"2025-06-01T14:41:17","slug":"antalyakarttan-kurban-bayrami-duyurusu-bu-otobusler-bayram-boyunca-sefere-cikmayacak","status":"publish","type":"post","link":"http:\/\/denizcankizil.tr\/uk\/haberler\/gundem\/antalyakarttan-kurban-bayrami-duyurusu-bu-otobusler-bayram-boyunca-sefere-cikmayacak\/","title":{"rendered":"Antalyakart\u2019tan Kurban Bayram\u0131 duyurusu: Bu otob\u00fcsler bayram boyunca sefere \u00e7\u0131kmayacak"},"content":{"rendered":"<p>Antalyakart, 30 May\u0131s 2025 Cumartesi g\u00fcn\u00fc tarihinde (d\u00fcn) uygulama \u00fczerinden kullan\u0131c\u0131lar\u0131 ilgilendiren son derece \u00f6nemli bir duyuru yay\u0131nlad\u0131. Antalyakart yay\u0131nlad\u0131\u011f\u0131 duyuruda Kurban Bayram\u0131 boyuncu (6-8 Haziran 2025 tarihlerinde) baz\u0131 otob\u00fcs hatlar\u0131n\u0131n hizmet vermeyece\u011fini duyurdu.<\/p>\n<p>BU HATLAR BAYRAM BOYUNCA H\u0130ZMET VERMEYECEK <\/p>\n<p>Antalyakart, 6-8 Haziran 2025 Kurban Bayram\u0131 boyunca TR30-SM62-D19-D19A &#8211; KC33 &#8211; A\u00dc102-106-VH89-VH89A-HM42 THG91-TH88-KC34- MD25-CV17-MC68-KPZ83- AB07 otob\u00fcs hatlar\u0131n\u0131n hizmet vermeyece\u011fini a\u00e7\u0131klad\u0131. Kurban Bayram\u0131\u2019n\u0131n sona ermesini ard\u0131ndan otob\u00fcsler seferlerine tekrardan devam edecek.<\/p>\n<p>ANTALYAKART\u2019TAN YAPILAN A\u00c7IKLAMA<\/p>\n<p>Kart Merkezi\u2019nden yap\u0131lan a\u00e7\u0131klamada, \u201c06 Haziran 2025, 07 Haziran 2025 ve 08 Haziran 2025 tarihlerinde TR30 &#8211; SM62-D19-D19A &#8211; KC33 &#8211; A\u00dc102-106-VH89-VH89A-HM42-THG91-TH88-KC34- MD25-CV17-MC68-KPZ83- AB07 levhal\u0131 hatlar ge\u00e7ici s\u00fcreyle hizmet vermeyecek\u201d denildi.<\/p>\n<p>EK SEFERLER D\u00dcZENLENECEK <\/p>\n<p>Antalyakart \u00f6te yandan 30 May\u0131s 2025 Cumartesi g\u00fcn\u00fc (d\u00fcn) vatanda\u015flara bir ba\u015fka \u00f6nemli geli\u015fmeyi daha haber verdi. Kart Merkezi\u2019nden yap\u0131lan a\u00e7\u0131klamada 5 Haziran 2025 arife g\u00fcn\u00fc (arefe) ve 6-8 Haziran 2025 Kurban Bayram\u0131 boyunca 188 numaral\u0131 otob\u00fcs hatt\u0131n\u0131n Uncal\u0131 Mezarl\u0131\u011f\u0131 ile Kur\u015funlu Mezarl\u0131\u011f\u0131 aras\u0131nda ek seferler d\u00fczenleyece\u011fi bilgi payla\u015f\u0131ld\u0131.<\/p>\n<p>MEZARLIKLAR \u0130\u00c7\u0130N EK SEFERLER KONULACAK <\/p>\n<p>Antalyakart taraf\u0131ndan yap\u0131lana a\u00e7\u0131klamada, \u201c188 levhal\u0131 hat arife (arefe) g\u00fcn\u00fc ve Kurban Bayram\u0131 s\u00fcresince Uncal\u0131 Mezarl\u0131\u011f\u0131 ile Kur\u015funlu Mezarl\u0131\u011f\u0131 aras\u0131nda ek seferlerle hizmet verecek\u201d ifadelerini kullan\u0131ld\u0131.<\/p>\n<p>DAHA DETAYLI B\u0130LG\u0130 \u0130\u00c7\u0130N<\/p>\n<p>Vatanda\u015flar Kurban Bayram\u0131 boyunca bir ma\u011fduriyet ya\u015famak i\u00e7in daha detayl\u0131 bilgi almak isterse 0242 606 07 07 numaray\u0131 arayabilirler. Buradan iptal olan otob\u00fcs seferleri, yol \u00e7al\u0131\u015fmalar\u0131 ve kapat\u0131lan yollar hakk\u0131nda daha detayl\u0131 bilgi edinebilir ve b\u00f6ylece ya\u015fan\u0131labilecek olas\u0131 ma\u011fduriyetlerin \u00f6n\u00fcne ge\u00e7inilmi\u015f olur.<\/p>\n<p>\u200bAntalyakart, 6-8 Haziran yani Kurban Bayram\u0131 boyunca baz\u0131 otob\u00fcs seferlerinin ge\u00e7ici olarak durdurulaca\u011f\u0131n\u0131 a\u00e7\u0131klad\u0131. \u0130\u015fte detaylar\u2026\u00a0<\/p>\n<p>\u200bHaberin Al\u0131nt\u0131land\u0131\u011f\u0131 Kaynak: www.antalyakorfez.com<\/p>","protected":false},"excerpt":{"rendered":"<p>Antalyakart, 30 May\u0131s 2025 Cumartesi g\u00fcn\u00fc tarihinde (d\u00fcn) uygulama \u00fczerinden kullan\u0131c\u0131lar\u0131 ilgilendiren son derece \u00f6nemli bir duyuru yay\u0131nlad\u0131. Antalyakart yay\u0131nlad\u0131\u011f\u0131 duyuruda Kurban Bayram\u0131 boyuncu (6-8 Haziran 2025 tarihlerinde) baz\u0131 otob\u00fcs hatlar\u0131n\u0131n hizmet vermeyece\u011fini duyurdu. BU HATLAR BAYRAM BOYUNCA H\u0130ZMET VERMEYECEK Antalyakart, 6-8 Haziran 2025 Kurban Bayram\u0131 boyunca TR30-SM62-D19-D19A &#8211; KC33 &#8211; A\u00dc102-106-VH89-VH89A-HM42 THG91-TH88-KC34- MD25-CV17-MC68-KPZ83- AB07 otob\u00fcs hatlar\u0131n\u0131n hizmet vermeyece\u011fini a\u00e7\u0131klad\u0131. Kurban Bayram\u0131\u2019n\u0131n sona ermesini ard\u0131ndan otob\u00fcsler seferlerine tekrardan devam edecek. ANTALYAKART\u2019TAN YAPILAN A\u00c7IKLAMA Kart Merkezi\u2019nden yap\u0131lan a\u00e7\u0131klamada, \u201c06 Haziran 2025, 07 Haziran 2025 ve 08 Haziran 2025 tarihlerinde TR30 &#8211; SM62-D19-D19A &#8211; KC33 &#8211; A\u00dc102-106-VH89-VH89A-HM42-THG91-TH88-KC34- MD25-CV17-MC68-KPZ83- AB07 levhal\u0131 hatlar ge\u00e7ici s\u00fcreyle hizmet vermeyecek\u201d denildi. EK SEFERLER D\u00dcZENLENECEK Antalyakart \u00f6te yandan 30 May\u0131s 2025 Cumartesi g\u00fcn\u00fc (d\u00fcn) vatanda\u015flara bir ba\u015fka \u00f6nemli geli\u015fmeyi daha haber verdi. Kart Merkezi\u2019nden yap\u0131lan a\u00e7\u0131klamada 5 Haziran 2025 arife g\u00fcn\u00fc (arefe) ve 6-8 Haziran 2025 Kurban Bayram\u0131 boyunca 188 numaral\u0131 otob\u00fcs hatt\u0131n\u0131n Uncal\u0131 Mezarl\u0131\u011f\u0131 ile Kur\u015funlu Mezarl\u0131\u011f\u0131 aras\u0131nda ek seferler d\u00fczenleyece\u011fi bilgi payla\u015f\u0131ld\u0131. MEZARLIKLAR \u0130\u00c7\u0130N EK SEFERLER KONULACAK Antalyakart taraf\u0131ndan yap\u0131lana a\u00e7\u0131klamada, \u201c188 levhal\u0131 hat arife (arefe) g\u00fcn\u00fc ve Kurban Bayram\u0131 s\u00fcresince Uncal\u0131 Mezarl\u0131\u011f\u0131 ile Kur\u015funlu Mezarl\u0131\u011f\u0131 aras\u0131nda ek seferlerle hizmet verecek\u201d ifadelerini kullan\u0131ld\u0131. DAHA DETAYLI B\u0130LG\u0130 \u0130\u00c7\u0130N Vatanda\u015flar Kurban Bayram\u0131 boyunca bir ma\u011fduriyet ya\u015famak i\u00e7in daha &hellip;<\/p>","protected":false},"author":5,"featured_media":0,"comment_status":"","ping_status":"open","sticky":false,"template":"","format":"standard","meta":{"_acf_changed":false,"footnotes":""},"categories":[24],"tags":[],"class_list":["post-103584","post","type-post","status-publish","format-standard","has-post-thumbnail","hentry","category-gundem"],"acf":[],"yoast_head":"<!-- This site is optimized with the Yoast SEO Premium plugin v26.6 (Yoast SEO v27.1.1) - https:\/\/yoast.com\/product\/yoast-seo-premium-wordpress\/ -->\n<title>Antalyakart\u2019tan Kurban Bayram\u0131 duyurusu: Bu otob\u00fcsler bayram boyunca sefere \u00e7\u0131kmayacak - Av. Deniz Can K\u0131z\u0131l<\/title>\n<meta name=\"robots\" content=\"index, follow, max-snippet:-1, max-image-preview:large, max-video-preview:-1\" \/>\n<link rel=\"canonical\" href=\"https:\/\/denizcankizil.tr\/uk\/haberler\/gundem\/antalyakarttan-kurban-bayrami-duyurusu-bu-otobusler-bayram-boyunca-sefere-cikmayacak\/\" \/>\n<meta property=\"og:locale\" content=\"uk_UA\" \/>\n<meta property=\"og:type\" content=\"article\" \/>\n<meta property=\"og:title\" content=\"Antalyakart\u2019tan Kurban Bayram\u0131 duyurusu: Bu otob\u00fcsler bayram boyunca sefere \u00e7\u0131kmayacak\" \/>\n<meta property=\"og:description\" content=\"Antalyakart, 30 May\u0131s 2025 Cumartesi g\u00fcn\u00fc tarihinde (d\u00fcn) uygulama \u00fczerinden kullan\u0131c\u0131lar\u0131 ilgilendiren son derece \u00f6nemli bir duyuru yay\u0131nlad\u0131. Antalyakart yay\u0131nlad\u0131\u011f\u0131 duyuruda Kurban Bayram\u0131 boyuncu (6-8 Haziran 2025 tarihlerinde) baz\u0131 otob\u00fcs hatlar\u0131n\u0131n hizmet vermeyece\u011fini duyurdu. BU HATLAR BAYRAM BOYUNCA H\u0130ZMET VERMEYECEK Antalyakart, 6-8 Haziran 2025 Kurban Bayram\u0131 boyunca TR30-SM62-D19-D19A &#8211; KC33 &#8211; A\u00dc102-106-VH89-VH89A-HM42 THG91-TH88-KC34- MD25-CV17-MC68-KPZ83- AB07 otob\u00fcs hatlar\u0131n\u0131n hizmet vermeyece\u011fini a\u00e7\u0131klad\u0131. Kurban Bayram\u0131\u2019n\u0131n sona ermesini ard\u0131ndan otob\u00fcsler seferlerine tekrardan devam edecek. ANTALYAKART\u2019TAN YAPILAN A\u00c7IKLAMA Kart Merkezi\u2019nden yap\u0131lan a\u00e7\u0131klamada, \u201c06 Haziran 2025, 07 Haziran 2025 ve 08 Haziran 2025 tarihlerinde TR30 &#8211; SM62-D19-D19A &#8211; KC33 &#8211; A\u00dc102-106-VH89-VH89A-HM42-THG91-TH88-KC34- MD25-CV17-MC68-KPZ83- AB07 levhal\u0131 hatlar ge\u00e7ici s\u00fcreyle hizmet vermeyecek\u201d denildi. EK SEFERLER D\u00dcZENLENECEK Antalyakart \u00f6te yandan 30 May\u0131s 2025 Cumartesi g\u00fcn\u00fc (d\u00fcn) vatanda\u015flara bir ba\u015fka \u00f6nemli geli\u015fmeyi daha haber verdi. Kart Merkezi\u2019nden yap\u0131lan a\u00e7\u0131klamada 5 Haziran 2025 arife g\u00fcn\u00fc (arefe) ve 6-8 Haziran 2025 Kurban Bayram\u0131 boyunca 188 numaral\u0131 otob\u00fcs hatt\u0131n\u0131n Uncal\u0131 Mezarl\u0131\u011f\u0131 ile Kur\u015funlu Mezarl\u0131\u011f\u0131 aras\u0131nda ek seferler d\u00fczenleyece\u011fi bilgi payla\u015f\u0131ld\u0131. MEZARLIKLAR \u0130\u00c7\u0130N EK SEFERLER KONULACAK Antalyakart taraf\u0131ndan yap\u0131lana a\u00e7\u0131klamada, \u201c188 levhal\u0131 hat arife (arefe) g\u00fcn\u00fc ve Kurban Bayram\u0131 s\u00fcresince Uncal\u0131 Mezarl\u0131\u011f\u0131 ile Kur\u015funlu Mezarl\u0131\u011f\u0131 aras\u0131nda ek seferlerle hizmet verecek\u201d ifadelerini kullan\u0131ld\u0131. DAHA DETAYLI B\u0130LG\u0130 \u0130\u00c7\u0130N Vatanda\u015flar Kurban Bayram\u0131 boyunca bir ma\u011fduriyet ya\u015famak i\u00e7in daha &hellip;\" \/>\n<meta property=\"og:url\" content=\"https:\/\/denizcankizil.tr\/uk\/haberler\/gundem\/antalyakarttan-kurban-bayrami-duyurusu-bu-otobusler-bayram-boyunca-sefere-cikmayacak\/\" \/>\n<meta property=\"og:site_name\" content=\"Av. Deniz Can K\u0131z\u0131l\" \/>\n<meta property=\"article:published_time\" content=\"2025-06-01T14:41:17+00:00\" \/>\n<meta name=\"author\" content=\"Antalya K\u00f6rfez\" \/>\n<meta name=\"twitter:card\" content=\"summary_large_image\" \/>\n<meta name=\"twitter:label1\" content=\"\u041d\u0430\u043f\u0438\u0441\u0430\u043d\u043e\" \/>\n\t<meta name=\"twitter:data1\" content=\"Antalya K\u00f6rfez\" \/>\n\t<meta name=\"twitter:label2\" content=\"\u041f\u0440\u0438\u0431\u043b. \u0447\u0430\u0441 \u0447\u0438\u0442\u0430\u043d\u043d\u044f\" \/>\n\t<meta name=\"twitter:data2\" content=\"2 \u0445\u0432\u0438\u043b\u0438\u043d\u0438\" \/>\n<script type=\"application\/ld+json\" class=\"yoast-schema-graph\">{\"@context\":\"https:\/\/schema.org\",\"@graph\":[{\"@type\":\"Article\",\"@id\":\"https:\/\/denizcankizil.tr\/en\/haberler\/gundem\/antalyakarttan-kurban-bayrami-duyurusu-bu-otobusler-bayram-boyunca-sefere-cikmayacak\/#article\",\"isPartOf\":{\"@id\":\"https:\/\/denizcankizil.tr\/en\/haberler\/gundem\/antalyakarttan-kurban-bayrami-duyurusu-bu-otobusler-bayram-boyunca-sefere-cikmayacak\/\"},\"author\":{\"name\":\"Antalya K\u00f6rfez\",\"@id\":\"https:\/\/denizcankizil.tr\/de\/#\/schema\/person\/e1eb71bb4dd684d46563f0af307e1234\"},\"headline\":\"Antalyakart\u2019tan Kurban Bayram\u0131 duyurusu: Bu otob\u00fcsler bayram boyunca sefere \u00e7\u0131kmayacak\",\"datePublished\":\"2025-06-01T14:41:17+00:00\",\"mainEntityOfPage\":{\"@id\":\"https:\/\/denizcankizil.tr\/en\/haberler\/gundem\/antalyakarttan-kurban-bayrami-duyurusu-bu-otobusler-bayram-boyunca-sefere-cikmayacak\/\"},\"wordCount\":352,\"publisher\":{\"@id\":\"https:\/\/denizcankizil.tr\/de\/#organization\"},\"articleSection\":[\"G\u00fcndem\"],\"inLanguage\":\"uk\"},{\"@type\":\"WebPage\",\"@id\":\"https:\/\/denizcankizil.tr\/en\/haberler\/gundem\/antalyakarttan-kurban-bayrami-duyurusu-bu-otobusler-bayram-boyunca-sefere-cikmayacak\/\",\"url\":\"https:\/\/denizcankizil.tr\/en\/haberler\/gundem\/antalyakarttan-kurban-bayrami-duyurusu-bu-otobusler-bayram-boyunca-sefere-cikmayacak\/\",\"name\":\"Antalyakart\u2019tan Kurban Bayram\u0131 duyurusu: Bu otob\u00fcsler bayram boyunca sefere \u00e7\u0131kmayacak - Av. Deniz Can K\u0131z\u0131l\",\"isPartOf\":{\"@id\":\"https:\/\/denizcankizil.tr\/de\/#website\"},\"datePublished\":\"2025-06-01T14:41:17+00:00\",\"breadcrumb\":{\"@id\":\"https:\/\/denizcankizil.tr\/en\/haberler\/gundem\/antalyakarttan-kurban-bayrami-duyurusu-bu-otobusler-bayram-boyunca-sefere-cikmayacak\/#breadcrumb\"},\"inLanguage\":\"uk\",\"potentialAction\":[{\"@type\":\"ReadAction\",\"target\":[\"https:\/\/denizcankizil.tr\/en\/haberler\/gundem\/antalyakarttan-kurban-bayrami-duyurusu-bu-otobusler-bayram-boyunca-sefere-cikmayacak\/\"]}]},{\"@type\":\"BreadcrumbList\",\"@id\":\"https:\/\/denizcankizil.tr\/en\/haberler\/gundem\/antalyakarttan-kurban-bayrami-duyurusu-bu-otobusler-bayram-boyunca-sefere-cikmayacak\/#breadcrumb\",\"itemListElement\":[{\"@type\":\"ListItem\",\"position\":1,\"name\":\"Home\",\"item\":\"https:\/\/denizcankizil.tr\/de\/\"},{\"@type\":\"ListItem\",\"position\":2,\"name\":\"Antalyakart\u2019tan Kurban Bayram\u0131 duyurusu: Bu otob\u00fcsler bayram boyunca sefere \u00e7\u0131kmayacak\"}]},{\"@type\":\"WebSite\",\"@id\":\"https:\/\/denizcankizil.tr\/de\/#website\",\"url\":\"https:\/\/denizcankizil.tr\/de\/\",\"name\":\"Av. Deniz Can K\u0131z\u0131l\",\"description\":\"Avukat Deniz Can K\u0131z\u0131l Antalya Barosu\",\"publisher\":{\"@id\":\"https:\/\/denizcankizil.tr\/de\/#organization\"},\"potentialAction\":[{\"@type\":\"SearchAction\",\"target\":{\"@type\":\"EntryPoint\",\"urlTemplate\":\"https:\/\/denizcankizil.tr\/de\/?s={search_term_string}\"},\"query-input\":{\"@type\":\"PropertyValueSpecification\",\"valueRequired\":true,\"valueName\":\"search_term_string\"}}],\"inLanguage\":\"uk\"},{\"@type\":\"Organization\",\"@id\":\"https:\/\/denizcankizil.tr\/de\/#organization\",\"name\":\"Av. Deniz Can K\u0131z\u0131l\",\"url\":\"https:\/\/denizcankizil.tr\/de\/\",\"logo\":{\"@type\":\"ImageObject\",\"inLanguage\":\"uk\",\"@id\":\"https:\/\/denizcankizil.tr\/de\/#\/schema\/logo\/image\/\",\"url\":\"http:\/\/denizcankizil.tr\/wp-content\/uploads\/2024\/10\/siyah-logo-svg.svg\",\"contentUrl\":\"http:\/\/denizcankizil.tr\/wp-content\/uploads\/2024\/10\/siyah-logo-svg.svg\",\"width\":1080,\"height\":1080,\"caption\":\"Av. Deniz Can K\u0131z\u0131l\"},\"image\":{\"@id\":\"https:\/\/denizcankizil.tr\/de\/#\/schema\/logo\/image\/\"}},{\"@type\":\"Person\",\"@id\":\"https:\/\/denizcankizil.tr\/de\/#\/schema\/person\/e1eb71bb4dd684d46563f0af307e1234\",\"name\":\"Antalya K\u00f6rfez\",\"image\":{\"@type\":\"ImageObject\",\"inLanguage\":\"uk\",\"@id\":\"https:\/\/denizcankizil.tr\/de\/#\/schema\/person\/image\/\",\"url\":\"https:\/\/secure.gravatar.com\/avatar\/42b01982558a48a0b501fdcab6a408d3717ea5919095ee2e67b0e521799c5905?s=96&d=mm&r=g\",\"contentUrl\":\"https:\/\/secure.gravatar.com\/avatar\/42b01982558a48a0b501fdcab6a408d3717ea5919095ee2e67b0e521799c5905?s=96&d=mm&r=g\",\"caption\":\"Antalya K\u00f6rfez\"},\"sameAs\":[\"http:\/\/www.antalyakorfez.com\"],\"url\":\"https:\/\/www.antalyakorfez.com\/antalyakarttan-kurban-bayrami-duyurusu-bu-otobusler-bayram-boyunca-sefere-cikmayacak\"}]}<\/script>\n<!-- \/ Yoast SEO Premium plugin. -->","yoast_head_json":{"title":"Antalyakart\u2019tan Kurban Bayram\u0131 duyurusu: Bu otob\u00fcsler bayram boyunca sefere \u00e7\u0131kmayacak - Av. Deniz Can K\u0131z\u0131l","robots":{"index":"index","follow":"follow","max-snippet":"max-snippet:-1","max-image-preview":"max-image-preview:large","max-video-preview":"max-video-preview:-1"},"canonical":"https:\/\/denizcankizil.tr\/uk\/haberler\/gundem\/antalyakarttan-kurban-bayrami-duyurusu-bu-otobusler-bayram-boyunca-sefere-cikmayacak\/","og_locale":"uk_UA","og_type":"article","og_title":"Antalyakart\u2019tan Kurban Bayram\u0131 duyurusu: Bu otob\u00fcsler bayram boyunca sefere \u00e7\u0131kmayacak","og_description":"Antalyakart, 30 May\u0131s 2025 Cumartesi g\u00fcn\u00fc tarihinde (d\u00fcn) uygulama \u00fczerinden kullan\u0131c\u0131lar\u0131 ilgilendiren son derece \u00f6nemli bir duyuru yay\u0131nlad\u0131. Antalyakart yay\u0131nlad\u0131\u011f\u0131 duyuruda Kurban Bayram\u0131 boyuncu (6-8 Haziran 2025 tarihlerinde) baz\u0131 otob\u00fcs hatlar\u0131n\u0131n hizmet vermeyece\u011fini duyurdu. BU HATLAR BAYRAM BOYUNCA H\u0130ZMET VERMEYECEK Antalyakart, 6-8 Haziran 2025 Kurban Bayram\u0131 boyunca TR30-SM62-D19-D19A &#8211; KC33 &#8211; A\u00dc102-106-VH89-VH89A-HM42 THG91-TH88-KC34- MD25-CV17-MC68-KPZ83- AB07 otob\u00fcs hatlar\u0131n\u0131n hizmet vermeyece\u011fini a\u00e7\u0131klad\u0131. Kurban Bayram\u0131\u2019n\u0131n sona ermesini ard\u0131ndan otob\u00fcsler seferlerine tekrardan devam edecek. ANTALYAKART\u2019TAN YAPILAN A\u00c7IKLAMA Kart Merkezi\u2019nden yap\u0131lan a\u00e7\u0131klamada, \u201c06 Haziran 2025, 07 Haziran 2025 ve 08 Haziran 2025 tarihlerinde TR30 &#8211; SM62-D19-D19A &#8211; KC33 &#8211; A\u00dc102-106-VH89-VH89A-HM42-THG91-TH88-KC34- MD25-CV17-MC68-KPZ83- AB07 levhal\u0131 hatlar ge\u00e7ici s\u00fcreyle hizmet vermeyecek\u201d denildi. EK SEFERLER D\u00dcZENLENECEK Antalyakart \u00f6te yandan 30 May\u0131s 2025 Cumartesi g\u00fcn\u00fc (d\u00fcn) vatanda\u015flara bir ba\u015fka \u00f6nemli geli\u015fmeyi daha haber verdi. Kart Merkezi\u2019nden yap\u0131lan a\u00e7\u0131klamada 5 Haziran 2025 arife g\u00fcn\u00fc (arefe) ve 6-8 Haziran 2025 Kurban Bayram\u0131 boyunca 188 numaral\u0131 otob\u00fcs hatt\u0131n\u0131n Uncal\u0131 Mezarl\u0131\u011f\u0131 ile Kur\u015funlu Mezarl\u0131\u011f\u0131 aras\u0131nda ek seferler d\u00fczenleyece\u011fi bilgi payla\u015f\u0131ld\u0131. MEZARLIKLAR \u0130\u00c7\u0130N EK SEFERLER KONULACAK Antalyakart taraf\u0131ndan yap\u0131lana a\u00e7\u0131klamada, \u201c188 levhal\u0131 hat arife (arefe) g\u00fcn\u00fc ve Kurban Bayram\u0131 s\u00fcresince Uncal\u0131 Mezarl\u0131\u011f\u0131 ile Kur\u015funlu Mezarl\u0131\u011f\u0131 aras\u0131nda ek seferlerle hizmet verecek\u201d ifadelerini kullan\u0131ld\u0131. DAHA DETAYLI B\u0130LG\u0130 \u0130\u00c7\u0130N Vatanda\u015flar Kurban Bayram\u0131 boyunca bir ma\u011fduriyet ya\u015famak i\u00e7in daha &hellip;","og_url":"https:\/\/denizcankizil.tr\/uk\/haberler\/gundem\/antalyakarttan-kurban-bayrami-duyurusu-bu-otobusler-bayram-boyunca-sefere-cikmayacak\/","og_site_name":"Av. Deniz Can K\u0131z\u0131l","article_published_time":"2025-06-01T14:41:17+00:00","author":"Antalya K\u00f6rfez","twitter_card":"summary_large_image","twitter_misc":{"\u041d\u0430\u043f\u0438\u0441\u0430\u043d\u043e":"Antalya K\u00f6rfez","\u041f\u0440\u0438\u0431\u043b. \u0447\u0430\u0441 \u0447\u0438\u0442\u0430\u043d\u043d\u044f":"2 \u0445\u0432\u0438\u043b\u0438\u043d\u0438"},"schema":{"@context":"https:\/\/schema.org","@graph":[{"@type":"Article","@id":"https:\/\/denizcankizil.tr\/en\/haberler\/gundem\/antalyakarttan-kurban-bayrami-duyurusu-bu-otobusler-bayram-boyunca-sefere-cikmayacak\/#article","isPartOf":{"@id":"https:\/\/denizcankizil.tr\/en\/haberler\/gundem\/antalyakarttan-kurban-bayrami-duyurusu-bu-otobusler-bayram-boyunca-sefere-cikmayacak\/"},"author":{"name":"Antalya K\u00f6rfez","@id":"https:\/\/denizcankizil.tr\/de\/#\/schema\/person\/e1eb71bb4dd684d46563f0af307e1234"},"headline":"Antalyakart\u2019tan Kurban Bayram\u0131 duyurusu: Bu otob\u00fcsler bayram boyunca sefere \u00e7\u0131kmayacak","datePublished":"2025-06-01T14:41:17+00:00","mainEntityOfPage":{"@id":"https:\/\/denizcankizil.tr\/en\/haberler\/gundem\/antalyakarttan-kurban-bayrami-duyurusu-bu-otobusler-bayram-boyunca-sefere-cikmayacak\/"},"wordCount":352,"publisher":{"@id":"https:\/\/denizcankizil.tr\/de\/#organization"},"articleSection":["G\u00fcndem"],"inLanguage":"uk"},{"@type":"WebPage","@id":"https:\/\/denizcankizil.tr\/en\/haberler\/gundem\/antalyakarttan-kurban-bayrami-duyurusu-bu-otobusler-bayram-boyunca-sefere-cikmayacak\/","url":"https:\/\/denizcankizil.tr\/en\/haberler\/gundem\/antalyakarttan-kurban-bayrami-duyurusu-bu-otobusler-bayram-boyunca-sefere-cikmayacak\/","name":"Antalyakart\u2019tan Kurban Bayram\u0131 duyurusu: Bu otob\u00fcsler bayram boyunca sefere \u00e7\u0131kmayacak - Av. Deniz Can K\u0131z\u0131l","isPartOf":{"@id":"https:\/\/denizcankizil.tr\/de\/#website"},"datePublished":"2025-06-01T14:41:17+00:00","breadcrumb":{"@id":"https:\/\/denizcankizil.tr\/en\/haberler\/gundem\/antalyakarttan-kurban-bayrami-duyurusu-bu-otobusler-bayram-boyunca-sefere-cikmayacak\/#breadcrumb"},"inLanguage":"uk","potentialAction":[{"@type":"ReadAction","target":["https:\/\/denizcankizil.tr\/en\/haberler\/gundem\/antalyakarttan-kurban-bayrami-duyurusu-bu-otobusler-bayram-boyunca-sefere-cikmayacak\/"]}]},{"@type":"BreadcrumbList","@id":"https:\/\/denizcankizil.tr\/en\/haberler\/gundem\/antalyakarttan-kurban-bayrami-duyurusu-bu-otobusler-bayram-boyunca-sefere-cikmayacak\/#breadcrumb","itemListElement":[{"@type":"ListItem","position":1,"name":"Home","item":"https:\/\/denizcankizil.tr\/de\/"},{"@type":"ListItem","position":2,"name":"Antalyakart\u2019tan Kurban Bayram\u0131 duyurusu: Bu otob\u00fcsler bayram boyunca sefere \u00e7\u0131kmayacak"}]},{"@type":"WebSite","@id":"https:\/\/denizcankizil.tr\/de\/#website","url":"https:\/\/denizcankizil.tr\/de\/","name":"Av. Deniz Can K\u0131z\u0131l","description":"Avukat Deniz Can K\u0131z\u0131l Antalya Barosu","publisher":{"@id":"https:\/\/denizcankizil.tr\/de\/#organization"},"potentialAction":[{"@type":"SearchAction","target":{"@type":"EntryPoint","urlTemplate":"https:\/\/denizcankizil.tr\/de\/?s={search_term_string}"},"query-input":{"@type":"PropertyValueSpecification","valueRequired":true,"valueName":"search_term_string"}}],"inLanguage":"uk"},{"@type":"Organization","@id":"https:\/\/denizcankizil.tr\/de\/#organization","name":"Av. Deniz Can K\u0131z\u0131l","url":"https:\/\/denizcankizil.tr\/de\/","logo":{"@type":"ImageObject","inLanguage":"uk","@id":"https:\/\/denizcankizil.tr\/de\/#\/schema\/logo\/image\/","url":"http:\/\/denizcankizil.tr\/wp-content\/uploads\/2024\/10\/siyah-logo-svg.svg","contentUrl":"http:\/\/denizcankizil.tr\/wp-content\/uploads\/2024\/10\/siyah-logo-svg.svg","width":1080,"height":1080,"caption":"Av. Deniz Can K\u0131z\u0131l"},"image":{"@id":"https:\/\/denizcankizil.tr\/de\/#\/schema\/logo\/image\/"}},{"@type":"Person","@id":"https:\/\/denizcankizil.tr\/de\/#\/schema\/person\/e1eb71bb4dd684d46563f0af307e1234","name":"Antalya K\u00f6rfez","image":{"@type":"ImageObject","inLanguage":"uk","@id":"https:\/\/denizcankizil.tr\/de\/#\/schema\/person\/image\/","url":"https:\/\/secure.gravatar.com\/avatar\/42b01982558a48a0b501fdcab6a408d3717ea5919095ee2e67b0e521799c5905?s=96&d=mm&r=g","contentUrl":"https:\/\/secure.gravatar.com\/avatar\/42b01982558a48a0b501fdcab6a408d3717ea5919095ee2e67b0e521799c5905?s=96&d=mm&r=g","caption":"Antalya K\u00f6rfez"},"sameAs":["http:\/\/www.antalyakorfez.com"],"url":"https:\/\/www.antalyakorfez.com\/antalyakarttan-kurban-bayrami-duyurusu-bu-otobusler-bayram-boyunca-sefere-cikmayacak"}]}},"_links":{"self":[{"href":"http:\/\/denizcankizil.tr\/uk\/wp-json\/wp\/v2\/posts\/103584","targetHints":{"allow":["GET"]}}],"collection":[{"href":"http:\/\/denizcankizil.tr\/uk\/wp-json\/wp\/v2\/posts"}],"about":[{"href":"http:\/\/denizcankizil.tr\/uk\/wp-json\/wp\/v2\/types\/post"}],"author":[{"embeddable":true,"href":"http:\/\/denizcankizil.tr\/uk\/wp-json\/wp\/v2\/users\/5"}],"replies":[{"embeddable":true,"href":"http:\/\/denizcankizil.tr\/uk\/wp-json\/wp\/v2\/comments?post=103584"}],"version-history":[{"count":0,"href":"http:\/\/denizcankizil.tr\/uk\/wp-json\/wp\/v2\/posts\/103584\/revisions"}],"wp:attachment":[{"href":"http:\/\/denizcankizil.tr\/uk\/wp-json\/wp\/v2\/media?parent=103584"}],"wp:term":[{"taxonomy":"category","embeddable":true,"href":"http:\/\/denizcankizil.tr\/uk\/wp-json\/wp\/v2\/categories?post=103584"},{"taxonomy":"post_tag","embeddable":true,"href":"http:\/\/denizcankizil.tr\/uk\/wp-json\/wp\/v2\/tags?post=103584"}],"curies":[{"name":"wp","href":"https:\/\/api.w.org\/{rel}","templated":true}]}}