{"id":100441,"date":"2025-05-29T11:41:49","date_gmt":"2025-05-29T08:41:49","guid":{"rendered":"https:\/\/denizcankizil.tr\/uncategorized-tr\/antalyada-taksilerin-kisa-mesafe-hesabi-antalya-soforler-odasindan-aciklama-geldi\/"},"modified":"2025-05-29T11:41:49","modified_gmt":"2025-05-29T08:41:49","slug":"antalyada-taksilerin-kisa-mesafe-hesabi-antalya-soforler-odasindan-aciklama-geldi","status":"publish","type":"post","link":"http:\/\/denizcankizil.tr\/uk\/haberler\/gundem\/antalyada-taksilerin-kisa-mesafe-hesabi-antalya-soforler-odasindan-aciklama-geldi\/","title":{"rendered":"Antalya\u2019da taksilerin k\u0131sa mesafe hesab\u0131: Antalya \u015eof\u00f6rler Odas\u0131\u2019ndan a\u00e7\u0131klama geldi!"},"content":{"rendered":"<p>Antalya \u015eof\u00f6rler Odas\u0131 Ba\u015fkan\u0131 Mehmet Ali Alkan, Kurban Bayram\u0131 \u00f6ncesi uygulanacak yeni taksimetre zam tarifesini duyurdu. Yeni tarifede indi-bindi \u00fccreti 150 TL olarak belirlenirken, taksimetre a\u00e7\u0131l\u0131\u015f \u00fccreti ise 30 TL oldu. \u0130ndi-bindi \u00fccretine yap\u0131lan y\u00fczde 50 zam oran\u0131n\u0131 ele alan Alkan, \u201cK\u0131sa mesafe yolcu ta\u015f\u0131mac\u0131l\u0131\u011f\u0131nda esnaf\u0131m\u0131z\u0131n ma\u011fduriyet ya\u015famamas\u0131 i\u00e7in indi-bindi \u00fccretini 150 TL olarak belirledik. K\u0131sa mesafe yolcu alan arkada\u015f\u0131m\u0131z dura\u011f\u0131na d\u00f6nd\u00fc\u011f\u00fc zaman yeni bir yolcu alabilmek i\u00e7in saatlerce beklemek zorunda kal\u0131yor\u201d dedi.<\/p>\n<p>TAKS\u0130C\u0130LER KISA MESAFE YOLCU ALMAK \u0130STEM\u0130YOR<\/p>\n<p>Antalya\u2019da \u00f6zellikle yaz d\u00f6neminde k\u0131sa mesafe yolcu ta\u015f\u0131mac\u0131l\u0131\u011f\u0131 yapmak istemeyen taksici esnaf\u0131 bu y\u00f6n\u00fcyle tepki \u00e7ekiyordu. Oda Ba\u015fkan\u0131 Mehmet Ali Alkan, k\u0131sa mesafe yolcu kabul eden taksici esnaf\u0131n\u0131n ma\u011fduriyet ya\u015fad\u0131\u011f\u0131n\u0131, bu ma\u011fduriyetin \u00f6n\u00fcne ge\u00e7mek i\u00e7in indi-bindi \u00fccretini 100 TL\u2019den 150 TL\u2019ye \u00e7\u0131kartt\u0131klar\u0131n\u0131 ifade etti. Alkan, \u015funlar\u0131 kaydetti: &#8220;Esnaf\u0131m\u0131z\u0131n k\u0131sa mesafe ta\u015f\u0131mac\u0131l\u0131kta ya\u015fad\u0131\u011f\u0131 ma\u011fduriyetin \u00f6n\u00fcne ge\u00e7mek i\u00e7in indi-bindi \u00fccretlerine y\u00fczde 50 zam yapma karar\u0131 ald\u0131k.&#8221;<\/p>\n<p>ZAM SONRASI BA\u015eKAN MUH\u0130TT\u0130N B\u00d6CEK\u2019E TE\u015eEKK\u00dcR <\/p>\n<p>Konuya ili\u015fkin sosyal medya hesab\u0131 X&#8217;de yaz\u0131l\u0131 bir a\u00e7\u0131klama yay\u0131nlayan Alkan, &#8220;Taksimetre zam tarifemiz t\u00fcm esnaf\u0131m\u0131za hay\u0131rl\u0131 ve u\u011furlu olsun. Bu s\u00fcre\u00e7te desteklerini esirgemeyen B\u00fcy\u00fck\u015fehir Belediye Ba\u015fkan\u0131m\u0131z Say\u0131n Muhittin B\u00f6cek\u2019e, esnaf\u0131m\u0131z ve \u015fahs\u0131m ad\u0131na te\u015fekk\u00fcr ederim. Teta\u015f ve Atak marka taksimetreye sahip esnaf\u0131m\u0131z, 29 May\u0131s Per\u015fembe\u2019yi Cuma\u2019ya ba\u011flayan gece saat 00:00\u2019dan itibaren ge\u00e7erli olacak zaml\u0131 tarifelerini, Odam\u0131z\u0131n Taksimetre Birimi\u2019ne gelerek y\u00fckletebilirler. Alberen ve Desta\u015f marka taksimetreye sahip esnaf\u0131m\u0131z ise, Alt\u0131nova Yolu \u00fczerindeki Kaan Taksimetre\u2019de y\u00fckleme i\u015flemlerini yapt\u0131rabilirler. Uzaktan tarife g\u00fcncelleme sistemine sahip taksimetresi bulunan esnaf\u0131m\u0131z ise, ilgili firmalarla ileti\u015fime ge\u00e7melidir. T\u00fcm esnaf\u0131m\u0131za hay\u0131rl\u0131 i\u015fler, bol kazan\u00e7lar ve kazas\u0131z s\u00fcr\u00fc\u015fler dileriz\u201d ifadelerini kulland\u0131.<\/p>\n<p>\u200bAntalya\u2019da taksi \u00fccretlerine gelen son zam, vatanda\u015flar\u0131n tepkisine neden oldu. Antalya \u015eof\u00f6rler Odas\u0131 Ba\u015fkan\u0131 Mehmet Ali Alkan&#8217;, indi bindi \u00fccreti ba\u015fta olmak \u00fczere zamlarla ilgili a\u00e7\u0131klama yapt\u0131. \u0130\u015fte ayr\u0131nt\u0131lar&#8230;\u00a0<\/p>\n<p>\u200bHaberin Al\u0131nt\u0131land\u0131\u011f\u0131 Kaynak: www.antalyakorfez.com<\/p>","protected":false},"excerpt":{"rendered":"<p>Antalya \u015eof\u00f6rler Odas\u0131 Ba\u015fkan\u0131 Mehmet Ali Alkan, Kurban Bayram\u0131 \u00f6ncesi uygulanacak yeni taksimetre zam tarifesini duyurdu. Yeni tarifede indi-bindi \u00fccreti 150 TL olarak belirlenirken, taksimetre a\u00e7\u0131l\u0131\u015f \u00fccreti ise 30 TL oldu. \u0130ndi-bindi \u00fccretine yap\u0131lan y\u00fczde 50 zam oran\u0131n\u0131 ele alan Alkan, \u201cK\u0131sa mesafe yolcu ta\u015f\u0131mac\u0131l\u0131\u011f\u0131nda esnaf\u0131m\u0131z\u0131n ma\u011fduriyet ya\u015famamas\u0131 i\u00e7in indi-bindi \u00fccretini 150 TL olarak belirledik. K\u0131sa mesafe yolcu alan arkada\u015f\u0131m\u0131z dura\u011f\u0131na d\u00f6nd\u00fc\u011f\u00fc zaman yeni bir yolcu alabilmek i\u00e7in saatlerce beklemek zorunda kal\u0131yor\u201d dedi. TAKS\u0130C\u0130LER KISA MESAFE YOLCU ALMAK \u0130STEM\u0130YOR Antalya\u2019da \u00f6zellikle yaz d\u00f6neminde k\u0131sa mesafe yolcu ta\u015f\u0131mac\u0131l\u0131\u011f\u0131 yapmak istemeyen taksici esnaf\u0131 bu y\u00f6n\u00fcyle tepki \u00e7ekiyordu. Oda Ba\u015fkan\u0131 Mehmet Ali Alkan, k\u0131sa mesafe yolcu kabul eden taksici esnaf\u0131n\u0131n ma\u011fduriyet ya\u015fad\u0131\u011f\u0131n\u0131, bu ma\u011fduriyetin \u00f6n\u00fcne ge\u00e7mek i\u00e7in indi-bindi \u00fccretini 100 TL\u2019den 150 TL\u2019ye \u00e7\u0131kartt\u0131klar\u0131n\u0131 ifade etti. Alkan, \u015funlar\u0131 kaydetti: &#8220;Esnaf\u0131m\u0131z\u0131n k\u0131sa mesafe ta\u015f\u0131mac\u0131l\u0131kta ya\u015fad\u0131\u011f\u0131 ma\u011fduriyetin \u00f6n\u00fcne ge\u00e7mek i\u00e7in indi-bindi \u00fccretlerine y\u00fczde 50 zam yapma karar\u0131 ald\u0131k.&#8221; ZAM SONRASI BA\u015eKAN MUH\u0130TT\u0130N B\u00d6CEK\u2019E TE\u015eEKK\u00dcR Konuya ili\u015fkin sosyal medya hesab\u0131 X&#8217;de yaz\u0131l\u0131 bir a\u00e7\u0131klama yay\u0131nlayan Alkan, &#8220;Taksimetre zam tarifemiz t\u00fcm esnaf\u0131m\u0131za hay\u0131rl\u0131 ve u\u011furlu olsun. Bu s\u00fcre\u00e7te desteklerini esirgemeyen B\u00fcy\u00fck\u015fehir Belediye Ba\u015fkan\u0131m\u0131z Say\u0131n Muhittin B\u00f6cek\u2019e, esnaf\u0131m\u0131z ve \u015fahs\u0131m ad\u0131na te\u015fekk\u00fcr ederim. Teta\u015f ve Atak marka taksimetreye sahip esnaf\u0131m\u0131z, 29 May\u0131s Per\u015fembe\u2019yi Cuma\u2019ya ba\u011flayan gece saat 00:00\u2019dan &hellip;<\/p>","protected":false},"author":5,"featured_media":0,"comment_status":"","ping_status":"open","sticky":false,"template":"","format":"standard","meta":{"_acf_changed":false,"footnotes":""},"categories":[24],"tags":[],"class_list":["post-100441","post","type-post","status-publish","format-standard","has-post-thumbnail","hentry","category-gundem"],"acf":[],"yoast_head":"<!-- This site is optimized with the Yoast SEO Premium plugin v26.6 (Yoast SEO v27.1.1) - https:\/\/yoast.com\/product\/yoast-seo-premium-wordpress\/ -->\n<title>Antalya\u2019da taksilerin k\u0131sa mesafe hesab\u0131: Antalya \u015eof\u00f6rler Odas\u0131\u2019ndan a\u00e7\u0131klama geldi! - Av. Deniz Can K\u0131z\u0131l<\/title>\n<meta name=\"robots\" content=\"index, follow, max-snippet:-1, max-image-preview:large, max-video-preview:-1\" \/>\n<link rel=\"canonical\" href=\"http:\/\/denizcankizil.tr\/uk\/haberler\/gundem\/antalyada-taksilerin-kisa-mesafe-hesabi-antalya-soforler-odasindan-aciklama-geldi\/\" \/>\n<meta property=\"og:locale\" content=\"uk_UA\" \/>\n<meta property=\"og:type\" content=\"article\" \/>\n<meta property=\"og:title\" content=\"Antalya\u2019da taksilerin k\u0131sa mesafe hesab\u0131: Antalya \u015eof\u00f6rler Odas\u0131\u2019ndan a\u00e7\u0131klama geldi!\" \/>\n<meta property=\"og:description\" content=\"Antalya \u015eof\u00f6rler Odas\u0131 Ba\u015fkan\u0131 Mehmet Ali Alkan, Kurban Bayram\u0131 \u00f6ncesi uygulanacak yeni taksimetre zam tarifesini duyurdu. Yeni tarifede indi-bindi \u00fccreti 150 TL olarak belirlenirken, taksimetre a\u00e7\u0131l\u0131\u015f \u00fccreti ise 30 TL oldu. \u0130ndi-bindi \u00fccretine yap\u0131lan y\u00fczde 50 zam oran\u0131n\u0131 ele alan Alkan, \u201cK\u0131sa mesafe yolcu ta\u015f\u0131mac\u0131l\u0131\u011f\u0131nda esnaf\u0131m\u0131z\u0131n ma\u011fduriyet ya\u015famamas\u0131 i\u00e7in indi-bindi \u00fccretini 150 TL olarak belirledik. K\u0131sa mesafe yolcu alan arkada\u015f\u0131m\u0131z dura\u011f\u0131na d\u00f6nd\u00fc\u011f\u00fc zaman yeni bir yolcu alabilmek i\u00e7in saatlerce beklemek zorunda kal\u0131yor\u201d dedi. TAKS\u0130C\u0130LER KISA MESAFE YOLCU ALMAK \u0130STEM\u0130YOR Antalya\u2019da \u00f6zellikle yaz d\u00f6neminde k\u0131sa mesafe yolcu ta\u015f\u0131mac\u0131l\u0131\u011f\u0131 yapmak istemeyen taksici esnaf\u0131 bu y\u00f6n\u00fcyle tepki \u00e7ekiyordu. Oda Ba\u015fkan\u0131 Mehmet Ali Alkan, k\u0131sa mesafe yolcu kabul eden taksici esnaf\u0131n\u0131n ma\u011fduriyet ya\u015fad\u0131\u011f\u0131n\u0131, bu ma\u011fduriyetin \u00f6n\u00fcne ge\u00e7mek i\u00e7in indi-bindi \u00fccretini 100 TL\u2019den 150 TL\u2019ye \u00e7\u0131kartt\u0131klar\u0131n\u0131 ifade etti. Alkan, \u015funlar\u0131 kaydetti: &#8220;Esnaf\u0131m\u0131z\u0131n k\u0131sa mesafe ta\u015f\u0131mac\u0131l\u0131kta ya\u015fad\u0131\u011f\u0131 ma\u011fduriyetin \u00f6n\u00fcne ge\u00e7mek i\u00e7in indi-bindi \u00fccretlerine y\u00fczde 50 zam yapma karar\u0131 ald\u0131k.&#8221; ZAM SONRASI BA\u015eKAN MUH\u0130TT\u0130N B\u00d6CEK\u2019E TE\u015eEKK\u00dcR Konuya ili\u015fkin sosyal medya hesab\u0131 X&#8217;de yaz\u0131l\u0131 bir a\u00e7\u0131klama yay\u0131nlayan Alkan, &#8220;Taksimetre zam tarifemiz t\u00fcm esnaf\u0131m\u0131za hay\u0131rl\u0131 ve u\u011furlu olsun. Bu s\u00fcre\u00e7te desteklerini esirgemeyen B\u00fcy\u00fck\u015fehir Belediye Ba\u015fkan\u0131m\u0131z Say\u0131n Muhittin B\u00f6cek\u2019e, esnaf\u0131m\u0131z ve \u015fahs\u0131m ad\u0131na te\u015fekk\u00fcr ederim. Teta\u015f ve Atak marka taksimetreye sahip esnaf\u0131m\u0131z, 29 May\u0131s Per\u015fembe\u2019yi Cuma\u2019ya ba\u011flayan gece saat 00:00\u2019dan &hellip;\" \/>\n<meta property=\"og:url\" content=\"http:\/\/denizcankizil.tr\/uk\/haberler\/gundem\/antalyada-taksilerin-kisa-mesafe-hesabi-antalya-soforler-odasindan-aciklama-geldi\/\" \/>\n<meta property=\"og:site_name\" content=\"Av. Deniz Can K\u0131z\u0131l\" \/>\n<meta property=\"article:published_time\" content=\"2025-05-29T08:41:49+00:00\" \/>\n<meta name=\"author\" content=\"Antalya K\u00f6rfez\" \/>\n<meta name=\"twitter:card\" content=\"summary_large_image\" \/>\n<meta name=\"twitter:label1\" content=\"\u041d\u0430\u043f\u0438\u0441\u0430\u043d\u043e\" \/>\n\t<meta name=\"twitter:data1\" content=\"Antalya K\u00f6rfez\" \/>\n\t<meta name=\"twitter:label2\" content=\"\u041f\u0440\u0438\u0431\u043b. \u0447\u0430\u0441 \u0447\u0438\u0442\u0430\u043d\u043d\u044f\" \/>\n\t<meta name=\"twitter:data2\" content=\"2 \u0445\u0432\u0438\u043b\u0438\u043d\u0438\" \/>\n<script type=\"application\/ld+json\" class=\"yoast-schema-graph\">{\"@context\":\"https:\/\/schema.org\",\"@graph\":[{\"@type\":\"Article\",\"@id\":\"http:\/\/denizcankizil.tr\/ru\/haberler\/gundem\/antalyada-taksilerin-kisa-mesafe-hesabi-antalya-soforler-odasindan-aciklama-geldi\/#article\",\"isPartOf\":{\"@id\":\"http:\/\/denizcankizil.tr\/ru\/haberler\/gundem\/antalyada-taksilerin-kisa-mesafe-hesabi-antalya-soforler-odasindan-aciklama-geldi\/\"},\"author\":{\"name\":\"Antalya K\u00f6rfez\",\"@id\":\"https:\/\/denizcankizil.tr\/de\/#\/schema\/person\/e1eb71bb4dd684d46563f0af307e1234\"},\"headline\":\"Antalya\u2019da taksilerin k\u0131sa mesafe hesab\u0131: Antalya \u015eof\u00f6rler Odas\u0131\u2019ndan a\u00e7\u0131klama geldi!\",\"datePublished\":\"2025-05-29T08:41:49+00:00\",\"mainEntityOfPage\":{\"@id\":\"http:\/\/denizcankizil.tr\/ru\/haberler\/gundem\/antalyada-taksilerin-kisa-mesafe-hesabi-antalya-soforler-odasindan-aciklama-geldi\/\"},\"wordCount\":433,\"publisher\":{\"@id\":\"https:\/\/denizcankizil.tr\/de\/#organization\"},\"articleSection\":[\"G\u00fcndem\"],\"inLanguage\":\"uk\"},{\"@type\":\"WebPage\",\"@id\":\"http:\/\/denizcankizil.tr\/ru\/haberler\/gundem\/antalyada-taksilerin-kisa-mesafe-hesabi-antalya-soforler-odasindan-aciklama-geldi\/\",\"url\":\"http:\/\/denizcankizil.tr\/ru\/haberler\/gundem\/antalyada-taksilerin-kisa-mesafe-hesabi-antalya-soforler-odasindan-aciklama-geldi\/\",\"name\":\"Antalya\u2019da taksilerin k\u0131sa mesafe hesab\u0131: Antalya \u015eof\u00f6rler Odas\u0131\u2019ndan a\u00e7\u0131klama geldi! - Av. Deniz Can K\u0131z\u0131l\",\"isPartOf\":{\"@id\":\"https:\/\/denizcankizil.tr\/de\/#website\"},\"datePublished\":\"2025-05-29T08:41:49+00:00\",\"breadcrumb\":{\"@id\":\"http:\/\/denizcankizil.tr\/ru\/haberler\/gundem\/antalyada-taksilerin-kisa-mesafe-hesabi-antalya-soforler-odasindan-aciklama-geldi\/#breadcrumb\"},\"inLanguage\":\"uk\",\"potentialAction\":[{\"@type\":\"ReadAction\",\"target\":[\"http:\/\/denizcankizil.tr\/ru\/haberler\/gundem\/antalyada-taksilerin-kisa-mesafe-hesabi-antalya-soforler-odasindan-aciklama-geldi\/\"]}]},{\"@type\":\"BreadcrumbList\",\"@id\":\"http:\/\/denizcankizil.tr\/ru\/haberler\/gundem\/antalyada-taksilerin-kisa-mesafe-hesabi-antalya-soforler-odasindan-aciklama-geldi\/#breadcrumb\",\"itemListElement\":[{\"@type\":\"ListItem\",\"position\":1,\"name\":\"Home\",\"item\":\"https:\/\/denizcankizil.tr\/de\/\"},{\"@type\":\"ListItem\",\"position\":2,\"name\":\"Antalya\u2019da taksilerin k\u0131sa mesafe hesab\u0131: Antalya \u015eof\u00f6rler Odas\u0131\u2019ndan a\u00e7\u0131klama geldi!\"}]},{\"@type\":\"WebSite\",\"@id\":\"https:\/\/denizcankizil.tr\/de\/#website\",\"url\":\"https:\/\/denizcankizil.tr\/de\/\",\"name\":\"Av. Deniz Can K\u0131z\u0131l\",\"description\":\"Avukat Deniz Can K\u0131z\u0131l Antalya Barosu\",\"publisher\":{\"@id\":\"https:\/\/denizcankizil.tr\/de\/#organization\"},\"potentialAction\":[{\"@type\":\"SearchAction\",\"target\":{\"@type\":\"EntryPoint\",\"urlTemplate\":\"https:\/\/denizcankizil.tr\/de\/?s={search_term_string}\"},\"query-input\":{\"@type\":\"PropertyValueSpecification\",\"valueRequired\":true,\"valueName\":\"search_term_string\"}}],\"inLanguage\":\"uk\"},{\"@type\":\"Organization\",\"@id\":\"https:\/\/denizcankizil.tr\/de\/#organization\",\"name\":\"Av. Deniz Can K\u0131z\u0131l\",\"url\":\"https:\/\/denizcankizil.tr\/de\/\",\"logo\":{\"@type\":\"ImageObject\",\"inLanguage\":\"uk\",\"@id\":\"https:\/\/denizcankizil.tr\/de\/#\/schema\/logo\/image\/\",\"url\":\"http:\/\/denizcankizil.tr\/wp-content\/uploads\/2024\/10\/siyah-logo-svg.svg\",\"contentUrl\":\"http:\/\/denizcankizil.tr\/wp-content\/uploads\/2024\/10\/siyah-logo-svg.svg\",\"width\":1080,\"height\":1080,\"caption\":\"Av. Deniz Can K\u0131z\u0131l\"},\"image\":{\"@id\":\"https:\/\/denizcankizil.tr\/de\/#\/schema\/logo\/image\/\"}},{\"@type\":\"Person\",\"@id\":\"https:\/\/denizcankizil.tr\/de\/#\/schema\/person\/e1eb71bb4dd684d46563f0af307e1234\",\"name\":\"Antalya K\u00f6rfez\",\"image\":{\"@type\":\"ImageObject\",\"inLanguage\":\"uk\",\"@id\":\"https:\/\/denizcankizil.tr\/de\/#\/schema\/person\/image\/\",\"url\":\"https:\/\/secure.gravatar.com\/avatar\/42b01982558a48a0b501fdcab6a408d3717ea5919095ee2e67b0e521799c5905?s=96&d=mm&r=g\",\"contentUrl\":\"https:\/\/secure.gravatar.com\/avatar\/42b01982558a48a0b501fdcab6a408d3717ea5919095ee2e67b0e521799c5905?s=96&d=mm&r=g\",\"caption\":\"Antalya K\u00f6rfez\"},\"sameAs\":[\"http:\/\/www.antalyakorfez.com\"],\"url\":\"https:\/\/www.antalyakorfez.com\/antalyada-taksilerin-kisa-mesafe-hesabi-antalya-soforler-odasindan-aciklama-geldi\"}]}<\/script>\n<!-- \/ Yoast SEO Premium plugin. -->","yoast_head_json":{"title":"Antalya\u2019da taksilerin k\u0131sa mesafe hesab\u0131: Antalya \u015eof\u00f6rler Odas\u0131\u2019ndan a\u00e7\u0131klama geldi! - Av. Deniz Can K\u0131z\u0131l","robots":{"index":"index","follow":"follow","max-snippet":"max-snippet:-1","max-image-preview":"max-image-preview:large","max-video-preview":"max-video-preview:-1"},"canonical":"http:\/\/denizcankizil.tr\/uk\/haberler\/gundem\/antalyada-taksilerin-kisa-mesafe-hesabi-antalya-soforler-odasindan-aciklama-geldi\/","og_locale":"uk_UA","og_type":"article","og_title":"Antalya\u2019da taksilerin k\u0131sa mesafe hesab\u0131: Antalya \u015eof\u00f6rler Odas\u0131\u2019ndan a\u00e7\u0131klama geldi!","og_description":"Antalya \u015eof\u00f6rler Odas\u0131 Ba\u015fkan\u0131 Mehmet Ali Alkan, Kurban Bayram\u0131 \u00f6ncesi uygulanacak yeni taksimetre zam tarifesini duyurdu. Yeni tarifede indi-bindi \u00fccreti 150 TL olarak belirlenirken, taksimetre a\u00e7\u0131l\u0131\u015f \u00fccreti ise 30 TL oldu. \u0130ndi-bindi \u00fccretine yap\u0131lan y\u00fczde 50 zam oran\u0131n\u0131 ele alan Alkan, \u201cK\u0131sa mesafe yolcu ta\u015f\u0131mac\u0131l\u0131\u011f\u0131nda esnaf\u0131m\u0131z\u0131n ma\u011fduriyet ya\u015famamas\u0131 i\u00e7in indi-bindi \u00fccretini 150 TL olarak belirledik. K\u0131sa mesafe yolcu alan arkada\u015f\u0131m\u0131z dura\u011f\u0131na d\u00f6nd\u00fc\u011f\u00fc zaman yeni bir yolcu alabilmek i\u00e7in saatlerce beklemek zorunda kal\u0131yor\u201d dedi. TAKS\u0130C\u0130LER KISA MESAFE YOLCU ALMAK \u0130STEM\u0130YOR Antalya\u2019da \u00f6zellikle yaz d\u00f6neminde k\u0131sa mesafe yolcu ta\u015f\u0131mac\u0131l\u0131\u011f\u0131 yapmak istemeyen taksici esnaf\u0131 bu y\u00f6n\u00fcyle tepki \u00e7ekiyordu. Oda Ba\u015fkan\u0131 Mehmet Ali Alkan, k\u0131sa mesafe yolcu kabul eden taksici esnaf\u0131n\u0131n ma\u011fduriyet ya\u015fad\u0131\u011f\u0131n\u0131, bu ma\u011fduriyetin \u00f6n\u00fcne ge\u00e7mek i\u00e7in indi-bindi \u00fccretini 100 TL\u2019den 150 TL\u2019ye \u00e7\u0131kartt\u0131klar\u0131n\u0131 ifade etti. Alkan, \u015funlar\u0131 kaydetti: &#8220;Esnaf\u0131m\u0131z\u0131n k\u0131sa mesafe ta\u015f\u0131mac\u0131l\u0131kta ya\u015fad\u0131\u011f\u0131 ma\u011fduriyetin \u00f6n\u00fcne ge\u00e7mek i\u00e7in indi-bindi \u00fccretlerine y\u00fczde 50 zam yapma karar\u0131 ald\u0131k.&#8221; ZAM SONRASI BA\u015eKAN MUH\u0130TT\u0130N B\u00d6CEK\u2019E TE\u015eEKK\u00dcR Konuya ili\u015fkin sosyal medya hesab\u0131 X&#8217;de yaz\u0131l\u0131 bir a\u00e7\u0131klama yay\u0131nlayan Alkan, &#8220;Taksimetre zam tarifemiz t\u00fcm esnaf\u0131m\u0131za hay\u0131rl\u0131 ve u\u011furlu olsun. Bu s\u00fcre\u00e7te desteklerini esirgemeyen B\u00fcy\u00fck\u015fehir Belediye Ba\u015fkan\u0131m\u0131z Say\u0131n Muhittin B\u00f6cek\u2019e, esnaf\u0131m\u0131z ve \u015fahs\u0131m ad\u0131na te\u015fekk\u00fcr ederim. Teta\u015f ve Atak marka taksimetreye sahip esnaf\u0131m\u0131z, 29 May\u0131s Per\u015fembe\u2019yi Cuma\u2019ya ba\u011flayan gece saat 00:00\u2019dan &hellip;","og_url":"http:\/\/denizcankizil.tr\/uk\/haberler\/gundem\/antalyada-taksilerin-kisa-mesafe-hesabi-antalya-soforler-odasindan-aciklama-geldi\/","og_site_name":"Av. Deniz Can K\u0131z\u0131l","article_published_time":"2025-05-29T08:41:49+00:00","author":"Antalya K\u00f6rfez","twitter_card":"summary_large_image","twitter_misc":{"\u041d\u0430\u043f\u0438\u0441\u0430\u043d\u043e":"Antalya K\u00f6rfez","\u041f\u0440\u0438\u0431\u043b. \u0447\u0430\u0441 \u0447\u0438\u0442\u0430\u043d\u043d\u044f":"2 \u0445\u0432\u0438\u043b\u0438\u043d\u0438"},"schema":{"@context":"https:\/\/schema.org","@graph":[{"@type":"Article","@id":"http:\/\/denizcankizil.tr\/ru\/haberler\/gundem\/antalyada-taksilerin-kisa-mesafe-hesabi-antalya-soforler-odasindan-aciklama-geldi\/#article","isPartOf":{"@id":"http:\/\/denizcankizil.tr\/ru\/haberler\/gundem\/antalyada-taksilerin-kisa-mesafe-hesabi-antalya-soforler-odasindan-aciklama-geldi\/"},"author":{"name":"Antalya K\u00f6rfez","@id":"https:\/\/denizcankizil.tr\/de\/#\/schema\/person\/e1eb71bb4dd684d46563f0af307e1234"},"headline":"Antalya\u2019da taksilerin k\u0131sa mesafe hesab\u0131: Antalya \u015eof\u00f6rler Odas\u0131\u2019ndan a\u00e7\u0131klama geldi!","datePublished":"2025-05-29T08:41:49+00:00","mainEntityOfPage":{"@id":"http:\/\/denizcankizil.tr\/ru\/haberler\/gundem\/antalyada-taksilerin-kisa-mesafe-hesabi-antalya-soforler-odasindan-aciklama-geldi\/"},"wordCount":433,"publisher":{"@id":"https:\/\/denizcankizil.tr\/de\/#organization"},"articleSection":["G\u00fcndem"],"inLanguage":"uk"},{"@type":"WebPage","@id":"http:\/\/denizcankizil.tr\/ru\/haberler\/gundem\/antalyada-taksilerin-kisa-mesafe-hesabi-antalya-soforler-odasindan-aciklama-geldi\/","url":"http:\/\/denizcankizil.tr\/ru\/haberler\/gundem\/antalyada-taksilerin-kisa-mesafe-hesabi-antalya-soforler-odasindan-aciklama-geldi\/","name":"Antalya\u2019da taksilerin k\u0131sa mesafe hesab\u0131: Antalya \u015eof\u00f6rler Odas\u0131\u2019ndan a\u00e7\u0131klama geldi! - Av. Deniz Can K\u0131z\u0131l","isPartOf":{"@id":"https:\/\/denizcankizil.tr\/de\/#website"},"datePublished":"2025-05-29T08:41:49+00:00","breadcrumb":{"@id":"http:\/\/denizcankizil.tr\/ru\/haberler\/gundem\/antalyada-taksilerin-kisa-mesafe-hesabi-antalya-soforler-odasindan-aciklama-geldi\/#breadcrumb"},"inLanguage":"uk","potentialAction":[{"@type":"ReadAction","target":["http:\/\/denizcankizil.tr\/ru\/haberler\/gundem\/antalyada-taksilerin-kisa-mesafe-hesabi-antalya-soforler-odasindan-aciklama-geldi\/"]}]},{"@type":"BreadcrumbList","@id":"http:\/\/denizcankizil.tr\/ru\/haberler\/gundem\/antalyada-taksilerin-kisa-mesafe-hesabi-antalya-soforler-odasindan-aciklama-geldi\/#breadcrumb","itemListElement":[{"@type":"ListItem","position":1,"name":"Home","item":"https:\/\/denizcankizil.tr\/de\/"},{"@type":"ListItem","position":2,"name":"Antalya\u2019da taksilerin k\u0131sa mesafe hesab\u0131: Antalya \u015eof\u00f6rler Odas\u0131\u2019ndan a\u00e7\u0131klama geldi!"}]},{"@type":"WebSite","@id":"https:\/\/denizcankizil.tr\/de\/#website","url":"https:\/\/denizcankizil.tr\/de\/","name":"Av. Deniz Can K\u0131z\u0131l","description":"Avukat Deniz Can K\u0131z\u0131l Antalya Barosu","publisher":{"@id":"https:\/\/denizcankizil.tr\/de\/#organization"},"potentialAction":[{"@type":"SearchAction","target":{"@type":"EntryPoint","urlTemplate":"https:\/\/denizcankizil.tr\/de\/?s={search_term_string}"},"query-input":{"@type":"PropertyValueSpecification","valueRequired":true,"valueName":"search_term_string"}}],"inLanguage":"uk"},{"@type":"Organization","@id":"https:\/\/denizcankizil.tr\/de\/#organization","name":"Av. Deniz Can K\u0131z\u0131l","url":"https:\/\/denizcankizil.tr\/de\/","logo":{"@type":"ImageObject","inLanguage":"uk","@id":"https:\/\/denizcankizil.tr\/de\/#\/schema\/logo\/image\/","url":"http:\/\/denizcankizil.tr\/wp-content\/uploads\/2024\/10\/siyah-logo-svg.svg","contentUrl":"http:\/\/denizcankizil.tr\/wp-content\/uploads\/2024\/10\/siyah-logo-svg.svg","width":1080,"height":1080,"caption":"Av. Deniz Can K\u0131z\u0131l"},"image":{"@id":"https:\/\/denizcankizil.tr\/de\/#\/schema\/logo\/image\/"}},{"@type":"Person","@id":"https:\/\/denizcankizil.tr\/de\/#\/schema\/person\/e1eb71bb4dd684d46563f0af307e1234","name":"Antalya K\u00f6rfez","image":{"@type":"ImageObject","inLanguage":"uk","@id":"https:\/\/denizcankizil.tr\/de\/#\/schema\/person\/image\/","url":"https:\/\/secure.gravatar.com\/avatar\/42b01982558a48a0b501fdcab6a408d3717ea5919095ee2e67b0e521799c5905?s=96&d=mm&r=g","contentUrl":"https:\/\/secure.gravatar.com\/avatar\/42b01982558a48a0b501fdcab6a408d3717ea5919095ee2e67b0e521799c5905?s=96&d=mm&r=g","caption":"Antalya K\u00f6rfez"},"sameAs":["http:\/\/www.antalyakorfez.com"],"url":"https:\/\/www.antalyakorfez.com\/antalyada-taksilerin-kisa-mesafe-hesabi-antalya-soforler-odasindan-aciklama-geldi"}]}},"_links":{"self":[{"href":"http:\/\/denizcankizil.tr\/uk\/wp-json\/wp\/v2\/posts\/100441","targetHints":{"allow":["GET"]}}],"collection":[{"href":"http:\/\/denizcankizil.tr\/uk\/wp-json\/wp\/v2\/posts"}],"about":[{"href":"http:\/\/denizcankizil.tr\/uk\/wp-json\/wp\/v2\/types\/post"}],"author":[{"embeddable":true,"href":"http:\/\/denizcankizil.tr\/uk\/wp-json\/wp\/v2\/users\/5"}],"replies":[{"embeddable":true,"href":"http:\/\/denizcankizil.tr\/uk\/wp-json\/wp\/v2\/comments?post=100441"}],"version-history":[{"count":0,"href":"http:\/\/denizcankizil.tr\/uk\/wp-json\/wp\/v2\/posts\/100441\/revisions"}],"wp:attachment":[{"href":"http:\/\/denizcankizil.tr\/uk\/wp-json\/wp\/v2\/media?parent=100441"}],"wp:term":[{"taxonomy":"category","embeddable":true,"href":"http:\/\/denizcankizil.tr\/uk\/wp-json\/wp\/v2\/categories?post=100441"},{"taxonomy":"post_tag","embeddable":true,"href":"http:\/\/denizcankizil.tr\/uk\/wp-json\/wp\/v2\/tags?post=100441"}],"curies":[{"name":"wp","href":"https:\/\/api.w.org\/{rel}","templated":true}]}}