{"id":99516,"date":"2025-05-28T13:42:20","date_gmt":"2025-05-28T10:42:20","guid":{"rendered":"https:\/\/denizcankizil.tr\/uncategorized-tr\/umkeden-enkaz-arama-kurtarma-tatbikati\/"},"modified":"2025-05-28T13:42:20","modified_gmt":"2025-05-28T10:42:20","slug":"umkeden-enkaz-arama-kurtarma-tatbikati","status":"publish","type":"post","link":"http:\/\/denizcankizil.tr\/ru\/haberler\/gundem\/umkeden-enkaz-arama-kurtarma-tatbikati\/","title":{"rendered":"UMKE\u2019den enkaz arama kurtarma tatbikat\u0131"},"content":{"rendered":"<p>\u0130skenderun Sakarya Mahallesi Ziraat Park yak\u0131nlar\u0131nda yap\u0131lan tatbikatta, senaryo gere\u011fi \u00e7\u00f6ken bir binan\u0131n enkaz\u0131 alt\u0131nda kalan vatanda\u015flar\u0131n kurtar\u0131lmas\u0131 canland\u0131r\u0131ld\u0131. UMKE birimine gelen ihbar \u00fczerine h\u0131zla olay yerine ula\u015fan ekipler, AFAD i\u015f birli\u011fiyle enkaz alt\u0131ndaki yaral\u0131lara m\u00fcdahalede bulundu. Yaral\u0131lardan biri sahra hastanesine k\u0131sa s\u00fcrede g\u00fcvenli bir \u015fekilde ta\u015f\u0131n\u0131rken, di\u011fer yaral\u0131n\u0131n kurtar\u0131lmas\u0131 i\u00e7in ekipler zamanla yar\u0131\u015ft\u0131.<\/p>\n<p>Acil T\u0131p Teknisyenleri ve Teknikerleri Derne\u011fi eski Genel Ba\u015fkan\u0131 Acil T\u0131p Teknisyeni Abdullah Baltac\u0131, Tatbikat s\u0131ras\u0131nda yapt\u0131\u011f\u0131 a\u00e7\u0131klamada, enkazda iki yaral\u0131n\u0131n bulundu\u011funu ve UMKE ekiplerinin m\u00fcdahalesiyle birinci yaral\u0131n\u0131n &#8220;tra\u015f sendromu&#8221; tan\u0131s\u0131 ile sahra hastanesine ula\u015ft\u0131r\u0131ld\u0131\u011f\u0131n\u0131 ifade etti.<\/p>\n<p>\u0130kinci yaral\u0131n\u0131n ise sol kolunda ampute durumu oldu\u011fu, kanaman\u0131n durdurulmas\u0131 i\u00e7in m\u00fcdahale yap\u0131ld\u0131\u011f\u0131 ve k\u0131sa s\u00fcrede sa\u011fl\u0131k noktas\u0131na nakledilece\u011fi aktaran Abdullah Baltac\u0131 yaral\u0131lar\u0131n haz\u0131r bekletilen ambulanslarla en uygun hastaneye sevkinin sa\u011fland\u0131\u011f\u0131n\u0131 kaydetti.<\/p>\n<p>Ger\u00e7ekle\u015ftirilen tatbikat, UMKE ekiplerinin afet anlar\u0131nda h\u0131zl\u0131 ve etkili m\u00fcdahale kabiliyetini bir kez daha ortaya koyarken, vatanda\u015flar da tatbikat\u0131 b\u00fcy\u00fck bir ilgi ve heyecanla takip etti.<\/p>\n<p>UMKE\u2019N\u0130N TAR\u0130H\u00c7ES\u0130 VE YAPILANMASI<\/p>\n<p>Sa\u011fl\u0131k Bakanl\u0131\u011f\u0131 taraf\u0131ndan 30 Aral\u0131k 2003 tarihinde ba\u015flat\u0131lan \u201cAfetlerde Sa\u011fl\u0131k Organizasyonu Projesi\u201d kapsam\u0131nda kurulan UMKE, ilk olarak 11 ilde faaliyete ge\u00e7ti. Ard\u0131ndan 21 b\u00f6lge koordinat\u00f6rl\u00fc\u011f\u00fc arac\u0131l\u0131\u011f\u0131yla 81 ilde yap\u0131lanmas\u0131n\u0131 tamamlayan UMKE, afetlerde sa\u011fl\u0131k hizmetlerinin kesintisiz ve etkin \u015fekilde y\u00fcr\u00fct\u00fclmesini ama\u00e7l\u0131yor.<\/p>\n<p>24 Ocak 2020 Elaz\u0131\u011f, 30 Ekim 2020 \u0130zmir ve 6 \u015eubat 2023 Kahramanmara\u015f merkezli depremler gibi b\u00fcy\u00fck afetlerden edinilen tecr\u00fcbeler do\u011frultusunda, 17 May\u0131s 2023 tarihli Bakanl\u0131k Makam Onay\u0131 ile &#8220;Afetlerde Sa\u011fl\u0131k Hizmetleri ve UMKE B\u00f6lge Koordinat\u00f6rl\u00fc\u011f\u00fc&#8221; olarak yeniden yap\u0131land\u0131r\u0131ld\u0131. Yeni yap\u0131lanma kapsam\u0131nda T\u00fcrkiye genelinde 30 b\u00f6lge koordinat\u00f6rl\u00fc\u011f\u00fc olu\u015fturularak afetlere m\u00fcdahale kapasitesi art\u0131r\u0131ld\u0131.<\/p>\n<p>\u200bSa\u011fl\u0131k Bakanl\u0131\u011f\u0131 Acil Sa\u011fl\u0131k Hizmetleri Genel M\u00fcd\u00fcrl\u00fc\u011f\u00fc Afet ve Acil Durum Y\u00f6netimi Daire Ba\u015fkanl\u0131\u011f\u0131\u2019na ba\u011fl\u0131 Ulusal Medikal Kurtarma Ekipleri (UMKE), Hatay\u2019\u0131n \u0130skenderun il\u00e7esinde ger\u00e7e\u011fini aratmayan bir enkaz kurtarma tatbikat\u0131 ger\u00e7ekle\u015ftirdi.\u00a0<\/p>\n<p>\u200bHaberin Al\u0131nt\u0131land\u0131\u011f\u0131 Kaynak: www.iskenderun.org<\/p>","protected":false},"excerpt":{"rendered":"<p>\u0130skenderun Sakarya Mahallesi Ziraat Park yak\u0131nlar\u0131nda yap\u0131lan tatbikatta, senaryo gere\u011fi \u00e7\u00f6ken bir binan\u0131n enkaz\u0131 alt\u0131nda kalan vatanda\u015flar\u0131n kurtar\u0131lmas\u0131 canland\u0131r\u0131ld\u0131. UMKE birimine gelen ihbar \u00fczerine h\u0131zla olay yerine ula\u015fan ekipler, AFAD i\u015f birli\u011fiyle enkaz alt\u0131ndaki yaral\u0131lara m\u00fcdahalede bulundu. Yaral\u0131lardan biri sahra hastanesine k\u0131sa s\u00fcrede g\u00fcvenli bir \u015fekilde ta\u015f\u0131n\u0131rken, di\u011fer yaral\u0131n\u0131n kurtar\u0131lmas\u0131 i\u00e7in ekipler zamanla yar\u0131\u015ft\u0131. Acil T\u0131p Teknisyenleri ve Teknikerleri Derne\u011fi eski Genel Ba\u015fkan\u0131 Acil T\u0131p Teknisyeni Abdullah Baltac\u0131, Tatbikat s\u0131ras\u0131nda yapt\u0131\u011f\u0131 a\u00e7\u0131klamada, enkazda iki yaral\u0131n\u0131n bulundu\u011funu ve UMKE ekiplerinin m\u00fcdahalesiyle birinci yaral\u0131n\u0131n &#8220;tra\u015f sendromu&#8221; tan\u0131s\u0131 ile sahra hastanesine ula\u015ft\u0131r\u0131ld\u0131\u011f\u0131n\u0131 ifade etti. \u0130kinci yaral\u0131n\u0131n ise sol kolunda ampute durumu oldu\u011fu, kanaman\u0131n durdurulmas\u0131 i\u00e7in m\u00fcdahale yap\u0131ld\u0131\u011f\u0131 ve k\u0131sa s\u00fcrede sa\u011fl\u0131k noktas\u0131na nakledilece\u011fi aktaran Abdullah Baltac\u0131 yaral\u0131lar\u0131n haz\u0131r bekletilen ambulanslarla en uygun hastaneye sevkinin sa\u011fland\u0131\u011f\u0131n\u0131 kaydetti. Ger\u00e7ekle\u015ftirilen tatbikat, UMKE ekiplerinin afet anlar\u0131nda h\u0131zl\u0131 ve etkili m\u00fcdahale kabiliyetini bir kez daha ortaya koyarken, vatanda\u015flar da tatbikat\u0131 b\u00fcy\u00fck bir ilgi ve heyecanla takip etti. UMKE\u2019N\u0130N TAR\u0130H\u00c7ES\u0130 VE YAPILANMASI Sa\u011fl\u0131k Bakanl\u0131\u011f\u0131 taraf\u0131ndan 30 Aral\u0131k 2003 tarihinde ba\u015flat\u0131lan \u201cAfetlerde Sa\u011fl\u0131k Organizasyonu Projesi\u201d kapsam\u0131nda kurulan UMKE, ilk olarak 11 ilde faaliyete ge\u00e7ti. Ard\u0131ndan 21 b\u00f6lge koordinat\u00f6rl\u00fc\u011f\u00fc arac\u0131l\u0131\u011f\u0131yla 81 ilde yap\u0131lanmas\u0131n\u0131 tamamlayan UMKE, afetlerde sa\u011fl\u0131k hizmetlerinin kesintisiz ve etkin \u015fekilde y\u00fcr\u00fct\u00fclmesini ama\u00e7l\u0131yor. 24 Ocak 2020 Elaz\u0131\u011f, 30 Ekim 2020 &hellip;<\/p>","protected":false},"author":1,"featured_media":0,"comment_status":"","ping_status":"open","sticky":false,"template":"","format":"standard","meta":{"_acf_changed":false,"footnotes":""},"categories":[24],"tags":[],"class_list":["post-99516","post","type-post","status-publish","format-standard","has-post-thumbnail","hentry","category-gundem"],"acf":[],"yoast_head":"<!-- This site is optimized with the Yoast SEO Premium plugin v26.6 (Yoast SEO v27.1.1) - https:\/\/yoast.com\/product\/yoast-seo-premium-wordpress\/ -->\n<title>UMKE\u2019den enkaz arama kurtarma tatbikat\u0131 - Av. Deniz Can K\u0131z\u0131l<\/title>\n<meta name=\"robots\" content=\"index, follow, max-snippet:-1, max-image-preview:large, max-video-preview:-1\" \/>\n<link rel=\"canonical\" href=\"http:\/\/denizcankizil.tr\/ru\/haberler\/gundem\/umkeden-enkaz-arama-kurtarma-tatbikati\/\" \/>\n<meta property=\"og:locale\" content=\"ru_RU\" \/>\n<meta property=\"og:type\" content=\"article\" \/>\n<meta property=\"og:title\" content=\"UMKE\u2019den enkaz arama kurtarma tatbikat\u0131\" \/>\n<meta property=\"og:description\" content=\"\u0130skenderun Sakarya Mahallesi Ziraat Park yak\u0131nlar\u0131nda yap\u0131lan tatbikatta, senaryo gere\u011fi \u00e7\u00f6ken bir binan\u0131n enkaz\u0131 alt\u0131nda kalan vatanda\u015flar\u0131n kurtar\u0131lmas\u0131 canland\u0131r\u0131ld\u0131. UMKE birimine gelen ihbar \u00fczerine h\u0131zla olay yerine ula\u015fan ekipler, AFAD i\u015f birli\u011fiyle enkaz alt\u0131ndaki yaral\u0131lara m\u00fcdahalede bulundu. Yaral\u0131lardan biri sahra hastanesine k\u0131sa s\u00fcrede g\u00fcvenli bir \u015fekilde ta\u015f\u0131n\u0131rken, di\u011fer yaral\u0131n\u0131n kurtar\u0131lmas\u0131 i\u00e7in ekipler zamanla yar\u0131\u015ft\u0131. Acil T\u0131p Teknisyenleri ve Teknikerleri Derne\u011fi eski Genel Ba\u015fkan\u0131 Acil T\u0131p Teknisyeni Abdullah Baltac\u0131, Tatbikat s\u0131ras\u0131nda yapt\u0131\u011f\u0131 a\u00e7\u0131klamada, enkazda iki yaral\u0131n\u0131n bulundu\u011funu ve UMKE ekiplerinin m\u00fcdahalesiyle birinci yaral\u0131n\u0131n &#8220;tra\u015f sendromu&#8221; tan\u0131s\u0131 ile sahra hastanesine ula\u015ft\u0131r\u0131ld\u0131\u011f\u0131n\u0131 ifade etti. \u0130kinci yaral\u0131n\u0131n ise sol kolunda ampute durumu oldu\u011fu, kanaman\u0131n durdurulmas\u0131 i\u00e7in m\u00fcdahale yap\u0131ld\u0131\u011f\u0131 ve k\u0131sa s\u00fcrede sa\u011fl\u0131k noktas\u0131na nakledilece\u011fi aktaran Abdullah Baltac\u0131 yaral\u0131lar\u0131n haz\u0131r bekletilen ambulanslarla en uygun hastaneye sevkinin sa\u011fland\u0131\u011f\u0131n\u0131 kaydetti. Ger\u00e7ekle\u015ftirilen tatbikat, UMKE ekiplerinin afet anlar\u0131nda h\u0131zl\u0131 ve etkili m\u00fcdahale kabiliyetini bir kez daha ortaya koyarken, vatanda\u015flar da tatbikat\u0131 b\u00fcy\u00fck bir ilgi ve heyecanla takip etti. UMKE\u2019N\u0130N TAR\u0130H\u00c7ES\u0130 VE YAPILANMASI Sa\u011fl\u0131k Bakanl\u0131\u011f\u0131 taraf\u0131ndan 30 Aral\u0131k 2003 tarihinde ba\u015flat\u0131lan \u201cAfetlerde Sa\u011fl\u0131k Organizasyonu Projesi\u201d kapsam\u0131nda kurulan UMKE, ilk olarak 11 ilde faaliyete ge\u00e7ti. Ard\u0131ndan 21 b\u00f6lge koordinat\u00f6rl\u00fc\u011f\u00fc arac\u0131l\u0131\u011f\u0131yla 81 ilde yap\u0131lanmas\u0131n\u0131 tamamlayan UMKE, afetlerde sa\u011fl\u0131k hizmetlerinin kesintisiz ve etkin \u015fekilde y\u00fcr\u00fct\u00fclmesini ama\u00e7l\u0131yor. 24 Ocak 2020 Elaz\u0131\u011f, 30 Ekim 2020 &hellip;\" \/>\n<meta property=\"og:url\" content=\"http:\/\/denizcankizil.tr\/ru\/haberler\/gundem\/umkeden-enkaz-arama-kurtarma-tatbikati\/\" \/>\n<meta property=\"og:site_name\" content=\"Av. Deniz Can K\u0131z\u0131l\" \/>\n<meta property=\"article:published_time\" content=\"2025-05-28T10:42:20+00:00\" \/>\n<meta name=\"author\" content=\"admin\" \/>\n<meta name=\"twitter:card\" content=\"summary_large_image\" \/>\n<meta name=\"twitter:label1\" content=\"\u041d\u0430\u043f\u0438\u0441\u0430\u043d\u043e \u0430\u0432\u0442\u043e\u0440\u043e\u043c\" \/>\n\t<meta name=\"twitter:data1\" content=\"admin\" \/>\n\t<meta name=\"twitter:label2\" content=\"\u041f\u0440\u0438\u043c\u0435\u0440\u043d\u043e\u0435 \u0432\u0440\u0435\u043c\u044f \u0434\u043b\u044f \u0447\u0442\u0435\u043d\u0438\u044f\" \/>\n\t<meta name=\"twitter:data2\" content=\"2 \u043c\u0438\u043d\u0443\u0442\u044b\" \/>\n<script type=\"application\/ld+json\" class=\"yoast-schema-graph\">{\"@context\":\"https:\/\/schema.org\",\"@graph\":[{\"@type\":\"Article\",\"@id\":\"http:\/\/denizcankizil.tr\/ru\/haberler\/gundem\/umkeden-enkaz-arama-kurtarma-tatbikati\/#article\",\"isPartOf\":{\"@id\":\"http:\/\/denizcankizil.tr\/ru\/haberler\/gundem\/umkeden-enkaz-arama-kurtarma-tatbikati\/\"},\"author\":{\"name\":\"admin\",\"@id\":\"https:\/\/denizcankizil.tr\/#\/schema\/person\/be3c05fe6a12686905512445d8185489\"},\"headline\":\"UMKE\u2019den enkaz arama kurtarma tatbikat\u0131\",\"datePublished\":\"2025-05-28T10:42:20+00:00\",\"mainEntityOfPage\":{\"@id\":\"http:\/\/denizcankizil.tr\/ru\/haberler\/gundem\/umkeden-enkaz-arama-kurtarma-tatbikati\/\"},\"wordCount\":414,\"publisher\":{\"@id\":\"https:\/\/denizcankizil.tr\/#organization\"},\"articleSection\":[\"G\u00fcndem\"],\"inLanguage\":\"ru-RU\"},{\"@type\":\"WebPage\",\"@id\":\"http:\/\/denizcankizil.tr\/ru\/haberler\/gundem\/umkeden-enkaz-arama-kurtarma-tatbikati\/\",\"url\":\"http:\/\/denizcankizil.tr\/ru\/haberler\/gundem\/umkeden-enkaz-arama-kurtarma-tatbikati\/\",\"name\":\"UMKE\u2019den enkaz arama kurtarma tatbikat\u0131 - Av. Deniz Can K\u0131z\u0131l\",\"isPartOf\":{\"@id\":\"https:\/\/denizcankizil.tr\/#website\"},\"datePublished\":\"2025-05-28T10:42:20+00:00\",\"breadcrumb\":{\"@id\":\"http:\/\/denizcankizil.tr\/ru\/haberler\/gundem\/umkeden-enkaz-arama-kurtarma-tatbikati\/#breadcrumb\"},\"inLanguage\":\"ru-RU\",\"potentialAction\":[{\"@type\":\"ReadAction\",\"target\":[\"http:\/\/denizcankizil.tr\/ru\/haberler\/gundem\/umkeden-enkaz-arama-kurtarma-tatbikati\/\"]}]},{\"@type\":\"BreadcrumbList\",\"@id\":\"http:\/\/denizcankizil.tr\/ru\/haberler\/gundem\/umkeden-enkaz-arama-kurtarma-tatbikati\/#breadcrumb\",\"itemListElement\":[{\"@type\":\"ListItem\",\"position\":1,\"name\":\"Home\",\"item\":\"https:\/\/denizcankizil.tr\/de\/\"},{\"@type\":\"ListItem\",\"position\":2,\"name\":\"UMKE\u2019den enkaz arama kurtarma tatbikat\u0131\"}]},{\"@type\":\"WebSite\",\"@id\":\"https:\/\/denizcankizil.tr\/#website\",\"url\":\"https:\/\/denizcankizil.tr\/\",\"name\":\"Av. Deniz Can K\u0131z\u0131l\",\"description\":\"Avukat Deniz Can K\u0131z\u0131l Antalya Barosu\",\"publisher\":{\"@id\":\"https:\/\/denizcankizil.tr\/#organization\"},\"potentialAction\":[{\"@type\":\"SearchAction\",\"target\":{\"@type\":\"EntryPoint\",\"urlTemplate\":\"https:\/\/denizcankizil.tr\/?s={search_term_string}\"},\"query-input\":{\"@type\":\"PropertyValueSpecification\",\"valueRequired\":true,\"valueName\":\"search_term_string\"}}],\"inLanguage\":\"ru-RU\"},{\"@type\":\"Organization\",\"@id\":\"https:\/\/denizcankizil.tr\/#organization\",\"name\":\"Av. Deniz Can K\u0131z\u0131l\",\"url\":\"https:\/\/denizcankizil.tr\/\",\"logo\":{\"@type\":\"ImageObject\",\"inLanguage\":\"ru-RU\",\"@id\":\"https:\/\/denizcankizil.tr\/#\/schema\/logo\/image\/\",\"url\":\"http:\/\/denizcankizil.tr\/wp-content\/uploads\/2024\/10\/siyah-logo-svg.svg\",\"contentUrl\":\"http:\/\/denizcankizil.tr\/wp-content\/uploads\/2024\/10\/siyah-logo-svg.svg\",\"width\":1080,\"height\":1080,\"caption\":\"Av. Deniz Can K\u0131z\u0131l\"},\"image\":{\"@id\":\"https:\/\/denizcankizil.tr\/#\/schema\/logo\/image\/\"}},{\"@type\":\"Person\",\"@id\":\"https:\/\/denizcankizil.tr\/#\/schema\/person\/be3c05fe6a12686905512445d8185489\",\"name\":\"admin\",\"image\":{\"@type\":\"ImageObject\",\"inLanguage\":\"ru-RU\",\"@id\":\"https:\/\/denizcankizil.tr\/#\/schema\/person\/image\/\",\"url\":\"https:\/\/secure.gravatar.com\/avatar\/c1fce94c830dc79107e174f890d7210541c4a63e8e5d816341794a2151c9d58c?s=96&d=mm&r=g\",\"contentUrl\":\"https:\/\/secure.gravatar.com\/avatar\/c1fce94c830dc79107e174f890d7210541c4a63e8e5d816341794a2151c9d58c?s=96&d=mm&r=g\",\"caption\":\"admin\"},\"sameAs\":[\"http:\/\/denizcankizil.tr\"],\"url\":\"https:\/\/www.iskenderun.org\/umkeden-enkaz-arama-kurtarma-tatbikati\"}]}<\/script>\n<!-- \/ Yoast SEO Premium plugin. -->","yoast_head_json":{"title":"UMKE\u2019den enkaz arama kurtarma tatbikat\u0131 - Av. Deniz Can K\u0131z\u0131l","robots":{"index":"index","follow":"follow","max-snippet":"max-snippet:-1","max-image-preview":"max-image-preview:large","max-video-preview":"max-video-preview:-1"},"canonical":"http:\/\/denizcankizil.tr\/ru\/haberler\/gundem\/umkeden-enkaz-arama-kurtarma-tatbikati\/","og_locale":"ru_RU","og_type":"article","og_title":"UMKE\u2019den enkaz arama kurtarma tatbikat\u0131","og_description":"\u0130skenderun Sakarya Mahallesi Ziraat Park yak\u0131nlar\u0131nda yap\u0131lan tatbikatta, senaryo gere\u011fi \u00e7\u00f6ken bir binan\u0131n enkaz\u0131 alt\u0131nda kalan vatanda\u015flar\u0131n kurtar\u0131lmas\u0131 canland\u0131r\u0131ld\u0131. UMKE birimine gelen ihbar \u00fczerine h\u0131zla olay yerine ula\u015fan ekipler, AFAD i\u015f birli\u011fiyle enkaz alt\u0131ndaki yaral\u0131lara m\u00fcdahalede bulundu. Yaral\u0131lardan biri sahra hastanesine k\u0131sa s\u00fcrede g\u00fcvenli bir \u015fekilde ta\u015f\u0131n\u0131rken, di\u011fer yaral\u0131n\u0131n kurtar\u0131lmas\u0131 i\u00e7in ekipler zamanla yar\u0131\u015ft\u0131. Acil T\u0131p Teknisyenleri ve Teknikerleri Derne\u011fi eski Genel Ba\u015fkan\u0131 Acil T\u0131p Teknisyeni Abdullah Baltac\u0131, Tatbikat s\u0131ras\u0131nda yapt\u0131\u011f\u0131 a\u00e7\u0131klamada, enkazda iki yaral\u0131n\u0131n bulundu\u011funu ve UMKE ekiplerinin m\u00fcdahalesiyle birinci yaral\u0131n\u0131n &#8220;tra\u015f sendromu&#8221; tan\u0131s\u0131 ile sahra hastanesine ula\u015ft\u0131r\u0131ld\u0131\u011f\u0131n\u0131 ifade etti. \u0130kinci yaral\u0131n\u0131n ise sol kolunda ampute durumu oldu\u011fu, kanaman\u0131n durdurulmas\u0131 i\u00e7in m\u00fcdahale yap\u0131ld\u0131\u011f\u0131 ve k\u0131sa s\u00fcrede sa\u011fl\u0131k noktas\u0131na nakledilece\u011fi aktaran Abdullah Baltac\u0131 yaral\u0131lar\u0131n haz\u0131r bekletilen ambulanslarla en uygun hastaneye sevkinin sa\u011fland\u0131\u011f\u0131n\u0131 kaydetti. Ger\u00e7ekle\u015ftirilen tatbikat, UMKE ekiplerinin afet anlar\u0131nda h\u0131zl\u0131 ve etkili m\u00fcdahale kabiliyetini bir kez daha ortaya koyarken, vatanda\u015flar da tatbikat\u0131 b\u00fcy\u00fck bir ilgi ve heyecanla takip etti. UMKE\u2019N\u0130N TAR\u0130H\u00c7ES\u0130 VE YAPILANMASI Sa\u011fl\u0131k Bakanl\u0131\u011f\u0131 taraf\u0131ndan 30 Aral\u0131k 2003 tarihinde ba\u015flat\u0131lan \u201cAfetlerde Sa\u011fl\u0131k Organizasyonu Projesi\u201d kapsam\u0131nda kurulan UMKE, ilk olarak 11 ilde faaliyete ge\u00e7ti. Ard\u0131ndan 21 b\u00f6lge koordinat\u00f6rl\u00fc\u011f\u00fc arac\u0131l\u0131\u011f\u0131yla 81 ilde yap\u0131lanmas\u0131n\u0131 tamamlayan UMKE, afetlerde sa\u011fl\u0131k hizmetlerinin kesintisiz ve etkin \u015fekilde y\u00fcr\u00fct\u00fclmesini ama\u00e7l\u0131yor. 24 Ocak 2020 Elaz\u0131\u011f, 30 Ekim 2020 &hellip;","og_url":"http:\/\/denizcankizil.tr\/ru\/haberler\/gundem\/umkeden-enkaz-arama-kurtarma-tatbikati\/","og_site_name":"Av. Deniz Can K\u0131z\u0131l","article_published_time":"2025-05-28T10:42:20+00:00","author":"admin","twitter_card":"summary_large_image","twitter_misc":{"\u041d\u0430\u043f\u0438\u0441\u0430\u043d\u043e \u0430\u0432\u0442\u043e\u0440\u043e\u043c":"admin","\u041f\u0440\u0438\u043c\u0435\u0440\u043d\u043e\u0435 \u0432\u0440\u0435\u043c\u044f \u0434\u043b\u044f \u0447\u0442\u0435\u043d\u0438\u044f":"2 \u043c\u0438\u043d\u0443\u0442\u044b"},"schema":{"@context":"https:\/\/schema.org","@graph":[{"@type":"Article","@id":"http:\/\/denizcankizil.tr\/ru\/haberler\/gundem\/umkeden-enkaz-arama-kurtarma-tatbikati\/#article","isPartOf":{"@id":"http:\/\/denizcankizil.tr\/ru\/haberler\/gundem\/umkeden-enkaz-arama-kurtarma-tatbikati\/"},"author":{"name":"admin","@id":"https:\/\/denizcankizil.tr\/#\/schema\/person\/be3c05fe6a12686905512445d8185489"},"headline":"UMKE\u2019den enkaz arama kurtarma tatbikat\u0131","datePublished":"2025-05-28T10:42:20+00:00","mainEntityOfPage":{"@id":"http:\/\/denizcankizil.tr\/ru\/haberler\/gundem\/umkeden-enkaz-arama-kurtarma-tatbikati\/"},"wordCount":414,"publisher":{"@id":"https:\/\/denizcankizil.tr\/#organization"},"articleSection":["G\u00fcndem"],"inLanguage":"ru-RU"},{"@type":"WebPage","@id":"http:\/\/denizcankizil.tr\/ru\/haberler\/gundem\/umkeden-enkaz-arama-kurtarma-tatbikati\/","url":"http:\/\/denizcankizil.tr\/ru\/haberler\/gundem\/umkeden-enkaz-arama-kurtarma-tatbikati\/","name":"UMKE\u2019den enkaz arama kurtarma tatbikat\u0131 - Av. Deniz Can K\u0131z\u0131l","isPartOf":{"@id":"https:\/\/denizcankizil.tr\/#website"},"datePublished":"2025-05-28T10:42:20+00:00","breadcrumb":{"@id":"http:\/\/denizcankizil.tr\/ru\/haberler\/gundem\/umkeden-enkaz-arama-kurtarma-tatbikati\/#breadcrumb"},"inLanguage":"ru-RU","potentialAction":[{"@type":"ReadAction","target":["http:\/\/denizcankizil.tr\/ru\/haberler\/gundem\/umkeden-enkaz-arama-kurtarma-tatbikati\/"]}]},{"@type":"BreadcrumbList","@id":"http:\/\/denizcankizil.tr\/ru\/haberler\/gundem\/umkeden-enkaz-arama-kurtarma-tatbikati\/#breadcrumb","itemListElement":[{"@type":"ListItem","position":1,"name":"Home","item":"https:\/\/denizcankizil.tr\/de\/"},{"@type":"ListItem","position":2,"name":"UMKE\u2019den enkaz arama kurtarma tatbikat\u0131"}]},{"@type":"WebSite","@id":"https:\/\/denizcankizil.tr\/#website","url":"https:\/\/denizcankizil.tr\/","name":"Av. Deniz Can K\u0131z\u0131l","description":"Avukat Deniz Can K\u0131z\u0131l Antalya Barosu","publisher":{"@id":"https:\/\/denizcankizil.tr\/#organization"},"potentialAction":[{"@type":"SearchAction","target":{"@type":"EntryPoint","urlTemplate":"https:\/\/denizcankizil.tr\/?s={search_term_string}"},"query-input":{"@type":"PropertyValueSpecification","valueRequired":true,"valueName":"search_term_string"}}],"inLanguage":"ru-RU"},{"@type":"Organization","@id":"https:\/\/denizcankizil.tr\/#organization","name":"Av. Deniz Can K\u0131z\u0131l","url":"https:\/\/denizcankizil.tr\/","logo":{"@type":"ImageObject","inLanguage":"ru-RU","@id":"https:\/\/denizcankizil.tr\/#\/schema\/logo\/image\/","url":"http:\/\/denizcankizil.tr\/wp-content\/uploads\/2024\/10\/siyah-logo-svg.svg","contentUrl":"http:\/\/denizcankizil.tr\/wp-content\/uploads\/2024\/10\/siyah-logo-svg.svg","width":1080,"height":1080,"caption":"Av. Deniz Can K\u0131z\u0131l"},"image":{"@id":"https:\/\/denizcankizil.tr\/#\/schema\/logo\/image\/"}},{"@type":"Person","@id":"https:\/\/denizcankizil.tr\/#\/schema\/person\/be3c05fe6a12686905512445d8185489","name":"\u0430\u0434\u043c\u0438\u043d","image":{"@type":"ImageObject","inLanguage":"ru-RU","@id":"https:\/\/denizcankizil.tr\/#\/schema\/person\/image\/","url":"https:\/\/secure.gravatar.com\/avatar\/c1fce94c830dc79107e174f890d7210541c4a63e8e5d816341794a2151c9d58c?s=96&d=mm&r=g","contentUrl":"https:\/\/secure.gravatar.com\/avatar\/c1fce94c830dc79107e174f890d7210541c4a63e8e5d816341794a2151c9d58c?s=96&d=mm&r=g","caption":"admin"},"sameAs":["http:\/\/denizcankizil.tr"],"url":"https:\/\/www.iskenderun.org\/umkeden-enkaz-arama-kurtarma-tatbikati"}]}},"_links":{"self":[{"href":"http:\/\/denizcankizil.tr\/ru\/wp-json\/wp\/v2\/posts\/99516","targetHints":{"allow":["GET"]}}],"collection":[{"href":"http:\/\/denizcankizil.tr\/ru\/wp-json\/wp\/v2\/posts"}],"about":[{"href":"http:\/\/denizcankizil.tr\/ru\/wp-json\/wp\/v2\/types\/post"}],"author":[{"embeddable":true,"href":"http:\/\/denizcankizil.tr\/ru\/wp-json\/wp\/v2\/users\/1"}],"replies":[{"embeddable":true,"href":"http:\/\/denizcankizil.tr\/ru\/wp-json\/wp\/v2\/comments?post=99516"}],"version-history":[{"count":0,"href":"http:\/\/denizcankizil.tr\/ru\/wp-json\/wp\/v2\/posts\/99516\/revisions"}],"wp:attachment":[{"href":"http:\/\/denizcankizil.tr\/ru\/wp-json\/wp\/v2\/media?parent=99516"}],"wp:term":[{"taxonomy":"category","embeddable":true,"href":"http:\/\/denizcankizil.tr\/ru\/wp-json\/wp\/v2\/categories?post=99516"},{"taxonomy":"post_tag","embeddable":true,"href":"http:\/\/denizcankizil.tr\/ru\/wp-json\/wp\/v2\/tags?post=99516"}],"curies":[{"name":"wp","href":"https:\/\/api.w.org\/{rel}","templated":true}]}}