{"id":9891,"date":"2024-10-29T14:27:05","date_gmt":"2024-10-29T11:27:05","guid":{"rendered":"https:\/\/denizcankizil.tr\/uncategorized-tr\/aym-2024-42-esas-2024-95-kararinin-anlami-ve-etkileri\/"},"modified":"2024-10-29T14:27:05","modified_gmt":"2024-10-29T11:27:05","slug":"aym-2024-42-esas-2024-95-kararinin-anlami-ve-etkileri","status":"publish","type":"post","link":"http:\/\/denizcankizil.tr\/ru\/seo\/aym-2024-42-esas-2024-95-kararinin-anlami-ve-etkileri\/","title":{"rendered":"AYM 2024\/42 Esas &#8211; 2024\/95 Karar\u0131n\u0131n Anlam\u0131 ve Etkileri"},"content":{"rendered":"<br \/>\n<h3>AYM\u2063 2024\/42 Esas &#8211; 2024\/95 Karar\u0131n\u0131n\u2063 Anlam\u0131 ve Etkileri<\/h3>\n<p>Anayasa Mahkemesi, T\u00fcrkiye&#8217;nin \u200dhukuk sisteminin \u00f6nemli\u2062 bir par\u00e7as\u0131\u200d olarak, bireylerin haklar\u0131n\u0131n korunmas\u0131 ve\u200b kamuoyunun adalet aray\u0131\u015f\u0131n\u0131n \u200bkar\u015f\u0131lanmas\u0131nda merkezi bir rol\u2064 oynamaktad\u0131r. 2024 y\u0131l\u0131na damga vuran 2024\/42 \u200cesas numaral\u0131 ba\u015fvuru ve\u200b <a href=\"https:\/\/denizcankizil.tr\/ru\/hukukihaber\/sakarya-barosunun-yeni-baskani-avukat-musa-adiyaman-oldu\/\" title=\"Sakarya Barosu&#039;nun yeni Ba\u015fkan\u0131 avukat Musa Ad\u0131yaman oldu\">bu ba\u011flamda<\/a> \u2063verilen 2024\/95 karar\u0131n\u0131n, hukuk d\u00fczenimizde\u200b yarataca\u011f\u0131 etkiler, iki temel\u200b unsur etraf\u0131nda \u015fekillenmektedir: Anayasal haklar ve yarg\u0131 ba\u011f\u0131ms\u0131zl\u0131\u011f\u0131. \u200dBu \u2064makalede, s\u00f6z \u200ckonusu karar\u0131n, bireysel \u2064ba\u015fvurularla ilgili kanun\u00ee \u00e7er\u00e7eveye olan \u2064yans\u0131malar\u0131 incelenecek; anayasa mahkemesinin rol\u00fc,\u200d karar\u0131n\u200b hukuk \u200ddevleti prensipleri a\u00e7\u0131s\u0131ndan \u00fcstlendi\u011fi anlam ve toplum \u00fczerindeki olas\u0131\u2062 etkileri detayl\u0131 bir \u015fekilde ele al\u0131nacakt\u0131r. AYM\u2019nin\u2064 verdi\u011fi kararlar\u0131n\u200c derinlemesine analizi, yaln\u0131zca mevcut yarg\u0131 s\u00fcre\u00e7lerine dair anlay\u0131\u015f\u0131m\u0131z\u0131 derinle\u015ftirmekle kalmay\u0131p, ayn\u0131 zamanda \u200cgelece\u011fin\u2064 hukuk\u2064 uygulamalar\u0131 a\u00e7\u0131s\u0131ndan da \u00f6ng\u00f6r\u00fcde bulunmam\u0131za olanak \u200btan\u0131yacakt\u0131r. Bu ba\u011flamda,\u200b 2024\/42 esas ve 2024\/95 kararlar\u0131, hukuk camias\u0131nda geni\u015f bir tart\u0131\u015fma yelpazesi a\u00e7acak \u2063gibi g\u00f6r\u00fcnmektedir.<br \/><img decoding=\"async\" class=\"kimage_class lazyload\" data-src=\"https:\/\/denizcankizil.tr\/wp-content\/uploads\/2024\/10\/P8RPY-253D.jpg\" alt=\"AYM 2024\/42 Esas ve 2024\/95 Karar\u0131n\u0131n Hukuki\u2064 \u00c7er\u00e7evesi\" src=\"data:image\/svg+xml;base64,PHN2ZyB3aWR0aD0iMSIgaGVpZ2h0PSIxIiB4bWxucz0iaHR0cDovL3d3dy53My5vcmcvMjAwMC9zdmciPjwvc3ZnPg==\"><\/p>\n<h2 id=\"aym-2024-42-esas-ve-2024-95-kararinin-hukuki-cercevesi\">AYM\u2064 2024\/42\u200b Esas \u200bve 2024\/95 Karar\u0131n\u0131n Hukuki \u00c7er\u00e7evesi<\/h2>\n<section class=\"post-section\">\n<p>2024\/42 esas numaras\u0131 ile de\u011ferlendirilmi\u015f olan AYM karar\u0131, bireysel ba\u015fvurunun temel hak ve \u00f6zg\u00fcrl\u00fckler a\u00e7\u0131s\u0131ndan nas\u0131l bir \u00e7er\u00e7evede incelendi\u011fini g\u00f6stermektedir. Bu karar, T\u00fcrkiye&#8217;deki hukukun \u00fcst\u00fcnl\u00fc\u011f\u00fc ilkesinin \u200cve \u200binsan \u2062haklar\u0131 standartlar\u0131n\u0131n ne denli \u200d\u00f6nemli oldu\u011funu\u2062 bir kez daha g\u00f6zler \u00f6n\u00fcne \u2062sermektedir. \u2063 <strong>AYM 2024\/95 karar\u0131n\u0131n i\u00e7eri\u011fi<\/strong> ise, \u00f6zellikle yerel mahkemelerde ya\u015fanan uygulama farkl\u0131l\u0131klar\u0131n\u0131 gidermeyi ama\u00e7layan \u00f6nemli \u200bbir ad\u0131m\u2063 olarak \u00f6ne \u00e7\u0131kmaktad\u0131r.<\/p>\n<p>Karar\u0131n sonu\u00e7lar\u0131, hem\u2062 yurtta\u015flar \u2062hem\u2062 de hukuk\u200b uygulay\u0131c\u0131lar\u0131 a\u00e7\u0131s\u0131ndan anlaml\u0131 de\u011fi\u015fiklikler yaratabilecektir. AYM, bireylerin temel haklar\u0131n\u0131 koruma amac\u0131n\u0131 g\u00fcderken, ayn\u0131 zamanda \u200dhukukun evrensel ilkelerine de\u2062 at\u0131fta bulunmaktad\u0131r. Bu durum, T\u00fcrk yarg\u0131 sisteminin uluslararas\u0131 \u2063standartlarla uyumlu hale gelmesi i\u00e7in bir zemin olu\u015fturmakta, mahkeme\u200d kararlar\u0131n\u0131n uygulamas\u0131nda konsistans sa\u011flamaktad\u0131r.\u200b <strong>Karar\u0131n\u2063 baz\u0131 kritik unsurlar\u0131<\/strong> \u2063 a\u015fa\u011f\u0131da s\u0131ralanm\u0131\u015ft\u0131r:<\/p>\n<ul>\n<li>\u00d6zg\u00fcrl\u00fcklerin \u2064g\u00fcvence alt\u0131na \u2064al\u0131nmas\u0131<\/li>\n<li>Yerel mahkemelerin yanl\u0131\u015f\u2063 uygulamalar\u0131n\u0131n \u2062denetlenmesi<\/li>\n<li>\u0130nsan haklar\u0131 \u2062perspektifinin g\u00fc\u00e7lendirilmesi<\/li>\n<\/ul>\n<p>Ayr\u0131ca,\u2062 <strong>2024\/95 karar\u0131n\u0131n<\/strong> \u00f6ncelikle hukuki belirsizliklerin\u200c ortadan kald\u0131r\u0131lmas\u0131na \u200czemin haz\u0131rlad\u0131\u011f\u0131 ve benzer davalara olu\u015facak i\u00e7tihat katk\u0131s\u0131n\u0131 sa\u011flamas\u0131 beklenmektedir. \u2062Bu\u2064 a\u00e7\u0131dan, AYM&#8217;nin verdi\u011fi kararlar,\u200c hukuk sistemini daha \u00f6ng\u00f6r\u00fclebilir \u200bve adil hale getirmek \u2062ad\u0131na \u00f6nemli\u200b bir rol oynamaktad\u0131r. B\u00f6ylece, t\u00fcm vatanda\u015flar i\u00e7in e\u015fitlik ilkesi ve adalet sa\u011flam bir zemin \u00fczerinde y\u00fckselmektedir.<\/p>\n<\/section>\n<p><img decoding=\"async\" class=\"kimage_class lazyload\" data-src=\"https:\/\/denizcankizil.tr\/wp-content\/uploads\/2024\/10\/ounsel-scaled.jpg\" alt=\"Kararlar\u0131n Anlam\u0131: \u2062Anayasa Mahkemesinin \u0130\u00e7tihat \u2063De\u011fi\u015fiklikleri\u200b \u00dczerindeki Etkisi\" src=\"data:image\/svg+xml;base64,PHN2ZyB3aWR0aD0iMSIgaGVpZ2h0PSIxIiB4bWxucz0iaHR0cDovL3d3dy53My5vcmcvMjAwMC9zdmciPjwvc3ZnPg==\"><\/p>\n<h2 id=\"kararlarin-anlami-anayasa-mahkemesinin-ictihat-degisiklikleri-uzerindeki-etkisi\">Kararlar\u0131n Anlam\u0131: Anayasa Mahkemesinin\u200c \u0130\u00e7tihat De\u011fi\u015fiklikleri \u00dczerindeki Etkisi<\/h2>\n<section>\n<p>T\u00fcrkiye&#8217;deki hukuk\u2063 sisteminin \u2064temel ta\u015flar\u0131ndan biri olan \u200dAnayasa Mahkemesi,\u200d ge\u00e7mi\u015fteki i\u00e7tihatlar\u0131n\u0131\u2064 g\u00fcncelleyerek hukukun geli\u015fimine \u00f6nemli katk\u0131larda \u200cbulunmaktad\u0131r. \u00d6zellikle\u200c <strong>AYM 2024\/42\u2064 Esas &#8211; 2024\/95 Karar\u0131<\/strong> sonras\u0131nda ortaya \u00e7\u0131kan \u2064i\u00e7tihat \u200dde\u011fi\u015fiklikleri, \u2062hukuk uygulay\u0131c\u0131lar\u0131 ve bireyler i\u00e7in\u2063 belirleyici bir unsur haline gelmi\u015ftir. Bu karar, Anayasa Mahkemesi&#8217;nin hukukun \u00fcst\u00fcnl\u00fc\u011f\u00fc ilkesine olan ba\u011fl\u0131l\u0131\u011f\u0131n\u0131 peki\u015ftirirken, ayn\u0131\u2063 zamanda\u200d bireylerin \u2063temel hak ve \u00f6zg\u00fcrl\u00fcklerinin korunmas\u0131nda \u2062da \u00f6nemli bir rol oynamaktad\u0131r.<\/p>\n<p>AYM\u2019nin i\u00e7tihat de\u011fi\u015fiklikleri, \u00f6zellikle anayasa g\u00fcvenli\u011fi teminat\u0131n\u0131n g\u00fc\u00e7lendirilmesi a\u00e7\u0131s\u0131ndan b\u00fcy\u00fck \u00f6nem ta\u015f\u0131maktad\u0131r. Bu ba\u011flamda,\u200d a\u015fa\u011f\u0131daki hususlar dikkat \u00e7ekmektedir:<\/p>\n<ul>\n<li><strong>Hukuka uygunluk:<\/strong> \u200c Mahkeme, verdi\u011fi\u2063 kararlarla hukukun \u00fcst\u00fcnl\u00fc\u011f\u00fcn\u00fc g\u00f6zeterek, \u2063hukuka uygunlu\u011fun sa\u011flanmas\u0131na katk\u0131da bulunmaktad\u0131r.<\/li>\n<li><strong>Temel haklar\u0131n korunmas\u0131:<\/strong> \u200d Anayasa Mahkemesi, bireylerin haklar\u0131n\u0131 koruma \u2063noktas\u0131nda etkin\u2062 bir denetim mekanizmas\u0131 i\u015flevi g\u00f6rmektedir.<\/li>\n<li><strong>Toplumsal\u2062 de\u011fi\u015fimler:<\/strong> \u0130\u00e7tihat de\u011fi\u015fiklikleri, toplumsal dinamiklere ba\u011fl\u0131 olarak\u200b geli\u015fmekte ve hukuk sisteminin adaptasyonunu sa\u011flamaktad\u0131r.<\/li>\n<\/ul>\n<p>Sonu\u00e7 olarak, <strong>AYM 2024\/42\u200d Esas &#8211; 2024\/95\u200d Karar\u0131<\/strong>, Anayasa Mahkemesi&#8217;nin i\u00e7tihat de\u011fi\u015fiklikleri \u00fczerindeki etkisini \u2064g\u00f6stermekte ve bu de\u011fi\u015fikliklerin\u2062 hukukun \u200cgeli\u015fimine \u2062olan katk\u0131s\u0131n\u0131\u2064 ortaya koymaktad\u0131r. Bu durum, sadece\u2062 hukukun \u2062i\u015fleyi\u015fini de\u011fil, ayn\u0131 zamanda\u200c toplumsal d\u00fczenin sa\u011flanmas\u0131n\u0131 da olumlu \u2064y\u00f6nde etkileyecektir. Gelecekte \u200bbu t\u00fcr kararlar\u0131n say\u0131s\u0131n\u0131n artmas\u0131, hukukun evrimine ve\u200b bireylerin haklar\u0131n\u0131n g\u00fcvence alt\u0131na al\u0131nmas\u0131na \u200cyard\u0131mc\u0131 olacakt\u0131r.<\/p>\n<\/section>\n<h2 id=\"toplumsal-ve-ekonomik-sonuclar-bu-kararlarin-genis-kitlelere-yansimalari\">Toplumsal ve\u200b Ekonomik Sonu\u00e7lar:\u2063 Bu \u200dKararlar\u0131n\u200d Geni\u015f Kitlelere Yans\u0131malar\u0131<\/h2>\n<div class=\"content-section\">\n<p>AYM 2024\/42 \u200cEsas &#8211; 2024\/95 Karar\u0131n\u0131n toplum ve ekonomi \u00fczerindeki\u200d yans\u0131malar\u0131, \u200bgeni\u015f\u2064 kitleler \u00fczerinde \u200d\u00f6nemli\u2062 etkilere sebep olabilir. Bu karar, hukukun\u2062 \u00fcst\u00fcnl\u00fc\u011f\u00fc \u200cve \u200cbireysel haklar a\u00e7\u0131s\u0131ndan belirleyici\u2062 bir niteli\u011fe sahip olmas\u0131 nedeniyle, toplumsal huzuru \u2062ve adalet \u200dduygusunu derinden etkileyebilir.\u2062 <strong>Bireylerin haklar\u0131n\u0131n g\u00fcvence\u2064 alt\u0131na al\u0131nmas\u0131<\/strong>, \u2063insanlarda g\u00fcven\u2063 olu\u015fumunu art\u0131r\u0131rken, <a href=\"https:\/\/denizcankizil.tr\/ru\/hukukihaber\/avukatlik-asgari-ucret-tarifesi\/\" title=\"Avukatl\u0131k Asgari \u00dccret Tarifesi\">bu durum<\/a> ekonomik istikrar \u2063a\u00e7\u0131s\u0131ndan da faydal\u0131\u2062 olabilir. \u00d6zellikle a\u015fa\u011f\u0131daki alanlarda\u2062 \u00f6nemli geli\u015fmeler \u2063beklenmektedir:<\/p>\n<ul>\n<li><strong>Hukuk G\u00fcvencesi:<\/strong> Bireylerin haklar\u0131n\u0131n \u200bkorunmas\u0131, sosyal adaletin sa\u011flanmas\u0131na katk\u0131da\u2063 bulunacakt\u0131r.<\/li>\n<li><strong>Yat\u0131r\u0131m \u0130klimi:<\/strong> Hukukun \u200d\u00fcst\u00fcnl\u00fc\u011f\u00fcn\u00fcn \u2062sa\u011flanmas\u0131 mevcut ve potansiyel yat\u0131r\u0131mc\u0131lar i\u00e7in pozitif\u2063 bir\u2064 i\u015f ortam\u0131 yarat\u0131r.<\/li>\n<li><strong>Toplumsal G\u00fcven:<\/strong> Adalet sisteminin \u200di\u015flerli\u011fi, toplumda g\u00fcven\u200d duygusunu art\u0131rarak sosyal \u200bba\u011flar\u0131 g\u00fc\u00e7lendirir.<\/li>\n<\/ul>\n<p>Ekonomik a\u00e7\u0131dan\u2064 da bu kararlar\u0131n etkileri g\u00f6z ard\u0131 edilemez. <strong>Yat\u0131r\u0131mlar\u0131n \u200bartmas\u0131<\/strong>, istihdam olanaklar\u0131n\u0131 geni\u015fletebilir ve \u200dekonomik \u2062b\u00fcy\u00fcmeyi destekleyebilir. \u200c\u00d6zellikle, mahkeme kararlar\u0131n\u0131n d\u00fczenledi\u011fi alanlarda <strong>\u015firketlerin \u2062ve \u2062bireylerin risk\u2064 alg\u0131s\u0131<\/strong> de\u011fi\u015fecek, \u2062bu da piyasada dalgalanmalara yol a\u00e7abilecektir. Ge\u00e7mi\u015fte ya\u015fanan hukuksal belirsizlikler,\u2064 yat\u0131r\u0131mlar\u0131n\u200b \u00f6n\u00fcnde ciddi engeller \u2062olu\u015fturmu\u015ftu \u2064ve\u2063 bu durumun al\u0131nacak\u2064 kararlarla ortadan \u2062kald\u0131r\u0131lmas\u0131 beklenmektedir.<\/p>\n<p>Bununla birlikte, toplumda \u200cmeydana \u200cgelebilecek tepkiler ve de\u011fi\u015fimler de dikkatle izlenmelidir. <strong>Hukukun \u00fcst\u00fcnl\u00fc\u011f\u00fc ve insan haklar\u0131<\/strong> konular\u0131nda at\u0131lacak ad\u0131mlar, sosyal hareketleri te\u015fvik edebilir. Tablo 1&#8217;de bu \u200bkararlar\u0131n toplumsal yans\u0131malar\u0131n\u0131 \u00f6zetleyebiliriz:<\/p>\n<table class=\"wp-block-table\">\n<thead>\n<tr>\n<th>Tepki T\u00fcr\u00fc<\/th>\n<th>Etkiler<\/th>\n<\/tr>\n<\/thead>\n<tbody>\n<tr>\n<td>Destekleyici G\u00f6steriler<\/td>\n<td>Toplumsal bilin\u00e7lenme ve destek art\u0131\u015f\u0131<\/td>\n<\/tr>\n<tr>\n<td>Ele\u015ftiriler<\/td>\n<td>Kaos ve sosyal huzursuzluk potansiyeli<\/td>\n<\/tr>\n<tr>\n<td>Yasal \u2063Duyarl\u0131l\u0131k<\/td>\n<td>Kamuoyunda hukukun \u2062\u00f6nemi hakk\u0131nda fikirlerin\u200b yay\u0131lmas\u0131<\/td>\n<\/tr>\n<\/tbody>\n<\/table>\n<\/div>\n<p><img decoding=\"async\" class=\"kimage_class lazyload\" data-src=\"https:\/\/denizcankizil.tr\/wp-content\/uploads\/2024\/10\/3tcAw-253D.jpg\" alt=\"Gelece\u011fe \u2063Y\u00f6nelik Stratejiler: Uygulama \u2062Prensipleri ve\u200c Politikalara Dair \u00d6neriler\" src=\"data:image\/svg+xml;base64,PHN2ZyB3aWR0aD0iMSIgaGVpZ2h0PSIxIiB4bWxucz0iaHR0cDovL3d3dy53My5vcmcvMjAwMC9zdmciPjwvc3ZnPg==\"><\/p>\n<h2 id=\"gelecege-yonelik-stratejiler-uygulama-prensipleri-ve-politikalara-dair-oneriler\">Gelece\u011fe Y\u00f6nelik Stratejiler: Uygulama Prensipleri ve Politikalara Dair \u00d6neriler<\/h2>\n<section>\n<p>2024\/42 esas ve 2024\/95 \u200dkarar\u0131n\u0131n ger\u00e7ekle\u015ftirdi\u011fi de\u011fi\u015fiklikler, T\u00fcrkiye&#8217;deki hukuki atmosferi derinden etkileme potansiyeline sahiptir. Bu ba\u011flamda, yasal uygulamalar\u0131n geli\u015ftirilmesi i\u00e7in a\u015fa\u011f\u0131daki\u2062 stratejilerin \u200dbenimsenmesi \u2063\u00f6nemlidir:<\/p>\n<ul>\n<li><strong>Hukuki \u00c7er\u00e7evenin G\u00f6zden Ge\u00e7irilmesi:<\/strong> Mevcut yasalar\u0131n uygulanabilirli\u011finin art\u0131r\u0131lmas\u0131\u2064 gerekti\u011fi a\u00e7\u0131kt\u0131r. Bu ama\u00e7la \u200dd\u00fczenli olarak yasa ve y\u00f6netmeliklerin\u2062 g\u00f6zden ge\u00e7irilmesi\u200c \u00f6nerilmektedir.<\/li>\n<li><strong>Adalet Sisteminin G\u00fc\u00e7lendirilmesi:<\/strong> Mahkemelerin ba\u011f\u0131ms\u0131zl\u0131\u011f\u0131n\u0131 sa\u011flamaya y\u00f6nelik tedbirlerin al\u0131nmas\u0131,\u2064 yarg\u0131 s\u00fcre\u00e7lerinin h\u0131zland\u0131r\u0131lmas\u0131 ve adaletin etkinli\u011finin art\u0131r\u0131lmas\u0131\u2062 gerekmektedir.<\/li>\n<li><strong>Toplum Kat\u0131l\u0131m\u0131n\u0131n Art\u0131r\u0131lmas\u0131:<\/strong> \u2063 Kararlara toplumun daha fazla kat\u0131l\u0131m\u0131n\u0131 sa\u011flamak, toplumun farkl\u0131 kesimlerine \u200bula\u015farak \u200chassasiyetlerin \u200bve \u200dihtiya\u00e7lar\u0131n daha iyi anla\u015f\u0131lmas\u0131na yard\u0131mc\u0131 olacakt\u0131r.<\/li>\n<\/ul>\n<p>Bu stratejilerin hayata ge\u00e7irilmesi, yaln\u0131zca \u200dhukuk sisteminin i\u015fleyi\u015fini iyile\u015ftirmekle kalmayacak,\u2062 ayn\u0131\u200c zamanda \u2062halk\u0131n \u200cyarg\u0131 sistemine olan g\u00fcvenini de art\u0131racakt\u0131r. Ayr\u0131ca, b\u00f6yle bir \u200cyakla\u015f\u0131m, afet ve kriz anlar\u0131nda h\u0131zl\u0131 ve etkili karar alma s\u00fcre\u00e7lerini destekleyecektir.\u200b Genel anlamda, a\u015fa\u011f\u0131daki politika \u00f6nerileri bu s\u00fcre\u00e7te \u200cfaydal\u0131 \u200dolacakt\u0131r:<\/p>\n<ul>\n<li><strong>Yasa Yap\u0131m S\u00fcre\u00e7lerinin\u2062 \u015eeffafla\u015ft\u0131r\u0131lmas\u0131:<\/strong> Yasalar\u0131n \u2063haz\u0131rlanma s\u00fcre\u00e7lerinin kamusal bir\u2062 platformda tart\u0131\u015f\u0131lmas\u0131, kamuoyunun bilgi \u200bsahibi olmas\u0131n\u0131 sa\u011flar.<\/li>\n<li><strong>E\u011fitim ve Fark\u0131ndal\u0131k Programlar\u0131:<\/strong> Hukuk alan\u0131nda e\u011fitimlerin geli\u015ftirilmesi, hem yarg\u0131 \u2064mensuplar\u0131n\u0131n hem de vatanda\u015flar\u0131n hukuki bilin\u00e7 d\u00fczeyini y\u00fckseltebilir.<\/li>\n<li><strong>Bili\u015fim Teknolojilerinin Kullan\u0131m\u0131:<\/strong> Yarg\u0131 s\u00fcre\u00e7lerinde dijitalle\u015fmenin art\u0131r\u0131lmas\u0131, \u2064bilgiye \u200deri\u015fimi kolayla\u015ft\u0131r\u0131r ve s\u00fcre\u00e7lerin daha \u200dh\u0131zl\u0131 y\u00fcr\u00fct\u00fclmesine \u200byard\u0131mc\u0131 olur.<\/li>\n<\/ul>\n<p>Sonu\u00e7 olarak, AYM 2024\/42 esas ve 2024\/95 karar\u0131n\u0131n\u200c etkilerinin minimize \u2064edilmesi ve hukukun \u00fcst\u00fcnl\u00fc\u011f\u00fcn\u00fcn tesis edilmesi i\u00e7in\u200c yukar\u0131da belirtilen strateji ve politikalar\u0131n \u2062\u00f6ncelikli hale getirilmesi gerekmektedir. \u2062Bu uygulamalar\u0131n geni\u015f bir\u200b kat\u0131l\u0131mla yap\u0131lmas\u0131, daha adil\u2062 ve\u200b etkili bir hukuk sistemi olu\u015fturma yolunda at\u0131lacak \u200btemel ad\u0131mlard\u0131r. Bu ba\u011flamda,\u200c ilerleyen d\u00f6nemlerde\u2064 toplumun farkl\u0131 kesimlerinin \u200cg\u00f6r\u00fc\u015fleri al\u0131nmal\u0131 \u200bve gerekti\u011finde d\u00fczenlemeler yap\u0131lmal\u0131d\u0131r. \u200bA\u015fa\u011f\u0131da, \u00f6nerilen\u2064 stratejilerin hedeflenen sonu\u00e7lar\u0131\u200b belirtilmi\u015ftir:<\/p>\n<table class=\"wp-block-table\">\n<thead>\n<tr>\n<th>Strateji<\/th>\n<th>Beklenen Sonu\u00e7lar<\/th>\n<\/tr>\n<\/thead>\n<tbody>\n<tr>\n<td>Hukuki \u200c\u00c7er\u00e7evenin G\u00f6zden\u2064 Ge\u00e7irilmesi<\/td>\n<td>Uygulanabilir yasalar\u0131n\u200d artmas\u0131<\/td>\n<\/tr>\n<tr>\n<td>Adalet Sisteminin G\u00fc\u00e7lendirilmesi<\/td>\n<td>Yarg\u0131ya olan g\u00fcvenin\u2063 artmas\u0131<\/td>\n<\/tr>\n<tr>\n<td>Toplum Kat\u0131l\u0131m\u0131n\u0131n Art\u0131r\u0131lmas\u0131<\/td>\n<td>Daha kapsay\u0131c\u0131 karar\u2064 alma s\u00fcre\u00e7leri<\/td>\n<\/tr>\n<\/tbody>\n<\/table>\n<\/section>\n<p>Sonu\u00e7\u2062 olarak, AYM 2024\/42 Esas\u2062 ve 2024\/95 Karar\u0131, T\u00fcrk hukuku a\u00e7\u0131s\u0131ndan \u00f6nemli bir d\u00f6n\u00fcm\u2063 noktas\u0131 \u200bniteli\u011fi ta\u015f\u0131maktad\u0131r. Anayasa Mahkemesi&#8217;nin bu kararlar\u0131, birey haklar\u0131 \u200cve \u00f6zg\u00fcrl\u00fcklerinin korunmas\u0131na y\u00f6nelik\u200b temel ilke\u200c ve\u200d normlar\u0131 \u200cg\u00fc\u00e7lendirecek nitelikteki \u200cgerek\u00e7eleriyle, \u2064gelecekteki yarg\u0131 \u200cuygulamalar\u0131 \u200b\u00fczerinde derin etkiler\u200b b\u0131rakacakt\u0131r. S\u00f6z konusu kararlar, yaln\u0131zca hukuki\u200b metinler a\u00e7\u0131s\u0131ndan\u2062 de\u011fil, ayn\u0131 \u200bzamanda toplumsal ya\u015famda da bireylerin hak\u200b aray\u0131\u015flar\u0131n\u0131 derinle\u015ftirecek bir\u200d zemin olu\u015fturmas\u0131\u2063 bak\u0131m\u0131ndan \u2062kritik \u00f6neme sahiptir. Bu ba\u011flamda,\u200b yap\u0131lan de\u011ferlendirmeler\u200d ve ortaya konulan gerek\u00e7eler, \u2062hem \u2062akademik\u2064 tart\u0131\u015fmalar\u0131n zenginle\u015fmesine hem\u2063 de\u2062 hukuk \u2062prati\u011finde daha\u200b adil\u2063 ve e\u015fitlik\u00e7i\u200d bir yakla\u015f\u0131m\u0131n benimsenmesine katk\u0131 sa\u011flayacakt\u0131r.\u2062 Anayasa Mahkemesi&#8217;nin yetkilerinin s\u0131n\u0131rlar\u0131n\u0131 ve\u200b i\u015flevlerini yeniden tan\u0131mlamas\u0131,\u2063 yarg\u0131 ba\u011f\u0131ms\u0131zl\u0131\u011f\u0131 ve tarafs\u0131zl\u0131\u011f\u0131\u2063 konular\u0131nda \u00f6nemli \u2062bir\u200b referans\u200b noktas\u0131 olu\u015fturmakta ve bu da hukuk devletinin g\u00fc\u00e7l\u00fc bir temele oturmas\u0131na hizmet etmektedir. \u2062B\u00f6ylece, AYM\u2062 2024\/42 \u200dve 2024\/95 kararlar\u0131n\u0131n, T\u00fcrk\u2064 Anayasa\u200c hukuku literat\u00fcr\u00fcnde \u2062g\u00fcn\u00fcm\u00fcz\u00fcn dinamikleri ve gelece\u011fin\u2063 ko\u015fullar\u0131 \u0131\u015f\u0131\u011f\u0131nda daha \u200bderinlemesine tart\u0131\u015f\u0131laca\u011f\u0131 \u2063a\u015fikard\u0131r. <\/p>","protected":false},"excerpt":{"rendered":"<p>AYM 2024\/42 Esas ve 2024\/95 Kararlar\u0131, anayasa ihlalleri ba\u011flam\u0131nda \u00f6nemli bir d\u00f6n\u00fcm noktas\u0131n\u0131 temsil etmektedir. Bu kararlar, bireysel haklar\u0131n korunmas\u0131nda ve hukukun \u00fcst\u00fcnl\u00fc\u011f\u00fcn\u00fcn g\u00fc\u00e7lendirilmesinde belirleyici etkiler yaratacakt\u0131r.<\/p>","protected":false},"author":1,"featured_media":9892,"comment_status":"open","ping_status":"open","sticky":false,"template":"","format":"standard","meta":{"_acf_changed":false,"footnotes":""},"categories":[28],"tags":[],"class_list":["post-9891","post","type-post","status-publish","format-standard","has-post-thumbnail","hentry","category-seo"],"acf":[],"yoast_head":"<!-- This site is optimized with the Yoast SEO Premium plugin v26.6 (Yoast SEO v27.1.1) - https:\/\/yoast.com\/product\/yoast-seo-premium-wordpress\/ -->\n<title>AYM 2024\/42 Esas - 2024\/95 Karar\u0131n\u0131n Anlam\u0131 ve Etkileri - Av. Deniz Can K\u0131z\u0131l<\/title>\n<meta name=\"robots\" content=\"index, follow, max-snippet:-1, max-image-preview:large, max-video-preview:-1\" \/>\n<link rel=\"canonical\" href=\"http:\/\/denizcankizil.tr\/ru\/seo\/aym-2024-42-esas-2024-95-kararinin-anlami-ve-etkileri\/\" \/>\n<meta property=\"og:locale\" content=\"ru_RU\" \/>\n<meta property=\"og:type\" content=\"article\" \/>\n<meta property=\"og:title\" content=\"AYM 2024\/42 Esas - 2024\/95 Karar\u0131n\u0131n Anlam\u0131 ve Etkileri\" \/>\n<meta property=\"og:description\" content=\"AYM 2024\/42 Esas ve 2024\/95 Kararlar\u0131, anayasa ihlalleri ba\u011flam\u0131nda \u00f6nemli bir d\u00f6n\u00fcm noktas\u0131n\u0131 temsil etmektedir. Bu kararlar, bireysel haklar\u0131n korunmas\u0131nda ve hukukun \u00fcst\u00fcnl\u00fc\u011f\u00fcn\u00fcn g\u00fc\u00e7lendirilmesinde belirleyici etkiler yaratacakt\u0131r.\" \/>\n<meta property=\"og:url\" content=\"http:\/\/denizcankizil.tr\/ru\/seo\/aym-2024-42-esas-2024-95-kararinin-anlami-ve-etkileri\/\" \/>\n<meta property=\"og:site_name\" content=\"Av. Deniz Can K\u0131z\u0131l\" \/>\n<meta property=\"article:published_time\" content=\"2024-10-29T11:27:05+00:00\" \/>\n<meta property=\"og:image\" content=\"http:\/\/denizcankizil.tr\/wp-content\/uploads\/2024\/10\/9891-aym-2024-42-esas-2024-95-kararinin-anlami-ve-etkileri.jpg\" \/>\n\t<meta property=\"og:image:width\" content=\"782\" \/>\n\t<meta property=\"og:image:height\" content=\"504\" \/>\n\t<meta property=\"og:image:type\" content=\"image\/jpeg\" \/>\n<meta name=\"author\" content=\"admin\" \/>\n<meta name=\"twitter:card\" content=\"summary_large_image\" \/>\n<meta name=\"twitter:label1\" content=\"\u041d\u0430\u043f\u0438\u0441\u0430\u043d\u043e \u0430\u0432\u0442\u043e\u0440\u043e\u043c\" \/>\n\t<meta name=\"twitter:data1\" content=\"admin\" \/>\n\t<meta name=\"twitter:label2\" content=\"\u041f\u0440\u0438\u043c\u0435\u0440\u043d\u043e\u0435 \u0432\u0440\u0435\u043c\u044f \u0434\u043b\u044f \u0447\u0442\u0435\u043d\u0438\u044f\" \/>\n\t<meta name=\"twitter:data2\" content=\"8 \u043c\u0438\u043d\u0443\u0442\" \/>\n<script type=\"application\/ld+json\" class=\"yoast-schema-graph\">{\"@context\":\"https:\/\/schema.org\",\"@graph\":[{\"@type\":\"Article\",\"@id\":\"http:\/\/denizcankizil.tr\/ru\/seo\/aym-2024-42-esas-2024-95-kararinin-anlami-ve-etkileri\/#article\",\"isPartOf\":{\"@id\":\"http:\/\/denizcankizil.tr\/ru\/seo\/aym-2024-42-esas-2024-95-kararinin-anlami-ve-etkileri\/\"},\"author\":{\"name\":\"admin\",\"@id\":\"https:\/\/denizcankizil.tr\/#\/schema\/person\/be3c05fe6a12686905512445d8185489\"},\"headline\":\"AYM 2024\/42 Esas &#8211; 2024\/95 Karar\u0131n\u0131n Anlam\u0131 ve Etkileri\",\"datePublished\":\"2024-10-29T11:27:05+00:00\",\"mainEntityOfPage\":{\"@id\":\"http:\/\/denizcankizil.tr\/ru\/seo\/aym-2024-42-esas-2024-95-kararinin-anlami-ve-etkileri\/\"},\"wordCount\":1704,\"commentCount\":0,\"publisher\":{\"@id\":\"https:\/\/denizcankizil.tr\/#organization\"},\"image\":{\"@id\":\"http:\/\/denizcankizil.tr\/ru\/seo\/aym-2024-42-esas-2024-95-kararinin-anlami-ve-etkileri\/#primaryimage\"},\"thumbnailUrl\":\"http:\/\/denizcankizil.tr\/wp-content\/uploads\/2024\/10\/9891-aym-2024-42-esas-2024-95-kararinin-anlami-ve-etkileri.jpg\",\"articleSection\":[\"Seo\"],\"inLanguage\":\"ru-RU\",\"potentialAction\":[{\"@type\":\"CommentAction\",\"name\":\"Comment\",\"target\":[\"http:\/\/denizcankizil.tr\/ru\/seo\/aym-2024-42-esas-2024-95-kararinin-anlami-ve-etkileri\/#respond\"]}]},{\"@type\":\"WebPage\",\"@id\":\"http:\/\/denizcankizil.tr\/ru\/seo\/aym-2024-42-esas-2024-95-kararinin-anlami-ve-etkileri\/\",\"url\":\"http:\/\/denizcankizil.tr\/ru\/seo\/aym-2024-42-esas-2024-95-kararinin-anlami-ve-etkileri\/\",\"name\":\"AYM 2024\/42 Esas - 2024\/95 Karar\u0131n\u0131n Anlam\u0131 ve Etkileri - Av. Deniz Can K\u0131z\u0131l\",\"isPartOf\":{\"@id\":\"https:\/\/denizcankizil.tr\/#website\"},\"primaryImageOfPage\":{\"@id\":\"http:\/\/denizcankizil.tr\/ru\/seo\/aym-2024-42-esas-2024-95-kararinin-anlami-ve-etkileri\/#primaryimage\"},\"image\":{\"@id\":\"http:\/\/denizcankizil.tr\/ru\/seo\/aym-2024-42-esas-2024-95-kararinin-anlami-ve-etkileri\/#primaryimage\"},\"thumbnailUrl\":\"http:\/\/denizcankizil.tr\/wp-content\/uploads\/2024\/10\/9891-aym-2024-42-esas-2024-95-kararinin-anlami-ve-etkileri.jpg\",\"datePublished\":\"2024-10-29T11:27:05+00:00\",\"breadcrumb\":{\"@id\":\"http:\/\/denizcankizil.tr\/ru\/seo\/aym-2024-42-esas-2024-95-kararinin-anlami-ve-etkileri\/#breadcrumb\"},\"inLanguage\":\"ru-RU\",\"potentialAction\":[{\"@type\":\"ReadAction\",\"target\":[\"http:\/\/denizcankizil.tr\/ru\/seo\/aym-2024-42-esas-2024-95-kararinin-anlami-ve-etkileri\/\"]}]},{\"@type\":\"ImageObject\",\"inLanguage\":\"ru-RU\",\"@id\":\"http:\/\/denizcankizil.tr\/ru\/seo\/aym-2024-42-esas-2024-95-kararinin-anlami-ve-etkileri\/#primaryimage\",\"url\":\"http:\/\/denizcankizil.tr\/wp-content\/uploads\/2024\/10\/9891-aym-2024-42-esas-2024-95-kararinin-anlami-ve-etkileri.jpg\",\"contentUrl\":\"http:\/\/denizcankizil.tr\/wp-content\/uploads\/2024\/10\/9891-aym-2024-42-esas-2024-95-kararinin-anlami-ve-etkileri.jpg\",\"width\":782,\"height\":504,\"caption\":\"AYM 2024\/42 Esas &#8211; 2024\/95 Karar\u0131n\u0131n Anlam\u0131 ve Etkileri\"},{\"@type\":\"BreadcrumbList\",\"@id\":\"http:\/\/denizcankizil.tr\/ru\/seo\/aym-2024-42-esas-2024-95-kararinin-anlami-ve-etkileri\/#breadcrumb\",\"itemListElement\":[{\"@type\":\"ListItem\",\"position\":1,\"name\":\"Home\",\"item\":\"https:\/\/denizcankizil.tr\/de\/\"},{\"@type\":\"ListItem\",\"position\":2,\"name\":\"AYM 2024\/42 Esas &#8211; 2024\/95 Karar\u0131n\u0131n Anlam\u0131 ve Etkileri\"}]},{\"@type\":\"WebSite\",\"@id\":\"https:\/\/denizcankizil.tr\/#website\",\"url\":\"https:\/\/denizcankizil.tr\/\",\"name\":\"Av. Deniz Can K\u0131z\u0131l\",\"description\":\"Avukat Deniz Can K\u0131z\u0131l Antalya Barosu\",\"publisher\":{\"@id\":\"https:\/\/denizcankizil.tr\/#organization\"},\"potentialAction\":[{\"@type\":\"SearchAction\",\"target\":{\"@type\":\"EntryPoint\",\"urlTemplate\":\"https:\/\/denizcankizil.tr\/?s={search_term_string}\"},\"query-input\":{\"@type\":\"PropertyValueSpecification\",\"valueRequired\":true,\"valueName\":\"search_term_string\"}}],\"inLanguage\":\"ru-RU\"},{\"@type\":\"Organization\",\"@id\":\"https:\/\/denizcankizil.tr\/#organization\",\"name\":\"Av. Deniz Can K\u0131z\u0131l\",\"url\":\"https:\/\/denizcankizil.tr\/\",\"logo\":{\"@type\":\"ImageObject\",\"inLanguage\":\"ru-RU\",\"@id\":\"https:\/\/denizcankizil.tr\/#\/schema\/logo\/image\/\",\"url\":\"http:\/\/denizcankizil.tr\/wp-content\/uploads\/2024\/10\/siyah-logo-svg.svg\",\"contentUrl\":\"http:\/\/denizcankizil.tr\/wp-content\/uploads\/2024\/10\/siyah-logo-svg.svg\",\"width\":1080,\"height\":1080,\"caption\":\"Av. Deniz Can K\u0131z\u0131l\"},\"image\":{\"@id\":\"https:\/\/denizcankizil.tr\/#\/schema\/logo\/image\/\"}},{\"@type\":\"Person\",\"@id\":\"https:\/\/denizcankizil.tr\/#\/schema\/person\/be3c05fe6a12686905512445d8185489\",\"name\":\"admin\",\"image\":{\"@type\":\"ImageObject\",\"inLanguage\":\"ru-RU\",\"@id\":\"https:\/\/denizcankizil.tr\/#\/schema\/person\/image\/\",\"url\":\"https:\/\/secure.gravatar.com\/avatar\/c1fce94c830dc79107e174f890d7210541c4a63e8e5d816341794a2151c9d58c?s=96&d=mm&r=g\",\"contentUrl\":\"https:\/\/secure.gravatar.com\/avatar\/c1fce94c830dc79107e174f890d7210541c4a63e8e5d816341794a2151c9d58c?s=96&d=mm&r=g\",\"caption\":\"admin\"},\"sameAs\":[\"http:\/\/denizcankizil.tr\"],\"url\":\"http:\/\/denizcankizil.tr\/ru\/author\/admin\/\"}]}<\/script>\n<!-- \/ Yoast SEO Premium plugin. -->","yoast_head_json":{"title":"AYM 2024\/42 Esas - 2024\/95 Karar\u0131n\u0131n Anlam\u0131 ve Etkileri - Av. Deniz Can K\u0131z\u0131l","robots":{"index":"index","follow":"follow","max-snippet":"max-snippet:-1","max-image-preview":"max-image-preview:large","max-video-preview":"max-video-preview:-1"},"canonical":"http:\/\/denizcankizil.tr\/ru\/seo\/aym-2024-42-esas-2024-95-kararinin-anlami-ve-etkileri\/","og_locale":"ru_RU","og_type":"article","og_title":"AYM 2024\/42 Esas - 2024\/95 Karar\u0131n\u0131n Anlam\u0131 ve Etkileri","og_description":"AYM 2024\/42 Esas ve 2024\/95 Kararlar\u0131, anayasa ihlalleri ba\u011flam\u0131nda \u00f6nemli bir d\u00f6n\u00fcm noktas\u0131n\u0131 temsil etmektedir. Bu kararlar, bireysel haklar\u0131n korunmas\u0131nda ve hukukun \u00fcst\u00fcnl\u00fc\u011f\u00fcn\u00fcn g\u00fc\u00e7lendirilmesinde belirleyici etkiler yaratacakt\u0131r.","og_url":"http:\/\/denizcankizil.tr\/ru\/seo\/aym-2024-42-esas-2024-95-kararinin-anlami-ve-etkileri\/","og_site_name":"Av. Deniz Can K\u0131z\u0131l","article_published_time":"2024-10-29T11:27:05+00:00","og_image":[{"width":782,"height":504,"url":"http:\/\/denizcankizil.tr\/wp-content\/uploads\/2024\/10\/9891-aym-2024-42-esas-2024-95-kararinin-anlami-ve-etkileri.jpg","type":"image\/jpeg"}],"author":"admin","twitter_card":"summary_large_image","twitter_misc":{"\u041d\u0430\u043f\u0438\u0441\u0430\u043d\u043e \u0430\u0432\u0442\u043e\u0440\u043e\u043c":"admin","\u041f\u0440\u0438\u043c\u0435\u0440\u043d\u043e\u0435 \u0432\u0440\u0435\u043c\u044f \u0434\u043b\u044f \u0447\u0442\u0435\u043d\u0438\u044f":"8 \u043c\u0438\u043d\u0443\u0442"},"schema":{"@context":"https:\/\/schema.org","@graph":[{"@type":"Article","@id":"http:\/\/denizcankizil.tr\/ru\/seo\/aym-2024-42-esas-2024-95-kararinin-anlami-ve-etkileri\/#article","isPartOf":{"@id":"http:\/\/denizcankizil.tr\/ru\/seo\/aym-2024-42-esas-2024-95-kararinin-anlami-ve-etkileri\/"},"author":{"name":"admin","@id":"https:\/\/denizcankizil.tr\/#\/schema\/person\/be3c05fe6a12686905512445d8185489"},"headline":"AYM 2024\/42 Esas &#8211; 2024\/95 Karar\u0131n\u0131n Anlam\u0131 ve Etkileri","datePublished":"2024-10-29T11:27:05+00:00","mainEntityOfPage":{"@id":"http:\/\/denizcankizil.tr\/ru\/seo\/aym-2024-42-esas-2024-95-kararinin-anlami-ve-etkileri\/"},"wordCount":1704,"commentCount":0,"publisher":{"@id":"https:\/\/denizcankizil.tr\/#organization"},"image":{"@id":"http:\/\/denizcankizil.tr\/ru\/seo\/aym-2024-42-esas-2024-95-kararinin-anlami-ve-etkileri\/#primaryimage"},"thumbnailUrl":"http:\/\/denizcankizil.tr\/wp-content\/uploads\/2024\/10\/9891-aym-2024-42-esas-2024-95-kararinin-anlami-ve-etkileri.jpg","articleSection":["Seo"],"inLanguage":"ru-RU","potentialAction":[{"@type":"CommentAction","name":"Comment","target":["http:\/\/denizcankizil.tr\/ru\/seo\/aym-2024-42-esas-2024-95-kararinin-anlami-ve-etkileri\/#respond"]}]},{"@type":"WebPage","@id":"http:\/\/denizcankizil.tr\/ru\/seo\/aym-2024-42-esas-2024-95-kararinin-anlami-ve-etkileri\/","url":"http:\/\/denizcankizil.tr\/ru\/seo\/aym-2024-42-esas-2024-95-kararinin-anlami-ve-etkileri\/","name":"AYM 2024\/42 Esas - 2024\/95 Karar\u0131n\u0131n Anlam\u0131 ve Etkileri - Av. Deniz Can K\u0131z\u0131l","isPartOf":{"@id":"https:\/\/denizcankizil.tr\/#website"},"primaryImageOfPage":{"@id":"http:\/\/denizcankizil.tr\/ru\/seo\/aym-2024-42-esas-2024-95-kararinin-anlami-ve-etkileri\/#primaryimage"},"image":{"@id":"http:\/\/denizcankizil.tr\/ru\/seo\/aym-2024-42-esas-2024-95-kararinin-anlami-ve-etkileri\/#primaryimage"},"thumbnailUrl":"http:\/\/denizcankizil.tr\/wp-content\/uploads\/2024\/10\/9891-aym-2024-42-esas-2024-95-kararinin-anlami-ve-etkileri.jpg","datePublished":"2024-10-29T11:27:05+00:00","breadcrumb":{"@id":"http:\/\/denizcankizil.tr\/ru\/seo\/aym-2024-42-esas-2024-95-kararinin-anlami-ve-etkileri\/#breadcrumb"},"inLanguage":"ru-RU","potentialAction":[{"@type":"ReadAction","target":["http:\/\/denizcankizil.tr\/ru\/seo\/aym-2024-42-esas-2024-95-kararinin-anlami-ve-etkileri\/"]}]},{"@type":"ImageObject","inLanguage":"ru-RU","@id":"http:\/\/denizcankizil.tr\/ru\/seo\/aym-2024-42-esas-2024-95-kararinin-anlami-ve-etkileri\/#primaryimage","url":"http:\/\/denizcankizil.tr\/wp-content\/uploads\/2024\/10\/9891-aym-2024-42-esas-2024-95-kararinin-anlami-ve-etkileri.jpg","contentUrl":"http:\/\/denizcankizil.tr\/wp-content\/uploads\/2024\/10\/9891-aym-2024-42-esas-2024-95-kararinin-anlami-ve-etkileri.jpg","width":782,"height":504,"caption":"AYM 2024\/42 Esas &#8211; 2024\/95 Karar\u0131n\u0131n Anlam\u0131 ve Etkileri"},{"@type":"BreadcrumbList","@id":"http:\/\/denizcankizil.tr\/ru\/seo\/aym-2024-42-esas-2024-95-kararinin-anlami-ve-etkileri\/#breadcrumb","itemListElement":[{"@type":"ListItem","position":1,"name":"Home","item":"https:\/\/denizcankizil.tr\/de\/"},{"@type":"ListItem","position":2,"name":"AYM 2024\/42 Esas &#8211; 2024\/95 Karar\u0131n\u0131n Anlam\u0131 ve Etkileri"}]},{"@type":"WebSite","@id":"https:\/\/denizcankizil.tr\/#website","url":"https:\/\/denizcankizil.tr\/","name":"Av. Deniz Can K\u0131z\u0131l","description":"Avukat Deniz Can K\u0131z\u0131l Antalya Barosu","publisher":{"@id":"https:\/\/denizcankizil.tr\/#organization"},"potentialAction":[{"@type":"SearchAction","target":{"@type":"EntryPoint","urlTemplate":"https:\/\/denizcankizil.tr\/?s={search_term_string}"},"query-input":{"@type":"PropertyValueSpecification","valueRequired":true,"valueName":"search_term_string"}}],"inLanguage":"ru-RU"},{"@type":"Organization","@id":"https:\/\/denizcankizil.tr\/#organization","name":"Av. Deniz Can K\u0131z\u0131l","url":"https:\/\/denizcankizil.tr\/","logo":{"@type":"ImageObject","inLanguage":"ru-RU","@id":"https:\/\/denizcankizil.tr\/#\/schema\/logo\/image\/","url":"http:\/\/denizcankizil.tr\/wp-content\/uploads\/2024\/10\/siyah-logo-svg.svg","contentUrl":"http:\/\/denizcankizil.tr\/wp-content\/uploads\/2024\/10\/siyah-logo-svg.svg","width":1080,"height":1080,"caption":"Av. Deniz Can K\u0131z\u0131l"},"image":{"@id":"https:\/\/denizcankizil.tr\/#\/schema\/logo\/image\/"}},{"@type":"Person","@id":"https:\/\/denizcankizil.tr\/#\/schema\/person\/be3c05fe6a12686905512445d8185489","name":"\u0430\u0434\u043c\u0438\u043d","image":{"@type":"ImageObject","inLanguage":"ru-RU","@id":"https:\/\/denizcankizil.tr\/#\/schema\/person\/image\/","url":"https:\/\/secure.gravatar.com\/avatar\/c1fce94c830dc79107e174f890d7210541c4a63e8e5d816341794a2151c9d58c?s=96&d=mm&r=g","contentUrl":"https:\/\/secure.gravatar.com\/avatar\/c1fce94c830dc79107e174f890d7210541c4a63e8e5d816341794a2151c9d58c?s=96&d=mm&r=g","caption":"admin"},"sameAs":["http:\/\/denizcankizil.tr"],"url":"http:\/\/denizcankizil.tr\/ru\/author\/admin\/"}]}},"_links":{"self":[{"href":"http:\/\/denizcankizil.tr\/ru\/wp-json\/wp\/v2\/posts\/9891","targetHints":{"allow":["GET"]}}],"collection":[{"href":"http:\/\/denizcankizil.tr\/ru\/wp-json\/wp\/v2\/posts"}],"about":[{"href":"http:\/\/denizcankizil.tr\/ru\/wp-json\/wp\/v2\/types\/post"}],"author":[{"embeddable":true,"href":"http:\/\/denizcankizil.tr\/ru\/wp-json\/wp\/v2\/users\/1"}],"replies":[{"embeddable":true,"href":"http:\/\/denizcankizil.tr\/ru\/wp-json\/wp\/v2\/comments?post=9891"}],"version-history":[{"count":0,"href":"http:\/\/denizcankizil.tr\/ru\/wp-json\/wp\/v2\/posts\/9891\/revisions"}],"wp:featuredmedia":[{"embeddable":true,"href":"http:\/\/denizcankizil.tr\/ru\/wp-json\/wp\/v2\/media\/9892"}],"wp:attachment":[{"href":"http:\/\/denizcankizil.tr\/ru\/wp-json\/wp\/v2\/media?parent=9891"}],"wp:term":[{"taxonomy":"category","embeddable":true,"href":"http:\/\/denizcankizil.tr\/ru\/wp-json\/wp\/v2\/categories?post=9891"},{"taxonomy":"post_tag","embeddable":true,"href":"http:\/\/denizcankizil.tr\/ru\/wp-json\/wp\/v2\/tags?post=9891"}],"curies":[{"name":"wp","href":"https:\/\/api.w.org\/{rel}","templated":true}]}}